{"id":212048,"date":"2023-03-06T10:57:36","date_gmt":"2023-03-06T15:57:36","guid":{"rendered":"https:\/\/insightcrime.org\/?p=212048"},"modified":"2024-07-31T11:33:50","modified_gmt":"2024-07-31T16:33:50","slug":"asesinato-lider-gaitanista-refleja-divisiones-paz-total-colombia","status":"publish","type":"post","link":"https:\/\/insightcrime.org\/es\/noticias\/asesinato-lider-gaitanista-refleja-divisiones-paz-total-colombia\/","title":{"rendered":"Asesinato de l\u00edder gaitanista refleja divisiones internas frente a la Paz Total en Colombia"},"content":{"rendered":"\n<p class=\"wp-block-paragraph\">El asesinato de un alto mando de las Autodefensas Gaitanistas de Colombia (<a href=\"https:\/\/es.insightcrime.org\/noticias-crimen-organizado-colombia\/urabenos-perfil\/\" target=\"_blank\" rel=\"noreferrer noopener\">AGC<\/a>) a manos de sus propios hombres revela la discordia dentro de la organizaci\u00f3n criminal mientras se prepara para negociar con el gobierno colombiano como parte de la estrategia \u00abPaz Total\u00bb.<\/p>\n\n\n\n<p class=\"wp-block-paragraph\">Wilmer Antonio Giraldo Quiroz, alias \u00abSiopas\u00bb, miembro de la c\u00fapula de las AGC, tambi\u00e9n conocidos como los Urabe\u00f1os, fue encontrado muerto el 1 de marzo en una carretera del municipio de Dabeiba, al occidente de Antioquia, seg\u00fan <a href=\"https:\/\/twitter.com\/PoliciaUraba\/status\/1631062303612305408\" target=\"_blank\" rel=\"noreferrer noopener\">inform\u00f3<\/a> la Polic\u00eda Nacional. Su cuerpo fue arrojado desde un carro en movimiento a la v\u00eda. <\/p>\n\n\n\n<p class=\"wp-block-paragraph\">Desde mediados de febrero, las autoridades colombianas buscaban confirmar la muerte de Giraldo, luego de que en comunicaciones interceptadas a su familia se alertara sobre el desconocimiento de su paradero.<\/p>\n\n\n\n<p class=\"wp-block-paragraph\">Se cree que Siopas fue asesinado luego de ser citado por Jobanis de Jes\u00fas \u00c1vila Villadiego, alias \u00ab<a href=\"https:\/\/es.insightcrime.org\/noticias-crimen-organizado-colombia\/jobanis-de-jesus-avila-villadiego-alias-chiquito-malo\/#:~:text=Jobanis%20de%20Jes%C3%BAs%20%C3%81vila%20Villadiego%2C%20alias%20'Chiquito%20Malo'%2C,'%2C%20en%20octubre%20de%202021.\">Chiquito Malo<\/a>\u00ab, m\u00e1ximo l\u00edder de las AGC, a una reuni\u00f3n en la selva del Choc\u00f3.<\/p>\n\n\n\n<blockquote class=\"wp-block-quote is-layout-flow wp-block-quote-is-layout-flow\">\n<p class=\"wp-block-paragraph\"><strong><mark style=\"background-color:rgba(0, 0, 0, 0)\" class=\"has-inline-color has-vivid-red-color\">VEA TAMBI\u00c9N:<\/mark><\/strong> <a href=\"https:\/\/es.insightcrime.org\/noticias\/los-urabenos-atomizacion-crimen-grupo-unido\/\" target=\"_blank\" rel=\"noreferrer noopener\">Los Gaitanistas: \u00bfla atomizaci\u00f3n del crimen o un grupo unido?<\/a><\/p>\n<\/blockquote>\n\n\n\n<p class=\"wp-block-paragraph\">Entre los motivos detr\u00e1s de la muerte de Siopas parece estar su intenci\u00f3n de formar un grupo criminal independiente con injerencia al norte de Antioquia. La ruptura tendr\u00eda lugar mientras los gaitanistas y el gobierno de Colombia avanzan hacia el di\u00e1logo como parte de \u00ab<a href=\"https:\/\/es.insightcrime.org\/noticias\/arriesgada-apuesta-colombia-paz-total\/\" target=\"_blank\" rel=\"noreferrer noopener\">Paz Total<\/a>\u00ab, una iniciativa para el desarme de muchos de los grupos armados de Colombia.<\/p>\n\n\n\n<p class=\"wp-block-paragraph\">El asesinato de Siopas parece no ser el \u00fanico motivado por el plan disidente al interior de las AGC. El 28 de febrero en Galeras, Sucre, al norte de Colombia, fue encontrado el cuerpo de Omar Noguera Camacho, alias \u201cBoyaco\u201d. Camacho, un alto mando financiero de las AGC, fue asesinado, aparentemente, por apoyar el plan de Siopas.<\/p>\n\n\n\n<h2 class=\"wp-block-heading\" id=\"h-analisis-de-insight-crime\">An\u00e1lisis de InSight Crime<\/h2>\n\n\n\n<p class=\"wp-block-paragraph\">Los recientes asesinatos dentro de la c\u00fapula de las AGC env\u00edan un mensaje claro a las filas: el grupo llegar\u00e1 unido a las negociaciones de sometimiento con el gobierno, y qui\u00e9n contradiga esta orden pagar\u00e1 las consecuencias.<\/p>\n\n\n\n<p class=\"wp-block-paragraph\">Las rivalidades entre alias Siopas y Chiquito Malo no son una sorpresa. Desde octubre de 2021, tras la captura y extradici\u00f3n de Dairo Antonio \u00dasuga, alias \u00ab<a href=\"https:\/\/es.insightcrime.org\/noticias-crimen-organizado-colombia\/dairo-antonio-usuga-alias-otoniel\/\" target=\"_blank\" rel=\"noreferrer noopener\">Otoniel<\/a>\u00ab, m\u00e1ximo l\u00edder de las AGC, hasta la muerte de Siopas, ambos hombres compet\u00edan por el poder al interior del grupo, seg\u00fan <a href=\"https:\/\/www.elespectador.com\/judicial\/hay-disputas-en-el-clan-del-golfo-entre-siopas-y-chiquito-malo-director-de-la-policia-general-vargas\/\" target=\"_blank\" rel=\"noreferrer noopener\">dijo<\/a> el General Jorge Luis Vargas, director de la Polic\u00eda de Colombia, al medio El Espectador <\/p>\n\n\n\n<blockquote class=\"wp-block-quote is-layout-flow wp-block-quote-is-layout-flow\">\n<p class=\"wp-block-paragraph\"><strong><mark style=\"background-color:rgba(0, 0, 0, 0)\" class=\"has-inline-color has-vivid-red-color\">VEA TAMBI\u00c9N:<\/mark><\/strong> <a href=\"https:\/\/es.insightcrime.org\/noticias\/urabenos-y-otros-grupos-criminales-buscan-paz-con-gobierno-colombiano\/\" target=\"_blank\" rel=\"noreferrer noopener\">Urabe\u00f1os y otros grupos criminales buscan paz con gobierno colombiano<\/a><\/p>\n<\/blockquote>\n\n\n\n<p class=\"wp-block-paragraph\">Sin embargo, las fracturas se intensificaron una vez el grupo expres\u00f3 su voluntad de paz en el marco de los procesos de sometimiento del gobierno colombiano. Siopas fue el \u00fanico miembro de la c\u00fapula de anta\u00f1o de las AGC que no fue incluido como vocero del grupo frente al gobierno.<\/p>\n\n\n\n<p class=\"wp-block-paragraph\">El plan disidente de \u2018Siopas\u2019 signific\u00f3 una amenaza directa para los intereses de las AGC, quienes han buscado <a href=\"https:\/\/es.insightcrime.org\/noticias\/urabenos-y-otros-grupos-criminales-buscan-paz-con-gobierno-colombiano\/\" target=\"_blank\" rel=\"noreferrer noopener\">mostrarse<\/a> fuertes interna y externamente de cara al proceso con el gobierno colombiano.&nbsp; <\/p>\n\n\n\n<p class=\"wp-block-paragraph\">\u201cLo que vemos es una organizaci\u00f3n armada que est\u00e1 tratando de alinear a sus liderazgos en torno al eventual proceso de sometimiento a la justicia, para evitar hechos que contradigan o pongan en duda su voluntad de sometimiento o negociaci\u00f3n\u201d, coment\u00f3 a InSight Crime Luis Fernando Trejos, profesor de la Universidad del Norte.<\/p>\n\n\n\n<p class=\"wp-block-paragraph\">\u201cLa muerte de \u2018Siopas\u2019 no es un mensaje al gobierno o a las comunidades, es un mensaje a aquellos que simpatizaban con la idea de \u2018Siopas\u2019\u201d, mencion\u00f3 Trejos.<\/p>\n","protected":false},"excerpt":{"rendered":"<p>El asesinato de un alto mando de las Autodefensas Gaitanistas de Colombia (AGC) a manos de sus propios hombres revela la discordia dentro de la organizaci\u00f3n criminal mientras se prepara para negociar con el gobierno colombiano como parte de la estrategia \u00abPaz Total\u00bb.<\/p>\n","protected":false},"author":203,"featured_media":212058,"comment_status":"closed","ping_status":"closed","sticky":false,"template":"","format":"standard","meta":{"newspack_ads_suppress_ads":false,"newspack_popups_has_disabled_popups":false,"newspack_sponsor_sponsorship_scope":"","newspack_sponsor_native_byline_display":"inherit","newspack_sponsor_native_category_display":"inherit","newspack_sponsor_underwriter_style":"inherit","newspack_sponsor_underwriter_placement":"inherit","_EventAllDay":false,"_EventTimezone":"","_EventStartDate":"","_EventEndDate":"","_EventStartDateUTC":"","_EventEndDateUTC":"","_EventShowMap":false,"_EventShowMapLink":false,"_EventURL":"","_EventCost":"","_EventCostDescription":"","_EventCurrencySymbol":"","_EventCurrencyCode":"","_EventCurrencyPosition":"","_EventDateTimeSeparator":"","_EventTimeRangeSeparator":"","_EventOrganizerID":[],"_EventVenueID":[],"_OrganizerEmail":"","_OrganizerPhone":"","_OrganizerWebsite":"","_VenueAddress":"","_VenueCity":"","_VenueCountry":"","_VenueProvince":"","_VenueState":"","_VenueZip":"","_VenuePhone":"","_VenueURL":"","_VenueStateProvince":"","_VenueLat":"","_VenueLng":"","_VenueShowMap":false,"_VenueShowMapLink":false,"_newspack_byline_active":false,"_newspack_byline":"","newspack_hide_updated_date":false,"newspack_show_updated_date":false,"newspack_featured_image_position":"","newspack_post_subtitle":"","newspack_article_summary_title":"Overview:","newspack_article_summary":"","_jetpack_memberships_contains_paid_content":false,"footnotes":""},"categories":[759],"tags":[368,2927,452,438,4565],"newspack_spnsrs_tax":[],"coauthors":[4249],"class_list":["post-212048","post","type-post","status-publish","format-standard","has-post-thumbnail","hentry","category-noticias","tag-colombia-pais","tag-gaitanistas","tag-homicidios","tag-politicas-de-seguridad","tag-series-paz-total","entry"],"parsely":{"version":"1.1.0","canonical_url":"https:\/\/insightcrime.org\/es\/noticias\/asesinato-lider-gaitanista-refleja-divisiones-paz-total-colombia\/","smart_links":{"inbound":0,"outbound":0},"traffic_boost_suggestions_count":0,"meta":{"@context":"https:\/\/schema.org","@type":"NewsArticle","headline":"Asesinato de l\u00edder gaitanista refleja divisiones internas frente a la Paz Total en Colombia","url":"http:\/\/insightcrime.org\/es\/noticias\/asesinato-lider-gaitanista-refleja-divisiones-paz-total-colombia\/","mainEntityOfPage":{"@type":"WebPage","@id":"http:\/\/insightcrime.org\/es\/noticias\/asesinato-lider-gaitanista-refleja-divisiones-paz-total-colombia\/"},"thumbnailUrl":"https:\/\/i0.wp.com\/insightcrime.org\/wp-content\/uploads\/2023\/03\/siopas-jpg-resized-e1678119794306.jpeg?resize=150%2C150&quality=100&ssl=1","image":{"@type":"ImageObject","url":"https:\/\/i0.wp.com\/insightcrime.org\/wp-content\/uploads\/2023\/03\/siopas-jpg-resized-e1678119794306.jpeg?fit=350%2C250&quality=100&ssl=1"},"articleSection":"Noticias","author":[{"@type":"Person","name":"Sara Garcia"}],"creator":["Sara Garcia"],"publisher":{"@type":"Organization","name":"InSight Crime","logo":"https:\/\/insightcrime.org\/wp-content\/uploads\/2023\/08\/logo.png"},"keywords":["colombia","gaitanistas","homicidios","pol\u00edticas de seguridad","series: paz total"],"dateCreated":"2023-03-06T15:57:36Z","datePublished":"2023-03-06T15:57:36Z","dateModified":"2024-07-31T16:33:50Z"},"rendered":"<meta name=\"parsely-title\" content=\"Asesinato de l\u00edder gaitanista refleja divisiones internas frente a la Paz Total en Colombia\" \/>\n<meta name=\"parsely-link\" content=\"http:\/\/insightcrime.org\/es\/noticias\/asesinato-lider-gaitanista-refleja-divisiones-paz-total-colombia\/\" \/>\n<meta name=\"parsely-type\" content=\"post\" \/>\n<meta name=\"parsely-image-url\" content=\"https:\/\/i0.wp.com\/insightcrime.org\/wp-content\/uploads\/2023\/03\/siopas-jpg-resized-e1678119794306.jpeg?resize=150%2C150&amp;quality=100&amp;ssl=1\" \/>\n<meta name=\"parsely-pub-date\" content=\"2023-03-06T15:57:36Z\" \/>\n<meta name=\"parsely-section\" content=\"Noticias\" \/>\n<meta name=\"parsely-tags\" content=\"colombia,gaitanistas,homicidios,pol\u00edticas de seguridad,series: paz total\" \/>\n<meta name=\"parsely-author\" content=\"Sara Garcia\" \/>","tracker_url":"https:\/\/cdn.parsely.com\/keys\/insightcrime.org\/p.js"},"jetpack_sharing_enabled":true,"jetpack-related-posts":[{"id":213190,"url":"https:\/\/insightcrime.org\/es\/noticias\/paz-total-colombia-tropieza-gaitanistas\/","url_meta":{"origin":212048,"position":0},"title":"La Paz Total en Colombia tropieza con la violencia de los Gaitanistas","author":"Javier Lizcano Villalba","date":"24 de marzo de 2023","format":false,"excerpt":"Los recientes ataques por parte de segmentos de las AGC a las fuerzas de seguridad colombianas generan dudas sobre las posturas dentro de la organizaci\u00f3n y la capacidad de sus l\u00edderes para controlar y desmovilizar el grupo.","rel":"","context":"En \u00abNoticias\u00bb","block_context":{"text":"Noticias","link":"https:\/\/insightcrime.org\/es\/category\/noticias\/"},"img":{"alt_text":"Gustavo Petro camina con su esquema de seguridad mientras asiste a una reuni\u00f3n de seguridad","src":"https:\/\/i0.wp.com\/insightcrime.org\/wp-content\/uploads\/2023\/03\/Petro-AGC.jpg?fit=350%2C250&quality=100&ssl=1&resize=350%2C200","width":350,"height":200},"classes":[]},{"id":286738,"url":"https:\/\/insightcrime.org\/es\/noticias\/gobierno-colombiano-luz-verde-dialogos-paz-agc\/","url_meta":{"origin":212048,"position":1},"title":"Gobierno colombiano anuncia di\u00e1logos de paz con las AGC","author":"Lara Loaiza","date":"7 de agosto de 2024","format":false,"excerpt":"En una medida que podr\u00eda transformar por completo el panorama criminal de Colombia, el gobierno colombiano ha anunciado que entrar\u00e1 a negociar con uno de los grupos criminales m\u00e1s poderosos del pa\u00eds, Los Gaitanistas, tambi\u00e9n conocidos como el Clan del Golfo.","rel":"","context":"En \u00abNoticias\u00bb","block_context":{"text":"Noticias","link":"https:\/\/insightcrime.org\/es\/category\/noticias\/"},"img":{"alt_text":"Soldier walks in front of building graffiti reading \"AGC\" Soldado camina en frente de un edificio con las marcas \"AGC\"","src":"https:\/\/i0.wp.com\/insightcrime.org\/wp-content\/uploads\/2024\/08\/24-07-06-Colombia-AGC-Peace-Dialogued-El-Pais11.jpg?fit=350%2C250&quality=100&ssl=1&resize=350%2C200","width":350,"height":200},"classes":[]},{"id":316596,"url":"https:\/\/insightcrime.org\/es\/noticias\/series-anuales\/insights-del-verano-2025-chiquito-malo-comandante-confederacion-criminal-autodefensas-gaitanistas-colombia\/","url_meta":{"origin":212048,"position":2},"title":"Chiquito Malo: el comandante de la confederaci\u00f3n criminal de las Autodefensas Gaitanistas de Colombia","author":"InSight Crime","date":"21 de agosto de 2025","format":false,"excerpt":"\u00bfQui\u00e9n es Chiquito Malo? El m\u00e1ximo comandante de los Gaitanistas, una de las estructuras criminales m\u00e1s grandes de Colombia, con presencia en m\u00e1s de la mitad de los departamentos del pa\u00eds. Un cerebro criminal, que ha dirigido la guerra de los Gaitanistas contra los grupos armados colombianos y ha gestionado\u2026","rel":"","context":"En \u00abNoticias\u00bb","block_context":{"text":"Noticias","link":"https:\/\/insightcrime.org\/es\/category\/noticias\/"},"img":{"alt_text":"","src":"https:\/\/i0.wp.com\/insightcrime.org\/wp-content\/uploads\/2025\/08\/Cover-Chiquito-maloESP-Summer-InSights-2025.jpg?fit=1200%2C690&quality=100&ssl=1&resize=350%2C200","width":350,"height":200,"srcset":"https:\/\/i0.wp.com\/insightcrime.org\/wp-content\/uploads\/2025\/08\/Cover-Chiquito-maloESP-Summer-InSights-2025.jpg?fit=1200%2C690&quality=100&ssl=1&resize=350%2C200 1x, https:\/\/i0.wp.com\/insightcrime.org\/wp-content\/uploads\/2025\/08\/Cover-Chiquito-maloESP-Summer-InSights-2025.jpg?fit=1200%2C690&quality=100&ssl=1&resize=525%2C300 1.5x, https:\/\/i0.wp.com\/insightcrime.org\/wp-content\/uploads\/2025\/08\/Cover-Chiquito-maloESP-Summer-InSights-2025.jpg?fit=1200%2C690&quality=100&ssl=1&resize=700%2C400 2x, https:\/\/i0.wp.com\/insightcrime.org\/wp-content\/uploads\/2025\/08\/Cover-Chiquito-maloESP-Summer-InSights-2025.jpg?fit=1200%2C690&quality=100&ssl=1&resize=1050%2C600 3x"},"classes":[]},{"id":294652,"url":"https:\/\/insightcrime.org\/es\/noticias\/papel-agc-fragiles-negociaciones-colombia\/","url_meta":{"origin":212048,"position":3},"title":"\u00bfJuego de poder o paz? El papel de AGC en las fr\u00e1giles negociaciones de Colombia","author":"Liza Schmidt","date":"16 de octubre de 2024","format":false,"excerpt":"La fortaleza de las AGC, el poderoso grupo criminal colombiano, ser\u00e1 un reto significativo para las incipientes conversaciones de paz, seg\u00fan un nuevo reporte, generando preocupaciones sobre la falta de inter\u00e9s genuino del grupo por la paz y su posible consolidaci\u00f3n criminal.\u00a0","rel":"","context":"En \u00abNoticias\u00bb","block_context":{"text":"Noticias","link":"https:\/\/insightcrime.org\/es\/category\/noticias\/"},"img":{"alt_text":"","src":"https:\/\/i0.wp.com\/insightcrime.org\/wp-content\/uploads\/2024\/10\/Feature-image-ACG-Colombia-Oct-2024.jpg?fit=1200%2C690&quality=100&ssl=1&resize=350%2C200","width":350,"height":200,"srcset":"https:\/\/i0.wp.com\/insightcrime.org\/wp-content\/uploads\/2024\/10\/Feature-image-ACG-Colombia-Oct-2024.jpg?fit=1200%2C690&quality=100&ssl=1&resize=350%2C200 1x, https:\/\/i0.wp.com\/insightcrime.org\/wp-content\/uploads\/2024\/10\/Feature-image-ACG-Colombia-Oct-2024.jpg?fit=1200%2C690&quality=100&ssl=1&resize=525%2C300 1.5x, https:\/\/i0.wp.com\/insightcrime.org\/wp-content\/uploads\/2024\/10\/Feature-image-ACG-Colombia-Oct-2024.jpg?fit=1200%2C690&quality=100&ssl=1&resize=700%2C400 2x, https:\/\/i0.wp.com\/insightcrime.org\/wp-content\/uploads\/2024\/10\/Feature-image-ACG-Colombia-Oct-2024.jpg?fit=1200%2C690&quality=100&ssl=1&resize=1050%2C600 3x"},"classes":[]},{"id":341834,"url":"https:\/\/insightcrime.org\/es\/noticias\/on-the-radar-brasil-endurece-ofensiva-detencion-honduras-reves-paz-total-colombia\/","url_meta":{"origin":212048,"position":4},"title":"On the Radar: Brasil endurece su ofensiva, detenci\u00f3n en Honduras y rev\u00e9s a la Paz Total en Colombia","author":"Creusa Mu\u00f1oz","date":"14 de mayo de 2026","format":false,"excerpt":"Brasil anuncia una ofensiva multimillonaria contra el crimen, Honduras arresta a un exalcalde y, en Colombia, un nuevo rev\u00e9s para la Paz Total.","rel":"","context":"En \u00abNoticias\u00bb","block_context":{"text":"Noticias","link":"https:\/\/insightcrime.org\/es\/category\/noticias\/"},"img":{"alt_text":"","src":"https:\/\/i0.wp.com\/insightcrime.org\/wp-content\/uploads\/2026\/05\/Mayo-OTR-template-featured-image-website-2026-1-1.jpg?fit=1200%2C675&quality=100&ssl=1&resize=350%2C200","width":350,"height":200,"srcset":"https:\/\/i0.wp.com\/insightcrime.org\/wp-content\/uploads\/2026\/05\/Mayo-OTR-template-featured-image-website-2026-1-1.jpg?fit=1200%2C675&quality=100&ssl=1&resize=350%2C200 1x, https:\/\/i0.wp.com\/insightcrime.org\/wp-content\/uploads\/2026\/05\/Mayo-OTR-template-featured-image-website-2026-1-1.jpg?fit=1200%2C675&quality=100&ssl=1&resize=525%2C300 1.5x, https:\/\/i0.wp.com\/insightcrime.org\/wp-content\/uploads\/2026\/05\/Mayo-OTR-template-featured-image-website-2026-1-1.jpg?fit=1200%2C675&quality=100&ssl=1&resize=700%2C400 2x, https:\/\/i0.wp.com\/insightcrime.org\/wp-content\/uploads\/2026\/05\/Mayo-OTR-template-featured-image-website-2026-1-1.jpg?fit=1200%2C675&quality=100&ssl=1&resize=1050%2C600 3x"},"classes":[]},{"id":169190,"url":"https:\/\/insightcrime.org\/es\/noticias-crimen-organizado-colombia\/los-pachenca\/","url_meta":{"origin":212048,"position":5},"title":"Autodefensas Conquistadoras de la Sierra Nevada (ACSN)","author":"InSight Crime","date":"6 de agosto de 2026","format":false,"excerpt":"Autodefensas Conquistadoras de la Sierra Nevada (ACSN): historia, l\u00edderes, zonas de operaci\u00f3n y actividades criminales. Perfil actualizado de 2026.","rel":"","context":"En \u00abColombia\u00bb","block_context":{"text":"Colombia","link":"https:\/\/insightcrime.org\/es\/category\/noticias-crimen-organizado-colombia\/"},"img":{"alt_text":"Grupo Cirminal de las Autodefensas Conquistadoras de la Sierra Nevada (ACSN), Colombia.","src":"https:\/\/i0.wp.com\/insightcrime.org\/wp-content\/uploads\/2026\/07\/Grupo-Criminal-Autodefensas-Conquistadoras-de-la-Sierra-Nevada-Colombia.jpg?fit=1200%2C900&quality=100&ssl=1&resize=350%2C200","width":350,"height":200,"srcset":"https:\/\/i0.wp.com\/insightcrime.org\/wp-content\/uploads\/2026\/07\/Grupo-Criminal-Autodefensas-Conquistadoras-de-la-Sierra-Nevada-Colombia.jpg?fit=1200%2C900&quality=100&ssl=1&resize=350%2C200 1x, https:\/\/i0.wp.com\/insightcrime.org\/wp-content\/uploads\/2026\/07\/Grupo-Criminal-Autodefensas-Conquistadoras-de-la-Sierra-Nevada-Colombia.jpg?fit=1200%2C900&quality=100&ssl=1&resize=525%2C300 1.5x, https:\/\/i0.wp.com\/insightcrime.org\/wp-content\/uploads\/2026\/07\/Grupo-Criminal-Autodefensas-Conquistadoras-de-la-Sierra-Nevada-Colombia.jpg?fit=1200%2C900&quality=100&ssl=1&resize=700%2C400 2x, https:\/\/i0.wp.com\/insightcrime.org\/wp-content\/uploads\/2026\/07\/Grupo-Criminal-Autodefensas-Conquistadoras-de-la-Sierra-Nevada-Colombia.jpg?fit=1200%2C900&quality=100&ssl=1&resize=1050%2C600 3x"},"classes":[]}],"jetpack_featured_media_url":"https:\/\/i0.wp.com\/insightcrime.org\/wp-content\/uploads\/2023\/03\/siopas-jpg-resized-e1678119794306.jpeg?fit=350%2C250&quality=100&ssl=1","_links":{"self":[{"href":"https:\/\/insightcrime.org\/es\/wp-json\/wp\/v2\/posts\/212048","targetHints":{"allow":["GET"]}}],"collection":[{"href":"https:\/\/insightcrime.org\/es\/wp-json\/wp\/v2\/posts"}],"about":[{"href":"https:\/\/insightcrime.org\/es\/wp-json\/wp\/v2\/types\/post"}],"author":[{"embeddable":true,"href":"https:\/\/insightcrime.org\/es\/wp-json\/wp\/v2\/users\/203"}],"replies":[{"embeddable":true,"href":"https:\/\/insightcrime.org\/es\/wp-json\/wp\/v2\/comments?post=212048"}],"version-history":[{"count":5,"href":"https:\/\/insightcrime.org\/es\/wp-json\/wp\/v2\/posts\/212048\/revisions"}],"predecessor-version":[{"id":212067,"href":"https:\/\/insightcrime.org\/es\/wp-json\/wp\/v2\/posts\/212048\/revisions\/212067"}],"wp:featuredmedia":[{"embeddable":true,"href":"https:\/\/insightcrime.org\/es\/wp-json\/wp\/v2\/media\/212058"}],"wp:attachment":[{"href":"https:\/\/insightcrime.org\/es\/wp-json\/wp\/v2\/media?parent=212048"}],"wp:term":[{"taxonomy":"category","embeddable":true,"href":"https:\/\/insightcrime.org\/es\/wp-json\/wp\/v2\/categories?post=212048"},{"taxonomy":"post_tag","embeddable":true,"href":"https:\/\/insightcrime.org\/es\/wp-json\/wp\/v2\/tags?post=212048"},{"taxonomy":"newspack_spnsrs_tax","embeddable":true,"href":"https:\/\/insightcrime.org\/es\/wp-json\/wp\/v2\/newspack_spnsrs_tax?post=212048"},{"taxonomy":"author","embeddable":true,"href":"https:\/\/insightcrime.org\/es\/wp-json\/wp\/v2\/coauthors?post=212048"}],"curies":[{"name":"wp","href":"https:\/\/api.w.org\/{rel}","templated":true}]}}