{"id":213718,"date":"2023-04-05T10:05:29","date_gmt":"2023-04-05T15:05:29","guid":{"rendered":"https:\/\/insightcrime.org\/?p=213718"},"modified":"2023-04-05T10:05:30","modified_gmt":"2023-04-05T15:05:30","slug":"considerar-terroristas-grupos-criminales-mexico-ayudara-combatirlos","status":"publish","type":"post","link":"https:\/\/insightcrime.org\/es\/noticias\/considerar-terroristas-grupos-criminales-mexico-ayudara-combatirlos\/","title":{"rendered":"\u00bfConsiderar terroristas a los grupos criminales de M\u00e9xico ayudar\u00e1 a combatirlos?"},"content":{"rendered":"\n<p class=\"wp-block-paragraph\">Los funcionarios estadounidenses est\u00e1n considerando denominar a las organizaciones narcotraficantes mexicanas como grupos terroristas, lo cual llevar\u00eda a una err\u00f3nea caracterizaci\u00f3n de esta amenaza a la seguridad y llevar\u00eda al uso de estrategias incorrectas para hacer frente al problema.<\/p>\n\n\n\n<p class=\"wp-block-paragraph\">En un testimonio reciente ante comit\u00e9s del Senado de Estados Unidos, tanto el secretario de Estado <a href=\"https:\/\/www.c-span.org\/video\/?526764-1\/state-department-fiscal-year-2024-budget-request\" target=\"_blank\" rel=\"noreferrer noopener\">Antony Blinken<\/a> como el fiscal general <a href=\"https:\/\/www.c-span.org\/video\/?526249-1\/lawmakers-press-ag-justice-departments-response-fentanyl-crisis\" target=\"_blank\" rel=\"noreferrer noopener\">Merrick Garland<\/a> afirmaron que considerar\u00edan denominar a los grupos criminales mexicanos como Organizaciones Terroristas Extranjeras (OTE). Esto ocurri\u00f3 cuando respond\u00edan a las preguntas del senador Lindsey Graham, quien m\u00e1s tarde present\u00f3 un proyecto de ley para designar a las principales organizaciones criminales de M\u00e9xico como OTE.<\/p>\n\n\n\n<p class=\"wp-block-paragraph\">Las propuestas para designar a los grupos criminales mexicanos como OTE se presentan en un momento en el que el fentanilo traficado por estas organizaciones est\u00e1 contribuyendo a la crisis de consumo de drogas y muertes por sobredosis en Estados Unidos.<\/p>\n\n\n\n<p class=\"wp-block-paragraph\">\u201cEs una terrible epidemia, la cual ha sido desatada a prop\u00f3sito por el Cartel de Sinaloa y el Cartel de Jalisco Nueva Generaci\u00f3n\u201d, dijo Garland ante el Comit\u00e9 Judicial del Senado.<\/p>\n\n\n\n<p class=\"wp-block-paragraph\">Quienes defienden dicha propuesta afirman que ello permitir\u00eda reforzar las respuestas de los organismos de seguridad estadounidenses frente al crimen organizado de M\u00e9xico, as\u00ed como aplicar sanciones y penas criminales m\u00e1s duras. Pero la propia Casa Blanca ha cuestionado esa premisa.<\/p>\n\n\n\n<p class=\"wp-block-paragraph\">\u201cConsiderar a estos carteles como organizaciones terroristas extranjeras no nos otorgar\u00eda ninguna autoridad adicional a las que ya tenemos\u201d, dijo un portavoz del Consejo de Seguridad Nacional en comunicaci\u00f3n con InSight Crime.<\/p>\n\n\n\n<h2 class=\"wp-block-heading\">\u00bfEs m\u00e1s efectivo?<\/h2>\n\n\n\n<p class=\"wp-block-paragraph\">El hecho de no considerar a los grupos criminales como OTE no ha impedido que los organismos de seguridad de Estados Unidos lleven a cabo investigaciones en torno a dichos grupos o a que se les enjuicie por cargos relacionados con el terrorismo. Aunque la pandilla centroamericana Mara Salvatrucha (<a href=\"https:\/\/es.insightcrime.org\/noticias-crimen-organizado-el-salvador\/mara-salvatrucha-ms-13-perfil\/\" target=\"_blank\" rel=\"noreferrer noopener\">MS13<\/a>) no ha sido considerada como una OTE por Estados Unidos, los fiscales de dicho pa\u00eds <a href=\"https:\/\/insightcrime.org\/es\/noticias\/analisis\/ee-uu-acuso-terrorismo-cabecillas-ms13\/\" target=\"_blank\" rel=\"noreferrer noopener\">han levantado <\/a><a href=\"https:\/\/es.insightcrime.org\/noticias\/analisis\/ee-uu-acuso-terrorismo-cabecillas-ms13\/\" target=\"_blank\" rel=\"noreferrer noopener\">cargos<\/a> de terrorismo contra presuntos pandilleros.<\/p>\n\n\n\n<blockquote class=\"wp-block-quote is-layout-flow wp-block-quote-is-layout-flow\">\n<p class=\"wp-block-paragraph\"><strong><mark style=\"background-color:rgba(0, 0, 0, 0)\" class=\"has-inline-color has-vivid-red-color\">VEA TAMBI\u00c9N:<\/mark><\/strong> <mark style=\"background-color:rgba(0, 0, 0, 0)\" class=\"has-inline-color has-luminous-vivid-amber-color\"><a href=\"https:\/\/es.insightcrime.org\/noticias\/analisis\/ee-uu-acuso-terrorismo-cabecillas-ms13\/\" target=\"_blank\" rel=\"noreferrer noopener\">6 razones por las que Estados Unidos acus\u00f3 de terrorismo a l\u00edderes de la MS13<\/a> <\/mark><\/p>\n<\/blockquote>\n\n\n\n<p class=\"wp-block-paragraph\">Es posible que designar a dichas organizaciones como OTE no fortalezca las respuestas de los organismos de seguridad estadounidenses frente al crimen organizado mexicano, pero podr\u00eda tener un impacto mucho mayor, pues permitir\u00eda una acci\u00f3n militar de Estados Unidos contra dichos grupos.<\/p>\n\n\n\n<p class=\"wp-block-paragraph\">El senador Graham propuso <a href=\"https:\/\/www.c-span.org\/video\/?526562-1\/senator-graham-pushes-bill-designating-mexican-drug-cartels-foreign-terrorists\" target=\"_blank\" rel=\"noreferrer noopener\">atacar con drones<\/a> los laboratorios de drogas en territorio mexicano, afirmando que \u201cvamos a desatar la furia y el poder de Estados Unidos contra estos carteles\u201d. Esto se asemeja a las posturas de otros legisladores, tanto actuales como anteriores, que han propuesto dar el paso hacia una respuesta m\u00e1s militarista frente al crimen organizado.<\/p>\n\n\n\n<p class=\"wp-block-paragraph\">Sin embargo, el gobierno de M\u00e9xico, encabezado por el presidente Andr\u00e9s Manuel L\u00f3pez Obrador, ha rechazado el uso de la fuerza militar estadounidense dentro del territorio mexicano y <a href=\"https:\/\/www.gob.mx\/presidencia\/es\/videos\/conferenciapresidente-lunes-6-de-marzo-de-2023\/\" target=\"_blank\" rel=\"noreferrer noopener\">ha calificado<\/a> las posibles designaciones de OTE como \u201cpropaganda\u201d. Si Estados Unidos toma acciones militares en M\u00e9xico sin autorizaci\u00f3n, es casi seguro que violar\u00eda el derecho internacional y desatar\u00eda una fuerte reacci\u00f3n diplom\u00e1tica de M\u00e9xico y otros pa\u00edses.<\/p>\n\n\n\n<p class=\"wp-block-paragraph\">Adem\u00e1s, es probable que las estrategias antiterroristas militarizadas sean poco efectivas contra el crimen organizado porque los terroristas y los criminales tienen motivaciones radicalmente diferentes.<\/p>\n\n\n\n<p class=\"wp-block-paragraph\">Si bien los grupos del crimen organizado y los terroristas usan <a href=\"https:\/\/connections-qj.org\/system\/files\/15.3.06_terrorism_organized_crime.pdf\" target=\"_blank\" rel=\"noreferrer noopener\">t\u00e1cticas similares<\/a>, como ataques con bombas y secuestros, sus acciones tienen objetivos diferentes. Los terroristas tienen un objetivo pol\u00edtico, mientras que los grupos del crimen organizado usan la violencia con \u00e1nimos de lucro, no con fines pol\u00edticos.<\/p>\n\n\n\n<p class=\"wp-block-paragraph\">Dado que los grupos terroristas tienen motivaciones ideol\u00f3gicas, eliminar a sus mandos puede debilitar o incluso desmantelar sus redes por completo. Pero eliminar a un l\u00edder criminal no acaba con la demanda de los bienes y servicios il\u00edcitos que ofrece su grupo. Y mientras esa demanda permanezca, surgir\u00e1 un nuevo l\u00edder o un grupo rival que satisfaga dicha demanda.<\/p>\n\n\n\n<p class=\"wp-block-paragraph\">\u201cEs como arar en el desierto\u201d, dijo Robert J. Bunker, experto en actores violentos no estatales, adscrito a la Universidad del Sur de California, a InSight Crime. \u201cMuchas de las organizaciones aparecen y desaparecen&#8230; o se fragmentan. Pero, finalmente, surgen nuevas organizaciones que ingresan a las econom\u00edas il\u00edcitas\u201d.<\/p>\n\n\n\n<h2 class=\"wp-block-heading\" id=\"h-antecedentes-poco-prometedores\">Antecedentes poco prometedores<\/h2>\n\n\n\n<p class=\"wp-block-paragraph\">El senador Graham <a href=\"https:\/\/www.c-span.org\/video\/?526562-1\/senator-graham-pushes-bill-designating-mexican-drug-cartels-foreign-terrorists\" target=\"_blank\" rel=\"noreferrer noopener\">compar\u00f3 su propuesta<\/a> con el <a href=\"https:\/\/es.insightcrime.org\/noticias\/analisis\/plan-colombia\/\" target=\"_blank\" rel=\"noreferrer noopener\">Plan Colombia<\/a>, un proyecto iniciado a comienzos de siglo, en el que los gobiernos de Estados Unidos y Colombia cooperaron para combatir a los grupos guerrilleros involucrados en el tr\u00e1fico de coca\u00edna, como las Fuerzas Armadas Revolucionarias de Colombia (<a href=\"https:\/\/es.insightcrime.org\/noticias-crimen-organizado-colombia\/farc-perfil\/\" target=\"_blank\" rel=\"noreferrer noopener\">FARC<\/a>) y el Ej\u00e9rcito de Liberaci\u00f3n Nacional (<a href=\"https:\/\/es.insightcrime.org\/noticias-crimen-organizado-colombia\/eln-colombia\/\" target=\"_blank\" rel=\"noreferrer noopener\">ELN<\/a>).<\/p>\n\n\n\n<p class=\"wp-block-paragraph\">Pero las FARC y el ELN eran insurgencias pol\u00edticas, a diferencia de las organizaciones puramente criminales que Graham propone atacar en M\u00e9xico. Y la din\u00e1mica pol\u00edtica del momento era completamente diferente. El gobierno de Colombia consider\u00f3 terroristas a dichos grupos y acept\u00f3 la asistencia de Estados Unidos en materia de seguridad.<\/p>\n\n\n\n<p class=\"wp-block-paragraph\">Aun as\u00ed, el Plan Colombia tuvo resultados diversos. M\u00e1s de dos d\u00e9cadas despu\u00e9s del inicio del plan, el ELN contin\u00faa activo, al igual que diversas <a href=\"https:\/\/es.insightcrime.org\/investigaciones\/origen-ex-farc-mafia\/\" target=\"_blank\" rel=\"noreferrer noopener\">facciones<\/a> de las FARC, una guerrilla ya desmovilizada. Y la producci\u00f3n y el tr\u00e1fico de coca\u00edna <a href=\"https:\/\/es.insightcrime.org\/noticias\/balance-insight-crime-incautaciones-cocaina-2022\/\" target=\"_blank\" rel=\"noreferrer noopener\">se mantienen<\/a> en m\u00e1ximos hist\u00f3ricos.<\/p>\n\n\n\n<blockquote class=\"wp-block-quote is-layout-flow wp-block-quote-is-layout-flow\">\n<p class=\"wp-block-paragraph\"><strong><mark style=\"background-color:rgba(0, 0, 0, 0)\" class=\"has-inline-color has-vivid-red-color\">VEA TAMBI\u00c9N:<\/mark><\/strong> <a href=\"https:\/\/es.insightcrime.org\/noticias\/sesion-fentanilo-senado-eeuu-desechar-palabra-cartel\/\" target=\"_blank\" rel=\"noreferrer noopener\">Sesi\u00f3n sobre fentanilo en Senado de EE.UU.: \u00bfes hora de desechar la palabra &#8216;cartel&#8217;?<\/a><\/p>\n<\/blockquote>\n\n\n\n<p class=\"wp-block-paragraph\">Al parecer, la discusi\u00f3n sobre la denominaci\u00f3n de los grupos criminales mexicanos como terroristas tiene que ver con conveniencias pol\u00edticas m\u00e1s que con el inter\u00e9s de formular pol\u00edticas de seguridad s\u00f3lidas.<\/p>\n\n\n\n<p class=\"wp-block-paragraph\">\u201cLa etiqueta de &#8216;terrorista&#8217; tiene un gran atractivo no porque ampl\u00ede la autoridad legal, sino porque env\u00eda un mensaje fuerte\u201d, <a href=\"https:\/\/thehill.com\/opinion\/national-security\/3911319-should-mexicos-drug-cartels-be-designated-foreign-terrorist-organizations\/\" target=\"_blank\" rel=\"noreferrer noopener\">dice<\/a> Brian Michael Jenkins, experto en terrorismo de la Corporaci\u00f3n RAND, en un informe de The Hill, sitio web de noticias pol\u00edticas estadounidense.<\/p>\n\n\n\n<p class=\"wp-block-paragraph\">Los funcionarios estadounidenses no han logrado conceptualizar con precisi\u00f3n la amenaza a la seguridad que representan los grupos criminales mexicanos; por el contrario, han recurrido a una ret\u00f3rica pol\u00edtica que complica la formulaci\u00f3n concienzuda de pol\u00edticas.<\/p>\n\n\n\n<p class=\"wp-block-paragraph\">En una reciente audiencia en el Senado sobre el tr\u00e1fico de fentanilo, tanto legisladores como funcionarios anticrimen culparon a los \u201c<a href=\"https:\/\/es.insightcrime.org\/noticias\/sesion-fentanilo-senado-eeuu-desechar-palabra-cartel\/\" target=\"_blank\" rel=\"noreferrer noopener\">carteles<\/a>\u201d de M\u00e9xico del problema de las drogas en Estados Unidos, lo que simplifica la naturaleza de estas complejas redes criminales y lleva a caracterizarlas de manera err\u00f3nea.<\/p>\n\n\n\n<p class=\"wp-block-paragraph\">Denominar a estos grupos como terroristas sesgar\u00eda de manera similar el debate sobre c\u00f3mo responder de manera m\u00e1s efectiva a la amenaza que plantean.<\/p>\n","protected":false},"excerpt":{"rendered":"<p>Los funcionarios estadounidenses est\u00e1n considerando denominar a las organizaciones narcotraficantes mexicanas como grupos terroristas, lo cual llevar\u00eda a una err\u00f3nea caracterizaci\u00f3n de esta amenaza a la seguridad y llevar\u00eda al uso de estrategias incorrectas para hacer frente al problema.<\/p>\n","protected":false},"author":241,"featured_media":213693,"comment_status":"closed","ping_status":"closed","sticky":false,"template":"template-single-featured.php","format":"standard","meta":{"newspack_ads_suppress_ads":false,"newspack_popups_has_disabled_popups":false,"newspack_sponsor_sponsorship_scope":"","newspack_sponsor_native_byline_display":"inherit","newspack_sponsor_native_category_display":"inherit","newspack_sponsor_underwriter_style":"inherit","newspack_sponsor_underwriter_placement":"inherit","_EventAllDay":false,"_EventTimezone":"","_EventStartDate":"","_EventEndDate":"","_EventStartDateUTC":"","_EventEndDateUTC":"","_EventShowMap":false,"_EventShowMapLink":false,"_EventURL":"","_EventCost":"","_EventCostDescription":"","_EventCurrencySymbol":"","_EventCurrencyCode":"","_EventCurrencyPosition":"","_EventDateTimeSeparator":"","_EventTimeRangeSeparator":"","_EventOrganizerID":[],"_EventVenueID":[],"_OrganizerEmail":"","_OrganizerPhone":"","_OrganizerWebsite":"","_VenueAddress":"","_VenueCity":"","_VenueCountry":"","_VenueProvince":"","_VenueState":"","_VenueZip":"","_VenuePhone":"","_VenueURL":"","_VenueStateProvince":"","_VenueLat":"","_VenueLng":"","_VenueShowMap":false,"_VenueShowMapLink":false,"_newspack_byline_active":false,"_newspack_byline":"","newspack_hide_updated_date":false,"newspack_show_updated_date":false,"newspack_featured_image_position":"above","newspack_post_subtitle":"","newspack_article_summary_title":"Overview:","newspack_article_summary":"","_jetpack_memberships_contains_paid_content":false,"footnotes":""},"categories":[759],"tags":[483,485,396,482,412,3574,3387,3406,2997,436,2873,438,2881],"newspack_spnsrs_tax":[],"coauthors":[4392],"class_list":["post-213718","post","type-post","status-publish","format-standard","has-post-thumbnail","hentry","category-noticias","tag-cartel-de-jalisco","tag-cartel-de-juarez","tag-cartel-de-sinaloa","tag-cartel-de-tijuana","tag-cartel-del-golfo","tag-cartel-del-noreste","tag-destacado","tag-fentanilo","tag-frontera-eumexico-es","tag-familia-michoacana","tag-organizacion-beltran-leyva","tag-politicas-de-seguridad","tag-los-zetas-es","entry"],"parsely":{"version":"1.1.0","canonical_url":"https:\/\/insightcrime.org\/es\/noticias\/considerar-terroristas-grupos-criminales-mexico-ayudara-combatirlos\/","smart_links":{"inbound":0,"outbound":0},"traffic_boost_suggestions_count":0,"meta":{"@context":"https:\/\/schema.org","@type":"NewsArticle","headline":"\u00bfConsiderar terroristas a los grupos criminales de M\u00e9xico ayudar\u00e1 a combatirlos?","url":"http:\/\/insightcrime.org\/es\/noticias\/considerar-terroristas-grupos-criminales-mexico-ayudara-combatirlos\/","mainEntityOfPage":{"@type":"WebPage","@id":"http:\/\/insightcrime.org\/es\/noticias\/considerar-terroristas-grupos-criminales-mexico-ayudara-combatirlos\/"},"thumbnailUrl":"https:\/\/i0.wp.com\/insightcrime.org\/wp-content\/uploads\/2023\/04\/Mexico-Senate-Drug-Carte-Lindsey-Graham-Mike-Lee-R-Utah-Mar-2023-AP23088628174636-A2.jpg?resize=150%2C150&quality=100&ssl=1","image":{"@type":"ImageObject","url":"https:\/\/i0.wp.com\/insightcrime.org\/wp-content\/uploads\/2023\/04\/Mexico-Senate-Drug-Carte-Lindsey-Graham-Mike-Lee-R-Utah-Mar-2023-AP23088628174636-A2.jpg?fit=1336%2C768&quality=100&ssl=1"},"articleSection":"Noticias","author":[{"@type":"Person","name":"Christopher Newton"}],"creator":["Christopher Newton"],"publisher":{"@type":"Organization","name":"InSight Crime","logo":"https:\/\/insightcrime.org\/wp-content\/uploads\/2023\/08\/logo.png"},"keywords":["cartel de jalisco","cartel de ju\u00e1rez","cartel de sinaloa","cartel de tijuana","cartel del golfo","cartel del noreste","destacado","fentanilo","frontera eu\/m\u00e9xico","la familia michoacana","organizaci\u00f3n beltr\u00e1n leyva","pol\u00edticas de seguridad","zetas"],"dateCreated":"2023-04-05T15:05:29Z","datePublished":"2023-04-05T15:05:29Z","dateModified":"2023-04-05T15:05:30Z"},"rendered":"<meta name=\"parsely-title\" content=\"\u00bfConsiderar terroristas a los grupos criminales de M\u00e9xico ayudar\u00e1 a combatirlos?\" \/>\n<meta name=\"parsely-link\" content=\"http:\/\/insightcrime.org\/es\/noticias\/considerar-terroristas-grupos-criminales-mexico-ayudara-combatirlos\/\" \/>\n<meta name=\"parsely-type\" content=\"post\" \/>\n<meta name=\"parsely-image-url\" content=\"https:\/\/i0.wp.com\/insightcrime.org\/wp-content\/uploads\/2023\/04\/Mexico-Senate-Drug-Carte-Lindsey-Graham-Mike-Lee-R-Utah-Mar-2023-AP23088628174636-A2.jpg?resize=150%2C150&amp;quality=100&amp;ssl=1\" \/>\n<meta name=\"parsely-pub-date\" content=\"2023-04-05T15:05:29Z\" \/>\n<meta name=\"parsely-section\" content=\"Noticias\" \/>\n<meta name=\"parsely-tags\" content=\"cartel de jalisco,cartel de ju\u00e1rez,cartel de sinaloa,cartel de tijuana,cartel del golfo,cartel del noreste,destacado,fentanilo,frontera eu\/m\u00e9xico,la familia michoacana,organizaci\u00f3n beltr\u00e1n leyva,pol\u00edticas de seguridad,zetas\" \/>\n<meta name=\"parsely-author\" content=\"Christopher Newton\" \/>","tracker_url":"https:\/\/cdn.parsely.com\/keys\/insightcrime.org\/p.js"},"jetpack_sharing_enabled":true,"jetpack-related-posts":[{"id":323907,"url":"https:\/\/insightcrime.org\/es\/noticias\/cuales-son-bandas-designadas-organizaciones-terroristas-america-latina\/","url_meta":{"origin":213718,"position":0},"title":"\u00bfCu\u00e1les son las bandas designadas como organizaciones terroristas en Am\u00e9rica Latina?","author":"Luc\u00eda Gualdr\u00f3n","date":"14 de noviembre de 2025","format":false,"excerpt":"Estados Unidos ha endurecido sus t\u00e1cticas para combatir el crimen organizado en Am\u00e9rica Latina, incluso al designar a varios grupos criminales de la regi\u00f3n como \u201corganizaciones terroristas extranjeras\u201d en 2025.","rel":"","context":"En \u00abNoticias\u00bb","block_context":{"text":"Noticias","link":"https:\/\/insightcrime.org\/es\/category\/noticias\/"},"img":{"alt_text":"Lista de bandas designadas organizaciones terroristas en Am\u00e9rica Latina en 2026","src":"https:\/\/i0.wp.com\/insightcrime.org\/wp-content\/uploads\/2025\/11\/Flagship-grupos-criminales-USA-2025.png?fit=1200%2C675&quality=100&ssl=1&resize=350%2C200","width":350,"height":200,"srcset":"https:\/\/i0.wp.com\/insightcrime.org\/wp-content\/uploads\/2025\/11\/Flagship-grupos-criminales-USA-2025.png?fit=1200%2C675&quality=100&ssl=1&resize=350%2C200 1x, https:\/\/i0.wp.com\/insightcrime.org\/wp-content\/uploads\/2025\/11\/Flagship-grupos-criminales-USA-2025.png?fit=1200%2C675&quality=100&ssl=1&resize=525%2C300 1.5x, https:\/\/i0.wp.com\/insightcrime.org\/wp-content\/uploads\/2025\/11\/Flagship-grupos-criminales-USA-2025.png?fit=1200%2C675&quality=100&ssl=1&resize=700%2C400 2x, https:\/\/i0.wp.com\/insightcrime.org\/wp-content\/uploads\/2025\/11\/Flagship-grupos-criminales-USA-2025.png?fit=1200%2C675&quality=100&ssl=1&resize=1050%2C600 3x"},"classes":[]},{"id":303446,"url":"https:\/\/insightcrime.org\/es\/noticias\/grupos-criminales-estados-unidos-califica-terroristas\/","url_meta":{"origin":213718,"position":1},"title":"Lo que debe saber sobre los grupos criminales que EE. UU. design\u00f3 como terroristas","author":"Victoria Dittmar","date":"20 de febrero de 2025","format":false,"excerpt":"EE. UU. design\u00f3 a varios grupos criminales de Am\u00e9rica Latina como terroristas. Pero esta medida dif\u00edcilmente servir\u00e1 para desmantelar estas redes criminales altamente complejas.","rel":"","context":"En \u00abNoticias\u00bb","block_context":{"text":"Noticias","link":"https:\/\/insightcrime.org\/es\/category\/noticias\/"},"img":{"alt_text":"","src":"https:\/\/i0.wp.com\/insightcrime.org\/wp-content\/uploads\/2025\/02\/Feature-image-What-to-Know-About-the-Organized-Crime-Groups-the-US-Just-Labeled-Terrorists.jpg?fit=1200%2C675&quality=100&ssl=1&resize=350%2C200","width":350,"height":200,"srcset":"https:\/\/i0.wp.com\/insightcrime.org\/wp-content\/uploads\/2025\/02\/Feature-image-What-to-Know-About-the-Organized-Crime-Groups-the-US-Just-Labeled-Terrorists.jpg?fit=1200%2C675&quality=100&ssl=1&resize=350%2C200 1x, https:\/\/i0.wp.com\/insightcrime.org\/wp-content\/uploads\/2025\/02\/Feature-image-What-to-Know-About-the-Organized-Crime-Groups-the-US-Just-Labeled-Terrorists.jpg?fit=1200%2C675&quality=100&ssl=1&resize=525%2C300 1.5x, https:\/\/i0.wp.com\/insightcrime.org\/wp-content\/uploads\/2025\/02\/Feature-image-What-to-Know-About-the-Organized-Crime-Groups-the-US-Just-Labeled-Terrorists.jpg?fit=1200%2C675&quality=100&ssl=1&resize=700%2C400 2x, https:\/\/i0.wp.com\/insightcrime.org\/wp-content\/uploads\/2025\/02\/Feature-image-What-to-Know-About-the-Organized-Crime-Groups-the-US-Just-Labeled-Terrorists.jpg?fit=1200%2C675&quality=100&ssl=1&resize=1050%2C600 3x"},"classes":[]},{"id":326523,"url":"https:\/\/insightcrime.org\/es\/noticias\/gamechangers-2025-grupos-criminales-protagonistas-america-latina\/","url_meta":{"origin":213718,"position":2},"title":"GameChangers 2025: Los protagonistas criminales de este a\u00f1o","author":"Mike LaSusa","date":"23 de diciembre de 2025","format":false,"excerpt":"En un a\u00f1o donde la administraci\u00f3n del presidente Donald Trump dio un giro dr\u00e1stico en la lucha contra el narcotr\u00e1fico y el crimen organizado en las Am\u00e9ricas, los siguientes grupos criminales de la regi\u00f3n dominaron la agenda informativa.","rel":"","context":"En \u00abNoticias\u00bb","block_context":{"text":"Noticias","link":"https:\/\/insightcrime.org\/es\/category\/noticias\/"},"img":{"alt_text":"","src":"https:\/\/i0.wp.com\/insightcrime.org\/wp-content\/uploads\/2025\/12\/Covers-Gamechangers-2025_Cover-Top-Criminal.jpg?fit=1200%2C690&quality=100&ssl=1&resize=350%2C200","width":350,"height":200,"srcset":"https:\/\/i0.wp.com\/insightcrime.org\/wp-content\/uploads\/2025\/12\/Covers-Gamechangers-2025_Cover-Top-Criminal.jpg?fit=1200%2C690&quality=100&ssl=1&resize=350%2C200 1x, https:\/\/i0.wp.com\/insightcrime.org\/wp-content\/uploads\/2025\/12\/Covers-Gamechangers-2025_Cover-Top-Criminal.jpg?fit=1200%2C690&quality=100&ssl=1&resize=525%2C300 1.5x, https:\/\/i0.wp.com\/insightcrime.org\/wp-content\/uploads\/2025\/12\/Covers-Gamechangers-2025_Cover-Top-Criminal.jpg?fit=1200%2C690&quality=100&ssl=1&resize=700%2C400 2x, https:\/\/i0.wp.com\/insightcrime.org\/wp-content\/uploads\/2025\/12\/Covers-Gamechangers-2025_Cover-Top-Criminal.jpg?fit=1200%2C690&quality=100&ssl=1&resize=1050%2C600 3x"},"classes":[]},{"id":326472,"url":"https:\/\/insightcrime.org\/es\/the-organization\/codirector-de-insight-crime-aporta-matices-al-debate-del-cartel-de-los-soles\/","url_meta":{"origin":213718,"position":3},"title":"Codirector de InSight Crime aporta matices al debate del &#8216;Cartel de los Soles&#8217;","author":"InSight Crime","date":"20 de noviembre de 2025","format":false,"excerpt":"Tras el anuncio del Departamento de Estado de Estados Unidos de que designar\u00eda al Cartel de los Soles de Venezuela como una \u201corganizaci\u00f3n terrorista extranjera\u201d, el codirector de InSight Crime, Jeremy McDermott, fue entrevistado por medios estadounidenses como The New York Times y CNN para aclarar qu\u00e9 es \u2014y qu\u00e9\u2026","rel":"","context":"En \u00abThe Organization\u00bb","block_context":{"text":"The Organization","link":"https:\/\/insightcrime.org\/category\/the-organization\/"},"img":{"alt_text":"","src":"https:\/\/i0.wp.com\/insightcrime.org\/wp-content\/uploads\/2025\/11\/Impacto-19-de-noviembre-2025.jpg?fit=1200%2C690&quality=100&ssl=1&resize=350%2C200","width":350,"height":200,"srcset":"https:\/\/i0.wp.com\/insightcrime.org\/wp-content\/uploads\/2025\/11\/Impacto-19-de-noviembre-2025.jpg?fit=1200%2C690&quality=100&ssl=1&resize=350%2C200 1x, https:\/\/i0.wp.com\/insightcrime.org\/wp-content\/uploads\/2025\/11\/Impacto-19-de-noviembre-2025.jpg?fit=1200%2C690&quality=100&ssl=1&resize=525%2C300 1.5x, https:\/\/i0.wp.com\/insightcrime.org\/wp-content\/uploads\/2025\/11\/Impacto-19-de-noviembre-2025.jpg?fit=1200%2C690&quality=100&ssl=1&resize=700%2C400 2x, https:\/\/i0.wp.com\/insightcrime.org\/wp-content\/uploads\/2025\/11\/Impacto-19-de-noviembre-2025.jpg?fit=1200%2C690&quality=100&ssl=1&resize=1050%2C600 3x"},"classes":[]},{"id":309918,"url":"https:\/\/insightcrime.org\/es\/noticias\/acerca-fin-del-cartel-sinaloa\/","url_meta":{"origin":213718,"position":4},"title":"\u00bfSe acerca el fin del Cartel de Sinaloa?","author":"Liza Schmidt","date":"15 de mayo de 2025","format":false,"excerpt":"El panorama criminal de M\u00e9xico podr\u00eda estar al borde de una transformaci\u00f3n profunda, ante la guerra entre dos facciones rivales del Cartel de Sinaloa, que amenaza con dividir al grupo en dos, seg\u00fan un nuevo informe. Los dos principales l\u00edderes del grupo est\u00e1n actualmente en prisi\u00f3n en Estados Unidos. Joaqu\u00edn\u2026","rel":"","context":"En \u00abNoticias\u00bb","block_context":{"text":"Noticias","link":"https:\/\/insightcrime.org\/es\/category\/noticias\/"},"img":{"alt_text":"Billboard featuring signs for missing people in Culiac\u00e1n, Mexico. \nTablero con avisos de gente desaparecida en Culiac\u00e1n, M\u00e9xico. ","src":"https:\/\/i0.wp.com\/insightcrime.org\/wp-content\/uploads\/2025\/05\/Is-End-Sinaloa-Cartel-Mexico-May-15.jpg?fit=1200%2C675&quality=100&ssl=1&resize=350%2C200","width":350,"height":200,"srcset":"https:\/\/i0.wp.com\/insightcrime.org\/wp-content\/uploads\/2025\/05\/Is-End-Sinaloa-Cartel-Mexico-May-15.jpg?fit=1200%2C675&quality=100&ssl=1&resize=350%2C200 1x, https:\/\/i0.wp.com\/insightcrime.org\/wp-content\/uploads\/2025\/05\/Is-End-Sinaloa-Cartel-Mexico-May-15.jpg?fit=1200%2C675&quality=100&ssl=1&resize=525%2C300 1.5x, https:\/\/i0.wp.com\/insightcrime.org\/wp-content\/uploads\/2025\/05\/Is-End-Sinaloa-Cartel-Mexico-May-15.jpg?fit=1200%2C675&quality=100&ssl=1&resize=700%2C400 2x, https:\/\/i0.wp.com\/insightcrime.org\/wp-content\/uploads\/2025\/05\/Is-End-Sinaloa-Cartel-Mexico-May-15.jpg?fit=1200%2C675&quality=100&ssl=1&resize=1050%2C600 3x"},"classes":[]},{"id":311144,"url":"https:\/\/insightcrime.org\/es\/noticias\/cuanto-poder-tienen-grupos-criminales-de-mexico-en-ee-uu\/","url_meta":{"origin":213718,"position":5},"title":"\u00bfCu\u00e1nto poder tienen realmente los grupos criminales de M\u00e9xico en EE.UU.?","author":"Victoria Dittmar","date":"27 de mayo de 2025","format":false,"excerpt":"La creciente presi\u00f3n del gobierno de Estados Unidos sobre los grupos criminales mexicanos ha alimentado una narrativa exagerada sobre su alcance, lo que podr\u00eda llevar a sobrestimar su capacidad operativa en el pa\u00eds norteamericano.","rel":"","context":"En \u00abAudio\u00bb","block_context":{"text":"Audio","link":"https:\/\/insightcrime.org\/es\/category\/audio-es\/"},"img":{"alt_text":"","src":"https:\/\/i0.wp.com\/insightcrime.org\/wp-content\/uploads\/2025\/05\/Flagship-cover-mayo-27-InSight-Crime-May-2025.jpg?fit=350%2C250&quality=100&ssl=1&resize=350%2C200","width":350,"height":200},"classes":[]}],"jetpack_featured_media_url":"https:\/\/i0.wp.com\/insightcrime.org\/wp-content\/uploads\/2023\/04\/Mexico-Senate-Drug-Carte-Lindsey-Graham-Mike-Lee-R-Utah-Mar-2023-AP23088628174636-A2.jpg?fit=1336%2C768&quality=100&ssl=1","_links":{"self":[{"href":"https:\/\/insightcrime.org\/es\/wp-json\/wp\/v2\/posts\/213718","targetHints":{"allow":["GET"]}}],"collection":[{"href":"https:\/\/insightcrime.org\/es\/wp-json\/wp\/v2\/posts"}],"about":[{"href":"https:\/\/insightcrime.org\/es\/wp-json\/wp\/v2\/types\/post"}],"author":[{"embeddable":true,"href":"https:\/\/insightcrime.org\/es\/wp-json\/wp\/v2\/users\/241"}],"replies":[{"embeddable":true,"href":"https:\/\/insightcrime.org\/es\/wp-json\/wp\/v2\/comments?post=213718"}],"version-history":[{"count":6,"href":"https:\/\/insightcrime.org\/es\/wp-json\/wp\/v2\/posts\/213718\/revisions"}],"predecessor-version":[{"id":213787,"href":"https:\/\/insightcrime.org\/es\/wp-json\/wp\/v2\/posts\/213718\/revisions\/213787"}],"wp:featuredmedia":[{"embeddable":true,"href":"https:\/\/insightcrime.org\/es\/wp-json\/wp\/v2\/media\/213693"}],"wp:attachment":[{"href":"https:\/\/insightcrime.org\/es\/wp-json\/wp\/v2\/media?parent=213718"}],"wp:term":[{"taxonomy":"category","embeddable":true,"href":"https:\/\/insightcrime.org\/es\/wp-json\/wp\/v2\/categories?post=213718"},{"taxonomy":"post_tag","embeddable":true,"href":"https:\/\/insightcrime.org\/es\/wp-json\/wp\/v2\/tags?post=213718"},{"taxonomy":"newspack_spnsrs_tax","embeddable":true,"href":"https:\/\/insightcrime.org\/es\/wp-json\/wp\/v2\/newspack_spnsrs_tax?post=213718"},{"taxonomy":"author","embeddable":true,"href":"https:\/\/insightcrime.org\/es\/wp-json\/wp\/v2\/coauthors?post=213718"}],"curies":[{"name":"wp","href":"https:\/\/api.w.org\/{rel}","templated":true}]}}