{"id":232474,"date":"2023-09-05T08:29:54","date_gmt":"2023-09-05T13:29:54","guid":{"rendered":"https:\/\/insightcrime.org\/sin-categorizar\/colombia-reanuda-negociaciones-ex-farc-mafia-violencia-persiste\/"},"modified":"2023-09-27T02:59:59","modified_gmt":"2023-09-27T07:59:59","slug":"colombia-reanuda-negociaciones-ex-farc-mafia-violencia-persiste","status":"publish","type":"post","link":"https:\/\/insightcrime.org\/es\/noticias\/colombia-reanuda-negociaciones-ex-farc-mafia-violencia-persiste\/","title":{"rendered":"Colombia reanuda negociaciones con las ex-FARC mafia, pero la violencia persiste"},"content":{"rendered":"\n<p class=\"wp-block-paragraph\">El anuncio de un acuerdo para avanzar en las negociaciones con el Estado Mayor Central de las ex-FARC mafia parece ser un paso adelante para la pol\u00edtica de \u201cPaz Total\u201d del gobierno colombiano, pero en la pr\u00e1ctica podr\u00eda tener pocos efectos en la reducci\u00f3n de la violencia.<\/p>\n\n\n\n<p class=\"wp-block-paragraph\">El 4 de septiembre, delegados del gobierno nacional y el Estado Mayor Central (<a href=\"https:\/\/es.insightcrime.org\/noticias-crimen-organizado-venezuela\/ex-farc-mafia-estado-mayor-central\/\" target=\"_blank\" rel=\"noreferrer noopener\">EMC<\/a>), una federaci\u00f3n de grupos disidentes que surgieron luego de la desmovilizaci\u00f3n de las Fuerzas Armadas Revolucionarias de Colombia (<a href=\"https:\/\/es.insightcrime.org\/noticias-crimen-organizado-colombia\/farc-perfil\/\" target=\"_blank\" rel=\"noreferrer noopener\">FARC<\/a>), hicieron p\u00fablicos los avances de las reuniones que sostuvieron en Su\u00e1rez, Cauca, en el suroccidente del pa\u00eds, entre el 31 de agosto y el 2 de septiembre para reanudar los di\u00e1logos de paz.&nbsp;<\/p>\n\n\n\n<p class=\"wp-block-paragraph\">Entre los puntos acordados se <a href=\"https:\/\/www.radionacional.co\/actualidad\/personajes\/puntos-del-acuerdo-entre-el-gobierno-y-las-farc\" target=\"_blank\" rel=\"noreferrer noopener nofollow\">encuentran<\/a> la instalaci\u00f3n de una mesa de di\u00e1logos y un cese al fuego bilateral, cuya fecha de inicio ser\u00eda determinada el 17 de septiembre, adem\u00e1s de misiones humanitarias a los departamentos de Antioquia, Arauca, Cauca, Huila, Nari\u00f1o, Norte de Santander, Putumayo y sur de Bol\u00edvar.<\/p>\n\n\n\n<p class=\"wp-block-paragraph\">Se espera que los enfrentamientos entre la fuerza p\u00fablica y el EMC, y las afectaciones a la poblaci\u00f3n civil asociadas con estos, se reduzcan, pasando de 5 eventos <a href=\"https:\/\/app.powerbi.com\/view?r=eyJrIjoiZmYwNjE4MmYtZmRlMy00ZjI0LTk0ZmUtNjgwYWNlNGY3Y2Y4IiwidCI6ImQ3MjlkMmMxLTk4OWUtNDRlNS1iN2M1LTE4MmM5MTRhYzYwNyIsImMiOjR9\" target=\"_blank\" rel=\"noreferrer noopener nofollow\">registrados<\/a> en agosto a 0 luego del inicio del cese al fuego.&nbsp;<\/p>\n\n\n\n<p class=\"wp-block-paragraph\">\u201cSe entr\u00f3 en una nueva etapa de los contactos y conversaciones con el Estado Mayor Central, que se caracterizar\u00e1 por la instalaci\u00f3n de la mesa y la definici\u00f3n de una agenda de alto aliento para buscar un acuerdo de paz\u201d dijo Camilo Gonz\u00e1lez Posso, jefe de la delegaci\u00f3n del Gobierno a el medio colombiano <a href=\"https:\/\/www.eltiempo.com\/politica\/proceso-de-paz\/el-documento-firmado-indica-que-el-estado-mayor-tiene-voluntad-de-paz-gonzalez-posso-802435\" target=\"_blank\" rel=\"noreferrer noopener\">El Tie<\/a><a href=\"https:\/\/www.eltiempo.com\/politica\/proceso-de-paz\/el-documento-firmado-indica-que-el-estado-mayor-tiene-voluntad-de-paz-gonzalez-posso-802435\" target=\"_blank\" rel=\"noreferrer noopener nofollow\">mp<\/a><a href=\"https:\/\/www.eltiempo.com\/politica\/proceso-de-paz\/el-documento-firmado-indica-que-el-estado-mayor-tiene-voluntad-de-paz-gonzalez-posso-802435\" target=\"_blank\" rel=\"noreferrer noopener\">o<\/a>.&nbsp;<\/p>\n\n\n\n<blockquote class=\"wp-block-quote is-layout-flow wp-block-quote-is-layout-flow\">\n<p class=\"wp-block-paragraph\"><strong><mark style=\"background-color:rgba(0, 0, 0, 0);color:#b40026\" class=\"has-inline-color\">VEA TAMBI\u00c9N:<\/mark> <\/strong><a href=\"https:\/\/es.insightcrime.org\/noticias\/ano-paz-total-colombia-menos-violencia-criminales-fuertes\/\" target=\"_blank\" rel=\"noreferrer noopener\">Un a\u00f1o de Paz Total en Colombia: menos violencia, grupos criminales m\u00e1s fuertes<\/a>&nbsp;<\/p>\n<\/blockquote>\n\n\n\n<p class=\"wp-block-paragraph\">Este ser\u00eda el segundo cese al fuego con el grupo, pues ambas partes ya hab\u00edan llegado a un acuerdo similar que ten\u00eda previsto el cese de hostilidades desde el 1 de enero hasta el 30 de junio de este a\u00f1o. Sin embargo, en mayo, el gobierno los <a href=\"https:\/\/cambiocolombia.com\/conflicto-armado-en-colombia\/gobierno-rompe-el-cese-al-fuego-con-el-estado-mayor-central-en-cuatro\" target=\"_blank\" rel=\"noreferrer noopener nofollow\">suspendi\u00f3<\/a> en los departamentos de Putumayo, Caquet\u00e1, Guaviare y Meta tras el reclutamiento y posterior asesinato de cuatro j\u00f3venes ind\u00edgenas por el Frente Carolina Ram\u00edrez en Putumayo.&nbsp;<\/p>\n\n\n\n<p class=\"wp-block-paragraph\">D\u00edas antes de las reuniones m\u00e1s recientes entre el gobierno y el EMC, el frente Jaime Mart\u00ednez se <a href=\"https:\/\/www.elespectador.com\/judicial\/alerta-maxima-en-el-cauca-por-arremetida-de-las-disidencias-de-las-farc\/\">atribuy\u00f3<\/a> la emboscada contra la polic\u00eda en Morales, Cauca, que dej\u00f3 tres suboficiales muertos y uno herido. En ese mismo departamento, m\u00e1s de 700 personas fueron afectadas por hechos del conflicto -como ataques a la poblaci\u00f3n civil, hostigamientos a la fuerza p\u00fablica, y enfrentamientos entre grupos armados- en el \u00faltimo mes, seg\u00fan <a href=\"https:\/\/monitor.unocha.org\/colombia\" target=\"_blank\" rel=\"noreferrer noopener nofollow\">cifras<\/a> de la Oficina de Coordinaci\u00f3n de Asuntos Humanos de las Naciones Unidas (OCHA).&nbsp;<\/p>\n\n\n\n<h2 class=\"wp-block-heading\" id=\"h-analisis-de-insight-crime\"><strong>An\u00e1lisis de InSight Crime<\/strong><\/h2>\n\n\n\n<p class=\"wp-block-paragraph\">Aunque la instalaci\u00f3n de una mesa de negociaci\u00f3n y un cese al fuego con el Estado Mayor Central ser\u00edan un gran avance para la Paz Total, es probable que la reducci\u00f3n en la violencia no sea la esperada.&nbsp;<\/p>\n\n\n\n<p class=\"wp-block-paragraph\">La violencia entre grupos armados -que muchas veces deja a la poblaci\u00f3n civil en medio de las balas- no est\u00e1 contemplada en los acuerdos de cese al fuego con ninguno de los grupos que actualmente negocia con el gobierno.&nbsp;<\/p>\n\n\n\n<p class=\"wp-block-paragraph\">Es all\u00ed donde las preocupaciones de seguridad alrededor de la Paz Total se han concentrado. Seg\u00fan los <a href=\"https:\/\/response.reliefweb.int\/colombia\/reports\">informes<\/a> de OCHA, las afectaciones humanitarias y violaciones a los derechos humanos en el 2023 han sucedido, en su mayor\u00eda, a causa de <a href=\"https:\/\/reliefweb.int\/report\/colombia\/colombia-informe-de-situacion-humanitaria-2023-enero-julio-de-2023-publicado-el-21-de-agosto-de-2023\">enfrentamientos entre grupos armados<\/a>.&nbsp;<\/p>\n\n\n\n<blockquote class=\"wp-block-quote is-layout-flow wp-block-quote-is-layout-flow\">\n<p class=\"wp-block-paragraph\"><strong><mark style=\"background-color:rgba(0, 0, 0, 0);color:#b40026\" class=\"has-inline-color\">VEA TAMBI\u00c9N:<\/mark><\/strong> <a href=\"https:\/\/es.insightcrime.org\/noticias\/grupos-armados-barreras-acceso-humanitario-colombia\/\">Grupos armados ponen nuevas barreras al acceso humanitario en Colombia<\/a><\/p>\n<\/blockquote>\n\n\n\n<p class=\"wp-block-paragraph\">Datos <a href=\"https:\/\/monitor.unocha.org\/colombia\">publicados<\/a> por esta organizaci\u00f3n dan cuenta de al menos 148 eventos de ataques contra civiles desde el inicio del cese al fuego con el Ej\u00e9rcito de Liberaci\u00f3n Nacional (<a href=\"https:\/\/es.insightcrime.org\/noticias-crimen-organizado-colombia\/eln-colombia\/\" target=\"_blank\" rel=\"noreferrer noopener\">ELN<\/a>) el 3 de agosto y cientos de personas han sido desplazadas en los departamentos de Arauca, Cauca y Nari\u00f1o por enfrentamientos entre grupos armados.&nbsp;<\/p>\n\n\n\n<p class=\"wp-block-paragraph\">En ese mismo periodo, el <a href=\"https:\/\/app.powerbi.com\/view?r=eyJrIjoiZmYwNjE4MmYtZmRlMy00ZjI0LTk0ZmUtNjgwYWNlNGY3Y2Y4IiwidCI6ImQ3MjlkMmMxLTk4OWUtNDRlNS1iN2M1LTE4MmM5MTRhYzYwNyIsImMiOjR9\">monitoreo<\/a> de eventos del conflicto de la Jurisdicci\u00f3n Especial para la Paz (JEP) ha registrado al menos 14 enfrentamientos entre grupos armados y la fuerza p\u00fablica, 8 de los cuales atribuye a las ex-FARC mafia, 5 al EMC y 3 a la <a href=\"https:\/\/es.insightcrime.org\/noticias-crimen-organizado-colombia\/segunda-marquetalia\/\" target=\"_blank\" rel=\"noreferrer noopener\">Segunda Marquetalia<\/a>, 4 a las Autodefensas Gaitanistas de Colombia (<a href=\"https:\/\/es.insightcrime.org\/noticias-crimen-organizado-colombia\/urabenos-perfil\/\" target=\"_blank\" rel=\"noreferrer noopener\">AGC<\/a>), 1 al ELN y 1 a un grupo sin identificar.<\/p>\n","protected":false},"excerpt":{"rendered":"<p>El anuncio de un acuerdo para avanzar en las negociaciones con el Estado Mayor Central de las ex-FARC mafia parece ser un paso adelante para la pol\u00edtica de \u201cPaz Total\u201d [&hellip;]<\/p>\n","protected":false},"author":202,"featured_media":233935,"comment_status":"closed","ping_status":"closed","sticky":false,"template":"","format":"standard","meta":{"newspack_ads_suppress_ads":false,"newspack_popups_has_disabled_popups":false,"newspack_sponsor_sponsorship_scope":"","newspack_sponsor_native_byline_display":"inherit","newspack_sponsor_native_category_display":"inherit","newspack_sponsor_underwriter_style":"inherit","newspack_sponsor_underwriter_placement":"inherit","_EventAllDay":false,"_EventTimezone":"","_EventStartDate":"","_EventEndDate":"","_EventStartDateUTC":"","_EventEndDateUTC":"","_EventShowMap":false,"_EventShowMapLink":false,"_EventURL":"","_EventCost":"","_EventCostDescription":"","_EventCurrencySymbol":"","_EventCurrencyCode":"","_EventCurrencyPosition":"","_EventDateTimeSeparator":"","_EventTimeRangeSeparator":"","_EventOrganizerID":[],"_EventVenueID":[],"_OrganizerEmail":"","_OrganizerPhone":"","_OrganizerWebsite":"","_VenueAddress":"","_VenueCity":"","_VenueCountry":"","_VenueProvince":"","_VenueState":"","_VenueZip":"","_VenuePhone":"","_VenueURL":"","_VenueStateProvince":"","_VenueLat":"","_VenueLng":"","_VenueShowMap":false,"_VenueShowMapLink":false,"_newspack_byline_active":false,"_newspack_byline":"","newspack_hide_updated_date":false,"newspack_show_updated_date":false,"newspack_featured_image_position":"","newspack_post_subtitle":"","newspack_article_summary_title":"Overview:","newspack_article_summary":"","_jetpack_memberships_contains_paid_content":false,"footnotes":""},"categories":[759],"tags":[368,3365,438,4565],"newspack_spnsrs_tax":[],"coauthors":[4169],"class_list":["post-232474","post","type-post","status-publish","format-standard","has-post-thumbnail","hentry","category-noticias","tag-colombia-pais","tag-ex-farc-mafia-es-2","tag-politicas-de-seguridad","tag-series-paz-total","entry"],"parsely":{"version":"1.1.0","canonical_url":"https:\/\/insightcrime.org\/es\/noticias\/colombia-reanuda-negociaciones-ex-farc-mafia-violencia-persiste\/","smart_links":{"inbound":0,"outbound":0},"traffic_boost_suggestions_count":0,"meta":{"@context":"https:\/\/schema.org","@type":"NewsArticle","headline":"Colombia reanuda negociaciones con las ex-FARC mafia, pero la violencia persiste","url":"http:\/\/insightcrime.org\/es\/noticias\/colombia-reanuda-negociaciones-ex-farc-mafia-violencia-persiste\/","mainEntityOfPage":{"@type":"WebPage","@id":"http:\/\/insightcrime.org\/es\/noticias\/colombia-reanuda-negociaciones-ex-farc-mafia-violencia-persiste\/"},"thumbnailUrl":"https:\/\/i0.wp.com\/insightcrime.org\/wp-content\/uploads\/2023\/09\/ExFARC-1.jpg?resize=150%2C150&quality=100&ssl=1","image":{"@type":"ImageObject","url":"https:\/\/i0.wp.com\/insightcrime.org\/wp-content\/uploads\/2023\/09\/ExFARC-1.jpg?fit=350%2C250&quality=100&ssl=1"},"articleSection":"Noticias","author":[{"@type":"Person","name":"Lara Loaiza"}],"creator":["Lara Loaiza"],"publisher":{"@type":"Organization","name":"InSight Crime","logo":"https:\/\/insightcrime.org\/wp-content\/uploads\/2023\/08\/logo.png"},"keywords":["colombia","ex-farc mafia","pol\u00edticas de seguridad","series: paz total"],"dateCreated":"2023-09-05T13:29:54Z","datePublished":"2023-09-05T13:29:54Z","dateModified":"2023-09-27T07:59:59Z"},"rendered":"<meta name=\"parsely-title\" content=\"Colombia reanuda negociaciones con las ex-FARC mafia, pero la violencia persiste\" \/>\n<meta name=\"parsely-link\" content=\"http:\/\/insightcrime.org\/es\/noticias\/colombia-reanuda-negociaciones-ex-farc-mafia-violencia-persiste\/\" \/>\n<meta name=\"parsely-type\" content=\"post\" \/>\n<meta name=\"parsely-image-url\" content=\"https:\/\/i0.wp.com\/insightcrime.org\/wp-content\/uploads\/2023\/09\/ExFARC-1.jpg?resize=150%2C150&amp;quality=100&amp;ssl=1\" \/>\n<meta name=\"parsely-pub-date\" content=\"2023-09-05T13:29:54Z\" \/>\n<meta name=\"parsely-section\" content=\"Noticias\" \/>\n<meta name=\"parsely-tags\" content=\"colombia,ex-farc mafia,pol\u00edticas de seguridad,series: paz total\" \/>\n<meta name=\"parsely-author\" content=\"Lara Loaiza\" \/>","tracker_url":"https:\/\/cdn.parsely.com\/keys\/insightcrime.org\/p.js"},"jetpack_sharing_enabled":true,"jetpack-related-posts":[{"id":197776,"url":"https:\/\/insightcrime.org\/es\/noticias\/arriesgada-apuesta-colombia-paz-total\/","url_meta":{"origin":232474,"position":0},"title":"La arriesgada apuesta de Colombia por la &#8216;Paz Total&#8217;","author":"Juan Diego Posada","date":"13 de septiembre de 2022","format":false,"excerpt":"La propuesta del presidente Gustavo Petro de \"Paz Total\" muestra c\u00f3mo el nuevo gobierno busca desmovilizar los grupos criminales, pero podr\u00eda estar olvidando los escenarios alternos del proyecto.","rel":"","context":"En \u00abNoticias\u00bb","block_context":{"text":"Noticias","link":"https:\/\/insightcrime.org\/es\/category\/noticias\/"},"img":{"alt_text":"President Gustavo Petro of Colombia raises a fist in celebration","src":"https:\/\/i0.wp.com\/insightcrime.org\/wp-content\/uploads\/2022\/09\/Colombia-President-Gustavo-Petro-raises-his-fist-at-the-end-of-his-inauguration-speech-Aug-2022-AP_22220013460170-A2.jpg?fit=1200%2C690&quality=100&ssl=1&resize=350%2C200","width":350,"height":200,"srcset":"https:\/\/i0.wp.com\/insightcrime.org\/wp-content\/uploads\/2022\/09\/Colombia-President-Gustavo-Petro-raises-his-fist-at-the-end-of-his-inauguration-speech-Aug-2022-AP_22220013460170-A2.jpg?fit=1200%2C690&quality=100&ssl=1&resize=350%2C200 1x, https:\/\/i0.wp.com\/insightcrime.org\/wp-content\/uploads\/2022\/09\/Colombia-President-Gustavo-Petro-raises-his-fist-at-the-end-of-his-inauguration-speech-Aug-2022-AP_22220013460170-A2.jpg?fit=1200%2C690&quality=100&ssl=1&resize=525%2C300 1.5x, https:\/\/i0.wp.com\/insightcrime.org\/wp-content\/uploads\/2022\/09\/Colombia-President-Gustavo-Petro-raises-his-fist-at-the-end-of-his-inauguration-speech-Aug-2022-AP_22220013460170-A2.jpg?fit=1200%2C690&quality=100&ssl=1&resize=700%2C400 2x, https:\/\/i0.wp.com\/insightcrime.org\/wp-content\/uploads\/2022\/09\/Colombia-President-Gustavo-Petro-raises-his-fist-at-the-end-of-his-inauguration-speech-Aug-2022-AP_22220013460170-A2.jpg?fit=1200%2C690&quality=100&ssl=1&resize=1050%2C600 3x"},"classes":[]},{"id":240857,"url":"https:\/\/insightcrime.org\/es\/noticias\/ex-farc-mafia-colombia-continuan-guerra-mientras-hablan-paz\/","url_meta":{"origin":232474,"position":1},"title":"Las ex-FARC mafia en Colombia contin\u00faan la guerra mientras hablan de paz","author":"Sergio Saffon","date":"11 de octubre de 2023","format":false,"excerpt":"Las negociaciones de paz en el Cauca penden de un hilo tras el asesinato de un soldado colombiano a manos de las ex-FARC mafia, poniendo de relieve la fragilidad de la Paz Total en este departamento estrat\u00e9gico para el narcotr\u00e1fico.","rel":"","context":"En \u00abNoticias\u00bb","block_context":{"text":"Noticias","link":"https:\/\/insightcrime.org\/es\/category\/noticias\/"},"img":{"alt_text":"Colombian solders enter a helicopter in Cauca.","src":"https:\/\/i0.wp.com\/insightcrime.org\/wp-content\/uploads\/2023\/08\/photo-2022-10-07-11-40-39_0-2.jpg?fit=350%2C250&quality=100&ssl=1&resize=350%2C200","width":350,"height":200},"classes":[]},{"id":307042,"url":"https:\/\/insightcrime.org\/es\/noticias\/entrega-de-armas-de-comuneros-del-sur-unico-exito-de-paz-total-de-colombia\/","url_meta":{"origin":232474,"position":2},"title":"La entrega de armas de los Comuneros del Sur, \u00bfel \u00fanico \u00e9xito de la Paz Total de Colombia?","author":"Mario Saiz","date":"9 de abril de 2025","format":false,"excerpt":"La desmovilizaci\u00f3n de una facci\u00f3n disidente del ELN representa un avance simb\u00f3lico para la pol\u00edtica de Paz Total, a pesar de su impacto limitado debido a la continuidad de las acciones violentas de los principales grupos armados de Colombia.","rel":"","context":"En \u00abNoticias\u00bb","block_context":{"text":"Noticias","link":"https:\/\/insightcrime.org\/es\/category\/noticias\/"},"img":{"alt_text":"","src":"https:\/\/i0.wp.com\/insightcrime.org\/wp-content\/uploads\/2025\/04\/Colombia_Conflicto_ELN_-Christian-Escobar-Mora-1.jpg?fit=350%2C250&quality=100&ssl=1&resize=350%2C200","width":350,"height":200},"classes":[]},{"id":326536,"url":"https:\/\/insightcrime.org\/es\/noticias\/gamechangers-2025-colombia-paz-total-sin-salida\/","url_meta":{"origin":232474,"position":3},"title":"GameChangers 2025: El laberinto sin salida de la Paz Total en Colombia","author":"Sara Garcia","date":"5 de enero de 2026","format":false,"excerpt":"En 2025, Colombia experiment\u00f3 niveles de violencia no vistos en a\u00f1os, producto de disputas entre grupos criminales, fortalecidos militar y territorialmente en zonas clave para las econom\u00edas ilegales.\u00a0Comprender este trasfondo hist\u00f3rico resulta esencial para analizar c\u00f3mo podr\u00edan evolucionar las din\u00e1micas de seguridad en Colombia en los pr\u00f3ximos a\u00f1os.","rel":"","context":"En \u00abAudio\u00bb","block_context":{"text":"Audio","link":"https:\/\/insightcrime.org\/es\/category\/audio-es\/"},"img":{"alt_text":"","src":"https:\/\/i0.wp.com\/insightcrime.org\/wp-content\/uploads\/2025\/12\/Covers-Gamechangers-2025_Cover-Colombia.jpg?fit=1200%2C690&quality=100&ssl=1&resize=350%2C200","width":350,"height":200,"srcset":"https:\/\/i0.wp.com\/insightcrime.org\/wp-content\/uploads\/2025\/12\/Covers-Gamechangers-2025_Cover-Colombia.jpg?fit=1200%2C690&quality=100&ssl=1&resize=350%2C200 1x, https:\/\/i0.wp.com\/insightcrime.org\/wp-content\/uploads\/2025\/12\/Covers-Gamechangers-2025_Cover-Colombia.jpg?fit=1200%2C690&quality=100&ssl=1&resize=525%2C300 1.5x, https:\/\/i0.wp.com\/insightcrime.org\/wp-content\/uploads\/2025\/12\/Covers-Gamechangers-2025_Cover-Colombia.jpg?fit=1200%2C690&quality=100&ssl=1&resize=700%2C400 2x, https:\/\/i0.wp.com\/insightcrime.org\/wp-content\/uploads\/2025\/12\/Covers-Gamechangers-2025_Cover-Colombia.jpg?fit=1200%2C690&quality=100&ssl=1&resize=1050%2C600 3x"},"classes":[]},{"id":106516,"url":"https:\/\/insightcrime.org\/es\/noticias-crimen-organizado-colombia\/ex-farc-mafia\/","url_meta":{"origin":232474,"position":4},"title":"Disidencias de las FARC","author":"InSight Crime","date":"11 de marzo de 2024","format":false,"excerpt":"Las disidencias de las FARC son una serie de estructuras criminales que surgieron durante y despu\u00e9s de las negociaciones de paz entre el Gobierno colombiano y la guerrilla de las Fuerzas Armadas Revolucionarias de Colombia (FARC) en 2016. Se han establecido como importantes actores criminales tanto en Colombia como en\u2026","rel":"","context":"En \u00abColombia\u00bb","block_context":{"text":"Colombia","link":"https:\/\/insightcrime.org\/es\/category\/noticias-crimen-organizado-colombia\/"},"img":{"alt_text":"","src":"https:\/\/i0.wp.com\/insightcrime.org\/wp-content\/uploads\/2026\/06\/Grupo-Criminal-FARC.jpg?fit=1200%2C900&quality=100&ssl=1&resize=350%2C200","width":350,"height":200,"srcset":"https:\/\/i0.wp.com\/insightcrime.org\/wp-content\/uploads\/2026\/06\/Grupo-Criminal-FARC.jpg?fit=1200%2C900&quality=100&ssl=1&resize=350%2C200 1x, https:\/\/i0.wp.com\/insightcrime.org\/wp-content\/uploads\/2026\/06\/Grupo-Criminal-FARC.jpg?fit=1200%2C900&quality=100&ssl=1&resize=525%2C300 1.5x, https:\/\/i0.wp.com\/insightcrime.org\/wp-content\/uploads\/2026\/06\/Grupo-Criminal-FARC.jpg?fit=1200%2C900&quality=100&ssl=1&resize=700%2C400 2x, https:\/\/i0.wp.com\/insightcrime.org\/wp-content\/uploads\/2026\/06\/Grupo-Criminal-FARC.jpg?fit=1200%2C900&quality=100&ssl=1&resize=1050%2C600 3x"},"classes":[]},{"id":232566,"url":"https:\/\/insightcrime.org\/es\/noticias\/muerte-ivan-marquez-simplifica-negociaciones-paz-total\/","url_meta":{"origin":232474,"position":5},"title":"Muerte de Iv\u00e1n M\u00e1rquez simplifica negociaciones de la &#8216;Paz Total&#8217;","author":"Peter Appleby","date":"10 de julio de 2023","format":false,"excerpt":"Iv\u00e1n M\u00e1rquez, excomandante de las FARC, muri\u00f3 supuestamente en Venezuela, una muerte que seguramente tendr\u00e1 consecuencias de amplio alcance para las negociaciones de la \u201cPaz Total\u201d en Colombia.","rel":"","context":"En \u00abNoticias\u00bb","block_context":{"text":"Noticias","link":"https:\/\/insightcrime.org\/es\/category\/noticias\/"},"img":{"alt_text":"Imagen de Iv\u00e1n M\u00e1rquez, excomandante de las FARC, jefe negociador de los acuerdos de 2016 y comandante de la disidencia de la Segunda Marquetalia.","src":"https:\/\/i0.wp.com\/insightcrime.org\/wp-content\/uploads\/2023\/09\/ivan-marquez-1-1-1.jpeg?fit=350%2C250&quality=100&ssl=1&resize=350%2C200","width":350,"height":200},"classes":[]}],"jetpack_featured_media_url":"https:\/\/i0.wp.com\/insightcrime.org\/wp-content\/uploads\/2023\/09\/ExFARC-1.jpg?fit=350%2C250&quality=100&ssl=1","_links":{"self":[{"href":"https:\/\/insightcrime.org\/es\/wp-json\/wp\/v2\/posts\/232474","targetHints":{"allow":["GET"]}}],"collection":[{"href":"https:\/\/insightcrime.org\/es\/wp-json\/wp\/v2\/posts"}],"about":[{"href":"https:\/\/insightcrime.org\/es\/wp-json\/wp\/v2\/types\/post"}],"author":[{"embeddable":true,"href":"https:\/\/insightcrime.org\/es\/wp-json\/wp\/v2\/users\/202"}],"replies":[{"embeddable":true,"href":"https:\/\/insightcrime.org\/es\/wp-json\/wp\/v2\/comments?post=232474"}],"version-history":[{"count":0,"href":"https:\/\/insightcrime.org\/es\/wp-json\/wp\/v2\/posts\/232474\/revisions"}],"wp:featuredmedia":[{"embeddable":true,"href":"https:\/\/insightcrime.org\/es\/wp-json\/wp\/v2\/media\/233935"}],"wp:attachment":[{"href":"https:\/\/insightcrime.org\/es\/wp-json\/wp\/v2\/media?parent=232474"}],"wp:term":[{"taxonomy":"category","embeddable":true,"href":"https:\/\/insightcrime.org\/es\/wp-json\/wp\/v2\/categories?post=232474"},{"taxonomy":"post_tag","embeddable":true,"href":"https:\/\/insightcrime.org\/es\/wp-json\/wp\/v2\/tags?post=232474"},{"taxonomy":"newspack_spnsrs_tax","embeddable":true,"href":"https:\/\/insightcrime.org\/es\/wp-json\/wp\/v2\/newspack_spnsrs_tax?post=232474"},{"taxonomy":"author","embeddable":true,"href":"https:\/\/insightcrime.org\/es\/wp-json\/wp\/v2\/coauthors?post=232474"}],"curies":[{"name":"wp","href":"https:\/\/api.w.org\/{rel}","templated":true}]}}