{"id":232511,"date":"2023-08-11T19:07:24","date_gmt":"2023-08-12T00:07:24","guid":{"rendered":"https:\/\/insightcrime.org\/sin-categorizar\/pacto-proteccion-amazonia-omite-crimen-organizado\/"},"modified":"2023-09-27T03:00:30","modified_gmt":"2023-09-27T08:00:30","slug":"pacto-proteccion-amazonia-omite-crimen-organizado","status":"publish","type":"post","link":"https:\/\/insightcrime.org\/es\/noticias\/pacto-proteccion-amazonia-omite-crimen-organizado\/","title":{"rendered":"Pacto para la protecci\u00f3n de la Amazon\u00eda se queda corto en lucha contra el crimen organizado"},"content":{"rendered":"\n<p class=\"wp-block-paragraph\">Las naciones suramericanas firmaron un pacto hist\u00f3rico para la protecci\u00f3n de la selva amaz\u00f3nica, pero el acuerdo no contempl\u00f3 estrategias integrales para combatir los delitos ambientales.<\/p>\n\n\n\n<p class=\"wp-block-paragraph\">Los l\u00edderes de ocho pa\u00edses de la Amazon\u00eda \u2014Bolivia, Brasil, Colombia, Ecuador, Guyana, Per\u00fa, Surinam y Venezuela\u2014 se reunieron en la ciudad brasile\u00f1a de Bel\u00e9m el 8 de agosto.<\/p>\n\n\n\n<p class=\"wp-block-paragraph\">En la cumbre, organizada por el presidente brasile\u00f1o Luiz In\u00e1cio Lula da Silva, las naciones amaz\u00f3nicas aprobaron una <a href=\"https:\/\/www.gov.br\/mre\/pt-br\/canais_atendimento\/imprensa\/notas-a-imprensa\/declaracao-presidencial-por-ocasiao-da-cupula-da-amazonia-2013-iv-reuniao-de-presidentes-dos-estados-partes-no-tratado-de-cooperacao-amazonica\" target=\"_blank\" rel=\"noreferrer noopener nofollow\">declaraci\u00f3n<\/a> mediante la cual se comprometieron a redoblar los esfuerzos multilaterales para la protecci\u00f3n de la selva amaz\u00f3nica.<\/p>\n\n\n\n<p class=\"wp-block-paragraph\">Los l\u00edderes acordaron medidas para fortalecer la cooperaci\u00f3n contra la miner\u00eda y la tala ilegales, ampliar el intercambio de inteligencia entre fuerzas de seguridad, y establecer centros conjuntos de polic\u00eda y tr\u00e1fico a\u00e9reo para mejorar la capacidad de las autoridades, entre otras acciones.<\/p>\n\n\n\n<p class=\"wp-block-paragraph\">En un trino, Lula describi\u00f3 la cumbre como un \u201cevento sin precedentes\u201d y agreg\u00f3 que \u201cpor primera vez, reunimos a los l\u00edderes de las naciones amaz\u00f3nicas para pensar en la cooperaci\u00f3n para el desarrollo sostenible\u201d.<\/p>\n\n\n\n<p class=\"wp-block-paragraph\">Sin embargo, los cr\u00edticos de la declaraci\u00f3n se\u00f1alaron que esta no incluy\u00f3 un <a href=\"https:\/\/www.reuters.com\/sustainability\/amazon-rainforest-nations-gather-forge-shared-policy-brazil-2023-08-08\/\" target=\"_blank\" rel=\"noreferrer noopener nofollow\">compromiso<\/a> multilateral para acabar con la deforestaci\u00f3n, que fue originalmente uno de los objetivos de la conferencia. La Amazon\u00eda es escenario de diversas econom\u00edas criminales, como la <a href=\"https:\/\/es.insightcrime.org\/investigaciones\/comercio-toxico-mineria-ilegal-regiones-triple-frontera-amazonicas\/\" target=\"_blank\" rel=\"noreferrer noopener\">miner\u00eda ilegal<\/a>, el <a href=\"https:\/\/es.insightcrime.org\/investigaciones\/bajo-superficie-trafico-madera-triple-frontera-peru-colombia-brasil\/\" target=\"_blank\" rel=\"noreferrer noopener\">tr\u00e1fico de madera<\/a> y la <a href=\"https:\/\/es.insightcrime.org\/investigaciones\/expansion-narcotrafico-frontera-peru-colombia-brasil\/\" target=\"_blank\" rel=\"noreferrer noopener\">producci\u00f3n de narc\u00f3ticos<\/a>, que acarrean la deforestaci\u00f3n y la degradaci\u00f3n ambiental. Estas actividades muchas veces est\u00e1n a cargo de poderosos grupos criminales, como las <a href=\"https:\/\/es.insightcrime.org\/noticias-crimen-organizado-colombia\/ex-farc-mafia\/\" target=\"_blank\" rel=\"noreferrer noopener\">ex-FARC mafia<\/a> y el Ej\u00e9rcito de Liberaci\u00f3n Nacional (<a href=\"https:\/\/es.insightcrime.org\/noticias-crimen-organizado-colombia\/eln-colombia\/\" target=\"_blank\" rel=\"noreferrer noopener\">ELN<\/a>), de Colombia, y el Primer Comando de la Capital (Primeiro Comando da Capital, <a href=\"https:\/\/es.insightcrime.org\/noticias-crimen-organizado-brasil\/primer-comando-capital-pcc-perfil\/\" target=\"_blank\" rel=\"noreferrer noopener\">PCC<\/a>), de Brasil.<\/p>\n\n\n\n<blockquote class=\"wp-block-quote is-layout-flow wp-block-quote-is-layout-flow\">\n<p class=\"wp-block-paragraph\"><strong><mark style=\"background-color:rgba(0, 0, 0, 0);color:#b40026\" class=\"has-inline-color\">VEA TAMBI\u00c9N:<\/mark><\/strong> <a href=\"https:\/\/es.insightcrime.org\/noticias\/brasil-mantener-mineros-ilegales-fuera-tierras-yanomami\/\" target=\"_blank\" rel=\"noreferrer noopener\">\u00bfPuede Brasil mantener a los mineros ilegales fuera de las tierras Yanomami?\u202f<\/a><\/p>\n<\/blockquote>\n\n\n\n<p class=\"wp-block-paragraph\">A pesar de la presencia de grupos criminales que se han atrincherado en la comisi\u00f3n de delitos ambientales, Lula y su hom\u00f3logo colombiano Gustavo Petro han hecho grandes avances contra los delitos ambientales en los \u00faltimos meses.<\/p>\n\n\n\n<p class=\"wp-block-paragraph\">Cuando Lula asumi\u00f3 el poder a comienzos de 2023, comenz\u00f3 a <a href=\"https:\/\/es.insightcrime.org\/noticias\/brasil-enfrenta-mineria-ilegal-oro-legislativas\/\" target=\"_blank\" rel=\"noreferrer noopener\">expulsar<\/a> a los mineros ilegales que operaban en el rico territorio Yanomami, cerca de la frontera de ese pa\u00eds con Venezuela. Las operaciones tuvieron \u00e9xito en su mayor\u00eda, pues solo se <a href=\"https:\/\/es.insightcrime.org\/noticias\/brasil-mantener-mineros-ilegales-fuera-tierras-yanomami\/\" target=\"_blank\" rel=\"noreferrer noopener\">detectaron<\/a> 33 nuevas minas en abril y mayo de 2023, en comparaci\u00f3n con 538 en el mismo periodo del a\u00f1o anterior.<\/p>\n\n\n\n<p class=\"wp-block-paragraph\">Este \u00e9xito se <a href=\"https:\/\/www.bbc.com\/news\/world-latin-america-66393360\" target=\"_blank\" rel=\"noreferrer noopener nofollow\">combin\u00f3<\/a> con la cifra m\u00e1s baja de las tasas de deforestaci\u00f3n en los \u00faltimos seis a\u00f1os, una mejora radical desde las tasas de <a href=\"https:\/\/es.insightcrime.org\/noticias\/noticias-del-dia\/multas-ambientales-detonan-crisis-deforestacion-brasil\/\" target=\"_blank\" rel=\"noreferrer noopener\">deforestaci\u00f3n<\/a> astron\u00f3micas durante el mandato del expresidente Jair Bolsonaro. En Colombia, la administraci\u00f3n Petro tambi\u00e9n present\u00f3 avances contra la deforestaci\u00f3n, al <a href=\"https:\/\/www.minambiente.gov.co\/comunicado-de-prensa\/gobierno-petro-logra-historica-reduccion-de-la-deforestacion-en-2022\/\" target=\"_blank\" rel=\"noreferrer noopener\">citar<\/a> una reducci\u00f3n de 29% en la deforestaci\u00f3n en 2022 en relaci\u00f3n con 2021.<\/p>\n\n\n\n<p class=\"wp-block-paragraph\">Estos logros fueron un buen augurio para las iniciativas de conservaci\u00f3n futuras para la Amazon\u00eda, seg\u00fan Gustavo Faleiros, director de investigaciones ambientales del Centro Pulitzer.<\/p>\n\n\n\n<p class=\"wp-block-paragraph\">\u201cEste es sin duda el evento m\u00e1s simb\u00f3lico en t\u00e9rminos pol\u00edticos que est\u00e1 ocurriendo justo ahora para la Amazon\u00eda\u201d, declar\u00f3 a InSight Crime. \u201cLos dos pa\u00edses con las mayores extensiones de la Amazon\u00eda trabajando de manera mancomunada para reducir la deforestaci\u00f3n\u201d.<\/p>\n\n\n\n<h2 class=\"wp-block-heading\" id=\"h-analisis-de-insight-crime\"><strong>An\u00e1lisis de InSight Crime<\/strong><\/h2>\n\n\n\n<p class=\"wp-block-paragraph\">La declaraci\u00f3n de Bel\u00e9m sienta un precedente regional importante en la lucha contra los delitos ambientales y la deforestaci\u00f3n en la Amazon\u00eda. Pero como los delitos ambientales est\u00e1n cada vez m\u00e1s ligados a otras econom\u00edas criminales, como el narcotr\u00e1fico, se requieren acciones m\u00e1s contundentes.<\/p>\n\n\n\n<p class=\"wp-block-paragraph\">Hace poco, InSight Crime public\u00f3 una <a href=\"https:\/\/es.insightcrime.org\/investigaciones\/amazonia-saqueada-raices-delitos-ambientales-regiones-triple-frontera\/\" target=\"_blank\" rel=\"noreferrer noopener\">investigaci\u00f3n<\/a> que exploraba el crimen organizado en las regiones trifronterizas de la Amazon\u00eda.<\/p>\n\n\n\n<p class=\"wp-block-paragraph\">Vimos que la presencia del Estado es m\u00ednima en la regi\u00f3n, lo que permite el tr\u00e1nsito sin impedimentos de delincuentes entre pa\u00edses. Tambi\u00e9n investigamos el importante papel de las comunidades ind\u00edgenas en el combate a los delitos ambientales, y se\u00f1alamos que las futuras soluciones en materia de pol\u00edticas deben dar mayor espacio a las voces ind\u00edgenas.<\/p>\n\n\n\n<p class=\"wp-block-paragraph\">El pacto de Bel\u00e9m es un gran avance para enfrentar estos dos problemas. <\/p>\n\n\n\n<p class=\"wp-block-paragraph\">Propone operativos conjuntos de las autoridades e intercambio de inteligencia en materia de delitos ambientales, para ayudar a las autoridades a trabajar entre fronteras tal como hacen los delincuentes. Tambi\u00e9n hace \u00e9nfasis en la necesidad de prestar atenci\u00f3n a la salud, la inclusi\u00f3n social y econ\u00f3mica y la participaci\u00f3n de las comunidades ind\u00edgenas en el proceso de formulaci\u00f3n de pol\u00edticas.<\/p>\n\n\n\n<blockquote class=\"wp-block-quote is-layout-flow wp-block-quote-is-layout-flow\">\n<p class=\"wp-block-paragraph\"><strong><mark style=\"background-color:rgba(0, 0, 0, 0);color:#b40026\" class=\"has-inline-color\">VEA TAMBI\u00c9N: <\/mark><\/strong><a href=\"https:\/\/es.insightcrime.org\/investigaciones\/amazonia-saqueada-raices-delitos-ambientales-regiones-triple-frontera\/\" target=\"_blank\" rel=\"noreferrer noopener\">Amazon\u00eda saqueada: las ra\u00edces de los delitos ambientales en las regiones de triple frontera<\/a><\/p>\n<\/blockquote>\n\n\n\n<p class=\"wp-block-paragraph\">Pero la declaraci\u00f3n no mencion\u00f3 la multiplicaci\u00f3n de asociaciones entre los delitos ambientales en la Amazon\u00eda con el narcotr\u00e1fico y con poderosas organizaciones criminales transnacionales. En los 113 puntos de la declaraci\u00f3n, solo se mencion\u00f3 una vez \u201cnarcotr\u00e1fico\u201d y otra \u201ccrimen organizado\u201d.<\/p>\n\n\n\n<p class=\"wp-block-paragraph\">\u201cLos pa\u00edses siguen considerando [los grupos armados] como un problema interno y no conectado realmente con los intereses globales de conservaci\u00f3n y reducci\u00f3n de emisiones\u201d, coment\u00f3 Faleiros a InSight Crime. \u201cCreo que perdimos una oportunidad de actuar de manera m\u00e1s directa en ese aspecto, porque no se puede negar la conexi\u00f3n entre ellos\u201d. <\/p>\n\n\n\n<p class=\"wp-block-paragraph\">Muchos grupos narcotraficantes que operan en la Amazon\u00eda han creado esquemas de lavado de dinero y corrupci\u00f3n. Con esta infraestructura, han diversificado lucrativos delitos ambientales, como la miner\u00eda y la tala ilegales, aprovechando el aislamiento de la Amazon\u00eda y su red de r\u00edos para el transporte de mercanc\u00edas ilegales. Esto ha atra\u00eddo a poderosos grupos transnacionales, como las ex-FARC mafia, el ELN y el PCC, que son mucho m\u00e1s dif\u00edciles de combatir por sus altos grados de organizaci\u00f3n, su enorme riqueza y su presencia a ambos lados de las fronteras<\/p>\n","protected":false},"excerpt":{"rendered":"<p>Las naciones suramericanas firmaron un pacto hist\u00f3rico para la protecci\u00f3n de la selva amaz\u00f3nica, pero el acuerdo no contempl\u00f3 estrategias integrales para combatir los delitos ambientales.<\/p>\n","protected":false},"author":237,"featured_media":234091,"comment_status":"closed","ping_status":"closed","sticky":false,"template":"","format":"standard","meta":{"newspack_ads_suppress_ads":false,"newspack_popups_has_disabled_popups":false,"newspack_sponsor_sponsorship_scope":"","newspack_sponsor_native_byline_display":"inherit","newspack_sponsor_native_category_display":"inherit","newspack_sponsor_underwriter_style":"inherit","newspack_sponsor_underwriter_placement":"inherit","_EventAllDay":false,"_EventTimezone":"","_EventStartDate":"","_EventEndDate":"","_EventStartDateUTC":"","_EventEndDateUTC":"","_EventShowMap":false,"_EventShowMapLink":false,"_EventURL":"","_EventCost":"","_EventCostDescription":"","_EventCurrencySymbol":"","_EventCurrencyCode":"","_EventCurrencyPosition":"","_EventDateTimeSeparator":"","_EventTimeRangeSeparator":"","_EventOrganizerID":[],"_EventVenueID":[],"_OrganizerEmail":"","_OrganizerPhone":"","_OrganizerWebsite":"","_VenueAddress":"","_VenueCity":"","_VenueCountry":"","_VenueProvince":"","_VenueState":"","_VenueZip":"","_VenuePhone":"","_VenueURL":"","_VenueStateProvince":"","_VenueLat":"","_VenueLng":"","_VenueShowMap":false,"_VenueShowMapLink":false,"_newspack_byline_active":false,"_newspack_byline":"","newspack_hide_updated_date":false,"newspack_show_updated_date":false,"newspack_featured_image_position":"","newspack_post_subtitle":"","newspack_article_summary_title":"Overview:","newspack_article_summary":"","_jetpack_memberships_contains_paid_content":false,"footnotes":""},"categories":[759],"tags":[405,368,439,456,438,3481],"newspack_spnsrs_tax":[],"coauthors":[4323],"class_list":["post-232511","post","type-post","status-publish","format-standard","has-post-thumbnail","hentry","category-noticias","tag-brasil","tag-colombia-pais","tag-delitos-ambientales","tag-mineria","tag-politicas-de-seguridad","tag-trafico-de-madera","entry"],"parsely":{"version":"1.1.0","canonical_url":"https:\/\/insightcrime.org\/es\/noticias\/pacto-proteccion-amazonia-omite-crimen-organizado\/","smart_links":{"inbound":0,"outbound":0},"traffic_boost_suggestions_count":0,"meta":{"@context":"https:\/\/schema.org","@type":"NewsArticle","headline":"Pacto para la protecci\u00f3n de la Amazon\u00eda se queda corto en lucha contra el crimen organizado","url":"http:\/\/insightcrime.org\/es\/noticias\/pacto-proteccion-amazonia-omite-crimen-organizado\/","mainEntityOfPage":{"@type":"WebPage","@id":"http:\/\/insightcrime.org\/es\/noticias\/pacto-proteccion-amazonia-omite-crimen-organizado\/"},"thumbnailUrl":"https:\/\/i0.wp.com\/insightcrime.org\/wp-content\/uploads\/2023\/09\/Amazon-Belem-Declaration-Environmental-Crime-MercoPress-1-1.jpg?resize=150%2C150&quality=100&ssl=1","image":{"@type":"ImageObject","url":"https:\/\/i0.wp.com\/insightcrime.org\/wp-content\/uploads\/2023\/09\/Amazon-Belem-Declaration-Environmental-Crime-MercoPress-1-1.jpg?fit=350%2C250&quality=100&ssl=1"},"articleSection":"Noticias","author":[{"@type":"Person","name":"Gavin Voss"}],"creator":["Gavin Voss"],"publisher":{"@type":"Organization","name":"InSight Crime","logo":"https:\/\/insightcrime.org\/wp-content\/uploads\/2023\/08\/logo.png"},"keywords":["brasil","colombia","delitos ambientales","miner\u00eda ilegal","pol\u00edticas de seguridad","tr\u00e1fico de madera"],"dateCreated":"2023-08-12T00:07:24Z","datePublished":"2023-08-12T00:07:24Z","dateModified":"2023-09-27T08:00:30Z"},"rendered":"<meta name=\"parsely-title\" content=\"Pacto para la protecci\u00f3n de la Amazon\u00eda se queda corto en lucha contra el crimen organizado\" \/>\n<meta name=\"parsely-link\" content=\"http:\/\/insightcrime.org\/es\/noticias\/pacto-proteccion-amazonia-omite-crimen-organizado\/\" \/>\n<meta name=\"parsely-type\" content=\"post\" \/>\n<meta name=\"parsely-image-url\" content=\"https:\/\/i0.wp.com\/insightcrime.org\/wp-content\/uploads\/2023\/09\/Amazon-Belem-Declaration-Environmental-Crime-MercoPress-1-1.jpg?resize=150%2C150&amp;quality=100&amp;ssl=1\" \/>\n<meta name=\"parsely-pub-date\" content=\"2023-08-12T00:07:24Z\" \/>\n<meta name=\"parsely-section\" content=\"Noticias\" \/>\n<meta name=\"parsely-tags\" content=\"brasil,colombia,delitos ambientales,miner\u00eda ilegal,pol\u00edticas de seguridad,tr\u00e1fico de madera\" \/>\n<meta name=\"parsely-author\" content=\"Gavin Voss\" \/>","tracker_url":"https:\/\/cdn.parsely.com\/keys\/insightcrime.org\/p.js"},"jetpack_sharing_enabled":true,"jetpack-related-posts":[{"id":201888,"url":"https:\/\/insightcrime.org\/es\/investigaciones\/selva-amazonica-bajo-ataque-flancos\/","url_meta":{"origin":232511,"position":0},"title":"Selva Amaz\u00f3nica bajo ataque por todos los flancos","author":"Mar\u00eda Fernanda Ram\u00edrez","date":"8 de noviembre de 2022","format":false,"excerpt":"La cuenca amaz\u00f3nica est\u00e1 siendo talada a un ritmo acelerado. Los delitos ambientales est\u00e1n impulsando una creciente deforestaci\u00f3n.","rel":"","context":"En \u00abInvestigaciones\u00bb","block_context":{"text":"Investigaciones","link":"https:\/\/insightcrime.org\/es\/category\/investigaciones\/"},"img":{"alt_text":"","src":"https:\/\/i0.wp.com\/insightcrime.org\/wp-content\/uploads\/2022\/10\/Amazonas-Fase1-Cover-Capitulo1.png?fit=1200%2C438&quality=100&ssl=1&resize=350%2C200","width":350,"height":200,"srcset":"https:\/\/i0.wp.com\/insightcrime.org\/wp-content\/uploads\/2022\/10\/Amazonas-Fase1-Cover-Capitulo1.png?fit=1200%2C438&quality=100&ssl=1&resize=350%2C200 1x, https:\/\/i0.wp.com\/insightcrime.org\/wp-content\/uploads\/2022\/10\/Amazonas-Fase1-Cover-Capitulo1.png?fit=1200%2C438&quality=100&ssl=1&resize=525%2C300 1.5x, https:\/\/i0.wp.com\/insightcrime.org\/wp-content\/uploads\/2022\/10\/Amazonas-Fase1-Cover-Capitulo1.png?fit=1200%2C438&quality=100&ssl=1&resize=700%2C400 2x, https:\/\/i0.wp.com\/insightcrime.org\/wp-content\/uploads\/2022\/10\/Amazonas-Fase1-Cover-Capitulo1.png?fit=1200%2C438&quality=100&ssl=1&resize=1050%2C600 3x"},"classes":[]},{"id":232521,"url":"https:\/\/insightcrime.org\/es\/investigaciones\/retos-proteccion-regiones-triple-frontera-amazonica\/","url_meta":{"origin":232511,"position":1},"title":"Retos para la protecci\u00f3n de las regiones de la triple frontera Amaz\u00f3nica","author":"Juan Diego C\u00e1rdenas","date":"8 de agosto de 2023","format":false,"excerpt":"Las disueltas leyes dom\u00e9sticas y los conflictos de inter\u00e9s confluyen en las regiones de triple frontera en la Amazon\u00eda. Los compromisos de protecci\u00f3n de la vida silvestre de la regi\u00f3n cambian con cada nueva administraci\u00f3n pol\u00edtica.","rel":"","context":"En \u00abInvestigaciones\u00bb","block_context":{"text":"Investigaciones","link":"https:\/\/insightcrime.org\/es\/category\/investigaciones\/"},"img":{"alt_text":"","src":"https:\/\/i0.wp.com\/insightcrime.org\/wp-content\/uploads\/2023\/09\/Amazonas-Cover-Capitulo4-ESP-ENG-InSightCrime-2023-1.png?fit=1200%2C438&quality=100&ssl=1&resize=350%2C200","width":350,"height":200,"srcset":"https:\/\/i0.wp.com\/insightcrime.org\/wp-content\/uploads\/2023\/09\/Amazonas-Cover-Capitulo4-ESP-ENG-InSightCrime-2023-1.png?fit=1200%2C438&quality=100&ssl=1&resize=350%2C200 1x, https:\/\/i0.wp.com\/insightcrime.org\/wp-content\/uploads\/2023\/09\/Amazonas-Cover-Capitulo4-ESP-ENG-InSightCrime-2023-1.png?fit=1200%2C438&quality=100&ssl=1&resize=525%2C300 1.5x, https:\/\/i0.wp.com\/insightcrime.org\/wp-content\/uploads\/2023\/09\/Amazonas-Cover-Capitulo4-ESP-ENG-InSightCrime-2023-1.png?fit=1200%2C438&quality=100&ssl=1&resize=700%2C400 2x, https:\/\/i0.wp.com\/insightcrime.org\/wp-content\/uploads\/2023\/09\/Amazonas-Cover-Capitulo4-ESP-ENG-InSightCrime-2023-1.png?fit=1200%2C438&quality=100&ssl=1&resize=1050%2C600 3x"},"classes":[]},{"id":263742,"url":"https:\/\/insightcrime.org\/es\/noticias\/gamechangers-2023-victoria-deforestacion-amazonia\/","url_meta":{"origin":232511,"position":2},"title":"GameChangers 2023: Una victoria sobre la deforestaci\u00f3n en la Amazon\u00eda, por ahora","author":"Mar\u00eda Fernanda Ram\u00edrez","date":"2 de enero de 2024","format":false,"excerpt":"Entre la reducci\u00f3n en la p\u00e9rdida de bosque este a\u00f1o y la celebraci\u00f3n de la cumbre amaz\u00f3nica, este a\u00f1o representa una peque\u00f1a victoria en la batalla contra la deforestaci\u00f3n en la regi\u00f3n. Sin embargo, este triunfo contrasta con un preocupante panorama regional, en el que cada vez m\u00e1s grupos criminales\u2026","rel":"","context":"En \u00abNoticias\u00bb","block_context":{"text":"Noticias","link":"https:\/\/insightcrime.org\/es\/category\/noticias\/"},"img":{"alt_text":"","src":"https:\/\/i0.wp.com\/insightcrime.org\/wp-content\/uploads\/2023\/08\/Gamechangers-Cover-Cap-2.jpg?fit=1200%2C576&quality=100&ssl=1&resize=350%2C200","width":350,"height":200,"srcset":"https:\/\/i0.wp.com\/insightcrime.org\/wp-content\/uploads\/2023\/08\/Gamechangers-Cover-Cap-2.jpg?fit=1200%2C576&quality=100&ssl=1&resize=350%2C200 1x, https:\/\/i0.wp.com\/insightcrime.org\/wp-content\/uploads\/2023\/08\/Gamechangers-Cover-Cap-2.jpg?fit=1200%2C576&quality=100&ssl=1&resize=525%2C300 1.5x, https:\/\/i0.wp.com\/insightcrime.org\/wp-content\/uploads\/2023\/08\/Gamechangers-Cover-Cap-2.jpg?fit=1200%2C576&quality=100&ssl=1&resize=700%2C400 2x, https:\/\/i0.wp.com\/insightcrime.org\/wp-content\/uploads\/2023\/08\/Gamechangers-Cover-Cap-2.jpg?fit=1200%2C576&quality=100&ssl=1&resize=1050%2C600 3x"},"classes":[]},{"id":201964,"url":"https:\/\/insightcrime.org\/es\/investigaciones\/marcos-legales-proteccion-amazonia-prueba\/","url_meta":{"origin":232511,"position":3},"title":"Marcos legales para la protecci\u00f3n de la Amazon\u00eda a prueba","author":"Seth Robbins","date":"8 de noviembre de 2022","format":false,"excerpt":"Los delitos ambientales abundan en toda la Amazon\u00eda como resultado de la escasa capacidad de reacci\u00f3n del Estado. A pesar de que se han hecho esfuerzos para combatirlos, la corrupci\u00f3n, la falta de voluntad pol\u00edtica y la escasa articulaci\u00f3n entre los organismos p\u00fablicos forman una mezcla explosiva que ha provocado\u2026","rel":"","context":"En \u00abInvestigaciones\u00bb","block_context":{"text":"Investigaciones","link":"https:\/\/insightcrime.org\/es\/category\/investigaciones\/"},"img":{"alt_text":"","src":"https:\/\/i0.wp.com\/insightcrime.org\/wp-content\/uploads\/2022\/10\/Amazonas-Fase1-Cover-Capitulo6-2.png?fit=1200%2C438&quality=100&ssl=1&resize=350%2C200","width":350,"height":200,"srcset":"https:\/\/i0.wp.com\/insightcrime.org\/wp-content\/uploads\/2022\/10\/Amazonas-Fase1-Cover-Capitulo6-2.png?fit=1200%2C438&quality=100&ssl=1&resize=350%2C200 1x, https:\/\/i0.wp.com\/insightcrime.org\/wp-content\/uploads\/2022\/10\/Amazonas-Fase1-Cover-Capitulo6-2.png?fit=1200%2C438&quality=100&ssl=1&resize=525%2C300 1.5x, https:\/\/i0.wp.com\/insightcrime.org\/wp-content\/uploads\/2022\/10\/Amazonas-Fase1-Cover-Capitulo6-2.png?fit=1200%2C438&quality=100&ssl=1&resize=700%2C400 2x, https:\/\/i0.wp.com\/insightcrime.org\/wp-content\/uploads\/2022\/10\/Amazonas-Fase1-Cover-Capitulo6-2.png?fit=1200%2C438&quality=100&ssl=1&resize=1050%2C600 3x"},"classes":[]},{"id":193116,"url":"https:\/\/insightcrime.org\/es\/noticias\/comunidades-indigenas-usan-drones-monitoreo-deforestacion-amazonia\/","url_meta":{"origin":232511,"position":4},"title":"Comunidades ind\u00edgenas usan drones para monitorear deforestaci\u00f3n en la Amazon\u00eda","author":"Scott Mistler-Ferguson","date":"26 de julio de 2022","format":false,"excerpt":"Ante el exiguo apoyo de los gobiernos en medio de una deforestaci\u00f3n galopante, las comunidades ind\u00edgenas de Brasil est\u00e1n usando drones para vigilar el Amazonas por su cuenta.","rel":"","context":"En \u00abNoticias\u00bb","block_context":{"text":"Noticias","link":"https:\/\/insightcrime.org\/es\/category\/noticias\/"},"img":{"alt_text":"capacitaci\u00f3n a cuadrillas ind\u00edgenas de monitoreo por parte de WWF","src":"https:\/\/i0.wp.com\/insightcrime.org\/wp-content\/uploads\/2022\/07\/drone-stuff-1.jpeg?fit=350%2C250&quality=100&ssl=1&resize=350%2C200","width":350,"height":200},"classes":[]},{"id":271200,"url":"https:\/\/insightcrime.org\/es\/investigaciones\/amazonia-boliviana-enfrenta-amenazas-todos-lados\/","url_meta":{"origin":232511,"position":5},"title":"La Amazon\u00eda boliviana enfrenta amenazas de todos lados","author":"Seth Robbins","date":"2 de mayo de 2024","format":false,"excerpt":"Los 60 millones de hect\u00e1reas de la Amazon\u00eda boliviana, que abarcan parte de los departamentos de Pando, Beni, Cochabamba, La Paz y Santa Cruz, concentran algunas de las zonas m\u00e1s biodiversas de la cuenca amaz\u00f3nica. Pero la Amazon\u00eda boliviana suele caer en el olvido, ya que otros pa\u00edses reciben la\u2026","rel":"","context":"En \u00abInvestigaciones\u00bb","block_context":{"text":"Investigaciones","link":"https:\/\/insightcrime.org\/es\/category\/investigaciones\/"},"img":{"alt_text":"","src":"https:\/\/i0.wp.com\/insightcrime.org\/wp-content\/uploads\/2024\/05\/Bolivia-Principales-motores-de-la-deforestacion-en-Bolivia-InSightCrime-Mayo-2024.jpg?resize=350%2C200&quality=100&ssl=1","width":350,"height":200,"srcset":"https:\/\/i0.wp.com\/insightcrime.org\/wp-content\/uploads\/2024\/05\/Bolivia-Principales-motores-de-la-deforestacion-en-Bolivia-InSightCrime-Mayo-2024.jpg?resize=350%2C200&quality=100&ssl=1 1x, https:\/\/i0.wp.com\/insightcrime.org\/wp-content\/uploads\/2024\/05\/Bolivia-Principales-motores-de-la-deforestacion-en-Bolivia-InSightCrime-Mayo-2024.jpg?resize=525%2C300&quality=100&ssl=1 1.5x, https:\/\/i0.wp.com\/insightcrime.org\/wp-content\/uploads\/2024\/05\/Bolivia-Principales-motores-de-la-deforestacion-en-Bolivia-InSightCrime-Mayo-2024.jpg?resize=700%2C400&quality=100&ssl=1 2x, https:\/\/i0.wp.com\/insightcrime.org\/wp-content\/uploads\/2024\/05\/Bolivia-Principales-motores-de-la-deforestacion-en-Bolivia-InSightCrime-Mayo-2024.jpg?resize=1050%2C600&quality=100&ssl=1 3x, https:\/\/i0.wp.com\/insightcrime.org\/wp-content\/uploads\/2024\/05\/Bolivia-Principales-motores-de-la-deforestacion-en-Bolivia-InSightCrime-Mayo-2024.jpg?resize=1400%2C800&quality=100&ssl=1 4x"},"classes":[]}],"jetpack_featured_media_url":"https:\/\/i0.wp.com\/insightcrime.org\/wp-content\/uploads\/2023\/09\/Amazon-Belem-Declaration-Environmental-Crime-MercoPress-1-1.jpg?fit=350%2C250&quality=100&ssl=1","_links":{"self":[{"href":"https:\/\/insightcrime.org\/es\/wp-json\/wp\/v2\/posts\/232511","targetHints":{"allow":["GET"]}}],"collection":[{"href":"https:\/\/insightcrime.org\/es\/wp-json\/wp\/v2\/posts"}],"about":[{"href":"https:\/\/insightcrime.org\/es\/wp-json\/wp\/v2\/types\/post"}],"author":[{"embeddable":true,"href":"https:\/\/insightcrime.org\/es\/wp-json\/wp\/v2\/users\/237"}],"replies":[{"embeddable":true,"href":"https:\/\/insightcrime.org\/es\/wp-json\/wp\/v2\/comments?post=232511"}],"version-history":[{"count":0,"href":"https:\/\/insightcrime.org\/es\/wp-json\/wp\/v2\/posts\/232511\/revisions"}],"wp:featuredmedia":[{"embeddable":true,"href":"https:\/\/insightcrime.org\/es\/wp-json\/wp\/v2\/media\/234091"}],"wp:attachment":[{"href":"https:\/\/insightcrime.org\/es\/wp-json\/wp\/v2\/media?parent=232511"}],"wp:term":[{"taxonomy":"category","embeddable":true,"href":"https:\/\/insightcrime.org\/es\/wp-json\/wp\/v2\/categories?post=232511"},{"taxonomy":"post_tag","embeddable":true,"href":"https:\/\/insightcrime.org\/es\/wp-json\/wp\/v2\/tags?post=232511"},{"taxonomy":"newspack_spnsrs_tax","embeddable":true,"href":"https:\/\/insightcrime.org\/es\/wp-json\/wp\/v2\/newspack_spnsrs_tax?post=232511"},{"taxonomy":"author","embeddable":true,"href":"https:\/\/insightcrime.org\/es\/wp-json\/wp\/v2\/coauthors?post=232511"}],"curies":[{"name":"wp","href":"https:\/\/api.w.org\/{rel}","templated":true}]}}