{"id":232566,"date":"2023-07-10T22:24:42","date_gmt":"2023-07-11T03:24:42","guid":{"rendered":"https:\/\/insightcrime.org\/sin-categorizar\/muerte-ivan-marquez-simplifica-negociaciones-paz-total\/"},"modified":"2024-07-31T11:33:48","modified_gmt":"2024-07-31T16:33:48","slug":"muerte-ivan-marquez-simplifica-negociaciones-paz-total","status":"publish","type":"post","link":"https:\/\/insightcrime.org\/es\/noticias\/muerte-ivan-marquez-simplifica-negociaciones-paz-total\/","title":{"rendered":"Muerte de Iv\u00e1n M\u00e1rquez simplifica negociaciones de la &#8216;Paz Total&#8217;"},"content":{"rendered":"\n<p class=\"wp-block-paragraph\">Iv\u00e1n M\u00e1rquez, excomandante de las FARC, muri\u00f3 supuestamente en Venezuela, una muerte que seguramente tendr\u00e1 repercusiones de amplio alcance para las negociaciones de la \u201cPaz Total\u201d en Colombia.<\/p>\n\n\n\n<p class=\"wp-block-paragraph\">El 7 de julio, m\u00faltiples medios informativos informaron la muerte de Luciano Mar\u00edn Arango, alias \u201c<a href=\"https:\/\/es.insightcrime.org\/noticias-crimen-organizado-colombia\/luciano-marin-ivan-marquez\/\" target=\"_blank\" rel=\"noreferrer noopener\">Iv\u00e1n M\u00e1rquez<\/a>\u201d, citando informes de inteligencia colombianos. El diario El Colombiano afirm\u00f3 que su muerte fue confirmada por una fuente de la <a href=\"https:\/\/es.insightcrime.org\/noticias-crimen-organizado-colombia\/segunda-marquetalia\/\" target=\"_blank\" rel=\"noreferrer noopener\">Segunda Marquetalia<\/a>, disidencia de las Fuerzas Armadas Revolucionarias de Colombia (FARC), bajo las \u00f3rdenes de M\u00e1rquez.&nbsp;<\/p>\n\n\n\n<p class=\"wp-block-paragraph\">Pero el gobierno colombiano no ha corroborado estas versiones.<\/p>\n\n\n\n<blockquote class=\"wp-block-quote is-layout-flow wp-block-quote-is-layout-flow\">\n<p class=\"wp-block-paragraph\"><strong><mark style=\"background-color:rgba(0, 0, 0, 0);color:#b40026\" class=\"has-inline-color\">VEA TAMBI\u00c9N:<\/mark><\/strong> <a href=\"https:\/\/es.insightcrime.org\/noticias-crimen-organizado-colombia\/ex-farc-mafia\/\" target=\"_blank\" rel=\"noreferrer noopener\">Perfil de las Ex-FARC Mafia<\/a><\/p>\n<\/blockquote>\n\n\n\n<p class=\"wp-block-paragraph\">Seg\u00fan los medios locales, M\u00e1rquez muri\u00f3 de varias heridas en la cabeza sufridas en un ataque a su campamento en Apure, Venezuela, al parecer perpetrado por fuerzas colombianas, en junio de 2022.<\/p>\n\n\n\n<p class=\"wp-block-paragraph\">En ese tiempo, los gobiernos colombiano y estadounidense err\u00f3neamente <a href=\"https:\/\/es.insightcrime.org\/noticias\/muerte-ivan-marquez-podria-revolucionar-panorama-colombiano-post-farc\/\" target=\"_blank\" rel=\"noreferrer noopener\">lo declararon muerto<\/a>. Pero en el a\u00f1o transcurrido desde el ataque, fue atendido en una casa en Caracas, capital de Venezuela, vigilada por miembros de las fuerzas de seguridad venezolanas, <a href=\"https:\/\/www.eltiempo.com\/justicia\/conflicto-y-narcotrafico\/el-zarco-aldinever-remplazaria-a-ivan-marquez-en-la-segunda-marquetalia-784038\" target=\"_blank\" rel=\"noreferrer noopener\">seg\u00fan revel\u00f3<\/a> El Tiempo.&nbsp;<\/p>\n\n\n\n<p class=\"wp-block-paragraph\">Tras d\u00e9cadas de participaci\u00f3n en las Fuerzas Armadas Revolucionarias de Colombia (<a href=\"https:\/\/es.insightcrime.org\/noticias-crimen-organizado-colombia\/farc-perfil\/\" target=\"_blank\" rel=\"noreferrer noopener\">FARC<\/a>), M\u00e1rquez fungi\u00f3 como jefe negociador en 2016, cuando el grupo firm\u00f3 el Acuerdo de Paz que puso fin a su guerra de 52 a\u00f1os contra el gobierno colombiano. A ra\u00edz del Acuerdo de Paz, M\u00e1rquez se desmoviliz\u00f3 y recibi\u00f3 una curul en el Congreso de Colombia, en representaci\u00f3n del partido Comunes, colectividad pol\u00edtica conformada por las desmovilizadas FARC.<\/p>\n\n\n\n<p class=\"wp-block-paragraph\">Aun as\u00ed, tres a\u00f1os despu\u00e9s, M\u00e1rquez <a href=\"https:\/\/es.insightcrime.org\/investigaciones\/ivan-marquez-deserta-proceso-paz\/\" target=\"_blank\" rel=\"noreferrer noopener\">lider\u00f3<\/a> el retorno a las hostilidades, marcado por su aparici\u00f3n en un video junto a otros excomandantes de las FARC donde denunciaron el Acuerdo de Paz y declararon la creaci\u00f3n de una disidencia a la que bautiz\u00f3 como <a href=\"https:\/\/es.insightcrime.org\/noticias-crimen-organizado-colombia\/segunda-marquetalia\/\" target=\"_blank\" rel=\"noreferrer noopener\">Segunda Marquetalia<\/a>, por el nombre de la cuna de las FARC en el departamento del Tolima, sur de Colombia.<\/p>\n\n\n\n<p class=\"wp-block-paragraph\">Los grupos de excombatientes de las FARC que se opusieron al Acuerdo de Paz y retomaron las armas ahora se conocen en conjunto como las <a href=\"https:\/\/es.insightcrime.org\/noticias-crimen-organizado-colombia\/ex-farc-mafia\/\" target=\"_blank\" rel=\"noreferrer noopener\">ex-FARC mafia<\/a><strong>.<\/strong><\/p>\n\n\n\n<p class=\"wp-block-paragraph\">Tras la muerte de M\u00e1rquez, un disidente de las FARC que ha sido rival de la Segunda Marquetalia, N\u00e9stor Gregorio Vera Fern\u00e1ndez, alias \u201c<a href=\"https:\/\/es.insightcrime.org\/noticias-crimen-organizado-colombia\/nestor-gregorio-vera-fernandez-alias-ivan-mordisco\/\" target=\"_blank\" rel=\"noreferrer noopener\">Iv\u00e1n Mordisco<\/a>\u201d, que dirige otra facci\u00f3n llamada el Estado Mayor Central (<a href=\"https:\/\/es.insightcrime.org\/noticias-crimen-organizado-venezuela\/ex-farc-mafia-estado-mayor-central\/\" target=\"_blank\" rel=\"noreferrer noopener\">EMC<\/a>), pasa a ser el m\u00e1s poderoso de los comandantes de las disidencias de las FARC.&nbsp;<\/p>\n\n\n\n<p class=\"wp-block-paragraph\">Al igual que M\u00e1rquez, Mordisco fue err\u00f3neamente <a href=\"https:\/\/es.insightcrime.org\/noticias\/muerte-ivan-mordisco-fragmenta-disidencias-farc-colombia\/\" target=\"_blank\" rel=\"noreferrer noopener\">dado por muerto<\/a> en julio de 2022 por el gobierno colombiano, despu\u00e9s de un bombardeo a\u00e9reo en su campamento de Caquet\u00e1. Meses despu\u00e9s <a href=\"https:\/\/es.insightcrime.org\/noticias\/reaparicion-ivan-mordisco-reto-paz-total-colombia\/\" target=\"_blank\" rel=\"noreferrer noopener\">reapareci\u00f3<\/a> para manifestar su inter\u00e9s en el plan de la \u00abPaz Total\u201d, propuesto por el actual presidente Gustavo Petro.<\/p>\n\n\n\n<p class=\"wp-block-paragraph\">El 9 de julio, el gobierno colombiano y las disidencias lideradas por Mordisco <a href=\"https:\/\/www.eltiempo.com\/politica\/proceso-de-paz\/gobierno-nacional-y-las-disidencias-de-ivan-mordisco-anuncian-cese-al-fuego-784565\" target=\"_blank\" rel=\"noreferrer noopener\">anunciaron<\/a> el inicio de las negociaciones formales de paz despu\u00e9s de una fase de di\u00e1logos exploratorios <a href=\"https:\/\/www.eltiempo.com\/politica\/proceso-de-paz\/el-camino-a-la-mesa-de-negociaciones-con-las-disidencias-de-ivan-mordisco-784626\" target=\"_blank\" rel=\"noreferrer noopener\">iniciada<\/a> en 2022.<\/p>\n\n\n\n<h2 class=\"wp-block-heading\" id=\"h-analisis-de-insight-crime\"><strong>An\u00e1lisis de InSight Crime<\/strong><\/h2>\n\n\n\n<p class=\"wp-block-paragraph\">La muerte de M\u00e1rquez puede simplificar la v\u00eda hacia la Paz Total. Mordisco, el primer comandante de las antiguas FARC que abandon\u00f3 las negociaciones de 2016, es ahora la figura central de las antiguas FARC en los di\u00e1logos de la Paz Total.<\/p>\n\n\n\n<p class=\"wp-block-paragraph\">Mordisco lidera el autodenominado Estado Mayor Central, el grupo m\u00e1s poderoso de las ex-FARC Mafia. Sus frentes controlan los departamentos de Meta, Guaviare y Vaup\u00e9s, adem\u00e1s de otros departamentos clave. Estos territorios les dan oportunidades en el cultivo de coca y el procesamiento de coca\u00edna, adem\u00e1s de control sobre corredores vitales para el tr\u00e1fico de drogas a trav\u00e9s de Colombia. En medio del actual boom global de la coca\u00edna, la econom\u00eda del alcaloide representa ingentes ganancias al ej\u00e9rcito guerrillero.&nbsp;<\/p>\n\n\n\n<p class=\"wp-block-paragraph\">El presidente Petro, quien milit\u00f3 en el hoy desmovilizado grupo insurgente M-19, es hoy considerado por muchos el m\u00e1s calificado para negociar un acuerdo de paz con los diferentes grupos ilegales de Colombia.&nbsp;<\/p>\n\n\n\n<blockquote class=\"wp-block-quote is-layout-flow wp-block-quote-is-layout-flow\">\n<p class=\"wp-block-paragraph\"><strong><mark style=\"background-color:rgba(0, 0, 0, 0);color:#b40026\" class=\"has-inline-color\">VEA TAMBI\u00c9N:<\/mark> <\/strong><a href=\"https:\/\/es.insightcrime.org\/noticias\/arriesgada-apuesta-colombia-paz-total\/\" target=\"_blank\" rel=\"noreferrer noopener\">La arriesgada apuesta de Colombia por la &#8216;Paz Total&#8217;<\/a><\/p>\n<\/blockquote>\n\n\n\n<p class=\"wp-block-paragraph\">Sin embargo, arrastra muchos lastres, uno de ellos es el fracaso del Acuerdo de Paz de 2016, con la implementaci\u00f3n plena de pocos acuerdos por parte del gobierno colombiano. Cientos de excombatientes de las antiguas FARC permanecen en campamentos que se construyeron para albergarlos mientras se reinsertaban en la sociedad, bajo la vigilancia del Ej\u00e9rcito de Colombia por temor a ataques de otros grupos ilegales, incluidas las disidencias de las FARC, para quienes estos desmovilizados son traidores. Las promesas de tierras cultivables y ayuda financiera para abrir empresas han ca\u00eddo en saco roto, y el programa de sustituci\u00f3n de cultivos pr\u00e1cticamente <a href=\"https:\/\/es.insightcrime.org\/investigaciones\/lideres-sustitucion-cultivos-ilicitos-putumayo-entre-paz-y-coca\/\" target=\"_blank\" rel=\"noreferrer noopener\">fracas\u00f3<\/a>. Para Mordisco, el primero de los jefes de las FARC que dej\u00f3 el proceso de paz de 2016 antes de la firma del Acuerdo, la debilidad de la implementaci\u00f3n de este justific\u00f3, a su parecer, su negativa a suscribirlo.<\/p>\n\n\n\n<p class=\"wp-block-paragraph\">La pol\u00edtica de Paz Total de Petro ha enfrentado desaf\u00edos propios de la estrategia de negociar con <a href=\"https:\/\/es.insightcrime.org\/noticias\/gamechangers-2022-paz-total-desarmar-grupos-criminales-colombia\/\" target=\"_blank\" rel=\"noreferrer noopener\">diversos<\/a> grupos criminales y alzados en armas, pero con la muerte de M\u00e1rquez, es m\u00e1s posible que otras facciones de las antiguas FARC queden bajo la influencia de Mordisco. Es posible que el millar de combatientes movilizados bajo la bandera de la Segunda Marquetalia opten por unirse a la facci\u00f3n de Mordisco. Este comanda el ej\u00e9rcito m\u00e1s numeroso de las ex-FARC y sus credenciales ideol\u00f3gicas se mantienen s\u00f3lidas por sus cr\u00edticas al Acuerdo de Paz de 2016.<\/p>\n\n\n\n<p class=\"wp-block-paragraph\">Si bien la afluencia de combatientes de la Segunda Marquetalia hacia el Estado Mayor Central simplificar\u00eda el panorama de las negociaciones para el gobierno colombiano, tambi\u00e9n pondr\u00eda a Mordisco en mejor posici\u00f3n que antes de la muerte de M\u00e1rquez.<\/p>\n","protected":false},"excerpt":{"rendered":"<p>Iv\u00e1n M\u00e1rquez, excomandante de las FARC, muri\u00f3 supuestamente en Venezuela, una muerte que seguramente tendr\u00e1 consecuencias de amplio alcance para las negociaciones de la \u201cPaz Total\u201d en Colombia.<\/p>\n","protected":false},"author":231,"featured_media":234311,"comment_status":"closed","ping_status":"closed","sticky":false,"template":"","format":"standard","meta":{"newspack_ads_suppress_ads":false,"newspack_popups_has_disabled_popups":false,"newspack_sponsor_sponsorship_scope":"","newspack_sponsor_native_byline_display":"inherit","newspack_sponsor_native_category_display":"inherit","newspack_sponsor_underwriter_style":"inherit","newspack_sponsor_underwriter_placement":"inherit","_EventAllDay":false,"_EventTimezone":"","_EventStartDate":"","_EventEndDate":"","_EventStartDateUTC":"","_EventEndDateUTC":"","_EventShowMap":false,"_EventShowMapLink":false,"_EventURL":"","_EventCost":"","_EventCostDescription":"","_EventCurrencySymbol":"","_EventCurrencyCode":"","_EventCurrencyPosition":"","_EventDateTimeSeparator":"","_EventTimeRangeSeparator":"","_EventOrganizerID":[],"_EventVenueID":[],"_OrganizerEmail":"","_OrganizerPhone":"","_OrganizerWebsite":"","_VenueAddress":"","_VenueCity":"","_VenueCountry":"","_VenueProvince":"","_VenueState":"","_VenueZip":"","_VenuePhone":"","_VenueURL":"","_VenueStateProvince":"","_VenueLat":"","_VenueLng":"","_VenueShowMap":false,"_VenueShowMapLink":false,"_newspack_byline_active":false,"_newspack_byline":"","newspack_hide_updated_date":false,"newspack_show_updated_date":false,"newspack_featured_image_position":"","newspack_post_subtitle":"","newspack_article_summary_title":"Overview:","newspack_article_summary":"","_jetpack_memberships_contains_paid_content":false,"footnotes":""},"categories":[759],"tags":[368,1492,514,475,438,4565,400],"newspack_spnsrs_tax":[],"coauthors":[4311],"class_list":["post-232566","post","type-post","status-publish","format-standard","has-post-thumbnail","hentry","category-noticias","tag-colombia-pais","tag-ivan-marquez-es","tag-paz-con-eln","tag-paz-con-las-farc","tag-politicas-de-seguridad","tag-series-paz-total","tag-venezuela-pais","entry"],"parsely":{"version":"1.1.0","canonical_url":"https:\/\/insightcrime.org\/es\/noticias\/muerte-ivan-marquez-simplifica-negociaciones-paz-total\/","smart_links":{"inbound":0,"outbound":0},"traffic_boost_suggestions_count":0,"meta":{"@context":"https:\/\/schema.org","@type":"NewsArticle","headline":"Muerte de Iv\u00e1n M\u00e1rquez simplifica negociaciones de la &#8216;Paz Total&#8217;","url":"http:\/\/insightcrime.org\/es\/noticias\/muerte-ivan-marquez-simplifica-negociaciones-paz-total\/","mainEntityOfPage":{"@type":"WebPage","@id":"http:\/\/insightcrime.org\/es\/noticias\/muerte-ivan-marquez-simplifica-negociaciones-paz-total\/"},"thumbnailUrl":"https:\/\/i0.wp.com\/insightcrime.org\/wp-content\/uploads\/2023\/09\/ivan-marquez-1-1-1.jpeg?resize=150%2C150&quality=100&ssl=1","image":{"@type":"ImageObject","url":"https:\/\/i0.wp.com\/insightcrime.org\/wp-content\/uploads\/2023\/09\/ivan-marquez-1-1-1.jpeg?fit=350%2C250&quality=100&ssl=1"},"articleSection":"Noticias","author":[{"@type":"Person","name":"Peter Appleby"}],"creator":["Peter Appleby"],"publisher":{"@type":"Organization","name":"InSight Crime","logo":"https:\/\/insightcrime.org\/wp-content\/uploads\/2023\/08\/logo.png"},"keywords":["colombia","iv\u00e1n m\u00e1rquez","paz eln","paz farc","pol\u00edticas de seguridad","series: paz total","venezuela"],"dateCreated":"2023-07-11T03:24:42Z","datePublished":"2023-07-11T03:24:42Z","dateModified":"2024-07-31T16:33:48Z"},"rendered":"<meta name=\"parsely-title\" content=\"Muerte de Iv\u00e1n M\u00e1rquez simplifica negociaciones de la &#8216;Paz Total&#8217;\" \/>\n<meta name=\"parsely-link\" content=\"http:\/\/insightcrime.org\/es\/noticias\/muerte-ivan-marquez-simplifica-negociaciones-paz-total\/\" \/>\n<meta name=\"parsely-type\" content=\"post\" \/>\n<meta name=\"parsely-image-url\" content=\"https:\/\/i0.wp.com\/insightcrime.org\/wp-content\/uploads\/2023\/09\/ivan-marquez-1-1-1.jpeg?resize=150%2C150&amp;quality=100&amp;ssl=1\" \/>\n<meta name=\"parsely-pub-date\" content=\"2023-07-11T03:24:42Z\" \/>\n<meta name=\"parsely-section\" content=\"Noticias\" \/>\n<meta name=\"parsely-tags\" content=\"colombia,iv\u00e1n m\u00e1rquez,paz eln,paz farc,pol\u00edticas de seguridad,series: paz total,venezuela\" \/>\n<meta name=\"parsely-author\" content=\"Peter Appleby\" \/>","tracker_url":"https:\/\/cdn.parsely.com\/keys\/insightcrime.org\/p.js"},"jetpack_sharing_enabled":true,"jetpack-related-posts":[{"id":232530,"url":"https:\/\/insightcrime.org\/es\/noticias\/resurreccion-guerrillera-divisiones-poder-exfarc-mafia\/","url_meta":{"origin":232566,"position":0},"title":"Resurrecci\u00f3n guerrillera: divisiones de poder entre las ex-FARC mafia","author":"Juan Diego Posada","date":"4 de agosto de 2023","format":false,"excerpt":"En tanto que un exl\u00edder guerrillero reaparece e insta a su ej\u00e9rcito a continuar una lucha casi perdida, otra facci\u00f3n disidente rival expande su presencia, incluso mientras se prepara para iniciar di\u00e1logos de paz con el gobierno colombiano.","rel":"","context":"En \u00abNoticias\u00bb","block_context":{"text":"Noticias","link":"https:\/\/insightcrime.org\/es\/category\/noticias\/"},"img":{"alt_text":"Iv\u00e1n M\u00e1rquez lee una declaraci\u00f3n en un video de las ex-FARC.","src":"https:\/\/i0.wp.com\/insightcrime.org\/wp-content\/uploads\/2023\/09\/Colombia-Ivan-Marquez-ex-FARC-mafia-Infobae-1.jpg?fit=350%2C250&quality=100&ssl=1&resize=350%2C200","width":350,"height":200},"classes":[]},{"id":233321,"url":"https:\/\/insightcrime.org\/es\/noticias-crimen-organizado-colombia\/luciano-marin-ivan-marquez\/","url_meta":{"origin":232566,"position":1},"title":"Luciano Mar\u00edn Arango, alias &#8216;Iv\u00e1n M\u00e1rquez&#8217;","author":"InSight Crime","date":"27 de junio de 2024","format":false,"excerpt":"Luciano Mar\u00edn Arango, alias \u201cIv\u00e1n M\u00e1rquez\u201d, un hist\u00f3rico miembro de las FARC y fundador de las disidencias","rel":"","context":"En \u00abColombia\u00bb","block_context":{"text":"Colombia","link":"https:\/\/insightcrime.org\/es\/category\/noticias-crimen-organizado-colombia\/"},"img":{"alt_text":"Perfil criminal - Luciano Mar\u00edn Arango, alias 'Iv\u00e1n M\u00e1rquez' - Colombia.","src":"https:\/\/i0.wp.com\/insightcrime.org\/wp-content\/uploads\/2026\/08\/Perfil-Criminal-Alias-Ivan-Marquez-Colombia.jpg?fit=1200%2C900&quality=100&ssl=1&resize=350%2C200","width":350,"height":200,"srcset":"https:\/\/i0.wp.com\/insightcrime.org\/wp-content\/uploads\/2026\/08\/Perfil-Criminal-Alias-Ivan-Marquez-Colombia.jpg?fit=1200%2C900&quality=100&ssl=1&resize=350%2C200 1x, https:\/\/i0.wp.com\/insightcrime.org\/wp-content\/uploads\/2026\/08\/Perfil-Criminal-Alias-Ivan-Marquez-Colombia.jpg?fit=1200%2C900&quality=100&ssl=1&resize=525%2C300 1.5x, https:\/\/i0.wp.com\/insightcrime.org\/wp-content\/uploads\/2026\/08\/Perfil-Criminal-Alias-Ivan-Marquez-Colombia.jpg?fit=1200%2C900&quality=100&ssl=1&resize=700%2C400 2x, https:\/\/i0.wp.com\/insightcrime.org\/wp-content\/uploads\/2026\/08\/Perfil-Criminal-Alias-Ivan-Marquez-Colombia.jpg?fit=1200%2C900&quality=100&ssl=1&resize=1050%2C600 3x"},"classes":[]},{"id":190186,"url":"https:\/\/insightcrime.org\/es\/noticias\/muerte-ivan-marquez-podria-revolucionar-panorama-colombiano-post-farc\/","url_meta":{"origin":232566,"position":2},"title":"Muerte de Iv\u00e1n M\u00e1rquez podr\u00eda cambiar el panorama post-FARC en Colombia","author":"Chris Dalby","date":"4 de julio de 2022","format":false,"excerpt":"Si bien a\u00fan no se ha confirmado la muerte de Iv\u00e1n M\u00e1rquez, posiblemente el excomandante m\u00e1s conocido de las FARC, su asesinato marcar\u00eda un punto de inflexi\u00f3n importante en el panorama de seguridad de Colombia.","rel":"","context":"En \u00abNoticias\u00bb","block_context":{"text":"Noticias","link":"https:\/\/insightcrime.org\/es\/category\/noticias\/"},"img":{"alt_text":"Ivan M\u00e1rquez","src":"https:\/\/i0.wp.com\/insightcrime.org\/wp-content\/uploads\/2018\/12\/Ivan-M%C3%A1rquez.jpg?fit=350%2C250&quality=100&ssl=1&resize=350%2C200","width":350,"height":200},"classes":[]},{"id":201670,"url":"https:\/\/insightcrime.org\/es\/noticias\/reaparicion-ivan-mordisco-reto-paz-total-colombia\/","url_meta":{"origin":232566,"position":3},"title":"Reaparici\u00f3n de Iv\u00e1n Mordisco trae nuevos retos para &#8216;Paz Total&#8217; en Colombia","author":"Juliana Manjarr\u00e9s","date":"18 de octubre de 2022","format":false,"excerpt":"Por tres meses, Colombia crey\u00f3 que Iv\u00e1n Mordisco hab\u00eda muerto en un operativo militar.","rel":"","context":"En \u00abNoticias\u00bb","block_context":{"text":"Noticias","link":"https:\/\/insightcrime.org\/es\/category\/noticias\/"},"img":{"alt_text":"","src":"https:\/\/i0.wp.com\/insightcrime.org\/wp-content\/uploads\/2022\/10\/IMG-destacado-Ivan-MordiscoV2.jpg?fit=1200%2C690&quality=100&ssl=1&resize=350%2C200","width":350,"height":200,"srcset":"https:\/\/i0.wp.com\/insightcrime.org\/wp-content\/uploads\/2022\/10\/IMG-destacado-Ivan-MordiscoV2.jpg?fit=1200%2C690&quality=100&ssl=1&resize=350%2C200 1x, https:\/\/i0.wp.com\/insightcrime.org\/wp-content\/uploads\/2022\/10\/IMG-destacado-Ivan-MordiscoV2.jpg?fit=1200%2C690&quality=100&ssl=1&resize=525%2C300 1.5x, https:\/\/i0.wp.com\/insightcrime.org\/wp-content\/uploads\/2022\/10\/IMG-destacado-Ivan-MordiscoV2.jpg?fit=1200%2C690&quality=100&ssl=1&resize=700%2C400 2x, https:\/\/i0.wp.com\/insightcrime.org\/wp-content\/uploads\/2022\/10\/IMG-destacado-Ivan-MordiscoV2.jpg?fit=1200%2C690&quality=100&ssl=1&resize=1050%2C600 3x"},"classes":[]},{"id":296795,"url":"https:\/\/insightcrime.org\/es\/noticias\/como-queda-segunda-marquetalia-tras-fragmentacion-en-colombia\/","url_meta":{"origin":232566,"position":4},"title":"\u00bfC\u00f3mo queda la Segunda Marquetalia tras su fragmentaci\u00f3n en Colombia?","author":"Sara Garcia","date":"27 de noviembre de 2024","format":false,"excerpt":"Una reciente divisi\u00f3n al interior de la Segunda Marquetalia evidencia la fragilidad de las alianzas entre grupos ilegales y los retos que enfrenta el gobierno colombiano a la hora de negociar con estructuras de m\u00faltiples or\u00edgenes.","rel":"","context":"En \u00abNoticias\u00bb","block_context":{"text":"Noticias","link":"https:\/\/insightcrime.org\/es\/category\/noticias\/"},"img":{"alt_text":"Jos\u00e9 Vicente Lesmes, alias \"Walter Mendoza\" y Luciano Mar\u00edn, alias \"Iv\u00e1n M\u00e1rquez\" en instalaci\u00f3n de la mesa entre el gobierno colombiano y la Segunda Marquetalia en junio de 2024. Cr\u00e9dito: El Pa\u00eds","src":"https:\/\/i0.wp.com\/insightcrime.org\/wp-content\/uploads\/2024\/11\/El-Pais-alias-Walter-Mendoza-e-Ivan-Marquez.jpg?fit=350%2C250&quality=100&ssl=1&resize=350%2C200","width":350,"height":200},"classes":[]},{"id":121980,"url":"https:\/\/insightcrime.org\/es\/noticias-crimen-organizado-colombia\/segunda-marquetalia\/","url_meta":{"origin":232566,"position":5},"title":"Segunda Marquetalia","author":"InSight Crime","date":"19 de agosto de 2025","format":false,"excerpt":"La Segunda Marquetalia es un grupo disidente de las FARC que rechaz\u00f3 el acuerdo de paz de 2016. Liderado por alias \"Iv\u00e1n M\u00e1rquez\", sigue operando en Colombia, especialmente en la frontera con Venezuela, a pesar de las fracturas internas. En 2024, mostr\u00f3 inter\u00e9s en participar en la pol\u00edtica de Paz\u2026","rel":"","context":"En \u00abColombia\u00bb","block_context":{"text":"Colombia","link":"https:\/\/insightcrime.org\/es\/category\/noticias-crimen-organizado-colombia\/"},"img":{"alt_text":"Segunda Marquetalia","src":"https:\/\/i0.wp.com\/insightcrime.org\/wp-content\/uploads\/2026\/06\/Grupo-Criminal-Segunda-Marquetalia-2.jpg?fit=1200%2C900&quality=100&ssl=1&resize=350%2C200","width":350,"height":200,"srcset":"https:\/\/i0.wp.com\/insightcrime.org\/wp-content\/uploads\/2026\/06\/Grupo-Criminal-Segunda-Marquetalia-2.jpg?fit=1200%2C900&quality=100&ssl=1&resize=350%2C200 1x, https:\/\/i0.wp.com\/insightcrime.org\/wp-content\/uploads\/2026\/06\/Grupo-Criminal-Segunda-Marquetalia-2.jpg?fit=1200%2C900&quality=100&ssl=1&resize=525%2C300 1.5x, https:\/\/i0.wp.com\/insightcrime.org\/wp-content\/uploads\/2026\/06\/Grupo-Criminal-Segunda-Marquetalia-2.jpg?fit=1200%2C900&quality=100&ssl=1&resize=700%2C400 2x, https:\/\/i0.wp.com\/insightcrime.org\/wp-content\/uploads\/2026\/06\/Grupo-Criminal-Segunda-Marquetalia-2.jpg?fit=1200%2C900&quality=100&ssl=1&resize=1050%2C600 3x"},"classes":[]}],"jetpack_featured_media_url":"https:\/\/i0.wp.com\/insightcrime.org\/wp-content\/uploads\/2023\/09\/ivan-marquez-1-1-1.jpeg?fit=350%2C250&quality=100&ssl=1","_links":{"self":[{"href":"https:\/\/insightcrime.org\/es\/wp-json\/wp\/v2\/posts\/232566","targetHints":{"allow":["GET"]}}],"collection":[{"href":"https:\/\/insightcrime.org\/es\/wp-json\/wp\/v2\/posts"}],"about":[{"href":"https:\/\/insightcrime.org\/es\/wp-json\/wp\/v2\/types\/post"}],"author":[{"embeddable":true,"href":"https:\/\/insightcrime.org\/es\/wp-json\/wp\/v2\/users\/231"}],"replies":[{"embeddable":true,"href":"https:\/\/insightcrime.org\/es\/wp-json\/wp\/v2\/comments?post=232566"}],"version-history":[{"count":1,"href":"https:\/\/insightcrime.org\/es\/wp-json\/wp\/v2\/posts\/232566\/revisions"}],"predecessor-version":[{"id":286165,"href":"https:\/\/insightcrime.org\/es\/wp-json\/wp\/v2\/posts\/232566\/revisions\/286165"}],"wp:featuredmedia":[{"embeddable":true,"href":"https:\/\/insightcrime.org\/es\/wp-json\/wp\/v2\/media\/234311"}],"wp:attachment":[{"href":"https:\/\/insightcrime.org\/es\/wp-json\/wp\/v2\/media?parent=232566"}],"wp:term":[{"taxonomy":"category","embeddable":true,"href":"https:\/\/insightcrime.org\/es\/wp-json\/wp\/v2\/categories?post=232566"},{"taxonomy":"post_tag","embeddable":true,"href":"https:\/\/insightcrime.org\/es\/wp-json\/wp\/v2\/tags?post=232566"},{"taxonomy":"newspack_spnsrs_tax","embeddable":true,"href":"https:\/\/insightcrime.org\/es\/wp-json\/wp\/v2\/newspack_spnsrs_tax?post=232566"},{"taxonomy":"author","embeddable":true,"href":"https:\/\/insightcrime.org\/es\/wp-json\/wp\/v2\/coauthors?post=232566"}],"curies":[{"name":"wp","href":"https:\/\/api.w.org\/{rel}","templated":true}]}}