{"id":232580,"date":"2023-06-28T21:24:22","date_gmt":"2023-06-29T02:24:22","guid":{"rendered":"https:\/\/insightcrime.org\/sin-categorizar\/guerra-antipandillas-honduras-ataca-fuente-violencia\/"},"modified":"2023-09-27T03:01:27","modified_gmt":"2023-09-27T08:01:27","slug":"guerra-antipandillas-honduras-ataca-fuente-violencia","status":"publish","type":"post","link":"https:\/\/insightcrime.org\/es\/noticias\/guerra-antipandillas-honduras-ataca-fuente-violencia\/","title":{"rendered":"Guerra antipandillas en Honduras ataca solo una fuente de violencia"},"content":{"rendered":"\n<p class=\"wp-block-paragraph\">El gobierno de Honduras ha intensificado su campa\u00f1a contra las pandillas tras los recientes estallidos de violencia criminal, pero su respuesta limitada pasa por alto las variadas din\u00e1micas de crimen organizado en juego.<\/p>\n\n\n\n<p class=\"wp-block-paragraph\">La presidenta Xiomara Castro anunci\u00f3 nuevas medidas de seguridad el <a href=\"https:\/\/www.europapress.es\/internacional\/noticia-castro-otorga-control-carceles-militares-ultima-crisis-penitenciaria-honduras-20230622105917.html\" target=\"_blank\" rel=\"noreferrer noopener\">22<\/a> y el <a href=\"https:\/\/twitter.com\/XiomaraCastroZ\/status\/1672910042532593672\" target=\"_blank\" rel=\"noreferrer noopener\">25 de junio<\/a>, con las que reafirmaba el estado de excepci\u00f3n vigente desde diciembre de 2022, cuyo objetivo es frenar la violencia y la extorsi\u00f3n perpetradas por las pandillas en Honduras.<\/p>\n\n\n\n<p class=\"wp-block-paragraph\">El gobierno deleg\u00f3 la administraci\u00f3n de las prisiones a la polic\u00eda militar e implement\u00f3 toques de queda en Choloma y San Pedro Sula, las dos ciudades m\u00e1s grandes despu\u00e9s de la capital Tegucigalpa.<\/p>\n\n\n\n<blockquote class=\"wp-block-quote is-layout-flow wp-block-quote-is-layout-flow\">\n<p class=\"wp-block-paragraph\"><mark style=\"background-color:rgba(0, 0, 0, 0)\" class=\"has-inline-color has-vivid-red-color\"><strong>VEA TAMBI\u00c9N:<\/strong> <\/mark><a href=\"https:\/\/es.insightcrime.org\/noticias\/masacre-penal-femenino-honduras-tragedia-anunciada\/\" target=\"_blank\" rel=\"noreferrer noopener\">Masacre en penal femenino de Honduras: una tragedia anunciada<\/a><\/p>\n<\/blockquote>\n\n\n\n<p class=\"wp-block-paragraph\">Rafael Sarmiento, jefe de la bancada de Castro en el Congreso, tambi\u00e9n <a href=\"https:\/\/twitter.com\/rafalsarmiento\/status\/1673092672444063746'\" target=\"_blank\" rel=\"noreferrer noopener\">se comprometi\u00f3<\/a> a designar como terroristas a todos los pandilleros.<\/p>\n\n\n\n<p class=\"wp-block-paragraph\">Las nuevas medidas fueron una respuesta a dos episodios de violencia masiva los cuales fueron atribuidos a las pandillas por la polic\u00eda.<\/p>\n\n\n\n<p class=\"wp-block-paragraph\">M\u00e1s recientemente, el 24 de junio, hombres armados vestidos de polic\u00edas asesinaron a 13 personas, entre ellos cuatro sindicalistas de una f\u00e1brica en liquidaci\u00f3n, en un billar de la ciudad de Choloma.<\/p>\n\n\n\n<p class=\"wp-block-paragraph\">La masacre de Choloma ocurri\u00f3 d\u00edas despu\u00e9s de la muerte de por lo menos 46 reclusas en un mot\u00edn en el \u00fanico penal femenino del pa\u00eds, hecho que ocurri\u00f3 el 20 de junio. Presuntas integrantes de Barrio 18 prendieron fuego al pabell\u00f3n que albergaba a internas de la banda rival MS13, y dispararon contra otras mujeres, muchas de las cuales no estaban afiliadas a ninguna pandilla.<\/p>\n\n\n\n<h2 class=\"wp-block-heading\" id=\"h-analisis-de-insight-crime\">An\u00e1lisis de InSight Crime<\/h2>\n\n\n\n<p class=\"wp-block-paragraph\">El enfoque decidido del gobierno en las pandillas ataca solo una de las fuentes de violencia causadas por el crimen organizado en Honduras.<\/p>\n\n\n\n<p class=\"wp-block-paragraph\">Por ejemplo, en los d\u00edas entre el mot\u00edn carcelario y la masacre en el billar se present\u00f3 el asesinato selectivo de una posible testigo en una investigaci\u00f3n de alto perfil por narcotr\u00e1fico. El 22 de junio, hombres con uniformes de la polic\u00eda acribillaron a Ericka Julissa Bandy Garc\u00eda, esposa de un presunto narcotraficante se\u00f1alado de haber trabajado con el expresidente Juan Orlando Hern\u00e1ndez, quien actualmente <a href=\"https:\/\/es.insightcrime.org\/noticias\/imputacion-eeuu-expresidente-hondureno-marca-20-anos-nexos-narcotrafico\/\" target=\"_blank\" rel=\"noreferrer noopener\">responde<\/a> por cargos de tr\u00e1fico de narc\u00f3ticos en Estados Unidos.<\/p>\n\n\n\n<p class=\"wp-block-paragraph\">Al cargar la culpa de la violencia en Honduras exclusivamente a las pandillas, el gobierno ignora la participaci\u00f3n de otros actores, como las organizaciones narcotraficantes y las redes de corrupci\u00f3n.<\/p>\n\n\n\n<blockquote class=\"wp-block-quote is-layout-flow wp-block-quote-is-layout-flow\">\n<p class=\"wp-block-paragraph\"><strong><mark style=\"background-color:rgba(0, 0, 0, 0)\" class=\"has-inline-color has-vivid-red-color\">VEA TAMBI\u00c9N: <\/mark><\/strong><a href=\"https:\/\/es.insightcrime.org\/investigaciones\/carcel-honduras-llamada-barrio-18\/\" target=\"_blank\" rel=\"noreferrer noopener\">Una c\u00e1rcel en Honduras llamada Barrio 18<\/a><\/p>\n<\/blockquote>\n\n\n\n<p class=\"wp-block-paragraph\">El gobierno de Honduras pareci\u00f3 inspirarse en su vecino El Salvador, donde una campa\u00f1a indiscriminada contra las pandillas ha generado denuncias de derechos humanos pero tambi\u00e9n un reconocimiento general de que esta logr\u00f3 su prop\u00f3sito de entorpecer de manera importante las actividades de las pandillas y mantener la violencia a raya.<\/p>\n\n\n\n<p class=\"wp-block-paragraph\">Pero la aplicaci\u00f3n en Honduras de una estrategia de seguridad al estilo de El Salvador hasta ahora ha <a href=\"https:\/\/es.insightcrime.org\/noticias\/honduras-avanza-poco-contra-crimen-tras-6-meses-estado-excepcion\/\" target=\"_blank\" rel=\"noreferrer noopener\">fracasado<\/a> en el intento de controlar el crimen, debido a las diferencias de las din\u00e1micas criminales en estos pa\u00edses, seg\u00fan le dijo Jennifer \u00c1vila, directora del portal hondure\u00f1o de noticias Contracorriente en conversaci\u00f3n con InSight Crime.<\/p>\n\n\n\n<p class=\"wp-block-paragraph\">\u201c[En Honduras] los carteles de la droga juegan un papel fundamental en el control territorial, en el control de otros cr\u00edmenes y en la pol\u00edtica misma del pa\u00eds\u201d, se\u00f1al\u00f3. \u201cas\u00ed que es totalmente simplista copiar la propaganda bukelista [del presidente salvadore\u00f1o Nayib Bukele] de la &#8216;mano dura&#8217; o &#8216;guerra&#8217; contra las pandillas cuando en Honduras las estructuras criminales son m\u00e1s complejas y diversas\u201d.<\/p>\n\n\n\n<p class=\"wp-block-paragraph\">A pesar del \u00e9xito de El Salvador en la reducci\u00f3n del delito, los cr\u00edticos sostienen que el costo econ\u00f3mico de esa campa\u00f1a la hace insostenible, y el no combinarla con programas dirigidos a resolver las causas de la delincuencia, como la pobreza, podr\u00edan llevar a un resurgimiento de las estructuras criminales. La imitaci\u00f3n de este modelo por parte del gobierno de Honduras conlleva las mismas fallas. As\u00ed que aun cuando un redoblamiento de las medidas de seguridad produzca efectos inmediatos, los efectos a largo plazo pueden resultar limitados.<\/p>\n","protected":false},"excerpt":{"rendered":"<p>El gobierno de Honduras ha intensificado su campa\u00f1a contra las pandillas tras los recientes estallidos de violencia criminal, pero su respuesta limitada pasa por alto las variadas din\u00e1micas de crimen organizado en juego.<\/p>\n","protected":false},"author":236,"featured_media":234349,"comment_status":"closed","ping_status":"closed","sticky":false,"template":"","format":"standard","meta":{"newspack_ads_suppress_ads":false,"newspack_popups_has_disabled_popups":false,"newspack_sponsor_sponsorship_scope":"","newspack_sponsor_native_byline_display":"inherit","newspack_sponsor_native_category_display":"inherit","newspack_sponsor_underwriter_style":"inherit","newspack_sponsor_underwriter_placement":"inherit","_EventAllDay":false,"_EventTimezone":"","_EventStartDate":"","_EventEndDate":"","_EventStartDateUTC":"","_EventEndDateUTC":"","_EventShowMap":false,"_EventShowMapLink":false,"_EventURL":"","_EventCost":"","_EventCostDescription":"","_EventCurrencySymbol":"","_EventCurrencyCode":"","_EventCurrencyPosition":"","_EventDateTimeSeparator":"","_EventTimeRangeSeparator":"","_EventOrganizerID":[],"_EventVenueID":[],"_OrganizerEmail":"","_OrganizerPhone":"","_OrganizerWebsite":"","_VenueAddress":"","_VenueCity":"","_VenueCountry":"","_VenueProvince":"","_VenueState":"","_VenueZip":"","_VenuePhone":"","_VenueURL":"","_VenueStateProvince":"","_VenueLat":"","_VenueLng":"","_VenueShowMap":false,"_VenueShowMapLink":false,"_newspack_byline_active":false,"_newspack_byline":"","newspack_hide_updated_date":false,"newspack_show_updated_date":false,"newspack_featured_image_position":"","newspack_post_subtitle":"","newspack_article_summary_title":"Overview:","newspack_article_summary":"","_jetpack_memberships_contains_paid_content":false,"footnotes":""},"categories":[759],"tags":[375,398,1500,438,3021,4567],"newspack_spnsrs_tax":[],"coauthors":[4305],"class_list":["post-232580","post","type-post","status-publish","format-standard","has-post-thumbnail","hentry","category-noticias","tag-barrio-18-grupo","tag-honduras-pais","tag-ms13-es","tag-politicas-de-seguridad","tag-prisiones-es","tag-series-represion-pandillas-honduras","entry"],"parsely":{"version":"1.1.0","canonical_url":"https:\/\/insightcrime.org\/es\/noticias\/guerra-antipandillas-honduras-ataca-fuente-violencia\/","smart_links":{"inbound":0,"outbound":0},"traffic_boost_suggestions_count":0,"meta":{"@context":"https:\/\/schema.org","@type":"NewsArticle","headline":"Guerra antipandillas en Honduras ataca solo una fuente de violencia","url":"http:\/\/insightcrime.org\/es\/noticias\/guerra-antipandillas-honduras-ataca-fuente-violencia\/","mainEntityOfPage":{"@type":"WebPage","@id":"http:\/\/insightcrime.org\/es\/noticias\/guerra-antipandillas-honduras-ataca-fuente-violencia\/"},"thumbnailUrl":"https:\/\/i0.wp.com\/insightcrime.org\/wp-content\/uploads\/2023\/09\/706048f0-1433-11ee-924b-8104a08ea010-e1687984610513-1.jpg?resize=150%2C150&quality=100&ssl=1","image":{"@type":"ImageObject","url":"https:\/\/i0.wp.com\/insightcrime.org\/wp-content\/uploads\/2023\/09\/706048f0-1433-11ee-924b-8104a08ea010-e1687984610513-1.jpg?fit=349%2C249&quality=100&ssl=1"},"articleSection":"Noticias","author":[{"@type":"Person","name":"Sean Doherty"}],"creator":["Sean Doherty"],"publisher":{"@type":"Organization","name":"InSight Crime","logo":"https:\/\/insightcrime.org\/wp-content\/uploads\/2023\/08\/logo.png"},"keywords":["barrio 18","honduras","ms13","pol\u00edticas de seguridad","prisiones","series: represi\u00f3n a pandillas en honduras"],"dateCreated":"2023-06-29T02:24:22Z","datePublished":"2023-06-29T02:24:22Z","dateModified":"2023-09-27T08:01:27Z"},"rendered":"<meta name=\"parsely-title\" content=\"Guerra antipandillas en Honduras ataca solo una fuente de violencia\" \/>\n<meta name=\"parsely-link\" content=\"http:\/\/insightcrime.org\/es\/noticias\/guerra-antipandillas-honduras-ataca-fuente-violencia\/\" \/>\n<meta name=\"parsely-type\" content=\"post\" \/>\n<meta name=\"parsely-image-url\" content=\"https:\/\/i0.wp.com\/insightcrime.org\/wp-content\/uploads\/2023\/09\/706048f0-1433-11ee-924b-8104a08ea010-e1687984610513-1.jpg?resize=150%2C150&amp;quality=100&amp;ssl=1\" \/>\n<meta name=\"parsely-pub-date\" content=\"2023-06-29T02:24:22Z\" \/>\n<meta name=\"parsely-section\" content=\"Noticias\" \/>\n<meta name=\"parsely-tags\" content=\"barrio 18,honduras,ms13,pol\u00edticas de seguridad,prisiones,series: represi\u00f3n a pandillas en honduras\" \/>\n<meta name=\"parsely-author\" content=\"Sean Doherty\" \/>","tracker_url":"https:\/\/cdn.parsely.com\/keys\/insightcrime.org\/p.js"},"jetpack_sharing_enabled":true,"jetpack-related-posts":[{"id":187339,"url":"https:\/\/insightcrime.org\/es\/noticias\/exodo-pandillas-salvador-genera-panico-aunque-pocos-arrestos\/","url_meta":{"origin":232580,"position":0},"title":"\u00c9xodo de pandillas de El Salvador genera p\u00e1nico, aunque pocos arrestos","author":"Alessandro Ford","date":"2 de junio de 2022","format":false,"excerpt":"Desde hace dos meses que el gobierno de El Salvador comenz\u00f3 su campa\u00f1a de arrestos masivos, como una ofensiva contra las pandillas, menos de 60 presuntos pandilleros del pa\u00eds han sido arrestados en Honduras y Guatemala, una cifra que pone en duda los refuerzos a la seguridad y la ret\u00f3rica\u2026","rel":"","context":"En \u00abNoticias\u00bb","block_context":{"text":"Noticias","link":"https:\/\/insightcrime.org\/es\/category\/noticias\/"},"img":{"alt_text":"El ministro de Gobierno de Guatemala, David Napole\u00f3n Barrientos","src":"https:\/\/i0.wp.com\/insightcrime.org\/wp-content\/uploads\/2022\/05\/FPb_Hv6X0AIwmuD.jpeg?fit=350%2C250&quality=100&ssl=1&resize=350%2C200","width":350,"height":200},"classes":[]},{"id":148965,"url":"https:\/\/insightcrime.org\/es\/noticias\/ejercito-honduras-duras-criticas-actos-violentos-carceles\/","url_meta":{"origin":232580,"position":1},"title":"Ej\u00e9rcito de Honduras recibe duras cr\u00edticas tras actos violentos en c\u00e1rceles","author":"Chris Dalby","date":"21 de junio de 2021","format":false,"excerpt":"Una masacre entre las pandillas Barrio 18 y MS13 en la prisi\u00f3n m\u00e1s tristemente c\u00e9lebre de Honduras plantea dudas acerca de si el papel del ej\u00e9rcito est\u00e1 siendo efectivo, tras haber asumido la responsabilidad de la seguridad de las prisiones en diciembre de 2019.","rel":"","context":"En \u00abNoticias\u00bb","block_context":{"text":"Noticias","link":"https:\/\/insightcrime.org\/es\/category\/noticias\/"},"img":{"alt_text":"An ambulance enters La Tolva Prison in Honduras","src":"https:\/\/i0.wp.com\/insightcrime.org\/wp-content\/uploads\/2021\/06\/Carcel-LaTolva.jpg?fit=350%2C250&quality=100&ssl=1&resize=350%2C200","width":350,"height":200},"classes":[]},{"id":232660,"url":"https:\/\/insightcrime.org\/es\/noticias\/honduras-avanza-poco-contra-crimen-tras-6-meses-estado-excepcion\/","url_meta":{"origin":232580,"position":2},"title":"Honduras avanza poco contra el crimen tras 6 meses de estado de excepci\u00f3n","author":"Juan Diego Posada","date":"5 de junio de 2023","format":false,"excerpt":"El estado de excepci\u00f3n en Honduras ha llegado a seis meses de vigencia, pero, a pesar de las afirmaciones del gobierno y las cifras presentadas por la Polic\u00eda Nacional, no ha tenido mucho impacto en las actividades de los grupos criminales. El gobierno de Xiomara Castro implement\u00f3 por primera vez\u2026","rel":"","context":"En \u00abNoticias\u00bb","block_context":{"text":"Noticias","link":"https:\/\/insightcrime.org\/es\/category\/noticias\/"},"img":{"alt_text":"","src":"https:\/\/i0.wp.com\/insightcrime.org\/wp-content\/uploads\/2023\/09\/Honduras-Woman-walks-past-a-line-of-police-officers-San-Pedro-Sula-Dec-2022-AP22343127690386-A2-1.jpg?fit=1200%2C699&quality=100&ssl=1&resize=350%2C200","width":350,"height":200,"srcset":"https:\/\/i0.wp.com\/insightcrime.org\/wp-content\/uploads\/2023\/09\/Honduras-Woman-walks-past-a-line-of-police-officers-San-Pedro-Sula-Dec-2022-AP22343127690386-A2-1.jpg?fit=1200%2C699&quality=100&ssl=1&resize=350%2C200 1x, https:\/\/i0.wp.com\/insightcrime.org\/wp-content\/uploads\/2023\/09\/Honduras-Woman-walks-past-a-line-of-police-officers-San-Pedro-Sula-Dec-2022-AP22343127690386-A2-1.jpg?fit=1200%2C699&quality=100&ssl=1&resize=525%2C300 1.5x, https:\/\/i0.wp.com\/insightcrime.org\/wp-content\/uploads\/2023\/09\/Honduras-Woman-walks-past-a-line-of-police-officers-San-Pedro-Sula-Dec-2022-AP22343127690386-A2-1.jpg?fit=1200%2C699&quality=100&ssl=1&resize=700%2C400 2x, https:\/\/i0.wp.com\/insightcrime.org\/wp-content\/uploads\/2023\/09\/Honduras-Woman-walks-past-a-line-of-police-officers-San-Pedro-Sula-Dec-2022-AP22343127690386-A2-1.jpg?fit=1200%2C699&quality=100&ssl=1&resize=1050%2C600 3x"},"classes":[]},{"id":264935,"url":"https:\/\/insightcrime.org\/es\/noticias\/explosiva-guerra-ecuador-contra-crimen-carece-estrategia-salida\/","url_meta":{"origin":232580,"position":3},"title":"La explosiva guerra de Ecuador contra el crimen carece de estrategia de salida","author":"Anastasia Austin","date":"9 de enero de 2024","format":false,"excerpt":"Las pandillas de Ecuador desataron una ola de violencia en respuesta a los esfuerzos del nuevo gobierno por frenar la criminalidad, pero la r\u00e1pida militarizaci\u00f3n del conflicto por parte de las autoridades carece de una estrategia de salida.\u00a0","rel":"","context":"En \u00abNoticias\u00bb","block_context":{"text":"Noticias","link":"https:\/\/insightcrime.org\/es\/category\/noticias\/"},"img":{"alt_text":"Una fila de soldados ecuatorianos.","src":"https:\/\/i0.wp.com\/insightcrime.org\/wp-content\/uploads\/2023\/08\/Ecuador-soldiers-internal-conflict-gangs-Reuters.png?fit=350%2C250&quality=100&ssl=1&resize=350%2C200","width":350,"height":200},"classes":[]},{"id":182147,"url":"https:\/\/insightcrime.org\/es\/noticias\/politica-seguridad-el-salvador-pasa-mano-dura-exceso-fuerza\/","url_meta":{"origin":232580,"position":4},"title":"Pol\u00edtica de seguridad en El Salvador pasa de la mano dura al exceso de fuerza","author":"Alex Papadovassilakis","date":"12 de abril de 2022","format":false,"excerpt":"Con una oleada de detenciones rara vez vista, el gobierno de El Salvador redobla y extiende sus pol\u00edticas de seguridad, conocidas como de mano dura, las cuales han fracasado consistentemente en producir resultados duraderos.","rel":"","context":"En \u00abNoticias\u00bb","block_context":{"text":"Noticias","link":"https:\/\/insightcrime.org\/es\/category\/noticias\/"},"img":{"alt_text":"Miembros de pandillas siendo escoltados","src":"https:\/\/i0.wp.com\/insightcrime.org\/wp-content\/uploads\/2022\/04\/ezgif-1-cad0e1da2c-1.jpg?fit=350%2C250&quality=100&ssl=1&resize=350%2C200","width":350,"height":200},"classes":[]},{"id":181042,"url":"https:\/\/insightcrime.org\/es\/noticias\/ola-homicida-pandillas-conmociona-gobierno-el-salvador\/","url_meta":{"origin":232580,"position":5},"title":"Ola homicida de pandillas sacude a gobierno de El Salvador","author":"Alex Papadovassilakis","date":"28 de marzo de 2022","format":false,"excerpt":"Una ola de asesinatos in\u00e9dita desde los d\u00edas de la guerra civil en El Salvador fue el mensaje f\u00fanebre de las pandillas del pa\u00eds, en el idioma que usan para pronunciarse, hacia el gobierno.","rel":"","context":"En \u00abNoticias\u00bb","block_context":{"text":"Noticias","link":"https:\/\/insightcrime.org\/es\/category\/noticias\/"},"img":{"alt_text":"Fuerzas de seguridad de El Salvador en guardia","src":"https:\/\/i0.wp.com\/insightcrime.org\/wp-content\/uploads\/2022\/03\/ES-Spree-1.jpeg?fit=350%2C250&quality=100&ssl=1&resize=350%2C200","width":350,"height":200},"classes":[]}],"jetpack_featured_media_url":"https:\/\/i0.wp.com\/insightcrime.org\/wp-content\/uploads\/2023\/09\/706048f0-1433-11ee-924b-8104a08ea010-e1687984610513-1.jpg?fit=349%2C249&quality=100&ssl=1","_links":{"self":[{"href":"https:\/\/insightcrime.org\/es\/wp-json\/wp\/v2\/posts\/232580","targetHints":{"allow":["GET"]}}],"collection":[{"href":"https:\/\/insightcrime.org\/es\/wp-json\/wp\/v2\/posts"}],"about":[{"href":"https:\/\/insightcrime.org\/es\/wp-json\/wp\/v2\/types\/post"}],"author":[{"embeddable":true,"href":"https:\/\/insightcrime.org\/es\/wp-json\/wp\/v2\/users\/236"}],"replies":[{"embeddable":true,"href":"https:\/\/insightcrime.org\/es\/wp-json\/wp\/v2\/comments?post=232580"}],"version-history":[{"count":0,"href":"https:\/\/insightcrime.org\/es\/wp-json\/wp\/v2\/posts\/232580\/revisions"}],"wp:featuredmedia":[{"embeddable":true,"href":"https:\/\/insightcrime.org\/es\/wp-json\/wp\/v2\/media\/234349"}],"wp:attachment":[{"href":"https:\/\/insightcrime.org\/es\/wp-json\/wp\/v2\/media?parent=232580"}],"wp:term":[{"taxonomy":"category","embeddable":true,"href":"https:\/\/insightcrime.org\/es\/wp-json\/wp\/v2\/categories?post=232580"},{"taxonomy":"post_tag","embeddable":true,"href":"https:\/\/insightcrime.org\/es\/wp-json\/wp\/v2\/tags?post=232580"},{"taxonomy":"newspack_spnsrs_tax","embeddable":true,"href":"https:\/\/insightcrime.org\/es\/wp-json\/wp\/v2\/newspack_spnsrs_tax?post=232580"},{"taxonomy":"author","embeddable":true,"href":"https:\/\/insightcrime.org\/es\/wp-json\/wp\/v2\/coauthors?post=232580"}],"curies":[{"name":"wp","href":"https:\/\/api.w.org\/{rel}","templated":true}]}}