{"id":232627,"date":"2023-06-22T13:53:26","date_gmt":"2023-06-22T18:53:26","guid":{"rendered":"https:\/\/insightcrime.org\/sin-categorizar\/encarcelamiento-parental-impacto-ninos-latinoamericanos\/"},"modified":"2023-09-27T03:01:47","modified_gmt":"2023-09-27T08:01:47","slug":"encarcelamiento-parental-impacto-ninos-latinoamericanos","status":"publish","type":"post","link":"https:\/\/insightcrime.org\/es\/noticias\/entrevistas\/encarcelamiento-parental-impacto-ninos-latinoamericanos\/","title":{"rendered":"El encarcelamiento parental y su impacto en ni\u00f1os de Latinoam\u00e9rica"},"content":{"rendered":"\n<p class=\"wp-block-paragraph\">A pesar de la variada evidencia sobre las consecuencias del hacinamiento carcelario, entre las que cabe citar el reclutamiento generalizado para las pandillas y los extensos abusos contra los derechos humanos, Latinoam\u00e9rica sigue recurriendo a la privaci\u00f3n de la libertad de manera indiscriminada.<\/p>\n\n\n\n<p class=\"wp-block-paragraph\">En ese contexto, crece la atenci\u00f3n hacia los hijos de padres encarcelados: los impactos socioecon\u00f3micos a largo plazo de esta separaci\u00f3n, la marginaci\u00f3n a la que se ven sometidos y su posible participaci\u00f3n en la actividad criminal en etapas posteriores de sus vidas.<\/p>\n\n\n\n<p class=\"wp-block-paragraph\">La Universidad para la Paz, avalada por las Naciones Unidas, ha <a href=\"https:\/\/insightcrime.org\/wp-content\/uploads\/2023\/06\/Vieira-2023-Global-Approaches-on-State-Fragility-and-Organized-Crime.pdf\" target=\"_blank\" rel=\"noreferrer noopener\">publicado un nuevo libro<\/a>, <em>Global Approaches on State Fragility &amp; Organized Crime <\/em>(Perspectivas globales sobre la fragilidad del Estado y el crimen organizado)<em>,<\/em> uno de cuyos cap\u00edtulos ahonda en las repercusiones que supone para los menores ver a sus padres privados de la libertad. En la mayor\u00eda de los casos analizados, las madres fueron a prisi\u00f3n por delitos relativamente menores relacionados con drogas.<\/p>\n\n\n\n<p class=\"wp-block-paragraph\">InSight Crime se sent\u00f3 con Megan Capp, crimin\u00f3loga e investigadora doctoral de la Universidad para la Paz, y con Maur\u00edcio Vieira, editor del libro y responsable de la C\u00e1tedra para Contrarrestar el Tr\u00e1fico Il\u00edcito y Prevenir el Crimen Organizado Transnacional de la Universidad de la Paz, para conocer m\u00e1s sobre este tema.<\/p>\n\n\n\n<p class=\"wp-block-paragraph\"><strong>InSight Crime (IC): \u00bfCu\u00e1les son las implicaciones socioecon\u00f3micas previsibles a largo plazo para los ni\u00f1os de Latinoam\u00e9rica que tienen a sus padres en prisi\u00f3n?<\/strong><\/p>\n\n\n\n<p class=\"wp-block-paragraph\"><strong>Megan Capp (MC):<\/strong> Cada menor y cada situaci\u00f3n familiar son \u00fanicos. Pero, en la mayor\u00eda de los casos, el apresamiento de un progenitor es una fuente de enorme estr\u00e9s y una circunstancia que altera profundamente la vida de un ni\u00f1o y tiene consecuencias en su vida futura. Estos ni\u00f1os muchas veces viven en entornos sociales donde la violencia, la pobreza y la marginaci\u00f3n hacen parte normal de la vida de sus comunidades.<\/p>\n\n\n\n<p class=\"wp-block-paragraph\">El encarcelamiento de un padre por cualquier periodo de tiempo amplifica esas vulnerabilidades existentes a la par que introduce nuevas barreras para el bienestar y sano desarrollo de los menores. Durante el encarcelamiento de sus padres, muchas veces los hijos se ven obligados a asumir roles de adultos, incluida la b\u00fasqueda de un empleo y el cuidado de sus hermanos, lo cual impacta en su capacidad de completar su educaci\u00f3n. Por lo general, son estigmatizados por otros miembros de la comunidad, como sus maestros, pares, profesionales de la salud y m\u00e1s, lo cual puede impactar gravemente su salud mental y emocional.<\/p>\n\n\n\n<p class=\"wp-block-paragraph\"><strong>IC: Una <a href=\"https:\/\/es.insightcrime.org\/noticias\/experiencias-colectivas-favorece-reclutamiento-carteles-mexico\/\" target=\"_blank\" rel=\"noreferrer noopener\">investigaci\u00f3n<\/a> reciente se centr\u00f3 en la \u201ctrayectoria colectiva\u201d, la noci\u00f3n de que la experiencia compartida y la exposici\u00f3n al crimen organizado a temprana edad aumenta las probabilidades de que los menores se unan a un grupo criminal. \u00bfSe aplica esto a los j\u00f3venes con padres en prisi\u00f3n?<\/strong><\/p>\n\n\n\n<p class=\"wp-block-paragraph\"><strong>Maur\u00edcio Vieira (MV):<\/strong> Es esencial evitar la correlaci\u00f3n de que los hijos de padres privados de la libertad se unir\u00e1n a bandas criminales o tendr\u00e1n m\u00e1s posibilidades de enrolarse en una de ellas. Debemos centrarnos en otros aspectos, como la incapacidad del gobierno para brindar servicios b\u00e1sicos a ni\u00f1os y j\u00f3venes, en especial acceso a educaci\u00f3n y empleo. Esa ausencia estatal abre la puerta a que la delincuencia prospere a corta edad.<\/p>\n\n\n\n<blockquote class=\"wp-block-quote is-layout-flow wp-block-quote-is-layout-flow\">\n<p class=\"wp-block-paragraph\"><strong><mark style=\"background-color:rgba(0, 0, 0, 0)\" class=\"has-inline-color has-vivid-red-color\">VEA TAMBI\u00c9N: <\/mark><\/strong><a href=\"https:\/\/es.insightcrime.org\/noticias\/analisis\/carceles-ayudan-convertir-jovenes-criminales-belice-hay-mejor-camino\/\" target=\"_blank\" rel=\"noreferrer noopener\"><mark style=\"background-color:rgba(0, 0, 0, 0)\" class=\"has-inline-color has-vivid-red-color\">&nbsp;<\/mark><em>Las c\u00e1rceles ayudan a convertir j\u00f3venes en criminales. En Belice, hay un mejor camino<\/em><\/a><\/p>\n<\/blockquote>\n\n\n\n<p class=\"wp-block-paragraph\">Esto se hizo m\u00e1s evidente durante la pandemia de la COVID-19, cuando cerraron algunos centros educativos en las ciudades latinoamericanas porque no ten\u00edan la tecnolog\u00eda para ense\u00f1ar en l\u00ednea. Sin escuelas, los ni\u00f1os y j\u00f3venes r\u00e1pidamente se volvieron blanco de reclutamiento forzado de las bandas criminales.<\/p>\n\n\n\n<p class=\"wp-block-paragraph\"><strong>IC: Algunos grupos criminales tradicionales, como el Cartel de Sinaloa, afirma que siente cierta responsabilidad por las familias de sus integrantes. \u00bfHay evidencia de que los grupos se ocupen del cuidado de los hijos de sus soldados en prisi\u00f3n?<\/strong><\/p>\n\n\n\n<p class=\"wp-block-paragraph\"><strong>MV:<\/strong> Que no haya una investigaci\u00f3n que muestre ese patr\u00f3n, no significa que no suceda en el terreno. Esto pone de relieve los roles que desempe\u00f1an los grupos criminales en las comunidades en las que operan. Los grupos criminales asumen cierta responsabilidad en la comunidad debido a la ausencia del Estado o a la necesidad de fortalecerse dentro de la comunidad. Esto tambi\u00e9n puede tener relaci\u00f3n con la perspectiva de la protecci\u00f3n. Es all\u00ed donde los grupos garantizan cierta seguridad a la comunidad, que es exclusiva del Estado, a la par que protegen y propagan sus pr\u00e1cticas il\u00edcitas mediante nuevas leyes, normas, negociaci\u00f3n, extorsi\u00f3n y amenazas.<\/p>\n\n\n\n<p class=\"wp-block-paragraph\"><strong>IC: Ustedes encontraron que solo el 10% de los menores cuyas madres iban a prisi\u00f3n permanec\u00edan con sus padres. \u00bfQui\u00e9n se ocupa de estos ni\u00f1os, si hay alguien, cuando no hay familia?<\/strong><\/p>\n\n\n\n<p class=\"wp-block-paragraph\"><strong>MC:<\/strong> En la mayor\u00eda de las situaciones, cuando el padre queda preso, la madre sigue velando por los hijos, aunque ahora enfrenta el peso adicional de ser el \u00fanico apoyo financiero y emocional responsable por ellos. Pero cuando la madre va presa, vemos un cambio de las responsabilidades del cuidado hacia los hermanos, abuelos maternos, t\u00edas u otros parientes. Hay una din\u00e1mica de g\u00e9nero en esto, donde otras mujeres por lo general asumen las responsabilidades del cuidado en ausencia de la madre.<\/p>\n\n\n\n<blockquote class=\"wp-block-quote is-layout-flow wp-block-quote-is-layout-flow\">\n<p class=\"wp-block-paragraph\"><strong><mark style=\"background-color:rgba(0, 0, 0, 0)\" class=\"has-inline-color has-vivid-red-color\">VEA TAMBI\u00c9N: <\/mark><\/strong><a href=\"https:\/\/es.insightcrime.org\/noticias\/argentina-absuelve-mujer-mula-salvar-hijo\/\" target=\"_blank\" rel=\"noreferrer noopener\"><em>Argentina absuelve a mujer que trabaj\u00f3 como mula para salvar a su hijo<\/em><\/a><\/p>\n<\/blockquote>\n\n\n\n<p class=\"wp-block-paragraph\">Tambi\u00e9n hay situaciones en las que la madre puede tener a su hijo con ella mientras paga su pena. Por la naturaleza transnacional de los delitos relacionados con drogas, es posible que ella sea acusada y apresada en un pa\u00eds diferente a su tierra natal. En estas situaciones, donde no hay familia que atienda las necesidades del menor, puede que este sea puesto en una instituci\u00f3n. En estos casos, la investigaci\u00f3n muestra una falta importante de coordinaci\u00f3n entre la justicia penal y los sistemas de protecci\u00f3n de menores, lo que dificulta a\u00fan m\u00e1s la realidad de mantener el v\u00ednculo entre madre e hijo durante el tiempo de privaci\u00f3n de la libertad.<\/p>\n\n\n\n<p class=\"wp-block-paragraph\"><strong>IC: \u00bfHay pa\u00edses en Latinoam\u00e9rica que tengan mejores protocolos de atenci\u00f3n a estos menores y de apoyo social en ausencia de los padres?<\/strong><\/p>\n\n\n\n<p class=\"wp-block-paragraph\"><strong>MC:<\/strong> A nivel nacional, existen pol\u00edticas p\u00fablicas m\u00ednimas para atender las necesidades variadas y espec\u00edficas de los hijos de padres privados de la libertad. Chile es un caso \u00fanico, donde existen programas financiados por el Estado para apoyar el mantenimiento de la relaci\u00f3n entre una madre y su hijo durante su tiempo en prisi\u00f3n. Costa Rica ha dado algunos pasos para considerar las responsabilidades de cuidado de la madre como un factor atenuando al formular condenas por cargos relacionados con drogas. Y Brasil brinda apoyo financiero a las familias afectadas si el progenitor ten\u00eda vinculaci\u00f3n laboral formal antes de su ingreso a prisi\u00f3n.<\/p>\n\n\n\n<p class=\"wp-block-paragraph\">Se est\u00e1 viendo cierto trabajo prometedor en los niveles comunitario y de la sociedad civil. Un ejemplo de esto es la creaci\u00f3n de La Plataforma NNAPE, una coalici\u00f3n regional de 11 organizaciones de 10 pa\u00edses de toda Latinoam\u00e9rica y el Caribe, que trabajan para proteger y promover los derechos de los hijos de padres privados de la libertad.<\/p>\n\n\n\n<p class=\"wp-block-paragraph\">En algunos pa\u00edses existen pol\u00edticas nacionales, basadas en las Reglas de Bangkok de la ONU, que permiten que el menor permanezca en prisi\u00f3n junto a la madre. Pero la inadecuaci\u00f3n y la falta de recursos para la implementaci\u00f3n ha generado numerosas preocupaciones relacionadas con la seguridad y el cuidado de estos menores. Aunque este acuerdo permite conservar la relaci\u00f3n hijo-progenitora, la gran mayor\u00eda de c\u00e1rceles de la regi\u00f3n no est\u00e1n adecuadas para proteger o apoyar de manera adecuada a estos ni\u00f1os y sus necesidades de desarrollo, atenci\u00f3n en salud y educaci\u00f3n.<\/p>\n\n\n\n<p class=\"wp-block-paragraph\">De conformidad con las consideraciones internacionales sobre derechos humanos, por lo general se permite que los ni\u00f1os visiten a sus padres en prisi\u00f3n. Pero se ha denunciado que los ni\u00f1os han sido sometidos a inspecciones corporales invasivas, a presenciar violencia y a malos tratos por parte de los guardias. Todo esto incide en sus percepciones de los actores de la justicia penal. Tambi\u00e9n obliga a los cuidadores a la situaci\u00f3n in\u00e9dita de querer mantener al ni\u00f1o para que mantenga una relaci\u00f3n con su progenitor o progenitora en prisi\u00f3n, mientras lo protegen de la presi\u00f3n y el estigma que se deriva de tal situaci\u00f3n.<\/p>\n\n\n\n<p class=\"wp-block-paragraph\"><strong>IC: \u00bfPuede la presencia de ni\u00f1os en las prisiones ser aprovechada por otros delincuentes para extorsiones a sus padres, amenazar los menores u obligarlos a unirse a grupos criminales?<\/strong><\/p>\n\n\n\n<p class=\"wp-block-paragraph\"><strong>MV: <\/strong>Esta es una pregunta muy interesante porque se inserta en una hip\u00f3tesis dicot\u00f3mica de \u201cs\u00ed\u201d o \u201cno\u201d. Yo prefiero replantearla discutiendo las vulnerabilidades a las que estos menores se ven sometidos. Esas vulnerabilidades no tienen que ver \u00fanicamente con amenazas de grupos criminales sino tambi\u00e9n con la falta de atenci\u00f3n del Estado, lo que, a su vez, agudiza la vulnerabilidad de los ni\u00f1os debido a lo inadecuado de sus condiciones sociales.<\/p>\n\n\n\n<p class=\"wp-block-paragraph\">El punto que quiero mostrar es: \u00bfcu\u00e1les son las iniciativas lideradas por el Estado que contribuyen a reducir las vulnerabilidades de los ni\u00f1os frente a la privaci\u00f3n de la libertad parental? \u00bfEst\u00e1 el Estado en capacidad de actuar de manera proactiva para interrumpir los riesgos sociales que estos ni\u00f1os enfrentan? Nuestra discusi\u00f3n debe cuestionar nuestra comprensi\u00f3n sobre la relaci\u00f3n entre v\u00edctima y perpetrador. Espec\u00edficamente, reconocemos que los grupos criminales, desafortunadamente, hacen lo que quieren. Pero, \u00bfqu\u00e9 deber\u00edamos esperar del Estado?<\/p>\n\n\n\n<p class=\"wp-block-paragraph\"><strong>IC: Ustedes mencionan que las pol\u00edticas de mano dura han contribuido a un acelerado incremento de los \u00edndices de privaci\u00f3n de la libertad. \u00bfC\u00f3mo han exacerbado las campa\u00f1as agresivas, como la de El Salvador, la situaci\u00f3n de los padres en prisi\u00f3n?<\/strong><\/p>\n\n\n\n<p class=\"wp-block-paragraph\"><strong>MC<\/strong>:La situaci\u00f3n de El Salvador ha llevado a un dr\u00e1stico incremento del n\u00famero de menores que viven el encarcelamiento parental. Sabemos que la poblaci\u00f3n carcelaria femenina de El Salvador se multiplic\u00f3 por siete entre 2000 y 2022. La falta de consideraci\u00f3n para estas familias durante la guerra contra las pandillas ha llevado a un mayor estigma y a una agudizaci\u00f3n de necesidades sociales que reci\u00e9n estamos empezando a entender.<\/p>\n\n\n\n<p class=\"wp-block-paragraph\"><strong>IC: \u00bfQu\u00e9 recomendaciones de pol\u00edtica har\u00eda para mejorar esta situaci\u00f3n? \u00bfHay esperanza de que se reformen los delitos menores relacionados con drogas, ante la estrategia de \u201cduro contra el crimen\u201d en gran parte de la regi\u00f3n?<\/strong><\/p>\n\n\n\n<p class=\"wp-block-paragraph\"><strong>MC: <\/strong>El punto de partida absoluto deber\u00eda ser la consideraci\u00f3n de las experiencias de estos menores en todas las decisiones sobre justicia penal, desde el arresto y la formulaci\u00f3n de condenas hasta el encarcelamiento y m\u00e1s. Con los delitos menores relacionados con drogas, ser\u00eda \u00fatil asegurar que las sentencias sean proporcionales al delito cometido y que se consideren circunstancias atenuantes, como la escala del tr\u00e1fico de narc\u00f3ticos en el que la persona opera, sus caracter\u00edsticas particulares de vulnerabilidad, y si tienen personas a su cuidado.<\/p>\n\n\n\n<p class=\"wp-block-paragraph\">En situaciones donde la privaci\u00f3n de la libertad sea absolutamente necesaria, deber\u00edan considerarse las visitas a la c\u00e1rcel y las situaciones en las que los menores permanezcan con la madre en prisi\u00f3n centr\u00e1ndose en el inter\u00e9s del menor y con una \u00f3ptica de derechos. Estas visitas y situaciones de convivencia deben contar con recursos y evaluaci\u00f3n adecuados y mejorarse radicalmente para responder de manera m\u00e1s adecuada a las necesidades de los menores afectados.<\/p>\n\n\n\n<p class=\"wp-block-paragraph\">Ser\u00eda en extremo \u00fatil tener m\u00e1s datos sobre el n\u00famero de ni\u00f1os afectados por el encarcelamiento parental, y las experiencias y necesidades espec\u00edficas de estos ni\u00f1os. Dado que ning\u00fan pa\u00eds de la regi\u00f3n actualmente recoge datos sobre si los presos tienen hijos, los gobiernos podr\u00edan empezar a recopilar datos desagregados por g\u00e9nero.<\/p>\n\n\n\n<p class=\"wp-block-paragraph\"><em>*Esta entrevista ha sido editada para ajustar la extensi\u00f3n y la claridad.<\/em><\/p>\n","protected":false},"excerpt":{"rendered":"<p>En un contexto de privaci\u00f3n indiscriminada de la libertad se est\u00e1 dirigiendo la mirada a los hijos de padres encarcelados: los impactos socioecon\u00f3micos a largo plazo de esta separaci\u00f3n, la marginaci\u00f3n y su posible participaci\u00f3n en delincuencia en etapas posteriores.<\/p>\n","protected":false},"author":178,"featured_media":234449,"comment_status":"closed","ping_status":"closed","sticky":false,"template":"","format":"standard","meta":{"newspack_ads_suppress_ads":false,"newspack_popups_has_disabled_popups":false,"newspack_sponsor_sponsorship_scope":"","newspack_sponsor_native_byline_display":"inherit","newspack_sponsor_native_category_display":"inherit","newspack_sponsor_underwriter_style":"inherit","newspack_sponsor_underwriter_placement":"inherit","_EventAllDay":false,"_EventTimezone":"","_EventStartDate":"","_EventEndDate":"","_EventStartDateUTC":"","_EventEndDateUTC":"","_EventShowMap":false,"_EventShowMapLink":false,"_EventURL":"","_EventCost":"","_EventCostDescription":"","_EventCurrencySymbol":"","_EventCurrencyCode":"","_EventCurrencyPosition":"","_EventDateTimeSeparator":"","_EventTimeRangeSeparator":"","_EventOrganizerID":[],"_EventVenueID":[],"_OrganizerEmail":"","_OrganizerPhone":"","_OrganizerWebsite":"","_VenueAddress":"","_VenueCity":"","_VenueCountry":"","_VenueProvince":"","_VenueState":"","_VenueZip":"","_VenuePhone":"","_VenueURL":"","_VenueStateProvince":"","_VenueLat":"","_VenueLng":"","_VenueShowMap":false,"_VenueShowMapLink":false,"_newspack_byline_active":false,"_newspack_byline":"","newspack_hide_updated_date":false,"newspack_show_updated_date":false,"newspack_featured_image_position":"","newspack_post_subtitle":"","newspack_article_summary_title":"Overview:","newspack_article_summary":"","_jetpack_memberships_contains_paid_content":false,"footnotes":""},"categories":[4555],"tags":[405,425,462,1540,3453,438,3021],"newspack_spnsrs_tax":[],"coauthors":[4140],"class_list":["post-232627","post","type-post","status-publish","format-standard","has-post-thumbnail","hentry","category-entrevistas","tag-brasil","tag-chile-pais","tag-costa-rica-pais","tag-el-salvador-pais","tag-genero-y-crimen-organizado","tag-politicas-de-seguridad","tag-prisiones-es","entry"],"parsely":{"version":"1.1.0","canonical_url":"https:\/\/insightcrime.org\/es\/noticias\/entrevistas\/encarcelamiento-parental-impacto-ninos-latinoamericanos\/","smart_links":{"inbound":0,"outbound":0},"traffic_boost_suggestions_count":0,"meta":{"@context":"https:\/\/schema.org","@type":"NewsArticle","headline":"El encarcelamiento parental y su impacto en ni\u00f1os de Latinoam\u00e9rica","url":"http:\/\/insightcrime.org\/es\/noticias\/entrevistas\/encarcelamiento-parental-impacto-ninos-latinoamericanos\/","mainEntityOfPage":{"@type":"WebPage","@id":"http:\/\/insightcrime.org\/es\/noticias\/entrevistas\/encarcelamiento-parental-impacto-ninos-latinoamericanos\/"},"thumbnailUrl":"https:\/\/i0.wp.com\/insightcrime.org\/wp-content\/uploads\/2023\/09\/U53VXDMBOZG3ZOHQURZTN575KY-1-1-1.jpg?resize=150%2C150&quality=100&ssl=1","image":{"@type":"ImageObject","url":"https:\/\/i0.wp.com\/insightcrime.org\/wp-content\/uploads\/2023\/09\/U53VXDMBOZG3ZOHQURZTN575KY-1-1-1.jpg?fit=350%2C250&quality=100&ssl=1"},"articleSection":"Q&amp;A","author":[{"@type":"Person","name":"Chris Dalby"}],"creator":["Chris Dalby"],"publisher":{"@type":"Organization","name":"InSight Crime","logo":"https:\/\/insightcrime.org\/wp-content\/uploads\/2023\/08\/logo.png"},"keywords":["brasil","chile","costa rica","el salvador","g\u00e9nero y crimen","pol\u00edticas de seguridad","prisiones"],"dateCreated":"2023-06-22T18:53:26Z","datePublished":"2023-06-22T18:53:26Z","dateModified":"2023-09-27T08:01:47Z"},"rendered":"<meta name=\"parsely-title\" content=\"El encarcelamiento parental y su impacto en ni\u00f1os de Latinoam\u00e9rica\" \/>\n<meta name=\"parsely-link\" content=\"http:\/\/insightcrime.org\/es\/noticias\/entrevistas\/encarcelamiento-parental-impacto-ninos-latinoamericanos\/\" \/>\n<meta name=\"parsely-type\" content=\"post\" \/>\n<meta name=\"parsely-image-url\" content=\"https:\/\/i0.wp.com\/insightcrime.org\/wp-content\/uploads\/2023\/09\/U53VXDMBOZG3ZOHQURZTN575KY-1-1-1.jpg?resize=150%2C150&amp;quality=100&amp;ssl=1\" \/>\n<meta name=\"parsely-pub-date\" content=\"2023-06-22T18:53:26Z\" \/>\n<meta name=\"parsely-section\" content=\"Q&amp;A\" \/>\n<meta name=\"parsely-tags\" content=\"brasil,chile,costa rica,el salvador,g\u00e9nero y crimen,pol\u00edticas de seguridad,prisiones\" \/>\n<meta name=\"parsely-author\" content=\"Chris Dalby\" \/>","tracker_url":"https:\/\/cdn.parsely.com\/keys\/insightcrime.org\/p.js"},"jetpack_sharing_enabled":true,"jetpack-related-posts":[{"id":126497,"url":"https:\/\/insightcrime.org\/es\/noticias\/impacto-trump-crimen-organizado-latinoamerica\/","url_meta":{"origin":232627,"position":0},"title":"El impacto de Donald Trump en el crimen organizado en Latinoam\u00e9rica","author":"Parker Asmann","date":"4 de noviembre de 2020","format":false,"excerpt":"En lo que respecta a la lucha contra el crimen organizado y el narcotr\u00e1fico, el presidente estadounidense Donald Trump opt\u00f3 por echar mano de la fuerza con sus hom\u00f3logos latinoamericanos en lugar de recurrir a la diplomacia, ejerciendo presi\u00f3n y amenazas para conseguir la adopci\u00f3n de pol\u00edticas unilaterales que en\u2026","rel":"","context":"En \u00abNoticias\u00bb","block_context":{"text":"Noticias","link":"https:\/\/insightcrime.org\/es\/category\/noticias\/"},"img":{"alt_text":"","src":"https:\/\/i0.wp.com\/insightcrime.org\/wp-content\/uploads\/2020\/11\/20-11-03-US-Election-Trump-LatAm.jpg?fit=350%2C250&quality=100&ssl=1&resize=350%2C200","width":350,"height":200},"classes":[]},{"id":333167,"url":"https:\/\/insightcrime.org\/es\/noticias\/eeuu-multiplica-sanciones-latinoamerica-pero-puede-hacerlas-cumplir\/","url_meta":{"origin":232627,"position":1},"title":"EE. UU. multiplica sanciones en Latinoam\u00e9rica, pero \u00bfpuede hacerlas cumplir?","author":"Bruce Kay","date":"19 de febrero de 2026","format":false,"excerpt":"La Oficina de Control de Activos Extranjeros (Office of Foreign Assets Control, OFAC) del Departamento del Tesoro de Estados Unidos est\u00e1 desatando una ola de sanciones contra narcotraficantes y sus asociados, pero la falta de aplicaci\u00f3n efectiva ha limitado su impacto sobre las redes criminales transnacionales.","rel":"","context":"En \u00abNoticias\u00bb","block_context":{"text":"Noticias","link":"https:\/\/insightcrime.org\/es\/category\/noticias\/"},"img":{"alt_text":"Sanctions on Latin American organized crime from the United States are increasing, but can they be enforced?","src":"https:\/\/i0.wp.com\/insightcrime.org\/wp-content\/uploads\/2026\/02\/Featured-Image-US-Sanctions-InSightCrime.jpg?fit=1200%2C690&quality=100&ssl=1&resize=350%2C200","width":350,"height":200,"srcset":"https:\/\/i0.wp.com\/insightcrime.org\/wp-content\/uploads\/2026\/02\/Featured-Image-US-Sanctions-InSightCrime.jpg?fit=1200%2C690&quality=100&ssl=1&resize=350%2C200 1x, https:\/\/i0.wp.com\/insightcrime.org\/wp-content\/uploads\/2026\/02\/Featured-Image-US-Sanctions-InSightCrime.jpg?fit=1200%2C690&quality=100&ssl=1&resize=525%2C300 1.5x, https:\/\/i0.wp.com\/insightcrime.org\/wp-content\/uploads\/2026\/02\/Featured-Image-US-Sanctions-InSightCrime.jpg?fit=1200%2C690&quality=100&ssl=1&resize=700%2C400 2x, https:\/\/i0.wp.com\/insightcrime.org\/wp-content\/uploads\/2026\/02\/Featured-Image-US-Sanctions-InSightCrime.jpg?fit=1200%2C690&quality=100&ssl=1&resize=1050%2C600 3x"},"classes":[]},{"id":306947,"url":"https:\/\/insightcrime.org\/es\/noticias\/cinco-anos-de-pandemia-que-impacto-dejo-en-crimen-organizado\/","url_meta":{"origin":232627,"position":2},"title":"Cinco a\u00f1os despu\u00e9s, \u00bfc\u00f3mo cambi\u00f3 la pandemia al crimen organizado en Am\u00e9rica Latina y el Caribe?","author":"Henry Shuldiner","date":"8 de abril de 2025","format":false,"excerpt":"Cinco a\u00f1os despu\u00e9s del inicio de la pandemia de COVID-19, el crimen organizado adopt\u00f3 nuevas estrategias y fortaleci\u00f3 su control sobre los territorios y las econom\u00edas il\u00edcitas en Am\u00e9rica Latina y el Caribe.","rel":"","context":"En \u00abAudio\u00bb","block_context":{"text":"Audio","link":"https:\/\/insightcrime.org\/es\/category\/audio-es\/"},"img":{"alt_text":"","src":"https:\/\/i0.wp.com\/insightcrime.org\/wp-content\/uploads\/2025\/04\/Feature-Consequences-of-the-Pandemic-on-Organized-Crime-Are-Still-Unfolding.jpg?fit=1200%2C675&quality=100&ssl=1&resize=350%2C200","width":350,"height":200,"srcset":"https:\/\/i0.wp.com\/insightcrime.org\/wp-content\/uploads\/2025\/04\/Feature-Consequences-of-the-Pandemic-on-Organized-Crime-Are-Still-Unfolding.jpg?fit=1200%2C675&quality=100&ssl=1&resize=350%2C200 1x, https:\/\/i0.wp.com\/insightcrime.org\/wp-content\/uploads\/2025\/04\/Feature-Consequences-of-the-Pandemic-on-Organized-Crime-Are-Still-Unfolding.jpg?fit=1200%2C675&quality=100&ssl=1&resize=525%2C300 1.5x, https:\/\/i0.wp.com\/insightcrime.org\/wp-content\/uploads\/2025\/04\/Feature-Consequences-of-the-Pandemic-on-Organized-Crime-Are-Still-Unfolding.jpg?fit=1200%2C675&quality=100&ssl=1&resize=700%2C400 2x, https:\/\/i0.wp.com\/insightcrime.org\/wp-content\/uploads\/2025\/04\/Feature-Consequences-of-the-Pandemic-on-Organized-Crime-Are-Still-Unfolding.jpg?fit=1200%2C675&quality=100&ssl=1&resize=1050%2C600 3x"},"classes":[]},{"id":126137,"url":"https:\/\/insightcrime.org\/es\/la-organizacion\/diez-anos-insight-crime\/","url_meta":{"origin":232627,"position":3},"title":"InSight Crime &#8211; Diez a\u00f1os de investigaci\u00f3n del crimen organizado en Am\u00e9rica Latina","author":"InSight Crime","date":"2 de noviembre de 2020","format":false,"excerpt":"A principios de 2009, Steven Dudley fue a Medell\u00edn, Colombia. Su tarea: hablar con un l\u00edder paramilitar encarcelado en la prisi\u00f3n de Itag\u00fc\u00ed, al sur de la ciudad.","rel":"","context":"En \u00abLa Organizaci\u00f3n\u00bb","block_context":{"text":"La Organizaci\u00f3n","link":"https:\/\/insightcrime.org\/es\/category\/la-organizacion\/"},"img":{"alt_text":"","src":"https:\/\/i0.wp.com\/insightcrime.org\/wp-content\/uploads\/2020\/11\/10-years_Articulos-HISTORY-organized-crime-investigation_InSight-Crime.jpg?fit=1200%2C688&quality=100&ssl=1&resize=350%2C200","width":350,"height":200,"srcset":"https:\/\/i0.wp.com\/insightcrime.org\/wp-content\/uploads\/2020\/11\/10-years_Articulos-HISTORY-organized-crime-investigation_InSight-Crime.jpg?fit=1200%2C688&quality=100&ssl=1&resize=350%2C200 1x, https:\/\/i0.wp.com\/insightcrime.org\/wp-content\/uploads\/2020\/11\/10-years_Articulos-HISTORY-organized-crime-investigation_InSight-Crime.jpg?fit=1200%2C688&quality=100&ssl=1&resize=525%2C300 1.5x, https:\/\/i0.wp.com\/insightcrime.org\/wp-content\/uploads\/2020\/11\/10-years_Articulos-HISTORY-organized-crime-investigation_InSight-Crime.jpg?fit=1200%2C688&quality=100&ssl=1&resize=700%2C400 2x, https:\/\/i0.wp.com\/insightcrime.org\/wp-content\/uploads\/2020\/11\/10-years_Articulos-HISTORY-organized-crime-investigation_InSight-Crime.jpg?fit=1200%2C688&quality=100&ssl=1&resize=1050%2C600 3x"},"classes":[]},{"id":123784,"url":"https:\/\/insightcrime.org\/es\/noticias\/costa-rica-plan-para-rastrear-barcos-combatir-pesca-ilegal\/","url_meta":{"origin":232627,"position":4},"title":"Costa Rica acelera plan para rastrear barcos y combatir la pesca ilegal","author":"Lara Loaiza","date":"15 de septiembre de 2020","format":false,"excerpt":"Ofreciendo datos satelitales de sus flotas, Costa Rica es el \u00faltimo pa\u00eds de Latinoam\u00e9rica que enfrenta la pesca ilegal, que cuesta miles de millones de d\u00f3lares y recarga las aguas ya sobreexplotadas.","rel":"","context":"En \u00abNoticias\u00bb","block_context":{"text":"Noticias","link":"https:\/\/insightcrime.org\/es\/category\/noticias\/"},"img":{"alt_text":"","src":"https:\/\/i0.wp.com\/insightcrime.org\/wp-content\/uploads\/2020\/09\/Pesca-ilegal.jpg?fit=350%2C250&quality=100&ssl=1&resize=350%2C200","width":350,"height":200},"classes":[]},{"id":197604,"url":"https:\/\/insightcrime.org\/es\/noticias\/pesca-indnr-latinoamerica-expertos-responden-algunas-preguntas-evento\/","url_meta":{"origin":232627,"position":5},"title":"Pesca INDNR en Latinoam\u00e9rica: expertos responden algunas preguntas en evento","author":"Seth Robbins","date":"12 de septiembre de 2022","format":false,"excerpt":"Expertos analizan los retos y consecuencias de la pesca INDNR en Latinoam\u00e9rica y el Caribe","rel":"","context":"En \u00abNoticias\u00bb","block_context":{"text":"Noticias","link":"https:\/\/insightcrime.org\/es\/category\/noticias\/"},"img":{"alt_text":"Peter A. Murray presentado el evento en un atril","src":"https:\/\/i0.wp.com\/insightcrime.org\/wp-content\/uploads\/2022\/09\/Event-IUU-Fishing-American-University.png?fit=350%2C250&quality=100&ssl=1&resize=350%2C200","width":350,"height":200},"classes":[]}],"jetpack_featured_media_url":"https:\/\/i0.wp.com\/insightcrime.org\/wp-content\/uploads\/2023\/09\/U53VXDMBOZG3ZOHQURZTN575KY-1-1-1.jpg?fit=350%2C250&quality=100&ssl=1","_links":{"self":[{"href":"https:\/\/insightcrime.org\/es\/wp-json\/wp\/v2\/posts\/232627","targetHints":{"allow":["GET"]}}],"collection":[{"href":"https:\/\/insightcrime.org\/es\/wp-json\/wp\/v2\/posts"}],"about":[{"href":"https:\/\/insightcrime.org\/es\/wp-json\/wp\/v2\/types\/post"}],"author":[{"embeddable":true,"href":"https:\/\/insightcrime.org\/es\/wp-json\/wp\/v2\/users\/178"}],"replies":[{"embeddable":true,"href":"https:\/\/insightcrime.org\/es\/wp-json\/wp\/v2\/comments?post=232627"}],"version-history":[{"count":0,"href":"https:\/\/insightcrime.org\/es\/wp-json\/wp\/v2\/posts\/232627\/revisions"}],"wp:featuredmedia":[{"embeddable":true,"href":"https:\/\/insightcrime.org\/es\/wp-json\/wp\/v2\/media\/234449"}],"wp:attachment":[{"href":"https:\/\/insightcrime.org\/es\/wp-json\/wp\/v2\/media?parent=232627"}],"wp:term":[{"taxonomy":"category","embeddable":true,"href":"https:\/\/insightcrime.org\/es\/wp-json\/wp\/v2\/categories?post=232627"},{"taxonomy":"post_tag","embeddable":true,"href":"https:\/\/insightcrime.org\/es\/wp-json\/wp\/v2\/tags?post=232627"},{"taxonomy":"newspack_spnsrs_tax","embeddable":true,"href":"https:\/\/insightcrime.org\/es\/wp-json\/wp\/v2\/newspack_spnsrs_tax?post=232627"},{"taxonomy":"author","embeddable":true,"href":"https:\/\/insightcrime.org\/es\/wp-json\/wp\/v2\/coauthors?post=232627"}],"curies":[{"name":"wp","href":"https:\/\/api.w.org\/{rel}","templated":true}]}}