{"id":232628,"date":"2023-06-22T13:19:43","date_gmt":"2023-06-22T18:19:43","guid":{"rendered":"https:\/\/insightcrime.org\/sin-categorizar\/cabal-caciques-compromisos\/"},"modified":"2024-07-25T09:13:51","modified_gmt":"2024-07-25T14:13:51","slug":"cabal-caciques-compromisos","status":"publish","type":"post","link":"https:\/\/insightcrime.org\/es\/investigaciones\/cabal-caciques-compromisos\/","title":{"rendered":"Cabal: caciques y compromisos"},"content":{"rendered":"\n<p class=\"wp-block-paragraph\">Gracias a una combinaci\u00f3n de suerte, persistencia y dudosos recursos legales interpuestos contra otros candidatos, Edmond Mulet y su partido pol\u00edtico, Cabal, se encuentran en el precipicio del poder. Con investigaciones espurias y sentencias judiciales cuestionables que eliminan a una serie de aspirantes a la presidencia, la puerta al cargo m\u00e1s alto est\u00e1 ahora abierta para Mulet, el abogado convertido en pol\u00edtico, diplom\u00e1tico y ahora en candidato presidencial.<\/p>\n\n\n\n<p class=\"wp-block-paragraph\">El partido de Mulet, sin embargo, es m\u00e1s una alianza de conveniencia que un bloque. Cabal, fundado en 2022, alberga candidatos procedentes de otros 21 partidos.\u00a0Muchos de los partidos tienen un pasado cuestionable, y muchos de los candidatos se han enfrentado a acusaciones de corrupci\u00f3n y otros delitos. Mulet promete un \u00ab<a href=\"https:\/\/www.plazapublica.com.gt\/content\/edmond-mulet-un-nuevo-comienzo-pero-de-la-mano-de-la-vieja-politica\" target=\"_blank\" rel=\"noreferrer noopener\">nuevo comienzo<\/a>\u00ab, pero la composici\u00f3n de su partido sugiere que cargar\u00e1 con el lastre del turbio pasado de Guatemala.<\/p>\n\n\n\n<div class=\"wp-block-media-text is-stacked-on-mobile has-background\" style=\"background-color:#f4f6f3;grid-template-columns:24% auto\"><figure class=\"wp-block-media-text__media\"><img data-recalc-dims=\"1\" loading=\"lazy\" decoding=\"async\" width=\"600\" height=\"700\" src=\"https:\/\/i0.wp.com\/insightcrime.org\/wp-content\/uploads\/2023\/09\/Guatemala-Thumbnail-PDF-Download-spa.png?resize=600%2C700&#038;quality=100&#038;ssl=1\" alt=\"\" class=\"wp-image-232621 size-full\" srcset=\"https:\/\/i0.wp.com\/insightcrime.org\/wp-content\/uploads\/2023\/09\/Guatemala-Thumbnail-PDF-Download-spa.png?w=600&amp;quality=100&amp;ssl=1 600w, https:\/\/i0.wp.com\/insightcrime.org\/wp-content\/uploads\/2023\/09\/Guatemala-Thumbnail-PDF-Download-spa.png?resize=257%2C300&amp;quality=100&amp;ssl=1 257w, https:\/\/i0.wp.com\/insightcrime.org\/wp-content\/uploads\/2023\/09\/Guatemala-Thumbnail-PDF-Download-spa.png?resize=400%2C467&amp;quality=100&amp;ssl=1 400w, https:\/\/i0.wp.com\/insightcrime.org\/wp-content\/uploads\/2023\/09\/Guatemala-Thumbnail-PDF-Download-spa.png?w=370&amp;quality=100&amp;ssl=1 370w\" sizes=\"auto, (max-width: 600px) 100vw, 600px\" \/><\/figure><div class=\"wp-block-media-text__content\">\n<p class=\"has-text-color has-small-font-size wp-block-paragraph\" style=\"color:#161616ad;font-style:normal;font-weight:400;letter-spacing:0px\"><em>*Este art\u00edculo hace parte de una serie de siete partes que describe la evoluci\u00f3n del crimen organizado en la pol\u00edtica guatemalteca. Lea los dem\u00e1s <a href=\"https:\/\/es.insightcrime.org\/investigaciones\/elecciones-guatemala-entre-poder-y-impunidad\/\" target=\"_blank\" rel=\"noreferrer noopener\">cap\u00edtulos<\/a> de la investigaci\u00f3n, el informe <a href=\"https:\/\/insightcrime.org\/wp-content\/uploads\/2023\/06\/Elecciones-en-Guatemala-2023-entre-el-poder-y-la-impunidad-InSight-Crime-Flagship.pdf\" target=\"_blank\" rel=\"noreferrer noopener\">completo<\/a> y la cobertura relacionada sobre <a href=\"https:\/\/es.insightcrime.org\/noticias\/elecciones-guatemala-2023-difusa-linea-politica-las-drogas\/\" target=\"_blank\" rel=\"noreferrer noopener\">narcotr\u00e1fico<\/a> e <a href=\"https:\/\/es.insightcrime.org\/noticias\/impunidad-empana-elecciones-guatemala\/\" target=\"_blank\" rel=\"noreferrer noopener\">impunidad<\/a>.<\/em><\/p>\n<\/div><\/div>\n\n\n\n<h2 class=\"wp-block-heading\" id=\"h-el-candidato\"><strong>El candidato<\/strong><\/h2>\n\n\n\n<p class=\"wp-block-paragraph\">Mulet suele ser descrito como un diplom\u00e1tico, pero su carrera pol\u00edtica nacional se remonta a los a\u00f1os 80. De joven milit\u00f3 en el Movimiento de Liberaci\u00f3n Nacional (MLN), un violento grupo anticomunista que se refer\u00eda a s\u00ed mismo como \u00ab<a href=\"https:\/\/www.plazapublica.com.gt\/content\/el-espectro-del-anticomunismo\" target=\"_blank\" rel=\"noreferrer noopener\">el partido de la violencia organizada<\/a>\u00ab. Como partido pol\u00edtico, el MLN tiene sus ra\u00edces en 1954, con el derrocamiento del entonces presidente Jacobo \u00c1rbenz. El partido cogobern\u00f3 con el alto mando del ej\u00e9rcito hasta finales de la d\u00e9cada de 1970, manteniendo el poder mediante una serie de elecciones fraudulentas.<\/p>\n\n\n\n<p class=\"wp-block-paragraph\">Mulet form\u00f3 parte de una facci\u00f3n disidente del MLN, que se orient\u00f3 hacia la pol\u00edtica de centro-derecha y acab\u00f3 creando un partido rival, el Partido Nacional Renovador (PNR). El PNR particip\u00f3 en las elecciones de 1982, con la aprobaci\u00f3n militar, en las que Mulet fue elegido diputado, pero esas elecciones fueron anuladas tras un golpe dirigido por la facci\u00f3n militar del general Efra\u00edn R\u00edos Montt. A partir de entonces, Mulet se acerc\u00f3 cada vez m\u00e1s al centro ideol\u00f3gico y fue elegido como diputado por la Uni\u00f3n del Centro Nacional (UCN) durante la transici\u00f3n de Guatemala a la democracia en 1985.<\/p>\n\n\n\n<blockquote class=\"wp-block-quote is-layout-flow wp-block-quote-is-layout-flow\">\n<p class=\"wp-block-paragraph\"><strong><mark style=\"background-color:rgba(0, 0, 0, 0)\" class=\"has-inline-color has-vivid-red-color\">VEA TAMBI\u00c9N:<\/mark><\/strong> <a href=\"https:\/\/es.insightcrime.org\/noticias\/impunidad-empana-elecciones-guatemala\/\" target=\"_blank\" rel=\"noreferrer noopener\">La impunidad empa\u00f1a las elecciones en Guatemala<\/a><\/p>\n<\/blockquote>\n\n\n\n<p class=\"wp-block-paragraph\">Tras asegurar su reelecci\u00f3n en 1990, Mulet se convirti\u00f3 en Presidente del Congreso en 1991. En 1993, fue nombrado embajador de Guatemala en Washington por el Presidente Jorge Serrano El\u00edas (1991-1993). Pero pocas semanas despu\u00e9s del nombramiento de Mulet, Serrano organiz\u00f3 un autogolpe de Estado, intentando disolver el Congreso y concentrar el poder en sus manos.<\/p>\n\n\n\n<p class=\"wp-block-paragraph\">Mulet reprendi\u00f3 p\u00fablicamente el golpe, que finalmente fracas\u00f3. Los acontecimientos marcaron el final de la etapa de Mulet en el Congreso. En su lugar, se embarc\u00f3 en una carrera diplom\u00e1tica, ejerciendo como embajador en B\u00e9lgica, Luxemburgo y la Uni\u00f3n Europea. M\u00e1s tarde se <a href=\"https:\/\/www.no-ficcion.com\/projects\/mulet-cabal-vieja-politica\" target=\"_blank\" rel=\"noreferrer noopener\">incorpor\u00f3<\/a> a las Naciones Unidas como jefe de la Misi\u00f3n de Estabilizaci\u00f3n en Hait\u00ed en 2006.&nbsp; Mulet permaneci\u00f3 en la ONU hasta finales de 2016, ejerciendo como jefe de gabinete del Secretario General y Subsecretario de Misiones de Mantenimiento de la Paz. Posteriormente fue <a href=\"https:\/\/www.un.org\/sg\/en\/content\/sg\/personnel-appointments\/2017-04-27\/mr-edmond-mulet-guatemala-head-independent-panel-lead\" target=\"_blank\" rel=\"noreferrer noopener\">llamado<\/a> para dirigir un grupo de investigaci\u00f3n sobre el uso de armas qu\u00edmicas en Siria.<\/p>\n\n\n\n<p class=\"wp-block-paragraph\">Mulet regres\u00f3 a la pol\u00edtica guatemalteca en 2019, cuando se present\u00f3 a las elecciones presidenciales bajo la bandera del Partido Humanista de Guatemala (PHG). Aunque termin\u00f3 tercero, <a href=\"https:\/\/resultados2019.tse.org.gt\/201901\/\" target=\"_blank\" rel=\"noreferrer noopener\">obtuvo casi 500.000 votos<\/a>, una haza\u00f1a considerable en el profundamente fragmentado sistema de partidos de Guatemala.&nbsp; Durante las primeras fases de las elecciones no parec\u00eda estar entre los favoritos, pero emergi\u00f3 del pelot\u00f3n despu\u00e9s de que una serie de sentencias e investigaciones descalificaran a sus rivales.<\/p>\n\n\n\n<p class=\"wp-block-paragraph\">Ahora, parece estar bien posicionado para competir por un puesto en la segunda vuelta, debido, en parte, a los fuertes caciques regionales de su partido, algunos con v\u00ednculos hist\u00f3ricos con la corrupci\u00f3n en el partido. Adem\u00e1s, el propio Mulet ha tenido sus propios problemas legales. A continuaci\u00f3n, esbozamos algunas de las facetas m\u00e1s problem\u00e1ticas del bloque Cabal, que han llevado a la prensa local a preguntarse si Mulet puede escapar de la \u00ab<a href=\"https:\/\/www.no-ficcion.com\/projects\/mulet-cabal-vieja-politica\" target=\"_blank\" rel=\"noreferrer noopener\">vieja pol\u00edtica<\/a>\u00bb guatemalteca.<\/p>\n\n\n\n<h3 class=\"wp-block-heading\"><strong>Una coalici\u00f3n fr\u00e1gil y muchas alertas rojas<\/strong><\/h3>\n\n\n\n<p class=\"wp-block-paragraph\">Cabal ha formado una <a href=\"https:\/\/www.plazapublica.com.gt\/content\/edmond-mulet-un-nuevo-comienzo-pero-de-la-mano-de-la-vieja-politica\" target=\"_blank\" rel=\"noreferrer noopener\">s\u00f3lida coalici\u00f3n<\/a> de candidatos en todo el pa\u00eds, aunque las filas del partido son m\u00e1s numerosas en el oeste de Guatemala.&nbsp;Muchos candidatos son pol\u00edticos experimentados que han ocupado cargos p\u00fablicos como alcaldes o en el Congreso. Algunos de los principales candidatos de Cabal tambi\u00e9n tienen experiencia en el gobierno, como su compa\u00f1ero de candidatura, Max Santa Cruz, que fue <a href=\"https:\/\/www.no-ficcion.com\/projects\/mulet-cabal-vieja-politica\" target=\"_blank\" rel=\"noreferrer noopener\">asesor principal<\/a> del ex vicepresidente Eduardo Stein. A mediados de la d\u00e9cada de 2000, Stein encabez\u00f3 los esfuerzos para crear la Comisi\u00f3n Internacional contra la Impunidad en Guatemala (CICIG), \u00f3rgano judicial supranacional respaldado por la ONU, que dirigi\u00f3 la lucha contra la impunidad durante una d\u00e9cada.<\/p>\n\n\n\n<p class=\"wp-block-paragraph\">Mulet apoy\u00f3 a la CICIG durante su campa\u00f1a electoral de 2019 y tiene profundos v\u00ednculos con las Naciones Unidas, que respaldaron a la comisi\u00f3n. Pero desde entonces ha cambiado de t\u00e1ctica: \u00abCICIG nunca m\u00e1s en Guatemala\u00bb, <a href=\"https:\/\/twitter.com\/Edmondmulet\/status\/1661734829547995141?s=20\" target=\"_blank\" rel=\"noreferrer noopener\">tuite\u00f3<\/a> en mayo, y en un video adjunto agreg\u00f3: \u00abCICIG es el pasado\u00bb.&nbsp;El cambio est\u00e1 \u00edntimamente relacionado con la forma en que se percibe el apoyo a la comisi\u00f3n en Guatemala. Lo que una vez fue una insignia de honor se ha convertido en un lastre pol\u00edtico, en gran parte debido a la casi permanente campa\u00f1a de publicidad de los enemigos de la CICIG.<\/p>\n\n\n\n<blockquote class=\"wp-block-quote is-layout-flow wp-block-quote-is-layout-flow\">\n<p class=\"wp-block-paragraph\"><strong><mark style=\"background-color:rgba(0, 0, 0, 0)\" class=\"has-inline-color has-vivid-red-color\">VEA TAMBI\u00c9N:<\/mark><\/strong> <a href=\"https:\/\/es.insightcrime.org\/noticias\/analisis\/guatemala-sofistico-impunidad\/\" target=\"_blank\" rel=\"noreferrer noopener\">\u00abGuatemala sofistic\u00f3 sus mecanismos para asegurar impunidad\u00bb: Juan Francisco Sandoval<\/a><\/p>\n<\/blockquote>\n\n\n\n<p class=\"wp-block-paragraph\">Pero el cambio tambi\u00e9n forma parte del enfoque pragm\u00e1tico de Mulet hacia la pol\u00edtica y las elecciones. Parece entender los equilibrios necesarios en la pol\u00edtica guatemalteca para alcanzar el poder, algo que queda muy claro en la lista de candidatos de su partido. Cabal est\u00e1 formado por numerosos v\u00e1stagos y presuntos delincuentes de partidos con liderazgos problem\u00e1ticos.<\/p>\n\n\n\n<p class=\"wp-block-paragraph\">Entre los partidos m\u00e1s notables que <a href=\"https:\/\/www.plazapublica.com.gt\/content\/edmond-mulet-un-nuevo-comienzo-pero-de-la-mano-de-la-vieja-politica\" target=\"_blank\" rel=\"noreferrer noopener\">figuran<\/a> en la lista de candidatos presentada por Cabal est\u00e1n sus rivales presidenciales: la Unidad Nacional de la Esperanza (UNE) de Sandra Torres (27) y Valor de Zury R\u00edos (1). Otros partidos, algunos de los cuales se han disuelto o se han enfrentado a acusaciones de corrupci\u00f3n generalizada, tambi\u00e9n llenan las listas de candidatos de Cabal, entre ellos Vamos (2), PU (4), FCN-Naci\u00f3n (2), Partido Patriota (12), L\u00edder (10) y el FRG (8).  <\/p>\n\n\n\n<p class=\"wp-block-paragraph\">Uno de sus principales asesores fue <a href=\"https:\/\/www.no-ficcion.com\/projects\/mulet-cabal-vieja-politica\" target=\"_blank\" rel=\"noreferrer noopener\">ministro de Salud<\/a> durante la administraci\u00f3n de Otto P\u00e9rez Molina, que termin\u00f3 en desgracia cuando la CICIG y la Fiscal\u00eda General presentaron acusaciones de corrupci\u00f3n contra P\u00e9rez Molina, y este renunci\u00f3. Otro de los principales candidatos al Congreso fue ministro de Finanzas del entonces presidente Jimmy Morales, de quien la CICIG y la Fiscal\u00eda General dijeron que financi\u00f3 ilegalmente su elecci\u00f3n de 2015. Otro candidato a diputado fue <a href=\"https:\/\/lahora.gt\/nacionales\/fatima\/2023\/02\/14\/partido-cabal-postula-como-candidato-a-diputado-a-exasesor-de-allan-rodriguez\/\" target=\"_blank\" rel=\"noreferrer noopener\">asesor<\/a> de Allan Rodr\u00edguez, expresidente del Congreso (Vamos) sancionado por el gobierno de Estados Unidos.<\/p>\n\n\n\n<p class=\"wp-block-paragraph\">Con tantos partidos de la \u00abvieja guardia\u00bb en el trasfondo, quiz\u00e1 no sea sorprendente que la lista de Cabal est\u00e9 repleta de candidatos a alcaldes y diputados, as\u00ed como de asesores pol\u00edticos, que han enfrentado acusaciones de corrupci\u00f3n y otros delitos. Algunos han sido encarcelados, entre ellos Mulet. Un asesor y un candidato al Congreso fueron <a href=\"https:\/\/www.cicig.org\/casos\/capturan-a-diputados-y-exlegisladores-vinculados-en-caso-plazas-fantasma\/\" target=\"_blank\" rel=\"noreferrer noopener\">investigados<\/a> por la CICIG en el caso conocido como las Plazas Fantasmas; otro asesor fue <a href=\"https:\/\/www.cicig.org\/casos\/caso-subordinacion-del-poder-legislativo-al-ejecutivo\/\" target=\"_blank\" rel=\"noreferrer noopener\">nombrado<\/a> en una investigaci\u00f3n de la CICIG sobre la compra de votos en el Congreso.&nbsp;Un candidato a diputado de Cabal fue <a href=\"https:\/\/www.prensalibre.com\/guatemala\/justicia\/mp-pide-antejuicio-contra-diputados-de-creo-y-fcn\/\" target=\"_blank\" rel=\"noreferrer noopener\">se\u00f1alado<\/a> por conflicto de intereses en 2017 por haber sido beneficiario de un contrato gubernamental mientras serv\u00eda en la legislatura por un partido diferente.&nbsp; Varios candidatos a alcaldes fueron <a href=\"https:\/\/www.plazapublica.com.gt\/content\/edmond-mulet-un-nuevo-comienzo-pero-de-la-mano-de-la-vieja-politica\" target=\"_blank\" rel=\"noreferrer noopener\">investigados<\/a> por abuso de poder, violencia dom\u00e9stica y otros delitos.&nbsp; La mayor\u00eda de estos casos fueron desestimados, archivados o los acusados exonerados, en muchos casos tras la salida de la CICIG y durante el proceso de desmantelamiento del sistema de justicia.<\/p>\n\n\n\n<p class=\"wp-block-paragraph\">El caso de Mulet fue particular. Fue <a href=\"https:\/\/www.plazapublica.com.gt\/content\/la-increible-historia-de-edmond-mulet-y-los-ninos-que-exportaba\" target=\"_blank\" rel=\"noreferrer noopener\">detenido<\/a> brevemente a principios de la d\u00e9cada de 1980 por supuestamente ayudar a facilitar adopciones ilegales.&nbsp;Qued\u00f3 en libertad r\u00e1pidamente y niega en\u00e9rgicamente haber cometido delito alguno. Es m\u00e1s, Mulet no parece estar implicado en las tramas de corrupci\u00f3n actuales. <\/p>\n\n\n\n<p class=\"wp-block-paragraph\">Su condici\u00f3n de persona ajena al sistema tiene sus ventajas y sus inconvenientes. Una ventaja es que podr\u00eda intentar derribar el sistema. En una <a href=\"https:\/\/lahora.gt\/nacionales\/obondo\/2023\/06\/08\/mulet-aborda-en-entrevista-los-temas-espinosos-de-la-campana\/\" target=\"_blank\" rel=\"noreferrer noopener\">entrevista<\/a>, por ejemplo, insinu\u00f3 que destituir\u00eda a la controversial Fiscal General, Consuelo Porras, en caso de ser elegido.&nbsp;Y aunque ha evitado a la CICIG, ha hecho de la lucha contra la corrupci\u00f3n un elemento central de su campa\u00f1a.<\/p>\n\n\n\n<p class=\"wp-block-paragraph\">La desventaja es que tendr\u00e1 que pactar con alguna combinaci\u00f3n de los otros bloques pol\u00edticos para poder gobernar. As\u00ed lo admiti\u00f3 en una <a href=\"https:\/\/www.plazapublica.com.gt\/content\/edmond-mulet-un-nuevo-comienzo-pero-de-la-mano-de-la-vieja-politica\" target=\"_blank\" rel=\"noreferrer noopener\">entrevista<\/a> concedida a Plaza P\u00fablica. \u00abPara ganar votos, en Guatemala, hay que reconocer que hay caciques y si ese cacique no est\u00e1 con uno ese cacique est\u00e1 en contra\u00bb, dijo. \u00abMe ha tocado hablar con caciques para pedir ayuda. Si esos caciques no est\u00e1n con uno, se van con otros y no ganamos las elecciones\u00bb.<\/p>\n\n\n\n<p class=\"wp-block-paragraph\">Es posible que Mulet haya tenido que hacer acuerdos similares para conseguir apoyo financiero para su campa\u00f1a. Entre sus supuestos financiadores se encuentran algunos de esos caciques. Entre ellos se destaca <a href=\"https:\/\/www.prensalibre.com\/guatemala\/elecciones-generales-guatemala-2023\/cabal-el-nuevo-partido-de-edmond-mulet-con-las-estrategias-y-las-ideas-de-viejos-politicos-breaking\/\" target=\"_blank\" rel=\"noreferrer noopener\">Tom\u00e1s C\u00f3rdova<\/a>, quien aspira a la reelecci\u00f3n al Congreso con Cabal y cuya familia es propietaria de una serie de <a href=\"https:\/\/www.guatecompras.gt\/proveedores\/consultaDetProveeAdj.aspx?rqp=9&amp;lprv=3634\" target=\"_blank\" rel=\"noreferrer noopener\">empresas constructoras<\/a> y <a href=\"https:\/\/www.guatecompras.gt\/proveedores\/consultaDetProvee.aspx?rqp=10&amp;lprv=49230\" target=\"_blank\" rel=\"noreferrer noopener\">gasolineras<\/a> en el departamento de Alta Verapaz.&nbsp;Muchas de estas empresas han <a href=\"https:\/\/www.guatecompras.gt\/proveedores\/consultaDetProveeAdj.aspx?lper=2022&amp;lprv=2451\" target=\"_blank\" rel=\"noreferrer noopener\">recibido<\/a> contratos del gobierno en los \u00faltimos a\u00f1os.&nbsp;Adem\u00e1s, est\u00e1 Julio L\u00f3pez Villatoro, quien tambi\u00e9n busca la reelecci\u00f3n en el Congreso, y cuyo hermano, Roberto, ha ayudado durante mucho tiempo a <a href=\"https:\/\/es.insightcrime.org\/investigaciones\/rey-del-tenis-caballero-cabildero-guatemala\/\" target=\"_blank\" rel=\"noreferrer noopener\">dise\u00f1ar<\/a> las comisiones de postulaci\u00f3n y, por extensi\u00f3n, el sistema judicial.&nbsp;Pero adem\u00e1s del apoyo que ha obtenido reclutando a importantes caciques, algunas fuentes afirman que Mulet tambi\u00e9n est\u00e1 cortejando a las \u00e9lites tradicionales que lo ven como un socio m\u00e1s viable e ideol\u00f3gicamente af\u00edn que Sandra Torres, con quien muchos creen que se enfrentar\u00e1 en la segunda vuelta.<\/p>\n\n\n\n<p class=\"wp-block-paragraph\"><em>*Alex Papadovassilakis y Jody Garc\u00eda contribuyeron en esta investigaci\u00f3n.<\/em><\/p>\n","protected":false},"excerpt":{"rendered":"<p>Gracias a una combinaci\u00f3n de suerte, persistencia y dudosos recursos legales, Edmond Mulet y su partido, Cabal, se encuentran en el precipicio del poder.<\/p>\n","protected":false},"author":3,"featured_media":234451,"comment_status":"closed","ping_status":"closed","sticky":false,"template":"single-feature.php","format":"standard","meta":{"newspack_ads_suppress_ads":false,"newspack_popups_has_disabled_popups":false,"newspack_sponsor_sponsorship_scope":"","newspack_sponsor_native_byline_display":"inherit","newspack_sponsor_native_category_display":"inherit","newspack_sponsor_underwriter_style":"inherit","newspack_sponsor_underwriter_placement":"inherit","_EventAllDay":false,"_EventTimezone":"","_EventStartDate":"","_EventEndDate":"","_EventStartDateUTC":"","_EventEndDateUTC":"","_EventShowMap":false,"_EventShowMapLink":false,"_EventURL":"","_EventCost":"","_EventCostDescription":"","_EventCurrencySymbol":"","_EventCurrencyCode":"","_EventCurrencyPosition":"","_EventDateTimeSeparator":"","_EventTimeRangeSeparator":"","_EventOrganizerID":[],"_EventVenueID":[],"_OrganizerEmail":"","_OrganizerPhone":"","_OrganizerWebsite":"","_VenueAddress":"","_VenueCity":"","_VenueCountry":"","_VenueProvince":"","_VenueState":"","_VenueZip":"","_VenuePhone":"","_VenueURL":"","_VenueStateProvince":"","_VenueLat":"","_VenueLng":"","_VenueShowMap":false,"_VenueShowMapLink":false,"_newspack_byline_active":false,"_newspack_byline":"","newspack_hide_updated_date":false,"newspack_show_updated_date":false,"newspack_featured_image_position":"above","newspack_post_subtitle":"","newspack_article_summary_title":"Overview:","newspack_article_summary":"","_jetpack_memberships_contains_paid_content":false,"footnotes":""},"categories":[342],"tags":[4548,4693,447,374,431,454],"newspack_spnsrs_tax":[],"coauthors":[3658,4050],"class_list":["post-232628","post","type-post","status-publish","format-standard","has-post-thumbnail","hentry","category-investigaciones","tag-elecciones-crimen-organizado","tag-elecciones-crimen-guatemala","tag-elites-y-crimen-organizado","tag-guatemala-pais","tag-lavado-de-dinero","tag-reforma-judicial","entry"],"parsely":{"version":"1.1.0","canonical_url":"https:\/\/insightcrime.org\/es\/investigaciones\/cabal-caciques-compromisos\/","smart_links":{"inbound":0,"outbound":0},"traffic_boost_suggestions_count":0,"meta":{"@context":"https:\/\/schema.org","@type":"NewsArticle","headline":"Cabal: caciques y compromisos","url":"http:\/\/insightcrime.org\/es\/investigaciones\/cabal-caciques-compromisos\/","mainEntityOfPage":{"@type":"WebPage","@id":"http:\/\/insightcrime.org\/es\/investigaciones\/cabal-caciques-compromisos\/"},"thumbnailUrl":"https:\/\/i0.wp.com\/insightcrime.org\/wp-content\/uploads\/2023\/09\/Covers-Guatemala-Elections2-1.png?resize=150%2C150&quality=100&ssl=1","image":{"@type":"ImageObject","url":"https:\/\/i0.wp.com\/insightcrime.org\/wp-content\/uploads\/2023\/09\/Covers-Guatemala-Elections2-1.png?fit=1600%2C768&quality=100&ssl=1"},"articleSection":"Investigaciones","author":[{"@type":"Person","name":"Steven Dudley"},{"@type":"Person","name":"Edgar Guti\u00e9rrez"}],"creator":["Steven Dudley","Edgar Guti\u00e9rrez"],"publisher":{"@type":"Organization","name":"InSight Crime","logo":"https:\/\/insightcrime.org\/wp-content\/uploads\/2023\/08\/logo.png"},"keywords":["elecciones y crimen","elecciones y crimen: guatemala","\u00e9lites y crimen","guatemala","lavado de dinero","reforma judicial"],"dateCreated":"2023-06-22T18:19:43Z","datePublished":"2023-06-22T18:19:43Z","dateModified":"2024-07-25T14:13:51Z"},"rendered":"<meta name=\"parsely-title\" content=\"Cabal: caciques y compromisos\" \/>\n<meta name=\"parsely-link\" content=\"http:\/\/insightcrime.org\/es\/investigaciones\/cabal-caciques-compromisos\/\" \/>\n<meta name=\"parsely-type\" content=\"post\" \/>\n<meta name=\"parsely-image-url\" content=\"https:\/\/i0.wp.com\/insightcrime.org\/wp-content\/uploads\/2023\/09\/Covers-Guatemala-Elections2-1.png?resize=150%2C150&amp;quality=100&amp;ssl=1\" \/>\n<meta name=\"parsely-pub-date\" content=\"2023-06-22T18:19:43Z\" \/>\n<meta name=\"parsely-section\" content=\"Investigaciones\" \/>\n<meta name=\"parsely-tags\" content=\"elecciones y crimen,elecciones y crimen: guatemala,\u00e9lites y crimen,guatemala,lavado de dinero,reforma judicial\" \/>\n<meta name=\"parsely-author\" content=\"Steven Dudley\" \/>\n<meta name=\"parsely-author\" content=\"Edgar Guti\u00e9rrez\" \/>","tracker_url":"https:\/\/cdn.parsely.com\/keys\/insightcrime.org\/p.js"},"jetpack_sharing_enabled":true,"jetpack-related-posts":[{"id":232642,"url":"https:\/\/insightcrime.org\/es\/noticias\/impunidad-empana-elecciones-guatemala\/","url_meta":{"origin":232628,"position":0},"title":"La impunidad empa\u00f1a las elecciones en Guatemala","author":"Edgar Guti\u00e9rrez","date":"19 de junio de 2023","format":false,"excerpt":"Vistas desde afuera, las elecciones generales en Guatemala cumplen con los requisitos formales. Pero esta no es una elecci\u00f3n normal.","rel":"","context":"En \u00abNoticias\u00bb","block_context":{"text":"Noticias","link":"https:\/\/insightcrime.org\/es\/category\/noticias\/"},"img":{"alt_text":"Zury R\u00edos. Sandra Torres y Edmond Mulet, candidatos a la presidencia de Guatemala","src":"https:\/\/i0.wp.com\/insightcrime.org\/wp-content\/uploads\/2023\/09\/Flagship-Collage-candidatos-Guatemala-InSight-Crime-Jun-2023-1.jpg?fit=1200%2C690&quality=100&ssl=1&resize=350%2C200","width":350,"height":200,"srcset":"https:\/\/i0.wp.com\/insightcrime.org\/wp-content\/uploads\/2023\/09\/Flagship-Collage-candidatos-Guatemala-InSight-Crime-Jun-2023-1.jpg?fit=1200%2C690&quality=100&ssl=1&resize=350%2C200 1x, https:\/\/i0.wp.com\/insightcrime.org\/wp-content\/uploads\/2023\/09\/Flagship-Collage-candidatos-Guatemala-InSight-Crime-Jun-2023-1.jpg?fit=1200%2C690&quality=100&ssl=1&resize=525%2C300 1.5x, https:\/\/i0.wp.com\/insightcrime.org\/wp-content\/uploads\/2023\/09\/Flagship-Collage-candidatos-Guatemala-InSight-Crime-Jun-2023-1.jpg?fit=1200%2C690&quality=100&ssl=1&resize=700%2C400 2x, https:\/\/i0.wp.com\/insightcrime.org\/wp-content\/uploads\/2023\/09\/Flagship-Collage-candidatos-Guatemala-InSight-Crime-Jun-2023-1.jpg?fit=1200%2C690&quality=100&ssl=1&resize=1050%2C600 3x"},"classes":[]},{"id":232617,"url":"https:\/\/insightcrime.org\/es\/noticias\/historicas-elecciones-guatemala-tambalear-establecimiento-corrupto\/","url_meta":{"origin":232628,"position":1},"title":"Hist\u00f3ricas elecciones en Guatemala hacen tambalear el establecimiento corrupto","author":"Alex Papadovassilakis","date":"27 de junio de 2023","format":false,"excerpt":"Contra todo pron\u00f3stico, tras una campa\u00f1a ensombrecida por la impunidad, en unas elecciones donde todos los candidatos favoritos ten\u00edan v\u00ednculos con redes de corrupci\u00f3n, y con las instituciones democr\u00e1ticas del pa\u00eds penetradas por mafias pol\u00edticas, un candidato ajeno al establecimiento fue el protagonista de una derrota hist\u00f3rica.","rel":"","context":"En \u00abNoticias\u00bb","block_context":{"text":"Noticias","link":"https:\/\/insightcrime.org\/es\/category\/noticias\/"},"img":{"alt_text":"equipos de TV se preparan para anunciar que el candidato de centro-izquierda Bernardo Ar\u00e9valo provoc\u00f3 una dram\u00e1tica derrota en las elecciones en Guatemala, al pasar a la segunda ronda frente a Sandra Torres, de UNE.","src":"https:\/\/i0.wp.com\/insightcrime.org\/wp-content\/uploads\/2023\/09\/guatemala-elections-1-1.jpeg?fit=350%2C250&quality=100&ssl=1&resize=350%2C200","width":350,"height":200},"classes":[]},{"id":232669,"url":"https:\/\/insightcrime.org\/es\/noticias\/elites-guatemala-fortalecen-eliminar-principal-candidato-presidencial\/","url_meta":{"origin":232628,"position":2},"title":"\u00c9lites de Guatemala se fortalecen tras eliminar al principal candidato presidencial","author":"Mike LaSusa","date":"26 de mayo de 2023","format":false,"excerpt":"El candidato que lidera en la contienda electoral de Guatemala ha sido eliminado por un tecnicismo administrativo, la se\u00f1al m\u00e1s reciente de que las arraigadas redes de corrupci\u00f3n del pa\u00eds utilizan el sistema judicial para aplastar a sus opositores.","rel":"","context":"En \u00abNoticias\u00bb","block_context":{"text":"Noticias","link":"https:\/\/insightcrime.org\/es\/category\/noticias\/"},"img":{"alt_text":"","src":"https:\/\/i0.wp.com\/insightcrime.org\/wp-content\/uploads\/2023\/09\/IMG_4133-1-1.jpg?fit=333%2C250&quality=100&ssl=1&resize=350%2C200","width":350,"height":200},"classes":[]},{"id":232573,"url":"https:\/\/insightcrime.org\/es\/noticias\/elites-guatemala-interfieren-elecciones-presidenciales-suspenden-resultados\/","url_meta":{"origin":232628,"position":3},"title":"\u00c9lites de Guatemala interfieren de nuevo en elecciones presidenciales y suspenden resultados","author":"Peter Appleby","date":"4 de julio de 2023","format":false,"excerpt":"El m\u00e1ximo tribunal de Guatemala suspendi\u00f3 la oficializaci\u00f3n de las elecciones presidenciales debido a un nuevo intento de las redes de corrupci\u00f3n de las \u00e9lites nacionales de aferrarse al poder pol\u00edtico.","rel":"","context":"En \u00abNoticias\u00bb","block_context":{"text":"Noticias","link":"https:\/\/insightcrime.org\/es\/category\/noticias\/"},"img":{"alt_text":"Inicio del proceso de conteo de votos en un punto de votaci\u00f3n en Guatemala.","src":"https:\/\/i0.wp.com\/insightcrime.org\/wp-content\/uploads\/2023\/09\/guatemala-elections-1-1-1.jpg?fit=350%2C250&quality=100&ssl=1&resize=350%2C200","width":350,"height":200},"classes":[]},{"id":232640,"url":"https:\/\/insightcrime.org\/es\/noticias\/elecciones-guatemala-2023-difusa-linea-politica-las-drogas\/","url_meta":{"origin":232628,"position":4},"title":"Elecciones en Guatemala: la difusa l\u00ednea entre la pol\u00edtica y las drogas","author":"Alex Papadovassilakis","date":"20 de junio de 2023","format":false,"excerpt":"Sof\u00eda Hern\u00e1ndez ha sido reelegida por tres periodos consecutivos al Congreso guatemalteco y est\u00e1 en campa\u00f1a para aspirar a una cuarta reelecci\u00f3n el 25 de junio, siempre con partidos diferentes, todos en problemas de corrupci\u00f3n o influencia del narcotr\u00e1fico.","rel":"","context":"En \u00abNoticias\u00bb","block_context":{"text":"Noticias","link":"https:\/\/insightcrime.org\/es\/category\/noticias\/"},"img":{"alt_text":"","src":"https:\/\/i0.wp.com\/insightcrime.org\/wp-content\/uploads\/2023\/09\/Flagship-Collage-corrupcion-Guatemala-InSight-Crime-Jun-2023-1-1.jpg?fit=1200%2C690&quality=100&ssl=1&resize=350%2C200","width":350,"height":200,"srcset":"https:\/\/i0.wp.com\/insightcrime.org\/wp-content\/uploads\/2023\/09\/Flagship-Collage-corrupcion-Guatemala-InSight-Crime-Jun-2023-1-1.jpg?fit=1200%2C690&quality=100&ssl=1&resize=350%2C200 1x, https:\/\/i0.wp.com\/insightcrime.org\/wp-content\/uploads\/2023\/09\/Flagship-Collage-corrupcion-Guatemala-InSight-Crime-Jun-2023-1-1.jpg?fit=1200%2C690&quality=100&ssl=1&resize=525%2C300 1.5x, https:\/\/i0.wp.com\/insightcrime.org\/wp-content\/uploads\/2023\/09\/Flagship-Collage-corrupcion-Guatemala-InSight-Crime-Jun-2023-1-1.jpg?fit=1200%2C690&quality=100&ssl=1&resize=700%2C400 2x, https:\/\/i0.wp.com\/insightcrime.org\/wp-content\/uploads\/2023\/09\/Flagship-Collage-corrupcion-Guatemala-InSight-Crime-Jun-2023-1-1.jpg?fit=1200%2C690&quality=100&ssl=1&resize=1050%2C600 3x"},"classes":[]},{"id":232634,"url":"https:\/\/insightcrime.org\/es\/investigaciones\/perpetuar-corrupcion-sistema-socava-elecciones-2023-guatemala\/","url_meta":{"origin":232628,"position":5},"title":"La perpetuaci\u00f3n de la corrupci\u00f3n: el sistema que socava las elecciones de 2023 en Guatemala","author":"Steven Dudley","date":"21 de junio de 2023","format":false,"excerpt":"En las elecciones de Guatemala participan bloques de poder pol\u00edtico que han creado un sistema para proteger sus intereses.","rel":"","context":"En \u00abInvestigaciones\u00bb","block_context":{"text":"Investigaciones","link":"https:\/\/insightcrime.org\/es\/category\/investigaciones\/"},"img":{"alt_text":"","src":"https:\/\/i0.wp.com\/insightcrime.org\/wp-content\/uploads\/2023\/09\/Covers-Guatemala-Elections-6-People-gather-outside-of-the-United-Nations-International-Commission-Against-Impunity-1.png?fit=1200%2C576&quality=100&ssl=1&resize=350%2C200","width":350,"height":200,"srcset":"https:\/\/i0.wp.com\/insightcrime.org\/wp-content\/uploads\/2023\/09\/Covers-Guatemala-Elections-6-People-gather-outside-of-the-United-Nations-International-Commission-Against-Impunity-1.png?fit=1200%2C576&quality=100&ssl=1&resize=350%2C200 1x, https:\/\/i0.wp.com\/insightcrime.org\/wp-content\/uploads\/2023\/09\/Covers-Guatemala-Elections-6-People-gather-outside-of-the-United-Nations-International-Commission-Against-Impunity-1.png?fit=1200%2C576&quality=100&ssl=1&resize=525%2C300 1.5x, https:\/\/i0.wp.com\/insightcrime.org\/wp-content\/uploads\/2023\/09\/Covers-Guatemala-Elections-6-People-gather-outside-of-the-United-Nations-International-Commission-Against-Impunity-1.png?fit=1200%2C576&quality=100&ssl=1&resize=700%2C400 2x, https:\/\/i0.wp.com\/insightcrime.org\/wp-content\/uploads\/2023\/09\/Covers-Guatemala-Elections-6-People-gather-outside-of-the-United-Nations-International-Commission-Against-Impunity-1.png?fit=1200%2C576&quality=100&ssl=1&resize=1050%2C600 3x"},"classes":[]}],"jetpack_featured_media_url":"https:\/\/i0.wp.com\/insightcrime.org\/wp-content\/uploads\/2023\/09\/Covers-Guatemala-Elections2-1.png?fit=1600%2C768&quality=100&ssl=1","_links":{"self":[{"href":"https:\/\/insightcrime.org\/es\/wp-json\/wp\/v2\/posts\/232628","targetHints":{"allow":["GET"]}}],"collection":[{"href":"https:\/\/insightcrime.org\/es\/wp-json\/wp\/v2\/posts"}],"about":[{"href":"https:\/\/insightcrime.org\/es\/wp-json\/wp\/v2\/types\/post"}],"author":[{"embeddable":true,"href":"https:\/\/insightcrime.org\/es\/wp-json\/wp\/v2\/users\/3"}],"replies":[{"embeddable":true,"href":"https:\/\/insightcrime.org\/es\/wp-json\/wp\/v2\/comments?post=232628"}],"version-history":[{"count":3,"href":"https:\/\/insightcrime.org\/es\/wp-json\/wp\/v2\/posts\/232628\/revisions"}],"predecessor-version":[{"id":285348,"href":"https:\/\/insightcrime.org\/es\/wp-json\/wp\/v2\/posts\/232628\/revisions\/285348"}],"wp:featuredmedia":[{"embeddable":true,"href":"https:\/\/insightcrime.org\/es\/wp-json\/wp\/v2\/media\/234451"}],"wp:attachment":[{"href":"https:\/\/insightcrime.org\/es\/wp-json\/wp\/v2\/media?parent=232628"}],"wp:term":[{"taxonomy":"category","embeddable":true,"href":"https:\/\/insightcrime.org\/es\/wp-json\/wp\/v2\/categories?post=232628"},{"taxonomy":"post_tag","embeddable":true,"href":"https:\/\/insightcrime.org\/es\/wp-json\/wp\/v2\/tags?post=232628"},{"taxonomy":"newspack_spnsrs_tax","embeddable":true,"href":"https:\/\/insightcrime.org\/es\/wp-json\/wp\/v2\/newspack_spnsrs_tax?post=232628"},{"taxonomy":"author","embeddable":true,"href":"https:\/\/insightcrime.org\/es\/wp-json\/wp\/v2\/coauthors?post=232628"}],"curies":[{"name":"wp","href":"https:\/\/api.w.org\/{rel}","templated":true}]}}