{"id":232644,"date":"2023-06-15T14:59:38","date_gmt":"2023-06-15T19:59:38","guid":{"rendered":"https:\/\/insightcrime.org\/sin-categorizar\/insight-cifras-zonas-criticas-homicidios-america-latina\/"},"modified":"2024-08-29T07:02:19","modified_gmt":"2024-08-29T12:02:19","slug":"zonas-criticas-homicidios-america-latina","status":"publish","type":"post","link":"https:\/\/insightcrime.org\/es\/noticias\/zonas-criticas-homicidios-america-latina\/","title":{"rendered":"Epicentros de los homicidios en Am\u00e9rica Latina"},"content":{"rendered":"\n<p class=\"wp-block-paragraph\">En provincias o ciudades espec\u00edficas de Am\u00e9rica Latina, la violencia que generan los enfrentamientos por el control de las econom\u00edas criminales registra niveles permanentemente altos, y supera en gran medida los promedios nacionales.<\/p>\n\n\n\n<p class=\"wp-block-paragraph\">En M\u00e9xico, el estado de Colima ha sido azotado por una guerra por el control de la creciente producci\u00f3n y tr\u00e1fico de drogas sint\u00e9ticas. La capital de Venezuela, Caracas, no ha logrado acabar con los altos niveles de violencia que surgieron tras la aparici\u00f3n, ya hace varias d\u00e9cadas, de las primeras megabandas en el pa\u00eds. Y en Brasil, el estado de Roraima ha padecido enfrentamientos entre las fuerzas de seguridad, los aguerridos mineros de oro y las comunidades ind\u00edgenas, lo cual ha causado miles de muertes.<\/p>\n\n\n\n<p class=\"wp-block-paragraph\">Para comprender mejor c\u00f3mo las din\u00e1micas del crimen organizado contribuyen a la violencia en estas \u00e1reas, InSight Crime recopil\u00f3 los datos sobre homicidios en provincias, estados y distritos de Am\u00e9rica Latina entre 2018 y 2022. A continuaci\u00f3n, identificamos cinco de los peores a\u00f1os de los distritos m\u00e1s violentos de la regi\u00f3n y exploramos las razones de dicha violencia.<\/p>\n\n\n<div class=\"wp-block-image\">\n<figure class=\"aligncenter size-large is-resized\"><img data-recalc-dims=\"1\" decoding=\"async\" src=\"https:\/\/i0.wp.com\/insightcrime.org\/wp-content\/uploads\/2023\/09\/Screenshot-2023-06-15-at-12.01.57-PM.png?quality=100&#038;ssl=1\" alt=\"\" class=\"wp-image-218535\" style=\"width:640px\"\/><\/figure>\n<\/div>\n\n\n<div id=\"footer\">\n    <!--add sources below-->\n    <span style=\"float:left; font-family: Roboto; color:#9D9D9D; margin-left: 90px\">\n        Fuentes: <a href=\"https:\/\/reliefweb.int\/report\/mexico\/mexico-peace-index-2023-identifying-and-measuring-factors-drive-peace\" style=\"color: #136786\">IEP<\/a>, <a href=\"https:\/\/observatoriodeviolencia.org.ve\/news\/informe-anual-de-violencia-2022\/\" style=\"color: #136786\">OVV<\/a>, <a href=\"https:\/\/insightcrime.org\/wp-content\/uploads\/2023\/06\/ecuador_homrates.csv\" style=\"color: #136786\">INEC<\/a>, <a href=\"https:\/\/www.ipea.gov.br\/atlasviolencia\/dados-series\/20\" style=\"color: #136786\">IPEA<\/a>, <br\/><a href=\"https:\/\/www.mdi.gov.py\/wp-content\/uploads\/2022\/09\/Analisis-Estadistico-de-Muertes-Violentas-en-el-Paraguay-2006-2021.-Fecha-del-informe_agosto-2022.pd\" style=\"color: #136786\">Ministerio del Interior de Paraguay<\/a>\n    <\/span>\n     <!--don't modify anything below this line-->\n    <span style=\"float:right; font-family: Noto Serif; color:#a5a5a5; margin-right: 100px\">\n         <i>\n            i&hairsp;n&hairsp;s&hairsp;i&hairsp;g&hairsp;h&hairsp;t&hairsp;c&hairsp;r&hairsp;i&hairsp;m&hairsp;e&hairsp;.&hairsp;o&hairsp;r&hairsp;g\n        <\/i>\n    <\/span>\n <\/div>\n<br>\n<br>\n\n\n\n<h2 class=\"wp-block-heading\" id=\"h-colima-mexico-2022-110-por-100-000\">Colima, M\u00e9xico, 2022: 110 por 100.000<\/h2>\n\n\n\n<p class=\"wp-block-paragraph\">Colima, uno de los estados m\u00e1s peque\u00f1os de M\u00e9xico, es la zona donde m\u00e1s se concentran los homicidios en Am\u00e9rica Latina. En 2022, la tasa de homicidios de Colima lleg\u00f3 a 110 por cada 100.000 habitantes, seg\u00fan c\u00e1lculos del Instituto para la Econom\u00eda y la Paz. Esta fue la tasa de homicidios m\u00e1s alta del estado y super\u00f3 en m\u00e1s de cuatro veces <a href=\"https:\/\/es.insightcrime.org\/noticias\/balance-insight-crime-dhomicidios-en-2022\/\" target=\"_blank\" rel=\"noreferrer noopener\">el promedio nacional<\/a> de ese a\u00f1o.<\/p>\n\n\n\n<p class=\"wp-block-paragraph\">La violencia en Colima est\u00e1 \u00edntimamente ligada al Cartel de Jalisco Nueva Generaci\u00f3n (<a href=\"https:\/\/es.insightcrime.org\/noticias-crimen-organizado-mexico\/cartel-jalisco-nueva-generacion-cjng\/\" target=\"_blank\" rel=\"noreferrer noopener\">CJNG<\/a>) y al <a href=\"https:\/\/es.insightcrime.org\/noticias-crimen-organizado-mexico\/sinaloa-cartel-perfil\/\" target=\"_blank\" rel=\"noreferrer noopener\">Cartel de Sinaloa<\/a>, que dominan la producci\u00f3n y el tr\u00e1fico de fentanilo y metanfetamina en M\u00e9xico. Los asesinatos all\u00ed han aumentado a la par con la explosi\u00f3n del mercado de drogas sint\u00e9ticas de Estados Unidos, <a href=\"https:\/\/insightcrime.org\/wp-content\/uploads\/2019\/02\/Fentanyl-Report-InSight-Crime-19-02-11.pdf\" target=\"_blank\" rel=\"noreferrer noopener\">particularmente el de fentanilo<\/a>, dado que los ambos se enfrentan por el control de las rutas de tr\u00e1fico de precursores.<\/p>\n\n\n\n<p class=\"wp-block-paragraph\">Los homicidios en el estado no hab\u00edan sido motivo de preocupaci\u00f3n antes de 2016. Pero en abril de ese a\u00f1o, los asesinatos <a href=\"https:\/\/es.insightcrime.org\/noticias\/noticias-del-dia\/dispararon-900-homicidios-estado-oeste-mexico\/\" target=\"_blank\" rel=\"noreferrer noopener\">aumentaron<\/a> un 943%, en comparaci\u00f3n con el mismo mes del a\u00f1o anterior. El aumento se atribuy\u00f3 a un conflicto entre el CJNG, el Cartel de Sinaloa y <a href=\"https:\/\/es.insightcrime.org\/noticias-crimen-organizado-mexico\/zetas-perfil\/\" target=\"_blank\" rel=\"noreferrer noopener\">los Zetas<\/a> \u2015un grupo criminal que para el momento ya se encontraba bastante debilitado\u2015 por el control de Manzanillo, el puerto de Colima en la costa del Pac\u00edfico, a donde llegan los precursores qu\u00edmicos provenientes de Asia, <a href=\"https:\/\/es.insightcrime.org\/investigaciones\/precursores-quimicos-sostienen-industria-drogas-sinteticas-mexico\/\" target=\"_blank\" rel=\"noreferrer noopener\">generalmente de China<\/a>, utilizados para producir drogas sint\u00e9ticas.<\/p>\n\n\n\n<p class=\"wp-block-paragraph\">Desde entonces, los asesinatos contin\u00faan aumentando.<\/p>\n\n\n\n<p class=\"wp-block-paragraph\">El a\u00f1o pasado fue particularmente sangriento. Tanto as\u00ed, que la capital del estado, tambi\u00e9n llamada Colima, fue considerada la ciudad m\u00e1s violenta del mundo. Dicha violencia tambi\u00e9n estuvo relacionada con el control de Manzanillo, as\u00ed como con las luchas al interior de los grupos. A principios de a\u00f1o, los sicarios del CJNG en la ciudad, los Mezcales, se retiraron de <a href=\"https:\/\/es.insightcrime.org\/noticias\/traiciones-disputas-internas-lider-misteriosamente-desaparecido-debilita-cartel-jalisco\/\" target=\"_blank\" rel=\"noreferrer noopener\">la alianza<\/a>, alegando que el l\u00edder del CJNG, Nemesio Oseguera Cervantes, alias \u201c<a href=\"https:\/\/es.insightcrime.org\/noticias-crimen-organizado-mexico\/nemesio-oseguera-cervantes-alias-mencho\/\" target=\"_blank\" rel=\"noreferrer noopener\">El Mencho<\/a>\u201d, hab\u00eda muerto. Luego se presentaron varios enfrentamientos, que dejaron docenas de muertos en dos meses. La respuesta del gobierno consisti\u00f3 en enviar 2.000 miembros de la Guardia Nacional a la ciudad.<\/p>\n\n\n\n<p class=\"wp-block-paragraph\">Los asesinatos en Colima han disminuido levemente este a\u00f1o, pero las tasas de violencia contin\u00faan por encima de la mayor parte del resto del pa\u00eds; a veces incluso se presentan hasta seis asesinatos al d\u00eda.<\/p>\n\n\n\n<h2 class=\"wp-block-heading\">Regi\u00f3n Capital, Venezuela, 2022: 90 por 100.000<\/h2>\n\n\n\n<p class=\"wp-block-paragraph\">La Regi\u00f3n Capital de Venezuela, compuesta principalmente por la ciudad de Caracas, registr\u00f3 una tasa de homicidios de 90 por 100.000 habitantes en 2022, seg\u00fan el <a href=\"https:\/\/observatoriodeviolencia.org.ve\/news\/informe-anual-de-violencia-2022\/\" target=\"_blank\" rel=\"noreferrer noopener\">Observatorio Venezolano de Violencia<\/a> (OVV). Esta cifra fue m\u00e1s del doble de la tasa nacional de 40 por 100.000 ese mismo a\u00f1o.<\/p>\n\n\n\n<p class=\"wp-block-paragraph\">La falta de transparencia en Venezuela dificulta obtener cifras precisas, ya que las estad\u00edsticas oficiales, si es que existen, no son confiables. Por eso nos basamos en los datos del OVV, que son obtenidos de fuentes de noticias locales.<\/p>\n\n\n\n<p class=\"wp-block-paragraph\">Esta concentraci\u00f3n de la violencia es causada en gran parte por los enfrentamientos entre las fuerzas de seguridad venezolanas y las abundantes bandas criminales de la capital que se dedican a la extorsi\u00f3n, el microtr\u00e1fico y el secuestro en los barrios de Caracas.<\/p>\n\n\n\n<p class=\"wp-block-paragraph\">En 2021, el l\u00edder pandillero Carlos Luis Revete, alias \u201cEl Koki\u201d, controlaba el barrio m\u00e1s grande de Caracas, Cota 905. Durante a\u00f1os, El Koki y las autoridades venezolanas mantuvieron un pacto de no agresi\u00f3n, lo que le permiti\u00f3 a Revete liderar su imperio criminal sin ning\u00fan obst\u00e1culo. Pero a principios de 2021, El Koki decidi\u00f3 invadir el barrio de La Vega, al norte de Cota 905. Las autoridades respondieron de manera en\u00e9rgica, y el 8 de febrero, una redada realizada por las Fuerzas de Acciones Especiales (FAES) dej\u00f3 un saldo de al menos 23 personas muertas, la mayor\u00eda de ellas sin relaci\u00f3n con la megabanda. Exactamente un a\u00f1o despu\u00e9s de la operaci\u00f3n, las fuerzas venezolanas dieron con El Koki y <a href=\"https:\/\/es.insightcrime.org\/noticias\/que-significa-la-muerte-del-koki-para-venezuela\/\" target=\"_blank\" rel=\"noreferrer noopener\">lo abalearon<\/a>. Pero sus lugartenientes han continuado con la violencia, incluyendo ataques con granadas, tras los cuales se han presentado otras incursiones con letales resultados.<\/p>\n\n\n\n<blockquote class=\"wp-block-quote is-layout-flow wp-block-quote-is-layout-flow\">\n<p class=\"has-text-color wp-block-paragraph\" style=\"color:#b40026\"><strong>VEA TAMBI\u00c9N<\/strong>: <em><a href=\"https:\/\/observatory-venezuela.insightcrime.org\/\" target=\"_blank\" rel=\"noreferrer noopener\">Observatorio de Crimen Organizado de Venezuela<\/a><\/em><\/p>\n<\/blockquote>\n\n\n\n<p class=\"wp-block-paragraph\">Una rivalidad entre pandillas en el barrio Petare, estado Miranda, tambi\u00e9n ha llevado al aumento de los homicidios en la Regi\u00f3n Capital. Si bien la pandilla liderada por Alexander Acevedo Monasterios, alias \u201cWilexis\u201d, tiene m\u00faltiples rivales, la pugna m\u00e1s hostil es con los Chicorrios. Durante 2021, Wilexis intent\u00f3 expandir su dominio, lo que dio lugar a tiroteos callejeros en los que murieron varios pandilleros. Las redadas policiales llevadas a cabo presuntamente para combatir las bandas de Petare han causado la muerte de docenas de pandilleros a lo largo de los a\u00f1os, y son comunes las acusaciones de asesinatos extrajudiciales por parte de la polic\u00eda.<\/p>\n\n\n\n<p class=\"wp-block-paragraph\">En 2021, el 36 por ciento de las muertes violentas en la capital fueron ejecuciones extrajudiciales por parte de la polic\u00eda, seg\u00fan el monitoreo de Runrunes, un medio venezolano de prensa investigativa.<\/p>\n\n\n\n<h2 class=\"wp-block-heading\">Esmeraldas, Ecuador: 81 por 100.000<\/h2>\n\n\n\n<p class=\"wp-block-paragraph\">La tasa de homicidios de Ecuador se dispar\u00f3 casi un 500 por ciento entre 2016 y 2022 \u2014quiz\u00e1 el aumento m\u00e1s r\u00e1pido en Suram\u00e9rica\u2014. Gran parte de esta violencia est\u00e1 relacionada con el auge del comercio de coca\u00edna y la conveniente ubicaci\u00f3n de Ecuador como punto de partida de drogas hacia Europa.<\/p>\n\n\n\n<p class=\"wp-block-paragraph\">Varias pandillas se disputan el transporte de cargamentos de coca\u00edna a trav\u00e9s de v\u00edas fluviales que se extienden hacia el sur desde la frontera de Ecuador con Colombia, el mayor productor de coca\u00edna del mundo, hasta los puertos de Ecuador en el Pac\u00edfico.<\/p>\n\n\n\n<p class=\"wp-block-paragraph\">La batalla por el control de la ciudad portuaria de Esmeraldas, ubicada en la provincia noroccidental del mismo nombre, donde se encuentra el puerto principal m\u00e1s cercano a Colombia, ha convertido a la provincia en el foco de los homicidios en Ecuador. En 2022, los asesinatos en la provincia de Esmeraldas se duplicaron en el lapso de un a\u00f1o, y su tasa de homicidios alcanz\u00f3 81 por cada 100.000 habitantes, cifra que hace ver peque\u00f1o el promedio nacional, que es de 22 por cada 100.000 habitantes.<\/p>\n\n\n<div class=\"wp-block-image\">\n<figure class=\"aligncenter size-large is-resized\"><img data-recalc-dims=\"1\" decoding=\"async\" src=\"https:\/\/i0.wp.com\/insightcrime.org\/wp-content\/uploads\/2023\/09\/Screenshot-2023-06-15-at-12.08.50-PM.png?quality=100&#038;ssl=1\" alt=\"\" class=\"wp-image-218539\" style=\"width:640px\"\/><\/figure>\n<\/div>\n\n\n<div id=\"footer\">\n    <!--add sources below-->\n    <span style=\"float:left; font-family: Roboto; color:#9D9D9D; margin-left: 100px\">\n        Source: <a href=\"https:\/\/insightcrime.org\/wp-content\/uploads\/2023\/06\/ecuador_homrates.csv\"  style=\"color: #136786\">INEC<\/a>\n    <\/span>\n     <!--don't modify anything below this line-->\n    <span style=\"float:right; font-family: Noto Serif; color:#a5a5a5;  margin-right: 100px\">\n         <i>\n            i&hairsp;n&hairsp;s&hairsp;i&hairsp;g&hairsp;h&hairsp;t&hairsp;c&hairsp;r&hairsp;i&hairsp;m&hairsp;e&hairsp;.&hairsp;o&hairsp;r&hairsp;g\n        <\/i>\n    <\/span>\n <\/div>\n<br>\n<br>\n\n\n\n<p class=\"wp-block-paragraph\">Quiz\u00e1s lo m\u00e1s alarmante es la velocidad con la que ha crecido la tasa de homicidios de Esmeraldas. En 2019, era de solo 10 por 100.000. Pero los asesinatos han aumentado a medida que aumentan los vol\u00famenes de coca\u00edna que pasan por el territorio nacional. En 2022, en el pa\u00eds se incautaron <a href=\"https:\/\/es.insightcrime.org\/noticias\/balance-insight-crime-incautaciones-cocaina-2022\/\" target=\"_blank\" rel=\"noreferrer noopener\">201 toneladas de drogas<\/a>, de las cuales se estima que el 90 por ciento era coca\u00edna. Esta cantidad fue de m\u00e1s del doble de lo incautado tres a\u00f1os antes.<\/p>\n\n\n\n<p class=\"wp-block-paragraph\">Los Tiguerones, que cuentan con unos 4.000 o 5.000 miembros, es la pandilla m\u00e1s grande de Esmeraldas. Hace parte de una alianza nacional para el tr\u00e1fico de coca\u00edna liderada por los Lobos, que tienen estrechas conexiones con el CJNG, de M\u00e9xico. Se cree que la pandilla es responsable de gran parte de la violencia en Esmeraldas, y en Ecuador en general, pues emplea t\u00e1cticas de terror, como los atentados con carros bomba. En abril de 2023, los Tiguerones fueron acusados de intensificar a\u00fan m\u00e1s la violencia, tras la masacre de nueve pescadores en un puerto de Esmeraldas.<\/p>\n\n\n\n<h2 class=\"wp-block-heading\">Roraima, Brasil, 2018: 72 por 100.000<\/h2>\n\n\n\n<p class=\"wp-block-paragraph\">Durante un siglo, la miner\u00eda ilegal de oro ha hecho parte de la vida en Roraima, el estado m\u00e1s septentrional de Brasil. All\u00ed, los enfrentamientos violentos con la polic\u00eda y las comunidades ind\u00edgenas, aunque ocurr\u00edan espor\u00e1dicamente, fueron poco frecuentes hasta 2011.<\/p>\n\n\n\n<p class=\"wp-block-paragraph\">Ese a\u00f1o, decenas de miles de mineros llegaron a Roraima, expandiendo el \u00e1rea en la que buscaban oro, lo que llev\u00f3 a un aumento de los enfrentamientos con la comunidad ind\u00edgena Yanomami, cuyo territorio abarca Roraima y el estado vecino, Amazonas.<\/p>\n\n\n\n<p class=\"wp-block-paragraph\">Entre 2011 y 2018, la tasa de homicidios de Roraima creci\u00f3 un 410%. En 2018, alcanz\u00f3 los 72 asesinatos por cada 100.000 habitantes, m\u00e1s del triple que el promedio nacional de Brasil y, de lejos, la peor cifra del pa\u00eds. Si bien la tasa de homicidios se redujo a 39 por 100.000 al a\u00f1o siguiente, las cifras de Roraima en 2018 siguen siendo las peores que se hayan registrado en un solo estado brasile\u00f1o hasta la fecha.<\/p>\n\n\n\n<div class=\"wp-block-media-text has-media-on-the-right is-stacked-on-mobile is-image-fill drop-shadow\" style=\"grid-template-columns:auto 15%\"><div class=\"wp-block-media-text__content\">\n<div style=\"height:16px\" aria-hidden=\"true\" class=\"wp-block-spacer\"><\/div>\n\n\n\n<h2 class=\"wp-block-heading has-text-color has-link-color wp-elements-1\" id=\"h-insights-cifras\" style=\"color:#1b4461;font-size:25px\">InSights cifras<\/h2>\n\n\n\n<p class=\"wp-block-paragraph\" style=\"font-size:16px\">Este art\u00edculo es parte de nuestra cobertura DataInSights, que analiza bancos de datos y datos cuantitativos relacionados con el crimen organizado en Am\u00e9rica Latina y el Caribe.<\/p>\n\n\n\n<div class=\"wp-block-buttons is-layout-flex wp-block-buttons-is-layout-flex\">\n<div class=\"wp-block-button\"><a class=\"wp-block-button__link has-text-color has-background has-link-color wp-element-button\" href=\"https:\/\/insightcrime.org\/es\/tag\/insight-cifras\/\" style=\"color:#ff8132;background-color:#1b4461\" target=\"_blank\" rel=\"noreferrer noopener\">Ver  los art\u00edculos<\/a><\/div>\n<\/div>\n\n\n\n<div style=\"height:26px\" aria-hidden=\"true\" class=\"wp-block-spacer\"><\/div>\n<\/div><figure class=\"wp-block-media-text__media\" style=\"background-image:url(https:\/\/insightcrime.org\/wp-content\/uploads\/2023\/06\/Cover-DataInSights-Latin-Americas-Homicide-Hotspots-InSightCrime-1024x589.jpg);background-position:50% 50%\"><a href=\"https:\/\/insightcrime.org\/es\/tag\/insight-cifras\/\" target=\"_blank\" rel=\"noreferrer noopener\"><img data-recalc-dims=\"1\" loading=\"lazy\" decoding=\"async\" width=\"1024\" height=\"589\" src=\"https:\/\/i0.wp.com\/insightcrime.org\/wp-content\/uploads\/2023\/06\/Cover-DataInSights-Latin-Americas-Homicide-Hotspots-InSightCrime.jpg?resize=1024%2C589&#038;quality=100&#038;ssl=1\" alt=\"\" class=\"wp-image-279349 size-full\" srcset=\"https:\/\/i0.wp.com\/insightcrime.org\/wp-content\/uploads\/2023\/06\/Cover-DataInSights-Latin-Americas-Homicide-Hotspots-InSightCrime.jpg?resize=1024%2C589&amp;quality=100&amp;ssl=1 1024w, https:\/\/i0.wp.com\/insightcrime.org\/wp-content\/uploads\/2023\/06\/Cover-DataInSights-Latin-Americas-Homicide-Hotspots-InSightCrime.jpg?resize=300%2C172&amp;quality=100&amp;ssl=1 300w, https:\/\/i0.wp.com\/insightcrime.org\/wp-content\/uploads\/2023\/06\/Cover-DataInSights-Latin-Americas-Homicide-Hotspots-InSightCrime.jpg?resize=768%2C441&amp;quality=100&amp;ssl=1 768w, https:\/\/i0.wp.com\/insightcrime.org\/wp-content\/uploads\/2023\/06\/Cover-DataInSights-Latin-Americas-Homicide-Hotspots-InSightCrime.jpg?resize=1200%2C690&amp;quality=100&amp;ssl=1 1200w, https:\/\/i0.wp.com\/insightcrime.org\/wp-content\/uploads\/2023\/06\/Cover-DataInSights-Latin-Americas-Homicide-Hotspots-InSightCrime.jpg?resize=400%2C230&amp;quality=100&amp;ssl=1 400w, https:\/\/i0.wp.com\/insightcrime.org\/wp-content\/uploads\/2023\/06\/Cover-DataInSights-Latin-Americas-Homicide-Hotspots-InSightCrime.jpg?resize=706%2C406&amp;quality=100&amp;ssl=1 706w, https:\/\/i0.wp.com\/insightcrime.org\/wp-content\/uploads\/2023\/06\/Cover-DataInSights-Latin-Americas-Homicide-Hotspots-InSightCrime.jpg?w=1336&amp;quality=100&amp;ssl=1 1336w, https:\/\/i0.wp.com\/insightcrime.org\/wp-content\/uploads\/2023\/06\/Cover-DataInSights-Latin-Americas-Homicide-Hotspots-InSightCrime-1024x589.jpg?w=370&amp;quality=100&amp;ssl=1 370w\" sizes=\"auto, (max-width: 1000px) 100vw, 1000px\" \/><\/a><\/figure><\/div>\n\n\n\n<p class=\"wp-block-paragraph\">Los factores que causaron el incremento en los homicidios en Roraima hace seis a\u00f1os no han sido abordados, e incluso hace poco los mineros ilegales y sus financistas se sintieron empoderados por el <a href=\"https:\/\/es.insightcrime.org\/noticias\/apoyo-politico-local-carta-blanca-mineros-ilegales-amazonia-brasil\/\" target=\"_blank\" rel=\"noreferrer noopener\">apoyo pol\u00edtico<\/a>, tanto a nivel federal como local, del estado. Un legislador local incluso les vendi\u00f3 armas a los mineros, y un sargento del ej\u00e9rcito fund\u00f3 en 2019 una milicia para protegerlos.<\/p>\n\n\n\n<p class=\"wp-block-paragraph\">A la zona tambi\u00e9n <a href=\"https:\/\/es.insightcrime.org\/noticias\/pcc-mineria-ilegal-amazonas-brasil\/\" target=\"_blank\" rel=\"noreferrer noopener\">llegaron<\/a> los grupos del crimen organizado tradicionales de Brasil, especialmente el Primer Comando Capital (<a href=\"https:\/\/es.insightcrime.org\/noticias-crimen-organizado-brasil\/primer-comando-capital-pcc-perfil\/\" target=\"_blank\" rel=\"noreferrer noopener\">PCC<\/a>), proporcionando armas, suministros, llevando trabajadoras sexuales a la zona e incluso brindando protecci\u00f3n a cambio de una parte de las ganancias. Los yanomamis, cuyo apoyo gubernamental fue removido por el expresidente Jair Bolsonaro, quedaron abandonados a su suerte. En 2021, al menos 101 yanomamis murieron en enfrentamientos relacionados con el comercio ilegal de oro, <a href=\"https:\/\/www.biodiversidadla.org\/Recomendamos\/Muertes-por-masacre-en-la-Tierra-Indigena-Yanomami-aumento-de-asesinatos-y-de-trabajo-esclavo-marcan-el-ano-2021\" target=\"_blank\" rel=\"noreferrer noopener\">seg\u00fan<\/a> Alianza Biodiversidad, una organizaci\u00f3n de derechos ambientales. Decenas de mineros <a href=\"https:\/\/g1.globo.com\/rr\/roraima\/noticia\/2023\/05\/03\/corpos-garimpeiros-mortos-na-terra-yanomami-chegam-no-iml-em-boa-vista.ghtml\" target=\"_blank\" rel=\"noreferrer noopener\">tambi\u00e9n han sido asesinados<\/a>.<\/p>\n\n\n\n<p class=\"wp-block-paragraph\">Con el regreso del presidente Luiz In\u00e1cio Lula da Silva en 2022, apareci\u00f3 una luz de esperanza para Roraima. Aunque una gran movilizaci\u00f3n de las fuerzas de seguridad del Estado se logr\u00f3 <a href=\"https:\/\/es.insightcrime.org\/noticias\/brasil-enfrenta-mineria-ilegal-oro-legislativas\/\">expulsar<\/a> a miles de mineros ilegales, los que quedan contin\u00faan con las excavaciones. La violencia entre los mineros ilegales de oro y los residentes yanomami dej\u00f3 al menos 14 muertos entre el 29 de abril y el 6 de mayo, lo que provoc\u00f3 <a href=\"https:\/\/es.insightcrime.org\/noticias\/pcc-mineria-ilegal-amazonas-brasil\/\">el env\u00edo<\/a> de cientos de soldados del ej\u00e9rcito adicionales.<\/p>\n\n\n\n<h2 class=\"wp-block-heading\">Amambay, Paraguay, 2021: 70 por 100.000<\/h2>\n\n\n\n<p class=\"wp-block-paragraph\">Las guerras territoriales por el comercio de marihuana en el departamento de Amambay, Paraguay, elevaron la tasa de homicidios del departamento a 70 por cada 100.000 habitantes en 2021, casi diez veces el nivel nacional.<\/p>\n\n\n\n<p class=\"wp-block-paragraph\">Situado en la frontera con Brasil y aislado entre monta\u00f1as, Amambay es un departamento predominantemente rural con poca presencia estatal. Estos factores llevaron al departamento a convertirse en una potencia en la producci\u00f3n de marihuana y en uno de los principales proveedores de esta planta para los m\u00faltiples grupos que compiten por el control del tr\u00e1fico de marihuana en Suram\u00e9rica, en especial las pandillas brasile\u00f1as Primer Comando Capital (<a href=\"https:\/\/es.insightcrime.org\/noticias-crimen-organizado-brasil\/primer-comando-capital-pcc-perfil\/\" target=\"_blank\" rel=\"noreferrer noopener\">PCC<\/a>) y Comando Rojo (<a href=\"https:\/\/es.insightcrime.org\/noticias-crimen-organizado-brasil\/comando-vermelho\/\" target=\"_blank\" rel=\"noreferrer noopener\">Comando Vermelho, CV<\/a>). Debido a su ubicaci\u00f3n, es un territorio vital para el tr\u00e1fico de marihuana y coca\u00edna hacia Brasil, y las fuerzas de seguridad de ambos pa\u00edses <a href=\"https:\/\/es.insightcrime.org\/noticias\/operaciones-marihuana-paraguay-afectan-amambay\/\" target=\"_blank\" rel=\"noreferrer noopener\">incautan<\/a> regularmente miles de toneladas de marihuana en el departamento.<\/p>\n\n\n\n<blockquote class=\"wp-block-quote is-layout-flow wp-block-quote-is-layout-flow\">\n<p class=\"has-text-color wp-block-paragraph\" style=\"color:#b40026\"><strong>VEA TAMBI\u00c9N<\/strong>: <a href=\"https:\/\/es.insightcrime.org\/noticias\/balance-insight-crime-dhomicidios-en-2022\/\" target=\"_blank\" rel=\"noreferrer noopener\"><em>Balance de InSight Crime de los homicidios en 2<\/em>0<em>22<\/em><\/a><\/p>\n<\/blockquote>\n\n\n\n<p class=\"wp-block-paragraph\">Sin embargo, la violencia se centra alrededor de la capital de Amambay, Pedro Juan Caballero, un corredor de tr\u00e1fico y contrabando hacia el municipio brasile\u00f1o de Ponta Por\u00e3. Aunque la ciudad es usada como sede del PCC en Paraguay, el grupo no ha logrado establecer un dominio completo all\u00ed, y con frecuencia se presentan violentos enfrentamientos con el CV y <a href=\"https:\/\/es.insightcrime.org\/noticias-crimen-organizado-paraguay\/clan-rotela\/\" target=\"_blank\" rel=\"noreferrer noopener\">el Clan Rotela<\/a>, de Paraguay.<\/p>\n\n\n\n<p class=\"wp-block-paragraph\">En aquellos lugares donde el Estado ha atacado a las pandillas, se ha producido violencia. Los asesinatos de rivales y <a href=\"https:\/\/es.insightcrime.org\/noticias\/fiscales-alcaldes-directores-prisiones-problema-asesinatos-paraguay\/\" target=\"_blank\" rel=\"noreferrer noopener\">pol\u00edticos<\/a> se han vuelto comunes. La familia Acevedo, que durante mucho tiempo ha dominado la pol\u00edtica de la ciudad, se ha convertido en objetivo de estos grupos. El exalcalde Jos\u00e9 Carlos Acevedo y su hija, Haylee, fueron asesinados el a\u00f1o pasado.<\/p>\n","protected":false},"excerpt":{"rendered":"<p>En zonas espec\u00edficas de Am\u00e9rica Latina, la violencia registra niveles permanentemente altos, y supera los promedios nacionales.<\/p>\n","protected":false},"author":241,"featured_media":279350,"comment_status":"closed","ping_status":"closed","sticky":false,"template":"single-feature.php","format":"standard","meta":{"newspack_ads_suppress_ads":false,"newspack_popups_has_disabled_popups":false,"newspack_sponsor_sponsorship_scope":"","newspack_sponsor_native_byline_display":"inherit","newspack_sponsor_native_category_display":"inherit","newspack_sponsor_underwriter_style":"inherit","newspack_sponsor_underwriter_placement":"inherit","_EventAllDay":false,"_EventTimezone":"","_EventStartDate":"","_EventEndDate":"","_EventStartDateUTC":"","_EventEndDateUTC":"","_EventShowMap":false,"_EventShowMapLink":false,"_EventURL":"","_EventCost":"","_EventCostDescription":"","_EventCurrencySymbol":"","_EventCurrencyCode":"","_EventCurrencyPosition":"","_EventDateTimeSeparator":"","_EventTimeRangeSeparator":"","_EventOrganizerID":[],"_EventVenueID":[],"_OrganizerEmail":"","_OrganizerPhone":"","_OrganizerWebsite":"","_VenueAddress":"","_VenueCity":"","_VenueCountry":"","_VenueProvince":"","_VenueState":"","_VenueZip":"","_VenuePhone":"","_VenueURL":"","_VenueStateProvince":"","_VenueLat":"","_VenueLng":"","_VenueShowMap":false,"_VenueShowMapLink":false,"_newspack_byline_active":false,"_newspack_byline":"","newspack_hide_updated_date":false,"newspack_show_updated_date":false,"newspack_featured_image_position":"above","newspack_post_subtitle":"","newspack_article_summary_title":"Overview:","newspack_article_summary":"","_jetpack_memberships_contains_paid_content":false,"footnotes":""},"categories":[759],"tags":[405,3387,426,452,455,4551,406,465,400],"newspack_spnsrs_tax":[],"coauthors":[4392,4140,4311],"class_list":["post-232644","post","type-post","status-publish","format-standard","has-post-thumbnail","hentry","category-noticias","tag-brasil","tag-destacado","tag-ecuador-pais","tag-homicidios","tag-infografias","tag-insight-cifras","tag-mexico-pais","tag-paraguay-pais","tag-venezuela-pais","entry"],"parsely":{"version":"1.1.0","canonical_url":"https:\/\/insightcrime.org\/es\/noticias\/zonas-criticas-homicidios-america-latina\/","smart_links":{"inbound":0,"outbound":0},"traffic_boost_suggestions_count":0,"meta":{"@context":"https:\/\/schema.org","@type":"NewsArticle","headline":"Epicentros de los homicidios en Am\u00e9rica Latina","url":"http:\/\/insightcrime.org\/es\/noticias\/zonas-criticas-homicidios-america-latina\/","mainEntityOfPage":{"@type":"WebPage","@id":"http:\/\/insightcrime.org\/es\/noticias\/zonas-criticas-homicidios-america-latina\/"},"thumbnailUrl":"https:\/\/i0.wp.com\/insightcrime.org\/wp-content\/uploads\/2023\/06\/Cover-DataInSights-Latin-Americas-Homicide-Hotspots-InSightCrime.jpg?resize=150%2C150&quality=100&ssl=1","image":{"@type":"ImageObject","url":"https:\/\/i0.wp.com\/insightcrime.org\/wp-content\/uploads\/2023\/06\/Cover-DataInSights-Latin-Americas-Homicide-Hotspots-InSightCrime.jpg?fit=1336%2C768&quality=100&ssl=1"},"articleSection":"Noticias","author":[{"@type":"Person","name":"Christopher Newton"},{"@type":"Person","name":"Chris Dalby"},{"@type":"Person","name":"Peter Appleby"}],"creator":["Christopher Newton","Chris Dalby","Peter Appleby"],"publisher":{"@type":"Organization","name":"InSight Crime","logo":"https:\/\/insightcrime.org\/wp-content\/uploads\/2023\/08\/logo.png"},"keywords":["brasil","destacado","ecuador","homicidios","infograf\u00edas","insight cifras","m\u00e9xico","paraguay","venezuela"],"dateCreated":"2023-06-15T19:59:38Z","datePublished":"2023-06-15T19:59:38Z","dateModified":"2024-08-29T12:02:19Z"},"rendered":"<meta name=\"parsely-title\" content=\"Epicentros de los homicidios en Am\u00e9rica Latina\" \/>\n<meta name=\"parsely-link\" content=\"http:\/\/insightcrime.org\/es\/noticias\/zonas-criticas-homicidios-america-latina\/\" \/>\n<meta name=\"parsely-type\" content=\"post\" \/>\n<meta name=\"parsely-image-url\" content=\"https:\/\/i0.wp.com\/insightcrime.org\/wp-content\/uploads\/2023\/06\/Cover-DataInSights-Latin-Americas-Homicide-Hotspots-InSightCrime.jpg?resize=150%2C150&amp;quality=100&amp;ssl=1\" \/>\n<meta name=\"parsely-pub-date\" content=\"2023-06-15T19:59:38Z\" \/>\n<meta name=\"parsely-section\" content=\"Noticias\" \/>\n<meta name=\"parsely-tags\" content=\"brasil,destacado,ecuador,homicidios,infograf\u00edas,insight cifras,m\u00e9xico,paraguay,venezuela\" \/>\n<meta name=\"parsely-author\" content=\"Christopher Newton\" \/>\n<meta name=\"parsely-author\" content=\"Chris Dalby\" \/>\n<meta name=\"parsely-author\" content=\"Peter Appleby\" \/>","tracker_url":"https:\/\/cdn.parsely.com\/keys\/insightcrime.org\/p.js"},"jetpack_sharing_enabled":true,"jetpack-related-posts":[{"id":311229,"url":"https:\/\/insightcrime.org\/es\/noticias\/violencia-costo-mexico-245000-millones-dolares-en-2024\/","url_meta":{"origin":232644,"position":0},"title":"Bajan los homicidios, pero sube el costo del crimen en M\u00e9xico","author":"Sam Woolston","date":"28 de mayo de 2025","format":false,"excerpt":"El impacto econ\u00f3mico de la violencia en M\u00e9xico alcanz\u00f3 los US$245.000 millones en 2024, lo que evidencia el alto costo que el crimen impone a una de las econom\u00edas m\u00e1s pr\u00f3speras de Am\u00e9rica Latina.","rel":"","context":"En \u00abNoticias\u00bb","block_context":{"text":"Noticias","link":"https:\/\/insightcrime.org\/es\/category\/noticias\/"},"img":{"alt_text":"","src":"https:\/\/i0.wp.com\/insightcrime.org\/wp-content\/uploads\/2025\/05\/MexicoDrugWar_BG-2-2.jpg?fit=350%2C250&quality=100&ssl=1&resize=350%2C200","width":350,"height":200},"classes":[]},{"id":264203,"url":"https:\/\/insightcrime.org\/es\/noticias\/senalan-crimen-organizado-mitad-homicidios-latinoamerica\/","url_meta":{"origin":232644,"position":1},"title":"Crimen organizado causa la mitad de los homicidios en Latinoam\u00e9rica","author":"Dario Migliorini","date":"22 de diciembre de 2023","format":false,"excerpt":"El crimen organizado responde al menos por la mitad de los homicidios en Latinoam\u00e9rica y el Caribe, y la regi\u00f3n ostenta la tasa de homicidios regional m\u00e1s alta del mundo, seg\u00fan un reciente estudio.","rel":"","context":"En \u00abNoticias\u00bb","block_context":{"text":"Noticias","link":"https:\/\/insightcrime.org\/es\/category\/noticias\/"},"img":{"alt_text":"Estados de excepci\u00f3n no son una f\u00f3rmula infalible para controlar los homicidios causados por el crimen organizado en Latinoam\u00e9rica","src":"https:\/\/i0.wp.com\/insightcrime.org\/wp-content\/uploads\/2023\/12\/Jamaica-State-of-emergency-Homicides-Reuters.jpg?fit=350%2C250&quality=100&ssl=1&resize=350%2C200","width":350,"height":200},"classes":[]},{"id":343239,"url":"https:\/\/insightcrime.org\/es\/news\/como-transformado-doctrina-donroe-politica-seguridad-en-america-latina\/","url_meta":{"origin":232644,"position":2},"title":"Crecen los enfrentamientos entre fuerzas de seguridad y grupos criminales desde la llegada al poder de Trump","author":"Creusa Mu\u00f1oz","date":"2 de junio de 2026","format":false,"excerpt":"Un reciente informe concluye que la estrategia de seguridad promovida por Donald Trump en Am\u00e9rica Latina coincide con un aumento de los enfrentamientos letales y la adaptaci\u00f3n de los grupos criminales.","rel":"","context":"En \u00abNews\u00bb","block_context":{"text":"News","link":"https:\/\/insightcrime.org\/category\/news\/"},"img":{"alt_text":"","src":"https:\/\/i0.wp.com\/insightcrime.org\/wp-content\/uploads\/2026\/06\/shield-of-the-americas-1.jpeg?fit=350%2C250&quality=100&ssl=1&resize=350%2C200","width":350,"height":200},"classes":[]},{"id":232579,"url":"https:\/\/insightcrime.org\/es\/noticias\/criminales-violencia-electoral-mexico-brasil\/","url_meta":{"origin":232644,"position":3},"title":"Grupos criminales usan violencia electoral en M\u00e9xico y Brasil, seg\u00fan estudio","author":"Christopher Newton","date":"29 de junio de 2023","format":false,"excerpt":"Los actos de violencia dirigidos directamente contra representantes de gobierno son m\u00e1s comunes en M\u00e9xico y Brasil que en otros lugares el mundo.","rel":"","context":"En \u00abNoticias\u00bb","block_context":{"text":"Noticias","link":"https:\/\/insightcrime.org\/es\/category\/noticias\/"},"img":{"alt_text":"Un polic\u00eda armado en uno de los barrios de Brasil, conocidos como favelas","src":"https:\/\/i0.wp.com\/insightcrime.org\/wp-content\/uploads\/2023\/09\/18-04-17-Brazil-Militias.jpeg?fit=350%2C250&quality=100&ssl=1&resize=350%2C200","width":350,"height":200},"classes":[]},{"id":212764,"url":"https:\/\/insightcrime.org\/es\/noticias\/5-conclusiones-reporte-global-de-cocaina-onu-2023\/","url_meta":{"origin":232644,"position":4},"title":"Las 5 conclusiones sobre el Reporte Global de Coca\u00edna de la ONU para 2023","author":"Juan Diego Posada","date":"17 de marzo de 2023","format":false,"excerpt":"Un nuevo informe de la ONU sobre la situaci\u00f3n mundial del tr\u00e1fico de coca\u00edna revela niveles r\u00e9cord de producci\u00f3n en Am\u00e9rica Latina, un aumento sostenido de la pureza de la coca\u00edna en Europa y un salto colosal en las incautaciones de droga en \u00c1frica.","rel":"","context":"En \u00abNoticias\u00bb","block_context":{"text":"Noticias","link":"https:\/\/insightcrime.org\/es\/category\/noticias\/"},"img":{"alt_text":"A Portuguese soldier stands guard next to a record cocaine seizure in the country, coming from Latin America. (Reuters)","src":"https:\/\/i0.wp.com\/insightcrime.org\/wp-content\/uploads\/2023\/03\/images-1-1.jpeg?fit=350%2C250&quality=100&ssl=1&resize=350%2C200","width":350,"height":200},"classes":[]},{"id":303831,"url":"https:\/\/insightcrime.org\/es\/noticias\/balance-insight-crime-homicidios-2024\/","url_meta":{"origin":232644,"position":5},"title":"Balance de InSight Crime de los homicidios en 2024","author":"Juliana Manjarr\u00e9s","date":"26 de febrero de 2025","format":false,"excerpt":"En la d\u00e9cima edici\u00f3n de nuestro balance anual, InSight Crime analiza la din\u00e1mica del crimen organizado detr\u00e1s de la violencia en todos los pa\u00edses de la regi\u00f3n.","rel":"","context":"En \u00abNoticias\u00bb","block_context":{"text":"Noticias","link":"https:\/\/insightcrime.org\/es\/category\/noticias\/"},"img":{"alt_text":"Tasa de homicios en Latinoam\u00e9rica 2024","src":"https:\/\/i0.wp.com\/insightcrime.org\/wp-content\/uploads\/2025\/02\/COVER-Flagship-2024-Homicide-Rates-in-Latin-America-and-the-Caribbean-InSight-Crime.jpg?fit=1200%2C683&quality=100&ssl=1&resize=350%2C200","width":350,"height":200,"srcset":"https:\/\/i0.wp.com\/insightcrime.org\/wp-content\/uploads\/2025\/02\/COVER-Flagship-2024-Homicide-Rates-in-Latin-America-and-the-Caribbean-InSight-Crime.jpg?fit=1200%2C683&quality=100&ssl=1&resize=350%2C200 1x, https:\/\/i0.wp.com\/insightcrime.org\/wp-content\/uploads\/2025\/02\/COVER-Flagship-2024-Homicide-Rates-in-Latin-America-and-the-Caribbean-InSight-Crime.jpg?fit=1200%2C683&quality=100&ssl=1&resize=525%2C300 1.5x, https:\/\/i0.wp.com\/insightcrime.org\/wp-content\/uploads\/2025\/02\/COVER-Flagship-2024-Homicide-Rates-in-Latin-America-and-the-Caribbean-InSight-Crime.jpg?fit=1200%2C683&quality=100&ssl=1&resize=700%2C400 2x, https:\/\/i0.wp.com\/insightcrime.org\/wp-content\/uploads\/2025\/02\/COVER-Flagship-2024-Homicide-Rates-in-Latin-America-and-the-Caribbean-InSight-Crime.jpg?fit=1200%2C683&quality=100&ssl=1&resize=1050%2C600 3x"},"classes":[]}],"jetpack_featured_media_url":"https:\/\/i0.wp.com\/insightcrime.org\/wp-content\/uploads\/2023\/06\/Cover-DataInSights-Latin-Americas-Homicide-Hotspots-InSightCrime.jpg?fit=1336%2C768&quality=100&ssl=1","_links":{"self":[{"href":"https:\/\/insightcrime.org\/es\/wp-json\/wp\/v2\/posts\/232644","targetHints":{"allow":["GET"]}}],"collection":[{"href":"https:\/\/insightcrime.org\/es\/wp-json\/wp\/v2\/posts"}],"about":[{"href":"https:\/\/insightcrime.org\/es\/wp-json\/wp\/v2\/types\/post"}],"author":[{"embeddable":true,"href":"https:\/\/insightcrime.org\/es\/wp-json\/wp\/v2\/users\/241"}],"replies":[{"embeddable":true,"href":"https:\/\/insightcrime.org\/es\/wp-json\/wp\/v2\/comments?post=232644"}],"version-history":[{"count":3,"href":"https:\/\/insightcrime.org\/es\/wp-json\/wp\/v2\/posts\/232644\/revisions"}],"predecessor-version":[{"id":289869,"href":"https:\/\/insightcrime.org\/es\/wp-json\/wp\/v2\/posts\/232644\/revisions\/289869"}],"wp:featuredmedia":[{"embeddable":true,"href":"https:\/\/insightcrime.org\/es\/wp-json\/wp\/v2\/media\/279350"}],"wp:attachment":[{"href":"https:\/\/insightcrime.org\/es\/wp-json\/wp\/v2\/media?parent=232644"}],"wp:term":[{"taxonomy":"category","embeddable":true,"href":"https:\/\/insightcrime.org\/es\/wp-json\/wp\/v2\/categories?post=232644"},{"taxonomy":"post_tag","embeddable":true,"href":"https:\/\/insightcrime.org\/es\/wp-json\/wp\/v2\/tags?post=232644"},{"taxonomy":"newspack_spnsrs_tax","embeddable":true,"href":"https:\/\/insightcrime.org\/es\/wp-json\/wp\/v2\/newspack_spnsrs_tax?post=232644"},{"taxonomy":"author","embeddable":true,"href":"https:\/\/insightcrime.org\/es\/wp-json\/wp\/v2\/coauthors?post=232644"}],"curies":[{"name":"wp","href":"https:\/\/api.w.org\/{rel}","templated":true}]}}