{"id":232672,"date":"2023-05-26T16:33:04","date_gmt":"2023-05-26T21:33:04","guid":{"rendered":"https:\/\/insightcrime.org\/sin-categorizar\/pcc-mineria-ilegal-amazonas-brasil\/"},"modified":"2023-09-27T03:02:35","modified_gmt":"2023-09-27T08:02:35","slug":"pcc-mineria-ilegal-amazonas-brasil","status":"publish","type":"post","link":"https:\/\/insightcrime.org\/es\/noticias\/pcc-mineria-ilegal-amazonas-brasil\/","title":{"rendered":"PCC de Brasil complica erradicaci\u00f3n de miner\u00eda ilegal en Amazonas"},"content":{"rendered":"\n<p class=\"wp-block-paragraph\">El grupo criminal m\u00e1s prominente de Brasil, el PCC, apoya de diversas formas a los mineros de oro ilegales en la Amazon\u00eda brasile\u00f1a, obstaculizando los esfuerzos del gobierno por erradicar la miner\u00eda ilegal y la violencia contra la comunidad ind\u00edgena yanomami.<\/p>\n\n\n\n<p class=\"wp-block-paragraph\">El juez y ministro de justicia de Brasil, Fl\u00e1vio Dino, anunci\u00f3 el env\u00edo de 220 efectivos m\u00e1s de la polic\u00eda militar a la reserva ind\u00edgena yanomami en el estado de Roraima, al norte de Brasil, como respuesta a la violencia entre los mineros ilegales y residentes yanomami, los cuales dejaron al menos 14 muertos entre el 29 de abril y el 6 de mayo. Entre las v\u00edctimas se cont\u00f3 un hombre de la etnia yanomami, muerto en un ataque de los mineros a un caser\u00edo el 29 de abril, y cuatro hombres <a href=\"https:\/\/oglobo.globo.com\/brasil\/noticia\/2023\/05\/quatro-garimpeiros-sa\" target=\"_blank\" rel=\"noreferrer noopener\">acribillados<\/a> en un socav\u00f3n durante un enfrentamiento armado con la polic\u00eda el 1 de mayo.<\/p>\n\n\n\n<p class=\"wp-block-paragraph\">Aunque los choques en la reserva yanomami <a href=\"https:\/\/www.theguardian.com\/environment\/2020\/jan\/13\/like-a-bomb-going-off-why-brazils-largest-reserve-is-facing-destruction-aoe\" target=\"_blank\" rel=\"noreferrer noopener\">han ocurrido por varios a\u00f1os<\/a>, este nuevo estallido de violencia coincide con la <a href=\"https:\/\/g1.globo.com\/jornal-nacional\/noticia\/2023\/02\/04\/garimpeiros-tentam-deixar-a-reserva-yanomami-em-roraima-apos-fab-controlar-espaco-aereo.ghtml\" target=\"_blank\" rel=\"noreferrer noopener\">expulsi\u00f3n de<\/a> miles de mineros de la zona por orden del gobierno del presidente Luiz In\u00e1cio Lula da Silva.<\/p>\n\n\n\n<p class=\"wp-block-paragraph\">Sin embargo, la presencia del <a href=\"https:\/\/es.insightcrime.org\/noticias-crimen-organizado-brasil\/primer-comando-capital-pcc\/\" target=\"_blank\" rel=\"noreferrer noopener\">Primer Comando de la Capital<\/a> (Primeiro Comando da Capital, PCC) ha sumado una arista m\u00e1s a un problema de por s\u00ed espinoso. Uno de los cuatro hombres abatidos el 1 de mayo se <a href=\"https:\/\/noticias.uol.com.br\/cotidiano\/ultimas-noticias\/2023\/05\/19\/escobar-presidente-lideres-pcc-garimpo-roraima-terra-indigena.htm\" target=\"_blank\" rel=\"noreferrer noopener\">identific\u00f3<\/a> como Sandro Moraes de Carvalho, alias \u201cPresidente\u201d, presunto comandante del PCC en ese estado del norte del pa\u00eds.<\/p>\n\n\n\n<p class=\"wp-block-paragraph\">Dino declar\u00f3 el 18 de mayo en una conferencia de prensa que el PCC est\u00e1 actuando como \u201cun sindicato minero ilegal\u00bb.<\/p>\n\n\n\n<p class=\"wp-block-paragraph\">\u201c\u00bfPor qu\u00e9 [las operaciones] en territorio yanomami transcurrieron sin muertes por meses y de pronto en las \u00faltimas semanas ha habido enfrentamientos armados? Porque los elementos que siguen en el territorio tienen relaci\u00f3n con facciones criminales\u201d, puntualiz\u00f3.<\/p>\n\n\n\n<blockquote class=\"wp-block-quote is-layout-flow wp-block-quote-is-layout-flow\">\n<p class=\"wp-block-paragraph\"><strong><em><mark style=\"background-color:rgba(0, 0, 0, 0)\" class=\"has-inline-color has-vivid-red-color\">VEA TAMBI\u00c9N:<\/mark><\/em><\/strong><em><a href=\"https:\/\/es.insightcrime.org\/noticias\/brasil-enfrenta-mineria-ilegal-oro-legislativas\/\" target=\"_blank\" rel=\"noreferrer noopener\"> Brasil enfrenta miner\u00eda ilegal de oro por v\u00edas de fuerza y legislativas<\/a><\/em><\/p>\n<\/blockquote>\n\n\n\n<p class=\"wp-block-paragraph\">El PCC ha suministrado armas y maquinaria pesada a los mineros, ha actuado como fuerza de seguridad en algunas excavaciones y ha ayudado a sacar el oro del Amazonas, seg\u00fan una <a href=\"https:\/\/veja.abril.com.br\/brasil\/faccoes-criminosas-levam-o-terror-para-dentro-da-terra-indigena-yanomami\" target=\"_blank\" rel=\"noreferrer noopener nofollow\">investigaci\u00f3n<\/a> de la revista Veja, basada en declaraciones de funcionarios de seguridad p\u00fablica. El PCC tambi\u00e9n maneja redes de prostituci\u00f3n y narcotr\u00e1fico en tierras yanomami, seg\u00fan descubri\u00f3 la investigaci\u00f3n.<\/p>\n\n\n\n<p class=\"wp-block-paragraph\">Mensajes de audio filtrados atribuidos al presunto sucesor de Presidente en Roraima, a quien se identific\u00f3 con el alias de \u201cEscobar\u201d, permitieron confirmar que el PCC tiene cierto control sobre los mineros. Antes de su ascenso, Escobar al parecer prestaba seguridad en campamentos mineros espec\u00edficos y pod\u00eda ordenar a los mineros que salieran del \u00e1rea.<\/p>\n\n\n\n<p class=\"wp-block-paragraph\">\u201cVienen en pesada \u2026 con 200 polic\u00edas. En este preciso momento, estoy retirando a todo el personal de aqu\u00ed\u201d, puede o\u00edrse decir a Escobar en una grabaci\u00f3n de audio alg\u00fan tiempo despu\u00e9s de la muerte de Presidente, <a href=\"https:\/\/noticias.uol.com.br\/cotidiano\/ultimas-noticias\/2023\/05\/19\/escobar-presidente-lideres-pcc-garimpo-roraima-terra-indigena.htm\" target=\"_blank\" rel=\"noreferrer noopener\">seg\u00fan<\/a> el portal brasile\u00f1o de noticias UOL, que tuvo acceso a las grabaciones. Fuentes de la polic\u00eda revelaron a UOL que se sab\u00eda de al menos 100 mineros vinculados al PCC.<\/p>\n\n\n\n<p class=\"wp-block-paragraph\">El PCC tiene presencia en Roraima desde 2013, pero comenz\u00f3 a hacer prospecci\u00f3n en territorio yanomami en 2018, seg\u00fan Robert Muggah, cofundador del centro de pensamiento Instituto Igarap\u00e9.<\/p>\n\n\n\n<p class=\"wp-block-paragraph\">\u201cEl PCC es un actor relativamente nuevo y peligroso en el sector de la miner\u00eda ilegal\u201d, opin\u00f3 en conversaci\u00f3n con InSight Crime.<\/p>\n\n\n\n<h2 class=\"wp-block-heading\" id=\"h-analisis-de-insight-crime\">An\u00e1lisis de InSight Crime<\/h2>\n\n\n\n<p class=\"wp-block-paragraph\">Aunque miles de mineros han salido de la reserva de la comunidad ind\u00edgena yanomami desde la posesi\u00f3n de Lula, puede decirse que la influencia y el apoyo del PCC est\u00e1n animando a algunos a resistirse y enfrentar a las fuerzas de seguridad del gobierno.<\/p>\n\n\n\n<p class=\"wp-block-paragraph\">\u201cNo es nada nuevo que los mineros ataquen a los yanomami, pero que los mineros opongan resistencia activa a las fuerzas federales hab\u00eda sido raro hasta ahora\u201d, seg\u00fan le dijo a InSight Crime Rodrigo Chagas, investigador del Programa de Maestr\u00eda Sociedad y Fronteras y del Foro Brasile\u00f1o sobre Seguridad Publica.<\/p>\n\n\n\n<p class=\"wp-block-paragraph\">Los tiroteos como el que dej\u00f3 muerto a Presidente, del PCC, \u201cno son comunes\u201d entre los mineros informales, a\u00f1adi\u00f3.<\/p>\n\n\n\n<p class=\"wp-block-paragraph\">La participaci\u00f3n del PCC bien puede variar de una exploraci\u00f3n minera a otra. Estas operaciones mineras son tan turbias que el PCC puede financiar minas o comprar maquinaria pesada con dinero de la droga sin que los mineros tengan idea de esas conexiones, se\u00f1al\u00f3 Chagas, y a\u00f1adi\u00f3 que algunos integrantes del PCC al parecer tienen participaci\u00f3n directa en la miner\u00eda ilegal.<\/p>\n\n\n\n<blockquote class=\"wp-block-quote is-layout-flow wp-block-quote-is-layout-flow\">\n<p class=\"wp-block-paragraph\"><strong><em><mark style=\"background-color:rgba(0, 0, 0, 0)\" class=\"has-inline-color has-vivid-red-color\">VEA TAMBI\u00c9N:<\/mark><\/em><\/strong><em> <a href=\"https:\/\/es.insightcrime.org\/noticias\/pcc-brasil-toma-control-marihuana-paraguay\/\" target=\"_blank\" rel=\"noreferrer noopener\">&nbsp;\u00bfPCC de Brasil busca tomar control de la marihuana en Paraguay?<\/a><\/em><\/p>\n<\/blockquote>\n\n\n\n<p class=\"wp-block-paragraph\">Esta mayor interconectividad entre el narcotr\u00e1fico y la miner\u00eda ilegal se ha dado a conocer como <em>narcogarimpo <\/em>(un compuesto en portugu\u00e9s de <em>narco <\/em>y <em>garimpo<\/em>, nombre dado a la miner\u00eda ilegal), donde el PCC muchas veces usa las mismas avionetas para sacar del Amazonas narc\u00f3ticos y el oro extra\u00eddo ilegalmente.<\/p>\n\n\n\n<p class=\"wp-block-paragraph\">Aun con el refuerzo de las operaciones de gobierno brasile\u00f1o en el territorio, se\u00f1al\u00f3 Muggah, \u201cLa diversificaci\u00f3n del PCC en varios eslabones de la industria de miner\u00eda ilegal de oro plantea un serio desaf\u00edo para la falta de financiaci\u00f3n de la polic\u00eda y los agentes de protecci\u00f3n ambiental que operan en la Amazon\u00eda\u201d.<\/p>\n","protected":false},"excerpt":{"rendered":"<p>El grupo criminal m\u00e1s prominente de Brasil, el PCC, apoya de diversas formas a los mineros de oro ilegales en la Amazon\u00eda brasile\u00f1a, obstaculizando los esfuerzos del gobierno por erradicar la miner\u00eda ilegal y la violencia contra la comunidad ind\u00edgena yanomami.<\/p>\n","protected":false},"author":236,"featured_media":234670,"comment_status":"closed","ping_status":"closed","sticky":false,"template":"","format":"standard","meta":{"newspack_ads_suppress_ads":false,"newspack_popups_has_disabled_popups":false,"newspack_sponsor_sponsorship_scope":"","newspack_sponsor_native_byline_display":"inherit","newspack_sponsor_native_category_display":"inherit","newspack_sponsor_underwriter_style":"inherit","newspack_sponsor_underwriter_placement":"inherit","_EventAllDay":false,"_EventTimezone":"","_EventStartDate":"","_EventEndDate":"","_EventStartDateUTC":"","_EventEndDateUTC":"","_EventShowMap":false,"_EventShowMapLink":false,"_EventURL":"","_EventCost":"","_EventCostDescription":"","_EventCurrencySymbol":"","_EventCurrencyCode":"","_EventCurrencyPosition":"","_EventDateTimeSeparator":"","_EventTimeRangeSeparator":"","_EventOrganizerID":[],"_EventVenueID":[],"_OrganizerEmail":"","_OrganizerPhone":"","_OrganizerWebsite":"","_VenueAddress":"","_VenueCity":"","_VenueCountry":"","_VenueProvince":"","_VenueState":"","_VenueZip":"","_VenuePhone":"","_VenueURL":"","_VenueStateProvince":"","_VenueLat":"","_VenueLng":"","_VenueShowMap":false,"_VenueShowMapLink":false,"_newspack_byline_active":false,"_newspack_byline":"","newspack_hide_updated_date":false,"newspack_show_updated_date":false,"newspack_featured_image_position":"","newspack_post_subtitle":"","newspack_article_summary_title":"Overview:","newspack_article_summary":"","_jetpack_memberships_contains_paid_content":false,"footnotes":""},"categories":[759],"tags":[405,439,456,446],"newspack_spnsrs_tax":[],"coauthors":[4305,4140],"class_list":["post-232672","post","type-post","status-publish","format-standard","has-post-thumbnail","hentry","category-noticias","tag-brasil","tag-delitos-ambientales","tag-mineria","tag-el-pcc","entry"],"parsely":{"version":"1.1.0","canonical_url":"https:\/\/insightcrime.org\/es\/noticias\/pcc-mineria-ilegal-amazonas-brasil\/","smart_links":{"inbound":0,"outbound":0},"traffic_boost_suggestions_count":0,"meta":{"@context":"https:\/\/schema.org","@type":"NewsArticle","headline":"PCC de Brasil complica erradicaci\u00f3n de miner\u00eda ilegal en Amazonas","url":"http:\/\/insightcrime.org\/es\/noticias\/pcc-mineria-ilegal-amazonas-brasil\/","mainEntityOfPage":{"@type":"WebPage","@id":"http:\/\/insightcrime.org\/es\/noticias\/pcc-mineria-ilegal-amazonas-brasil\/"},"thumbnailUrl":"https:\/\/i0.wp.com\/insightcrime.org\/wp-content\/uploads\/2023\/09\/0420230511-NARCOGARIMPO-MINISTERIO-DE-MEDIO-AMBIENTE-Y-CAMBIO-CLIMATICO-e1685030408424-1.jpg?resize=150%2C150&quality=100&ssl=1","image":{"@type":"ImageObject","url":"https:\/\/i0.wp.com\/insightcrime.org\/wp-content\/uploads\/2023\/09\/0420230511-NARCOGARIMPO-MINISTERIO-DE-MEDIO-AMBIENTE-Y-CAMBIO-CLIMATICO-e1685030408424-1.jpg?fit=350%2C250&quality=100&ssl=1"},"articleSection":"Noticias","author":[{"@type":"Person","name":"Sean Doherty"},{"@type":"Person","name":"Chris Dalby"}],"creator":["Sean Doherty","Chris Dalby"],"publisher":{"@type":"Organization","name":"InSight Crime","logo":"https:\/\/insightcrime.org\/wp-content\/uploads\/2023\/08\/logo.png"},"keywords":["brasil","delitos ambientales","miner\u00eda ilegal","pcc"],"dateCreated":"2023-05-26T21:33:04Z","datePublished":"2023-05-26T21:33:04Z","dateModified":"2023-09-27T08:02:35Z"},"rendered":"<meta name=\"parsely-title\" content=\"PCC de Brasil complica erradicaci\u00f3n de miner\u00eda ilegal en Amazonas\" \/>\n<meta name=\"parsely-link\" content=\"http:\/\/insightcrime.org\/es\/noticias\/pcc-mineria-ilegal-amazonas-brasil\/\" \/>\n<meta name=\"parsely-type\" content=\"post\" \/>\n<meta name=\"parsely-image-url\" content=\"https:\/\/i0.wp.com\/insightcrime.org\/wp-content\/uploads\/2023\/09\/0420230511-NARCOGARIMPO-MINISTERIO-DE-MEDIO-AMBIENTE-Y-CAMBIO-CLIMATICO-e1685030408424-1.jpg?resize=150%2C150&amp;quality=100&amp;ssl=1\" \/>\n<meta name=\"parsely-pub-date\" content=\"2023-05-26T21:33:04Z\" \/>\n<meta name=\"parsely-section\" content=\"Noticias\" \/>\n<meta name=\"parsely-tags\" content=\"brasil,delitos ambientales,miner\u00eda ilegal,pcc\" \/>\n<meta name=\"parsely-author\" content=\"Sean Doherty\" \/>\n<meta name=\"parsely-author\" content=\"Chris Dalby\" \/>","tracker_url":"https:\/\/cdn.parsely.com\/keys\/insightcrime.org\/p.js"},"jetpack_sharing_enabled":true,"jetpack-related-posts":[{"id":145391,"url":"https:\/\/insightcrime.org\/es\/noticias\/impunidad-propicia-violencia-comunidad-yanomami-brasil\/","url_meta":{"origin":232672,"position":0},"title":"Impunidad propicia repunte de violencia contra comunidad Yanomami en Brasil","author":"Katie Jones","date":"19 de mayo de 2021","format":false,"excerpt":"Los enfrentamientos entre mineros ilegales y comunidades ind\u00edgenas en el norte de Brasil no son raros, pero los tiroteos recientes dan a entender algo: los mineros est\u00e1n convencidos de que se saldr\u00e1n con la suya.","rel":"","context":"En \u00abNoticias\u00bb","block_context":{"text":"Noticias","link":"https:\/\/insightcrime.org\/es\/category\/noticias\/"},"img":{"alt_text":"","src":"https:\/\/i0.wp.com\/insightcrime.org\/wp-content\/uploads\/2021\/05\/Yanomami-1.jpeg?fit=350%2C250&quality=100&ssl=1&resize=350%2C200","width":350,"height":200},"classes":[]},{"id":232575,"url":"https:\/\/insightcrime.org\/es\/noticias\/brasil-mantener-mineros-ilegales-fuera-tierras-yanomami\/","url_meta":{"origin":232672,"position":1},"title":"\u00bfPuede Brasil mantener a los mineros ilegales fuera de las tierras Yanomami?","author":"Christopher Newton","date":"3 de julio de 2023","format":false,"excerpt":"La Polic\u00eda Federal de Brasil no ha detectado nuevas minas ilegales en territorio yanomami por primera vez desde que comenz\u00f3 a monitorear esta actividad hace casi tres a\u00f1os. Sin embargo, a\u00fan existen muchas barreras para poner fin a la miner\u00eda ilegal en la zona.","rel":"","context":"En \u00abNoticias\u00bb","block_context":{"text":"Noticias","link":"https:\/\/insightcrime.org\/es\/category\/noticias\/"},"img":{"alt_text":"Tierra deforestada por la miner\u00eda ilegal en Roraima, Brasil","src":"https:\/\/i0.wp.com\/insightcrime.org\/wp-content\/uploads\/2023\/09\/illegal_gold_mining-1.png?fit=350%2C250&quality=100&ssl=1&resize=350%2C200","width":350,"height":200},"classes":[]},{"id":265876,"url":"https:\/\/insightcrime.org\/es\/noticias\/mineria-ilegal-oro-vuelve-amenazar-tierras-yanomami-brasil-2\/","url_meta":{"origin":232672,"position":2},"title":"Miner\u00eda ilegal de oro vuelve a amenazar tierras Yanomami en Brasil","author":"Juan Diego C\u00e1rdenas","date":"22 de enero de 2024","format":false,"excerpt":"Se ha vuelto a poner al descubierto la presencia de miner\u00eda ilegal de oro en tierras ind\u00edgenas Yanomami, en Brasil, sembrando dudas sobre la efectividad de las operaciones destinadas a erradicar este delito durante el 2023.","rel":"","context":"En \u00abNoticias\u00bb","block_context":{"text":"Noticias","link":"https:\/\/insightcrime.org\/es\/category\/noticias\/"},"img":{"alt_text":"La extracci\u00f3n ilegal de oro est\u00e1 destruyendo franjas del territorio protegido de los Yanomami.","src":"https:\/\/i0.wp.com\/insightcrime.org\/wp-content\/uploads\/2024\/01\/dji-0010-1.jpg?fit=350%2C250&quality=100&ssl=1&resize=350%2C200","width":350,"height":200},"classes":[]},{"id":212116,"url":"https:\/\/insightcrime.org\/es\/noticias\/brasil-enfrenta-mineria-ilegal-oro-legislativas\/","url_meta":{"origin":232672,"position":3},"title":"Brasil enfrenta miner\u00eda ilegal de oro por v\u00edas de fuerza y legislativas","author":"Sean Doherty","date":"7 de marzo de 2023","format":false,"excerpt":"Las autoridades brasile\u00f1as est\u00e1n endureciendo las restricciones sobre los mineros ilegales de oro en territorio ind\u00edgena yanomami, pero ante la migraci\u00f3n de esos mineros a otros lugares, no parece que esta actividad il\u00edcita sufra mella hasta que entre en vigor la legislaci\u00f3n contra el \u201clavado\u201d de oro.","rel":"","context":"En \u00abNoticias\u00bb","block_context":{"text":"Noticias","link":"https:\/\/insightcrime.org\/es\/category\/noticias\/"},"img":{"alt_text":"Polic\u00eda Federal patrullando contra miner\u00eda ilegal en territorio Yanomami","src":"https:\/\/i0.wp.com\/insightcrime.org\/wp-content\/uploads\/2023\/03\/Policia-Federal-Yanomami-3.jpg?fit=350%2C250&quality=100&ssl=1&resize=350%2C200","width":350,"height":200},"classes":[]},{"id":179529,"url":"https:\/\/insightcrime.org\/es\/noticias\/apoyo-politico-local-carta-blanca-mineros-ilegales-amazonia-brasil\/","url_meta":{"origin":232672,"position":4},"title":"Apoyo pol\u00edtico local da carta blanca a mineros ilegales en la Amazon\u00eda de Brasil","author":"Chris Dalby","date":"4 de marzo de 2022","format":false,"excerpt":"Un supuesto acuerdo entre funcionarios del gobierno y mineros ilegales en la Amazon\u00eda de Brasil llev\u00f3 a que estos \u00faltimos recibieran armas que les permitieron proteger mejor sus ganancias ilegales y defenderse de los posibles desaf\u00edos de las comunidades ind\u00edgenas locales.","rel":"","context":"En \u00abNoticias\u00bb","block_context":{"text":"Noticias","link":"https:\/\/insightcrime.org\/es\/category\/noticias\/"},"img":{"alt_text":"Jalser Renier y la miner\u00eda ilegal","src":"https:\/\/i0.wp.com\/insightcrime.org\/wp-content\/uploads\/2022\/03\/whatsapp-image-2022-02-24-at-10.41.38-2.jpeg?fit=350%2C250&quality=100&ssl=1&resize=350%2C200","width":350,"height":200},"classes":[]},{"id":232525,"url":"https:\/\/insightcrime.org\/es\/investigaciones\/comercio-toxico-mineria-ilegal-regiones-triple-frontera-amazonicas\/","url_meta":{"origin":232672,"position":5},"title":"Un comercio t\u00f3xico: la miner\u00eda ilegal en las regiones de triple frontera amaz\u00f3nicas","author":"Mar\u00eda Fernanda Ram\u00edrez","date":"8 de agosto de 2023","format":false,"excerpt":"La miner\u00eda ilegal es, de lejos, el delito ambiental m\u00e1s extendido y perjudicial en las regiones de triple frontera de la Amazon\u00eda.","rel":"","context":"En \u00abInvestigaciones\u00bb","block_context":{"text":"Investigaciones","link":"https:\/\/insightcrime.org\/es\/category\/investigaciones\/"},"img":{"alt_text":"","src":"https:\/\/i0.wp.com\/insightcrime.org\/wp-content\/uploads\/2023\/09\/Amazonas-Cover-Capitulo1-ESP-InSightCrime-2023.png?fit=1200%2C438&quality=100&ssl=1&resize=350%2C200","width":350,"height":200,"srcset":"https:\/\/i0.wp.com\/insightcrime.org\/wp-content\/uploads\/2023\/09\/Amazonas-Cover-Capitulo1-ESP-InSightCrime-2023.png?fit=1200%2C438&quality=100&ssl=1&resize=350%2C200 1x, https:\/\/i0.wp.com\/insightcrime.org\/wp-content\/uploads\/2023\/09\/Amazonas-Cover-Capitulo1-ESP-InSightCrime-2023.png?fit=1200%2C438&quality=100&ssl=1&resize=525%2C300 1.5x, https:\/\/i0.wp.com\/insightcrime.org\/wp-content\/uploads\/2023\/09\/Amazonas-Cover-Capitulo1-ESP-InSightCrime-2023.png?fit=1200%2C438&quality=100&ssl=1&resize=700%2C400 2x, https:\/\/i0.wp.com\/insightcrime.org\/wp-content\/uploads\/2023\/09\/Amazonas-Cover-Capitulo1-ESP-InSightCrime-2023.png?fit=1200%2C438&quality=100&ssl=1&resize=1050%2C600 3x"},"classes":[]}],"jetpack_featured_media_url":"https:\/\/i0.wp.com\/insightcrime.org\/wp-content\/uploads\/2023\/09\/0420230511-NARCOGARIMPO-MINISTERIO-DE-MEDIO-AMBIENTE-Y-CAMBIO-CLIMATICO-e1685030408424-1.jpg?fit=350%2C250&quality=100&ssl=1","_links":{"self":[{"href":"https:\/\/insightcrime.org\/es\/wp-json\/wp\/v2\/posts\/232672","targetHints":{"allow":["GET"]}}],"collection":[{"href":"https:\/\/insightcrime.org\/es\/wp-json\/wp\/v2\/posts"}],"about":[{"href":"https:\/\/insightcrime.org\/es\/wp-json\/wp\/v2\/types\/post"}],"author":[{"embeddable":true,"href":"https:\/\/insightcrime.org\/es\/wp-json\/wp\/v2\/users\/236"}],"replies":[{"embeddable":true,"href":"https:\/\/insightcrime.org\/es\/wp-json\/wp\/v2\/comments?post=232672"}],"version-history":[{"count":0,"href":"https:\/\/insightcrime.org\/es\/wp-json\/wp\/v2\/posts\/232672\/revisions"}],"wp:featuredmedia":[{"embeddable":true,"href":"https:\/\/insightcrime.org\/es\/wp-json\/wp\/v2\/media\/234670"}],"wp:attachment":[{"href":"https:\/\/insightcrime.org\/es\/wp-json\/wp\/v2\/media?parent=232672"}],"wp:term":[{"taxonomy":"category","embeddable":true,"href":"https:\/\/insightcrime.org\/es\/wp-json\/wp\/v2\/categories?post=232672"},{"taxonomy":"post_tag","embeddable":true,"href":"https:\/\/insightcrime.org\/es\/wp-json\/wp\/v2\/tags?post=232672"},{"taxonomy":"newspack_spnsrs_tax","embeddable":true,"href":"https:\/\/insightcrime.org\/es\/wp-json\/wp\/v2\/newspack_spnsrs_tax?post=232672"},{"taxonomy":"author","embeddable":true,"href":"https:\/\/insightcrime.org\/es\/wp-json\/wp\/v2\/coauthors?post=232672"}],"curies":[{"name":"wp","href":"https:\/\/api.w.org\/{rel}","templated":true}]}}