{"id":233196,"date":"2021-10-13T13:20:38","date_gmt":"2021-10-13T18:20:38","guid":{"rendered":"https:\/\/insightcrime.org\/sin-categorizar\/guerra-subsidiaria-apure\/"},"modified":"2025-08-18T19:25:32","modified_gmt":"2025-08-19T00:25:32","slug":"guerra-subsidiaria-apure","status":"publish","type":"post","link":"https:\/\/insightcrime.org\/es\/investigaciones\/guerra-subsidiaria-apure\/","title":{"rendered":"La guerra subsidiaria en Apure"},"content":{"rendered":"\n<p class=\"wp-block-paragraph\">Los combates que estallaron en el estado Apure, en Venezuela, a principios de 2021 fueron en apariencia un cl\u00e1sico conflicto guerrillero. El ej\u00e9rcito nacional recibi\u00f3 la misi\u00f3n de liberar a la regi\u00f3n de \u201cterroristas\u201d y fue desplegado contra un peque\u00f1o grupo de insurgentes, que afirmaban estar luchando por sus ideales izquierdistas. Pero detr\u00e1s de esta fachada hab\u00eda diversos actores estatales y del hampa que buscaban acceso a su propia porci\u00f3n de riqueza y poder.<\/p>\n\n\n\n<p class=\"wp-block-paragraph\">Cuando el gobierno venezolano anunci\u00f3 operaciones militares cerca de la frontera con Colombia en Apure, declar\u00f3 que su objetivo eran los \u201c<a href=\"https:\/\/www.europapress.es\/internacional\/noticia-venezuela-informa-ataques-contra-narcotraficantes-colombianos-20210427195101.html\" target=\"_blank\" rel=\"noreferrer noopener\">terroristas narcotraficantes\u201d, \u201cgrupos armados irregulares<\/a>\u201d, \u201c<a href=\"https:\/\/elpitazo.net\/los-llanos\/militares-asesinan-a-insurgente-durante-enfrentamiento-en-apure\/\" target=\"_blank\" rel=\"noreferrer noopener\">grupos del crimen organizado<\/a>\u201d y \u201c<a href=\"https:\/\/www.reuters.com\/article\/colombia-venezuela-idLTAKBN2BK0HG\" target=\"_blank\" rel=\"noreferrer noopener\">criminales sanguinarios<\/a>\u201d. Pronto qued\u00f3 claro que estaban hablando de un grupo: los disidentes del Frente 10 de las Fuerzas Armadas Revolucionarias de Colombia (FARC), actualmente desmovilizadas.<\/p>\n\n\n\n<div class=\"wp-block-media-text is-stacked-on-mobile is-vertically-aligned-center has-background\" style=\"background-color:#f4f6f3;grid-template-columns:20% auto\"><figure class=\"wp-block-media-text__media\"><a href=\"https:\/\/es.insightcrime.org\/wp-content\/uploads\/2021\/11\/La-batalla-por-Apure-el-chavismo-y-las-ex-FARC-InSight-Crime-1-1.pdf\" target=\"_blank\" rel=\"noreferrer noopener\"><img data-recalc-dims=\"1\" loading=\"lazy\" decoding=\"async\" width=\"600\" height=\"700\" src=\"https:\/\/i0.wp.com\/insightcrime.org\/wp-content\/uploads\/2023\/10\/10.png?resize=600%2C700&#038;quality=100&#038;ssl=1\" alt=\"\" class=\"wp-image-243084 size-thumbnail\" srcset=\"https:\/\/i0.wp.com\/insightcrime.org\/wp-content\/uploads\/2023\/10\/10.png?w=600&amp;quality=100&amp;ssl=1 600w, https:\/\/i0.wp.com\/insightcrime.org\/wp-content\/uploads\/2023\/10\/10.png?resize=257%2C300&amp;quality=100&amp;ssl=1 257w, https:\/\/i0.wp.com\/insightcrime.org\/wp-content\/uploads\/2023\/10\/10.png?resize=400%2C467&amp;quality=100&amp;ssl=1 400w, https:\/\/i0.wp.com\/insightcrime.org\/wp-content\/uploads\/2023\/10\/10.png?w=370&amp;quality=100&amp;ssl=1 370w\" sizes=\"auto, (max-width: 600px) 100vw, 600px\" \/><\/a><\/figure><div class=\"wp-block-media-text__content\">\n<p class=\"has-text-color has-small-font-size wp-block-paragraph\" style=\"color:#161616ad;font-style:normal;font-weight:400;letter-spacing:0px\"><em>*Esta investigaci\u00f3n expone c\u00f3mo los grupos guerrilleros colombianos que se establecieron en Venezuela se han convertido en hu\u00e9spedes no deseados y extremadamente peligrosos. Lea los dem\u00e1s cap\u00edtulos de esta investigaci\u00f3n <span style=\"text-decoration: underline;\"><a href=\"https:\/\/insightcrime.org\/es\/investigaciones\/batalla-apure-chavismo-ex-farc\/\" target=\"_blank\" rel=\"noreferrer noopener\">aqu\u00ed<\/a> <\/span>o descargue el informe completo <a href=\"https:\/\/es.insightcrime.org\/wp-content\/uploads\/2021\/11\/La-batalla-por-Apure-el-chavismo-y-las-ex-FARC-InSight-Crime-1-1.pdf\" target=\"_blank\" rel=\"noreferrer noopener\">aqu\u00ed<\/a>.<\/em><\/p>\n<\/div><\/div>\n\n\n\n<p class=\"wp-block-paragraph\">La noticia caus\u00f3 confusi\u00f3n. Antes de su desmovilizaci\u00f3n en 2017, las FARC hab\u00edan cooperado estrechamente con el gobierno venezolano, y el Frente 10 no solo se hab\u00eda apoderado sin problemas del antiguo territorio de las FARC en Apure, sino que tambi\u00e9n hab\u00eda mantenido las conexiones y alianzas de los guerrilleros tanto con las comunidades de la regi\u00f3n como con las estructuras militares y pol\u00edticas locales. En Apure, la gente los consideraba aliados del Estado y, sin embargo, el Estado ahora los estaba atacando.<\/p>\n\n\n\n<p class=\"wp-block-paragraph\">No se pueden conocer las motivaciones exactas del presidente venezolano Nicol\u00e1s Maduro para ordenar el asalto contra el Frente 10. Sin embargo, lo que est\u00e1 claro es que, desde la desmovilizaci\u00f3n de las FARC, Apure se hab\u00eda convertido en un polvor\u00edn de intereses contrapuestos, donde diferentes facciones de los militares y el movimiento pol\u00edtico chavista gobernante estaban enfrent\u00e1ndose, y una guerra fr\u00eda de la guerrilla estaba comenzando a calentarse.<\/p>\n\n\n\n<h2 class=\"wp-block-heading\" id=\"h-como-en-casa-en-venezuela-el-surgimiento-de-la-segunda-marquetalia\">Como en casa en Venezuela: el surgimiento de la Segunda Marquetalia<\/h2>\n\n\n\n<p class=\"wp-block-paragraph\">La historia del actual conflicto en Apure no comenz\u00f3 con una ideolog\u00eda o una revoluci\u00f3n, sino con los egos, la codicia y la ambici\u00f3n frustrada desatadas por la fundaci\u00f3n de la Segunda Marquetalia, un grupo de las ex-FARC, en 2019.<\/p>\n\n\n\n<p class=\"wp-block-paragraph\">Los dos principales fundadores del grupo, Luciano Mar\u00edn Arango, alias \u201cIv\u00e1n M\u00e1rquez\u201d y Seuxis Pausias Hern\u00e1ndez Solarte, alias \u201cJes\u00fas Santrich\u201d, se encontraban entre los comandantes m\u00e1s conocidos y venerados de las FARC antes de la desmovilizaci\u00f3n de los insurgentes en 2017.<\/p>\n\n\n\n<p class=\"wp-block-paragraph\">M\u00e1rquez era visto como el segundo miembro m\u00e1s antiguo del Secretariado de las FARC. Santrich era miembro del Estado Mayor Central, el grupo de l\u00edderes del que se eleg\u00eda a los miembros del Secretariado. Ambos eran principalmente figuras pol\u00edticas, dedicadas a conseguir apoyo, alianzas y redes en el pa\u00eds y en el extranjero.<\/p>\n\n\n\n<figure class=\"wp-block-image size-large is-resized\"><img data-recalc-dims=\"1\" loading=\"lazy\" decoding=\"async\" width=\"1300\" height=\"1452\" src=\"https:\/\/i0.wp.com\/insightcrime.org\/wp-content\/uploads\/2021\/10\/Venezuela-La-Segunda-Marquetalia-Batalla-por-Apure-ExFarc-InSight-Crime-Sept-2021-1-1.jpg?resize=1300%2C1452&#038;quality=100&#038;ssl=1\" alt=\"\" class=\"wp-image-169361\" style=\"width:917px;height:1024px\" srcset=\"https:\/\/i0.wp.com\/insightcrime.org\/wp-content\/uploads\/2021\/10\/Venezuela-La-Segunda-Marquetalia-Batalla-por-Apure-ExFarc-InSight-Crime-Sept-2021-1-1.jpg?w=1300&amp;quality=100&amp;ssl=1 1300w, https:\/\/i0.wp.com\/insightcrime.org\/wp-content\/uploads\/2021\/10\/Venezuela-La-Segunda-Marquetalia-Batalla-por-Apure-ExFarc-InSight-Crime-Sept-2021-1-1.jpg?resize=269%2C300&amp;quality=100&amp;ssl=1 269w, https:\/\/i0.wp.com\/insightcrime.org\/wp-content\/uploads\/2021\/10\/Venezuela-La-Segunda-Marquetalia-Batalla-por-Apure-ExFarc-InSight-Crime-Sept-2021-1-1.jpg?resize=917%2C1024&amp;quality=100&amp;ssl=1 917w, https:\/\/i0.wp.com\/insightcrime.org\/wp-content\/uploads\/2021\/10\/Venezuela-La-Segunda-Marquetalia-Batalla-por-Apure-ExFarc-InSight-Crime-Sept-2021-1-1.jpg?resize=768%2C858&amp;quality=100&amp;ssl=1 768w, https:\/\/i0.wp.com\/insightcrime.org\/wp-content\/uploads\/2021\/10\/Venezuela-La-Segunda-Marquetalia-Batalla-por-Apure-ExFarc-InSight-Crime-Sept-2021-1-1.jpg?w=370&amp;quality=100&amp;ssl=1 370w, https:\/\/i0.wp.com\/insightcrime.org\/wp-content\/uploads\/2021\/10\/Venezuela-La-Segunda-Marquetalia-Batalla-por-Apure-ExFarc-InSight-Crime-Sept-2021-1-1.jpg?w=400&amp;quality=100&amp;ssl=1 400w\" sizes=\"auto, (max-width: 1000px) 100vw, 1000px\" \/><\/figure>\n\n\n\n<p class=\"wp-block-paragraph\">Cuando las conversaciones con el gobierno colombiano comenzaron formalmente en 2012, las FARC enviaron a ambos hombres a La Habana, Cuba, como parte de la delegaci\u00f3n encargada de negociar la paz. M\u00e1rquez fue el principal negociador. Despu\u00e9s de la firma del acuerdo final, ambos se convirtieron en congresistas del nuevo partido pol\u00edtico, la Fuerza Alternativa Revolucionaria del Com\u00fan.<\/p>\n\n\n\n<p class=\"wp-block-paragraph\">Sin embargo, en abril de 2018, <a href=\"https:\/\/www.elespectador.com\/investigacion\/los-audios-de-la-dea-y-la-fiscalia-que-le-negaron-a-la-jep-sobre-el-caso-santrich-article\/\" target=\"_blank\" rel=\"noreferrer noopener\">durante una controvertida operaci\u00f3n encubierta de la DEA<\/a>, Santrich fue arrestado y acusado de intentar negociar un cargamento de coca\u00edna de diez toneladas. Despu\u00e9s de que Santrich fue liberado, arrestado nuevamente, y liberado una vez m\u00e1s, tanto \u00e9l como M\u00e1rquez desaparecieron.<\/p>\n\n\n\n<p class=\"wp-block-paragraph\">Reaparecieron en <a href=\"https:\/\/www.youtube.com\/watch?v=GPZgtBnXr_g\" target=\"_blank\" rel=\"noreferrer noopener\">un video<\/a> emitido en agosto de 2019. Rodeados por algunos de los principales comandantes militares de las FARC, anunciaron su regreso a la lucha armada bajo la bandera de la Segunda Marquetalia, llamada as\u00ed por el m\u00edtico lugar donde nacieron las FARC inicialmente. Si bien M\u00e1rquez afirm\u00f3 que estaba en Colombia, <a href=\"https:\/\/www.bluradio.com\/nacion\/video-de-marquez-y-santrich-fue-grabado-en-venezuela-comandante-de-las-ff-mm\" target=\"_blank\" rel=\"noreferrer noopener\">el ej\u00e9rcito colombiano dijo<\/a> que quiz\u00e1 el video hab\u00eda sido filmado en Venezuela.<\/p>\n\n\n\n<p class=\"wp-block-paragraph\">\u201cEsta es la continuaci\u00f3n de la lucha guerrillera como respuesta a la traici\u00f3n del Estado a los Acuerdos de Paz de La Habana\u201d, declar\u00f3 M\u00e1rquez.<\/p>\n\n\n\n<p class=\"wp-block-paragraph\">Inicialmente, M\u00e1rquez y Santrich pretend\u00edan unirse a los disidentes de las FARC liderados por Miguel Botache Santillana, alias \u201cGentil Duarte\u201d, quien <a href=\"https:\/\/es.insightcrime.org\/noticias\/analisis\/plan-gentil-duarte-unificar-disidencias-farc\/\" target=\"_blank\" rel=\"noreferrer noopener\">hab\u00eda estado intentando<\/a> unificar las numerosas facciones de las ex-FARC en todo el pa\u00eds bajo su mando.<\/p>\n\n\n\n<blockquote class=\"wp-block-quote is-layout-flow wp-block-quote-is-layout-flow\">\n<p class=\"wp-block-paragraph\"><strong><span style=\"color:#b40026\" class=\"has-inline-color\">VEA TAMBIEN:<\/span><\/strong> <a href=\"https:\/\/es.insightcrime.org\/noticias-crimen-organizado-colombia\/segunda-marquetalia\/\" target=\"_blank\" rel=\"noreferrer noopener\">Perfil de Segunda Marquetalia<\/a><\/p>\n<\/blockquote>\n\n\n\n<p class=\"wp-block-paragraph\">Duarte tambi\u00e9n <a href=\"https:\/\/es.insightcrime.org\/noticias-crimen-organizado-colombia\/miguel-botache-santillana-alias-gentil-duarte\/\" target=\"_blank\" rel=\"noreferrer noopener\">hab\u00eda sido parte de la primera delegaci\u00f3n de paz<\/a> enviada a Cuba. Pero luego, en 2016, la comandancia guerrillera lo envi\u00f3 al departamento del Guaviare para restablecer el orden despu\u00e9s de que un frente de las FARC se distanciara del proceso de paz y se sublevara. Duarte, en cambio, desapareci\u00f3 con US$1.35 millones en efectivo de la guerrilla y se uni\u00f3 a los disidentes, convirti\u00e9ndose en uno de sus l\u00edderes m\u00e1s antiguos y visibles.<\/p>\n\n\n\n<p class=\"wp-block-paragraph\">En un relato <a href=\"https:\/\/noticias.caracoltv.com\/colombia\/ivan-marquez-busco-apoyo-en-el-eln-y-en-venezuela-porque-gentil-duarte-se-lo-nego\" target=\"_blank\" rel=\"noreferrer noopener\">confirmado por inteligencia colombiana<\/a>, el tercero al mando de Duarte, alias \u201cJonnier\u201d, describi\u00f3 la cumbre ante la <a href=\"https:\/\/pares.com.co\/2020\/11\/15\/somos-la-verdadera-resistencia-armada-de-las-farc\/\" target=\"_blank\" rel=\"noreferrer noopener\">Fundaci\u00f3n Paz y Reconciliaci\u00f3n, grupo colombiano dedicado al monitoreo de conflictos<\/a>. Seg\u00fan el l\u00edder guerrillero, lo que M\u00e1rquez deseaba era arrebatarle las riendas a Duarte.<\/p>\n\n\n\n<p class=\"wp-block-paragraph\">\u201cCuando M\u00e1rquez lleg\u00f3, era muy arrogante, quer\u00eda continuar como comandante de las FARC que hab\u00edan continuado en resistencia\u201d, dijo. \u201cLe dijimos que no los hab\u00edamos llamado para entregarle lo que hab\u00edamos logrado rescatar del proceso de paz de las FARC\u201d.<\/p>\n\n\n\n<figure class=\"wp-block-image size-large\"><img data-recalc-dims=\"1\" loading=\"lazy\" decoding=\"async\" width=\"1300\" height=\"1298\" src=\"https:\/\/i0.wp.com\/insightcrime.org\/wp-content\/uploads\/2021\/10\/Venezuela-Red-de-disidencias-de-Duarte-Batalla-por-Apure-ExFarc-InSight-Crime-Sept-2021-1.jpg?resize=1300%2C1298&#038;quality=100&#038;ssl=1\" alt=\"\" class=\"wp-image-169316\" srcset=\"https:\/\/i0.wp.com\/insightcrime.org\/wp-content\/uploads\/2021\/10\/Venezuela-Red-de-disidencias-de-Duarte-Batalla-por-Apure-ExFarc-InSight-Crime-Sept-2021-1.jpg?w=1300&amp;quality=100&amp;ssl=1 1300w, https:\/\/i0.wp.com\/insightcrime.org\/wp-content\/uploads\/2021\/10\/Venezuela-Red-de-disidencias-de-Duarte-Batalla-por-Apure-ExFarc-InSight-Crime-Sept-2021-1.jpg?resize=300%2C300&amp;quality=100&amp;ssl=1 300w, https:\/\/i0.wp.com\/insightcrime.org\/wp-content\/uploads\/2021\/10\/Venezuela-Red-de-disidencias-de-Duarte-Batalla-por-Apure-ExFarc-InSight-Crime-Sept-2021-1.jpg?resize=1024%2C1022&amp;quality=100&amp;ssl=1 1024w, https:\/\/i0.wp.com\/insightcrime.org\/wp-content\/uploads\/2021\/10\/Venezuela-Red-de-disidencias-de-Duarte-Batalla-por-Apure-ExFarc-InSight-Crime-Sept-2021-1.jpg?resize=150%2C150&amp;quality=100&amp;ssl=1 150w, https:\/\/i0.wp.com\/insightcrime.org\/wp-content\/uploads\/2021\/10\/Venezuela-Red-de-disidencias-de-Duarte-Batalla-por-Apure-ExFarc-InSight-Crime-Sept-2021-1.jpg?resize=768%2C767&amp;quality=100&amp;ssl=1 768w, https:\/\/i0.wp.com\/insightcrime.org\/wp-content\/uploads\/2021\/10\/Venezuela-Red-de-disidencias-de-Duarte-Batalla-por-Apure-ExFarc-InSight-Crime-Sept-2021-1.jpg?w=370&amp;quality=100&amp;ssl=1 370w, https:\/\/i0.wp.com\/insightcrime.org\/wp-content\/uploads\/2021\/10\/Venezuela-Red-de-disidencias-de-Duarte-Batalla-por-Apure-ExFarc-InSight-Crime-Sept-2021-1.jpg?w=400&amp;quality=100&amp;ssl=1 400w\" sizes=\"auto, (max-width: 1000px) 100vw, 1000px\" \/><\/figure>\n\n\n\n<p class=\"wp-block-paragraph\">Los intentos de M\u00e1rquez y Santrich de convencer a otras facciones de las ex-FARC en Colombia para que se les unieran tambi\u00e9n se vieron frustrados, y la Segunda Marquetalia parec\u00eda m\u00e1s bien un ej\u00e9rcito guerrillero con muchos comandantes, pero con pocos soldados.<\/p>\n\n\n\n<p class=\"wp-block-paragraph\">La Segunda Marquetalia bas\u00f3 sus operaciones no en Colombia, sino en Venezuela, donde tanto M\u00e1rquez como Santrich ten\u00edan una larga historia. Durante a\u00f1os hab\u00edan llevado a cabo trabajo pol\u00edtico en el pa\u00eds, donde M\u00e1rquez trabajaba desde una oficina en Caracas, <a href=\"https:\/\/library.fes.de\/pdf-files\/bueros\/la-seguridad\/08185.pdf\" target=\"_blank\" rel=\"noreferrer noopener\">seg\u00fan las comunicaciones incautadas a las FARC<\/a>. Establecieron conexiones que llegaban hasta la cima del chavismo, y M\u00e1rquez <a href=\"https:\/\/www.eltiempo.com\/archivo\/documento\/CMS-3810697\" target=\"_blank\" rel=\"noreferrer noopener\">se reuni\u00f3 con el presidente Hugo Ch\u00e1vez<\/a> en 2007.<\/p>\n\n\n\n<p class=\"wp-block-paragraph\">Incluso antes del anuncio oficial de que iban a retomar las armas, el presidente venezolano Nicol\u00e1s Maduro hab\u00eda <a href=\"https:\/\/www.reuters.com\/article\/us-venezuela-politics\/maduro-says-missing-farc-leaders-are-welcome-in-venezuela-idUSKCN1UO028\" target=\"_blank\" rel=\"noreferrer noopener\">declarado p\u00fablicamente<\/a> que M\u00e1rquez y Santrich eran bienvenidos en el pa\u00eds, tras haber pasado a la clandestinidad, y los llam\u00f3 \u201chombres de paz\u201d.<\/p>\n\n\n\n<p class=\"wp-block-paragraph\">La Segunda Marquetalia se estableci\u00f3 en Apure, estado que hab\u00eda sido utilizado como <a href=\"https:\/\/cdn.ideaspaz.org\/media\/website\/document\/53e2ac3725816.pdf\" target=\"_blank\" rel=\"noreferrer noopener\">centro de operaciones de las FARC<\/a> en Venezuela durante tres d\u00e9cadas. Los residentes de Apure, as\u00ed como l\u00edderes comunitarios, l\u00edderes pol\u00edticos, trabajadores de derechos humanos y exfuncionarios, quienes hablaron con InSight Crime bajo condici\u00f3n de anonimato por razones de seguridad, dicen que los guerrilleros establecieron una nueva base de operaciones cerca de la ciudad de Elorza, en el municipio de R\u00f3mulo Gallegos.<\/p>\n\n\n\n<p class=\"wp-block-paragraph\">Las fuentes se\u00f1alan que, para financiar sus operaciones, recurrieron al narcotr\u00e1fico, despachando aviones cargados de coca\u00edna que sal\u00edan de pistas de aterrizaje clandestinas. En ning\u00fan momento intervinieron las autoridades venezolanas.<\/p>\n\n\n\n<p class=\"wp-block-paragraph\">El nuevo grupo guerrillero tambi\u00e9n habr\u00eda tenido que allanar el camino con el mayor grupo rebelde que opera en Apure y al otro lado de la frontera, en el departamento de Arauca, Colombia: el Ej\u00e9rcito de Liberaci\u00f3n Nacional (ELN). <a href=\"https:\/\/lavozdelcinaruco.com\/20565-en-tres-esquinas--edo-apure-se-habrian-reunido-excombatientes-de-las-farc-y-comandantes-del-eln#.YR6s5I5Kg2y\" target=\"_blank\" rel=\"noreferrer noopener\">Varias fuentes informan<\/a> que los l\u00edderes de la Segunda Marquetalia organizaron cumbres con l\u00edderes del ELN incluso antes de anunciar la formaci\u00f3n del movimiento.<\/p>\n\n\n\n<p class=\"wp-block-paragraph\">Una vez atrincherados en Apure, y con su negocio de drogas ya en funcionamiento, la Segunda Marquetalia busc\u00f3 una vez m\u00e1s expandirse y reclutar a otras facciones de las ex-FARC. Si bien no pod\u00edan competir con Duarte en cuanto a fuerza militar y presencia territorial, s\u00ed ten\u00edan conexiones pol\u00edticas y dinero.<\/p>\n\n\n\n<p class=\"wp-block-paragraph\">Sin embargo, hab\u00eda un problema: la Segunda Marquetalia no era la \u00fanica guerrilla en Apure que reclamaba el nombre de las FARC. Tambi\u00e9n estaba el Frente 10, un grupo disidente de las FARC que estaba aliado con la red de Gentil Duarte.<\/p>\n\n\n\n<figure class=\"wp-block-image size-large is-resized\"><a href=\"https:\/\/i0.wp.com\/insightcrime.org\/wp-content\/uploads\/2021\/10\/Venezuela-Presencia-de-guerrillas-en-Apure-InSight-Crime-Sep-2021.jpg?quality=100&#038;ssl=1\" target=\"_blank\" rel=\"noopener\"><img data-recalc-dims=\"1\" loading=\"lazy\" decoding=\"async\" width=\"1300\" height=\"848\" src=\"https:\/\/i0.wp.com\/insightcrime.org\/wp-content\/uploads\/2021\/10\/Venezuela-Presencia-de-guerrillas-en-Apure-InSight-Crime-Sep-2021.jpg?resize=1300%2C848&#038;quality=100&#038;ssl=1\" alt=\"\" class=\"wp-image-168992\" style=\"width:1024px;height:668px\" srcset=\"https:\/\/i0.wp.com\/insightcrime.org\/wp-content\/uploads\/2021\/10\/Venezuela-Presencia-de-guerrillas-en-Apure-InSight-Crime-Sep-2021.jpg?w=1300&amp;quality=100&amp;ssl=1 1300w, https:\/\/i0.wp.com\/insightcrime.org\/wp-content\/uploads\/2021\/10\/Venezuela-Presencia-de-guerrillas-en-Apure-InSight-Crime-Sep-2021.jpg?resize=300%2C196&amp;quality=100&amp;ssl=1 300w, https:\/\/i0.wp.com\/insightcrime.org\/wp-content\/uploads\/2021\/10\/Venezuela-Presencia-de-guerrillas-en-Apure-InSight-Crime-Sep-2021.jpg?resize=1024%2C668&amp;quality=100&amp;ssl=1 1024w, https:\/\/i0.wp.com\/insightcrime.org\/wp-content\/uploads\/2021\/10\/Venezuela-Presencia-de-guerrillas-en-Apure-InSight-Crime-Sep-2021.jpg?resize=768%2C501&amp;quality=100&amp;ssl=1 768w, https:\/\/i0.wp.com\/insightcrime.org\/wp-content\/uploads\/2021\/10\/Venezuela-Presencia-de-guerrillas-en-Apure-InSight-Crime-Sep-2021.jpg?w=370&amp;quality=100&amp;ssl=1 370w, https:\/\/i0.wp.com\/insightcrime.org\/wp-content\/uploads\/2021\/10\/Venezuela-Presencia-de-guerrillas-en-Apure-InSight-Crime-Sep-2021.jpg?w=400&amp;quality=100&amp;ssl=1 400w\" sizes=\"auto, (max-width: 1000px) 100vw, 1000px\" \/><\/a><\/figure>\n\n\n\n<h2 class=\"wp-block-heading\" id=\"h-el-frente-10-herederos-de-las-farc-en-apure\">El Frente 10: herederos de las FARC en Apure<\/h2>\n\n\n\n<p class=\"wp-block-paragraph\">Mientras M\u00e1rquez y Santrich intentaban reconstruir las FARC desde la cima, el Frente 10 hab\u00eda estado tratando de reconstruirse en Apure desde la base. Y en tanto la Segunda Marquetalia hab\u00eda heredado las conexiones pol\u00edticas de alto nivel de las FARC en Venezuela, el Frente 10 hab\u00eda heredado sus redes locales en el terreno.<\/p>\n\n\n\n<p class=\"wp-block-paragraph\">El frente disidente estaba liderado por Jorge Eli\u00e9cer Jim\u00e9nez Mart\u00ednez, alias <a href=\"https:\/\/www.eltiempo.com\/justicia\/conflicto-y-narcotrafico\/jeronimo-el-disidente-blanco-de-la-fuerza-publica-venezolana-576925\" target=\"_blank\" rel=\"noreferrer noopener\">\u201cJer\u00f3nimo\u201d o \u201cArturo\u201d<\/a>. Seg\u00fan defensores de derechos humanos que trabajaron con excombatientes al otro lado de la frontera, en Arauca, durante el proceso de desmovilizaci\u00f3n, Arturo fue liberado de prisi\u00f3n como parte del programa de amnist\u00eda en el proceso de paz.<\/p>\n\n\n\n<p class=\"wp-block-paragraph\">Sin embargo, Arturo se hab\u00eda peleado con el anterior comandante del Frente 10 de las FARC, y cuando lleg\u00f3 a la regi\u00f3n su nombre no estaba en las listas de combatientes desmovilizados.<\/p>\n\n\n\n<p class=\"wp-block-paragraph\">\u201c[El comandante] dijo que no lo iba a reconocer porque era un desertor y un aliado de grupos paramilitares\u201d, dijo una de las fuentes, que pidi\u00f3 mantener su nombre en reserva por razones de seguridad. \u201cAs\u00ed que [Arturo] se puso manos a la obra, reuni\u00f3 gente para establecer una nueva versi\u00f3n del Frente 10\u201d.<\/p>\n\n\n\n<p class=\"wp-block-paragraph\">Desde el principio, Arturo recibi\u00f3 el apoyo de los disidentes de Duarte, seg\u00fan numerosas fuentes de la regi\u00f3n que hablaron con InSight Crime, as\u00ed como <a href=\"https:\/\/ideaspaz.org\/media\/website\/FIP_Disidencias_Final.pdf\" target=\"_blank\" rel=\"noreferrer noopener\">investigaciones<\/a> de grupos de monitoreo de conflictos y medios locales. Si bien el grupo es en general aut\u00f3nomo en la gesti\u00f3n de sus asuntos a nivel local, el control de los cruces fronterizos <a href=\"https:\/\/es.insightcrime.org\/investigaciones\/ex-farc-mafia-venezuela-clima-internacional\/\" target=\"_blank\" rel=\"noreferrer noopener\">le otorg\u00f3 a Duarte una salida importante<\/a> para los cargamentos de coca\u00edna.<\/p>\n\n\n\n<p class=\"wp-block-paragraph\">El nuevo grupo disidente de Arturo, el Frente 10, busc\u00f3 r\u00e1pidamente <a href=\"http:\/\/ideaspaz.org\/media\/website\/FIP_Disidencias_Final.pdf\" target=\"_blank\" rel=\"noreferrer noopener\">consolidar el control<\/a> sobre los antiguos territorios de las FARC en Apure y Arauca. Intentaron apoderarse de las econom\u00edas criminales a ambos lados de la frontera.<\/p>\n\n\n\n<p class=\"wp-block-paragraph\">Para los residentes de Apure, acostumbrados durante mucho tiempo a convivir con la guerrilla, no hubo mucha diferencia entre un momento y el otro.<\/p>\n\n\n\n<figure class=\"wp-block-image size-large is-resized\"><img data-recalc-dims=\"1\" loading=\"lazy\" decoding=\"async\" width=\"1300\" height=\"1298\" src=\"https:\/\/i0.wp.com\/insightcrime.org\/wp-content\/uploads\/2021\/10\/Venezuela-El-frente-10-Batalla-por-Apure-ExFarc-InSight-Crime-Sept-2021.jpg?resize=1300%2C1298&#038;quality=100&#038;ssl=1\" alt=\"\" class=\"wp-image-168980\" style=\"width:1024px;height:1022px\" srcset=\"https:\/\/i0.wp.com\/insightcrime.org\/wp-content\/uploads\/2021\/10\/Venezuela-El-frente-10-Batalla-por-Apure-ExFarc-InSight-Crime-Sept-2021.jpg?w=1300&amp;quality=100&amp;ssl=1 1300w, https:\/\/i0.wp.com\/insightcrime.org\/wp-content\/uploads\/2021\/10\/Venezuela-El-frente-10-Batalla-por-Apure-ExFarc-InSight-Crime-Sept-2021.jpg?resize=300%2C300&amp;quality=100&amp;ssl=1 300w, https:\/\/i0.wp.com\/insightcrime.org\/wp-content\/uploads\/2021\/10\/Venezuela-El-frente-10-Batalla-por-Apure-ExFarc-InSight-Crime-Sept-2021.jpg?resize=1024%2C1022&amp;quality=100&amp;ssl=1 1024w, https:\/\/i0.wp.com\/insightcrime.org\/wp-content\/uploads\/2021\/10\/Venezuela-El-frente-10-Batalla-por-Apure-ExFarc-InSight-Crime-Sept-2021.jpg?resize=150%2C150&amp;quality=100&amp;ssl=1 150w, https:\/\/i0.wp.com\/insightcrime.org\/wp-content\/uploads\/2021\/10\/Venezuela-El-frente-10-Batalla-por-Apure-ExFarc-InSight-Crime-Sept-2021.jpg?resize=768%2C767&amp;quality=100&amp;ssl=1 768w, https:\/\/i0.wp.com\/insightcrime.org\/wp-content\/uploads\/2021\/10\/Venezuela-El-frente-10-Batalla-por-Apure-ExFarc-InSight-Crime-Sept-2021.jpg?w=370&amp;quality=100&amp;ssl=1 370w, https:\/\/i0.wp.com\/insightcrime.org\/wp-content\/uploads\/2021\/10\/Venezuela-El-frente-10-Batalla-por-Apure-ExFarc-InSight-Crime-Sept-2021.jpg?w=400&amp;quality=100&amp;ssl=1 400w\" sizes=\"auto, (max-width: 1000px) 100vw, 1000px\" \/><\/figure>\n\n\n\n<p class=\"wp-block-paragraph\">\u201cHa habido convivencia [con la guerrilla] durante a\u00f1os; ellos han estado aqu\u00ed por casi 20 a\u00f1os, desde que Ch\u00e1vez lleg\u00f3 a la presidencia\u201d, dijo un ganadero local, que pidi\u00f3 mantener su nombre en el anonimato por razones de seguridad. \u201cAmbas partes viven aqu\u00ed y se relacionan\u201d.<\/p>\n\n\n\n<p class=\"wp-block-paragraph\">A medida que aumentaban sus filas, la guerrilla capitaliz\u00f3 estos lazos comunitarios para reclutar venezolanos, seg\u00fan se\u00f1ala la inteligencia militar colombiana en una publicaci\u00f3n de <a href=\"https:\/\/www.reuters.com\/article\/venezuela-colombia-gruposarmados-idESKCN1TM0KY\" target=\"_blank\" rel=\"noreferrer noopener\">Reuters<\/a>, as\u00ed como algunas fuentes de Apure.<\/p>\n\n\n\n<p class=\"wp-block-paragraph\">\u201cLe ofrecen dinero y comida a las gente para atraerla; muy pocas personas se ven obligados a vincularse\u201d, dijo a InSight Crime el sacerdote de un pueblo en territorio de las ex-FARC, que tampoco quiso que su nombre se divulgara por temor a represalias.<\/p>\n\n\n\n<p class=\"wp-block-paragraph\">El Frente 10 tambi\u00e9n mantuvo la hist\u00f3rica alianza de las FARC con los militares de la zona, y ninguna de las partes se esfuerza por ocultar su colusi\u00f3n, seg\u00fan dijeron a InSight Crime m\u00faltiples fuentes en territorios controlados por la guerrilla en Apure.<\/p>\n\n\n\n<p class=\"wp-block-paragraph\">\u201cLos guerrilleros conviven con elementos de las fuerzas armadas como si fueran vecinos\u201d, dijo a InSight Crime un periodista local, que pidi\u00f3 permanecer en el anonimato por motivos de seguridad. Otro periodista de la zona describi\u00f3 a InSight Crime c\u00f3mo en una visita a la ciudad fronteriza de La Victoria se le pidi\u00f3 que comentara sobre un torneo de f\u00fatbol con equipos tanto del Frente 10 como del ej\u00e9rcito.<\/p>\n\n\n\n<p class=\"wp-block-paragraph\">Hay evidencia de que la relaci\u00f3n fue mucho m\u00e1s all\u00e1 de la coexistencia pac\u00edfica y que los militares y el Frente 10 tambi\u00e9n cooperaron en las econom\u00edas criminales. Residentes locales, l\u00edderes comunitarios, l\u00edderes pol\u00edticos y un contrabandista de la zona describieron a InSight Crime c\u00f3mo la guerrilla y los militares estaban dividiendo las ganancias del contrabando transfronterizo.<\/p>\n\n\n\n<p class=\"wp-block-paragraph\">Sin embargo, si bien la absorci\u00f3n de los territorios y las conexiones locales de las FARC por parte del Frente 10 dio una sensaci\u00f3n de estabilidad, la llegada de la Segunda Marquetalia complic\u00f3 el panorama y se avecinaban problemas.<\/p>\n\n\n\n<h2 class=\"wp-block-heading\" id=\"h-las-guerras-dentro-de-la-guerra\">Las guerras dentro de la guerra<\/h2>\n\n\n\n<p class=\"wp-block-paragraph\">Cuando los dirigentes de la Segunda Marquetalia llegaron a Apure, Duarte \u2014y por lo tanto el Frente 10\u2014 ya hab\u00eda rechazado sus propuestas. Pero eso no les impidi\u00f3 atraer a miembros clave del Frente 10 que ten\u00edan el conocimiento que necesitaban para establecerse en la regi\u00f3n.<\/p>\n\n\n\n<p class=\"wp-block-paragraph\">Uno de sus primeros objetivos fue Robert Abril, alias \u201cPorr\u00f3n\u201d, un desmovilizado que ejerci\u00f3 como director de finanzas de las FARC, a quien el Frente 10 hab\u00eda presionado, mediante el secuestro de su padre, para que se uniera a sus filas, seg\u00fan narr\u00f3 uno de los trabajadores de derechos humanos en Arauca.<\/p>\n\n\n\n<p class=\"wp-block-paragraph\">\u201cLlamaron [a Porr\u00f3n] para que se reuniera con Santrich y M\u00e1rquez, quienes le dijeron: \u2018t\u00fa eres uno de los nuestros, puedes ayudarnos, hay dinero, ay\u00fadanos a organizar todo esto\u2019\u201d, cuenta la fuente. \u201cY entonces le dijo al Frente 10 que no continuar\u00eda con ellos, que se iba con Marquetalia\u201d.<\/p>\n\n\n\n<p class=\"wp-block-paragraph\">La respuesta del Frente 10 ante esta traici\u00f3n consisti\u00f3 en una operaci\u00f3n para asesinar a Porr\u00f3n en La Victoria. Porr\u00f3n escap\u00f3 de la redada, pero <a href=\"https:\/\/laprensaaraucana.com\/se-prendio-la-guerra-dentro-de-las-disidencias\/7\/281\" target=\"_blank\" rel=\"noreferrer noopener\">seis personas murieron<\/a>. El ataque tambi\u00e9n acab\u00f3 con la posibilidad de que las dos partes coexistieran en Apure, y mucho menos que se reconciliaran. Y aument\u00f3 las tensiones entre la Segunda Marquetalia y Gentil Duarte.<\/p>\n\n\n\n<p class=\"wp-block-paragraph\">La relaci\u00f3n del Frente 10 con el ELN tambi\u00e9n comenz\u00f3 a desgastarse, seg\u00fan los trabajadores de derechos humanos. En 2020, <a href=\"https:\/\/www.infobae.com\/america\/venezuela\/2020\/09\/20\/las-farc-asesinaron-a-cuatro-militares-venezolanos-en-la-lucha-por-el-territorio-que-controla-el-eln-en-la-frontera-con-colombia\/?outputType=amp-type\" target=\"_blank\" rel=\"noreferrer noopener\">un informe<\/a> en los medios de comunicaci\u00f3n de Venezuela incluso afirmaba que se hab\u00edan presentado enfrentamientos armados despu\u00e9s de que las ex-FARC se trasladaron a territorio del ELN.<\/p>\n\n\n\n<p class=\"wp-block-paragraph\">Sin embargo, cuando finalmente se produjo el ataque, no fueron ni la Segunda Marquetalia ni el ELN los que lo efectuaron, sino los militares venezolanos.<\/p>\n\n\n\n<blockquote class=\"wp-block-quote is-layout-flow wp-block-quote-is-layout-flow\">\n<p class=\"wp-block-paragraph\"><strong><span style=\"color:#b40026\" class=\"has-inline-color\">VEA TAMBIEN:<\/span><\/strong> <a href=\"https:\/\/es.insightcrime.org\/noticias-crimen-organizado-colombia\/segunda-marquetalia\/\" target=\"_blank\" rel=\"noreferrer noopener\">Los mensajes contradictorios del gobierno de Venezuela a las guerrillas colombianas<\/a><\/p>\n<\/blockquote>\n\n\n\n<p class=\"wp-block-paragraph\">El primer ataque se produjo en septiembre de 2020, cuando <a href=\"http:\/\/www.mindefensa.gob.ve\/mindefensa\/2020\/09\/20\/comunicado-oficial-de-la-fuerza-armada-nacional-bolivariana-10\/\" target=\"_blank\" rel=\"noreferrer noopener nofollow\">el ej\u00e9rcito de Venezuela hizo una incursi\u00f3n en los campamentos del Frente 10<\/a>. Sin embargo, eso fue solo un preludio de lo que estaba por venir. <a href=\"https:\/\/www.infobae.com\/america\/venezuela\/2021\/02\/09\/la-razon-por-la-que-la-fuerza-armada-desplego-la-operacion-jiwi-que-ataca-a-guerrilleros-de-las-farc-en-territorio-venezolano\/\" target=\"_blank\" rel=\"noreferrer noopener\">A finales de enero de 2021<\/a>, los militares iniciaron la primera operaci\u00f3n de <a href=\"https:\/\/elpitazo.net\/los-llanos\/al-menos-nueve-heridos-deja-enfrentamiento-entre-militares-y-guerrilleros\/\" target=\"_blank\" rel=\"noreferrer noopener\">una serie de ataques<\/a> sin precedentes contra la guerrilla en Venezuela, los cuales continuar\u00edan hasta mayo.<\/p>\n\n\n\n<p class=\"wp-block-paragraph\">El Frente 10 <a href=\"https:\/\/elpitazo.net\/los-llanos\/apure-guerrilla-destruye-sede-de-la-aduana-en-la-victoria\/\" target=\"_blank\" rel=\"noreferrer noopener\">contraatac\u00f3<\/a>, apuntando a posiciones y unidades militares. Tambi\u00e9n dejaron en claro a qui\u00e9n culpaban de la violencia: a la Segunda Marquetalia.<\/p>\n\n\n\n<p class=\"wp-block-paragraph\">En <a href=\"https:\/\/twitter.com\/TAMARA_SUJU\/status\/1374725314211889153\/photo\/1\" target=\"_blank\" rel=\"noreferrer noopener\">una grabaci\u00f3n de audio<\/a> que circul\u00f3 en el mes de abril, aparentemente grabada por un comandante del Frente 10, se llamaba al di\u00e1logo con los militares venezolanos y el gobierno de Maduro, a la vez que se lanzaba una diatriba contra los \u201ctraidores a la revoluci\u00f3n\u201d, los \u201cvendidos\u201d que \u201cregresaron a las armas sin tener un ej\u00e9rcito\u201d y cuyo \u201c\u00fanico inter\u00e9s es su enriquecimiento personal\u201d.<\/p>\n\n\n\n<p class=\"wp-block-paragraph\">Tambi\u00e9n se lanzaba una advertencia a los venezolanos:<\/p>\n\n\n\n<p class=\"wp-block-paragraph\">\u201cLos traidores est\u00e1n contigo desde adentro, caminan a tu lado, comen contigo, los abrazas y los saludas mientras llevan la m\u00e1scara de un falso revolucionario\u201d, dec\u00eda la grabaci\u00f3n.<\/p>\n\n\n\n<p class=\"wp-block-paragraph\">Los disidentes de Duarte no tardaron en declarar su apoyo al Frente 10 y se unieron al ataque verbal contra la Segunda Marquetalia, en una declaraci\u00f3n en video hecha por Jonnier.<\/p>\n\n\n\n<p class=\"wp-block-paragraph\">\u201c[La Segunda Marquetalia] quiere proclamarse como los verdaderos revolucionarios, cuando sus acciones hacia quienes permanecimos en la resistencia armada no han sido m\u00e1s que calumnias, enga\u00f1os y traiciones\u201d, dice.<\/p>\n\n\n\n<p class=\"wp-block-paragraph\">\u201cEstos hombres financian a unos pocos funcionarios del gobierno venezolano para que hagan su trabajo sucio, para facilitar sus intereses y satisfacer sus apetitos personales de manera desleal y traidora\u201d.<\/p>\n\n\n\n<p class=\"wp-block-paragraph\">La guerrilla no fue la \u00fanica en llegar a esta conclusi\u00f3n. InSight Crime habl\u00f3 con numerosas fuentes, entre ellas trabajadores de derechos humanos en Arauca y Apure, l\u00edderes comunitarios, pol\u00edticos y residentes de Apure, miembros de la oposici\u00f3n pol\u00edtica, periodistas nacionales y locales, investigadores y analistas de conflictos en Venezuela y Colombia, y exmilitares venezolanos. Todos coincidieron: los militares venezolanos atacaron el Frente 10 al menos en parte para beneficiar a la Segunda Marquetalia.<\/p>\n\n\n\n<p class=\"wp-block-paragraph\">\u201cSolo hay una persona con los contactos en los altos niveles de Venezuela que puede levantar un tel\u00e9fono y llamar a un general para pedirle que bombardee a sus enemigos\u201d, dice el trabajador de derechos humanos. \u201cSi se piensa en qui\u00e9n tendr\u00eda estos contactos, el \u00fanico es Iv\u00e1n M\u00e1rquez\u201d.<\/p>\n\n\n\n<p class=\"wp-block-paragraph\">\u201cEsta es una lucha entre dos facciones de las antiguas FARC para controlar un territorio que es muy propicio para operaciones ilegales como el narcotr\u00e1fico\u201d, dijo a InSight Crime un general venezolano retirado. \u201cLas fuerzas armadas venezolanas est\u00e1n apoyando a los m\u00e1s cercanos al presidente Maduro, y por eso permanecen atentas, no para expulsar a un enemigo que est\u00e1 ilegalmente en territorio venezolano, sino para favorecer a un sector de las FARC\u201d.<\/p>\n\n\n\n<p class=\"wp-block-paragraph\">Otros <a href=\"https:\/\/www.lasillavacia.com\/historias\/silla-nacional\/el-gran-ganador-con-el-conflicto-en-la-frontera-venezolana-es-el-eln\/\" target=\"_blank\" rel=\"noreferrer noopener\">informes de prensa<\/a> indican que tambi\u00e9n es probable que el ELN hubiera presionado para realizar el ataque despu\u00e9s de que el Frente 10 comenzara a invadir su territorio y las econom\u00edas criminales que controlan, aunque InSight Crime no pudo confirmar esto \u00faltimo con fuentes de la regi\u00f3n.<\/p>\n\n\n\n<p class=\"wp-block-paragraph\">Sin embargo, es poco probable que Maduro despliegue todo el ej\u00e9rcito venezolano solamente para resolver las disputas guerrilleras. Las fuentes dicen que quiz\u00e1 tambi\u00e9n hubo c\u00e1lculos estrat\u00e9gicos de mayor alcance.<\/p>\n\n\n\n<p class=\"wp-block-paragraph\">Otra posible motivaci\u00f3n consist\u00eda en actuar ante una audiencia internacional que hab\u00eda sido cada vez m\u00e1s cr\u00edtica frente al evidente apoyo del r\u00e9gimen de Maduro a los grupos guerrilleros. As\u00ed lo afirma Iv\u00e1n Simonovis, exdirector de polic\u00eda, preso pol\u00edtico y, recientemente, comisionado especial de seguridad e inteligencia en el autoproclamado \u201cgobierno interino\u201d de la oposici\u00f3n venezolana.<\/p>\n\n\n\n<p class=\"wp-block-paragraph\">\u201cCreo que el r\u00e9gimen dijo: \u2018nos vamos a lavar las manos frente a esto, vamos a neutralizar a este grupo guerrillero y entonces parecer\u00e1 que estamos combatiendo a la guerrilla, a la vez que les estamos resolviendo este problema al se\u00f1or M\u00e1rquez y al se\u00f1or Santrich\u2019\u201d, dijo a InSight Crime.<\/p>\n\n\n\n<p class=\"wp-block-paragraph\">Otras fuentes, entre ellas personas que conocen la pol\u00edtica interna y las actividades criminales del r\u00e9gimen de Maduro, dicen que el conflicto probablemente tambi\u00e9n se dio como resultado de las tensiones entre facciones al interior del chavismo.<\/p>\n\n\n\n<p class=\"wp-block-paragraph\">\u201cHay una divisi\u00f3n interna dentro del r\u00e9gimen; algunos apoyan a la Segunda Marquetalia, mientras que hay otro sector que mantiene conexiones con Gentil Duarte y hace negocios con \u00e9l\u201d, dijo a InSight Crime un destacado exintegrante del Partido Comunista de Venezuela (PCV) que hizo parte de la coalici\u00f3n chavista hasta 2020.<\/p>\n\n\n\n<p class=\"wp-block-paragraph\">El destino del Frente 10 qued\u00f3 determinado, seg\u00fan indica la misma fuente, porque se negaron a pagarles m\u00e1s a sus aliados en el ej\u00e9rcito venezolano.<\/p>\n\n\n\n<p class=\"wp-block-paragraph\">\u201cAlgunos generales de un sector de las fuerzas armadas les exigieron a estos disidentes aumentar la cantidad de dinero que pagan como una especie de \u2018cuota\u2019 por estar en el territorio\u201d, afirma.<\/p>\n\n\n\n<p class=\"wp-block-paragraph\"><a href=\"https:\/\/www.lasillavacia.com\/historias\/silla-nacional\/el-gran-ganador-con-el-conflicto-en-la-frontera-venezolana-es-el-eln\/\" target=\"_blank\" rel=\"noreferrer noopener\">Otros informes<\/a> tambi\u00e9n apuntan a una mayor frustraci\u00f3n de facciones del ej\u00e9rcito con respecto al Frente 10 por la repartici\u00f3n de los derechos de extorsi\u00f3n, pues sostienen que los guerrilleros no estaban respetando los territorios acordados.<\/p>\n\n\n\n<p class=\"wp-block-paragraph\">Si bien estos informes y teor\u00edas siguen sin confirmarse, apuntan a una verdad que se estaba volviendo cada vez m\u00e1s evidente para quienes estaban en Apure: mientras que las FARC siempre hab\u00edan estado dispuestas a seguir las reglas del gobierno a lo largo de la frontera, los disidentes del Frente 10 estaban fuera de su control.<\/p>\n\n\n\n<p class=\"wp-block-paragraph\">\u201cSe estaban fortaleciendo, ganando dinero y poder, y el gobierno no puede permitir que nadie tenga poder absoluto excepto ellos\u201d, dijo a InSight Crime un contrabandista de Apure con experiencia en la compleja din\u00e1mica criminal de la regi\u00f3n.<\/p>\n\n\n\n<p class=\"wp-block-paragraph\">Cualesquiera que fueran las razones, Maduro estaba comprometido y dispuesto a arriesgar su propia reputaci\u00f3n y la vida de los soldados venezolanos para atrapar a los guerrilleros del Frente 10 y expulsarlos del pa\u00eds.<\/p>\n","protected":false},"excerpt":{"rendered":"<p>Los combates que estallaron en el estado Apure, en Venezuela, a principios de 2021 fueron en apariencia un cl\u00e1sico conflicto guerrillero. El ej\u00e9rcito nacional recibi\u00f3 la misi\u00f3n de liberar a la regi\u00f3n de \u201cterroristas\u201d y fue desplegado contra un peque\u00f1o grupo de insurgentes, que afirmaban estar luchando por sus ideales izquierdistas.<\/p>\n","protected":false},"author":775,"featured_media":169028,"comment_status":"closed","ping_status":"closed","sticky":false,"template":"single-feature.php","format":"standard","meta":{"newspack_ads_suppress_ads":false,"newspack_popups_has_disabled_popups":false,"newspack_sponsor_sponsorship_scope":"","newspack_sponsor_native_byline_display":"inherit","newspack_sponsor_native_category_display":"inherit","newspack_sponsor_underwriter_style":"inherit","newspack_sponsor_underwriter_placement":"inherit","_EventAllDay":false,"_EventTimezone":"","_EventStartDate":"","_EventEndDate":"","_EventStartDateUTC":"","_EventEndDateUTC":"","_EventShowMap":false,"_EventShowMapLink":false,"_EventURL":"","_EventCost":"","_EventCostDescription":"","_EventCurrencySymbol":"","_EventCurrencyCode":"","_EventCurrencyPosition":"","_EventDateTimeSeparator":"","_EventTimeRangeSeparator":"","_EventOrganizerID":[],"_EventVenueID":[],"_OrganizerEmail":"","_OrganizerPhone":"","_OrganizerWebsite":"","_VenueAddress":"","_VenueCity":"","_VenueCountry":"","_VenueProvince":"","_VenueState":"","_VenueZip":"","_VenuePhone":"","_VenueURL":"","_VenueStateProvince":"","_VenueLat":"","_VenueLng":"","_VenueShowMap":false,"_VenueShowMapLink":false,"_newspack_byline_active":false,"_newspack_byline":"","newspack_hide_updated_date":false,"newspack_show_updated_date":false,"newspack_featured_image_position":"above","newspack_post_subtitle":"","newspack_article_summary_title":"Overview:","newspack_article_summary":"","_jetpack_memberships_contains_paid_content":false,"footnotes":""},"categories":[342],"tags":[3365,1542,1492,475,400],"newspack_spnsrs_tax":[],"coauthors":[4646],"class_list":["post-233196","post","type-post","status-publish","format-standard","has-post-thumbnail","hentry","category-investigaciones","tag-ex-farc-mafia-es-2","tag-farc-ep","tag-ivan-marquez-es","tag-paz-con-las-farc","tag-venezuela-pais","entry"],"parsely":{"version":"1.1.0","canonical_url":"https:\/\/insightcrime.org\/es\/investigaciones\/guerra-subsidiaria-apure\/","smart_links":{"inbound":0,"outbound":0},"traffic_boost_suggestions_count":0,"meta":{"@context":"https:\/\/schema.org","@type":"NewsArticle","headline":"La guerra subsidiaria en Apure","url":"http:\/\/insightcrime.org\/es\/investigaciones\/guerra-subsidiaria-apure\/","mainEntityOfPage":{"@type":"WebPage","@id":"http:\/\/insightcrime.org\/es\/investigaciones\/guerra-subsidiaria-apure\/"},"thumbnailUrl":"https:\/\/i0.wp.com\/insightcrime.org\/wp-content\/uploads\/2021\/10\/2-Apures-Proxy-War.jpg?resize=150%2C150&quality=100&ssl=1","image":{"@type":"ImageObject","url":"https:\/\/i0.wp.com\/insightcrime.org\/wp-content\/uploads\/2021\/10\/2-Apures-Proxy-War.jpg?fit=1600%2C600&quality=100&ssl=1"},"articleSection":"Investigaciones","author":[{"@type":"Person","name":"Unidad Investigativa de Venezuela"}],"creator":["Unidad Investigativa de Venezuela"],"publisher":{"@type":"Organization","name":"InSight Crime","logo":"https:\/\/insightcrime.org\/wp-content\/uploads\/2023\/08\/logo.png"},"keywords":["ex-farc mafia","farc","iv\u00e1n m\u00e1rquez","paz farc","venezuela"],"dateCreated":"2021-10-13T18:20:38Z","datePublished":"2021-10-13T18:20:38Z","dateModified":"2025-08-19T00:25:32Z"},"rendered":"<meta name=\"parsely-title\" content=\"La guerra subsidiaria en Apure\" \/>\n<meta name=\"parsely-link\" content=\"http:\/\/insightcrime.org\/es\/investigaciones\/guerra-subsidiaria-apure\/\" \/>\n<meta name=\"parsely-type\" content=\"post\" \/>\n<meta name=\"parsely-image-url\" content=\"https:\/\/i0.wp.com\/insightcrime.org\/wp-content\/uploads\/2021\/10\/2-Apures-Proxy-War.jpg?resize=150%2C150&amp;quality=100&amp;ssl=1\" \/>\n<meta name=\"parsely-pub-date\" content=\"2021-10-13T18:20:38Z\" \/>\n<meta name=\"parsely-section\" content=\"Investigaciones\" \/>\n<meta name=\"parsely-tags\" content=\"ex-farc mafia,farc,iv\u00e1n m\u00e1rquez,paz farc,venezuela\" \/>\n<meta name=\"parsely-author\" content=\"Unidad Investigativa de Venezuela\" \/>","tracker_url":"https:\/\/cdn.parsely.com\/keys\/insightcrime.org\/p.js"},"jetpack_sharing_enabled":true,"jetpack-related-posts":[{"id":168562,"url":"https:\/\/insightcrime.org\/es\/investigaciones\/repercusiones-apure-enemigo-interno\/","url_meta":{"origin":233196,"position":0},"title":"Las repercusiones de Apure y el enemigo interno","author":"Unidad Investigativa de Venezuela","date":"13 de octubre de 2021","format":false,"excerpt":"La guerrilla colombiana gan\u00f3 una batalla contra el ej\u00e9rcito venezolano en el estado de Apure. Pero nunca ganar\u00e1n la guerra. No obstante, los combates dejaron algo en claro: el Estado venezolano no puede controlar las fuerzas criminales que ha tolerado por tanto tiempo.","rel":"","context":"En \u00abInvestigaciones\u00bb","block_context":{"text":"Investigaciones","link":"https:\/\/insightcrime.org\/es\/category\/investigaciones\/"},"img":{"alt_text":"","src":"https:\/\/i0.wp.com\/insightcrime.org\/wp-content\/uploads\/2021\/10\/4-The-Fallout-from-Apure-and-The-Enemy-Within.jpg?fit=1200%2C450&quality=100&ssl=1&resize=350%2C200","width":350,"height":200,"srcset":"https:\/\/i0.wp.com\/insightcrime.org\/wp-content\/uploads\/2021\/10\/4-The-Fallout-from-Apure-and-The-Enemy-Within.jpg?fit=1200%2C450&quality=100&ssl=1&resize=350%2C200 1x, https:\/\/i0.wp.com\/insightcrime.org\/wp-content\/uploads\/2021\/10\/4-The-Fallout-from-Apure-and-The-Enemy-Within.jpg?fit=1200%2C450&quality=100&ssl=1&resize=525%2C300 1.5x, https:\/\/i0.wp.com\/insightcrime.org\/wp-content\/uploads\/2021\/10\/4-The-Fallout-from-Apure-and-The-Enemy-Within.jpg?fit=1200%2C450&quality=100&ssl=1&resize=700%2C400 2x, https:\/\/i0.wp.com\/insightcrime.org\/wp-content\/uploads\/2021\/10\/4-The-Fallout-from-Apure-and-The-Enemy-Within.jpg?fit=1200%2C450&quality=100&ssl=1&resize=1050%2C600 3x"},"classes":[]},{"id":179121,"url":"https:\/\/insightcrime.org\/es\/noticias\/muerte-arturo-comandante-disidente-sacude-frente-10-colombia\/","url_meta":{"origin":233196,"position":1},"title":"La muerte de &#8216;Arturo&#8217;, comandante disidente, sacude al Frente 10 en Colombia","author":"Juan Diego Posada","date":"25 de febrero de 2022","format":false,"excerpt":"Un veterano comandante de las ex \u2013 FARC muri\u00f3 en un operativo de las fuerzas de seguridad de colombianas, dejando un vac\u00edo de poder en el conflicto entre disidencias en la fronte de Colombia-Venezuela.","rel":"","context":"En \u00abNoticias\u00bb","block_context":{"text":"Noticias","link":"https:\/\/insightcrime.org\/es\/category\/noticias\/"},"img":{"alt_text":"Varios disidentes murieron en la operaci\u00f3n","src":"https:\/\/i0.wp.com\/insightcrime.org\/wp-content\/uploads\/2022\/02\/Operacion-Arauca.jpg?fit=350%2C250&quality=100&ssl=1&resize=350%2C200","width":350,"height":200},"classes":[]},{"id":180497,"url":"https:\/\/insightcrime.org\/es\/noticias\/venezuela-quiza-nunca-libere-espectro-minas-terrestres\/","url_meta":{"origin":233196,"position":2},"title":"Venezuela quiz\u00e1 nunca se libere del espectro de las minas terrestres","author":"Unidad Investigativa de Venezuela","date":"21 de marzo de 2022","format":false,"excerpt":"Casi un a\u00f1o despu\u00e9s de que se informara por primera vez del uso de minas terrestres en Venezuela, su utilizaci\u00f3n parece haberse convertido en una t\u00e1ctica est\u00e1ndar de los grupos guerrilleros colombianos en el pa\u00eds, especialmente en la zona fronteriza.","rel":"","context":"En \u00abNoticias\u00bb","block_context":{"text":"Noticias","link":"https:\/\/insightcrime.org\/es\/category\/noticias\/"},"img":{"alt_text":"Grupos criminales de Colombia podr\u00edan traer minas a territorio venezolano","src":"https:\/\/i0.wp.com\/insightcrime.org\/wp-content\/uploads\/2022\/03\/Minas-en-Venezuela.jpg?fit=350%2C250&quality=100&ssl=1&resize=350%2C200","width":350,"height":200},"classes":[]},{"id":139563,"url":"https:\/\/insightcrime.org\/es\/news\/mensajes-contradictorios-gobierno-venezuela-guerrillas-colombianas\/","url_meta":{"origin":233196,"position":3},"title":"Los mensajes contradictorios del gobierno de Venezuela a las guerrillas colombianas","author":"Unidad Investigativa de Venezuela","date":"30 de marzo de 2021","format":false,"excerpt":"Los m\u00e1s recientes enfrenamientos armados en el estado de Apure, Venezuela, exponen de nuevo los matices de la relaci\u00f3n compleja entre el gobierno venezolano y los grupos criminales e insurgentes colombianos.","rel":"","context":"En \u00abNews\u00bb","block_context":{"text":"News","link":"https:\/\/insightcrime.org\/category\/news\/"},"img":{"alt_text":"","src":"https:\/\/i0.wp.com\/insightcrime.org\/wp-content\/uploads\/2021\/03\/apure-1.jpg?fit=350%2C250&quality=100&ssl=1&resize=350%2C200","width":350,"height":200},"classes":[]},{"id":145720,"url":"https:\/\/insightcrime.org\/es\/noticias\/muerte-jesus-santrich-agudiza-conflicto-venezuela\/","url_meta":{"origin":233196,"position":4},"title":"Muerte de Jes\u00fas Santrich agudiza conflicto en Venezuela","author":"Unidad Investigativa de Venezuela","date":"18 de mayo de 2021","format":false,"excerpt":"El asesinato de un notorio l\u00edder de la guerrilla disidente colombiana en suelo venezolano podr\u00eda desestabilizar la din\u00e1mica del hampa en ambos pa\u00edses, alimentando un conflicto ya en curso a lo largo de su frontera compartida.","rel":"","context":"En \u00abNoticias\u00bb","block_context":{"text":"Noticias","link":"https:\/\/insightcrime.org\/es\/category\/noticias\/"},"img":{"alt_text":"santrich dead muerte farc mafia colombia","src":"https:\/\/i0.wp.com\/insightcrime.org\/wp-content\/uploads\/2021\/05\/Jesus-Snatrich-grupos-criminales-farc-mafia-colombia-AP_21138583862272.jpg?fit=1200%2C600&quality=100&ssl=1&resize=350%2C200","width":350,"height":200,"srcset":"https:\/\/i0.wp.com\/insightcrime.org\/wp-content\/uploads\/2021\/05\/Jesus-Snatrich-grupos-criminales-farc-mafia-colombia-AP_21138583862272.jpg?fit=1200%2C600&quality=100&ssl=1&resize=350%2C200 1x, https:\/\/i0.wp.com\/insightcrime.org\/wp-content\/uploads\/2021\/05\/Jesus-Snatrich-grupos-criminales-farc-mafia-colombia-AP_21138583862272.jpg?fit=1200%2C600&quality=100&ssl=1&resize=525%2C300 1.5x, https:\/\/i0.wp.com\/insightcrime.org\/wp-content\/uploads\/2021\/05\/Jesus-Snatrich-grupos-criminales-farc-mafia-colombia-AP_21138583862272.jpg?fit=1200%2C600&quality=100&ssl=1&resize=700%2C400 2x, https:\/\/i0.wp.com\/insightcrime.org\/wp-content\/uploads\/2021\/05\/Jesus-Snatrich-grupos-criminales-farc-mafia-colombia-AP_21138583862272.jpg?fit=1200%2C600&quality=100&ssl=1&resize=1050%2C600 3x"},"classes":[]},{"id":174882,"url":"https:\/\/insightcrime.org\/es\/noticias\/ex-farc-mafia-va-por-todo-frontera-colombia-venezuela\/","url_meta":{"origin":233196,"position":5},"title":"\u00bfEx-FARC Mafia va por todo en la frontera Colombia-Venezuela?","author":"Juan Diego Posada","date":"11 de enero de 2022","format":false,"excerpt":"El Frente 10 de las disidencias de las FARC no se detiene. Despu\u00e9s de enfrentar varios enemigos simult\u00e1neamente en suelo venezolano, ahora parece lidiar con el mayor obst\u00e1culo criminal del territorio: el ELN. \u00bfTendr\u00e1 el poder para soportar?","rel":"","context":"En \u00abNews\u00bb","block_context":{"text":"News","link":"https:\/\/insightcrime.org\/category\/news\/"},"img":{"alt_text":"","src":"https:\/\/i0.wp.com\/insightcrime.org\/wp-content\/uploads\/2022\/01\/Venezuela-El-frente-10-Batalla-por-Apure-ExFarc-InSight-Crime-Sept-2021-1024x1022-1.jpg?resize=350%2C200&quality=100&ssl=1","width":350,"height":200,"srcset":"https:\/\/i0.wp.com\/insightcrime.org\/wp-content\/uploads\/2022\/01\/Venezuela-El-frente-10-Batalla-por-Apure-ExFarc-InSight-Crime-Sept-2021-1024x1022-1.jpg?resize=350%2C200&quality=100&ssl=1 1x, https:\/\/i0.wp.com\/insightcrime.org\/wp-content\/uploads\/2022\/01\/Venezuela-El-frente-10-Batalla-por-Apure-ExFarc-InSight-Crime-Sept-2021-1024x1022-1.jpg?resize=525%2C300&quality=100&ssl=1 1.5x, https:\/\/i0.wp.com\/insightcrime.org\/wp-content\/uploads\/2022\/01\/Venezuela-El-frente-10-Batalla-por-Apure-ExFarc-InSight-Crime-Sept-2021-1024x1022-1.jpg?resize=700%2C400&quality=100&ssl=1 2x"},"classes":[]}],"jetpack_featured_media_url":"https:\/\/i0.wp.com\/insightcrime.org\/wp-content\/uploads\/2021\/10\/2-Apures-Proxy-War.jpg?fit=1600%2C600&quality=100&ssl=1","_links":{"self":[{"href":"https:\/\/insightcrime.org\/es\/wp-json\/wp\/v2\/posts\/233196","targetHints":{"allow":["GET"]}}],"collection":[{"href":"https:\/\/insightcrime.org\/es\/wp-json\/wp\/v2\/posts"}],"about":[{"href":"https:\/\/insightcrime.org\/es\/wp-json\/wp\/v2\/types\/post"}],"author":[{"embeddable":true,"href":"https:\/\/insightcrime.org\/es\/wp-json\/wp\/v2\/users\/775"}],"replies":[{"embeddable":true,"href":"https:\/\/insightcrime.org\/es\/wp-json\/wp\/v2\/comments?post=233196"}],"version-history":[{"count":3,"href":"https:\/\/insightcrime.org\/es\/wp-json\/wp\/v2\/posts\/233196\/revisions"}],"predecessor-version":[{"id":243087,"href":"https:\/\/insightcrime.org\/es\/wp-json\/wp\/v2\/posts\/233196\/revisions\/243087"}],"wp:featuredmedia":[{"embeddable":true,"href":"https:\/\/insightcrime.org\/es\/wp-json\/wp\/v2\/media\/169028"}],"wp:attachment":[{"href":"https:\/\/insightcrime.org\/es\/wp-json\/wp\/v2\/media?parent=233196"}],"wp:term":[{"taxonomy":"category","embeddable":true,"href":"https:\/\/insightcrime.org\/es\/wp-json\/wp\/v2\/categories?post=233196"},{"taxonomy":"post_tag","embeddable":true,"href":"https:\/\/insightcrime.org\/es\/wp-json\/wp\/v2\/tags?post=233196"},{"taxonomy":"newspack_spnsrs_tax","embeddable":true,"href":"https:\/\/insightcrime.org\/es\/wp-json\/wp\/v2\/newspack_spnsrs_tax?post=233196"},{"taxonomy":"author","embeddable":true,"href":"https:\/\/insightcrime.org\/es\/wp-json\/wp\/v2\/coauthors?post=233196"}],"curies":[{"name":"wp","href":"https:\/\/api.w.org\/{rel}","templated":true}]}}