{"id":233199,"date":"2021-09-01T13:55:54","date_gmt":"2021-09-01T18:55:54","guid":{"rendered":"https:\/\/insightcrime.org\/sin-categorizar\/deforestacion-amazonia-colombiana-delimitacion-problema\/"},"modified":"2023-10-20T06:31:25","modified_gmt":"2023-10-20T11:31:25","slug":"deforestacion-amazonia-colombiana-delimitacion-problema","status":"publish","type":"post","link":"https:\/\/insightcrime.org\/es\/investigaciones\/deforestacion-amazonia-colombiana-delimitacion-problema\/","title":{"rendered":"Deforestaci\u00f3n en la Amazon\u00eda colombiana: delimitaci\u00f3n del problema"},"content":{"rendered":"\n<p class=\"wp-block-paragraph\">La deforestaci\u00f3n es la cara m\u00e1s visible de los delitos ambientales en la Amazon\u00eda colombiana. <\/p>\n\n\n\n<p class=\"wp-block-paragraph\">Desde 2016 aproximadamente, los bosques de la regi\u00f3n comenzaron a registrar niveles acelerados de invasi\u00f3n y destrucci\u00f3n. Seg\u00fan el <a href=\"http:\/\/www.ideam.gov.co\/inicio?p_p_id=101&amp;p_p_lifecycle=0&amp;p_p_state=maximized&amp;p_p_mode=view&amp;_101_struts_action=%2Fasset_publisher%2Fview_content&amp;_101_returnToFullPageURL=%2Fweb%2Fguest%2Finicio%3Fp_p_id%3D3%26p_p_lifecycle%3D0%26p_p_state%3Dmaximized%26p_p_mode%3Dview%26_3_groupId%3D0&amp;_101_assetEntryId=218709&amp;_101_type=content&amp;_101_groupId=24277&amp;_101_urlTitle=colombia-revela-su-primera-tasa-anual-de-deforestaci-1&amp;inheritRedirect=true\" target=\"_blank\" rel=\"noreferrer noopener\">Instituto de Hidrolog\u00eda, Meteorolog\u00eda y Estudios Ambientales (IDEAM)<\/a> de Colombia, en 2013, a\u00f1o en que la entidad comenz\u00f3 a producir su informe anual sobre monitoreo de la deforestaci\u00f3n, se hab\u00edan destruido 120.933 hect\u00e1reas de bosque. Sin embargo, en 2017 se deforest\u00f3 <a href=\"http:\/\/www.ideam.gov.co\/web\/sala-de-prensa\/noticias\/-\/asset_publisher\/LdWW0ECY1uxz\/content\/id\/72115815?_101_INSTANCE_LdWW0ECY1uxz_urlTitle=ideam-presento-los-datos-actualizados-del-monitoreo-a-la-deforestacion-en-2017\" target=\"_blank\" rel=\"noreferrer noopener\">un r\u00e9cord de 219.973 hect\u00e1reas<\/a> en Colombia, un 23 por ciento m\u00e1s que en 2016.<\/p>\n\n\n\n<div class=\"wp-block-media-text is-stacked-on-mobile is-vertically-aligned-center has-background\" style=\"background-color:#f4f6f3;grid-template-columns:24% auto\"><figure class=\"wp-block-media-text__media\"><a href=\"https:\/\/insightcrime.org\/wp-content\/uploads\/2021\/09\/Las-raices-de-los-delitos-ambientales-en-la-amazonia-colombiana-InsightCrime-Igarape-2021-ESP.pdf\" target=\"_blank\" rel=\"noreferrer noopener\"><img data-recalc-dims=\"1\" loading=\"lazy\" decoding=\"async\" width=\"600\" height=\"700\" src=\"https:\/\/i0.wp.com\/insightcrime.org\/wp-content\/uploads\/2023\/10\/Amazonia-Colombiana.jpg?resize=600%2C700&#038;quality=100&#038;ssl=1\" alt=\"\" class=\"wp-image-243297 size-medium\" srcset=\"https:\/\/i0.wp.com\/insightcrime.org\/wp-content\/uploads\/2023\/10\/Amazonia-Colombiana.jpg?w=600&amp;quality=100&amp;ssl=1 600w, https:\/\/i0.wp.com\/insightcrime.org\/wp-content\/uploads\/2023\/10\/Amazonia-Colombiana.jpg?resize=257%2C300&amp;quality=100&amp;ssl=1 257w, https:\/\/i0.wp.com\/insightcrime.org\/wp-content\/uploads\/2023\/10\/Amazonia-Colombiana.jpg?resize=400%2C467&amp;quality=100&amp;ssl=1 400w, https:\/\/i0.wp.com\/insightcrime.org\/wp-content\/uploads\/2023\/10\/Amazonia-Colombiana.jpg?w=370&amp;quality=100&amp;ssl=1 370w\" sizes=\"auto, (max-width: 600px) 100vw, 600px\" \/><\/a><\/figure><div class=\"wp-block-media-text__content\">\n<p class=\"has-text-color has-small-font-size wp-block-paragraph\" style=\"color:#161616ad;font-style:normal;font-weight:400;letter-spacing:0px\">*InSight Crime se ha aliado con el <a href=\"https:\/\/igarape.org.br\/en\/about-igarape\/\" target=\"_blank\" rel=\"noreferrer noopener\">Instituto Igarap\u00e9<\/a> \u2014un centro de pensamiento independiente ubicado en Brasil, que se dedica a temas actuales relacionados con el desarrollo, la seguridad y el clima\u2014, con el fin de hacer una cartograf\u00eda de los delitos ambientales en la cuenca amaz\u00f3nica. Las otras partes de la investigaci\u00f3n se publicar\u00e1n durante el mes de septiembre. Lea todos los cap\u00edtulos&nbsp;<a href=\"https:\/\/es.insightcrime.org\/investigaciones\/raices-delitos-ambientales-amazonia-colombiana\/\" target=\"_blank\" rel=\"noreferrer noopener\">aqu\u00ed<\/a>. Tambi\u00e9n puede ver el PDF completo <a href=\"https:\/\/insightcrime.org\/wp-content\/uploads\/2021\/09\/Las-raices-de-los-delitos-ambientales-en-la-amazonia-colombiana-InsightCrime-Igarape-2021-ESP.pdf\" target=\"_blank\" rel=\"noreferrer noopener\">aqu\u00ed<\/a>.<\/p>\n<\/div><\/div>\n\n\n\n<p class=\"wp-block-paragraph\">Desde entonces, las tasas de deforestaci\u00f3n <a href=\"http:\/\/www.ideam.gov.co\/documents\/10182\/105413996\/presentacionbalancedeforestacion2019\/7c9323fc-d0a1-4c95-b1a1-1892b162c067#:~:text=Para%20el%20a%C3%B1o%202019%20la,2018%20cuando%20fue%20de%2012%25\" target=\"_blank\" rel=\"noreferrer noopener\">se han estabilizado<\/a>, cayendo a 197.159 hect\u00e1reas taladas en 2018 y poco menos de 158.894 hect\u00e1reas perdidas al a\u00f1o siguiente. <\/p>\n\n\n\n<p class=\"wp-block-paragraph\">Sin embargo, en 2020 esta cifra <a href=\"https:\/\/insightcrime.org\/wp-content\/uploads\/2021\/07\/Presentacion_Deforestacion2020_SMByC-IDEAM.pdf\" target=\"_blank\" rel=\"noreferrer noopener\">volvi\u00f3 a aumentar<\/a> en un 8 por ciento, ya que se destruyeron 171.685 hect\u00e1reas de bosque. La Amazon\u00eda colombiana sigue siendo blanco de quienes se benefician de la tala ilegal, el acaparamiento de tierras y los cultivos il\u00edcitos. Entre 2012 y 2017, solo en los departamentos de Caquet\u00e1, Putumayo y Amazonas, <a href=\"https:\/\/es.mongabay.com\/2019\/07\/madera-ilegal-tala-amazonia-colombia\/\" target=\"_blank\" rel=\"noreferrer noopener\">se destruyeron 359.223 metros c\u00fabicos de \u00e1rboles<\/a>.<\/p>\n\n\n\n<p class=\"wp-block-paragraph\">Cuatro de los <a href=\"https:\/\/insightcrime.org\/wp-content\/uploads\/2021\/07\/Presentacion_Deforestacion2020_SMByC-IDEAM.pdf\" target=\"_blank\" rel=\"noreferrer noopener\">departamentos m\u00e1s afectados por la deforestaci\u00f3n<\/a> en Colombia (Caquet\u00e1, Meta, Guaviare y Putumayo) se encuentran en la Amazon\u00eda, que alberga el 66 por ciento de los bosques del pa\u00eds. Mientras que en 2018 se destruyeron 138.176 hect\u00e1reas de bosque en toda la regi\u00f3n, al a\u00f1o siguiente esta cifra baj\u00f3 a 98.256 hect\u00e1reas. <\/p>\n\n\n\n<p class=\"wp-block-paragraph\">En 2020, esta cifra volvi\u00f3 a aumentar, ya que se perdieron 109.302 hect\u00e1reas. Entre julio y septiembre de 2020, el 60 por ciento de la deforestaci\u00f3n total que afect\u00f3 a Colombia se concentr\u00f3 en su regi\u00f3n Amaz\u00f3nica. Solo el departamento del Meta <a href=\"https:\/\/insightcrime.org\/wp-content\/uploads\/2021\/07\/Presentacion_Deforestacion2020_SMByC-IDEAM.pdf\" target=\"_blank\" rel=\"noreferrer noopener\">perdi\u00f3 35.556 hect\u00e1reas de bosque<\/a> en 2020, seguido de cerca por Caquet\u00e1, donde se perdieron unas 32.522 hect\u00e1reas.<\/p>\n\n\n\n<p class=\"wp-block-paragraph\">El aumento de la deforestaci\u00f3n en los departamentos amaz\u00f3nicos del pa\u00eds a partir de 2016 puede explicarse, al menos en parte, por la retirada de las <a href=\"https:\/\/es.insightcrime.org\/sin-categorizar\/farc\/\" target=\"_blank\" rel=\"noreferrer noopener\">FARC<\/a> de las selvas de la regi\u00f3n, como resultado del acuerdo de paz firmado con el gobierno. <\/p>\n\n\n\n<p class=\"wp-block-paragraph\">Si bien este no ha sido el \u00fanico factor causante del aumento de la deforestaci\u00f3n, s\u00ed es bastante significativo. Antes de 2016, los guerrilleros <a href=\"https:\/\/rutasdelconflicto.com\/especiales\/parques-objetivo-guerra\/tinigua.html\" target=\"_blank\" rel=\"noreferrer noopener\">imped\u00edan activamente<\/a> las actividades que conduc\u00edan a la destrucci\u00f3n de los bosques y del h\u00e1bitat en el que se ocultaban y que les ofrec\u00eda ventajas estrat\u00e9gicas.<\/p>\n\n\n\n<figure class=\"wp-block-image size-large is-resized\"><img data-recalc-dims=\"1\" loading=\"lazy\" decoding=\"async\" width=\"1300\" height=\"1014\" src=\"https:\/\/i0.wp.com\/insightcrime.org\/wp-content\/uploads\/2021\/08\/Amazonas-Tasa-de-Deforestacion-ha-en-Colombia-2013-2019-InSight-Crime-Bar-June-2021-1.jpg?resize=1300%2C1014&#038;quality=100&#038;ssl=1\" alt=\"\" class=\"wp-image-166633\" style=\"width:1024px;height:799px\" srcset=\"https:\/\/i0.wp.com\/insightcrime.org\/wp-content\/uploads\/2021\/08\/Amazonas-Tasa-de-Deforestacion-ha-en-Colombia-2013-2019-InSight-Crime-Bar-June-2021-1.jpg?w=1300&amp;quality=100&amp;ssl=1 1300w, https:\/\/i0.wp.com\/insightcrime.org\/wp-content\/uploads\/2021\/08\/Amazonas-Tasa-de-Deforestacion-ha-en-Colombia-2013-2019-InSight-Crime-Bar-June-2021-1.jpg?resize=300%2C234&amp;quality=100&amp;ssl=1 300w, https:\/\/i0.wp.com\/insightcrime.org\/wp-content\/uploads\/2021\/08\/Amazonas-Tasa-de-Deforestacion-ha-en-Colombia-2013-2019-InSight-Crime-Bar-June-2021-1.jpg?resize=1024%2C799&amp;quality=100&amp;ssl=1 1024w, https:\/\/i0.wp.com\/insightcrime.org\/wp-content\/uploads\/2021\/08\/Amazonas-Tasa-de-Deforestacion-ha-en-Colombia-2013-2019-InSight-Crime-Bar-June-2021-1.jpg?resize=768%2C599&amp;quality=100&amp;ssl=1 768w, https:\/\/i0.wp.com\/insightcrime.org\/wp-content\/uploads\/2021\/08\/Amazonas-Tasa-de-Deforestacion-ha-en-Colombia-2013-2019-InSight-Crime-Bar-June-2021-1.jpg?w=370&amp;quality=100&amp;ssl=1 370w, https:\/\/i0.wp.com\/insightcrime.org\/wp-content\/uploads\/2021\/08\/Amazonas-Tasa-de-Deforestacion-ha-en-Colombia-2013-2019-InSight-Crime-Bar-June-2021-1.jpg?w=400&amp;quality=100&amp;ssl=1 400w\" sizes=\"auto, (max-width: 1000px) 100vw, 1000px\" \/><\/figure>\n\n\n\n<p class=\"wp-block-paragraph\">Sin embargo, a partir de 2016, las tropas guerrilleras comenzaron a retirarse, por lo que los territorios protegidos en toda la regi\u00f3n Amaz\u00f3nica, como el <a href=\"https:\/\/rutasdelconflicto.com\/especiales\/parques-objetivo-guerra\/tinigua.html\" target=\"_blank\" rel=\"noreferrer noopener\">Parque Nacional Natural Tinigua<\/a>, quedaron abiertos para ganaderos y una nueva ola de colonos que lograron entrar con la disminuci\u00f3n del conflicto en la regi\u00f3n. <\/p>\n\n\n\n<p class=\"wp-block-paragraph\">En algunos casos, los disidentes de las antiguas FARC que se negaron a desmovilizarse <a href=\"https:\/\/insightcrime.org\/news\/organized-crime-environment-latin-america-fatal-encounter\/?_thumbnail_id=132844\" target=\"_blank\" rel=\"noreferrer noopener\">incursionaron en la tala ilegal y la apropiaci\u00f3n de tierras<\/a> para complementar los ingresos provenientes del tr\u00e1fico de drogas. Esas actividades siguen generando deforestaci\u00f3n.<\/p>\n\n\n\n<h2 class=\"wp-block-heading\" id=\"h-principales-motores-de-la-deforestacion\">Principales motores de la deforestaci\u00f3n<\/h2>\n\n\n\n<p class=\"wp-block-paragraph\">El <a href=\"http:\/\/www.ideam.gov.co\/documents\/10182\/105413996\/presentacionbalancedeforestacion2019\/7c9323fc-d0a1-4c95-b1a1-1892b162c067#:~:text=Para%20el%20a%C3%B1o%202019%20la,2018%20cuando%20fue%20de%2012%25\" target=\"_blank\" rel=\"noreferrer noopener\">IDEAM<\/a> reconoce siete motores de la deforestaci\u00f3n en Colombia: 1) \u201cpraderizaci\u00f3n\u201d o desbroce de tierras para pastos, 2) desarrollo irregular de infraestructura, 3) expansi\u00f3n de las actividades agr\u00edcolas a zonas vedadas, 4) ganader\u00eda extensiva, 5) cultivos il\u00edcitos, 6) tala ilegal y 7) miner\u00eda ilegal. Cada uno de los motores de deforestaci\u00f3n reconocidos por el IDEAM \u2014aparte de la tala ilegal y la miner\u00eda\u2014 tiene <a href=\"http:\/\/documentacion.ideam.gov.co\/openbiblio\/bvirtual\/023780\/Caracterizacion.pdf\" target=\"_blank\" rel=\"noreferrer noopener\">fuertes v\u00ednculos con la apropiaci\u00f3n de tierras<\/a>.<\/p>\n\n\n\n<figure class=\"wp-block-image size-large is-resized\"><img data-recalc-dims=\"1\" loading=\"lazy\" decoding=\"async\" width=\"1300\" height=\"1563\" src=\"https:\/\/i0.wp.com\/insightcrime.org\/wp-content\/uploads\/2021\/08\/Amazonas-Principales-motores-de-la-deforestacion-en-la-region-Amazonica-de-Col-InSightCrime-Mapa-Mayo-2021.jpg?resize=1300%2C1563&#038;quality=100&#038;ssl=1\" alt=\"\" class=\"wp-image-166636\" style=\"width:852px;height:1024px\" srcset=\"https:\/\/i0.wp.com\/insightcrime.org\/wp-content\/uploads\/2021\/08\/Amazonas-Principales-motores-de-la-deforestacion-en-la-region-Amazonica-de-Col-InSightCrime-Mapa-Mayo-2021.jpg?w=1300&amp;quality=100&amp;ssl=1 1300w, https:\/\/i0.wp.com\/insightcrime.org\/wp-content\/uploads\/2021\/08\/Amazonas-Principales-motores-de-la-deforestacion-en-la-region-Amazonica-de-Col-InSightCrime-Mapa-Mayo-2021.jpg?resize=250%2C300&amp;quality=100&amp;ssl=1 250w, https:\/\/i0.wp.com\/insightcrime.org\/wp-content\/uploads\/2021\/08\/Amazonas-Principales-motores-de-la-deforestacion-en-la-region-Amazonica-de-Col-InSightCrime-Mapa-Mayo-2021.jpg?resize=852%2C1024&amp;quality=100&amp;ssl=1 852w, https:\/\/i0.wp.com\/insightcrime.org\/wp-content\/uploads\/2021\/08\/Amazonas-Principales-motores-de-la-deforestacion-en-la-region-Amazonica-de-Col-InSightCrime-Mapa-Mayo-2021.jpg?resize=768%2C923&amp;quality=100&amp;ssl=1 768w, https:\/\/i0.wp.com\/insightcrime.org\/wp-content\/uploads\/2021\/08\/Amazonas-Principales-motores-de-la-deforestacion-en-la-region-Amazonica-de-Col-InSightCrime-Mapa-Mayo-2021.jpg?resize=1278%2C1536&amp;quality=100&amp;ssl=1 1278w, https:\/\/i0.wp.com\/insightcrime.org\/wp-content\/uploads\/2021\/08\/Amazonas-Principales-motores-de-la-deforestacion-en-la-region-Amazonica-de-Col-InSightCrime-Mapa-Mayo-2021.jpg?w=370&amp;quality=100&amp;ssl=1 370w, https:\/\/i0.wp.com\/insightcrime.org\/wp-content\/uploads\/2021\/08\/Amazonas-Principales-motores-de-la-deforestacion-en-la-region-Amazonica-de-Col-InSightCrime-Mapa-Mayo-2021.jpg?w=400&amp;quality=100&amp;ssl=1 400w\" sizes=\"auto, (max-width: 1000px) 100vw, 1000px\" \/><\/figure>\n\n\n\n<h2 class=\"wp-block-heading\" id=\"h-apropiacion-de-tierras\">Apropiaci\u00f3n de tierras<\/h2>\n\n\n\n<p class=\"wp-block-paragraph\">La apropiaci\u00f3n de tierras consiste en <a href=\"https:\/\/www.semillas.org.co\/es\/acaparamiento-de-tierras-fen\" target=\"_blank\" rel=\"noreferrer noopener\">la compra o arrendamiento de grandes \u00e1reas de tierra<\/a> por parte de entidades, como gobiernos o corporaciones, a menudo para <a href=\"https:\/\/www.globalagriculture.org\/report-topics\/land-grabbing.html\" target=\"_blank\" rel=\"noreferrer noopener\">facilitar la producci\u00f3n de alimentos<\/a>. Si bien en algunos casos esta actividad se vale de vac\u00edos legales, suele ser de car\u00e1cter ilegal. <\/p>\n\n\n\n<p class=\"wp-block-paragraph\">En la Amazon\u00eda colombiana, la apropiaci\u00f3n de tierras afecta principalmente <a href=\"https:\/\/www.agenciadetierras.gov.co\/wp-content\/uploads\/2018\/08\/ACUERDO-58-BALDIOS-INADJUDICABLES.pdf\" target=\"_blank\" rel=\"noreferrer noopener\">territorios que son propiedad inalienable del Estado<\/a> (reservas forestales, parques nacionales, reservas ind\u00edgenas), que no pueden ser apropiados legalmente. Los departamentos de Meta, Guaviare y Caquet\u00e1 han sido los m\u00e1s afectados por esta actividad, con continuos casos de usurpaci\u00f3n en el Parque Nacional Natural Tinigua, las sabanas del Yar\u00ed y la Reserva Natural Nacional Nukak.<\/p>\n\n\n\n<p class=\"wp-block-paragraph\">La actividad se desarrolla mediante tres etapas: desbroce, ocupaci\u00f3n y comercializaci\u00f3n. <\/p>\n\n\n\n<p class=\"wp-block-paragraph\">La etapa de desbroce generalmente comienza una vez se ha abierto una carretera en un lugar estrat\u00e9gico, como <a href=\"https:\/\/fcds.org.co\/publicaciones\/vuelven-a-abrir-via-entre-calamar-y-miraflores-epicentro-de-la-deforestacion-en-guaviare\/\" target=\"_blank\" rel=\"noreferrer noopener\">la v\u00eda ilegal de 138 kil\u00f3metros que conecta los municipios de Calamar y Miraflores<\/a>, en Guaviare. Los habitantes de la regi\u00f3n cortan y queman la flora en determinada \u00e1rea protegida cercana. A menudo, se utilizan varias motosierras de manera simult\u00e1nea para despejar parcelas de selva Amaz\u00f3nica.<\/p>\n\n\n\n<blockquote class=\"wp-block-quote is-layout-flow wp-block-quote-is-layout-flow\">\n<p class=\"wp-block-paragraph\"><strong><span style=\"color:#b40026\" class=\"has-inline-color\">VEA TAMBI\u00c9N:<\/span><\/strong> <a href=\"https:\/\/es.insightcrime.org\/noticias\/razones-deforestacion-colombia-incremento\/\" target=\"_blank\" rel=\"noreferrer noopener\">5 razones por las que la deforestaci\u00f3n en Colombia ha incrementado<\/a><\/p>\n<\/blockquote>\n\n\n\n<p class=\"wp-block-paragraph\">Luego, las tierras reclamadas ilegalmente <a href=\"https:\/\/fcds.org.co\/wp-content\/uploads\/2019\/06\/libro-areas-protegidas-amazonicas.pdf\" target=\"_blank\" rel=\"noreferrer noopener\">son ocupadas<\/a>, o bien se establecen actividades productivas en ellas. Se levantan casas en parques nacionales como el Tinigua, se comienza a criar ganado en las reservas ind\u00edgenas y se cultiva palma africana en reservas forestales protegidas para <a href=\"https:\/\/www.elespectador.com\/colombia2020\/territorio\/petroleo-terratenientes-y-colonos-la-disputa-por-la-tierra-en-la-macarena-articulo-906409\/\" target=\"_blank\" rel=\"noreferrer noopener\">demostrar que la tierra est\u00e1 siendo \u201cocupada\u201d.<\/a> Tambi\u00e9n se acostumbra <a href=\"https:\/\/news.mongabay.com\/2020\/12\/palm-oil-coca-and-gangs-close-in-on-colombias-indigenous-nukak-maku\/\" target=\"_blank\" rel=\"noreferrer noopener\">sembrar coca<\/a> en el territorio, como ha sido el caso de la Reserva Ind\u00edgena Nukak Mak\u00fa. <\/p>\n\n\n\n<p class=\"wp-block-paragraph\">Una vez se demuestra que la tierra ha sido trabajada durante cierto tiempo, <a href=\"https:\/\/www.dejusticia.org\/column\/un-plan-para-legalizar-la-apropiacion-de-baldios\/\" target=\"_blank\" rel=\"noreferrer noopener\">se reclama la propiedad<\/a> sobre la tierra. Al legalizarse un reclamo inicialmente il\u00edcito, la tierra <a href=\"https:\/\/fcds.org.co\/la-colombia-amazonica-al-desnudo\/\" target=\"_blank\" rel=\"noreferrer noopener\">se vende<\/a> en gran parte de los casos.<\/p>\n\n\n\n<h2 class=\"wp-block-heading\" id=\"h-cultivos-ilicitos\">Cultivos il\u00edcitos<\/h2>\n\n\n\n<p class=\"wp-block-paragraph\">Por otro lado, los cultivos il\u00edcitos en los departamentos de Vichada, Putumayo, Guaviare y Caquet\u00e1 abastecen los canales internacionales de distribuci\u00f3n de coca\u00edna. La siembra y el procesamiento de dichos cultivos tienen un impacto ambiental perjudicial en toda la regi\u00f3n, dado que los precursores qu\u00edmicos utilizados para procesar las drogas contaminan los r\u00edos y se est\u00e1n despejando zonas boscosas para dar paso a las plantaciones de coca. <\/p>\n\n\n\n<p class=\"wp-block-paragraph\">Los bosques de las tierras protegidas est\u00e1n siendo talados y quemados por la poblaci\u00f3n local, que es empleada por grupos ilegales para abrir campos de cultivo. Los disidentes de las antiguas FARC liderados por <a href=\"https:\/\/es.insightcrime.org\/noticias-crimen-organizado-colombia\/miguel-botache-santillana-alias-gentil-duarte\/\" target=\"_blank\" rel=\"noreferrer noopener\">Miguel Botache Santillana, alias \u201cGentil Duarte\u201d,<\/a> al parecer <a href=\"https:\/\/sostenibilidad.semana.com\/impacto\/articulo\/mafias-pagan-5-millones-de-pesos-por-hectarea-deforestada-en-el-meta\/52683\" target=\"_blank\" rel=\"noreferrer noopener\">han estado pagando hasta cinco millones de pesos<\/a> (poco m\u00e1s de US$1.400) por hect\u00e1rea a las familias radicadas en el Parque Nacional Tinigua para que allanen terrenos para el cultivo de coca. Y luego les ordenan a los pobladores locales <a href=\"https:\/\/www.semana.com\/impacto\/articulo\/mafias-pagan-5-millones-de-pesos-por-hectarea-deforestada-en-el-meta\/52683\/\" target=\"_blank\" rel=\"noreferrer noopener\">que siembren coca<\/a>, como ha ocurrido en Tinigua.<\/p>\n\n\n\n<p class=\"wp-block-paragraph\">Cuando se cosechan las hojas de coca, se transportan a laboratorios de procesamiento rudimentarios desperdigados por toda la Amazon\u00eda colombiana. Estas instalaciones son conocidas como \u201ccocinas\u201d; all\u00ed la hoja de coca se convierte en pasta base de coca, la materia prima para la producci\u00f3n de coca\u00edna. En 2020, las autoridades del departamento de Caquet\u00e1 <a href=\"http:\/\/www.odc.gov.co\/sidco\/oferta\/infraestructura-laboratorios-drogas\" target=\"_blank\" rel=\"noreferrer noopener\">interceptaron 267 laboratorios<\/a> de este tipo. En esos sitios suelen incautarse productos qu\u00edmicos t\u00f3xicos, como <a href=\"https:\/\/www.policia.gov.co\/noticia\/cauca-y-caqueta-destruimos-63-laboratorios-rusticos-procesamiento-base-cocaina\" target=\"_blank\" rel=\"noreferrer noopener\">gasolina y \u00e1cido sulf\u00farico<\/a>, utilizados para el procesamiento de la droga.<\/p>\n\n\n\n<h2 class=\"wp-block-heading\" id=\"h-la-tala-ilegal\">La tala ilegal<\/h2>\n\n\n\n<p class=\"wp-block-paragraph\">Al igual que el cultivo de coca y la apropiaci\u00f3n de tierras, la tala ilegal <a href=\"https:\/\/www.undp.org\/content\/dam\/rblac\/docs\/Researchpor%20ciento20andpor%20ciento20Publications\/Repository\/Colombia\/UNDP-RBLAC-MapeoActoresEstrategiaREDD+CO.pdf\" target=\"_blank\" rel=\"noreferrer noopener\">ocurre de manera descontrolada<\/a> en las \u00e1reas protegidas. Los taladores saquean extensiones de bosque en territorios ind\u00edgenas, parques nacionales y asociaciones campesinas en los departamentos de Putumayo, Amazonas y Caquet\u00e1. <\/p>\n\n\n\n<p class=\"wp-block-paragraph\">Van <a href=\"https:\/\/content.eia-global.org\/posts\/documents\/000\/000\/894\/original\/Condenando_el_Bosque.pdf?1561565558\" target=\"_blank\" rel=\"noreferrer noopener\">tras todo tipo de \u00e1rboles<\/a>, desde maderas blandas de baja calidad, como el palo de vaca (Couma macrocarpa) y el carbonero (Licania spp) hasta especies de color oscuro escasas y lucrativas, como el cedro (Cedrus) y el achapo blanco (Cedrelingacateniformis).<\/p>\n\n\n\n<p class=\"wp-block-paragraph\">Estas actividades representan <a href=\"https:\/\/content.eia-global.org\/posts\/documents\/000\/000\/894\/original\/Condenando_el_Bosque.pdf?1561565558\" target=\"_blank\" rel=\"noreferrer noopener\">el 10 por ciento de la deforestaci\u00f3n<\/a> general en Colombia, contribuyen a la p\u00e9rdida de biodiversidad y son el principal causante de degradaci\u00f3n forestal, cuyo efecto es <a href=\"https:\/\/content.eia-global.org\/posts\/documents\/000\/000\/894\/original\/Condenando_el_Bosque.pdf?1561565558\" target=\"_blank\" rel=\"noreferrer noopener\">cada vez m\u00e1s visible<\/a> en la regi\u00f3n Amaz\u00f3nica.<\/p>\n\n\n\n<p class=\"wp-block-paragraph\">Se desarrolla en tres etapas: extracci\u00f3n, transporte y transformaci\u00f3n. En primer lugar, los miembros de las comunidades locales talan \u00e1rboles, sobre todo en los bosques ubicados en los departamentos de Amazonas y Putumayo. <\/p>\n\n\n\n<p class=\"wp-block-paragraph\">Esta actividad se realiza en el punto de confluencia de los r\u00edos Putumayo y Cotuh\u00e9 en Amazonas; en el municipio de Puerto Nari\u00f1o, ubicado en la ribera norte del r\u00edo Amazonas, y en el municipio de Puerto Alegr\u00eda, oeste de Amazonas. Tambi\u00e9n se ha detectado tala ilegal en zonas fronterizas del departamento, incluso en el municipio de Tarapac\u00e1, sureste de Amazonas, cerca de la frontera entre Colombia y Brasil, y en la ciudad de Leticia, en la triple frontera de Colombia, Brasil y Per\u00fa. Algunas \u00e1reas protegidas, como el Parque Nacional Natural Amacayacu en el sureste de Amazonas, tambi\u00e9n han sido utilizadas como puntos de extracci\u00f3n.<\/p>\n\n\n\n<p class=\"wp-block-paragraph\">En Putumayo, la tala ilegal <a href=\"https:\/\/www.unredd.net\/documents\/un-redd-partner-countries-181\/latin-america-the-caribbean-334\/colombia-706\/16769-causas-de-degradacion-forestal-en-colombia-una-primera-aproximacion.html\" target=\"_blank\" rel=\"noreferrer noopener\">ha afectado a varios sitios<\/a> a lo largo del r\u00edo Putumayo. Estos sitios se encuentran en la ciudad de Puerto As\u00eds, ubicada en la margen oeste del r\u00edo, en el suroeste del Putumayo; en el municipio de Puerto Caicedo, y en el municipio de Puerto Legu\u00edzamo, en su margen norte, cerca de la frontera sur del departamento con Per\u00fa. La actividad tambi\u00e9n ha afectado el municipio de Orito, al norte de la frontera entre Colombia y Ecuador, y el municipio de Villagarz\u00f3n, en el noroeste de Putumayo.<\/p>\n\n\n\n<figure class=\"wp-block-image size-large is-resized\"><img data-recalc-dims=\"1\" loading=\"lazy\" decoding=\"async\" width=\"1300\" height=\"1268\" src=\"https:\/\/i0.wp.com\/insightcrime.org\/wp-content\/uploads\/2021\/08\/Amazonas-Tala-ilegal-Region-Amazonica-Colombia-InSight-Crime-Map-May-2021.jpg?resize=1300%2C1268&#038;quality=100&#038;ssl=1\" alt=\"\" class=\"wp-image-166639\" style=\"width:1024px;height:999px\" srcset=\"https:\/\/i0.wp.com\/insightcrime.org\/wp-content\/uploads\/2021\/08\/Amazonas-Tala-ilegal-Region-Amazonica-Colombia-InSight-Crime-Map-May-2021.jpg?w=1300&amp;quality=100&amp;ssl=1 1300w, https:\/\/i0.wp.com\/insightcrime.org\/wp-content\/uploads\/2021\/08\/Amazonas-Tala-ilegal-Region-Amazonica-Colombia-InSight-Crime-Map-May-2021.jpg?resize=300%2C293&amp;quality=100&amp;ssl=1 300w, https:\/\/i0.wp.com\/insightcrime.org\/wp-content\/uploads\/2021\/08\/Amazonas-Tala-ilegal-Region-Amazonica-Colombia-InSight-Crime-Map-May-2021.jpg?resize=1024%2C999&amp;quality=100&amp;ssl=1 1024w, https:\/\/i0.wp.com\/insightcrime.org\/wp-content\/uploads\/2021\/08\/Amazonas-Tala-ilegal-Region-Amazonica-Colombia-InSight-Crime-Map-May-2021.jpg?resize=768%2C749&amp;quality=100&amp;ssl=1 768w, https:\/\/i0.wp.com\/insightcrime.org\/wp-content\/uploads\/2021\/08\/Amazonas-Tala-ilegal-Region-Amazonica-Colombia-InSight-Crime-Map-May-2021.jpg?w=370&amp;quality=100&amp;ssl=1 370w, https:\/\/i0.wp.com\/insightcrime.org\/wp-content\/uploads\/2021\/08\/Amazonas-Tala-ilegal-Region-Amazonica-Colombia-InSight-Crime-Map-May-2021.jpg?w=400&amp;quality=100&amp;ssl=1 400w\" sizes=\"auto, (max-width: 1000px) 100vw, 1000px\" \/><\/figure>\n\n\n\n<p class=\"wp-block-paragraph\">Unas 186 especies de madera extra\u00eddas de la Amazon\u00eda colombiana se venden tanto legal como ilegalmente. Sin embargo, <a href=\"https:\/\/content.eia-global.org\/posts\/documents\/000\/000\/894\/original\/Condenando_el_Bosque.pdf?1561565558\" target=\"_blank\" rel=\"noreferrer noopener\">nueve especies codiciadas<\/a> representan la mitad de toda la madera comercializada, cuando se mide en t\u00e9rminos de volumen. <\/p>\n\n\n\n<p class=\"wp-block-paragraph\">Los tres principales tipos de madera comercializada son la de tornillo o \u201cachapo blanco\u201d (Cedrelina catenaeformis), virola o \u201csangre de toro\u201d (Virola sebifera) y palo de vaca o \u201cperillo\u201d (Couma macrocarpa).<\/p>\n\n\n\n<figure class=\"wp-block-image size-large is-resized\"><img data-recalc-dims=\"1\" loading=\"lazy\" decoding=\"async\" width=\"1300\" height=\"1232\" src=\"https:\/\/i0.wp.com\/insightcrime.org\/wp-content\/uploads\/2021\/08\/Amazonas-Principales-especies-de-madera-extraidas-en-Amazonas-InSight-Crime-May-2021.jpg?resize=1300%2C1232&#038;quality=100&#038;ssl=1\" alt=\"\" class=\"wp-image-166642\" style=\"width:1024px;height:970px\" srcset=\"https:\/\/i0.wp.com\/insightcrime.org\/wp-content\/uploads\/2021\/08\/Amazonas-Principales-especies-de-madera-extraidas-en-Amazonas-InSight-Crime-May-2021.jpg?w=1300&amp;quality=100&amp;ssl=1 1300w, https:\/\/i0.wp.com\/insightcrime.org\/wp-content\/uploads\/2021\/08\/Amazonas-Principales-especies-de-madera-extraidas-en-Amazonas-InSight-Crime-May-2021.jpg?resize=300%2C284&amp;quality=100&amp;ssl=1 300w, https:\/\/i0.wp.com\/insightcrime.org\/wp-content\/uploads\/2021\/08\/Amazonas-Principales-especies-de-madera-extraidas-en-Amazonas-InSight-Crime-May-2021.jpg?resize=1024%2C970&amp;quality=100&amp;ssl=1 1024w, https:\/\/i0.wp.com\/insightcrime.org\/wp-content\/uploads\/2021\/08\/Amazonas-Principales-especies-de-madera-extraidas-en-Amazonas-InSight-Crime-May-2021.jpg?resize=768%2C728&amp;quality=100&amp;ssl=1 768w, https:\/\/i0.wp.com\/insightcrime.org\/wp-content\/uploads\/2021\/08\/Amazonas-Principales-especies-de-madera-extraidas-en-Amazonas-InSight-Crime-May-2021.jpg?w=370&amp;quality=100&amp;ssl=1 370w, https:\/\/i0.wp.com\/insightcrime.org\/wp-content\/uploads\/2021\/08\/Amazonas-Principales-especies-de-madera-extraidas-en-Amazonas-InSight-Crime-May-2021.jpg?w=400&amp;quality=100&amp;ssl=1 400w\" sizes=\"auto, (max-width: 1000px) 100vw, 1000px\" \/><\/figure>\n\n\n\n<p class=\"wp-block-paragraph\">Con el amparo de salvoconductos, se lleva la madera a centros de recolecci\u00f3n en la regi\u00f3n Amaz\u00f3nica primero, y luego a las ciudades m\u00e1s grandes de Colombia, viajando bien sea por tierra o a bordo de embarcaciones a lo largo de los r\u00edos Amazonas y Putumayo. <\/p>\n\n\n\n<p class=\"wp-block-paragraph\">Finalmente, <a href=\"http:\/\/d2ouvy59p0dg6k.cloudfront.net\/downloads\/ilegalidadmadera_m3_b18_c5_web.pdf\" target=\"_blank\" rel=\"noreferrer noopener\">se env\u00eda la madera a aserraderos primarios<\/a> y a plantas de transformaci\u00f3n secundarias, donde se ocultan sus or\u00edgenes ilegales en la Amazon\u00eda. En los aserraderos primarios, se corta la madera en tablas, vigas y tablones, y en las plantas de procesamiento secundarias se procesa hasta convertirla en un producto final, como mesas sillas, listas para su venta legal. <\/p>\n\n\n\n<p class=\"wp-block-paragraph\">\u201cCuando la madera entra a los aserraderos, es pr\u00e1cticamente imposible determinar su origen ilegal\u201d, afirma Rub\u00e9n Dar\u00edo Moreno, experto forestal de la Corporaci\u00f3n Aut\u00f3noma Regional para el Desarrollo Sostenible del departamento de Risaralda, organismo p\u00fablico encargado de gestionar el uso de los recursos naturales, incluida la madera. \u201cA partir de ese momento, la madera de origen ilegal se considera madera legal\u00bb.<\/p>\n\n\n\n<p class=\"wp-block-paragraph\">La madera procedente ilegalmente de la Amazon\u00eda colombiana llega a los mercados legales nacionales e internacionales, donde se utiliza en construcci\u00f3n o se vende en forma de muebles. Las especies de alta gama son <a href=\"http:\/\/d2ouvy59p0dg6k.cloudfront.net\/downloads\/maderas_de_colombia_15_version_aprobada.pdf\" target=\"_blank\" rel=\"noreferrer noopener\">particularmente apetecidas<\/a>, ya que son m\u00e1s duraderas y resistentes a los ataques de hongos e insectos.<\/p>\n\n\n\n<p class=\"wp-block-paragraph\"><a href=\"http:\/\/d2ouvy59p0dg6k.cloudfront.net\/downloads\/ilegalidadmadera_m3_b18_c5_web.pdf\" target=\"_blank\" rel=\"noreferrer noopener\">M\u00e1s del 90 por ciento<\/a> de la madera procedente de Colombia se utiliza a nivel nacional, aunque un peque\u00f1o porcentaje abastece a los mercados internacionales. En tales casos, la madera es <a href=\"http:\/\/d2ouvy59p0dg6k.cloudfront.net\/downloads\/ilegalidadmadera_m3_b18_c5_web.pdf\" target=\"_blank\" rel=\"noreferrer noopener\">llevada a puertos<\/a> como Buenaventura en la costa del Pac\u00edfico. De all\u00ed <a href=\"https:\/\/secureservercdn.net\/45.40.149.159\/34n.8bd.myftpupload.com\/wp-content\/uploads\/2021\/04\/INFORME-ESPAN%CC%83OL-FINAL.pdf?time=1623079221\" target=\"_blank\" rel=\"noreferrer noopener\">se transporta a Estados Unidos, India y China<\/a>, que es <a href=\"https:\/\/eia-global.org\/subinitiatives\/china-forest\/\" target=\"_blank\" rel=\"noreferrer noopener\">el mayor importador<\/a> de madera del mundo.<\/p>\n\n\n\n<p class=\"wp-block-paragraph\">Los <a href=\"http:\/\/d2ouvy59p0dg6k.cloudfront.net\/downloads\/ilegalidadmadera_m3_b18_c5_web.pdf\" target=\"_blank\" rel=\"noreferrer noopener\">principales productos de madera<\/a> que se exportan del pa\u00eds son tablones y madera tropical aserrada. Esto ocurre a pesar de las regulaciones nacionales que proh\u00edben la exportaci\u00f3n de madera que no haya pasado por plantas de procesamiento secundarias.<\/p>\n\n\n\n<h2 class=\"wp-block-heading\" id=\"h-ocultos-tras-las-sombras-los-actores-que-promueven-la-deforestacion\">\u00bfOcultos tras las sombras? Los actores que promueven la deforestaci\u00f3n<\/h2>\n\n\n\n<p class=\"wp-block-paragraph\">En cada etapa, los delitos ambientales como la apropiaci\u00f3n de tierras, el cultivo de coca y la tala ilegal cuentan con la participaci\u00f3n de varios actores. Est\u00e1n involucrados diversos grupos e individuos que tienen motivos variados, desde agricultores locales que talan \u00e1rboles en el patio de sus vecinos, hasta gobernadores ricos que financian la tala de bosques en los parques nacionales. <\/p>\n\n\n\n<p class=\"wp-block-paragraph\">No todos los delitos ambientales que promueven la deforestaci\u00f3n en la Amazon\u00eda colombiana son perpetrados por grupos criminales organizados. No obstante, es innegable que el crimen organizado es el promotor de dicha actividad. <\/p>\n\n\n\n<p class=\"wp-block-paragraph\">Los actores involucrados pueden dividirse en cuatro categor\u00edas principales: redes criminales y emprendedores; GANEs, mano de obra y facilitadores\/actores legales.<\/p>\n\n\n\n<figure class=\"wp-block-image size-large is-resized\"><img data-recalc-dims=\"1\" loading=\"lazy\" decoding=\"async\" width=\"1300\" height=\"1238\" src=\"https:\/\/i0.wp.com\/insightcrime.org\/wp-content\/uploads\/2021\/08\/Amazonas-Actores-impulsores-de-la-Deforestacion-Amazonia-de-Colombia-InSight-Crime-May-2021.jpg?resize=1300%2C1238&#038;quality=100&#038;ssl=1\" alt=\"\" class=\"wp-image-166569\" style=\"width:1024px;height:975px\" srcset=\"https:\/\/i0.wp.com\/insightcrime.org\/wp-content\/uploads\/2021\/08\/Amazonas-Actores-impulsores-de-la-Deforestacion-Amazonia-de-Colombia-InSight-Crime-May-2021.jpg?w=1300&amp;quality=100&amp;ssl=1 1300w, https:\/\/i0.wp.com\/insightcrime.org\/wp-content\/uploads\/2021\/08\/Amazonas-Actores-impulsores-de-la-Deforestacion-Amazonia-de-Colombia-InSight-Crime-May-2021.jpg?resize=300%2C286&amp;quality=100&amp;ssl=1 300w, https:\/\/i0.wp.com\/insightcrime.org\/wp-content\/uploads\/2021\/08\/Amazonas-Actores-impulsores-de-la-Deforestacion-Amazonia-de-Colombia-InSight-Crime-May-2021.jpg?resize=1024%2C975&amp;quality=100&amp;ssl=1 1024w, https:\/\/i0.wp.com\/insightcrime.org\/wp-content\/uploads\/2021\/08\/Amazonas-Actores-impulsores-de-la-Deforestacion-Amazonia-de-Colombia-InSight-Crime-May-2021.jpg?resize=768%2C731&amp;quality=100&amp;ssl=1 768w, https:\/\/i0.wp.com\/insightcrime.org\/wp-content\/uploads\/2021\/08\/Amazonas-Actores-impulsores-de-la-Deforestacion-Amazonia-de-Colombia-InSight-Crime-May-2021.jpg?w=370&amp;quality=100&amp;ssl=1 370w, https:\/\/i0.wp.com\/insightcrime.org\/wp-content\/uploads\/2021\/08\/Amazonas-Actores-impulsores-de-la-Deforestacion-Amazonia-de-Colombia-InSight-Crime-May-2021.jpg?w=400&amp;quality=100&amp;ssl=1 400w\" sizes=\"auto, (max-width: 1000px) 100vw, 1000px\" \/><\/figure>\n\n\n\n<h2 class=\"wp-block-heading\" id=\"h-redes-criminales-y-emprendedores\">Redes criminales y emprendedores <\/h2>\n\n\n\n<p class=\"wp-block-paragraph\">Las redes criminales y emprendedores suelen ubicarse en la parte superior de la cadena, financiando y orquestando la tala ilegal y la apropiaci\u00f3n de tierras de principio a fin. Ejercen la mayor influencia y poder econ\u00f3mico en determinadas actividades y a menudo act\u00faan desde las sombras como \u201cinvisibles\u00bb.<\/p>\n\n\n\n<p class=\"wp-block-paragraph\">Estos actores suelen formar redes poco cohesionadas dedicadas a actividades criminales. Quiz\u00e1 no ejercen control sobre el territorio y no se les reconoce necesariamente como una estructura criminal con nombre propio. Las figuras en la parte superior de estas redes financian y orquestan la operaci\u00f3n de determinada actividad delictiva en sus diferentes etapas.<\/p>\n\n\n\n<p class=\"wp-block-paragraph\">La apropiaci\u00f3n de tierras en \u00e1reas protegidas de la regi\u00f3n Amaz\u00f3nica colombiana es financiada y orquestada principalmente <a href=\"https:\/\/www.earthsight.org.uk\/news\/idm\/colombia-land-grabbing-governor-guaviare-palm-oil-illegal-deforestation\" target=\"_blank\" rel=\"noreferrer noopener\">por empresarios criminales invisibles<\/a> llamados \u201capropiadores\u00bb.<\/p>\n\n\n\n<p class=\"wp-block-paragraph\">En algunos casos, alcaldes, gobernadores y funcionarios del gobierno asumen este rol. En 2019, el exgobernador de Guaviare Nebio Echeverry Cadavid, un gran terrateniente y otros dos \u201cempresarios\u201d <a href=\"https:\/\/www.earthsight.org.uk\/news\/idm\/colombia-land-grabbing-governor-guaviare-palm-oil-illegal-deforestation\" target=\"_blank\" rel=\"noreferrer noopener\">fueron acusados de apropiaci\u00f3n de tierras en el departamento<\/a>, supuestamente presionando a familias campesinas para que vendieran sus tierras, para luego usar esos terrenos para el cultivo de aceite de palma. <\/p>\n\n\n\n<p class=\"wp-block-paragraph\">Estos actores <a href=\"https:\/\/cerosetenta.uniandes.edu.co\/guaviare-campesinos-liga\/\" target=\"_blank\" rel=\"noreferrer noopener\">suelen ser \u00e9lites econ\u00f3micas o pol\u00edticas<\/a> del nivel nacional, regional o local que est\u00e1n al frente de la apropiaci\u00f3n de tierras en \u00e1reas urbanas como Bogot\u00e1, Bucaramanga y Arauca. Emplean a una variedad de actores ubicados cerca de los terrenos que quieren apropiarse en los departamentos de la Amazon\u00eda colombiana.<\/p>\n\n\n\n<p class=\"wp-block-paragraph\">Los apropiadores <a href=\"https:\/\/www.elespectador.com\/colombia-20\/conflicto\/petroleo-terratenientes-y-colonos-la-disputa-por-la-tierra-en-la-macarena-article\/\" target=\"_blank\" rel=\"noreferrer noopener\">reciben la colaboraci\u00f3n<\/a> de otro tipo de empresarios, incluidos proveedores y terratenientes intermediarios, que facilitan el desbroce y la ocupaci\u00f3n ilegal de territorios protegidos. <\/p>\n\n\n\n<p class=\"wp-block-paragraph\">Los proveedores proporcionan motosierras y otras herramientas necesarias para talar y ocupar franjas de bosque amaz\u00f3nico. Tambi\u00e9n proporcionan el ganado que se utiliza para ocupar la tierra. <\/p>\n\n\n\n<p class=\"wp-block-paragraph\">Los terratenientes intermediarios son empleados por apropiadores, as\u00ed como por grupos armados no estatales, para ocupar tierras que son reclamadas ilegalmente, cuidar el ganado y sembrar cultivos en el territorio. <\/p>\n\n\n\n<p class=\"wp-block-paragraph\">Por otro lado, <a href=\"https:\/\/content.eia-global.org\/posts\/documents\/000\/000\/894\/original\/Condenando_el_Bosque.pdf?1561565558\" target=\"_blank\" rel=\"noreferrer noopener\">los intermediarios locales<\/a>, conocidos en las comunidades de la Amazon\u00eda colombiana como \u201cpatrones \u201co \u201cgasteros\u201d, orquestan la tala ilegal. Esos actores financian la actividad il\u00edcita y facilitan la venta de madera.<\/p>\n\n\n\n<p class=\"wp-block-paragraph\">Para <a href=\"https:\/\/content.eia-global.org\/posts\/documents\/000\/000\/894\/original\/Condenando_el_Bosque.pdf?1561565558\" target=\"_blank\" rel=\"noreferrer noopener\">blanquear la madera<\/a> de origen il\u00edcito, los patrones obtienen permisos forestales emitidos por las corporaciones aut\u00f3nomas regionales para el desarrollo sostenible (<a href=\"https:\/\/www.minambiente.gov.co\/index.php\/noticias\/2067\" target=\"_blank\" rel=\"noreferrer noopener\">CAR<\/a>), que son supervisadas por Minambiente. Las CAR son organismos p\u00fablicos regionales, <a href=\"https:\/\/www.minambiente.gov.co\/index.php\/noticias\/2067\" target=\"_blank\" rel=\"noreferrer noopener\">responsables de administrar el uso de los recursos naturales<\/a> en su \u00e1rea de jurisdicci\u00f3n y promover el desarrollo sostenible en todo el pa\u00eds. La Corporaci\u00f3n para el Desarrollo Sostenible del Sur de la Amazon\u00eda (Corpoamazonia) se encarga de llevar a cabo estas funciones en la regi\u00f3n Amaz\u00f3nica.<\/p>\n\n\n\n<p class=\"wp-block-paragraph\">El uso de la documentaci\u00f3n \u201cadecuada\u201d, incluso si contiene informaci\u00f3n falsa, es la clave para blanquear la madera de origen ilegal. \u201cLos funcionarios de la CAR les venden planes de manejo (forestal) a los patrones. Estos planes son necesarios para talar la madera\u201d, dice un experto en temas forestales. \u201cLos patrones tambi\u00e9n usan planes de manejo forestal clonados o descargan planes de otros pa\u00edses por internet\u201d.<\/p>\n\n\n\n<p class=\"wp-block-paragraph\">Ren\u00e9 L\u00f3pez Camacho, experto en temas forestales y profesor de la Universidad Distrital Francisco Jos\u00e9 de Caldas, explica c\u00f3mo trabajan los patrones m\u00e1s all\u00e1 de los l\u00edmites de los permisos forestales obtenidos legalmente: les ordenan a otras personas que extraigan especies codiciadas no reconocidas en la documentaci\u00f3n, en zonas que est\u00e1n fuera de los l\u00edmites de los madereros y en cantidades muy superiores a las permitidas.<\/p>\n\n\n\n<blockquote class=\"wp-block-quote is-layout-flow wp-block-quote-is-layout-flow\">\n<p class=\"wp-block-paragraph\"><strong><span style=\"color:#b40026\" class=\"has-inline-color\">VEA TAMBI\u00c9N:<\/span><\/strong> <a href=\"https:\/\/es.insightcrime.org\/investigaciones\/reguladores-colombianos-madera-ilegal\/\" target=\"_blank\" rel=\"noreferrer noopener\">C\u00f3mo los reguladores colombianos se convirtieron en proveedores de madera ilegal<\/a><\/p>\n<\/blockquote>\n\n\n\n<p class=\"wp-block-paragraph\">Seg\u00fan Rub\u00e9n Moreno, \u201ccomo no existen mecanismos para rastrear la madera, los patrones violan f\u00e1cilmente las restricciones establecidas por los permisos\u201d. De esa manera, logran ocultar el origen il\u00edcito de la madera desde el momento en que es cortada. <\/p>\n\n\n\n<p class=\"wp-block-paragraph\">Despu\u00e9s de \u201clavar\u201d la madera talada il\u00edcitamente, los patrones se la venden a mayoristas ubicados en centros de distribuci\u00f3n y procesamiento en la Amazon\u00eda, como el municipio de Puerto As\u00eds, al sur de Putumayo, y en ciudades grandes como Bogot\u00e1, Cali y Medell\u00edn. Los patrones <a href=\"https:\/\/content.eia-global.org\/posts\/documents\/000\/000\/894\/original\/Condenando_el_Bosque.pdf?1561565558\" target=\"_blank\" rel=\"noreferrer noopener\">gestionan el tr\u00e1fico de madera en cada etapa<\/a>, lo que los convierte en los actores m\u00e1s importantes e influyentes en este comercio. <\/p>\n\n\n\n<p class=\"wp-block-paragraph\">Adem\u00e1s de los patrones existen otros actores, empresarios intermediarios que coordinan principalmente los env\u00edos y las ventas de madera a trav\u00e9s de redes sociales como WhatsApp. \u201cAlgunas transacciones de madera se manejan a trav\u00e9s de esta aplicaci\u00f3n\u201d, afirma C\u00e9sar Rey, experto en el sector forestal de Colombia. \u201cUn cliente le escribe al intermediario que necesita cierta cantidad de madera de tornillo, por ejemplo, y dicho intermediario se encarga de buscarla por toda la regi\u00f3n\u00bb.<\/p>\n\n\n\n<p class=\"wp-block-paragraph\">Luego los intermediarios <a href=\"https:\/\/es.insightcrime.org\/investigaciones\/mafias-madera-bosques-latinoamericanos\/\" target=\"_blank\" rel=\"noreferrer noopener\">supervisan el transporte de la madera ilegal <\/a>procedente de la Amazon\u00eda colombiana. Utilizan permisos de tr\u00e1nsito para transportar la madera a trav\u00e9s de regiones y en vol\u00famenes que no est\u00e1n autorizados por estos permisos. Dentro de los camiones, la madera ilegal se mezcla con madera de origen legal mientras es transportada.<\/p>\n\n\n\n<h2 class=\"wp-block-heading\" id=\"h-grupos-armados-no-estatales-gane\">Grupos armados no estatales (GANE) <\/h2>\n\n\n\n<p class=\"wp-block-paragraph\">En el contexto de los delitos ambientales, los GANE trabajan con redes criminales y con empresarios para supervisar el funcionamiento de las econom\u00edas criminales que promueven la deforestaci\u00f3n en la Amazon\u00eda colombiana. <\/p>\n\n\n\n<p class=\"wp-block-paragraph\">Los GANE est\u00e1n claramente definidos como asociaciones criminales organizadas, tales como milicias y grupos guerrilleros, que se financian principalmente mediante actividades il\u00edcitas. Estos grupos tienen cuatro caracter\u00edsticas definitorias: un nombre conocido, unos mandos definidos, control territorial y miembros identificables. Estos grupos incluyen disidentes de las FARC y descendientes de grupos paramilitares. <\/p>\n\n\n\n<p class=\"wp-block-paragraph\">En cuanto a la Amazon\u00eda colombiana, los GANE est\u00e1n compuestos en gran parte por disidentes de las disueltas FARC que utilizan la violencia y la capacidad militar en su beneficio.<\/p>\n\n\n\n<p class=\"wp-block-paragraph\">Los disidentes de las antiguas FARC de los <a href=\"https:\/\/es.insightcrime.org\/noticias-crimen-organizado-colombia\/disidencia-frente-primero\/\" target=\"_blank\" rel=\"noreferrer noopener\">Frentes 1\u00ba y 7\u00ba<\/a> tienen su base en Guaviare, el sur del Meta y en Caquet\u00e1, y orquestan la apropiaci\u00f3n de tierras en la Amazon\u00eda colombiana. Estos grupos <a href=\"https:\/\/sostenibilidad.semana.com\/impacto\/articulo\/mafias-pagan-5-millones-de-pesos-por-hectarea-deforestada-en-el-meta\/52683\" target=\"_blank\" rel=\"noreferrer noopener\">suelen utilizar violencia y amenazas<\/a> para reclamar y ocupar zonas protegidas y entreg\u00e1rselas a apropiadores ricos, a cambio de un pago.<\/p>\n\n\n\n<figure class=\"wp-block-image size-large is-resized\"><img data-recalc-dims=\"1\" loading=\"lazy\" decoding=\"async\" width=\"1300\" height=\"1268\" src=\"https:\/\/i0.wp.com\/insightcrime.org\/wp-content\/uploads\/2021\/08\/Amazonas-Presencia-Grupos-Armados-No-Estatales-Region-Amazonica-Colombia-InSight-Crime-Map-May-2021.jpg?resize=1300%2C1268&#038;quality=100&#038;ssl=1\" alt=\"\" class=\"wp-image-166621\" style=\"width:1024px;height:999px\" srcset=\"https:\/\/i0.wp.com\/insightcrime.org\/wp-content\/uploads\/2021\/08\/Amazonas-Presencia-Grupos-Armados-No-Estatales-Region-Amazonica-Colombia-InSight-Crime-Map-May-2021.jpg?w=1300&amp;quality=100&amp;ssl=1 1300w, https:\/\/i0.wp.com\/insightcrime.org\/wp-content\/uploads\/2021\/08\/Amazonas-Presencia-Grupos-Armados-No-Estatales-Region-Amazonica-Colombia-InSight-Crime-Map-May-2021.jpg?resize=300%2C293&amp;quality=100&amp;ssl=1 300w, https:\/\/i0.wp.com\/insightcrime.org\/wp-content\/uploads\/2021\/08\/Amazonas-Presencia-Grupos-Armados-No-Estatales-Region-Amazonica-Colombia-InSight-Crime-Map-May-2021.jpg?resize=1024%2C999&amp;quality=100&amp;ssl=1 1024w, https:\/\/i0.wp.com\/insightcrime.org\/wp-content\/uploads\/2021\/08\/Amazonas-Presencia-Grupos-Armados-No-Estatales-Region-Amazonica-Colombia-InSight-Crime-Map-May-2021.jpg?resize=768%2C749&amp;quality=100&amp;ssl=1 768w, https:\/\/i0.wp.com\/insightcrime.org\/wp-content\/uploads\/2021\/08\/Amazonas-Presencia-Grupos-Armados-No-Estatales-Region-Amazonica-Colombia-InSight-Crime-Map-May-2021.jpg?w=370&amp;quality=100&amp;ssl=1 370w, https:\/\/i0.wp.com\/insightcrime.org\/wp-content\/uploads\/2021\/08\/Amazonas-Presencia-Grupos-Armados-No-Estatales-Region-Amazonica-Colombia-InSight-Crime-Map-May-2021.jpg?w=400&amp;quality=100&amp;ssl=1 400w\" sizes=\"auto, (max-width: 1000px) 100vw, 1000px\" \/><\/figure>\n\n\n\n<p class=\"wp-block-paragraph\">Los GANE tambi\u00e9n participan en el cultivo y el procesamiento de coca en la regi\u00f3n: el Frente Acacio Medina y el Frente 16 de las antiguas FARC, liderados por <a href=\"https:\/\/es.insightcrime.org\/noticias-crimen-organizado-colombia\/gener-garcia-molina-alias-jhon-40\/\" target=\"_blank\" rel=\"noreferrer noopener\">G\u00e9ner Garc\u00eda Molina, alias \u201cJohn 40\u201d<\/a> (Vichada); el <a href=\"https:\/\/es.insightcrime.org\/noticias-crimen-organizado-colombia\/disidencia-frente-primero\/\" target=\"_blank\" rel=\"noreferrer noopener\">Frente 1\u00b0 de las disueltas FARC<\/a>, liderado por <a href=\"https:\/\/es.insightcrime.org\/noticias-crimen-organizado-colombia\/nestor-gregorio-vera-fernandez-alias-ivan-mordisco\/\" target=\"_blank\" rel=\"noreferrer noopener\">N\u00e9stor Gregorio Vera Fern\u00e1ndez, alias \u201cIv\u00e1n Mordisco\u201d<\/a>; el Frente 7\u00b0 de las antiguas FARC, liderado por <a href=\"https:\/\/es.insightcrime.org\/noticias-crimen-organizado-colombia\/miguel-botache-santillana-alias-gentil-duarte\/\" target=\"_blank\" rel=\"noreferrer noopener\">Gentil Duarte<\/a> (Guaviare y Caquet\u00e1); el Frente 62 de las antiguas FARC (Caquet\u00e1). El Frente 1\u00b0 (Putumayo) supervisa cada etapa de la producci\u00f3n de coca, desde el cultivo de la hoja de coca hasta su procesamiento y la posterior venta de pasta base. <\/p>\n\n\n\n<p class=\"wp-block-paragraph\"><a href=\"https:\/\/es.insightcrime.org\/noticias\/noticias-del-dia\/aliados-en-el-poder-la-explicacion-del-ascenso-de-la-constru-en-colombia\/\" target=\"_blank\" rel=\"noreferrer noopener\">La Constru<\/a>, una red derivada de grupos paramilitares de derecha, tambi\u00e9n mantiene una fuerte presencia en Putumayo, despu\u00e9s de haberse aliado con el Frente 48 de las antiguas FARC y conformar una nueva organizaci\u00f3n llamada <a href=\"https:\/\/es.insightcrime.org\/noticias-crimen-organizado-colombia\/comandos-de-la-frontera\/\" target=\"_blank\" rel=\"noreferrer noopener\">Los Comandos de la Frontera<\/a>. <\/p>\n\n\n\n<p class=\"wp-block-paragraph\">Estos actores conectan a los peque\u00f1os agricultores que cultivan coca en un municipio pobre de la Amazon\u00eda colombiana con los mercados nacionales e internacionales de coca\u00edna. Pero, al igual que en otras actividades que impulsan la deforestaci\u00f3n, son los grupos armados no estatales los que m\u00e1s se benefician.<\/p>\n\n\n\n<p class=\"wp-block-paragraph\">Grupos armados no estatales como los Frentes 1y 48 de las antiguas FARC no parecen estar directamente involucrados en la tala ilegal en la regi\u00f3n. Sin embargo, cobran por el transporte de madera a trav\u00e9s de los territorios que controlan. <\/p>\n\n\n\n<p class=\"wp-block-paragraph\">Un investigador del tr\u00e1fico de madera que trabaja para Neotropical Primate Conservation (NPC), organizaci\u00f3n dedicada a la conservaci\u00f3n de los primates y sus h\u00e1bitats, se\u00f1ala que \u201clos r\u00edos y las carreteras est\u00e1n controlados por grupos ilegales, por lo que para mover madera [a trav\u00e9s de r\u00edo o carretera] se debe pagar una especie de peaje al grupo que controla el territorio\u00bb. <\/p>\n\n\n\n<p class=\"wp-block-paragraph\">Estos GANE tambi\u00e9n prestan servicios de seguridad para garantizar el tr\u00e1nsito de los cargamentos de madera fuera de la regi\u00f3n, especialmente cuando se ocultan drogas en su interior. Seg\u00fan un experto forestal de una organizaci\u00f3n internacional, la madera es un escondite perfecto para la coca\u00edna que los GANE quieren transportar, ya que es pesada, dif\u00edcil de manipular y dif\u00edcil de inspeccionar.<\/p>\n\n\n\n<h2 class=\"wp-block-heading\" id=\"h-mano-de-obra\">Mano de Obra <\/h2>\n\n\n\n<p class=\"wp-block-paragraph\">Los miembros de las redes criminales y los GANE rara vez aportan el trabajo f\u00edsico necesario para llevar a cabo los delitos ambientales. Suelen emplear o amenazar a los habitantes de las poblaciones para que haga este trabajo. <\/p>\n\n\n\n<p class=\"wp-block-paragraph\">Las personas de regiones socioecon\u00f3micamente desfavorecidas, que constituyen una \u201cmano de obra\u201d, se ven arrastradas hacia los delitos ambientales en la Amazon\u00eda colombiana por falta de oportunidades econ\u00f3micas o porque se ven amenazadas por grupos criminales locales. Se encuentran en el pelda\u00f1o inferior de la cadena de suministro de cada actividad y proporcionan el trabajo manual para tareas b\u00e1sicas como la tala de \u00e1rboles o la siembra y la cosecha de los cultivos de coca. <\/p>\n\n\n\n<p class=\"wp-block-paragraph\">Pueden ser empleados \u2014y no necesariamente miembros\u2014 de redes criminales y grupos armados, o pueden ser contratistas o trabajadores independientes que interact\u00faan con los actores criminales que operan m\u00e1s arriba en la cadena de suministro. La mano de obra suele estar constituida por trabajadores informales y no por criminales. Pueden adem\u00e1s <a href=\"https:\/\/fcds.org.co\/wp-content\/uploads\/2019\/06\/libro-areas-protegidas-amazonicas.pdf\" target=\"_blank\" rel=\"noreferrer noopener\">ser v\u00edctimas<\/a> de los actores criminales mediante trabajo forzado, trata de personas o extorsi\u00f3n. <\/p>\n\n\n\n<p class=\"wp-block-paragraph\">En el pelda\u00f1o m\u00e1s bajo de la cadena de apropiaci\u00f3n de tierras est\u00e1n los \u201cdesbrozadores\u201d, habitantes de las regiones empleados para talar los bosques. Estos proporcionan el trabajo manual necesario para la apropiaci\u00f3n de tierras. Los desbrozadores a menudo act\u00faan bajo amenaza o por necesidad econ\u00f3mica. Los GANE o los apropiadores les pagan para que corten y quemen bosques, para luego ocupar ilegalmente las zonas protegidas.<\/p>\n\n\n\n<p class=\"wp-block-paragraph\">Los <em>cocaleros<\/em> y <em>raspachines<\/em> <a href=\"https:\/\/sostenibilidad.semana.com\/impacto\/articulo\/mafias-pagan-5-millones-de-pesos-por-hectarea-deforestada-en-el-meta\/52683\" target=\"_blank\" rel=\"noreferrer noopener\">trabajan de forma independiente<\/a> o para los GANE, a menudo dentro de territorios protegidos como el Parque Nacional Tinigua. Los agricultores que forman parte de la fuerza laboral tambi\u00e9n <a href=\"https:\/\/es.insightcrime.org\/wp-content\/uploads\/2018\/03\/La-nueva-generaci%C3%B3n-de-narcotraficantes-colombianos-post-FARC-Los-Invisibles.pdf\" target=\"_blank\" rel=\"noreferrer noopener\">pueden procesar la coca<\/a> de los GANE hasta convertirla en \u201cbase\u201d, la cual luego es transformada en coca\u00edna cristalizada, ya sea individualmente o agrupando sus cosechas, a menudo bajo la vigilancia de los GANE. <\/p>\n\n\n\n<p class=\"wp-block-paragraph\">Por su parte, el tr\u00e1fico de madera cuenta con el trabajo manual de monteros y corteros, que generalmente son habitantes de la regi\u00f3n e ind\u00edgenas a cargo de conseguir, identificar y cortar las codiciadas especies de madera en toda la Amazon\u00eda colombiana. Aunque sus actividades son il\u00edcitas, estos actores no son delincuentes. Talan \u00e1rboles a instancias de las redes criminales, a menudo en condiciones de trabajo deplorables. Es importante tener en cuenta que las poblaciones locales tambi\u00e9n suelen talar bosques en \u00e1reas cercanas para su subsistencia econ\u00f3mica.<\/p>\n\n\n\n<p class=\"wp-block-paragraph\">La mano de obra es la parte que <a href=\"https:\/\/www.fiscalia.gov.co\/colombia\/fiscal-general-de-la-nacion\/40-capturados-y-judicializados-en-dos-dias-de-actividades-contra-la-deforestacion-y-la-mineria-ilegal\/\" target=\"_blank\" rel=\"noreferrer noopener\">menos gana<\/a> en todas las actividades de los delitos ambientales, pero es la que est\u00e1 en mayor riesgo de ser capturada por las autoridades. Esta situaci\u00f3n es transversal a otras actividades como la miner\u00eda ilegal. <\/p>\n\n\n\n<h2 class=\"wp-block-heading\" id=\"h-facilitadores-actores-legales\">Facilitadores\/Actores Legales <\/h2>\n\n\n\n<p class=\"wp-block-paragraph\">Los facilitadores\/actores legales son individuos o redes que usan la corrupci\u00f3n para garantizar el funcionamiento de los delitos ambientales. Pueden ser autoridades estatales o empresas legalmente constituidas. <\/p>\n\n\n\n<p class=\"wp-block-paragraph\">El rol de los facilitadores\/actores legales en estos crimenes ser\u00e1 explorado m\u00e1s adelante, en el cap\u00edtulo de corrupci\u00f3n.<\/p>\n\n\n\n<blockquote class=\"wp-block-quote is-layout-flow wp-block-quote-is-layout-flow\">\n<p class=\"wp-block-paragraph\">*<strong><em>InSight Crime se ha aliado con el <a href=\"https:\/\/igarape.org.br\/en\/about-igarape\/\" target=\"_blank\" rel=\"noreferrer noopener\">Instituto Igarap\u00e9<\/a> \u2014un centro de pensamiento independiente ubicado en Brasil, que se dedica a temas actuales relacionados con el desarrollo, la seguridad y el clima\u2014, con el fin de hacer una cartograf\u00eda de los delitos ambientales en la cuenca amaz\u00f3nica<\/em><\/strong>. <strong><em>Las otras partes de la investigaci\u00f3n se publicar\u00e1n durante el mes de septiembre. Lea todos los cap\u00edtulos&nbsp;<a target=\"_blank\" href=\"https:\/\/es.insightcrime.org\/investigaciones\/raices-delitos-ambientales-amazonia-colombiana\/\" rel=\"noreferrer noopener\">aqu\u00ed<\/a>.<\/em><\/strong><\/p>\n<\/blockquote>\n\n\n\n<figure class=\"wp-block-image size-large\"><img data-recalc-dims=\"1\" loading=\"lazy\" decoding=\"async\" width=\"2192\" height=\"820\" src=\"https:\/\/i0.wp.com\/insightcrime.org\/wp-content\/uploads\/2021\/08\/2018-logo-igarape-cor-EN.png?resize=2192%2C820&#038;quality=100&#038;ssl=1\" alt=\"\" class=\"wp-image-166816\" srcset=\"https:\/\/i0.wp.com\/insightcrime.org\/wp-content\/uploads\/2021\/08\/2018-logo-igarape-cor-EN.png?w=2192&amp;quality=100&amp;ssl=1 2192w, https:\/\/i0.wp.com\/insightcrime.org\/wp-content\/uploads\/2021\/08\/2018-logo-igarape-cor-EN.png?resize=300%2C112&amp;quality=100&amp;ssl=1 300w, https:\/\/i0.wp.com\/insightcrime.org\/wp-content\/uploads\/2021\/08\/2018-logo-igarape-cor-EN.png?resize=1024%2C383&amp;quality=100&amp;ssl=1 1024w, https:\/\/i0.wp.com\/insightcrime.org\/wp-content\/uploads\/2021\/08\/2018-logo-igarape-cor-EN.png?resize=768%2C287&amp;quality=100&amp;ssl=1 768w, https:\/\/i0.wp.com\/insightcrime.org\/wp-content\/uploads\/2021\/08\/2018-logo-igarape-cor-EN.png?resize=1536%2C575&amp;quality=100&amp;ssl=1 1536w, https:\/\/i0.wp.com\/insightcrime.org\/wp-content\/uploads\/2021\/08\/2018-logo-igarape-cor-EN.png?resize=2048%2C766&amp;quality=100&amp;ssl=1 2048w, https:\/\/i0.wp.com\/insightcrime.org\/wp-content\/uploads\/2021\/08\/2018-logo-igarape-cor-EN.png?w=370&amp;quality=100&amp;ssl=1 370w, https:\/\/i0.wp.com\/insightcrime.org\/wp-content\/uploads\/2021\/08\/2018-logo-igarape-cor-EN.png?w=400&amp;quality=100&amp;ssl=1 400w\" sizes=\"auto, (max-width: 1000px) 100vw, 1000px\" \/><\/figure>\n","protected":false},"excerpt":{"rendered":"<p>La deforestaci\u00f3n es la cara m\u00e1s visible de los delitos ambientales en la Amazon\u00eda colombiana.<\/p>\n","protected":false},"author":200,"featured_media":166897,"comment_status":"closed","ping_status":"closed","sticky":false,"template":"single-feature.php","format":"standard","meta":{"newspack_ads_suppress_ads":false,"newspack_popups_has_disabled_popups":false,"newspack_sponsor_sponsorship_scope":"","newspack_sponsor_native_byline_display":"inherit","newspack_sponsor_native_category_display":"inherit","newspack_sponsor_underwriter_style":"inherit","newspack_sponsor_underwriter_placement":"inherit","_EventAllDay":false,"_EventTimezone":"","_EventStartDate":"","_EventEndDate":"","_EventStartDateUTC":"","_EventEndDateUTC":"","_EventShowMap":false,"_EventShowMapLink":false,"_EventURL":"","_EventCost":"","_EventCostDescription":"","_EventCurrencySymbol":"","_EventCurrencyCode":"","_EventCurrencyPosition":"","_EventDateTimeSeparator":"","_EventTimeRangeSeparator":"","_EventOrganizerID":[],"_EventVenueID":[],"_OrganizerEmail":"","_OrganizerPhone":"","_OrganizerWebsite":"","_VenueAddress":"","_VenueCity":"","_VenueCountry":"","_VenueProvince":"","_VenueState":"","_VenueZip":"","_VenuePhone":"","_VenueURL":"","_VenueStateProvince":"","_VenueLat":"","_VenueLng":"","_VenueShowMap":false,"_VenueShowMapLink":false,"_newspack_byline_active":false,"_newspack_byline":"","newspack_hide_updated_date":false,"newspack_show_updated_date":false,"newspack_featured_image_position":"above","newspack_post_subtitle":"","newspack_article_summary_title":"Overview:","newspack_article_summary":"","_jetpack_memberships_contains_paid_content":false,"footnotes":""},"categories":[342],"tags":[477,3412,368,439,3365,1542,3431,3440,3481],"newspack_spnsrs_tax":[],"coauthors":[4246,4208],"class_list":["post-233199","post","type-post","status-publish","format-standard","has-post-thumbnail","hentry","category-investigaciones","tag-la-coca","tag-cocaina","tag-colombia-pais","tag-delitos-ambientales","tag-ex-farc-mafia-es-2","tag-farc-ep","tag-gentil-duarte-es","tag-ivan-mordisco-es","tag-trafico-de-madera","entry"],"parsely":{"version":"1.1.0","canonical_url":"https:\/\/insightcrime.org\/es\/investigaciones\/deforestacion-amazonia-colombiana-delimitacion-problema\/","smart_links":{"inbound":0,"outbound":0},"traffic_boost_suggestions_count":0,"meta":{"@context":"https:\/\/schema.org","@type":"NewsArticle","headline":"Deforestaci\u00f3n en la Amazon\u00eda colombiana: delimitaci\u00f3n del problema","url":"http:\/\/insightcrime.org\/es\/investigaciones\/deforestacion-amazonia-colombiana-delimitacion-problema\/","mainEntityOfPage":{"@type":"WebPage","@id":"http:\/\/insightcrime.org\/es\/investigaciones\/deforestacion-amazonia-colombiana-delimitacion-problema\/"},"thumbnailUrl":"https:\/\/i0.wp.com\/insightcrime.org\/wp-content\/uploads\/2021\/09\/Amazon-Deforetation-Cover.png?resize=150%2C150&quality=100&ssl=1","image":{"@type":"ImageObject","url":"https:\/\/i0.wp.com\/insightcrime.org\/wp-content\/uploads\/2021\/09\/Amazon-Deforetation-Cover.png?fit=1600%2C600&quality=100&ssl=1"},"articleSection":"Investigaciones","author":[{"@type":"Person","name":"Katie Jones"},{"@type":"Person","name":"Mar\u00eda Fernanda Ram\u00edrez"}],"creator":["Katie Jones","Mar\u00eda Fernanda Ram\u00edrez"],"publisher":{"@type":"Organization","name":"InSight Crime","logo":"https:\/\/insightcrime.org\/wp-content\/uploads\/2023\/08\/logo.png"},"keywords":["coca","coca\u00edna","colombia","delitos ambientales","ex-farc mafia","farc","gentil duarte","iv\u00e1n mordisco","tr\u00e1fico de madera"],"dateCreated":"2021-09-01T18:55:54Z","datePublished":"2021-09-01T18:55:54Z","dateModified":"2023-10-20T11:31:25Z"},"rendered":"<meta name=\"parsely-title\" content=\"Deforestaci\u00f3n en la Amazon\u00eda colombiana: delimitaci\u00f3n del problema\" \/>\n<meta name=\"parsely-link\" content=\"http:\/\/insightcrime.org\/es\/investigaciones\/deforestacion-amazonia-colombiana-delimitacion-problema\/\" \/>\n<meta name=\"parsely-type\" content=\"post\" \/>\n<meta name=\"parsely-image-url\" content=\"https:\/\/i0.wp.com\/insightcrime.org\/wp-content\/uploads\/2021\/09\/Amazon-Deforetation-Cover.png?resize=150%2C150&amp;quality=100&amp;ssl=1\" \/>\n<meta name=\"parsely-pub-date\" content=\"2021-09-01T18:55:54Z\" \/>\n<meta name=\"parsely-section\" content=\"Investigaciones\" \/>\n<meta name=\"parsely-tags\" content=\"coca,coca\u00edna,colombia,delitos ambientales,ex-farc mafia,farc,gentil duarte,iv\u00e1n mordisco,tr\u00e1fico de madera\" \/>\n<meta name=\"parsely-author\" content=\"Katie Jones\" \/>\n<meta name=\"parsely-author\" content=\"Mar\u00eda Fernanda Ram\u00edrez\" \/>","tracker_url":"https:\/\/cdn.parsely.com\/keys\/insightcrime.org\/p.js"},"jetpack_sharing_enabled":true,"jetpack-related-posts":[{"id":263742,"url":"https:\/\/insightcrime.org\/es\/noticias\/gamechangers-2023-victoria-deforestacion-amazonia\/","url_meta":{"origin":233199,"position":0},"title":"GameChangers 2023: Una victoria sobre la deforestaci\u00f3n en la Amazon\u00eda, por ahora","author":"Mar\u00eda Fernanda Ram\u00edrez","date":"2 de enero de 2024","format":false,"excerpt":"Entre la reducci\u00f3n en la p\u00e9rdida de bosque este a\u00f1o y la celebraci\u00f3n de la cumbre amaz\u00f3nica, este a\u00f1o representa una peque\u00f1a victoria en la batalla contra la deforestaci\u00f3n en la regi\u00f3n. Sin embargo, este triunfo contrasta con un preocupante panorama regional, en el que cada vez m\u00e1s grupos criminales\u2026","rel":"","context":"En \u00abNoticias\u00bb","block_context":{"text":"Noticias","link":"https:\/\/insightcrime.org\/es\/category\/noticias\/"},"img":{"alt_text":"","src":"https:\/\/i0.wp.com\/insightcrime.org\/wp-content\/uploads\/2023\/08\/Gamechangers-Cover-Cap-2.jpg?fit=1200%2C576&quality=100&ssl=1&resize=350%2C200","width":350,"height":200,"srcset":"https:\/\/i0.wp.com\/insightcrime.org\/wp-content\/uploads\/2023\/08\/Gamechangers-Cover-Cap-2.jpg?fit=1200%2C576&quality=100&ssl=1&resize=350%2C200 1x, https:\/\/i0.wp.com\/insightcrime.org\/wp-content\/uploads\/2023\/08\/Gamechangers-Cover-Cap-2.jpg?fit=1200%2C576&quality=100&ssl=1&resize=525%2C300 1.5x, https:\/\/i0.wp.com\/insightcrime.org\/wp-content\/uploads\/2023\/08\/Gamechangers-Cover-Cap-2.jpg?fit=1200%2C576&quality=100&ssl=1&resize=700%2C400 2x, https:\/\/i0.wp.com\/insightcrime.org\/wp-content\/uploads\/2023\/08\/Gamechangers-Cover-Cap-2.jpg?fit=1200%2C576&quality=100&ssl=1&resize=1050%2C600 3x"},"classes":[]},{"id":232511,"url":"https:\/\/insightcrime.org\/es\/noticias\/pacto-proteccion-amazonia-omite-crimen-organizado\/","url_meta":{"origin":233199,"position":1},"title":"Pacto para la protecci\u00f3n de la Amazon\u00eda se queda corto en lucha contra el crimen organizado","author":"Gavin Voss","date":"11 de agosto de 2023","format":false,"excerpt":"Las naciones suramericanas firmaron un pacto hist\u00f3rico para la protecci\u00f3n de la selva amaz\u00f3nica, pero el acuerdo no contempl\u00f3 estrategias integrales para combatir los delitos ambientales.","rel":"","context":"En \u00abNoticias\u00bb","block_context":{"text":"Noticias","link":"https:\/\/insightcrime.org\/es\/category\/noticias\/"},"img":{"alt_text":"L\u00edderes suramericanos elevan las manos tras la firma de la declaraci\u00f3n de Bel\u00e9m que prev\u00e9 la preservaci\u00f3n de la Amazon\u00eda","src":"https:\/\/i0.wp.com\/insightcrime.org\/wp-content\/uploads\/2023\/09\/Amazon-Belem-Declaration-Environmental-Crime-MercoPress-1-1.jpg?fit=350%2C250&quality=100&ssl=1&resize=350%2C200","width":350,"height":200},"classes":[]},{"id":284494,"url":"https:\/\/insightcrime.org\/es\/noticias\/reduccion-historica-deforestacion-colombia-estaria-relacionada-grupos-criminales\/","url_meta":{"origin":233199,"position":2},"title":"Reducci\u00f3n hist\u00f3rica de la deforestaci\u00f3n en Colombia estar\u00eda relacionada con grupos criminales","author":"Juan Diego C\u00e1rdenas","date":"12 de julio de 2024","format":false,"excerpt":"Por primera vez en 23 a\u00f1os, los niveles de deforestaci\u00f3n en Colombia se han reducido a niveles hist\u00f3ricos. Aunque esta tendencia demuestra que el cambio de enfoque en la lucha contra los delitos ambientales ha tenido un efecto positivo, los grupos criminales tambi\u00e9n tendr\u00edan un rol importante en este fen\u00f3meno.","rel":"","context":"En \u00abNoticias\u00bb","block_context":{"text":"Noticias","link":"https:\/\/insightcrime.org\/es\/category\/noticias\/"},"img":{"alt_text":"Deforestation in Colombia Deforestaci\u00f3n en Colombia","src":"https:\/\/i0.wp.com\/insightcrime.org\/wp-content\/uploads\/2021\/12\/Deforestation-Colombia-Charges-FARC.jpg?fit=350%2C250&quality=100&ssl=1&resize=350%2C200","width":350,"height":200},"classes":[]},{"id":201888,"url":"https:\/\/insightcrime.org\/es\/investigaciones\/selva-amazonica-bajo-ataque-flancos\/","url_meta":{"origin":233199,"position":3},"title":"Selva Amaz\u00f3nica bajo ataque por todos los flancos","author":"Mar\u00eda Fernanda Ram\u00edrez","date":"8 de noviembre de 2022","format":false,"excerpt":"La cuenca amaz\u00f3nica est\u00e1 siendo talada a un ritmo acelerado. Los delitos ambientales est\u00e1n impulsando una creciente deforestaci\u00f3n.","rel":"","context":"En \u00abInvestigaciones\u00bb","block_context":{"text":"Investigaciones","link":"https:\/\/insightcrime.org\/es\/category\/investigaciones\/"},"img":{"alt_text":"","src":"https:\/\/i0.wp.com\/insightcrime.org\/wp-content\/uploads\/2022\/10\/Amazonas-Fase1-Cover-Capitulo1.png?fit=1200%2C438&quality=100&ssl=1&resize=350%2C200","width":350,"height":200,"srcset":"https:\/\/i0.wp.com\/insightcrime.org\/wp-content\/uploads\/2022\/10\/Amazonas-Fase1-Cover-Capitulo1.png?fit=1200%2C438&quality=100&ssl=1&resize=350%2C200 1x, https:\/\/i0.wp.com\/insightcrime.org\/wp-content\/uploads\/2022\/10\/Amazonas-Fase1-Cover-Capitulo1.png?fit=1200%2C438&quality=100&ssl=1&resize=525%2C300 1.5x, https:\/\/i0.wp.com\/insightcrime.org\/wp-content\/uploads\/2022\/10\/Amazonas-Fase1-Cover-Capitulo1.png?fit=1200%2C438&quality=100&ssl=1&resize=700%2C400 2x, https:\/\/i0.wp.com\/insightcrime.org\/wp-content\/uploads\/2022\/10\/Amazonas-Fase1-Cover-Capitulo1.png?fit=1200%2C438&quality=100&ssl=1&resize=1050%2C600 3x"},"classes":[]},{"id":172860,"url":"https:\/\/insightcrime.org\/es\/noticias\/deforestacion-amazonia-colombiana-acertijo-va-mas-alla-disidencias\/","url_meta":{"origin":233199,"position":4},"title":"Disidencias de las FARC, primeros acusados en marco de nueva ley ambiental en Colombia","author":"Juan Diego C\u00e1rdenas","date":"8 de diciembre de 2021","format":false,"excerpt":"Una nueva estrategia implementada por Colombia para combatir la deforestaci\u00f3n incluye el procesamiento judicial de los causantes de impacto ambiental, un delito para el cual no hay pocos culpables.","rel":"","context":"En \u00abNoticias\u00bb","block_context":{"text":"Noticias","link":"https:\/\/insightcrime.org\/es\/category\/noticias\/"},"img":{"alt_text":"","src":"https:\/\/i0.wp.com\/insightcrime.org\/wp-content\/uploads\/2021\/12\/106975234-1636936362963-gettyimages-1228062683-AFP_1WJ4KX.jpeg?fit=350%2C250&quality=100&ssl=1&resize=350%2C200","width":350,"height":200},"classes":[]},{"id":232513,"url":"https:\/\/insightcrime.org\/es\/investigaciones\/delitos-ambientales-acechan-regiones-triple-frontera-amazonas\/","url_meta":{"origin":233199,"position":5},"title":"Delitos ambientales acechan las regiones de triple frontera en el Amazonas","author":"Seth Robbins","date":"8 de agosto de 2023","format":false,"excerpt":"En lo profundo de la cuenca del Amazonas se encuentran dos regiones de triple frontera, donde los delitos ambientales y sus perpetradores no reconocen fronteras nacionales.","rel":"","context":"En \u00abInvestigaciones\u00bb","block_context":{"text":"Investigaciones","link":"https:\/\/insightcrime.org\/es\/category\/investigaciones\/"},"img":{"alt_text":"","src":"https:\/\/i0.wp.com\/insightcrime.org\/wp-content\/uploads\/2023\/09\/Amazonas-Cover-ESP-Executive-Summary-InSightCrime-2023.png?fit=1200%2C438&quality=100&ssl=1&resize=350%2C200","width":350,"height":200,"srcset":"https:\/\/i0.wp.com\/insightcrime.org\/wp-content\/uploads\/2023\/09\/Amazonas-Cover-ESP-Executive-Summary-InSightCrime-2023.png?fit=1200%2C438&quality=100&ssl=1&resize=350%2C200 1x, https:\/\/i0.wp.com\/insightcrime.org\/wp-content\/uploads\/2023\/09\/Amazonas-Cover-ESP-Executive-Summary-InSightCrime-2023.png?fit=1200%2C438&quality=100&ssl=1&resize=525%2C300 1.5x, https:\/\/i0.wp.com\/insightcrime.org\/wp-content\/uploads\/2023\/09\/Amazonas-Cover-ESP-Executive-Summary-InSightCrime-2023.png?fit=1200%2C438&quality=100&ssl=1&resize=700%2C400 2x, https:\/\/i0.wp.com\/insightcrime.org\/wp-content\/uploads\/2023\/09\/Amazonas-Cover-ESP-Executive-Summary-InSightCrime-2023.png?fit=1200%2C438&quality=100&ssl=1&resize=1050%2C600 3x"},"classes":[]}],"jetpack_featured_media_url":"https:\/\/i0.wp.com\/insightcrime.org\/wp-content\/uploads\/2021\/09\/Amazon-Deforetation-Cover.png?fit=1600%2C600&quality=100&ssl=1","_links":{"self":[{"href":"https:\/\/insightcrime.org\/es\/wp-json\/wp\/v2\/posts\/233199","targetHints":{"allow":["GET"]}}],"collection":[{"href":"https:\/\/insightcrime.org\/es\/wp-json\/wp\/v2\/posts"}],"about":[{"href":"https:\/\/insightcrime.org\/es\/wp-json\/wp\/v2\/types\/post"}],"author":[{"embeddable":true,"href":"https:\/\/insightcrime.org\/es\/wp-json\/wp\/v2\/users\/200"}],"replies":[{"embeddable":true,"href":"https:\/\/insightcrime.org\/es\/wp-json\/wp\/v2\/comments?post=233199"}],"version-history":[{"count":2,"href":"https:\/\/insightcrime.org\/es\/wp-json\/wp\/v2\/posts\/233199\/revisions"}],"predecessor-version":[{"id":243301,"href":"https:\/\/insightcrime.org\/es\/wp-json\/wp\/v2\/posts\/233199\/revisions\/243301"}],"wp:featuredmedia":[{"embeddable":true,"href":"https:\/\/insightcrime.org\/es\/wp-json\/wp\/v2\/media\/166897"}],"wp:attachment":[{"href":"https:\/\/insightcrime.org\/es\/wp-json\/wp\/v2\/media?parent=233199"}],"wp:term":[{"taxonomy":"category","embeddable":true,"href":"https:\/\/insightcrime.org\/es\/wp-json\/wp\/v2\/categories?post=233199"},{"taxonomy":"post_tag","embeddable":true,"href":"https:\/\/insightcrime.org\/es\/wp-json\/wp\/v2\/tags?post=233199"},{"taxonomy":"newspack_spnsrs_tax","embeddable":true,"href":"https:\/\/insightcrime.org\/es\/wp-json\/wp\/v2\/newspack_spnsrs_tax?post=233199"},{"taxonomy":"author","embeddable":true,"href":"https:\/\/insightcrime.org\/es\/wp-json\/wp\/v2\/coauthors?post=233199"}],"curies":[{"name":"wp","href":"https:\/\/api.w.org\/{rel}","templated":true}]}}