{"id":233258,"date":"2020-09-18T16:23:22","date_gmt":"2020-09-18T21:23:22","guid":{"rendered":"https:\/\/insightcrime.org\/sin-categorizar\/carteles-droga-tala-ilegal-mexico\/"},"modified":"2023-10-17T12:28:53","modified_gmt":"2023-10-17T17:28:53","slug":"carteles-droga-tala-ilegal-mexico","status":"publish","type":"post","link":"https:\/\/insightcrime.org\/es\/investigaciones\/carteles-droga-tala-ilegal-mexico\/","title":{"rendered":"C\u00f3mo los carteles de la droga se colaron en la tala ilegal en M\u00e9xico"},"content":{"rendered":"\n<p class=\"wp-block-paragraph\"><em>Chihuahua es el estado m\u00e1s extenso de M\u00e9xico, y m\u00e1s de una quinta parte de sus 25.000 hect\u00e1reas est\u00e1 cubierta de bosques, compuestos en su mayor parte por el tipo de pino que se cosecha en grandes cantidades en el pa\u00eds. La mitad de esas zonas boscosas se encuentra en la Sierra Tarahumara, cadena monta\u00f1osa en el suroeste del estado, donde habita una gran comunidad ind\u00edgena, conocida como los Tarahumara, que es adem\u00e1s un apetecido corredor para el narcotr\u00e1fico.<\/em><\/p>\n\n\n\n<p class=\"wp-block-paragraph\">A finales de 2018, InSight Crime viaj\u00f3 a Delicias, un pueblito a 100 kil\u00f3metros al sur de la ciudad de Chihuahua, para visitar a Cruz Soto y su esposa Mar\u00eda. La pareja vive en una humilde casa en las afueras de la ciudad, pero esta no es su casa. A punta de pistola fueron obligados a salir de su finca, que se encuentra unos 500 kil\u00f3metros m\u00e1s al oeste en el estado de Chihuahua.<\/p>\n\n\n\n<p class=\"wp-block-paragraph\">En esta zona es com\u00fan la tala ilegal, y muchas veces se traslapa con el narcotr\u00e1fico, como se pudo determinar en la investigaci\u00f3n y el trabajo de campo realizados por InSight Crime. El comercio il\u00edcito de madera es la principal preocupaci\u00f3n de muchas de las comunidades ind\u00edgenas de la Sierra Tarahumara, seg\u00fan una encuesta realizada por la Comisi\u00f3n Estatal para los Pueblos Ind\u00edgenas (COEPI) en febrero de 2018. Las mayores causas de la deforestaci\u00f3n, seg\u00fan se\u00f1alaron los encuestados, son la corrupci\u00f3n, el crimen organizado, la sobreexplotaci\u00f3n de los bosques y las licencias legales de tala, adem\u00e1s de la falta de supervisi\u00f3n legal de las autoridades responsables.<\/p>\n\n\n\n<p class=\"wp-block-paragraph\">\u201cLos criminales han entrado al negocio de la madera\u201d, declar\u00f3 Refugio Luna Garc\u00eda, director de desarrollo forestal de Chihuahua, <a href=\"https:\/\/www.eldiariodechihuahua.mx\/estado\/arrasan-carteles-con-los-bosques-20190917-1562962.html\" target=\"_blank\" rel=\"noopener\">a medios locales<\/a> en septiembre de 2019.<\/p>\n\n\n\n<blockquote class=\"wp-block-quote is-layout-flow wp-block-quote-is-layout-flow\">\n<p class=\"wp-block-paragraph\"><strong><em>* Este es uno de los cuatro cap\u00edtulos de una investigaci\u00f3n sobre <a href=\"https:\/\/www.american.edu\/centers\/latin-american-latino-studies\/wildlife-trafficking-and-illegal-logging.cfm\" target=\"_blank\" rel=\"noopener\"><span style=\"text-decoration: underline;\">tala ilegal<\/span><\/a> en igual n\u00famero de pa\u00edses de Am\u00e9rica Latina, realizada durante dos a\u00f1os por InSight Crime en colaboraci\u00f3n con el <a href=\"https:\/\/www.american.edu\/centers\/latin-american-latino-studies\/\" target=\"_blank\" rel=\"noopener\"><span style=\"text-decoration: underline;\">Centro de Estudios Latinoamericanos y Latinos<\/span><\/a> de American University. La investigaci\u00f3n involucr\u00f3 varias visitas de campo a Colombia, Honduras, M\u00e9xico y Per\u00fa, as\u00ed como decenas de entrevistas con funcionarios, miembros de las fuerzas p\u00fablicas, contrabandistas, acad\u00e9micos, comunidades, terratenientes, entre otros.\u00a0Lea la serie completa\u00a0<a href=\"https:\/\/es.insightcrime.org\/investigaciones\/mafias-madera-bosques-latinoamericanos\/\" target=\"_blank\" rel=\"noopener\"><span style=\"text-decoration: underline;\">aqu\u00ed<\/span>.<\/a><\/em><\/strong><\/p>\n<\/blockquote>\n\n\n\n<p class=\"wp-block-paragraph\">Chihuahua ha sido por largo tiempo un territorio fundamental para el narcotr\u00e1fico en el pa\u00eds. El extremo suroeste del estado hace parte de lo que se conoce como el Tri\u00e1ngulo Dorado, la mayor \u00e1rea de cultivo de narc\u00f3ticos. El clima y las condiciones all\u00ed son propicias para el cultivo a gran escala de la amapola de opio y la marihuana. Chihuahua tambi\u00e9n es muy preciado por los grupos narcotraficantes por su gran extensi\u00f3n, terreno inh\u00f3spito, multitud de caminos y su frontera con Estados Unidos. Ciudad Ju\u00e1rez, asentada en el extremo norte del estado, es una importante plaza de drogas y ha sido escenario de sangrientos brotes de violencia a lo largo de la \u00faltima d\u00e9cada debido a las disputas entre grupos criminales por este importante corredor.<\/p>\n\n\n\n<p class=\"wp-block-paragraph\">Cruz es un hombre alto y apuesto, de contextura gruesa, piel morena y mirada despejada. Cuando nos conocimos, usaba una gorra, un abrigo de invierno grueso color crema y pantalones de mezclilla. Se qued\u00f3 parado, inc\u00f3modo, recostado contra la nevera, mientras habl\u00e1bamos en la peque\u00f1a cocina de la casa en la que \u00e9l y su esposa Mar\u00eda se estaban quedando temporalmente desde que tuvieron que salir huyendo de su municipio de Guazapares, parte del Tri\u00e1ngulo Dorado. Mar\u00eda, de estatura baja, piel morena y ce\u00f1o fruncido, estaba sentada en el sof\u00e1.<\/p>\n\n\n\n<p class=\"wp-block-paragraph\">La pareja hab\u00eda vivido en su finca, que se extend\u00eda por unas 40 hect\u00e1reas de tierra, donde criaban vacas, cerdos y gallinas, y ten\u00edan varios sembrados. La familia de Cruz tambi\u00e9n ten\u00eda influencia en la comunidad. Su hermano era lo que se conoce como un ejidatario,&nbsp;un residente de las tradicionales cooperativas territoriales conocidas como ejidos, que a\u00fan manejan gran parte de la tierra en M\u00e9xico.<\/p>\n\n\n\n<blockquote class=\"wp-block-quote is-layout-flow wp-block-quote-is-layout-flow\">\n<p class=\"wp-block-paragraph\"><span style=\"font-weight: 400;\"><span style=\"color: #800000;\"><strong>VEA TAMBI\u00c9N:<\/strong><\/span> <a href=\"https:\/\/es.insightcrime.org\/noticias-sobre-crimen-organizado-en-mexico\/\" target=\"_blank\" rel=\"noopener\">Noticias sobre crimen organizado en M\u00e9xico<\/a><br><\/span><\/p>\n<\/blockquote>\n\n\n\n<p class=\"wp-block-paragraph\">La preeminencia de la familia los ha puesto en medio de muchos conflictos de intereses. M\u00e9xico tiene cerca de 65 millones de hect\u00e1reas de bosques, 70 por ciento de las cuales son controladas por los ejidos; ocho de cada diez \u00e1rboles talados vienen de un ejido. Los ejidos son tambi\u00e9n los jueces de facto de disputas intrafamiliares que muchas veces se centran en si la cooperativa deber\u00eda permitir que su tierra se use para la tala de madera y otras actividades. En ocasiones, en lo que respecta a los intereses de actividades il\u00edcitas, no les queda opci\u00f3n.<\/p>\n\n\n\n<p class=\"wp-block-paragraph\">Hab\u00eda indicios de que este conflicto se avecinaba. En mayo de 2008, hombres armados en camionetas <a href=\"https:\/\/www.nytimes.com\/2008\/05\/31\/world\/americas\/31mexico.html\" target=\"_blank\" rel=\"noopener\">invadieron Creel<\/a>, la capital extraoficial de los Tarahumara, popular destino tur\u00edstico y una ciudad asentada en uno de los corredores de drogas m\u00e1s lucrativos del planeta. Los pistoleros mataron al jefe de polic\u00eda, a dos agentes y a tres pobladores; se llevaron a otras diez personas en sus veh\u00edculos; de ellos solo uno fue encontrado despu\u00e9s. Luego siguieron peque\u00f1as oleadas de asesinatos.<\/p>\n\n\n\n<p class=\"wp-block-paragraph\">Cruz cont\u00f3 que los problemas de su familia tomaron un cariz f\u00fanebre en julio de 2014, cuando su hermano, el ejidatario, fue secuestrado y asesinado por un grupo criminal. No dio muchos detalles del homicidio, pero dijo que el grupo criminal era parte del Cartel de Sinaloa, de quienes dijo que ten\u00edan m\u00e1s inter\u00e9s en acabar con el bosque que en explotarlo.<\/p>\n\n\n\n<p class=\"wp-block-paragraph\">\u201cEllos est\u00e1n metidos en todo: tala ilegal, miner\u00eda, ganader\u00eda\u2026\u201d, coment\u00f3 Cruz, y a\u00f1adi\u00f3 que tumbaron los \u00e1rboles para abrirles paso a las plantaciones de amapola, la materia prima usada para la fabricaci\u00f3n de hero\u00edna.<\/p>\n\n\n\n<p class=\"wp-block-paragraph\">El grupo criminal se estableci\u00f3 en la zona, cont\u00f3 Cruz. Los describi\u00f3 como hombres de diferentes edades, que llevaban chalecos antibalas y portaban armas autom\u00e1ticas y pistolas.<\/p>\n\n\n\n<p class=\"wp-block-paragraph\">\u201cEst\u00e1n muy bien armados y equipados\u201d, se\u00f1al\u00f3 Cruz. \u201cSi alguien se interpone en su camino simplemente lo eliminan\u201d.<\/p>\n\n\n\n<p class=\"wp-block-paragraph\">Cruz dijo que despu\u00e9s de eso el grupo criminal local mat\u00f3 a m\u00e1s de una docena de personas y finalmente los sac\u00f3 a \u00e9l y a su familia de su hacienda luego de una serie de amenazas de muerte. Otros tambi\u00e9n huyeron.<\/p>\n\n\n\n<p class=\"wp-block-paragraph\">\u201cHan matado a familias enteras\u201d, anot\u00f3 su esposa Mar\u00eda.<\/p>\n\n\n\n<p class=\"wp-block-paragraph\">Era parte de un plan, afirma Cruz, para expropiar la tierra de los ejidos para sus propios fines. Dice que funcionarios de gobierno corruptos les abrieron la puerta a los grupos criminales y tambi\u00e9n est\u00e1n ganando dinero con su negocio. Esas acusaciones son comunes, pero dif\u00edciles de corroborar.<\/p>\n\n\n\n<p class=\"wp-block-paragraph\">Casi un a\u00f1o despu\u00e9s de que InSight Crime entrevist\u00f3 a Cruz y a Mar\u00eda, \u00e9l regres\u00f3 a un pueblo llamado T\u00e9moris, cerca de donde viv\u00eda. Su esposa le cont\u00f3 a InSight Crime que volvi\u00f3 a cobrar un subsidio que el gobierno entregaba a familias como la de Cruz por sus actividades agr\u00edcolas. Despu\u00e9s de que recibi\u00f3 el dinero, el jefe de la polic\u00eda local, un hombre identificado en documentos p\u00fablicos como Paulino M.R., le pregunt\u00f3 a Cruz si pod\u00eda quedarse un d\u00eda m\u00e1s; Mar\u00eda nunca supo por qu\u00e9.<\/p>\n\n\n\n<p class=\"wp-block-paragraph\">Pero Cruz se qued\u00f3, y mientras estuvo ah\u00ed, se reuni\u00f3 con funcionarios de la Secretar\u00eda de Agricultura y Desarrollo Rural (Sagarpa), que se encarga de regular el uso de la tierra en la zona. Uno de los temas que discutieron fue el desplazamiento de su familia y la tierra que Cruz dec\u00eda que le hab\u00edan robado.<\/p>\n\n\n\n<p class=\"wp-block-paragraph\">Luego de las reuniones, Cruz, su sobrina y el esposo de otra pariente iban conduciendo cuando dos veh\u00edculos, que m\u00e1s adelante <a href=\"http:\/\/laopcion.com.mx\/noticia\/264578\" target=\"_blank\" rel=\"noopener\">fueron identificados<\/a> como un Hummer y un Jeep, los alcanzaron y los detuvieron. De ellos se bajaron dos hombres armados y se acercaron al veh\u00edculo busc\u00e1ndolo por su nombre. Cruz sali\u00f3 del carro y los pistoleros lo llevaron a uno de los veh\u00edculos. Luego se fueron. Cinco d\u00edas despu\u00e9s, se encontr\u00f3 el cuerpo de Cruz tirado al lado de la carretera en una parte diferente de la misma zona.<\/p>\n\n\n\n<h3 class=\"wp-block-heading\" id=\"h-chihuahua-un-estado-constante-de-conflicto\">Chihuahua, un estado constante de conflicto<\/h3>\n\n\n\n<p class=\"wp-block-paragraph\">La violencia en Chihuahua no es nueva; se desbord\u00f3 desde que el expresidente Felipe Calder\u00f3n anunci\u00f3 una ofensiva contra los poderosos carteles del pa\u00eds, al posesionarse en diciembre de 2006. <a href=\"https:\/\/justiceinmexico.org\/wp-content\/uploads\/2019\/04\/Organized-Crime-and-Violence-in-Mexico-2019.pdf\" target=\"_blank\" rel=\"noopener\">Los homicidios casi se triplicaron<\/a> de 593 en 2006 a 1578 en 2017, y eran m\u00e1s de 1.700 para 2018. Hacia mayo de 2020, la <a href=\"https:\/\/elcri.men\/en\/\" target=\"_blank\" rel=\"noopener\">tasa de homicidios<\/a> del estado era una de las m\u00e1s altas del pa\u00eds, de 71 por cada 100.000 habitantes, una situaci\u00f3n que se volvi\u00f3 normal en Chihuahua.<\/p>\n\n\n\n<p class=\"wp-block-paragraph\">La violencia perpetrada por facciones criminales en guerra no solo es alta, sino adem\u00e1s implacable. Ciudad Ju\u00e1rez, que concentra casi una quinta parte de los homicidios en el estado, se lleva casi toda la atenci\u00f3n. Pero hay otros lugares de Chihuahua igual de violentos. En noviembre de 2019, un grupo criminal embosc\u00f3 a varios miembros de una reconocida familia mormona con importantes nexos comerciales en M\u00e9xico y conexiones con Estados Unidos. El <a href=\"https:\/\/www.nytimes.com\/2019\/11\/05\/world\/americas\/mormons-mexico-attack.html\" target=\"_blank\" rel=\"noopener\">ataque<\/a> ocurri\u00f3 en la confluencia de los estados de Chihuahua y Sonora y dej\u00f3 un saldo de tres mujeres y seis menores de la familia LeBar\u00f3n muertos.<\/p>\n\n\n\n<p class=\"wp-block-paragraph\">El gobierno federal sali\u00f3 a decir que la emboscada fue un caso de confusi\u00f3n de identidades, y parte de una guerra entre facciones de dos de los carteles de la droga m\u00e1s conocidos, los carteles de Ju\u00e1rez y Sinaloa. <a href=\"https:\/\/www.excelsior.com.mx\/nacional\/cartel-nuevo-juarez-y-pacifico-detras-de-ataque-contra-los-lebaron\/1346218\" target=\"_blank\" rel=\"noopener\">Algunas notas de prensa local apoyaron la versi\u00f3n del gobierno<\/a>, pero Julian LeBar\u00f3n ten\u00eda sus dudas.<\/p>\n\n\n\n<p class=\"wp-block-paragraph\">\u201cHasta el momento lo que los estadounidenses nos han dicho y lo que el gobierno mexicano adujo es que hab\u00eda una ruta de narcotr\u00e1fico hacia Estados Unidos que se estaban disputando dos carteles y mis sobrinos casualmente pasaron en medio del enfrentamiento\u201d, coment\u00f3 LeBar\u00f3n. \u201cSi sab\u00edan o no a qui\u00e9n estaban atacando es una pregunta que a\u00fan tenemos, y nos parece incomprensible que el cartel cometiera un error tan grande\u201d.<\/p>\n\n\n\n<p class=\"wp-block-paragraph\">Las explicaciones oficiales sobre gran parte de la violencia en el estado y en todo M\u00e9xico son como la masacre de los LeBar\u00f3n: tienden a generar m\u00e1s preguntas que respuestas.<\/p>\n\n\n\n<p class=\"wp-block-paragraph\">Los municipios m\u00e1s violentos de Chihuahua se encuentran al oeste y al sur, pero el car\u00e1cter de la violencia en estas dos zonas var\u00eda. La violencia en los municipios del oeste tiende a darse entre grupos criminales rivales, mientras que la violencia al sur de Chihuahua tiende a ser causada por el Cartel de Sinaloa contra la poblaci\u00f3n civil, como lo muestra el caso de Cruz y su familia, seg\u00fan la Agencia Estatal de Investigaci\u00f3n Criminal, que es la divisi\u00f3n investigativa de la Fiscal\u00eda del estado de Chihuahua.<\/p>\n\n\n<div class=\"wp-block-image\">\n<figure class=\"aligncenter is-resized\"><a href=\"https:\/\/i0.wp.com\/insightcrime.org\/wp-content\/uploads\/2020\/09\/Mexico_Pe%CC%81rdida-de-cobertura-arbo%CC%81rea-en-Me%CC%81xico_Map_InSight-Crime_18-10-2019.jpg?quality=100&#038;ssl=1\" target=\"_blank\" rel=\"noopener\"><img data-recalc-dims=\"1\" loading=\"lazy\" decoding=\"async\" width=\"2048\" height=\"1417\" src=\"https:\/\/i0.wp.com\/insightcrime.org\/wp-content\/uploads\/2020\/09\/Mexico_Pe%CC%81rdida-de-cobertura-arbo%CC%81rea-en-Me%CC%81xico_Map_InSight-Crime_18-10-2019.jpg?resize=2048%2C1417&#038;quality=100&#038;ssl=1\" alt=\"\" class=\"wp-image-123591\" style=\"width:1024px;height:709px\" srcset=\"https:\/\/i0.wp.com\/insightcrime.org\/wp-content\/uploads\/2020\/09\/Mexico_Pe%CC%81rdida-de-cobertura-arbo%CC%81rea-en-Me%CC%81xico_Map_InSight-Crime_18-10-2019.jpg?w=2048&amp;quality=100&amp;ssl=1 2048w, https:\/\/i0.wp.com\/insightcrime.org\/wp-content\/uploads\/2020\/09\/Mexico_Pe%CC%81rdida-de-cobertura-arbo%CC%81rea-en-Me%CC%81xico_Map_InSight-Crime_18-10-2019.jpg?resize=300%2C208&amp;quality=100&amp;ssl=1 300w, https:\/\/i0.wp.com\/insightcrime.org\/wp-content\/uploads\/2020\/09\/Mexico_Pe%CC%81rdida-de-cobertura-arbo%CC%81rea-en-Me%CC%81xico_Map_InSight-Crime_18-10-2019.jpg?resize=768%2C531&amp;quality=100&amp;ssl=1 768w, https:\/\/i0.wp.com\/insightcrime.org\/wp-content\/uploads\/2020\/09\/Mexico_Pe%CC%81rdida-de-cobertura-arbo%CC%81rea-en-Me%CC%81xico_Map_InSight-Crime_18-10-2019.jpg?resize=1024%2C708&amp;quality=100&amp;ssl=1 1024w, https:\/\/i0.wp.com\/insightcrime.org\/wp-content\/uploads\/2020\/09\/Mexico_Pe%CC%81rdida-de-cobertura-arbo%CC%81rea-en-Me%CC%81xico_Map_InSight-Crime_18-10-2019.jpg?resize=100%2C70&amp;quality=100&amp;ssl=1 100w, https:\/\/i0.wp.com\/insightcrime.org\/wp-content\/uploads\/2020\/09\/Mexico_Pe%CC%81rdida-de-cobertura-arbo%CC%81rea-en-Me%CC%81xico_Map_InSight-Crime_18-10-2019.jpg?resize=218%2C150&amp;quality=100&amp;ssl=1 218w, https:\/\/i0.wp.com\/insightcrime.org\/wp-content\/uploads\/2020\/09\/Mexico_Pe%CC%81rdida-de-cobertura-arbo%CC%81rea-en-Me%CC%81xico_Map_InSight-Crime_18-10-2019.jpg?resize=696%2C481&amp;quality=100&amp;ssl=1 696w, https:\/\/i0.wp.com\/insightcrime.org\/wp-content\/uploads\/2020\/09\/Mexico_Pe%CC%81rdida-de-cobertura-arbo%CC%81rea-en-Me%CC%81xico_Map_InSight-Crime_18-10-2019.jpg?resize=1068%2C739&amp;quality=100&amp;ssl=1 1068w, https:\/\/i0.wp.com\/insightcrime.org\/wp-content\/uploads\/2020\/09\/Mexico_Pe%CC%81rdida-de-cobertura-arbo%CC%81rea-en-Me%CC%81xico_Map_InSight-Crime_18-10-2019.jpg?resize=607%2C420&amp;quality=100&amp;ssl=1 607w, https:\/\/i0.wp.com\/insightcrime.org\/wp-content\/uploads\/2020\/09\/Mexico_Pe%CC%81rdida-de-cobertura-arbo%CC%81rea-en-Me%CC%81xico_Map_InSight-Crime_18-10-2019.jpg?resize=1920%2C1328&amp;quality=100&amp;ssl=1 1920w, https:\/\/i0.wp.com\/insightcrime.org\/wp-content\/uploads\/2020\/09\/Mexico_Pe%CC%81rdida-de-cobertura-arbo%CC%81rea-en-Me%CC%81xico_Map_InSight-Crime_18-10-2019.jpg?w=370&amp;quality=100&amp;ssl=1 370w, https:\/\/i0.wp.com\/insightcrime.org\/wp-content\/uploads\/2020\/09\/Mexico_Pe%CC%81rdida-de-cobertura-arbo%CC%81rea-en-Me%CC%81xico_Map_InSight-Crime_18-10-2019.jpg?w=400&amp;quality=100&amp;ssl=1 400w\" sizes=\"auto, (max-width: 1000px) 100vw, 1000px\" \/><\/a><\/figure>\n<\/div>\n\n\n<p class=\"wp-block-paragraph\">La convergencia de la madera y el narcotr\u00e1fico ha a\u00f1adido otra capa al conflicto. Los municipios m\u00e1s afectados por la tala ilegal en Chihuahua se encuentran al sur y al oeste del estado: Maguarichi, Guerrero, Uruachi, Ocampo y Madera, al igual que Guadalupe y Calvo y Bocoyna, seg\u00fan la Agencia de Investigaci\u00f3n Criminal. <a href=\"https:\/\/www.eluniversal.com.mx\/nacion\/seguridad\/sedena-ciudad-juarez-es-el-municipio-mas-violento-de-chihuahua\" target=\"_blank\" rel=\"noopener\">Esas zonas son tambi\u00e9n algunas de las m\u00e1s violentas<\/a>.<\/p>\n\n\n\n<p class=\"wp-block-paragraph\">Bocoyna, por ejemplo, es donde se encuentra Creel, y marca una l\u00ednea entre el territorio de las dos principales organizaciones criminales que se disputan ese corredor de narcotr\u00e1fico: La L\u00ednea, que trabaja con el Cartel de Ju\u00e1rez, y Gente Nueva, que trabaja con el Cartel de Sinaloa. El conflicto entre estos dos grupos se ha asociado al control sobre la industria maderera ilegal, as\u00ed como a las rutas de narcotr\u00e1fico que atraviesan el estado.<\/p>\n\n\n\n<p class=\"wp-block-paragraph\">InSight Crime capt\u00f3 una imagen de esos enfrentamientos una ma\u00f1ana de finales de octubre de 2018, cuando seis cuerpos fueron dejados tirados justo antes del amanecer frente a una estaci\u00f3n de gasolina en las afueras de Creel. Envueltos en bolsas negras de basura cerradas con cinta de empaque caf\u00e9 que envolv\u00edan el cuello, la cintura y los tobillos de cada cuerpo, la escena era com\u00fan para la violencia que se ha desarrollado durante m\u00e1s de una d\u00e9cada de guerra antinarc\u00f3ticos en M\u00e9xico. El mensaje pegado en uno de los cuerpos hac\u00eda referencia al control y al tr\u00e1fico del mercado maderero ilegal local, no al narcotr\u00e1fico, como cuenta Hugo Mendoza, agente de la Agencia de Investigaci\u00f3n Criminal.<\/p>\n\n\n\n<blockquote class=\"wp-block-quote is-layout-flow wp-block-quote-is-layout-flow\">\n<p class=\"wp-block-paragraph\"><span style=\"font-weight: 400;\"><span style=\"color: #800000;\"><strong>VEA TAMBI\u00c9N:<\/strong><\/span> <a href=\"https:\/\/es.insightcrime.org\/noticias\/analisis\/tala-ilegal-en-chihuahua-mexico-es-territorio-de-carteles\/\" target=\"_blank\" rel=\"noopener\">Tala ilegal en un estado del norte de M\u00e9xico es negocio de carteles<\/a><br><\/span><\/p>\n<\/blockquote>\n\n\n\n<p class=\"wp-block-paragraph\">La lucha que se desat\u00f3 luego de que Calder\u00f3n emprendiera su ofensiva en 2006 sigui\u00f3 recrudeci\u00e9ndose durante la siguiente administraci\u00f3n de Enrique Pe\u00f1a Nieto y se mantiene bajo el actual mandato de Andr\u00e9s Manuel L\u00f3pez Obrador (tambi\u00e9n conocido por sus iniciales: AMLO). A\u00f1os de estas luchas han atomizado a organizaciones como Ju\u00e1rez y Sinaloa, cuyas facciones han creado otros grupos que ahora buscan crear sus propias fuentes de ingresos, y la madera ilegal es una de ellas.<\/p>\n\n\n\n<p class=\"wp-block-paragraph\">\u201cEl narco siempre ha estado ah\u00ed, y todo el mundo aprendi\u00f3 a vivir con ellos. Pero la guerra antinarc\u00f3ticos los llev\u00f3 a proteger m\u00e1s sus territorios\u201d, observa Isela Gonz\u00e1lez, directora de la Alianza Sierra Madre. Ella habl\u00f3 con InSight Crime en la ciudad de Chihuahua, donde se encontraba bajo protecci\u00f3n del gobierno luego de recibir amenazas de muerte por su trabajo sobre problemas ambientales, como la tala ilegal.<\/p>\n\n\n\n<p class=\"wp-block-paragraph\">M\u00e1s a\u00fan, los precios de la marihuana y la amapola han presentado ca\u00eddas sostenidas, lo que ha obligado a los grupos a diversificar sus portafolios o a ampliar los existentes para compensar el d\u00e9ficit. Algunas facciones del Cartel de Sinaloa, por ejemplo, han expandido sus sembrados de amapola y marihuana en la zona, talando indiscriminadamente los bosques y desplazando a familias como la de Cruz en el proceso. La madera no es tanto el objetivo primario, sino m\u00e1s bien una consecuencia de esta expansi\u00f3n.<\/p>\n\n\n\n<h3 class=\"wp-block-heading\" id=\"h-san-juanito-el-centro-de-procesamiento-de-madera\">San Juanito: el centro de procesamiento de madera<\/h3>\n\n\n\n<p class=\"wp-block-paragraph\">A unos 30 kil\u00f3metros en auto hacia el norte de Creel se encuentra San Juanito, el centro de tr\u00e1fico de madera de esta parte del estado. All\u00ed se encuentran unos 25 aserraderos, que generan directa e indirectamente cientos de empleos en la zona. Ah\u00ed se procesa la madera de los bosques de pinos que cubren las colinas. Luego, la madera se <a href=\"http:\/\/www.conafor.gob.mx:8080\/documentos\/docs\/22\/6400Ocampo-Urique-Bocoyna.pdf\" target=\"_blank\" rel=\"noopener\">transporta en su mayor\u00eda a la Ciudad de Chihuahua,<\/a> pero tambi\u00e9n a Cuauht\u00e9moc y al sur del estado. El pino se usa casi exclusivamente en el pa\u00eds, en construcci\u00f3n, muebles y productos de papel.<\/p>\n\n\n\n<p class=\"wp-block-paragraph\">Por largo tiempo, el pino se ha extra\u00eddo y blanqueado en San Juanito. Esa ciudad concentra tantos, o m\u00e1s, aserraderos clandestinos como legales. Pero la llegada de los narcos trajo consigo un nuevo momento y, seg\u00fan se dice, m\u00e1s agitaci\u00f3n en los due\u00f1os de los aserraderos.<\/p>\n\n\n\n<p class=\"wp-block-paragraph\">Fue alrededor de 2015 cuando comenzaron a llegar estos grupos narcotraficantes, seg\u00fan Citlali Quintana, abogada que trabaja para el Centro de Capacitaci\u00f3n y Defensa de los Derechos Humanos e Ind\u00edgenas, organizaci\u00f3n sin \u00e1nimo de lucro de la regi\u00f3n. Quintana describi\u00f3 su ingreso como brusco, literalmente cortando y quemando. \u201cToda el \u00e1rea alrededor de San Juanito fue talada ilegal e indiscriminadamente\u201d, coment\u00f3 a InSight Crime. \u201cY luego prendieron fuego al bosque y no dejaron que la gente apagara los incendios\u201d.<\/p>\n\n\n<div class=\"wp-block-image\">\n<figure class=\"aligncenter\"><a href=\"https:\/\/i0.wp.com\/es.insightcrime.org\/wp-content\/uploads\/2020\/09\/Tarahumara.jpg?quality=100&#038;ssl=1\" rel=\"noopener\"><img data-recalc-dims=\"1\" loading=\"lazy\" decoding=\"async\" width=\"1024\" height=\"768\" src=\"https:\/\/i0.wp.com\/insightcrime.org\/wp-content\/uploads\/2020\/09\/Tarahumara.jpg?resize=1024%2C768&#038;quality=100&#038;ssl=1\" alt=\"\" class=\"wp-image-123940\" srcset=\"https:\/\/i0.wp.com\/insightcrime.org\/wp-content\/uploads\/2020\/09\/Tarahumara.jpg?w=1024&amp;quality=100&amp;ssl=1 1024w, https:\/\/i0.wp.com\/insightcrime.org\/wp-content\/uploads\/2020\/09\/Tarahumara.jpg?resize=300%2C225&amp;quality=100&amp;ssl=1 300w, https:\/\/i0.wp.com\/insightcrime.org\/wp-content\/uploads\/2020\/09\/Tarahumara.jpg?resize=768%2C576&amp;quality=100&amp;ssl=1 768w, https:\/\/i0.wp.com\/insightcrime.org\/wp-content\/uploads\/2020\/09\/Tarahumara.jpg?resize=80%2C60&amp;quality=100&amp;ssl=1 80w, https:\/\/i0.wp.com\/insightcrime.org\/wp-content\/uploads\/2020\/09\/Tarahumara.jpg?resize=265%2C198&amp;quality=100&amp;ssl=1 265w, https:\/\/i0.wp.com\/insightcrime.org\/wp-content\/uploads\/2020\/09\/Tarahumara.jpg?resize=696%2C522&amp;quality=100&amp;ssl=1 696w, https:\/\/i0.wp.com\/insightcrime.org\/wp-content\/uploads\/2020\/09\/Tarahumara.jpg?resize=560%2C420&amp;quality=100&amp;ssl=1 560w, https:\/\/i0.wp.com\/insightcrime.org\/wp-content\/uploads\/2020\/09\/Tarahumara.jpg?w=370&amp;quality=100&amp;ssl=1 370w, https:\/\/i0.wp.com\/insightcrime.org\/wp-content\/uploads\/2020\/09\/Tarahumara.jpg?w=400&amp;quality=100&amp;ssl=1 400w\" sizes=\"auto, (max-width: 1000px) 100vw, 1000px\" \/><\/a><figcaption class=\"wp-element-caption\">La madera de la Sierra Tarahumara, en el norte\u00f1o estado mexicano de Chihuahua, ha sido depredada en a\u00f1os recientes por narcotraficantes. (Foto: cortes\u00eda de fuente de InSight Crime.)<\/figcaption><\/figure>\n<\/div>\n\n\n<p class=\"wp-block-paragraph\">Otros, como una persona conectada con la industria maderera de la zona y que habl\u00f3 con InSight Crime, se\u00f1alaron que fue un proceso algo m\u00e1s sutil, que comenz\u00f3 con la demanda criminal cl\u00e1sica: el pago de <em>piso<\/em>, como el hampa llama a la extorsi\u00f3n. No fue mucho antes de que los grupos criminales comenzaran a ver el potencial de ganancias en la industria misma y comenzaran a hacer compras agresivas de aserraderos y a obligarlos a procesar madera extra\u00edda ilegalmente, como relataron representantes de la industria y organismos no gubernamentales de veedur\u00eda.<\/p>\n\n\n\n<p class=\"wp-block-paragraph\">No hay consenso sobre cu\u00e1nta parte de la industria procesadora de la zona es controlada por la facci\u00f3n criminal actualmente. Un empresario local dijo a InSight Crime que la mitad de los aserraderos que operan en San Juanito pueden hacer parte de la red del Cartel de Ju\u00e1rez. La otra mitad, declar\u00f3 la fuente, tiene que pagar piso.<\/p>\n\n\n\n<p class=\"wp-block-paragraph\">Otra fuente dio una declaraci\u00f3n a\u00fan m\u00e1s cruda: \u201cNadie tiene permitido manejar la madera a menos que trabajen con el cartel\u201d, le asegur\u00f3 a InSight Crime un representante de un grupo de vigilancia que pidi\u00f3 que se mantuviera su anonimato.<\/p>\n\n\n\n<p class=\"wp-block-paragraph\">En cualquier caso, seg\u00fan m\u00e1s de una docena de grupos de veedur\u00eda y expertos de la industria entrevistados por InSight Crime, el proceso se desarrolla de manera similar. Los grupos madereros conectados con los grupos narcotraficantes llegan a los aserraderos con camiones cargados de pino sin procesar. Los aserraderos compran y procesan la madera extra\u00edda ilegalmente y luego blanquean el producto para hacerlo pasar como madera de fuentes legales que luego venden a constructoras y plantas de procesamiento secundarias.<\/p>\n\n\n\n<p class=\"wp-block-paragraph\">A pesar de su prevalencia, no hay casos judiciales ni estudios de la industria o estimativos no gubernamentales, ni ninguna otra informaci\u00f3n que indique qu\u00e9 tan extendido est\u00e1 el negocio il\u00edcito en la zona. En el \u00e1mbito nacional, sin embargo, fuentes gubernamentales y no gubernamentales estiman que entre el 30 y el 50 por ciento de la madera extra\u00edda en M\u00e9xico es ilegal. Esta madera de origen ilegal genera entre US$106 y US$175 millones anuales, seg\u00fan c\u00e1lculos de InSight Crime.<\/p>\n\n\n\n<p class=\"wp-block-paragraph\">Los grupos criminales tambi\u00e9n han arrastrado a empresas transportadoras y a conductores de camiones individuales al negocio ilegal, haciendo que mezclen la madera ilegal con sus propios insumos. Negarse a participar puede ser fatal. Solo un mes antes de que InSight Crime visitara la zona, <a href=\"http:\/\/www.omnia.com.mx\/noticia\/81501\" target=\"_blank\" rel=\"noopener\">un conductor hab\u00eda sido asesinado<\/a>, y hab\u00edan quemado su cami\u00f3n y su carga.<\/p>\n\n\n\n<h3 class=\"wp-block-heading\" id=\"h-nuevo-jefe-misma-historia\">Nuevo jefe, misma historia<\/h3>\n\n\n\n<p class=\"wp-block-paragraph\">En octubre de 2018, la abogada Quintana nos llev\u00f3 de la peque\u00f1a ciudad de Creel al caser\u00edo ind\u00edgena de Bahuinacachi, justo en las afueras de San Juanito, en su carro 4&#215;4. Pasamos por bosques de pinos que hab\u00edan sido arrasados por taladores no autorizados. El trabajo estaba mal hecho: los \u00e1rboles hab\u00edan sido dejados pudri\u00e9ndose donde hab\u00edan ca\u00eddo, y algunas extensiones de tierra hab\u00edan sido quemadas, con el fin de ocultar la evidencia.<\/p>\n\n\n\n<p class=\"wp-block-paragraph\">Cuando llegamos a Bahuinacachi, los residentes nos narraron que unos meses antes hab\u00edan llegado unos 40 hombres armados con motosierras en grandes camiones. Cortaron los \u00e1rboles de los bosques de pinos en las laderas del pueblo. Los hombres \u2014todos los cuales parec\u00edan menores de 20 a\u00f1os, seg\u00fan testigos\u2014 sacaron docenas de camiones cargados de madera cada d\u00eda durante semanas enteras. Los pobladores dijeron que desde sus casas pod\u00edan o\u00edr las motosierras trabajando toda la noche.<\/p>\n\n\n\n<p class=\"wp-block-paragraph\">En un punto, el reci\u00e9n instalado cabecilla del Cartel de Ju\u00e1rez, un hombre llamado <a href=\"https:\/\/www.elheraldodechihuahua.com.mx\/local\/region\/quien-esta-detras-de-emboscada-vs-agentes-de-fuerzas-estatales-1980873.html\" target=\"_blank\" rel=\"noopener\">C\u00e9sar Daniel Manjarrez Alonso, alias \u201cEl H2<\/a>\u201d, y su ala armada en San Juanito, hicieron su aparici\u00f3n en el caser\u00edo, seg\u00fan contaron los pobladores. Manjarrez acababa de ascender. Sus dos jefes, ambos miembros del cacareado grupo La L\u00ednea, hab\u00edan sido detenidos en los meses anteriores. La L\u00ednea hab\u00eda sido creada por la polic\u00eda de Chihuahua a\u00f1os antes y hab\u00eda mantenido relaci\u00f3n con la polic\u00eda en los a\u00f1os siguientes. Uno de los jefes de La L\u00ednea capturados antes del ascenso de Manjarrez a la cima era un expolic\u00eda de Chihuahua.<\/p>\n\n\n\n<p class=\"wp-block-paragraph\">Manjarrez y sus hermanos hab\u00edan aprovechado las capturas de sus jefes, y llenaron el vac\u00edo con sangre nueva y nombre nuevo. Se llamaron el Nuevo Cartel de Ju\u00e1rez. Adem\u00e1s de liderar el voraz saqueo de madera en Bahuinacachi, Manjarrez presuntamente hab\u00eda sido el autor intelectual de un ataque a una escolta de la polic\u00eda estatal en San Juanito apenas un mes antes de nuestra visita. El ataque, que dej\u00f3 cuatro polic\u00edas muertos, era una supuesta venganza por el arresto de sus antiguos jefes de La L\u00ednea, como <a href=\"https:\/\/www.elsoldemexico.com.mx\/republica\/justicia\/desde-el-cerro-40-pistoleros-disparan-contra-estatales-de-chihuahua-1977525.html\" target=\"_blank\" rel=\"noopener\">inform\u00f3 la prensa local<\/a>.<\/p>\n\n\n\n<p class=\"wp-block-paragraph\">Manjarrez tambi\u00e9n fue el responsable de los asesinatos que hab\u00edan ocurrido mientras estuvimos en Creel, seg\u00fan la Agencia de Investigaci\u00f3n Criminal y <a href=\"http:\/\/www.tiempo.com.mx\/noticia\/155583-atribuyen_al_h2_masacre_decapitados_creel_nuevo_cartel_de_juarez\/1\" target=\"_blank\" rel=\"noopener\">noticias locales<\/a>. La prensa mostr\u00f3 un video de los seis cuerpos en la v\u00eda que conduce a San Juanito y <a href=\"https:\/\/mobile.diario.mx\/Estado\/2018-10-24_9aec516b\/masacre-ahora-en-creel-seis-decapitados-\/\" target=\"_blank\" rel=\"noopener\">atribuy\u00f3<\/a> los homicidios a \u201cajustes de cuentas entre grupos criminales\u201d. Posteriormente, la fiscal\u00eda del estado expidi\u00f3 un comunicado. \u201cEl hecho tiene relaci\u00f3n con el crimen organizado y la tala de madera ilegal entre La L\u00ednea y el Cartel de Sinaloa\u201d, <a href=\"http:\/\/fiscalia.chihuahua.gob.mx\/inicio\/?p=33217\" target=\"_blank\" rel=\"noopener\">escribi\u00f3 la fiscal\u00eda<\/a>.<\/p>\n\n\n\n<p class=\"wp-block-paragraph\">La presencia de los taladores ha profundizado las divisiones en la comunidad. Algunos se han ido a trabajar para ellos en la tala de \u00e1rboles. Otros les cocinan y en ocasiones les alquilan habitaciones. Pero otros residentes se oponen a su presencia y a la participaci\u00f3n de los miembros del ejido. Seg\u00fan un residente, que no quiso que se mencionara su nombre, hubo una disputa en la que se vio implicado un ejidatario que hab\u00eda ofrecido al grupo criminal la oportunidad de talar en la tierra de la comunidad sin autorizaci\u00f3n de la cooperativa. El grupo criminal posteriormente usurp\u00f3 toda la tierra.<\/p>\n\n\n\n<blockquote class=\"wp-block-quote is-layout-flow wp-block-quote-is-layout-flow\">\n<p class=\"wp-block-paragraph\"><span style=\"font-weight: 400;\"><span style=\"color: #800000;\"><strong>VEA TAMBI\u00c9N:<\/strong><\/span> <a href=\"https:\/\/es.insightcrime.org\/mexico-crimen-organizado\/cartel-de-juarez-perfil\/\" target=\"_blank\" rel=\"noopener\">Perfil del Cartel de Ju\u00e1rez<\/a><br><\/span><\/p>\n<\/blockquote>\n\n\n\n<p class=\"wp-block-paragraph\">Los residentes tambi\u00e9n denunciaron que la polic\u00eda local estaba ayudando e incitando la tala ilegal de los bosques de pinos en Bahuinacachi. Como prueba de su denuncia, dijeron que hab\u00edan presentado una demanda detallada a la polic\u00eda estatal en el momento en que los taladores ilegales hab\u00edan invadido la tierra unos meses antes y derribaron \u00e1rboles durante toda la noche. Los residentes manifestaron su deseo de que la denuncia fuera an\u00f3nima, en especial por los antecedentes de conexiones de La L\u00ednea con la polic\u00eda, pero los agentes insistieron en que la denuncia llevara los nombres de al menos tres de las personas que presentaron el reclamo. Sin embargo, cuando los residentes preguntaron unas semanas despu\u00e9s, les dijeron que no hab\u00eda registro de denuncia alguna. Poco despu\u00e9s de eso, dijeron que dos de las tres personas que presentaron la denuncia fueron amenazadas por algunos de los taladores.<\/p>\n\n\n\n<h3 class=\"wp-block-heading\" id=\"h-miedo-y-desplazamiento\">Miedo y desplazamiento<\/h3>\n\n\n\n<p class=\"wp-block-paragraph\">En el mes de agosto, antes de ser asesinado, Cruz Soto y otras personas m\u00e1s que hab\u00edan sido desplazadas por la fuerza de Guazapares regresaron a la zona a ver c\u00f3mo estaban sus tierras. El grupo hab\u00eda sido reconocido como refugiados internos por las autoridades de Chihuahua y fueron all\u00ed con escolta policial. Cruz tambi\u00e9n se hab\u00eda convertido en miembro activo de la organizaci\u00f3n local de derechos humanos que ped\u00eda la restituci\u00f3n para los desplazados de toda la regi\u00f3n.<\/p>\n\n\n\n<p class=\"wp-block-paragraph\">Varias familias de otra zona conocida como Coloradas de la Virgen, que tambi\u00e9n hab\u00edan denunciado tala ilegal por a\u00f1os, fueron tambi\u00e9n desplazadas luego del asesinato de por lo menos siete miembros de su comunidad entre 2013 y 2016, seg\u00fan un <a href=\"https:\/\/www.globalwitness.org\/documents\/19392\/Defenders_report_layout_AW2_lowres.pdf\" target=\"_blank\" rel=\"noopener\">informe de Global Witness<\/a>. Esta era, en otras palabras, una situaci\u00f3n com\u00fan en la regi\u00f3n.<\/p>\n\n\n\n<p class=\"wp-block-paragraph\">La violencia estaba surtiendo el efecto buscado. El director de una organizaci\u00f3n local de derechos humanos declar\u00f3 a InSight Crime que las comunidades afectadas viven con miedo por los homicidios, las desapariciones y la violencia.<\/p>\n\n\n\n<p class=\"wp-block-paragraph\">\u201c[Estas comunidades] tienden a no denunciar estas cosas, y cuando lo hacen hay muy poca reacci\u00f3n del estado\u201d, se\u00f1al\u00f3 el l\u00edder.<\/p>\n\n\n\n<p class=\"wp-block-paragraph\">M\u00e1s a\u00fan, cuando los residentes presentan una denuncia oficial, con frecuencia no refieren hechos suficientes, o no saben o no quieren revelar los nombres y las identidades de los implicados, agreg\u00f3 el l\u00edder. La consecuencia es que hay pocas investigaciones oficiales sobre estos casos.<\/p>\n\n\n\n<p class=\"wp-block-paragraph\">\u201cTratamos de animar a la gente a que denuncie, en grupo, con otros. Tratamos de hacer que la comunidad denuncie y que el estado responda\u201d, concluy\u00f3.<\/p>\n\n\n\n<p class=\"wp-block-paragraph\">Con escolta policial ese mes de agosto, Soto visit\u00f3 su casa sin contratiempos. Al d\u00eda siguiente, sin embargo, cuando volvi\u00f3, hall\u00f3 un cuerpo. Era la prima de su esposa Mar\u00eda. Clavado en su cuello hab\u00eda un <a href=\"https:\/\/redtdt.org.mx\/?p=14385\" target=\"_blank\" rel=\"noopener\">mensaje<\/a> dirigido a Cruz personalmente por haber denunciado las actividades del crimen organizado en la zona.<\/p>\n\n\n\n<p class=\"wp-block-paragraph\">La investigaci\u00f3n del estado de Chihuahua sobre el asesinato de Soto llev\u00f3 finalmente al arresto de dos personas que presuntamente participaron en su secuestro y <a href=\"http:\/\/fiscalia.chihuahua.gob.mx\/inicio\/?p=55249\" target=\"_blank\" rel=\"noopener\">muerte<\/a>. Uno de ellos era el jefe de polic\u00eda, Paulino M.R.<\/p>\n\n\n\n<p class=\"wp-block-paragraph\"><em>*Este art\u00edculo fue escrito con informaci\u00f3n de Jes\u00fas Alarc\u00f3n.<\/em><\/p>\n\n\n\n<figure class=\"wp-block-image\"><a href=\"https:\/\/www.american.edu\/centers\/latin-american-latino-studies\/\" target=\"_blank\" rel=\"noreferrer noopener\"><img data-recalc-dims=\"1\" loading=\"lazy\" decoding=\"async\" width=\"2048\" height=\"690\" src=\"https:\/\/i0.wp.com\/insightcrime.org\/wp-content\/uploads\/2020\/09\/AU-CLALS.jpg?resize=2048%2C690&#038;quality=100&#038;ssl=1\" alt=\"\" class=\"wp-image-123993\" srcset=\"https:\/\/i0.wp.com\/insightcrime.org\/wp-content\/uploads\/2020\/09\/AU-CLALS.jpg?w=2048&amp;quality=100&amp;ssl=1 2048w, https:\/\/i0.wp.com\/insightcrime.org\/wp-content\/uploads\/2020\/09\/AU-CLALS.jpg?resize=300%2C101&amp;quality=100&amp;ssl=1 300w, https:\/\/i0.wp.com\/insightcrime.org\/wp-content\/uploads\/2020\/09\/AU-CLALS.jpg?resize=768%2C259&amp;quality=100&amp;ssl=1 768w, https:\/\/i0.wp.com\/insightcrime.org\/wp-content\/uploads\/2020\/09\/AU-CLALS.jpg?resize=1024%2C345&amp;quality=100&amp;ssl=1 1024w, https:\/\/i0.wp.com\/insightcrime.org\/wp-content\/uploads\/2020\/09\/AU-CLALS.jpg?resize=696%2C234&amp;quality=100&amp;ssl=1 696w, https:\/\/i0.wp.com\/insightcrime.org\/wp-content\/uploads\/2020\/09\/AU-CLALS.jpg?resize=1068%2C360&amp;quality=100&amp;ssl=1 1068w, https:\/\/i0.wp.com\/insightcrime.org\/wp-content\/uploads\/2020\/09\/AU-CLALS.jpg?resize=1247%2C420&amp;quality=100&amp;ssl=1 1247w, https:\/\/i0.wp.com\/insightcrime.org\/wp-content\/uploads\/2020\/09\/AU-CLALS.jpg?resize=1920%2C647&amp;quality=100&amp;ssl=1 1920w, https:\/\/i0.wp.com\/insightcrime.org\/wp-content\/uploads\/2020\/09\/AU-CLALS.jpg?w=370&amp;quality=100&amp;ssl=1 370w, https:\/\/i0.wp.com\/insightcrime.org\/wp-content\/uploads\/2020\/09\/AU-CLALS.jpg?w=400&amp;quality=100&amp;ssl=1 400w\" sizes=\"auto, (max-width: 1000px) 100vw, 1000px\" \/><\/a><\/figure>\n","protected":false},"excerpt":{"rendered":"<p>Chihuahua es el estado m\u00e1s extenso de M\u00e9xico, y m\u00e1s de una quinta parte de sus 25.000 hect\u00e1reas est\u00e1n sembradas en su mayor\u00eda de pino, del tipo que se beneficia en enormes cantidades en el pa\u00eds.<\/p>\n","protected":false},"author":75,"featured_media":123877,"comment_status":"open","ping_status":"open","sticky":false,"template":"single-feature.php","format":"standard","meta":{"newspack_ads_suppress_ads":false,"newspack_popups_has_disabled_popups":false,"newspack_sponsor_sponsorship_scope":"","newspack_sponsor_native_byline_display":"inherit","newspack_sponsor_native_category_display":"inherit","newspack_sponsor_underwriter_style":"inherit","newspack_sponsor_underwriter_placement":"inherit","_EventAllDay":false,"_EventTimezone":"","_EventStartDate":"","_EventEndDate":"","_EventStartDateUTC":"","_EventEndDateUTC":"","_EventShowMap":false,"_EventShowMapLink":false,"_EventURL":"","_EventCost":"","_EventCostDescription":"","_EventCurrencySymbol":"","_EventCurrencyCode":"","_EventCurrencyPosition":"","_EventDateTimeSeparator":"","_EventTimeRangeSeparator":"","_EventOrganizerID":[],"_EventVenueID":[],"_OrganizerEmail":"","_OrganizerPhone":"","_OrganizerWebsite":"","_VenueAddress":"","_VenueCity":"","_VenueCountry":"","_VenueProvince":"","_VenueState":"","_VenueZip":"","_VenuePhone":"","_VenueURL":"","_VenueStateProvince":"","_VenueLat":"","_VenueLng":"","_VenueShowMap":false,"_VenueShowMapLink":false,"_newspack_byline_active":false,"_newspack_byline":"","newspack_hide_updated_date":false,"newspack_show_updated_date":false,"newspack_featured_image_position":"above","newspack_post_subtitle":"","newspack_article_summary_title":"Overview:","newspack_article_summary":"","_jetpack_memberships_contains_paid_content":false,"footnotes":""},"categories":[342],"tags":[439,455,406,3481],"newspack_spnsrs_tax":[],"coauthors":[4034],"class_list":["post-233258","post","type-post","status-publish","format-standard","has-post-thumbnail","hentry","category-investigaciones","tag-delitos-ambientales","tag-infografias","tag-mexico-pais","tag-trafico-de-madera","entry"],"parsely":{"version":"1.1.0","canonical_url":"https:\/\/insightcrime.org\/es\/investigaciones\/carteles-droga-tala-ilegal-mexico\/","smart_links":{"inbound":0,"outbound":0},"traffic_boost_suggestions_count":0,"meta":{"@context":"https:\/\/schema.org","@type":"NewsArticle","headline":"C\u00f3mo los carteles de la droga se colaron en la tala ilegal en M\u00e9xico","url":"http:\/\/insightcrime.org\/es\/investigaciones\/carteles-droga-tala-ilegal-mexico\/","mainEntityOfPage":{"@type":"WebPage","@id":"http:\/\/insightcrime.org\/es\/investigaciones\/carteles-droga-tala-ilegal-mexico\/"},"thumbnailUrl":"https:\/\/i0.wp.com\/insightcrime.org\/wp-content\/uploads\/2020\/09\/Mexico-Ecotrafficking-cover-image-Ilus-InSight-Crime-08-10-2020-1.jpg?resize=150%2C150&quality=100&ssl=1","image":{"@type":"ImageObject","url":"https:\/\/i0.wp.com\/insightcrime.org\/wp-content\/uploads\/2020\/09\/Mexico-Ecotrafficking-cover-image-Ilus-InSight-Crime-08-10-2020-1.jpg?fit=1600%2C600&quality=100&ssl=1"},"articleSection":"Investigaciones","author":[{"@type":"Person","name":"Deborah Bonello"}],"creator":["Deborah Bonello"],"publisher":{"@type":"Organization","name":"InSight Crime","logo":"https:\/\/insightcrime.org\/wp-content\/uploads\/2023\/08\/logo.png"},"keywords":["delitos ambientales","infograf\u00edas","m\u00e9xico","tr\u00e1fico de madera"],"dateCreated":"2020-09-18T21:23:22Z","datePublished":"2020-09-18T21:23:22Z","dateModified":"2023-10-17T17:28:53Z"},"rendered":"<meta name=\"parsely-title\" content=\"C\u00f3mo los carteles de la droga se colaron en la tala ilegal en M\u00e9xico\" \/>\n<meta name=\"parsely-link\" content=\"http:\/\/insightcrime.org\/es\/investigaciones\/carteles-droga-tala-ilegal-mexico\/\" \/>\n<meta name=\"parsely-type\" content=\"post\" \/>\n<meta name=\"parsely-image-url\" content=\"https:\/\/i0.wp.com\/insightcrime.org\/wp-content\/uploads\/2020\/09\/Mexico-Ecotrafficking-cover-image-Ilus-InSight-Crime-08-10-2020-1.jpg?resize=150%2C150&amp;quality=100&amp;ssl=1\" \/>\n<meta name=\"parsely-pub-date\" content=\"2020-09-18T21:23:22Z\" \/>\n<meta name=\"parsely-section\" content=\"Investigaciones\" \/>\n<meta name=\"parsely-tags\" content=\"delitos ambientales,infograf\u00edas,m\u00e9xico,tr\u00e1fico de madera\" \/>\n<meta name=\"parsely-author\" content=\"Deborah Bonello\" \/>","tracker_url":"https:\/\/cdn.parsely.com\/keys\/insightcrime.org\/p.js"},"jetpack_sharing_enabled":true,"jetpack-related-posts":[{"id":167284,"url":"https:\/\/insightcrime.org\/es\/noticias\/depreciacion-marihuana-grupos-criminales-mexico-recurren-alcohol-tala\/","url_meta":{"origin":233258,"position":0},"title":"Por depreciaci\u00f3n de la marihuana, grupos criminales de M\u00e9xico recurren al alcohol y la tala","author":"Diego Garcia","date":"8 de septiembre de 2021","format":false,"excerpt":"M\u00e9xico sigue siendo el principal proveedor internacional de marihuana para Estados Unidos, pero las ganancias de este mercado han disminuido desde 2013, lo que ha obligado a ciertos grupos criminales a buscar otras fuentes de ingreso.","rel":"","context":"En \u00abNoticias\u00bb","block_context":{"text":"Noticias","link":"https:\/\/insightcrime.org\/es\/category\/noticias\/"},"img":{"alt_text":"","src":"https:\/\/i0.wp.com\/insightcrime.org\/wp-content\/uploads\/2021\/08\/Mexico-A-marijuana-plants-stands-amid-a-plantation-AP_110715020894-July-2011-A2.jpg?fit=1200%2C690&quality=100&ssl=1&resize=350%2C200","width":350,"height":200,"srcset":"https:\/\/i0.wp.com\/insightcrime.org\/wp-content\/uploads\/2021\/08\/Mexico-A-marijuana-plants-stands-amid-a-plantation-AP_110715020894-July-2011-A2.jpg?fit=1200%2C690&quality=100&ssl=1&resize=350%2C200 1x, https:\/\/i0.wp.com\/insightcrime.org\/wp-content\/uploads\/2021\/08\/Mexico-A-marijuana-plants-stands-amid-a-plantation-AP_110715020894-July-2011-A2.jpg?fit=1200%2C690&quality=100&ssl=1&resize=525%2C300 1.5x, https:\/\/i0.wp.com\/insightcrime.org\/wp-content\/uploads\/2021\/08\/Mexico-A-marijuana-plants-stands-amid-a-plantation-AP_110715020894-July-2011-A2.jpg?fit=1200%2C690&quality=100&ssl=1&resize=700%2C400 2x, https:\/\/i0.wp.com\/insightcrime.org\/wp-content\/uploads\/2021\/08\/Mexico-A-marijuana-plants-stands-amid-a-plantation-AP_110715020894-July-2011-A2.jpg?fit=1200%2C690&quality=100&ssl=1&resize=1050%2C600 3x"},"classes":[]},{"id":189761,"url":"https:\/\/insightcrime.org\/es\/noticias\/jefe-cartel-sinaloa-asesinato-sacerdotes-beisbolistas-turista-eeuu\/","url_meta":{"origin":233258,"position":1},"title":"Jefe del cartel de Sinaloa en la mira tras asesinato de sacerdotes, beisbolistas y turista de EE.UU.","author":"Henry Shuldiner","date":"29 de junio de 2022","format":false,"excerpt":"El cobarde asesinato de dos sacerdotes y un gu\u00eda tur\u00edstico en el estado de Chihuahua, norte de M\u00e9xico, ha acaparado titulares a lo largo de esta semana, pero para los estados fronterizos del pa\u00eds asolados por el crimen, ese es solo un caso m\u00e1s de la violencia cotidiana.","rel":"","context":"En \u00abNoticias\u00bb","block_context":{"text":"Noticias","link":"https:\/\/insightcrime.org\/es\/category\/noticias\/"},"img":{"alt_text":"","src":"","width":0,"height":0},"classes":[]},{"id":318518,"url":"https:\/\/insightcrime.org\/es\/noticias-crimen-organizado-mexico\/la-linea\/","url_meta":{"origin":233258,"position":2},"title":"La L\u00ednea","author":"InSight Crime","date":"22 de agosto de 2025","format":false,"excerpt":"La L\u00ednea es una de las principales fuerzas criminales en el estado mexicano de Chihuahua, involucrada en actividades que van desde el tr\u00e1fico de migrantes hasta el narcotr\u00e1fico. Su base principal es Ciudad Ju\u00e1rez, desde donde proyecta su poder a lo largo de un tramo clave de la frontera entre\u2026","rel":"","context":"En \u00abM\u00e9xico\u00bb","block_context":{"text":"M\u00e9xico","link":"https:\/\/insightcrime.org\/es\/category\/noticias-crimen-organizado-mexico\/"},"img":{"alt_text":"","src":"https:\/\/i0.wp.com\/insightcrime.org\/wp-content\/uploads\/2026\/06\/Grupo-Criminal-La-Linea-1.jpg?fit=1200%2C900&quality=100&ssl=1&resize=350%2C200","width":350,"height":200,"srcset":"https:\/\/i0.wp.com\/insightcrime.org\/wp-content\/uploads\/2026\/06\/Grupo-Criminal-La-Linea-1.jpg?fit=1200%2C900&quality=100&ssl=1&resize=350%2C200 1x, https:\/\/i0.wp.com\/insightcrime.org\/wp-content\/uploads\/2026\/06\/Grupo-Criminal-La-Linea-1.jpg?fit=1200%2C900&quality=100&ssl=1&resize=525%2C300 1.5x, https:\/\/i0.wp.com\/insightcrime.org\/wp-content\/uploads\/2026\/06\/Grupo-Criminal-La-Linea-1.jpg?fit=1200%2C900&quality=100&ssl=1&resize=700%2C400 2x, https:\/\/i0.wp.com\/insightcrime.org\/wp-content\/uploads\/2026\/06\/Grupo-Criminal-La-Linea-1.jpg?fit=1200%2C900&quality=100&ssl=1&resize=1050%2C600 3x"},"classes":[]},{"id":316643,"url":"https:\/\/insightcrime.org\/es\/noticias\/viejos-criminales-forman-nueva-guardia-criminal-juarez-mexico\/","url_meta":{"origin":233258,"position":3},"title":"En Ciudad Ju\u00e1rez, M\u00e9xico, viejos criminales forjan una nueva generaci\u00f3n criminal","author":"Steven Dudley","date":"7 de agosto de 2025","format":false,"excerpt":"En Ciudad Ju\u00e1rez, M\u00e9xico, las organizaciones criminales de vieja guardia han dado paso al ascenso de una nueva generaci\u00f3n que, a trav\u00e9s de la violencia, se disputa lucrativas rentas ilegales transfronterizas, como el tr\u00e1fico de drogas y migrantes.","rel":"","context":"En \u00abNoticias\u00bb","block_context":{"text":"Noticias","link":"https:\/\/insightcrime.org\/es\/category\/noticias\/"},"img":{"alt_text":"","src":"https:\/\/i0.wp.com\/insightcrime.org\/wp-content\/uploads\/2025\/08\/Flagship-Cover-The-New-Criminal-Order-in-Juarez-Ago-2025.jpg?fit=1200%2C690&quality=100&ssl=1&resize=350%2C200","width":350,"height":200,"srcset":"https:\/\/i0.wp.com\/insightcrime.org\/wp-content\/uploads\/2025\/08\/Flagship-Cover-The-New-Criminal-Order-in-Juarez-Ago-2025.jpg?fit=1200%2C690&quality=100&ssl=1&resize=350%2C200 1x, https:\/\/i0.wp.com\/insightcrime.org\/wp-content\/uploads\/2025\/08\/Flagship-Cover-The-New-Criminal-Order-in-Juarez-Ago-2025.jpg?fit=1200%2C690&quality=100&ssl=1&resize=525%2C300 1.5x, https:\/\/i0.wp.com\/insightcrime.org\/wp-content\/uploads\/2025\/08\/Flagship-Cover-The-New-Criminal-Order-in-Juarez-Ago-2025.jpg?fit=1200%2C690&quality=100&ssl=1&resize=700%2C400 2x, https:\/\/i0.wp.com\/insightcrime.org\/wp-content\/uploads\/2025\/08\/Flagship-Cover-The-New-Criminal-Order-in-Juarez-Ago-2025.jpg?fit=1200%2C690&quality=100&ssl=1&resize=1050%2C600 3x"},"classes":[]},{"id":176977,"url":"https:\/\/insightcrime.org\/es\/noticias\/ataques-asesinatos-periodistas-escandalizan-mexico\/","url_meta":{"origin":233258,"position":4},"title":"Ataques y asesinatos de periodistas escandalizan a M\u00e9xico","author":"Parker Asmann","date":"28 de enero de 2022","format":false,"excerpt":"El inicio de 2022 en M\u00e9xico ha estado te\u00f1ido de sangre de periodistas, muertos a tiros, pu\u00f1aladas o emboscados, mientras las autoridades siguen acusando a las organizaciones criminales.","rel":"","context":"En \u00abNoticias\u00bb","block_context":{"text":"Noticias","link":"https:\/\/insightcrime.org\/es\/category\/noticias\/"},"img":{"alt_text":"Los asesinatos de periodistas en M\u00e9xico no paran","src":"https:\/\/i0.wp.com\/insightcrime.org\/wp-content\/uploads\/2022\/01\/2022-01-27-Mex-Journo-Killings.jpg?fit=350%2C250&quality=100&ssl=1&resize=350%2C200","width":350,"height":200},"classes":[]},{"id":311943,"url":"https:\/\/insightcrime.org\/es\/sin-categorizar\/defensores-ambientales-mexico-enfrentan-amenazas-letales-crimen-organizado\/","url_meta":{"origin":233258,"position":5},"title":"Defensores ambientales en M\u00e9xico enfrentan amenazas letales del crimen organizado","author":"Liza Schmidt","date":"6 de junio de 2025","format":false,"excerpt":"En M\u00e9xico, la defensa del medio ambiente se ha vuelto una labor de alto riesgo. Una entrevista con el Centro Mexicano de Derecho Ambiental (CEMDA) revela c\u00f3mo el crimen organizado se ha afianzado en territorios estrat\u00e9gicos, donde impone el silencio y facilita el avance de megaproyectos.","rel":"","context":"En \u00abNoticias\u00bb","block_context":{"text":"Noticias","link":"https:\/\/insightcrime.org\/es\/category\/noticias\/"},"img":{"alt_text":"The Tren Maya megaproject in Mexico extending into the distance. \nEl megaproyecto Tren Maya en M\u00e9xico, que se extiende hacia el horizonte. ","src":"https:\/\/i0.wp.com\/insightcrime.org\/wp-content\/uploads\/2025\/06\/Tren-Maya-megaproject-Mexico-environmental-crime.jpg?fit=350%2C250&quality=100&ssl=1&resize=350%2C200","width":350,"height":200},"classes":[]}],"jetpack_featured_media_url":"https:\/\/i0.wp.com\/insightcrime.org\/wp-content\/uploads\/2020\/09\/Mexico-Ecotrafficking-cover-image-Ilus-InSight-Crime-08-10-2020-1.jpg?fit=1600%2C600&quality=100&ssl=1","_links":{"self":[{"href":"https:\/\/insightcrime.org\/es\/wp-json\/wp\/v2\/posts\/233258","targetHints":{"allow":["GET"]}}],"collection":[{"href":"https:\/\/insightcrime.org\/es\/wp-json\/wp\/v2\/posts"}],"about":[{"href":"https:\/\/insightcrime.org\/es\/wp-json\/wp\/v2\/types\/post"}],"author":[{"embeddable":true,"href":"https:\/\/insightcrime.org\/es\/wp-json\/wp\/v2\/users\/75"}],"replies":[{"embeddable":true,"href":"https:\/\/insightcrime.org\/es\/wp-json\/wp\/v2\/comments?post=233258"}],"version-history":[{"count":2,"href":"https:\/\/insightcrime.org\/es\/wp-json\/wp\/v2\/posts\/233258\/revisions"}],"predecessor-version":[{"id":241894,"href":"https:\/\/insightcrime.org\/es\/wp-json\/wp\/v2\/posts\/233258\/revisions\/241894"}],"wp:featuredmedia":[{"embeddable":true,"href":"https:\/\/insightcrime.org\/es\/wp-json\/wp\/v2\/media\/123877"}],"wp:attachment":[{"href":"https:\/\/insightcrime.org\/es\/wp-json\/wp\/v2\/media?parent=233258"}],"wp:term":[{"taxonomy":"category","embeddable":true,"href":"https:\/\/insightcrime.org\/es\/wp-json\/wp\/v2\/categories?post=233258"},{"taxonomy":"post_tag","embeddable":true,"href":"https:\/\/insightcrime.org\/es\/wp-json\/wp\/v2\/tags?post=233258"},{"taxonomy":"newspack_spnsrs_tax","embeddable":true,"href":"https:\/\/insightcrime.org\/es\/wp-json\/wp\/v2\/newspack_spnsrs_tax?post=233258"},{"taxonomy":"author","embeddable":true,"href":"https:\/\/insightcrime.org\/es\/wp-json\/wp\/v2\/coauthors?post=233258"}],"curies":[{"name":"wp","href":"https:\/\/api.w.org\/{rel}","templated":true}]}}