{"id":236191,"date":"2023-09-29T16:20:07","date_gmt":"2023-09-29T21:20:07","guid":{"rendered":"https:\/\/insightcrime.org\/?p=236191"},"modified":"2023-09-29T16:29:49","modified_gmt":"2023-09-29T21:29:49","slug":"colombia-examinara-el-rol-de-la-violencia-de-genero-en-el-conflicto-armado","status":"publish","type":"post","link":"https:\/\/insightcrime.org\/es\/noticias\/colombia-examinara-el-rol-de-la-violencia-de-genero-en-el-conflicto-armado\/","title":{"rendered":"Colombia examinar\u00e1 el rol de la violencia de g\u00e9nero en el conflicto armado"},"content":{"rendered":"\n<p class=\"wp-block-paragraph\">Una decisi\u00f3n de la Jurisdicci\u00f3n Especial para la Paz en Colombia abre la puerta para examinar a fondo el uso de la violencia sexual y de g\u00e9nero como estrategia de guerra por parte de grupos armados en el pa\u00eds.<\/p>\n\n\n\n<p class=\"wp-block-paragraph\">Tras m\u00e1s de un a\u00f1o de investigaci\u00f3n y recopilaci\u00f3n de informaci\u00f3n, la Sala de Reconocimiento de la Jurisdicci\u00f3n Especial para la Paz (JEP) en Colombia <a href=\"https:\/\/www.jep.gov.co\/Sala-de-Prensa\/Paginas\/-la-jep-abre-macrocaso-11-que-investiga-la-violencia-basada-en-genero-incluyendo-violencia-sexual-y-reproductiva-y-crimenes.aspx\" target=\"_blank\" rel=\"noreferrer noopener\">anunci\u00f3<\/a> el 27 de septiembre la apertura del macrocaso 11 sobre violencia sexual y de g\u00e9nero en el marco del conflicto, tras determinar que este tipo de violencia fue utilizada por los grupos armados y la fuerza p\u00fablica como arma de guerra.&nbsp;<\/p>\n\n\n\n<p class=\"wp-block-paragraph\">La JEP es el mecanismo de justicia transicional que surgi\u00f3 luego del acuerdo de paz entre el gobierno colombiano y las extintas Fuerzas Armadas Revolucionarias de Colombia (<a href=\"https:\/\/es.insightcrime.org\/noticias-crimen-organizado-colombia\/farc-perfil\/\" target=\"_blank\" rel=\"noreferrer noopener\">FARC-EP<\/a>) firmado en 2016.&nbsp;Se encarga de investigar y judicializar los cr\u00edmenes cometidos por la guerrilla, el Estado y terceros como parte del conflicto armado.<\/p>\n\n\n\n<p class=\"wp-block-paragraph\">Los informes y testimonios recopilados por el tribunal ilustran las motivaciones y patrones preliminares detr\u00e1s de cr\u00edmenes por razones de g\u00e9nero y exponen la l\u00f3gica patriarcal que rige a los grupos armados en Colombia.<\/p>\n\n\n\n<blockquote class=\"wp-block-quote is-layout-flow wp-block-quote-is-layout-flow\">\n<p class=\"wp-block-paragraph\"><strong><mark style=\"background-color:rgba(0, 0, 0, 0);color:#b40026\" class=\"has-inline-color\">VEA TAMBI\u00c9N:<\/mark><\/strong><a href=\"https:\/\/es.insightcrime.org\/noticias\/conflicto-armado-colombia-agudizo-violencia-contra-mujeres-comunidad-lgtbiq-comision-verdad\/\" target=\"_blank\" rel=\"noreferrer noopener\"> &#8216;El conflicto armado en Colombia agudiz\u00f3 la violencia contra mujeres y comunidad LGTBIQ+&#8217;: Comisi\u00f3n de la Verdad<\/a><\/p>\n<\/blockquote>\n\n\n\n<p class=\"wp-block-paragraph\">Durante las d\u00e9cadas de conflicto entre grupos armados y criminales, y el estado colombiano, las personas con orientaciones, identidades y\/o expresiones de g\u00e9nero diversas han sido <a href=\"https:\/\/es.insightcrime.org\/noticias\/conflicto-armado-colombia-agudizo-violencia-contra-mujeres-comunidad-lgtbiq-comision-verdad\/\" target=\"_blank\" rel=\"noreferrer noopener\">castigadas<\/a> o eliminadas por desviarse de los roles de g\u00e9nero tradicionales que muchos de estos grupos perpet\u00faan.<\/p>\n\n\n\n<p class=\"wp-block-paragraph\">En cuanto a violencia sexual, la JEP revel\u00f3, hay dos patrones de victimizaci\u00f3n que se repiten.&nbsp;En el primero, la violencia sexual fue utilizada para herir al enemigo, atacando a mujeres y ni\u00f1as relacionadas con el rival del grupo. La otra gran parte de los casos investigados por la JEP dan cuenta de que existi\u00f3 una creencia de que las mujeres est\u00e1n \u201cdisponibles sexualmente\u201d para los grupos armados, que se valieron de la intimidaci\u00f3n y el poder para abusar de ellas.<\/p>\n\n\n\n<p class=\"wp-block-paragraph\">Adem\u00e1s, la JEP recopila otros cr\u00edmenes, como el aborto y la anticoncepci\u00f3n forzada -que hacen parte de la violencia reproductiva- que ocurrieron dentro de las filas de las FARC y que ya han sido sujetos de <a href=\"https:\/\/es.insightcrime.org\/noticias\/noticias-del-dia\/violencia-sexual-farc-colombia\/\" target=\"_blank\" rel=\"noreferrer noopener\">discusi\u00f3n<\/a> en otras instancias judiciales.<\/p>\n\n\n\n<p class=\"wp-block-paragraph\">El tribunal tambi\u00e9n revel\u00f3 el \u201cuniverso provisional de hechos\u201d, en el que registraron al menos 35.178 v\u00edctimas de violencia basada en g\u00e9nero entre 1957 y 2016, de las cuales el 89,2% son mujeres y el 35% ni\u00f1os y ni\u00f1as. Adem\u00e1s, seg\u00fan las cifras de la JEP, los grupos paramilitares y pos-desmovilizaci\u00f3n de las Autodefensas Unidas de Colombia (<a href=\"https:\/\/es.insightcrime.org\/noticias-crimen-organizado-colombia\/auc-perfil\/\" target=\"_blank\" rel=\"noreferrer noopener\">AUC<\/a>) son responsables de la mayor parte de esta violencia (33% de los casos), seguidos por las FARC (5,82%), y agentes del Estado (3,14%). En otro 30% de los casos no se determin\u00f3 un actor armado responsable.<\/p>\n\n\n\n<h2 class=\"wp-block-heading\"><strong>An\u00e1lisis de InSight Crime<\/strong><\/h2>\n\n\n\n<p class=\"wp-block-paragraph\">La apertura del caso es una esperanza para las v\u00edctimas que llevan a\u00f1os reclamando justicia sobre estos cr\u00edmenes, y pone en relieve la sistematicidad y las dificultades para investigar este tipo de violencia, que al d\u00eda de hoy sigue siendo utilizada por grupos armados y criminales.<\/p>\n\n\n\n<p class=\"wp-block-paragraph\">Desde el establecimiento de la JEP, las v\u00edctimas de violencia de g\u00e9nero y violencia reproductiva, as\u00ed como organizaciones de la sociedad civil, han pedido al tribunal que abra un caso especial para investigar estos cr\u00edmenes que, como han demostrado numerosas investigaciones, no fueron espor\u00e1dicos, sino parte de un <a href=\"https:\/\/es.insightcrime.org\/investigaciones\/paramilitarismo-violencia-sexual-costa-caribe-de-colombia\/\" target=\"_blank\" rel=\"noreferrer noopener\">patr\u00f3n de violencia<\/a> propiciado por el conflicto armado y que permiti\u00f3 a los grupos armados y criminales expandir su control sobre las comunidades y territorios donde hicieron presencia.<\/p>\n\n\n\n<p class=\"wp-block-paragraph\">Los estudios preliminares de la JEP brindaron varios datos importantes y abrieron el paso para estudiar el tema m\u00e1s a fondo por el macrocaso. Este investigar\u00e1 denuncias de violencia sexual, asesinato, desaparici\u00f3n forzada, desplazamiento, aborto y anticoncepci\u00f3n forzada y esclavitud sexual, entre otros delitos que se cometieron motivados por el la orientaci\u00f3n, identidad o expresi\u00f3n de g\u00e9nero de las v\u00edctimas.<\/p>\n\n\n\n<p class=\"wp-block-paragraph\">\u00abEl reto m\u00e1s grande que enfrenta a la JEP es el subregistro&#8230; y est\u00e1 tomando medidas para garantizar que m\u00e1s personas se acerquen se acrediten como v\u00edctimas bajo ese caso, lo cual es muy importante\u00bb, explic\u00f3 a InSight Crime Mar\u00eda Cecilia Ib\u00e1\u00f1ez, abogada senior de Women\u2019s Link Worldwide, una organizaci\u00f3n sin \u00e1nimo de lucro que aboga por los derechos de ni\u00f1as y mujeres.<\/p>\n\n\n\n<p class=\"wp-block-paragraph\">Se espera que la apertura del macrocaso permita a la instituci\u00f3n ampliar el universo de hechos, recibiendo m\u00e1s denuncias e informes de la sociedad civil. Sin embargo, las barreras para denunciar la violencia basada en g\u00e9nero a\u00fan son un problema en Colombia, donde ya existe un subregistro masivo de casos de violencia sexual.<\/p>\n\n\n\n<p class=\"wp-block-paragraph\">\u00abEn muchas partes del pa\u00eds todav\u00eda hay conflicto, entonces muchas personas tienen miedo de denunciar y de acreditarse tambi\u00e9n como v\u00edctimas ante la Jurisdicci\u00f3n. [\u2026] Muchas personas sienten verg\u00fcenza de reconocer que fueron v\u00edctimas de violencias basadas en g\u00e9nero y una [barrera] muy importante cuando hablamos, sobre todo de violencias reproductivas, es que muchas personas a veces no saben que eso que les ocurri\u00f3 fue una forma de violencia\u00bb, explic\u00f3 Ib\u00e1\u00f1ez.<\/p>\n\n\n\n<blockquote class=\"wp-block-quote is-layout-flow wp-block-quote-is-layout-flow\">\n<p class=\"wp-block-paragraph\"><strong><mark style=\"background-color:rgba(0, 0, 0, 0);color:#b40026\" class=\"has-inline-color\">VEA TAMBI\u00c9N: <\/mark><\/strong><a href=\"https:\/\/es.insightcrime.org\/investigaciones\/paramilitarismo-violencia-sexual-costa-caribe-de-colombia\/\" target=\"_blank\" rel=\"noreferrer noopener\">Paramilitarismo y violencia sexual en la costa Caribe de Colombia<\/a><\/p>\n<\/blockquote>\n\n\n\n<p class=\"wp-block-paragraph\">Adem\u00e1s, el mismo tribunal reconoce que los modelos de justicia tradicionales no han sido efectivos en proveer a las v\u00edctimas de violencia basada en g\u00e9nero justicia, verdad y no repetici\u00f3n, y deber\u00e1 dise\u00f1ar mecanismos para garantizar estos derechos al tiempo que evita revictimizar a quienes han denunciado.&nbsp;<\/p>\n\n\n\n<p class=\"wp-block-paragraph\">Otro factor limitante es que la JEP solo tiene competencia sobre los casos relacionados con las FARC-EP y el Estado. De acuerdo con la instituci\u00f3n, el caso estar\u00e1 dividido en tres subcasos que investigar\u00e1n la violencia basada en g\u00e9nero perpetrada por las FARC en un caso, por la Fuerza P\u00fablica en otro, y los casos de violencia cometida al interior de las filas de ambos grupos.<\/p>\n\n\n\n<p class=\"wp-block-paragraph\">Aunque no es su competencia juzgar estos cr\u00edmenes, la JEP avanz\u00f3 en la recopilaci\u00f3n de datos sobre victimizaci\u00f3n por parte de otras guerrillas (9.202 casos), los paramilitares y los grupos criminales pos-desmovilizaci\u00f3n de las AUC (11.683), que podr\u00edan abrir la puerta a nuevas decisiones judiciales en el futuro. Al d\u00eda de hoy, estos grupos <a href=\"https:\/\/es.insightcrime.org\/investigaciones\/feminicidios-tibu-colombia-cocaina-hombres-armados-guerra\/\" target=\"_blank\" rel=\"noreferrer noopener\">contin\u00faan<\/a> usando la violencia de g\u00e9nero para controlar a las comunidades y responder ante estos hechos supone todav\u00eda un reto para las autoridades de Colombia, por lo cual contar con reportes y testimonios ser\u00e1 vital, especialmente a medida que grupos como el Ej\u00e9rcito de Liberaci\u00f3n Nacional (ELN) <a href=\"https:\/\/es.insightcrime.org\/noticias\/ano-paz-total-colombia-menos-violencia-criminales-fuertes\/\" target=\"_blank\" rel=\"noreferrer noopener\">negocian<\/a> con el gobierno colombiano.<\/p>\n","protected":false},"excerpt":{"rendered":"<p>La Jurisdicci\u00f3n Especial para la Paz en Colombia abre la puerta para examinar a fondo el uso de la violencia sexual y de g\u00e9nero como estrategia de guerra por parte de grupos armados en el pa\u00eds. La apertura del caso es una esperanza para las v\u00edctimas que llevan a\u00f1os reclamando justicia sobre estos cr\u00edmenes, y pone en relieve la sistematicidad y las dificultades para investigar este tipo de violencia, que al d\u00eda de hoy sigue siendo utilizada por grupos armados y criminales.<\/p>\n","protected":false},"author":202,"featured_media":236189,"comment_status":"closed","ping_status":"closed","sticky":false,"template":"","format":"standard","meta":{"newspack_ads_suppress_ads":false,"newspack_popups_has_disabled_popups":false,"newspack_sponsor_sponsorship_scope":"","newspack_sponsor_native_byline_display":"inherit","newspack_sponsor_native_category_display":"inherit","newspack_sponsor_underwriter_style":"inherit","newspack_sponsor_underwriter_placement":"inherit","_EventAllDay":false,"_EventTimezone":"","_EventStartDate":"","_EventEndDate":"","_EventStartDateUTC":"","_EventEndDateUTC":"","_EventShowMap":false,"_EventShowMapLink":false,"_EventURL":"","_EventCost":"","_EventCostDescription":"","_EventCurrencySymbol":"","_EventCurrencyCode":"","_EventCurrencyPosition":"","_EventDateTimeSeparator":"","_EventTimeRangeSeparator":"","_EventOrganizerID":[],"_EventVenueID":[],"_OrganizerEmail":"","_OrganizerPhone":"","_OrganizerWebsite":"","_VenueAddress":"","_VenueCity":"","_VenueCountry":"","_VenueProvince":"","_VenueState":"","_VenueZip":"","_VenuePhone":"","_VenueURL":"","_VenueStateProvince":"","_VenueLat":"","_VenueLng":"","_VenueShowMap":false,"_VenueShowMapLink":false,"_newspack_byline_active":false,"_newspack_byline":"","newspack_hide_updated_date":false,"newspack_show_updated_date":false,"newspack_featured_image_position":"","newspack_post_subtitle":"","newspack_article_summary_title":"Overview:","newspack_article_summary":"","_jetpack_memberships_contains_paid_content":false,"footnotes":""},"categories":[759],"tags":[368,1542,3453],"newspack_spnsrs_tax":[],"coauthors":[4169],"class_list":["post-236191","post","type-post","status-publish","format-standard","has-post-thumbnail","hentry","category-noticias","tag-colombia-pais","tag-farc-ep","tag-genero-y-crimen-organizado","entry"],"parsely":{"version":"1.1.0","canonical_url":"https:\/\/insightcrime.org\/es\/noticias\/colombia-examinara-el-rol-de-la-violencia-de-genero-en-el-conflicto-armado\/","smart_links":{"inbound":0,"outbound":0},"traffic_boost_suggestions_count":0,"meta":{"@context":"https:\/\/schema.org","@type":"NewsArticle","headline":"Colombia examinar\u00e1 el rol de la violencia de g\u00e9nero en el conflicto armado","url":"http:\/\/insightcrime.org\/es\/noticias\/colombia-examinara-el-rol-de-la-violencia-de-genero-en-el-conflicto-armado\/","mainEntityOfPage":{"@type":"WebPage","@id":"http:\/\/insightcrime.org\/es\/noticias\/colombia-examinara-el-rol-de-la-violencia-de-genero-en-el-conflicto-armado\/"},"thumbnailUrl":"https:\/\/i0.wp.com\/insightcrime.org\/wp-content\/uploads\/2023\/09\/JEP-Magistrados-Caso-VBG-350x250-c-default.jpeg?resize=150%2C150&quality=100&ssl=1","image":{"@type":"ImageObject","url":"https:\/\/i0.wp.com\/insightcrime.org\/wp-content\/uploads\/2023\/09\/JEP-Magistrados-Caso-VBG-350x250-c-default.jpeg?fit=350%2C250&quality=100&ssl=1"},"articleSection":"Noticias","author":[{"@type":"Person","name":"Lara Loaiza"}],"creator":["Lara Loaiza"],"publisher":{"@type":"Organization","name":"InSight Crime","logo":"https:\/\/insightcrime.org\/wp-content\/uploads\/2023\/08\/logo.png"},"keywords":["colombia","farc","g\u00e9nero y crimen"],"dateCreated":"2023-09-29T21:20:07Z","datePublished":"2023-09-29T21:20:07Z","dateModified":"2023-09-29T21:29:49Z"},"rendered":"<meta name=\"parsely-title\" content=\"Colombia examinar\u00e1 el rol de la violencia de g\u00e9nero en el conflicto armado\" \/>\n<meta name=\"parsely-link\" content=\"http:\/\/insightcrime.org\/es\/noticias\/colombia-examinara-el-rol-de-la-violencia-de-genero-en-el-conflicto-armado\/\" \/>\n<meta name=\"parsely-type\" content=\"post\" \/>\n<meta name=\"parsely-image-url\" content=\"https:\/\/i0.wp.com\/insightcrime.org\/wp-content\/uploads\/2023\/09\/JEP-Magistrados-Caso-VBG-350x250-c-default.jpeg?resize=150%2C150&amp;quality=100&amp;ssl=1\" \/>\n<meta name=\"parsely-pub-date\" content=\"2023-09-29T21:20:07Z\" \/>\n<meta name=\"parsely-section\" content=\"Noticias\" \/>\n<meta name=\"parsely-tags\" content=\"colombia,farc,g\u00e9nero y crimen\" \/>\n<meta name=\"parsely-author\" content=\"Lara Loaiza\" \/>","tracker_url":"https:\/\/cdn.parsely.com\/keys\/insightcrime.org\/p.js"},"jetpack_sharing_enabled":true,"jetpack-related-posts":[{"id":232474,"url":"https:\/\/insightcrime.org\/es\/noticias\/colombia-reanuda-negociaciones-ex-farc-mafia-violencia-persiste\/","url_meta":{"origin":236191,"position":0},"title":"Colombia reanuda negociaciones con las ex-FARC mafia, pero la violencia persiste","author":"Lara Loaiza","date":"5 de septiembre de 2023","format":false,"excerpt":"El anuncio de un acuerdo para avanzar en las negociaciones con el Estado Mayor Central de las ex-FARC mafia parece ser un paso adelante para la pol\u00edtica de \u201cPaz Total\u201d del gobierno colombiano, pero en la pr\u00e1ctica podr\u00eda tener pocos efectos en la reducci\u00f3n de la violencia. El 4 de\u2026","rel":"","context":"En \u00abNoticias\u00bb","block_context":{"text":"Noticias","link":"https:\/\/insightcrime.org\/es\/category\/noticias\/"},"img":{"alt_text":"","src":"https:\/\/i0.wp.com\/insightcrime.org\/wp-content\/uploads\/2023\/09\/ExFARC-1.jpg?fit=350%2C250&quality=100&ssl=1&resize=350%2C200","width":350,"height":200},"classes":[]},{"id":294226,"url":"https:\/\/insightcrime.org\/es\/noticias\/violencia-mujeres-arma-guerra-colombia\/","url_meta":{"origin":236191,"position":1},"title":"La violencia contra las mujeres vuelve a ser un arma de guerra en Colombia","author":"Alicia Florez","date":"9 de octubre de 2024","format":false,"excerpt":"En Quibd\u00f3, Colombia, las bandas criminales locales han declarado como objetivo militar a mujeres por sus v\u00ednculos con grupos rivales, recurriendo a la violencia basada en g\u00e9nero como estrategia de control en medio de las disputas territoriales.\u00a0","rel":"","context":"En \u00abNoticias\u00bb","block_context":{"text":"Noticias","link":"https:\/\/insightcrime.org\/es\/category\/noticias\/"},"img":{"alt_text":"","src":"https:\/\/i0.wp.com\/insightcrime.org\/wp-content\/uploads\/2024\/10\/Flagship-La-violencia-contra-las-mujeres-vuelve-a-ser-un-arma-de-guerra-en-Colombia-Cover-InSight-Crime-Oct-2024.jpg?fit=1200%2C675&quality=100&ssl=1&resize=350%2C200","width":350,"height":200,"srcset":"https:\/\/i0.wp.com\/insightcrime.org\/wp-content\/uploads\/2024\/10\/Flagship-La-violencia-contra-las-mujeres-vuelve-a-ser-un-arma-de-guerra-en-Colombia-Cover-InSight-Crime-Oct-2024.jpg?fit=1200%2C675&quality=100&ssl=1&resize=350%2C200 1x, https:\/\/i0.wp.com\/insightcrime.org\/wp-content\/uploads\/2024\/10\/Flagship-La-violencia-contra-las-mujeres-vuelve-a-ser-un-arma-de-guerra-en-Colombia-Cover-InSight-Crime-Oct-2024.jpg?fit=1200%2C675&quality=100&ssl=1&resize=525%2C300 1.5x, https:\/\/i0.wp.com\/insightcrime.org\/wp-content\/uploads\/2024\/10\/Flagship-La-violencia-contra-las-mujeres-vuelve-a-ser-un-arma-de-guerra-en-Colombia-Cover-InSight-Crime-Oct-2024.jpg?fit=1200%2C675&quality=100&ssl=1&resize=700%2C400 2x, https:\/\/i0.wp.com\/insightcrime.org\/wp-content\/uploads\/2024\/10\/Flagship-La-violencia-contra-las-mujeres-vuelve-a-ser-un-arma-de-guerra-en-Colombia-Cover-InSight-Crime-Oct-2024.jpg?fit=1200%2C675&quality=100&ssl=1&resize=1050%2C600 3x"},"classes":[]},{"id":240857,"url":"https:\/\/insightcrime.org\/es\/noticias\/ex-farc-mafia-colombia-continuan-guerra-mientras-hablan-paz\/","url_meta":{"origin":236191,"position":2},"title":"Las ex-FARC mafia en Colombia contin\u00faan la guerra mientras hablan de paz","author":"Sergio Saffon","date":"11 de octubre de 2023","format":false,"excerpt":"Las negociaciones de paz en el Cauca penden de un hilo tras el asesinato de un soldado colombiano a manos de las ex-FARC mafia, poniendo de relieve la fragilidad de la Paz Total en este departamento estrat\u00e9gico para el narcotr\u00e1fico.","rel":"","context":"En \u00abNoticias\u00bb","block_context":{"text":"Noticias","link":"https:\/\/insightcrime.org\/es\/category\/noticias\/"},"img":{"alt_text":"Colombian solders enter a helicopter in Cauca.","src":"https:\/\/i0.wp.com\/insightcrime.org\/wp-content\/uploads\/2023\/08\/photo-2022-10-07-11-40-39_0-2.jpg?fit=350%2C250&quality=100&ssl=1&resize=350%2C200","width":350,"height":200},"classes":[]},{"id":286577,"url":"https:\/\/insightcrime.org\/es\/noticias\/entrevistas\/dos-anos-despues-paz-total-parece-traer-conflicto-colombia\/","url_meta":{"origin":236191,"position":3},"title":"Dos a\u00f1os despu\u00e9s, la Paz Total de Petro parece traer m\u00e1s conflicto en Colombia","author":"Sara Garcia","date":"8 de agosto de 2024","format":false,"excerpt":"Dos a\u00f1os despu\u00e9s del inicio del mandato del presidente Gustavo Petro, los an\u00e1lisis sugieren que los grupos criminales han aumentado su fuerza, mientras que la paz sigue siendo una perspectiva lejana.","rel":"","context":"En \u00abQ&amp;A\u00bb","block_context":{"text":"Q&amp;A","link":"https:\/\/insightcrime.org\/es\/category\/noticias\/entrevistas\/"},"img":{"alt_text":"EMC members gathered in the Caquet\u00e1 department in February 2024 Miembros del EMC reunidos en el departamento de Caquet\u00e1 en febrero de 2024.","src":"https:\/\/i0.wp.com\/insightcrime.org\/wp-content\/uploads\/2024\/08\/Grupos-armados-El-Tiempo.jpeg?fit=350%2C250&quality=100&ssl=1&resize=350%2C200","width":350,"height":200},"classes":[]},{"id":194191,"url":"https:\/\/insightcrime.org\/es\/noticias\/entrevistas\/conflicto-armado-colombia-agudizo-violencia-contra-mujeres-comunidad-lgtbiq-comision-verdad\/","url_meta":{"origin":236191,"position":4},"title":"&#8216;El conflicto armado en Colombia agudiz\u00f3 la violencia contra mujeres y comunidad LGTBIQ+&#8217;: Comisi\u00f3n de la Verdad\u00a0","author":"Laura \u00c1vila","date":"4 de agosto de 2022","format":false,"excerpt":"Los testimonios de mujeres y personas LGTBIQ+ en Colombia revelan la violencia desproporcionada que sufrieron durante el conflicto y advierten que, en la actualidad, se est\u00e1n dando nuevos ciclos de violencia por las disputas entre grupos armados por econom\u00edas il\u00edcitas como el narcotr\u00e1fico.","rel":"","context":"En \u00abQ&amp;A\u00bb","block_context":{"text":"Q&amp;A","link":"https:\/\/insightcrime.org\/es\/category\/noticias\/entrevistas\/"},"img":{"alt_text":"Alejandra Millner, economista, magister en Estudios Pol\u00edticos y miembro de la Comisi\u00f3n de la Verdad","src":"https:\/\/i0.wp.com\/insightcrime.org\/wp-content\/uploads\/2022\/08\/alejandra-miller.jpg?fit=350%2C250&quality=100&ssl=1&resize=350%2C200","width":350,"height":200},"classes":[]},{"id":247041,"url":"https:\/\/insightcrime.org\/es\/noticias\/3-tendencias-marcaron-reclutamiento-infantil-conflicto-colombiano\/","url_meta":{"origin":236191,"position":5},"title":"3 tendencias que marcaron el reclutamiento infantil en el conflicto colombiano","author":"Juliana Manjarr\u00e9s","date":"20 de noviembre de 2023","format":false,"excerpt":"Colombia sigue encontrando obst\u00e1culos para proteger los derechos de ni\u00f1os y ni\u00f1as que son reclutados forzosamente por grupos armados y criminales a pesar de que el gobierno negocia la paz con unos de los actores armados m\u00e1s grandes del pa\u00eds.\u00a0","rel":"","context":"En \u00abNoticias\u00bb","block_context":{"text":"Noticias","link":"https:\/\/insightcrime.org\/es\/category\/noticias\/"},"img":{"alt_text":"The ELN is one of the groups with the highest numbers of child recruitment in Colombia.","src":"https:\/\/i0.wp.com\/insightcrime.org\/wp-content\/uploads\/2023\/11\/WZCIWIXQUFDDBGQ2LPOPEXXEZY-1.jpg?fit=350%2C250&quality=100&ssl=1&resize=350%2C200","width":350,"height":200},"classes":[]}],"jetpack_featured_media_url":"https:\/\/i0.wp.com\/insightcrime.org\/wp-content\/uploads\/2023\/09\/JEP-Magistrados-Caso-VBG-350x250-c-default.jpeg?fit=350%2C250&quality=100&ssl=1","_links":{"self":[{"href":"https:\/\/insightcrime.org\/es\/wp-json\/wp\/v2\/posts\/236191","targetHints":{"allow":["GET"]}}],"collection":[{"href":"https:\/\/insightcrime.org\/es\/wp-json\/wp\/v2\/posts"}],"about":[{"href":"https:\/\/insightcrime.org\/es\/wp-json\/wp\/v2\/types\/post"}],"author":[{"embeddable":true,"href":"https:\/\/insightcrime.org\/es\/wp-json\/wp\/v2\/users\/202"}],"replies":[{"embeddable":true,"href":"https:\/\/insightcrime.org\/es\/wp-json\/wp\/v2\/comments?post=236191"}],"version-history":[{"count":1,"href":"https:\/\/insightcrime.org\/es\/wp-json\/wp\/v2\/posts\/236191\/revisions"}],"predecessor-version":[{"id":236193,"href":"https:\/\/insightcrime.org\/es\/wp-json\/wp\/v2\/posts\/236191\/revisions\/236193"}],"wp:featuredmedia":[{"embeddable":true,"href":"https:\/\/insightcrime.org\/es\/wp-json\/wp\/v2\/media\/236189"}],"wp:attachment":[{"href":"https:\/\/insightcrime.org\/es\/wp-json\/wp\/v2\/media?parent=236191"}],"wp:term":[{"taxonomy":"category","embeddable":true,"href":"https:\/\/insightcrime.org\/es\/wp-json\/wp\/v2\/categories?post=236191"},{"taxonomy":"post_tag","embeddable":true,"href":"https:\/\/insightcrime.org\/es\/wp-json\/wp\/v2\/tags?post=236191"},{"taxonomy":"newspack_spnsrs_tax","embeddable":true,"href":"https:\/\/insightcrime.org\/es\/wp-json\/wp\/v2\/newspack_spnsrs_tax?post=236191"},{"taxonomy":"author","embeddable":true,"href":"https:\/\/insightcrime.org\/es\/wp-json\/wp\/v2\/coauthors?post=236191"}],"curies":[{"name":"wp","href":"https:\/\/api.w.org\/{rel}","templated":true}]}}