{"id":245047,"date":"2023-10-31T10:03:11","date_gmt":"2023-10-31T15:03:11","guid":{"rendered":"https:\/\/insightcrime.org\/?p=245047"},"modified":"2024-07-25T09:09:24","modified_gmt":"2024-07-25T14:09:24","slug":"retos-seguridad-nuevo-alcalde-bogota-colombia","status":"publish","type":"post","link":"https:\/\/insightcrime.org\/es\/noticias\/retos-seguridad-nuevo-alcalde-bogota-colombia\/","title":{"rendered":"Los retos de seguridad para el nuevo alcalde de Bogot\u00e1, Colombia"},"content":{"rendered":"\n<p class=\"wp-block-paragraph\">Tras una amplia victoria en primera vuelta, Carlos Fernando Gal\u00e1n, el nuevo alcalde electo de Bogot\u00e1, Colombia, se enfrenta a una de las mayores crisis de seguridad de los \u00faltimos a\u00f1os.<\/p>\n\n\n\n<p class=\"wp-block-paragraph\">Gal\u00e1n, quien gan\u00f3 las <a href=\"https:\/\/resultados.registraduria.gov.co\/alcalde\/144\/colombia\/bogota-d.c.\/bogota.-d.c.\" target=\"_blank\" rel=\"noreferrer noopener nofollow\">elecciones<\/a> del 29 de octubre con el 49% de votos, estructur\u00f3 su campa\u00f1a en torno al mejoramiento de la seguridad en la capital colombiana. Bajo el eslogan \u201cBogot\u00e1 camina segura\u201d, el candidato liberal <a href=\"https:\/\/www.carlosfernandogalan.co\/programa\/#:~:text=Saltar%20al%20contenido-,Descargar%20Programa%20de%20Gobierno,-Descargar%20Programa%20de\" target=\"_blank\" rel=\"noreferrer noopener nofollow\">propuso<\/a> un esquema basado en un \u201cPlan Integral contra el Crimen Organizado\u201d y un programa de fortalecimiento de la investigaci\u00f3n criminal y judicial.\u00a0<\/p>\n\n\n\n<p class=\"wp-block-paragraph\">\u201cTenemos mucho trabajo y quiero mencionar algunas de estas tareas que comienzan hoy mismo para Bogot\u00e1. Uno: nos concentraremos en la protecci\u00f3n de esta ciudad. Los niveles de miedo deben bajar y van a bajar,\u201d <a href=\"https:\/\/www.youtube.com\/watch?v=dhtzpE23IyQ&amp;ab_channel=CityTv\" target=\"_blank\" rel=\"noreferrer noopener nofollow\">dijo<\/a> Gal\u00e1n en su discurso de victoria.<\/p>\n\n\n\n<p class=\"wp-block-paragraph\">Gal\u00e1n tendr\u00e1 como principal reto manejar una de las crisis de seguridad de mayor importancia de los \u00faltimos 4 a\u00f1os. De acuerdo con datos publicados por el <a href=\"https:\/\/concejodebogota.gov.co\/sos-bogota-aumento-de-delitos-de-alto-impacto-deja-a-la-seguridad-en\/cbogota\/2023-08-17\/111900.php#:~:text=Con%20corte%20a%20julio%20de,estamos%20encerrados%20por%20el%20miedo.\" target=\"_blank\" rel=\"noreferrer noopener nofollow\">Concejo de Bogot\u00e1<\/a>, con corte a julio de 2023, siete de doce delitos de alto impacto experimentaron un aumento con respecto al a\u00f1o anterior.\u00a0<\/p>\n\n\n\n<blockquote class=\"wp-block-quote is-layout-flow wp-block-quote-is-layout-flow\">\n<p class=\"wp-block-paragraph\"><mark style=\"background-color:rgba(0, 0, 0, 0)\" class=\"has-inline-color has-primary-variation-color\"><strong>VEA TAMBI\u00c9N:<\/strong> <\/mark><a href=\"https:\/\/insightcrime.org\/es\/noticias\/encrucijada-alcaldes-colombia-gobernar-crimen-escapar\/\" target=\"_blank\" rel=\"noreferrer noopener\">La encrucijada de los alcaldes en Colombia: gobernar con el crimen o escapar<\/a><\/p>\n<\/blockquote>\n\n\n\n<p class=\"wp-block-paragraph\">Indicadores como el secuestro, el hurto a personas, y el hurto a residencias fueron algunas de las cifras de mayor aumento, con un 80%, 29,7% y 27,2% respectivamente.&nbsp;<\/p>\n\n\n\n<p class=\"wp-block-paragraph\">Adem\u00e1s, al ser la capital del pa\u00eds, Bogot\u00e1 es un punto clave para el crimen organizado que se lucra del microtr\u00e1fico, la extorsi\u00f3n y el lavado de activos. As\u00ed mismo, la ciudad es un corredor <a href=\"https:\/\/insightcrime.org\/wp-content\/uploads\/2023\/08\/010-21.pdf\" target=\"_blank\" rel=\"noreferrer noopener\">estrat\u00e9gico<\/a> para el movimiento de precursores qu\u00edmicos y drogas que se distribuyen en otras partes del pa\u00eds y en la ciudad para su consumo al detal.<\/p>\n\n\n\n<p class=\"wp-block-paragraph\">Seg\u00fan datos del Observatorio de Drogas de Colombia (<a href=\"https:\/\/www.minjusticia.gov.co\/programas-co\/ODC\/Paginas\/SIDCO-Incautaciones.aspx\">ODC<\/a>), una entidad del Ministerio de Justicia encargada de centralizar la informaci\u00f3n en torno a la problem\u00e1tica de las drogas en Colombia, entre 2019 y 2023 se incautaron cerca de 50 toneladas de clorhidrato de coca\u00edna y marihuana en Bogot\u00e1.<\/p>\n\n\n\n<h2 class=\"wp-block-heading\" id=\"h-analisis-de-insight-crime\">An\u00e1lisis de InSight Crime<\/h2>\n\n\n\n<p class=\"wp-block-paragraph\">Adem\u00e1s de la creciente inseguridad, Gal\u00e1n enfrentar\u00e1 un crimen organizado diversificado en cada localidad de la ciudad, por lo que su gesti\u00f3n deber\u00e1 remover su atenci\u00f3n de los eslabones m\u00e1s d\u00e9biles de la cadena, una estrategia a menudo considerada exitosa por las autoridades.<\/p>\n\n\n\n<p class=\"wp-block-paragraph\">En zonas como Kennedy y Ciudad Bol\u00edvar, el posicionamiento de grupos como el <a href=\"https:\/\/es.insightcrime.org\/noticias-crimen-organizado-venezuela\/tren-de-aragua\/\" target=\"_blank\" rel=\"noreferrer noopener\">Tren de Aragua<\/a> y las Autodefensas Gaitanistas de Colombia (<a href=\"https:\/\/insightcrime.org\/es\/noticias-crimen-organizado-colombia\/urabenos-perfil\/\" target=\"_blank\" rel=\"noreferrer noopener\">AGC<\/a>) es una de las tareas m\u00e1s urgentes, pues su presencia ha incrementado la violencia. El control de estos grupos sobre econom\u00edas como la extorsi\u00f3n, el sicariato y el secuestro expone un avance en el nivel de organizaci\u00f3n de estos grupos en ciertos sectores de la ciudad.<\/p>\n\n\n\n<p class=\"wp-block-paragraph\">El Tren de Aragua estar\u00eda relacionado con varios casos de asesinato en la capital colombiana, donde ha comenzado a <a href=\"https:\/\/insightcrime.org\/es\/investigaciones\/tres-fases-construccion-imperio-transnacional-tren-de-aragua\/\">consolidarse<\/a> como un actor m\u00e1s en el panorama criminal de la ciudad. Los hechos han ganado relevancia por el uso de violencia extrema donde convergen el secuestro, la tortura y el asesinato.<\/p>\n\n\n\n<blockquote class=\"wp-block-quote is-layout-flow wp-block-quote-is-layout-flow\">\n<p class=\"wp-block-paragraph\"><mark style=\"background-color:rgba(0, 0, 0, 0)\" class=\"has-inline-color has-primary-variation-color\"><strong>VEA TAMBI\u00c9N:<\/strong><\/mark> <a href=\"https:\/\/insightcrime.org\/es\/noticias\/gaitanistas-tren-de-aragua-enfrentarse-bogota-colombia\/\" target=\"_blank\" rel=\"noreferrer noopener\">Gaitanistas y Tren de Aragua: lejos de enfrentarse en Bogot\u00e1, Colombia<\/a><\/p>\n<\/blockquote>\n\n\n\n<p class=\"wp-block-paragraph\">Aunque <a href=\"https:\/\/insightcrime.org\/es\/noticias\/gaitanistas-tren-de-aragua-enfrentarse-bogota-colombia\/\" target=\"_blank\" rel=\"noreferrer noopener\">InSight Crime<\/a> ha mirado con recelo las verdaderas capacidades de estas organizaciones para enfrentarse por territorios dentro de la ciudad, es cierto que el pr\u00f3ximo alcalde debe enfocar sus esfuerzos en proponer investigaciones criminales y de inteligencia que permitan establecer con claridad la naturaleza de estas amenazas.<\/p>\n\n\n\n<p class=\"wp-block-paragraph\">As\u00ed mismo, la <a href=\"https:\/\/insightcrime.org\/wp-content\/uploads\/2023\/08\/010-21.pdf\" target=\"_blank\" rel=\"noreferrer noopener\">Defensor\u00eda del Pueblo<\/a>, a trav\u00e9s de sus alertas tempranas, tambi\u00e9n ha advertido el inter\u00e9s de grupos armados como las <a href=\"https:\/\/es.insightcrime.org\/noticias-crimen-organizado-colombia\/ex-farc-mafia\/?_gl=1*b7ewrp*_ga*MzIxODAzMzgxLjE2OTUwODI5NDY.*_ga_27CNJPD4K9*MTY5ODY5OTg0NC4yMC4xLjE2OTg2OTk4OTguNi4wLjA.*_ga_DDHRSLDESP*MTY5ODY5OTg0NS4yMC4xLjE2OTg2OTk4OTguMC4wLjA.\" target=\"_blank\" rel=\"noreferrer noopener\">ex-FARC mafia<\/a>, disidentes de la\u00a0 extinta guerrilla de las Fuerzas Armadas Revolucionarias de Colombia (FARC), las AGC y el Ej\u00e9rcito de Liberaci\u00f3n Nacional (<a href=\"https:\/\/insightcrime.org\/es\/noticias-crimen-organizado-colombia\/eln-colombia\/?_gl=1*b7ewrp*_ga*MzIxODAzMzgxLjE2OTUwODI5NDY.*_ga_27CNJPD4K9*MTY5ODY5OTg0NC4yMC4xLjE2OTg2OTk4OTguNi4wLjA.*_ga_DDHRSLDESP*MTY5ODY5OTg0NS4yMC4xLjE2OTg2OTk4OTguMC4wLjA.\" target=\"_blank\" rel=\"noreferrer noopener\">ELN<\/a>) por posicionarse en \u00e1reas rurales de la capital colombiana, dado el vac\u00edo de poder dejado por las FARC tras su desmovilizaci\u00f3n en 2016.\u00a0<\/p>\n\n\n\n<p class=\"wp-block-paragraph\">Una de las propuestas de mayor alcance de Gal\u00e1n es la creaci\u00f3n de una seccional de la Unidad de Informaci\u00f3n y An\u00e1lisis Financiero (UIAF) para Bogot\u00e1. La creaci\u00f3n de esta sucursal permitir\u00eda perseguir de manera m\u00e1s efectiva el alcance econ\u00f3mico de las grandes redes criminales de Bogot\u00e1, al tiempo que se integrar\u00eda a una red de cooperaci\u00f3n interinstitucional liderada por la Rama Judicial, la Fiscal\u00eda y la Polic\u00eda Nacional.<\/p>\n\n\n\n<p class=\"wp-block-paragraph\">As\u00ed mismo, Gal\u00e1n se concentrar\u00e1 en el establecimiento de consejos de seguridad semanales y el fortalecimiento de cuadrantes de polic\u00eda, con el fin de robustecer la presencia institucional, especialmente en el \u00e1rea urbana. Sin embargo, el programa del alcalde electo carece de un enfoque rural que permita entender las amenazas del crimen organizado en las partes de la ciudad que componen este territorio y que ocupan un 75% del \u00e1rea de la capital.<\/p>\n\n\n\n<p class=\"wp-block-paragraph\"><\/p>\n","protected":false},"excerpt":{"rendered":"<p>Tras una amplia victoria en primera vuelta, Carlos Fernando Gal\u00e1n, el nuevo alcalde electo de Bogot\u00e1, Colombia, se enfrenta a una de las mayores crisis de seguridad de los \u00faltimos a\u00f1os.<\/p>\n","protected":false},"author":222,"featured_media":245048,"comment_status":"closed","ping_status":"closed","sticky":false,"template":"","format":"standard","meta":{"newspack_ads_suppress_ads":false,"newspack_popups_has_disabled_popups":false,"newspack_sponsor_sponsorship_scope":"","newspack_sponsor_native_byline_display":"inherit","newspack_sponsor_native_category_display":"inherit","newspack_sponsor_underwriter_style":"inherit","newspack_sponsor_underwriter_placement":"inherit","_EventAllDay":false,"_EventTimezone":"","_EventStartDate":"","_EventEndDate":"","_EventStartDateUTC":"","_EventEndDateUTC":"","_EventShowMap":false,"_EventShowMapLink":false,"_EventURL":"","_EventCost":"","_EventCostDescription":"","_EventCurrencySymbol":"","_EventCurrencyCode":"","_EventCurrencyPosition":"","_EventDateTimeSeparator":"","_EventTimeRangeSeparator":"","_EventOrganizerID":[],"_EventVenueID":[],"_OrganizerEmail":"","_OrganizerPhone":"","_OrganizerWebsite":"","_VenueAddress":"","_VenueCity":"","_VenueCountry":"","_VenueProvince":"","_VenueState":"","_VenueZip":"","_VenuePhone":"","_VenueURL":"","_VenueStateProvince":"","_VenueLat":"","_VenueLng":"","_VenueShowMap":false,"_VenueShowMapLink":false,"_newspack_byline_active":false,"_newspack_byline":"","newspack_hide_updated_date":false,"newspack_show_updated_date":false,"newspack_featured_image_position":"","newspack_post_subtitle":"","newspack_article_summary_title":"Overview:","newspack_article_summary":"","_jetpack_memberships_contains_paid_content":false,"footnotes":""},"categories":[759],"tags":[368,4548,4692,447,2927,438,3508],"newspack_spnsrs_tax":[],"coauthors":[4167,4169],"class_list":["post-245047","post","type-post","status-publish","format-standard","has-post-thumbnail","hentry","category-noticias","tag-colombia-pais","tag-elecciones-crimen-organizado","tag-elecciones-crimen-colombia","tag-elites-y-crimen-organizado","tag-gaitanistas","tag-politicas-de-seguridad","tag-tren-de-aragua-es","entry"],"parsely":{"version":"1.1.0","canonical_url":"https:\/\/insightcrime.org\/es\/noticias\/retos-seguridad-nuevo-alcalde-bogota-colombia\/","smart_links":{"inbound":0,"outbound":0},"traffic_boost_suggestions_count":0,"meta":{"@context":"https:\/\/schema.org","@type":"NewsArticle","headline":"Los retos de seguridad para el nuevo alcalde de Bogot\u00e1, Colombia","url":"http:\/\/insightcrime.org\/es\/noticias\/retos-seguridad-nuevo-alcalde-bogota-colombia\/","mainEntityOfPage":{"@type":"WebPage","@id":"http:\/\/insightcrime.org\/es\/noticias\/retos-seguridad-nuevo-alcalde-bogota-colombia\/"},"thumbnailUrl":"https:\/\/i0.wp.com\/insightcrime.org\/wp-content\/uploads\/2023\/10\/COLP_294619-1.jpeg?resize=150%2C150&quality=100&ssl=1","image":{"@type":"ImageObject","url":"https:\/\/i0.wp.com\/insightcrime.org\/wp-content\/uploads\/2023\/10\/COLP_294619-1.jpeg?fit=350%2C250&quality=100&ssl=1"},"articleSection":"Noticias","author":[{"@type":"Person","name":"Juan Diego C\u00e1rdenas"},{"@type":"Person","name":"Lara Loaiza"}],"creator":["Juan Diego C\u00e1rdenas","Lara Loaiza"],"publisher":{"@type":"Organization","name":"InSight Crime","logo":"https:\/\/insightcrime.org\/wp-content\/uploads\/2023\/08\/logo.png"},"keywords":["colombia","elecciones y crimen","elecciones y crimen: colombia","\u00e9lites y crimen","gaitanistas","pol\u00edticas de seguridad","tren de aragua"],"dateCreated":"2023-10-31T15:03:11Z","datePublished":"2023-10-31T15:03:11Z","dateModified":"2024-07-25T14:09:24Z"},"rendered":"<meta name=\"parsely-title\" content=\"Los retos de seguridad para el nuevo alcalde de Bogot\u00e1, Colombia\" \/>\n<meta name=\"parsely-link\" content=\"http:\/\/insightcrime.org\/es\/noticias\/retos-seguridad-nuevo-alcalde-bogota-colombia\/\" \/>\n<meta name=\"parsely-type\" content=\"post\" \/>\n<meta name=\"parsely-image-url\" content=\"https:\/\/i0.wp.com\/insightcrime.org\/wp-content\/uploads\/2023\/10\/COLP_294619-1.jpeg?resize=150%2C150&amp;quality=100&amp;ssl=1\" \/>\n<meta name=\"parsely-pub-date\" content=\"2023-10-31T15:03:11Z\" \/>\n<meta name=\"parsely-section\" content=\"Noticias\" \/>\n<meta name=\"parsely-tags\" content=\"colombia,elecciones y crimen,elecciones y crimen: colombia,\u00e9lites y crimen,gaitanistas,pol\u00edticas de seguridad,tren de aragua\" \/>\n<meta name=\"parsely-author\" content=\"Juan Diego C\u00e1rdenas\" \/>\n<meta name=\"parsely-author\" content=\"Lara Loaiza\" \/>","tracker_url":"https:\/\/cdn.parsely.com\/keys\/insightcrime.org\/p.js"},"jetpack_sharing_enabled":true,"jetpack-related-posts":[{"id":345255,"url":"https:\/\/insightcrime.org\/es\/noticias\/giro-derecha-colombia-y-peru-reaviva-preocupaciones-sobre-seguridad\/","url_meta":{"origin":245047,"position":0},"title":"On The Radar: Giro a la derecha en Colombia y Per\u00fa reaviva las preocupaciones sobre seguridad","author":"Deborah Bonello","date":"25 de junio de 2026","format":false,"excerpt":"Esta semana en On the Radar: De la Espriella promete mano dura en Colombia, Fujimori hereda un Per\u00fa golpeado por la extorsi\u00f3n y una investigaci\u00f3n pone bajo la lupa la estrategia de la DEA frente al fentanilo.","rel":"","context":"En \u00abNoticias\u00bb","block_context":{"text":"Noticias","link":"https:\/\/insightcrime.org\/es\/category\/noticias\/"},"img":{"alt_text":"","src":"https:\/\/i0.wp.com\/insightcrime.org\/wp-content\/uploads\/2026\/06\/Junio-OTR-template-featured-image-website-2026-1-1.jpg?fit=1200%2C675&quality=100&ssl=1&resize=350%2C200","width":350,"height":200,"srcset":"https:\/\/i0.wp.com\/insightcrime.org\/wp-content\/uploads\/2026\/06\/Junio-OTR-template-featured-image-website-2026-1-1.jpg?fit=1200%2C675&quality=100&ssl=1&resize=350%2C200 1x, https:\/\/i0.wp.com\/insightcrime.org\/wp-content\/uploads\/2026\/06\/Junio-OTR-template-featured-image-website-2026-1-1.jpg?fit=1200%2C675&quality=100&ssl=1&resize=525%2C300 1.5x, https:\/\/i0.wp.com\/insightcrime.org\/wp-content\/uploads\/2026\/06\/Junio-OTR-template-featured-image-website-2026-1-1.jpg?fit=1200%2C675&quality=100&ssl=1&resize=700%2C400 2x, https:\/\/i0.wp.com\/insightcrime.org\/wp-content\/uploads\/2026\/06\/Junio-OTR-template-featured-image-website-2026-1-1.jpg?fit=1200%2C675&quality=100&ssl=1&resize=1050%2C600 3x"},"classes":[]},{"id":339193,"url":"https:\/\/insightcrime.org\/es\/noticias\/on-the-radar-una-disputa-fronteriza-genera-oportunidades-criminales\/","url_meta":{"origin":245047,"position":1},"title":"On the Radar: Una disputa fronteriza genera oportunidades criminales","author":"InSight Crime","date":"16 de abril de 2026","format":false,"excerpt":"Esta semana en On The Radar, una disputa comercial entre Colombia y Ecuador impulsa el contrabando en la frontera, las elecciones en Per\u00fa exponen las dificultades para contener el crimen, y la miner\u00eda ilegal vinculada a los flujos de coca\u00edna se expande en Costa Rica.\u00a0","rel":"","context":"En \u00abNoticias\u00bb","block_context":{"text":"Noticias","link":"https:\/\/insightcrime.org\/es\/category\/noticias\/"},"img":{"alt_text":"","src":"https:\/\/i0.wp.com\/insightcrime.org\/wp-content\/uploads\/2026\/04\/Abril-OTR-template-featured-image-website-2026-1.jpg?fit=1200%2C675&quality=100&ssl=1&resize=350%2C200","width":350,"height":200,"srcset":"https:\/\/i0.wp.com\/insightcrime.org\/wp-content\/uploads\/2026\/04\/Abril-OTR-template-featured-image-website-2026-1.jpg?fit=1200%2C675&quality=100&ssl=1&resize=350%2C200 1x, https:\/\/i0.wp.com\/insightcrime.org\/wp-content\/uploads\/2026\/04\/Abril-OTR-template-featured-image-website-2026-1.jpg?fit=1200%2C675&quality=100&ssl=1&resize=525%2C300 1.5x, https:\/\/i0.wp.com\/insightcrime.org\/wp-content\/uploads\/2026\/04\/Abril-OTR-template-featured-image-website-2026-1.jpg?fit=1200%2C675&quality=100&ssl=1&resize=700%2C400 2x, https:\/\/i0.wp.com\/insightcrime.org\/wp-content\/uploads\/2026\/04\/Abril-OTR-template-featured-image-website-2026-1.jpg?fit=1200%2C675&quality=100&ssl=1&resize=1050%2C600 3x"},"classes":[]},{"id":173917,"url":"https:\/\/insightcrime.org\/es\/noticias\/nuevos-gobernadores-nuevos-capos-crimen-organizado-venezuela-tras-elecciones\/","url_meta":{"origin":245047,"position":2},"title":"Nuevos gobernadores, nuevos capos: crimen organizado en Venezuela tras las elecciones","author":"Unidad Investigativa de Venezuela","date":"20 de diciembre de 2021","format":false,"excerpt":"En noviembre pasado, las elecciones regionales fortalecieron el dominio del presidente Nicol\u00e1s Maduro y su familia en varias regiones estrat\u00e9gicas para las econom\u00edas criminales y los grupos armados con presuntos v\u00ednculos con su gobierno.","rel":"","context":"En \u00abNoticias\u00bb","block_context":{"text":"Noticias","link":"https:\/\/insightcrime.org\/es\/category\/noticias\/"},"img":{"alt_text":"","src":"https:\/\/i0.wp.com\/insightcrime.org\/wp-content\/uploads\/2021\/12\/Ven-Elections-resized-and-cropped.jpg?fit=350%2C250&quality=100&ssl=1&resize=350%2C200","width":350,"height":200},"classes":[]},{"id":232499,"url":"https:\/\/insightcrime.org\/es\/noticias\/obstaculo-mas-presidente-electo-guatemala\/","url_meta":{"origin":245047,"position":3},"title":"El obst\u00e1culo por superar que le queda al presidente electo de Guatemala","author":"Alex Papadovassilakis","date":"21 de agosto de 2023","format":false,"excerpt":"Un candidato ajeno al establecimiento con una campa\u00f1a basada en la lucha contra la corrupci\u00f3n logr\u00f3 una victoria contundente en las elecciones presidenciales de Guatemala este domingo, lo que anticipa una posible confrontaci\u00f3n entre el presidente electo y las \u00e9lites pol\u00edticas corruptas, que siguen aferr\u00e1ndose al poder.","rel":"","context":"En \u00abNoticias\u00bb","block_context":{"text":"Noticias","link":"https:\/\/insightcrime.org\/es\/category\/noticias\/"},"img":{"alt_text":"Bernardo Ar\u00e9valo y Karin Herrera, del Movimiento Semilla, responden preguntas de la prensa tras la victoria en las elecciones presidenciales de Guatemala","src":"https:\/\/i0.wp.com\/insightcrime.org\/wp-content\/uploads\/2023\/09\/Guatemala-Elections-2023-by-Alex-papafovassilakis-InSight-Crime-1.jpg?fit=1200%2C600&quality=100&ssl=1&resize=350%2C200","width":350,"height":200,"srcset":"https:\/\/i0.wp.com\/insightcrime.org\/wp-content\/uploads\/2023\/09\/Guatemala-Elections-2023-by-Alex-papafovassilakis-InSight-Crime-1.jpg?fit=1200%2C600&quality=100&ssl=1&resize=350%2C200 1x, https:\/\/i0.wp.com\/insightcrime.org\/wp-content\/uploads\/2023\/09\/Guatemala-Elections-2023-by-Alex-papafovassilakis-InSight-Crime-1.jpg?fit=1200%2C600&quality=100&ssl=1&resize=525%2C300 1.5x, https:\/\/i0.wp.com\/insightcrime.org\/wp-content\/uploads\/2023\/09\/Guatemala-Elections-2023-by-Alex-papafovassilakis-InSight-Crime-1.jpg?fit=1200%2C600&quality=100&ssl=1&resize=700%2C400 2x, https:\/\/i0.wp.com\/insightcrime.org\/wp-content\/uploads\/2023\/09\/Guatemala-Elections-2023-by-Alex-papafovassilakis-InSight-Crime-1.jpg?fit=1200%2C600&quality=100&ssl=1&resize=1050%2C600 3x"},"classes":[]},{"id":344754,"url":"https:\/\/insightcrime.org\/es\/noticias\/on-the-radar-reacomodos-criminales-ecuador-y-venezuela-y-segunda-vuelta-marcada-por-seguridad-colombia\/","url_meta":{"origin":245047,"position":4},"title":"On the Radar: Reacomodos criminales en Ecuador y Venezuela, y  segunda vuelta electoral en Colombia\u00a0","author":"Creusa Mu\u00f1oz","date":"18 de junio de 2026","format":false,"excerpt":"La captura en Ecuador del hermano de alias \u201cFito\u201d, la muerte de \u201cNi\u00f1o Guerrero\u201d en Venezuela y las propuestas de seguridad que atraviesan la segunda vuelta presidencial en Colombia marcan la edici\u00f3n de esta semana de On the Radar.","rel":"","context":"En \u00abNoticias\u00bb","block_context":{"text":"Noticias","link":"https:\/\/insightcrime.org\/es\/category\/noticias\/"},"img":{"alt_text":"","src":"https:\/\/i0.wp.com\/insightcrime.org\/wp-content\/uploads\/2026\/06\/Junio-OTR-template-featured-image-website-2026-2.jpg?fit=1200%2C675&quality=100&ssl=1&resize=350%2C200","width":350,"height":200,"srcset":"https:\/\/i0.wp.com\/insightcrime.org\/wp-content\/uploads\/2026\/06\/Junio-OTR-template-featured-image-website-2026-2.jpg?fit=1200%2C675&quality=100&ssl=1&resize=350%2C200 1x, https:\/\/i0.wp.com\/insightcrime.org\/wp-content\/uploads\/2026\/06\/Junio-OTR-template-featured-image-website-2026-2.jpg?fit=1200%2C675&quality=100&ssl=1&resize=525%2C300 1.5x, https:\/\/i0.wp.com\/insightcrime.org\/wp-content\/uploads\/2026\/06\/Junio-OTR-template-featured-image-website-2026-2.jpg?fit=1200%2C675&quality=100&ssl=1&resize=700%2C400 2x, https:\/\/i0.wp.com\/insightcrime.org\/wp-content\/uploads\/2026\/06\/Junio-OTR-template-featured-image-website-2026-2.jpg?fit=1200%2C675&quality=100&ssl=1&resize=1050%2C600 3x"},"classes":[]},{"id":232492,"url":"https:\/\/insightcrime.org\/es\/noticias\/complots-presidente-electo-giro-elecciones-guatemala\/","url_meta":{"origin":245047,"position":5},"title":"Complots contra presidente electo marcan un giro sombr\u00edo en elecciones de Guatemala","author":"Gavin Voss","date":"26 de agosto de 2023","format":false,"excerpt":"En un detallado pronunciamiento le\u00eddo con gran despliegue, un organismo multilateral de derechos humanos emiti\u00f3 una resoluci\u00f3n instando al gobierno de Guatemala a proteger mejor al presidente electo y a su vicepresidenta electa en un clima poselectoral caldeado de amenazas e incertidumbre.\u00a0","rel":"","context":"En \u00abNoticias\u00bb","block_context":{"text":"Noticias","link":"https:\/\/insightcrime.org\/es\/category\/noticias\/"},"img":{"alt_text":"El presidente electo de Guatemala Bernardo Ar\u00e9valo se abre paso entre la multitud.","src":"https:\/\/i0.wp.com\/insightcrime.org\/wp-content\/uploads\/2023\/09\/Guatemala-Bernardo-Arevalo-Elites-and-Crime-Noticias-24-Horas-1.jpg?fit=350%2C250&quality=100&ssl=1&resize=350%2C200","width":350,"height":200},"classes":[]}],"jetpack_featured_media_url":"https:\/\/i0.wp.com\/insightcrime.org\/wp-content\/uploads\/2023\/10\/COLP_294619-1.jpeg?fit=350%2C250&quality=100&ssl=1","_links":{"self":[{"href":"https:\/\/insightcrime.org\/es\/wp-json\/wp\/v2\/posts\/245047","targetHints":{"allow":["GET"]}}],"collection":[{"href":"https:\/\/insightcrime.org\/es\/wp-json\/wp\/v2\/posts"}],"about":[{"href":"https:\/\/insightcrime.org\/es\/wp-json\/wp\/v2\/types\/post"}],"author":[{"embeddable":true,"href":"https:\/\/insightcrime.org\/es\/wp-json\/wp\/v2\/users\/222"}],"replies":[{"embeddable":true,"href":"https:\/\/insightcrime.org\/es\/wp-json\/wp\/v2\/comments?post=245047"}],"version-history":[{"count":2,"href":"https:\/\/insightcrime.org\/es\/wp-json\/wp\/v2\/posts\/245047\/revisions"}],"predecessor-version":[{"id":245056,"href":"https:\/\/insightcrime.org\/es\/wp-json\/wp\/v2\/posts\/245047\/revisions\/245056"}],"wp:featuredmedia":[{"embeddable":true,"href":"https:\/\/insightcrime.org\/es\/wp-json\/wp\/v2\/media\/245048"}],"wp:attachment":[{"href":"https:\/\/insightcrime.org\/es\/wp-json\/wp\/v2\/media?parent=245047"}],"wp:term":[{"taxonomy":"category","embeddable":true,"href":"https:\/\/insightcrime.org\/es\/wp-json\/wp\/v2\/categories?post=245047"},{"taxonomy":"post_tag","embeddable":true,"href":"https:\/\/insightcrime.org\/es\/wp-json\/wp\/v2\/tags?post=245047"},{"taxonomy":"newspack_spnsrs_tax","embeddable":true,"href":"https:\/\/insightcrime.org\/es\/wp-json\/wp\/v2\/newspack_spnsrs_tax?post=245047"},{"taxonomy":"author","embeddable":true,"href":"https:\/\/insightcrime.org\/es\/wp-json\/wp\/v2\/coauthors?post=245047"}],"curies":[{"name":"wp","href":"https:\/\/api.w.org\/{rel}","templated":true}]}}