{"id":247652,"date":"2026-05-13T17:15:00","date_gmt":"2026-05-13T22:15:00","guid":{"rendered":"https:\/\/insightcrime.org\/?p=247652"},"modified":"2026-05-26T16:44:24","modified_gmt":"2026-05-26T21:44:24","slug":"los-shottas","status":"publish","type":"post","link":"https:\/\/insightcrime.org\/es\/colombia-organized-crime-news\/los-shottas\/","title":{"rendered":"Los Shottas"},"content":{"rendered":"\n<p class=\"wp-block-paragraph\">Los Shottas son uno de los principales grupos criminales de la ciudad portuaria colombiana de Buenaventura. El grupo gan\u00f3 notoriedad debido a su feroz y violenta rivalidad con los Espartanos, otro grupo criminal importante de la ciudad.<\/p>\n\n\n\n<p class=\"wp-block-paragraph\">Si bien en 2022 ambos grupos acordaron acogerse a la pol\u00edtica de \u201cPaz Total\u201d del presidente Gustavo Petro, la violencia en el municipio sigue siendo elevada, principalmente debido a las disputas entre ambos grupos.<\/p>\n\n\n\n<h2 class=\"wp-block-heading\" id=\"h-en-este-perfil\">En este perfil:<\/h2>\n\n\n\n<ul class=\"wp-block-list\">\n<li><a href=\"#h-cual-es-la-historia-de-los-shottas\" type=\"internal\" id=\"#h-cual-es-la-historia-de-los-shottas\" target=\"_blank\" rel=\"noreferrer noopener\">\u00bfCu\u00e1l es la historia de los Shottas?<\/a><\/li>\n\n\n\n<li><a href=\"#h-quienes-son-los-lideres-de-los-shottas\" type=\"internal\" id=\"#h-quienes-son-los-lideres-de-los-shottas\" target=\"_blank\" rel=\"noreferrer noopener\">\u00bfQui\u00e9nes son los l\u00edderes de los Shottas?<\/a><\/li>\n\n\n\n<li><a href=\"#h-donde-operan-los-shottas\" type=\"internal\" id=\"#h-donde-operan-los-shottas\" target=\"_blank\" rel=\"noreferrer noopener\">\u00bfD\u00f3nde operan los Shottas?<\/a><\/li>\n\n\n\n<li><a href=\"#h-quienes-son-los-aliados-y-enemigos-de-los-shottas\" type=\"internal\" id=\"#h-quienes-son-los-aliados-y-enemigos-de-los-shottas\" target=\"_blank\" rel=\"noreferrer noopener\">\u00bfQui\u00e9nes son los aliados y los enemigos de los Shottas?<\/a><\/li>\n\n\n\n<li><a href=\"#h-cual-es-el-panorama-de-los-shottas\" type=\"internal\" id=\"#h-cual-es-el-panorama-de-los-shottas\" target=\"_blank\" rel=\"noreferrer noopener\">\u00bfCu\u00e1les es el panorama de los Shottas?<\/a><\/li>\n<\/ul>\n\n\n\n<div class=\"wp-block-group has-background\" style=\"background-color:#f3f0ef\"><div class=\"wp-block-group__inner-container is-layout-constrained wp-block-group-is-layout-constrained\">\n<h2 class=\"wp-block-heading\" id=\"h-ultimas-novedades-de-los-shottas\">\u00daltimas novedades de los Shottas<\/h2>\n\n\n\n<h3 class=\"wp-block-heading\" id=\"h-20-de-febrero-de-2026\"><strong><strong><strong>20 de febrero de 2026<\/strong><\/strong><\/strong><\/h3>\n\n\n\n<p class=\"wp-block-paragraph\" id=\"h-february-19-2026-most-recently-in-january-2026-the-chapitos-faction-was-linked-to-the-kidnapping-of-10-mine-workers-from-a-rural-municipality-in-the-southern-part-of-sinaloa-state-as-well-as-the-murder-of-at-least-five-of-the-workers-whose-bodies-were-found-in-a-mass-grave-the-following-month\">Las autoridades espa\u00f1olas capturaron a Diego Bustamante, alias \u201cDiego Optra\u201d, el principal l\u00edder de los Shottas, en la ciudad de Getafe, en el \u00e1rea metropolitana de Madrid. Bustamante presuntamente habr\u00eda viajado a Espa\u00f1a en 2025 para evadir a las autoridades colombianas.\u00a0<\/p>\n<\/div><\/div>\n\n\n\n<h2 class=\"wp-block-heading\" id=\"h-cual-es-la-historia-de-los-shottas\">\u00bfCu\u00e1l es la historia de los Shottas?<\/h2>\n\n\n\n<p class=\"wp-block-paragraph\">Los or\u00edgenes de los Shottas se remontan hacia fines de la d\u00e9cada de 1990. El Bloque Calima, un grupo paramilitar perteneciente a las Autodefensas Unidas de Colombia (<a href=\"https:\/\/insightcrime.org\/es\/noticias-crimen-organizado-colombia\/auc-perfil\/\" target=\"_blank\" rel=\"noreferrer noopener\">AUC<\/a>), lleg\u00f3 a Buenaventura con la esperanza de expulsar al Frente 30 de las Fuerzas Armadas Revolucionarias de Colombia (<a href=\"https:\/\/insightcrime.org\/es\/noticias-crimen-organizado-colombia\/farc-perfil\/\" target=\"_blank\" rel=\"noreferrer noopener\">FARC<\/a>), que hab\u00eda mantenido presencia en las zonas rurales del municipio.<\/p>\n\n\n\n<p class=\"wp-block-paragraph\">Los paramilitares mantuvieron una presencia predominantemente urbana y comenzaron a reclutar a j\u00f3venes de barrios vulnerables, aumentando la violencia y la extorsi\u00f3n en la ciudad.<\/p>\n\n\n\n<p class=\"wp-block-paragraph\">Despu\u00e9s de la desmovilizaci\u00f3n de las AUC en 2006, algunos miembros del Bloque Calima continuaron con sus actividades delictivas. Entre ellos se encontraba el clan familiar Bustamante, que <a href=\"https:\/\/ligacontraelsilencio.com\/2021\/04\/29\/un-carrusel-de-impunidad-somete-a-buenaventura\/\" target=\"_blank\" rel=\"noreferrer noopener nofollow\">cre\u00f3<\/a> la \u201cEmpresa\u201d, una banda que dominar\u00eda el panorama criminal de la ciudad durante la siguiente d\u00e9cada. Los Bustamante <a href=\"https:\/\/insightcrime.org\/es\/noticias\/noticias-del-dia\/capturan-panama-capos-costa-pacifica-colombia\/\" target=\"_blank\" rel=\"noreferrer noopener\">tomaron el control<\/a> de las rutas de tr\u00e1fico de drogas a trav\u00e9s de la ciudad, ampliaron las redes de extorsi\u00f3n para financiar la Empresa y llevaron a cabo secuestros y desapariciones.<\/p>\n\n\n\n<p class=\"wp-block-paragraph\">Los Bustamante eventualmente abandonaron la Empresa y crearon un nuevo grupo conocido como \u201cLa Local\u201d, que ya estaba en el punto de mira de las autoridades en 2016. Tras varias oleadas de detenciones, Diego Bustamante, alias \u201cDiego Optra\u201d, <a href=\"https:\/\/www.elespectador.com\/judicial\/diego-optra-el-lider-criminal-que-habria-ordenado-el-asesinato-de-temistocles-machado-article-885127\/\" target=\"_blank\" rel=\"noreferrer noopener nofollow\">tom\u00f3 el control<\/a> de La local en abril de 2019. Sin embargo, su liderazgo gener\u00f3 divisiones dentro de la organizaci\u00f3n.<\/p>\n\n\n\n<p class=\"wp-block-paragraph\">En diciembre de 2020, una ruptura interna <a href=\"https:\/\/www.elcolombiano.com\/colombia\/quienes-son-los-shottas-y-los-espartanos-las-bandas-con-las-que-petro-buscara-la-paz-NI19559352\" target=\"_blank\" rel=\"noreferrer noopener nofollow\">llev\u00f3 a la formaci\u00f3n<\/a> de las dos bandas que hoy compiten por el control de Buenaventura: los Shottas y sus rivales, los Espartanos.<\/p>\n\n\n\n<p class=\"wp-block-paragraph\">El tr\u00e1fico de drogas es la principal actividad y fuente de ingresos de los Shottas. Los Shottas y los Espartanos buscan controlar los barrios con zonas costeras llamadas estuarios, donde los r\u00edos y los remansos se encuentran con el oc\u00e9ano, algunos de los cuales albergan astilleros informales. Los narcotraficantes pueden lanzar f\u00e1cilmente lanchas r\u00e1pidas desde estas zonas sin ser detectados y, eventualmente, cargar clandestinamente env\u00edos de drogas en portacontenedores en el mar. Las bandas protegen su territorio, env\u00edan y reciben cargamentos de droga, cobran extorsiones y se aseguran de que todo llegue a su destino.<\/p>\n\n\n\n<p class=\"wp-block-paragraph\">Aunque el pilar central de su negocio es el tr\u00e1fico de drogas, las actividades delictivas de los Shottas tambi\u00e9n incluyen la extorsi\u00f3n a empresas locales y los secuestros. Casi todos los negocios de Buenaventura pagan una cuota de extorsi\u00f3n a los Shottas o a los Espartanos.<\/p>\n\n\n\n<p class=\"wp-block-paragraph\">La competencia entre los Shottas y los Espartanos ha llevado a ambas bandas a cometer asesinatos y otros delitos violentos. La violencia y los tiroteos habituales tambi\u00e9n han dado lugar a un toque de queda informal, y los civiles que viven en comunidades con una fuerte presencia de bandas rara vez salen de sus casas despu\u00e9s del atardecer para evitar ser v\u00edctimas de los ataques. Se ha informado de que algunas escuelas incluso han cambiado su horario para que los estudiantes puedan llegar a casa antes de que comience el toque de queda.<\/p>\n\n\n\n<p class=\"wp-block-paragraph\">Los lugare\u00f1os rara vez hablan por miedo a represalias por parte de los Shottas, que persiguen y castigan activamente a quienes se percibe que trabajan con las autoridades o con sus rivales. Como forma de control, la banda ha ejercido por d\u00e9cadas la pr\u00e1ctica del\u00a0 <a href=\"https:\/\/www.elespectador.com\/colombia-20\/conflicto\/buenaventura-historia-de-shottas-y-espartanos-en-miramar-paz-total-gustavo-petro\/\" target=\"_blank\" rel=\"noreferrer noopener nofollow\">desmembramiento<\/a> de disidentes\u00a0 en casas conocidas como \u201ccasas de pique\u201d.<\/p>\n\n\n\n<p class=\"wp-block-paragraph\">En octubre de 2022, las dos bandas acordaron una tregua tras establecer negociaciones con el gobierno como parte de la pol\u00edtica de Paz Total. El pacto <a href=\"https:\/\/www.wola.org\/2024\/08\/unity-prioritization-convert-buenaventura-into-territory-peace-dignity-change\/\" target=\"_blank\" rel=\"noreferrer noopener nofollow\">condujo<\/a> a 92 d\u00edas consecutivos sin homicidios en Buenaventura, una reducci\u00f3n dr\u00e1stica de la violencia. Desde entonces, los grupos han prorrogado el acuerdo en m\u00faltiples ocasiones, y los homicidios han disminuido un 16% entre junio de 2023 y junio de 2024.<\/p>\n\n\n\n<p class=\"wp-block-paragraph\">Sin embargo, a comienzos de 2025, la tregua entre ambas facciones se rompi\u00f3, lo que llev\u00f3 a un aumento de los asesinatos en Buenaventura. Si bien el acuerdo de no agresi\u00f3n se reanud\u00f3 meses despu\u00e9s, las din\u00e1micas de violencia se han mantenido fluctuantes.<\/p>\n\n\n\n<h2 class=\"wp-block-heading\" id=\"h-quienes-son-los-lideres-de-los-shottas\">\u00bfQui\u00e9nes son los l\u00edderes de los Shottas?<\/h2>\n\n\n\n<p class=\"wp-block-paragraph\">Hasta febrero de 2026, el l\u00edder de los Shottas fue Diego Bustamante, alias \u201cDiego Optra\u201d. \u00c9ste se convirti\u00f3 en l\u00edder de La Local despu\u00e9s de que su t\u00edo, Lugo Bustamente, fuera capturado el 27 de abril de 2019,\u00a0pero estallaron divisiones internas, ya que ciertas facciones no quer\u00edan que liderara el grupo, lo que finalmente deriv\u00f3 en la fragmentaci\u00f3n de La Local.<\/p>\n\n\n\n<p class=\"wp-block-paragraph\">Optra despu\u00e9s tom\u00f3 el liderazgo de los Shottas antes de ser capturado en Rionegro, Antioquia, el 9 de octubre de 2019. Pero fue <a href=\"https:\/\/www.elcolombiano.com\/colombia\/alias-diego-optra-salio-de-la-carcel-y-hay-zozobra-en-buenaventura-valle-IM18638563\" target=\"_blank\" rel=\"noreferrer noopener nofollow\">puesto en libertad<\/a> en 2022 debido a las irregularidades en su proceso judicial, seg\u00fan informes de los medios de comunicaci\u00f3n.\u00a0<\/p>\n\n\n\n<p class=\"wp-block-paragraph\">En febrero de 2026 fue <a href=\"https:\/\/x.com\/petrogustavo\/status\/2024878109703475691\" target=\"_blank\" rel=\"noreferrer noopener nofollow\">capturado<\/a> en Espa\u00f1a y desde entonces no se ha confirmado qui\u00e9n ser\u00e1 su sucesor. Con frecuencia,\u00a0 los l\u00edderes de estas bandas suelen <a href=\"https:\/\/www.pares.com.co\/capturan-a-alias-diego-optra-que-pasara-con-la-paz-urbana-en-buenaventura\/\" target=\"_blank\" rel=\"noreferrer noopener nofollow\">mantener<\/a> el control aun estando tras las rejas.<\/p>\n\n\n\n<p class=\"wp-block-paragraph\">En octubre de 2024, los Shottas ten\u00edan entre 600 y 1.000 miembros, seg\u00fan el Alto Comisionado para la Paz de Colombia.<\/p>\n\n\n\n<h2 class=\"wp-block-heading\" id=\"h-donde-operan-los-shottas\">\u00bfD\u00f3nde operan los Shottas?<\/h2>\n\n\n\n<p class=\"wp-block-paragraph\">Los Shottas operan en el \u00e1rea urbana de Buenaventura, en el departamento del Valle del Cauca, que alberga el puerto comercial m\u00e1s grande de Colombia en el Pac\u00edfico. La ciudad est\u00e1 dividida en dos partes: la isla y el continente. Los Shottas controlan varias de las comunas de la ciudad ubicadas en la parte continental, especialmente las comunas 9 a 12.<\/p>\n\n\n\n<p class=\"wp-block-paragraph\">Los Shottas tambi\u00e9n mantienen una presencia menor en las zonas tur\u00edsticas de playa de la zona rural al norte de Buenaventura, incluyendo Juanchaco, Ladrilleros y La Barra, donde ganan dinero con la extorsi\u00f3n y la pirater\u00eda dirigida a los barcos tur\u00edsticos, seg\u00fan varias ONG locales consultadas por InSight Crime en octubre de 2024.<\/p>\n\n\n\n<h2 class=\"wp-block-heading\" id=\"h-quienes-son-los-aliados-y-enemigos-de-los-shottas\">\u00bfQui\u00e9nes son los aliados y enemigos de los Shottas?<\/h2>\n\n\n\n<p class=\"wp-block-paragraph\">Los principales enemigos de los Shottas son los Espartanos, a pesar de compartir el origen criminal. Tras separarse de La Local en 2020, los Shottas lucharon contra los Espartanos por el control de Buenaventura y siguen compitiendo por los ingresos de la extorsi\u00f3n y las rutas de contrabando de coca\u00edna. La guerra territorial entre las bandas de narcotraficantes rivales ha dado lugar a la aparici\u00f3n de \u201cfronteras invisibles\u201d, que impiden a los civiles circular libremente entre los barrios controlados por una u otra banda y en el interior de los mismos.<\/p>\n\n\n\n<p class=\"wp-block-paragraph\">Otro enemigo de los Shottas son los Chiquillos, un grupo criminal organizado liderado por Robert Daniel Quintana, alias \u201cRober\u201d. Los Chiquillos son remanentes de la Empresa, que desde entonces se han alineado con los Espartanos, posicion\u00e1ndose como rivales de los Shottas.<\/p>\n\n\n\n<p class=\"wp-block-paragraph\">Por otro lado, los Shottas tienen una larga relaci\u00f3n con las Autodefensas Gaitanistas de Colombia (<a href=\"https:\/\/insightcrime.org\/es\/noticias-crimen-organizado-colombia\/urabenos-perfil\/\" target=\"_blank\" rel=\"noreferrer noopener\">AGC<\/a>) debido a sus ra\u00edces paramilitares, sustentadas principalmente por la financiaci\u00f3n del narcotr\u00e1fico. En 2021, cuando el gobierno aument\u00f3 la seguridad policial en Buenaventura para contrarrestar la escalada de los niveles de tr\u00e1fico de drogas, las AGC amenazaron con entrar en el municipio para defender los intereses de los grupos criminales.<\/p>\n\n\n\n<p class=\"wp-block-paragraph\">Desde 2022, el Frente Jaime Mart\u00ednez del Estado Mayor Central (<a href=\"https:\/\/insightcrime.org\/es\/noticias-crimen-organizado-colombia\/ex-farc-mafia-estado-mayor-central\/\" target=\"_blank\" rel=\"noreferrer noopener\">EMC<\/a>), una federaci\u00f3n de frentes disidentes de las FARC), se ha expandido en las afueras de la zona urbana de Buenaventura, en particular en la Comuna 12, un basti\u00f3n de los Shottas. Como resultado, el frente disidente se ha aliado con los Espartanos en su lucha contra los Shottas..En respuesta, los Shottas se han aliado con el Ej\u00e9rcito de Liberaci\u00f3n Nacional (<a href=\"https:\/\/insightcrime.org\/es\/noticias-crimen-organizado-colombia\/eln-colombia\/\" target=\"_blank\" rel=\"noreferrer noopener\">ELN<\/a>), que opera en las zonas rurales del norte de Buenaventura, pero puede acceder a la zona urbana a trav\u00e9s de la Comuna 12. Sin embargo, estas alianzas siguen siendo muy vol\u00e1tiles, impulsadas por intereses cambiantes y ganancias estrat\u00e9gicas a corto plazo.<\/p>\n\n\n\n<h2 class=\"wp-block-heading\" id=\"h-cual-es-el-panorama-de-los-shottas\">\u00bfCu\u00e1l es el panorama de los Shottas?<\/h2>\n\n\n\n<p class=\"wp-block-paragraph\">La captura de Diego Optra coloca a los Shottas frente a la posibilidad de una eventual reestructuraci\u00f3n.&nbsp; Un escenario probable es que Optra contin\u00fae manteniendo injerencia en las decisiones del grupo, aun tras las rejas, vali\u00e9ndose cada vez m\u00e1s de los mandos medios en el territorio. En este sentido, si bien el grupo puede experimentar cierta inestabilidad, es probable que se adapte r\u00e1pidamente y mantenga su injerencia en las din\u00e1micas criminales de Buenaventura.<\/p>\n\n\n\n<p class=\"wp-block-paragraph\">La captura de Optra se suma al <a href=\"https:\/\/insightcrime.org\/es\/noticias\/bolivia-captura-lider-criminal-colombiano-mapaya-espartanos\/\" target=\"_blank\" rel=\"noreferrer noopener\">arresto<\/a> de Jorge Isaac Campaz alias \u201cMapaya\u201d, el principal l\u00edder de los Espartanos, en un operativo de la polic\u00eda boliviana en las afueras de Santa Cruz en abril de 2026. Con reacomodos en los liderazgos de los principales grupos criminales de Buenaventura, es probable que la violencia en el municipio permanezca elevada.<\/p>\n","protected":false},"excerpt":{"rendered":"<p>Los Shottas son uno de los principales grupos criminales de la ciudad portuaria de Buenaventura, Colombia, conocidos por su violenta rivalidad con los Espartanos.<\/p>\n","protected":false},"author":188,"featured_media":342734,"comment_status":"closed","ping_status":"closed","sticky":false,"template":"","format":"standard","meta":{"newspack_ads_suppress_ads":false,"newspack_popups_has_disabled_popups":false,"newspack_sponsor_sponsorship_scope":"","newspack_sponsor_native_byline_display":"inherit","newspack_sponsor_native_category_display":"inherit","newspack_sponsor_underwriter_style":"inherit","newspack_sponsor_underwriter_placement":"inherit","_EventAllDay":false,"_EventTimezone":"","_EventStartDate":"","_EventEndDate":"","_EventStartDateUTC":"","_EventEndDateUTC":"","_EventShowMap":false,"_EventShowMapLink":false,"_EventURL":"","_EventCost":"","_EventCostDescription":"","_EventCurrencySymbol":"","_EventCurrencyCode":"","_EventCurrencyPosition":"","_EventDateTimeSeparator":"","_EventTimeRangeSeparator":"","_EventOrganizerID":[],"_EventVenueID":[],"_OrganizerEmail":"","_OrganizerPhone":"","_OrganizerWebsite":"","_VenueAddress":"","_VenueCity":"","_VenueCountry":"","_VenueProvince":"","_VenueState":"","_VenueZip":"","_VenuePhone":"","_VenueURL":"","_VenueStateProvince":"","_VenueLat":"","_VenueLng":"","_VenueShowMap":false,"_VenueShowMapLink":false,"_newspack_byline_active":false,"_newspack_byline":"","newspack_hide_updated_date":false,"newspack_show_updated_date":true,"newspack_featured_image_position":"","newspack_post_subtitle":"","newspack_article_summary_title":"Overview:","newspack_article_summary":"","_jetpack_memberships_contains_paid_content":false,"footnotes":""},"categories":[330],"tags":[368,371],"newspack_spnsrs_tax":[],"coauthors":[4351],"class_list":["post-247652","post","type-post","status-publish","format-standard","has-post-thumbnail","hentry","category-colombia-organized-crime-news","tag-colombia-pais","tag-grupos-de-colombia","entry"],"parsely":{"version":"1.1.0","canonical_url":"https:\/\/insightcrime.org\/es\/colombia-organized-crime-news\/los-shottas\/","smart_links":{"inbound":0,"outbound":0},"traffic_boost_suggestions_count":0,"meta":{"@context":"https:\/\/schema.org","@type":"NewsArticle","headline":"Los Shottas","url":"http:\/\/insightcrime.org\/es\/colombia-organized-crime-news\/los-shottas\/","mainEntityOfPage":{"@type":"WebPage","@id":"http:\/\/insightcrime.org\/es\/colombia-organized-crime-news\/los-shottas\/"},"thumbnailUrl":"https:\/\/i0.wp.com\/insightcrime.org\/wp-content\/uploads\/2026\/05\/Grupo-Criminal-Los-Shottas.jpg?resize=150%2C150&quality=100&ssl=1","image":{"@type":"ImageObject","url":"https:\/\/i0.wp.com\/insightcrime.org\/wp-content\/uploads\/2026\/05\/Grupo-Criminal-Los-Shottas.jpg?fit=1200%2C900&quality=100&ssl=1"},"articleSection":"Colombia","author":[{"@type":"Person","name":"InSight Crime"}],"creator":["InSight Crime"],"publisher":{"@type":"Organization","name":"InSight Crime","logo":"https:\/\/insightcrime.org\/wp-content\/uploads\/2023\/08\/logo.png"},"keywords":["colombia","grupos de colombia"],"dateCreated":"2026-05-13T22:15:00Z","datePublished":"2026-05-13T22:15:00Z","dateModified":"2026-05-26T21:44:24Z"},"rendered":"<meta name=\"parsely-title\" content=\"Los Shottas\" \/>\n<meta name=\"parsely-link\" content=\"http:\/\/insightcrime.org\/es\/colombia-organized-crime-news\/los-shottas\/\" \/>\n<meta name=\"parsely-type\" content=\"post\" \/>\n<meta name=\"parsely-image-url\" content=\"https:\/\/i0.wp.com\/insightcrime.org\/wp-content\/uploads\/2026\/05\/Grupo-Criminal-Los-Shottas.jpg?resize=150%2C150&amp;quality=100&amp;ssl=1\" \/>\n<meta name=\"parsely-pub-date\" content=\"2026-05-13T22:15:00Z\" \/>\n<meta name=\"parsely-section\" content=\"Colombia\" \/>\n<meta name=\"parsely-tags\" content=\"colombia,grupos de colombia\" \/>\n<meta name=\"parsely-author\" content=\"InSight Crime\" \/>","tracker_url":"https:\/\/cdn.parsely.com\/keys\/insightcrime.org\/p.js"},"jetpack_sharing_enabled":true,"jetpack-related-posts":[{"id":303103,"url":"https:\/\/insightcrime.org\/es\/colombia-organized-crime-news\/los-espartanos-2\/","url_meta":{"origin":247652,"position":0},"title":"Los Espartanos","author":"InSight Crime","date":"19 de febrero de 2025","format":false,"excerpt":"Los Espartanos son una de las dos bandas que operan en Buenaventura, Valle del Cauca, una ciudad portuaria en la costa pac\u00edfica de Colombia. En los \u00faltimos a\u00f1os, han llamado la atenci\u00f3n por su violento conflicto con los Shottas, el otro grupo criminal m\u00e1s importante de la ciudad. Los Espartanos\u2026","rel":"","context":"En \u00abColombia\u00bb","block_context":{"text":"Colombia","link":"https:\/\/insightcrime.org\/category\/colombia-organized-crime-news\/"},"img":{"alt_text":"Los Espartanos","src":"https:\/\/i0.wp.com\/insightcrime.org\/wp-content\/uploads\/2026\/06\/Grupo-Criminal-Los-Espartanos.jpg?fit=1200%2C900&quality=100&ssl=1&resize=350%2C200","width":350,"height":200,"srcset":"https:\/\/i0.wp.com\/insightcrime.org\/wp-content\/uploads\/2026\/06\/Grupo-Criminal-Los-Espartanos.jpg?fit=1200%2C900&quality=100&ssl=1&resize=350%2C200 1x, https:\/\/i0.wp.com\/insightcrime.org\/wp-content\/uploads\/2026\/06\/Grupo-Criminal-Los-Espartanos.jpg?fit=1200%2C900&quality=100&ssl=1&resize=525%2C300 1.5x, https:\/\/i0.wp.com\/insightcrime.org\/wp-content\/uploads\/2026\/06\/Grupo-Criminal-Los-Espartanos.jpg?fit=1200%2C900&quality=100&ssl=1&resize=700%2C400 2x, https:\/\/i0.wp.com\/insightcrime.org\/wp-content\/uploads\/2026\/06\/Grupo-Criminal-Los-Espartanos.jpg?fit=1200%2C900&quality=100&ssl=1&resize=1050%2C600 3x"},"classes":[]},{"id":339191,"url":"https:\/\/insightcrime.org\/es\/noticias\/bolivia-captura-lider-criminal-colombiano-mapaya-espartanos\/","url_meta":{"origin":247652,"position":1},"title":"Captura en Bolivia alerta sobre la internacionalizaci\u00f3n de pandillas colombianas","author":"Sara Garcia","date":"16 de abril de 2026","format":false,"excerpt":"La captura de alias \u201cMapaya\u201d, l\u00edder del grupo criminal colombiano los Espartanos, en Bolivia, abre interrogantes sobre la expansi\u00f3n transnacional de las bandas de Buenaventura.","rel":"","context":"En \u00abNoticias\u00bb","block_context":{"text":"Noticias","link":"https:\/\/insightcrime.org\/es\/category\/noticias\/"},"img":{"alt_text":"","src":"https:\/\/i0.wp.com\/insightcrime.org\/wp-content\/uploads\/2026\/04\/Jorge-Isaac-Campaz-Alias-Mapaya.jpg?fit=1200%2C690&quality=100&ssl=1&resize=350%2C200","width":350,"height":200,"srcset":"https:\/\/i0.wp.com\/insightcrime.org\/wp-content\/uploads\/2026\/04\/Jorge-Isaac-Campaz-Alias-Mapaya.jpg?fit=1200%2C690&quality=100&ssl=1&resize=350%2C200 1x, https:\/\/i0.wp.com\/insightcrime.org\/wp-content\/uploads\/2026\/04\/Jorge-Isaac-Campaz-Alias-Mapaya.jpg?fit=1200%2C690&quality=100&ssl=1&resize=525%2C300 1.5x, https:\/\/i0.wp.com\/insightcrime.org\/wp-content\/uploads\/2026\/04\/Jorge-Isaac-Campaz-Alias-Mapaya.jpg?fit=1200%2C690&quality=100&ssl=1&resize=700%2C400 2x, https:\/\/i0.wp.com\/insightcrime.org\/wp-content\/uploads\/2026\/04\/Jorge-Isaac-Campaz-Alias-Mapaya.jpg?fit=1200%2C690&quality=100&ssl=1&resize=1050%2C600 3x"},"classes":[]},{"id":302447,"url":"https:\/\/insightcrime.org\/es\/noticias\/bandas-criminales-buenaventura-gobiernan-dentro-fuera-carceles\/","url_meta":{"origin":247652,"position":2},"title":"La fr\u00e1gil paz tras las rejas y fuera de ellas en Buenaventura, Colombia","author":"Juliana Manjarr\u00e9s","date":"17 de febrero de 2025","format":false,"excerpt":"Los Shottas y los Espartanos, las dos principales pandillas de la ciudad, han consolidado su dominio dentro y fuera de las c\u00e1rceles a trav\u00e9s de su participaci\u00f3n en el narcotr\u00e1fico y la extorsi\u00f3n.","rel":"","context":"En \u00abColombia\u00bb","block_context":{"text":"Colombia","link":"https:\/\/insightcrime.org\/es\/category\/noticias-crimen-organizado-colombia\/"},"img":{"alt_text":"","src":"https:\/\/i0.wp.com\/insightcrime.org\/wp-content\/uploads\/2025\/02\/image-2.png?fit=720%2C405&quality=100&ssl=1&resize=350%2C200","width":350,"height":200,"srcset":"https:\/\/i0.wp.com\/insightcrime.org\/wp-content\/uploads\/2025\/02\/image-2.png?fit=720%2C405&quality=100&ssl=1&resize=350%2C200 1x, https:\/\/i0.wp.com\/insightcrime.org\/wp-content\/uploads\/2025\/02\/image-2.png?fit=720%2C405&quality=100&ssl=1&resize=525%2C300 1.5x, https:\/\/i0.wp.com\/insightcrime.org\/wp-content\/uploads\/2025\/02\/image-2.png?fit=720%2C405&quality=100&ssl=1&resize=700%2C400 2x"},"classes":[]},{"id":240955,"url":"https:\/\/insightcrime.org\/es\/noticias\/entrevistas\/lider-pandilla-promueve-paz-puerto-estrategico-colombia\/","url_meta":{"origin":247652,"position":3},"title":"En un puerto estrat\u00e9gico de Colombia, las pandillas esperan la Paz Total","author":"Sergio Saffon","date":"12 de octubre de 2023","format":false,"excerpt":"Buenaventura es el puerto principal del pac\u00edfico colombiano, y uno de los principales puntos de partida de cargamentos de droga. La ciudad, disputada durante mucho tiempo por grupos criminales, es ahora un escenario de conversaciones de paz con el gobierno.","rel":"","context":"En \u00abQ&amp;A\u00bb","block_context":{"text":"Q&amp;A","link":"https:\/\/insightcrime.org\/es\/category\/noticias\/entrevistas\/"},"img":{"alt_text":"buenaventura puerto","src":"https:\/\/i0.wp.com\/insightcrime.org\/wp-content\/uploads\/2023\/10\/portada-Colombia_Buenaventura_Port-4.jpg?fit=1200%2C600&quality=100&ssl=1&resize=350%2C200","width":350,"height":200,"srcset":"https:\/\/i0.wp.com\/insightcrime.org\/wp-content\/uploads\/2023\/10\/portada-Colombia_Buenaventura_Port-4.jpg?fit=1200%2C600&quality=100&ssl=1&resize=350%2C200 1x, https:\/\/i0.wp.com\/insightcrime.org\/wp-content\/uploads\/2023\/10\/portada-Colombia_Buenaventura_Port-4.jpg?fit=1200%2C600&quality=100&ssl=1&resize=525%2C300 1.5x, https:\/\/i0.wp.com\/insightcrime.org\/wp-content\/uploads\/2023\/10\/portada-Colombia_Buenaventura_Port-4.jpg?fit=1200%2C600&quality=100&ssl=1&resize=700%2C400 2x, https:\/\/i0.wp.com\/insightcrime.org\/wp-content\/uploads\/2023\/10\/portada-Colombia_Buenaventura_Port-4.jpg?fit=1200%2C600&quality=100&ssl=1&resize=1050%2C600 3x"},"classes":[]},{"id":135158,"url":"https:\/\/insightcrime.org\/es\/noticias\/continua-eterno-ciclo-violencia-buenaventura-colombia\/","url_meta":{"origin":247652,"position":4},"title":"Contin\u00faa el eterno ciclo de violencia en Buenaventura, Colombia","author":"Gabrielle Gorder","date":"4 de marzo de 2021","format":false,"excerpt":"Los habitantes de Buenaventura, ciudad portuaria en el oeste de Colombia, han quedado atrapados en el fuego cruzado entre dos estructuras criminales en guerra, y existen dudas acerca de si esta ola de violencia se debe solo a una ruptura al interior de una banda local o si involucra a\u2026","rel":"","context":"En \u00abNews\u00bb","block_context":{"text":"News","link":"https:\/\/insightcrime.org\/category\/news\/"},"img":{"alt_text":"","src":"https:\/\/i0.wp.com\/insightcrime.org\/wp-content\/uploads\/2021\/02\/601da9de57ab0.jpeg?fit=350%2C250&quality=100&ssl=1&resize=350%2C200","width":350,"height":200},"classes":[]},{"id":299413,"url":"https:\/\/insightcrime.org\/es\/noticias\/esfuerzos-paz-colombia-provocan-disputas-divisiones-criminales\/","url_meta":{"origin":247652,"position":5},"title":"Los esfuerzos de paz de Colombia provocan disputas y divisiones criminales","author":"Henry Shuldiner","date":"9 de enero de 2025","format":false,"excerpt":"Las perspectivas de paz en Colombia parecen cada vez m\u00e1s remotas a medida que los grupos armados ilegales se fragmentan en medio de una bonanza de oro y coca\u00edna. Mientras Gustavo Petro se prepara para los dos \u00faltimos a\u00f1os de su gobierno, las posibilidades de un acuerdo parecen lejanas.","rel":"","context":"En \u00abNoticias\u00bb","block_context":{"text":"Noticias","link":"https:\/\/insightcrime.org\/es\/category\/noticias\/"},"img":{"alt_text":"","src":"https:\/\/i0.wp.com\/insightcrime.org\/wp-content\/uploads\/2025\/01\/Colombia-Indigenous-Guard-drive-past-a-vehicle-they-burned-by-Estado-Mayor-Central-Mar-2024-AP24079647100681-A2.jpg?fit=1200%2C690&quality=100&ssl=1&resize=350%2C200","width":350,"height":200,"srcset":"https:\/\/i0.wp.com\/insightcrime.org\/wp-content\/uploads\/2025\/01\/Colombia-Indigenous-Guard-drive-past-a-vehicle-they-burned-by-Estado-Mayor-Central-Mar-2024-AP24079647100681-A2.jpg?fit=1200%2C690&quality=100&ssl=1&resize=350%2C200 1x, https:\/\/i0.wp.com\/insightcrime.org\/wp-content\/uploads\/2025\/01\/Colombia-Indigenous-Guard-drive-past-a-vehicle-they-burned-by-Estado-Mayor-Central-Mar-2024-AP24079647100681-A2.jpg?fit=1200%2C690&quality=100&ssl=1&resize=525%2C300 1.5x, https:\/\/i0.wp.com\/insightcrime.org\/wp-content\/uploads\/2025\/01\/Colombia-Indigenous-Guard-drive-past-a-vehicle-they-burned-by-Estado-Mayor-Central-Mar-2024-AP24079647100681-A2.jpg?fit=1200%2C690&quality=100&ssl=1&resize=700%2C400 2x, https:\/\/i0.wp.com\/insightcrime.org\/wp-content\/uploads\/2025\/01\/Colombia-Indigenous-Guard-drive-past-a-vehicle-they-burned-by-Estado-Mayor-Central-Mar-2024-AP24079647100681-A2.jpg?fit=1200%2C690&quality=100&ssl=1&resize=1050%2C600 3x"},"classes":[]}],"jetpack_featured_media_url":"https:\/\/i0.wp.com\/insightcrime.org\/wp-content\/uploads\/2026\/05\/Grupo-Criminal-Los-Shottas.jpg?fit=1200%2C900&quality=100&ssl=1","_links":{"self":[{"href":"https:\/\/insightcrime.org\/es\/wp-json\/wp\/v2\/posts\/247652","targetHints":{"allow":["GET"]}}],"collection":[{"href":"https:\/\/insightcrime.org\/es\/wp-json\/wp\/v2\/posts"}],"about":[{"href":"https:\/\/insightcrime.org\/es\/wp-json\/wp\/v2\/types\/post"}],"author":[{"embeddable":true,"href":"https:\/\/insightcrime.org\/es\/wp-json\/wp\/v2\/users\/188"}],"replies":[{"embeddable":true,"href":"https:\/\/insightcrime.org\/es\/wp-json\/wp\/v2\/comments?post=247652"}],"version-history":[{"count":6,"href":"https:\/\/insightcrime.org\/es\/wp-json\/wp\/v2\/posts\/247652\/revisions"}],"predecessor-version":[{"id":341700,"href":"https:\/\/insightcrime.org\/es\/wp-json\/wp\/v2\/posts\/247652\/revisions\/341700"}],"wp:featuredmedia":[{"embeddable":true,"href":"https:\/\/insightcrime.org\/es\/wp-json\/wp\/v2\/media\/342734"}],"wp:attachment":[{"href":"https:\/\/insightcrime.org\/es\/wp-json\/wp\/v2\/media?parent=247652"}],"wp:term":[{"taxonomy":"category","embeddable":true,"href":"https:\/\/insightcrime.org\/es\/wp-json\/wp\/v2\/categories?post=247652"},{"taxonomy":"post_tag","embeddable":true,"href":"https:\/\/insightcrime.org\/es\/wp-json\/wp\/v2\/tags?post=247652"},{"taxonomy":"newspack_spnsrs_tax","embeddable":true,"href":"https:\/\/insightcrime.org\/es\/wp-json\/wp\/v2\/newspack_spnsrs_tax?post=247652"},{"taxonomy":"author","embeddable":true,"href":"https:\/\/insightcrime.org\/es\/wp-json\/wp\/v2\/coauthors?post=247652"}],"curies":[{"name":"wp","href":"https:\/\/api.w.org\/{rel}","templated":true}]}}