{"id":263167,"date":"2023-12-13T11:45:40","date_gmt":"2023-12-13T16:45:40","guid":{"rendered":"https:\/\/insightcrime.org\/?p=263167"},"modified":"2024-08-29T06:57:25","modified_gmt":"2024-08-29T11:57:25","slug":"aumento-violencia-bahia-brasil","status":"publish","type":"post","link":"https:\/\/insightcrime.org\/es\/noticias\/aumento-violencia-bahia-brasil\/","title":{"rendered":"\u00bfQu\u00e9 hay detr\u00e1s del aumento de la violencia en Bahia, Brasil?"},"content":{"rendered":"\n<p class=\"wp-block-paragraph\">Facciones criminales rivales atacan a la poblaci\u00f3n civil en su guerra por control territorial en el estado de Bahia, noreste de Brasil, y la respuesta represiva del gobierno exacerba a\u00fan m\u00e1s la violencia.<\/p>\n\n\n\n<p class=\"wp-block-paragraph\">Con cerca de 1.700 muertes registradas a manos de organizaciones criminales y de la polic\u00eda, Bahia ha padecido una de las facetas m\u00e1s sangrientas de la violencia organizada entre los 26 estados de Brasil en lo corrido del a\u00f1o, seg\u00fan nuevos datos recopilados por el Proyecto de Datos sobre Hechos y Lugares de Conflictos Armados (Armed Conflict Location &amp; Event Data Project &#8211; ACLED), los cuales compartieron con InSight Crime de manera exclusiva.<\/p>\n\n\n\n<p class=\"wp-block-paragraph\">La violencia se ha vuelto tan com\u00fan en algunos sectores de Salvador, capital del estado, que los residentes se han visto obligados a dejar la vida en vilo.<\/p>\n\n\n\n<script src=\"https:\/\/d3js.org\/d3.v6.js\"><\/script>\n<style>\n.plot-title {\n    font-size: 24px;\n    font-family: 'Noto Sans';\n    font-weight: 900;\n    fill: #3B3B3B;\n}\n\n.plot-subtitle {\n    font-size: 17px;\n    font-family: 'Noto Sans';\n    fill: #3B3B3B;\n}\n\n.x-axis path {\n    stroke: #3B3B3B;\n    stroke-width: 2;\n}\n\n.x-axis text {\n    font-family: 'Noto Sans';\n    font-size: 13px;\n}\n\n.x-axis-title {\n    text-anchor: middle;\n    font-family: 'Noto Sans';\n    font-size: 15px;\n    font-style: italic;\n    fill: #B3B3B3;\n}\n\n.x-axis-horizontal path {\n    stroke: #3B3B3B;\n    stroke-width: 2;\n}\n\n.x-axis-horizontal text {\n    font-family: 'Noto Sans';\n    font-size: 13px;\n}\n\n.x-axis-horizontal line {\n    stroke-dasharray: 7 7;\n    stroke: #B3B3B3;\n    stroke-width: 1;\n    opacity: .5;\n}\n\n.y-axis text {\n    font-family: 'Noto Sans';\n    font-size: 15px;\n    fill: #B3B3B3;\n}\n\n.y-axis-title {\n    text-anchor: end;\n    font-family: 'Noto Sans';\n    font-size: 15px;\n    font-style: italic;\n    fill: #B3B3B3;\n}\n\n.y-axis line {\n    stroke-dasharray: 7 7;\n    stroke: #B3B3B3;\n    stroke-width: 1;\n    opacity: .5;\n}\n\n.y-axis path {\n    stroke: none;\n}\n\n.sources {\n    font-family: 'Bitter';\n    font-size: 15px;\n    fill: #9D9D9D;\n}\n\n.sources:link {\n    fill: #90273E;\n}\n\n.ic-logo {\n    font-family: 'Noto Serif';\n    font-size: 15px;\n    font-style: italic;\n    text-anchor: end;\n    letter-spacing: 1px;\n    fill: #A5A5A5;\n}\n\n.tooltip {\n    font-family: 'Noto Sans';\n    text-align: left;\n    position: absolute;\n    border-radius: 0px;\n}\n\n\n.node {\n    stroke-width: 1;\n}\n\n.node:hover {\n    stroke-width: 5;\n}\n\n.myPath {\n    stroke: #B51B20;\n    stroke-width: 3;\n}\n<\/style>\n\n\n\n<center>\n    <div style=\"text-align: left\">\n    <p class=\"plot-title\">Muertes violentas registradas, con participaci\u00f3n de pandillas o polic\u00eda en Brasil<\/p>\n    <p class=\"plot-subtitle\">Total muertes violentas registradas entre enero y noviembre, 2023<\/p>\n    <\/div>\n    <iframe src=\"https:\/\/insightcrime.org\/wp-content\/uploads\/2023\/08\/fatalities_map_es-1.html\" style=\"width: 100%; height: 450px\"><\/iframe>\n    <div id=\"footer\" style=\"width:100%; max-width:780px\">\n          <!--add sources below-->\n          <span style=\"float:left; color:#9D9D9D\">\n              <p>Fuente: <a href=\"https:\/\/acleddata.com\/data-export-tool\/\">ACLED<\/a><\/p>\n          <\/span>\n           <!--don't modify anything below this line-->\n          <span style=\"float:right; font-family: Noto Serif; color:#a5a5a5\">\n               <p><i>\n                  i&hairsp;n&hairsp;s&hairsp;i&hairsp;g&hairsp;h&hairsp;t&hairsp;c&hairsp;r&hairsp;i&hairsp;m&hairsp;e&hairsp;.&hairsp;o&hairsp;r&hairsp;g\n              <\/i><\/p>\n          <\/span>\n       <\/div>\n       <br>\n<\/center>\n\n\n\n<p class=\"wp-block-paragraph\">\u201cAlgunas zonas de la ciudad se paralizaron, incluyendo instituciones educativas, centros de salud y autobuses \u2014 el transporte p\u00fablico no pasa por ciertos sectores a ciertas horas debido a estos conflictos\u201d, le coment\u00f3 a InSight Crime Gabriela Ashanti, gerente del proyecto en el Instituto Odara, organizaci\u00f3n contra la violencia y la discriminaci\u00f3n con sede en Bahia.<\/p>\n\n\n\n<p class=\"wp-block-paragraph\">Para conocer qu\u00e9 hay detr\u00e1s del brote de violencia en Bahia, InSight Crime y ACLED analizaron la nueva serie de datos exclusiva que ilustra la incidencia de las din\u00e1micas del crimen organizado y la respuesta del gobierno a los asesinatos.<\/p>\n\n\n\n<h2 class=\"wp-block-heading\" id=\"h-combatir-fuego-con-fuego\"><strong>Combatir fuego con fuego<\/strong><\/h2>\n\n\n\n<p class=\"wp-block-paragraph\">Dos factores principales promueven la violencia en Bahia: las disputas entre facciones criminales por el control de las plazas locales de drogas y la militarizaci\u00f3n de la respuesta estatal.<\/p>\n\n\n\n<p class=\"wp-block-paragraph\">Bahia adolece de pobreza extrema, concentrada en los barrios perif\u00e9ricos de los centros urbanos y las zonas rurales del interior, lo que da origen a poblaciones vulnerables susceptibles de explotaci\u00f3n con fines de reclutamiento. Pero tambi\u00e9n presenta centros de riqueza, en Salvador especialmente, donde hay una fuerte demanda de estupefacientes.<\/p>\n\n\n\n<div class=\"wp-block-media-text has-media-on-the-right is-stacked-on-mobile is-image-fill drop-shadow\" style=\"grid-template-columns:auto 15%\"><div class=\"wp-block-media-text__content\">\n<div style=\"height:16px\" aria-hidden=\"true\" class=\"wp-block-spacer\"><\/div>\n\n\n\n<h2 class=\"wp-block-heading has-text-color has-link-color wp-elements-1\" id=\"h-insights-cifras\" style=\"color:#1b4461;font-size:25px\">InSights cifras<\/h2>\n\n\n\n<p class=\"wp-block-paragraph\" style=\"font-size:16px\">Este art\u00edculo es parte de nuestra cobertura DataInSights, que analiza bancos de datos y datos cuantitativos relacionados con el crimen organizado en Am\u00e9rica Latina y el Caribe.<\/p>\n\n\n\n<div class=\"wp-block-buttons is-layout-flex wp-block-buttons-is-layout-flex\">\n<div class=\"wp-block-button\"><a class=\"wp-block-button__link has-text-color has-background has-link-color wp-element-button\" href=\"https:\/\/insightcrime.org\/es\/tag\/insight-cifras\/\" style=\"color:#ff8132;background-color:#1b4461\" target=\"_blank\" rel=\"noreferrer noopener\">Ver  los art\u00edculos<\/a><\/div>\n<\/div>\n\n\n\n<div style=\"height:26px\" aria-hidden=\"true\" class=\"wp-block-spacer\"><\/div>\n<\/div><figure class=\"wp-block-media-text__media\" style=\"background-image:url(https:\/\/insightcrime.org\/wp-content\/uploads\/2023\/06\/Cover-DataInSights-Latin-Americas-Homicide-Hotspots-InSightCrime-1024x589.jpg);background-position:50% 50%\"><a href=\"https:\/\/insightcrime.org\/es\/tag\/insight-cifras\/\" target=\"_blank\" rel=\"noreferrer noopener\"><img data-recalc-dims=\"1\" loading=\"lazy\" decoding=\"async\" width=\"1024\" height=\"589\" src=\"https:\/\/i0.wp.com\/insightcrime.org\/wp-content\/uploads\/2023\/06\/Cover-DataInSights-Latin-Americas-Homicide-Hotspots-InSightCrime.jpg?resize=1024%2C589&#038;quality=100&#038;ssl=1\" alt=\"\" class=\"wp-image-279349 size-full\" srcset=\"https:\/\/i0.wp.com\/insightcrime.org\/wp-content\/uploads\/2023\/06\/Cover-DataInSights-Latin-Americas-Homicide-Hotspots-InSightCrime.jpg?resize=1024%2C589&amp;quality=100&amp;ssl=1 1024w, https:\/\/i0.wp.com\/insightcrime.org\/wp-content\/uploads\/2023\/06\/Cover-DataInSights-Latin-Americas-Homicide-Hotspots-InSightCrime.jpg?resize=300%2C172&amp;quality=100&amp;ssl=1 300w, https:\/\/i0.wp.com\/insightcrime.org\/wp-content\/uploads\/2023\/06\/Cover-DataInSights-Latin-Americas-Homicide-Hotspots-InSightCrime.jpg?resize=768%2C441&amp;quality=100&amp;ssl=1 768w, https:\/\/i0.wp.com\/insightcrime.org\/wp-content\/uploads\/2023\/06\/Cover-DataInSights-Latin-Americas-Homicide-Hotspots-InSightCrime.jpg?resize=1200%2C690&amp;quality=100&amp;ssl=1 1200w, https:\/\/i0.wp.com\/insightcrime.org\/wp-content\/uploads\/2023\/06\/Cover-DataInSights-Latin-Americas-Homicide-Hotspots-InSightCrime.jpg?resize=400%2C230&amp;quality=100&amp;ssl=1 400w, https:\/\/i0.wp.com\/insightcrime.org\/wp-content\/uploads\/2023\/06\/Cover-DataInSights-Latin-Americas-Homicide-Hotspots-InSightCrime.jpg?resize=706%2C406&amp;quality=100&amp;ssl=1 706w, https:\/\/i0.wp.com\/insightcrime.org\/wp-content\/uploads\/2023\/06\/Cover-DataInSights-Latin-Americas-Homicide-Hotspots-InSightCrime.jpg?w=1336&amp;quality=100&amp;ssl=1 1336w, https:\/\/i0.wp.com\/insightcrime.org\/wp-content\/uploads\/2023\/06\/Cover-DataInSights-Latin-Americas-Homicide-Hotspots-InSightCrime-1024x589.jpg?w=370&amp;quality=100&amp;ssl=1 370w\" sizes=\"auto, (max-width: 1000px) 100vw, 1000px\" \/><\/a><\/figure><\/div>\n\n\n\n<p class=\"wp-block-paragraph\">Los grupos criminales m\u00e1s activos en Bahia son el Comando Rojo (Comando Vermelho, <a href=\"https:\/\/insightcrime.org\/es\/noticias-crimen-organizado-brasil\/comando-rojo\/\" target=\"_blank\" rel=\"noreferrer noopener\">CV<\/a>), de R\u00edo de Janeiro, y la local Banda del Loco (Bonde do Maluco, BDM), que se ali\u00f3 con el grupo criminal m\u00e1s poderoso de Brasil, el Primer Comando de la Capital (Primeiro Comando da Capital, PCC).<\/p>\n\n\n\n<blockquote class=\"wp-block-quote is-layout-flow wp-block-quote-is-layout-flow\">\n<p class=\"wp-block-paragraph\"><strong><em><mark style=\"background-color:rgba(0, 0, 0, 0)\" class=\"has-inline-color has-primary-variation-color\">VEA TAMBI\u00c9N: <\/mark><\/em><\/strong><a href=\"https:\/\/insightcrime.org\/es\/noticias-crimen-organizado-brasil\/primer-comando-capital-pcc-perfil\/#:~:text=El%20Primer%20Comando%20Capital%20(Primeiro,violento%20sistema%20penitenciario%20de%20Brasil.\" target=\"_blank\" rel=\"noreferrer noopener\">Primer Comando de la Capital (PCC)<\/a><\/p>\n<\/blockquote>\n\n\n\n<p class=\"wp-block-paragraph\">La rivalidad entre los dos grupos ha sido la causa de gran parte de la violencia vivida en este a\u00f1o. Las pandillas y las milicias han estado implicadas en el 86% de la violencia registrada en lo corrido de 2023, seg\u00fan los datos recopilados por ACLED. Los dos grupos se enfrentaron por lo menos 40 veces a lo largo del a\u00f1o, pero los datos de ACLED arrojaron que el CV fue el m\u00e1s activo, con participaci\u00f3n en 16 hechos violentos en promedio cada mes, que dejaron al menos 194 muertes totales registradas.<\/p>\n\n\n\n<p class=\"wp-block-paragraph\">Al mismo tiempo, casi la mitad de la violencia asociada al crimen organizado derivaron en confrontaciones entre las pandillas y las fuerzas de polic\u00eda. Como en otros lugares de Brasil, el gobierno ha respondido a la violencia delincuencial con t\u00e1cticas brutales de su propia cosecha, especialmente en hechos que involucran a la polic\u00eda militar.<\/p>\n\n\n\n<center>\n    <div style=\"text-align: left\">\n    <p class=\"plot-title\">N\u00famero de muertes violentas registradas en hechos violentos con participaci\u00f3n de la Polic\u00eda Militar<\/p>\n    <p class=\"plot-subtitle\">Total muertes violentas registradas entre enero y noviembre, 2023<\/p>\n    <\/div>\n    <iframe src=\"https:\/\/insightcrime.org\/wp-content\/uploads\/2023\/08\/military_pol_map_es-1.html\" style=\"width: 100%; height: 450px\"><\/iframe>\n    <div id=\"footer\" style=\"width:100%; max-width:780px\">\n          <!--add sources below-->\n          <span style=\"float:left; color:#9D9D9D\">\n              <p>Fuente: <a href=\"https:\/\/acleddata.com\/data-export-tool\/\">ACLED<\/a><\/p>\n          <\/span>\n           <!--don't modify anything below this line-->\n          <span style=\"float:right; font-family: Noto Serif; color:#a5a5a5\">\n               <p><i>\n                  i&hairsp;n&hairsp;s&hairsp;i&hairsp;g&hairsp;h&hairsp;t&hairsp;c&hairsp;r&hairsp;i&hairsp;m&hairsp;e&hairsp;.&hairsp;o&hairsp;r&hairsp;g\n              <\/i><\/p>\n          <\/span>\n       <\/div>\n       <br>\n    <\/center>\n\n\n\n<p class=\"wp-block-paragraph\">La estrategia policial de enfrentar frontalmente a las pandillas ha resultado letal. Bahia registr\u00f3 m\u00e1s muertes con participaci\u00f3n de la polic\u00eda militar que en cualquier otro lugar del pa\u00eds, con 752 muertos en 662 hechos violentos entre enero y noviembre.<\/p>\n\n\n\n<p class=\"wp-block-paragraph\">La violencia se ha concentrado en Salvador, donde tambi\u00e9n confluye la mayor parte de la riqueza del estado de Bahia. Las zonas pudientes limitan con los barrios pobres, lo que pone las plazas de droga cerca de sectores con poco control estatal, pero si bien es en los barrios m\u00e1s pudientes donde es m\u00e1s com\u00fan la incautaci\u00f3n de drogas, no son estas las \u00e1reas m\u00e1s afectadas por la violencia.<\/p>\n\n\n\n<blockquote class=\"wp-block-quote is-layout-flow wp-block-quote-is-layout-flow\">\n<p class=\"wp-block-paragraph\"><strong><em><mark style=\"background-color:rgba(0, 0, 0, 0)\" class=\"has-inline-color has-primary-variation-color\">VEA TAMBI\u00c9N:<\/mark><\/em><\/strong> <a href=\"https:\/\/insightcrime.org\/es\/noticias\/criminales-violencia-electoral-mexico-brasil\/\" target=\"_blank\" rel=\"noreferrer noopener\">Grupos criminales usan violencia electoral en M\u00e9xico y Brasil, seg\u00fan estudio<\/a><\/p>\n<\/blockquote>\n\n\n\n<p class=\"wp-block-paragraph\">\u201cPituba, que se considera un buen barrio aqu\u00ed en Salvador, es donde hay la mayor cantidad de decomisos\u201d, observ\u00f3 Ashanti. \u201cSin embargo, es en Nordeste de Amaralina, justo al lado de Pituba, pero que es un barrio perif\u00e9rico con predominio de poblaci\u00f3n negra el que padece redadas constantes de la polic\u00eda\u201d. Salvador registr\u00f3 m\u00e1s de la mitad de los hechos violentos con participaci\u00f3n de la Polic\u00eda Militar en Bahia este a\u00f1o, seg\u00fan datos de ACLED.<\/p>\n\n\n\n<p class=\"wp-block-paragraph\">La violencia toc\u00f3 un pico en septiembre, cuando hubo cerca de 70 p\u00e9rdidas humanas en el transcurso de una semana. Casi dos terceras partes de las muertes violentas registradas ocurrieron en tiroteos entre las pandillas y la polic\u00eda. De los 146 hechos registrados por ACLED en los que hubo alg\u00fan muerto en septiembre, 70 fueron tiroteos entre las pandillas y la polic\u00eda, mientras que 61 involucraron a muertes de civiles a manos de las pandillas.<\/p>\n\n\n\n<div style=\"text-align: left\">\n        <p class=\"plot-title\">Muertes violentas registradas semanalmente en Bah\u00eda, Brasil <\/p>\n        <p class=\"plot-subtitle\">N\u00famero de personas presuntamente asesinadas en enfrentamientos con participaci\u00f3n de pandillas o polic\u00eda<\/p>\n        <\/div>\n        <div id=\"lineChart\" style=\"width: 100%; max-width:700; margin-bottom: 0px\"><\/div>\n        <script>\n        \/\/ set the dimensions and margins of the graph\n        const margin = {top: 10, right: 10, bottom: 45, left: 20},\n            width = 640 - margin.left - margin.right,\n            height = 450 - margin.top - margin.bottom;\n        \n        \/\/ append the svg object to the body of the page\n        const svg = d3.select(\"#lineChart\")\n          .append(\"svg\")\n            .attr(\"viewBox\", `0 0 640 450`)\n          .append(\"g\")\n            .attr(\"transform\",`translate(${margin.left},${margin.top})`);\n        \n        \/\/Read the data\n        var data = [\n          {\n            \"Week\": \"2023-01-02\",\n            \"fatalities\": 21\n          },\n          {\n            \"Week\": \"2023-01-09\",\n            \"fatalities\": 23\n          },\n          {\n            \"Week\": \"2023-01-16\",\n            \"fatalities\": 25\n          },\n          {\n            \"Week\": \"2023-01-23\",\n            \"fatalities\": 33\n          },\n          {\n            \"Week\": \"2023-01-30\",\n            \"fatalities\": 27\n          },\n          {\n            \"Week\": \"2023-02-06\",\n            \"fatalities\": 35\n          },\n          {\n            \"Week\": \"2023-02-13\",\n            \"fatalities\": 21\n          },\n          {\n            \"Week\": \"2023-02-20\",\n            \"fatalities\": 19\n          },\n          {\n            \"Week\": \"2023-02-27\",\n            \"fatalities\": 27\n          },\n          {\n            \"Week\": \"2023-03-06\",\n            \"fatalities\": 44\n          },\n          {\n            \"Week\": \"2023-03-13\",\n            \"fatalities\": 24\n          },\n          {\n            \"Week\": \"2023-03-20\",\n            \"fatalities\": 22\n          },\n          {\n            \"Week\": \"2023-03-27\",\n            \"fatalities\": 19\n          },\n          {\n            \"Week\": \"2023-04-03\",\n            \"fatalities\": 27\n          },\n          {\n            \"Week\": \"2023-04-10\",\n            \"fatalities\": 29\n          },\n          {\n            \"Week\": \"2023-04-17\",\n            \"fatalities\": 14\n          },\n          {\n            \"Week\": \"2023-04-24\",\n            \"fatalities\": 33\n          },\n          {\n            \"Week\": \"2023-05-01\",\n            \"fatalities\": 22\n          },\n          {\n            \"Week\": \"2023-05-08\",\n            \"fatalities\": 31\n          },\n          {\n            \"Week\": \"2023-05-15\",\n            \"fatalities\": 44\n          },\n          {\n            \"Week\": \"2023-05-22\",\n            \"fatalities\": 40\n          },\n          {\n            \"Week\": \"2023-05-29\",\n            \"fatalities\": 42\n          },\n          {\n            \"Week\": \"2023-06-05\",\n            \"fatalities\": 28\n          },\n          {\n            \"Week\": \"2023-06-12\",\n            \"fatalities\": 28\n          },\n          {\n            \"Week\": \"2023-06-19\",\n            \"fatalities\": 41\n          },\n          {\n            \"Week\": \"2023-06-26\",\n            \"fatalities\": 42\n          },\n          {\n            \"Week\": \"2023-07-03\",\n            \"fatalities\": 36\n          },\n          {\n            \"Week\": \"2023-07-10\",\n            \"fatalities\": 38\n          },\n          {\n            \"Week\": \"2023-07-17\",\n            \"fatalities\": 39\n          },\n          {\n            \"Week\": \"2023-07-24\",\n            \"fatalities\": 57\n          },\n          {\n            \"Week\": \"2023-07-31\",\n            \"fatalities\": 52\n          },\n          {\n            \"Week\": \"2023-08-07\",\n            \"fatalities\": 38\n          },\n          {\n            \"Week\": \"2023-08-14\",\n            \"fatalities\": 48\n          },\n          {\n            \"Week\": \"2023-08-21\",\n            \"fatalities\": 32\n          },\n          {\n            \"Week\": \"2023-08-28\",\n            \"fatalities\": 51\n          },\n          {\n            \"Week\": \"2023-09-04\",\n            \"fatalities\": 67\n          },\n          {\n            \"Week\": \"2023-09-11\",\n            \"fatalities\": 47\n          },\n          {\n            \"Week\": \"2023-09-18\",\n            \"fatalities\": 69\n          },\n          {\n            \"Week\": \"2023-09-25\",\n            \"fatalities\": 45\n          },\n          {\n            \"Week\": \"2023-10-02\",\n            \"fatalities\": 46\n          },\n          {\n            \"Week\": \"2023-10-09\",\n            \"fatalities\": 26\n          },\n          {\n            \"Week\": \"2023-10-16\",\n            \"fatalities\": 35\n          },\n          {\n            \"Week\": \"2023-10-23\",\n            \"fatalities\": 49\n          },\n          {\n            \"Week\": \"2023-10-30\",\n            \"fatalities\": 29\n          },\n          {\n            \"Week\": \"2023-11-06\",\n            \"fatalities\": 34\n          },\n          {\n            \"Week\": \"2023-11-13\",\n            \"fatalities\": 37\n          },\n          {\n            \"Week\": \"2023-11-20\",\n            \"fatalities\": 45\n          }\n        ]\n        \n            const x = d3.scaleTime()\n              .domain(d3.extent(data, d => d3.timeParse(\"%Y-%m-%d\")(d.Week)))\n              .range([ 0, width ]);\n            svg.append(\"g\")\n              .attr('class', 'x-axis')\n              .attr(\"transform\", `translate(0, ${height})`)\n              .call(d3.axisBottom(x)\n              .tickSizeOuter(0)\n              .ticks(12, \"%b\")\n              );\n        \n            \/\/ Add Y axis\n            const y = d3.scaleLinear()\n              .domain([ 0, 70 ])\n              .range([ height, 0 ]);\n            svg.append(\"g\")\n              .attr('class', 'y-axis')\n              .call(d3.axisLeft(y)\n              .tickSizeInner(-width)\n              .tickSizeOuter(0)\n              );\n        \n            \/\/ Add the line\n            svg.append(\"path\")\n              .datum(data)\n              .attr(\"class\", \"myPath\")\n              .attr(\"fill\", \"none\")\n              .attr(\"d\", d3.line()\n                .x(d => x(d3.timeParse(\"%Y-%m-%d\")(d.Week)))\n                .y(d => y(d.fatalities))\n                )\n        \n            \/\/ create a tooltip\n            const Tooltip = d3.select(\"#lineChart\")\n              .append(\"div\")\n              .style(\"opacity\", 0)\n              .attr(\"class\", \"tooltip\")\n              .style(\"background-color\", \"white\")\n              .style(\"border\", \"solid\")\n              .style(\"border-width\", \"2px\")\n              .style(\"border-radius\", \"5px\")\n              .style(\"padding\", \"5px\")\n        \n              \/\/ Three function that change the tooltip when user hover \/ move \/ leave a cell\n              const mouseover = function(event,d) {\n                Tooltip\n                  .style(\"opacity\", 1)\n              }\n              const mousemove = function(event,d) {\n                Tooltip\n                  .html(d.fatalities)\n                  .style(\"left\", `${event.layerX+10}px`)\n                  .style(\"top\", `${event.layerY}px`)\n              }\n              const mouseleave = function(event,d) {\n                Tooltip\n                  .style(\"opacity\", 0)\n              }\n        \n        \n        \n            \/\/ Add the points\n            svg\n              .append(\"g\")\n              .selectAll(\"dot\")\n              .data(data)\n              .join(\"circle\")\n                .attr(\"class\", \"myCircle\")\n                .attr(\"cx\", d => x(d3.timeParse(\"%Y-%m-%d\")(d.Week)))\n                .attr(\"cy\", d => y(d.fatalities))\n                .attr(\"r\", 3)\n                .attr(\"stroke\", \"#none\")\n                .attr(\"stroke-width\", 10)\n                .attr(\"fill\", \"#B51B20\")\n                .on(\"mouseover\", mouseover)\n                .on(\"mousemove\", mousemove)\n                .on(\"mouseleave\", mouseleave)\n        \n        svg.append('text')\n              .attr('class', 'annotations')\n              .attr(\"x\", -20)\n              .attr(\"y\", 435)\n              .attr('font-size', '12px')\n              .attr(\"font-family\", 'Noto Sans')\n              .text(\"Nota: Las muertes violentas reportadas se calculan a partir del lunes de cada semana.\")\n        <\/script>\n        \n        \n        <div id=\"footer\" style=\"width:100%; max-width:780px; margin-top:0px; margin-bottom:30px; padding-bottom:30px\">\n            <!--add sources below-->\n            <span style=\"float:left; color:#9D9D9D\">\n                <p>Fuente: <a href=\"https:\/\/acleddata.com\/data-export-tool\/\">ACLED<\/a><\/p>\n            <\/span>\n             <!--don't modify anything below this line-->\n            <span style=\"float:right; font-family: Noto Serif; color:#a5a5a5\">\n                 <p><i>\n                    i&hairsp;n&hairsp;s&hairsp;i&hairsp;g&hairsp;h&hairsp;t&hairsp;c&hairsp;r&hairsp;i&hairsp;m&hairsp;e&hairsp;.&hairsp;o&hairsp;r&hairsp;g\n                <\/i><\/p>\n            <\/span>\n         <\/div>\n\n\n\n<p class=\"wp-block-paragraph\">Los ataques violentos a las pandillas en muchas ocasiones no reportaron a la polic\u00eda m\u00e1s que victorias parciales, seg\u00fan expertos consultados por InSight Crime. La eliminaci\u00f3n de los cabecillas o de un ala de un grupo puede hacer que este se <a href=\"https:\/\/insightcrime.org\/es\/noticias\/futuro-crimen-uruguay\/\" target=\"_blank\" rel=\"noreferrer noopener\">fragmente<\/a> en distintas facciones rivales, lo que a fin de cuentas no ayuda mucho para arrebatar el control territorial a las bandas criminales ni a reducir sus ganancias.<\/p>\n\n\n\n<p class=\"wp-block-paragraph\">\u201cNunca ha habido otra estrategia contra las facciones para enfrentar el problema de las drogas. Y creo que eso es un error fundamental en el campo de la seguridad p\u00fablica\u201d, coment\u00f3 Ashanti.<\/p>\n\n\n\n<h2 class=\"wp-block-heading\"><strong>Fracturas y alianzas complican la lucha contra la delincuencia<\/strong><\/h2>\n\n\n\n<p class=\"wp-block-paragraph\">Mientras el gobierno sigue enfrentando los grupos locales que compiten por el control territorial, la fragmentaci\u00f3n cada vez mayor del hampa de Bahia ha detonado una evoluci\u00f3n criminal acelerada que complica a\u00fan m\u00e1s la lucha contra el crimen organizado.<\/p>\n\n\n\n<p class=\"wp-block-paragraph\">ACLED identific\u00f3 14 diferentes grupos criminales activos este a\u00f1o, y hay un n\u00famero no determinado de grupos d menor tama\u00f1o sin nombre que tambi\u00e9n hacen presencia actualmente en todo el estado.<\/p>\n\n\n\n<p class=\"wp-block-paragraph\">\u201cTodos los municipios de Bahia, toda la regi\u00f3n metropolitana de la capital y el interior est\u00e1n bajo el control de organizaciones criminales\u201d, se\u00f1al\u00f3 Antonio Lima, soci\u00f3logo de la Universidad Federal de Bahia.<\/p>\n\n\n\n<div style=\"text-align: left\">\n        <p class=\"plot-title\">Evoluci\u00f3n de las facciones de Bahia<\/p>\n        <p class=\"plot-subtitle\">Aunque en Bahia ha habido pandillas carcelarias y otros grupos criminales por d\u00e9cadas, la mayor\u00eda de las facciones enfrentadas actualmente tienen su orign en un grupo: el Comando de la Paz<\/p>\n        <\/div>\n\n\n\n<figure class=\"wp-block-image size-large\"><img data-recalc-dims=\"1\" loading=\"lazy\" decoding=\"async\" width=\"1024\" height=\"545\" src=\"https:\/\/i0.wp.com\/insightcrime.org\/wp-content\/uploads\/2023\/12\/es-newton-faccoes-na-bahia-2.jpg?resize=1024%2C545&#038;quality=100&#038;ssl=1\" alt=\"\" class=\"wp-image-263235\" srcset=\"https:\/\/i0.wp.com\/insightcrime.org\/wp-content\/uploads\/2023\/12\/es-newton-faccoes-na-bahia-2.jpg?resize=1024%2C545&amp;quality=100&amp;ssl=1 1024w, https:\/\/i0.wp.com\/insightcrime.org\/wp-content\/uploads\/2023\/12\/es-newton-faccoes-na-bahia-2.jpg?resize=300%2C160&amp;quality=100&amp;ssl=1 300w, https:\/\/i0.wp.com\/insightcrime.org\/wp-content\/uploads\/2023\/12\/es-newton-faccoes-na-bahia-2.jpg?resize=768%2C409&amp;quality=100&amp;ssl=1 768w, https:\/\/i0.wp.com\/insightcrime.org\/wp-content\/uploads\/2023\/12\/es-newton-faccoes-na-bahia-2.jpg?resize=400%2C213&amp;quality=100&amp;ssl=1 400w, https:\/\/i0.wp.com\/insightcrime.org\/wp-content\/uploads\/2023\/12\/es-newton-faccoes-na-bahia-2.jpg?resize=706%2C376&amp;quality=100&amp;ssl=1 706w, https:\/\/i0.wp.com\/insightcrime.org\/wp-content\/uploads\/2023\/12\/es-newton-faccoes-na-bahia-2.jpg?w=1165&amp;quality=100&amp;ssl=1 1165w, https:\/\/i0.wp.com\/insightcrime.org\/wp-content\/uploads\/2023\/12\/es-newton-faccoes-na-bahia-2-1024x545.jpg?w=370&amp;quality=100&amp;ssl=1 370w\" sizes=\"auto, (max-width: 1000px) 100vw, 1000px\" \/><\/figure>\n\n\n\n<p class=\"wp-block-paragraph\">Adem\u00e1s, los grupos nacionales han incrementado su actividad y su apoyo a sus aliados en Bahia. Desde que el CV absorbi\u00f3 una banda local en 2021, el grupo de R\u00edo ha adoptado una violencia creciente en Bahia, seg\u00fan datos de ACLED. Enfrentado a un rival en crecimiento, la BDM hizo alianzas adicionales. Los medios locales <a href=\"https:\/\/www.correio24horas.com.br\/minha-bahia\/rival-do-comando-vermelho-faccao-carioca-faz-alianca-com-o-bdm-e-chega-a-bahia-0823\" target=\"_blank\" rel=\"noreferrer noopener\">informaron<\/a> que a partir de abril, la BDM uni\u00f3 fuerzas con el principal rival del CV en R\u00edo de Janeiro, una facci\u00f3n disidente conocida como el Tercer Comando Puro (Terceiro Comando Puro, <a href=\"https:\/\/insightcrime.org\/es\/noticias-crimen-organizado-brasil\/tercer-comando-puro\/\" target=\"_blank\" rel=\"noreferrer noopener\">TCP<\/a>).<\/p>\n\n\n\n<p class=\"wp-block-paragraph\">Es posible que las pandillas m\u00e1s grandes de Brasil est\u00e9n mirando hacia Bahia en un intento por asegurar las rutas internacionales de tr\u00e1fico. Salvador es una ciudad portuaria sobre el Atl\u00e1ntico que en los \u00faltimos a\u00f1os ha tenido varios importantes decomisos de cargamentos de drogas con destino a Europa. En 2022, las autoridades brasile\u00f1as <a href=\"https:\/\/www.gov.br\/pf\/pt-br\/assuntos\/noticias\/2022\/03\/policia-federal-deflagra-a-operacao-descontaminacao-contra-trafico-internacional-de-entorpecentes\" target=\"_blank\" rel=\"noreferrer noopener\">capturaron<\/a> a 12 personas en Bahia y S\u00e3o Paulo, se\u00f1aladas de haber escondido coca\u00edna en contenedores de carga que iban de Salvador hacia Europa. Las autoridades tambi\u00e9n decomisaron m\u00e1s de 3,5 toneladas de coca\u00edna en el operativo. <\/p>\n\n\n\n<p class=\"wp-block-paragraph\">Pero aunque estas alianzas cambiantes han generado un repunte de la violencia en extensas \u00e1reas de Bahia, algunas zonas donde hay dominio de un solo grupo est\u00e1n reduciendo la violencia. Esas ca\u00eddas de la violencia se explican cuando un grupo tiene control casi absoluto sobre el tr\u00e1fico, explic\u00f3 Lima.<\/p>\n","protected":false},"excerpt":{"rendered":"<p>Facciones criminales rivales atacan a la poblaci\u00f3n civil en su guerra por control territorial en el estado de Bahia, noreste de Brasil, y la respuesta represiva del gobierno exacerba a\u00fan m\u00e1s la violencia.<\/p>\n","protected":false},"author":241,"featured_media":279354,"comment_status":"closed","ping_status":"closed","sticky":false,"template":"single-feature.php","format":"standard","meta":{"newspack_ads_suppress_ads":false,"newspack_popups_has_disabled_popups":false,"newspack_sponsor_sponsorship_scope":"","newspack_sponsor_native_byline_display":"inherit","newspack_sponsor_native_category_display":"inherit","newspack_sponsor_underwriter_style":"inherit","newspack_sponsor_underwriter_placement":"inherit","_EventAllDay":false,"_EventTimezone":"","_EventStartDate":"","_EventEndDate":"","_EventStartDateUTC":"","_EventEndDateUTC":"","_EventShowMap":false,"_EventShowMapLink":false,"_EventURL":"","_EventCost":"","_EventCostDescription":"","_EventCurrencySymbol":"","_EventCurrencyCode":"","_EventCurrencyPosition":"","_EventDateTimeSeparator":"","_EventTimeRangeSeparator":"","_EventOrganizerID":[],"_EventVenueID":[],"_OrganizerEmail":"","_OrganizerPhone":"","_OrganizerWebsite":"","_VenueAddress":"","_VenueCity":"","_VenueCountry":"","_VenueProvince":"","_VenueState":"","_VenueZip":"","_VenuePhone":"","_VenueURL":"","_VenueStateProvince":"","_VenueLat":"","_VenueLng":"","_VenueShowMap":false,"_VenueShowMapLink":false,"_newspack_byline_active":false,"_newspack_byline":"","newspack_hide_updated_date":false,"newspack_show_updated_date":false,"newspack_featured_image_position":"above","newspack_post_subtitle":"","newspack_article_summary_title":"Overview:","newspack_article_summary":"","_jetpack_memberships_contains_paid_content":false,"footnotes":""},"categories":[759],"tags":[405,3097,3387,455,4551,446,438],"newspack_spnsrs_tax":[],"coauthors":[4392,4502,4501],"class_list":["post-263167","post","type-post","status-publish","format-standard","has-post-thumbnail","hentry","category-noticias","tag-brasil","tag-comando-vermelho","tag-destacado","tag-infografias","tag-insight-cifras","tag-el-pcc","tag-politicas-de-seguridad","entry"],"parsely":{"version":"1.1.0","canonical_url":"https:\/\/insightcrime.org\/es\/noticias\/aumento-violencia-bahia-brasil\/","smart_links":{"inbound":0,"outbound":0},"traffic_boost_suggestions_count":0,"meta":{"@context":"https:\/\/schema.org","@type":"NewsArticle","headline":"\u00bfQu\u00e9 hay detr\u00e1s del aumento de la violencia en Bahia, Brasil?","url":"http:\/\/insightcrime.org\/es\/noticias\/aumento-violencia-bahia-brasil\/","mainEntityOfPage":{"@type":"WebPage","@id":"http:\/\/insightcrime.org\/es\/noticias\/aumento-violencia-bahia-brasil\/"},"thumbnailUrl":"https:\/\/i0.wp.com\/insightcrime.org\/wp-content\/uploads\/2023\/12\/Cover-What-Is-Behind-Rising-Violence-in-Bahia-Brazil-InSightCrime.jpg?resize=150%2C150&quality=100&ssl=1","image":{"@type":"ImageObject","url":"https:\/\/i0.wp.com\/insightcrime.org\/wp-content\/uploads\/2023\/12\/Cover-What-Is-Behind-Rising-Violence-in-Bahia-Brazil-InSightCrime.jpg?fit=1336%2C768&quality=100&ssl=1"},"articleSection":"Noticias","author":[{"@type":"Person","name":"Christopher Newton"},{"@type":"Person","name":"Sandra Pellegrini"},{"@type":"Person","name":"Rachel Sodr\u00e9"}],"creator":["Christopher Newton","Sandra Pellegrini","Rachel Sodr\u00e9"],"publisher":{"@type":"Organization","name":"InSight Crime","logo":"https:\/\/insightcrime.org\/wp-content\/uploads\/2023\/08\/logo.png"},"keywords":["brasil","comando vermelho","destacado","infograf\u00edas","insight cifras","pcc","pol\u00edticas de seguridad"],"dateCreated":"2023-12-13T16:45:40Z","datePublished":"2023-12-13T16:45:40Z","dateModified":"2024-08-29T11:57:25Z"},"rendered":"<meta name=\"parsely-title\" content=\"\u00bfQu\u00e9 hay detr\u00e1s del aumento de la violencia en Bahia, Brasil?\" \/>\n<meta name=\"parsely-link\" content=\"http:\/\/insightcrime.org\/es\/noticias\/aumento-violencia-bahia-brasil\/\" \/>\n<meta name=\"parsely-type\" content=\"post\" \/>\n<meta name=\"parsely-image-url\" content=\"https:\/\/i0.wp.com\/insightcrime.org\/wp-content\/uploads\/2023\/12\/Cover-What-Is-Behind-Rising-Violence-in-Bahia-Brazil-InSightCrime.jpg?resize=150%2C150&amp;quality=100&amp;ssl=1\" \/>\n<meta name=\"parsely-pub-date\" content=\"2023-12-13T16:45:40Z\" \/>\n<meta name=\"parsely-section\" content=\"Noticias\" \/>\n<meta name=\"parsely-tags\" content=\"brasil,comando vermelho,destacado,infograf\u00edas,insight cifras,pcc,pol\u00edticas de seguridad\" \/>\n<meta name=\"parsely-author\" content=\"Christopher Newton\" \/>\n<meta name=\"parsely-author\" content=\"Sandra Pellegrini\" \/>\n<meta name=\"parsely-author\" content=\"Rachel Sodr\u00e9\" \/>","tracker_url":"https:\/\/cdn.parsely.com\/keys\/insightcrime.org\/p.js"},"jetpack_sharing_enabled":true,"jetpack-related-posts":[{"id":300784,"url":"https:\/\/insightcrime.org\/es\/noticias\/malentendidos-fatales-victimas-inocentes-conflictos-criminales-brasil\/","url_meta":{"origin":263167,"position":0},"title":"Malentendidos fatales: Las v\u00edctimas inocentes de los conflictos criminales en Brasil","author":"Sam Woolston","date":"30 de enero de 2025","format":false,"excerpt":"En Brasil, donde los cambios en la din\u00e1mica de las bandas criminales ha creado nuevos focos de violencia, personas inocentes se est\u00e1n convirtiendo en v\u00edctimas de disputas territoriales, ya que los grupos criminales reaccionan violentamente a gestos inocuos con las manos y a publicaciones en las redes sociales.","rel":"","context":"En \u00abNoticias\u00bb","block_context":{"text":"Noticias","link":"https:\/\/insightcrime.org\/es\/category\/noticias\/"},"img":{"alt_text":"","src":"https:\/\/i0.wp.com\/insightcrime.org\/wp-content\/uploads\/2025\/01\/Cover-Data-Graphics-Brazil-InSightCrime.jpg?fit=1200%2C690&quality=100&ssl=1&resize=350%2C200","width":350,"height":200,"srcset":"https:\/\/i0.wp.com\/insightcrime.org\/wp-content\/uploads\/2025\/01\/Cover-Data-Graphics-Brazil-InSightCrime.jpg?fit=1200%2C690&quality=100&ssl=1&resize=350%2C200 1x, https:\/\/i0.wp.com\/insightcrime.org\/wp-content\/uploads\/2025\/01\/Cover-Data-Graphics-Brazil-InSightCrime.jpg?fit=1200%2C690&quality=100&ssl=1&resize=525%2C300 1.5x, https:\/\/i0.wp.com\/insightcrime.org\/wp-content\/uploads\/2025\/01\/Cover-Data-Graphics-Brazil-InSightCrime.jpg?fit=1200%2C690&quality=100&ssl=1&resize=700%2C400 2x, https:\/\/i0.wp.com\/insightcrime.org\/wp-content\/uploads\/2025\/01\/Cover-Data-Graphics-Brazil-InSightCrime.jpg?fit=1200%2C690&quality=100&ssl=1&resize=1050%2C600 3x"},"classes":[]},{"id":240423,"url":"https:\/\/insightcrime.org\/es\/noticias\/recursos-nuevos-estrategias-falllidas-contra-crimen-brasil\/","url_meta":{"origin":263167,"position":1},"title":"Brasil vuelve a apostarle a estrategias fallidas contra el crimen organizado","author":"Christopher Newton","date":"9 de octubre de 2023","format":false,"excerpt":"Brasil anunci\u00f3 un nuevo plan de seguridad a nivel nacional para combatir el crimen organizado en medio de un repunte de la violencia. Pero el plan de casi US$175 millones es un refrito de muchas pasadas estrategias ineficaces.","rel":"","context":"En \u00abNoticias\u00bb","block_context":{"text":"Noticias","link":"https:\/\/insightcrime.org\/es\/category\/noticias\/"},"img":{"alt_text":"Ministro de justicia y seguridad p\u00fablica Fl\u00e1vio Dino presenta el nuevo programa de seguridad para Brasil","src":"https:\/\/i0.wp.com\/insightcrime.org\/wp-content\/uploads\/2023\/10\/dino_seguranca.jpg?fit=675%2C450&quality=100&ssl=1&resize=350%2C200","width":350,"height":200,"srcset":"https:\/\/i0.wp.com\/insightcrime.org\/wp-content\/uploads\/2023\/10\/dino_seguranca.jpg?fit=675%2C450&quality=100&ssl=1&resize=350%2C200 1x, https:\/\/i0.wp.com\/insightcrime.org\/wp-content\/uploads\/2023\/10\/dino_seguranca.jpg?fit=675%2C450&quality=100&ssl=1&resize=525%2C300 1.5x"},"classes":[]},{"id":281921,"url":"https:\/\/insightcrime.org\/es\/news\/decada-datos-crimen-organizado-brasil\/","url_meta":{"origin":263167,"position":2},"title":"Lo que una d\u00e9cada de datos dice sobre el crimen organizado en Brasil","author":"Lara Loaiza","date":"1 de julio de 2024","format":false,"excerpt":"Un nuevo informe se\u00f1ala que la violencia en algunas zonas del norte de Brasil ha aumentado en la \u00faltima d\u00e9cada a causa de la lucha entre facciones criminales, reforzadas por el encarcelamiento masivo, por las nuevas rutas de tr\u00e1fico de coca\u00edna en esta regi\u00f3n.","rel":"","context":"En \u00abNews\u00bb","block_context":{"text":"News","link":"https:\/\/insightcrime.org\/category\/news\/"},"img":{"alt_text":"","src":"https:\/\/i0.wp.com\/insightcrime.org\/wp-content\/uploads\/2024\/07\/Brazil-Rio-Security-Military-police-AP-22019511019465-A2.jpg?fit=1200%2C690&quality=100&ssl=1&resize=350%2C200","width":350,"height":200,"srcset":"https:\/\/i0.wp.com\/insightcrime.org\/wp-content\/uploads\/2024\/07\/Brazil-Rio-Security-Military-police-AP-22019511019465-A2.jpg?fit=1200%2C690&quality=100&ssl=1&resize=350%2C200 1x, https:\/\/i0.wp.com\/insightcrime.org\/wp-content\/uploads\/2024\/07\/Brazil-Rio-Security-Military-police-AP-22019511019465-A2.jpg?fit=1200%2C690&quality=100&ssl=1&resize=525%2C300 1.5x, https:\/\/i0.wp.com\/insightcrime.org\/wp-content\/uploads\/2024\/07\/Brazil-Rio-Security-Military-police-AP-22019511019465-A2.jpg?fit=1200%2C690&quality=100&ssl=1&resize=700%2C400 2x, https:\/\/i0.wp.com\/insightcrime.org\/wp-content\/uploads\/2024\/07\/Brazil-Rio-Security-Military-police-AP-22019511019465-A2.jpg?fit=1200%2C690&quality=100&ssl=1&resize=1050%2C600 3x"},"classes":[]},{"id":232579,"url":"https:\/\/insightcrime.org\/es\/noticias\/criminales-violencia-electoral-mexico-brasil\/","url_meta":{"origin":263167,"position":3},"title":"Grupos criminales usan violencia electoral en M\u00e9xico y Brasil, seg\u00fan estudio","author":"Christopher Newton","date":"29 de junio de 2023","format":false,"excerpt":"Los actos de violencia dirigidos directamente contra representantes de gobierno son m\u00e1s comunes en M\u00e9xico y Brasil que en otros lugares el mundo.","rel":"","context":"En \u00abNoticias\u00bb","block_context":{"text":"Noticias","link":"https:\/\/insightcrime.org\/es\/category\/noticias\/"},"img":{"alt_text":"Un polic\u00eda armado en uno de los barrios de Brasil, conocidos como favelas","src":"https:\/\/i0.wp.com\/insightcrime.org\/wp-content\/uploads\/2023\/09\/18-04-17-Brazil-Militias.jpeg?fit=350%2C250&quality=100&ssl=1&resize=350%2C200","width":350,"height":200},"classes":[]},{"id":295129,"url":"https:\/\/insightcrime.org\/es\/noticias\/dinero-violencia-crimen-organizado-controlar-elecciones-municipales-brasil\/","url_meta":{"origin":263167,"position":4},"title":"Dinero y violencia: El crimen organizado lucha por controlar las elecciones municipales en Brasil","author":"Lara Loaiza","date":"25 de octubre de 2024","format":false,"excerpt":"Con la segunda vuelta de las elecciones municipales de Brasil programada para el 27 de octubre, los grupos criminales est\u00e1n utilizando nuevos m\u00e9todos financieros para influir en los resultados, adem\u00e1s de la violencia que han empleado tradicionalmente para intervenir en la escena pol\u00edtica.","rel":"","context":"En \u00abNoticias\u00bb","block_context":{"text":"Noticias","link":"https:\/\/insightcrime.org\/es\/category\/noticias\/"},"img":{"alt_text":"","src":"https:\/\/i0.wp.com\/insightcrime.org\/wp-content\/uploads\/2024\/10\/Data-InSights-Electoral-Violence-Oct-2024.jpg?fit=1200%2C690&quality=100&ssl=1&resize=350%2C200","width":350,"height":200,"srcset":"https:\/\/i0.wp.com\/insightcrime.org\/wp-content\/uploads\/2024\/10\/Data-InSights-Electoral-Violence-Oct-2024.jpg?fit=1200%2C690&quality=100&ssl=1&resize=350%2C200 1x, https:\/\/i0.wp.com\/insightcrime.org\/wp-content\/uploads\/2024\/10\/Data-InSights-Electoral-Violence-Oct-2024.jpg?fit=1200%2C690&quality=100&ssl=1&resize=525%2C300 1.5x, https:\/\/i0.wp.com\/insightcrime.org\/wp-content\/uploads\/2024\/10\/Data-InSights-Electoral-Violence-Oct-2024.jpg?fit=1200%2C690&quality=100&ssl=1&resize=700%2C400 2x, https:\/\/i0.wp.com\/insightcrime.org\/wp-content\/uploads\/2024\/10\/Data-InSights-Electoral-Violence-Oct-2024.jpg?fit=1200%2C690&quality=100&ssl=1&resize=1050%2C600 3x"},"classes":[]},{"id":317000,"url":"https:\/\/insightcrime.org\/es\/noticias\/guerras-criminales-que-impulsan-aumento-de-homicidios-ceara-brasil\/","url_meta":{"origin":263167,"position":5},"title":"Las guerras criminales que impulsan el aumento de homicidios en Cear\u00e1, Brasil","author":"Christopher Newton","date":"12 de agosto de 2025","format":false,"excerpt":"Las grupos criminales locales y nacionales que se disputan las rutas y mercados de drogas han convertido al estado nororiental de Cear\u00e1 en uno de los principales epicentros de violencia de Brasil.","rel":"","context":"En \u00abNoticias\u00bb","block_context":{"text":"Noticias","link":"https:\/\/insightcrime.org\/es\/category\/noticias\/"},"img":{"alt_text":"","src":"https:\/\/i0.wp.com\/insightcrime.org\/wp-content\/uploads\/2025\/08\/capa_guerra_sem_fim-16360427-2.png?fit=350%2C250&quality=100&ssl=1&resize=350%2C200","width":350,"height":200},"classes":[]}],"jetpack_featured_media_url":"https:\/\/i0.wp.com\/insightcrime.org\/wp-content\/uploads\/2023\/12\/Cover-What-Is-Behind-Rising-Violence-in-Bahia-Brazil-InSightCrime.jpg?fit=1336%2C768&quality=100&ssl=1","_links":{"self":[{"href":"https:\/\/insightcrime.org\/es\/wp-json\/wp\/v2\/posts\/263167","targetHints":{"allow":["GET"]}}],"collection":[{"href":"https:\/\/insightcrime.org\/es\/wp-json\/wp\/v2\/posts"}],"about":[{"href":"https:\/\/insightcrime.org\/es\/wp-json\/wp\/v2\/types\/post"}],"author":[{"embeddable":true,"href":"https:\/\/insightcrime.org\/es\/wp-json\/wp\/v2\/users\/241"}],"replies":[{"embeddable":true,"href":"https:\/\/insightcrime.org\/es\/wp-json\/wp\/v2\/comments?post=263167"}],"version-history":[{"count":24,"href":"https:\/\/insightcrime.org\/es\/wp-json\/wp\/v2\/posts\/263167\/revisions"}],"predecessor-version":[{"id":289863,"href":"https:\/\/insightcrime.org\/es\/wp-json\/wp\/v2\/posts\/263167\/revisions\/289863"}],"wp:featuredmedia":[{"embeddable":true,"href":"https:\/\/insightcrime.org\/es\/wp-json\/wp\/v2\/media\/279354"}],"wp:attachment":[{"href":"https:\/\/insightcrime.org\/es\/wp-json\/wp\/v2\/media?parent=263167"}],"wp:term":[{"taxonomy":"category","embeddable":true,"href":"https:\/\/insightcrime.org\/es\/wp-json\/wp\/v2\/categories?post=263167"},{"taxonomy":"post_tag","embeddable":true,"href":"https:\/\/insightcrime.org\/es\/wp-json\/wp\/v2\/tags?post=263167"},{"taxonomy":"newspack_spnsrs_tax","embeddable":true,"href":"https:\/\/insightcrime.org\/es\/wp-json\/wp\/v2\/newspack_spnsrs_tax?post=263167"},{"taxonomy":"author","embeddable":true,"href":"https:\/\/insightcrime.org\/es\/wp-json\/wp\/v2\/coauthors?post=263167"}],"curies":[{"name":"wp","href":"https:\/\/api.w.org\/{rel}","templated":true}]}}