{"id":265435,"date":"2024-01-16T16:34:54","date_gmt":"2024-01-16T21:34:54","guid":{"rendered":"https:\/\/insightcrime.org\/?p=265435"},"modified":"2024-09-02T11:19:08","modified_gmt":"2024-09-02T16:19:08","slug":"analisis-primeros-dias-guerra-contra-pandillas-ecuador","status":"publish","type":"post","link":"https:\/\/insightcrime.org\/es\/noticias\/entrevistas\/analisis-primeros-dias-guerra-contra-pandillas-ecuador\/","title":{"rendered":"An\u00e1lisis de los primeros d\u00edas de la guerra contra las pandillas en Ecuador"},"content":{"rendered":"\n<p class=\"wp-block-paragraph\">Tras la ola de violencia en <a href=\"https:\/\/insightcrime.org\/es\/noticias\/explosiva-guerra-ecuador-contra-crimen-carece-estrategia-salida\/\" target=\"_blank\" rel=\"noreferrer noopener\">Ecuador<\/a>, el gobierno ha decidido tomar una decisi\u00f3n sin precedentes y declarar la existencia de un conflicto interno para confrontar a los 22 grupos criminales que ha denominado como organizaciones terroristas.<br><br>En medio de esta decisi\u00f3n, el presidente Daniel Noboa ha optado por una militarizaci\u00f3n del conflicto, un enfoque que ha ganado popularidad entre otros pa\u00edses de Am\u00e9rica Latina como <a href=\"https:\/\/insightcrime.org\/es\/noticias-crimen-organizado-el-salvador\/\" target=\"_blank\" rel=\"noreferrer noopener\">El Salvador<\/a>.<\/p>\n\n\n\n<blockquote class=\"wp-block-quote is-layout-flow wp-block-quote-is-layout-flow\">\n<p class=\"wp-block-paragraph\"><mark style=\"background-color:rgba(0, 0, 0, 0)\" class=\"has-inline-color has-primary-variation-color\"><strong>VEA TAMBI\u00c9N: <\/strong><\/mark><a href=\"https:\/\/insightcrime.org\/es\/noticias\/explosiva-guerra-ecuador-contra-crimen-carece-estrategia-salida\/\" target=\"_blank\" rel=\"noreferrer noopener\">La explosiva guerra de Ecuador contra el crimen carece de estrategia de salida<\/a><\/p>\n<\/blockquote>\n\n\n\n<p class=\"wp-block-paragraph\">Por lo pronto, es posible que Ecuador se encuentre con una guerra en dos frentes. El primero, protagonizado por los grupos criminales batallando por el liderazgo del panorama criminal; el segundo encontrar\u00e1 al gobierno ecuatoriano contra estas organizaciones.<\/p>\n\n\n\n<p class=\"wp-block-paragraph\">En este contexto, InSight Crime tuvo una <a href=\"https:\/\/twitter.com\/i\/spaces\/1nAKEawXYkvKL?s=20\" target=\"_blank\" rel=\"noreferrer noopener\">conversaci\u00f3n en l\u00ednea<\/a> con Renato Rivera, coordinador del Observatorio de Crimen Organizado de Ecuador, para hablar sobre el panorama del pa\u00eds sudamericano, las perspectivas de cara a una nueva etapa de la lucha contra el crimen organizado, y los riesgos de la \u201cmano dura\u201d que ahora reina en Ecuador.<\/p>\n\n\n\n<p class=\"wp-block-paragraph\"><strong>InSight Crime (IC):<\/strong> \u00bfQu\u00e9 est\u00e1 pasando en Ecuador? Parece que la militarizaci\u00f3n est\u00e1 llevando a los pandilleros a intensificar la violencia contra las fuerzas de seguridad y la poblaci\u00f3n civil.<\/p>\n\n\n\n<p class=\"wp-block-paragraph\"><strong>Renato Rivera (RR):<\/strong> No solo analizando el contexto ecuatoriano, sino el contexto latinoamericano, se ha recurrido en la historia permanentemente a la militarizaci\u00f3n de los asuntos de seguridad. Generalmente, cuando se responde con violencia, esto genera m\u00e1s violencia.&nbsp;<\/p>\n\n\n\n<p class=\"wp-block-paragraph\">Si miramos si la respuesta es acertada en el mediano y largo plazo, yo dir\u00eda que no. En primer lugar, el crimen organizado tiene un car\u00e1cter transnacional que requiere otro tipo de respuesta, m\u00e1s all\u00e1 de la militarizaci\u00f3n. La respuesta que se requiere deber\u00eda enfocarse en contrarrestar las econom\u00edas il\u00edcitas, principalmente el lavado de activos y el narcotr\u00e1fico. Entonces, en ese sentido, las Fuerzas Armadas doctrinariamente no est\u00e1n formadas para generar ese tipo de respuestas.<\/p>\n\n\n\n<p class=\"wp-block-paragraph\"><strong>IC: <\/strong>&nbsp;Hasta el momento, el conflicto hab\u00eda sido entre las mismas pandillas, \u00bfestamos viendo ahora un frente unido de las pandillas contra el gobierno?&nbsp;<\/p>\n\n\n\n<p class=\"wp-block-paragraph\"><strong>RR:<\/strong> Aunque es muy pronto para hacer aseveraciones de ese tipo, parece ser que as\u00ed es. Normalmente en el crimen organizado hay dos tipos de alianzas: alianzas de largo plazo, que son alianzas estrat\u00e9gicas donde se definen objetivos comunes, un tr\u00e1fico y rutas establecidas, y hay un porcentaje de rentabilidad de las organizaciones que participan en esas alianzas. O alianzas t\u00e1cticas o de corto plazo para objetivos muy puntuales. Actualmente, esa coordinaci\u00f3n se da dentro de la categor\u00eda de alianzas t\u00e1cticas, donde hay el objetivo com\u00fan de demostrar el poder que tienen estas organizaciones criminales, principalmente ante el Estado, pero tambi\u00e9n ante la ciudadan\u00eda.<\/p>\n\n\n\n<p class=\"wp-block-paragraph\"><strong>IC:<\/strong> Hay ciudades como Loja, que normalmente son seguras, pero que esta vez se vieron afectadas por los grupos criminales, \u00bfqu\u00e9 piensa de eso?<\/p>\n\n\n\n<p class=\"wp-block-paragraph\"><strong>RR: <\/strong>Hay un componente simb\u00f3lico bastante representativo dentro de lo que est\u00e1 pasando en el Ecuador de parte del crimen organizado. Lo que se ha visto, al menos en el \u00faltimo a\u00f1o, es que Los Lobos han ido ocupando un mayor poder dentro del sistema criminal y se han concentrado mucho en la zona de la sierra, es decir, en la regi\u00f3n andina del pa\u00eds. Loja est\u00e1 ubicada ah\u00ed, cerca la frontera con Per\u00fa. Entonces, existe un dinamismo que podr\u00eda responder a la presencia y el poder simb\u00f3lico que est\u00e1n tratando de mostrar Los Lobos. Lo que ha pasado en las \u00faltimas semanas es que el Estado ha dado golpes importantes a dos de las organizaciones m\u00e1s representativas en el pa\u00eds: Los Lobos y Los Choneros.<\/p>\n\n\n\n<p class=\"wp-block-paragraph\">Adem\u00e1s de Loja, en ciudades como Riobamba o Ibarra, donde no hay \u00edndices representativos de criminalidad, ya se han hecho anuncios de parte de los grupos criminales.&nbsp; En d\u00edas pasados se difundi\u00f3 un comunicado de Los Lobos en redes sociales donde anunciaban que iban a tomar acciones en estas ciudades.<\/p>\n\n\n\n<p class=\"wp-block-paragraph\"><strong>IC: <\/strong>El secretario de Comunicaciones de Noboa, Roberto Izurieta, ha interpretado las fugas de Jos\u00e9 Adolfo Mac\u00edas Villamar, alias \u201cFito\u201d y Fabricio Col\u00f3n Pico, alias \u201cCapit\u00e1n Pico, dos importantes l\u00edderes pandilleros como una se\u00f1al de que las pol\u00edticas de gobierno est\u00e1n funcionando bien, afirmando que las c\u00e1rceles ya no son refugios para los l\u00edderes de las pandillas, \u00bfqu\u00e9 opina de este an\u00e1lisis?<\/p>\n\n\n\n<p class=\"wp-block-paragraph\"><strong>RR:<\/strong> Sin duda, como representante del gobierno, es normal que se maneje esta hip\u00f3tesis. Sin embargo, hay una segunda hip\u00f3tesis que cobra mucha fuerza tambi\u00e9n, y es si las fugas de Fito y Col\u00f3n responden a una estrategia de poder de parte del Estado por tomar control sobre las c\u00e1rceles. Incluso hay una tercera, especialmente para el caso de Fito, donde se piensa que Los Choneros est\u00e1n perdiendo poder dentro de las prisiones y que su fuga responde a una b\u00fasqueda de supervivencia. En los \u00faltimos d\u00edas, el Estado s\u00ed ha buscado retomar el control de las c\u00e1rceles, pero todav\u00eda no las controla de manera absoluta.<\/p>\n\n\n\n<p class=\"wp-block-paragraph\"><strong>IC: <\/strong>\u00bfQu\u00e9 consecuencias puede traer la declaraci\u00f3n de Noboa de un estado de conflicto interno?&nbsp;<\/p>\n\n\n\n<p class=\"wp-block-paragraph\"><strong>RR:<\/strong> El decreto ha suscitado varias cr\u00edticas. En primer lugar, hay que tomar en cuenta ciertas observaciones desde el Derecho Internacional Humanitario cuando un Estado justifica un conflicto armado interno. Y se trata b\u00e1sicamente de estas limitaciones de los m\u00e9todos y medios de guerra que utilizan las fuerzas gubernamentales hacia estos objetivos militares.<\/p>\n\n\n\n<p class=\"wp-block-paragraph\">El respeto de los derechos humanos es central. Lo fundamental es garantizar la seguridad y proteger a las personas que no son parte del conflicto, es decir, el resto de ciudadanos que no est\u00e1n vinculados al crimen organizado y evitar la aparici\u00f3n de falsos positivos. Esto es algo que sucedi\u00f3 en Colombia, tambi\u00e9n a ra\u00edz de la b\u00fasqueda de tener resultados positivos en su conflicto interno. Este es uno de los riesgos m\u00e1s representativos que tiene el Estado ecuatoriano en la actualidad, sumado a los interrogantes de si realmente las Fuerzas Armadas est\u00e1n en la capacidad de mantener un combate de tipo urbano, y de su capacidad de identificar a las personas que est\u00e1n detr\u00e1s de estas organizaciones criminales.<\/p>\n\n\n\n<blockquote class=\"wp-block-quote is-layout-flow wp-block-quote-is-layout-flow\">\n<p class=\"wp-block-paragraph\"><mark style=\"background-color:rgba(0, 0, 0, 0)\" class=\"has-inline-color has-primary-variation-color\"><strong>VEA TAMBI\u00c9N: <\/strong><\/mark><a href=\"https:\/\/insightcrime.org\/es\/noticias\/gamechangers-2023-ecuador-pierde-control-crimen\/\" target=\"_blank\" rel=\"noreferrer noopener\">GameChangers 2023: Ecuador pierde el control sobre el crimen<\/a><\/p>\n<\/blockquote>\n\n\n\n<p class=\"wp-block-paragraph\">Surge tambi\u00e9n otra interrogante y es si realmente estas 22 organizaciones tienen el car\u00e1cter de terroristas y si tienen un control real del territorio. Porque uno podr\u00eda hablar de siete organizaciones que son las que han generado la mayor violencia del pa\u00eds en los \u00faltimos tres a\u00f1os. Por supuesto, de esas uno puede generar ciertas conclusiones sobre ese control de territorio, pero no sabemos si el resto tiene tambi\u00e9n ese nivel de legitimidad y ese poder dentro del contexto criminal ecuatoriano.&nbsp;<\/p>\n\n\n\n<p class=\"wp-block-paragraph\"><strong>IC: <\/strong>\u00bfQu\u00e9 opina sobre la noticia en la que el presidente indultar\u00e1 a polic\u00edas y militares en el contexto de esas operaciones?&nbsp;&nbsp;<\/p>\n\n\n\n<p class=\"wp-block-paragraph\"><strong>RR:<\/strong> Si bien hay un alto nivel de profesionalizaci\u00f3n de la polic\u00eda y las Fuerzas Armadas en Ecuador, ning\u00fan pa\u00eds ha estado exento del uso excesivo de la fuerza en un contexto como el que est\u00e1 viviendo Ecuador. Inicialmente, no podr\u00eda decir que va a haber una violaci\u00f3n sistem\u00e1tica de los derechos humanos por parte de la polic\u00eda y las Fuerzas Armadas, pero los indultos s\u00ed van a llamar mucho la atenci\u00f3n. Hay que tener muy claro que el hecho de que el Ecuador haya puesto en manifiesto este car\u00e1cter de conflicto interno no lo hace exento de seguir las reglas del derecho internacional. Hay ciertas reglas m\u00ednimas que deben cumplir las instituciones. A veces el polic\u00eda y el militar pueden estar muy bien formados, pero el hecho de que lo est\u00e9n no los exonera de que puedan existir estos abusos y ah\u00ed es muy importante que exista un proceso judicial transparente.&nbsp;<\/p>\n\n\n\n<p class=\"wp-block-paragraph\"><strong>IC: <\/strong>\u00bfC\u00f3mo enfrentar una bestia de 22 cabezas? En contextos como el de Ecuador, los grupos no tienen una naturaleza monol\u00edtica, todos son distintos.<\/p>\n\n\n\n<p class=\"wp-block-paragraph\"><strong>RR:<\/strong> El gobierno busca contener la amenaza, pero esta es una medida a corto plazo y habr\u00e1 que pensar qu\u00e9 hacemos a mediano y largo plazo. Un sistema de justicia que depende mucho de la flagrancia en contextos de crimen organizado no va a tener mucho \u00e9xito. Es m\u00e1s efectivo generar investigaciones estructuradas que sumen investigaciones patrimoniales paralelas y que impacten el financiamiento.<\/p>\n\n\n\n<p class=\"wp-block-paragraph\">Ah\u00ed tambi\u00e9n est\u00e1 anclada la necesidad del fortalecimiento de la pol\u00edtica contra el lavado de activos en el Ecuador. Lo que nosotros hemos concluido es que el Ecuador tiene una sentencia condenatoria por lavado de activos al a\u00f1o. Esa ausencia de la persecuci\u00f3n de las econom\u00edas il\u00edcitas tambi\u00e9n responde a que el sistema de justicia no orienta su impacto hacia el comiso de bienes que son producto de la rentabilidad del crimen organizado.<\/p>\n\n\n\n<p class=\"wp-block-paragraph\"><strong>IC: <\/strong>\u00bfQu\u00e9 sigue despu\u00e9s de esta declaraci\u00f3n de guerra por parte del Estado ecuatoriano?&nbsp;<\/p>\n\n\n\n<p class=\"wp-block-paragraph\"><strong>RR: <\/strong>A corto plazo es necesario recuperar ese sentimiento de paz de los ecuatorianos, y tambi\u00e9n la actividad econ\u00f3mica. Muchos ecuatorianos dir\u00edan que fue como retornar a las primeras semanas de pandemia, donde hubo muy poco movimiento en las calles, lo que tiene un impacto econ\u00f3mico significativo.&nbsp;<\/p>\n\n\n\n<p class=\"wp-block-paragraph\">En la medida de lo posible, hay que identificar a las personas que est\u00e1n vinculadas en estos actos de terrorismo. Adem\u00e1s, no hay que olvidar que parte de esta problem\u00e1tica proviene de la utilizaci\u00f3n de armas de fuego. Nueve de diez homicidios que se cometen actualmente en el pa\u00eds son por armas de fuego. Contener ese flujo de armas debe ser una prioridad. Uno no puede decir que se va a eliminar totalmente el tr\u00e1fico de armas y la disponibilidad de armas ilegales. Eso es imposible de lograr. Sin embargo, hay que reducir la disponibilidad de armas en el mercado.&nbsp;<\/p>\n\n\n\n<p class=\"wp-block-paragraph\"><em>*Esta entrevista ha sido editada por motivos de extensi\u00f3n y claridad.<\/em><\/p>\n","protected":false},"excerpt":{"rendered":"<p>Tras la ola de violencia en Ecuador, el gobierno ha decidido tomar una decisi\u00f3n sin precedentes y declarar la existencia de un conflicto interno para confrontar a los 22 grupos criminales que ha denominado como organizaciones terroristas.  InSight Crime convers\u00f3 con Renato Rivera, coordinador del Observatorio de Crimen Organizado de Ecuador, para hablar sobre el panorama del pa\u00eds. <\/p>\n","protected":false},"author":188,"featured_media":265441,"comment_status":"closed","ping_status":"closed","sticky":false,"template":"","format":"standard","meta":{"newspack_ads_suppress_ads":false,"newspack_popups_has_disabled_popups":false,"newspack_sponsor_sponsorship_scope":"","newspack_sponsor_native_byline_display":"inherit","newspack_sponsor_native_category_display":"inherit","newspack_sponsor_underwriter_style":"inherit","newspack_sponsor_underwriter_placement":"inherit","_EventAllDay":false,"_EventTimezone":"","_EventStartDate":"","_EventEndDate":"","_EventStartDateUTC":"","_EventEndDateUTC":"","_EventShowMap":false,"_EventShowMapLink":false,"_EventURL":"","_EventCost":"","_EventCostDescription":"","_EventCurrencySymbol":"","_EventCurrencyCode":"","_EventCurrencyPosition":"","_EventDateTimeSeparator":"","_EventTimeRangeSeparator":"","_EventOrganizerID":[],"_EventVenueID":[],"_OrganizerEmail":"","_OrganizerPhone":"","_OrganizerWebsite":"","_VenueAddress":"","_VenueCity":"","_VenueCountry":"","_VenueProvince":"","_VenueState":"","_VenueZip":"","_VenuePhone":"","_VenueURL":"","_VenueStateProvince":"","_VenueLat":"","_VenueLng":"","_VenueShowMap":false,"_VenueShowMapLink":false,"_newspack_byline_active":false,"_newspack_byline":"","newspack_hide_updated_date":false,"newspack_show_updated_date":false,"newspack_featured_image_position":"","newspack_post_subtitle":"","newspack_article_summary_title":"Overview:","newspack_article_summary":"","_jetpack_memberships_contains_paid_content":false,"footnotes":""},"categories":[4555],"tags":[3625,3412,426,438,4568],"newspack_spnsrs_tax":[],"coauthors":[4351],"class_list":["post-265435","post","type-post","status-publish","format-standard","has-post-thumbnail","hentry","category-entrevistas","tag-choneros-es","tag-cocaina","tag-ecuador-pais","tag-politicas-de-seguridad","tag-series-guerra-pandillas-ecuador","entry"],"parsely":{"version":"1.1.0","canonical_url":"https:\/\/insightcrime.org\/es\/noticias\/entrevistas\/analisis-primeros-dias-guerra-contra-pandillas-ecuador\/","smart_links":{"inbound":0,"outbound":0},"traffic_boost_suggestions_count":0,"meta":{"@context":"https:\/\/schema.org","@type":"NewsArticle","headline":"An\u00e1lisis de los primeros d\u00edas de la guerra contra las pandillas en Ecuador","url":"http:\/\/insightcrime.org\/es\/noticias\/entrevistas\/analisis-primeros-dias-guerra-contra-pandillas-ecuador\/","mainEntityOfPage":{"@type":"WebPage","@id":"http:\/\/insightcrime.org\/es\/noticias\/entrevistas\/analisis-primeros-dias-guerra-contra-pandillas-ecuador\/"},"thumbnailUrl":"https:\/\/i0.wp.com\/insightcrime.org\/wp-content\/uploads\/2024\/01\/Ecuador-soldados.jpg?resize=150%2C150&quality=100&ssl=1","image":{"@type":"ImageObject","url":"https:\/\/i0.wp.com\/insightcrime.org\/wp-content\/uploads\/2024\/01\/Ecuador-soldados.jpg?fit=350%2C250&quality=100&ssl=1"},"articleSection":"Q&amp;A","author":[{"@type":"Person","name":"InSight Crime"}],"creator":["InSight Crime"],"publisher":{"@type":"Organization","name":"InSight Crime","logo":"https:\/\/insightcrime.org\/wp-content\/uploads\/2023\/08\/logo.png"},"keywords":["choneros","coca\u00edna","ecuador","pol\u00edticas de seguridad","series: guerra contra las pandillas en ecuador"],"dateCreated":"2024-01-16T21:34:54Z","datePublished":"2024-01-16T21:34:54Z","dateModified":"2024-09-02T16:19:08Z"},"rendered":"<meta name=\"parsely-title\" content=\"An\u00e1lisis de los primeros d\u00edas de la guerra contra las pandillas en Ecuador\" \/>\n<meta name=\"parsely-link\" content=\"http:\/\/insightcrime.org\/es\/noticias\/entrevistas\/analisis-primeros-dias-guerra-contra-pandillas-ecuador\/\" \/>\n<meta name=\"parsely-type\" content=\"post\" \/>\n<meta name=\"parsely-image-url\" content=\"https:\/\/i0.wp.com\/insightcrime.org\/wp-content\/uploads\/2024\/01\/Ecuador-soldados.jpg?resize=150%2C150&amp;quality=100&amp;ssl=1\" \/>\n<meta name=\"parsely-pub-date\" content=\"2024-01-16T21:34:54Z\" \/>\n<meta name=\"parsely-section\" content=\"Q&amp;A\" \/>\n<meta name=\"parsely-tags\" content=\"choneros,coca\u00edna,ecuador,pol\u00edticas de seguridad,series: guerra contra las pandillas en ecuador\" \/>\n<meta name=\"parsely-author\" content=\"InSight Crime\" \/>","tracker_url":"https:\/\/cdn.parsely.com\/keys\/insightcrime.org\/p.js"},"jetpack_sharing_enabled":true,"jetpack-related-posts":[{"id":264935,"url":"https:\/\/insightcrime.org\/es\/noticias\/explosiva-guerra-ecuador-contra-crimen-carece-estrategia-salida\/","url_meta":{"origin":265435,"position":0},"title":"La explosiva guerra de Ecuador contra el crimen carece de estrategia de salida","author":"Anastasia Austin","date":"9 de enero de 2024","format":false,"excerpt":"Las pandillas de Ecuador desataron una ola de violencia en respuesta a los esfuerzos del nuevo gobierno por frenar la criminalidad, pero la r\u00e1pida militarizaci\u00f3n del conflicto por parte de las autoridades carece de una estrategia de salida.\u00a0","rel":"","context":"En \u00abNoticias\u00bb","block_context":{"text":"Noticias","link":"https:\/\/insightcrime.org\/es\/category\/noticias\/"},"img":{"alt_text":"Una fila de soldados ecuatorianos.","src":"https:\/\/i0.wp.com\/insightcrime.org\/wp-content\/uploads\/2023\/08\/Ecuador-soldiers-internal-conflict-gangs-Reuters.png?fit=350%2C250&quality=100&ssl=1&resize=350%2C200","width":350,"height":200},"classes":[]},{"id":274205,"url":"https:\/\/insightcrime.org\/es\/noticias\/ecuador-presidente-seguridad-referendum\/","url_meta":{"origin":265435,"position":1},"title":"Ecuatorianos respaldan agenda de seguridad del presidente, pero a\u00fan hay retos\u00a0","author":"Anastasia Austin","date":"22 de abril de 2024","format":false,"excerpt":"Los ecuatorianos mostraron en un refer\u00e9ndum un abrumador apoyo a las pol\u00edticas de seguridad de mano dura del presidente Daniel Noboa, en un momento en que la popular \"guerra contra las pandillas\" del gobierno entra en una nueva y desafiante fase.","rel":"","context":"En \u00abNoticias\u00bb","block_context":{"text":"Noticias","link":"https:\/\/insightcrime.org\/es\/category\/noticias\/"},"img":{"alt_text":"","src":"https:\/\/i0.wp.com\/insightcrime.org\/wp-content\/uploads\/2024\/04\/1427E2D5-2D64-4999-9E48-254B44FB70A4_1_201_a.jpeg?fit=1200%2C802&quality=100&ssl=1&resize=350%2C200","width":350,"height":200,"srcset":"https:\/\/i0.wp.com\/insightcrime.org\/wp-content\/uploads\/2024\/04\/1427E2D5-2D64-4999-9E48-254B44FB70A4_1_201_a.jpeg?fit=1200%2C802&quality=100&ssl=1&resize=350%2C200 1x, https:\/\/i0.wp.com\/insightcrime.org\/wp-content\/uploads\/2024\/04\/1427E2D5-2D64-4999-9E48-254B44FB70A4_1_201_a.jpeg?fit=1200%2C802&quality=100&ssl=1&resize=525%2C300 1.5x, https:\/\/i0.wp.com\/insightcrime.org\/wp-content\/uploads\/2024\/04\/1427E2D5-2D64-4999-9E48-254B44FB70A4_1_201_a.jpeg?fit=1200%2C802&quality=100&ssl=1&resize=700%2C400 2x, https:\/\/i0.wp.com\/insightcrime.org\/wp-content\/uploads\/2024\/04\/1427E2D5-2D64-4999-9E48-254B44FB70A4_1_201_a.jpeg?fit=1200%2C802&quality=100&ssl=1&resize=1050%2C600 3x"},"classes":[]},{"id":297169,"url":"https:\/\/insightcrime.org\/es\/noticias\/masacres-aumentan-ecuador-medida-bandas-atomizan\/","url_meta":{"origin":265435,"position":2},"title":"Masacres aumentan en Ecuador a medida que bandas se atomizan","author":"Gavin Voss","date":"2 de diciembre de 2024","format":false,"excerpt":"Una reciente serie de masacres en Ecuador evidencia que un mayor acceso a armas de alta potencia, el aumento de la impunidad y un panorama criminal atomizado est\u00e1n dando lugar a m\u00e1s asesinatos en masa. Diez personas fueron asesinadas y descuartizadas en un tiroteo masivo el 1 de diciembre en\u2026","rel":"","context":"En \u00abEcuador\u00bb","block_context":{"text":"Ecuador","link":"https:\/\/insightcrime.org\/es\/category\/noticias-crimen-organizado-ecuador\/"},"img":{"alt_text":"","src":"https:\/\/i0.wp.com\/insightcrime.org\/wp-content\/uploads\/2024\/12\/Data-InSights-Massacres-Ecuador-InSight-Crime-Dic-2024.jpg?fit=1200%2C690&quality=100&ssl=1&resize=350%2C200","width":350,"height":200,"srcset":"https:\/\/i0.wp.com\/insightcrime.org\/wp-content\/uploads\/2024\/12\/Data-InSights-Massacres-Ecuador-InSight-Crime-Dic-2024.jpg?fit=1200%2C690&quality=100&ssl=1&resize=350%2C200 1x, https:\/\/i0.wp.com\/insightcrime.org\/wp-content\/uploads\/2024\/12\/Data-InSights-Massacres-Ecuador-InSight-Crime-Dic-2024.jpg?fit=1200%2C690&quality=100&ssl=1&resize=525%2C300 1.5x, https:\/\/i0.wp.com\/insightcrime.org\/wp-content\/uploads\/2024\/12\/Data-InSights-Massacres-Ecuador-InSight-Crime-Dic-2024.jpg?fit=1200%2C690&quality=100&ssl=1&resize=700%2C400 2x, https:\/\/i0.wp.com\/insightcrime.org\/wp-content\/uploads\/2024\/12\/Data-InSights-Massacres-Ecuador-InSight-Crime-Dic-2024.jpg?fit=1200%2C690&quality=100&ssl=1&resize=1050%2C600 3x"},"classes":[]},{"id":265754,"url":"https:\/\/insightcrime.org\/es\/noticias\/ecuador-enfrenta-tarea-complicada-guerra-contra-pandillas\/","url_meta":{"origin":265435,"position":3},"title":"Ecuador enfrenta una tarea complicada en su guerra contra las pandillas","author":"Anastasia Austin","date":"19 de enero de 2024","format":false,"excerpt":"Las numerosas pandillas de Ecuador cuentan con una presencia territorial significativa y diversas fuentes de financiaci\u00f3n que supondr\u00e1n un desaf\u00edo formidable para las d\u00e9biles instituciones del pa\u00eds, en lo que probablemente ser\u00e1 un prolongado conflicto entre el crimen organizado y el Estado.","rel":"","context":"En \u00abNoticias\u00bb","block_context":{"text":"Noticias","link":"https:\/\/insightcrime.org\/es\/category\/noticias\/"},"img":{"alt_text":"Un soldado ecuatoriano frente a una fila de hombres detenidos.","src":"https:\/\/i0.wp.com\/insightcrime.org\/wp-content\/uploads\/2024\/01\/Ecuador-Detainees-armed-men-who-stormed-the-TC-Television-station-Jan-2024-AP24012120708876-A2.jpg?fit=1200%2C690&quality=100&ssl=1&resize=350%2C200","width":350,"height":200,"srcset":"https:\/\/i0.wp.com\/insightcrime.org\/wp-content\/uploads\/2024\/01\/Ecuador-Detainees-armed-men-who-stormed-the-TC-Television-station-Jan-2024-AP24012120708876-A2.jpg?fit=1200%2C690&quality=100&ssl=1&resize=350%2C200 1x, https:\/\/i0.wp.com\/insightcrime.org\/wp-content\/uploads\/2024\/01\/Ecuador-Detainees-armed-men-who-stormed-the-TC-Television-station-Jan-2024-AP24012120708876-A2.jpg?fit=1200%2C690&quality=100&ssl=1&resize=525%2C300 1.5x, https:\/\/i0.wp.com\/insightcrime.org\/wp-content\/uploads\/2024\/01\/Ecuador-Detainees-armed-men-who-stormed-the-TC-Television-station-Jan-2024-AP24012120708876-A2.jpg?fit=1200%2C690&quality=100&ssl=1&resize=700%2C400 2x, https:\/\/i0.wp.com\/insightcrime.org\/wp-content\/uploads\/2024\/01\/Ecuador-Detainees-armed-men-who-stormed-the-TC-Television-station-Jan-2024-AP24012120708876-A2.jpg?fit=1200%2C690&quality=100&ssl=1&resize=1050%2C600 3x"},"classes":[]},{"id":298075,"url":"https:\/\/insightcrime.org\/es\/noticias\/gamechangers-2024-ecuador-victoria-guerra-contra-bandas\/","url_meta":{"origin":265435,"position":4},"title":"GameChangers 2024: Ecuador no logra la victoria en la \u2018guerra contra las bandas\u2019","author":"Gavin Voss","date":"27 de diciembre de 2024","format":false,"excerpt":"En 2024, Ecuador se convirti\u00f3 en el \u00faltimo pa\u00eds de la regi\u00f3n en recurrir a una respuesta militarizada para combatir el crimen organizado. Sin embargo, la represi\u00f3n no ha dado en el blanco y, en lugar de frenar a los grupos criminales del pa\u00eds, ha dado lugar a una reorganizaci\u00f3n\u2026","rel":"","context":"En \u00abNoticias\u00bb","block_context":{"text":"Noticias","link":"https:\/\/insightcrime.org\/es\/category\/noticias\/"},"img":{"alt_text":"","src":"https:\/\/i0.wp.com\/insightcrime.org\/wp-content\/uploads\/2024\/12\/4-Gamechangers-2024-Ecuador.jpg?fit=1200%2C576&quality=100&ssl=1&resize=350%2C200","width":350,"height":200,"srcset":"https:\/\/i0.wp.com\/insightcrime.org\/wp-content\/uploads\/2024\/12\/4-Gamechangers-2024-Ecuador.jpg?fit=1200%2C576&quality=100&ssl=1&resize=350%2C200 1x, https:\/\/i0.wp.com\/insightcrime.org\/wp-content\/uploads\/2024\/12\/4-Gamechangers-2024-Ecuador.jpg?fit=1200%2C576&quality=100&ssl=1&resize=525%2C300 1.5x, https:\/\/i0.wp.com\/insightcrime.org\/wp-content\/uploads\/2024\/12\/4-Gamechangers-2024-Ecuador.jpg?fit=1200%2C576&quality=100&ssl=1&resize=700%2C400 2x, https:\/\/i0.wp.com\/insightcrime.org\/wp-content\/uploads\/2024\/12\/4-Gamechangers-2024-Ecuador.jpg?fit=1200%2C576&quality=100&ssl=1&resize=1050%2C600 3x"},"classes":[]},{"id":268527,"url":"https:\/\/insightcrime.org\/es\/noticias\/violencia-criminal-duran-almacen-cocaina-ecuador\/","url_meta":{"origin":265435,"position":5},"title":"La violencia criminal en Dur\u00e1n, almac\u00e9n de la coca\u00edna en Ecuador","author":"Anastasia Austin","date":"14 de febrero de 2024","format":false,"excerpt":"La ciudad ecuatoriana de Dur\u00e1n pas\u00f3 del relativo anonimato a acaparar los titulares internacionales cuando su tasa de homicidios comenz\u00f3 a dispararse en junio de 2023.","rel":"","context":"En \u00abNoticias\u00bb","block_context":{"text":"Noticias","link":"https:\/\/insightcrime.org\/es\/category\/noticias\/"},"img":{"alt_text":"Soldiers march through Dur\u00e1n, Ecuador as man works on internet cables","src":"https:\/\/i0.wp.com\/insightcrime.org\/wp-content\/uploads\/2023\/08\/Ecuador-Violence-An-internet-worker-fixes-cables-as-soldiers-patrol-Duran-AP23284636353443.jpg?fit=1200%2C690&quality=100&ssl=1&resize=350%2C200","width":350,"height":200,"srcset":"https:\/\/i0.wp.com\/insightcrime.org\/wp-content\/uploads\/2023\/08\/Ecuador-Violence-An-internet-worker-fixes-cables-as-soldiers-patrol-Duran-AP23284636353443.jpg?fit=1200%2C690&quality=100&ssl=1&resize=350%2C200 1x, https:\/\/i0.wp.com\/insightcrime.org\/wp-content\/uploads\/2023\/08\/Ecuador-Violence-An-internet-worker-fixes-cables-as-soldiers-patrol-Duran-AP23284636353443.jpg?fit=1200%2C690&quality=100&ssl=1&resize=525%2C300 1.5x, https:\/\/i0.wp.com\/insightcrime.org\/wp-content\/uploads\/2023\/08\/Ecuador-Violence-An-internet-worker-fixes-cables-as-soldiers-patrol-Duran-AP23284636353443.jpg?fit=1200%2C690&quality=100&ssl=1&resize=700%2C400 2x, https:\/\/i0.wp.com\/insightcrime.org\/wp-content\/uploads\/2023\/08\/Ecuador-Violence-An-internet-worker-fixes-cables-as-soldiers-patrol-Duran-AP23284636353443.jpg?fit=1200%2C690&quality=100&ssl=1&resize=1050%2C600 3x"},"classes":[]}],"jetpack_featured_media_url":"https:\/\/i0.wp.com\/insightcrime.org\/wp-content\/uploads\/2024\/01\/Ecuador-soldados.jpg?fit=350%2C250&quality=100&ssl=1","_links":{"self":[{"href":"https:\/\/insightcrime.org\/es\/wp-json\/wp\/v2\/posts\/265435","targetHints":{"allow":["GET"]}}],"collection":[{"href":"https:\/\/insightcrime.org\/es\/wp-json\/wp\/v2\/posts"}],"about":[{"href":"https:\/\/insightcrime.org\/es\/wp-json\/wp\/v2\/types\/post"}],"author":[{"embeddable":true,"href":"https:\/\/insightcrime.org\/es\/wp-json\/wp\/v2\/users\/188"}],"replies":[{"embeddable":true,"href":"https:\/\/insightcrime.org\/es\/wp-json\/wp\/v2\/comments?post=265435"}],"version-history":[{"count":9,"href":"https:\/\/insightcrime.org\/es\/wp-json\/wp\/v2\/posts\/265435\/revisions"}],"predecessor-version":[{"id":265519,"href":"https:\/\/insightcrime.org\/es\/wp-json\/wp\/v2\/posts\/265435\/revisions\/265519"}],"wp:featuredmedia":[{"embeddable":true,"href":"https:\/\/insightcrime.org\/es\/wp-json\/wp\/v2\/media\/265441"}],"wp:attachment":[{"href":"https:\/\/insightcrime.org\/es\/wp-json\/wp\/v2\/media?parent=265435"}],"wp:term":[{"taxonomy":"category","embeddable":true,"href":"https:\/\/insightcrime.org\/es\/wp-json\/wp\/v2\/categories?post=265435"},{"taxonomy":"post_tag","embeddable":true,"href":"https:\/\/insightcrime.org\/es\/wp-json\/wp\/v2\/tags?post=265435"},{"taxonomy":"newspack_spnsrs_tax","embeddable":true,"href":"https:\/\/insightcrime.org\/es\/wp-json\/wp\/v2\/newspack_spnsrs_tax?post=265435"},{"taxonomy":"author","embeddable":true,"href":"https:\/\/insightcrime.org\/es\/wp-json\/wp\/v2\/coauthors?post=265435"}],"curies":[{"name":"wp","href":"https:\/\/api.w.org\/{rel}","templated":true}]}}