{"id":271262,"date":"2024-05-02T10:00:58","date_gmt":"2024-05-02T15:00:58","guid":{"rendered":"https:\/\/insightcrime.org\/?p=271262"},"modified":"2024-05-02T10:01:50","modified_gmt":"2024-05-02T15:01:50","slug":"areas-protegidas-fortalezas-madera-ilegal-amazonia-boliviana","status":"publish","type":"post","link":"https:\/\/insightcrime.org\/es\/investigaciones\/areas-protegidas-fortalezas-madera-ilegal-amazonia-boliviana\/","title":{"rendered":"\u00c1reas protegidas: fortalezas de madera ilegal en la Amazon\u00eda boliviana"},"content":{"rendered":"\n<p class=\"wp-block-paragraph\"><em>Durante a\u00f1os, en Bolivia se han talado maderas valiosas, como el cedro y la variedad mara de la caoba, para abastecer los mercados nacionales e internacionales de la construcci\u00f3n y el mobiliario. Sin embargo, estas valiosas maderas han sido taladas casi hasta su extinci\u00f3n. En la actualidad, redes de traficantes y clanes familiares se adentran cada vez m\u00e1s en la Amazon\u00eda y las zonas protegidas del pa\u00eds, incluyendo los parques nacionales y las reservas naturales, donde se supone que las especies valiosas deben ser protegidas. Este tr\u00e1fico desenfrenado de madera est\u00e1 contribuyendo a la deforestaci\u00f3n, la p\u00e9rdida de biodiversidad y la degradaci\u00f3n del ambiental.&nbsp;<\/em><\/p>\n\n\n\n<div class=\"wp-block-media-text is-stacked-on-mobile is-vertically-aligned-center has-background\" style=\"background-color:#f4f6f3;grid-template-columns:23% auto\"><figure class=\"wp-block-media-text__media\"><a href=\"https:\/\/insightcrime.org\/wp-content\/uploads\/2023\/08\/2024_05_02_V6_InsightCrime-La-Amazonia-Saqueada-Bolivia_ES-mod-PDF.pdf\" target=\"_blank\" rel=\"noreferrer noopener\"><img data-recalc-dims=\"1\" loading=\"lazy\" decoding=\"async\" width=\"250\" height=\"350\" src=\"https:\/\/i0.wp.com\/insightcrime.org\/wp-content\/uploads\/2024\/05\/Amazonia-Bolivia-Spa-Thumbnail.jpg?resize=250%2C350&#038;quality=100&#038;ssl=1\" alt=\"\" class=\"wp-image-274824 size-full\" srcset=\"https:\/\/i0.wp.com\/insightcrime.org\/wp-content\/uploads\/2024\/05\/Amazonia-Bolivia-Spa-Thumbnail.jpg?w=250&amp;quality=100&amp;ssl=1 250w, https:\/\/i0.wp.com\/insightcrime.org\/wp-content\/uploads\/2024\/05\/Amazonia-Bolivia-Spa-Thumbnail.jpg?resize=214%2C300&amp;quality=100&amp;ssl=1 214w, https:\/\/i0.wp.com\/insightcrime.org\/wp-content\/uploads\/2024\/05\/Amazonia-Bolivia-Spa-Thumbnail.jpg?w=370&amp;quality=100&amp;ssl=1 370w, https:\/\/i0.wp.com\/insightcrime.org\/wp-content\/uploads\/2024\/05\/Amazonia-Bolivia-Spa-Thumbnail.jpg?w=400&amp;quality=100&amp;ssl=1 400w\" sizes=\"auto, (max-width: 250px) 100vw, 250px\" \/><\/a><\/figure><div class=\"wp-block-media-text__content\">\n<p class=\"has-text-color has-small-font-size wp-block-paragraph\" style=\"color:#161616ad;font-style:normal;font-weight:400;letter-spacing:0px\"><em><em><em><em><em><em>*Este art\u00edculo forma parte de una investigaci\u00f3n conjunta de InSight Crime y el Instituto Igarap\u00e9 sobre <a href=\"https:\/\/insightcrime.org\/es\/tag\/mineria\/\" target=\"_blank\" rel=\"noreferrer noopener\">miner\u00eda ilegal<\/a>, tr\u00e1fico de <a href=\"https:\/\/insightcrime.org\/es\/tag\/trafico-de-animales\/\" target=\"_blank\" rel=\"noreferrer noopener\">fauna silvestre<\/a>, <a href=\"https:\/\/insightcrime.org\/es\/tag\/trafico-de-madera\/\" target=\"_blank\" rel=\"noreferrer noopener\">madera<\/a> y <a href=\"https:\/\/insightcrime.org\/es\/tag\/cocaina\/\" target=\"_blank\" rel=\"noreferrer noopener\">drogas<\/a> en la Amazonia boliviana. Lea los dem\u00e1s cap\u00edtulos aqu\u00ed, o <a href=\"https:\/\/insightcrime.org\/wp-content\/uploads\/2023\/08\/2024_05_02_V6_InsightCrime-La-Amazonia-Saqueada-Bolivia_ES-mod-PDF.pdf\" target=\"_blank\" rel=\"noreferrer noopener\">descargue<\/a> el PDF completo.<\/em><\/em><\/em><\/em><\/em><\/em><\/p>\n<\/div><\/div>\n\n\n\n<p class=\"wp-block-paragraph\">Julio Zebers, ambientalista y bombero voluntario, examin\u00f3 los \u00e1rboles que a\u00fan ol\u00edan a humo.&nbsp;&nbsp;<\/p>\n\n\n\n<p class=\"wp-block-paragraph\">Hab\u00edan pasado dos semanas desde que un incendio arras\u00f3 este bosque de la Chiquitania boliviana en el Valle de Tucabaca, una reserva natural de Santa Cruz. Un enorme tronco de Almendro, una madera dura tropical, yac\u00eda en el suelo, reci\u00e9n cortado. Su corteza exterior estaba carbonizada. Pero la madera del interior estaba intacta.<\/p>\n\n\n\n<p class=\"wp-block-paragraph\">\u201cEste bosque se quem\u00f3 por la madera\u201d, explic\u00f3 Zebers.&nbsp;<\/p>\n\n\n\n<figure class=\"wp-block-image size-large\"><img data-recalc-dims=\"1\" loading=\"lazy\" decoding=\"async\" width=\"1024\" height=\"768\" src=\"https:\/\/i0.wp.com\/insightcrime.org\/wp-content\/uploads\/2023\/08\/20221019_195336772_iOS.jpg?resize=1024%2C768&#038;quality=100&#038;ssl=1\" alt=\"Julio se acerca a uno de los \u00e1rboles quemados que evidencian el reciente incendio. Santiago de Chiquitos, Bolivia, octubre de 2022. Fotograf\u00eda de Juan Diego C\u00e1rdenas, InSight Crime.\" class=\"wp-image-271760\" srcset=\"https:\/\/i0.wp.com\/insightcrime.org\/wp-content\/uploads\/2023\/08\/20221019_195336772_iOS-scaled.jpg?resize=1024%2C768&amp;quality=100&amp;ssl=1 1024w, https:\/\/i0.wp.com\/insightcrime.org\/wp-content\/uploads\/2023\/08\/20221019_195336772_iOS-scaled.jpg?resize=300%2C225&amp;quality=100&amp;ssl=1 300w, https:\/\/i0.wp.com\/insightcrime.org\/wp-content\/uploads\/2023\/08\/20221019_195336772_iOS-scaled.jpg?resize=768%2C576&amp;quality=100&amp;ssl=1 768w, https:\/\/i0.wp.com\/insightcrime.org\/wp-content\/uploads\/2023\/08\/20221019_195336772_iOS-scaled.jpg?resize=1536%2C1152&amp;quality=100&amp;ssl=1 1536w, https:\/\/i0.wp.com\/insightcrime.org\/wp-content\/uploads\/2023\/08\/20221019_195336772_iOS-scaled.jpg?resize=2048%2C1536&amp;quality=100&amp;ssl=1 2048w, https:\/\/i0.wp.com\/insightcrime.org\/wp-content\/uploads\/2023\/08\/20221019_195336772_iOS-scaled.jpg?resize=1200%2C900&amp;quality=100&amp;ssl=1 1200w, https:\/\/i0.wp.com\/insightcrime.org\/wp-content\/uploads\/2023\/08\/20221019_195336772_iOS-scaled.jpg?resize=800%2C600&amp;quality=100&amp;ssl=1 800w, https:\/\/i0.wp.com\/insightcrime.org\/wp-content\/uploads\/2023\/08\/20221019_195336772_iOS-scaled.jpg?resize=600%2C450&amp;quality=100&amp;ssl=1 600w, https:\/\/i0.wp.com\/insightcrime.org\/wp-content\/uploads\/2023\/08\/20221019_195336772_iOS-scaled.jpg?resize=400%2C300&amp;quality=100&amp;ssl=1 400w, https:\/\/i0.wp.com\/insightcrime.org\/wp-content\/uploads\/2023\/08\/20221019_195336772_iOS-scaled.jpg?resize=200%2C150&amp;quality=100&amp;ssl=1 200w, https:\/\/i0.wp.com\/insightcrime.org\/wp-content\/uploads\/2023\/08\/20221019_195336772_iOS-scaled.jpg?resize=1568%2C1176&amp;quality=100&amp;ssl=1 1568w, https:\/\/i0.wp.com\/insightcrime.org\/wp-content\/uploads\/2023\/08\/20221019_195336772_iOS-scaled.jpg?resize=706%2C530&amp;quality=100&amp;ssl=1 706w, https:\/\/i0.wp.com\/insightcrime.org\/wp-content\/uploads\/2023\/08\/20221019_195336772_iOS-1024x768.jpg?w=370&amp;quality=100&amp;ssl=1 370w\" sizes=\"auto, (max-width: 1000px) 100vw, 1000px\" \/><figcaption class=\"wp-element-caption\"><em>Julio se acerca a uno de los \u00e1rboles quemados que evidencian el reciente incendio. Santiago de Chiquitos, Bolivia, octubre de 2022. Fotograf\u00eda de Juan Diego C\u00e1rdenas, InSight Crime.<\/em><\/figcaption><\/figure>\n\n\n\n<p class=\"wp-block-paragraph\">Se\u00f1al\u00f3 que los incendios proporcionan a los madereros ilegales acceso a bosques de valiosa madera dura ubicados en lo m\u00e1s profundo de la reserva, zonas que normalmente ser\u00edan inaccesibles. Aunque estos \u00e1rboles centenarios pueden sobrevivir a los incendios, est\u00e1n desprotegidos ante el asalto de las motosierras.&nbsp;<\/p>\n\n\n\n<p class=\"wp-block-paragraph\">La tala ilegal en los bosques bolivianos alimenta la demanda nacional e internacional de madera. El alcance del mercado negro sigue sin estar claro. Sin embargo, la organizaci\u00f3n estadounidense sin fines de lucro Forest Trends, conocida por sus evaluaciones de la legalidad de los productos madereros pa\u00eds por pa\u00eds, clasific\u00f3 a Bolivia como pa\u00eds de \u201calto riesgo\u201d en su estudio de 2021. Esta clasificaci\u00f3n se debe a la \u201ctala ilegal generalizada\u201d y a los \u201cinformes de tr\u00e1fico de madera boliviana talada ilegalmente\u201d.&nbsp;&nbsp;<\/p>\n\n\n\n<p class=\"wp-block-paragraph\">Las reservas naturales son especialmente susceptibles a las invasiones de madereros ilegales, como ha denunciado Eduardo Franco Berton, un periodista ambiental boliviano que ha investigado el comercio il\u00edcito de madera.&nbsp; Entre los parques en peligro figuran Madidi, Carrasco, Ambar\u00f3 e Isiboro-S\u00e9cure, todos ellos adyacentes a la regi\u00f3n amaz\u00f3nica.&nbsp;<\/p>\n\n\n\n<blockquote class=\"wp-block-quote is-layout-flow wp-block-quote-is-layout-flow\">\n<p class=\"wp-block-paragraph\"><strong><mark style=\"background-color:rgba(0, 0, 0, 0)\" class=\"has-inline-color has-primary-color\">VEA TAMBI\u00c9N:<\/mark> <\/strong><a href=\"https:\/\/insightcrime.org\/es\/investigaciones\/bajo-superficie-trafico-madera-triple-frontera-peru-colombia-brasil\/\" target=\"_blank\" rel=\"noreferrer noopener\"><span style=\"text-decoration: underline;\">Bajo la superficie del tr\u00e1fico de madera en la triple frontera entre Per\u00fa, Colombia y Brasil<\/span><\/a><\/p>\n<\/blockquote>\n\n\n\n<p class=\"wp-block-paragraph\">En Madidi y Ambar\u00f3 ha surgido toda una red de tr\u00e1fico en torno al <a href=\"https:\/\/www.la-razon.com\/sociedad\/2011\/06\/26\/la-madera-mara-desaparece-debido-a-la-explotacion-ilegal-e-irracional\/\">robo<\/a> de la valiosa madera de mara (Swietenia macrophylla), tambi\u00e9n conocida como caoba de hoja grande.&nbsp; Esta especie arb\u00f3rea, utilizada en la fabricaci\u00f3n de muebles de lujo, paneles e instrumentos musicales, est\u00e1 clasificada como \u201cvulnerable\u201d en la Lista Roja de la Uni\u00f3n Internacional para la Conservaci\u00f3n de la Naturaleza (UICN).&nbsp;<\/p>\n\n\n\n<p class=\"wp-block-paragraph\">Tambi\u00e9n se le ha concedido la protecci\u00f3n del <a href=\"https:\/\/insightcrime.org\/es\/noticias\/tratado-proteccion-vida-silvestre-llega-50-afrontando-desafios\/\" target=\"_blank\" rel=\"noreferrer noopener\">Ap\u00e9ndice II<\/a> de la Convenci\u00f3n sobre el Comercio Internacional de Especies Amenazadas de Fauna y Flora Silvestres (CITES), lo que indica que su comercio debe regularse para evitar una explotaci\u00f3n que amenace su supervivencia.&nbsp; \u201cEn los a\u00f1os 80 y 90 hab\u00eda una demanda muy alta de extracci\u00f3n legal e ilegal\u201d, afirm\u00f3 Berton.&nbsp;&nbsp;<\/p>\n\n\n\n<p class=\"wp-block-paragraph\">En 2011, el jefe de la agencia forestal de Bolivia advirti\u00f3 de que la sobreexplotaci\u00f3n de la madera de mara hab\u00eda dejado a la especie al borde de la desaparici\u00f3n. Seg\u00fan una <a href=\"https:\/\/www.laregion.bo\/asi-funcionan-las-mafias-que-depredan-los-arboles-de-mara-en-el-amboro-y-el-madidi\/\" target=\"_blank\" rel=\"noreferrer noopener\">investigaci\u00f3n<\/a> de Berton, publicada por primera vez en Mongabay, los traficantes siguen financiando la extracci\u00f3n de madera mara. El hurto requiere cuadrillas organizadas que se adentran en los parques nacionales, cruzando r\u00edos y ca\u00f1ones, para llegar a bosques aislados de \u00e1rboles de mara.&nbsp;<\/p>\n\n\n\n<p class=\"wp-block-paragraph\">Los taladores, tambi\u00e9n conocidos como corteros, derriban \u00e1rboles que pueden alcanzar hasta 45 metros de altura, para despu\u00e9s cortarlos con sierras y convertirlos en tablones de entre tres y cinco metros de largo.&nbsp; Los transportistas, conocidos como <em>lomeadores<\/em>, transportan luego estos tablones a sus espaldas durante un trayecto de hasta tres kil\u00f3metros por un terreno dif\u00edcil.&nbsp;&nbsp;<\/p>\n\n\n\n<p class=\"wp-block-paragraph\">Una vez que los transportistas llegan a un punto de descenso del r\u00edo, la madera se ata con cuerdas para formar largas balsas conocidas como callapos.&nbsp; Estas balsas transportan 150 tablones en peligrosos viajes de hasta tres d\u00edas por los r\u00edos Yapacani, Ichilo y Mataracu de Ambor\u00f3. Estos viajes pueden hacer ganar a los marineros callaperos alrededor de US$700.&nbsp;&nbsp;<\/p>\n\n\n\n<p class=\"wp-block-paragraph\">Posteriormente, los camiones recogen la madera y la llevan a los almacenes. Seg\u00fan Berton, extraer un cargamento de mara de Ambor\u00f3 puede llevar hasta un mes.&nbsp;&nbsp;<\/p>\n\n\n\n<p class=\"wp-block-paragraph\">La mejor madera se selecciona y se trafica a los pa\u00edses vecinos. Desde Madidi, situado al noroccidente de La Paz, la madera se traslada a San Pedro de Putina Punco, Per\u00fa, mientras que la madera extra\u00edda en Ambor\u00f3 se transporta a trav\u00e9s de la larga y porosa frontera entre Bolivia y el estado brasile\u00f1o de Mato Grosso. La madera suele ser ocultada en otros cargamentos de camiones.&nbsp;&nbsp;<\/p>\n\n\n\n<p class=\"wp-block-paragraph\">La madera que llega a Brasil y Per\u00fa se <a href=\"https:\/\/es.mongabay.com\/2018\/09\/madera-sucia-especial\/\" target=\"_blank\" rel=\"noreferrer noopener\">exporta<\/a> a mercados internacionales como China y Estados Unidos.&nbsp; La madera de menor calidad se destina a los mercados negros nacionales.&nbsp; \u201cEst\u00e1 completamente estructurado\u201d, afirm\u00f3 Berton. \u201cLo gestionan unos pocos clanes familiares\u201d.&nbsp;<\/p>\n\n\n\n<p class=\"wp-block-paragraph\">Otras especies arb\u00f3reas, aunque menos valiosas que la mara, se extraen ilegalmente. Entre ellas se encuentra el morado <em>(Machaerium scleroxylon),<\/em> el cedrillo <em>(Vochysia viciifolia)<\/em>, el tajibo <em>(Tabebuia impetiginosa)<\/em> y la quinoa colorada <em>(Myroxylon peruiferum).<\/em>&nbsp;&nbsp;<\/p>\n\n\n\n<p class=\"wp-block-paragraph\">Adem\u00e1s del tr\u00e1fico evidente, los traficantes de madera insertan madera ilegal en la <a href=\"https:\/\/www.econoticias.com.bo\/en-san-ignacio-de-velasco-abt-desarticula-banda-de-falsificadores-de-sellos-y-firmas-en-documentacion-que-era-usada-para-blanquear-y-comercializar-madera-ilegalmente\/\" target=\"_blank\" rel=\"noreferrer noopener\">cadena de suministro legal<\/a> a trav\u00e9s de Certificados de Origen Forestal (CFO) adulterados. En 2021, la industria maderera de Bolivia logr\u00f3 exportar 143.000 toneladas de madera, por un valor de unos US$96 millones.&nbsp;<\/p>\n\n\n\n<blockquote class=\"wp-block-quote is-layout-flow wp-block-quote-is-layout-flow\">\n<p class=\"wp-block-paragraph\"><strong><mark style=\"background-color:rgba(0, 0, 0, 0)\" class=\"has-inline-color has-primary-color\">VEA TAMBI\u00c9N: <\/mark><\/strong><a href=\"https:\/\/insightcrime.org\/es\/investigaciones\/marcos-legales-proteccion-amazonia-prueba\/\" target=\"_blank\" rel=\"noreferrer noopener\"><span style=\"text-decoration: underline;\">Marcos legales para la protecci\u00f3n de la Amazon\u00eda a prueba<\/span><\/a><\/p>\n<\/blockquote>\n\n\n\n<p class=\"wp-block-paragraph\">Los planes de desmonte, denominados PDM-20 y que autorizan la tala de hasta 20 hect\u00e1reas de bosque, han sido utilizados para encubrir la tala ilegal de \u00e1rboles en tierras protegidas o administradas por el Estado.&nbsp; La falta de eficacia y la evidente corrupci\u00f3n en la Agencia Boliviana de Bosques (ABT) facilitan este proceso.&nbsp;<\/p>\n\n\n\n<p class=\"wp-block-paragraph\">Por citar un ejemplo, Ren\u00e9 Noel Sivila C\u00e9spedes, jefe de una unidad forestal que supervisaba unas 80.000 hect\u00e1reas en San Ignacio de Velasco, en Santa Cruz, presuntamente recibi\u00f3 sobornos para permitir la tala de m\u00e1s de una cuarta parte de la reserva cercana a la frontera con Brasil.&nbsp;&nbsp;<\/p>\n\n\n\n<p class=\"wp-block-paragraph\">Durante el mandato de Sivila C\u00e9spedes, las aprobaciones para el PDM-20 se vend\u00edan a US$300 cada una.&nbsp; Esto condujo a la falsificaci\u00f3n de cientos de certificados forestales, facilitando el lavado de madera equivalente a aproximadamente 400 camiones cargados. Entre 2015 y 2018, esta red de tala ilegal gener\u00f3 alrededor de US$6 millones.&nbsp;&nbsp;<\/p>\n\n\n\n<p class=\"wp-block-paragraph\">Los aserraderos locales, propiedad de comunidades interculturales y de ciudadanos chinos, tambi\u00e9n procesan madera talada ilegalmente, seg\u00fan Alex Villca Limaco, secretario de comunicaci\u00f3n de CONTIOCAP.<\/p>\n\n\n\n<figure class=\"wp-block-image size-large\"><img data-recalc-dims=\"1\" loading=\"lazy\" decoding=\"async\" width=\"1024\" height=\"768\" src=\"https:\/\/i0.wp.com\/insightcrime.org\/wp-content\/uploads\/2023\/08\/20221019_195838368_iOS.jpg?resize=1024%2C768&#038;quality=100&#038;ssl=1\" alt=\"Un \u00e1rbol cortado listo para ser aserrado yace en el bosque del Valle de Tucabaca tras un incendio. Santiago de Chiquitos, Bolivia, octubre de 2022. Fotograf\u00eda de: Juan Diego C\u00e1rdenas, InSight Crime\" class=\"wp-image-271762\" srcset=\"https:\/\/i0.wp.com\/insightcrime.org\/wp-content\/uploads\/2023\/08\/20221019_195838368_iOS-scaled.jpg?resize=1024%2C768&amp;quality=100&amp;ssl=1 1024w, https:\/\/i0.wp.com\/insightcrime.org\/wp-content\/uploads\/2023\/08\/20221019_195838368_iOS-scaled.jpg?resize=300%2C225&amp;quality=100&amp;ssl=1 300w, https:\/\/i0.wp.com\/insightcrime.org\/wp-content\/uploads\/2023\/08\/20221019_195838368_iOS-scaled.jpg?resize=768%2C576&amp;quality=100&amp;ssl=1 768w, https:\/\/i0.wp.com\/insightcrime.org\/wp-content\/uploads\/2023\/08\/20221019_195838368_iOS-scaled.jpg?resize=1536%2C1152&amp;quality=100&amp;ssl=1 1536w, https:\/\/i0.wp.com\/insightcrime.org\/wp-content\/uploads\/2023\/08\/20221019_195838368_iOS-scaled.jpg?resize=2048%2C1536&amp;quality=100&amp;ssl=1 2048w, https:\/\/i0.wp.com\/insightcrime.org\/wp-content\/uploads\/2023\/08\/20221019_195838368_iOS-scaled.jpg?resize=1200%2C900&amp;quality=100&amp;ssl=1 1200w, https:\/\/i0.wp.com\/insightcrime.org\/wp-content\/uploads\/2023\/08\/20221019_195838368_iOS-scaled.jpg?resize=800%2C600&amp;quality=100&amp;ssl=1 800w, https:\/\/i0.wp.com\/insightcrime.org\/wp-content\/uploads\/2023\/08\/20221019_195838368_iOS-scaled.jpg?resize=600%2C450&amp;quality=100&amp;ssl=1 600w, https:\/\/i0.wp.com\/insightcrime.org\/wp-content\/uploads\/2023\/08\/20221019_195838368_iOS-scaled.jpg?resize=400%2C300&amp;quality=100&amp;ssl=1 400w, https:\/\/i0.wp.com\/insightcrime.org\/wp-content\/uploads\/2023\/08\/20221019_195838368_iOS-scaled.jpg?resize=200%2C150&amp;quality=100&amp;ssl=1 200w, https:\/\/i0.wp.com\/insightcrime.org\/wp-content\/uploads\/2023\/08\/20221019_195838368_iOS-scaled.jpg?resize=1568%2C1176&amp;quality=100&amp;ssl=1 1568w, https:\/\/i0.wp.com\/insightcrime.org\/wp-content\/uploads\/2023\/08\/20221019_195838368_iOS-scaled.jpg?resize=706%2C530&amp;quality=100&amp;ssl=1 706w, https:\/\/i0.wp.com\/insightcrime.org\/wp-content\/uploads\/2023\/08\/20221019_195838368_iOS-1024x768.jpg?w=370&amp;quality=100&amp;ssl=1 370w\" sizes=\"auto, (max-width: 1000px) 100vw, 1000px\" \/><figcaption class=\"wp-element-caption\"><em>Un \u00e1rbol cortado listo para ser aserrado yace en el bosque del Valle de Tucabaca tras un incendio. Santiago de Chiquitos, Bolivia, octubre de 2022. Fotograf\u00eda de: Juan Diego C\u00e1rdenas, InSight Crime<\/em><\/figcaption><\/figure>\n\n\n\n<p class=\"wp-block-paragraph\">Zebers dijo que los \u00e1rboles talados en los bosques quemados del Valle de Tucabaca probablemente estaban destinados a la construcci\u00f3n de viviendas locales, se\u00f1alando que se utiliza para vigas internas y marcos de ventanas.&nbsp;<\/p>\n\n\n\n<p class=\"wp-block-paragraph\">\u201cTodav\u00eda hay buena madera por aqu\u00ed\u201d, dijo Zebers. \u201cComo no hay control, cogen troncos como estos y empiezan a cortar\u201d.<\/p>\n","protected":false},"excerpt":{"rendered":"<p>Durante a\u00f1os, en Bolivia se han talado maderas valiosas para abastecer los mercados nacionales e internacionales. Sin embargo, estas valiosas maderas han sido taladas casi hasta su extinci\u00f3n. En la actualidad, redes de traficantes y clanes familiares se adentran cada vez m\u00e1s en la Amazon\u00eda y las zonas protegidas del pa\u00eds, incluyendo los parques nacionales y las reservas naturales. Este tr\u00e1fico desenfrenado de madera est\u00e1 contribuyendo a la deforestaci\u00f3n, la p\u00e9rdida de biodiversidad y la degradaci\u00f3n del ambiental.\u00a0<\/p>\n","protected":false},"author":222,"featured_media":271688,"comment_status":"closed","ping_status":"closed","sticky":false,"template":"single-feature.php","format":"standard","meta":{"newspack_ads_suppress_ads":false,"newspack_popups_has_disabled_popups":false,"newspack_sponsor_sponsorship_scope":"","newspack_sponsor_native_byline_display":"inherit","newspack_sponsor_native_category_display":"inherit","newspack_sponsor_underwriter_style":"inherit","newspack_sponsor_underwriter_placement":"inherit","_EventAllDay":false,"_EventTimezone":"","_EventStartDate":"","_EventEndDate":"","_EventStartDateUTC":"","_EventEndDateUTC":"","_EventShowMap":false,"_EventShowMapLink":false,"_EventURL":"","_EventCost":"","_EventCostDescription":"","_EventCurrencySymbol":"","_EventCurrencyCode":"","_EventCurrencyPosition":"","_EventDateTimeSeparator":"","_EventTimeRangeSeparator":"","_EventOrganizerID":[],"_EventVenueID":[],"_OrganizerEmail":"","_OrganizerPhone":"","_OrganizerWebsite":"","_VenueAddress":"","_VenueCity":"","_VenueCountry":"","_VenueProvince":"","_VenueState":"","_VenueZip":"","_VenuePhone":"","_VenueURL":"","_VenueStateProvince":"","_VenueLat":"","_VenueLng":"","_VenueShowMap":false,"_VenueShowMapLink":false,"_newspack_byline_active":false,"_newspack_byline":"","newspack_hide_updated_date":false,"newspack_show_updated_date":false,"newspack_featured_image_position":"above","newspack_post_subtitle":"","newspack_article_summary_title":"Overview:","newspack_article_summary":"","_jetpack_memberships_contains_paid_content":false,"footnotes":""},"categories":[342],"tags":[403,439,3481],"newspack_spnsrs_tax":[],"coauthors":[4167,4389],"class_list":["post-271262","post","type-post","status-publish","format-standard","has-post-thumbnail","hentry","category-investigaciones","tag-bolivia-pais","tag-delitos-ambientales","tag-trafico-de-madera","entry"],"parsely":{"version":"1.1.0","canonical_url":"https:\/\/insightcrime.org\/es\/investigaciones\/areas-protegidas-fortalezas-madera-ilegal-amazonia-boliviana\/","smart_links":{"inbound":0,"outbound":0},"traffic_boost_suggestions_count":0,"meta":{"@context":"https:\/\/schema.org","@type":"NewsArticle","headline":"\u00c1reas protegidas: fortalezas de madera ilegal en la Amazon\u00eda boliviana","url":"http:\/\/insightcrime.org\/es\/investigaciones\/areas-protegidas-fortalezas-madera-ilegal-amazonia-boliviana\/","mainEntityOfPage":{"@type":"WebPage","@id":"http:\/\/insightcrime.org\/es\/investigaciones\/areas-protegidas-fortalezas-madera-ilegal-amazonia-boliviana\/"},"thumbnailUrl":"https:\/\/i0.wp.com\/insightcrime.org\/wp-content\/uploads\/2024\/03\/Cover-Amazonas-capitulo-3-Mar-2024.jpg?resize=150%2C150&quality=100&ssl=1","image":{"@type":"ImageObject","url":"https:\/\/i0.wp.com\/insightcrime.org\/wp-content\/uploads\/2024\/03\/Cover-Amazonas-capitulo-3-Mar-2024.jpg?fit=1600%2C720&quality=100&ssl=1"},"articleSection":"Investigaciones","author":[{"@type":"Person","name":"Juan Diego C\u00e1rdenas"},{"@type":"Person","name":"Seth Robbins"}],"creator":["Juan Diego C\u00e1rdenas","Seth Robbins"],"publisher":{"@type":"Organization","name":"InSight Crime","logo":"https:\/\/insightcrime.org\/wp-content\/uploads\/2023\/08\/logo.png"},"keywords":["bolivia","delitos ambientales","tr\u00e1fico de madera"],"dateCreated":"2024-05-02T15:00:58Z","datePublished":"2024-05-02T15:00:58Z","dateModified":"2024-05-02T15:01:50Z"},"rendered":"<meta name=\"parsely-title\" content=\"\u00c1reas protegidas: fortalezas de madera ilegal en la Amazon\u00eda boliviana\" \/>\n<meta name=\"parsely-link\" content=\"http:\/\/insightcrime.org\/es\/investigaciones\/areas-protegidas-fortalezas-madera-ilegal-amazonia-boliviana\/\" \/>\n<meta name=\"parsely-type\" content=\"post\" \/>\n<meta name=\"parsely-image-url\" content=\"https:\/\/i0.wp.com\/insightcrime.org\/wp-content\/uploads\/2024\/03\/Cover-Amazonas-capitulo-3-Mar-2024.jpg?resize=150%2C150&amp;quality=100&amp;ssl=1\" \/>\n<meta name=\"parsely-pub-date\" content=\"2024-05-02T15:00:58Z\" \/>\n<meta name=\"parsely-section\" content=\"Investigaciones\" \/>\n<meta name=\"parsely-tags\" content=\"bolivia,delitos ambientales,tr\u00e1fico de madera\" \/>\n<meta name=\"parsely-author\" content=\"Juan Diego C\u00e1rdenas\" \/>\n<meta name=\"parsely-author\" content=\"Seth Robbins\" \/>","tracker_url":"https:\/\/cdn.parsely.com\/keys\/insightcrime.org\/p.js"},"jetpack_sharing_enabled":true,"jetpack-related-posts":[{"id":201936,"url":"https:\/\/insightcrime.org\/es\/investigaciones\/motores-deforestacion-amazonas\/","url_meta":{"origin":271262,"position":0},"title":"Los motores de la deforestaci\u00f3n en el Amazonas","author":"Juan Diego C\u00e1rdenas","date":"8 de noviembre de 2022","format":false,"excerpt":"Como bosque rico en recursos, el Amazonas est\u00e1 siendo expoliado a un ritmo acelerado. Solo en 2021, se perdieron en toda la regi\u00f3n casi dos millones de hect\u00e1reas.","rel":"","context":"En \u00abInvestigaciones\u00bb","block_context":{"text":"Investigaciones","link":"https:\/\/insightcrime.org\/es\/category\/investigaciones\/"},"img":{"alt_text":"Deforestaci\u00f3n en el Amazonas","src":"https:\/\/i0.wp.com\/insightcrime.org\/wp-content\/uploads\/2022\/10\/Amazonas-Fase1-Cover-Capitulo2.png?fit=1200%2C438&quality=100&ssl=1&resize=350%2C200","width":350,"height":200,"srcset":"https:\/\/i0.wp.com\/insightcrime.org\/wp-content\/uploads\/2022\/10\/Amazonas-Fase1-Cover-Capitulo2.png?fit=1200%2C438&quality=100&ssl=1&resize=350%2C200 1x, https:\/\/i0.wp.com\/insightcrime.org\/wp-content\/uploads\/2022\/10\/Amazonas-Fase1-Cover-Capitulo2.png?fit=1200%2C438&quality=100&ssl=1&resize=525%2C300 1.5x, https:\/\/i0.wp.com\/insightcrime.org\/wp-content\/uploads\/2022\/10\/Amazonas-Fase1-Cover-Capitulo2.png?fit=1200%2C438&quality=100&ssl=1&resize=700%2C400 2x, https:\/\/i0.wp.com\/insightcrime.org\/wp-content\/uploads\/2022\/10\/Amazonas-Fase1-Cover-Capitulo2.png?fit=1200%2C438&quality=100&ssl=1&resize=1050%2C600 3x"},"classes":[]},{"id":233199,"url":"https:\/\/insightcrime.org\/es\/investigaciones\/deforestacion-amazonia-colombiana-delimitacion-problema\/","url_meta":{"origin":271262,"position":1},"title":"Deforestaci\u00f3n en la Amazon\u00eda colombiana: delimitaci\u00f3n del problema","author":"Katie Jones","date":"1 de septiembre de 2021","format":false,"excerpt":"La deforestaci\u00f3n es la cara m\u00e1s visible de los delitos ambientales en la Amazon\u00eda colombiana.","rel":"","context":"En \u00abInvestigaciones\u00bb","block_context":{"text":"Investigaciones","link":"https:\/\/insightcrime.org\/es\/category\/investigaciones\/"},"img":{"alt_text":"","src":"https:\/\/i0.wp.com\/insightcrime.org\/wp-content\/uploads\/2021\/09\/Amazon-Deforetation-Cover.png?fit=1200%2C450&quality=100&ssl=1&resize=350%2C200","width":350,"height":200,"srcset":"https:\/\/i0.wp.com\/insightcrime.org\/wp-content\/uploads\/2021\/09\/Amazon-Deforetation-Cover.png?fit=1200%2C450&quality=100&ssl=1&resize=350%2C200 1x, https:\/\/i0.wp.com\/insightcrime.org\/wp-content\/uploads\/2021\/09\/Amazon-Deforetation-Cover.png?fit=1200%2C450&quality=100&ssl=1&resize=525%2C300 1.5x, https:\/\/i0.wp.com\/insightcrime.org\/wp-content\/uploads\/2021\/09\/Amazon-Deforetation-Cover.png?fit=1200%2C450&quality=100&ssl=1&resize=700%2C400 2x, https:\/\/i0.wp.com\/insightcrime.org\/wp-content\/uploads\/2021\/09\/Amazon-Deforetation-Cover.png?fit=1200%2C450&quality=100&ssl=1&resize=1050%2C600 3x"},"classes":[]},{"id":271200,"url":"https:\/\/insightcrime.org\/es\/investigaciones\/amazonia-boliviana-enfrenta-amenazas-todos-lados\/","url_meta":{"origin":271262,"position":2},"title":"La Amazon\u00eda boliviana enfrenta amenazas de todos lados","author":"Seth Robbins","date":"2 de mayo de 2024","format":false,"excerpt":"Los 60 millones de hect\u00e1reas de la Amazon\u00eda boliviana, que abarcan parte de los departamentos de Pando, Beni, Cochabamba, La Paz y Santa Cruz, concentran algunas de las zonas m\u00e1s biodiversas de la cuenca amaz\u00f3nica. Pero la Amazon\u00eda boliviana suele caer en el olvido, ya que otros pa\u00edses reciben la\u2026","rel":"","context":"En \u00abInvestigaciones\u00bb","block_context":{"text":"Investigaciones","link":"https:\/\/insightcrime.org\/es\/category\/investigaciones\/"},"img":{"alt_text":"","src":"https:\/\/i0.wp.com\/insightcrime.org\/wp-content\/uploads\/2024\/05\/Bolivia-Principales-motores-de-la-deforestacion-en-Bolivia-InSightCrime-Mayo-2024.jpg?resize=350%2C200&quality=100&ssl=1","width":350,"height":200,"srcset":"https:\/\/i0.wp.com\/insightcrime.org\/wp-content\/uploads\/2024\/05\/Bolivia-Principales-motores-de-la-deforestacion-en-Bolivia-InSightCrime-Mayo-2024.jpg?resize=350%2C200&quality=100&ssl=1 1x, https:\/\/i0.wp.com\/insightcrime.org\/wp-content\/uploads\/2024\/05\/Bolivia-Principales-motores-de-la-deforestacion-en-Bolivia-InSightCrime-Mayo-2024.jpg?resize=525%2C300&quality=100&ssl=1 1.5x, https:\/\/i0.wp.com\/insightcrime.org\/wp-content\/uploads\/2024\/05\/Bolivia-Principales-motores-de-la-deforestacion-en-Bolivia-InSightCrime-Mayo-2024.jpg?resize=700%2C400&quality=100&ssl=1 2x, https:\/\/i0.wp.com\/insightcrime.org\/wp-content\/uploads\/2024\/05\/Bolivia-Principales-motores-de-la-deforestacion-en-Bolivia-InSightCrime-Mayo-2024.jpg?resize=1050%2C600&quality=100&ssl=1 3x, https:\/\/i0.wp.com\/insightcrime.org\/wp-content\/uploads\/2024\/05\/Bolivia-Principales-motores-de-la-deforestacion-en-Bolivia-InSightCrime-Mayo-2024.jpg?resize=1400%2C800&quality=100&ssl=1 4x"},"classes":[]},{"id":136525,"url":"https:\/\/insightcrime.org\/es\/noticias\/crimen-organizado-medioambiente-latinoamerica-encuentro-fatal\/","url_meta":{"origin":271262,"position":3},"title":"Crimen organizado y medio ambiente en Latinoam\u00e9rica: un encuentro fatal","author":"Katie Jones","date":"3 de marzo de 2021","format":false,"excerpt":"Las selvas de Latinoam\u00e9rica son taladas a un ritmo acelerado. Los mercados asi\u00e1ticos impulsan el tr\u00e1fico de productos de vida silvestre, mientras que mineros ilegales arrasan las selvas del Amazonas desde Per\u00fa hasta Guyana en busca de oro.","rel":"","context":"En \u00abNoticias\u00bb","block_context":{"text":"Noticias","link":"https:\/\/insightcrime.org\/es\/category\/noticias\/"},"img":{"alt_text":"Illustration ofenvironmental crimes","src":"https:\/\/i0.wp.com\/insightcrime.org\/wp-content\/uploads\/2021\/03\/Crimen-Ambiental-environmental-Crime-Videos-wwf-illegal-wood-timber-minning-wildlife-lands.jpg?fit=1200%2C611&quality=100&ssl=1&resize=350%2C200","width":350,"height":200,"srcset":"https:\/\/i0.wp.com\/insightcrime.org\/wp-content\/uploads\/2021\/03\/Crimen-Ambiental-environmental-Crime-Videos-wwf-illegal-wood-timber-minning-wildlife-lands.jpg?fit=1200%2C611&quality=100&ssl=1&resize=350%2C200 1x, https:\/\/i0.wp.com\/insightcrime.org\/wp-content\/uploads\/2021\/03\/Crimen-Ambiental-environmental-Crime-Videos-wwf-illegal-wood-timber-minning-wildlife-lands.jpg?fit=1200%2C611&quality=100&ssl=1&resize=525%2C300 1.5x, https:\/\/i0.wp.com\/insightcrime.org\/wp-content\/uploads\/2021\/03\/Crimen-Ambiental-environmental-Crime-Videos-wwf-illegal-wood-timber-minning-wildlife-lands.jpg?fit=1200%2C611&quality=100&ssl=1&resize=700%2C400 2x, https:\/\/i0.wp.com\/insightcrime.org\/wp-content\/uploads\/2021\/03\/Crimen-Ambiental-environmental-Crime-Videos-wwf-illegal-wood-timber-minning-wildlife-lands.jpg?fit=1200%2C611&quality=100&ssl=1&resize=1050%2C600 3x"},"classes":[]},{"id":201942,"url":"https:\/\/insightcrime.org\/es\/investigaciones\/corrupcion-origen-comun-delitos-ambientales-amazonia\/","url_meta":{"origin":271262,"position":4},"title":"La corrupci\u00f3n: el origen com\u00fan de los delitos ambientales en la Amazon\u00eda","author":"Katie Jones","date":"9 de noviembre de 2022","format":false,"excerpt":"Las redes criminales corporativas se ven apoyadas por actores legales que facilitan la tala ilegal, la miner\u00eda ilegal y el tr\u00e1fico de especies silvestres.","rel":"","context":"En \u00abInvestigaciones\u00bb","block_context":{"text":"Investigaciones","link":"https:\/\/insightcrime.org\/es\/category\/investigaciones\/"},"img":{"alt_text":"","src":"https:\/\/i0.wp.com\/insightcrime.org\/wp-content\/uploads\/2022\/10\/Amazonas-Fase1-Cover-Capitulo5-1.png?fit=1200%2C438&quality=100&ssl=1&resize=350%2C200","width":350,"height":200,"srcset":"https:\/\/i0.wp.com\/insightcrime.org\/wp-content\/uploads\/2022\/10\/Amazonas-Fase1-Cover-Capitulo5-1.png?fit=1200%2C438&quality=100&ssl=1&resize=350%2C200 1x, https:\/\/i0.wp.com\/insightcrime.org\/wp-content\/uploads\/2022\/10\/Amazonas-Fase1-Cover-Capitulo5-1.png?fit=1200%2C438&quality=100&ssl=1&resize=525%2C300 1.5x, https:\/\/i0.wp.com\/insightcrime.org\/wp-content\/uploads\/2022\/10\/Amazonas-Fase1-Cover-Capitulo5-1.png?fit=1200%2C438&quality=100&ssl=1&resize=700%2C400 2x, https:\/\/i0.wp.com\/insightcrime.org\/wp-content\/uploads\/2022\/10\/Amazonas-Fase1-Cover-Capitulo5-1.png?fit=1200%2C438&quality=100&ssl=1&resize=1050%2C600 3x"},"classes":[]},{"id":232518,"url":"https:\/\/insightcrime.org\/es\/investigaciones\/bajo-superficie-trafico-madera-triple-frontera-peru-colombia-brasil\/","url_meta":{"origin":271262,"position":5},"title":"Bajo la superficie del tr\u00e1fico de madera en la triple frontera entre Per\u00fa, Colombia y Brasil\u00a0","author":"Mar\u00eda Fernanda Ram\u00edrez","date":"8 de agosto de 2023","format":false,"excerpt":"La que fuera una selva virgen ahora siente las manos depredadoras de los traficantes de madera en las dos regiones de triple frontera de la Amazon\u00eda.","rel":"","context":"En \u00abInvestigaciones\u00bb","block_context":{"text":"Investigaciones","link":"https:\/\/insightcrime.org\/es\/category\/investigaciones\/"},"img":{"alt_text":"","src":"https:\/\/i0.wp.com\/insightcrime.org\/wp-content\/uploads\/2023\/09\/Amazonas-Cover-Capitulo2-ESP-InSightCrime-2023-copia.png?fit=1200%2C438&quality=100&ssl=1&resize=350%2C200","width":350,"height":200,"srcset":"https:\/\/i0.wp.com\/insightcrime.org\/wp-content\/uploads\/2023\/09\/Amazonas-Cover-Capitulo2-ESP-InSightCrime-2023-copia.png?fit=1200%2C438&quality=100&ssl=1&resize=350%2C200 1x, https:\/\/i0.wp.com\/insightcrime.org\/wp-content\/uploads\/2023\/09\/Amazonas-Cover-Capitulo2-ESP-InSightCrime-2023-copia.png?fit=1200%2C438&quality=100&ssl=1&resize=525%2C300 1.5x, https:\/\/i0.wp.com\/insightcrime.org\/wp-content\/uploads\/2023\/09\/Amazonas-Cover-Capitulo2-ESP-InSightCrime-2023-copia.png?fit=1200%2C438&quality=100&ssl=1&resize=700%2C400 2x, https:\/\/i0.wp.com\/insightcrime.org\/wp-content\/uploads\/2023\/09\/Amazonas-Cover-Capitulo2-ESP-InSightCrime-2023-copia.png?fit=1200%2C438&quality=100&ssl=1&resize=1050%2C600 3x"},"classes":[]}],"jetpack_featured_media_url":"https:\/\/i0.wp.com\/insightcrime.org\/wp-content\/uploads\/2024\/03\/Cover-Amazonas-capitulo-3-Mar-2024.jpg?fit=1600%2C720&quality=100&ssl=1","_links":{"self":[{"href":"https:\/\/insightcrime.org\/es\/wp-json\/wp\/v2\/posts\/271262","targetHints":{"allow":["GET"]}}],"collection":[{"href":"https:\/\/insightcrime.org\/es\/wp-json\/wp\/v2\/posts"}],"about":[{"href":"https:\/\/insightcrime.org\/es\/wp-json\/wp\/v2\/types\/post"}],"author":[{"embeddable":true,"href":"https:\/\/insightcrime.org\/es\/wp-json\/wp\/v2\/users\/222"}],"replies":[{"embeddable":true,"href":"https:\/\/insightcrime.org\/es\/wp-json\/wp\/v2\/comments?post=271262"}],"version-history":[{"count":9,"href":"https:\/\/insightcrime.org\/es\/wp-json\/wp\/v2\/posts\/271262\/revisions"}],"predecessor-version":[{"id":274960,"href":"https:\/\/insightcrime.org\/es\/wp-json\/wp\/v2\/posts\/271262\/revisions\/274960"}],"wp:featuredmedia":[{"embeddable":true,"href":"https:\/\/insightcrime.org\/es\/wp-json\/wp\/v2\/media\/271688"}],"wp:attachment":[{"href":"https:\/\/insightcrime.org\/es\/wp-json\/wp\/v2\/media?parent=271262"}],"wp:term":[{"taxonomy":"category","embeddable":true,"href":"https:\/\/insightcrime.org\/es\/wp-json\/wp\/v2\/categories?post=271262"},{"taxonomy":"post_tag","embeddable":true,"href":"https:\/\/insightcrime.org\/es\/wp-json\/wp\/v2\/tags?post=271262"},{"taxonomy":"newspack_spnsrs_tax","embeddable":true,"href":"https:\/\/insightcrime.org\/es\/wp-json\/wp\/v2\/newspack_spnsrs_tax?post=271262"},{"taxonomy":"author","embeddable":true,"href":"https:\/\/insightcrime.org\/es\/wp-json\/wp\/v2\/coauthors?post=271262"}],"curies":[{"name":"wp","href":"https:\/\/api.w.org\/{rel}","templated":true}]}}