{"id":277384,"date":"2024-06-04T12:01:04","date_gmt":"2024-06-04T17:01:04","guid":{"rendered":"https:\/\/insightcrime.org\/?p=277384"},"modified":"2024-08-29T06:49:18","modified_gmt":"2024-08-29T11:49:18","slug":"extrema-violencia-electoral-mexico-explicada","status":"publish","type":"post","link":"https:\/\/insightcrime.org\/es\/noticias\/extrema-violencia-electoral-mexico-explicada\/","title":{"rendered":"La extrema violencia electoral de M\u00e9xico explicada"},"content":{"rendered":"\n<p class=\"wp-block-paragraph\">Los candidatos en estados estrat\u00e9gicos para el crimen organizado, como Chiapas, Guerrero y Michoac\u00e1n, fueron testigos de un estallido de violencia en este ciclo electoral en M\u00e9xico, poniendo de relieve c\u00f3mo los grupos criminales y otros actores poderosos intentan influenciar las elecciones para mantener el control pese a las reconfiguraciones pol\u00edticas.<\/p>\n\n\n\n<p class=\"wp-block-paragraph\">Para el momento en que los votantes eligieron a Claudia Sheinbaum como la primera mujer presidenta de M\u00e9xico, los observadores electorales hab\u00edan registrado m\u00e1s de 129 eventos de violencia pol\u00edtica contra oficiales desde el inicio de las campa\u00f1as en septiembre de 2023, seg\u00fan datos del Proyecto de Datos sobre Localizaci\u00f3n y Eventos de Conflictos Armados (Armed Conflict Location &amp; Event Data Project, ACLED). Las elecciones pusieron en juego m\u00e1s de 20.000 cargos a nivel local, estatal y federal.&nbsp;<\/p>\n\n\n\n<div class=\"wp-block-cover alignwide has-custom-content-position is-position-center-left\" style=\"min-height:692px;aspect-ratio:unset;\"><span aria-hidden=\"true\" class=\"wp-block-cover__background has-background-dim-90 has-background-dim wp-block-cover__gradient-background has-background-gradient\" style=\"background:linear-gradient(1deg,rgba(255,255,255,0.43) 50%,rgb(255,255,255) 100%)\"><\/span><img data-recalc-dims=\"1\" loading=\"lazy\" decoding=\"async\" width=\"2400\" height=\"1644\" class=\"wp-block-cover__image-background wp-image-277344\" alt=\"\" src=\"https:\/\/i0.wp.com\/insightcrime.org\/wp-content\/uploads\/2024\/06\/parker_map_ex2.png?resize=2400%2C1644&#038;quality=100&#038;ssl=1\" style=\"object-position:67% 37%\" data-object-fit=\"cover\" data-object-position=\"67% 37%\" srcset=\"https:\/\/i0.wp.com\/insightcrime.org\/wp-content\/uploads\/2024\/06\/parker_map_ex2.png?w=2400&amp;quality=100&amp;ssl=1 2400w, https:\/\/i0.wp.com\/insightcrime.org\/wp-content\/uploads\/2024\/06\/parker_map_ex2.png?resize=300%2C206&amp;quality=100&amp;ssl=1 300w, https:\/\/i0.wp.com\/insightcrime.org\/wp-content\/uploads\/2024\/06\/parker_map_ex2.png?resize=1024%2C701&amp;quality=100&amp;ssl=1 1024w, https:\/\/i0.wp.com\/insightcrime.org\/wp-content\/uploads\/2024\/06\/parker_map_ex2.png?resize=768%2C526&amp;quality=100&amp;ssl=1 768w, https:\/\/i0.wp.com\/insightcrime.org\/wp-content\/uploads\/2024\/06\/parker_map_ex2.png?resize=1536%2C1052&amp;quality=100&amp;ssl=1 1536w, https:\/\/i0.wp.com\/insightcrime.org\/wp-content\/uploads\/2024\/06\/parker_map_ex2.png?resize=2048%2C1403&amp;quality=100&amp;ssl=1 2048w, https:\/\/i0.wp.com\/insightcrime.org\/wp-content\/uploads\/2024\/06\/parker_map_ex2.png?resize=1200%2C822&amp;quality=100&amp;ssl=1 1200w, https:\/\/i0.wp.com\/insightcrime.org\/wp-content\/uploads\/2024\/06\/parker_map_ex2.png?resize=1568%2C1074&amp;quality=100&amp;ssl=1 1568w, https:\/\/i0.wp.com\/insightcrime.org\/wp-content\/uploads\/2024\/06\/parker_map_ex2.png?resize=2000%2C1370&amp;quality=100&amp;ssl=1 2000w, https:\/\/i0.wp.com\/insightcrime.org\/wp-content\/uploads\/2024\/06\/parker_map_ex2.png?resize=400%2C274&amp;quality=100&amp;ssl=1 400w, https:\/\/i0.wp.com\/insightcrime.org\/wp-content\/uploads\/2024\/06\/parker_map_ex2.png?resize=706%2C484&amp;quality=100&amp;ssl=1 706w, https:\/\/i0.wp.com\/insightcrime.org\/wp-content\/uploads\/2024\/06\/parker_map_ex2.png?w=370&amp;quality=100&amp;ssl=1 370w\" sizes=\"auto, (max-width: 1000px) 100vw, 1000px\" \/><div class=\"wp-block-cover__inner-container is-layout-constrained wp-block-cover-is-layout-constrained\">\n<div class=\"wp-block-columns is-layout-flex wp-container-core-columns-is-layout-8f761849 wp-block-columns-is-layout-flex\">\n<div class=\"wp-block-column is-layout-flow wp-block-column-is-layout-flow\" style=\"flex-basis:50%\">\n<p class=\"wp-block-paragraph\"><\/p>\n\n\n\n<p class=\"has-dark-gray-color has-text-color has-link-color wp-elements-1 wp-block-paragraph\" style=\"font-size:22px\"><em><mark style=\"background-color:#fffefd\" class=\"has-inline-color has-primary-variation-color\">Cada regi\u00f3n de M\u00e9xico alberga m\u00faltiples grupos criminales con distintos grados de sofisticaci\u00f3n, cuyos intereses delictivos <strong>se entrelazan con din\u00e1micas econ\u00f3micas y pol\u00edticas locales que fomentan la competencia violenta.<\/strong><\/mark><\/em><\/p>\n\n\n\n<p class=\"has-medium-gray-color has-text-color has-link-color has-small-font-size wp-elements-2 wp-block-paragraph\">*<em><a href=\"https:\/\/public.flourish.studio\/visualisation\/18193942\/\">Este mapa<\/a> muestra la violencia pol\u00edtica perpetrada contra funcionarios durante la campa\u00f1a electoral en M\u00e9xico. Fuente: <a href=\"https:\/\/acleddata.com\/\">ACLED<\/a>.<\/em><\/p>\n\n\n\n<p class=\"wp-block-paragraph\"><\/p>\n<\/div>\n\n\n\n<div class=\"wp-block-column is-layout-flow wp-block-column-is-layout-flow\" style=\"flex-basis:50%\"><\/div>\n<\/div>\n<\/div><\/div>\n\n\n\n<p class=\"wp-block-paragraph\">La escala de violencia, que incluy\u00f3 102 asesinatos pol\u00edticos, as\u00ed como secuestros, desapariciones forzadas, intentos de asesinato y ataques contra familiares, personal de campa\u00f1a e infraestructura oficial como urnas prendieron las alarmas, explic\u00f3 a InSight Crime Tiziano Breda, Coordinador Asociado de An\u00e1lisis para Am\u00e9rica Latina de ACLED.<\/p>\n\n\n\n<p class=\"wp-block-paragraph\">\u201cLa violencia se debe a dos razones principales: la magnitud de la elecci\u00f3n, al ser la m\u00e1s grande en la historia reciente del pa\u00eds, y tambi\u00e9n es una consecuencia de c\u00f3mo ha evolucionado el panorama criminal de M\u00e9xico en donde cada vez hay m\u00e1s grupos fragmentados con diversos portafolios econ\u00f3micos compitiendo por la influencia, y, por lo tanto, exacerbando la violencia\u201d, dijo.<\/p>\n\n\n\n<p class=\"wp-block-paragraph\">Sin embargo, las elecciones pasadas tambi\u00e9n han estado marcadas por una violencia extrema. El pa\u00eds registr\u00f3 145 asesinatos pol\u00edticamente motivados de personas directamente vinculadas al proceso electoral durante las elecciones presidenciales de 2018 y 88 durante las elecciones a gobernador de 2021, seg\u00fan datos <a href=\"https:\/\/drive.google.com\/file\/d\/1QC7SuHmR_behh6d51LQwQX1hybQ2HAA_\/view\" target=\"_blank\" rel=\"noreferrer noopener\">recopilados<\/a> por el centro de pensamiento mexicano <a href=\"https:\/\/drive.google.com\/file\/d\/1xfknzXPd5utKJD6Wf_2jHpHpt4MInk7d\/view\" target=\"_blank\" rel=\"noreferrer noopener\">Laboratorio Electoral<\/a>.<\/p>\n\n\n\n<blockquote class=\"wp-block-quote is-layout-flow wp-block-quote-is-layout-flow\">\n<p class=\"wp-block-paragraph\"><strong><mark style=\"background-color:rgba(0, 0, 0, 0)\" class=\"has-inline-color has-primary-color\">VEA TAMBI\u00c9N:<\/mark><\/strong> <a href=\"https:\/\/insightcrime.org\/es\/noticias\/elecciones-2024-mexico-podrian-detonar-violentos-reacomodos-criminales\/\" target=\"_blank\" rel=\"noreferrer noopener\">Elecciones de 2024 en M\u00e9xico podr\u00edan detonar violentos reacomodos criminales<\/a><\/p>\n<\/blockquote>\n\n\n\n<p class=\"wp-block-paragraph\">Cinco estados \u2014Chiapas, Guerrero, Michoac\u00e1n, Oaxaca y Veracruz\u2014 concentraron la mitad de los actos de violencia relacionados con las elecciones registrados por ACLED este a\u00f1o. En su mayor\u00eda, los ataques iban dirigidos a candidatos.<\/p>\n\n\n\n<p class=\"wp-block-paragraph\">En cada uno de los estados m\u00e1s afectados operan m\u00faltiples grupos criminales con diversos grados de capacidad armada y sofisticaci\u00f3n, cuyos intereses delictivos coexisten y se superponen con las din\u00e1micas econ\u00f3micas y pol\u00edticas locales. Esto alimenta la violencia, que no siempre est\u00e1 relacionada con el crimen organizado.<\/p>\n\n\n\n<p class=\"wp-block-paragraph\">InSight Crime analiza la din\u00e1mica criminal en tres de los estados m\u00e1s afectados por la violencia pol\u00edtica en este ciclo electoral: el estado fronterizo de Chiapas \u2014donde la divisi\u00f3n entre la violencia criminal y la pol\u00edtica es borrosa\u2014, Guerrero y Michoac\u00e1n, dos estados que por a\u00f1os han sido asolados por grupos criminales.&nbsp;<\/p>\n\n\n\n<script src=\"https:\/\/d3js.org\/d3.v6.js\"><\/script>\n<script>\nvar myLocale = {\n  \"decimal\": \",\",\n  \"thousands\": \".\",\n  \"grouping\": [3],\n  \"currency\": [\"$\", \"\"],\n  \"dateTime\": \"%a %b %e %X %Y\",\n  \"date\": \"%m\/%d\/%Y\",\n  \"time\": \"%H:%M:%S\",\n  \"periods\": [\"AM\", \"PM\"],\n  \"days\": [\"Sunday\", \"Monday\", \"Tuesday\", \"Wednesday\", \"Thursday\", \"Friday\", \"Saturday\"],\n  \"shortDays\": [\"Sun\", \"Mon\", \"Tue\", \"Wed\", \"Thu\", \"Fri\", \"Sat\"],\n  \"months\": [\"Enero\", \"Febrero\", \"Marzo\", \"Abril\", \"Mayo\", \"Junio\", \"Julio\", \"Agosto\", \"Septiembre\", \"Octubre\", \"Noviembre\", \"Diciembre\"],\n  \"shortMonths\": [\"Ene\", \"Feb\", \"Mar\", \"Abr\", \"May\", \"Jun\", \"Jul\", \"Ago\", \"Sep\", \"Oct\", \"Nov\", \"Dic\"]\n\n}\n\n\/\/ create custom locale formatter from the given locale options\nvar localeFormatter = d3.formatDefaultLocale(myLocale);\n<\/script>\n\n\n\n<style>\n.t\u00edtulo-del-gr\u00e1fico {\n\tfont-family: 'Noto Sans', sans-serif;\n\tcolor: #3B3B3B;\n\tfont-weight: bold;\n\tmargin-top: 0;\n\tpadding-top: 0;\n\tfont-size: 28px;\n}\n\n.subt\u00edtulo-del-gr\u00e1fico {\n\tfont-family: 'Noto Sans', sans-serif;\n\tcolor: #3B3B3B;\n\tfont-style: normal;\n}\n\n.fuente-del-gr\u00e1fico {\n\tfont-family: 'Noto Sans', sans-serif;\n\tcolor: #B3B3B3;\n\tmargin-top: 0;\n\tpadding-top: 0;\n}\n\n.annotation-group {\n\tfont-family: 'Noto Sans', sans-serif;\n\tcolor: #3B3B3B;\n\tfont-size: 12px;\n}\n\n.etiquetas {\n\tfont-family: 'Noto Sans', sans-serif;\n    text-shadow: -1px 0 #FAFAFA, 0 1px #FAFAFA, 1px 0 #FAFAFA, 0 -1px #FAFAFA;\n\tcolor: #3B3B3B;\n\tfont-size: 14px;\n    font-weight: bold;\n}\n\n.eje-x path {\n    stroke: #3B3B3B;\n    stroke-width: 2;\n}\n\n.eje-x text {\n    font-family: 'Noto Sans', sans-serif;\n    font-size: 13px;\n}\n\n.eje-x-t\u00edtulo {\n    text-anchor: middle;\n    font-family: 'Noto Sans', sans-serif;\n    font-size: 15px;\n    font-style: italic;\n    fill: #B3B3B3;\n}\n\n.eje-y text {\n    font-family: 'Noto Sans', sans-serif;\n    font-size: 13px;\n    fill: #B3B3B3;\n}\n\n.eje-y-t\u00edtulo {\n    font-family: 'Noto Sans', sans-serif;\n    font-size: 15px;\n    font-style: italic;\n    fill: #B3B3B3;\n}\n\n.eje-y line {\n    stroke: #b3b3b3;\n    stroke-width: .03em;\n}\n\n.eje-y2 line {\n    stroke: #B3B3B3;\n}\n\n.eje-y path {\n    stroke: none;\n}\n\n.plot-subtitle {\n    font-size: 17px;\n    font-family: 'Noto Sans', sans-serif;\n    fill: #3B3B3B;\n}\n\n.logo-ic {\n    \/* font-family: 'Noto Serif'; *\/\n    font-family: 'Georgia';\n    font-size: 18px;\n    font-style: italic;\n    letter-spacing: 1px;\n    fill: #A5A5A5;\n}\n\n.flex-container {\n\tdisplay: flex;\n\tflex-wrap: wrap;\n\tjustify-content: space-between; \/* Optional: Aligns items with space between them *\/\n}\n\n.flex-item {\n\tflex-basis: 200px; \/* Adjust as needed *\/\n\tflex-grow: 1; \/* Allows items to grow if there's space *\/\n\tflex-shrink: 1; \/* Allows items to shrink if there's not enough space *\/\n\tmargin: 10px;\n\tmargin-bottom: 0px;\n\tpadding-bottom: 0px;\n}\n\n<\/style>\n\n\n\n<figcaption><h2 class=\"t\u00edtulo-del-gr\u00e1fico\">La violencia pol\u00edtica generalizada ensombrece unas elecciones hist\u00f3ricas en M\u00e9xico<\/h2><\/figcaption>\n<figcaption><h3 class=\"subt\u00edtulo-del-gr\u00e1fico\">M\u00e1s de 129 casos de violencia pol\u00edtica contra funcionarios se registraron en todo el pa\u00eds en este ciclo electoral, lo que ha provocado que algunos expertos la califiquen como la transici\u00f3n pol\u00edtica m\u00e1s violenta del pa\u00eds.<\/h3><\/figcaption>\n<figcaption class=\"fuente-del-gr\u00e1fico\">Junio de 2024 | Fuente: <a href='acleddata.com' target=\"_blank\" rel=\"noopener\">ACLED<\/a><\/figcaption>\n\t<div id=\"gr\u00e1fico-de-l\u00edneas-m\u00faltiples3\"><\/div>\n\t<script>\nconst marginGdLM3 = {top: 10, right: 25, bottom: 30, left: 20},\n        widthGdLM3 = 640 - marginGdLM3.left - marginGdLM3.right,\n        heightGdLM3 = 400 - marginGdLM3.top - marginGdLM3.bottom;\n\nconst svgGdLM3 = d3.select(\"#gr\u00e1fico-de-l\u00edneas-m\u00faltiples3\")\n    .append(\"svg\")\n        .attr(\"viewBox\", `0 0 640 400`)\n    .append(\"g\")\n       .attr(\"transform\",`translate(${marginGdLM3.left},${marginGdLM3.top})`);\n\n\n\n\/\/const dataGdLM3 = [{\"admin1\":\"Chiapas\",\"year\":2023,\"month\":9,\"fatalities\":0,\"date\":\"2023-9-01\"},{\"admin1\":\"Chiapas\",\"year\":2023,\"month\":10,\"fatalities\":0,\"date\":\"2023-10-01\"},{\"admin1\":\"Chiapas\",\"year\":2023,\"month\":11,\"fatalities\":0,\"date\":\"2023-11-01\"},{\"admin1\":\"Chiapas\",\"year\":2023,\"month\":12,\"fatalities\":0,\"date\":\"2023-12-01\"},{\"admin1\":\"Chiapas\",\"year\":2024,\"month\":1,\"fatalities\":1,\"date\":\"2024-1-01\"},{\"admin1\":\"Chiapas\",\"year\":2024,\"month\":2,\"fatalities\":0,\"date\":\"2024-2-01\"},{\"admin1\":\"Chiapas\",\"year\":2024,\"month\":4,\"fatalities\":2,\"date\":\"2024-4-01\"},{\"admin1\":\"Chiapas\",\"year\":2024,\"month\":5,\"fatalities\":8,\"date\":\"2024-5-01\"},{\"admin1\":\"Guerrero\",\"year\":2023,\"month\":9,\"fatalities\":4,\"date\":\"2023-9-01\"},{\"admin1\":\"Guerrero\",\"year\":2023,\"month\":10,\"fatalities\":2,\"date\":\"2023-10-01\"},{\"admin1\":\"Guerrero\",\"year\":2023,\"month\":11,\"fatalities\":4,\"date\":\"2023-11-01\"},{\"admin1\":\"Guerrero\",\"year\":2023,\"month\":12,\"fatalities\":2,\"date\":\"2023-12-01\"},{\"admin1\":\"Guerrero\",\"year\":2024,\"month\":2,\"fatalities\":5,\"date\":\"2024-2-01\"},{\"admin1\":\"Guerrero\",\"year\":2024,\"month\":3,\"fatalities\":1,\"date\":\"2024-3-01\"},{\"admin1\":\"Guerrero\",\"year\":2024,\"month\":4,\"fatalities\":2,\"date\":\"2024-4-01\"},{\"admin1\":\"Guerrero\",\"year\":2024,\"month\":5,\"fatalities\":0,\"date\":\"2024-5-01\"},{\"admin1\":\"Michoacan de Ocampo\",\"year\":2023,\"month\":9,\"fatalities\":0,\"date\":\"2023-9-01\"},{\"admin1\":\"Michoacan de Ocampo\",\"year\":2023,\"month\":10,\"fatalities\":7,\"date\":\"2023-10-01\"},{\"admin1\":\"Michoacan de Ocampo\",\"year\":2024,\"month\":1,\"fatalities\":1,\"date\":\"2024-1-01\"},{\"admin1\":\"Michoacan de Ocampo\",\"year\":2024,\"month\":2,\"fatalities\":0,\"date\":\"2024-2-01\"},{\"admin1\":\"Michoacan de Ocampo\",\"year\":2024,\"month\":3,\"fatalities\":2,\"date\":\"2024-3-01\"},{\"admin1\":\"Michoacan de Ocampo\",\"year\":2024,\"month\":4,\"fatalities\":1,\"date\":\"2024-4-01\"},{\"admin1\":\"Michoacan de Ocampo\",\"year\":2024,\"month\":5,\"fatalities\":0,\"date\":\"2024-5-01\"}]\nconst dataGdLM3 = [{\"admin1\":\"Chiapas\",\"year\":2023,\"month\":9,\"events\":1,\"date\":\"2023-9-01\"},{\"admin1\":\"Chiapas\",\"year\":2023,\"month\":10,\"events\":2,\"date\":\"2023-10-01\"},{\"admin1\":\"Chiapas\",\"year\":2023,\"month\":11,\"events\":2,\"date\":\"2023-11-01\"},{\"admin1\":\"Chiapas\",\"year\":2023,\"month\":12,\"events\":1,\"date\":\"2023-12-01\"},{\"admin1\":\"Chiapas\",\"year\":2024,\"month\":1,\"events\":1,\"date\":\"2024-1-01\"},{\"admin1\":\"Chiapas\",\"year\":2024,\"month\":2,\"events\":2,\"date\":\"2024-2-01\"},{\"admin1\":\"Chiapas\",\"year\":2024,\"month\":4,\"events\":5,\"date\":\"2024-4-01\"},{\"admin1\":\"Chiapas\",\"year\":2024,\"month\":5,\"events\":2,\"date\":\"2024-5-01\"},{\"admin1\":\"Guerrero\",\"year\":2023,\"month\":9,\"events\":6,\"date\":\"2023-9-01\"},{\"admin1\":\"Guerrero\",\"year\":2023,\"month\":10,\"events\":5,\"date\":\"2023-10-01\"},{\"admin1\":\"Guerrero\",\"year\":2023,\"month\":11,\"events\":3,\"date\":\"2023-11-01\"},{\"admin1\":\"Guerrero\",\"year\":2023,\"month\":12,\"events\":2,\"date\":\"2023-12-01\"},{\"admin1\":\"Guerrero\",\"year\":2024,\"month\":2,\"events\":7,\"date\":\"2024-2-01\"},{\"admin1\":\"Guerrero\",\"year\":2024,\"month\":3,\"events\":4,\"date\":\"2024-3-01\"},{\"admin1\":\"Guerrero\",\"year\":2024,\"month\":4,\"events\":3,\"date\":\"2024-4-01\"},{\"admin1\":\"Guerrero\",\"year\":2024,\"month\":5,\"events\":1,\"date\":\"2024-5-01\"},{\"admin1\":\"Michoacan de Ocampo\",\"year\":2023,\"month\":10,\"events\":3,\"date\":\"2023-10-01\"},{\"admin1\":\"Michoacan de Ocampo\",\"year\":2024,\"month\":1,\"events\":1,\"date\":\"2024-1-01\"},{\"admin1\":\"Michoacan de Ocampo\",\"year\":2024,\"month\":2,\"events\":3,\"date\":\"2024-2-01\"},{\"admin1\":\"Michoacan de Ocampo\",\"year\":2024,\"month\":3,\"events\":4,\"date\":\"2024-3-01\"},{\"admin1\":\"Michoacan de Ocampo\",\"year\":2024,\"month\":4,\"events\":2,\"date\":\"2024-4-01\"},{\"admin1\":\"Michoacan de Ocampo\",\"year\":2024,\"month\":5,\"events\":0,\"date\":\"2024-5-01\"}]  \n  \/\/ group the data: I want to draw one line per group\n  const sumstatGdLM3 = d3.group(dataGdLM3, d => d.admin1); \/\/ nest function allows to group the calculation per level of a factor\n\n\n  const xGdLM3 = d3.scaleTime()\n    .domain(d3.extent(dataGdLM3, function(d) { return d3.timeParse(\"%Y-%-m-%d\")(d.date); }))\n    .range([ 0, widthGdLM3 ]);\n\n\n  const yGdLM3 = d3.scaleLinear()\n    .domain([0, d3.max(dataGdLM3, function(d) { return +d.events; })])\n    .range([ heightGdLM3, 0 ]);\n  svgGdLM3.append(\"g\")\n    .attr('class', 'eje-y')\n    .call(d3.axisLeft(yGdLM3).ticks(5, '')\n        .tickSizeInner(-widthGdLM3));\n\n  \/\/ color palette\n  const colorGdLM3 = d3.scaleOrdinal()\n    .range(['#B8403F','#92C5EE','#3A6749'])\n    \/\/.range(['#B8403F','#92C5EE','#727F7E'])\n\n  \/\/ Draw the line\n  svgGdLM3.selectAll(\".line\")\n      .data(sumstatGdLM3)\n      .join(\"path\")\n        .attr(\"fill\", \"none\")\n        .attr(\"stroke\", function(d){ return colorGdLM3(d[0]) })\n        .attr(\"stroke-width\", 3)\n        .attr(\"d\", function(d){\n          return d3.line()\n            .x(function(d) { return xGdLM3(d3.timeParse(\"%Y-%-m-%d\")(d.date)) })\n            .y(function(d) { return yGdLM3(+d.events); })\n            (d[1])\n        })\n\nlet tickLabels = [\"Sep 23\", \"Oct 23\", \"Nov 23\", \"Dic 23\", \"Ene 24\", \"Feb 24\", \"Mar 24\", \"Abr 24\", \"May 24\"];\n  svgGdLM3.append(\"g\")\n    .attr('class', 'eje-x')\n    .attr(\"transform\", `translate(0, ${heightGdLM3})`)\n    .call(d3.axisBottom(xGdLM3)\n      \/\/.ticks(5, '')\n\n      .tickFormat((d,i) => tickLabels[i])\n      \/\/.tickFormat(d3.timeFormat('%-b %y'))\n      .tickSizeOuter(0));\n\n  svgGdLM3.append(\"text\")\n    .attr('class', 'logo-ic')\n    .attr(\"x\", widthGdLM3-50 )\n    .attr(\"y\", yGdLM3(.25))\n    .attr(\"text-anchor\", \"end\")\n    .text('insightcrime.org')\n\n  svgGdLM3.append(\"text\")\n    .attr('class', 'etiquetas')\n    .attr(\"x\", xGdLM3(d3.timeParse(\"%Y-%-m-%d\")(\"2023-9-01\")))\n    \/\/.attr(\"x\", xGdLM3(d3.timeParse(\"%Y-%-m-%d\")(\"2024-4-01\")))\n    .attr(\"y\", yGdLM3(.7))\n    .attr(\"text-anchor\", \"start\")\n    .style(\"fill\", \"#B8403F\")\n    .text('Chiapas')\n\n  svgGdLM3.append(\"text\")\n    .attr('class', 'etiquetas')\n    .attr(\"x\", xGdLM3(d3.timeParse(\"%Y-%-m-%d\")(\"2023-9-01\")))\n    .attr(\"y\", yGdLM3(6.1))\n    .attr(\"text-anchor\", \"start\")\n    .style(\"fill\", '#92C5EE')\n    .text('Guerrero')\n\n  svgGdLM3.append(\"text\")\n    .attr('class', 'etiquetas')\n    .attr(\"x\", xGdLM3(d3.timeParse(\"%Y-%-m-%d\")(\"2023-9-01\")))\n    .attr(\"y\", yGdLM3(3.1))\n    .attr(\"text-anchor\", \"start\")\n    \/\/.style(\"fill\", '#727F7E')\n    .style(\"fill\", '#3A6749')\n    .text('Michoac\u00e1n')\n\n<\/script>\n\n\n\n<h2 class=\"wp-block-heading\" id=\"h-chiapas\">Chiapas<\/h2>\n\n\n\n<p class=\"wp-block-paragraph\">Aproximadamente desde 2021, los poderosos grupos criminales organizados de M\u00e9xico se han fortalecido en Chiapas, situado en la frontera entre M\u00e9xico y Guatemala, en lo que ha sido durante mucho tiempo un corredor estrat\u00e9gico para las drogas y los migrantes que se desplazan hacia el norte, en direcci\u00f3n a Estados Unidos.<\/p>\n\n\n\n<p class=\"wp-block-paragraph\">En este ciclo electoral, gran parte de la violencia en Chiapas ha estado vinculada de alguna manera a la disputa cada vez m\u00e1s intensa entre facciones del <a href=\"https:\/\/insightcrime.org\/es\/noticias-crimen-organizado-mexico\/sinaloa-cartel-perfil\/\" target=\"_blank\" rel=\"noreferrer noopener\">Cartel de Sinaloa<\/a> y el Cartel Jalisco Nueva Generaci\u00f3n (<a href=\"https:\/\/insightcrime.org\/es\/noticias-crimen-organizado-mexico\/cartel-jalisco-nueva-generacion-cjng\/\" target=\"_blank\" rel=\"noreferrer noopener\">CJNG<\/a>) por las rutas de tr\u00e1fico de drogas y migrantes.<\/p>\n\n\n\n<p class=\"wp-block-paragraph\">Muchas comunidades se han visto atrapadas en el fuego cruzado. En mayo, asaltantes armados masacraron a 11 civiles de una sola familia que se negaban a trabajar para cualquiera de los dos grupos delictivos.<\/p>\n\n\n\n<blockquote class=\"wp-block-quote is-layout-flow wp-block-quote-is-layout-flow\">\n<p class=\"wp-block-paragraph\"><strong><mark style=\"background-color:rgba(0, 0, 0, 0)\" class=\"has-inline-color has-primary-color\">VEA TAMBI\u00c9N<\/mark><\/strong>: <a href=\"https:\/\/insightcrime.org\/es\/noticias\/que-hay-detras-guerra-grupos-criminales-chiapas-mexico\/\" target=\"_blank\" rel=\"noreferrer noopener\">\u00bfQu\u00e9 hay detr\u00e1s de la guerra de grupos criminales en Chiapas, M\u00e9xico?<\/a><\/p>\n<\/blockquote>\n\n\n\n<p class=\"wp-block-paragraph\">Pero la distinci\u00f3n entre violencia criminal y pol\u00edtica suele ser dif\u00edcil de precisar, y a veces inexistente.<\/p>\n\n\n\n<p class=\"wp-block-paragraph\">\u201cTanto grupos criminales como grupos pol\u00edticos pueden establecer qui\u00e9n compite y qui\u00e9n no, entonces es muy dif\u00edcil establecer una l\u00ednea muy clara entre lo que es criminal y lo que es pol\u00edtico\u201d, afirma Manuel P\u00e9rez Aguirre, polit\u00f3logo que coordina la investigaci\u00f3n sobre violencia electoral del Seminario Violencia y Paz del Colegio de M\u00e9xico.<\/p>\n\n\n\n<p class=\"wp-block-paragraph\">Hay una larga historia de agitaci\u00f3n pol\u00edtica y social en Chiapas que precede a los \u00faltimos brotes de violencia relacionada con el crimen organizado. Seg\u00fan Breda, analista de ACLED, los enfrentamientos entre el Cartel de Sinaloa y el CJNG solo agravan las tensiones ya existentes.<\/p>\n\n\n\n<p class=\"wp-block-paragraph\">\u201cGran parte se deriva del conflicto intercomunal centrado en la tierra y, en algunos casos, est\u00e1 relacionado con una cultura pol\u00edtica y un estilo de liderazgo profundamente arraigados\u201d, dijo a InSight Crime.<\/p>\n\n\n\n<p class=\"wp-block-paragraph\">La regi\u00f3n de la Sierra Madre de Chiapas, por ejemplo, es rica en minerales como plata, oro, hierro, plomo y zinc, seg\u00fan <a href=\"https:\/\/www.sgm.gob.mx\/pdfs\/CHIAPAS.pdf\">datos del gobierno<\/a>. Esto ha provocado conflictos, especialmente en tiempos de cambio pol\u00edtico, entre los miembros de la comunidad que se oponen a la explotaci\u00f3n de esos recursos y los grupos criminales, pol\u00edticos y empresas que se benefician de su extracci\u00f3n.<\/p>\n\n\n\n<h2 class=\"wp-block-heading\" id=\"h-guerrero\">Guerrero<\/h2>\n\n\n\n<p class=\"wp-block-paragraph\">En un estado como Guerrero, en el caluroso y h\u00famedo sur de M\u00e9xico, el CJNG, los Guerreros Unidos, los Viagras, los Rojos, los Tlacos, los Ardillos, la Familia Michoacana y los Tequileros son parte de las docenas de grupos armados que luchan entre s\u00ed. Todos ellos pueden utilizar la violencia para cooptar las elecciones locales por una gran variedad de motivos.<\/p>\n\n\n\n<blockquote class=\"wp-block-quote is-layout-flow wp-block-quote-is-layout-flow\">\n<p class=\"wp-block-paragraph\"><mark style=\"background-color:rgba(0, 0, 0, 0)\" class=\"has-inline-color has-primary-color\"><strong>VEA TAMBI\u00c9N<\/strong>:<\/mark> <a href=\"https:\/\/insightcrime.org\/es\/noticias\/violencia-criminal-paraliza-estado-guerrero-mexico\/\" target=\"_blank\" rel=\"noreferrer noopener\">Violencia criminal paraliza al estado de Guerrero, M\u00e9xico<\/a><\/p>\n<\/blockquote>\n\n\n\n<p class=\"wp-block-paragraph\">En primer lugar, est\u00e1 la seguridad. Controlar a los pol\u00edticos locales no solo ayuda a los grupos criminales a comprar protecci\u00f3n e influencia, sino que tambi\u00e9n puede permitirles poner a las fuerzas de seguridad locales en contra de sus rivales criminales.<\/p>\n\n\n\n<p class=\"wp-block-paragraph\">\u201cLas autoridades municipales tienen voz y voto en la planificaci\u00f3n y aplicaci\u00f3n de las estrategias de seguridad a nivel local\u201d, explica Breda a InSight Crime. \u201cControlar y cooptar a quienes son elegidos a ese nivel significa m\u00e1s permisividad para el grupo al mando\u201d.<\/p>\n\n\n\n<p class=\"wp-block-paragraph\">Esto ayuda a sus actividades delictivas, que van mucho m\u00e1s all\u00e1 del control de las rutas del narcotr\u00e1fico. En Guerrero, los grupos delictivos dirigen lucrativos mercados locales de extorsi\u00f3n y venta de drogas en la calle, y desv\u00edan las ganancias de proyectos de infraestructura y de los sectores agr\u00edcola y minero del estado.<\/p>\n\n\n\n<p class=\"wp-block-paragraph\">\u201cCada vez m\u00e1s vemos que los grupos criminales tambi\u00e9n intentan controlar o hacerse con una parte de esos recursos [estatales]\u201d, afirma Breda.<\/p>\n\n\n\n<p class=\"wp-block-paragraph\">La violencia electoral no es nada nuevo en Guerrero, especialmente en el importante puerto mar\u00edtimo de Acapulco, la ciudad m\u00e1s grande del estado sure\u00f1o y a menudo una de las m\u00e1s violentas del pa\u00eds. La ciudad est\u00e1 conectada directamente con Ciudad de M\u00e9xico a trav\u00e9s de una carretera federal y es un objetivo de control clave para pol\u00edticos y grupos delictivos.<\/p>\n\n\n\n<p class=\"wp-block-paragraph\">Desde hace a\u00f1os, el crimen organizado utiliza esta ciudad de la costa del Pac\u00edfico para recibir cargamentos de coca\u00edna procedentes de Suram\u00e9rica, al tiempo que aprovecha la actividad econ\u00f3mica generada por el turismo para extorsionar y lavar dinero.<\/p>\n\n\n\n<h2 class=\"wp-block-heading\" id=\"h-michoacan\">Michoac\u00e1n<\/h2>\n\n\n\n<p class=\"wp-block-paragraph\">En los \u00faltimos a\u00f1os, el CJNG se ha expandido desde el norte de Michoac\u00e1n hacia la llamada regi\u00f3n de Tierra Caliente, un corredor estrat\u00e9gico para la producci\u00f3n de drogas sint\u00e9ticas y el trabajo agr\u00edcola. El expresidente Felipe Calder\u00f3n envi\u00f3 miles de soldados a este estado hace casi dos d\u00e9cadas para marcar el inicio de la fracasada \u00abguerra contra las drogas\u00bb del gobierno mexicano, que contin\u00faa en la actualidad.<\/p>\n\n\n\n<p class=\"wp-block-paragraph\">Desde entonces, la incursi\u00f3n del CJNG ha complicado a\u00fan m\u00e1s las din\u00e1micas alianzas que existen entre los que ostentan el poder pol\u00edtico, las fuerzas de seguridad y grupos delictivos como la Nueva Familia Michoacana, los Viagras y los remanentes de los Caballeros Templarios, que en ocasiones han operado junto a otros grupos independientes como los C\u00e1rteles Unidos.<\/p>\n\n\n\n<p class=\"wp-block-paragraph\">Las transiciones pol\u00edticas son un momento especialmente violento para estas reconfiguraciones. A finales de febrero, dos candidatos que compet\u00edan por convertirse en el pr\u00f3ximo alcalde de Maravat\u00edo, en el norte de Michoac\u00e1n, fueron asesinados a tiros con menos de 12 horas de diferencia. Al mes siguiente, m\u00e1s de una docena de aspirantes a presidentes municipales hab\u00edan optado por retirar sus candidaturas debido a las amenazas de muerte de grupos criminales organizados.<\/p>\n\n\n\n<div class=\"wp-block-media-text has-media-on-the-right is-stacked-on-mobile is-image-fill drop-shadow\" style=\"grid-template-columns:auto 15%\"><div class=\"wp-block-media-text__content\">\n<div style=\"height:16px\" aria-hidden=\"true\" class=\"wp-block-spacer\"><\/div>\n\n\n\n<h2 class=\"wp-block-heading has-text-color has-link-color wp-elements-3\" id=\"h-insights-cifras\" style=\"color:#1b4461;font-size:25px\">InSights cifras<\/h2>\n\n\n\n<p class=\"wp-block-paragraph\" style=\"font-size:16px\">Este art\u00edculo es parte de nuestra cobertura DataInSights, que analiza bancos de datos y datos cuantitativos relacionados con el crimen organizado en Am\u00e9rica Latina y el Caribe.<\/p>\n\n\n\n<div class=\"wp-block-buttons is-layout-flex wp-block-buttons-is-layout-flex\">\n<div class=\"wp-block-button\"><a class=\"wp-block-button__link has-text-color has-background has-link-color wp-element-button\" href=\"https:\/\/insightcrime.org\/es\/tag\/insight-cifras\/\" style=\"color:#ff8132;background-color:#1b4461\" target=\"_blank\" rel=\"noreferrer noopener\">Ver  los art\u00edculos<\/a><\/div>\n<\/div>\n\n\n\n<div style=\"height:26px\" aria-hidden=\"true\" class=\"wp-block-spacer\"><\/div>\n<\/div><figure class=\"wp-block-media-text__media\" style=\"background-image:url(https:\/\/insightcrime.org\/wp-content\/uploads\/2023\/06\/Cover-DataInSights-Latin-Americas-Homicide-Hotspots-InSightCrime-1024x589.jpg);background-position:50% 50%\"><a href=\"https:\/\/insightcrime.org\/es\/tag\/insight-cifras\/\" target=\"_blank\" rel=\"noreferrer noopener\"><img data-recalc-dims=\"1\" loading=\"lazy\" decoding=\"async\" width=\"1024\" height=\"589\" src=\"https:\/\/i0.wp.com\/insightcrime.org\/wp-content\/uploads\/2023\/06\/Cover-DataInSights-Latin-Americas-Homicide-Hotspots-InSightCrime.jpg?resize=1024%2C589&#038;quality=100&#038;ssl=1\" alt=\"\" class=\"wp-image-279349 size-full\" srcset=\"https:\/\/i0.wp.com\/insightcrime.org\/wp-content\/uploads\/2023\/06\/Cover-DataInSights-Latin-Americas-Homicide-Hotspots-InSightCrime.jpg?resize=1024%2C589&amp;quality=100&amp;ssl=1 1024w, https:\/\/i0.wp.com\/insightcrime.org\/wp-content\/uploads\/2023\/06\/Cover-DataInSights-Latin-Americas-Homicide-Hotspots-InSightCrime.jpg?resize=300%2C172&amp;quality=100&amp;ssl=1 300w, https:\/\/i0.wp.com\/insightcrime.org\/wp-content\/uploads\/2023\/06\/Cover-DataInSights-Latin-Americas-Homicide-Hotspots-InSightCrime.jpg?resize=768%2C441&amp;quality=100&amp;ssl=1 768w, https:\/\/i0.wp.com\/insightcrime.org\/wp-content\/uploads\/2023\/06\/Cover-DataInSights-Latin-Americas-Homicide-Hotspots-InSightCrime.jpg?resize=1200%2C690&amp;quality=100&amp;ssl=1 1200w, https:\/\/i0.wp.com\/insightcrime.org\/wp-content\/uploads\/2023\/06\/Cover-DataInSights-Latin-Americas-Homicide-Hotspots-InSightCrime.jpg?resize=400%2C230&amp;quality=100&amp;ssl=1 400w, https:\/\/i0.wp.com\/insightcrime.org\/wp-content\/uploads\/2023\/06\/Cover-DataInSights-Latin-Americas-Homicide-Hotspots-InSightCrime.jpg?resize=706%2C406&amp;quality=100&amp;ssl=1 706w, https:\/\/i0.wp.com\/insightcrime.org\/wp-content\/uploads\/2023\/06\/Cover-DataInSights-Latin-Americas-Homicide-Hotspots-InSightCrime.jpg?w=1336&amp;quality=100&amp;ssl=1 1336w, https:\/\/i0.wp.com\/insightcrime.org\/wp-content\/uploads\/2023\/06\/Cover-DataInSights-Latin-Americas-Homicide-Hotspots-InSightCrime-1024x589.jpg?w=370&amp;quality=100&amp;ssl=1 370w\" sizes=\"auto, (max-width: 1000px) 100vw, 1000px\" \/><\/a><\/figure><\/div>\n\n\n\n<p class=\"wp-block-paragraph\">Este a\u00f1o, algunos habitantes dijeron a InSight Crime que sent\u00edan que la violencia electoral no paraba.<\/p>\n\n\n\n<p class=\"wp-block-paragraph\">\u201cLos grupos delincuenciales quieren tener el control absoluto sobre las poblaciones y poner candidatos que les sean obedientes\u201d, afirm\u00f3 un sacerdote que trabaja en esta zona en disputa, y que habl\u00f3 con InSight Crime bajo condici\u00f3n de anonimato por motivos de seguridad.<\/p>\n\n\n\n<p class=\"wp-block-paragraph\">La cooptaci\u00f3n de pol\u00edticos locales se ha convertido en una de sus principales actividades delictivas, junto con la extorsi\u00f3n, a\u00f1adi\u00f3, lo que no solo les proporciona protecci\u00f3n frente a las fuerzas de seguridad, sino tambi\u00e9n influencia sobre la gesti\u00f3n de los recursos municipales.<\/p>\n\n\n\n<p class=\"wp-block-paragraph\">Aunque puede que los presupuestos municipales no sean significativos en comparaci\u00f3n con los fondos estatales o federales, poder dictar c\u00f3mo se gastan puede ser importante para los delincuentes locales. \u201cTienes millones de pesos a tu disposici\u00f3n, no hay muchos controles, no hay mucha rendici\u00f3n de cuentas, realmente que se pueda hacer\u201d, dijo P\u00e9rez Aguirre, el polit\u00f3logo.<\/p>\n\n\n\n<p class=\"wp-block-paragraph\">Adem\u00e1s del narcotr\u00e1fico y la extorsi\u00f3n, los grupos delictivos se han dado cuenta de que pueden utilizar su influencia municipal para establecer su propio tipo de \u201cgobierno bajo las sombras\u201d, a\u00f1adi\u00f3. Esto crea un incentivo a\u00fan mayor para utilizar la violencia selectiva con el fin de influir en el resultado de esas elecciones.<\/p>\n\n\n\n<p class=\"wp-block-paragraph\">Lejos de las capitales de los estados y de los centros urbanos que son el centro de la atenci\u00f3n internacional, sacerdotes como el que habl\u00f3 con InSight Crime en la zona rural de Michoac\u00e1n luchan por ver un camino a seguir.<\/p>\n\n\n\n<p class=\"wp-block-paragraph\">\u201cCasi todos los d\u00edas hay asesinatos, desapariciones y secuestros\u201d, explic\u00f3. \u201cMucha gente mejor se va\u201d.&nbsp;<\/p>\n\n\n\n<p class=\"wp-block-paragraph\">La violencia continu\u00f3 incluso despu\u00e9s del cierre de las urnas el 2 de junio. Yolanda S\u00e1nchez Figueroa, presidenta municipal de Cotija, fue <a href=\"https:\/\/x.com\/SdeGobMich\/status\/1797838245361037589\" target=\"_blank\" rel=\"noreferrer noopener\">asesinada<\/a> cerca de la plaza principal de la ciudad el d\u00eda siguiente, menos de un a\u00f1o despu\u00e9s de que operativos del CJNG la secuestraran en el vecino estado de Jalisco.<\/p>\n\n\n\n<p class=\"wp-block-paragraph\">Puede que las elecciones hayan terminado, pero la transici\u00f3n del poder pol\u00edtico a finales de este a\u00f1o, cuando los nuevos funcionarios electos, as\u00ed como la presidenta Claudia Sheinbaum, tomen posesi\u00f3n de sus cargos, sugiere que la violencia podr\u00eda continuar.<\/p>\n","protected":false},"excerpt":{"rendered":"<p>Los candidatos en estados estrat\u00e9gicos para el crimen organizado, como Chiapas, Guerrero y Michoac\u00e1n, fueron testigos de un estallido de violencia en este ciclo electoral en M\u00e9xico, poniendo de relieve c\u00f3mo los grupos criminales y otros actores poderosos intentan influenciar las elecciones para mantener el control pese a las reconfiguraciones pol\u00edticas.<\/p>\n","protected":false},"author":90,"featured_media":277379,"comment_status":"closed","ping_status":"closed","sticky":false,"template":"single-feature.php","format":"standard","meta":{"newspack_ads_suppress_ads":false,"newspack_popups_has_disabled_popups":false,"newspack_sponsor_sponsorship_scope":"","newspack_sponsor_native_byline_display":"inherit","newspack_sponsor_native_category_display":"inherit","newspack_sponsor_underwriter_style":"inherit","newspack_sponsor_underwriter_placement":"inherit","_EventAllDay":false,"_EventTimezone":"","_EventStartDate":"","_EventEndDate":"","_EventStartDateUTC":"","_EventEndDateUTC":"","_EventShowMap":false,"_EventShowMapLink":false,"_EventURL":"","_EventCost":"","_EventCostDescription":"","_EventCurrencySymbol":"","_EventCurrencyCode":"","_EventCurrencyPosition":"","_EventDateTimeSeparator":"","_EventTimeRangeSeparator":"","_EventOrganizerID":[],"_EventVenueID":[],"_OrganizerEmail":"","_OrganizerPhone":"","_OrganizerWebsite":"","_VenueAddress":"","_VenueCity":"","_VenueCountry":"","_VenueProvince":"","_VenueState":"","_VenueZip":"","_VenuePhone":"","_VenueURL":"","_VenueStateProvince":"","_VenueLat":"","_VenueLng":"","_VenueShowMap":false,"_VenueShowMapLink":false,"_newspack_byline_active":false,"_newspack_byline":"","newspack_hide_updated_date":false,"newspack_show_updated_date":false,"newspack_featured_image_position":"above","newspack_post_subtitle":"","newspack_article_summary_title":"Overview:","newspack_article_summary":"","_jetpack_memberships_contains_paid_content":false,"footnotes":""},"categories":[759],"tags":[483,396,4548,4696,447,452,455,4551,406,438],"newspack_spnsrs_tax":[],"coauthors":[4065],"class_list":["post-277384","post","type-post","status-publish","format-standard","has-post-thumbnail","hentry","category-noticias","tag-cartel-de-jalisco","tag-cartel-de-sinaloa","tag-elecciones-crimen-organizado","tag-elecciones-crimen-mexico","tag-elites-y-crimen-organizado","tag-homicidios","tag-infografias","tag-insight-cifras","tag-mexico-pais","tag-politicas-de-seguridad","entry"],"parsely":{"version":"1.1.0","canonical_url":"https:\/\/insightcrime.org\/es\/noticias\/extrema-violencia-electoral-mexico-explicada\/","smart_links":{"inbound":0,"outbound":0},"traffic_boost_suggestions_count":0,"meta":{"@context":"https:\/\/schema.org","@type":"NewsArticle","headline":"La extrema violencia electoral de M\u00e9xico explicada","url":"http:\/\/insightcrime.org\/es\/noticias\/extrema-violencia-electoral-mexico-explicada\/","mainEntityOfPage":{"@type":"WebPage","@id":"http:\/\/insightcrime.org\/es\/noticias\/extrema-violencia-electoral-mexico-explicada\/"},"thumbnailUrl":"https:\/\/i0.wp.com\/insightcrime.org\/wp-content\/uploads\/2024\/06\/Cover-Data-Graphics-Political-violence-in-Mexico-InSightCrime.jpg?resize=150%2C150&quality=100&ssl=1","image":{"@type":"ImageObject","url":"https:\/\/i0.wp.com\/insightcrime.org\/wp-content\/uploads\/2024\/06\/Cover-Data-Graphics-Political-violence-in-Mexico-InSightCrime.jpg?fit=1336%2C768&quality=100&ssl=1"},"articleSection":"Noticias","author":[{"@type":"Person","name":"Parker Asmann"}],"creator":["Parker Asmann"],"publisher":{"@type":"Organization","name":"InSight Crime","logo":"https:\/\/insightcrime.org\/wp-content\/uploads\/2023\/08\/logo.png"},"keywords":["cartel de jalisco","cartel de sinaloa","elecciones y crimen","elecciones y crimen: m\u00e9xico","\u00e9lites y crimen","homicidios","infograf\u00edas","insight cifras","m\u00e9xico","pol\u00edticas de seguridad"],"dateCreated":"2024-06-04T17:01:04Z","datePublished":"2024-06-04T17:01:04Z","dateModified":"2024-08-29T11:49:18Z"},"rendered":"<meta name=\"parsely-title\" content=\"La extrema violencia electoral de M\u00e9xico explicada\" \/>\n<meta name=\"parsely-link\" content=\"http:\/\/insightcrime.org\/es\/noticias\/extrema-violencia-electoral-mexico-explicada\/\" \/>\n<meta name=\"parsely-type\" content=\"post\" \/>\n<meta name=\"parsely-image-url\" content=\"https:\/\/i0.wp.com\/insightcrime.org\/wp-content\/uploads\/2024\/06\/Cover-Data-Graphics-Political-violence-in-Mexico-InSightCrime.jpg?resize=150%2C150&amp;quality=100&amp;ssl=1\" \/>\n<meta name=\"parsely-pub-date\" content=\"2024-06-04T17:01:04Z\" \/>\n<meta name=\"parsely-section\" content=\"Noticias\" \/>\n<meta name=\"parsely-tags\" content=\"cartel de jalisco,cartel de sinaloa,elecciones y crimen,elecciones y crimen: m\u00e9xico,\u00e9lites y crimen,homicidios,infograf\u00edas,insight cifras,m\u00e9xico,pol\u00edticas de seguridad\" \/>\n<meta name=\"parsely-author\" content=\"Parker Asmann\" \/>","tracker_url":"https:\/\/cdn.parsely.com\/keys\/insightcrime.org\/p.js"},"jetpack_sharing_enabled":true,"jetpack-related-posts":[{"id":232579,"url":"https:\/\/insightcrime.org\/es\/noticias\/criminales-violencia-electoral-mexico-brasil\/","url_meta":{"origin":277384,"position":0},"title":"Grupos criminales usan violencia electoral en M\u00e9xico y Brasil, seg\u00fan estudio","author":"Christopher Newton","date":"29 de junio de 2023","format":false,"excerpt":"Los actos de violencia dirigidos directamente contra representantes de gobierno son m\u00e1s comunes en M\u00e9xico y Brasil que en otros lugares el mundo.","rel":"","context":"En \u00abNoticias\u00bb","block_context":{"text":"Noticias","link":"https:\/\/insightcrime.org\/es\/category\/noticias\/"},"img":{"alt_text":"Un polic\u00eda armado en uno de los barrios de Brasil, conocidos como favelas","src":"https:\/\/i0.wp.com\/insightcrime.org\/wp-content\/uploads\/2023\/09\/18-04-17-Brazil-Militias.jpeg?fit=350%2C250&quality=100&ssl=1&resize=350%2C200","width":350,"height":200},"classes":[]},{"id":265352,"url":"https:\/\/insightcrime.org\/es\/noticias\/elecciones-2024-mexico-podrian-detonar-violentos-reacomodos-criminales\/","url_meta":{"origin":277384,"position":1},"title":"Elecciones de 2024 en M\u00e9xico podr\u00edan detonar violentos reacomodos criminales","author":"Parker Asmann","date":"15 de enero de 2024","format":false,"excerpt":"El panorama criminal de M\u00e9xico, cada vez m\u00e1s diverso y horizontal, podr\u00eda entrar en un periodo de agitaci\u00f3n violenta a ra\u00edz de los cambios pol\u00edticos derivados de las elecciones federales previstas para junio de 2024, seg\u00fan un informe que se publicar\u00e1 pr\u00f3ximamente.","rel":"","context":"En \u00abNoticias\u00bb","block_context":{"text":"Noticias","link":"https:\/\/insightcrime.org\/es\/category\/noticias\/"},"img":{"alt_text":"","src":"https:\/\/i0.wp.com\/insightcrime.org\/wp-content\/uploads\/2024\/01\/2024-01-12-Mexico-2024-Election-Cycle.jpeg?fit=350%2C250&quality=100&ssl=1&resize=350%2C200","width":350,"height":200},"classes":[]},{"id":298313,"url":"https:\/\/insightcrime.org\/es\/noticias\/gamechangers-2024-crimen-organizado-vuelve-politico\/","url_meta":{"origin":277384,"position":2},"title":"GameChangers 2024: El crimen organizado se vuelve pol\u00edtico","author":"Mike LaSusa","date":"30 de diciembre de 2024","format":false,"excerpt":"En este \u00faltimo a\u00f1o, las organizaciones criminales demostraron que representan una amenaza creciente para la democracia en Am\u00e9rica Latina y el Caribe, pues ejercieron una nefasta influencia sobre varias elecciones y situaciones pol\u00edticas en toda la regi\u00f3n.\u00a0","rel":"","context":"En \u00abNoticias\u00bb","block_context":{"text":"Noticias","link":"https:\/\/insightcrime.org\/es\/category\/noticias\/"},"img":{"alt_text":"","src":"https:\/\/i0.wp.com\/insightcrime.org\/wp-content\/uploads\/2024\/12\/3-Gamechangers-2024-OC-Gets-Political-1-1.jpg?fit=1200%2C576&quality=100&ssl=1&resize=350%2C200","width":350,"height":200,"srcset":"https:\/\/i0.wp.com\/insightcrime.org\/wp-content\/uploads\/2024\/12\/3-Gamechangers-2024-OC-Gets-Political-1-1.jpg?fit=1200%2C576&quality=100&ssl=1&resize=350%2C200 1x, https:\/\/i0.wp.com\/insightcrime.org\/wp-content\/uploads\/2024\/12\/3-Gamechangers-2024-OC-Gets-Political-1-1.jpg?fit=1200%2C576&quality=100&ssl=1&resize=525%2C300 1.5x, https:\/\/i0.wp.com\/insightcrime.org\/wp-content\/uploads\/2024\/12\/3-Gamechangers-2024-OC-Gets-Political-1-1.jpg?fit=1200%2C576&quality=100&ssl=1&resize=700%2C400 2x, https:\/\/i0.wp.com\/insightcrime.org\/wp-content\/uploads\/2024\/12\/3-Gamechangers-2024-OC-Gets-Political-1-1.jpg?fit=1200%2C576&quality=100&ssl=1&resize=1050%2C600 3x"},"classes":[]},{"id":295129,"url":"https:\/\/insightcrime.org\/es\/noticias\/dinero-violencia-crimen-organizado-controlar-elecciones-municipales-brasil\/","url_meta":{"origin":277384,"position":3},"title":"Dinero y violencia: El crimen organizado lucha por controlar las elecciones municipales en Brasil","author":"Lara Loaiza","date":"25 de octubre de 2024","format":false,"excerpt":"Con la segunda vuelta de las elecciones municipales de Brasil programada para el 27 de octubre, los grupos criminales est\u00e1n utilizando nuevos m\u00e9todos financieros para influir en los resultados, adem\u00e1s de la violencia que han empleado tradicionalmente para intervenir en la escena pol\u00edtica.","rel":"","context":"En \u00abNoticias\u00bb","block_context":{"text":"Noticias","link":"https:\/\/insightcrime.org\/es\/category\/noticias\/"},"img":{"alt_text":"","src":"https:\/\/i0.wp.com\/insightcrime.org\/wp-content\/uploads\/2024\/10\/Data-InSights-Electoral-Violence-Oct-2024.jpg?fit=1200%2C690&quality=100&ssl=1&resize=350%2C200","width":350,"height":200,"srcset":"https:\/\/i0.wp.com\/insightcrime.org\/wp-content\/uploads\/2024\/10\/Data-InSights-Electoral-Violence-Oct-2024.jpg?fit=1200%2C690&quality=100&ssl=1&resize=350%2C200 1x, https:\/\/i0.wp.com\/insightcrime.org\/wp-content\/uploads\/2024\/10\/Data-InSights-Electoral-Violence-Oct-2024.jpg?fit=1200%2C690&quality=100&ssl=1&resize=525%2C300 1.5x, https:\/\/i0.wp.com\/insightcrime.org\/wp-content\/uploads\/2024\/10\/Data-InSights-Electoral-Violence-Oct-2024.jpg?fit=1200%2C690&quality=100&ssl=1&resize=700%2C400 2x, https:\/\/i0.wp.com\/insightcrime.org\/wp-content\/uploads\/2024\/10\/Data-InSights-Electoral-Violence-Oct-2024.jpg?fit=1200%2C690&quality=100&ssl=1&resize=1050%2C600 3x"},"classes":[]},{"id":232570,"url":"https:\/\/insightcrime.org\/es\/noticias\/politica-venezuela-grupos-armados-escenario-electoral\/","url_meta":{"origin":277384,"position":4},"title":"Pol\u00edticas de seguridad para Venezuela: grupos armados en el escenario electoral\u00a0","author":"Unidad Investigativa de Venezuela","date":"6 de julio de 2023","format":false,"excerpt":"Por tercera vez consecutiva, Nicol\u00e1s Maduro busca ser reelegido como presidente de la Rep\u00fablica Bolivariana de Venezuela en unas elecciones que est\u00e1n programadas para finales de 2024. Si se repite la tendencia de las dos elecciones presidenciales previas, es muy probable que grupos armados y redes criminales afines al gobierno\u2026","rel":"","context":"En \u00abNoticias\u00bb","block_context":{"text":"Noticias","link":"https:\/\/insightcrime.org\/es\/category\/noticias\/"},"img":{"alt_text":"","src":"https:\/\/i0.wp.com\/insightcrime.org\/wp-content\/uploads\/2023\/09\/IMG_7089-1.jpg?fit=1200%2C690&quality=100&ssl=1&resize=350%2C200","width":350,"height":200,"srcset":"https:\/\/i0.wp.com\/insightcrime.org\/wp-content\/uploads\/2023\/09\/IMG_7089-1.jpg?fit=1200%2C690&quality=100&ssl=1&resize=350%2C200 1x, https:\/\/i0.wp.com\/insightcrime.org\/wp-content\/uploads\/2023\/09\/IMG_7089-1.jpg?fit=1200%2C690&quality=100&ssl=1&resize=525%2C300 1.5x, https:\/\/i0.wp.com\/insightcrime.org\/wp-content\/uploads\/2023\/09\/IMG_7089-1.jpg?fit=1200%2C690&quality=100&ssl=1&resize=700%2C400 2x, https:\/\/i0.wp.com\/insightcrime.org\/wp-content\/uploads\/2023\/09\/IMG_7089-1.jpg?fit=1200%2C690&quality=100&ssl=1&resize=1050%2C600 3x"},"classes":[]},{"id":266031,"url":"https:\/\/insightcrime.org\/es\/noticias\/crimen-organizado-principal-riesgo-ano-electoral-america-latina\/","url_meta":{"origin":277384,"position":5},"title":"Crimen organizado, principal riesgo en un a\u00f1o electoral cr\u00edtico para Am\u00e9rica Latina","author":"Sam Woolston","date":"24 de enero de 2024","format":false,"excerpt":"El crimen organizado y la inseguridad son los principales riesgos pol\u00edticos que enfrenta Am\u00e9rica Latina en 2024, un a\u00f1o electoral crucial, seg\u00fan un nuevo informe que subraya la compleja situaci\u00f3n de seguridad a la que se enfrentar\u00e1n los nuevos l\u00edderes electos.","rel":"","context":"En \u00abNoticias\u00bb","block_context":{"text":"Noticias","link":"https:\/\/insightcrime.org\/es\/category\/noticias\/"},"img":{"alt_text":"A man casts his vote in Mexico Un hombre deposita su voto en M\u00e9xico","src":"https:\/\/i0.wp.com\/insightcrime.org\/wp-content\/uploads\/2023\/08\/Option-III.jpeg?fit=350%2C250&quality=100&ssl=1&resize=350%2C200","width":350,"height":200},"classes":[]}],"jetpack_featured_media_url":"https:\/\/i0.wp.com\/insightcrime.org\/wp-content\/uploads\/2024\/06\/Cover-Data-Graphics-Political-violence-in-Mexico-InSightCrime.jpg?fit=1336%2C768&quality=100&ssl=1","_links":{"self":[{"href":"https:\/\/insightcrime.org\/es\/wp-json\/wp\/v2\/posts\/277384","targetHints":{"allow":["GET"]}}],"collection":[{"href":"https:\/\/insightcrime.org\/es\/wp-json\/wp\/v2\/posts"}],"about":[{"href":"https:\/\/insightcrime.org\/es\/wp-json\/wp\/v2\/types\/post"}],"author":[{"embeddable":true,"href":"https:\/\/insightcrime.org\/es\/wp-json\/wp\/v2\/users\/90"}],"replies":[{"embeddable":true,"href":"https:\/\/insightcrime.org\/es\/wp-json\/wp\/v2\/comments?post=277384"}],"version-history":[{"count":8,"href":"https:\/\/insightcrime.org\/es\/wp-json\/wp\/v2\/posts\/277384\/revisions"}],"predecessor-version":[{"id":289854,"href":"https:\/\/insightcrime.org\/es\/wp-json\/wp\/v2\/posts\/277384\/revisions\/289854"}],"wp:featuredmedia":[{"embeddable":true,"href":"https:\/\/insightcrime.org\/es\/wp-json\/wp\/v2\/media\/277379"}],"wp:attachment":[{"href":"https:\/\/insightcrime.org\/es\/wp-json\/wp\/v2\/media?parent=277384"}],"wp:term":[{"taxonomy":"category","embeddable":true,"href":"https:\/\/insightcrime.org\/es\/wp-json\/wp\/v2\/categories?post=277384"},{"taxonomy":"post_tag","embeddable":true,"href":"https:\/\/insightcrime.org\/es\/wp-json\/wp\/v2\/tags?post=277384"},{"taxonomy":"newspack_spnsrs_tax","embeddable":true,"href":"https:\/\/insightcrime.org\/es\/wp-json\/wp\/v2\/newspack_spnsrs_tax?post=277384"},{"taxonomy":"author","embeddable":true,"href":"https:\/\/insightcrime.org\/es\/wp-json\/wp\/v2\/coauthors?post=277384"}],"curies":[{"name":"wp","href":"https:\/\/api.w.org\/{rel}","templated":true}]}}