{"id":28649,"date":"2017-03-28T14:08:50","date_gmt":"2017-09-13T23:50:00","guid":{"rendered":"https:\/\/insightcrime.org\/?p=28649"},"modified":"2023-04-24T15:58:15","modified_gmt":"2023-04-24T20:58:15","slug":"guerrero-mexico-no-puede-enfrentar-crimen-organizado-fiscal-general-estado","status":"publish","type":"post","link":"https:\/\/insightcrime.org\/es\/noticias\/noticias-del-dia\/guerrero-mexico-no-puede-enfrentar-crimen-organizado-fiscal-general-estado\/","title":{"rendered":"Guerrero, M\u00e9xico, no puede enfrentar el crimen organizado: fiscal general del estado"},"content":{"rendered":"\n<p class=\"wp-block-paragraph\">El estado de Guerrero al sur de M\u00e9xico no tiene la \u201ccapacidad de enfrentar el crimen organizado\u201d, seg\u00fan su fiscal general, Xavier Olea. Sus comentarios ponen de relieve un problema de siempre en la regi\u00f3n: sistemas de justicia ineficientes invadidos de corrupci\u00f3n, incapaces de manejar los problemas de delincuencia que enfrentan.<\/p>\n\n\n\n<p class=\"wp-block-paragraph\">Guerrero es uno de los estados m\u00e1s violentos de M\u00e9xico y es un eje importante de producci\u00f3n y tr\u00e1fico de hero\u00edna. Las arterias del sistema de justicia del estado est\u00e1n \u201cmuy tapadas\u201d, su coraz\u00f3n tiene \u201cmucha grasa\u201d y los intentos de librarlo de la corrupci\u00f3n son como tratar de realizar una \u201coperaci\u00f3n a coraz\u00f3n abierto\u201d, seg\u00fan comentarios hechos por Olea en <a href=\"https:\/\/internacional.elpais.com\/internacional\/2017\/03\/27\/mexico\/1490567188_594527.html\" target=\"_blank\">una entrevista reciente con el peri\u00f3dico espa\u00f1ol El Pa\u00eds<\/a>.<\/p>\n\n\n\n<p class=\"wp-block-paragraph\">Con apenas 400 polic\u00edas investigadores estatales para todo Guerrero, Olea afirma que simplemente no tiene los medios para abatir las c\u00e9lulas del crimen organizado que son ahora la ley de facto en algunas zonas de la regi\u00f3n.<\/p>\n\n\n\n<p class=\"wp-block-paragraph\">Por a\u00f1os las autoridades mexicanas han luchado por ganar control de Guerrero, y tanto el Ej\u00e9rcito mexicano como la Polic\u00eda Federal tienen presencia importante en la regi\u00f3n junto a los organismos de orden p\u00fablico locales.<\/p>\n\n\n\n<p class=\"wp-block-paragraph\">Las tasas de homicidios, que pasaron de 2.016 en el a\u00f1o 2015 a 2.213 en 2016, son <a href=\"\/noticias\/analisis\/mas-de-la-mitad-de-los-homicidios-en-mexico-son-perpetrados-por-el-crimen-organizado-informe\" target=\"_blank\">unas de las m\u00e1s elevadas del pa\u00eds<\/a>. <a href=\"https:\/\/www.opensocietyfoundations.org\/sites\/default\/files\/broken-justice-mexicos-guerrero-state-eng-20150826.pdf\" target=\"_blank\">La impunidad y la corrupci\u00f3n son generalizadas<\/a>, y pese a la creaci\u00f3n de <a href=\"https:\/\/www.milenio.com\/policia\/disputan-Guerrero-bandas-criminales-violencia-celulas-organizaciones-delictivas_0_669533061.html\" target=\"_blank\">cerca de 50 grupos criminales<\/a>, las autoridades han sido incapaces de revertir el deterioro de la situaci\u00f3n de seguridad.<\/p>\n\n\n\n<h3 class=\"wp-block-heading\">An\u00e1lisis de InSight Crime<\/h3>\n\n\n\n<p class=\"wp-block-paragraph\">Los comentarios m\u00e1s recientes del fiscal general de Guerrero confirman el limitado impacto de las estrategias de seguridad en la regi\u00f3n hasta el momento, y tambi\u00e9n muestran la falta de recursos de que disponen los funcionarios responsables de hacer las mejoras. Los comentarios de Olea tambi\u00e9n tienen un elemento pol\u00edtico, y pueden ser parte de un pedido de m\u00e1s fondos federales para sus labores de seguridad.<\/p>\n\n\n\n<p class=\"wp-block-paragraph\">En los \u00faltimos a\u00f1os, Guerrero se ha convertido en motivo de verg\u00fcenza para los gobiernos local y federal, y es del inter\u00e9s de ambos que mejoren los asuntos en el estado sure\u00f1o mexicano.<\/p>\n\n\n\n<p class=\"wp-block-paragraph\">El a\u00f1o pasado, Olea declar\u00f3 que hab\u00eda <a href=\"https:\/\/www.milenio.com\/policia\/disputan-Guerrero-bandas-criminales-violencia-celulas-organizaciones-delictivas_0_669533061.html\" target=\"_blank\">cerca de 50 grupos criminales<\/a>&nbsp;diferentes operando en Guerrero. Eso es posible debido en parte a un proceso de fragmentaci\u00f3n criminal que se arraig\u00f3 luego del <a href=\"\/noticias\/analisis\/divisiones-pandillas-coinciden-aumento-secuestros-estados-mexico\" target=\"_blank\">debilitamiento, desde 2009, de la Organizaci\u00f3n Beltr\u00e1n Leyva<\/a>, que fuera en una \u00e9poca el grupo dominante en esa parte de la Costa Pac\u00edfica. Pero el d\u00e9bil sistema de justicia tambi\u00e9n promueve la criminalidad garantizando impunidad para muchos de los perpetradores del tipo de delitos que azotan a Guerrero, entre ellos el secuestro, el homicidio y la extorsi\u00f3n.<\/p>\n\n\n\n<p class=\"wp-block-paragraph\"><strong><span style=\"color: #800000\">VEA TAMBI\u00c9N<\/span><\/strong>: <a href=\"\/component\/tags\/tag\/351-organizacion-beltran-leyva\" target=\"_blank\">Cobertura sobre la Organizaci\u00f3n Beltr\u00e1n Leyva<\/a><\/p>\n\n\n\n<p class=\"wp-block-paragraph\">Muchos casos emblem\u00e1ticos del poder del crimen organizado en M\u00e9xico y la naturaleza problem\u00e1tica de la actual ofensiva militar del gobierno se han desplegado en este empobrecido estado rural.<\/p>\n\n\n\n<p class=\"wp-block-paragraph\">En 2014, <a href=\"\/noticias\/analisis\/dos-anos-despues-caso-no-resuelto-iguala-recalca-fallas-seguridad-mexico\" target=\"_blank\">43 estudiantes fueron detenidos ilegalmente<\/a> en la ciudad de Iguala y al parecer asesinados en un caso que implic\u00f3 a la polic\u00eda federal y al ej\u00e9rcito, junto con las fuerzas de seguridad municipales, que trabajaban directamente con la pandilla <a href=\"\/noticias-sobre-crimen-organizado-en-mexico\/guerreros-unidos\" target=\"_blank\">Guerreros Unidos<\/a>. La investigaci\u00f3n federal sobre el hecho ha queda en<a href=\"\/noticias\/noticias-del-dia\/forenses-desacreditan-investigacion-mexico-caso-estudiantes-desaparecidos\" target=\"_blank\"> descr\u00e9dito<\/a> tanto en el pa\u00eds como en el exterior, y ha sido uno de los <a href=\"\/noticias\/analisis\/cifras-muestran-que-mexico-esta-perdiendo-su-lucha-contra-el-crimen-organizado\" target=\"_blank\">mayores dolores de cabeza<\/a> para el presidente Enrique Pe\u00f1a Nieto y su administraci\u00f3n.<\/p>\n\n\n\n<p class=\"wp-block-paragraph\">Acapulco, una de las atracciones tur\u00edsticas m\u00e1s importantes de M\u00e9xico, se ha convertido en campo de batalla entre diferentes bandas criminales, que en marzo llevaron a un operador internacional de cruceros a <a href=\"https:\/\/www.usatoday.com\/story\/travel\/cruises\/2017\/03\/23\/holland-america-acapulco-calls\/99546272\/\" target=\"_blank\">sacar la ciudad de su lista<\/a> de estaciones portuarias. Los grupos de autodefensa en varias partes del estado se han <a href=\"\/noticias\/noticias-del-dia\/grupos-autodefensa-epicentro-heroina-mexico-acusan-narcos\" target=\"_blank\">acusado entre s\u00ed<\/a> de funcionar como brazo armado de diferentes organizaciones criminales; otros <a href=\"\/noticias\/noticias-del-dia\/autodefensas-mexico-retienen-madre-jefe-criminal-como-parte-intercambio-rehenes\" target=\"_blank\">han aceptado las mafias secuestradoras locales<\/a>. Varias ciudades han <a href=\"\/noticias\/noticias-del-dia\/conflicto-entre-criminales-recrudece-guerrero-mexico-bajo-mirada-autoridades\" target=\"_blank\">quedado cautivas durante d\u00edas<\/a> por pandillas criminales, que secuestran a hombres j\u00f3venes en masa.<\/p>\n\n\n\n<p class=\"wp-block-paragraph\">Los civiles <a href=\"\/noticias\/analisis\/buscadores-fosas-guerrero-volverte-perro-encontrar-tu-hijo\" target=\"_blank\">peinan las monta\u00f1as y colinas<\/a> de la zona rural en busca de fosas clandestinas u otras se\u00f1ales de sus seres queridos desaparecidos, una reacci\u00f3n a la indiferencia y la inacci\u00f3n de las autoridades. Desapariciones, secuestros y \u201clevantones\u201d (captura de personas por grupos armados) son pan de cada d\u00eda.<\/p>\n\n\n\n<p class=\"wp-block-paragraph\">Entre tanto, los campesinos sumidos en la pobreza se han <a href=\"\/noticias\/noticias-del-dia\/informe-documenta-rol-guerrero-como-capital-amapola-mexico\" target=\"_blank\">centrado en el cultivo de amapola de opio<\/a> en lotes clandestinos que salpican las monta\u00f1as por todo el estado, que alimentan <a href=\"\/noticias\/analisis\/recorrido-trafico-heroina-nuevo-mexico\" target=\"_blank\">la fiebre de la hero\u00edna<\/a> en Estados Unidos y la violencia y la inseguridad en M\u00e9xico.<\/p>\n\n\n\n<p class=\"wp-block-paragraph\">El gobernador de Guerrero H\u00e9ctor Astudillo ha <a href=\"\/noticias\/noticias-del-dia\/gobernador-estado-guerrero-mexico-vuelve-pedir-legalizacion-amapola\" target=\"_blank\">propuesto legalizar el cultivo de amapola de opio<\/a> para usos m\u00e9dicos como estrategia alternativa para reducir la violencia que azota al estado. Pero no solo es improbable que haya legalizaci\u00f3n, tambi\u00e9n se ignora la necesidad de programas amplios de reducci\u00f3n de la pobreza y la creaci\u00f3n de alternativas econ\u00f3micas viables para las comunidades que dependen financieramente de la venta de la goma de opio al crimen organizado.<\/p>\n\n\n\n<p class=\"wp-block-paragraph\">A menos que el gobierno cambie de t\u00e1ctica en los planos estatal y federal, hay poca esperanza de mejor\u00eda para la situaci\u00f3n de seguridad en Guerrero. M\u00e1s bien, lo que parece m\u00e1s probable es un deterioro progresivo de la situaci\u00f3n.&nbsp;<\/p>\n","protected":false},"excerpt":{"rendered":"<p>El estado de Guerrero al sur de M\u00e9xico no tiene la \u00abcapacidad de enfrentar el crimen organizado\u00bb, seg\u00fan su fiscal general, Xavier Olea. Sus comentarios ponen de relieve un problema de siempre en la regi\u00f3n: sistemas de justicia ineficientes invadidos de corrupci\u00f3n, incapaces de manejar los problemas de delincuencia que enfrentan.<\/p>\n","protected":false},"author":75,"featured_media":46218,"comment_status":"closed","ping_status":"closed","sticky":false,"template":"","format":"standard","meta":{"newspack_ads_suppress_ads":false,"newspack_popups_has_disabled_popups":false,"newspack_sponsor_sponsorship_scope":"","newspack_sponsor_native_byline_display":"inherit","newspack_sponsor_native_category_display":"inherit","newspack_sponsor_underwriter_style":"inherit","newspack_sponsor_underwriter_placement":"inherit","_EventAllDay":false,"_EventTimezone":"","_EventStartDate":"","_EventEndDate":"","_EventStartDateUTC":"","_EventEndDateUTC":"","_EventShowMap":false,"_EventShowMapLink":false,"_EventURL":"","_EventCost":"","_EventCostDescription":"","_EventCurrencySymbol":"","_EventCurrencyCode":"","_EventCurrencyPosition":"","_EventDateTimeSeparator":"","_EventTimeRangeSeparator":"","_EventOrganizerID":[],"_EventVenueID":[],"_OrganizerEmail":"","_OrganizerPhone":"","_OrganizerWebsite":"","_VenueAddress":"","_VenueCity":"","_VenueCountry":"","_VenueProvince":"","_VenueState":"","_VenueZip":"","_VenuePhone":"","_VenueURL":"","_VenueStateProvince":"","_VenueLat":"","_VenueLng":"","_VenueShowMap":false,"_VenueShowMapLink":false,"_newspack_byline_active":false,"_newspack_byline":"","newspack_hide_updated_date":false,"newspack_show_updated_date":false,"newspack_featured_image_position":"","newspack_post_subtitle":"","newspack_article_summary_title":"Overview:","newspack_article_summary":"","_jetpack_memberships_contains_paid_content":false,"footnotes":""},"categories":[334],"tags":[406],"newspack_spnsrs_tax":[],"coauthors":[4034],"class_list":["post-28649","post","type-post","status-publish","format-standard","has-post-thumbnail","hentry","category-noticias-del-dia","tag-mexico-pais","entry"],"parsely":{"version":"1.1.0","canonical_url":"https:\/\/insightcrime.org\/es\/noticias\/noticias-del-dia\/guerrero-mexico-no-puede-enfrentar-crimen-organizado-fiscal-general-estado\/","smart_links":{"inbound":0,"outbound":0},"traffic_boost_suggestions_count":0,"meta":{"@context":"https:\/\/schema.org","@type":"NewsArticle","headline":"Guerrero, M\u00e9xico, no puede enfrentar el crimen organizado: fiscal general del estado","url":"http:\/\/insightcrime.org\/es\/noticias\/noticias-del-dia\/guerrero-mexico-no-puede-enfrentar-crimen-organizado-fiscal-general-estado\/","mainEntityOfPage":{"@type":"WebPage","@id":"http:\/\/insightcrime.org\/es\/noticias\/noticias-del-dia\/guerrero-mexico-no-puede-enfrentar-crimen-organizado-fiscal-general-estado\/"},"thumbnailUrl":"https:\/\/i0.wp.com\/insightcrime.org\/wp-content\/uploads\/2017\/03\/es-17-03-27GuerreroFiscal.jpg?resize=150%2C150&quality=100&ssl=1","image":{"@type":"ImageObject","url":"https:\/\/i0.wp.com\/insightcrime.org\/wp-content\/uploads\/2017\/03\/es-17-03-27GuerreroFiscal.jpg?fit=350%2C237&quality=100&ssl=1"},"articleSection":"Noticias del d\u00eda","author":[{"@type":"Person","name":"Deborah Bonello"}],"creator":["Deborah Bonello"],"publisher":{"@type":"Organization","name":"InSight Crime","logo":"https:\/\/insightcrime.org\/wp-content\/uploads\/2023\/08\/logo.png"},"keywords":["m\u00e9xico"],"dateCreated":"2017-09-13T23:50:00Z","datePublished":"2017-09-13T23:50:00Z","dateModified":"2023-04-24T20:58:15Z"},"rendered":"<meta name=\"parsely-title\" content=\"Guerrero, M\u00e9xico, no puede enfrentar el crimen organizado: fiscal general del estado\" \/>\n<meta name=\"parsely-link\" content=\"http:\/\/insightcrime.org\/es\/noticias\/noticias-del-dia\/guerrero-mexico-no-puede-enfrentar-crimen-organizado-fiscal-general-estado\/\" \/>\n<meta name=\"parsely-type\" content=\"post\" \/>\n<meta name=\"parsely-image-url\" content=\"https:\/\/i0.wp.com\/insightcrime.org\/wp-content\/uploads\/2017\/03\/es-17-03-27GuerreroFiscal.jpg?resize=150%2C150&amp;quality=100&amp;ssl=1\" \/>\n<meta name=\"parsely-pub-date\" content=\"2017-09-13T23:50:00Z\" \/>\n<meta name=\"parsely-section\" content=\"Noticias del d\u00eda\" \/>\n<meta name=\"parsely-tags\" content=\"m\u00e9xico\" \/>\n<meta name=\"parsely-author\" content=\"Deborah Bonello\" \/>","tracker_url":"https:\/\/cdn.parsely.com\/keys\/insightcrime.org\/p.js"},"jetpack_sharing_enabled":true,"jetpack-related-posts":[{"id":200935,"url":"https:\/\/insightcrime.org\/es\/noticias\/mexico-ejercito-crimen-abusos-derechos-humanos\/","url_meta":{"origin":28649,"position":0},"title":"Ej\u00e9rcito de M\u00e9xico seguir\u00e1 combatiendo crimen a pesar de abusos de derechos humanos","author":"Peter Appleby","date":"6 de octubre de 2022","format":false,"excerpt":"El presidente Andr\u00e9s Manuel L\u00f3pez Obrador no logra imponerse sobre los grupos criminales a pesar de apoyarse cada vez m\u00e1s en las fuerzas armadas de M\u00e9xico contra todas las evidencias de abusos de derechos humanos por parte de esa entidad que han salido a la luz en los \u00faltimos meses.","rel":"","context":"En \u00abNoticias\u00bb","block_context":{"text":"Noticias","link":"https:\/\/insightcrime.org\/es\/category\/noticias\/"},"img":{"alt_text":"Formaci\u00f3n de soldados del Ej\u00e9rcito Mexicano","src":"https:\/\/i0.wp.com\/insightcrime.org\/wp-content\/uploads\/2022\/10\/mexico-army-1.jpeg?fit=350%2C250&quality=100&ssl=1&resize=350%2C200","width":350,"height":200},"classes":[]},{"id":268355,"url":"https:\/\/insightcrime.org\/es\/noticias\/violencia-criminal-paraliza-estado-guerrero-mexico\/","url_meta":{"origin":28649,"position":1},"title":"Violencia criminal paraliza al estado de Guerrero, M\u00e9xico","author":"Sara Garcia","date":"13 de febrero de 2024","format":false,"excerpt":"La reciente ola de violencia en Guerrero, M\u00e9xico, pone de relieve la disputa entre varios grupos criminales por el control de la extorsi\u00f3n en el estado sure\u00f1o, al tiempo que resalta m\u00faltiples factores de inseguridad en la regi\u00f3n.","rel":"","context":"En \u00abNoticias\u00bb","block_context":{"text":"Noticias","link":"https:\/\/insightcrime.org\/es\/category\/noticias\/"},"img":{"alt_text":"","src":"https:\/\/i0.wp.com\/insightcrime.org\/wp-content\/uploads\/2024\/02\/2024-02-08-Violencia-Guerrero-Mex.jpeg?fit=350%2C250&quality=100&ssl=1&resize=350%2C200","width":350,"height":200},"classes":[]},{"id":295566,"url":"https:\/\/insightcrime.org\/es\/noticias\/entrevistas\/eleccion-popular-jueces-mexico-riesgo-corrupcion-ineficacia-justicia\/","url_meta":{"origin":28649,"position":2},"title":"Elecci\u00f3n popular de jueces en M\u00e9xico: un riesgo de corrupci\u00f3n e ineficacia en la justicia","author":"Alejandra Rodriguez","date":"6 de noviembre de 2024","format":false,"excerpt":"La reforma judicial aprobada en M\u00e9xico permitir\u00e1 elegir por voto popular a m\u00e1s de 1,600 jueces federales, generando preocupaciones sobre la creciente infiltraci\u00f3n del crimen organizado en el sistema judicial.","rel":"","context":"En \u00abQ&amp;A\u00bb","block_context":{"text":"Q&amp;A","link":"https:\/\/insightcrime.org\/es\/category\/noticias\/entrevistas\/"},"img":{"alt_text":"Inauguraci\u00f3n del segundo periodo de sesiones de la Suprema Corte de Justicia de la Naci\u00f3n y del Consejo de la Judicatura Federal . Cr\u00e9dito: CUARTOSCURO","src":"https:\/\/i0.wp.com\/insightcrime.org\/wp-content\/uploads\/2024\/11\/jueces-mexico-reforma-judicial-2024.jpeg?fit=350%2C250&quality=100&ssl=1&resize=350%2C200","width":350,"height":200},"classes":[]},{"id":200370,"url":"https:\/\/insightcrime.org\/es\/noticias\/gobernador-saliente-mexico-perdera-inmunidad-vieja-orden-captura\/","url_meta":{"origin":28649,"position":3},"title":"Gobernador saliente en M\u00e9xico perder\u00e1 inmunidad por vieja orden de captura","author":"InSight Crime","date":"30 de septiembre de 2022","format":false,"excerpt":"El gobernador saliente del estado de Tamaulipas, en M\u00e9xico, est\u00e1 a punto de perder la inmunidad por una vieja orden de arresto, pero la protecci\u00f3n de la que goz\u00f3 mientras ocup\u00f3 su cargo pone en evidencia los impedimentos que enfrenta M\u00e9xico para combatir la corrupci\u00f3n en el gobierno.","rel":"","context":"En \u00abNoticias\u00bb","block_context":{"text":"Noticias","link":"https:\/\/insightcrime.org\/es\/category\/noticias\/"},"img":{"alt_text":"Francisco Garcia Cabeza de Vaca, gobernador saliente del estado de Tamaulipas, M\u00e9xico","src":"https:\/\/i0.wp.com\/insightcrime.org\/wp-content\/uploads\/2022\/09\/garcia_cabeza_de_vaca_07-min-1-1.jpeg?fit=350%2C250&quality=100&ssl=1&resize=350%2C200","width":350,"height":200},"classes":[]},{"id":294058,"url":"https:\/\/insightcrime.org\/es\/noticias\/decapitacion-alcalde-inquietante-senal-crisis-eguridad-nueva-presidenta-mexico\/","url_meta":{"origin":28649,"position":4},"title":"Decapitaci\u00f3n de un alcalde es una inquietante se\u00f1al de la crisis de seguridad que afronta la nueva presidenta de M\u00e9xico","author":"Parker Asmann","date":"8 de octubre de 2024","format":false,"excerpt":"Un grupo de hombres armados asesin\u00f3 y decapit\u00f3 al alcalde de una importante ciudad del suroeste de M\u00e9xico menos de una semana despu\u00e9s de que asumiera el cargo, resaltando la tit\u00e1nica tarea que enfrenta la nueva presidenta del pa\u00eds para resolver una situaci\u00f3n de seguridad p\u00fablica cada vez m\u00e1s grave.","rel":"","context":"En \u00abNoticias\u00bb","block_context":{"text":"Noticias","link":"https:\/\/insightcrime.org\/es\/category\/noticias\/"},"img":{"alt_text":"Imagen principal: El alcalde de Chilpancingo, Alejandro Arcos Catal\u00e1n, se dirige a la multitud al tomar posesi\u00f3n como edil. Cr\u00e9dito: El Financiero","src":"https:\/\/i0.wp.com\/insightcrime.org\/wp-content\/uploads\/2024\/10\/2024-10-08-Chilpancingo-Killing.jpg?fit=350%2C250&quality=100&ssl=1&resize=350%2C200","width":350,"height":200},"classes":[]},{"id":7759,"url":"https:\/\/insightcrime.org\/es\/noticias-crimen-organizado-mexico\/guerreros-unidos\/","url_meta":{"origin":28649,"position":5},"title":"Guerreros Unidos","author":"InSight Crime","date":"13 de agosto de 2026","format":false,"excerpt":"Guerreros Unidos es un grupo escindido de la OBL, que opera en la regi\u00f3n central de M\u00e9xico. El grupo se dedica principalmente a la extorsi\u00f3n y el secuestro, pero tambi\u00e9n trafica drogas a Estados Unidos. Los Guerreros Unidos se caracterizan por sus t\u00e1cticas agresivas y por el uso de la\u2026","rel":"","context":"En \u00abM\u00e9xico\u00bb","block_context":{"text":"M\u00e9xico","link":"https:\/\/insightcrime.org\/es\/category\/noticias-crimen-organizado-mexico\/"},"img":{"alt_text":"Guerreros Unidos","src":"https:\/\/i0.wp.com\/insightcrime.org\/wp-content\/uploads\/2026\/06\/Grupo-Criminal-Guerreros-Unidos.jpg?fit=1200%2C900&quality=100&ssl=1&resize=350%2C200","width":350,"height":200,"srcset":"https:\/\/i0.wp.com\/insightcrime.org\/wp-content\/uploads\/2026\/06\/Grupo-Criminal-Guerreros-Unidos.jpg?fit=1200%2C900&quality=100&ssl=1&resize=350%2C200 1x, https:\/\/i0.wp.com\/insightcrime.org\/wp-content\/uploads\/2026\/06\/Grupo-Criminal-Guerreros-Unidos.jpg?fit=1200%2C900&quality=100&ssl=1&resize=525%2C300 1.5x, https:\/\/i0.wp.com\/insightcrime.org\/wp-content\/uploads\/2026\/06\/Grupo-Criminal-Guerreros-Unidos.jpg?fit=1200%2C900&quality=100&ssl=1&resize=700%2C400 2x, https:\/\/i0.wp.com\/insightcrime.org\/wp-content\/uploads\/2026\/06\/Grupo-Criminal-Guerreros-Unidos.jpg?fit=1200%2C900&quality=100&ssl=1&resize=1050%2C600 3x"},"classes":[]}],"jetpack_featured_media_url":"https:\/\/i0.wp.com\/insightcrime.org\/wp-content\/uploads\/2017\/03\/es-17-03-27GuerreroFiscal.jpg?fit=350%2C237&quality=100&ssl=1","_links":{"self":[{"href":"https:\/\/insightcrime.org\/es\/wp-json\/wp\/v2\/posts\/28649","targetHints":{"allow":["GET"]}}],"collection":[{"href":"https:\/\/insightcrime.org\/es\/wp-json\/wp\/v2\/posts"}],"about":[{"href":"https:\/\/insightcrime.org\/es\/wp-json\/wp\/v2\/types\/post"}],"author":[{"embeddable":true,"href":"https:\/\/insightcrime.org\/es\/wp-json\/wp\/v2\/users\/75"}],"replies":[{"embeddable":true,"href":"https:\/\/insightcrime.org\/es\/wp-json\/wp\/v2\/comments?post=28649"}],"version-history":[{"count":1,"href":"https:\/\/insightcrime.org\/es\/wp-json\/wp\/v2\/posts\/28649\/revisions"}],"predecessor-version":[{"id":35426,"href":"https:\/\/insightcrime.org\/es\/wp-json\/wp\/v2\/posts\/28649\/revisions\/35426"}],"wp:featuredmedia":[{"embeddable":true,"href":"https:\/\/insightcrime.org\/es\/wp-json\/wp\/v2\/media\/46218"}],"wp:attachment":[{"href":"https:\/\/insightcrime.org\/es\/wp-json\/wp\/v2\/media?parent=28649"}],"wp:term":[{"taxonomy":"category","embeddable":true,"href":"https:\/\/insightcrime.org\/es\/wp-json\/wp\/v2\/categories?post=28649"},{"taxonomy":"post_tag","embeddable":true,"href":"https:\/\/insightcrime.org\/es\/wp-json\/wp\/v2\/tags?post=28649"},{"taxonomy":"newspack_spnsrs_tax","embeddable":true,"href":"https:\/\/insightcrime.org\/es\/wp-json\/wp\/v2\/newspack_spnsrs_tax?post=28649"},{"taxonomy":"author","embeddable":true,"href":"https:\/\/insightcrime.org\/es\/wp-json\/wp\/v2\/coauthors?post=28649"}],"curies":[{"name":"wp","href":"https:\/\/api.w.org\/{rel}","templated":true}]}}