{"id":28889,"date":"2017-04-20T18:56:57","date_gmt":"2017-09-13T23:55:55","guid":{"rendered":"https:\/\/insightcrime.org\/?p=28889"},"modified":"2023-04-24T15:59:00","modified_gmt":"2023-04-24T20:59:00","slug":"capitan-policia-era-presunta-pieza-clave-banda-narcotraficante-entre-ecuador-colombia","status":"publish","type":"post","link":"https:\/\/insightcrime.org\/es\/noticias\/noticias-del-dia\/capitan-policia-era-presunta-pieza-clave-banda-narcotraficante-entre-ecuador-colombia\/","title":{"rendered":"Capit\u00e1n de la polic\u00eda era presunta pieza clave en banda narcotraficante entre Ecuador y Colombia"},"content":{"rendered":"\n<p class=\"wp-block-paragraph\">Las autoridades ecuatorianas creen que un capit\u00e1n de la polic\u00eda ten\u00eda un rol de mando en la coordinaci\u00f3n de los eslabones en Ecuador de una de las mayores redes de narcotr\u00e1fico que se hayan visto en el pa\u00eds, lo que demuestra el papel central que tiene la corrupci\u00f3n en la apertura de rutas de trasbordo en Ecuador.<\/p>\n\n\n\n<p class=\"wp-block-paragraph\">Luego del <a href=\"\/noticias\/analisis\/arresto-ecuatoriano-anonimo-senala-narcotrafico-gran-envergadura-bajo-perfil\" target=\"_blank\">arresto de un presunto capo de la droga en Ecuador<\/a>, la polic\u00eda nacional <a href=\"https:\/\/www.ministeriointerior.gob.ec\/12-millones-de-dolares-y-21-detenidos-dejaron-operativos-contra-el-narcotrafico-y-el-robo-a-personas\/\" target=\"_blank\">realiz\u00f3 20 operativos<\/a> en su lado de la frontera, de los cuales resultaron 11 personas capturadas y US$12 millones en efectivo decomisados.<\/p>\n\n\n\n<p class=\"wp-block-paragraph\">Entre los detenidos est\u00e1 un capit\u00e1n de la polic\u00eda, que era \u201cpieza clave\u201d de la organizaci\u00f3n, seg\u00fan declararon fuentes de inteligencia al diario <a href=\"https:\/\/www.elcomercio.com\/actualidad\/ecuador-policias-separados-nexos-narcos.html\" target=\"_blank\">El Comercio<\/a>. El capit\u00e1n presuntamente coordinaba la log\u00edstica de seguridad para las operaciones de tr\u00e1fico y pasaba informaci\u00f3n sobre operativos de la polic\u00eda.<\/p>\n\n\n\n<p class=\"wp-block-paragraph\">Seg\u00fan el Ministerio del Interior en Ecuador, la red pasaba coca\u00edna por la frontera colombiana y la transportaba hasta puntos de almacenamiento en las provincias de Manab\u00ed y Guayas en el Pac\u00edfico. Los cargamentos de drogas se enviaban posteriormente hacia Centroam\u00e9rica usando lanchas r\u00e1pidas.<\/p>\n\n\n\n<p class=\"wp-block-paragraph\">Las autoridades creen adem\u00e1s que la banda tuvo relaci\u00f3n con una serie de homicidios y amenazas a polic\u00edas y fiscales con el fin de proteger sus operaciones.<\/p>\n\n\n\n<h3 class=\"wp-block-heading\">An\u00e1lisis de InSight Crime<\/h3>\n\n\n\n<p class=\"wp-block-paragraph\">El presunto rol de mando del capit\u00e1n de la polic\u00eda en la banda narcotraficante no es un hecho aislado en Ecuador. Seg\u00fan estad\u00edsticas obtenidas por El Comercio, desde 2013 se ha retirado de sus cargos a 61 agentes de polic\u00eda por presuntos v\u00ednculos con narcotraficantes.<\/p>\n\n\n\n<p class=\"wp-block-paragraph\">Casos anteriores han implicado a <a href=\"\/noticias\/noticias-del-dia\/narcovinculos-policia-ecuador-problemas-futuros\" target=\"_blank\">oficiales de alto rango<\/a>, entre ellos un mayor y un coronel, que hab\u00eda servido como director de la Interpol en Ecuador. La persecuci\u00f3n de agentes corruptos ha llegado incluso a enfrentamientos fatales, como el <a href=\"\/noticias\/noticias-del-dia\/redada-antidrogas-desata-tiroteo-policias-ecuador\" target=\"_blank\">tiroteo ocurrido en 2015 <\/a>entre polic\u00edas, de quienes se dice que transportaban narc\u00f3ticos, y sus colegas, el cual cobr\u00f3 las vidas de dos agentes.<\/p>\n\n\n\n<p class=\"wp-block-paragraph\"><span style=\"color: #800000\"><strong>VEA TAMBI\u00c9N:<\/strong><\/span><a href=\"\/component\/tags\/tag\/273-ecuador\" target=\"_blank\"> Cobertura sobre Ecuador<\/a><\/p>\n\n\n\n<p class=\"wp-block-paragraph\">En el caso m\u00e1s reciente, el capit\u00e1n de la polic\u00eda presuntamente ayudaba a dirigir la que ser\u00eda, de resultar ciertas las acusaciones de las autoridades, la m\u00e1s importante red transnacional de narcotr\u00e1fico dirigida por ecuatorianos que se haya desarticulado, lo que posiblemente marque una evoluci\u00f3n en el crimen organizado ecuatoriano.<\/p>\n\n\n\n<p class=\"wp-block-paragraph\">El servicio que prestan estos agentes corruptos, con el paso de informaci\u00f3n y la coordinaci\u00f3n de seguridad y paso sin requisas para los cargamentos, es un componente clave de cualquier operaci\u00f3n de narcotr\u00e1fico a gran escala, sin la que no habr\u00eda sido posible dicha evoluci\u00f3n.<\/p>\n","protected":false},"excerpt":{"rendered":"<p>Las autoridades ecuatorianas creen que un capit\u00e1n de la polic\u00eda ten\u00eda un rol de mando en la coordinaci\u00f3n de los eslabones en Ecuador de una de las mayores redes de narcotr\u00e1fico que se hayan visto en el pa\u00eds, lo que demuestra el papel central que tiene la corrupci\u00f3n en la apertura de rutas de trasbordo en Ecuador.<\/p>\n","protected":false},"author":16,"featured_media":46337,"comment_status":"closed","ping_status":"closed","sticky":false,"template":"","format":"standard","meta":{"newspack_ads_suppress_ads":false,"newspack_popups_has_disabled_popups":false,"newspack_sponsor_sponsorship_scope":"","newspack_sponsor_native_byline_display":"inherit","newspack_sponsor_native_category_display":"inherit","newspack_sponsor_underwriter_style":"inherit","newspack_sponsor_underwriter_placement":"inherit","_EventAllDay":false,"_EventTimezone":"","_EventStartDate":"","_EventEndDate":"","_EventStartDateUTC":"","_EventEndDateUTC":"","_EventShowMap":false,"_EventShowMapLink":false,"_EventURL":"","_EventCost":"","_EventCostDescription":"","_EventCurrencySymbol":"","_EventCurrencyCode":"","_EventCurrencyPosition":"","_EventDateTimeSeparator":"","_EventTimeRangeSeparator":"","_EventOrganizerID":[],"_EventVenueID":[],"_OrganizerEmail":"","_OrganizerPhone":"","_OrganizerWebsite":"","_VenueAddress":"","_VenueCity":"","_VenueCountry":"","_VenueProvince":"","_VenueState":"","_VenueZip":"","_VenuePhone":"","_VenueURL":"","_VenueStateProvince":"","_VenueLat":"","_VenueLng":"","_VenueShowMap":false,"_VenueShowMapLink":false,"_newspack_byline_active":false,"_newspack_byline":"","newspack_hide_updated_date":false,"newspack_show_updated_date":false,"newspack_featured_image_position":"","newspack_post_subtitle":"","newspack_article_summary_title":"Overview:","newspack_article_summary":"","_jetpack_memberships_contains_paid_content":false,"footnotes":""},"categories":[334],"tags":[426],"newspack_spnsrs_tax":[],"coauthors":[3821],"class_list":["post-28889","post","type-post","status-publish","format-standard","has-post-thumbnail","hentry","category-noticias-del-dia","tag-ecuador-pais","entry"],"parsely":{"version":"1.1.0","canonical_url":"https:\/\/insightcrime.org\/es\/noticias\/noticias-del-dia\/capitan-policia-era-presunta-pieza-clave-banda-narcotraficante-entre-ecuador-colombia\/","smart_links":{"inbound":0,"outbound":0},"traffic_boost_suggestions_count":0,"meta":{"@context":"https:\/\/schema.org","@type":"NewsArticle","headline":"Capit\u00e1n de la polic\u00eda era presunta pieza clave en banda narcotraficante entre Ecuador y Colombia","url":"http:\/\/insightcrime.org\/es\/noticias\/noticias-del-dia\/capitan-policia-era-presunta-pieza-clave-banda-narcotraficante-entre-ecuador-colombia\/","mainEntityOfPage":{"@type":"WebPage","@id":"http:\/\/insightcrime.org\/es\/noticias\/noticias-del-dia\/capitan-policia-era-presunta-pieza-clave-banda-narcotraficante-entre-ecuador-colombia\/"},"thumbnailUrl":"https:\/\/i0.wp.com\/insightcrime.org\/wp-content\/uploads\/2017\/04\/es-17-04-18-Ecuador-PoliceCorruption.jpg?resize=150%2C150&quality=100&ssl=1","image":{"@type":"ImageObject","url":"https:\/\/i0.wp.com\/insightcrime.org\/wp-content\/uploads\/2017\/04\/es-17-04-18-Ecuador-PoliceCorruption.jpg?fit=240%2C156&quality=100&ssl=1"},"articleSection":"Noticias del d\u00eda","author":[{"@type":"Person","name":"James Bargent"}],"creator":["James Bargent"],"publisher":{"@type":"Organization","name":"InSight Crime","logo":"https:\/\/insightcrime.org\/wp-content\/uploads\/2023\/08\/logo.png"},"keywords":["ecuador"],"dateCreated":"2017-09-13T23:55:55Z","datePublished":"2017-09-13T23:55:55Z","dateModified":"2023-04-24T20:59:00Z"},"rendered":"<meta name=\"parsely-title\" content=\"Capit\u00e1n de la polic\u00eda era presunta pieza clave en banda narcotraficante entre Ecuador y Colombia\" \/>\n<meta name=\"parsely-link\" content=\"http:\/\/insightcrime.org\/es\/noticias\/noticias-del-dia\/capitan-policia-era-presunta-pieza-clave-banda-narcotraficante-entre-ecuador-colombia\/\" \/>\n<meta name=\"parsely-type\" content=\"post\" \/>\n<meta name=\"parsely-image-url\" content=\"https:\/\/i0.wp.com\/insightcrime.org\/wp-content\/uploads\/2017\/04\/es-17-04-18-Ecuador-PoliceCorruption.jpg?resize=150%2C150&amp;quality=100&amp;ssl=1\" \/>\n<meta name=\"parsely-pub-date\" content=\"2017-09-13T23:55:55Z\" \/>\n<meta name=\"parsely-section\" content=\"Noticias del d\u00eda\" \/>\n<meta name=\"parsely-tags\" content=\"ecuador\" \/>\n<meta name=\"parsely-author\" content=\"James Bargent\" \/>","tracker_url":"https:\/\/cdn.parsely.com\/keys\/insightcrime.org\/p.js"},"jetpack_sharing_enabled":true,"jetpack-related-posts":[{"id":282243,"url":"https:\/\/insightcrime.org\/es\/noticias\/traficante-albanes-revoluciono-narcotrafico-ecuador\/","url_meta":{"origin":28889,"position":0},"title":"El innovador traficante alban\u00e9s que revolucion\u00f3 el narcotr\u00e1fico en Ecuador","author":"Douwe den Held","date":"4 de julio de 2024","format":false,"excerpt":"Alrededor de la medianoche del 6 de febrero de 2024, la Polic\u00eda Nacional de Ecuador irrumpi\u00f3 en una lujosa casa beige de dos pisos de color en una urbanizaci\u00f3n cerrada a las afueras de Guayaquil, la principal ciudad portuaria del pa\u00eds. En su interior encontraron a una madre con su\u2026","rel":"","context":"En \u00abAudio\u00bb","block_context":{"text":"Audio","link":"https:\/\/insightcrime.org\/es\/category\/audio-es\/"},"img":{"alt_text":"","src":"https:\/\/i0.wp.com\/insightcrime.org\/wp-content\/uploads\/2024\/07\/Cover-Gjika-InSightCrime.jpg?fit=1200%2C690&quality=100&ssl=1&resize=350%2C200","width":350,"height":200,"srcset":"https:\/\/i0.wp.com\/insightcrime.org\/wp-content\/uploads\/2024\/07\/Cover-Gjika-InSightCrime.jpg?fit=1200%2C690&quality=100&ssl=1&resize=350%2C200 1x, https:\/\/i0.wp.com\/insightcrime.org\/wp-content\/uploads\/2024\/07\/Cover-Gjika-InSightCrime.jpg?fit=1200%2C690&quality=100&ssl=1&resize=525%2C300 1.5x, https:\/\/i0.wp.com\/insightcrime.org\/wp-content\/uploads\/2024\/07\/Cover-Gjika-InSightCrime.jpg?fit=1200%2C690&quality=100&ssl=1&resize=700%2C400 2x, https:\/\/i0.wp.com\/insightcrime.org\/wp-content\/uploads\/2024\/07\/Cover-Gjika-InSightCrime.jpg?fit=1200%2C690&quality=100&ssl=1&resize=1050%2C600 3x"},"classes":[]},{"id":210832,"url":"https:\/\/insightcrime.org\/es\/noticias\/capturan-colombia-criminal-buscado-ecuador\/","url_meta":{"origin":28889,"position":1},"title":"Capturan en Colombia al &#8216;criminal m\u00e1s buscado&#8217; de Ecuador","author":"Henry Shuldiner","date":"17 de febrero de 2023","format":false,"excerpt":"Las autoridades ecuatorianas capturaron a un presunto narcotraficante que dio el paso de las pandillas locales de Ecuador al tr\u00e1fico internacional de narc\u00f3ticos, y ayud\u00f3 a catapultar las credenciales del pa\u00eds en narcotr\u00e1fico y a un periodo de violencia pandillera sin fin.","rel":"","context":"En \u00abNoticias\u00bb","block_context":{"text":"Noticias","link":"https:\/\/insightcrime.org\/es\/category\/noticias\/"},"img":{"alt_text":"Wilder Emilio S\u00e1nchez Farf\u00e1n, alias \u201cGato Farf\u00e1n\u201d posa con autoridades colombianas","src":"https:\/\/i0.wp.com\/insightcrime.org\/wp-content\/uploads\/2023\/02\/Colombia-Gato-Farfan-El-Tiempo-17022211.jpeg?fit=350%2C250&quality=100&ssl=1&resize=350%2C200","width":350,"height":200},"classes":[]},{"id":266102,"url":"https:\/\/insightcrime.org\/es\/noticias\/incautacion-record-cocaina-propina-golpe-bandas-ecuador\/","url_meta":{"origin":28889,"position":2},"title":"Incautaci\u00f3n r\u00e9cord de coca\u00edna propina golpe a bandas en Ecuador","author":"Anastasia Austin","date":"24 de enero de 2024","format":false,"excerpt":"La incautaci\u00f3n de casi 22 toneladas de coca\u00edna y la captura de un importante narcotraficante colombiano han dado al nuevo presidente ecuatoriano un gran impulso en su guerra contra el crimen organizado. Pero estos \u00e9xitos tambi\u00e9n han puesto de manifiesto lo dif\u00edcil que ser\u00e1 doblegar a las poderosas bandas del\u2026","rel":"","context":"En \u00abNoticias\u00bb","block_context":{"text":"Noticias","link":"https:\/\/insightcrime.org\/es\/category\/noticias\/"},"img":{"alt_text":"Ecuadorian soldiers stand next to 21.5 tons of cocaine seized in Los R\u00edos Soldados ecuatorianos junto a 21,5 toneladas de coca\u00edna incautadas en Los R\u00edos","src":"https:\/\/i0.wp.com\/insightcrime.org\/wp-content\/uploads\/2024\/01\/ecuador-cocaine-1-1-1.jpeg?fit=350%2C250&quality=100&ssl=1&resize=350%2C200","width":350,"height":200},"classes":[]},{"id":295070,"url":"https:\/\/insightcrime.org\/es\/noticias\/captura-lider-tiguerones-ecuador-fragmentar-grupo\/","url_meta":{"origin":28889,"position":3},"title":"Captura de l\u00edder de los Tiguerones de Ecuador podr\u00eda fragmentar el grupo a\u00fan m\u00e1s","author":"James Bargent","date":"23 de octubre de 2024","format":false,"excerpt":"El l\u00edder de los Tiguerones, uno de los grupos m\u00e1s poderosos y violentos de Ecuador, y un eslab\u00f3n clave en la cadena de suministro de coca\u00edna a nivel mundial, fue capturado en Espa\u00f1a, lo que podr\u00eda acelerar la fragmentaci\u00f3n del grupo.","rel":"","context":"En \u00abNoticias\u00bb","block_context":{"text":"Noticias","link":"https:\/\/insightcrime.org\/es\/category\/noticias\/"},"img":{"alt_text":"","src":"https:\/\/i0.wp.com\/insightcrime.org\/wp-content\/uploads\/2024\/10\/tiguerones-graffiti-Ecuador.jpg?fit=350%2C250&quality=100&ssl=1&resize=350%2C200","width":350,"height":200},"classes":[]},{"id":202733,"url":"https:\/\/insightcrime.org\/es\/noticias\/guerra-pandillas-record-asesinatos-norte-ecuador\/","url_meta":{"origin":28889,"position":4},"title":"Guerra de pandillas rompe r\u00e9cord de asesinatos al norte de Ecuador","author":"Javier Lizcano Villalba","date":"28 de octubre de 2022","format":false,"excerpt":"El aumento de los homicidios en Ecuador ultima consecuencia de la guerra entre pandillas","rel":"","context":"En \u00abNoticias\u00bb","block_context":{"text":"Noticias","link":"https:\/\/insightcrime.org\/es\/category\/noticias\/"},"img":{"alt_text":"Polic\u00edas supervisando la destrucci\u00f3n de droga y pandilleros detenidos","src":"https:\/\/i0.wp.com\/insightcrime.org\/wp-content\/uploads\/2022\/10\/pandillas-en-ecuador-implicadas-en-masacres.webp?fit=350%2C250&quality=100&ssl=1&resize=350%2C200","width":350,"height":200},"classes":[]},{"id":263467,"url":"https:\/\/insightcrime.org\/es\/noticias\/por-que-bandas-narcotraficantes-ecuador-han-recurrido-extorsion\/","url_meta":{"origin":28889,"position":5},"title":"\u00bfPor qu\u00e9 las bandas narcotraficantes de Ecuador han recurrido a la extorsi\u00f3n?","author":"Anastasia Austin","date":"20 de diciembre de 2023","format":false,"excerpt":"El n\u00famero de casos de extorsi\u00f3n registrados en Ecuador se ha disparado en el \u00faltimo a\u00f1o, lo que sugiere que las fragmentadas bandas criminales del pa\u00eds est\u00e1n buscando nuevas fuentes de ingresos.\u00a0 La extorsi\u00f3n en Ecuador aument\u00f3 m\u00e1s de 65% entre 2022 y noviembre de 2023 y casi 400% desde\u2026","rel":"","context":"En \u00abNoticias\u00bb","block_context":{"text":"Noticias","link":"https:\/\/insightcrime.org\/es\/category\/noticias\/"},"img":{"alt_text":"Un militar resguarda un negocio ante amenaza de extorsi\u00f3n en Ecuador","src":"https:\/\/i0.wp.com\/insightcrime.org\/wp-content\/uploads\/2023\/12\/Ecuador-extortion-security-guayaquil-violence-AP23226680491229.jpg?fit=1200%2C600&quality=100&ssl=1&resize=350%2C200","width":350,"height":200,"srcset":"https:\/\/i0.wp.com\/insightcrime.org\/wp-content\/uploads\/2023\/12\/Ecuador-extortion-security-guayaquil-violence-AP23226680491229.jpg?fit=1200%2C600&quality=100&ssl=1&resize=350%2C200 1x, https:\/\/i0.wp.com\/insightcrime.org\/wp-content\/uploads\/2023\/12\/Ecuador-extortion-security-guayaquil-violence-AP23226680491229.jpg?fit=1200%2C600&quality=100&ssl=1&resize=525%2C300 1.5x, https:\/\/i0.wp.com\/insightcrime.org\/wp-content\/uploads\/2023\/12\/Ecuador-extortion-security-guayaquil-violence-AP23226680491229.jpg?fit=1200%2C600&quality=100&ssl=1&resize=700%2C400 2x, https:\/\/i0.wp.com\/insightcrime.org\/wp-content\/uploads\/2023\/12\/Ecuador-extortion-security-guayaquil-violence-AP23226680491229.jpg?fit=1200%2C600&quality=100&ssl=1&resize=1050%2C600 3x"},"classes":[]}],"jetpack_featured_media_url":"https:\/\/i0.wp.com\/insightcrime.org\/wp-content\/uploads\/2017\/04\/es-17-04-18-Ecuador-PoliceCorruption.jpg?fit=240%2C156&quality=100&ssl=1","_links":{"self":[{"href":"https:\/\/insightcrime.org\/es\/wp-json\/wp\/v2\/posts\/28889","targetHints":{"allow":["GET"]}}],"collection":[{"href":"https:\/\/insightcrime.org\/es\/wp-json\/wp\/v2\/posts"}],"about":[{"href":"https:\/\/insightcrime.org\/es\/wp-json\/wp\/v2\/types\/post"}],"author":[{"embeddable":true,"href":"https:\/\/insightcrime.org\/es\/wp-json\/wp\/v2\/users\/16"}],"replies":[{"embeddable":true,"href":"https:\/\/insightcrime.org\/es\/wp-json\/wp\/v2\/comments?post=28889"}],"version-history":[{"count":1,"href":"https:\/\/insightcrime.org\/es\/wp-json\/wp\/v2\/posts\/28889\/revisions"}],"predecessor-version":[{"id":35495,"href":"https:\/\/insightcrime.org\/es\/wp-json\/wp\/v2\/posts\/28889\/revisions\/35495"}],"wp:featuredmedia":[{"embeddable":true,"href":"https:\/\/insightcrime.org\/es\/wp-json\/wp\/v2\/media\/46337"}],"wp:attachment":[{"href":"https:\/\/insightcrime.org\/es\/wp-json\/wp\/v2\/media?parent=28889"}],"wp:term":[{"taxonomy":"category","embeddable":true,"href":"https:\/\/insightcrime.org\/es\/wp-json\/wp\/v2\/categories?post=28889"},{"taxonomy":"post_tag","embeddable":true,"href":"https:\/\/insightcrime.org\/es\/wp-json\/wp\/v2\/tags?post=28889"},{"taxonomy":"newspack_spnsrs_tax","embeddable":true,"href":"https:\/\/insightcrime.org\/es\/wp-json\/wp\/v2\/newspack_spnsrs_tax?post=28889"},{"taxonomy":"author","embeddable":true,"href":"https:\/\/insightcrime.org\/es\/wp-json\/wp\/v2\/coauthors?post=28889"}],"curies":[{"name":"wp","href":"https:\/\/api.w.org\/{rel}","templated":true}]}}