{"id":28957,"date":"2017-04-27T14:47:00","date_gmt":"2017-09-13T23:57:30","guid":{"rendered":"https:\/\/insightcrime.org\/?p=28957"},"modified":"2023-04-24T15:59:12","modified_gmt":"2023-04-24T20:59:12","slug":"grupo-autodefensas-salvador-plantea-riesgos-seguridad","status":"publish","type":"post","link":"https:\/\/insightcrime.org\/es\/noticias\/noticias-del-dia\/grupo-autodefensas-salvador-plantea-riesgos-seguridad\/","title":{"rendered":"Grupo de autodefensas en El Salvador plantea riesgos de seguridad"},"content":{"rendered":"\n<p class=\"wp-block-paragraph\">Un grupo de autodefensas que opera en una comunidad rural de El Salvador est\u00e1 pidiendo reconocimiento legal formal, lo que recuerda los problemas de seguridad que en otras partes de la regi\u00f3n plantean actores similares no estatales que toman la justicia en sus propias manos.<\/p>\n\n\n\n<p class=\"wp-block-paragraph\">El grupo, ubicado en la ciudad de San Nicol\u00e1s Lempa, en el Departamento de San Vicente, se compone de unos 60 ciudadanos. Los miembros est\u00e1n buscando reconocimiento legal para poder operar abiertamente y as\u00ed acceder a m\u00e1s armas y equipo, <a href=\"https:\/\/www.laprensagrafica.com\/2017\/04\/25\/comunidad-se-arma-contra-pandilla\" target=\"_blank\">inform\u00f3 La Prensa Gr\u00e1fica.<\/a><\/p>\n\n\n\n<p class=\"wp-block-paragraph\">El movimiento de autodefensas se origin\u00f3 en el 2015, cuando varios excombatientes de la guerra civil del pa\u00eds entre 1979 y 1992 se rearmaron despu\u00e9s de la aparici\u00f3n de los miembros de Barrio 18 en la comunidad y del asesinato de un l\u00edder comunitario y su hija, presuntamente por la pandilla.<\/p>\n\n\n\n<p class=\"wp-block-paragraph\">Desde esa \u00e9poca, el grupo de autodefensas ha trabajado de manera subrepticia con las fuerzas armadas y la Polic\u00eda Nacional Civil (PNC) de El Salvador para llevar a cabo operaciones conjuntas contra los pandilleros, inform\u00f3 el medio de noticias.<\/p>\n\n\n\n<h3 class=\"wp-block-heading\">An\u00e1lisis de InSight Crime<\/h3>\n\n\n\n<p class=\"wp-block-paragraph\">Independientemente de si el grupo de autodefensas recibe reconocimiento legal o no, su presencia y la naturaleza de sus acciones dan cuenta de una situaci\u00f3n preocupante en la regi\u00f3n. A menudo, las autoridades deben<a href=\"https:\/\/es.insightcrime.org\/noticias\/analisis\/instituciones-estatales-el-actor-olvidado-de-la-violencia-en-latinoamerica\/\" target=\"_blank\"> lidiar con actores no estatales<\/a> que tratan de establecer su propio estado de derecho. Esto suele ser generado por las <a href=\"https:\/\/es.insightcrime.org\/noticias\/noticias-del-dia\/nuevos-datos-oficiales-muestran-ciudadanos-mexicanos-se-sienten-inseguros\/\" target=\"_blank\">percepciones de abandono<\/a> estatal, as\u00ed como por la creencia de que las autoridades no pueden o no quieren proteger a las comunidades.<\/p>\n\n\n\n<p class=\"wp-block-paragraph\">En El Salvador, donde<a href=\"https:\/\/es.insightcrime.org\/noticias\/noticias-del-dia\/violencia-pandillas-el-salvador-resurgimiento-escuadrones-muerte\/\" target=\"_blank\"> por mucho tiempo han existido los escuadrones de la muerte<\/a>, se ha presentado un resurgimiento de este fen\u00f3meno en los \u00faltimos a\u00f1os, que se cree que es causado por una pronunciada <a href=\"https:\/\/es.insightcrime.org\/noticias\/noticias-del-dia\/falta-control-estatal-atribuye-aumento-escuadrones-muerte-el-salvador\/\" target=\"_blank\">falta de control del Estado<\/a> en muchas zonas dominadas por pandillas. El aumento de las ejecuciones extrajudiciales en El Salvador ha estado acompa\u00f1ado por una preocupante tendencia al uso de la violencia excesiva por parte de la<a href=\"https:\/\/es.insightcrime.org\/noticias\/analisis\/cifras-oficiales-sugieren-policia-salvador-mata-impunidad\/\" target=\"_blank\"> polic\u00eda, que comete asesinatos impunemente<\/a>, y los informes seg\u00fan los cuales las fuerzas de seguridad est\u00e1n trabajando con grupos paramilitares aumentan estas preocupaciones.<\/p>\n\n\n\n<p class=\"wp-block-paragraph\"><strong><span style=\"color: #800000\">VEA TAMBI\u00c9N:<\/span><\/strong><a href=\"https:\/\/insightcrime.org\/special-series\/mexico-michoacan-vigilantes\/\" target=\"_blank\"> El dilema de seguridad de M\u00e9xico: las milicias de Michoac\u00e1n<\/a><\/p>\n\n\n\n<p class=\"wp-block-paragraph\">En caso de que El Salvador les otorgue reconocimiento oficial a los grupos de autodefensa, el pa\u00eds podr\u00eda caer en la misma situaci\u00f3n que M\u00e9xico, cuando el gobierno brind\u00f3 reconocimiento t\u00e1cito a los <a href=\"https:\/\/es.insightcrime.org\/sin-categorizar\/dilema-seguridad-mexico-acercamiento-miope-milicias-michoacan\/\" target=\"_blank\">grupos de autodefensa en el estado de Michoac\u00e1n.<\/a> En ese caso, la violencia y los asesinatos extrajudiciales aumentaron excesivamente y los abundantes grupos de autodefensa comenzaron a <a href=\"https:\/\/es.insightcrime.org\/noticias\/analisis\/problema-autodefensas-mexico-sin-solucion-corto-plazo\/\" target=\"_blank\">involucrarse en actividades criminales ilegales.<\/a> Incluso si los grupos de autodefensa de El Salvador evitan ser criminalizados, el ejemplo de M\u00e9xico muestra que los grupos de autodefensa<a href=\"https:\/\/www.eluniversal.com.mx\/articulo\/estados\/2016\/02\/11\/oficializan-fin-de-autodefensas-en-michoacan\" target=\"_blank\"> no son un remplazo a largo plazo<\/a> para las instituciones del Estado fuertes y formales.<\/p>\n","protected":false},"excerpt":{"rendered":"<p>Un grupo de autodefensas que opera en una comunidad rural de El Salvador est\u00e1 pidiendo reconocimiento legal formal, lo que recuerda los problemas de seguridad que en otras partes de la regi\u00f3n plantean actores similares no estatales que toman la justicia en sus propias manos.<\/p>\n","protected":false},"author":144,"featured_media":46371,"comment_status":"closed","ping_status":"closed","sticky":false,"template":"","format":"standard","meta":{"newspack_ads_suppress_ads":false,"newspack_popups_has_disabled_popups":false,"newspack_sponsor_sponsorship_scope":"","newspack_sponsor_native_byline_display":"inherit","newspack_sponsor_native_category_display":"inherit","newspack_sponsor_underwriter_style":"inherit","newspack_sponsor_underwriter_placement":"inherit","_EventAllDay":false,"_EventTimezone":"","_EventStartDate":"","_EventEndDate":"","_EventStartDateUTC":"","_EventEndDateUTC":"","_EventShowMap":false,"_EventShowMapLink":false,"_EventURL":"","_EventCost":"","_EventCostDescription":"","_EventCurrencySymbol":"","_EventCurrencyCode":"","_EventCurrencyPosition":"","_EventDateTimeSeparator":"","_EventTimeRangeSeparator":"","_EventOrganizerID":[],"_EventVenueID":[],"_OrganizerEmail":"","_OrganizerPhone":"","_OrganizerWebsite":"","_VenueAddress":"","_VenueCity":"","_VenueCountry":"","_VenueProvince":"","_VenueState":"","_VenueZip":"","_VenuePhone":"","_VenueURL":"","_VenueStateProvince":"","_VenueLat":"","_VenueLng":"","_VenueShowMap":false,"_VenueShowMapLink":false,"_newspack_byline_active":false,"_newspack_byline":"","newspack_hide_updated_date":false,"newspack_show_updated_date":false,"newspack_featured_image_position":"","newspack_post_subtitle":"","newspack_article_summary_title":"Overview:","newspack_article_summary":"","_jetpack_memberships_contains_paid_content":false,"footnotes":""},"categories":[334],"tags":[1540,3474],"newspack_spnsrs_tax":[],"coauthors":[4079],"class_list":["post-28957","post","type-post","status-publish","format-standard","has-post-thumbnail","hentry","category-noticias-del-dia","tag-el-salvador-pais","tag-triangulo-del-norte","entry"],"parsely":{"version":"1.1.0","canonical_url":"https:\/\/insightcrime.org\/es\/noticias\/noticias-del-dia\/grupo-autodefensas-salvador-plantea-riesgos-seguridad\/","smart_links":{"inbound":0,"outbound":0},"traffic_boost_suggestions_count":0,"meta":{"@context":"https:\/\/schema.org","@type":"NewsArticle","headline":"Grupo de autodefensas en El Salvador plantea riesgos de seguridad","url":"http:\/\/insightcrime.org\/es\/noticias\/noticias-del-dia\/grupo-autodefensas-salvador-plantea-riesgos-seguridad\/","mainEntityOfPage":{"@type":"WebPage","@id":"http:\/\/insightcrime.org\/es\/noticias\/noticias-del-dia\/grupo-autodefensas-salvador-plantea-riesgos-seguridad\/"},"thumbnailUrl":"https:\/\/i0.wp.com\/insightcrime.org\/wp-content\/uploads\/2017\/04\/es-04-25-17-El-Salvador-self-defense-groups.jpg?resize=150%2C150&quality=100&ssl=1","image":{"@type":"ImageObject","url":"https:\/\/i0.wp.com\/insightcrime.org\/wp-content\/uploads\/2017\/04\/es-04-25-17-El-Salvador-self-defense-groups.jpg?fit=350%2C250&quality=100&ssl=1"},"articleSection":"Noticias del d\u00eda","author":[{"@type":"Person","name":"Charles Orta"}],"creator":["Charles Orta"],"publisher":{"@type":"Organization","name":"InSight Crime","logo":"https:\/\/insightcrime.org\/wp-content\/uploads\/2023\/08\/logo.png"},"keywords":["el salvador","tri\u00e1ngulo del norte"],"dateCreated":"2017-09-13T23:57:30Z","datePublished":"2017-09-13T23:57:30Z","dateModified":"2023-04-24T20:59:12Z"},"rendered":"<meta name=\"parsely-title\" content=\"Grupo de autodefensas en El Salvador plantea riesgos de seguridad\" \/>\n<meta name=\"parsely-link\" content=\"http:\/\/insightcrime.org\/es\/noticias\/noticias-del-dia\/grupo-autodefensas-salvador-plantea-riesgos-seguridad\/\" \/>\n<meta name=\"parsely-type\" content=\"post\" \/>\n<meta name=\"parsely-image-url\" content=\"https:\/\/i0.wp.com\/insightcrime.org\/wp-content\/uploads\/2017\/04\/es-04-25-17-El-Salvador-self-defense-groups.jpg?resize=150%2C150&amp;quality=100&amp;ssl=1\" \/>\n<meta name=\"parsely-pub-date\" content=\"2017-09-13T23:57:30Z\" \/>\n<meta name=\"parsely-section\" content=\"Noticias del d\u00eda\" \/>\n<meta name=\"parsely-tags\" content=\"el salvador,tri\u00e1ngulo del norte\" \/>\n<meta name=\"parsely-author\" content=\"Charles Orta\" \/>","tracker_url":"https:\/\/cdn.parsely.com\/keys\/insightcrime.org\/p.js"},"jetpack_sharing_enabled":true,"jetpack-related-posts":[{"id":151116,"url":"https:\/\/insightcrime.org\/es\/noticias\/grupo-auntodefensa-conforma-ataque-criminal-chiapas-mexico\/","url_meta":{"origin":28957,"position":0},"title":"Grupo de autodefensa se conforma tras ataque criminal en Chiapas, M\u00e9xico","author":"Parker Asmann","date":"26 de julio de 2021","format":false,"excerpt":"En medio de la ausencia del gobierno, las comunidades ind\u00edgenas en las tierras altas del estado de Chiapas, en el sur de M\u00e9xico, est\u00e1n apoyando a un grupo de autodefensa que se form\u00f3 para defenderse de los ataques de grupos del crimen organizado contra sus comunidades.","rel":"","context":"En \u00abNoticias\u00bb","block_context":{"text":"Noticias","link":"https:\/\/insightcrime.org\/es\/category\/noticias\/"},"img":{"alt_text":"","src":"https:\/\/i0.wp.com\/insightcrime.org\/wp-content\/uploads\/2021\/07\/21-07-23-Chiapas-Autodefensas.jpg?fit=350%2C250&quality=100&ssl=1&resize=350%2C200","width":350,"height":200},"classes":[]},{"id":185299,"url":"https:\/\/insightcrime.org\/es\/noticias\/comunidades-indigenas-mexico-sufren-abandono-estatal-frente-grupos-criminales\/","url_meta":{"origin":28957,"position":1},"title":"Comunidades ind\u00edgenas de M\u00e9xico sufren abandono estatal frente a grupos criminales","author":"Henry Shuldiner","date":"13 de mayo de 2022","format":false,"excerpt":"La muerte de dos l\u00edderes ind\u00edgenas en el estado de Guerrero vuelve a llamar la atenci\u00f3n sobre la negligencia del gobierno en la protecci\u00f3n de las comunidades ind\u00edgenas azotadas por organizaciones criminales en todo M\u00e9xico.","rel":"","context":"En \u00abNoticias\u00bb","block_context":{"text":"Noticias","link":"https:\/\/insightcrime.org\/es\/category\/noticias\/"},"img":{"alt_text":"Grupos ind\u00edgenas de autodefensa se han levantado en armas para defenderse de los grupos criminales en Guerrero","src":"https:\/\/i0.wp.com\/insightcrime.org\/wp-content\/uploads\/2022\/05\/Mexico-Guerrero-Indigenous-Indybay1.jpg?fit=350%2C250&quality=100&ssl=1&resize=350%2C200","width":350,"height":200},"classes":[]},{"id":169190,"url":"https:\/\/insightcrime.org\/es\/noticias-crimen-organizado-colombia\/los-pachenca\/","url_meta":{"origin":28957,"position":2},"title":"Autodefensas Conquistadoras de la Sierra Nevada (ACSN)","author":"InSight Crime","date":"6 de agosto de 2026","format":false,"excerpt":"Autodefensas Conquistadoras de la Sierra Nevada (ACSN): historia, l\u00edderes, zonas de operaci\u00f3n y actividades criminales. Perfil actualizado de 2026.","rel":"","context":"En \u00abColombia\u00bb","block_context":{"text":"Colombia","link":"https:\/\/insightcrime.org\/es\/category\/noticias-crimen-organizado-colombia\/"},"img":{"alt_text":"Grupo Cirminal de las Autodefensas Conquistadoras de la Sierra Nevada (ACSN), Colombia.","src":"https:\/\/i0.wp.com\/insightcrime.org\/wp-content\/uploads\/2026\/07\/Grupo-Criminal-Autodefensas-Conquistadoras-de-la-Sierra-Nevada-Colombia.jpg?fit=1200%2C900&quality=100&ssl=1&resize=350%2C200","width":350,"height":200,"srcset":"https:\/\/i0.wp.com\/insightcrime.org\/wp-content\/uploads\/2026\/07\/Grupo-Criminal-Autodefensas-Conquistadoras-de-la-Sierra-Nevada-Colombia.jpg?fit=1200%2C900&quality=100&ssl=1&resize=350%2C200 1x, https:\/\/i0.wp.com\/insightcrime.org\/wp-content\/uploads\/2026\/07\/Grupo-Criminal-Autodefensas-Conquistadoras-de-la-Sierra-Nevada-Colombia.jpg?fit=1200%2C900&quality=100&ssl=1&resize=525%2C300 1.5x, https:\/\/i0.wp.com\/insightcrime.org\/wp-content\/uploads\/2026\/07\/Grupo-Criminal-Autodefensas-Conquistadoras-de-la-Sierra-Nevada-Colombia.jpg?fit=1200%2C900&quality=100&ssl=1&resize=700%2C400 2x, https:\/\/i0.wp.com\/insightcrime.org\/wp-content\/uploads\/2026\/07\/Grupo-Criminal-Autodefensas-Conquistadoras-de-la-Sierra-Nevada-Colombia.jpg?fit=1200%2C900&quality=100&ssl=1&resize=1050%2C600 3x"},"classes":[]},{"id":232701,"url":"https:\/\/insightcrime.org\/es\/noticias\/movimiento-autodefensa-bwa-kale-enfrenta-pandillas-haiti\/","url_meta":{"origin":28957,"position":3},"title":"Movimiento de autodefensa &#8216;Bwa Kale&#8217; enfrenta a pandillas en Hait\u00ed","author":"Henry Shuldiner","date":"9 de mayo de 2023","format":false,"excerpt":"Los movimientos de autodefensa se est\u00e1 extendiendo y ganando apoyo p\u00fablico en medio de la creciente inseguridad en Hait\u00ed, lo que aumenta la posibilidad de que estos se fusionen en organizaciones criminales.","rel":"","context":"En \u00abNoticias\u00bb","block_context":{"text":"Noticias","link":"https:\/\/insightcrime.org\/es\/category\/noticias\/"},"img":{"alt_text":"Hombre armado con un machete en una calle de Puerto Pr\u00edncipe, capital de Hait\u00ed.","src":"https:\/\/i0.wp.com\/insightcrime.org\/wp-content\/uploads\/2023\/09\/HaitiKillings-1-1-1.jpg?fit=350%2C250&quality=100&ssl=1&resize=350%2C200","width":350,"height":200},"classes":[]},{"id":147081,"url":"https:\/\/insightcrime.org\/es\/noticias\/desmovilizados-paramilitares-siguen-extorsionando\/","url_meta":{"origin":28957,"position":4},"title":"Desmovilizados pero no desarmados: paramilitares en Colombia siguen extorsionando","author":"Gabrielle Gorder","date":"31 de mayo de 2021","format":false,"excerpt":"Varios desmovilizados de un conocido grupo paramilitar de derecha en Colombia se hicieron pasar como un nuevo grupo de autodefensas y comenzaron a extorsionar.","rel":"","context":"En \u00abNoticias\u00bb","block_context":{"text":"Noticias","link":"https:\/\/insightcrime.org\/es\/category\/noticias\/"},"img":{"alt_text":"","src":"https:\/\/i0.wp.com\/insightcrime.org\/wp-content\/uploads\/2021\/05\/AUC-Caldas-Fiscalia-mayo2021.jpg?fit=1200%2C898&quality=100&ssl=1&resize=350%2C200","width":350,"height":200,"srcset":"https:\/\/i0.wp.com\/insightcrime.org\/wp-content\/uploads\/2021\/05\/AUC-Caldas-Fiscalia-mayo2021.jpg?fit=1200%2C898&quality=100&ssl=1&resize=350%2C200 1x, https:\/\/i0.wp.com\/insightcrime.org\/wp-content\/uploads\/2021\/05\/AUC-Caldas-Fiscalia-mayo2021.jpg?fit=1200%2C898&quality=100&ssl=1&resize=525%2C300 1.5x, https:\/\/i0.wp.com\/insightcrime.org\/wp-content\/uploads\/2021\/05\/AUC-Caldas-Fiscalia-mayo2021.jpg?fit=1200%2C898&quality=100&ssl=1&resize=700%2C400 2x, https:\/\/i0.wp.com\/insightcrime.org\/wp-content\/uploads\/2021\/05\/AUC-Caldas-Fiscalia-mayo2021.jpg?fit=1200%2C898&quality=100&ssl=1&resize=1050%2C600 3x"},"classes":[]},{"id":166079,"url":"https:\/\/insightcrime.org\/es\/noticias\/rey-muerto-rey-puesto-muerte-alias-borojo-colombia\/","url_meta":{"origin":28957,"position":5},"title":"A rey muerto, rey puesto: muerte de alias &#8216;Boroj\u00f3&#8217; en Colombia","author":"Juan Diego Posada","date":"23 de agosto de 2021","format":false,"excerpt":"La muerte de un importante comandante guerrillero en el sur de Colombia ha revelado una situaci\u00f3n demasiado familiar: los l\u00edderes de grupos criminales pueden ser reemplazados, pero esto rara vez conduce a un cambio significativo en la situaci\u00f3n de seguridad.","rel":"","context":"En \u00abNoticias\u00bb","block_context":{"text":"Noticias","link":"https:\/\/insightcrime.org\/es\/category\/noticias\/"},"img":{"alt_text":"","src":"https:\/\/i0.wp.com\/insightcrime.org\/wp-content\/uploads\/2021\/08\/4RRCDTKIW5F7HHCZT7M6LPSKEM.jpg?fit=350%2C250&quality=100&ssl=1&resize=350%2C200","width":350,"height":200},"classes":[]}],"jetpack_featured_media_url":"https:\/\/i0.wp.com\/insightcrime.org\/wp-content\/uploads\/2017\/04\/es-04-25-17-El-Salvador-self-defense-groups.jpg?fit=350%2C250&quality=100&ssl=1","_links":{"self":[{"href":"https:\/\/insightcrime.org\/es\/wp-json\/wp\/v2\/posts\/28957","targetHints":{"allow":["GET"]}}],"collection":[{"href":"https:\/\/insightcrime.org\/es\/wp-json\/wp\/v2\/posts"}],"about":[{"href":"https:\/\/insightcrime.org\/es\/wp-json\/wp\/v2\/types\/post"}],"author":[{"embeddable":true,"href":"https:\/\/insightcrime.org\/es\/wp-json\/wp\/v2\/users\/144"}],"replies":[{"embeddable":true,"href":"https:\/\/insightcrime.org\/es\/wp-json\/wp\/v2\/comments?post=28957"}],"version-history":[{"count":1,"href":"https:\/\/insightcrime.org\/es\/wp-json\/wp\/v2\/posts\/28957\/revisions"}],"predecessor-version":[{"id":35513,"href":"https:\/\/insightcrime.org\/es\/wp-json\/wp\/v2\/posts\/28957\/revisions\/35513"}],"wp:featuredmedia":[{"embeddable":true,"href":"https:\/\/insightcrime.org\/es\/wp-json\/wp\/v2\/media\/46371"}],"wp:attachment":[{"href":"https:\/\/insightcrime.org\/es\/wp-json\/wp\/v2\/media?parent=28957"}],"wp:term":[{"taxonomy":"category","embeddable":true,"href":"https:\/\/insightcrime.org\/es\/wp-json\/wp\/v2\/categories?post=28957"},{"taxonomy":"post_tag","embeddable":true,"href":"https:\/\/insightcrime.org\/es\/wp-json\/wp\/v2\/tags?post=28957"},{"taxonomy":"newspack_spnsrs_tax","embeddable":true,"href":"https:\/\/insightcrime.org\/es\/wp-json\/wp\/v2\/newspack_spnsrs_tax?post=28957"},{"taxonomy":"author","embeddable":true,"href":"https:\/\/insightcrime.org\/es\/wp-json\/wp\/v2\/coauthors?post=28957"}],"curies":[{"name":"wp","href":"https:\/\/api.w.org\/{rel}","templated":true}]}}