{"id":28977,"date":"2017-05-01T14:06:24","date_gmt":"2017-09-13T23:57:59","guid":{"rendered":"https:\/\/insightcrime.org\/?p=28977"},"modified":"2023-04-24T15:59:15","modified_gmt":"2023-04-24T20:59:15","slug":"disidencia-farc-podria-crecer-medio-traspies-implementacion-proceso-paz","status":"publish","type":"post","link":"https:\/\/insightcrime.org\/es\/noticias\/noticias-del-dia\/disidencia-farc-podria-crecer-medio-traspies-implementacion-proceso-paz\/","title":{"rendered":"Disidencia de las FARC podr\u00eda crecer por traspi\u00e9s en implementaci\u00f3n de proceso de paz"},"content":{"rendered":"\n<p class=\"wp-block-paragraph\">Un comunicado presuntamente emitido por frentes disidentes de las FARC en Colombia indica que algunos guerrilleros mantienen la lucha pol\u00edtica armada del grupo pese al reciente acuerdo de paz con el gobierno o quiz\u00e1s m\u00e1s exactamente, por problemas con su implementaci\u00f3n.<\/p>\n\n\n\n<p class=\"wp-block-paragraph\">Disidentes de las Fuerzas Armadas Revolucionarias de Colombia (FARC) parecen haber divulgado un comunicado condenando el actual proceso de paz con el gobierno colombiano, mientras aseguran que representan los verdaderas ideales de la cincuentenaria rebeli\u00f3n.<\/p>\n\n\n\n<p class=\"wp-block-paragraph\">InSight Crime tuvo referencia de este comunicado, publicado en <a href=\"https:\/\/rebelion.org\/noticia.php?id=225781\" target=\"_blank\">Rebelion.org<\/a>, de dos fuentes confiables que estaban seguras de su autenticidad. InSight Crime no logr\u00f3, sin embargo, confirmar su origen de manera independiente.<\/p>\n\n\n\n<p class=\"wp-block-paragraph\">El documento describe una historia de intentos de paz fallidos entre el movimiento guerrillero y sucesivos gobiernos colombianos, y termina condenando la \u201ctraici\u00f3n\u201d del secretariado de las FARC en la firma del actual acuerdo presuntamente sin consultar a las filas.<\/p>\n\n\n\n<p class=\"wp-block-paragraph\"><strong><span style=\"background-color: #ffffff;color: #800000\">VEA TAMBI\u00c9N:<\/span><\/strong> <a href=\"https:\/\/es.insightcrime.org\/noticias-crimen-organizado-colombia\/farc\/\" target=\"_blank\">Noticias y perfil de las FARC<\/a><\/p>\n\n\n\n<p class=\"wp-block-paragraph\">Aumentando los <a href=\"https:\/\/www.telesurtv.net\/english\/news\/Colombia-156-Human-Rights-Activists-Killed-in-Last-14-Months-20170401-0019.html\" target=\"_blank\">homicidios actuales y sistem\u00e1ticos de activistas<\/a> y l\u00edderes sociales, el texto sostiene que el grupo guerrillero \u201cno es la causa de la guerra, sino la consecuencia de ella\u201d, y declara expl\u00edcitamente que el conflicto armado para los ideales originales del grupo no ha terminado.<\/p>\n\n\n\n<p class=\"wp-block-paragraph\">Adem\u00e1s, el comunicado censura el hecho de que cualquier opositor a la paz es tildado autom\u00e1ticamente de narcotraficante o criminal.<\/p>\n\n\n\n<p class=\"wp-block-paragraph\">El documento est\u00e1 firmado por una lista de frentes y milicias urbanas de las FARC, y concluye afirmando, \u201cSomos FARC-EP. No somos una franquicia, somos pueblo en armas\u201d.<\/p>\n\n\n\n<h3 class=\"wp-block-heading\">An\u00e1lisis de InSight Crime<\/h3>\n\n\n\n<p class=\"wp-block-paragraph\">Como lo mencionamos, InSight Crime no pudo confirmar de manera independiente la autenticidad de este documento. Sin embargo, la lista de frentes de las FARC que posan de firmantes s\u00ed corresponde, en gran parte, con la informaci\u00f3n que tenemos sobre la presencia de elementos disidentes en estos frentes.<\/p>\n\n\n\n<p class=\"wp-block-paragraph\">El resurgimiento de un grupo de guerrilla pol\u00edtica de los vestigios de las FARC es una posibilidad en aumento, en especial dados los retrasos y deficiencias en la implementaci\u00f3n del acuerdo de paz por el gobierno.<\/p>\n\n\n\n<p class=\"wp-block-paragraph\">Hasta el momento, la disidencia de las FARC se ha asociado principalmente con la continuaci\u00f3n del control de las lucrativas econom\u00edas criminales que manejaban los guerrilleros. <a href=\"https:\/\/es.insightcrime.org\/noticias\/noticias-del-dia\/urabenos-reclutan-disidentes-proceso-paz-farc-colombia\/\" target=\"_blank\">Varios informes<\/a> han dado cuenta incluso del <a href=\"https:\/\/www.eltiempo.com\/politica\/proceso-de-paz\/retrasos-en-la-implementacion-de-los-acuerdos-de-paz-81524\" target=\"_blank\">reclutamiento de guerrilleros<\/a> por parte de Los Urabe\u00f1os, un grupo criminal cuyos or\u00edgenes se remontan a los paramilitares, enemigos hist\u00f3ricos de las FARC.<\/p>\n\n\n\n<p class=\"wp-block-paragraph\">Es cierto que se sabe que la mayor\u00eda de las unidades de las FARC que se dice est\u00e1n detr\u00e1s del comunicado mencionado participan en narcotr\u00e1fico, y la publicaci\u00f3n puede ser simplemente un intento de encubrir esos intereses. Pese a eso, ya se observan se\u00f1ales claras de descontento entre los guerrilleros que se est\u00e1n desmovilizando en las zonas de concentraci\u00f3n designadas.<\/p>\n\n\n\n<p class=\"wp-block-paragraph\">Como dijeron a InSight Crime dos comandantes de las FARC que se est\u00e1n desmovilizando, durante una reciente investigaci\u00f3n de campo en el departamento de Nari\u00f1o en Colombia, los guerrilleros que participan en el proceso de paz est\u00e1n profundamente insatisfechos por el incumplimiento del gobierno en la implementaci\u00f3n de las medidas acordadas. Esto alimenta un sentimiento cada vez mayor de que el gobierno solo tiene inter\u00e9s en la dejaci\u00f3n de armas de los antiguos guerrilleros.<\/p>\n\n\n\n<p class=\"wp-block-paragraph\"><strong><span style=\"color: #800000\">VEA TAMBI\u00c9N:<\/span><\/strong> <a href=\"\/component\/tags\/tag\/370-paz-con-las-farc\" target=\"_blank\">Cobertura sobre paz con las FARC<\/a><\/p>\n\n\n\n<p class=\"wp-block-paragraph\">Entre las fallas del gobierno, por ejemplo, est\u00e1 la ausencia de programas de sustituci\u00f3n de cultivos, uno de los pilares del acuerdo de paz. Esto ha <a href=\"https:\/\/es.insightcrime.org\/noticias\/noticias-del-dia\/grupos-criminales-promueven-protestas-erradicacion-coca-colombia\/\" target=\"_blank\">desatado cruentas protestas de los cocaleros<\/a>, que las autoridades atribuyen a instigaci\u00f3n de los grupos del crimen organizado.<\/p>\n\n\n\n<p class=\"wp-block-paragraph\">Incluso la log\u00edstica de montaje de las zonas de concentraci\u00f3n <a href=\"https:\/\/es.insightcrime.org\/noticias\/analisis\/resquebraja-unidad-farc-colombia\/\" target=\"_blank\">ha sido un problema<\/a> para el gobierno.<\/p>\n\n\n\n<p class=\"wp-block-paragraph\">\u201cSi esto, que era m\u00e1s f\u00e1cil, est\u00e1 fallando, \u00bfc\u00f3mo va a ser el proceso de reintegraci\u00f3n de los combatientes [a la sociedad] en unas zonas donde hay que ofrecerles proyectos productivos, estabilidad y futuro?\u201d, se pregunt\u00f3 Le\u00f3n Valencia, director de la Fundaci\u00f3n Paz y Reconciliaci\u00f3n, en una entrevista reciente con <a href=\"https:\/\/colombia2020.elespectador.com\/pais\/de-donde-vienen-las-balas-que-matan-los-lideres-sociales\" target=\"_blank\">El Espectador.<\/a><\/p>\n\n\n\n<p class=\"wp-block-paragraph\">Esa declaraci\u00f3n tambi\u00e9n se da en el contexto de los continuos <a href=\"https:\/\/es.insightcrime.org\/noticias\/analisis\/asesinato-exguerrillero-farc-complica-proceso-paz-colombia\/\" target=\"_blank\">asesinatos de l\u00edderes sociales<\/a> y, m\u00e1s recientemente, del <a href=\"https:\/\/es.insightcrime.org\/noticias\/analisis\/asesinato-exguerrillero-farc-complica-proceso-paz-colombia\/\" target=\"_blank\">asesinato de un integrante de las FARC<\/a> que se adhiri\u00f3 al proceso de paz. Esta violencia se parece demasiado a una historia de derramamiento de sangre luego de fallidos intentos de paz, todo lo cual se resalta en el comunicado.<\/p>\n\n\n\n<p class=\"wp-block-paragraph\">La falta de una implementaci\u00f3n oportuna y cabal del acuerdo de paz seguir\u00e1 atizando el temor y la disidencia entre los soldados desmovilizados de las FARC. Eventualmente, esta fr\u00e1gil situaci\u00f3n puede allanar el camino para el resurgimiento de una disidencia armada con motivaciones pol\u00edticas, quiz\u00e1s buscando movilizar a las comunidades contra las injusticias percibidas que afectan a la poblaci\u00f3n campesina pobre con un reclamo de legitimidad basada en la lucha ideol\u00f3gica inicial de las FARC.&nbsp;<\/p>\n","protected":false},"excerpt":{"rendered":"<p>Un comunicado presuntamente emitido por frentes disidentes de las FARC en Colombia indica que algunos guerrilleros mantienen la lucha pol\u00edtica armada del grupo pese al reciente acuerdo de paz con el gobierno o quiz\u00e1s m\u00e1s exactamente, por problemas con su implementaci\u00f3n.<\/p>\n","protected":false},"author":79,"featured_media":46381,"comment_status":"closed","ping_status":"closed","sticky":false,"template":"","format":"standard","meta":{"newspack_ads_suppress_ads":false,"newspack_popups_has_disabled_popups":false,"newspack_sponsor_sponsorship_scope":"","newspack_sponsor_native_byline_display":"inherit","newspack_sponsor_native_category_display":"inherit","newspack_sponsor_underwriter_style":"inherit","newspack_sponsor_underwriter_placement":"inherit","_EventAllDay":false,"_EventTimezone":"","_EventStartDate":"","_EventEndDate":"","_EventStartDateUTC":"","_EventEndDateUTC":"","_EventShowMap":false,"_EventShowMapLink":false,"_EventURL":"","_EventCost":"","_EventCostDescription":"","_EventCurrencySymbol":"","_EventCurrencyCode":"","_EventCurrencyPosition":"","_EventDateTimeSeparator":"","_EventTimeRangeSeparator":"","_EventOrganizerID":[],"_EventVenueID":[],"_OrganizerEmail":"","_OrganizerPhone":"","_OrganizerWebsite":"","_VenueAddress":"","_VenueCity":"","_VenueCountry":"","_VenueProvince":"","_VenueState":"","_VenueZip":"","_VenuePhone":"","_VenueURL":"","_VenueStateProvince":"","_VenueLat":"","_VenueLng":"","_VenueShowMap":false,"_VenueShowMapLink":false,"_newspack_byline_active":false,"_newspack_byline":"","newspack_hide_updated_date":false,"newspack_show_updated_date":false,"newspack_featured_image_position":"","newspack_post_subtitle":"","newspack_article_summary_title":"Overview:","newspack_article_summary":"","_jetpack_memberships_contains_paid_content":false,"footnotes":""},"categories":[334],"tags":[368,1542,475],"newspack_spnsrs_tax":[],"coauthors":[4036],"class_list":["post-28977","post","type-post","status-publish","format-standard","has-post-thumbnail","hentry","category-noticias-del-dia","tag-colombia-pais","tag-farc-ep","tag-paz-con-las-farc","entry"],"parsely":{"version":"1.1.0","canonical_url":"https:\/\/insightcrime.org\/es\/noticias\/noticias-del-dia\/disidencia-farc-podria-crecer-medio-traspies-implementacion-proceso-paz\/","smart_links":{"inbound":0,"outbound":0},"traffic_boost_suggestions_count":0,"meta":{"@context":"https:\/\/schema.org","@type":"NewsArticle","headline":"Disidencia de las FARC podr\u00eda crecer por traspi\u00e9s en implementaci\u00f3n de proceso de paz","url":"http:\/\/insightcrime.org\/es\/noticias\/noticias-del-dia\/disidencia-farc-podria-crecer-medio-traspies-implementacion-proceso-paz\/","mainEntityOfPage":{"@type":"WebPage","@id":"http:\/\/insightcrime.org\/es\/noticias\/noticias-del-dia\/disidencia-farc-podria-crecer-medio-traspies-implementacion-proceso-paz\/"},"thumbnailUrl":"https:\/\/i0.wp.com\/insightcrime.org\/wp-content\/uploads\/2017\/05\/es-17-04-27-Colombia-Dissidents-statement.jpeg?resize=150%2C150&quality=100&ssl=1","image":{"@type":"ImageObject","url":"https:\/\/i0.wp.com\/insightcrime.org\/wp-content\/uploads\/2017\/05\/es-17-04-27-Colombia-Dissidents-statement.jpeg?fit=350%2C250&quality=100&ssl=1"},"articleSection":"Noticias del d\u00eda","author":[{"@type":"Person","name":"Tristan Clavel"}],"creator":["Tristan Clavel"],"publisher":{"@type":"Organization","name":"InSight Crime","logo":"https:\/\/insightcrime.org\/wp-content\/uploads\/2023\/08\/logo.png"},"keywords":["colombia","farc","paz farc"],"dateCreated":"2017-09-13T23:57:59Z","datePublished":"2017-09-13T23:57:59Z","dateModified":"2023-04-24T20:59:15Z"},"rendered":"<meta name=\"parsely-title\" content=\"Disidencia de las FARC podr\u00eda crecer por traspi\u00e9s en implementaci\u00f3n de proceso de paz\" \/>\n<meta name=\"parsely-link\" content=\"http:\/\/insightcrime.org\/es\/noticias\/noticias-del-dia\/disidencia-farc-podria-crecer-medio-traspies-implementacion-proceso-paz\/\" \/>\n<meta name=\"parsely-type\" content=\"post\" \/>\n<meta name=\"parsely-image-url\" content=\"https:\/\/i0.wp.com\/insightcrime.org\/wp-content\/uploads\/2017\/05\/es-17-04-27-Colombia-Dissidents-statement.jpeg?resize=150%2C150&amp;quality=100&amp;ssl=1\" \/>\n<meta name=\"parsely-pub-date\" content=\"2017-09-13T23:57:59Z\" \/>\n<meta name=\"parsely-section\" content=\"Noticias del d\u00eda\" \/>\n<meta name=\"parsely-tags\" content=\"colombia,farc,paz farc\" \/>\n<meta name=\"parsely-author\" content=\"Tristan Clavel\" \/>","tracker_url":"https:\/\/cdn.parsely.com\/keys\/insightcrime.org\/p.js"},"jetpack_sharing_enabled":true,"jetpack-related-posts":[{"id":201670,"url":"https:\/\/insightcrime.org\/es\/noticias\/reaparicion-ivan-mordisco-reto-paz-total-colombia\/","url_meta":{"origin":28977,"position":0},"title":"Reaparici\u00f3n de Iv\u00e1n Mordisco trae nuevos retos para &#8216;Paz Total&#8217; en Colombia","author":"Juliana Manjarr\u00e9s","date":"18 de octubre de 2022","format":false,"excerpt":"Por tres meses, Colombia crey\u00f3 que Iv\u00e1n Mordisco hab\u00eda muerto en un operativo militar.","rel":"","context":"En \u00abNoticias\u00bb","block_context":{"text":"Noticias","link":"https:\/\/insightcrime.org\/es\/category\/noticias\/"},"img":{"alt_text":"","src":"https:\/\/i0.wp.com\/insightcrime.org\/wp-content\/uploads\/2022\/10\/IMG-destacado-Ivan-MordiscoV2.jpg?fit=1200%2C690&quality=100&ssl=1&resize=350%2C200","width":350,"height":200,"srcset":"https:\/\/i0.wp.com\/insightcrime.org\/wp-content\/uploads\/2022\/10\/IMG-destacado-Ivan-MordiscoV2.jpg?fit=1200%2C690&quality=100&ssl=1&resize=350%2C200 1x, https:\/\/i0.wp.com\/insightcrime.org\/wp-content\/uploads\/2022\/10\/IMG-destacado-Ivan-MordiscoV2.jpg?fit=1200%2C690&quality=100&ssl=1&resize=525%2C300 1.5x, https:\/\/i0.wp.com\/insightcrime.org\/wp-content\/uploads\/2022\/10\/IMG-destacado-Ivan-MordiscoV2.jpg?fit=1200%2C690&quality=100&ssl=1&resize=700%2C400 2x, https:\/\/i0.wp.com\/insightcrime.org\/wp-content\/uploads\/2022\/10\/IMG-destacado-Ivan-MordiscoV2.jpg?fit=1200%2C690&quality=100&ssl=1&resize=1050%2C600 3x"},"classes":[]},{"id":232566,"url":"https:\/\/insightcrime.org\/es\/noticias\/muerte-ivan-marquez-simplifica-negociaciones-paz-total\/","url_meta":{"origin":28977,"position":1},"title":"Muerte de Iv\u00e1n M\u00e1rquez simplifica negociaciones de la &#8216;Paz Total&#8217;","author":"Peter Appleby","date":"10 de julio de 2023","format":false,"excerpt":"Iv\u00e1n M\u00e1rquez, excomandante de las FARC, muri\u00f3 supuestamente en Venezuela, una muerte que seguramente tendr\u00e1 consecuencias de amplio alcance para las negociaciones de la \u201cPaz Total\u201d en Colombia.","rel":"","context":"En \u00abNoticias\u00bb","block_context":{"text":"Noticias","link":"https:\/\/insightcrime.org\/es\/category\/noticias\/"},"img":{"alt_text":"Imagen de Iv\u00e1n M\u00e1rquez, excomandante de las FARC, jefe negociador de los acuerdos de 2016 y comandante de la disidencia de la Segunda Marquetalia.","src":"https:\/\/i0.wp.com\/insightcrime.org\/wp-content\/uploads\/2023\/09\/ivan-marquez-1-1-1.jpeg?fit=350%2C250&quality=100&ssl=1&resize=350%2C200","width":350,"height":200},"classes":[]},{"id":206194,"url":"https:\/\/insightcrime.org\/es\/noticias\/gamechangers-2022-paz-total-desarmar-grupos-criminales-colombia\/","url_meta":{"origin":28977,"position":2},"title":"GameChangers 2022: \u00bfPodr\u00e1 la &#8216;Paz Total&#8217; desarmar a los grupos criminales en Colombia?","author":"Juan Diego Posada","date":"28 de diciembre de 2022","format":false,"excerpt":"El presidente de Colombia, Gustavo Petro, es ciertamente ambicioso. Pero su plan de Paz Total enfrenta un camino dif\u00edcil por delante.","rel":"","context":"En \u00abNoticias\u00bb","block_context":{"text":"Noticias","link":"https:\/\/insightcrime.org\/es\/category\/noticias\/"},"img":{"alt_text":"","src":"https:\/\/i0.wp.com\/insightcrime.org\/wp-content\/uploads\/2022\/12\/5.-Colombia-President-Gustavo-Petro-waits-to-give-a-press-conference-Nov-2022-AP22319620199511.jpg?fit=1200%2C450&quality=100&ssl=1&resize=350%2C200","width":350,"height":200,"srcset":"https:\/\/i0.wp.com\/insightcrime.org\/wp-content\/uploads\/2022\/12\/5.-Colombia-President-Gustavo-Petro-waits-to-give-a-press-conference-Nov-2022-AP22319620199511.jpg?fit=1200%2C450&quality=100&ssl=1&resize=350%2C200 1x, https:\/\/i0.wp.com\/insightcrime.org\/wp-content\/uploads\/2022\/12\/5.-Colombia-President-Gustavo-Petro-waits-to-give-a-press-conference-Nov-2022-AP22319620199511.jpg?fit=1200%2C450&quality=100&ssl=1&resize=525%2C300 1.5x, https:\/\/i0.wp.com\/insightcrime.org\/wp-content\/uploads\/2022\/12\/5.-Colombia-President-Gustavo-Petro-waits-to-give-a-press-conference-Nov-2022-AP22319620199511.jpg?fit=1200%2C450&quality=100&ssl=1&resize=700%2C400 2x, https:\/\/i0.wp.com\/insightcrime.org\/wp-content\/uploads\/2022\/12\/5.-Colombia-President-Gustavo-Petro-waits-to-give-a-press-conference-Nov-2022-AP22319620199511.jpg?fit=1200%2C450&quality=100&ssl=1&resize=1050%2C600 3x"},"classes":[]},{"id":291687,"url":"https:\/\/insightcrime.org\/es\/noticias\/divisiones-paz-total-aumentan-actividad-armada-huila-colombia\/","url_meta":{"origin":28977,"position":3},"title":"Divisiones sobre la Paz Total aumentan la actividad armada en Huila, Colombia","author":"Liza Schmidt","date":"9 de septiembre de 2024","format":false,"excerpt":"El aumento de la actividad criminal en un corredor de tr\u00e1nsito clave en el sur de Colombia, impulsado por las divisiones entre las antiguas facciones de las FARC en la zona, ilustra c\u00f3mo las negociaciones de paz con el gobierno est\u00e1n agitando las relaciones entre las facciones criminales.","rel":"","context":"En \u00abNoticias\u00bb","block_context":{"text":"Noticias","link":"https:\/\/insightcrime.org\/es\/category\/noticias\/"},"img":{"alt_text":"Three ex-FARC EMC members announce the creation of the Central Bloc. \nTres miembros del grupo EMC de los ex-FARC anuncian la creaci\u00f3n del bloque central.","src":"https:\/\/i0.wp.com\/insightcrime.org\/wp-content\/uploads\/2024\/09\/EMC-bloque-central-Huila-Colombia-El-Espectador.jpg?fit=350%2C250&quality=100&ssl=1&resize=350%2C200","width":350,"height":200},"classes":[]},{"id":210669,"url":"https:\/\/insightcrime.org\/es\/noticias-crimen-organizado-colombia\/ex-farc-mafia-estado-mayor-central\/","url_meta":{"origin":28977,"position":4},"title":"Estado Mayor Central &#8211; Disidencias de las FARC","author":"InSight Crime","date":"14 de junio de 2024","format":false,"excerpt":"El Estado Mayor Central (EMC) es una federaci\u00f3n de frentes disidentes de las Fuerzas Armadas Revolucionarias de Colombia (FARC) que decidieron no acogerse al proceso de paz firmado en 2016 entre esa guerrilla y el gobierno de Colombia.\u00a0\u00a0","rel":"","context":"En \u00abColombia\u00bb","block_context":{"text":"Colombia","link":"https:\/\/insightcrime.org\/es\/category\/noticias-crimen-organizado-colombia\/"},"img":{"alt_text":"Estado Mayor Central - Disidencias de las FARC, Colombia.","src":"https:\/\/i0.wp.com\/insightcrime.org\/wp-content\/uploads\/2026\/08\/Grupo-Criminal-Estado-Mayor-Central-Colombia.jpg?fit=1200%2C900&quality=100&ssl=1&resize=350%2C200","width":350,"height":200,"srcset":"https:\/\/i0.wp.com\/insightcrime.org\/wp-content\/uploads\/2026\/08\/Grupo-Criminal-Estado-Mayor-Central-Colombia.jpg?fit=1200%2C900&quality=100&ssl=1&resize=350%2C200 1x, https:\/\/i0.wp.com\/insightcrime.org\/wp-content\/uploads\/2026\/08\/Grupo-Criminal-Estado-Mayor-Central-Colombia.jpg?fit=1200%2C900&quality=100&ssl=1&resize=525%2C300 1.5x, https:\/\/i0.wp.com\/insightcrime.org\/wp-content\/uploads\/2026\/08\/Grupo-Criminal-Estado-Mayor-Central-Colombia.jpg?fit=1200%2C900&quality=100&ssl=1&resize=700%2C400 2x, https:\/\/i0.wp.com\/insightcrime.org\/wp-content\/uploads\/2026\/08\/Grupo-Criminal-Estado-Mayor-Central-Colombia.jpg?fit=1200%2C900&quality=100&ssl=1&resize=1050%2C600 3x"},"classes":[]},{"id":273228,"url":"https:\/\/insightcrime.org\/es\/news\/ex-farc-mafia-consolida-gobernanza-criminal-traves-carnetizacion-colombia\/","url_meta":{"origin":28977,"position":5},"title":"Disidencias FARC consolidan gobernanza criminal a trav\u00e9s de carnetizaci\u00f3n en Colombia","author":"Juan Camilo Jaramillo","date":"8 de abril de 2024","format":false,"excerpt":"La exigencia de un documento de identificaci\u00f3n por parte de las ex-FARC mafia en Colombia es la muestra m\u00e1s reciente del fortalecimiento y expansi\u00f3n territorial que varios grupos criminales vienen llevando a cabo en medio de los procesos de negociaci\u00f3n con el gobierno. En el transcurso de un debate en\u2026","rel":"","context":"En \u00abNews\u00bb","block_context":{"text":"News","link":"https:\/\/insightcrime.org\/category\/news\/"},"img":{"alt_text":"","src":"https:\/\/i0.wp.com\/insightcrime.org\/wp-content\/uploads\/2024\/04\/Colombia-ex-farc-mafia-issue-IDs-el-colombiano.jpg?fit=345%2C250&quality=100&ssl=1&resize=350%2C200","width":350,"height":200},"classes":[]}],"jetpack_featured_media_url":"https:\/\/i0.wp.com\/insightcrime.org\/wp-content\/uploads\/2017\/05\/es-17-04-27-Colombia-Dissidents-statement.jpeg?fit=350%2C250&quality=100&ssl=1","_links":{"self":[{"href":"https:\/\/insightcrime.org\/es\/wp-json\/wp\/v2\/posts\/28977","targetHints":{"allow":["GET"]}}],"collection":[{"href":"https:\/\/insightcrime.org\/es\/wp-json\/wp\/v2\/posts"}],"about":[{"href":"https:\/\/insightcrime.org\/es\/wp-json\/wp\/v2\/types\/post"}],"author":[{"embeddable":true,"href":"https:\/\/insightcrime.org\/es\/wp-json\/wp\/v2\/users\/79"}],"replies":[{"embeddable":true,"href":"https:\/\/insightcrime.org\/es\/wp-json\/wp\/v2\/comments?post=28977"}],"version-history":[{"count":1,"href":"https:\/\/insightcrime.org\/es\/wp-json\/wp\/v2\/posts\/28977\/revisions"}],"predecessor-version":[{"id":35518,"href":"https:\/\/insightcrime.org\/es\/wp-json\/wp\/v2\/posts\/28977\/revisions\/35518"}],"wp:featuredmedia":[{"embeddable":true,"href":"https:\/\/insightcrime.org\/es\/wp-json\/wp\/v2\/media\/46381"}],"wp:attachment":[{"href":"https:\/\/insightcrime.org\/es\/wp-json\/wp\/v2\/media?parent=28977"}],"wp:term":[{"taxonomy":"category","embeddable":true,"href":"https:\/\/insightcrime.org\/es\/wp-json\/wp\/v2\/categories?post=28977"},{"taxonomy":"post_tag","embeddable":true,"href":"https:\/\/insightcrime.org\/es\/wp-json\/wp\/v2\/tags?post=28977"},{"taxonomy":"newspack_spnsrs_tax","embeddable":true,"href":"https:\/\/insightcrime.org\/es\/wp-json\/wp\/v2\/newspack_spnsrs_tax?post=28977"},{"taxonomy":"author","embeddable":true,"href":"https:\/\/insightcrime.org\/es\/wp-json\/wp\/v2\/coauthors?post=28977"}],"curies":[{"name":"wp","href":"https:\/\/api.w.org\/{rel}","templated":true}]}}