{"id":29021,"date":"2017-05-04T13:09:52","date_gmt":"2017-09-13T23:59:18","guid":{"rendered":"https:\/\/insightcrime.org\/?p=29021"},"modified":"2023-04-24T15:59:25","modified_gmt":"2023-04-24T20:59:25","slug":"proyecto-ley-antipandillas-guatemala-otra-fallida-politica-mano-dura","status":"publish","type":"post","link":"https:\/\/insightcrime.org\/es\/noticias\/noticias-del-dia\/proyecto-ley-antipandillas-guatemala-otra-fallida-politica-mano-dura\/","title":{"rendered":"Proyecto de ley antipandillas en Guatemala, \u00bfotra pol\u00edtica fallida de &#8216;mano dura&#8217;?"},"content":{"rendered":"\n<p class=\"wp-block-paragraph\">Los legisladores de Guatemala han propuesto un nuevo proyecto de ley que busca atacar a las pandillas del pa\u00eds aumentando las multas y las penas de prisi\u00f3n para los pandilleros.&nbsp;Pero no est\u00e1 claro c\u00f3mo se implementar\u00e1 el proyecto de ley ni qu\u00e9 tan efectivo ser\u00e1.<\/p>\n\n\n\n<p class=\"wp-block-paragraph\">El proyecto de ley, propuesto por Felipe Alejos y Juan Ram\u00f3n Lau, del partido pol\u00edtico guatemalteco Todos, castigar\u00eda a quienes se vinculen a las pandillas y comentan cr\u00edmenes, con una pena de uno a cuatro a\u00f1os de prisi\u00f3n y una multa de entre 20.000 y 35.000 quetzales (entre US$2.700 y 4.700), inform\u00f3 <a href=\"https:\/\/www.prensalibre.com\/guatemala\/politica\/buscan-eliminar-a-las-maras-con-multas-y-carcel\" target=\"_blank\">Prensa Libre<\/a>.<\/p>\n\n\n\n<p class=\"wp-block-paragraph\">Estas sanciones se triplicar\u00e1n para aquellos que hayan obligado a menores de edad a vincularse a las pandillas.<\/p>\n\n\n\n<p class=\"wp-block-paragraph\">Para los l\u00edderes de las pandillas, sin embargo, los castigos ser\u00e1n a\u00fan m\u00e1s severos.&nbsp;Seg\u00fan Prensa Libre, quienes dirigen las operaciones de las pandillas enfrentar\u00edan una pena de prisi\u00f3n de 10 a 15 a\u00f1os, as\u00ed como una multa de 50.000 quetzales (unos US$6.800).<\/p>\n\n\n\n<p class=\"wp-block-paragraph\">El proyecto de ley tambi\u00e9n castigar\u00eda a quienes \u201cpromuevan, financien y se beneficien directamente\u201d de las estructuras criminales de las pandillas, con una pena de prisi\u00f3n de 6 a 12 a\u00f1os.<\/p>\n\n\n\n<p class=\"wp-block-paragraph\">La legislaci\u00f3n propuesta tambi\u00e9n prohibir\u00eda los grupos guerrilleros, inform\u00f3 Prensa Libre.<\/p>\n\n\n\n<h3 class=\"wp-block-heading\">An\u00e1lisis de InSight Crime<\/h3>\n\n\n\n<p class=\"wp-block-paragraph\">De ser aprobada, la nueva ley \u201cantimaras\u201d ser\u00eda muy dif\u00edcil de aplicar en Guatemala.&nbsp;Adem\u00e1s de que no producir\u00eda los resultados esperados, podr\u00eda empeorar la situaci\u00f3n, como ha ocurrido con otras pol\u00edticas similares en la regi\u00f3n.<\/p>\n\n\n\n<p class=\"wp-block-paragraph\">Desde principios de este siglo, los pa\u00edses del Tri\u00e1ngulo Norte de Centroam\u00e9rica \u2014El Salvador, Guatemala y Honduras\u2014 han recurrido a las <a href=\"https:\/\/es.insightcrime.org\/noticias\/analisis\/historia-judicial-fracasada-contra-pandillas\/\" target=\"_blank\">pol\u00edticas de \u201cmano dura\u201d<\/a> para combatir a los grupos criminales de la regi\u00f3n.&nbsp;En octubre de 2006, por ejemplo, El Salvador instaur\u00f3 la <a href=\"https:\/\/www.ssf.gob.sv\/index.php\/normativa\/leyes\/39-ley-especial-contra-actos-de-terrorismo\/79-ley-especial-contra-actos-de-terrorismo\" target=\"_blank\">Ley Especial contra Actos de Terrorismo<\/a>.&nbsp;Y en 2016, los legisladores de El Salvador <a href=\"https:\/\/es.insightcrime.org\/noticias\/noticias-del-dia\/el-salvador-reforma-clasificacion-pandillas-como-terroristas-penaliza-negociaciones\/\" target=\"_blank\">aprobaron medidas antipandillas<\/a> que permitieron clasificar a las pandillas como organizaciones terroristas.<\/p>\n\n\n\n<p class=\"wp-block-paragraph\">Sin embargo, estas pol\u00edticas han sido en gran parte ineficaces.&nbsp;Recientemente, un informe del International Crisis Group se\u00f1al\u00f3 el fracaso de estas estrategias en el Tri\u00e1ngulo Norte e hizo un llamado por una estrategia <a href=\"https:\/\/es.insightcrime.org\/noticias\/analisis\/informe-recomienda-menos-represion-respecto-problema-pandillas-centroamerica\/\" target=\"_blank\">\u201cmenos represiva\u201d<\/a> ante el problema de las pandillas en Centroam\u00e9rica.<\/p>\n\n\n\n<p class=\"wp-block-paragraph\"><span style=\"color: #800000\"><strong>VEA TAMBI\u00c9N:<\/strong><\/span> <a href=\"\/noticias-sobre-crimen-organizado-en-guatemala\" target=\"_blank\">Noticias y perfiles de Guatemala<\/a><\/p>\n\n\n\n<p class=\"wp-block-paragraph\">El proyecto de ley en Guatemala se asemeja mucho a las leyes implementadas en El Salvador, como la instauraci\u00f3n de penas m\u00e1s severas y el tratamiento de las pandillas como grupos terroristas, inform\u00f3<a href=\"https:\/\/lahora.gt\/congreso-busca-endurecer-penas-pandillas\/\" target=\"_blank\"> La Hora<\/a>.&nbsp;Zoel Franco, del Instituto de Estudios Comparados en Ciencias Penales de Guatemala (ICCPG), le explic\u00f3 a <a href=\"https:\/\/www.prensalibre.com\/guatemala\/politica\/iniciativa-antimaras-seria-inviable-en-el-pais\" target=\"_blank\">Prensa Libre<\/a> que la implementaci\u00f3n de leyes antipandillas en El Salvador deber\u00eda servir como advertencia para Guatemala.<\/p>\n\n\n\n<p class=\"wp-block-paragraph\">\u201cLos mismos ponentes de la Ley en El Salvador reconocieron que no hab\u00eda sido eficaz; al contrario, lo que se logr\u00f3 fue una restructuraci\u00f3n de las pandillas, al perfeccionar la acci\u00f3n delictiva\u201d.<\/p>\n\n\n\n<p class=\"wp-block-paragraph\">Por otra parte, Edgar Celada, analista de seguridad del Instituto de Problemas Nacionales de la Universidad de San Carlos (IPNUSAC), se\u00f1al\u00f3 que el proyecto de ley era un enfoque \u201cautoritario\u201d frente al problema, inform\u00f3 <a href=\"https:\/\/lahora.gt\/congreso-busca-endurecer-penas-pandillas\/\" target=\"_blank\">La Hora<\/a>.<\/p>\n\n\n\n<p class=\"wp-block-paragraph\">Todav\u00eda hay grandes debates al interior del gobierno de Guatemala acerca de lo que constituye un pandillero, lo cual plantea interrogantes acerca de los par\u00e1metros que se deben utilizar para arrestar a los miembros de estas organizaciones criminales.&nbsp;Podr\u00eda decirse que este proyecto de ley es una medida fallida para criminalizar a un segmento de la poblaci\u00f3n que no ha logrado ser claramente identificado por las autoridades y los legisladores.<\/p>\n\n\n\n<p class=\"wp-block-paragraph\">Las dificultades para identificar a los pandilleros y los grandes esfuerzos para detenerlos pueden llevar a empeorar el problema de hacinamiento de los sistemas penitenciarios latinoamericanos.&nbsp;Las c\u00e1rceles de la regi\u00f3n se han convertido en la \u201c<a href=\"https:\/\/es.insightcrime.org\/investigaciones\/dilema-prisiones-incubadoras-crimen-organizado-latinoamerica\/\" target=\"_blank\">principal incubadora<\/a>\u201d del crimen organizado, y es probable que el proyecto de ley de Guatemala empeore esta din\u00e1mica al aumentar el tama\u00f1o de la poblaci\u00f3n carcelaria.&nbsp;<\/p>\n","protected":false},"excerpt":{"rendered":"<p>Los legisladores de Guatemala han propuesto un nuevo proyecto de ley que busca atacar a las pandillas del pa\u00eds aumentando las multas y las penas de prisi\u00f3n para los pandilleros.&nbsp;Pero no est\u00e1 claro c\u00f3mo se implementar\u00e1 el proyecto de ley ni qu\u00e9 tan efectivo ser\u00e1.<\/p>\n","protected":false},"author":90,"featured_media":46403,"comment_status":"closed","ping_status":"closed","sticky":false,"template":"","format":"standard","meta":{"newspack_ads_suppress_ads":false,"newspack_popups_has_disabled_popups":false,"newspack_sponsor_sponsorship_scope":"","newspack_sponsor_native_byline_display":"inherit","newspack_sponsor_native_category_display":"inherit","newspack_sponsor_underwriter_style":"inherit","newspack_sponsor_underwriter_placement":"inherit","_EventAllDay":false,"_EventTimezone":"","_EventStartDate":"","_EventEndDate":"","_EventStartDateUTC":"","_EventEndDateUTC":"","_EventShowMap":false,"_EventShowMapLink":false,"_EventURL":"","_EventCost":"","_EventCostDescription":"","_EventCurrencySymbol":"","_EventCurrencyCode":"","_EventCurrencyPosition":"","_EventDateTimeSeparator":"","_EventTimeRangeSeparator":"","_EventOrganizerID":[],"_EventVenueID":[],"_OrganizerEmail":"","_OrganizerPhone":"","_OrganizerWebsite":"","_VenueAddress":"","_VenueCity":"","_VenueCountry":"","_VenueProvince":"","_VenueState":"","_VenueZip":"","_VenuePhone":"","_VenueURL":"","_VenueStateProvince":"","_VenueLat":"","_VenueLng":"","_VenueShowMap":false,"_VenueShowMapLink":false,"_newspack_byline_active":false,"_newspack_byline":"","newspack_hide_updated_date":false,"newspack_show_updated_date":false,"newspack_featured_image_position":"","newspack_post_subtitle":"","newspack_article_summary_title":"Overview:","newspack_article_summary":"","_jetpack_memberships_contains_paid_content":false,"footnotes":""},"categories":[334],"tags":[375,1540,374,398,438,3474],"newspack_spnsrs_tax":[],"coauthors":[4065],"class_list":["post-29021","post","type-post","status-publish","format-standard","has-post-thumbnail","hentry","category-noticias-del-dia","tag-barrio-18-grupo","tag-el-salvador-pais","tag-guatemala-pais","tag-honduras-pais","tag-politicas-de-seguridad","tag-triangulo-del-norte","entry"],"parsely":{"version":"1.1.0","canonical_url":"https:\/\/insightcrime.org\/es\/noticias\/noticias-del-dia\/proyecto-ley-antipandillas-guatemala-otra-fallida-politica-mano-dura\/","smart_links":{"inbound":0,"outbound":0},"traffic_boost_suggestions_count":0,"meta":{"@context":"https:\/\/schema.org","@type":"NewsArticle","headline":"Proyecto de ley antipandillas en Guatemala, \u00bfotra pol\u00edtica fallida de &#8216;mano dura&#8217;?","url":"http:\/\/insightcrime.org\/es\/noticias\/noticias-del-dia\/proyecto-ley-antipandillas-guatemala-otra-fallida-politica-mano-dura\/","mainEntityOfPage":{"@type":"WebPage","@id":"http:\/\/insightcrime.org\/es\/noticias\/noticias-del-dia\/proyecto-ley-antipandillas-guatemala-otra-fallida-politica-mano-dura\/"},"thumbnailUrl":"https:\/\/i0.wp.com\/insightcrime.org\/wp-content\/uploads\/2017\/05\/es-17-05-02-MS13-in-Prison.jpg?resize=150%2C150&quality=100&ssl=1","image":{"@type":"ImageObject","url":"https:\/\/i0.wp.com\/insightcrime.org\/wp-content\/uploads\/2017\/05\/es-17-05-02-MS13-in-Prison.jpg?fit=350%2C250&quality=100&ssl=1"},"articleSection":"Noticias del d\u00eda","author":[{"@type":"Person","name":"Parker Asmann"}],"creator":["Parker Asmann"],"publisher":{"@type":"Organization","name":"InSight Crime","logo":"https:\/\/insightcrime.org\/wp-content\/uploads\/2023\/08\/logo.png"},"keywords":["barrio 18","el salvador","guatemala","honduras","pol\u00edticas de seguridad","tri\u00e1ngulo del norte"],"dateCreated":"2017-09-13T23:59:18Z","datePublished":"2017-09-13T23:59:18Z","dateModified":"2023-04-24T20:59:25Z"},"rendered":"<meta name=\"parsely-title\" content=\"Proyecto de ley antipandillas en Guatemala, \u00bfotra pol\u00edtica fallida de &#8216;mano dura&#8217;?\" \/>\n<meta name=\"parsely-link\" content=\"http:\/\/insightcrime.org\/es\/noticias\/noticias-del-dia\/proyecto-ley-antipandillas-guatemala-otra-fallida-politica-mano-dura\/\" \/>\n<meta name=\"parsely-type\" content=\"post\" \/>\n<meta name=\"parsely-image-url\" content=\"https:\/\/i0.wp.com\/insightcrime.org\/wp-content\/uploads\/2017\/05\/es-17-05-02-MS13-in-Prison.jpg?resize=150%2C150&amp;quality=100&amp;ssl=1\" \/>\n<meta name=\"parsely-pub-date\" content=\"2017-09-13T23:59:18Z\" \/>\n<meta name=\"parsely-section\" content=\"Noticias del d\u00eda\" \/>\n<meta name=\"parsely-tags\" content=\"barrio 18,el salvador,guatemala,honduras,pol\u00edticas de seguridad,tri\u00e1ngulo del norte\" \/>\n<meta name=\"parsely-author\" content=\"Parker Asmann\" \/>","tracker_url":"https:\/\/cdn.parsely.com\/keys\/insightcrime.org\/p.js"},"jetpack_sharing_enabled":true,"jetpack-related-posts":[{"id":188915,"url":"https:\/\/insightcrime.org\/es\/noticias\/entrevistas\/podra-gustavo-petro-legalizar-coca-cocaina-colombia\/","url_meta":{"origin":29021,"position":0},"title":"\u00bfPodr\u00e1 Gustavo Petro legalizar la coca y la coca\u00edna en Colombia?","author":"Gabrielle Gorder","date":"21 de junio de 2022","format":false,"excerpt":"Un pol\u00e9mico proyecto de ley que propone legalizar la hoja de coca y sus derivados, incluida la coca\u00edna, toma fuerza en Colombia. Existe la esperanza de que el gobierno entrante de Gustavo Petro lo vea incluso con buenos ojos.","rel":"","context":"En \u00abQ&amp;A\u00bb","block_context":{"text":"Q&amp;A","link":"https:\/\/insightcrime.org\/es\/category\/noticias\/entrevistas\/"},"img":{"alt_text":"legalizaci\u00f3n de la coca\u00edna en Colombia","src":"https:\/\/i0.wp.com\/insightcrime.org\/wp-content\/uploads\/2022\/06\/Una-comisio%CC%81n-del-Senado-de-Colombia-aprueba-el-proyecto-de-Ley-para-regular-la-coca-y-la-cocai%CC%81na-e1655737280571.jpg?fit=1200%2C514&quality=100&ssl=1&resize=350%2C200","width":350,"height":200,"srcset":"https:\/\/i0.wp.com\/insightcrime.org\/wp-content\/uploads\/2022\/06\/Una-comisio%CC%81n-del-Senado-de-Colombia-aprueba-el-proyecto-de-Ley-para-regular-la-coca-y-la-cocai%CC%81na-e1655737280571.jpg?fit=1200%2C514&quality=100&ssl=1&resize=350%2C200 1x, https:\/\/i0.wp.com\/insightcrime.org\/wp-content\/uploads\/2022\/06\/Una-comisio%CC%81n-del-Senado-de-Colombia-aprueba-el-proyecto-de-Ley-para-regular-la-coca-y-la-cocai%CC%81na-e1655737280571.jpg?fit=1200%2C514&quality=100&ssl=1&resize=525%2C300 1.5x, https:\/\/i0.wp.com\/insightcrime.org\/wp-content\/uploads\/2022\/06\/Una-comisio%CC%81n-del-Senado-de-Colombia-aprueba-el-proyecto-de-Ley-para-regular-la-coca-y-la-cocai%CC%81na-e1655737280571.jpg?fit=1200%2C514&quality=100&ssl=1&resize=700%2C400 2x, https:\/\/i0.wp.com\/insightcrime.org\/wp-content\/uploads\/2022\/06\/Una-comisio%CC%81n-del-Senado-de-Colombia-aprueba-el-proyecto-de-Ley-para-regular-la-coca-y-la-cocai%CC%81na-e1655737280571.jpg?fit=1200%2C514&quality=100&ssl=1&resize=1050%2C600 3x"},"classes":[]},{"id":348269,"url":"https:\/\/insightcrime.org\/es\/noticias\/mapa-megacarceles-america-latina\/","url_meta":{"origin":29021,"position":1},"title":"Mapa de las megac\u00e1rceles de Am\u00e9rica Latina","author":"Liza Schmidt","date":"3 de agosto de 2026","format":false,"excerpt":"Desde que el presidente de El Salvador, Nayib Bukele, inaugur\u00f3 su famoso Centro de Confinamiento del Terrorismo (CECOT) hace tres a\u00f1os, varios l\u00edderes de Am\u00e9rica Latina han intentado seguir sus pasos con la esperanza de replicar el \u00e9xito salvadore\u00f1o en la represi\u00f3n de las pandillas.","rel":"","context":"En \u00abNoticias\u00bb","block_context":{"text":"Noticias","link":"https:\/\/insightcrime.org\/es\/category\/noticias\/"},"img":{"alt_text":"","src":"https:\/\/i0.wp.com\/insightcrime.org\/wp-content\/uploads\/2026\/08\/Flagship-InSight-Crime-Megaprisions-latinamerica-siza-july-2026.jpg?fit=1200%2C675&quality=100&ssl=1&resize=350%2C200","width":350,"height":200,"srcset":"https:\/\/i0.wp.com\/insightcrime.org\/wp-content\/uploads\/2026\/08\/Flagship-InSight-Crime-Megaprisions-latinamerica-siza-july-2026.jpg?fit=1200%2C675&quality=100&ssl=1&resize=350%2C200 1x, https:\/\/i0.wp.com\/insightcrime.org\/wp-content\/uploads\/2026\/08\/Flagship-InSight-Crime-Megaprisions-latinamerica-siza-july-2026.jpg?fit=1200%2C675&quality=100&ssl=1&resize=525%2C300 1.5x, https:\/\/i0.wp.com\/insightcrime.org\/wp-content\/uploads\/2026\/08\/Flagship-InSight-Crime-Megaprisions-latinamerica-siza-july-2026.jpg?fit=1200%2C675&quality=100&ssl=1&resize=700%2C400 2x, https:\/\/i0.wp.com\/insightcrime.org\/wp-content\/uploads\/2026\/08\/Flagship-InSight-Crime-Megaprisions-latinamerica-siza-july-2026.jpg?fit=1200%2C675&quality=100&ssl=1&resize=1050%2C600 3x"},"classes":[]},{"id":333020,"url":"https:\/\/insightcrime.org\/es\/noticias\/como-crisis-pandillera-guatemala-alcanzo-punto-algido\/","url_meta":{"origin":29021,"position":2},"title":"C\u00f3mo la crisis pandillera en Guatemala alcanz\u00f3 un punto \u00e1lgido","author":"Alex Papadovassilakis","date":"18 de febrero de 2026","format":false,"excerpt":"Dos a\u00f1os despu\u00e9s de que el presidente de Guatemala prometiera un enfoque renovado, el pa\u00eds est\u00e1 regresando a la vieja f\u00f3rmula de pol\u00edticas de seguridad de mano dura en medio de un resurgimiento de la violencia asociada a las pandillas.","rel":"","context":"En \u00abNoticias\u00bb","block_context":{"text":"Noticias","link":"https:\/\/insightcrime.org\/es\/category\/noticias\/"},"img":{"alt_text":"MS13 gang violence guatemala ","src":"https:\/\/i0.wp.com\/insightcrime.org\/wp-content\/uploads\/2026\/02\/Feature-Image-A-soldier-patrols-during-a-state-of-emergency-Guatemala-City-AP26021548465526.jpg?fit=1200%2C690&quality=100&ssl=1&resize=350%2C200","width":350,"height":200,"srcset":"https:\/\/i0.wp.com\/insightcrime.org\/wp-content\/uploads\/2026\/02\/Feature-Image-A-soldier-patrols-during-a-state-of-emergency-Guatemala-City-AP26021548465526.jpg?fit=1200%2C690&quality=100&ssl=1&resize=350%2C200 1x, https:\/\/i0.wp.com\/insightcrime.org\/wp-content\/uploads\/2026\/02\/Feature-Image-A-soldier-patrols-during-a-state-of-emergency-Guatemala-City-AP26021548465526.jpg?fit=1200%2C690&quality=100&ssl=1&resize=525%2C300 1.5x, https:\/\/i0.wp.com\/insightcrime.org\/wp-content\/uploads\/2026\/02\/Feature-Image-A-soldier-patrols-during-a-state-of-emergency-Guatemala-City-AP26021548465526.jpg?fit=1200%2C690&quality=100&ssl=1&resize=700%2C400 2x, https:\/\/i0.wp.com\/insightcrime.org\/wp-content\/uploads\/2026\/02\/Feature-Image-A-soldier-patrols-during-a-state-of-emergency-Guatemala-City-AP26021548465526.jpg?fit=1200%2C690&quality=100&ssl=1&resize=1050%2C600 3x"},"classes":[]},{"id":232532,"url":"https:\/\/insightcrime.org\/es\/noticias\/nuevas-medidas-en-el-salvador-robustecen-la-represion-contra-las-pandillas\/","url_meta":{"origin":29021,"position":3},"title":"Nuevas medidas en El Salvador intensifican la represi\u00f3n contra las pandillas","author":"Gavin Voss","date":"4 de agosto de 2023","format":false,"excerpt":"Con el despliegue de miles de soldados en zonas rurales de El Salvador y una nueva legislaci\u00f3n que permite enjuiciar cientos de personas a la vez, el presidente Nayib Bukele ha expuesto la m\u00e1s reciente escalada de su campa\u00f1a de mano dura.","rel":"","context":"En \u00abNoticias\u00bb","block_context":{"text":"Noticias","link":"https:\/\/insightcrime.org\/es\/category\/noticias\/"},"img":{"alt_text":"Marcha de soldados durante el anuncio del presidente de El Salvador, Bukele, de una movilizaci\u00f3n militar en Caba\u00f1as.","src":"https:\/\/i0.wp.com\/insightcrime.org\/wp-content\/uploads\/2023\/09\/El-Salvador-cabanas-troops-security-policy-Nayib-Bukele-Twitter-1.jpeg?fit=350%2C250&quality=100&ssl=1&resize=350%2C200","width":350,"height":200},"classes":[]},{"id":129477,"url":"https:\/\/insightcrime.org\/es\/noticias\/fiscales-de-ee-uu-acomodan-ley-ms13\/","url_meta":{"origin":29021,"position":4},"title":"De mafiosos a terroristas: c\u00f3mo fiscales de EE.UU. acomodaron la ley contra la MS13","author":"Steven Dudley","date":"18 de enero de 2021","format":false,"excerpt":"La reciente decisi\u00f3n del gobierno estadounidense de acusar de terrorismo a las cabezas visibles de la MS13 en El Salvador puede ser una se\u00f1al de lo mal que entienden a esta pandilla o de lo bien que entienden su sistema de justicia.","rel":"","context":"En \u00abNoticias\u00bb","block_context":{"text":"Noticias","link":"https:\/\/insightcrime.org\/es\/category\/noticias\/"},"img":{"alt_text":"","src":"https:\/\/i0.wp.com\/insightcrime.org\/wp-content\/uploads\/2021\/01\/Gang-negotiations-El-salvador-truce-covid-face-masks-Nayib-Bukele-sept-2020-AP_20248762682929.jpg?fit=1200%2C600&quality=100&ssl=1&resize=350%2C200","width":350,"height":200,"srcset":"https:\/\/i0.wp.com\/insightcrime.org\/wp-content\/uploads\/2021\/01\/Gang-negotiations-El-salvador-truce-covid-face-masks-Nayib-Bukele-sept-2020-AP_20248762682929.jpg?fit=1200%2C600&quality=100&ssl=1&resize=350%2C200 1x, https:\/\/i0.wp.com\/insightcrime.org\/wp-content\/uploads\/2021\/01\/Gang-negotiations-El-salvador-truce-covid-face-masks-Nayib-Bukele-sept-2020-AP_20248762682929.jpg?fit=1200%2C600&quality=100&ssl=1&resize=525%2C300 1.5x, https:\/\/i0.wp.com\/insightcrime.org\/wp-content\/uploads\/2021\/01\/Gang-negotiations-El-salvador-truce-covid-face-masks-Nayib-Bukele-sept-2020-AP_20248762682929.jpg?fit=1200%2C600&quality=100&ssl=1&resize=700%2C400 2x, https:\/\/i0.wp.com\/insightcrime.org\/wp-content\/uploads\/2021\/01\/Gang-negotiations-El-salvador-truce-covid-face-masks-Nayib-Bukele-sept-2020-AP_20248762682929.jpg?fit=1200%2C600&quality=100&ssl=1&resize=1050%2C600 3x"},"classes":[]},{"id":306159,"url":"https:\/\/insightcrime.org\/es\/noticias\/nuevo-proyecto-de-ley-brasil-busca-frenar-influencia-narco-sobre-musica\/","url_meta":{"origin":29021,"position":5},"title":"Nuevo proyecto de ley busca frenar la influencia narco sobre la m\u00fasica en Brasil","author":"Creusa Mu\u00f1oz","date":"24 de marzo de 2025","format":false,"excerpt":"Un nuevo proyecto de ley anticrimen en Brasil apunta al hijo de un l\u00edder encarcelado del Comando Rojo, quien utiliza su m\u00fasica para abogar por la liberaci\u00f3n de su padre. Pero es poco probable que la medida tenga un impacto real sobre el crimen organizado o la popularidad de la\u2026","rel":"","context":"En \u00abNoticias\u00bb","block_context":{"text":"Noticias","link":"https:\/\/insightcrime.org\/es\/category\/noticias\/"},"img":{"alt_text":"","src":"https:\/\/i0.wp.com\/insightcrime.org\/wp-content\/uploads\/2025\/03\/2025-03-21-Oruam-Red-Command-Brazil.jpg?fit=350%2C250&quality=100&ssl=1&resize=350%2C200","width":350,"height":200},"classes":[]}],"jetpack_featured_media_url":"https:\/\/i0.wp.com\/insightcrime.org\/wp-content\/uploads\/2017\/05\/es-17-05-02-MS13-in-Prison.jpg?fit=350%2C250&quality=100&ssl=1","_links":{"self":[{"href":"https:\/\/insightcrime.org\/es\/wp-json\/wp\/v2\/posts\/29021","targetHints":{"allow":["GET"]}}],"collection":[{"href":"https:\/\/insightcrime.org\/es\/wp-json\/wp\/v2\/posts"}],"about":[{"href":"https:\/\/insightcrime.org\/es\/wp-json\/wp\/v2\/types\/post"}],"author":[{"embeddable":true,"href":"https:\/\/insightcrime.org\/es\/wp-json\/wp\/v2\/users\/90"}],"replies":[{"embeddable":true,"href":"https:\/\/insightcrime.org\/es\/wp-json\/wp\/v2\/comments?post=29021"}],"version-history":[{"count":1,"href":"https:\/\/insightcrime.org\/es\/wp-json\/wp\/v2\/posts\/29021\/revisions"}],"predecessor-version":[{"id":35531,"href":"https:\/\/insightcrime.org\/es\/wp-json\/wp\/v2\/posts\/29021\/revisions\/35531"}],"wp:featuredmedia":[{"embeddable":true,"href":"https:\/\/insightcrime.org\/es\/wp-json\/wp\/v2\/media\/46403"}],"wp:attachment":[{"href":"https:\/\/insightcrime.org\/es\/wp-json\/wp\/v2\/media?parent=29021"}],"wp:term":[{"taxonomy":"category","embeddable":true,"href":"https:\/\/insightcrime.org\/es\/wp-json\/wp\/v2\/categories?post=29021"},{"taxonomy":"post_tag","embeddable":true,"href":"https:\/\/insightcrime.org\/es\/wp-json\/wp\/v2\/tags?post=29021"},{"taxonomy":"newspack_spnsrs_tax","embeddable":true,"href":"https:\/\/insightcrime.org\/es\/wp-json\/wp\/v2\/newspack_spnsrs_tax?post=29021"},{"taxonomy":"author","embeddable":true,"href":"https:\/\/insightcrime.org\/es\/wp-json\/wp\/v2\/coauthors?post=29021"}],"curies":[{"name":"wp","href":"https:\/\/api.w.org\/{rel}","templated":true}]}}