{"id":29025,"date":"2017-05-05T15:55:27","date_gmt":"2017-09-13T23:59:25","guid":{"rendered":"https:\/\/insightcrime.org\/?p=29025"},"modified":"2023-04-24T15:59:26","modified_gmt":"2023-04-24T20:59:26","slug":"cultura-politica-mexico-retrasa-justicia-casos-periodistas-asesinados","status":"publish","type":"post","link":"https:\/\/insightcrime.org\/es\/noticias\/analisis\/cultura-politica-mexico-retrasa-justicia-casos-periodistas-asesinados\/","title":{"rendered":"Cultura pol\u00edtica en M\u00e9xico retrasa justicia en casos de periodistas asesinados"},"content":{"rendered":"\n<p class=\"wp-block-paragraph\">El Comit\u00e9 para la Protecci\u00f3n de los Periodistas (CPJ) exigi\u00f3 una vez m\u00e1s que se acabe con la impunidad en torno al asesinato de periodistas en M\u00e9xico despu\u00e9s de una \u00e9poca particularmente violenta para la profesi\u00f3n. Pero las diferentes fuerzas responsables de las agresiones muchas veces pueden contribuir a la impunidad, en lugar de reducirla.<\/p>\n\n\n\n<p class=\"wp-block-paragraph\">La violencia ligada al narcotr\u00e1fico y al crimen organizado es el principal peligro para los reporteros en M\u00e9xico, seg\u00fan <a href=\"https:\/\/www.cpj.org\/es\/2017\/05\/sin-excusa-mexico-debe-quebrar-el-ciclo-de-impunid.php\" target=\"_blank\">un nuevo informe<\/a> del CPJ, que ha documentado m\u00e1s de 50 casos de homicidio o desaparici\u00f3n de periodistas o trabajadores de medios desde 2010.<\/p>\n\n\n\n<p class=\"wp-block-paragraph\">Por lo menos cinco periodistas han sido asesinados desde que comenz\u00f3 2017, entre ellos <a href=\"\/noticias-del-dia\/asesinatos-periodistas-mexico-podria-ser-obra-crimen-organizado\" target=\"_blank\">Miroslava Breach Velducea<\/a>, la corresponsal en Chihuahua para la agencia nacional de noticias La Jornada, de M\u00e9xico. La muerte m\u00e1s reciente fue la de <a href=\"https:\/\/almargen.mx\/asesinan-balazos-al-periodista-filiberto-alvarez\/\" target=\"_blank\">Filiberto \u00c1lvarez Landeros<\/a>, el 29 de abril.<\/p>\n\n\n\n<p class=\"wp-block-paragraph\">La calificaci\u00f3n de impunidad en M\u00e9xico ha subido m\u00e1s del doble desde 2008, seg\u00fan <a href=\"https:\/\/cpj.org\/reports\/2016\/10\/impunity-index-getting-away-with-murder-killed-justice.php\" target=\"_blank\">el conteo del CPJ de los casos donde la v\u00edctima es un periodista<\/a>. Casi en todos los casos de aesinatos por retaliaci\u00f3n directa por su trabajo, la justicia se mantiene elusiva y la impunidad es la norma.<\/p>\n\n\n\n<p class=\"wp-block-paragraph\">Recientemente, es el estado de Veracruz el lugar donde <a href=\"\/noticias-del-dia\/veracruz-mexico-epicentro-violencia-contra-periodistas-latinoamerica\" target=\"_blank\">m\u00e1s ha arreciado la violencia contra los periodistas<\/a>. No es coincidencia que hasta hace poco el estado estuviera gobernado por una de las administraciones m\u00e1s audazmente corruptas de la que se haya tenido noticia, y que se haya <a href=\"\/noticias\/analisis\/violencia-veracruz-adaptacion-carteles-nueva-dinamica-politica\" target=\"_blank\">consumido por la violencia y las desapariciones relacionadas con drogas<\/a>.<\/p>\n\n\n\n<p class=\"wp-block-paragraph\">El exgobernador Javier Duarte \u2014quien fue capturado hace poco en Guatemala seis meses despu\u00e9s de estar <a href=\"\/noticias-del-dia\/nuevas-acusaciones-malversacion-contra-exgobernador-mexico-fugitivo\" target=\"_blank\">fugitivo de acusaciones relacionadas con corrupci\u00f3n<\/a>, crimen organizado y malversaci\u00f3n\u2014dirigi\u00f3 entre 2010 y 2016 una administraci\u00f3n en la que los ataques a la prensa eran comunes y quedaban impunes. Por lo menos seis periodistas cayeron por motivos relacionados con su trabajo mientras \u00e9l dirig\u00eda el estado, afirma el CPJ.<\/p>\n\n\n\n<p class=\"wp-block-paragraph\">\u201cLos periodistas est\u00e1n atrapados en el binomio insano de la corrupci\u00f3n y la impunidad, provocado por uno a\u00fan m\u00e1s fatal: la uni\u00f3n de Gobierno y crimen organizado contra la prensa libre, contra la verdad revelada en una investigaci\u00f3n, contra el reportaje y la cr\u00edtica\u201d, destaca Adela Navarro Bello, directora de la revista Zeta de Tijuana, en su prefacio al informe.<\/p>\n\n\n\n<p class=\"wp-block-paragraph\"><strong><span style=\"color: #800000;\">VEA TAMBI\u00c9N:<\/span><\/strong> <a href=\"\/noticias-sobre-crimen-organizado-en-mexico\" target=\"_blank\">Noticias y perfiles de M\u00e9xico<\/a><\/p>\n\n\n\n<p class=\"wp-block-paragraph\">Navarro se refiere a la din\u00e1mica de la narcopol\u00edtica, que es un factor importante en las agresiones contra los periodistas. Los gobiernos locales en colusi\u00f3n con los grupos criminales tienen tanto inter\u00e9s en cerrarle la boca a la prensa como los criminales que les pagan y con quienes se asocian.<\/p>\n\n\n\n<p class=\"wp-block-paragraph\">Pero hay otras din\u00e1micas en M\u00e9xico que tambi\u00e9n pueden dar lugar a problemas. En ocasiones, periodistas y publicaciones mexicanos tambi\u00e9n adoptan pr\u00e1cticas poco \u00e9ticas. Maria de los Angeles Velasco de Noticias, Voz e Imagen de Oaxaca, explicaba en el informe del CPJ que algunos reporteros aceptan regalos de pol\u00edticos para escribir art\u00edculos que favorezcan su imagen. Otros entran en arreglos m\u00e1s formales para recibir pagos mensuales de los pol\u00edticos a cambio de hacerles un cubrimiento period\u00edstico favorable, a\u00f1adi\u00f3.<\/p>\n\n\n\n<p class=\"wp-block-paragraph\">El apoyo financiero del que dependen muchos peri\u00f3dicos muchas veces viene en su gran mayor\u00eda del gobierno y muchas veces est\u00e1 condicionado. Pedro Mat\u00edas, corresponsal en Oaxaca para la revista Proceso, de Ciudad de M\u00e9xico, coment\u00f3 al CPJ que muchos peri\u00f3dicos, canales de televisi\u00f3n y emisoras de radio del Estado dependen financieramente de la publicidad del gobierno, la cual puede darse o quitarse, dependiendo \u201cdel tono de la cobertura\u201d.<\/p>\n\n\n\n<p class=\"wp-block-paragraph\">Otro aspecto financiero tambi\u00e9n expone a algunos reporteros y publicaciones a una elecci\u00f3n forzosa entre \u201cplata o plomo\u201d, que traducido en t\u00e9rminos amplios significa o un soborno o una bala. El salario normal para los periodistas que trabajan fuera de Ciudad de M\u00e9xico es incre\u00edblemente exiguo; los independientes reciben entre US$5 y US$10 por un art\u00edculo, y alrededor de US$3 por fotograf\u00eda, seg\u00fan el informe. Es posible que recibir pagos del crimen organizado o de funcionarios del gobierno sea muchas veces cuesti\u00f3n de supervivencia, m\u00e1s que falta de \u00e9tica. Y las organizaciones de medios mexicanos muchas veces no alcanzan a brindar capacitaci\u00f3n, protecci\u00f3n y apoyo a su equipo, y mucho menos a sus colaboradores freelance.<\/p>\n\n\n\n<h3 class=\"wp-block-heading\">An\u00e1lisis de InSight Crime<\/h3>\n\n\n\n<p class=\"wp-block-paragraph\">La represi\u00f3n contra la prensa tiene una larga tradici\u00f3n en M\u00e9xico. Las clases pol\u00edticas del pa\u00eds, bajo el Partido Revolucionario Institucional (PRI), que gobern\u00f3 durante 71 a\u00f1os, se habitu\u00f3 con los a\u00f1os a ejercer bastante control sobre la prensa y algo de esa actitud se mantiene hoy en d\u00eda.<\/p>\n\n\n\n<p class=\"wp-block-paragraph\">Desde la llegada de la democracia a M\u00e9xico en el a\u00f1o 2000, los medios del pa\u00eds han cobrado mayor independencia. El aumento de las publicaciones en internet por esa misma \u00e9poca llev\u00f3 a la creaci\u00f3n de una pl\u00e9tora de nuevas voces, blogs y agencias editoriales. Pero la clase pol\u00edtica sigue esperando en gran parte que la prensa se les ofrezca, en parte porque \u2014aunque con una serie m\u00e1s diversa de nombres, por no decir de intereses\u2014 siguen pagando las cuentas.<\/p>\n\n\n\n<p class=\"wp-block-paragraph\">Los regalos y pagos mensuales formales que menciona Velasco se conocen como <a href=\"https:\/\/knightcenter.utexas.edu\/blog\/00-12083-journalists-face-death-and-impunity-provincial-mexico-says-renowned-writer-alma-guille\" target=\"_blank\">\u201cchayote\u201d en M\u00e9xico<\/a>, y aunque esos acuerdos entre agencias son mucho menos comunes hoy en d\u00eda, a\u00fan tienden a persistir. Los grupos criminales, adem\u00e1s de los gobiernos, tambi\u00e9n controlan de ese modo a los medios. Algunos incluso <a href=\"https:\/\/www.pri.org\/stories\/2010-11-05\/analysis-pr-department-mexicos-narcos\" target=\"_blank\">publican boletines de prensa.<\/a> Eso pone a reporteros y agencias de noticias en la mira de organizaciones pol\u00edticas y criminales rivales que no recibieron buena cobertura. Tambi\u00e9n puede motivar retaliaciones de quienes pagaron por cobertura si lo publicado no se ajusta a sus expectativas.<\/p>\n\n\n\n<p class=\"wp-block-paragraph\">Aunque hay leyes o mecanismos que protegen a los periodistas (el CPJ dice que no son suficientes), la cultura pol\u00edtica en M\u00e9xico es un provocador importante de hostilidad hacia los medios. La coexistencia de viejas actitudes con las nuevas leyes en las instituciones de justicia en el pa\u00eds puede ser dos fuerzas contrarias.<\/p>\n\n\n\n<p class=\"wp-block-paragraph\">\u201clos actores politicos se sienten due\u00f1os de la informaci\u00f3n y por eso piensan que los periodistas son sus instrumentos quien deben que estar a su servicio\u201d, dice Garza, quien fue editor del peri\u00f3dico <a href=\"https:\/\/www.elsiglodetorreon.com.mx\/\" target=\"_blank\">Siglo de Torre\u00f3n<\/a> por siete a\u00f1os.<\/p>\n\n\n\n<p class=\"wp-block-paragraph\">Se\u00f1al\u00f3 que aunque el \u201cchayote\u201d y otras pr\u00e1cticas corruptas han disminuido, no hay algo que parezca libertad de expresi\u00f3n.<\/p>\n\n\n\n<p class=\"wp-block-paragraph\">En una conferencia de prensa en la ciudad de Torre\u00f3n en junio de 2013, por ejemplo, un periodista le hizo al influente pol\u00edtico Guillermo Anaya una pregunta que no le gust\u00f3. Anaya, que por ese tiempo era diputado federal del Partido de Acci\u00f3n Nacional (PAN) y seg\u00fan se dice amigo cercano del entonces presidente Felipe Calder\u00f3n, se acerc\u00f3 al periodista al terminar el evento.<\/p>\n\n\n\n<p class=\"wp-block-paragraph\">\u201cLo que te hace falta es un levant\u00f3n\u201d, dijo Anaya al reportero, en un incidente <a href=\"https:\/\/www.proceso.com.mx\/345379\/diputado-panista-amenaza-a-reportero-lo-que-te-hace-falta-es-un-levanton-le-dice\" target=\"_blank\">recogido por Proceso y otros medios<\/a>. Quer\u00eda decir que el reportero merec\u00eda una lecci\u00f3n, saber cu\u00e1ndo quedarse callado.<\/p>\n\n\n\n<p class=\"wp-block-paragraph\">El periodista agredido se defendi\u00f3 diciendo que quienes entran a la vida pol\u00edtica deben estar preparados para responder preguntas, pero ese es un concepto que a\u00fan no aceptan algunos representantes de la clase pol\u00edtica mexicana, quienes suponen una amenaza para los medios del mismo talante que el crimen organizado.<\/p>\n\n\n\n<figure class=\"wp-block-image is-resized\"><img loading=\"lazy\" decoding=\"async\" src=\"\/images\/2017\/Mayo\/W-mexico_unconfirmed_es.jpg\" alt=\"\" height=\"427\" width=\"545\"\/><\/figure>\n\n\n\n<p class=\"has-text-align-center wp-block-paragraph\"><\/p>\n\n\n\n<p class=\"has-text-align-center wp-block-paragraph\"><em>(Mapa cortes\u00eda del CPJ)<\/em><\/p>\n\n\n\n<p class=\"wp-block-paragraph\">Art\u00edculo 19, una organizaci\u00f3n internacional por la libertad de expresi\u00f3n que tiene un cap\u00edtulo en M\u00e9xico, estima que hay funcionarios del gobierno implicados en <a href=\"https:\/\/www.article19.org\/resources.php\/resource\/38352\/en\/mexico:-without-free-press-there-is-no-democracy\" target=\"_blank\">por lo menos la mitad de las agresiones sufridas por periodistas en M\u00e9xico.<\/a> En dos de los tres estudios de caso de periodistas asesinados investigados en el informe m\u00e1s reciente del CPJ, se sospecha de pol\u00edticos locales o de grupos poderosos conectados con ellos.<\/p>\n\n\n\n<p class=\"wp-block-paragraph\">V\u00edctor Badillo, periodista independiente residente en la ciudad de Monterrey, estado de Nuevo Le\u00f3n, cont\u00f3 a InSight Crime que hac\u00eda poco hab\u00eda desechado un art\u00edculo sobre el tr\u00e1fico de f\u00e1rmacos despu\u00e9s de recibir amenazas de la empresa involucrada. Denunci\u00f3 que ellos y el gobierno local trabajaban juntos en la trama, e hizo \u00e9nfasis en el rol que puede tener tambi\u00e9n la empresa privada en la manipulaci\u00f3n de funcionarios y medios locales para recibir la cobertura que desean.<\/p>\n\n\n\n<p class=\"wp-block-paragraph\">Puede que el \u2018chayote\u2019 est\u00e9 cayendo, pero la dependencia de los medios mexicanos de la publicidad gubernamental persiste, lo cual plantea un problema de independencia. Como lo se\u00f1alaba Mat\u00edas, corresponsal de Proceso, ese dinero puede retirarse dependiendo del tono de la cobertura. Los peri\u00f3dicos no quieren morder la mano que los alimenta, lo que puede crear una codependencia, en la que los medios est\u00e1n supeditados a los intereses del gobierno.<\/p>\n\n\n\n<p class=\"wp-block-paragraph\">Esa din\u00e1mica de poder tambi\u00e9n puede trabajar en la direcci\u00f3n contraria, seg\u00fan los periodistas mexicanos que hablaron con InSight Crime, con raras ocasiones en las que los reporteros abusan de su poder para amenazar con cobertura negativa si no se cumplen sus demandas.<\/p>\n\n\n\n<p class=\"wp-block-paragraph\">Cuando el gobierno y los intereses criminales se alinean por la corrupci\u00f3n o la colusi\u00f3n, el control estatal por medio de los ingresos por publicidad se vuelve un problema mayor y cobra una fuerza a\u00fan m\u00e1s formidable. La narcopol\u00edtica, la alianza entre gobiernos locales principalmente y el crimen organizado, siempre ha existido en M\u00e9xico, pero ha cobrado mayor visibilidad gracias a una prensa m\u00e1s independiente. Casi no pasa una semana sin que afloren nuevas revelaciones dignas de cr\u00e9dito sobre conexiones entre funcionarios de gobierno y grupos criminales.<\/p>\n\n\n\n<p class=\"wp-block-paragraph\">\u201cLos narcotraficantes siempre han usado la propaganda para controlar la poblaci\u00f3n tanto como puedan, y para inspirar miedo a la poblaci\u00f3n, los funcionarios y a otros traficantes\u201d, coment\u00f3 a InSight Crime Mike Vigil, agente retirado de las Administraci\u00f3n para el Control contra las Drogas (DEA). Vigil estuvo trabajando para el organismo en M\u00e9xico por un total de trece a\u00f1os, y en la frontera con Estados Unidos por otros cuatro a\u00f1os.<\/p>\n\n\n\n<p class=\"wp-block-paragraph\">\u201cMuchos pol\u00edticos usaban los medios para retratarse como incorruptibles y promover sus carreras\u201d, a\u00f1adi\u00f3. \u201cY eso se mantiene hoy en d\u00eda\u201d.<\/p>\n\n\n\n<p class=\"wp-block-paragraph\">La fragmentaci\u00f3n de los carteles de la droga en M\u00e9xico en la \u00faltima d\u00e9cada, en gran parte como consecuencia de la llamada <a href=\"https:\/\/insightcrime.org\/news-analysis\/mexico-defense-of-kingpin-strategy-falls-short\" target=\"_blank\">estrategia \u201cde capos\u201d<\/a>, ha vuelto m\u00e1s com\u00fan y violenta la competencia entre organizaciones rivales. Cooptar funcionarios locales es hoy fundamental para la estrategia de las organizaciones criminales que compiten por el control, y algo muy lucrativo para quienes cooperan.<\/p>\n\n\n\n<p class=\"wp-block-paragraph\">\u201cNing\u00fan gobierno o todos los gobiernos deber\u00edan que estar obligados a pagar ni un solo peso a los medios de comunicacion\u2026si los medios de comunicacion estuvieron obligados a publicar, en una manera gratuita, alertas del gobierno\u201d, observa Badillo.<\/p>\n\n\n\n<p class=\"wp-block-paragraph\">Pero Garza dice que ese cambio no es la respuesta y llevar\u00eda al cierre del 80 por ciento de los peri\u00f3dicos del pa\u00eds.<\/p>\n\n\n\n<p class=\"wp-block-paragraph\">\u201cla impunidad es un asunto del gobierno\u2026el gobierno que se ponga a hacer su trabajo\u201d, dijo Garza a InSight Crime. \u201cLa mejor forma de proteger un periodista de una agresi\u00f3n futura es castigar una anterior\u201d.<\/p>\n\n\n\n<figure class=\"wp-block-image is-resized\"><img loading=\"lazy\" decoding=\"async\" src=\"\/images\/2017\/Mayo\/W-mexico_murder_es.jpg\" alt=\"\" height=\"427\" width=\"536\"\/><\/figure>\n\n\n\n<p class=\"has-text-align-center wp-block-paragraph\"><em>(Mapa cortes\u00eda de CPJ<\/em>)<\/p>\n\n\n\n<p class=\"wp-block-paragraph\">Con demasiada frecuencia, la respuesta del gobierno a las agresiones contra los periodistas suele aprovechar el concepto tradicional de los periodistas como servidores del Estado, y como corruptos y abusivos. El gobierno local puede aducir que los periodistas asesinados \u201candaban mal\u201d \u2014un eufemismo para decir que estaban implicados en algo deshonesto que motiv\u00f3 su muerte.<\/p>\n\n\n\n<p class=\"wp-block-paragraph\">Marcela Turati, prominente periodista mexicana y <a href=\"https:\/\/nieman.harvard.edu\/news\/2016\/07\/nieman-foundation-announces-named-fellowships-for-the-class-of-2017\/\" target=\"_blank\">becaria 2017 del programa Nieman Knight Latin America,<\/a> advirti\u00f3 que no deb\u00eda aceptarse la respuesta del gobierno al asesinato de los reporteros en comentarios recientes que public\u00f3 en Facebook luego del homicidio de su amiga y colega Breach.<\/p>\n\n\n\n<p class=\"wp-block-paragraph\">\u201cCon la aparici\u00f3n de la versi\u00f3n oficial del crimen, nos enfrentamos al riesgo de respaldar la versi\u00f3n perpetua, la que promueve la impunidad, las historias cl\u00e1sicas de que la periodista muri\u00f3 a manos del narco, o que estaba en una fiesta con sus asesinos, o que la mat\u00f3 su novio despu\u00e9s de dormir juntos, o que consum\u00eda drogas, o que era una pelea de vecinos. No es momento para tanta indiferencia\u201d, coment\u00f3 Turati en Facebook.<\/p>\n\n\n\n<p class=\"wp-block-paragraph\">En una democracia, la justicia la imparte o la impide el Estado, sea por inacci\u00f3n o confusi\u00f3n deliberada. Pero la democracia en M\u00e9xico es joven, y est\u00e1 dominada por una cultura pol\u00edtica que sigue aferrada al pasado. Como resultado de ello, aunque existen leyes que protegen a la prensa en el pa\u00eds, los encargados de implementarlas tienen que v\u00e9rselas muchas veces con la b\u00fasqueda de la voluntad pol\u00edtica o los mecanismos para hacerlo.<\/p>\n\n\n\n<p class=\"wp-block-paragraph\">La semana pasada, una nueva administraci\u00f3n del estado de Quintana Roo pidi\u00f3 disculpas en p\u00fablico a Pedro Canch\u00e9, periodista que pas\u00f3 271 d\u00edas en la c\u00e1rcel por acusaciones de sabotaje. <a href=\"https:\/\/cpj.org\/blog\/2015\/09\/pedro-canche-law-obscures-the-real-problem-in-quin.php\" target=\"_blank\">El caso <\/a>contra Canch\u00e9 fue cerrado eventualmente por un juez federal, <a href=\"https:\/\/www.theguardian.com\/world\/2017\/apr\/29\/mexican-journalist-apology-press-freedom-pedro-canche?CMP=twt_gu\" target=\"_blank\">inform\u00f3 The Guardian,<\/a> y la disculpa fuera una peque\u00f1a victoria muy rara para los hostigados medios mexicanos. La gobernaci\u00f3n anterior se hab\u00eda negado a disculparse con Canch\u00e9 despu\u00e9s de que la comisi\u00f3n Nacional de Derechos Humanos le ordenara hacerlo, seg\u00fan el informe.<\/p>\n\n\n\n<p class=\"wp-block-paragraph\">\u201c\u00bfQui\u00e9n pedir\u00e1 disculpas en p\u00fablico por los 104 periodistas asesinados [desde 2006]?\u201d, pregunt\u00f3 Canch\u00e9 luego de la disculpa p\u00fablica. \u201cEl estado mexicano tiene una deuda enorme con ellos y con sus familias\u201d.<\/p>\n","protected":false},"excerpt":{"rendered":"<p>El Comit\u00e9 para la Protecci\u00f3n de los Periodistas (CPJ) exigi\u00f3 una vez m\u00e1s que se acabe con la impunidad en torno al asesinato de periodistas en M\u00e9xico despu\u00e9s de una \u00e9poca particularmente violenta para la profesi\u00f3n. Pero las diferentes fuerzas responsables de las agresiones muchas veces pueden contribuir a la impunidad, en lugar de reducirla.<\/p>\n","protected":false},"author":75,"featured_media":46405,"comment_status":"closed","ping_status":"closed","sticky":false,"template":"","format":"standard","meta":{"newspack_ads_suppress_ads":false,"newspack_popups_has_disabled_popups":false,"newspack_sponsor_sponsorship_scope":"","newspack_sponsor_native_byline_display":"inherit","newspack_sponsor_native_category_display":"inherit","newspack_sponsor_underwriter_style":"inherit","newspack_sponsor_underwriter_placement":"inherit","_EventAllDay":false,"_EventTimezone":"","_EventStartDate":"","_EventEndDate":"","_EventStartDateUTC":"","_EventEndDateUTC":"","_EventShowMap":false,"_EventShowMapLink":false,"_EventURL":"","_EventCost":"","_EventCostDescription":"","_EventCurrencySymbol":"","_EventCurrencyCode":"","_EventCurrencyPosition":"","_EventDateTimeSeparator":"","_EventTimeRangeSeparator":"","_EventOrganizerID":[],"_EventVenueID":[],"_OrganizerEmail":"","_OrganizerPhone":"","_OrganizerWebsite":"","_VenueAddress":"","_VenueCity":"","_VenueCountry":"","_VenueProvince":"","_VenueState":"","_VenueZip":"","_VenuePhone":"","_VenueURL":"","_VenueStateProvince":"","_VenueLat":"","_VenueLng":"","_VenueShowMap":false,"_VenueShowMapLink":false,"_newspack_byline_active":false,"_newspack_byline":"","newspack_hide_updated_date":false,"newspack_show_updated_date":false,"newspack_featured_image_position":"","newspack_post_subtitle":"","newspack_article_summary_title":"Overview:","newspack_article_summary":"","_jetpack_memberships_contains_paid_content":false,"footnotes":""},"categories":[340],"tags":[450,406],"newspack_spnsrs_tax":[],"coauthors":[4034],"class_list":["post-29025","post","type-post","status-publish","format-standard","has-post-thumbnail","hentry","category-analisis","tag-derechos-humanos","tag-mexico-pais","entry"],"parsely":{"version":"1.1.0","canonical_url":"https:\/\/insightcrime.org\/es\/noticias\/analisis\/cultura-politica-mexico-retrasa-justicia-casos-periodistas-asesinados\/","smart_links":{"inbound":0,"outbound":0},"traffic_boost_suggestions_count":0,"meta":{"@context":"https:\/\/schema.org","@type":"NewsArticle","headline":"Cultura pol\u00edtica en M\u00e9xico retrasa justicia en casos de periodistas asesinados","url":"http:\/\/insightcrime.org\/es\/noticias\/analisis\/cultura-politica-mexico-retrasa-justicia-casos-periodistas-asesinados\/","mainEntityOfPage":{"@type":"WebPage","@id":"http:\/\/insightcrime.org\/es\/noticias\/analisis\/cultura-politica-mexico-retrasa-justicia-casos-periodistas-asesinados\/"},"thumbnailUrl":"https:\/\/i0.wp.com\/insightcrime.org\/wp-content\/uploads\/2017\/05\/es-2017-05-02Miroslava.jpg?resize=150%2C150&quality=100&ssl=1","image":{"@type":"ImageObject","url":"https:\/\/i0.wp.com\/insightcrime.org\/wp-content\/uploads\/2017\/05\/es-2017-05-02Miroslava.jpg?fit=350%2C246&quality=100&ssl=1"},"articleSection":"An\u00e1lisis","author":[{"@type":"Person","name":"Deborah Bonello"}],"creator":["Deborah Bonello"],"publisher":{"@type":"Organization","name":"InSight Crime","logo":"https:\/\/insightcrime.org\/wp-content\/uploads\/2023\/08\/logo.png"},"keywords":["derechos humanos","m\u00e9xico"],"dateCreated":"2017-09-13T23:59:25Z","datePublished":"2017-09-13T23:59:25Z","dateModified":"2023-04-24T20:59:26Z"},"rendered":"<meta name=\"parsely-title\" content=\"Cultura pol\u00edtica en M\u00e9xico retrasa justicia en casos de periodistas asesinados\" \/>\n<meta name=\"parsely-link\" content=\"http:\/\/insightcrime.org\/es\/noticias\/analisis\/cultura-politica-mexico-retrasa-justicia-casos-periodistas-asesinados\/\" \/>\n<meta name=\"parsely-type\" content=\"post\" \/>\n<meta name=\"parsely-image-url\" content=\"https:\/\/i0.wp.com\/insightcrime.org\/wp-content\/uploads\/2017\/05\/es-2017-05-02Miroslava.jpg?resize=150%2C150&amp;quality=100&amp;ssl=1\" \/>\n<meta name=\"parsely-pub-date\" content=\"2017-09-13T23:59:25Z\" \/>\n<meta name=\"parsely-section\" content=\"An\u00e1lisis\" \/>\n<meta name=\"parsely-tags\" content=\"derechos humanos,m\u00e9xico\" \/>\n<meta name=\"parsely-author\" content=\"Deborah Bonello\" \/>","tracker_url":"https:\/\/cdn.parsely.com\/keys\/insightcrime.org\/p.js"},"jetpack_sharing_enabled":true,"jetpack-related-posts":[{"id":146174,"url":"https:\/\/insightcrime.org\/es\/noticias\/asesinatos-periodistas-revelan-mano-negra-crimen-organizado\/","url_meta":{"origin":29025,"position":0},"title":"Asesinatos de periodistas revelan la mano negra del crimen organizado","author":"Saskia Wright","date":"24 de mayo de 2021","format":false,"excerpt":"De los casi 140 periodistas asesinados en M\u00e9xico, Colombia, Brasil y Honduras en la \u00faltima d\u00e9cada, cerca de la mitad cubr\u00edan temas de crimen organizado.","rel":"","context":"En \u00abNoticias\u00bb","block_context":{"text":"Noticias","link":"https:\/\/insightcrime.org\/es\/category\/noticias\/"},"img":{"alt_text":"","src":"https:\/\/i0.wp.com\/insightcrime.org\/wp-content\/uploads\/2021\/05\/5184.jpg?fit=350%2C250&quality=100&ssl=1&resize=350%2C200","width":350,"height":200},"classes":[]},{"id":176977,"url":"https:\/\/insightcrime.org\/es\/noticias\/ataques-asesinatos-periodistas-escandalizan-mexico\/","url_meta":{"origin":29025,"position":1},"title":"Ataques y asesinatos de periodistas escandalizan a M\u00e9xico","author":"Parker Asmann","date":"28 de enero de 2022","format":false,"excerpt":"El inicio de 2022 en M\u00e9xico ha estado te\u00f1ido de sangre de periodistas, muertos a tiros, pu\u00f1aladas o emboscados, mientras las autoridades siguen acusando a las organizaciones criminales.","rel":"","context":"En \u00abNoticias\u00bb","block_context":{"text":"Noticias","link":"https:\/\/insightcrime.org\/es\/category\/noticias\/"},"img":{"alt_text":"Los asesinatos de periodistas en M\u00e9xico no paran","src":"https:\/\/i0.wp.com\/insightcrime.org\/wp-content\/uploads\/2022\/01\/2022-01-27-Mex-Journo-Killings.jpg?fit=350%2C250&quality=100&ssl=1&resize=350%2C200","width":350,"height":200},"classes":[]},{"id":208959,"url":"https:\/\/insightcrime.org\/es\/la-organizacion\/investigacion-genero-y-crimen-desde-insight-crime\/","url_meta":{"origin":29025,"position":2},"title":"Investigaci\u00f3n, g\u00e9nero y crimen desde InSight Crime","author":"InSight Crime","date":"24 de octubre de 2022","format":false,"excerpt":"Varios miembros de InSight Crime viajaron a Guatemala para dictar un taller presencial sobre la metodolog\u00eda, los retos y los aprendizajes en la investigaci\u00f3n del crimen organizado, y la manera de incluir una perspectiva de g\u00e9nero en la realizaci\u00f3n de art\u00edculos e investigaciones.El taller estuvo dividido en dos sesiones, la\u2026","rel":"","context":"En \u00abLa Organizaci\u00f3n\u00bb","block_context":{"text":"La Organizaci\u00f3n","link":"https:\/\/insightcrime.org\/es\/category\/la-organizacion\/"},"img":{"alt_text":"","src":"https:\/\/i0.wp.com\/insightcrime.org\/wp-content\/uploads\/2023\/01\/b1111746-6bf7-3f9e-ccb6-4ecc67578e28.jpg?fit=1200%2C690&quality=100&ssl=1&resize=350%2C200","width":350,"height":200,"srcset":"https:\/\/i0.wp.com\/insightcrime.org\/wp-content\/uploads\/2023\/01\/b1111746-6bf7-3f9e-ccb6-4ecc67578e28.jpg?fit=1200%2C690&quality=100&ssl=1&resize=350%2C200 1x, https:\/\/i0.wp.com\/insightcrime.org\/wp-content\/uploads\/2023\/01\/b1111746-6bf7-3f9e-ccb6-4ecc67578e28.jpg?fit=1200%2C690&quality=100&ssl=1&resize=525%2C300 1.5x, https:\/\/i0.wp.com\/insightcrime.org\/wp-content\/uploads\/2023\/01\/b1111746-6bf7-3f9e-ccb6-4ecc67578e28.jpg?fit=1200%2C690&quality=100&ssl=1&resize=700%2C400 2x, https:\/\/i0.wp.com\/insightcrime.org\/wp-content\/uploads\/2023\/01\/b1111746-6bf7-3f9e-ccb6-4ecc67578e28.jpg?fit=1200%2C690&quality=100&ssl=1&resize=1050%2C600 3x"},"classes":[]},{"id":268891,"url":"https:\/\/insightcrime.org\/es\/noticias\/escandalos-evidencian-corrupcion-judicial-venezuela\/","url_meta":{"origin":29025,"position":3},"title":"Esc\u00e1ndalos evidencian la corrupci\u00f3n judicial en Venezuela","author":"Unidad Investigativa de Venezuela","date":"19 de febrero de 2024","format":false,"excerpt":"En un inusual comienzo de a\u00f1o, las autoridades venezolanas han acusado, destituido e incluso detenido a una serie de funcionarios judiciales por corrupci\u00f3n en toda Venezuela.\u00a0 Las autoridades en Venezuela rara vez hacen tales acusaciones tan p\u00fablicamente, por lo que las detenciones y la publicaci\u00f3n de pruebas, entre ellas grabaciones\u2026","rel":"","context":"En \u00abNoticias\u00bb","block_context":{"text":"Noticias","link":"https:\/\/insightcrime.org\/es\/category\/noticias\/"},"img":{"alt_text":"","src":"https:\/\/i0.wp.com\/insightcrime.org\/wp-content\/uploads\/2023\/08\/Venezuela-AmundarainSalcedo-Corruption-Saab.png?fit=350%2C250&quality=100&ssl=1&resize=350%2C200","width":350,"height":200},"classes":[]},{"id":246112,"url":"https:\/\/insightcrime.org\/es\/noticias\/filtracion-fiscalia-colombiana-descubierto-identidad-agentes-dea\/","url_meta":{"origin":29025,"position":4},"title":"Una filtraci\u00f3n de la Fiscal\u00eda colombiana deja al descubierto la identidad de decenas de agentes de la DEA","author":"Mike LaSusa","date":"10 de noviembre de 2023","format":false,"excerpt":"Una falla inform\u00e1tica en la Fiscal\u00eda General de Colombia dej\u00f3 al descubierto la identidad de docenas de agentes antinarc\u00f3ticos de Estados Unidos, Colombia y otros pa\u00edses.","rel":"","context":"En \u00abNoticias\u00bb","block_context":{"text":"Noticias","link":"https:\/\/insightcrime.org\/es\/category\/noticias\/"},"img":{"alt_text":"US anti-drug agents and Colombia's prosecutor's office","src":"https:\/\/i0.wp.com\/insightcrime.org\/wp-content\/uploads\/2023\/11\/Cover-Historia-Narco-Files.jpg?fit=1200%2C576&quality=100&ssl=1&resize=350%2C200","width":350,"height":200,"srcset":"https:\/\/i0.wp.com\/insightcrime.org\/wp-content\/uploads\/2023\/11\/Cover-Historia-Narco-Files.jpg?fit=1200%2C576&quality=100&ssl=1&resize=350%2C200 1x, https:\/\/i0.wp.com\/insightcrime.org\/wp-content\/uploads\/2023\/11\/Cover-Historia-Narco-Files.jpg?fit=1200%2C576&quality=100&ssl=1&resize=525%2C300 1.5x, https:\/\/i0.wp.com\/insightcrime.org\/wp-content\/uploads\/2023\/11\/Cover-Historia-Narco-Files.jpg?fit=1200%2C576&quality=100&ssl=1&resize=700%2C400 2x, https:\/\/i0.wp.com\/insightcrime.org\/wp-content\/uploads\/2023\/11\/Cover-Historia-Narco-Files.jpg?fit=1200%2C576&quality=100&ssl=1&resize=1050%2C600 3x"},"classes":[]},{"id":232550,"url":"https:\/\/insightcrime.org\/es\/noticias\/ascenso-caida-choneros-narcotrafico-ecuador\/","url_meta":{"origin":29025,"position":5},"title":"Ascenso y ca\u00edda de Los Choneros, oportunistas del narcotr\u00e1fico en Ecuador","author":"Chris Dalby","date":"20 de julio de 2023","format":false,"excerpt":"El auge y la ca\u00edda de Los Choneros es una saga de alianzas oportunistas y viejas rencillas, una de las cuales le costar\u00eda la vida a su l\u00edder.","rel":"","context":"En \u00abNoticias\u00bb","block_context":{"text":"Noticias","link":"https:\/\/insightcrime.org\/es\/category\/noticias\/"},"img":{"alt_text":"Soldados resguardan la puerta de la prisi\u00f3n Inca en Ecuador","src":"https:\/\/i0.wp.com\/insightcrime.org\/wp-content\/uploads\/2023\/09\/Ecuador-Prison-Roit-Soldiers-guard-an-entrance-to-the-Inca-jail-Nov-2022-AP22322801765661-A2-1-1.jpg?fit=1200%2C690&quality=100&ssl=1&resize=350%2C200","width":350,"height":200,"srcset":"https:\/\/i0.wp.com\/insightcrime.org\/wp-content\/uploads\/2023\/09\/Ecuador-Prison-Roit-Soldiers-guard-an-entrance-to-the-Inca-jail-Nov-2022-AP22322801765661-A2-1-1.jpg?fit=1200%2C690&quality=100&ssl=1&resize=350%2C200 1x, https:\/\/i0.wp.com\/insightcrime.org\/wp-content\/uploads\/2023\/09\/Ecuador-Prison-Roit-Soldiers-guard-an-entrance-to-the-Inca-jail-Nov-2022-AP22322801765661-A2-1-1.jpg?fit=1200%2C690&quality=100&ssl=1&resize=525%2C300 1.5x, https:\/\/i0.wp.com\/insightcrime.org\/wp-content\/uploads\/2023\/09\/Ecuador-Prison-Roit-Soldiers-guard-an-entrance-to-the-Inca-jail-Nov-2022-AP22322801765661-A2-1-1.jpg?fit=1200%2C690&quality=100&ssl=1&resize=700%2C400 2x, https:\/\/i0.wp.com\/insightcrime.org\/wp-content\/uploads\/2023\/09\/Ecuador-Prison-Roit-Soldiers-guard-an-entrance-to-the-Inca-jail-Nov-2022-AP22322801765661-A2-1-1.jpg?fit=1200%2C690&quality=100&ssl=1&resize=1050%2C600 3x"},"classes":[]}],"jetpack_featured_media_url":"https:\/\/i0.wp.com\/insightcrime.org\/wp-content\/uploads\/2017\/05\/es-2017-05-02Miroslava.jpg?fit=350%2C246&quality=100&ssl=1","_links":{"self":[{"href":"https:\/\/insightcrime.org\/es\/wp-json\/wp\/v2\/posts\/29025","targetHints":{"allow":["GET"]}}],"collection":[{"href":"https:\/\/insightcrime.org\/es\/wp-json\/wp\/v2\/posts"}],"about":[{"href":"https:\/\/insightcrime.org\/es\/wp-json\/wp\/v2\/types\/post"}],"author":[{"embeddable":true,"href":"https:\/\/insightcrime.org\/es\/wp-json\/wp\/v2\/users\/75"}],"replies":[{"embeddable":true,"href":"https:\/\/insightcrime.org\/es\/wp-json\/wp\/v2\/comments?post=29025"}],"version-history":[{"count":1,"href":"https:\/\/insightcrime.org\/es\/wp-json\/wp\/v2\/posts\/29025\/revisions"}],"predecessor-version":[{"id":35532,"href":"https:\/\/insightcrime.org\/es\/wp-json\/wp\/v2\/posts\/29025\/revisions\/35532"}],"wp:featuredmedia":[{"embeddable":true,"href":"https:\/\/insightcrime.org\/es\/wp-json\/wp\/v2\/media\/46405"}],"wp:attachment":[{"href":"https:\/\/insightcrime.org\/es\/wp-json\/wp\/v2\/media?parent=29025"}],"wp:term":[{"taxonomy":"category","embeddable":true,"href":"https:\/\/insightcrime.org\/es\/wp-json\/wp\/v2\/categories?post=29025"},{"taxonomy":"post_tag","embeddable":true,"href":"https:\/\/insightcrime.org\/es\/wp-json\/wp\/v2\/tags?post=29025"},{"taxonomy":"newspack_spnsrs_tax","embeddable":true,"href":"https:\/\/insightcrime.org\/es\/wp-json\/wp\/v2\/newspack_spnsrs_tax?post=29025"},{"taxonomy":"author","embeddable":true,"href":"https:\/\/insightcrime.org\/es\/wp-json\/wp\/v2\/coauthors?post=29025"}],"curies":[{"name":"wp","href":"https:\/\/api.w.org\/{rel}","templated":true}]}}