{"id":29049,"date":"2017-05-05T19:07:52","date_gmt":"2017-09-14T00:00:12","guid":{"rendered":"https:\/\/insightcrime.org\/?p=29049"},"modified":"2023-04-24T15:59:30","modified_gmt":"2023-04-24T20:59:30","slug":"guerrilleros-disidentes-farc-secuestran-funcionario-onu-colombia","status":"publish","type":"post","link":"https:\/\/insightcrime.org\/es\/noticias\/noticias-del-dia\/guerrilleros-disidentes-farc-secuestran-funcionario-onu-colombia\/","title":{"rendered":"Guerrilleros disidentes de las FARC secuestran a funcionario de ONU en Colombia"},"content":{"rendered":"\n<p class=\"wp-block-paragraph\">Elementos disidentes del grupo guerrillero FARC de Colombia secuestraron presuntamente a un integrante de la delegaci\u00f3n de la ONU, lo que se\u00f1ala la intenci\u00f3n de la facci\u00f3n separatista de continuar su lucha armada aun con el avance en la desmovilizaci\u00f3n del grupo guerrillero.<\/p>\n\n\n\n<p class=\"wp-block-paragraph\">En un <a href=\"https:\/\/www.posconflicto.gov.co\/sala-prensa\/noticias\/2017\/Paginas\/20170504-Gobierno-Nacional-rechaza-secuestro-de-funcionario-de-la-UNODC.aspx\" target=\"_blank\">comunicado de prensa<\/a> del 4 de mayo, la Alta Consejer\u00eda para el Posconflicto en Colombia anunci\u00f3 el secuestro de un funcionario de la Organizaci\u00f3n de las Naciones Unidas (ONU) identificado como Arley L\u00f3pez, en el departamento de Guaviare, al sur del pa\u00eds.<\/p>\n\n\n\n<p class=\"wp-block-paragraph\">El funcionario hac\u00eda parte de una delegaci\u00f3n de funcionarios del gobierno y de la ONU que estaban reunidos con unos 400 campesinos en la poblaci\u00f3n de Miraflores para discutir un programa de sustituci\u00f3n de cultivos. El Alto Consejero del Posconflicto, Rafael Pardo, coment\u00f3 a los periodistas que esperaban la liberaci\u00f3n del funcionario ese mismo d\u00eda.<\/p>\n\n\n\n<p class=\"wp-block-paragraph\">El funcionario de la ONU <a href=\"https:\/\/www.elespectador.com\/noticias\/paz\/es-un-hecho-cobarde-consejo-de-seguridad-de-la-onu-sobre-secuestro-de-delegado-articulo-692229\" target=\"_blank\">se report\u00f3<\/a> secuestrado por guerrilleros disidentes adscritos al Frente Primero de las Fuerzas Armadas Revolucionarias de Colombia (FARC).<\/p>\n\n\n\n<p class=\"wp-block-paragraph\">Este frente fue el primero en <a href=\"https:\/\/es.insightcrime.org\/noticias\/analisis\/no-nos-desmovilizaremos-primeros-disidentes-farc-seran-ultimos\/\" target=\"_blank\">anunciar p\u00fablicamente en julio de 2016<\/a> que no participar\u00eda en el proceso de desmovilizaci\u00f3n entre las FARC y el gobierno. Las <a href=\"https:\/\/es.insightcrime.org\/noticias\/noticias-del-dia\/colombia-firma-acuerdo-paz-mientras-preocupa-amenaza-fragmentacion-farc\/\" target=\"_blank\">partes llegaron a un acuerdo definitivo<\/a> en noviembre y los combatientes <a href=\"https:\/\/es.insightcrime.org\/noticias\/noticias-del-dia\/ultimos-guerrilleros-farc-llegan-zonas-concentracion-continuan-dudas\/\" target=\"_blank\">se encuentran actualmente en zonas de concentraci\u00f3n<\/a> como parte de una transici\u00f3n a la vida civil.<\/p>\n\n\n\n<h3 class=\"wp-block-heading\">An\u00e1lisis de InSight Crime<\/h3>\n\n\n\n<p class=\"wp-block-paragraph\">El comandante de la polic\u00eda de Guaviare Jos\u00e9 Antonio Gonz\u00e1lez se\u00f1al\u00f3 que los guerrilleros retuvieron a L\u00f3pez para que \u201cfacilitara informaci\u00f3n sobre la sustituci\u00f3n de cultivos\u201d. Pero el secuestro tambi\u00e9n transmite un mensaje m\u00e1s profundo sobre el futuro de la disidencia de las FARC.<\/p>\n\n\n\n<p class=\"wp-block-paragraph\">Desde hace tiempo ya se espera que las facciones disidentes de las FARC se unan a las bandas neoparamilitares conocidas como \u201cbandas criminales\u201d o BACRIM, para seguir benefici\u00e1ndose de las actividades ilegales. Este escenario se conoce como \u201cFARCRIM\u201d, e involucrar\u00eda la transformaci\u00f3n de ciertos elementos de las guerrillas en organizaciones netamente criminales.<\/p>\n\n\n\n<p class=\"wp-block-paragraph\">Pero el reciente secuestro indica que por lo menos algunas de esas facciones separatistas de las FARC, entre las que se destaca el Frente Primero, est\u00e1n resueltas a mantener la ideolog\u00eda marxista de la guerrilla y la lucha armada.<\/p>\n\n\n\n<p class=\"wp-block-paragraph\"><span style=\"color: #800000\"><strong>VEA TAMBI\u00c9N:<\/strong><\/span> <a href=\"\/component\/tags\/tag\/370-paz-con-las-farc\" target=\"_blank\">Cobertura sobre paz con las FARC<\/a><\/p>\n\n\n\n<p class=\"wp-block-paragraph\">El Frente Primero ha sido consistente con este mensaje desde su anuncio de que no acompa\u00f1ar\u00eda el proceso de paz el a\u00f1o pasado. Recientemente InSight Crime <a href=\"https:\/\/es.insightcrime.org\/noticias\/noticias-del-dia\/disidencia-farc-podria-crecer-medio-traspies-implementacion-proceso-paz\/\" target=\"_blank\">obtuvo una carta<\/a> firmada por el Frente Primero y otros frentes disidentes m\u00e1s en los que declaraba que \u201cel objetivo para nosotros es llegar al socialismo\u201d. De ah\u00ed pasaba a rechazar la noci\u00f3n de que se ha convertido en una pandilla criminal al afirmar, \u201cNo somos una franquicia. Somos pueblo en armas\u201d.<\/p>\n\n\n\n<p class=\"wp-block-paragraph\">Nuestra investigaci\u00f3n de campo reciente tambi\u00e9n hall\u00f3 que el Frente Primero est\u00e1 resolviendo disputas entre miembros de la comunidad y aplicando formas alternativas de justicia en sus zonas de influencia.<\/p>\n","protected":false},"excerpt":{"rendered":"<p>Elementos disidentes del grupo guerrillero FARC de Colombia secuestraron presuntamente a un integrante de la delegaci\u00f3n de la ONU, lo que se\u00f1ala la intenci\u00f3n de la facci\u00f3n separatista de continuar su lucha armada aun con el avance en la desmovilizaci\u00f3n del grupo guerrillero.<\/p>\n","protected":false},"author":36,"featured_media":46417,"comment_status":"closed","ping_status":"closed","sticky":false,"template":"","format":"standard","meta":{"newspack_ads_suppress_ads":false,"newspack_popups_has_disabled_popups":false,"newspack_sponsor_sponsorship_scope":"","newspack_sponsor_native_byline_display":"inherit","newspack_sponsor_native_category_display":"inherit","newspack_sponsor_underwriter_style":"inherit","newspack_sponsor_underwriter_placement":"inherit","_EventAllDay":false,"_EventTimezone":"","_EventStartDate":"","_EventEndDate":"","_EventStartDateUTC":"","_EventEndDateUTC":"","_EventShowMap":false,"_EventShowMapLink":false,"_EventURL":"","_EventCost":"","_EventCostDescription":"","_EventCurrencySymbol":"","_EventCurrencyCode":"","_EventCurrencyPosition":"","_EventDateTimeSeparator":"","_EventTimeRangeSeparator":"","_EventOrganizerID":[],"_EventVenueID":[],"_OrganizerEmail":"","_OrganizerPhone":"","_OrganizerWebsite":"","_VenueAddress":"","_VenueCity":"","_VenueCountry":"","_VenueProvince":"","_VenueState":"","_VenueZip":"","_VenuePhone":"","_VenueURL":"","_VenueStateProvince":"","_VenueLat":"","_VenueLng":"","_VenueShowMap":false,"_VenueShowMapLink":false,"_newspack_byline_active":false,"_newspack_byline":"","newspack_hide_updated_date":false,"newspack_show_updated_date":false,"newspack_featured_image_position":"","newspack_post_subtitle":"","newspack_article_summary_title":"Overview:","newspack_article_summary":"","_jetpack_memberships_contains_paid_content":false,"footnotes":""},"categories":[334],"tags":[368,1542],"newspack_spnsrs_tax":[],"coauthors":[3924],"class_list":["post-29049","post","type-post","status-publish","format-standard","has-post-thumbnail","hentry","category-noticias-del-dia","tag-colombia-pais","tag-farc-ep","entry"],"parsely":{"version":"1.1.0","canonical_url":"https:\/\/insightcrime.org\/es\/noticias\/noticias-del-dia\/guerrilleros-disidentes-farc-secuestran-funcionario-onu-colombia\/","smart_links":{"inbound":0,"outbound":0},"traffic_boost_suggestions_count":0,"meta":{"@context":"https:\/\/schema.org","@type":"NewsArticle","headline":"Guerrilleros disidentes de las FARC secuestran a funcionario de ONU en Colombia","url":"http:\/\/insightcrime.org\/es\/noticias\/noticias-del-dia\/guerrilleros-disidentes-farc-secuestran-funcionario-onu-colombia\/","mainEntityOfPage":{"@type":"WebPage","@id":"http:\/\/insightcrime.org\/es\/noticias\/noticias-del-dia\/guerrilleros-disidentes-farc-secuestran-funcionario-onu-colombia\/"},"thumbnailUrl":"https:\/\/i0.wp.com\/insightcrime.org\/wp-content\/uploads\/2017\/05\/es-17-05-04-Colombia-FARC-Dissidents.jpg?resize=150%2C150&quality=100&ssl=1","image":{"@type":"ImageObject","url":"https:\/\/i0.wp.com\/insightcrime.org\/wp-content\/uploads\/2017\/05\/es-17-05-04-Colombia-FARC-Dissidents.jpg?fit=350%2C220&quality=100&ssl=1"},"articleSection":"Noticias del d\u00eda","author":[{"@type":"Person","name":"David Gagne"}],"creator":["David Gagne"],"publisher":{"@type":"Organization","name":"InSight Crime","logo":"https:\/\/insightcrime.org\/wp-content\/uploads\/2023\/08\/logo.png"},"keywords":["colombia","farc"],"dateCreated":"2017-09-14T00:00:12Z","datePublished":"2017-09-14T00:00:12Z","dateModified":"2023-04-24T20:59:30Z"},"rendered":"<meta name=\"parsely-title\" content=\"Guerrilleros disidentes de las FARC secuestran a funcionario de ONU en Colombia\" \/>\n<meta name=\"parsely-link\" content=\"http:\/\/insightcrime.org\/es\/noticias\/noticias-del-dia\/guerrilleros-disidentes-farc-secuestran-funcionario-onu-colombia\/\" \/>\n<meta name=\"parsely-type\" content=\"post\" \/>\n<meta name=\"parsely-image-url\" content=\"https:\/\/i0.wp.com\/insightcrime.org\/wp-content\/uploads\/2017\/05\/es-17-05-04-Colombia-FARC-Dissidents.jpg?resize=150%2C150&amp;quality=100&amp;ssl=1\" \/>\n<meta name=\"parsely-pub-date\" content=\"2017-09-14T00:00:12Z\" \/>\n<meta name=\"parsely-section\" content=\"Noticias del d\u00eda\" \/>\n<meta name=\"parsely-tags\" content=\"colombia,farc\" \/>\n<meta name=\"parsely-author\" content=\"David Gagne\" \/>","tracker_url":"https:\/\/cdn.parsely.com\/keys\/insightcrime.org\/p.js"},"jetpack_sharing_enabled":true,"jetpack-related-posts":[{"id":7015,"url":"https:\/\/insightcrime.org\/es\/noticias-crimen-organizado-colombia\/farc-perfil\/","url_meta":{"origin":29049,"position":0},"title":"FARC","author":"InSight Crime","date":"23 de noviembre de 2023","format":false,"excerpt":"Las Fuerzas Armadas Revolucionarias de Colombia (FARC) fueron el mayor ej\u00e9rcito irregular de Colombia. Operaron en varias regiones del pa\u00eds en busca de recursos para financiar su guerra de casi 50 a\u00f1os contra el Estado. Las FARC fueron el grupo guerrillero m\u00e1s antiguo e importante del hemisferio occidental y durante\u2026","rel":"","context":"En \u00abColombia\u00bb","block_context":{"text":"Colombia","link":"https:\/\/insightcrime.org\/es\/category\/noticias-crimen-organizado-colombia\/"},"img":{"alt_text":"","src":"","width":0,"height":0},"classes":[]},{"id":199205,"url":"https:\/\/insightcrime.org\/es\/investigaciones\/rebeldes-paramilitares-guerrilla-colombiana-venezuela\/","url_meta":{"origin":29049,"position":1},"title":"Rebeldes y paramilitares: la guerrilla colombiana en Venezuela","author":"Unidad Investigativa de Venezuela","date":"3 de octubre de 2022","format":false,"excerpt":"Los estados venezolanos fronterizos con Colombia han sufrido destrucci\u00f3n de una guerra que pasaron medio siglo observando desde lejos.","rel":"","context":"En \u00abInvestigaciones\u00bb","block_context":{"text":"Investigaciones","link":"https:\/\/insightcrime.org\/es\/category\/investigaciones\/"},"img":{"alt_text":"The ELN and other Colombian guerrilla groups have found a new home in Venezuela, making them binational groups.","src":"https:\/\/i0.wp.com\/insightcrime.org\/wp-content\/uploads\/2022\/10\/Venezuela-Guerrillas-Cover-Capitulo-1.png?fit=1200%2C438&quality=100&ssl=1&resize=350%2C200","width":350,"height":200,"srcset":"https:\/\/i0.wp.com\/insightcrime.org\/wp-content\/uploads\/2022\/10\/Venezuela-Guerrillas-Cover-Capitulo-1.png?fit=1200%2C438&quality=100&ssl=1&resize=350%2C200 1x, https:\/\/i0.wp.com\/insightcrime.org\/wp-content\/uploads\/2022\/10\/Venezuela-Guerrillas-Cover-Capitulo-1.png?fit=1200%2C438&quality=100&ssl=1&resize=525%2C300 1.5x, https:\/\/i0.wp.com\/insightcrime.org\/wp-content\/uploads\/2022\/10\/Venezuela-Guerrillas-Cover-Capitulo-1.png?fit=1200%2C438&quality=100&ssl=1&resize=700%2C400 2x, https:\/\/i0.wp.com\/insightcrime.org\/wp-content\/uploads\/2022\/10\/Venezuela-Guerrillas-Cover-Capitulo-1.png?fit=1200%2C438&quality=100&ssl=1&resize=1050%2C600 3x"},"classes":[]},{"id":151048,"url":"https:\/\/insightcrime.org\/es\/noticias\/bienes-farc-centro-disputas-entre-disidencias-colombia\/","url_meta":{"origin":29049,"position":2},"title":"Disidencias de las FARC quieren sus tierras de vuelta en Caquet\u00e1 y Meta, Colombia","author":"Alicia Florez","date":"23 de julio de 2021","format":false,"excerpt":"Grupos criminales, que hicieron parte de las desmovilizadas FARC, buscan retomar las propiedades entregadas, lo que ha desencadenado una ola de violencia en el sur y centro de Colombia.","rel":"","context":"En \u00abNoticias\u00bb","block_context":{"text":"Noticias","link":"https:\/\/insightcrime.org\/es\/category\/noticias\/"},"img":{"alt_text":"Varios grupos disidentes de las FARC se enfrentan por recuperar el territorio perdido en el sur de Colombia.","src":"https:\/\/i0.wp.com\/insightcrime.org\/wp-content\/uploads\/2021\/07\/farc-guardian.jpg?fit=350%2C250&quality=100&ssl=1&resize=350%2C200","width":350,"height":200},"classes":[]},{"id":4859,"url":"https:\/\/insightcrime.org\/es\/noticias-crimen-organizado-colombia\/eliecer-erlinto-chamorro-antonio-garcia\/","url_meta":{"origin":29049,"position":3},"title":"Eli\u00e9cer Erlinto Chamorro, alias &#8216;Antonio Garc\u00eda&#8217;","author":"InSight Crime","date":"24 de junio de 2021","format":false,"excerpt":"Eli\u00e9cer Erlinto Chamorro, alias \u201cAntonio Garc\u00eda\u201d, es el primer comandante del grupo guerrillero colombiano ELN.","rel":"","context":"En \u00abColombia\u00bb","block_context":{"text":"Colombia","link":"https:\/\/insightcrime.org\/es\/category\/noticias-crimen-organizado-colombia\/"},"img":{"alt_text":"Perfil criminal - Eliecer Erlinto Chamorro, alias \u2018Antonio Garcia\u2019 - Colombia.","src":"https:\/\/i0.wp.com\/insightcrime.org\/wp-content\/uploads\/2026\/08\/Perfil-Criminal-Alias-Antonio-Garcia-Colombia.jpg?fit=1200%2C900&quality=100&ssl=1&resize=350%2C200","width":350,"height":200,"srcset":"https:\/\/i0.wp.com\/insightcrime.org\/wp-content\/uploads\/2026\/08\/Perfil-Criminal-Alias-Antonio-Garcia-Colombia.jpg?fit=1200%2C900&quality=100&ssl=1&resize=350%2C200 1x, https:\/\/i0.wp.com\/insightcrime.org\/wp-content\/uploads\/2026\/08\/Perfil-Criminal-Alias-Antonio-Garcia-Colombia.jpg?fit=1200%2C900&quality=100&ssl=1&resize=525%2C300 1.5x, https:\/\/i0.wp.com\/insightcrime.org\/wp-content\/uploads\/2026\/08\/Perfil-Criminal-Alias-Antonio-Garcia-Colombia.jpg?fit=1200%2C900&quality=100&ssl=1&resize=700%2C400 2x, https:\/\/i0.wp.com\/insightcrime.org\/wp-content\/uploads\/2026\/08\/Perfil-Criminal-Alias-Antonio-Garcia-Colombia.jpg?fit=1200%2C900&quality=100&ssl=1&resize=1050%2C600 3x"},"classes":[]},{"id":316797,"url":"https:\/\/insightcrime.org\/es\/noticias\/nueva-guerra-fronteriza-entre-guerrillas-colombia-venezuela\/","url_meta":{"origin":29049,"position":4},"title":"Frontera entre Colombia y Venezuela en alerta por conflicto entre guerrillas","author":"Unidad Investigativa de Venezuela","date":"8 de agosto de 2025","format":false,"excerpt":"La presunta muerte de un comandante guerrillero en un \u00e1rea cercana a la frontera entre Colombia y Venezuela da se\u00f1ales de la fractura de una alianza criminal que regula conjuntamente econom\u00edas criminales en la zona sur de la frontera binacional.","rel":"","context":"En \u00abNoticias\u00bb","block_context":{"text":"Noticias","link":"https:\/\/insightcrime.org\/es\/category\/noticias\/"},"img":{"alt_text":"","src":"https:\/\/i0.wp.com\/insightcrime.org\/wp-content\/uploads\/2025\/08\/image-4-1.png?fit=350%2C250&quality=100&ssl=1&resize=350%2C200","width":350,"height":200},"classes":[]},{"id":178094,"url":"https:\/\/insightcrime.org\/es\/noticias\/interminable-guerra-cocaina-putumayo-colombia\/","url_meta":{"origin":29049,"position":5},"title":"La guerra sin fin por la coca\u00edna en Putumayo, Colombia","author":"Juliana Manjarr\u00e9s","date":"23 de febrero de 2022","format":false,"excerpt":"Antes basti\u00f3n guerrillero y siempre departamento cocalero, Putumayo, al sur de Colombia, vive un nuevo estallido de violencia en medio de la guerra entre facciones disidentes de las FARC.","rel":"","context":"En \u00abNoticias\u00bb","block_context":{"text":"Noticias","link":"https:\/\/insightcrime.org\/es\/category\/noticias\/"},"img":{"alt_text":"","src":"https:\/\/i0.wp.com\/insightcrime.org\/wp-content\/uploads\/2022\/02\/Imagen-1-1.jpg?fit=350%2C250&quality=100&ssl=1&resize=350%2C200","width":350,"height":200},"classes":[]}],"jetpack_featured_media_url":"https:\/\/i0.wp.com\/insightcrime.org\/wp-content\/uploads\/2017\/05\/es-17-05-04-Colombia-FARC-Dissidents.jpg?fit=350%2C220&quality=100&ssl=1","_links":{"self":[{"href":"https:\/\/insightcrime.org\/es\/wp-json\/wp\/v2\/posts\/29049","targetHints":{"allow":["GET"]}}],"collection":[{"href":"https:\/\/insightcrime.org\/es\/wp-json\/wp\/v2\/posts"}],"about":[{"href":"https:\/\/insightcrime.org\/es\/wp-json\/wp\/v2\/types\/post"}],"author":[{"embeddable":true,"href":"https:\/\/insightcrime.org\/es\/wp-json\/wp\/v2\/users\/36"}],"replies":[{"embeddable":true,"href":"https:\/\/insightcrime.org\/es\/wp-json\/wp\/v2\/comments?post=29049"}],"version-history":[{"count":1,"href":"https:\/\/insightcrime.org\/es\/wp-json\/wp\/v2\/posts\/29049\/revisions"}],"predecessor-version":[{"id":35538,"href":"https:\/\/insightcrime.org\/es\/wp-json\/wp\/v2\/posts\/29049\/revisions\/35538"}],"wp:featuredmedia":[{"embeddable":true,"href":"https:\/\/insightcrime.org\/es\/wp-json\/wp\/v2\/media\/46417"}],"wp:attachment":[{"href":"https:\/\/insightcrime.org\/es\/wp-json\/wp\/v2\/media?parent=29049"}],"wp:term":[{"taxonomy":"category","embeddable":true,"href":"https:\/\/insightcrime.org\/es\/wp-json\/wp\/v2\/categories?post=29049"},{"taxonomy":"post_tag","embeddable":true,"href":"https:\/\/insightcrime.org\/es\/wp-json\/wp\/v2\/tags?post=29049"},{"taxonomy":"newspack_spnsrs_tax","embeddable":true,"href":"https:\/\/insightcrime.org\/es\/wp-json\/wp\/v2\/newspack_spnsrs_tax?post=29049"},{"taxonomy":"author","embeddable":true,"href":"https:\/\/insightcrime.org\/es\/wp-json\/wp\/v2\/coauthors?post=29049"}],"curies":[{"name":"wp","href":"https:\/\/api.w.org\/{rel}","templated":true}]}}