{"id":29260,"date":"2017-05-25T20:09:52","date_gmt":"2017-09-14T00:06:00","guid":{"rendered":"https:\/\/insightcrime.org\/?p=29260"},"modified":"2023-04-24T16:00:11","modified_gmt":"2023-04-24T21:00:11","slug":"policia-brasil-monta-otra-inutil-redada-cracolandia-sao-paulo","status":"publish","type":"post","link":"https:\/\/insightcrime.org\/es\/noticias\/noticias-del-dia\/policia-brasil-monta-otra-inutil-redada-cracolandia-sao-paulo\/","title":{"rendered":"Polic\u00eda realiza nueva redada en vano en \u2018Cracol\u00e2ndia\u2019 de S\u00e3o Paulo"},"content":{"rendered":"\n<p class=\"wp-block-paragraph\">Un operativo de polic\u00eda contra un mercado de drogas al aire libre en S\u00e3o Paulo, Brasil, simplemente desplaz\u00f3 el problema, pues compradores y vendedores trasladaron sus negocios a nuevos puntos. Algo que ilustra los problemas de esas redadas contra el microtr\u00e1fico en la regi\u00f3n.<\/p>\n\n\n\n<p class=\"wp-block-paragraph\">El 21 de mayo, las autoridades brasile\u00f1as desplegaron 900 agentes de la polic\u00eda militar en una zona de S\u00e3o Paulo conocida como \u201cCracol\u00e2ndia\u201d, <a href=\"https:\/\/www1.folha.uol.com.br\/cotidiano\/2017\/05\/1886039-apos-acao-policial-secretario-de-doria-diz-que-nao-vai-mais-ter-cracolandia.shtml\" target=\"_blank\">inform\u00f3 Folha de S\u00e3o Paulo.<\/a><\/p>\n\n\n\n<p class=\"wp-block-paragraph\">El operativo buscaba poner fin a la venta local extendida de crack \u2014una forma de coca\u00edna fumable, de bajo precio y muy adictiva\u2014&nbsp; que por a\u00f1os ha proliferado en la zona. Varias docenas de personas fueron arrestadas en la redada.<\/p>\n\n\n\n<p class=\"wp-block-paragraph\">\u201cCracol\u00e2ndia ya no existe y no regresar\u00e1. El gobierno no lo permitir\u00e1\u201d, declar\u00f3 el alcalde de la ciudad de S\u00e3o Paulo Jo\u00e3o Doria en declaraciones recogidas por la <a href=\"https:\/\/www.bbc.com\/news\/world-latin-america-39994177\" target=\"_blank\">BBC.<\/a><\/p>\n\n\n\n<p class=\"wp-block-paragraph\">Sin embargo, el funcionario admiti\u00f3 que se necesitar\u00e1 mantener presencia policial para impedir el resurgimiento del tr\u00e1fico en la zona.<\/p>\n\n\n\n<p class=\"wp-block-paragraph\">Otros no compart\u00edan el optimismo del alcalde. El gobernador del estado de S\u00e3o Paulo, Geraldo Alckmin, fue m\u00e1s cauto, al describir el operativo como no m\u00e1s que \u201cel primer paso para poner fin a \u2018Cracol\u00e2ndia&#8217;\u201d, seg\u00fan <a href=\"https:\/\/agenciabrasil.ebc.com.br\/geral\/noticia\/2017-05\/operacao-policial-foi-primeiro-passo-para-acabar-com-cracolandia-diz-alckmin\" target=\"_blank\">Ag\u00eancia Brasil.<\/a><\/p>\n\n\n\n<p class=\"wp-block-paragraph\">Entretanto, el fiscal de S\u00e3o Paulo, Arthur Pinto Filho, se\u00f1al\u00f3 que el problema estaba lejos de resolverse, y que el operativo de la polic\u00eda tan solo hab\u00eda desplazado Cracol\u00e2ndia a otras zonas.<\/p>\n\n\n\n<p class=\"wp-block-paragraph\">\u201cEl operativo no ha resuelto el problema base de \u2018Cracol\u00e2ndia\u2019, que es la adicci\u00f3n. Hasta que eso no se haya resuelto, el problema no tendr\u00e1 soluci\u00f3n, la droga seguir\u00e1 circulando, sea aqu\u00ed o en cualquier otro lugar de Brasil\u201d, coment\u00f3 el fiscal a <a href=\"https:\/\/agenciabrasil.ebc.com.br\/direitos-humanos\/noticia\/2017-05\/cracolandia-paulistana-so-mudou-de-lugar-diz-promotor\" target=\"_blank\">Ag\u00eancia Brasil<\/a> en una entrevista.<\/p>\n\n\n\n<p class=\"wp-block-paragraph\">Al d\u00eda siguiente del operativo, ya pod\u00edan verse adictos consumiendo crack en las calles aleda\u00f1as al centro de microtr\u00e1fico, mientras que los agentes de polic\u00eda de nuevo se hac\u00edan los de la vista gorda, seg\u00fan anot\u00f3 Folha de S\u00e3o Paulo.<\/p>\n\n\n\n<p class=\"wp-block-paragraph\">El alcalde Doria us\u00f3 la incursi\u00f3n del 21 de mayo para anunciar la clausura de la pol\u00edtica de su predecesor de atacar el problema del consumo de crack centr\u00e1ndose en el tratamiento de la adicci\u00f3n, m\u00e1s que en el uso de medidas de fuerza. Pero Doria insisti\u00f3 en que se mantendr\u00edan ciertas medidas, como brindar oportunidades laborales y vivienda a los adictos.<\/p>\n\n\n\n<p class=\"wp-block-paragraph\">El alcalde tambi\u00e9n prometi\u00f3 reformar por completo la infraestructura y los edificios de la zona de Cracol\u00e2ndia como parte de un programa m\u00e1s amplio bautizado \u201cCidade Linda (Ciudad bonita)\u201d.<\/p>\n\n\n\n<p class=\"wp-block-paragraph\"><iframe loading=\"lazy\" src=\"https:\/\/www.youtube.com\/embed\/XLGUvEZm1dg\" frameborder=\"0\" width=\"590\" height=\"315\" allowfullscreen=\"allowfullscreen\" style=\"display: block; margin-left: auto; margin-right: auto;\"><\/iframe><\/p>\n\n\n\n<p class=\"has-text-align-center wp-block-paragraph\"><em>Incursi\u00f3n de la polic\u00eda de S\u00e3o Paulo en Cracol\u00e2ndia, Cortes\u00eda de Euronews<\/em><\/p>\n\n\n\n<h3 class=\"wp-block-heading\">An\u00e1lisis de InSight Crime<\/h3>\n\n\n\n<p class=\"wp-block-paragraph\">El crack se ha convertido en un problema serio para Brasil, que es ahora el <a href=\"\/news\/analysisde-the-cracklands-of-rio-de-janeiros-favelas\" target=\"_blank\">segundo mayor consumidor mundial<\/a> de coca\u00edna y sus derivados. Las autoridades han tratado por varios medios de frenar el alza en el consumo. Tanto<a href=\"\/news\/briefs\/sao-paolo-compulsory-treatment-crack-addicts\" target=\"_blank\"> S\u00e3o Paulo<\/a> como <a href=\"\/news\/briefs\/rio-hospitalization-crack-addicts\" target=\"_blank\">Rio de Janeiro<\/a>, por ejemplo, ensayaron programas forzosos de tratamiento para adictos en 2013, con resultados limitados.<\/p>\n\n\n\n<p class=\"wp-block-paragraph\">Entretanto, las iniciativas de aplicar medidas restrictivas contra el microtr\u00e1fico, como esta nueva batida en S\u00e3o Paulo, han demostrado su ineficacia y controversia. El reciente operativo de mano dura en Cracol\u00e2ndia&nbsp;<a href=\"https:\/\/www.brasil247.com\/pt\/247\/sp247\/297035\/Conselho-Federal-de-Psicologia-chama-a%C3%A7%C3%A3o-de-Doria-na-Cracol%C3%A2ndia-de-%E2%80%98barb%C3%A1rie%E2%80%99.htm\" target=\"_blank\">fue descrito<\/a> por algunos expertos en salud mental como una \u201catrocidad\u201d, mientras que<a href=\"https:\/\/www.redebrasilatual.com.br\/politica\/2017\/05\/alckmin-nao-explica-acao-violenta-na-cracolandia\" target=\"_blank\"> activistas locales lo calificaron<\/a> presuntamente de \u201cmasacre\u201d.<\/p>\n\n\n\n<p class=\"wp-block-paragraph\">Sin duda, no es la primera vez que e<a href=\"\/component\/content\/article?id=2388:tracking-the-spread-of-crack-cocaine-in-sao-paulo-and-rio\" target=\"_blank\">se tipo de operativos se realiza<\/a> en las dos mayores ciudades de Brasil. En S\u00e3o Paulo, los allanamientos de la polic\u00eda a Cracol\u00e2ndias se remonta a 2008. Ir\u00f3nicamente, el alcalde de la ciudad de la \u00e9poca, hizo comentarios similares a los de Doria, cuando afirm\u00f3 luego del operativo que \u201c\u2018Cracol\u00e2ndia\u2019 dej\u00f3 de existir\u201d, seg\u00fan <a href=\"https:\/\/www1.folha.uol.com.br\/cotidiano\/2017\/05\/1886039-apos-acao-policial-secretario-de-doria-diz-que-nao-vai-mais-ter-cracolandia.shtml\" target=\"_blank\">Folha de S\u00e3o Paulo.<\/a><\/p>\n\n\n\n<p class=\"wp-block-paragraph\"><span style=\"color: #800000;\"><strong>VEA TAMBI\u00c9N:<\/strong> <\/span><a href=\"\/noticias-sobre-crimen-organizado-en-brasil\" target=\"_blank\">Noticias y perfiles de Brasil<\/a><\/p>\n\n\n\n<p class=\"wp-block-paragraph\">S\u00e3o Paulo no es un caso aislado en la regi\u00f3n. La estrategia de ejecutar ataques r\u00e1pidos y contundentes a plazas de drogas al desbubierto sin implementar iniciativas para dar soluci\u00f3n a los factores que hacen propicias esas zonas para tales actividades tambi\u00e9n han fallado una y otra vez en Bogot\u00e1, capital colombiana, que tiene su propia versi\u00f3n de Cracol\u00e2ndia con el sector conocido como \u201cEl Bronx\u201d.<\/p>\n\n\n\n<p class=\"wp-block-paragraph\">M\u00faltiples redadas policiales en el Bronx <a href=\"\/noticias\/analisis\/moviendo-el-problema-de-lugar-la-guerra-de-colombia-contra-el-microtrafico\" target=\"_blank\">simplemente han desplazado<\/a> el microtr\u00e1fico a lo largo de los a\u00f1os. En mayo de 2016, las autoridades hicieron un <a href=\"\/noticias\/noticias-del-dia\/nueva-operacion-contra-olla-en-bogota-revive-viejos-problemas\" target=\"_blank\">despliegue masivo<\/a> de 2.000 polic\u00edas, soldados y funcionarios judiciales, que se lanzaron al Bronx en una de esas operaciones. La necesidad de un operativo tan masivo puso en evidencia el fracaso a largo plazo de operativos policiales anteriores en t\u00e9rminos de tratar la venta y el consumo de droga libre y generalizado en esa zona.<\/p>\n","protected":false},"excerpt":{"rendered":"<p>Un operativo de polic\u00eda contra un mercado de drogas al aire libre en S\u00e3o Paulo, Brasil, simplemente desplaz\u00f3 el problema, pues compradores y vendedores trasladaron sus negocios a nuevos puntos. Algo que ilustra los problemas de esas redadas contra el microtr\u00e1fico en la regi\u00f3n.<\/p>\n","protected":false},"author":79,"featured_media":46522,"comment_status":"closed","ping_status":"closed","sticky":false,"template":"","format":"standard","meta":{"newspack_ads_suppress_ads":false,"newspack_popups_has_disabled_popups":false,"newspack_sponsor_sponsorship_scope":"","newspack_sponsor_native_byline_display":"inherit","newspack_sponsor_native_category_display":"inherit","newspack_sponsor_underwriter_style":"inherit","newspack_sponsor_underwriter_placement":"inherit","_EventAllDay":false,"_EventTimezone":"","_EventStartDate":"","_EventEndDate":"","_EventStartDateUTC":"","_EventEndDateUTC":"","_EventShowMap":false,"_EventShowMapLink":false,"_EventURL":"","_EventCost":"","_EventCostDescription":"","_EventCurrencySymbol":"","_EventCurrencyCode":"","_EventCurrencyPosition":"","_EventDateTimeSeparator":"","_EventTimeRangeSeparator":"","_EventOrganizerID":[],"_EventVenueID":[],"_OrganizerEmail":"","_OrganizerPhone":"","_OrganizerWebsite":"","_VenueAddress":"","_VenueCity":"","_VenueCountry":"","_VenueProvince":"","_VenueState":"","_VenueZip":"","_VenuePhone":"","_VenueURL":"","_VenueStateProvince":"","_VenueLat":"","_VenueLng":"","_VenueShowMap":false,"_VenueShowMapLink":false,"_newspack_byline_active":false,"_newspack_byline":"","newspack_hide_updated_date":false,"newspack_show_updated_date":false,"newspack_featured_image_position":"","newspack_post_subtitle":"","newspack_article_summary_title":"Overview:","newspack_article_summary":"","_jetpack_memberships_contains_paid_content":false,"footnotes":""},"categories":[334],"tags":[405,458,472],"newspack_spnsrs_tax":[],"coauthors":[4036],"class_list":["post-29260","post","type-post","status-publish","format-standard","has-post-thumbnail","hentry","category-noticias-del-dia","tag-brasil","tag-microtrafico","tag-politica-de-drogas","entry"],"parsely":{"version":"1.1.0","canonical_url":"https:\/\/insightcrime.org\/es\/noticias\/noticias-del-dia\/policia-brasil-monta-otra-inutil-redada-cracolandia-sao-paulo\/","smart_links":{"inbound":0,"outbound":0},"traffic_boost_suggestions_count":0,"meta":{"@context":"https:\/\/schema.org","@type":"NewsArticle","headline":"Polic\u00eda realiza nueva redada en vano en \u2018Cracol\u00e2ndia\u2019 de S\u00e3o Paulo","url":"http:\/\/insightcrime.org\/es\/noticias\/noticias-del-dia\/policia-brasil-monta-otra-inutil-redada-cracolandia-sao-paulo\/","mainEntityOfPage":{"@type":"WebPage","@id":"http:\/\/insightcrime.org\/es\/noticias\/noticias-del-dia\/policia-brasil-monta-otra-inutil-redada-cracolandia-sao-paulo\/"},"thumbnailUrl":"https:\/\/i0.wp.com\/insightcrime.org\/wp-content\/uploads\/2017\/05\/es-17-05-24-Brazil-Microtrafficking-Crackland.jpg?resize=150%2C150&quality=100&ssl=1","image":{"@type":"ImageObject","url":"https:\/\/i0.wp.com\/insightcrime.org\/wp-content\/uploads\/2017\/05\/es-17-05-24-Brazil-Microtrafficking-Crackland.jpg?fit=350%2C250&quality=100&ssl=1"},"articleSection":"Noticias del d\u00eda","author":[{"@type":"Person","name":"Tristan Clavel"}],"creator":["Tristan Clavel"],"publisher":{"@type":"Organization","name":"InSight Crime","logo":"https:\/\/insightcrime.org\/wp-content\/uploads\/2023\/08\/logo.png"},"keywords":["brasil","microtr\u00e1fico","pol\u00edtica de drogas"],"dateCreated":"2017-09-14T00:06:00Z","datePublished":"2017-09-14T00:06:00Z","dateModified":"2023-04-24T21:00:11Z"},"rendered":"<meta name=\"parsely-title\" content=\"Polic\u00eda realiza nueva redada en vano en \u2018Cracol\u00e2ndia\u2019 de S\u00e3o Paulo\" \/>\n<meta name=\"parsely-link\" content=\"http:\/\/insightcrime.org\/es\/noticias\/noticias-del-dia\/policia-brasil-monta-otra-inutil-redada-cracolandia-sao-paulo\/\" \/>\n<meta name=\"parsely-type\" content=\"post\" \/>\n<meta name=\"parsely-image-url\" content=\"https:\/\/i0.wp.com\/insightcrime.org\/wp-content\/uploads\/2017\/05\/es-17-05-24-Brazil-Microtrafficking-Crackland.jpg?resize=150%2C150&amp;quality=100&amp;ssl=1\" \/>\n<meta name=\"parsely-pub-date\" content=\"2017-09-14T00:06:00Z\" \/>\n<meta name=\"parsely-section\" content=\"Noticias del d\u00eda\" \/>\n<meta name=\"parsely-tags\" content=\"brasil,microtr\u00e1fico,pol\u00edtica de drogas\" \/>\n<meta name=\"parsely-author\" content=\"Tristan Clavel\" \/>","tracker_url":"https:\/\/cdn.parsely.com\/keys\/insightcrime.org\/p.js"},"jetpack_sharing_enabled":true,"jetpack-related-posts":[{"id":181939,"url":"https:\/\/insightcrime.org\/es\/noticias\/cracolandia-sao-paulo-brasil-traslada-nuevos-predios\/","url_meta":{"origin":29260,"position":0},"title":"La &#8216;Cracol\u00e2ndia&#8217; de S\u00e3o Paulo, Brasil, se traslada a nuevos predios","author":"Scott Mistler-Ferguson","date":"8 de abril de 2022","format":false,"excerpt":"Los habitantes de mayor mercado de drogas al aire libre de Brasil se han reubicado debido a nuevas intervenciones policiales y quiz\u00e1 tambi\u00e9n por \u00f3rdenes del crimen organizado.","rel":"","context":"En \u00abNoticias\u00bb","block_context":{"text":"Noticias","link":"https:\/\/insightcrime.org\/es\/category\/noticias\/"},"img":{"alt_text":"Operativos de la polic\u00eda para desalojar Cracolandia","src":"https:\/\/i0.wp.com\/insightcrime.org\/wp-content\/uploads\/2022\/04\/Cracolandia-2.jpg?fit=350%2C250&quality=100&ssl=1&resize=350%2C200","width":350,"height":200},"classes":[]},{"id":188456,"url":"https:\/\/insightcrime.org\/es\/noticias\/policia-sao-paulo-decomisa-potente-quimico-cortar-cocaina-crack\/","url_meta":{"origin":29260,"position":1},"title":"Polic\u00eda de S\u00e3o Paulo decomisa potente qu\u00edmico para cortar coca\u00edna y crack","author":"Peter Appleby","date":"14 de junio de 2022","format":false,"excerpt":"La polic\u00eda de S\u00e3o Paulo, Brasil, decomis\u00f3 un cargamento de un qu\u00edmico con aplicaciones industriales que se est\u00e1 usando como novedoso agente de corte en las etapas finales de la producci\u00f3n de crack y coca\u00edna.","rel":"","context":"En \u00abNoticias\u00bb","block_context":{"text":"Noticias","link":"https:\/\/insightcrime.org\/es\/category\/noticias\/"},"img":{"alt_text":"","src":"","width":0,"height":0},"classes":[]},{"id":270784,"url":"https:\/\/insightcrime.org\/es\/noticias\/brasil-tacticas-policiales-recicladas-dan-mismos-resultados\/","url_meta":{"origin":29260,"position":2},"title":"En Brasil, t\u00e1cticas policiales recicladas dan los mismos resultados","author":"Christopher Newton","date":"14 de marzo de 2024","format":false,"excerpt":"Los asesinatos a manos de la polic\u00eda aumentaron dr\u00e1sticamente en el estado de S\u00e3o Paulo, Brasil, en los dos primeros meses de 2024, mientras las autoridades siguen confiando en las t\u00e1cticas represivas para intentar frenar la delincuencia, una estrategia que a\u00fan no ha dado resultados a largo plazo.","rel":"","context":"En \u00abNoticias\u00bb","block_context":{"text":"Noticias","link":"https:\/\/insightcrime.org\/es\/category\/noticias\/"},"img":{"alt_text":"Protest against civilian deaths under Operation Shield, in Baixada Santista. \nManifestaci\u00f3n contra las muertes provocadas por la Operaci\u00f3n Escudo, en la Baixada Santista. ","src":"https:\/\/i0.wp.com\/insightcrime.org\/wp-content\/uploads\/2024\/03\/brazil-operation-shield-police-violence-security-police-AFP.jpg?fit=350%2C250&quality=100&ssl=1&resize=350%2C200","width":350,"height":200},"classes":[]},{"id":151050,"url":"https:\/\/insightcrime.org\/es\/noticias\/policia-sao-paulo-equipada-camaras-no-causo-muertes-junio\/","url_meta":{"origin":29260,"position":3},"title":"Polic\u00eda de S\u00e3o Paulo equipada con c\u00e1maras no caus\u00f3 muertes en junio","author":"Chris Dalby","date":"14 de julio de 2021","format":false,"excerpt":"Los homicidios asociados a varias unidades de la polic\u00eda militar en S\u00e3o Paulo cayeron a cero en junio de 2021 gracias a una simple innovaci\u00f3n: las c\u00e1maras corporales.","rel":"","context":"En \u00abNoticias\u00bb","block_context":{"text":"Noticias","link":"https:\/\/insightcrime.org\/es\/category\/noticias\/"},"img":{"alt_text":"A military police officer in S\u00e3o Paulo with his body camera on","src":"https:\/\/i0.wp.com\/insightcrime.org\/wp-content\/uploads\/2021\/07\/camara-policia.jpg?fit=350%2C250&quality=100&ssl=1&resize=350%2C200","width":350,"height":200},"classes":[]},{"id":314407,"url":"https:\/\/insightcrime.org\/es\/noticias\/como-mercado-de-drogas-k-frustro-veto-pcc-en-brasil\/","url_meta":{"origin":29260,"position":4},"title":"C\u00f3mo el mercado de drogas K frustr\u00f3 el veto del PCC en Brasil","author":"Creusa Mu\u00f1oz","date":"15 de julio de 2025","format":false,"excerpt":"El mercado de drogas K sigue en auge en Brasil, a pesar de los supuestos intentos del Primer Comando Capital (PCC) por prohibirla. Sin embargo, la naturaleza del negocio hace que el veto funcione m\u00e1s como un mecanismo de control que como una medida efectiva para erradicar su venta.","rel":"","context":"En \u00abNoticias\u00bb","block_context":{"text":"Noticias","link":"https:\/\/insightcrime.org\/es\/category\/noticias\/"},"img":{"alt_text":"","src":"https:\/\/i0.wp.com\/insightcrime.org\/wp-content\/uploads\/2025\/07\/Flagship-Cover-Drogas-K-Jul-2025.jpg?fit=1200%2C690&quality=100&ssl=1&resize=350%2C200","width":350,"height":200,"srcset":"https:\/\/i0.wp.com\/insightcrime.org\/wp-content\/uploads\/2025\/07\/Flagship-Cover-Drogas-K-Jul-2025.jpg?fit=1200%2C690&quality=100&ssl=1&resize=350%2C200 1x, https:\/\/i0.wp.com\/insightcrime.org\/wp-content\/uploads\/2025\/07\/Flagship-Cover-Drogas-K-Jul-2025.jpg?fit=1200%2C690&quality=100&ssl=1&resize=525%2C300 1.5x, https:\/\/i0.wp.com\/insightcrime.org\/wp-content\/uploads\/2025\/07\/Flagship-Cover-Drogas-K-Jul-2025.jpg?fit=1200%2C690&quality=100&ssl=1&resize=700%2C400 2x, https:\/\/i0.wp.com\/insightcrime.org\/wp-content\/uploads\/2025\/07\/Flagship-Cover-Drogas-K-Jul-2025.jpg?fit=1200%2C690&quality=100&ssl=1&resize=1050%2C600 3x"},"classes":[]},{"id":273741,"url":"https:\/\/insightcrime.org\/es\/noticias\/pcc-entra-ruedo-contratos-municipales-brasil\/","url_meta":{"origin":29260,"position":5},"title":"El PCC entra al ruedo de los contratos municipales en Brasil","author":"Steven Dudley","date":"18 de abril de 2024","format":false,"excerpt":"Una serie de arrestos a pol\u00edticos vinculados con pandillas en el estado brasile\u00f1o de S\u00e3o Paulo ilustra la evoluci\u00f3n de la mayor red criminal del pa\u00eds.","rel":"","context":"En \u00abNoticias\u00bb","block_context":{"text":"Noticias","link":"https:\/\/insightcrime.org\/es\/category\/noticias\/"},"img":{"alt_text":"Police carry out operation and arrest 13 suspects linked to PCC in S\u00e3o Paulo. Polic\u00eda realiza operativo y arresta a 13 sospechosos relacionados con el PCC en S\u00e3o Paulo","src":"https:\/\/i0.wp.com\/insightcrime.org\/wp-content\/uploads\/2024\/04\/WhatsApp-Image-2024-04-16-at-17.09.32-1.jpeg?fit=350%2C250&quality=100&ssl=1&resize=350%2C200","width":350,"height":200},"classes":[]}],"jetpack_featured_media_url":"https:\/\/i0.wp.com\/insightcrime.org\/wp-content\/uploads\/2017\/05\/es-17-05-24-Brazil-Microtrafficking-Crackland.jpg?fit=350%2C250&quality=100&ssl=1","_links":{"self":[{"href":"https:\/\/insightcrime.org\/es\/wp-json\/wp\/v2\/posts\/29260","targetHints":{"allow":["GET"]}}],"collection":[{"href":"https:\/\/insightcrime.org\/es\/wp-json\/wp\/v2\/posts"}],"about":[{"href":"https:\/\/insightcrime.org\/es\/wp-json\/wp\/v2\/types\/post"}],"author":[{"embeddable":true,"href":"https:\/\/insightcrime.org\/es\/wp-json\/wp\/v2\/users\/79"}],"replies":[{"embeddable":true,"href":"https:\/\/insightcrime.org\/es\/wp-json\/wp\/v2\/comments?post=29260"}],"version-history":[{"count":1,"href":"https:\/\/insightcrime.org\/es\/wp-json\/wp\/v2\/posts\/29260\/revisions"}],"predecessor-version":[{"id":35593,"href":"https:\/\/insightcrime.org\/es\/wp-json\/wp\/v2\/posts\/29260\/revisions\/35593"}],"wp:featuredmedia":[{"embeddable":true,"href":"https:\/\/insightcrime.org\/es\/wp-json\/wp\/v2\/media\/46522"}],"wp:attachment":[{"href":"https:\/\/insightcrime.org\/es\/wp-json\/wp\/v2\/media?parent=29260"}],"wp:term":[{"taxonomy":"category","embeddable":true,"href":"https:\/\/insightcrime.org\/es\/wp-json\/wp\/v2\/categories?post=29260"},{"taxonomy":"post_tag","embeddable":true,"href":"https:\/\/insightcrime.org\/es\/wp-json\/wp\/v2\/tags?post=29260"},{"taxonomy":"newspack_spnsrs_tax","embeddable":true,"href":"https:\/\/insightcrime.org\/es\/wp-json\/wp\/v2\/newspack_spnsrs_tax?post=29260"},{"taxonomy":"author","embeddable":true,"href":"https:\/\/insightcrime.org\/es\/wp-json\/wp\/v2\/coauthors?post=29260"}],"curies":[{"name":"wp","href":"https:\/\/api.w.org\/{rel}","templated":true}]}}