{"id":29288,"date":"2017-05-29T17:34:00","date_gmt":"2017-09-14T00:06:43","guid":{"rendered":"https:\/\/insightcrime.org\/?p=29288"},"modified":"2023-04-24T16:00:16","modified_gmt":"2023-04-24T21:00:16","slug":"miembros-de-barrio-18-condenados-a-390-anos-por-masacre-en-el-salvador","status":"publish","type":"post","link":"https:\/\/insightcrime.org\/es\/noticias\/noticias-del-dia\/miembros-de-barrio-18-condenados-a-390-anos-por-masacre-en-el-salvador\/","title":{"rendered":"Miembros de Barrio 18 condenados a 390 a\u00f1os por masacre en El Salvador"},"content":{"rendered":"\n<p class=\"wp-block-paragraph\">Siete pandilleros fueron condenados a 390 a\u00f1os de prisi\u00f3n cada uno por el asesinato de once personas en El Salvador \u2014un juicio simb\u00f3lico por una masacre que fue determinante para la implementaci\u00f3n de medidas severas contra las pandillas por parte del gobierno\u2014.<\/p>\n\n\n\n<p class=\"wp-block-paragraph\">El 24 de mayo, un juez conden\u00f3 a los siete sospechosos a 35 a\u00f1os de prisi\u00f3n por cada uno de los 11 asesinatos, y otros cinco a\u00f1os por agrupaci\u00f3n il\u00edcita, seg\u00fan un <a href=\"https:\/\/www.fiscalia.gob.sv\/fiscal-general-destaca-importancia-prueba-cientifica-condena-390-anos-prision-masacre-san-juan-opico\/\" target=\"_blank\">comunicado de prensa <\/a>de la Fiscal\u00eda General. Los individuos, que fueron declarados culpables por la masacre de San Juan Opico en marzo de 2016, son presuntos miembros de la pandilla Barrio 18.<\/p>\n\n\n\n<p class=\"wp-block-paragraph\"><span style=\"color: #800000\"><strong>VEA TAMBI\u00c9N:<\/strong><\/span> <a href=\"\/noticias-sobre-crimen-organizado-en-el-salvador\/barrio-18\" target=\"_blank\">Noticias y perfil de Barrio 18<\/a><\/p>\n\n\n\n<p class=\"wp-block-paragraph\">La masacre <a href=\"https:\/\/es.insightcrime.org\/noticias\/noticias-del-dia\/masacres-alto-costo-estrategia-seguridad-vicepresidente-el-salvador\/\" target=\"_blank\">conmocion\u00f3 al pa\u00eds en su momento<\/a>, pues al parecer las v\u00edctimas simplemente estaban en el lugar equivocado en el momento equivocado. Ocho de las v\u00edctimas eran empleados de una empresa el\u00e9ctrica que se encontraban haciendo reparaciones, y otros tres eran jornaleros agr\u00edcolas.<\/p>\n\n\n\n<p class=\"wp-block-paragraph\">Las autoridades culparon inicialmente a la pandilla MS13, la cual neg\u00f3 toda responsabilidad en los hechos. Sin embargo, la masacre fue <a href=\"https:\/\/es.insightcrime.org\/noticias\/analisis\/pandillas-caminan-hacia-un-frente-comun-ante-medidas-extraordinarias\/\" target=\"_blank\">fundamental<\/a> para que, un mes m\u00e1s tarde, el gobierno lanzara una campa\u00f1a para implementar un paquete de \u201cmedidas extraordinarias\u201d. Esto condujo a la&nbsp;<a href=\"https:\/\/es.insightcrime.org\/noticias\/noticias-del-dia\/salvador-impone-medidas-drasticas-carceles-pandillas\/\" target=\"_blank\">intensificaci\u00f3n de las medidas de seguridad<\/a> para los pandilleros encarcelados, evitando que los presos tuvieran contacto con el exterior.<\/p>\n\n\n\n<p class=\"wp-block-paragraph\">El fiscal general de El Salvador, Douglas Mel\u00e9ndez, elogi\u00f3 la sentencia y destac\u00f3 el papel de la evidencia cient\u00edfica en este logro por parte la Fiscal\u00eda, la cual hab\u00eda pedido inicialmente sentencias de 330 a\u00f1os de prisi\u00f3n, <a href=\"https:\/\/www.laprensagrafica.com\/2017\/05\/24\/siete-pandilleros-condenados-a-390-aos-de-carcel-por-masacre-de-opico\" target=\"_blank\">inform\u00f3 La Prensa Gr\u00e1fica<\/a>.<\/p>\n\n\n\n<h3 class=\"wp-block-heading\">An\u00e1lisis de InSight Crime<\/h3>\n\n\n\n<p class=\"wp-block-paragraph\">Las siete penas de prisi\u00f3n de casi cuatro siglos para cada uno de los acusados son aparentemente absurdas, especialmente porque la legislaci\u00f3n de El Salvador establece un m\u00e1ximo de 60 a\u00f1os de prisi\u00f3n, <a href=\"https:\/\/www.laprensagrafica.com\/2017\/05\/25\/condenan-a-390-aos-de-carcel-a-pandilleros-por-masacre-opico\" target=\"_blank\">seg\u00fan La Prensa Gr\u00e1fica<\/a>.<\/p>\n\n\n\n<p class=\"wp-block-paragraph\">Pero las sentencias son bastante simb\u00f3licas, dado que la masacre de San Juan Opico gener\u00f3 una ola de apoyo que el gobierno utiliz\u00f3 para implementar una pol\u00edtica de seguridad que a\u00fan sigue en vigor. De hecho, El Salvador renov\u00f3 dichas medidas hasta 2018, y las hizo <a href=\"https:\/\/es.insightcrime.org\/noticias\/noticias-del-dia\/el-salvador-redobla-medidas-extraordinarias-contra-pandillas\/\" target=\"_blank\">extensivas<\/a> en todo el sistema penitenciario.<\/p>\n\n\n\n<p class=\"wp-block-paragraph\">Como InSight Crime <a href=\"https:\/\/es.insightcrime.org\/noticias\/noticias-del-dia\/el-salvador-extendera-hasta-2018-medidas-extraordinarias-contra-pandillas\/\" target=\"_blank\">lo ha se\u00f1alado<\/a>, dados los inciertos resultados de estas medidas extraordinarias y el poco apoyo p\u00fablico frente a esta pol\u00edtica, la insistencia del gobierno en mantener dichas medidas podr\u00eda partir de alg\u00fan tipo de negociaci\u00f3n con las pandillas, aunque las autoridades han rechazado oficialmente la solicitud de los grupos criminales de<a href=\"https:\/\/es.insightcrime.org\/noticias\/analisis\/esquiva-negociacion-gobierno-el-salvador-ms13\/\" target=\"_blank\"> establecer una tregua<\/a> para reducir la violencia. Es m\u00e1s, al volver a poner el caso de San Juan Opico en los titulares, el simb\u00f3lico juicio puede llevar a que la pol\u00edtica reciba nuevos apoyos.<\/p>\n\n\n\n<p class=\"wp-block-paragraph\"><strong><span style=\"color: #800000\">VEA TAMBI\u00c9N:<\/span><\/strong><a href=\"\/noticias-sobre-crimen-organizado-en-el-salvador\" target=\"_blank\"> Noticias y perfiles de El Salvador<\/a><\/p>\n\n\n\n<p class=\"wp-block-paragraph\">Desde un punto de vista puramente judicial, la sentencia demuestra que los fiscales de El Salvador pueden, en un contexto de presi\u00f3n p\u00fablica y pol\u00edtica, lograr llevar un caso complejo hasta la condena. Esto es un signo positivo, dado que con frecuencia se cree que tanto los pandilleros como los <a href=\"https:\/\/es.insightcrime.org\/noticias\/noticias-del-dia\/falta-control-estatal-atribuye-aumento-escuadrones-muerte-el-salvador\/\" target=\"_blank\">agentes de seguridad<\/a> suelen <a href=\"https:\/\/es.insightcrime.org\/noticias\/noticias-del-dia\/el-salvador-vive-fin-semana-sangriento-impunidad\/\" target=\"_blank\">quedar impunes <\/a>tras cometer asesinatos. Entre 2011 y 2014,<a href=\"https:\/\/es.insightcrime.org\/noticias\/analisis\/el-triangulo-norte-los-paises-que-no-lloran-a-sus-muertos\/\" target=\"_blank\"> menos del 6 por ciento<\/a> de los asesinatos cometidos en El Salvador fueron condenados.<\/p>\n","protected":false},"excerpt":{"rendered":"<p>Siete pandilleros fueron condenados a 390 a\u00f1os de prisi\u00f3n cada uno por el asesinato de once personas en El Salvador \u0097un juicio simb\u00f3lico por una masacre que fue determinante para la implementaci\u00f3n de medidas severas contra las pandillas por parte del gobierno\u0097.<\/p>\n","protected":false},"author":79,"featured_media":46536,"comment_status":"closed","ping_status":"closed","sticky":false,"template":"","format":"standard","meta":{"newspack_ads_suppress_ads":false,"newspack_popups_has_disabled_popups":false,"newspack_sponsor_sponsorship_scope":"","newspack_sponsor_native_byline_display":"inherit","newspack_sponsor_native_category_display":"inherit","newspack_sponsor_underwriter_style":"inherit","newspack_sponsor_underwriter_placement":"inherit","_EventAllDay":false,"_EventTimezone":"","_EventStartDate":"","_EventEndDate":"","_EventStartDateUTC":"","_EventEndDateUTC":"","_EventShowMap":false,"_EventShowMapLink":false,"_EventURL":"","_EventCost":"","_EventCostDescription":"","_EventCurrencySymbol":"","_EventCurrencyCode":"","_EventCurrencyPosition":"","_EventDateTimeSeparator":"","_EventTimeRangeSeparator":"","_EventOrganizerID":[],"_EventVenueID":[],"_OrganizerEmail":"","_OrganizerPhone":"","_OrganizerWebsite":"","_VenueAddress":"","_VenueCity":"","_VenueCountry":"","_VenueProvince":"","_VenueState":"","_VenueZip":"","_VenuePhone":"","_VenueURL":"","_VenueStateProvince":"","_VenueLat":"","_VenueLng":"","_VenueShowMap":false,"_VenueShowMapLink":false,"_newspack_byline_active":false,"_newspack_byline":"","newspack_hide_updated_date":false,"newspack_show_updated_date":false,"newspack_featured_image_position":"","newspack_post_subtitle":"","newspack_article_summary_title":"Overview:","newspack_article_summary":"","_jetpack_memberships_contains_paid_content":false,"footnotes":""},"categories":[334],"tags":[375,1540,438,3474],"newspack_spnsrs_tax":[],"coauthors":[4036],"class_list":["post-29288","post","type-post","status-publish","format-standard","has-post-thumbnail","hentry","category-noticias-del-dia","tag-barrio-18-grupo","tag-el-salvador-pais","tag-politicas-de-seguridad","tag-triangulo-del-norte","entry"],"parsely":{"version":"1.1.0","canonical_url":"https:\/\/insightcrime.org\/es\/noticias\/noticias-del-dia\/miembros-de-barrio-18-condenados-a-390-anos-por-masacre-en-el-salvador\/","smart_links":{"inbound":0,"outbound":0},"traffic_boost_suggestions_count":0,"meta":{"@context":"https:\/\/schema.org","@type":"NewsArticle","headline":"Miembros de Barrio 18 condenados a 390 a\u00f1os por masacre en El Salvador","url":"http:\/\/insightcrime.org\/es\/noticias\/noticias-del-dia\/miembros-de-barrio-18-condenados-a-390-anos-por-masacre-en-el-salvador\/","mainEntityOfPage":{"@type":"WebPage","@id":"http:\/\/insightcrime.org\/es\/noticias\/noticias-del-dia\/miembros-de-barrio-18-condenados-a-390-anos-por-masacre-en-el-salvador\/"},"thumbnailUrl":"https:\/\/i0.wp.com\/insightcrime.org\/wp-content\/uploads\/2017\/05\/es-17-05-25-ESV-390-Years.jpg?resize=150%2C150&quality=100&ssl=1","image":{"@type":"ImageObject","url":"https:\/\/i0.wp.com\/insightcrime.org\/wp-content\/uploads\/2017\/05\/es-17-05-25-ESV-390-Years.jpg?fit=350%2C250&quality=100&ssl=1"},"articleSection":"Noticias del d\u00eda","author":[{"@type":"Person","name":"Tristan Clavel"}],"creator":["Tristan Clavel"],"publisher":{"@type":"Organization","name":"InSight Crime","logo":"https:\/\/insightcrime.org\/wp-content\/uploads\/2023\/08\/logo.png"},"keywords":["barrio 18","el salvador","pol\u00edticas de seguridad","tri\u00e1ngulo del norte"],"dateCreated":"2017-09-14T00:06:43Z","datePublished":"2017-09-14T00:06:43Z","dateModified":"2023-04-24T21:00:16Z"},"rendered":"<meta name=\"parsely-title\" content=\"Miembros de Barrio 18 condenados a 390 a\u00f1os por masacre en El Salvador\" \/>\n<meta name=\"parsely-link\" content=\"http:\/\/insightcrime.org\/es\/noticias\/noticias-del-dia\/miembros-de-barrio-18-condenados-a-390-anos-por-masacre-en-el-salvador\/\" \/>\n<meta name=\"parsely-type\" content=\"post\" \/>\n<meta name=\"parsely-image-url\" content=\"https:\/\/i0.wp.com\/insightcrime.org\/wp-content\/uploads\/2017\/05\/es-17-05-25-ESV-390-Years.jpg?resize=150%2C150&amp;quality=100&amp;ssl=1\" \/>\n<meta name=\"parsely-pub-date\" content=\"2017-09-14T00:06:43Z\" \/>\n<meta name=\"parsely-section\" content=\"Noticias del d\u00eda\" \/>\n<meta name=\"parsely-tags\" content=\"barrio 18,el salvador,pol\u00edticas de seguridad,tri\u00e1ngulo del norte\" \/>\n<meta name=\"parsely-author\" content=\"Tristan Clavel\" \/>","tracker_url":"https:\/\/cdn.parsely.com\/keys\/insightcrime.org\/p.js"},"jetpack_sharing_enabled":true,"jetpack-related-posts":[{"id":6313,"url":"https:\/\/insightcrime.org\/es\/noticias-crimen-organizado-el-salvador\/barrio-18-perfil-2\/","url_meta":{"origin":29288,"position":0},"title":"Barrio 18","author":"InSight Crime","date":"14 de noviembre de 2023","format":false,"excerpt":"La pandilla 18, tambi\u00e9n conocida como Barrio 18, es una de las maras m\u00e1s numerosas del hemisferio occidental, equiparable en muchos aspectos a su rival m\u00e1s conocido, la Mara Salvatrucha (MS13). Aunque la pandilla tiene c\u00e9lulas en operaci\u00f3n desde Centroam\u00e9rica hasta Canad\u00e1, se ha debilitado mucho en El Salvador despu\u00e9s\u2026","rel":"","context":"En \u00abEl Salvador\u00bb","block_context":{"text":"El Salvador","link":"https:\/\/insightcrime.org\/es\/category\/noticias-crimen-organizado-el-salvador\/"},"img":{"alt_text":"","src":"https:\/\/i0.wp.com\/insightcrime.org\/wp-content\/uploads\/2023\/11\/Grupo-Criminal-Barrio-18.jpg?fit=1200%2C900&quality=100&ssl=1&resize=350%2C200","width":350,"height":200,"srcset":"https:\/\/i0.wp.com\/insightcrime.org\/wp-content\/uploads\/2023\/11\/Grupo-Criminal-Barrio-18.jpg?fit=1200%2C900&quality=100&ssl=1&resize=350%2C200 1x, https:\/\/i0.wp.com\/insightcrime.org\/wp-content\/uploads\/2023\/11\/Grupo-Criminal-Barrio-18.jpg?fit=1200%2C900&quality=100&ssl=1&resize=525%2C300 1.5x, https:\/\/i0.wp.com\/insightcrime.org\/wp-content\/uploads\/2023\/11\/Grupo-Criminal-Barrio-18.jpg?fit=1200%2C900&quality=100&ssl=1&resize=700%2C400 2x, https:\/\/i0.wp.com\/insightcrime.org\/wp-content\/uploads\/2023\/11\/Grupo-Criminal-Barrio-18.jpg?fit=1200%2C900&quality=100&ssl=1&resize=1050%2C600 3x"},"classes":[]},{"id":232637,"url":"https:\/\/insightcrime.org\/es\/noticias\/masacre-penal-femenino-honduras-tragedia-anunciada\/","url_meta":{"origin":29288,"position":1},"title":"Masacre en penal femenino de Honduras: una tragedia anunciada\u00a0","author":"Victoria Dittmar","date":"21 de junio de 2023","format":false,"excerpt":"El asesinato de decenas de mujeres en el penal femenino de Honduras ocurri\u00f3 en un contexto de creciente tensi\u00f3n entre pandillas.","rel":"","context":"En \u00abNoticias\u00bb","block_context":{"text":"Noticias","link":"https:\/\/insightcrime.org\/es\/category\/noticias\/"},"img":{"alt_text":"Humo sale del penal del PNFAS en Honduras, donde 48 mujeres fueron asesinadas en violencia entre pandillas","src":"https:\/\/i0.wp.com\/insightcrime.org\/wp-content\/uploads\/2023\/09\/af09886383-1-1.jpg?fit=350%2C250&quality=100&ssl=1&resize=350%2C200","width":350,"height":200},"classes":[]},{"id":232532,"url":"https:\/\/insightcrime.org\/es\/noticias\/nuevas-medidas-en-el-salvador-robustecen-la-represion-contra-las-pandillas\/","url_meta":{"origin":29288,"position":2},"title":"Nuevas medidas en El Salvador intensifican la represi\u00f3n contra las pandillas","author":"Gavin Voss","date":"4 de agosto de 2023","format":false,"excerpt":"Con el despliegue de miles de soldados en zonas rurales de El Salvador y una nueva legislaci\u00f3n que permite enjuiciar cientos de personas a la vez, el presidente Nayib Bukele ha expuesto la m\u00e1s reciente escalada de su campa\u00f1a de mano dura.","rel":"","context":"En \u00abNoticias\u00bb","block_context":{"text":"Noticias","link":"https:\/\/insightcrime.org\/es\/category\/noticias\/"},"img":{"alt_text":"Marcha de soldados durante el anuncio del presidente de El Salvador, Bukele, de una movilizaci\u00f3n militar en Caba\u00f1as.","src":"https:\/\/i0.wp.com\/insightcrime.org\/wp-content\/uploads\/2023\/09\/El-Salvador-cabanas-troops-security-policy-Nayib-Bukele-Twitter-1.jpeg?fit=350%2C250&quality=100&ssl=1&resize=350%2C200","width":350,"height":200},"classes":[]},{"id":122312,"url":"https:\/\/insightcrime.org\/es\/noticias\/honduras-masacres-carceles\/","url_meta":{"origin":29288,"position":3},"title":"Honduras, incapaz de parar las masacres en sus c\u00e1rceles","author":"Victoria Dittmar","date":"20 de agosto de 2020","format":false,"excerpt":"En el \u00faltimo a\u00f1o han ocurrido una serie de asesinatos selectivos, masacres y motines letales dentro de las prisiones de m\u00e1xima seguridad en Honduras. Esto pone en evidencia c\u00f3mo la violencia se ha salido de control a pesar de los esfuerzos de las autoridades para contenerla. Desde noviembre de 2019\u2026","rel":"","context":"En \u00abNoticias\u00bb","block_context":{"text":"Noticias","link":"https:\/\/insightcrime.org\/es\/category\/noticias\/"},"img":{"alt_text":"","src":"https:\/\/i0.wp.com\/insightcrime.org\/wp-content\/uploads\/2020\/08\/Honduras-Tegucigalpa-el-porvenir-prison-violence-woman-crying-DIC-2019-AP_19357662247536.jpg?fit=1200%2C629&quality=100&ssl=1&resize=350%2C200","width":350,"height":200,"srcset":"https:\/\/i0.wp.com\/insightcrime.org\/wp-content\/uploads\/2020\/08\/Honduras-Tegucigalpa-el-porvenir-prison-violence-woman-crying-DIC-2019-AP_19357662247536.jpg?fit=1200%2C629&quality=100&ssl=1&resize=350%2C200 1x, https:\/\/i0.wp.com\/insightcrime.org\/wp-content\/uploads\/2020\/08\/Honduras-Tegucigalpa-el-porvenir-prison-violence-woman-crying-DIC-2019-AP_19357662247536.jpg?fit=1200%2C629&quality=100&ssl=1&resize=525%2C300 1.5x, https:\/\/i0.wp.com\/insightcrime.org\/wp-content\/uploads\/2020\/08\/Honduras-Tegucigalpa-el-porvenir-prison-violence-woman-crying-DIC-2019-AP_19357662247536.jpg?fit=1200%2C629&quality=100&ssl=1&resize=700%2C400 2x, https:\/\/i0.wp.com\/insightcrime.org\/wp-content\/uploads\/2020\/08\/Honduras-Tegucigalpa-el-porvenir-prison-violence-woman-crying-DIC-2019-AP_19357662247536.jpg?fit=1200%2C629&quality=100&ssl=1&resize=1050%2C600 3x"},"classes":[]},{"id":232580,"url":"https:\/\/insightcrime.org\/es\/noticias\/guerra-antipandillas-honduras-ataca-fuente-violencia\/","url_meta":{"origin":29288,"position":4},"title":"Guerra antipandillas en Honduras ataca solo una fuente de violencia","author":"Sean Doherty","date":"28 de junio de 2023","format":false,"excerpt":"El gobierno de Honduras ha intensificado su campa\u00f1a contra las pandillas tras los recientes estallidos de violencia criminal, pero su respuesta limitada pasa por alto las variadas din\u00e1micas de crimen organizado en juego.","rel":"","context":"En \u00abNoticias\u00bb","block_context":{"text":"Noticias","link":"https:\/\/insightcrime.org\/es\/category\/noticias\/"},"img":{"alt_text":"","src":"https:\/\/i0.wp.com\/insightcrime.org\/wp-content\/uploads\/2023\/09\/706048f0-1433-11ee-924b-8104a08ea010-e1687984610513-1.jpg?fit=349%2C249&quality=100&ssl=1&resize=350%2C200","width":350,"height":200},"classes":[]},{"id":4896,"url":"https:\/\/insightcrime.org\/es\/noticias-crimen-organizado-el-salvador\/el-salvador\/","url_meta":{"origin":29288,"position":5},"title":"Perfil de El Salvador","author":"InSight Crime","date":"17 de junio de 2024","format":false,"excerpt":"El Salvador es la patria espiritual de las pandillas callejeras m\u00e1s conocidas de Centroam\u00e9rica: la Mara Salvatrucha (MS13) y Barrio 18. Durante a\u00f1os, estas pandillas aterrorizaron a los barrios urbanos pobres de todo el pa\u00eds, pero parecen haber sido desmanteladas en gran medida tras una brutal y controvertida ofensiva gubernamental\u2026","rel":"","context":"En \u00abEl Salvador\u00bb","block_context":{"text":"El Salvador","link":"https:\/\/insightcrime.org\/es\/category\/noticias-crimen-organizado-el-salvador\/"},"img":{"alt_text":"","src":"https:\/\/i0.wp.com\/insightcrime.org\/wp-content\/uploads\/2017\/08\/El-Salvador-country-profile-copy.jpg?fit=1200%2C609&quality=100&ssl=1&resize=350%2C200","width":350,"height":200,"srcset":"https:\/\/i0.wp.com\/insightcrime.org\/wp-content\/uploads\/2017\/08\/El-Salvador-country-profile-copy.jpg?fit=1200%2C609&quality=100&ssl=1&resize=350%2C200 1x, https:\/\/i0.wp.com\/insightcrime.org\/wp-content\/uploads\/2017\/08\/El-Salvador-country-profile-copy.jpg?fit=1200%2C609&quality=100&ssl=1&resize=525%2C300 1.5x, https:\/\/i0.wp.com\/insightcrime.org\/wp-content\/uploads\/2017\/08\/El-Salvador-country-profile-copy.jpg?fit=1200%2C609&quality=100&ssl=1&resize=700%2C400 2x, https:\/\/i0.wp.com\/insightcrime.org\/wp-content\/uploads\/2017\/08\/El-Salvador-country-profile-copy.jpg?fit=1200%2C609&quality=100&ssl=1&resize=1050%2C600 3x"},"classes":[]}],"jetpack_featured_media_url":"https:\/\/i0.wp.com\/insightcrime.org\/wp-content\/uploads\/2017\/05\/es-17-05-25-ESV-390-Years.jpg?fit=350%2C250&quality=100&ssl=1","_links":{"self":[{"href":"https:\/\/insightcrime.org\/es\/wp-json\/wp\/v2\/posts\/29288","targetHints":{"allow":["GET"]}}],"collection":[{"href":"https:\/\/insightcrime.org\/es\/wp-json\/wp\/v2\/posts"}],"about":[{"href":"https:\/\/insightcrime.org\/es\/wp-json\/wp\/v2\/types\/post"}],"author":[{"embeddable":true,"href":"https:\/\/insightcrime.org\/es\/wp-json\/wp\/v2\/users\/79"}],"replies":[{"embeddable":true,"href":"https:\/\/insightcrime.org\/es\/wp-json\/wp\/v2\/comments?post=29288"}],"version-history":[{"count":1,"href":"https:\/\/insightcrime.org\/es\/wp-json\/wp\/v2\/posts\/29288\/revisions"}],"predecessor-version":[{"id":35600,"href":"https:\/\/insightcrime.org\/es\/wp-json\/wp\/v2\/posts\/29288\/revisions\/35600"}],"wp:featuredmedia":[{"embeddable":true,"href":"https:\/\/insightcrime.org\/es\/wp-json\/wp\/v2\/media\/46536"}],"wp:attachment":[{"href":"https:\/\/insightcrime.org\/es\/wp-json\/wp\/v2\/media?parent=29288"}],"wp:term":[{"taxonomy":"category","embeddable":true,"href":"https:\/\/insightcrime.org\/es\/wp-json\/wp\/v2\/categories?post=29288"},{"taxonomy":"post_tag","embeddable":true,"href":"https:\/\/insightcrime.org\/es\/wp-json\/wp\/v2\/tags?post=29288"},{"taxonomy":"newspack_spnsrs_tax","embeddable":true,"href":"https:\/\/insightcrime.org\/es\/wp-json\/wp\/v2\/newspack_spnsrs_tax?post=29288"},{"taxonomy":"author","embeddable":true,"href":"https:\/\/insightcrime.org\/es\/wp-json\/wp\/v2\/coauthors?post=29288"}],"curies":[{"name":"wp","href":"https:\/\/api.w.org\/{rel}","templated":true}]}}