{"id":294587,"date":"2024-10-15T13:04:37","date_gmt":"2024-10-15T18:04:37","guid":{"rendered":"https:\/\/insightcrime.org\/?p=294587"},"modified":"2024-10-15T13:07:04","modified_gmt":"2024-10-15T18:07:04","slug":"gobiernos-latinoamericanos-siguen-apostando-estados-excepcion","status":"publish","type":"post","link":"https:\/\/insightcrime.org\/es\/noticias\/gobiernos-latinoamericanos-siguen-apostando-estados-excepcion\/","title":{"rendered":"\u00bfPor qu\u00e9 los gobiernos latinoamericanos siguen apostando por los estados de excepci\u00f3n?"},"content":{"rendered":"\n<p class=\"wp-block-paragraph\">Varios pa\u00edses latinoamericanos han apostado recientemente por declarar o prolongar estados de excepci\u00f3n destinados a combatir el crimen organizado, aunque hasta ahora los resultados de esos esfuerzos han mostrado poca evidencia de \u00e9xito.<\/p>\n\n\n\n<p class=\"wp-block-paragraph\">En los primeros d\u00edas de octubre, los gobiernos de Ecuador, Honduras y El Salvador prorrogaron los estados de excepci\u00f3n en los tres pa\u00edses.<\/p>\n\n\n\n<p class=\"wp-block-paragraph\">Por lo general, esta medida implica la suspensi\u00f3n de derechos como la inviolabilidad del domicilio, la libertad de tr\u00e1nsito, correspondencia o reuni\u00f3n, entre otros. Al mismo tiempo, designa a las Fuerzas Armadas como apoyo a la polic\u00eda en la gesti\u00f3n de la criminalidad, o la militarizan.<\/p>\n\n\n\n<p class=\"wp-block-paragraph\">En Ecuador, Daniel Noboa <a href=\"https:\/\/insightcrime.org\/wp-content\/uploads\/2024\/10\/DE_EE_410_03102024_1_Copy_signed_1_1_20240903001433_8fbc959e15_compressed.pdf\" target=\"_blank\" rel=\"noreferrer noopener\">declar\u00f3<\/a> nuevamente la medida en el marco del \u201cconflicto armado interno\u201d que decret\u00f3 en enero de este a\u00f1o, a pocos meses de asumir el poder y en lo que fue la primera vez que utiliz\u00f3 el recurso del estado de emergencia. Esta vez lo hizo por un lapso de 60 d\u00edas en cantones de 8 provincias, lo que incluye a Quito, adem\u00e1s de declarar toque de queda en 20 localidades.<\/p>\n\n\n\n<blockquote class=\"wp-block-quote is-layout-flow wp-block-quote-is-layout-flow\">\n<p class=\"wp-block-paragraph\"><mark style=\"background-color:rgba(0, 0, 0, 0)\" class=\"has-inline-color has-primary-color\"><strong>VEA TAMBI\u00c9N:<\/strong> <\/mark><a href=\"https:\/\/insightcrime.org\/es\/noticias\/honduras-refuerza-estrategia-fallida-mano-dura\/\" target=\"_blank\" rel=\"noreferrer noopener\">Honduras refuerza su estrategia fallida de mano dura<\/a>\u00a0<\/p>\n<\/blockquote>\n\n\n\n<p class=\"wp-block-paragraph\">Por otro lado, Honduras lleva m\u00e1s de 20 meses en estado de excepci\u00f3n, y el ejecutivo lo extendi\u00f3 por 45 d\u00edas m\u00e1s. Tambi\u00e9n est\u00e1 motivado por la lucha contra el crimen organizado, en particular \u201cel delito de extorsi\u00f3n\u201d, seg\u00fan el <a href=\"https:\/\/insightcrime.org\/wp-content\/uploads\/2024\/10\/14662_compressed.pdf\" target=\"_blank\" rel=\"noreferrer noopener\">primero<\/a> de los decretos que se public\u00f3 a principios de diciembre de 2022 y se renov\u00f3 por decimosegunda vez.<\/p>\n\n\n\n<p class=\"wp-block-paragraph\">Finalmente, en El Salvador, los diputados de la Asamblea Legislativa aprobaron la extensi\u00f3n del r\u00e9gimen de excepci\u00f3n de Bukele por 30 d\u00edas adicionales, hasta el seis de noviembre, en lo que fue la pr\u00f3rroga n\u00famero 31 y la segunda desde agosto, cuando el mandatario plante\u00f3 la posibilidad de prescindir de la medida, vigente desde 2022.\u00a0<\/p>\n\n\n\n<p class=\"wp-block-paragraph\">Otros pa\u00edses de la regi\u00f3n tambi\u00e9n han implementado medidas similares. El 25 de septiembre, el Senado chileno respald\u00f3 una nueva pr\u00f3rroga del estado de excepci\u00f3n en la llamada Macrozona Sur, con el objetivo de prevenir acciones violentas enmarcadas en el conflicto entre el gobierno y poblaciones ind\u00edgenas.<\/p>\n\n\n\n<p class=\"wp-block-paragraph\">Pocos d\u00edas despu\u00e9s, la presidenta de Per\u00fa, Dina Boluarte, <a href=\"https:\/\/insightcrime.org\/wp-content\/uploads\/2024\/10\/decreto-peru-estado-excepcion_compressed.pdf\">decret\u00f3 <\/a>estado de emergencia en un distrito del Callao y otros 13 de la provincia de Lima mediante un Decreto Supremo que se public\u00f3 el viernes 27 de septiembre. La decisi\u00f3n fue producto de una creciente oleada de extorsiones por pago de cupos y homicidios a transportistas.<\/p>\n\n\n\n<p class=\"wp-block-paragraph\">Hace un mes Hait\u00ed extendi\u00f3 su estado de emergencia al 100% del pa\u00eds en una de las peores crisis humanitarias en la historia de la naci\u00f3n. Jamaica tambi\u00e9n ha utilizado con frecuencia esta medida, con un estado de emergencia activo desde el 13 de septiembre en la Parroquia de Clarendon y generando la <a href=\"https:\/\/www.oas.org\/pt\/CIDH\/jsForm\/?File=\/es\/cidh\/prensa\/comunicados\/2024\/208.asp&amp;utm_content=country-jam&amp;utm_term=class-mon\" target=\"_blank\" rel=\"noreferrer noopener\">preocupaci\u00f3n<\/a> de la Corte Interamericana de Derechos Humanos (CIDH).<\/p>\n\n\n\n<p class=\"wp-block-paragraph\">Seg\u00fan un <a href=\"https:\/\/www.csis.org\/analysis\/constraining-states-exception#Spa\" target=\"_blank\" rel=\"noreferrer noopener\">informe<\/a> del Center for Strategic and International Studies (CSIS) fechado en junio de 2023, en Am\u00e9rica Latina y el Caribe se declararon \u201cal menos 30 estados de excepci\u00f3n entre abril de 2020 y abril de 2023\u201d en ese momento, a los que se suman los declarados en 2024 y los citados en este art\u00edculo.<\/p>\n\n\n\n<h2 class=\"wp-block-heading\" id=\"h-analisis-de-insight-crime\">An\u00e1lisis de InSight Crime<\/h2>\n\n\n\n<p class=\"wp-block-paragraph\">El frecuente uso de los estados de excepci\u00f3n por varios gobiernos de Am\u00e9rica Latina reporta ventajas operativas, pol\u00edticas y medi\u00e1ticas de car\u00e1cter inmediato, pero no tantos resultados prometidos, y acarrea riesgos cuando la medida se prolonga.\u00a0<br>A nivel pol\u00edtico, permite acallar a la oposici\u00f3n y complacer a la ciudadan\u00eda; y a nivel operativo, disponer del ej\u00e9rcito y de mayor flexibilidad legislativa. Sin embargo, pocos pa\u00edses logran reducir los \u00edndices de criminalidad y existen preocupaciones sobre violaciones a derechos humanos.<\/p>\n\n\n\n<p class=\"wp-block-paragraph\">Lejos de ser una novedad, el aparente <a href=\"https:\/\/insightcrime.org\/es\/investigaciones\/regimen-excepcion-perpetuo-el-salvador-como-gobierno-bukele-sometio-pandillas\/\" target=\"_blank\" rel=\"noreferrer noopener\">\u00e9xito del modelo Bukele<\/a> repunt\u00f3 la popularidad regional de esta medida para enfrentar el crimen organizado. Si bien los resultados que tiene para curvar los homicidios y otros cr\u00edmenes violentos son diversos <a href=\"https:\/\/insightcrime.org\/es\/noticias\/honduras-el-salvador-dos-estados-excepcion-resultados-diferentes\/\" target=\"_blank\" rel=\"noreferrer noopener\">seg\u00fan el pa\u00eds<\/a>, hay otra serie de motivos que parecen fomentar su utilizaci\u00f3n.<\/p>\n\n\n\n<blockquote class=\"wp-block-quote is-layout-flow wp-block-quote-is-layout-flow\">\n<p class=\"wp-block-paragraph\"><mark style=\"background-color:rgba(0, 0, 0, 0)\" class=\"has-inline-color has-primary-color\"><strong>VEA TAMBI\u00c9N:<\/strong> <\/mark> <a href=\"https:\/\/insightcrime.org\/es\/investigaciones\/anatomia-violencia-duran-ecuador\/\" target=\"_blank\" rel=\"noreferrer noopener\">La anatom\u00eda de la violencia en Dur\u00e1n<\/a><\/p>\n<\/blockquote>\n\n\n\n<p class=\"wp-block-paragraph\">A veces esta medida es la \u00fanica herramienta porque \u201clos gobiernos no tienen una verdadera pol\u00edtica de seguridad ciudadana, y llegan a este problema para ejercer la autoridad\u201d frente a sus rivales pol\u00edticos, explic\u00f3 a InSight Crime Edward Holfman, acad\u00e9mico y analista en seguridad.<\/p>\n\n\n\n<p class=\"wp-block-paragraph\">Por otro lado, les permite mostrar a la poblaci\u00f3n \u201cque realmente se est\u00e1n tomando medidas dr\u00e1sticas\u201d y refuerza su imagen de pol\u00edticas \u201cmano dura\u201d, frente a una sociedad que \u201clo que quiere es sentirse segura sin importar c\u00f3mo\u201d, explic\u00f3 el experto.<\/p>\n\n\n\n<p class=\"wp-block-paragraph\">Seg\u00fan el CSIS, los gobiernos pueden esperar \u201ctres ventajas b\u00e1sicas\u201d adicionales al declarar un estado de excepci\u00f3n. Por un lado, habilita \u201cdesplegar fuerzas militares para gestionar la seguridad interna\u201d \u2014o militarizar la polic\u00eda\u2014, y disponer de ese personal para, en segundo lugar, r\u00e1pidamente saturar zonas al \u201cdesplegar una gran presencia de seguridad p\u00fablica en un \u00e1rea en peligro\u201d, interrumpiendo la cotidianidad del crimen organizado. Finalmente, en l\u00ednea con Holfman, a veces simplemente se presenta como \u201cla \u00fanica herramienta pr\u00e1ctica\u201d para enfrentar el delito en \u00e1reas con escasa presencia del estado.<\/p>\n\n\n\n<p class=\"wp-block-paragraph\">Adem\u00e1s del posible retroceso en derechos humanos, la aparici\u00f3n de una \u201ccrisis perpetua\u201d es una preocupaci\u00f3n, seg\u00fan el reporte del CSIS. Ecuador y Hait\u00ed tienen los decretos vigentes desde enero y marzo de este a\u00f1o, respectivamente, mientras que El Salvador, Honduras y Chile remontan los inicios de la emergencia a 2022, con sucesivas pr\u00f3rrogas ininterrumpidas hasta el d\u00eda de hoy. Jamaica tambi\u00e9n declar\u00f3 sucesivos estados de excepci\u00f3n, y la Corte Interamericana de Derechos Humanos \u201cha expresado insistentemente su preocupaci\u00f3n por el uso reiterado del recurso\u201d.<\/p>\n\n\n\n<p class=\"wp-block-paragraph\">Los resultados tambi\u00e9n son cuestionables.<\/p>\n\n\n\n<p class=\"wp-block-paragraph\">Si bien El Salvador logr\u00f3 someter a las pandillas y bajar el \u00edndice de homicidios de 36 por 100.000 en 2019 a <a href=\"https:\/\/insightcrime.org\/wp-content\/uploads\/2023\/08\/Balance-de-InSight-Crime-de-los-homicidios-en-2023-Feb-2024-1.pdf\">2,4 en 2023<\/a>, las preocupaciones por violaciones a derechos humanos abundan. Chile declar\u00f3 un marcado descenso de la violencia rural en la macrozona sur respecto a a\u00f1os anteriores en la \u00faltima extensi\u00f3n de la medida, pero otros pa\u00edses no tuvieron tanto \u00e9xito en su aplicaci\u00f3n.&nbsp;<\/p>\n\n\n\n<p class=\"wp-block-paragraph\">En Per\u00fa, seg\u00fan <a href=\"https:\/\/www.gob.pe\/institucion\/mininter\/noticias\/1038250-pnp-capturo-mas-de-mil-delincuentes-durante-estado-de-emergencia-en-lima-y-callao\" target=\"_blank\" rel=\"noreferrer noopener\">fuentes oficiales<\/a>, la Polic\u00eda detuvo a 1.248 personas en lo que va del estado de emergencia. Sin embargo, los atentados no cesan: el mi\u00e9rcoles 9 de octubre, un criminal <a href=\"https:\/\/elcomercio.pe\/lima\/independencia-extorsionador-detona-explosivo-en-paradero-de-combis-en-zona-de-payet-extorsiones-a-transportistas-paro-de-transportistas-ultimas-noticia\/\">deton\u00f3<\/a> un explosivo en un estacionamiento de \u00f3mnibus del distrito Independencia. D\u00edas antes, en el Callao, cuatro personas fueron <a href=\"https:\/\/www.infobae.com\/peru\/2024\/10\/08\/terror-en-combi-del-callao-al-menos-cuatro-fallecidos-en-balacera-desatada-por-sicario-que-se-hizo-pasar-por-pasajero\/\" target=\"_blank\" rel=\"noreferrer noopener\">asesinadas <\/a>por un sicario que fingi\u00f3 ser pasajero. Honduras es otro pa\u00eds que tuvo una <a href=\"https:\/\/insightcrime.org\/es\/noticias\/honduras-refuerza-estrategia-fallida-mano-dura\/\" target=\"_blank\" rel=\"noreferrer noopener\">fallida estrategia de mano dura<\/a> y Ecuador no logra mejorar su situaci\u00f3n, con <a href=\"https:\/\/insightcrime.org\/es\/investigaciones\/anatomia-violencia-duran-ecuador\/\" target=\"_blank\" rel=\"noreferrer noopener\">Dur\u00e1n <\/a>como epicentro criminal y de violencia.\u00a0<\/p>\n\n\n\n<p class=\"wp-block-paragraph\"><em>Imagen principal: Hombres detenidos durante el estado de excepci\u00f3n son llevados a un centro de reclusi\u00f3n en El Salvador. Cr\u00e9dito: Gobierno de El Salvador<\/em><\/p>\n","protected":false},"excerpt":{"rendered":"<p>Varios pa\u00edses latinoamericanos han apostado recientemente por declarar o prolongar estados de excepci\u00f3n destinados a combatir el crimen organizado, aunque hasta ahora los resultados de esos esfuerzos han mostrado poca evidencia de \u00e9xito.<\/p>\n","protected":false},"author":296,"featured_media":294588,"comment_status":"closed","ping_status":"closed","sticky":false,"template":"","format":"standard","meta":{"newspack_ads_suppress_ads":false,"newspack_popups_has_disabled_popups":false,"newspack_sponsor_sponsorship_scope":"","newspack_sponsor_native_byline_display":"inherit","newspack_sponsor_native_category_display":"inherit","newspack_sponsor_underwriter_style":"inherit","newspack_sponsor_underwriter_placement":"inherit","_EventAllDay":false,"_EventTimezone":"","_EventStartDate":"","_EventEndDate":"","_EventStartDateUTC":"","_EventEndDateUTC":"","_EventShowMap":false,"_EventShowMapLink":false,"_EventURL":"","_EventCost":"","_EventCostDescription":"","_EventCurrencySymbol":"","_EventCurrencyCode":"","_EventCurrencyPosition":"","_EventDateTimeSeparator":"","_EventTimeRangeSeparator":"","_EventOrganizerID":[],"_EventVenueID":[],"_OrganizerEmail":"","_OrganizerPhone":"","_OrganizerWebsite":"","_VenueAddress":"","_VenueCity":"","_VenueCountry":"","_VenueProvince":"","_VenueState":"","_VenueZip":"","_VenuePhone":"","_VenueURL":"","_VenueStateProvince":"","_VenueLat":"","_VenueLng":"","_VenueShowMap":false,"_VenueShowMapLink":false,"_newspack_byline_active":false,"_newspack_byline":"","newspack_hide_updated_date":false,"newspack_show_updated_date":false,"newspack_featured_image_position":"","newspack_post_subtitle":"","newspack_article_summary_title":"Overview:","newspack_article_summary":"","_jetpack_memberships_contains_paid_content":false,"footnotes":""},"categories":[759],"tags":[425,450,426,1540,404,398,467,409,438,4566,4567],"newspack_spnsrs_tax":[],"coauthors":[4579],"class_list":["post-294587","post","type-post","status-publish","format-standard","has-post-thumbnail","hentry","category-noticias","tag-chile-pais","tag-derechos-humanos","tag-ecuador-pais","tag-el-salvador-pais","tag-haiti-pais","tag-honduras-pais","tag-jamaica-pais","tag-peru-pais","tag-politicas-de-seguridad","tag-series-represion-pandillas-salvador","tag-series-represion-pandillas-honduras","entry"],"parsely":{"version":"1.1.0","canonical_url":"https:\/\/insightcrime.org\/es\/noticias\/gobiernos-latinoamericanos-siguen-apostando-estados-excepcion\/","smart_links":{"inbound":0,"outbound":0},"traffic_boost_suggestions_count":0,"meta":{"@context":"https:\/\/schema.org","@type":"NewsArticle","headline":"\u00bfPor qu\u00e9 los gobiernos latinoamericanos siguen apostando por los estados de excepci\u00f3n?","url":"http:\/\/insightcrime.org\/es\/noticias\/gobiernos-latinoamericanos-siguen-apostando-estados-excepcion\/","mainEntityOfPage":{"@type":"WebPage","@id":"http:\/\/insightcrime.org\/es\/noticias\/gobiernos-latinoamericanos-siguen-apostando-estados-excepcion\/"},"thumbnailUrl":"https:\/\/i0.wp.com\/insightcrime.org\/wp-content\/uploads\/2024\/10\/arrestos-el-salvador.jpeg?resize=150%2C150&quality=100&ssl=1","image":{"@type":"ImageObject","url":"https:\/\/i0.wp.com\/insightcrime.org\/wp-content\/uploads\/2024\/10\/arrestos-el-salvador.jpeg?fit=350%2C250&quality=100&ssl=1"},"articleSection":"Noticias","author":[{"@type":"Person","name":"Jer\u00f3nimo L\u00f3pez"}],"creator":["Jer\u00f3nimo L\u00f3pez"],"publisher":{"@type":"Organization","name":"InSight Crime","logo":"https:\/\/insightcrime.org\/wp-content\/uploads\/2023\/08\/logo.png"},"keywords":["chile","derechos humanos","ecuador","el salvador","hait\u00ed","honduras","jamaica","per\u00fa","pol\u00edticas de seguridad","series: represi\u00f3n a pandillas en el salvador","series: represi\u00f3n a pandillas en honduras"],"dateCreated":"2024-10-15T18:04:37Z","datePublished":"2024-10-15T18:04:37Z","dateModified":"2024-10-15T18:07:04Z"},"rendered":"<meta name=\"parsely-title\" content=\"\u00bfPor qu\u00e9 los gobiernos latinoamericanos siguen apostando por los estados de excepci\u00f3n?\" \/>\n<meta name=\"parsely-link\" content=\"http:\/\/insightcrime.org\/es\/noticias\/gobiernos-latinoamericanos-siguen-apostando-estados-excepcion\/\" \/>\n<meta name=\"parsely-type\" content=\"post\" \/>\n<meta name=\"parsely-image-url\" content=\"https:\/\/i0.wp.com\/insightcrime.org\/wp-content\/uploads\/2024\/10\/arrestos-el-salvador.jpeg?resize=150%2C150&amp;quality=100&amp;ssl=1\" \/>\n<meta name=\"parsely-pub-date\" content=\"2024-10-15T18:04:37Z\" \/>\n<meta name=\"parsely-section\" content=\"Noticias\" \/>\n<meta name=\"parsely-tags\" content=\"chile,derechos humanos,ecuador,el salvador,hait\u00ed,honduras,jamaica,per\u00fa,pol\u00edticas de seguridad,series: represi\u00f3n a pandillas en el salvador,series: represi\u00f3n a pandillas en honduras\" \/>\n<meta name=\"parsely-author\" content=\"Jer\u00f3nimo L\u00f3pez\" \/>","tracker_url":"https:\/\/cdn.parsely.com\/keys\/insightcrime.org\/p.js"},"jetpack_sharing_enabled":true,"jetpack-related-posts":[{"id":232660,"url":"https:\/\/insightcrime.org\/es\/noticias\/honduras-avanza-poco-contra-crimen-tras-6-meses-estado-excepcion\/","url_meta":{"origin":294587,"position":0},"title":"Honduras avanza poco contra el crimen tras 6 meses de estado de excepci\u00f3n","author":"Juan Diego Posada","date":"5 de junio de 2023","format":false,"excerpt":"El estado de excepci\u00f3n en Honduras ha llegado a seis meses de vigencia, pero, a pesar de las afirmaciones del gobierno y las cifras presentadas por la Polic\u00eda Nacional, no ha tenido mucho impacto en las actividades de los grupos criminales. El gobierno de Xiomara Castro implement\u00f3 por primera vez\u2026","rel":"","context":"En \u00abNoticias\u00bb","block_context":{"text":"Noticias","link":"https:\/\/insightcrime.org\/es\/category\/noticias\/"},"img":{"alt_text":"","src":"https:\/\/i0.wp.com\/insightcrime.org\/wp-content\/uploads\/2023\/09\/Honduras-Woman-walks-past-a-line-of-police-officers-San-Pedro-Sula-Dec-2022-AP22343127690386-A2-1.jpg?fit=1200%2C699&quality=100&ssl=1&resize=350%2C200","width":350,"height":200,"srcset":"https:\/\/i0.wp.com\/insightcrime.org\/wp-content\/uploads\/2023\/09\/Honduras-Woman-walks-past-a-line-of-police-officers-San-Pedro-Sula-Dec-2022-AP22343127690386-A2-1.jpg?fit=1200%2C699&quality=100&ssl=1&resize=350%2C200 1x, https:\/\/i0.wp.com\/insightcrime.org\/wp-content\/uploads\/2023\/09\/Honduras-Woman-walks-past-a-line-of-police-officers-San-Pedro-Sula-Dec-2022-AP22343127690386-A2-1.jpg?fit=1200%2C699&quality=100&ssl=1&resize=525%2C300 1.5x, https:\/\/i0.wp.com\/insightcrime.org\/wp-content\/uploads\/2023\/09\/Honduras-Woman-walks-past-a-line-of-police-officers-San-Pedro-Sula-Dec-2022-AP22343127690386-A2-1.jpg?fit=1200%2C699&quality=100&ssl=1&resize=700%2C400 2x, https:\/\/i0.wp.com\/insightcrime.org\/wp-content\/uploads\/2023\/09\/Honduras-Woman-walks-past-a-line-of-police-officers-San-Pedro-Sula-Dec-2022-AP22343127690386-A2-1.jpg?fit=1200%2C699&quality=100&ssl=1&resize=1050%2C600 3x"},"classes":[]},{"id":249772,"url":"https:\/\/insightcrime.org\/es\/noticias\/honduras-el-salvador-dos-estados-excepcion-resultados-diferentes\/","url_meta":{"origin":294587,"position":1},"title":"Honduras y El Salvador: Dos estados de excepci\u00f3n con resultados muy diferentes","author":"Peter Appleby","date":"6 de diciembre de 2023","format":false,"excerpt":"El \u00e9xito de El Salvador en la lucha contra las pandillas mediante el r\u00e9gimen de excepci\u00f3n inspir\u00f3 a Honduras a hacer su propia versi\u00f3n, pero un a\u00f1o despu\u00e9s, dos nuevos informes sugieren que el pa\u00eds est\u00e1 viendo pocos resultados.","rel":"","context":"En \u00abNoticias\u00bb","block_context":{"text":"Noticias","link":"https:\/\/insightcrime.org\/es\/category\/noticias\/"},"img":{"alt_text":"Rows of Honduran soldiers deployed under state of emergency","src":"https:\/\/i0.wp.com\/insightcrime.org\/wp-content\/uploads\/2023\/12\/Honduras-state-of-emergency-security-policy-Mercopress.png?fit=350%2C250&quality=100&ssl=1&resize=350%2C200","width":350,"height":200},"classes":[]},{"id":249301,"url":"https:\/\/insightcrime.org\/es\/investigaciones\/como-gobierno-bukele-sometio-pandillas\/","url_meta":{"origin":294587,"position":2},"title":"C\u00f3mo el gobierno de Bukele someti\u00f3 a las pandillas: resumen y principales hallazgos","author":"Alex Papadovassilakis","date":"6 de diciembre de 2023","format":false,"excerpt":"En marzo de 2022, el gobierno de El Salvador lanz\u00f3 una de las ofensivas de seguridad m\u00e1s implacables de su historia en su m\u00e1s reciente intento por debilitar a las tres principales pandillas del pa\u00eds: la Mara Salvatrucha (MS13), el Barrio 18 Revolucionarios (18R) y el Barrio Sure\u00f1os (18S).","rel":"","context":"En \u00abInvestigaciones\u00bb","block_context":{"text":"Investigaciones","link":"https:\/\/insightcrime.org\/es\/category\/investigaciones\/"},"img":{"alt_text":"","src":"https:\/\/i0.wp.com\/insightcrime.org\/wp-content\/uploads\/2023\/11\/El-Salvador-Cover-Cap-1-Dic-2023.jpg?fit=1200%2C576&quality=100&ssl=1&resize=350%2C200","width":350,"height":200,"srcset":"https:\/\/i0.wp.com\/insightcrime.org\/wp-content\/uploads\/2023\/11\/El-Salvador-Cover-Cap-1-Dic-2023.jpg?fit=1200%2C576&quality=100&ssl=1&resize=350%2C200 1x, https:\/\/i0.wp.com\/insightcrime.org\/wp-content\/uploads\/2023\/11\/El-Salvador-Cover-Cap-1-Dic-2023.jpg?fit=1200%2C576&quality=100&ssl=1&resize=525%2C300 1.5x, https:\/\/i0.wp.com\/insightcrime.org\/wp-content\/uploads\/2023\/11\/El-Salvador-Cover-Cap-1-Dic-2023.jpg?fit=1200%2C576&quality=100&ssl=1&resize=700%2C400 2x, https:\/\/i0.wp.com\/insightcrime.org\/wp-content\/uploads\/2023\/11\/El-Salvador-Cover-Cap-1-Dic-2023.jpg?fit=1200%2C576&quality=100&ssl=1&resize=1050%2C600 3x"},"classes":[]},{"id":206867,"url":"https:\/\/insightcrime.org\/es\/noticias\/gamechangers-2022-campana-antipandillas-elsalvador-desproporcionado-costo-derechos-humanos\/","url_meta":{"origin":294587,"position":3},"title":"GameChangers 2022: La campa\u00f1a antipandillas en El Salvador y su costo desproporcionado en derechos humanos","author":"InSight Crime","date":"26 de diciembre de 2022","format":false,"excerpt":"La implacable represi\u00f3n de las pandillas en El Salvador ha llevado a la encarcelaci\u00f3n en masa y a abusos de los derechos humanos. \u00bfPero se replicar\u00e1 en otros lugares?","rel":"","context":"En \u00abNoticias\u00bb","block_context":{"text":"Noticias","link":"https:\/\/insightcrime.org\/es\/category\/noticias\/"},"img":{"alt_text":"","src":"https:\/\/i0.wp.com\/insightcrime.org\/wp-content\/uploads\/2022\/12\/4.-El-Salvador-State-of-emergency-Men-who-were-arrested-embrace-a-relative-Oct-2022-AP22288423071106.jpg?fit=1200%2C450&quality=100&ssl=1&resize=350%2C200","width":350,"height":200,"srcset":"https:\/\/i0.wp.com\/insightcrime.org\/wp-content\/uploads\/2022\/12\/4.-El-Salvador-State-of-emergency-Men-who-were-arrested-embrace-a-relative-Oct-2022-AP22288423071106.jpg?fit=1200%2C450&quality=100&ssl=1&resize=350%2C200 1x, https:\/\/i0.wp.com\/insightcrime.org\/wp-content\/uploads\/2022\/12\/4.-El-Salvador-State-of-emergency-Men-who-were-arrested-embrace-a-relative-Oct-2022-AP22288423071106.jpg?fit=1200%2C450&quality=100&ssl=1&resize=525%2C300 1.5x, https:\/\/i0.wp.com\/insightcrime.org\/wp-content\/uploads\/2022\/12\/4.-El-Salvador-State-of-emergency-Men-who-were-arrested-embrace-a-relative-Oct-2022-AP22288423071106.jpg?fit=1200%2C450&quality=100&ssl=1&resize=700%2C400 2x, https:\/\/i0.wp.com\/insightcrime.org\/wp-content\/uploads\/2022\/12\/4.-El-Salvador-State-of-emergency-Men-who-were-arrested-embrace-a-relative-Oct-2022-AP22288423071106.jpg?fit=1200%2C450&quality=100&ssl=1&resize=1050%2C600 3x"},"classes":[]},{"id":249423,"url":"https:\/\/insightcrime.org\/es\/investigaciones\/futuro-sombrio-asoma-pandillas-el-salvador\/","url_meta":{"origin":294587,"position":4},"title":"Un futuro sombr\u00edo se asoma para las pandillas de El Salvador","author":"Alex Papadovassilakis","date":"6 de diciembre de 2023","format":false,"excerpt":"En una calurosa tarde de julio en el municipio salvadore\u00f1o de Apopa, al norte de la capital, San Salvador, InSight Crime se sent\u00f3 con una mujer y su madre en un parque. Se trataba de una de las decenas de entrevistas grupales realizadas en todo el pa\u00eds para analizar c\u00f3mo\u2026","rel":"","context":"En \u00abInvestigaciones\u00bb","block_context":{"text":"Investigaciones","link":"https:\/\/insightcrime.org\/es\/category\/investigaciones\/"},"img":{"alt_text":"","src":"https:\/\/i0.wp.com\/insightcrime.org\/wp-content\/uploads\/2023\/11\/El-Salvador-Cover-Cap-6-Dic-2023.jpg?fit=1200%2C576&quality=100&ssl=1&resize=350%2C200","width":350,"height":200,"srcset":"https:\/\/i0.wp.com\/insightcrime.org\/wp-content\/uploads\/2023\/11\/El-Salvador-Cover-Cap-6-Dic-2023.jpg?fit=1200%2C576&quality=100&ssl=1&resize=350%2C200 1x, https:\/\/i0.wp.com\/insightcrime.org\/wp-content\/uploads\/2023\/11\/El-Salvador-Cover-Cap-6-Dic-2023.jpg?fit=1200%2C576&quality=100&ssl=1&resize=525%2C300 1.5x, https:\/\/i0.wp.com\/insightcrime.org\/wp-content\/uploads\/2023\/11\/El-Salvador-Cover-Cap-6-Dic-2023.jpg?fit=1200%2C576&quality=100&ssl=1&resize=700%2C400 2x, https:\/\/i0.wp.com\/insightcrime.org\/wp-content\/uploads\/2023\/11\/El-Salvador-Cover-Cap-6-Dic-2023.jpg?fit=1200%2C576&quality=100&ssl=1&resize=1050%2C600 3x"},"classes":[]},{"id":205577,"url":"https:\/\/insightcrime.org\/es\/noticias\/extorsion-desenfrenada-honduras-desencadena-estado-excepcion\/","url_meta":{"origin":294587,"position":5},"title":"Extorsi\u00f3n desenfrenada en Honduras desencadena estado de excepci\u00f3n","author":"Henry Shuldiner","date":"29 de noviembre de 2022","format":false,"excerpt":"La presidenta de Honduras, Xiomara Castro, declar\u00f3 el estado de emergencia dado que los casos de extorsi\u00f3n alcanzaron niveles incontrolables, imitando el pol\u00e9mico pero popular estado de excepci\u00f3n en su vecino, El Salvador.","rel":"","context":"En \u00abNoticias\u00bb","block_context":{"text":"Noticias","link":"https:\/\/insightcrime.org\/es\/category\/noticias\/"},"img":{"alt_text":"Xiomara Castro, presidenta de Honduras, anuncia el estado de excepci\u00f3n en una conferencia de prensa","src":"https:\/\/i0.wp.com\/insightcrime.org\/wp-content\/uploads\/2022\/11\/Honduras-Extortion-Castro-Free-Land-2511221.jpg?fit=350%2C250&quality=100&ssl=1&resize=350%2C200","width":350,"height":200},"classes":[]}],"jetpack_featured_media_url":"https:\/\/i0.wp.com\/insightcrime.org\/wp-content\/uploads\/2024\/10\/arrestos-el-salvador.jpeg?fit=350%2C250&quality=100&ssl=1","_links":{"self":[{"href":"https:\/\/insightcrime.org\/es\/wp-json\/wp\/v2\/posts\/294587","targetHints":{"allow":["GET"]}}],"collection":[{"href":"https:\/\/insightcrime.org\/es\/wp-json\/wp\/v2\/posts"}],"about":[{"href":"https:\/\/insightcrime.org\/es\/wp-json\/wp\/v2\/types\/post"}],"author":[{"embeddable":true,"href":"https:\/\/insightcrime.org\/es\/wp-json\/wp\/v2\/users\/296"}],"replies":[{"embeddable":true,"href":"https:\/\/insightcrime.org\/es\/wp-json\/wp\/v2\/comments?post=294587"}],"version-history":[{"count":4,"href":"https:\/\/insightcrime.org\/es\/wp-json\/wp\/v2\/posts\/294587\/revisions"}],"predecessor-version":[{"id":294611,"href":"https:\/\/insightcrime.org\/es\/wp-json\/wp\/v2\/posts\/294587\/revisions\/294611"}],"wp:featuredmedia":[{"embeddable":true,"href":"https:\/\/insightcrime.org\/es\/wp-json\/wp\/v2\/media\/294588"}],"wp:attachment":[{"href":"https:\/\/insightcrime.org\/es\/wp-json\/wp\/v2\/media?parent=294587"}],"wp:term":[{"taxonomy":"category","embeddable":true,"href":"https:\/\/insightcrime.org\/es\/wp-json\/wp\/v2\/categories?post=294587"},{"taxonomy":"post_tag","embeddable":true,"href":"https:\/\/insightcrime.org\/es\/wp-json\/wp\/v2\/tags?post=294587"},{"taxonomy":"newspack_spnsrs_tax","embeddable":true,"href":"https:\/\/insightcrime.org\/es\/wp-json\/wp\/v2\/newspack_spnsrs_tax?post=294587"},{"taxonomy":"author","embeddable":true,"href":"https:\/\/insightcrime.org\/es\/wp-json\/wp\/v2\/coauthors?post=294587"}],"curies":[{"name":"wp","href":"https:\/\/api.w.org\/{rel}","templated":true}]}}