{"id":29468,"date":"2017-06-19T18:12:46","date_gmt":"2017-09-14T00:11:42","guid":{"rendered":"https:\/\/insightcrime.org\/?p=29468"},"modified":"2023-04-24T16:00:52","modified_gmt":"2023-04-24T21:00:52","slug":"cambios-politica-trump-frente-cuba-podrian-afectar-esfuerzos-antinarcoticos","status":"publish","type":"post","link":"https:\/\/insightcrime.org\/es\/noticias\/noticias-del-dia\/cambios-politica-trump-frente-cuba-podrian-afectar-esfuerzos-antinarcoticos\/","title":{"rendered":"Cambios en la pol\u00edtica de Trump frente a Cuba podr\u00edan afectar esfuerzos antinarc\u00f3ticos"},"content":{"rendered":"\n<p class=\"wp-block-paragraph\">La revocaci\u00f3n parcial del presidente de Estados Unidos, Donald Trump, de una medida tomada por la administraci\u00f3n Obama para reforzar los v\u00ednculos entre Estados Unidos y Cuba est\u00e1 provocando una creciente preocupaci\u00f3n entre los funcionarios cubanos sobre las posibles implicaciones para la cooperaci\u00f3n bilateral en materia de seguridad.<\/p>\n\n\n\n<p class=\"wp-block-paragraph\">En un<a href=\"https:\/\/www.youtube.com\/watch?v=keeY9Hjo0N8\" target=\"_blank\"> discurso del 16 de junio<\/a>, Trump anunci\u00f3 los primeros detalles de los planes para hacer modificaciones al descongelamiento en las relaciones diplom\u00e1ticas y comerciales entre Estados Unidos y Cuba, lo que incluye el compromiso de \u201crestringir muy fuertemente el flujo de d\u00f3lares americanos hacia el ej\u00e9rcito, la seguridad y los servicios de inteligencia [cubanos]\u201d.<\/p>\n\n\n\n<p class=\"wp-block-paragraph\">Antes del discurso de Trump, funcionarios cubanos expresaron su alarma por la posibilidad de que se reduzca la cooperaci\u00f3n en un momento en el que el tr\u00e1fico de drogas parece estar aumentando en la zona.<\/p>\n\n\n\n<p class=\"wp-block-paragraph\">Dos funcionarios antidrogas cubanos le dijeron a <a href=\"https:\/\/cnnespanol.cnn.com\/2017\/06\/12\/narcotrafico-un-riesgo-si-trump-revierte-relaciones-entre-cuba-y-ee-uu\/\" target=\"_blank\">CNN en Espa\u00f1ol<\/a> que hab\u00edan observado un aumento en el tr\u00e1fico desde el final de la pol\u00edtica de inmigraci\u00f3n de \u201cpies secos, pies mojados\u201d, que por mucho tiempo les otorg\u00f3 estatus inmigratorio especial a los migrantes cubanos que llegaron a Estados Unidos.<\/p>\n\n\n\n<p class=\"wp-block-paragraph\"><span style=\"color: #800000\"><strong>VEA TAMBI\u00c9N:<\/strong><\/span> <a href=\"\/component\/tags\/tag\/321-trafico-humano\" target=\"_blank\">Cobertura sobre tr\u00e1fico humano<\/a><\/p>\n\n\n\n<p class=\"wp-block-paragraph\">Dicha pol\u00edtica fue<a href=\"\/noticias\/noticias-del-dia\/como-afectara-politica-pies-mojados-pies-secos-traficantes-personas\" target=\"_blank\"> revocada por el predecesor de Trump<\/a>, Barack Obama, una medida que, seg\u00fan el coronel H\u00e9ctor Gonz\u00e1lez Hern\u00e1ndez, director de la Direcci\u00f3n Nacional Antidrogas (DNA), condujo a un \u201creajuste\u201d en las actividades de los grupos criminales que operan en Cuba.<\/p>\n\n\n\n<p class=\"wp-block-paragraph\">\u201cTenemos pruebas de que las redes criminales est\u00e1n pasando del tr\u00e1fico de personas al tr\u00e1fico de drogas, o haciendo ambas cosas a la vez\u201d, dijo.<\/p>\n\n\n\n<p class=\"wp-block-paragraph\">Como prueba de esta afirmaci\u00f3n, los funcionarios presentaron estad\u00edsticas que muestran que, en lo que va corrido de 2017, las autoridades cubanas han incautado casi tres toneladas de marihuana y coca\u00edna, m\u00e1s del triple de lo incautado en el primer semestre de 2016.<\/p>\n\n\n\n<p class=\"wp-block-paragraph\">El coronel V\u00edctor L\u00f3pez Bravo, de la Guardia Costera de Cuba y de la Patrulla Fronteriza, agreg\u00f3 que la reducci\u00f3n en la cooperaci\u00f3n podr\u00eda llevar a que lleguen m\u00e1s drogas a las costas de Estados Unidos.<\/p>\n\n\n\n<p class=\"wp-block-paragraph\">\u201cSi hay un paso hacia atr\u00e1s en la cooperaci\u00f3n, el mayor impacto lo sentir\u00e1 la sociedad estadounidense, los contribuyentes estadounidenses y los estadounidenses en general\u201d, dijo.<\/p>\n\n\n\n<h3 class=\"wp-block-heading\">An\u00e1lisis de InSight Crime<\/h3>\n\n\n\n<p class=\"wp-block-paragraph\">A pesar del antagonismo hist\u00f3rico entre estos dos pa\u00edses, <a href=\"https:\/\/www.admissions.american.edu\/clals\/upload\/Counternarcotics.pdf\" target=\"_blank\">la cooperaci\u00f3n antidroga entre Cuba y Estados Unidos siempre ha sido exitosa.<\/a><\/p>\n\n\n\n<p class=\"wp-block-paragraph\"><span style=\"color: #800000\"><strong>VEA TAMBI\u00c9N:<\/strong><\/span><a href=\"\/component\/tags\/tag\/279-cuba\" target=\"_blank\"> Cobertura sobre Cuba<\/a><\/p>\n\n\n\n<p class=\"wp-block-paragraph\">Parec\u00eda que esta cooperaci\u00f3n <a href=\"\/noticias\/analisis\/acuerdo-estados-unidos-cuba-crimen-organizado-y-seguridad\" target=\"_blank\">iba a aumentar<\/a> despu\u00e9s del descongelamiento de las relaciones entre ambas naciones. En julio de 2016, ambas firmaron un <a href=\"https:\/\/2009-2017.state.gov\/r\/pa\/prs\/ps\/2016\/07\/260396.htm\" target=\"_blank\">nuevo acuerdo<\/a> para impulsar el intercambio de informaci\u00f3n relacionada con el tr\u00e1fico de drogas.<\/p>\n\n\n\n<p class=\"wp-block-paragraph\">Aunque todav\u00eda no est\u00e1 claro cu\u00e1les ser\u00e1n exactamente las pol\u00edticas de Trump hacia Cuba con respecto al tr\u00e1fico de drogas y los programas de seguridad bilateral, su decisi\u00f3n de dar marcha atr\u00e1s en la normalizaci\u00f3n de las relaciones podr\u00eda incluir la restricci\u00f3n a las finanzas de las fuerzas de seguridad, el intercambio de informaci\u00f3n y la cooperaci\u00f3n en materia de seguridad.<\/p>\n","protected":false},"excerpt":{"rendered":"<p>La revocaci\u00f3n parcial del presidente de Estados Unidos, Donald Trump, de una medida tomada por la administraci\u00f3n Obama para reforzar los v\u00ednculos entre Estados Unidos y Cuba est\u00e1 provocando una creciente preocupaci\u00f3n entre los funcionarios cubanos sobre las posibles implicaciones para la cooperaci\u00f3n bilateral en materia de seguridad.<\/p>\n","protected":false},"author":90,"featured_media":46626,"comment_status":"closed","ping_status":"closed","sticky":false,"template":"","format":"standard","meta":{"newspack_ads_suppress_ads":false,"newspack_popups_has_disabled_popups":false,"newspack_sponsor_sponsorship_scope":"","newspack_sponsor_native_byline_display":"inherit","newspack_sponsor_native_category_display":"inherit","newspack_sponsor_underwriter_style":"inherit","newspack_sponsor_underwriter_placement":"inherit","_EventAllDay":false,"_EventTimezone":"","_EventStartDate":"","_EventEndDate":"","_EventStartDateUTC":"","_EventEndDateUTC":"","_EventShowMap":false,"_EventShowMapLink":false,"_EventURL":"","_EventCost":"","_EventCostDescription":"","_EventCurrencySymbol":"","_EventCurrencyCode":"","_EventCurrencyPosition":"","_EventDateTimeSeparator":"","_EventTimeRangeSeparator":"","_EventOrganizerID":[],"_EventVenueID":[],"_OrganizerEmail":"","_OrganizerPhone":"","_OrganizerWebsite":"","_VenueAddress":"","_VenueCity":"","_VenueCountry":"","_VenueProvince":"","_VenueState":"","_VenueZip":"","_VenuePhone":"","_VenueURL":"","_VenueStateProvince":"","_VenueLat":"","_VenueLng":"","_VenueShowMap":false,"_VenueShowMapLink":false,"_newspack_byline_active":false,"_newspack_byline":"","newspack_hide_updated_date":false,"newspack_show_updated_date":false,"newspack_featured_image_position":"","newspack_post_subtitle":"","newspack_article_summary_title":"Overview:","newspack_article_summary":"","_jetpack_memberships_contains_paid_content":false,"footnotes":""},"categories":[334],"tags":[471,438],"newspack_spnsrs_tax":[],"coauthors":[4065],"class_list":["post-29468","post","type-post","status-publish","format-standard","has-post-thumbnail","hentry","category-noticias-del-dia","tag-cuba-pais","tag-politicas-de-seguridad","entry"],"parsely":{"version":"1.1.0","canonical_url":"https:\/\/insightcrime.org\/es\/noticias\/noticias-del-dia\/cambios-politica-trump-frente-cuba-podrian-afectar-esfuerzos-antinarcoticos\/","smart_links":{"inbound":0,"outbound":0},"traffic_boost_suggestions_count":0,"meta":{"@context":"https:\/\/schema.org","@type":"NewsArticle","headline":"Cambios en la pol\u00edtica de Trump frente a Cuba podr\u00edan afectar esfuerzos antinarc\u00f3ticos","url":"http:\/\/insightcrime.org\/es\/noticias\/noticias-del-dia\/cambios-politica-trump-frente-cuba-podrian-afectar-esfuerzos-antinarcoticos\/","mainEntityOfPage":{"@type":"WebPage","@id":"http:\/\/insightcrime.org\/es\/noticias\/noticias-del-dia\/cambios-politica-trump-frente-cuba-podrian-afectar-esfuerzos-antinarcoticos\/"},"thumbnailUrl":"https:\/\/i0.wp.com\/insightcrime.org\/wp-content\/uploads\/2017\/06\/es-17-06-13-US-Cuba-Relations.jpg?resize=150%2C150&quality=100&ssl=1","image":{"@type":"ImageObject","url":"https:\/\/i0.wp.com\/insightcrime.org\/wp-content\/uploads\/2017\/06\/es-17-06-13-US-Cuba-Relations.jpg?fit=350%2C250&quality=100&ssl=1"},"articleSection":"Noticias del d\u00eda","author":[{"@type":"Person","name":"Parker Asmann"}],"creator":["Parker Asmann"],"publisher":{"@type":"Organization","name":"InSight Crime","logo":"https:\/\/insightcrime.org\/wp-content\/uploads\/2023\/08\/logo.png"},"keywords":["cuba","pol\u00edticas de seguridad"],"dateCreated":"2017-09-14T00:11:42Z","datePublished":"2017-09-14T00:11:42Z","dateModified":"2023-04-24T21:00:52Z"},"rendered":"<meta name=\"parsely-title\" content=\"Cambios en la pol\u00edtica de Trump frente a Cuba podr\u00edan afectar esfuerzos antinarc\u00f3ticos\" \/>\n<meta name=\"parsely-link\" content=\"http:\/\/insightcrime.org\/es\/noticias\/noticias-del-dia\/cambios-politica-trump-frente-cuba-podrian-afectar-esfuerzos-antinarcoticos\/\" \/>\n<meta name=\"parsely-type\" content=\"post\" \/>\n<meta name=\"parsely-image-url\" content=\"https:\/\/i0.wp.com\/insightcrime.org\/wp-content\/uploads\/2017\/06\/es-17-06-13-US-Cuba-Relations.jpg?resize=150%2C150&amp;quality=100&amp;ssl=1\" \/>\n<meta name=\"parsely-pub-date\" content=\"2017-09-14T00:11:42Z\" \/>\n<meta name=\"parsely-section\" content=\"Noticias del d\u00eda\" \/>\n<meta name=\"parsely-tags\" content=\"cuba,pol\u00edticas de seguridad\" \/>\n<meta name=\"parsely-author\" content=\"Parker Asmann\" \/>","tracker_url":"https:\/\/cdn.parsely.com\/keys\/insightcrime.org\/p.js"},"jetpack_sharing_enabled":true,"jetpack-related-posts":[{"id":190126,"url":"https:\/\/insightcrime.org\/es\/noticias\/enfrentamientos-entre-guardia-costera-de-cuba-coyotes-cada-vez-mas-violentos\/","url_meta":{"origin":29468,"position":0},"title":"Enfrentamientos entre guardia costera cubana y coyotes son cada vez m\u00e1s violentos","author":"Henry Shuldiner","date":"4 de julio de 2022","format":false,"excerpt":"Una serie de tiroteos entre traficantes de migrantes y las fuerzas armadas cubanas indican una posible evoluci\u00f3n de las t\u00e1cticas que aplica el crimen organizado para el tr\u00e1fico de personas entre la isla del Caribe y Estados Unidos.","rel":"","context":"En \u00abNoticias\u00bb","block_context":{"text":"Noticias","link":"https:\/\/insightcrime.org\/es\/category\/noticias\/"},"img":{"alt_text":"Guardia costera cubana detiene lancha r\u00e1pida para tr\u00e1fico de migrantes","src":"https:\/\/i0.wp.com\/insightcrime.org\/wp-content\/uploads\/2022\/07\/Cuba-Human-Smuggling-Speedboats-Miami-Heralnd-01072022.jpg?fit=350%2C250&quality=100&ssl=1&resize=350%2C200","width":350,"height":200},"classes":[]},{"id":167665,"url":"https:\/\/insightcrime.org\/es\/noticias\/auge-trafico-personas-cuba-uruguay\/","url_meta":{"origin":29468,"position":1},"title":"Crece la ruta de tr\u00e1fico de personas entre Cuba y Uruguay","author":"Chris Dalby","date":"20 de septiembre de 2021","format":false,"excerpt":"Uruguay desarticul\u00f3 un grupo dedicado a introducir ilegalmente migrantes cubanos a ese pa\u00eds, lo que puso en evidencia el auge de esta ruta de tr\u00e1fico de personas.","rel":"","context":"En \u00abNoticias\u00bb","block_context":{"text":"Noticias","link":"https:\/\/insightcrime.org\/es\/category\/noticias\/"},"img":{"alt_text":"The flags of Uruguay and Cuba","src":"https:\/\/i0.wp.com\/insightcrime.org\/wp-content\/uploads\/2021\/09\/Cuba-Uruguay.jpg?fit=350%2C250&quality=100&ssl=1&resize=350%2C200","width":350,"height":200},"classes":[]},{"id":148312,"url":"https:\/\/insightcrime.org\/es\/noticias\/cuba-admite-discretamente-trafico-fauna\/","url_meta":{"origin":29468,"position":2},"title":"Cuba admite discretamente problema de tr\u00e1fico de fauna","author":"Ashley Pechinski","date":"15 de junio de 2021","format":false,"excerpt":"El tr\u00e1fico ilegal de animales en Cuba rara vez ocupa titulares, pero la aprobaci\u00f3n de una nueva ley de tr\u00e1fico de vida silvestre muestra que el gobierno intenta atacar frontalmente el problema.","rel":"","context":"En \u00abNoticias\u00bb","block_context":{"text":"Noticias","link":"https:\/\/insightcrime.org\/es\/category\/noticias\/"},"img":{"alt_text":"Rows of Cuban polymita snails, which are commonly trafficked out of Cuba","src":"https:\/\/i0.wp.com\/insightcrime.org\/wp-content\/uploads\/2021\/06\/01-cubas-polymitas-snails-lined-up-1-1.jpg?fit=350%2C250&quality=100&ssl=1&resize=350%2C200","width":350,"height":200},"classes":[]},{"id":134531,"url":"https:\/\/insightcrime.org\/es\/noticias\/medicamentos-covid-29-mercado-negro-cuba\/","url_meta":{"origin":29468,"position":3},"title":"Medicamentos y COVID-19 alimentan el mercado negro en Cuba","author":"InSight Crime","date":"16 de febrero de 2021","format":false,"excerpt":"Funcionarios de salud cubanos han hecho advertencias sobre ciertos medicamentos que se cree que han sido contrabandeados desde Hait\u00ed, pues han surgido informes seg\u00fan los cuales pueden presentar efectos secundarios adversos","rel":"","context":"En \u00abNoticias\u00bb","block_context":{"text":"Noticias","link":"https:\/\/insightcrime.org\/es\/category\/noticias\/"},"img":{"alt_text":"","src":"https:\/\/i0.wp.com\/insightcrime.org\/wp-content\/uploads\/2021\/02\/Cuba-Pic-3.jpg?fit=350%2C250&quality=100&ssl=1&resize=350%2C200","width":350,"height":200},"classes":[]},{"id":299259,"url":"https:\/\/insightcrime.org\/es\/noticias\/como-trump-podria-reconfigurar-panorama-criminal-venezuela\/","url_meta":{"origin":29468,"position":4},"title":"\u00bfC\u00f3mo el gobierno de Trump podr\u00eda reconfigurar el panorama criminal de Venezuela?","author":"Sarah D\u00f6bbener","date":"7 de enero de 2025","format":false,"excerpt":"Ante la inminente toma de posesi\u00f3n del presidente electo Donald Trump, surge la pregunta: \u00bfc\u00f3mo influir\u00e1 la nueva administraci\u00f3n de los Estados Unidos en el crimen organizado en Venezuela?\u00a0 Durante el primer mandato de Trump, su pol\u00edtica hacia el pa\u00eds sudamericano comprend\u00eda sanciones econ\u00f3micas e intentos de cambio de r\u00e9gimen,\u2026","rel":"","context":"En \u00abNoticias\u00bb","block_context":{"text":"Noticias","link":"https:\/\/insightcrime.org\/es\/category\/noticias\/"},"img":{"alt_text":"","src":"https:\/\/i0.wp.com\/insightcrime.org\/wp-content\/uploads\/2025\/01\/Trump-United-States-Venezuela-small-.jpeg?fit=347%2C250&quality=100&ssl=1&resize=350%2C200","width":350,"height":200},"classes":[]},{"id":232615,"url":"https:\/\/insightcrime.org\/es\/investigaciones\/politica-estadounidense-fomenta-crimen-organizado-frontera-estados-unidos-mexico\/","url_meta":{"origin":29468,"position":5},"title":"C\u00f3mo la pol\u00edtica estadounidense fomenta el crimen organizado en la frontera entre Estados Unidos y M\u00e9xico","author":"InSight Crime","date":"28 de junio de 2023","format":false,"excerpt":"En 2019, el Departamento de Seguridad Nacional de Estados Unidos (Department of Homeland Security, DHS) anunci\u00f3 los Protocolos de Protecci\u00f3n al Migrante (MPP). La que llegar\u00eda a conocerse como la pol\u00edtica \u201cQu\u00e9date en M\u00e9xico\u201d fue la \u00faltima de una serie de iniciativas realizadas a lo largo de d\u00e9cadas por parte\u2026","rel":"","context":"En \u00abInvestigaciones\u00bb","block_context":{"text":"Investigaciones","link":"https:\/\/insightcrime.org\/es\/category\/investigaciones\/"},"img":{"alt_text":"","src":"https:\/\/i0.wp.com\/insightcrime.org\/wp-content\/uploads\/2023\/09\/Cover-C1-MEXICO-NT-BORDER-MIGRATION-InSight-Crime-Jun-2023-1.jpg?fit=1200%2C576&quality=100&ssl=1&resize=350%2C200","width":350,"height":200,"srcset":"https:\/\/i0.wp.com\/insightcrime.org\/wp-content\/uploads\/2023\/09\/Cover-C1-MEXICO-NT-BORDER-MIGRATION-InSight-Crime-Jun-2023-1.jpg?fit=1200%2C576&quality=100&ssl=1&resize=350%2C200 1x, https:\/\/i0.wp.com\/insightcrime.org\/wp-content\/uploads\/2023\/09\/Cover-C1-MEXICO-NT-BORDER-MIGRATION-InSight-Crime-Jun-2023-1.jpg?fit=1200%2C576&quality=100&ssl=1&resize=525%2C300 1.5x, https:\/\/i0.wp.com\/insightcrime.org\/wp-content\/uploads\/2023\/09\/Cover-C1-MEXICO-NT-BORDER-MIGRATION-InSight-Crime-Jun-2023-1.jpg?fit=1200%2C576&quality=100&ssl=1&resize=700%2C400 2x, https:\/\/i0.wp.com\/insightcrime.org\/wp-content\/uploads\/2023\/09\/Cover-C1-MEXICO-NT-BORDER-MIGRATION-InSight-Crime-Jun-2023-1.jpg?fit=1200%2C576&quality=100&ssl=1&resize=1050%2C600 3x"},"classes":[]}],"jetpack_featured_media_url":"https:\/\/i0.wp.com\/insightcrime.org\/wp-content\/uploads\/2017\/06\/es-17-06-13-US-Cuba-Relations.jpg?fit=350%2C250&quality=100&ssl=1","_links":{"self":[{"href":"https:\/\/insightcrime.org\/es\/wp-json\/wp\/v2\/posts\/29468","targetHints":{"allow":["GET"]}}],"collection":[{"href":"https:\/\/insightcrime.org\/es\/wp-json\/wp\/v2\/posts"}],"about":[{"href":"https:\/\/insightcrime.org\/es\/wp-json\/wp\/v2\/types\/post"}],"author":[{"embeddable":true,"href":"https:\/\/insightcrime.org\/es\/wp-json\/wp\/v2\/users\/90"}],"replies":[{"embeddable":true,"href":"https:\/\/insightcrime.org\/es\/wp-json\/wp\/v2\/comments?post=29468"}],"version-history":[{"count":1,"href":"https:\/\/insightcrime.org\/es\/wp-json\/wp\/v2\/posts\/29468\/revisions"}],"predecessor-version":[{"id":35648,"href":"https:\/\/insightcrime.org\/es\/wp-json\/wp\/v2\/posts\/29468\/revisions\/35648"}],"wp:featuredmedia":[{"embeddable":true,"href":"https:\/\/insightcrime.org\/es\/wp-json\/wp\/v2\/media\/46626"}],"wp:attachment":[{"href":"https:\/\/insightcrime.org\/es\/wp-json\/wp\/v2\/media?parent=29468"}],"wp:term":[{"taxonomy":"category","embeddable":true,"href":"https:\/\/insightcrime.org\/es\/wp-json\/wp\/v2\/categories?post=29468"},{"taxonomy":"post_tag","embeddable":true,"href":"https:\/\/insightcrime.org\/es\/wp-json\/wp\/v2\/tags?post=29468"},{"taxonomy":"newspack_spnsrs_tax","embeddable":true,"href":"https:\/\/insightcrime.org\/es\/wp-json\/wp\/v2\/newspack_spnsrs_tax?post=29468"},{"taxonomy":"author","embeddable":true,"href":"https:\/\/insightcrime.org\/es\/wp-json\/wp\/v2\/coauthors?post=29468"}],"curies":[{"name":"wp","href":"https:\/\/api.w.org\/{rel}","templated":true}]}}