{"id":294844,"date":"2024-10-21T08:23:00","date_gmt":"2024-10-21T13:23:00","guid":{"rendered":"https:\/\/insightcrime.org\/?p=294844"},"modified":"2024-10-21T12:34:30","modified_gmt":"2024-10-21T17:34:30","slug":"informe-trata-personas-brasil-esclavitud-moderna","status":"publish","type":"post","link":"https:\/\/insightcrime.org\/es\/news\/informe-trata-personas-brasil-esclavitud-moderna\/","title":{"rendered":"La esclavitud moderna en Brasil se ensa\u00f1a con las mujeres y los extranjeros"},"content":{"rendered":"\n<p class=\"wp-block-paragraph\">Existe un alarmante aumento en el n\u00famero de personas extranjeras y mujeres rescatadas de la trata de personas con fines de explotaci\u00f3n laboral \u2014tambi\u00e9n conocida como esclavitud moderna, en Brasil, seg\u00fan un informe.&nbsp;<\/p>\n\n\n\n<p class=\"wp-block-paragraph\">Adem\u00e1s, resalta modalidades de tr\u00e1fico invisibles, como las adopciones ilegales y la criminalidad forzada, y da una mirada a los modus operandi detr\u00e1s de estas redes.<br><br>El <a href=\"https:\/\/www.gov.br\/mj\/pt-br\/assuntos\/noticias\/relatorio-nacional-divulga-dados-sobre-trafico-de-pessoas-de-2021-a-2023\">relatorio anual de trata de personas<\/a>, publicado por el Ministerio de Justicia y Seguridad P\u00fablica de Brasil (Minist\u00e9rio da Justi\u00e7a e Seguran\u00e7a P\u00fablica) cubre la evoluci\u00f3n de esta econom\u00eda criminal entre 2021 y 2023 en el pa\u00eds.<\/p>\n\n\n\n<figure class=\"wp-block-image size-large\"><img data-recalc-dims=\"1\" loading=\"lazy\" decoding=\"async\" width=\"1024\" height=\"822\" src=\"https:\/\/i0.wp.com\/insightcrime.org\/wp-content\/uploads\/2024\/10\/Flagship-La-cantidad-de-personas-rescatadas-de-situaciones-de-trabajo-forzado-en-Brasil-ha-aumentado-InSightCrime-Oct-2024.png?resize=1024%2C822&#038;quality=100&#038;ssl=1\" alt=\"\" class=\"wp-image-294855\" srcset=\"https:\/\/i0.wp.com\/insightcrime.org\/wp-content\/uploads\/2024\/10\/Flagship-La-cantidad-de-personas-rescatadas-de-situaciones-de-trabajo-forzado-en-Brasil-ha-aumentado-InSightCrime-Oct-2024.png?resize=1024%2C822&amp;quality=100&amp;ssl=1 1024w, https:\/\/i0.wp.com\/insightcrime.org\/wp-content\/uploads\/2024\/10\/Flagship-La-cantidad-de-personas-rescatadas-de-situaciones-de-trabajo-forzado-en-Brasil-ha-aumentado-InSightCrime-Oct-2024.png?resize=300%2C241&amp;quality=100&amp;ssl=1 300w, https:\/\/i0.wp.com\/insightcrime.org\/wp-content\/uploads\/2024\/10\/Flagship-La-cantidad-de-personas-rescatadas-de-situaciones-de-trabajo-forzado-en-Brasil-ha-aumentado-InSightCrime-Oct-2024.png?resize=768%2C616&amp;quality=100&amp;ssl=1 768w, https:\/\/i0.wp.com\/insightcrime.org\/wp-content\/uploads\/2024\/10\/Flagship-La-cantidad-de-personas-rescatadas-de-situaciones-de-trabajo-forzado-en-Brasil-ha-aumentado-InSightCrime-Oct-2024.png?resize=1200%2C963&amp;quality=100&amp;ssl=1 1200w, https:\/\/i0.wp.com\/insightcrime.org\/wp-content\/uploads\/2024\/10\/Flagship-La-cantidad-de-personas-rescatadas-de-situaciones-de-trabajo-forzado-en-Brasil-ha-aumentado-InSightCrime-Oct-2024.png?resize=400%2C321&amp;quality=100&amp;ssl=1 400w, https:\/\/i0.wp.com\/insightcrime.org\/wp-content\/uploads\/2024\/10\/Flagship-La-cantidad-de-personas-rescatadas-de-situaciones-de-trabajo-forzado-en-Brasil-ha-aumentado-InSightCrime-Oct-2024.png?resize=706%2C567&amp;quality=100&amp;ssl=1 706w, https:\/\/i0.wp.com\/insightcrime.org\/wp-content\/uploads\/2024\/10\/Flagship-La-cantidad-de-personas-rescatadas-de-situaciones-de-trabajo-forzado-en-Brasil-ha-aumentado-InSightCrime-Oct-2024.png?w=1271&amp;quality=100&amp;ssl=1 1271w, https:\/\/i0.wp.com\/insightcrime.org\/wp-content\/uploads\/2024\/10\/Flagship-La-cantidad-de-personas-rescatadas-de-situaciones-de-trabajo-forzado-en-Brasil-ha-aumentado-InSightCrime-Oct-2024-1024x822.png?w=370&amp;quality=100&amp;ssl=1 370w\" sizes=\"auto, (max-width: 1000px) 100vw, 1000px\" \/><\/figure>\n\n\n\n<h2 class=\"wp-block-heading\" id=\"h-la-esclavitud-moderna-en-brasil\"><strong>La esclavitud moderna en Brasil<\/strong><\/h2>\n\n\n\n<p class=\"wp-block-paragraph\">Cada vez se rescatan m\u00e1s extranjeros en situaciones de esclavitud moderna en Brasil. En 2021 se registraron 77 casos, que casi se duplicaron en 2022 con 148 casos, mientras que en 2023 se reportaron 130.&nbsp;<\/p>\n\n\n\n<p class=\"wp-block-paragraph\">La mayor\u00eda de las personas rescatadas en los 3 a\u00f1os que cubre el informe eran de nacionalidad paraguaya (228), seguidos de venezolanos (64) y bolivianos (44). Esta modalidad de trata tambi\u00e9n es la m\u00e1s registrada en los datos de la Polic\u00eda Federal (53%), y las v\u00edctimas frecuentemente son explotadas en el sector agr\u00edcola.<\/p>\n\n\n\n<p class=\"wp-block-paragraph\">\u201cHemos encontrado m\u00e1s argentinos, paraguayos \u2013principalmente ind\u00edgenas\u2013 en la frontera con Mato Grosso do Sul\u201d, dijo un funcionario de Asistencia a las v\u00edctimas citado en el informe, . \u201cMuchos de estos ind\u00edgenas paraguayos acaban viniendo aqu\u00ed y convirti\u00e9ndose en v\u00edctimas del trabajo esclavo en el cultivo de la soja en la regi\u00f3n\u201d.<\/p>\n\n\n\n<figure class=\"wp-block-image size-large\"><img data-recalc-dims=\"1\" loading=\"lazy\" decoding=\"async\" width=\"1024\" height=\"779\" src=\"https:\/\/i0.wp.com\/insightcrime.org\/wp-content\/uploads\/2024\/10\/Flagship-numero-de-extranjeros-rescatados-de-situaciones-de-explotacion-laboral-en-Brasil-ha-aumentado-InSight-Crime-Oct-2024.png?resize=1024%2C779&#038;quality=100&#038;ssl=1\" alt=\"\" class=\"wp-image-294861\" srcset=\"https:\/\/i0.wp.com\/insightcrime.org\/wp-content\/uploads\/2024\/10\/Flagship-numero-de-extranjeros-rescatados-de-situaciones-de-explotacion-laboral-en-Brasil-ha-aumentado-InSight-Crime-Oct-2024.png?resize=1024%2C779&amp;quality=100&amp;ssl=1 1024w, https:\/\/i0.wp.com\/insightcrime.org\/wp-content\/uploads\/2024\/10\/Flagship-numero-de-extranjeros-rescatados-de-situaciones-de-explotacion-laboral-en-Brasil-ha-aumentado-InSight-Crime-Oct-2024.png?resize=300%2C228&amp;quality=100&amp;ssl=1 300w, https:\/\/i0.wp.com\/insightcrime.org\/wp-content\/uploads\/2024\/10\/Flagship-numero-de-extranjeros-rescatados-de-situaciones-de-explotacion-laboral-en-Brasil-ha-aumentado-InSight-Crime-Oct-2024.png?resize=768%2C584&amp;quality=100&amp;ssl=1 768w, https:\/\/i0.wp.com\/insightcrime.org\/wp-content\/uploads\/2024\/10\/Flagship-numero-de-extranjeros-rescatados-de-situaciones-de-explotacion-laboral-en-Brasil-ha-aumentado-InSight-Crime-Oct-2024.png?resize=1200%2C913&amp;quality=100&amp;ssl=1 1200w, https:\/\/i0.wp.com\/insightcrime.org\/wp-content\/uploads\/2024\/10\/Flagship-numero-de-extranjeros-rescatados-de-situaciones-de-explotacion-laboral-en-Brasil-ha-aumentado-InSight-Crime-Oct-2024.png?resize=400%2C304&amp;quality=100&amp;ssl=1 400w, https:\/\/i0.wp.com\/insightcrime.org\/wp-content\/uploads\/2024\/10\/Flagship-numero-de-extranjeros-rescatados-de-situaciones-de-explotacion-laboral-en-Brasil-ha-aumentado-InSight-Crime-Oct-2024.png?resize=706%2C537&amp;quality=100&amp;ssl=1 706w, https:\/\/i0.wp.com\/insightcrime.org\/wp-content\/uploads\/2024\/10\/Flagship-numero-de-extranjeros-rescatados-de-situaciones-de-explotacion-laboral-en-Brasil-ha-aumentado-InSight-Crime-Oct-2024.png?w=1316&amp;quality=100&amp;ssl=1 1316w, https:\/\/i0.wp.com\/insightcrime.org\/wp-content\/uploads\/2024\/10\/Flagship-numero-de-extranjeros-rescatados-de-situaciones-de-explotacion-laboral-en-Brasil-ha-aumentado-InSight-Crime-Oct-2024-1024x779.png?w=370&amp;quality=100&amp;ssl=1 370w\" sizes=\"auto, (max-width: 1000px) 100vw, 1000px\" \/><\/figure>\n\n\n\n<p class=\"wp-block-paragraph\">A diferencia de sus vecinos, la mayor\u00eda de las v\u00edctimas de trata de personas identificadas en Brasil son hombres, pues son las v\u00edctimas m\u00e1s usuales de la trata con fines de explotaci\u00f3n laboral. Sin embargo, la situaci\u00f3n de las mujeres tambi\u00e9n es preocupante.&nbsp;<\/p>\n\n\n\n<h2 class=\"wp-block-heading\" id=\"h-la-explotacion-de-las-mujeres-en-trabajos-domesticos\"><strong>La explotaci\u00f3n de las mujeres en trabajos dom\u00e9sticos<\/strong><\/h2>\n\n\n\n<p class=\"wp-block-paragraph\">El n\u00famero de casos de trabajos dom\u00e9sticos forzados registrados aument\u00f3 entre 2018 y 2023. Este tipo de explotaci\u00f3n es predominantemente femenino, con las mujeres negras siendo las m\u00e1s vulnerables.&nbsp;<\/p>\n\n\n\n<p class=\"wp-block-paragraph\">Este tipo de explotaci\u00f3n se vale de pr\u00e1cticas culturales y la necesidad econ\u00f3mica de las mujeres, quienes en algunos casos son obligadas a trabajar para una misma familia desde la infancia. El aumento en el n\u00famero de casos identificados responde, entre otras, a mejores t\u00e9cnicas para identificar e investigar estos casos, que pasaron de 2 en 2018 a 36 en 2023, seg\u00fan el informe.&nbsp;<\/p>\n\n\n\n<blockquote class=\"wp-block-quote is-layout-flow wp-block-quote-is-layout-flow\">\n<p class=\"wp-block-paragraph\"><mark style=\"background-color:rgba(0, 0, 0, 0)\" class=\"has-inline-color has-primary-color\"><strong>VEA TAMBI\u00c9N:<\/strong> <\/mark><a href=\"https:\/\/insightcrime.org\/es\/noticias\/fraude-tarjetas-credito-revelo-red-trafico-sexual-brasil\/\" target=\"_blank\" rel=\"noreferrer noopener\">Fraude con tarjetas de cr\u00e9dito revel\u00f3 red de tr\u00e1fico sexual en Brasil<\/a><\/p>\n<\/blockquote>\n\n\n\n<p class=\"wp-block-paragraph\">De 248 empleadores que fueron agregados a la \u201clista suja\u201d, una <a href=\"https:\/\/insightcrime.org\/es\/noticias\/lista-sucia-de-brasil-inutil-contra-esclavitud-moderna\/\" target=\"_blank\" rel=\"noreferrer noopener\">lista<\/a> de empresas identificadas por la Secretar\u00eda de Inspecci\u00f3n del Trabajo por usar mano de obra en condiciones de esclavitud, 43 fueron casos de trabajo dom\u00e9stico, superando a los infractores recurrentes en las industrias agr\u00edcolas como el caf\u00e9 (27), la ganader\u00eda (22), la producci\u00f3n de carb\u00f3n (16) y la construcci\u00f3n (12). Aunque la efectividad de esta medida ha sido <a href=\"https:\/\/insightcrime.org\/es\/noticias\/lista-sucia-de-brasil-inutil-contra-esclavitud-moderna\/\" target=\"_blank\" rel=\"noreferrer noopener\">cuestionada<\/a>, el cambio refleja la importancia de este tipo de trata de personas dentro del pa\u00eds.&nbsp;&nbsp;<\/p>\n\n\n\n<h2 class=\"wp-block-heading\" id=\"h-adopcion-ilegal-la-otra-cara-del-trafico-de-personas\"><strong>Adopci\u00f3n ilegal: la otra cara del tr\u00e1fico de personas<\/strong><\/h2>\n\n\n\n<p class=\"wp-block-paragraph\">La adopci\u00f3n ilegal, conocida tambi\u00e9n como \u201cadopci\u00f3n a la brasilera\u201d (\u201c<em>ado\u00e7\u00e3o \u00e0 brasileira<\/em>\u201d) represent\u00f3 el 9% de los casos de trata registrados por la Polic\u00eda Federal. Es la finalidad de trata de personas con m\u00e1s procedimientos judiciales en los tribunales estatales (60 casos) entre 2021 y 2023, seg\u00fan los datos presentados en el informe. Sin embargo, es una forma de trata de personas que tiende a ser invisibilizada por la dificultad para probar los casos o la falta de comunicaci\u00f3n entre redes de protecci\u00f3n a la infancia y las instituciones encargadas del combate a la trata de personas, afirma el informe.&nbsp;<\/p>\n\n\n\n<p class=\"wp-block-paragraph\">En un caso rese\u00f1ado en el informe, un hombre de Portugal trafic\u00f3 al menos tres menores de edad de Brasil hacia ese pa\u00eds por medio de contactos en grupos de Facebook. Una vez las madres daban a luz a los beb\u00e9s, los registraba a su nombre. Luego ped\u00eda un pasaporte y la custodia unilateral para llevarlos a Europa. El hombre contaba con una red de contactos en ambos pa\u00edses, entre ellos abogados y personas intermediarias que recib\u00edan a las mujeres antes de que dieran a luz.&nbsp;<\/p>\n\n\n\n<p class=\"wp-block-paragraph\">A nivel nacional, los casos de adopciones ilegales est\u00e1n fuertemente vinculados con la trata de personas con fines de explotaci\u00f3n laboral en trabajos dom\u00e9sticos. En los \u00faltimos a\u00f1os, las autoridades han registrado casos de mujeres que hab\u00edan sido \u201cadoptadas\u201d por familias que las obligaban a trabajar desde los 7 u 8 a\u00f1os.<\/p>\n\n\n\n<h2 class=\"wp-block-heading\" id=\"h-criminalidad-forzada-un-nuevo-lente-para-las-victimas\"><strong>Criminalidad forzada: un nuevo lente para las v\u00edctimas<\/strong><\/h2>\n\n\n\n<p class=\"wp-block-paragraph\">La trata de personas con fines de criminalidad forzada es una denominaci\u00f3n reciente en el panorama brasilero e internacional, que describe una forma de trata de personas cada vez m\u00e1s relevante. En casos como el brasilero, no existe legislaci\u00f3n que tipifique este delito, que se identifica cada vez m\u00e1s, y es clave para evitar criminalizar a las v\u00edctimas.&nbsp;<\/p>\n\n\n\n<p class=\"wp-block-paragraph\">Este tipo de tr\u00e1fico usualmente afecta a mujeres. Las v\u00edctimas son personas con necesidades econ\u00f3micas o que hab\u00edan sido forzadas \u2014por medio de amenazas\u2014 a traficar drogas por fuera del pa\u00eds, arrestadas y condenadas por este delito. Pero no solo incluye a las personas obligadas a <a href=\"https:\/\/drive.google.com\/file\/d\/1DonxkuyhXny2YOPCZCx21OxBjraYceJA\/view\" target=\"_blank\" rel=\"noreferrer noopener\">traficar drogas<\/a> a trav\u00e9s de las fronteras del pa\u00eds.&nbsp;<\/p>\n\n\n\n<blockquote class=\"wp-block-quote is-layout-flow wp-block-quote-is-layout-flow\">\n<p class=\"wp-block-paragraph\"><mark style=\"background-color:rgba(0, 0, 0, 0)\" class=\"has-inline-color has-primary-color\"><strong>VEA TAMBI\u00c9N:<\/strong> <\/mark><a href=\"https:\/\/insightcrime.org\/es\/noticias\/cigarrillos-contrabando-producian-mano-obra-esclava-brasil\/\" target=\"_blank\" rel=\"noreferrer noopener\">Cigarrillos de contrabando se produc\u00edan con mano de obra esclava en Brasil <\/a><\/p>\n<\/blockquote>\n\n\n\n<p class=\"wp-block-paragraph\">En otras ocasiones, las personas son forzadas a trabajar en <a href=\"https:\/\/insightcrime.org\/es\/noticias\/cigarrillos-contrabando-producian-mano-obra-esclava-brasil\/\" target=\"_blank\" rel=\"noreferrer noopener\">f\u00e1bricas clandestinas<\/a>. En marzo de 2023, las autoridades <a href=\"https:\/\/g1.globo.com\/jornal-nacional\/noticia\/2023\/03\/20\/pf-resgata-19-paraguaios-em-situacao-semelhante-a-escravidao-em-fabrica-clandestina-de-cigarros-na-baixada-fluminense.ghtml\" target=\"_blank\" rel=\"noreferrer noopener\">rescataron<\/a> a 19 paraguayos en una f\u00e1brica de cigarrillos clandestina en el municipio de Duque de Caxias en R\u00edo de Janeiro, presuntamente captados por una milicia. En 2022, una <a href=\"https:\/\/g1.globo.com\/rj\/rio-de-janeiro\/noticia\/2022\/07\/08\/policia-encontra-23-paraguaios-em-situacao-analoga-a-escravidao-em-fabrica-ilegal-de-cigarros-em-duque-de-caxias-rj.ghtml\" target=\"_blank\" rel=\"noreferrer noopener\">operaci\u00f3n<\/a> similar dio como resultado el rescate de 23 paraguayos y un brasilero en la misma zona.&nbsp;<\/p>\n\n\n\n<p class=\"wp-block-paragraph\">El alcance de este tipo de explotaci\u00f3n va m\u00e1s all\u00e1 de Am\u00e9rica Latina. En 2022, el Ministerio de Justicia de Brasil <a href=\"https:\/\/g1.globo.com\/politica\/noticia\/2022\/10\/13\/ministerio-da-justica-investiga-se-brasileiros-foram-vitimas-de-trafico-de-pessoas-no-camboja.ghtml\" target=\"_blank\" rel=\"noreferrer noopener\">afirm\u00f3<\/a> que al menos 100 personas habr\u00edan sido traficadas a Camboya y obligadas a participar en <a href=\"https:\/\/insightcrime.org\/wp-content\/uploads\/2024\/10\/ONLINE-SCAM-OPERATIONS-2582023.pdf\" target=\"_blank\" rel=\"noreferrer noopener\">cr\u00edmenes cibern\u00e9ticos.<\/a>&nbsp;&nbsp;<\/p>\n\n\n\n<p class=\"wp-block-paragraph\"><em>Imagen principal:<\/em> <em>Las adopciones ilegales representaron el 9% de los casos de trata de seres humanos registrados en Brasil en los \u00faltimos a\u00f1os.<\/em> <em>Cr\u00e9dito: AP<\/em><\/p>\n\n\n\n<p class=\"wp-block-paragraph\"><\/p>\n","protected":false},"excerpt":{"rendered":"<p>Existe un alarmante aumento en el n\u00famero de personas extranjeras y mujeres rescatadas de la trata de personas con fines de explotaci\u00f3n laboral \u2014tambi\u00e9n conocida como esclavitud moderna, en Brasil. El relatorio anual de trata de personas, publicado por el Ministerio de Justicia y Seguridad P\u00fablica de Brasil cubre la evoluci\u00f3n de esta econom\u00eda criminal entre 2021 y 2023 en el pa\u00eds.<\/p>\n","protected":false},"author":202,"featured_media":294881,"comment_status":"closed","ping_status":"closed","sticky":false,"template":"single-feature.php","format":"standard","meta":{"newspack_ads_suppress_ads":false,"newspack_popups_has_disabled_popups":false,"newspack_sponsor_sponsorship_scope":"","newspack_sponsor_native_byline_display":"inherit","newspack_sponsor_native_category_display":"inherit","newspack_sponsor_underwriter_style":"inherit","newspack_sponsor_underwriter_placement":"inherit","_EventAllDay":false,"_EventTimezone":"","_EventStartDate":"","_EventEndDate":"","_EventStartDateUTC":"","_EventEndDateUTC":"","_EventShowMap":false,"_EventShowMapLink":false,"_EventURL":"","_EventCost":"","_EventCostDescription":"","_EventCurrencySymbol":"","_EventCurrencyCode":"","_EventCurrencyPosition":"","_EventDateTimeSeparator":"","_EventTimeRangeSeparator":"","_EventOrganizerID":[],"_EventVenueID":[],"_OrganizerEmail":"","_OrganizerPhone":"","_OrganizerWebsite":"","_VenueAddress":"","_VenueCity":"","_VenueCountry":"","_VenueProvince":"","_VenueState":"","_VenueZip":"","_VenuePhone":"","_VenueURL":"","_VenueStateProvince":"","_VenueLat":"","_VenueLng":"","_VenueShowMap":false,"_VenueShowMapLink":false,"_newspack_byline_active":false,"_newspack_byline":"","newspack_hide_updated_date":false,"newspack_show_updated_date":false,"newspack_featured_image_position":"above","newspack_post_subtitle":"","newspack_article_summary_title":"Overview:","newspack_article_summary":"","_jetpack_memberships_contains_paid_content":false,"footnotes":""},"categories":[741],"tags":[405,3453,455,372],"newspack_spnsrs_tax":[],"coauthors":[4169],"class_list":["post-294844","post","type-post","status-publish","format-standard","has-post-thumbnail","hentry","category-news","tag-brasil","tag-genero-y-crimen-organizado","tag-infografias","tag-trata-de-personas","entry"],"parsely":{"version":"1.1.0","canonical_url":"https:\/\/insightcrime.org\/es\/news\/informe-trata-personas-brasil-esclavitud-moderna\/","smart_links":{"inbound":0,"outbound":0},"traffic_boost_suggestions_count":0,"meta":{"@context":"https:\/\/schema.org","@type":"NewsArticle","headline":"La esclavitud moderna en Brasil se ensa\u00f1a con las mujeres y los extranjeros","url":"http:\/\/insightcrime.org\/es\/news\/informe-trata-personas-brasil-esclavitud-moderna\/","mainEntityOfPage":{"@type":"WebPage","@id":"http:\/\/insightcrime.org\/es\/news\/informe-trata-personas-brasil-esclavitud-moderna\/"},"thumbnailUrl":"https:\/\/i0.wp.com\/insightcrime.org\/wp-content\/uploads\/2024\/10\/Brazil-Youngsoccer-fan-watches-his-teams-World-Cup-round-of-match-against-Chile-on-TV-AP208152861553-A2.jpg?resize=150%2C150&quality=100&ssl=1","image":{"@type":"ImageObject","url":"https:\/\/i0.wp.com\/insightcrime.org\/wp-content\/uploads\/2024\/10\/Brazil-Youngsoccer-fan-watches-his-teams-World-Cup-round-of-match-against-Chile-on-TV-AP208152861553-A2.jpg?fit=1336%2C768&quality=100&ssl=1"},"articleSection":"News","author":[{"@type":"Person","name":"Lara Loaiza"}],"creator":["Lara Loaiza"],"publisher":{"@type":"Organization","name":"InSight Crime","logo":"https:\/\/insightcrime.org\/wp-content\/uploads\/2023\/08\/logo.png"},"keywords":["brasil","g\u00e9nero y crimen","infograf\u00edas","trata de personas"],"dateCreated":"2024-10-21T13:23:00Z","datePublished":"2024-10-21T13:23:00Z","dateModified":"2024-10-21T17:34:30Z"},"rendered":"<meta name=\"parsely-title\" content=\"La esclavitud moderna en Brasil se ensa\u00f1a con las mujeres y los extranjeros\" \/>\n<meta name=\"parsely-link\" content=\"http:\/\/insightcrime.org\/es\/news\/informe-trata-personas-brasil-esclavitud-moderna\/\" \/>\n<meta name=\"parsely-type\" content=\"post\" \/>\n<meta name=\"parsely-image-url\" content=\"https:\/\/i0.wp.com\/insightcrime.org\/wp-content\/uploads\/2024\/10\/Brazil-Youngsoccer-fan-watches-his-teams-World-Cup-round-of-match-against-Chile-on-TV-AP208152861553-A2.jpg?resize=150%2C150&amp;quality=100&amp;ssl=1\" \/>\n<meta name=\"parsely-pub-date\" content=\"2024-10-21T13:23:00Z\" \/>\n<meta name=\"parsely-section\" content=\"News\" \/>\n<meta name=\"parsely-tags\" content=\"brasil,g\u00e9nero y crimen,infograf\u00edas,trata de personas\" \/>\n<meta name=\"parsely-author\" content=\"Lara Loaiza\" \/>","tracker_url":"https:\/\/cdn.parsely.com\/keys\/insightcrime.org\/p.js"},"jetpack_sharing_enabled":true,"jetpack-related-posts":[{"id":311608,"url":"https:\/\/insightcrime.org\/es\/investigaciones\/promesas-falsas-como-riqueza-mineral-esequibo-alimenta-trata-de-personas\/","url_meta":{"origin":294844,"position":0},"title":"Promesas falsas: c\u00f3mo la riqueza mineral del Esequibo alimenta la trata de personas","author":"Unidad Investigativa de Venezuela","date":"4 de junio de 2025","format":false,"excerpt":"A medida que Guyana se consolida como un destino para migrantes provenientes de Venezuela y otros pa\u00edses, tambi\u00e9n se ha vuelto m\u00e1s atractiva para la trata de personas. Pero el gobierno guyan\u00e9s sigue estando mal preparado para enfrentar el problema.","rel":"","context":"En \u00abInvestigaciones\u00bb","block_context":{"text":"Investigaciones","link":"https:\/\/insightcrime.org\/es\/category\/investigaciones\/"},"img":{"alt_text":"","src":"https:\/\/i0.wp.com\/insightcrime.org\/wp-content\/uploads\/2025\/06\/Venezuela-Esequibo-Cap3-InSightCrime.jpg?fit=1200%2C690&quality=100&ssl=1&resize=350%2C200","width":350,"height":200,"srcset":"https:\/\/i0.wp.com\/insightcrime.org\/wp-content\/uploads\/2025\/06\/Venezuela-Esequibo-Cap3-InSightCrime.jpg?fit=1200%2C690&quality=100&ssl=1&resize=350%2C200 1x, https:\/\/i0.wp.com\/insightcrime.org\/wp-content\/uploads\/2025\/06\/Venezuela-Esequibo-Cap3-InSightCrime.jpg?fit=1200%2C690&quality=100&ssl=1&resize=525%2C300 1.5x, https:\/\/i0.wp.com\/insightcrime.org\/wp-content\/uploads\/2025\/06\/Venezuela-Esequibo-Cap3-InSightCrime.jpg?fit=1200%2C690&quality=100&ssl=1&resize=700%2C400 2x, https:\/\/i0.wp.com\/insightcrime.org\/wp-content\/uploads\/2025\/06\/Venezuela-Esequibo-Cap3-InSightCrime.jpg?fit=1200%2C690&quality=100&ssl=1&resize=1050%2C600 3x"},"classes":[]},{"id":198043,"url":"https:\/\/insightcrime.org\/es\/noticias\/empresas-legitimas-usadas-fachada-redes-trata-personas-argentina\/","url_meta":{"origin":294844,"position":1},"title":"Empresas leg\u00edtimas son usadas como fachada por redes de trata de personas en Argentina","author":"Alicia Florez","date":"15 de septiembre de 2022","format":false,"excerpt":"Argentina sigue luchando contra la trata de personas, las redes criminales nacionales e internacionales ahora usan una serie de negocios legales.","rel":"","context":"En \u00abNoticias\u00bb","block_context":{"text":"Noticias","link":"https:\/\/insightcrime.org\/es\/category\/noticias\/"},"img":{"alt_text":"Polic\u00edas de Argentina en un operativo contra la trata de personas","src":"https:\/\/i0.wp.com\/insightcrime.org\/wp-content\/uploads\/2022\/09\/argentina-human-trafficking-1.jpeg?fit=350%2C250&quality=100&ssl=1&resize=350%2C200","width":350,"height":200},"classes":[]},{"id":133786,"url":"https:\/\/insightcrime.org\/es\/noticias\/trata-personas-arco-minero-venezuela\/","url_meta":{"origin":294844,"position":2},"title":"La trata de personas, otro mal del Arco Minero de Venezuela","author":"Unidad Investigativa de Venezuela","date":"9 de febrero de 2021","format":false,"excerpt":"Un reporte sobre la trata de personas en el estado Bol\u00edvar en Venezuela resalta la cohabitaci\u00f3n de esta econom\u00eda criminal con la miner\u00eda ilegal.","rel":"","context":"En \u00abNoticias\u00bb","block_context":{"text":"Noticias","link":"https:\/\/insightcrime.org\/es\/category\/noticias\/"},"img":{"alt_text":"","src":"https:\/\/i0.wp.com\/insightcrime.org\/wp-content\/uploads\/2021\/02\/Arco-Minero-del-Orinoco_1.jpg?fit=350%2C250&quality=100&ssl=1&resize=350%2C200","width":350,"height":200},"classes":[]},{"id":165582,"url":"https:\/\/insightcrime.org\/es\/noticias\/trata-personas-mexico-agudizo-pandemia-covid19\/","url_meta":{"origin":294844,"position":3},"title":"Trata de personas en M\u00e9xico se agudiz\u00f3 durante pandemia de COVID-19","author":"Parker Asmann","date":"19 de agosto de 2021","format":false,"excerpt":"La cantidad de v\u00edctimas de trata de personas en M\u00e9xico va en aumento, con los ojos de los traficantes puestos en grupos vulnerables duramente golpeados por la pandemia de COVID-19.","rel":"","context":"En \u00abNoticias\u00bb","block_context":{"text":"Noticias","link":"https:\/\/insightcrime.org\/es\/category\/noticias\/"},"img":{"alt_text":"","src":"https:\/\/i0.wp.com\/insightcrime.org\/wp-content\/uploads\/2021\/08\/21-08-13-Mexico-Trata-de-Personas.jpg?fit=350%2C250&quality=100&ssl=1&resize=350%2C200","width":350,"height":200},"classes":[]},{"id":302814,"url":"https:\/\/insightcrime.org\/es\/noticias\/chile-lucha-contra-aumento-trata-personas\/","url_meta":{"origin":294844,"position":4},"title":"Chile lucha contra el aumento de la trata de personas","author":"Sean Doherty","date":"18 de febrero de 2025","format":false,"excerpt":"La trata de personas en Chile ha aumentado en los \u00faltimos a\u00f1os junto con la migraci\u00f3n. Pero las instituciones del pa\u00eds se esfuerzan por abordar el problema.","rel":"","context":"En \u00abNoticias\u00bb","block_context":{"text":"Noticias","link":"https:\/\/insightcrime.org\/es\/category\/noticias\/"},"img":{"alt_text":"","src":"https:\/\/i0.wp.com\/insightcrime.org\/wp-content\/uploads\/2025\/02\/Whats-Behind-Chiles-Human-Trafficking-Increase-1.png?fit=1200%2C675&quality=100&ssl=1&resize=350%2C200","width":350,"height":200,"srcset":"https:\/\/i0.wp.com\/insightcrime.org\/wp-content\/uploads\/2025\/02\/Whats-Behind-Chiles-Human-Trafficking-Increase-1.png?fit=1200%2C675&quality=100&ssl=1&resize=350%2C200 1x, https:\/\/i0.wp.com\/insightcrime.org\/wp-content\/uploads\/2025\/02\/Whats-Behind-Chiles-Human-Trafficking-Increase-1.png?fit=1200%2C675&quality=100&ssl=1&resize=525%2C300 1.5x, https:\/\/i0.wp.com\/insightcrime.org\/wp-content\/uploads\/2025\/02\/Whats-Behind-Chiles-Human-Trafficking-Increase-1.png?fit=1200%2C675&quality=100&ssl=1&resize=700%2C400 2x, https:\/\/i0.wp.com\/insightcrime.org\/wp-content\/uploads\/2025\/02\/Whats-Behind-Chiles-Human-Trafficking-Increase-1.png?fit=1200%2C675&quality=100&ssl=1&resize=1050%2C600 3x"},"classes":[]},{"id":195029,"url":"https:\/\/insightcrime.org\/es\/noticias\/explotacion-sexual-guatemala-millonario-negocio\/","url_meta":{"origin":294844,"position":5},"title":"Explotaci\u00f3n sexual en Guatemala y el millonario negocio del enga\u00f1o","author":"Parker Asmann","date":"10 de agosto de 2022","format":false,"excerpt":"Las autoridades de Guatemala desarticularon varias redes de trata de personas en una serie de operativos coordinados que expusieron las t\u00e1cticas usadas y la escala de las ganancias derivadas de la explotaci\u00f3n sexual de personas vulnerables.","rel":"","context":"En \u00abNoticias\u00bb","block_context":{"text":"Noticias","link":"https:\/\/insightcrime.org\/es\/category\/noticias\/"},"img":{"alt_text":"Polic\u00eda de guardia afuera del Hotel, Club y Spa Pitayass, despu\u00e9s de desmantelar una red de trata de personas en Guatemala","src":"https:\/\/i0.wp.com\/insightcrime.org\/wp-content\/uploads\/2022\/08\/2022-08-08-Guate-Sex-Trafficking-Pityass.jpeg?fit=350%2C250&quality=100&ssl=1&resize=350%2C200","width":350,"height":200},"classes":[]}],"jetpack_featured_media_url":"https:\/\/i0.wp.com\/insightcrime.org\/wp-content\/uploads\/2024\/10\/Brazil-Youngsoccer-fan-watches-his-teams-World-Cup-round-of-match-against-Chile-on-TV-AP208152861553-A2.jpg?fit=1336%2C768&quality=100&ssl=1","_links":{"self":[{"href":"https:\/\/insightcrime.org\/es\/wp-json\/wp\/v2\/posts\/294844","targetHints":{"allow":["GET"]}}],"collection":[{"href":"https:\/\/insightcrime.org\/es\/wp-json\/wp\/v2\/posts"}],"about":[{"href":"https:\/\/insightcrime.org\/es\/wp-json\/wp\/v2\/types\/post"}],"author":[{"embeddable":true,"href":"https:\/\/insightcrime.org\/es\/wp-json\/wp\/v2\/users\/202"}],"replies":[{"embeddable":true,"href":"https:\/\/insightcrime.org\/es\/wp-json\/wp\/v2\/comments?post=294844"}],"version-history":[{"count":10,"href":"https:\/\/insightcrime.org\/es\/wp-json\/wp\/v2\/posts\/294844\/revisions"}],"predecessor-version":[{"id":294977,"href":"https:\/\/insightcrime.org\/es\/wp-json\/wp\/v2\/posts\/294844\/revisions\/294977"}],"wp:featuredmedia":[{"embeddable":true,"href":"https:\/\/insightcrime.org\/es\/wp-json\/wp\/v2\/media\/294881"}],"wp:attachment":[{"href":"https:\/\/insightcrime.org\/es\/wp-json\/wp\/v2\/media?parent=294844"}],"wp:term":[{"taxonomy":"category","embeddable":true,"href":"https:\/\/insightcrime.org\/es\/wp-json\/wp\/v2\/categories?post=294844"},{"taxonomy":"post_tag","embeddable":true,"href":"https:\/\/insightcrime.org\/es\/wp-json\/wp\/v2\/tags?post=294844"},{"taxonomy":"newspack_spnsrs_tax","embeddable":true,"href":"https:\/\/insightcrime.org\/es\/wp-json\/wp\/v2\/newspack_spnsrs_tax?post=294844"},{"taxonomy":"author","embeddable":true,"href":"https:\/\/insightcrime.org\/es\/wp-json\/wp\/v2\/coauthors?post=294844"}],"curies":[{"name":"wp","href":"https:\/\/api.w.org\/{rel}","templated":true}]}}