{"id":294893,"date":"2024-10-24T11:27:30","date_gmt":"2024-10-24T16:27:30","guid":{"rendered":"https:\/\/insightcrime.org\/?p=294893"},"modified":"2024-10-24T11:17:28","modified_gmt":"2024-10-24T16:17:28","slug":"crimen-drogas-violencia-principales-preocupaciones-elecciones-uruguay","status":"publish","type":"post","link":"https:\/\/insightcrime.org\/es\/noticias\/crimen-drogas-violencia-principales-preocupaciones-elecciones-uruguay\/","title":{"rendered":"Crimen, drogas y violencia, principales preocupaciones en las elecciones de Uruguay"},"content":{"rendered":"\n<p class=\"wp-block-paragraph\">Mientras los uruguayos se preparan para votar en la primera vuelta de las elecciones presidenciales del 27 de octubre, la seguridad se ha convertido en un tema central y los candidatos se han movido hacia el centro, debatiendo si la prevenci\u00f3n y supresi\u00f3n del crimen son las mejores formas de combatir el crimen organizado.&nbsp;<\/p>\n\n\n\n<p class=\"wp-block-paragraph\">Pese a que <a href=\"https:\/\/insightcrime.org\/es\/noticias-crimen-organizado-uruguay\/\" target=\"_blank\" rel=\"noreferrer noopener\">Uruguay<\/a> cuenta con una econom\u00eda fuerte, inflaci\u00f3n baja y una disminuci\u00f3n estable de algunos delitos, la seguridad es una preocupaci\u00f3n importante impulsada por la creciente violencia y el rol del pa\u00eds en el tr\u00e1fico transnacional de coca\u00edna.&nbsp;<\/p>\n\n\n\n<p class=\"wp-block-paragraph\">El puerto de Montevideo, situado al extremo de la hidrov\u00eda Paran\u00e1-Paraguay, <a href=\"https:\/\/insightcrime.org\/es\/noticias\/adapta-uruguay-nuevo-rol-narcotrafico-internacional\/\" target=\"_blank\" rel=\"noreferrer noopener\">se convirti\u00f3<\/a> en un punto de tr\u00e1nsito de coca\u00edna clave. Los grupos criminales ya no solo est\u00e1n enviando coca\u00edna a trav\u00e9s de contenedores. Tambi\u00e9n est\u00e1n almacenando drogas en territorio uruguayo, aumentando las preocupaciones sobre <a href=\"https:\/\/insightcrime.org\/es\/noticias\/uruguay-enfrenta-creciente-amenaza-crimen-organizado\/\" target=\"_blank\" rel=\"noreferrer noopener\">el papel del pa\u00eds<\/a> en el tr\u00e1fico transnacional de drogas.\u00a0<\/p>\n\n\n\n<p class=\"wp-block-paragraph\">El hacinamiento en las c\u00e1rceles \u2014donde est\u00e1n recluidos importantes l\u00edderes criminales\u2014 y las condiciones inhumanas al interior de estos centros han empeorado, generando preocupaciones sobre el crecimiento de bandas carcelarias. Al mismo tiempo, las instituciones anti-lavado en el pa\u00eds est\u00e1n <a href=\"https:\/\/insightcrime.org\/es\/noticias\/3-obstaculos-lucha-contra-lavado-dinero-uruguay\/\" target=\"_blank\" rel=\"noreferrer noopener\">mal financiadas<\/a> y no cuentan con el personal adecuado.\u00a0<\/p>\n\n\n\n<p class=\"wp-block-paragraph\">Aunque los robos dom\u00e9sticos han disminuido, los robos violentos han <a href=\"https:\/\/observatorioseguridad.minterior.gub.uy\/pentaho\/api\/repos\/:public:observatorio:MININT_Observatorio.wcdf\/generatedContent\" target=\"_blank\" rel=\"noreferrer noopener\">incrementado<\/a> desde 2018 y todav\u00eda son una amenaza, junto con la <a href=\"https:\/\/insightcrime.org\/es\/noticias\/guerras-bandas-uruguay-recrudecen-barrios-montevideo\/\" target=\"_blank\" rel=\"noreferrer noopener\">violencia relacionada con drogas<\/a>. La indignaci\u00f3n p\u00fablica se ha intensificado tras casos de ni\u00f1os que se encuentran en el fuego cruzado de los criminales, resaltando la brecha entre la estabilidad econ\u00f3mica y los problemas de seguridad.\u00a0<\/p>\n\n\n\n<blockquote class=\"wp-block-quote is-layout-flow wp-block-quote-is-layout-flow\">\n<p class=\"wp-block-paragraph\"><mark style=\"background-color:rgba(0, 0, 0, 0)\" class=\"has-inline-color has-primary-color\"><strong>VEA TAMBI\u00c9N:<\/strong> <\/mark><a href=\"https:\/\/insightcrime.org\/es\/noticias-crimen-organizado-uruguay\/sebastian-marset\/\" target=\"_blank\" rel=\"noreferrer noopener\">Perfil de Sebasti\u00e1n Marset<\/a><\/p>\n<\/blockquote>\n\n\n\n<p class=\"wp-block-paragraph\">Aunque hay m\u00e1s de diez partidos, tres candidatos de los partidos tradicionales tienen m\u00e1s posibilidades de ganar: \u00c1lvaro Delgado, del gobernante Partido Nacional (PN); Andr\u00e9s Ojeda, del Partido Colorado (PC), cuya facci\u00f3n pertenece a la coalici\u00f3n de derechas, y Yamand\u00fa Orsi, del opositor Frente Amplio (FA). Si ning\u00fan candidato logra una mayor\u00eda en la primera vuelta, se har\u00e1 una segunda vuelta el 24 de noviembre. Votar es obligatorio y el ganador estar\u00e1 en el cargo por cinco a\u00f1os.\u00a0<\/p>\n\n\n\n<p class=\"wp-block-paragraph\">Uruguay es reconocido a nivel internacional por su pol\u00edtica de drogas progresivas al ser el primer pa\u00eds en legalizar completamente la marihuana. Pero en estas elecciones, los candidatos han promovido medidas antinarc\u00f3ticos m\u00e1s severas, concentr\u00e1ndose m\u00e1s en medidas policiales y penalizaci\u00f3n.<\/p>\n\n\n\n<div class=\"wp-block-cover\" style=\"padding-top:0;padding-right:0;padding-bottom:0;padding-left:0;min-height:123px;aspect-ratio:unset;\"><span aria-hidden=\"true\" class=\"wp-block-cover__background has-background-dim-60 has-background-dim\" style=\"background-color:#34566e\"><\/span><img data-recalc-dims=\"1\" loading=\"lazy\" decoding=\"async\" width=\"2344\" height=\"790\" class=\"wp-block-cover__image-background wp-image-295056\" alt=\"\" src=\"https:\/\/i0.wp.com\/insightcrime.org\/wp-content\/uploads\/2024\/10\/Uruguay-Flag-in-the-blue-sky-1.jpg?resize=2344%2C790&#038;quality=100&#038;ssl=1\" data-object-fit=\"cover\" srcset=\"https:\/\/i0.wp.com\/insightcrime.org\/wp-content\/uploads\/2024\/10\/Uruguay-Flag-in-the-blue-sky-1.jpg?w=2344&amp;quality=100&amp;ssl=1 2344w, https:\/\/i0.wp.com\/insightcrime.org\/wp-content\/uploads\/2024\/10\/Uruguay-Flag-in-the-blue-sky-1.jpg?resize=300%2C101&amp;quality=100&amp;ssl=1 300w, https:\/\/i0.wp.com\/insightcrime.org\/wp-content\/uploads\/2024\/10\/Uruguay-Flag-in-the-blue-sky-1.jpg?resize=1024%2C345&amp;quality=100&amp;ssl=1 1024w, https:\/\/i0.wp.com\/insightcrime.org\/wp-content\/uploads\/2024\/10\/Uruguay-Flag-in-the-blue-sky-1.jpg?resize=768%2C259&amp;quality=100&amp;ssl=1 768w, https:\/\/i0.wp.com\/insightcrime.org\/wp-content\/uploads\/2024\/10\/Uruguay-Flag-in-the-blue-sky-1.jpg?resize=1536%2C518&amp;quality=100&amp;ssl=1 1536w, https:\/\/i0.wp.com\/insightcrime.org\/wp-content\/uploads\/2024\/10\/Uruguay-Flag-in-the-blue-sky-1.jpg?resize=2048%2C690&amp;quality=100&amp;ssl=1 2048w, https:\/\/i0.wp.com\/insightcrime.org\/wp-content\/uploads\/2024\/10\/Uruguay-Flag-in-the-blue-sky-1.jpg?resize=1200%2C404&amp;quality=100&amp;ssl=1 1200w, https:\/\/i0.wp.com\/insightcrime.org\/wp-content\/uploads\/2024\/10\/Uruguay-Flag-in-the-blue-sky-1.jpg?resize=1568%2C528&amp;quality=100&amp;ssl=1 1568w, https:\/\/i0.wp.com\/insightcrime.org\/wp-content\/uploads\/2024\/10\/Uruguay-Flag-in-the-blue-sky-1.jpg?resize=2000%2C674&amp;quality=100&amp;ssl=1 2000w, https:\/\/i0.wp.com\/insightcrime.org\/wp-content\/uploads\/2024\/10\/Uruguay-Flag-in-the-blue-sky-1.jpg?resize=400%2C135&amp;quality=100&amp;ssl=1 400w, https:\/\/i0.wp.com\/insightcrime.org\/wp-content\/uploads\/2024\/10\/Uruguay-Flag-in-the-blue-sky-1.jpg?resize=706%2C238&amp;quality=100&amp;ssl=1 706w, https:\/\/i0.wp.com\/insightcrime.org\/wp-content\/uploads\/2024\/10\/Uruguay-Flag-in-the-blue-sky-1.jpg?w=370&amp;quality=100&amp;ssl=1 370w\" sizes=\"auto, (max-width: 1000px) 100vw, 1000px\" \/><div class=\"wp-block-cover__inner-container is-layout-flow wp-block-cover-is-layout-flow\">\n<p class=\"has-text-align-center has-white-color has-text-color has-link-color wp-elements-1 wp-block-paragraph\" style=\"font-size:24px\"><strong>Los candidatos presidenciales uruguayos ponderan la prevenci\u00f3n frente a la represi\u00f3n.<\/strong><\/p>\n<\/div><\/div>\n\n\n\n<figure class=\"wp-block-table is-style-stripes\"><table class=\"has-fixed-layout\"><tbody><tr><td class=\"has-text-align-center\" data-align=\"center\"><strong>\u00c1lvaro Delgado<\/strong><\/td><td class=\"has-text-align-center\" data-align=\"center\"><strong>Andr\u00e9s Ojeda<\/strong><\/td><td class=\"has-text-align-center\" data-align=\"center\"><strong>Yamand\u00fa Orsi<\/strong><\/td><\/tr><tr><td class=\"has-text-align-center\" data-align=\"center\"><img data-recalc-dims=\"1\" loading=\"lazy\" decoding=\"async\" width=\"150\" height=\"180\" class=\"wp-image-295050\" style=\"width: 150px;\" src=\"https:\/\/i0.wp.com\/insightcrime.org\/wp-content\/uploads\/2024\/10\/Alvaro-Delgado-candidato-presidencia-de-Uruguay-1.jpg?resize=150%2C180&#038;quality=100&#038;ssl=1\" alt=\"\" srcset=\"https:\/\/i0.wp.com\/insightcrime.org\/wp-content\/uploads\/2024\/10\/Alvaro-Delgado-candidato-presidencia-de-Uruguay-1.jpg?w=570&amp;quality=100&amp;ssl=1 570w, https:\/\/i0.wp.com\/insightcrime.org\/wp-content\/uploads\/2024\/10\/Alvaro-Delgado-candidato-presidencia-de-Uruguay-1.jpg?resize=250%2C300&amp;quality=100&amp;ssl=1 250w, https:\/\/i0.wp.com\/insightcrime.org\/wp-content\/uploads\/2024\/10\/Alvaro-Delgado-candidato-presidencia-de-Uruguay-1.jpg?resize=400%2C480&amp;quality=100&amp;ssl=1 400w, https:\/\/i0.wp.com\/insightcrime.org\/wp-content\/uploads\/2024\/10\/Alvaro-Delgado-candidato-presidencia-de-Uruguay-1.jpg?w=370&amp;quality=100&amp;ssl=1 370w\" sizes=\"auto, (max-width: 150px) 100vw, 150px\" \/><\/td><td class=\"has-text-align-center\" data-align=\"center\"><img data-recalc-dims=\"1\" loading=\"lazy\" decoding=\"async\" width=\"150\" height=\"180\" class=\"wp-image-295052\" style=\"width: 150px;\" src=\"https:\/\/i0.wp.com\/insightcrime.org\/wp-content\/uploads\/2024\/10\/Andres-Ojeda-candidato-presidencia-de-Uruguay-1.jpg?resize=150%2C180&#038;quality=100&#038;ssl=1\" alt=\"\" srcset=\"https:\/\/i0.wp.com\/insightcrime.org\/wp-content\/uploads\/2024\/10\/Andres-Ojeda-candidato-presidencia-de-Uruguay-1.jpg?w=250&amp;quality=100&amp;ssl=1 250w, https:\/\/i0.wp.com\/insightcrime.org\/wp-content\/uploads\/2024\/10\/Andres-Ojeda-candidato-presidencia-de-Uruguay-1.jpg?w=370&amp;quality=100&amp;ssl=1 370w, https:\/\/i0.wp.com\/insightcrime.org\/wp-content\/uploads\/2024\/10\/Andres-Ojeda-candidato-presidencia-de-Uruguay-1.jpg?w=400&amp;quality=100&amp;ssl=1 400w\" sizes=\"auto, (max-width: 150px) 100vw, 150px\" \/><\/td><td class=\"has-text-align-center\" data-align=\"center\"><img data-recalc-dims=\"1\" loading=\"lazy\" decoding=\"async\" width=\"150\" height=\"180\" class=\"wp-image-295058\" style=\"width: 150px;\" src=\"https:\/\/i0.wp.com\/insightcrime.org\/wp-content\/uploads\/2024\/10\/Yamandu-Orsi-candidato-presidencia-de-Uruguay-3.jpg?resize=150%2C180&#038;quality=100&#038;ssl=1\" alt=\"\" srcset=\"https:\/\/i0.wp.com\/insightcrime.org\/wp-content\/uploads\/2024\/10\/Yamandu-Orsi-candidato-presidencia-de-Uruguay-3.jpg?w=570&amp;quality=100&amp;ssl=1 570w, https:\/\/i0.wp.com\/insightcrime.org\/wp-content\/uploads\/2024\/10\/Yamandu-Orsi-candidato-presidencia-de-Uruguay-3.jpg?resize=250%2C300&amp;quality=100&amp;ssl=1 250w, https:\/\/i0.wp.com\/insightcrime.org\/wp-content\/uploads\/2024\/10\/Yamandu-Orsi-candidato-presidencia-de-Uruguay-3.jpg?resize=400%2C480&amp;quality=100&amp;ssl=1 400w, https:\/\/i0.wp.com\/insightcrime.org\/wp-content\/uploads\/2024\/10\/Yamandu-Orsi-candidato-presidencia-de-Uruguay-3.jpg?w=370&amp;quality=100&amp;ssl=1 370w\" sizes=\"auto, (max-width: 150px) 100vw, 150px\" \/><\/td><\/tr><tr><td class=\"has-text-align-center\" data-align=\"center\"><strong>Pol\u00edticas<\/strong><\/td><td class=\"has-text-align-center\" data-align=\"center\"><strong>Pol\u00edticas<\/strong><\/td><td class=\"has-text-align-center\" data-align=\"center\"><strong>Pol\u00edticas<\/strong><\/td><\/tr><tr><td class=\"has-text-align-center\" data-align=\"center\">Equipo multifuerza inspirado en el modelo antimafia italiano para combatir el crimen organizado y el narcotr\u00e1fico; blindaje fronterizo y portuario.<\/td><td class=\"has-text-align-center\" data-align=\"center\">Aumentar presencia del Estado y programas en barrios marginalizados y centros educativos, incluir el tema de la prevenci\u00f3n en los programas educativos y contenci\u00f3n a ni\u00f1os, ni\u00f1as y adolescentes con familiares delincuentes.<\/td><td class=\"has-text-align-center\" data-align=\"center\">Nuevos \u00f3rganos del gobierno dedicados a investigar el crimen organizado, el crimen barrial, la seguridad fronteriza, y casos complejos.<\/td><\/tr><tr><td class=\"has-text-align-center\" data-align=\"center\">Unificar instituciones para combatir el lavado de activos e implementar la figura del Agente Encubierto Financiero.<\/td><td class=\"has-text-align-center\" data-align=\"center\">Crear nuevas instituciones y estrategias para combatir el crimen organizado y el lavado de activos, descentralizar Senaclaft, jerarquizar la Fiscal\u00eda Especializada.<\/td><td class=\"has-text-align-center\" data-align=\"center\">Aumentar la transparencia en donaciones y sueldos de pol\u00edticos y fortalecer instituciones contra el lavado de activos, limitar designaciones directas.<\/td><\/tr><tr><td class=\"has-text-align-center\" data-align=\"center\">Actualizar normas y penas, crear un Ministerio de Justicia y Derechos Humanos y mejorar el sistema penitenciario volcando un gran presupuesto mediante una \u201creforma\u201d.<\/td><td class=\"has-text-align-center\" data-align=\"center\">Descentralizar y reformar el sistema penitenciario, capacitar a los funcionarios de prisiones por concurso, crear un Ministerio de Justicia y Derechos Humanos.<\/td><td class=\"has-text-align-center\" data-align=\"center\">Hincapi\u00e9 en la integraci\u00f3n social y la prevenci\u00f3n interinstitucional y dar vida digna para presos. Atacar la sobrepoblaci\u00f3n carcelaria y priorizar medidas no privativas de libertad, crear un Ministerio de Justicia y Derechos Humanos&nbsp;<\/td><\/tr><tr><td class=\"has-text-align-center\" data-align=\"center\">Apoya los allanamientos nocturnos. Quiere profesionalizar y reforzar la fuerza policial con \u00e9nfasis en calidad de vida, salud mental y violencia de g\u00e9nero, mejorar las investigaciones, comisar\u00edas, equipo y capacitaci\u00f3n; ampliar la Guardia Republicana.<\/td><td class=\"has-text-align-center\" data-align=\"center\">Apoya los allanamientos nocturnos. Quiere endurecer penas, respaldo a la fuerza p\u00fablica, fortalecer comisar\u00edas, aumentar sueldos y capacitaci\u00f3n, fortalecer la Guardia Republicana y expandir tecnolog\u00edas, sobre todo para combatir el ciberdelito.<\/td><td class=\"has-text-align-center\" data-align=\"center\">Opuesto a allanamientos nocturnos.<br>Quiere tener m\u00e1s c\u00e1maras de videovigilancia con sistemas de identificaci\u00f3n facial y el despliegue territorial del Ministerio del Interior (m\u00e1s patrullaje y efectivos).<\/td><\/tr><tr><td class=\"has-text-align-center\" data-align=\"center\">Potenciar cooperaci\u00f3n internacional, promover urbanizaci\u00f3n, nuevas y m\u00e1s tecnolog\u00edas, m\u00e1s \u201ccontrol interno\u201d.<\/td><td class=\"has-text-align-center\" data-align=\"center\">Blindar fronteras, Polic\u00eda Comunitaria Orientada a Problemas (PCOP), encuestas de victimizaci\u00f3n.<\/td><td class=\"has-text-align-center\" data-align=\"center\">Mejores condiciones para polic\u00edas (plan nacional de profesionalizaci\u00f3n), estudiantes universitarios en comisar\u00edas.<\/td><\/tr><\/tbody><\/table><\/figure>\n\n\n\n<p class=\"wp-block-paragraph\">Los tres candidatos proponen ampliar las pol\u00edticas actuales. Tienen previsto reforzar la Guardia Republicana, la fuerza especial de seguridad interior de Uruguay, y mejorar la formaci\u00f3n y el equipamiento de la polic\u00eda. La salud mental dentro de las fuerzas policiales es una prioridad para cada candidato, con iniciativas propuestas para hacer frente a las elevadas tasas de suicidio, junto con programas de alojamiento, revisiones m\u00e9dicas y mejoras en los servicios de salud mental para los agentes.<\/p>\n\n\n\n<p class=\"wp-block-paragraph\">La polic\u00eda comunitaria es otro de los puntos centrales. Delgado pretende reestructurar el modelo de polic\u00eda comunitaria, Ojeda busca fortalecer la polic\u00eda comunitaria orientada a la soluci\u00f3n de problemas, y Orsi quiere mayor presencia policial a trav\u00e9s de soluciones basadas en la \u201cparticipaci\u00f3n comunitaria\u201d.<\/p>\n\n\n\n<p class=\"wp-block-paragraph\">Emiliano Rojido, profesor de criminolog\u00eda de la Universidad de la Rep\u00fablica, resumi\u00f3 las propuestas como \u201cm\u00e1s presupuesto, m\u00e1s tecnolog\u00eda, que es un fetiche, m\u00e1s polic\u00eda, m\u00e1s c\u00e1rcel, m\u00e1s penas\u201d.<\/p>\n\n\n\n<p class=\"wp-block-paragraph\">El polit\u00f3logo y analista Mauro Casa not\u00f3 una falta de propuestas innovadoras en pol\u00edticas p\u00fablicas por parte de los candidatos.&nbsp;<\/p>\n\n\n\n<p class=\"wp-block-paragraph\">Los votantes han reaccionado a sus planes con \u201capat\u00eda, disconformidad y resignaci\u00f3n\u201d, dijo Casa a InSight Crime.<\/p>\n\n\n\n<h2 class=\"wp-block-heading\" id=\"h-alvaro-delgado-partido-nacional\"><strong>\u00c1lvaro Delgado \u2013 Partido Nacional<\/strong><\/h2>\n\n\n\n<p class=\"wp-block-paragraph\">\u00c1lvaro Delgado, candidato del gobernante Partido Nacional, aboga por un enfoque m\u00e1s duro y represivo para hacer frente al crimen organizado.<\/p>\n\n\n\n<p class=\"wp-block-paragraph\">Veterinario de formaci\u00f3n, Delgado comenz\u00f3 su trayectoria pol\u00edtica como secretario de una popular figura del partido. M\u00e1s tarde ascendi\u00f3 en las filas del partido, sirviendo en ambas c\u00e1maras del parlamento y en el Ministerio de Trabajo y Seguridad Social, antes de que el actual presidente, Luis Lacalle Pou, lo nombrara jefe de gabinete.<\/p>\n\n\n\n<p class=\"wp-block-paragraph\">La principal <a href=\"https:\/\/insightcrime.org\/wp-content\/uploads\/2024\/10\/programa-gobierno.pdf\" target=\"_blank\" rel=\"noreferrer noopener\">propuesta<\/a> de Delgado es la creaci\u00f3n de un Grupo Especial Conjunto contra el Crimen Organizado y el Narcotr\u00e1fico, inspirado en la estrategia antimafia multiagencia italiana. Apoya la pol\u00e9mica aprobaci\u00f3n de los allanamientos nocturnos, que se decidir\u00e1 en refer\u00e9ndum el d\u00eda de las elecciones. Sus defensores sostienen que las operaciones nocturnas son una herramienta importante para sorprender a los delincuentes, mientras que sus detractores advierten de que aumentan los riesgos tanto para la polic\u00eda como para la poblaci\u00f3n civil de los barrios marginales. Delgado tambi\u00e9n quiere endurecer las penas por delitos como los homicidios relacionados con bandas y el tr\u00e1fico de drogas a gran escala.<\/p>\n\n\n\n<p class=\"wp-block-paragraph\">Propone nuevas leyes contra las organizaciones criminales, introduciendo nuevos cargos m\u00e1s severos por pertenecer a grupos de narcotraficantes y medidas especiales de protecci\u00f3n para testigos y peritos en casos de delincuencia organizada.<\/p>\n\n\n\n<script src=\"https:\/\/d3js.org\/d3.v6.js\"><\/script>\n\n<script>\nvar myLocale = {\n  \"decimal\": \",\",\n  \"thousands\": \".\",\n  \"grouping\": [3],\n  \"currency\": [\"$\", \"\"],\n  \"dateTime\": \"%a %b %e %X %Y\",\n  \"date\": \"%m\/%d\/%Y\",\n  \"time\": \"%H:%M:%S\",\n  \"periods\": [\"AM\", \"PM\"],\n  \"days\": [\"Sunday\", \"Monday\", \"Tuesday\", \"Wednesday\", \"Thursday\", \"Friday\", \"Saturday\"],\n  \"shortDays\": [\"Sun\", \"Mon\", \"Tue\", \"Wed\", \"Thu\", \"Fri\", \"Sat\"],\n  \"months\": [\"Enero\", \"Febrero\", \"Marzo\", \"Abril\", \"Mayo\", \"Junio\", \"Julio\", \"Agosto\", \"Septiembre\", \"Octubre\", \"Noviembre\", \"Diciembre\"],\n  \"shortMonths\": [\"Ene\", \"Feb\", \"Mar\", \"Abr\", \"May\", \"Jun\", \"Jul\", \"Ago\", \"Sep\", \"Oct\", \"Nov\", \"Dic\"]\n\n}\n\n\/\/ create custom locale formatter from the given locale options\nvar localeFormatter = d3.formatDefaultLocale(myLocale);\n\n<\/script>\n\n\n\n<style>\n.t\u00edtulo-del-gr\u00e1fico {\n\tfont-family: 'Noto Sans', sans-serif;\n\tcolor: #3B3B3B;\n\tfont-weight: bold;\n\tmargin-top: 0;\n\tpadding-top: 0;\n\tfont-size: 28px;\n}\n\n.subt\u00edtulo-del-gr\u00e1fico {\n\tfont-family: 'Noto Sans', sans-serif;\n\tcolor: #3B3B3B;\n\tfont-style: normal;\n}\n\n.subt\u00edtulo-con-color {\n\tfont-family: 'Noto Sans', sans-serif;\n\tcolor: unset !important;\n\tfont-style: bold;\n}\n\n.fuente-del-gr\u00e1fico {\n\tfont-family: 'Noto Sans', sans-serif;\n\tcolor: #B3B3B3;\n\tmargin-top: 0;\n\tpadding-top: 0;\n}\n\n.fuente-del-gr\u00e1fico a {\n\tfont-family: 'Noto Sans', sans-serif;\n\tcolor: #B3B3B3;\n\tmargin-top: 0;\n\tpadding-top: 0;\n}\n\n.annotation-group {\n\tfont-family: 'Noto Sans', sans-serif;\n\tcolor: #3B3B3B;\n\tfont-size: 12px;\n}\n\n.etiquetas {\n\tfont-family: 'Noto Sans', sans-serif;\n    text-shadow: -1px 0 #FAFAFA, 0 1px #FAFAFA, 1px 0 #FAFAFA, 0 -1px #FAFAFA;\n\tcolor: #3B3B3B;\n\tfont-size: 14px;\n    font-weight: bold;\n}\n\n.eje-x path {\n    stroke: #3B3B3B;\n    stroke-width: 2;\n}\n\n.eje-x text {\n    font-family: 'Noto Sans', sans-serif;\n    font-size: 13px;\n}\n\n.eje-x-t\u00edtulo {\n    text-anchor: middle;\n    font-family: 'Noto Sans', sans-serif;\n    font-size: 15px;\n    font-style: italic;\n    fill: #B3B3B3;\n}\n\n.eje-y text {\n    font-family: 'Noto Sans', sans-serif;\n    font-size: 13px;\n    fill: #B3B3B3;\n}\n\n.eje-y-t\u00edtulo {\n    font-family: 'Noto Sans', sans-serif;\n    font-size: 15px;\n    font-style: italic;\n    fill: #B3B3B3;\n}\n\n.eje-y line {\n    stroke: #b3b3b3;\n    stroke-width: .03em;\n}\n\n.eje-y2 line {\n    stroke: #B3B3B3;\n}\n\n.eje-y path {\n    stroke: none;\n}\n\n.plot-subtitle {\n    font-size: 17px;\n    font-family: 'Noto Sans', sans-serif;\n    fill: #3B3B3B;\n}\n\n.logo-ic {\n    font-family: 'Georgia';\n    font-size: 18px;\n    font-style: italic;\n    letter-spacing: 1px;\n    fill: #A5A5A5;\n}\n\n.flex-container {\n\tdisplay: flex;\n\tflex-wrap: wrap;\n\tjustify-content: space-between; \/* Optional: Aligns items with space between them *\/\n}\n\n.flex-item {\n\tflex-basis: 200px; \/* Adjust as needed *\/\n\tflex-grow: 1; \/* Allows items to grow if there's space *\/\n\tflex-shrink: 1; \/* Allows items to shrink if there's not enough space *\/\n\tmargin: 10px;\n\tmargin-bottom: 0px;\n\tpadding-bottom: 0px;\n}\n\n<\/style>\n\n\n\n<figcaption><h2 class=\"t\u00edtulo-del-gr\u00e1fico\">La poblaci\u00f3n encarcelada en Uruguay no ha dejado de aumentar en los \u00faltimos gobiernos<\/h2><\/figcaption>\n<figcaption><h3 class=\"subt\u00edtulo-del-gr\u00e1fico\">N\u00famero de personas privadas de libertad en Uruguay (2009-abril de 2024)<\/h3><\/figcaption>\n<figcaption class=\"fuente-del-gr\u00e1fico\">Octubre 2024 | Fuente: <a href='https:\/\/insightcrime.org\/wp-content\/uploads\/2024\/10\/Informe_2023_Adelanto_web.pdf' target=\"_blank\" rel=\"noopener\">Comisionado Parlamentario Penitenciario de Uruguay<\/a><\/figcaption>\n<div id=\"gr\u00e1fico-de-l\u00edneas\"><\/div>\n\n<script>\nconst marginGdL = {top: 35, right: 30, bottom: 30, left: 45},\n        widthGdL = 640 - marginGdL.left - marginGdL.right,\n        heightGdL = 420 - marginGdL.top - marginGdL.bottom;\n\nconst svgGdL = d3.select(\"#gr\u00e1fico-de-l\u00edneas\")\n    .append(\"svg\")\n        .attr(\"viewBox\", `0 0 640 420`)\n    .append(\"g\")\n       .attr(\"transform\",`translate(${marginGdL.left},${marginGdL.top})`);\n\nvar dataGdL = [{\"a\u00f1o\":\"2009\",\"poblaci\u00f3n\":8324},{\"a\u00f1o\":\"2010\",\"poblaci\u00f3n\":8775},{\"a\u00f1o\":\"2011\",\"poblaci\u00f3n\":9185},{\"a\u00f1o\":\"2012\",\"poblaci\u00f3n\":9413},{\"a\u00f1o\":\"2013\",\"poblaci\u00f3n\":9688},{\"a\u00f1o\":\"2014\",\"poblaci\u00f3n\":9727},{\"a\u00f1o\":\"2015\",\"poblaci\u00f3n\":9937},{\"a\u00f1o\":\"2016\",\"poblaci\u00f3n\":10303},{\"a\u00f1o\":\"2017\",\"poblaci\u00f3n\":11005},{\"a\u00f1o\":\"2018\",\"poblaci\u00f3n\":10179},{\"a\u00f1o\":\"2019\",\"poblaci\u00f3n\":11027},{\"a\u00f1o\":\"2020\",\"poblaci\u00f3n\":12414},{\"a\u00f1o\":\"2021\",\"poblaci\u00f3n\":13693},{\"a\u00f1o\":\"2022\",\"poblaci\u00f3n\":14409},{\"a\u00f1o\":\"2023\",\"poblaci\u00f3n\":14968},{\"a\u00f1o\":\"2024\",\"poblaci\u00f3n\":15767}]\n\n    const xGdL = d3.scaleLinear()\n      .domain(d3.extent(dataGdL, function(d) { return d.a\u00f1o; }))\n      .range([ 0, widthGdL ]);\n\n\n    \/\/ Add Y axis\n    const yGdL = d3.scaleLinear()\n      .domain([0, d3.max(dataGdL, function(d) { return +d.poblaci\u00f3n; }) + 1000])\n      .range([ heightGdL, 0 ]);\n\nsvgGdL.append('rect')\n  .attr('x', xGdL(2009))\n  .attr('y', 0)\n  .attr('width', xGdL(2010) - xGdL(2009))\n  .attr('height', heightGdL - 0)\n  .attr('stroke', '#2B4674')\n  .attr('fill', '#2B4674')\n  .attr('opacity', 0.175)\n\nsvgGdL.append('rect')\n  .attr('x', xGdL(2010))\n  .attr('y', 0)\n  .attr('width', xGdL(2015) - xGdL(2010))\n  .attr('height', heightGdL - 0)\n  .attr('stroke', '#2B4674')\n  .attr('fill', '#2B4674')\n  .attr('opacity', 0.175)\n\nsvgGdL.append('rect')\n  .attr('x', xGdL(2015))\n  .attr('y', 0)\n  .attr('width', xGdL(2020) - xGdL(2015))\n  .attr('height', heightGdL - 0)\n  .attr('stroke', '#2B4674')\n  .attr('fill', '#2B4674')\n  .attr('opacity', 0.175)\n\nsvgGdL.append('rect')\n  .attr('x', xGdL(2020))\n  .attr('y', 0)\n  .attr('width', xGdL(2024) - xGdL(2020))\n  .attr('height', heightGdL - 0)\n  .attr('stroke', '#94befd')\n  .attr('fill', '#94befd')\n  .attr('opacity', 0.175)\n\n    svgGdL.append(\"g\")\n      .attr(\"class\", \"eje-x\")\n      .attr(\"transform\", `translate(0, ${heightGdL})`)\n      .call(d3.axisBottom(xGdL)\n          .ticks(5, '')\n      .tickSizeOuter(0));\n\n    svgGdL.append(\"g\")\n      .attr(\"class\", \"eje-y\")\n      .call(d3.axisLeft(yGdL)\n        .tickSizeInner(-widthGdL));\n\n    \/\/ Add the line\n    svgGdL.append(\"path\")\n      .datum(dataGdL)\n      .attr(\"fill\", \"none\")\n      .attr(\"stroke\", \"#B70039\")\n      .attr(\"stroke-width\", 3)\n      .attr(\"d\", d3.line()\n        .x(function(d) { return xGdL(d.a\u00f1o) })\n        .y(function(d) { return yGdL(d.poblaci\u00f3n) })\n        )\n\n    \/\/ a\u00f1adir el logo de IC\n    svgGdL.append(\"text\")\n      .attr('class', 'logo-ic')\n      .attr(\"x\", xGdL(2024))\n      .attr(\"y\", -20)\n      .attr(\"text-anchor\", \"end\")\n      .attr('opacity', .8)\n      .text('insightcrime.org')\n\n    svgGdL.append('line')\n      .attr('x1', 0)\n      .attr('y1', yGdL(11147))\n      .attr('x2', widthGdL)\n      .attr('y2', yGdL(11147))\n      .attr('stroke', '#3B3B3B')\n      .style(\"stroke-dasharray\", (\"3, 3\"))\n\n    svgGdL.append(\"text\")\n      .attr('class', 'annotation-group')\n      .attr('y', yGdL(11275))\n      .attr('x', xGdL(2024) - 10)\n      .attr('font-style', 'italic')\n      .attr(\"text-anchor\", \"end\")\n      .text(\"Official Capacity\")\n      \/\/.text(\"Capacidad oficial\")\n\n\n  svgGdL.append(\"text\")\n      .attr('class', 'etiquetas')\n  .attr('x', xGdL(2009) + 25)\n  .attr('y', -20)\n  .style('fill', '#2B4674')\n    .text('Broad Front (FA)')\n    \/\/.text('Frente Amplio (FA)')\n\nsvgGdL.append('rect')\n  .attr('x', xGdL(2009))\n  .attr('y', -34)\n  .attr('width', 20)\n  .attr('height', 20)\n  .attr('stroke', '#2B4674')\n  .attr('fill', '#2B4674')\n  .attr('opacity', 0.175)\n\nsvgGdL.append('rect')\n  .attr('x', xGdL(2009))\n  .attr('y', -34)\n  .attr('width', 20)\n  .attr('height', 20)\n  .attr('stroke', '#2B4674')\n  .attr('fill', 'none')\n\n\n\nsvgGdL.append(\"text\")\n  .attr('class', 'etiquetas')\n  .attr('x', xGdL(2014) + 25)\n  .attr('y', -20)\n  .attr('fill', '#85abe3')\n  .text('National Party (PN)')\n  \/\/.text('Partido Nacional (PN)')\n\nsvgGdL.append('rect')\n  .attr('x', xGdL(2014))\n  .attr('y', -34)\n  .attr('width', 20)\n  .attr('height', 20)\n  .attr('stroke', '#94befd')\n  .attr('fill', '#94befd')\n  .attr('opacity', 0.175)\n\n\nsvgGdL.append('rect')\n  .attr('x', xGdL(2014))\n  .attr('y', -34)\n  .attr('width', 20)\n  .attr('height', 20)\n  .attr('stroke', '#85abe3')\n  .attr('fill', 'none')\n\n\n    svgGdL.append(\"text\")\n      .attr('class', 'etiquetas')\n      .attr('y', yGdL(1000))\n      .attr('x', xGdL(2012.5))\n  .style('fill', '#2B4674')\n      .attr(\"text-anchor\", \"middle\")\n      .text(\"Jos\u00e9 Mujica\")\n\n    svgGdL.append(\"text\")\n      .attr('class', 'etiquetas')\n      .attr('y', yGdL(1000))\n      .attr('x', xGdL(2017.5))\n  .style('fill', '#2B4674')\n      .attr(\"text-anchor\", \"middle\")\n      .text(\"Tabar\u00e9 V\u00e1squez\")\n\n    svgGdL.append(\"text\")\n      .attr('class', 'etiquetas')\n      .attr('y', yGdL(1000))\n      .attr('x', xGdL(2022))\n  .attr('fill', '#85abe3')\n      .attr(\"text-anchor\", \"middle\")\n      .text(\"Luis Lacalle Pou\")\n\n<\/script>\n\n\n\n<p class=\"wp-block-paragraph\">Adem\u00e1s, Delgado planea reformar el sistema penitenciario prometiendo un \u201caumento significativo del presupuesto\u201d, la creaci\u00f3n de un nuevo ministerio y una mejor coordinaci\u00f3n entre las agencias estatales.<\/p>\n\n\n\n<p class=\"wp-block-paragraph\">Para combatir los delitos financieros, aboga por fusionar la Secretar\u00eda Nacional de Lavado de Activos y el Financiamiento del Terrorismo (Senaclaft) y la Unidad de Informaci\u00f3n y An\u00e1lisis Financiero (UIAF), adem\u00e1s de emplear agentes financieros encubiertos.<\/p>\n\n\n\n<p class=\"wp-block-paragraph\">Su estrategia de seguridad pretende reforzar la lucha de Uruguay contra el crimen organizado en todos los frentes y se extiende al refuerzo de las defensas fronterizas y portuarias, la mejora de la cooperaci\u00f3n policial internacional y la promoci\u00f3n del desarrollo urbano como medida de prevenci\u00f3n de la delincuencia.<\/p>\n\n\n\n<h2 class=\"wp-block-heading\" id=\"h-andres-ojeda-partido-colorado\"><strong>Andr\u00e9s Ojeda \u2013 Partido Colorado<\/strong><\/h2>\n\n\n\n<p class=\"wp-block-paragraph\">La plataforma de Ojeda se centra en gran medida en la <a href=\"https:\/\/insightcrime.org\/wp-content\/uploads\/2024\/10\/MI-2023-ESIP-vF.pdf\" target=\"_blank\" rel=\"noreferrer noopener\">prevenci\u00f3n<\/a> de la delincuencia y el refuerzo de la acci\u00f3n policial en el marco de la ley.<\/p>\n\n\n\n<p class=\"wp-block-paragraph\">Abogado de profesi\u00f3n, Ojeda salt\u00f3 a la fama por su trabajo en casos notorios y como representante legal del sindicato policial. Su carrera pol\u00edtica incluye haber sido concejal en Montevideo por el Partido Colorado entre 2010 y 2015, y haber asesorado a otros pol\u00edticos en materia de seguridad.<\/p>\n\n\n\n<p class=\"wp-block-paragraph\">Su <a href=\"https:\/\/insightcrime.org\/wp-content\/uploads\/2024\/10\/PROGRAMA-PC-web.pdf\" target=\"_blank\" rel=\"noreferrer noopener\">programa<\/a> hace hincapi\u00e9 en la prevenci\u00f3n, proponiendo lazos comunitarios a trav\u00e9s de comit\u00e9s de seguridad y convivencia, potenciando la seguridad escolar con tecnolog\u00eda y polic\u00eda comunitaria, integrando la prevenci\u00f3n del delito en los planes de estudio, realizando encuestas de victimizaci\u00f3n y estableciendo centros de rehabilitaci\u00f3n y programas especiales para ni\u00f1os y adolescentes afectados por la delincuencia.<\/p>\n\n\n\n<p class=\"wp-block-paragraph\">\u201cEn la derecha, hay gui\u00f1os hacia el centro. Los actores aprendieron que si no se atacan las causas m\u00e1s profundas del delito no hay forma de detenerlos\u201d, dijo Casa, reflexionando sobre el cambio hacia estrategias preventivas, incluso en las pol\u00edticas de l\u00ednea m\u00e1s dura de la derecha.<\/p>\n\n\n\n<p class=\"wp-block-paragraph\">En la batalla contra el crimen organizado, Ojeda planea desarrollar una Auditor\u00eda de Seguridad Nacional con el apoyo de la Oficina de las Naciones Unidas contra la Droga y el Delito (ONUDD), identificando vulnerabilidades y creando una Estrategia Nacional contra el Crimen Organizado. Al igual que Delgado, Ojeda apoya los allanamientos nocturnos como parte de su plan.<\/p>\n\n\n\n<p class=\"wp-block-paragraph\">En el tema de lavado de activos, Ojeda aboga por descentralizar el Senaclaft y crear la Direcci\u00f3n General de Lucha contra el Lavado de Activos dentro de la Divisi\u00f3n de Investigaciones de la Polic\u00eda Nacional. Tambi\u00e9n busca fortalecer los lazos con Interpol y la Administraci\u00f3n para el Control de Drogas de Estados Unidos (Drug Enforcement Adminstration, DEA).<\/p>\n\n\n\n<blockquote class=\"wp-block-quote is-layout-flow wp-block-quote-is-layout-flow\">\n<p class=\"wp-block-paragraph\"><mark style=\"background-color:rgba(0, 0, 0, 0)\" class=\"has-inline-color has-primary-color\"><strong>VEA TAMBI\u00c9N:<\/strong> <\/mark><a href=\"https:\/\/insightcrime.org\/es\/noticias\/entrevistas\/corrupcion-uruguay-liberacion-exfuncionario\/\" target=\"_blank\" rel=\"noreferrer noopener\">Corrupci\u00f3n en Uruguay en la mira tras la liberaci\u00f3n de un exfuncionario<\/a><\/p>\n<\/blockquote>\n\n\n\n<p class=\"wp-block-paragraph\">Su plan de reforma penitenciaria incluye el traslado gradual de los reclusos a un mayor n\u00famero de centros m\u00e1s peque\u00f1os y manejables. Tambi\u00e9n pretende aumentar significativamente los recursos humanos del sistema penitenciario, garantizar la asistencia sanitaria universal y desarrollar alternativas al encarcelamiento.<\/p>\n\n\n\n<p class=\"wp-block-paragraph\">Sin embargo, el Partido Colorado est\u00e1 dividido entre enfoques opuestos sobre la delincuencia. Dentro del equipo de Ojeda han surgido tensiones, pues la postura dura y punitiva defendida por el ex fiscal Gustavo Zub\u00eda choca con la estrategia m\u00e1s orientada a la prevenci\u00f3n propuesta por el crimin\u00f3logo Diego Sanjurjo, especialista en pol\u00edticas de seguridad que trabaja en el Ministerio del Interior. El regreso del exsenador Pedro Bordaberry, aportando su propia visi\u00f3n, ha profundizado estas divisiones, provocando fisuras no solo dentro del propio partido, sino tambi\u00e9n en la coalici\u00f3n.<\/p>\n\n\n\n<h2 class=\"wp-block-heading\" id=\"h-yamandu-orsi-frente-amplio\"><strong>Yamand\u00fa Orsi \u2013 Frente Amplio<\/strong><\/h2>\n\n\n\n<p class=\"wp-block-paragraph\">Yamand\u00fa Orsi, el candidato m\u00e1s izquierdista, centra su plan de seguridad en la ampliaci\u00f3n de la capacidad del Estado para combatir la delincuencia.<\/p>\n\n\n\n<p class=\"wp-block-paragraph\">Antiguo profesor de historia y miembro del Movimiento de Participaci\u00f3n Popular (MPP) dentro de la coalici\u00f3n de izquierdas Frente Amplio, Orsi se ha enmarcado como sucesor pol\u00edtico del expresidente Jos\u00e9 Mujica, que adopt\u00f3 un enfoque progresista contra el crimen organizado, legalizando la marihuana y construyendo viviendas para familias de bajos ingresos.<\/p>\n\n\n\n<p class=\"wp-block-paragraph\">Su plataforma se basa en <a href=\"https:\/\/mpp.org.uy\/yamandu-orsi-presento-48-prioridades-para-un-pais-con-mas-y-mejores-oportunidades\/\" target=\"_blank\" rel=\"noreferrer noopener\">tres pilares<\/a>: estabilidad y crecimiento econ\u00f3mico, protecci\u00f3n social y mayor seguridad. El Frente Amplio atribuye el aumento de la delincuencia a la desigualdad social y a los fallos econ\u00f3micos sist\u00e9micos, <a href=\"https:\/\/insightcrime.org\/wp-content\/uploads\/2024\/10\/Bases-Programaticas-2025-2030.pdf\" target=\"_blank\" rel=\"noreferrer noopener\">argumentando<\/a> que la falta de desarrollo personal y de oportunidades para generar ingresos lleva a los j\u00f3venes a la delincuencia, la violencia y el narcotr\u00e1fico.<\/p>\n\n\n\n<p class=\"wp-block-paragraph\">Sin embargo, un enfoque centrado en el desarrollo para combatir el crimen organizado result\u00f3 ineficaz durante la anterior administraci\u00f3n del Frente Amplio, seg\u00fan Rojido. \u201cUruguay ha tenido, durante los gobiernos de izquierda, una mejora generalizada de los indicadores sociales y econ\u00f3micos y un aumento muy expresivo tambi\u00e9n de la violencia y de la criminalidad,\u201d dijo a InSight Crime.<\/p>\n\n\n\n<figcaption><h2 class=\"t\u00edtulo-del-gr\u00e1fico\">A pesar de algunas mejoras, las cifras de homicidios siguieron siendo elevadas durante las dos \u00faltimas administraciones<\/h2><\/figcaption>\n<figcaption><h3 class=\"subt\u00edtulo-del-gr\u00e1fico\">Homicidios en Uruguay (2013-2023)<\/h3><\/figcaption>\n<figcaption class=\"fuente-del-gr\u00e1fico\">Octubre 2024 | Fuente: <a href='https:\/\/observatorioseguridad.minterior.gub.uy\/pentaho\/api\/repos\/:public:observatorio:MININT_Observatorio.wcdf\/generatedContent' target=\"_blank\" rel=\"noopener\">Observatorio Nacional de Violencia y Criminalidad de Uruguay<\/a><\/figcaption>\n<div id=\"gr\u00e1fico-de-l\u00edneas2\"><\/div>\n<script>\nconst marginGdL2 = {top: 35, right: 30, bottom: 30, left: 30},\n        widthGdL2 = 640 - marginGdL2.left - marginGdL2.right,\n        heightGdL2 = 420 - marginGdL2.top - marginGdL2.bottom;\n\nconst svgGdL2 = d3.select(\"#gr\u00e1fico-de-l\u00edneas2\")\n    .append(\"svg\")\n        .attr(\"viewBox\", `0 0 640 420`)\n    .append(\"g\")\n       .attr(\"transform\",`translate(${marginGdL2.left},${marginGdL2.top})`);\n\nvar dataGdL2 = [{\"a\u00f1o\":2013,\"hom\":261},{\"a\u00f1o\":2014,\"hom\":269},{\"a\u00f1o\":2015,\"hom\":293},{\"a\u00f1o\":2016,\"hom\":268},{\"a\u00f1o\":2017,\"hom\":285},{\"a\u00f1o\":2018,\"hom\":420},{\"a\u00f1o\":2019,\"hom\":393},{\"a\u00f1o\":2020,\"hom\":341},{\"a\u00f1o\":2021,\"hom\":306},{\"a\u00f1o\":2022,\"hom\":383},{\"a\u00f1o\":2023,\"hom\":381}]\n\n    const xGdL2 = d3.scaleLinear()\n      .domain(d3.extent(dataGdL2, function(d) { return d.a\u00f1o; }))\n      .range([ 0, widthGdL2 ]);\n\n\n    \/\/ Add Y axis\n    const yGdL2 = d3.scaleLinear()\n      .domain([0, d3.max(dataGdL2, function(d) { return +d.hom; })])\n      .range([ heightGdL2, 0 ]);\n\n\nsvgGdL2.append('rect')\n  .attr('x', xGdL2(2013))\n  .attr('y', yGdL2(430))\n  .attr('width', xGdL2(2015) - xGdL2(2013))\n  .attr('height', heightGdL2 - yGdL2(430))\n  .attr('stroke', '#2B4674')\n  .attr('fill', '#2B4674')\n  .attr('opacity', 0.175)\n\nsvgGdL2.append('rect')\n  .attr('x', xGdL2(2015))\n  .attr('y', yGdL2(430))\n  .attr('width', xGdL2(2020) - xGdL2(2015))\n  .attr('height', heightGdL2 - yGdL2(430))\n  .attr('stroke', '#2B4674')\n  .attr('fill', '#2B4674')\n  .attr('opacity', 0.175)\n\nsvgGdL2.append('rect')\n  .attr('x', xGdL2(2020))\n  .attr('y', yGdL2(430))\n  .attr('width', xGdL2(2023) - xGdL2(2020))\n  .attr('height', heightGdL2 - yGdL2(430))\n  .attr('stroke', '#94BEFD')\n  .attr('fill', '#94BEFD')\n  .attr('opacity', 0.175)\n\n    svgGdL2.append(\"g\")\n      .attr(\"class\", \"eje-x\")\n      .attr(\"transform\", `translate(0, ${heightGdL2})`)\n      .call(d3.axisBottom(xGdL2)\n          .ticks(6, '')\n          .tickValues([2013, 2015, 2017, 2019, 2021, 2023])\n      .tickSizeOuter(0));\n\n    svgGdL2.append(\"g\")\n      .attr(\"class\", \"eje-y\")\n      .call(d3.axisLeft(yGdL2)\n        .tickSizeInner(-widthGdL2));\n\n    \/\/ Add the line\n    svgGdL2.append(\"path\")\n      .datum(dataGdL2)\n      .attr(\"fill\", \"none\")\n      .attr(\"stroke\", \"#B70039\")\n      .attr(\"stroke-width\", 3)\n      .attr(\"d\", d3.line()\n        .x(function(d) { return xGdL2(d.a\u00f1o) })\n        .y(function(d) { return yGdL2(d.hom) })\n        )\n\n    \/\/ a\u00f1adir el logo de IC\n    svgGdL2.append(\"text\")\n      .attr('class', 'logo-ic')\n      .attr(\"x\", xGdL2(2023))\n      .attr(\"y\", yGdL2(440))\n      .attr('opacity', .8)\n      .attr(\"text-anchor\", \"end\")\n      .text('insightcrime.org')\n\n    svgGdL2.append(\"text\")\n      .attr('class', 'etiquetas')\n      .attr('y', yGdL2(30))\n      .attr('x', xGdL2(2014))\n  .style('fill', '#2B4674')\n      .attr(\"text-anchor\", \"middle\")\n      .text(\"Jos\u00e9 Mujica\")\n\n    svgGdL2.append(\"text\")\n      .attr('class', 'etiquetas')\n      .attr('y', yGdL2(30))\n      .attr('x', xGdL2(2017.5))\n  .style('fill', '#2B4674')\n      .attr(\"text-anchor\", \"middle\")\n      .text(\"Tabar\u00e9 V\u00e1squez\")\n\n    svgGdL2.append(\"text\")\n      .attr('class', 'etiquetas')\n      .attr('y', yGdL2(30))\n      .attr('x', xGdL2(2021.5))\n  .attr('fill', '#85abe3')\n      .attr(\"text-anchor\", \"middle\")\n      .text(\"Luis Lacalle Pou\")\n\n\n    svgGdL2.append(\"text\")\n      .attr('class', 'etiquetas')\n  .attr('x', xGdL2(2013) + 25)\n  .attr('y', -20)\n  .style('fill', '#2B4674')\n    .text('Broad Front (FA)')\n    \/\/.text('Frente Amplio (FA)')\n\nsvgGdL2.append('rect')\n  .attr('x', xGdL2(2013))\n  .attr('y', -34)\n  .attr('width', 20)\n  .attr('height', 20)\n  .attr('stroke', '#2B4674')\n  .attr('fill', '#2B4674')\n  .attr('opacity', 0.175)\n\nsvgGdL2.append('rect')\n  .attr('x', xGdL2(2013))\n  .attr('y', -34)\n  .attr('width', 20)\n  .attr('height', 20)\n  .attr('stroke', '#2B4674')\n  .attr('fill', 'none')\n\n\n\n    svgGdL2.append(\"text\")\n      .attr('class', 'etiquetas')\n  .attr('x', xGdL2(2016) + 25)\n  .attr('y', -20)\n  .attr('fill', '#85abe3')\n    .text('National Party (PN)')\n    \/\/.text('Partido Nacional (PN)')\n\nsvgGdL2.append('rect')\n  .attr('x', xGdL2(2016))\n  .attr('y', -34)\n  .attr('width', 20)\n  .attr('height', 20)\n  .attr('stroke', '#94BEFD')\n  .attr('fill', '#94BEFD')\n  .attr('opacity', 0.175)\n\n\nsvgGdL2.append('rect')\n  .attr('x', xGdL2(2016))\n  .attr('y', -34)\n  .attr('width', 20)\n  .attr('height', 20)\n  .attr('stroke', '#85abe3')\n  .attr('fill', 'none')\n\n<\/script>\n\n\n\n<p class=\"wp-block-paragraph\">Para ir m\u00e1s all\u00e1 del desarrollo social, Orsi promete reforzar la presencia del Estado e invertir fuertemente en recursos de lucha contra el crimen organizado. Esto incluye aumentar la vigilancia con m\u00e1s c\u00e1maras, utilizar el reconocimiento facial y desplegar fuerzas del Ministerio del Interior por todo Uruguay.<\/p>\n\n\n\n<p class=\"wp-block-paragraph\">Reflejando el giro del Frente Amplio hacia posturas centristas y m\u00e1s duras frente a la delincuencia, Orsi propone nuevas instituciones para investigar el crimen organizado, el narcotr\u00e1fico, la seguridad fronteriza y los casos complejos. Al igual que sus rivales, busca fortalecer las investigaciones sobre lavado de dinero, pero a\u00f1ade un enfoque en la transparencia de las donaciones pol\u00edticas, que podr\u00edan revelar corrupci\u00f3n o influencia criminal en las campa\u00f1as.<\/p>\n\n\n\n<p class=\"wp-block-paragraph\">El Frente Amplio \u201cse ha corrido hacia el centro y la mano-dura, un cambio de paradigma en la izquierda asociado a los a\u00f1os en el que el FA estuvo en el gobierno\u201d, seg\u00fan Casa.<\/p>\n","protected":false},"excerpt":{"rendered":"<p>Mientras los uruguayos se preparan para votar en la primera vuelta de las elecciones presidenciales del 27 de octubre, la seguridad se ha convertido en un tema central y los candidatos se han movido hacia el centro, debatiendo si la prevenci\u00f3n y supresi\u00f3n del crimen son las mejores formas de combatir el crimen organizado.\u00a0<\/p>\n","protected":false},"author":241,"featured_media":295149,"comment_status":"closed","ping_status":"closed","sticky":false,"template":"single-feature.php","format":"standard","meta":{"newspack_ads_suppress_ads":false,"newspack_popups_has_disabled_popups":false,"newspack_sponsor_sponsorship_scope":"","newspack_sponsor_native_byline_display":"inherit","newspack_sponsor_native_category_display":"inherit","newspack_sponsor_underwriter_style":"inherit","newspack_sponsor_underwriter_placement":"inherit","_EventAllDay":false,"_EventTimezone":"","_EventStartDate":"","_EventEndDate":"","_EventStartDateUTC":"","_EventEndDateUTC":"","_EventShowMap":false,"_EventShowMapLink":false,"_EventURL":"","_EventCost":"","_EventCostDescription":"","_EventCurrencySymbol":"","_EventCurrencyCode":"","_EventCurrencyPosition":"","_EventDateTimeSeparator":"","_EventTimeRangeSeparator":"","_EventOrganizerID":[],"_EventVenueID":[],"_OrganizerEmail":"","_OrganizerPhone":"","_OrganizerWebsite":"","_VenueAddress":"","_VenueCity":"","_VenueCountry":"","_VenueProvince":"","_VenueState":"","_VenueZip":"","_VenuePhone":"","_VenueURL":"","_VenueStateProvince":"","_VenueLat":"","_VenueLng":"","_VenueShowMap":false,"_VenueShowMapLink":false,"_newspack_byline_active":false,"_newspack_byline":"","newspack_hide_updated_date":false,"newspack_show_updated_date":false,"newspack_featured_image_position":"above","newspack_post_subtitle":"","newspack_article_summary_title":"Overview:","newspack_article_summary":"","_jetpack_memberships_contains_paid_content":false,"footnotes":""},"categories":[759],"tags":[3412,449,3387,4548,452,431,465,438,3021,457,427],"newspack_spnsrs_tax":[],"coauthors":[4392,4579],"class_list":["post-294893","post","type-post","status-publish","format-standard","has-post-thumbnail","hentry","category-noticias","tag-cocaina","tag-cocaina-europa-crimen-organizado","tag-destacado","tag-elecciones-crimen-organizado","tag-homicidios","tag-lavado-de-dinero","tag-paraguay-pais","tag-politicas-de-seguridad","tag-prisiones-es","tag-reforma-policial","tag-uruguay-pais","entry"],"parsely":{"version":"1.1.0","canonical_url":"https:\/\/insightcrime.org\/es\/noticias\/crimen-drogas-violencia-principales-preocupaciones-elecciones-uruguay\/","smart_links":{"inbound":0,"outbound":0},"traffic_boost_suggestions_count":0,"meta":{"@context":"https:\/\/schema.org","@type":"NewsArticle","headline":"Crimen, drogas y violencia, principales preocupaciones en las elecciones de Uruguay","url":"http:\/\/insightcrime.org\/es\/noticias\/crimen-drogas-violencia-principales-preocupaciones-elecciones-uruguay\/","mainEntityOfPage":{"@type":"WebPage","@id":"http:\/\/insightcrime.org\/es\/noticias\/crimen-drogas-violencia-principales-preocupaciones-elecciones-uruguay\/"},"thumbnailUrl":"https:\/\/i0.wp.com\/insightcrime.org\/wp-content\/uploads\/2024\/10\/Candidatos-presidenciales-Uruguay-1336X752-1.jpg?resize=150%2C150&quality=100&ssl=1","image":{"@type":"ImageObject","url":"https:\/\/i0.wp.com\/insightcrime.org\/wp-content\/uploads\/2024\/10\/Candidatos-presidenciales-Uruguay-1336X752-1.jpg?fit=1336%2C752&quality=100&ssl=1"},"articleSection":"Noticias","author":[{"@type":"Person","name":"Christopher Newton"},{"@type":"Person","name":"Jer\u00f3nimo L\u00f3pez"}],"creator":["Christopher Newton","Jer\u00f3nimo L\u00f3pez"],"publisher":{"@type":"Organization","name":"InSight Crime","logo":"https:\/\/insightcrime.org\/wp-content\/uploads\/2023\/08\/logo.png"},"keywords":["coca\u00edna","coca\u00edna europa","destacado","elecciones y crimen","homicidios","lavado de dinero","paraguay","pol\u00edticas de seguridad","prisiones","reforma policial","uruguay"],"dateCreated":"2024-10-24T16:27:30Z","datePublished":"2024-10-24T16:27:30Z","dateModified":"2024-10-24T16:27:30Z"},"rendered":"<meta name=\"parsely-title\" content=\"Crimen, drogas y violencia, principales preocupaciones en las elecciones de Uruguay\" \/>\n<meta name=\"parsely-link\" content=\"http:\/\/insightcrime.org\/es\/noticias\/crimen-drogas-violencia-principales-preocupaciones-elecciones-uruguay\/\" \/>\n<meta name=\"parsely-type\" content=\"post\" \/>\n<meta name=\"parsely-image-url\" content=\"https:\/\/i0.wp.com\/insightcrime.org\/wp-content\/uploads\/2024\/10\/Candidatos-presidenciales-Uruguay-1336X752-1.jpg?resize=150%2C150&amp;quality=100&amp;ssl=1\" \/>\n<meta name=\"parsely-pub-date\" content=\"2024-10-24T16:27:30Z\" \/>\n<meta name=\"parsely-section\" content=\"Noticias\" \/>\n<meta name=\"parsely-tags\" content=\"coca\u00edna,coca\u00edna europa,destacado,elecciones y crimen,homicidios,lavado de dinero,paraguay,pol\u00edticas de seguridad,prisiones,reforma policial,uruguay\" \/>\n<meta name=\"parsely-author\" content=\"Christopher Newton\" \/>\n<meta name=\"parsely-author\" content=\"Jer\u00f3nimo L\u00f3pez\" \/>","tracker_url":"https:\/\/cdn.parsely.com\/keys\/insightcrime.org\/p.js"},"jetpack_sharing_enabled":true,"jetpack-related-posts":[{"id":5717,"url":"https:\/\/insightcrime.org\/es\/noticias-crimen-organizado-uruguay\/uruguay\/","url_meta":{"origin":294893,"position":0},"title":"Perfil de Uruguay","author":"InSight Crime","date":"17 de marzo de 2022","format":false,"excerpt":"Aunque Uruguay sigue siendo una de las naciones m\u00e1s estables del continente, su creciente papel en el tr\u00e1fico internacional de coca\u00edna y el deterioro de su sistema penitenciario representan riesgos importantes para su seguridad.","rel":"","context":"En \u00abUruguay\u00bb","block_context":{"text":"Uruguay","link":"https:\/\/insightcrime.org\/es\/category\/noticias-crimen-organizado-uruguay\/"},"img":{"alt_text":"","src":"https:\/\/i0.wp.com\/insightcrime.org\/wp-content\/uploads\/2022\/03\/Operativo-fiestas-DB_15.jpg?fit=350%2C250&quality=100&ssl=1&resize=350%2C200","width":350,"height":200},"classes":[]},{"id":293823,"url":"https:\/\/insightcrime.org\/es\/noticias\/uruguay-enfrenta-creciente-amenaza-crimen-organizado\/","url_meta":{"origin":294893,"position":1},"title":"Uruguay enfrenta creciente amenaza del crimen organizado","author":"Christopher Newton","date":"2 de octubre de 2024","format":false,"excerpt":"Una serie de actividades criminales recientes sugiere que el crimen organizado ha puesto sus ojos en Uruguay y revela las vulnerabilidades del que hist\u00f3ricamente ha sido uno de los pa\u00edses m\u00e1s pr\u00f3speros y bien gobernados de la regi\u00f3n. El 25 de septiembre, las autoridades uruguayas detuvieron a tres presuntos miembros\u2026","rel":"","context":"En \u00abNoticias\u00bb","block_context":{"text":"Noticias","link":"https:\/\/insightcrime.org\/es\/category\/noticias\/"},"img":{"alt_text":"A guard tower outside ","src":"https:\/\/i0.wp.com\/insightcrime.org\/wp-content\/uploads\/2024\/10\/Uruguay-criminal-activity-vulnerable-prisons-cocaine-Uruguay-gov.jpg?fit=350%2C250&quality=100&ssl=1&resize=350%2C200","width":350,"height":200},"classes":[]},{"id":339193,"url":"https:\/\/insightcrime.org\/es\/noticias\/on-the-radar-una-disputa-fronteriza-genera-oportunidades-criminales\/","url_meta":{"origin":294893,"position":2},"title":"On the Radar: Una disputa fronteriza genera oportunidades criminales","author":"InSight Crime","date":"16 de abril de 2026","format":false,"excerpt":"Esta semana en On The Radar, una disputa comercial entre Colombia y Ecuador impulsa el contrabando en la frontera, las elecciones en Per\u00fa exponen las dificultades para contener el crimen, y la miner\u00eda ilegal vinculada a los flujos de coca\u00edna se expande en Costa Rica.\u00a0","rel":"","context":"En \u00abNoticias\u00bb","block_context":{"text":"Noticias","link":"https:\/\/insightcrime.org\/es\/category\/noticias\/"},"img":{"alt_text":"","src":"https:\/\/i0.wp.com\/insightcrime.org\/wp-content\/uploads\/2026\/04\/Abril-OTR-template-featured-image-website-2026-1.jpg?fit=1200%2C675&quality=100&ssl=1&resize=350%2C200","width":350,"height":200,"srcset":"https:\/\/i0.wp.com\/insightcrime.org\/wp-content\/uploads\/2026\/04\/Abril-OTR-template-featured-image-website-2026-1.jpg?fit=1200%2C675&quality=100&ssl=1&resize=350%2C200 1x, https:\/\/i0.wp.com\/insightcrime.org\/wp-content\/uploads\/2026\/04\/Abril-OTR-template-featured-image-website-2026-1.jpg?fit=1200%2C675&quality=100&ssl=1&resize=525%2C300 1.5x, https:\/\/i0.wp.com\/insightcrime.org\/wp-content\/uploads\/2026\/04\/Abril-OTR-template-featured-image-website-2026-1.jpg?fit=1200%2C675&quality=100&ssl=1&resize=700%2C400 2x, https:\/\/i0.wp.com\/insightcrime.org\/wp-content\/uploads\/2026\/04\/Abril-OTR-template-featured-image-website-2026-1.jpg?fit=1200%2C675&quality=100&ssl=1&resize=1050%2C600 3x"},"classes":[]},{"id":232510,"url":"https:\/\/insightcrime.org\/es\/noticias\/futuro-crimen-uruguay\/","url_meta":{"origin":294893,"position":3},"title":"Los grupos criminales de Uruguay se mantendr\u00e1n locales, seg\u00fan estudio","author":"Christopher Newton","date":"14 de agosto de 2023","format":false,"excerpt":"La remontada de los homicidios y el narcotr\u00e1fico han suscitado preocupaci\u00f3n por el crimen organizado en Uruguay. Dos estudios recientes presentados al Ministerio del Interior arrojaron conclusiones encontradas: es improbable que las bandas locales de Uruguay lleguen a ser una amenaza nacional, pero las actuales estrategias no detendr\u00e1n la violencia.","rel":"","context":"En \u00abNoticias\u00bb","block_context":{"text":"Noticias","link":"https:\/\/insightcrime.org\/es\/category\/noticias\/"},"img":{"alt_text":"","src":"https:\/\/i0.wp.com\/insightcrime.org\/wp-content\/uploads\/2023\/09\/Uruguay-Feature-Image2-violence-poverty-gangs-police-1.jpg?fit=1200%2C600&quality=100&ssl=1&resize=350%2C200","width":350,"height":200,"srcset":"https:\/\/i0.wp.com\/insightcrime.org\/wp-content\/uploads\/2023\/09\/Uruguay-Feature-Image2-violence-poverty-gangs-police-1.jpg?fit=1200%2C600&quality=100&ssl=1&resize=350%2C200 1x, https:\/\/i0.wp.com\/insightcrime.org\/wp-content\/uploads\/2023\/09\/Uruguay-Feature-Image2-violence-poverty-gangs-police-1.jpg?fit=1200%2C600&quality=100&ssl=1&resize=525%2C300 1.5x, https:\/\/i0.wp.com\/insightcrime.org\/wp-content\/uploads\/2023\/09\/Uruguay-Feature-Image2-violence-poverty-gangs-police-1.jpg?fit=1200%2C600&quality=100&ssl=1&resize=700%2C400 2x, https:\/\/i0.wp.com\/insightcrime.org\/wp-content\/uploads\/2023\/09\/Uruguay-Feature-Image2-violence-poverty-gangs-police-1.jpg?fit=1200%2C600&quality=100&ssl=1&resize=1050%2C600 3x"},"classes":[]},{"id":298313,"url":"https:\/\/insightcrime.org\/es\/noticias\/gamechangers-2024-crimen-organizado-vuelve-politico\/","url_meta":{"origin":294893,"position":4},"title":"GameChangers 2024: El crimen organizado se vuelve pol\u00edtico","author":"Mike LaSusa","date":"30 de diciembre de 2024","format":false,"excerpt":"En este \u00faltimo a\u00f1o, las organizaciones criminales demostraron que representan una amenaza creciente para la democracia en Am\u00e9rica Latina y el Caribe, pues ejercieron una nefasta influencia sobre varias elecciones y situaciones pol\u00edticas en toda la regi\u00f3n.\u00a0","rel":"","context":"En \u00abNoticias\u00bb","block_context":{"text":"Noticias","link":"https:\/\/insightcrime.org\/es\/category\/noticias\/"},"img":{"alt_text":"","src":"https:\/\/i0.wp.com\/insightcrime.org\/wp-content\/uploads\/2024\/12\/3-Gamechangers-2024-OC-Gets-Political-1-1.jpg?fit=1200%2C576&quality=100&ssl=1&resize=350%2C200","width":350,"height":200,"srcset":"https:\/\/i0.wp.com\/insightcrime.org\/wp-content\/uploads\/2024\/12\/3-Gamechangers-2024-OC-Gets-Political-1-1.jpg?fit=1200%2C576&quality=100&ssl=1&resize=350%2C200 1x, https:\/\/i0.wp.com\/insightcrime.org\/wp-content\/uploads\/2024\/12\/3-Gamechangers-2024-OC-Gets-Political-1-1.jpg?fit=1200%2C576&quality=100&ssl=1&resize=525%2C300 1.5x, https:\/\/i0.wp.com\/insightcrime.org\/wp-content\/uploads\/2024\/12\/3-Gamechangers-2024-OC-Gets-Political-1-1.jpg?fit=1200%2C576&quality=100&ssl=1&resize=700%2C400 2x, https:\/\/i0.wp.com\/insightcrime.org\/wp-content\/uploads\/2024\/12\/3-Gamechangers-2024-OC-Gets-Political-1-1.jpg?fit=1200%2C576&quality=100&ssl=1&resize=1050%2C600 3x"},"classes":[]},{"id":324054,"url":"https:\/\/insightcrime.org\/es\/noticias\/elecciones-chile-revelan-pais-dividido-por-politicas-contra-crimen\/","url_meta":{"origin":294893,"position":5},"title":"Elecciones en Chile revelan un pa\u00eds dividido por la seguridad","author":"Mar\u00eda Bel\u00e9n L\u00f3pez Conte","date":"17 de noviembre de 2025","format":false,"excerpt":"Las elecciones en Chile avanzan hacia una segunda vuelta marcada por la inseguridad y el avance del crimen organizado. Jeannette Jara y Jos\u00e9 Antonio Kast, los dos candidatos que se disputar\u00e1n la presidencia, ofrecen enfoques opuestos para enfrentar a las bandas transnacionales que se han afianzado en el pa\u00eds. La\u2026","rel":"","context":"En \u00abNoticias\u00bb","block_context":{"text":"Noticias","link":"https:\/\/insightcrime.org\/es\/category\/noticias\/"},"img":{"alt_text":"","src":"https:\/\/i0.wp.com\/insightcrime.org\/wp-content\/uploads\/2025\/11\/2025-11-17-Chile-Election-Runoff.jpg?fit=350%2C250&quality=100&ssl=1&resize=350%2C200","width":350,"height":200},"classes":[]}],"jetpack_featured_media_url":"https:\/\/i0.wp.com\/insightcrime.org\/wp-content\/uploads\/2024\/10\/Candidatos-presidenciales-Uruguay-1336X752-1.jpg?fit=1336%2C752&quality=100&ssl=1","_links":{"self":[{"href":"https:\/\/insightcrime.org\/es\/wp-json\/wp\/v2\/posts\/294893","targetHints":{"allow":["GET"]}}],"collection":[{"href":"https:\/\/insightcrime.org\/es\/wp-json\/wp\/v2\/posts"}],"about":[{"href":"https:\/\/insightcrime.org\/es\/wp-json\/wp\/v2\/types\/post"}],"author":[{"embeddable":true,"href":"https:\/\/insightcrime.org\/es\/wp-json\/wp\/v2\/users\/241"}],"replies":[{"embeddable":true,"href":"https:\/\/insightcrime.org\/es\/wp-json\/wp\/v2\/comments?post=294893"}],"version-history":[{"count":9,"href":"https:\/\/insightcrime.org\/es\/wp-json\/wp\/v2\/posts\/294893\/revisions"}],"predecessor-version":[{"id":295114,"href":"https:\/\/insightcrime.org\/es\/wp-json\/wp\/v2\/posts\/294893\/revisions\/295114"}],"wp:featuredmedia":[{"embeddable":true,"href":"https:\/\/insightcrime.org\/es\/wp-json\/wp\/v2\/media\/295149"}],"wp:attachment":[{"href":"https:\/\/insightcrime.org\/es\/wp-json\/wp\/v2\/media?parent=294893"}],"wp:term":[{"taxonomy":"category","embeddable":true,"href":"https:\/\/insightcrime.org\/es\/wp-json\/wp\/v2\/categories?post=294893"},{"taxonomy":"post_tag","embeddable":true,"href":"https:\/\/insightcrime.org\/es\/wp-json\/wp\/v2\/tags?post=294893"},{"taxonomy":"newspack_spnsrs_tax","embeddable":true,"href":"https:\/\/insightcrime.org\/es\/wp-json\/wp\/v2\/newspack_spnsrs_tax?post=294893"},{"taxonomy":"author","embeddable":true,"href":"https:\/\/insightcrime.org\/es\/wp-json\/wp\/v2\/coauthors?post=294893"}],"curies":[{"name":"wp","href":"https:\/\/api.w.org\/{rel}","templated":true}]}}