{"id":29524,"date":"2017-06-16T22:00:20","date_gmt":"2017-06-17T03:00:20","guid":{"rendered":"https:\/\/insightcrime.org\/?p=29524"},"modified":"2023-04-24T16:01:02","modified_gmt":"2023-04-24T21:01:02","slug":"insight-semanal-coca-cocaina-colombia","status":"publish","type":"post","link":"https:\/\/insightcrime.org\/es\/noticias\/analisis\/insight-semanal-coca-cocaina-colombia\/","title":{"rendered":"InSight Semanal: La coca y la coca\u00edna en Colombia"},"content":{"rendered":"\n<p class=\"wp-block-paragraph\">En nuestra sesi\u00f3n de Facebook Live del 15 de junio, el codirector Steven Dudley y el investigador s\u00e9nior H\u00e9ctor Silva \u00c1valos hablaron sobre la <a href=\"https:\/\/es.insightcrime.org\/investigaciones\/narino-colombia-kilometro-cero-narcotrafico\/\" target=\"_blank\">investigaci\u00f3n especial<\/a> de InSight Crime en torno a la econom\u00eda criminal en Nari\u00f1o (Colombia), y sobre el impacto que el proceso de paz del pa\u00eds est\u00e1 teniendo en el comercio de coca\u00edna regional.<\/p>\n\n\n\n<p class=\"wp-block-paragraph\">La conversaci\u00f3n se inici\u00f3 con un an\u00e1lisis de Dudley sobre los recientes <a href=\"https:\/\/es.insightcrime.org\/noticias\/analisis\/solicitud-eeuu-restablecer-fumigaciones-coca-colombia-afectaria-proceso-paz\/\" target=\"_blank\">intercambios<\/a> entre el secretario de Estado de Estados Unidos, Rex Tillerson, y el senador Marco Rubio sobre el proceso de paz de Colombia con las FARC y sobre el boom de la coca\u00edna en el pa\u00eds. Durante la audiencia del Congreso, Tillerson dio a entender que Colombia debe reanudar su programa de fumigaciones a\u00e9reas de los cultivos de coca, una estrategia que al parecer<a href=\"https:\/\/es.insightcrime.org\/noticias\/analisis\/asesor-antidrogas-de-colombia-abre-el-debate-de-la-fumigacion-de-la-coca\/\" target=\"_blank\"> no logr\u00f3 controlar<\/a> efectivamente el cultivo de la coca en el largo plazo. Al parecer algunos altos funcionarios de Estados Unidos <a href=\"https:\/\/es.insightcrime.org\/noticias\/analisis\/mas-senales-contradictorias-departamento-estado-estadounidense-sobre-erradicacion-aerea-colombia\/\" target=\"_blank\">se han retractado<\/a>, una contradictoria din\u00e1mica que, seg\u00fan Dudley y Silva, parece com\u00fan en la administraci\u00f3n Trump.<\/p>\n\n\n\n<p class=\"wp-block-paragraph\">Posteriormente, Silva habl\u00f3 sobre la econom\u00eda ilegal en el departamento de Nari\u00f1o (Colombia), como un ejemplo de la complejidad del dilema del problema de la coca en el pa\u00eds. Silva describi\u00f3 el proceso del comercio de coca\u00edna, que comienza con el cultivo de la hoja de coca por parte de peque\u00f1os agricultores que luego la convierten en pasta de coca, para luego venderla a grupos intermedios m\u00e1s sofisticados que la entregan a las organizaciones criminales, las cuales procesan y exportan el producto final: la coca\u00edna en polvo.<\/p>\n\n\n\n<p class=\"wp-block-paragraph\">Refiri\u00e9ndose al comentario de Tillerson sobre la fumigaci\u00f3n a\u00e9rea, Silva explic\u00f3 que dicha estrategia afecta principalmente a los cocaleros \u2014los productores de coca en la parte inferior de la cadena de producci\u00f3n de la coca\u00edna\u2014.<\/p>\n\n\n\n<p class=\"wp-block-paragraph\">\u201cEn el departamento de Nari\u00f1o, lo \u00fanico que hay es coca\u201d, dijo. \u201cNo existe otro cultivo que pueda generar el mismo tipo de ganancias\u201d.<\/p>\n\n\n\n<p class=\"wp-block-paragraph\">Las comunidades locales sienten la <a href=\"https:\/\/es.insightcrime.org\/noticias\/analisis\/colombia-canta-victoria-antes-tiempo-disputa-antiguos-territorios-farc\/\" target=\"_blank\">ausencia de las FARC<\/a> en la producci\u00f3n de coca en estas regiones, dijo Silva.<\/p>\n\n\n\n<p class=\"wp-block-paragraph\">\u201cDebido a la ausencia del Estado colombiano, las FARC, en la pr\u00e1ctica, hac\u00edan las veces de Estado. Eran los mediadores en muchas cosas, entre ellas la econom\u00eda\u201d, se\u00f1al\u00f3.<\/p>\n\n\n\n<p class=\"wp-block-paragraph\">Al mismo tiempo, los <a href=\"https:\/\/es.insightcrime.org\/noticias\/analisis\/historia-de-violencia-se-repite-en-choco-departamento-estrategico-de-colombia\/\" target=\"_blank\">actores armados<\/a>, como los paramilitares y los disidentes de las FARC, est\u00e1n <a href=\"https:\/\/es.insightcrime.org\/noticias\/analisis\/historia-de-violencia-se-repite-en-choco-departamento-estrategico-de-colombia\/\" target=\"_blank\">aprovechando<\/a> la desmovilizaci\u00f3n del grupo guerrillero, lo que ha generado <a href=\"https:\/\/es.insightcrime.org\/noticias\/analisis\/ciudad-portuaria-colombia-batalla-sangrienta-poder-dejan-farc\/\" target=\"_blank\">m\u00e1s violencia <\/a>en estas zonas, explic\u00f3 el investigador.<\/p>\n\n\n\n<p class=\"wp-block-paragraph\">Dudley y Silva tambi\u00e9n se refirieron al comercio global de las drogas, <a href=\"https:\/\/es.insightcrime.org\/noticias\/analisis\/informe-resalta-efectos-auge-cocaina-colombia-estados-unidos-latinoamerica\/\" target=\"_blank\">en el que se observa<\/a> un aumento en la producci\u00f3n y el <a href=\"https:\/\/es.insightcrime.org\/noticias\/noticias-del-dia\/colombia-suspende-fumigaciones-aereas-coca\/\" target=\"_blank\">consumo<\/a> de coca\u00edna.<\/p>\n\n\n\n<p class=\"wp-block-paragraph\">En \u00faltima instancia, las pol\u00e9micas estrategias como la fumigaci\u00f3n a\u00e9rea de la coca han demostrado ser <a href=\"https:\/\/es.insightcrime.org\/noticias\/noticias-del-dia\/colombia-suspende-fumigaciones-aereas-coca\/\" target=\"_blank\">inviables<\/a> en el largo plazo, y suelen ignorar el papel que juegan la corrupci\u00f3n y las malas condiciones econ\u00f3micas en el aumento de las <a href=\"https:\/\/es.insightcrime.org\/noticias\/analisis\/cuestionamientos-cifras-cocaina-parte-ii-colombia\/\" target=\"_blank\">plantaciones de coca<\/a> en Colombia.<\/p>\n\n\n\n<p class=\"wp-block-paragraph\">Vea la <a href=\"https:\/\/www.facebook.com\/InSightCrime\/videos\/1327201693996079\/\" target=\"_blank\">conversaci\u00f3n completa de Facebook Live <\/a>a continuaci\u00f3n:<\/p>\n\n\n\n<p class=\"wp-block-paragraph\"><iframe loading=\"lazy\" src=\"https:\/\/www.facebook.com\/plugins\/video.php?href=https%3A%2F%2Fwww.facebook.com%2FInSightCrime%2Fvideos%2F1327201693996079%2F&amp;show_text=0&amp;width=560\" frameborder=\"0\" scrolling=\"no\" width=\"530\" height=\"297\" allowtransparency=\"true\" allowfullscreen=\"allowfullscreen\" style=\"border: currentcolor; overflow: hidden; display: block; margin-left: auto; margin-right: auto;\"><\/iframe><\/p>\n","protected":false},"excerpt":{"rendered":"<p>En nuestra sesi\u00f3n de Facebook Live del 15 de junio, el codirector Steven Dudley y el investigador s\u00e9nior H\u00e9ctor Silva \u00c1valos hablaron sobre la <a href=\"investigaciones\/narino-colombia-kilometro-cero-narcotrafico\" target=\"_blank\">investigaci\u00f3n especial<\/a> de InSight Crime en torno a la econom\u00eda criminal en Nari\u00f1o (Colombia), y sobre el impacto que el proceso de paz del pa\u00eds est\u00e1 teniendo en el comercio de coca\u00edna regional.<\/p>\n","protected":false},"author":2,"featured_media":46654,"comment_status":"closed","ping_status":"closed","sticky":false,"template":"","format":"standard","meta":{"newspack_ads_suppress_ads":false,"newspack_popups_has_disabled_popups":false,"newspack_sponsor_sponsorship_scope":"","newspack_sponsor_native_byline_display":"inherit","newspack_sponsor_native_category_display":"inherit","newspack_sponsor_underwriter_style":"inherit","newspack_sponsor_underwriter_placement":"inherit","_EventAllDay":false,"_EventTimezone":"","_EventStartDate":"","_EventEndDate":"","_EventStartDateUTC":"","_EventEndDateUTC":"","_EventShowMap":false,"_EventShowMapLink":false,"_EventURL":"","_EventCost":"","_EventCostDescription":"","_EventCurrencySymbol":"","_EventCurrencyCode":"","_EventCurrencyPosition":"","_EventDateTimeSeparator":"","_EventTimeRangeSeparator":"","_EventOrganizerID":[],"_EventVenueID":[],"_OrganizerEmail":"","_OrganizerPhone":"","_OrganizerWebsite":"","_VenueAddress":"","_VenueCity":"","_VenueCountry":"","_VenueProvince":"","_VenueState":"","_VenueZip":"","_VenuePhone":"","_VenueURL":"","_VenueStateProvince":"","_VenueLat":"","_VenueLng":"","_VenueShowMap":false,"_VenueShowMapLink":false,"_newspack_byline_active":false,"_newspack_byline":"","newspack_hide_updated_date":false,"newspack_show_updated_date":false,"newspack_featured_image_position":"","newspack_post_subtitle":"","newspack_article_summary_title":"Overview:","newspack_article_summary":"","_jetpack_memberships_contains_paid_content":false,"footnotes":""},"categories":[340],"tags":[477,3412,368,475],"newspack_spnsrs_tax":[],"coauthors":[3649],"class_list":["post-29524","post","type-post","status-publish","format-standard","has-post-thumbnail","hentry","category-analisis","tag-la-coca","tag-cocaina","tag-colombia-pais","tag-paz-con-las-farc","entry"],"parsely":{"version":"1.1.0","canonical_url":"https:\/\/insightcrime.org\/es\/noticias\/analisis\/insight-semanal-coca-cocaina-colombia\/","smart_links":{"inbound":0,"outbound":0},"traffic_boost_suggestions_count":0,"meta":{"@context":"https:\/\/schema.org","@type":"NewsArticle","headline":"InSight Semanal: La coca y la coca\u00edna en Colombia","url":"http:\/\/insightcrime.org\/es\/noticias\/analisis\/insight-semanal-coca-cocaina-colombia\/","mainEntityOfPage":{"@type":"WebPage","@id":"http:\/\/insightcrime.org\/es\/noticias\/analisis\/insight-semanal-coca-cocaina-colombia\/"},"thumbnailUrl":"https:\/\/i0.wp.com\/insightcrime.org\/wp-content\/uploads\/2017\/06\/es-17-06-16-Cocalero.jpg?resize=150%2C150&quality=100&ssl=1","image":{"@type":"ImageObject","url":"https:\/\/i0.wp.com\/insightcrime.org\/wp-content\/uploads\/2017\/06\/es-17-06-16-Cocalero.jpg?fit=350%2C250&quality=100&ssl=1"},"articleSection":"An\u00e1lisis","author":[{"@type":"Person","name":"InSight Crime"}],"creator":["InSight Crime"],"publisher":{"@type":"Organization","name":"InSight Crime","logo":"https:\/\/insightcrime.org\/wp-content\/uploads\/2023\/08\/logo.png"},"keywords":["coca","coca\u00edna","colombia","paz farc"],"dateCreated":"2017-06-17T03:00:20Z","datePublished":"2017-06-17T03:00:20Z","dateModified":"2023-04-24T21:01:02Z"},"rendered":"<meta name=\"parsely-title\" content=\"InSight Semanal: La coca y la coca\u00edna en Colombia\" \/>\n<meta name=\"parsely-link\" content=\"http:\/\/insightcrime.org\/es\/noticias\/analisis\/insight-semanal-coca-cocaina-colombia\/\" \/>\n<meta name=\"parsely-type\" content=\"post\" \/>\n<meta name=\"parsely-image-url\" content=\"https:\/\/i0.wp.com\/insightcrime.org\/wp-content\/uploads\/2017\/06\/es-17-06-16-Cocalero.jpg?resize=150%2C150&amp;quality=100&amp;ssl=1\" \/>\n<meta name=\"parsely-pub-date\" content=\"2017-06-17T03:00:20Z\" \/>\n<meta name=\"parsely-section\" content=\"An\u00e1lisis\" \/>\n<meta name=\"parsely-tags\" content=\"coca,coca\u00edna,colombia,paz farc\" \/>\n<meta name=\"parsely-author\" content=\"InSight Crime\" \/>","tracker_url":"https:\/\/cdn.parsely.com\/keys\/insightcrime.org\/p.js"},"jetpack_sharing_enabled":true,"jetpack-related-posts":[{"id":286439,"url":"https:\/\/insightcrime.org\/es\/la-organizacion\/liderando-conversaciones-globales-sobre-noticias-del-crimen-organizado-en-america-latina\/","url_meta":{"origin":29524,"position":0},"title":"Liderando conversaciones globales sobre noticias del crimen organizado en Am\u00e9rica Latina","author":"InSight Crime","date":"2 de agosto de 2024","format":false,"excerpt":"InSight Crime ha estado en el centro de los debates en los medios de comunicaci\u00f3n mundiales esta semana, analizando las implicaciones para el crimen organizado de dos noticias de \u00faltima hora que han captado la atenci\u00f3n internacional. El codirector de InSight Crime, Jeremy McDermott, habl\u00f3 con Blu Radio sobre c\u00f3mo\u2026","rel":"","context":"En \u00abLa Organizaci\u00f3n\u00bb","block_context":{"text":"La Organizaci\u00f3n","link":"https:\/\/insightcrime.org\/es\/category\/la-organizacion\/"},"img":{"alt_text":"","src":"https:\/\/i0.wp.com\/insightcrime.org\/wp-content\/uploads\/2024\/08\/89efee10-aa1b-fa6d-05bf-767bca04fe30.png?fit=1200%2C633&quality=100&ssl=1&resize=350%2C200","width":350,"height":200,"srcset":"https:\/\/i0.wp.com\/insightcrime.org\/wp-content\/uploads\/2024\/08\/89efee10-aa1b-fa6d-05bf-767bca04fe30.png?fit=1200%2C633&quality=100&ssl=1&resize=350%2C200 1x, https:\/\/i0.wp.com\/insightcrime.org\/wp-content\/uploads\/2024\/08\/89efee10-aa1b-fa6d-05bf-767bca04fe30.png?fit=1200%2C633&quality=100&ssl=1&resize=525%2C300 1.5x, https:\/\/i0.wp.com\/insightcrime.org\/wp-content\/uploads\/2024\/08\/89efee10-aa1b-fa6d-05bf-767bca04fe30.png?fit=1200%2C633&quality=100&ssl=1&resize=700%2C400 2x, https:\/\/i0.wp.com\/insightcrime.org\/wp-content\/uploads\/2024\/08\/89efee10-aa1b-fa6d-05bf-767bca04fe30.png?fit=1200%2C633&quality=100&ssl=1&resize=1050%2C600 3x"},"classes":[]},{"id":210755,"url":"https:\/\/insightcrime.org\/es\/la-organizacion\/insight-crime-en-el-podcast-de-el-pais\/","url_meta":{"origin":29524,"position":1},"title":"InSight Crime en el podcast de El Pa\u00eds","author":"InSight Crime","date":"10 de febrero de 2023","format":false,"excerpt":"Esta semana, Jeremy McDermott, cofundador de InSight Crime, fue uno de los expertos invitados a\u00a0un podcast de El Pa\u00eds\u00a0sobre los avances del naciente proceso de paz en Colombia. Lea nuestro an\u00e1lisis del proceso de paz en Colombia > El director editorial de InSight Crime, Chris Dalby, intervino en\u00a0el podcast Shaun\u2026","rel":"","context":"En \u00abLa Organizaci\u00f3n\u00bb","block_context":{"text":"La Organizaci\u00f3n","link":"https:\/\/insightcrime.org\/es\/category\/la-organizacion\/"},"img":{"alt_text":"","src":"https:\/\/i0.wp.com\/insightcrime.org\/wp-content\/uploads\/2023\/02\/Impacto-9-Feb.jpg?fit=1200%2C690&quality=100&ssl=1&resize=350%2C200","width":350,"height":200,"srcset":"https:\/\/i0.wp.com\/insightcrime.org\/wp-content\/uploads\/2023\/02\/Impacto-9-Feb.jpg?fit=1200%2C690&quality=100&ssl=1&resize=350%2C200 1x, https:\/\/i0.wp.com\/insightcrime.org\/wp-content\/uploads\/2023\/02\/Impacto-9-Feb.jpg?fit=1200%2C690&quality=100&ssl=1&resize=525%2C300 1.5x, https:\/\/i0.wp.com\/insightcrime.org\/wp-content\/uploads\/2023\/02\/Impacto-9-Feb.jpg?fit=1200%2C690&quality=100&ssl=1&resize=700%2C400 2x, https:\/\/i0.wp.com\/insightcrime.org\/wp-content\/uploads\/2023\/02\/Impacto-9-Feb.jpg?fit=1200%2C690&quality=100&ssl=1&resize=1050%2C600 3x"},"classes":[]},{"id":307042,"url":"https:\/\/insightcrime.org\/es\/noticias\/entrega-de-armas-de-comuneros-del-sur-unico-exito-de-paz-total-de-colombia\/","url_meta":{"origin":29524,"position":2},"title":"La entrega de armas de los Comuneros del Sur, \u00bfel \u00fanico \u00e9xito de la Paz Total de Colombia?","author":"Mario Saiz","date":"9 de abril de 2025","format":false,"excerpt":"La desmovilizaci\u00f3n de una facci\u00f3n disidente del ELN representa un avance simb\u00f3lico para la pol\u00edtica de Paz Total, a pesar de su impacto limitado debido a la continuidad de las acciones violentas de los principales grupos armados de Colombia.","rel":"","context":"En \u00abNoticias\u00bb","block_context":{"text":"Noticias","link":"https:\/\/insightcrime.org\/es\/category\/noticias\/"},"img":{"alt_text":"","src":"https:\/\/i0.wp.com\/insightcrime.org\/wp-content\/uploads\/2025\/04\/Colombia_Conflicto_ELN_-Christian-Escobar-Mora-1.jpg?fit=350%2C250&quality=100&ssl=1&resize=350%2C200","width":350,"height":200},"classes":[]},{"id":213676,"url":"https:\/\/insightcrime.org\/es\/la-organizacion\/el-observatorio-de-crimen-organizado-de-venezuela-continua-siendo-un-punto-de-referencia-en-la-region\/","url_meta":{"origin":29524,"position":3},"title":"El Observatorio de Crimen Organizado de Venezuela contin\u00faa siendo un punto de referencia en la regi\u00f3n","author":"InSight Crime","date":"31 de marzo de 2023","format":false,"excerpt":"Nuestro extenso cubrimiento sobre la actividad criminal en las \u00e1reas fronterizas entre Venezuela y Colombia ha sido referenciado por un\u00a0informe\u00a0del proyecto RADAR Colombia-Venezuela, de la Konrad Adenauer Stiftung y el Observatorio de Venezuela de la Universidad del Rosario. En la secci\u00f3n de Territorios Fronterizos, el informe hace uso en m\u00faltiples\u2026","rel":"","context":"En \u00abLa Organizaci\u00f3n\u00bb","block_context":{"text":"La Organizaci\u00f3n","link":"https:\/\/insightcrime.org\/es\/category\/la-organizacion\/"},"img":{"alt_text":"","src":"https:\/\/i0.wp.com\/insightcrime.org\/wp-content\/uploads\/2023\/04\/impact-31-march-2023.jpeg?fit=1200%2C690&quality=100&ssl=1&resize=350%2C200","width":350,"height":200,"srcset":"https:\/\/i0.wp.com\/insightcrime.org\/wp-content\/uploads\/2023\/04\/impact-31-march-2023.jpeg?fit=1200%2C690&quality=100&ssl=1&resize=350%2C200 1x, https:\/\/i0.wp.com\/insightcrime.org\/wp-content\/uploads\/2023\/04\/impact-31-march-2023.jpeg?fit=1200%2C690&quality=100&ssl=1&resize=525%2C300 1.5x, https:\/\/i0.wp.com\/insightcrime.org\/wp-content\/uploads\/2023\/04\/impact-31-march-2023.jpeg?fit=1200%2C690&quality=100&ssl=1&resize=700%2C400 2x, https:\/\/i0.wp.com\/insightcrime.org\/wp-content\/uploads\/2023\/04\/impact-31-march-2023.jpeg?fit=1200%2C690&quality=100&ssl=1&resize=1050%2C600 3x"},"classes":[]},{"id":233192,"url":"https:\/\/insightcrime.org\/es\/noticias\/gobierno-colombia-incauta-record-cocaina-negocia-con-narcotraficantes\/","url_meta":{"origin":29524,"position":4},"title":"Gobierno de Colombia incauta r\u00e9cord de coca\u00edna mientras negocia con narcotraficantes","author":"Juan Diego Posada","date":"3 de febrero de 2023","format":false,"excerpt":"Colombia incaut\u00f3 671 toneladas de coca\u00edna en 2022, por valor de m\u00e1s de 16.000 millones de d\u00f3lares a precios al por mayor en Estados Unidos. El bot\u00edn para 2023 puede ser a\u00fan mayor, ya que se prev\u00e9n niveles r\u00e9cord de producci\u00f3n.","rel":"","context":"En \u00abNoticias\u00bb","block_context":{"text":"Noticias","link":"https:\/\/insightcrime.org\/es\/category\/noticias\/"},"img":{"alt_text":"Coca\u00edna incautada por la Fuerza P\u00fablica de Colombia durante el 2022","src":"https:\/\/i0.wp.com\/insightcrime.org\/wp-content\/uploads\/2023\/02\/Fuerzas-Militares-Incautaciones-record.jpg?fit=350%2C250&quality=100&ssl=1&resize=350%2C200","width":350,"height":200},"classes":[]},{"id":213190,"url":"https:\/\/insightcrime.org\/es\/noticias\/paz-total-colombia-tropieza-gaitanistas\/","url_meta":{"origin":29524,"position":5},"title":"La Paz Total en Colombia tropieza con la violencia de los Gaitanistas","author":"Javier Lizcano Villalba","date":"24 de marzo de 2023","format":false,"excerpt":"Los recientes ataques por parte de segmentos de las AGC a las fuerzas de seguridad colombianas generan dudas sobre las posturas dentro de la organizaci\u00f3n y la capacidad de sus l\u00edderes para controlar y desmovilizar el grupo.","rel":"","context":"En \u00abNoticias\u00bb","block_context":{"text":"Noticias","link":"https:\/\/insightcrime.org\/es\/category\/noticias\/"},"img":{"alt_text":"Gustavo Petro camina con su esquema de seguridad mientras asiste a una reuni\u00f3n de seguridad","src":"https:\/\/i0.wp.com\/insightcrime.org\/wp-content\/uploads\/2023\/03\/Petro-AGC.jpg?fit=350%2C250&quality=100&ssl=1&resize=350%2C200","width":350,"height":200},"classes":[]}],"jetpack_featured_media_url":"https:\/\/i0.wp.com\/insightcrime.org\/wp-content\/uploads\/2017\/06\/es-17-06-16-Cocalero.jpg?fit=350%2C250&quality=100&ssl=1","_links":{"self":[{"href":"https:\/\/insightcrime.org\/es\/wp-json\/wp\/v2\/posts\/29524","targetHints":{"allow":["GET"]}}],"collection":[{"href":"https:\/\/insightcrime.org\/es\/wp-json\/wp\/v2\/posts"}],"about":[{"href":"https:\/\/insightcrime.org\/es\/wp-json\/wp\/v2\/types\/post"}],"author":[{"embeddable":true,"href":"https:\/\/insightcrime.org\/es\/wp-json\/wp\/v2\/users\/2"}],"replies":[{"embeddable":true,"href":"https:\/\/insightcrime.org\/es\/wp-json\/wp\/v2\/comments?post=29524"}],"version-history":[{"count":2,"href":"https:\/\/insightcrime.org\/es\/wp-json\/wp\/v2\/posts\/29524\/revisions"}],"predecessor-version":[{"id":98170,"href":"https:\/\/insightcrime.org\/es\/wp-json\/wp\/v2\/posts\/29524\/revisions\/98170"}],"wp:featuredmedia":[{"embeddable":true,"href":"https:\/\/insightcrime.org\/es\/wp-json\/wp\/v2\/media\/46654"}],"wp:attachment":[{"href":"https:\/\/insightcrime.org\/es\/wp-json\/wp\/v2\/media?parent=29524"}],"wp:term":[{"taxonomy":"category","embeddable":true,"href":"https:\/\/insightcrime.org\/es\/wp-json\/wp\/v2\/categories?post=29524"},{"taxonomy":"post_tag","embeddable":true,"href":"https:\/\/insightcrime.org\/es\/wp-json\/wp\/v2\/tags?post=29524"},{"taxonomy":"newspack_spnsrs_tax","embeddable":true,"href":"https:\/\/insightcrime.org\/es\/wp-json\/wp\/v2\/newspack_spnsrs_tax?post=29524"},{"taxonomy":"author","embeddable":true,"href":"https:\/\/insightcrime.org\/es\/wp-json\/wp\/v2\/coauthors?post=29524"}],"curies":[{"name":"wp","href":"https:\/\/api.w.org\/{rel}","templated":true}]}}