{"id":29556,"date":"2017-06-30T13:09:07","date_gmt":"2017-09-14T00:14:17","guid":{"rendered":"https:\/\/insightcrime.org\/?p=29556"},"modified":"2023-04-24T16:01:08","modified_gmt":"2023-04-24T21:01:08","slug":"jovenes-brasil-amenazados-criminales-y-policias","status":"publish","type":"post","link":"https:\/\/insightcrime.org\/es\/noticias\/analisis\/jovenes-brasil-amenazados-criminales-y-policias\/","title":{"rendered":"J\u00f3venes en Brasil amenazados por criminales y polic\u00edas"},"content":{"rendered":"\n<p class=\"wp-block-paragraph\">Frente a los defensores de oficio de un juzgado de menores en S\u00e3o Paulo, Brasil, Gorete explic\u00f3 de manera emotiva lo que sucedi\u00f3 la noche de febrero en que cuatro agentes de la polic\u00eda militar fueron a su casa y amenazaron con matar a su hijo adolescente.<\/p>\n\n\n\n<p class=\"wp-block-paragraph\">Los agentes, que iban en b\u00fasqueda de un rev\u00f3lver que cre\u00edan que escond\u00eda el hijo de Gorete, no llevaban identificaci\u00f3n en sus uniformes. Se dice que apuntaron un arma a la cabeza de su hija de doce a\u00f1os de edad y le exigieron que dijera d\u00f3nde estaba el arma.<\/p>\n\n\n\n<p class=\"wp-block-paragraph\">\u201cVamos a regresar y cuando lo hagamos acabaremos con tu hijo aqu\u00ed mismo\u201d, dice ella que le advirtieron.<\/p>\n\n\n\n<p class=\"wp-block-paragraph\">Pero aunque los funcionarios aceptaron que el hijo de Gorete, conocido solo como D, estaba en riesgo de homicidio, no lo admitieron en el Programa de Protecci\u00f3n a Ni\u00f1os y Adolescentes Amenazados de Muerte (PPCAAM por sus inicales en portugu\u00e9s), creado en 2007 por el gobierno federal de Brasil.<\/p>\n\n\n\n<p class=\"wp-block-paragraph\"><em><strong>*Este art\u00edculo fue traducido, editado para su claridad y extensi\u00f3n, y publicado con el permiso de <a href=\"https:\/\/apublica.org\" target=\"_blank\">Ag\u00eancia P\u00fablica<\/a>. No representa necesariamente las opinones de InSight Crime. Vera el original&nbsp;<a href=\"https:\/\/apublica.org\/2017\/05\/jurados-pela-policia-e-pelo-trafico\/\" target=\"_blank\">aqu\u00ed<\/a><br><\/strong><\/em><\/p>\n\n\n\n<p class=\"wp-block-paragraph\">De hecho, el programa en el estado de S\u00e3o Paulo no ha aceptado nuevos casos desde enero, por falta de recursos, como consecuencia de lo cual han quedado desprotegidos 34 menores amenazados.<\/p>\n\n\n\n<p class=\"wp-block-paragraph\">En un informe interno, la Oficina de Defensores de Oficio de S\u00e3o Paulo conclu\u00eda que \u201cla protecci\u00f3n, que tambi\u00e9n debe garantizarse, est\u00e1 amenazada. Estas son vidas que han sido doblemente desprotegidas, abandonadas y silenciadas\u201d.<\/p>\n\n\n\n<p class=\"wp-block-paragraph\">\u201cCasi a diario recibimos casos de amenazas de muerte\u201d, dice la defensora p\u00fablica Claudia Abramo. \u201cEstos son casos urgentes, y el PPCAAM es nuestro \u00fanico medio efectivo de enfrentar esas amenazas\u201d.<\/p>\n\n\n\n<p class=\"wp-block-paragraph\">Muchos de los j\u00f3venes son negros, marginados y ya han pasado temporadas en detenci\u00f3n de menores, lo que los pone en un estado de vulnerabilidad al abuso por parte de los agentes de polic\u00eda.<\/p>\n\n\n\n<p class=\"wp-block-paragraph\">Despu\u00e9s de la visita que hizo la polic\u00eda a su madre, D ahora duerme en casas de amigos.<\/p>\n\n\n\n<p class=\"wp-block-paragraph\">\u201cEstoy asustado. Cuando veo un carro, miro para ver si son ellos. Me quedo en las casas de mis amigos, jugando videojuegos. Duermo all\u00e1. Solo voy a casa de vez en cuando para hablar con mi madre y mi abuelo, para decirles que estoy bien\u201d, declar\u00f3 \u00e9l a los defensores p\u00fablicos.<\/p>\n\n\n\n<p class=\"wp-block-paragraph\">En otro caso, R, de diecis\u00e9is a\u00f1os, dijo que la polic\u00eda ya lo hab\u00eda golpeado dos veces. \u00c9l tambi\u00e9n huy\u00f3 de su hogar y solo regres\u00f3 para el entierro de un amigo de infancia, que era un a\u00f1o menor que \u00e9l y fue asesinado por la polic\u00eda.<\/p>\n\n\n\n<p class=\"wp-block-paragraph\">\u201cNo quiero, Dios no lo permita, enterrar&nbsp; a mi hijo\u201d, dijo su padre a los defensores p\u00fablicos. \u201cYo quiero que mi hijo me entierre a m\u00ed\u201d.<\/p>\n\n\n\n<p class=\"wp-block-paragraph\">L, liberado hace poco de detenci\u00f3n juvenil, est\u00e1 amenazado por las pandillas de drogas que hay cerca de su casa. Su madre no sabe qu\u00e9 hacer y, seg\u00fan los defensores, el chico \u201cnecesita con urgencia ayuda de alguien\u201d.<\/p>\n\n\n\n<p class=\"wp-block-paragraph\"><strong><span style=\"color: #800000\">VEA TAMBI\u00c9N:<\/span><\/strong> <a href=\"\/component\/tags\/tag\/325-reforma-policial\" target=\"_blank\">Cobertura sobre reforma policial<\/a><\/p>\n\n\n\n<p class=\"wp-block-paragraph\">El PPCAAM cubre 14 estados y S\u00e3o Paulo es el \u00fanico que no est\u00e1 recibiendo nuevos casos. Un documento obtenido por Ag\u00eancia P\u00fablica de la Secretar\u00eda de Justicia y Defensa del Ciudadano (SJDC), culpa de ello a la falta de recursos y de personal.<\/p>\n\n\n\n<p class=\"wp-block-paragraph\">\u201cParte del problema es la falta de previsi\u00f3n del gobierno federal sobre el dinero que debe enviarse al programa\u201d, lo que ha generado \u201cinseguridad en el actual personal frente a las demandas que se les imponen\u201d, explic\u00f3 el informe.<\/p>\n\n\n\n<p class=\"wp-block-paragraph\">Aunque desde enero no se han aceptado 34 nuevos casos, la SJDC confirm\u00f3 que estaba manteniendo el apoyo a los 80 ni\u00f1os que ya hay en el programa. El gobierno federal confirm\u00f3 que hab\u00eda habido un retraso en los pagos a los estados, pero a\u00f1adi\u00f3 que todos, incluyendo S\u00e3o Paulo, est\u00e1n ahora al d\u00eda.<\/p>\n\n\n\n<p class=\"wp-block-paragraph\">Ariel de Castro Alves, especialista en derecho de menores, opin\u00f3 que la situaci\u00f3n es \u201cinaceptable\u201d. Los altos \u00edndices de homicidios de ni\u00f1os y adolescentes dejan en claro que el programa, aunque no resuelve todos los casos, ayuda a evitar nuevas muertes, dijo.<\/p>\n\n\n\n<p class=\"wp-block-paragraph\">\u201cMuchas veces, la \u00fanica posibilidad de protecci\u00f3n es el programa mismo\u201d, a\u00f1adi\u00f3.<\/p>\n\n\n\n<p class=\"wp-block-paragraph\">Seg\u00fan un informe de 2016 sobre violencia contra menores en Brasil, preparado por la Facultad Latinoamericana de Ciencias Sociales (FLACSO), de las v\u00edctimas de homicidio en Brasil en 2013, m\u00e1s de 10.500 ten\u00edan 19 a\u00f1os o menos. La tasa de 16,3 homicidios por cada 100.000 ni\u00f1os puso a Brasil en tercer lugar en un r\u00e1nking de 85 pa\u00edses.<\/p>\n\n\n\n<p class=\"wp-block-paragraph\"><span style=\"color: #800000\"><strong>VEA TAMBI\u00c9N:<\/strong><\/span> <a href=\"\/noticias-sobre-crimen-organizado-en-brasil\" target=\"_blank\">Noticias y perfiles de Brasil<\/a><\/p>\n\n\n\n<p class=\"wp-block-paragraph\">De los casos remitidos a los defensores p\u00fablicos en S\u00e3o Paulo, el 48 por ciento tiene que ver con amenazas de la polic\u00eda y el 36 por ciento con amenazas del crimen organizado. En todo el pa\u00eds, muchos de los amenazados son adolescentes negros entre los 15 y los 17 a\u00f1os de edad.<\/p>\n\n\n\n<p class=\"wp-block-paragraph\">El PPCAAM no solo protege a ni\u00f1os, sino tambi\u00e9n a familias completas. Hasta septiembre de 2016, hab\u00eda admitido a casi 10.000 personas desde su creaci\u00f3n: 3.512 ni\u00f1os y 5.988 familias. El a\u00f1o pasado \u00fanicamente, el programa protegi\u00f3 a 431 ni\u00f1os y 750 familias.<\/p>\n\n\n\n<p class=\"wp-block-paragraph\">En promedio, los ni\u00f1os permanecen en el programa de seis meses a un a\u00f1o, pero en ocasiones es m\u00e1s tiempo. Se ha activado en varios casos tr\u00e1gicos en Brasil, como una joven de 16 a\u00f1os de edad, v\u00edctima de violaci\u00f3n por parte de una pandilla hasta de 30 hombres en una favela de Rio de Janeiro.<\/p>\n\n\n\n<p class=\"wp-block-paragraph\"><em>*Este art\u00edculo fue traducido, editado para su claridad y extensi\u00f3n, y publicado con el permiso de&nbsp;<a href=\"https:\/\/apublica.org\" target=\"_blank\">Ag\u00eancia P\u00fablica<\/a>. No representa necesariamente las opinones de InSight Crime. Vera el original&nbsp;<a href=\"https:\/\/apublica.org\/2017\/05\/jurados-pela-policia-e-pelo-trafico\/\" target=\"_blank\">aqu\u00ed<\/a><\/em><\/p>\n","protected":false},"excerpt":{"rendered":"<p>Frente a los defensores de oficio de un juzgado de menores en S\u00e3o Paulo, Brasil, Gorete explic\u00f3 de manera emotiva lo que sucedi\u00f3 la noche de febrero en que cuatro agentes de la polic\u00eda militar fueron a su casa y amenazaron con matar a su hijo adolescente.<\/p>\n","protected":false},"author":94,"featured_media":46670,"comment_status":"closed","ping_status":"closed","sticky":false,"template":"","format":"standard","meta":{"newspack_ads_suppress_ads":false,"newspack_popups_has_disabled_popups":false,"newspack_sponsor_sponsorship_scope":"","newspack_sponsor_native_byline_display":"inherit","newspack_sponsor_native_category_display":"inherit","newspack_sponsor_underwriter_style":"inherit","newspack_sponsor_underwriter_placement":"inherit","_EventAllDay":false,"_EventTimezone":"","_EventStartDate":"","_EventEndDate":"","_EventStartDateUTC":"","_EventEndDateUTC":"","_EventShowMap":false,"_EventShowMapLink":false,"_EventURL":"","_EventCost":"","_EventCostDescription":"","_EventCurrencySymbol":"","_EventCurrencyCode":"","_EventCurrencyPosition":"","_EventDateTimeSeparator":"","_EventTimeRangeSeparator":"","_EventOrganizerID":[],"_EventVenueID":[],"_OrganizerEmail":"","_OrganizerPhone":"","_OrganizerWebsite":"","_VenueAddress":"","_VenueCity":"","_VenueCountry":"","_VenueProvince":"","_VenueState":"","_VenueZip":"","_VenuePhone":"","_VenueURL":"","_VenueStateProvince":"","_VenueLat":"","_VenueLng":"","_VenueShowMap":false,"_VenueShowMapLink":false,"_newspack_byline_active":false,"_newspack_byline":"","newspack_hide_updated_date":false,"newspack_show_updated_date":false,"newspack_featured_image_position":"","newspack_post_subtitle":"","newspack_article_summary_title":"Overview:","newspack_article_summary":"","_jetpack_memberships_contains_paid_content":false,"footnotes":""},"categories":[340],"tags":[405,457],"newspack_spnsrs_tax":[],"coauthors":[4083],"class_list":["post-29556","post","type-post","status-publish","format-standard","has-post-thumbnail","hentry","category-analisis","tag-brasil","tag-reforma-policial","entry"],"parsely":{"version":"1.1.0","canonical_url":"https:\/\/insightcrime.org\/es\/noticias\/analisis\/jovenes-brasil-amenazados-criminales-y-policias\/","smart_links":{"inbound":0,"outbound":0},"traffic_boost_suggestions_count":0,"meta":{"@context":"https:\/\/schema.org","@type":"NewsArticle","headline":"J\u00f3venes en Brasil amenazados por criminales y polic\u00edas","url":"http:\/\/insightcrime.org\/es\/noticias\/analisis\/jovenes-brasil-amenazados-criminales-y-policias\/","mainEntityOfPage":{"@type":"WebPage","@id":"http:\/\/insightcrime.org\/es\/noticias\/analisis\/jovenes-brasil-amenazados-criminales-y-policias\/"},"thumbnailUrl":"https:\/\/i0.wp.com\/insightcrime.org\/wp-content\/uploads\/2017\/06\/es-17-06-21-Brazil-Youth-Threatened.jpg?resize=150%2C150&quality=100&ssl=1","image":{"@type":"ImageObject","url":"https:\/\/i0.wp.com\/insightcrime.org\/wp-content\/uploads\/2017\/06\/es-17-06-21-Brazil-Youth-Threatened.jpg?fit=350%2C250&quality=100&ssl=1"},"articleSection":"An\u00e1lisis","author":[{"@type":"Person","name":"Jos\u00e9 C\u00edcero Da Silva"}],"creator":["Jos\u00e9 C\u00edcero Da Silva"],"publisher":{"@type":"Organization","name":"InSight Crime","logo":"https:\/\/insightcrime.org\/wp-content\/uploads\/2023\/08\/logo.png"},"keywords":["brasil","reforma policial"],"dateCreated":"2017-09-14T00:14:17Z","datePublished":"2017-09-14T00:14:17Z","dateModified":"2023-04-24T21:01:08Z"},"rendered":"<meta name=\"parsely-title\" content=\"J\u00f3venes en Brasil amenazados por criminales y polic\u00edas\" \/>\n<meta name=\"parsely-link\" content=\"http:\/\/insightcrime.org\/es\/noticias\/analisis\/jovenes-brasil-amenazados-criminales-y-policias\/\" \/>\n<meta name=\"parsely-type\" content=\"post\" \/>\n<meta name=\"parsely-image-url\" content=\"https:\/\/i0.wp.com\/insightcrime.org\/wp-content\/uploads\/2017\/06\/es-17-06-21-Brazil-Youth-Threatened.jpg?resize=150%2C150&amp;quality=100&amp;ssl=1\" \/>\n<meta name=\"parsely-pub-date\" content=\"2017-09-14T00:14:17Z\" \/>\n<meta name=\"parsely-section\" content=\"An\u00e1lisis\" \/>\n<meta name=\"parsely-tags\" content=\"brasil,reforma policial\" \/>\n<meta name=\"parsely-author\" content=\"Jos\u00e9 C\u00edcero Da Silva\" \/>","tracker_url":"https:\/\/cdn.parsely.com\/keys\/insightcrime.org\/p.js"},"jetpack_sharing_enabled":true,"jetpack-related-posts":[{"id":126578,"url":"https:\/\/insightcrime.org\/es\/noticias\/escandalos-corrupcion-presidente-brasil\/","url_meta":{"origin":29556,"position":0},"title":"Esc\u00e1ndalos de corrupci\u00f3n acorralan a familia de presidente de Brasil","author":"Chris Dalby","date":"5 de noviembre de 2020","format":false,"excerpt":"Las acusaciones de peculado y lavado de dinero que enfrenta Fl\u00e1vio\u00a0Bolsonaro, el primog\u00e9nito del presidente de Brasil Jair Bolsonaro, pueden ser la primera grieta grave en el edificio corrupto que se ha erigido en torno al mandatario.","rel":"","context":"En \u00abNoticias\u00bb","block_context":{"text":"Noticias","link":"https:\/\/insightcrime.org\/es\/category\/noticias\/"},"img":{"alt_text":"","src":"https:\/\/i0.wp.com\/insightcrime.org\/wp-content\/uploads\/2020\/11\/2020-09-22T234647Z_1_LYNXNPEG8L20H_RTROPTP_4_BRAZIL-POLITICS.jpg?fit=350%2C250&quality=100&ssl=1&resize=350%2C200","width":350,"height":200},"classes":[]},{"id":232577,"url":"https:\/\/insightcrime.org\/es\/noticias\/trafico-trata-pesadilla-migrante-frontera-guatemala-mexico\/","url_meta":{"origin":29556,"position":1},"title":"Del tr\u00e1fico a la trata: la pesadilla de una migrante en la frontera entre Guatemala y M\u00e9xico","author":"Parker Asmann","date":"30 de junio de 2023","format":false,"excerpt":"A veces, la l\u00ednea entre el tr\u00e1fico y la trata de personas puede desdibujarse cuando los coyotes se aprovechan de aquellos a quienes prometieron guiar.","rel":"","context":"En \u00abNoticias\u00bb","block_context":{"text":"Noticias","link":"https:\/\/insightcrime.org\/es\/category\/noticias\/"},"img":{"alt_text":"","src":"https:\/\/i0.wp.com\/insightcrime.org\/wp-content\/uploads\/2023\/09\/Guatemala-Police-operation-againts-migrant-smugglers-Mexican-border-Aug-2022-AP22214737364780-A2-1.jpg?fit=1200%2C690&quality=100&ssl=1&resize=350%2C200","width":350,"height":200,"srcset":"https:\/\/i0.wp.com\/insightcrime.org\/wp-content\/uploads\/2023\/09\/Guatemala-Police-operation-againts-migrant-smugglers-Mexican-border-Aug-2022-AP22214737364780-A2-1.jpg?fit=1200%2C690&quality=100&ssl=1&resize=350%2C200 1x, https:\/\/i0.wp.com\/insightcrime.org\/wp-content\/uploads\/2023\/09\/Guatemala-Police-operation-againts-migrant-smugglers-Mexican-border-Aug-2022-AP22214737364780-A2-1.jpg?fit=1200%2C690&quality=100&ssl=1&resize=525%2C300 1.5x, https:\/\/i0.wp.com\/insightcrime.org\/wp-content\/uploads\/2023\/09\/Guatemala-Police-operation-againts-migrant-smugglers-Mexican-border-Aug-2022-AP22214737364780-A2-1.jpg?fit=1200%2C690&quality=100&ssl=1&resize=700%2C400 2x, https:\/\/i0.wp.com\/insightcrime.org\/wp-content\/uploads\/2023\/09\/Guatemala-Police-operation-againts-migrant-smugglers-Mexican-border-Aug-2022-AP22214737364780-A2-1.jpg?fit=1200%2C690&quality=100&ssl=1&resize=1050%2C600 3x"},"classes":[]},{"id":148660,"url":"https:\/\/insightcrime.org\/es\/noticias\/muerte-importante-lider-miliciano-brasil-deja-dudas\/","url_meta":{"origin":29556,"position":2},"title":"Muerte de importante l\u00edder  miliciano en Brasil deja m\u00e1s preguntas que respuestas","author":"Chris Dalby","date":"16 de junio de 2021","format":false,"excerpt":"El principal l\u00edder de las milicias de Rio de Janeiro fue acribillado por la polic\u00eda, lo que puede desbaratar la hip\u00f3tesis de que las milicias de la ciudad ten\u00edan protecci\u00f3n gracias a sus conexiones con las autoridades. Pero, \u00bfse trat\u00f3 de una acci\u00f3n aislada o del inicio de un verdadero\u2026","rel":"","context":"En \u00abNoticias\u00bb","block_context":{"text":"Noticias","link":"https:\/\/insightcrime.org\/es\/category\/noticias\/"},"img":{"alt_text":"","src":"https:\/\/i0.wp.com\/insightcrime.org\/wp-content\/uploads\/2021\/06\/20201016091941_al-menos-12-muertos-en-operacia-n-d_tn0.jpg?fit=350%2C250&quality=100&ssl=1&resize=350%2C200","width":350,"height":200},"classes":[]},{"id":233247,"url":"https:\/\/insightcrime.org\/es\/investigaciones\/caso-judicial-brasil-desorden-pcc\/","url_meta":{"origin":29556,"position":3},"title":"Caso judicial en Brasil muestra desorden al interior del PCC","author":"Steven Dudley","date":"16 de diciembre de 2020","format":false,"excerpt":"El PCC suele ser considerada la pandilla criminal m\u00e1s poderosa de Brasil, pero un caso judicial que se adelant\u00f3 recientemente en su contra traza una imagen que desmiente la reputaci\u00f3n del grupo como una organizaci\u00f3n criminal transnacional estricta y jer\u00e1rquica.","rel":"","context":"En \u00abInvestigaciones\u00bb","block_context":{"text":"Investigaciones","link":"https:\/\/insightcrime.org\/es\/category\/investigaciones\/"},"img":{"alt_text":"","src":"https:\/\/i0.wp.com\/insightcrime.org\/wp-content\/uploads\/2020\/12\/PCC-Chapter-4.jpg?fit=1200%2C450&quality=100&ssl=1&resize=350%2C200","width":350,"height":200,"srcset":"https:\/\/i0.wp.com\/insightcrime.org\/wp-content\/uploads\/2020\/12\/PCC-Chapter-4.jpg?fit=1200%2C450&quality=100&ssl=1&resize=350%2C200 1x, https:\/\/i0.wp.com\/insightcrime.org\/wp-content\/uploads\/2020\/12\/PCC-Chapter-4.jpg?fit=1200%2C450&quality=100&ssl=1&resize=525%2C300 1.5x, https:\/\/i0.wp.com\/insightcrime.org\/wp-content\/uploads\/2020\/12\/PCC-Chapter-4.jpg?fit=1200%2C450&quality=100&ssl=1&resize=700%2C400 2x, https:\/\/i0.wp.com\/insightcrime.org\/wp-content\/uploads\/2020\/12\/PCC-Chapter-4.jpg?fit=1200%2C450&quality=100&ssl=1&resize=1050%2C600 3x"},"classes":[]},{"id":188585,"url":"https:\/\/insightcrime.org\/es\/noticias\/entrevistas\/medidas-fuerza-elsalvador-podrian-reforzar-reclutamiento-pandillas\/","url_meta":{"origin":29556,"position":4},"title":"Medidas de fuerza en El Salvador podr\u00edan reforzar reclutamiento de pandillas","author":"Seth Robbins","date":"15 de junio de 2022","format":false,"excerpt":"En medio de los arrestos indiscriminados contra las pandillas en El Salvador, se est\u00e1n cortando los ya fr\u00e1giles lazos que unen a las familias m\u00e1s desfavorecidas. Padres e hijos desaparecen en prisiones hacinadas. Madres solteras arrastradas en las redadas policiales abandonan a sus hijos a su suerte.","rel":"","context":"En \u00abQ&amp;A\u00bb","block_context":{"text":"Q&amp;A","link":"https:\/\/insightcrime.org\/es\/category\/noticias\/entrevistas\/"},"img":{"alt_text":"Encarcelamiento indiscriminado de menores y mujeres","src":"https:\/\/i0.wp.com\/insightcrime.org\/wp-content\/uploads\/2022\/06\/Cover-Entrevista-1.png?fit=1200%2C438&quality=100&ssl=1&resize=350%2C200","width":350,"height":200,"srcset":"https:\/\/i0.wp.com\/insightcrime.org\/wp-content\/uploads\/2022\/06\/Cover-Entrevista-1.png?fit=1200%2C438&quality=100&ssl=1&resize=350%2C200 1x, https:\/\/i0.wp.com\/insightcrime.org\/wp-content\/uploads\/2022\/06\/Cover-Entrevista-1.png?fit=1200%2C438&quality=100&ssl=1&resize=525%2C300 1.5x, https:\/\/i0.wp.com\/insightcrime.org\/wp-content\/uploads\/2022\/06\/Cover-Entrevista-1.png?fit=1200%2C438&quality=100&ssl=1&resize=700%2C400 2x, https:\/\/i0.wp.com\/insightcrime.org\/wp-content\/uploads\/2022\/06\/Cover-Entrevista-1.png?fit=1200%2C438&quality=100&ssl=1&resize=1050%2C600 3x"},"classes":[]},{"id":187825,"url":"https:\/\/insightcrime.org\/es\/noticias\/asesinato-fiscal-paraguayo-fue-planeado-colombia-conexion-concrimen-organizado-transnacional\/","url_meta":{"origin":29556,"position":5},"title":"Conexiones del asesinato de fiscal de Paraguay se extienden desde Colombia hasta Brasil \u00a0","author":"Seth Robbins","date":"8 de junio de 2022","format":false,"excerpt":"Han surgido nuevos detalles sobre el asesinato del fiscal paraguayo Marcelo Pecci en Colombia, incluido el hecho de que el ataque fue planeado met\u00f3dicamente en Medell\u00edn y que quienes orquestaron su asesinato pagaron m\u00e1s de US$500.000.","rel":"","context":"En \u00abNoticias\u00bb","block_context":{"text":"Noticias","link":"https:\/\/insightcrime.org\/es\/category\/noticias\/"},"img":{"alt_text":"","src":"","width":0,"height":0},"classes":[]}],"jetpack_featured_media_url":"https:\/\/i0.wp.com\/insightcrime.org\/wp-content\/uploads\/2017\/06\/es-17-06-21-Brazil-Youth-Threatened.jpg?fit=350%2C250&quality=100&ssl=1","_links":{"self":[{"href":"https:\/\/insightcrime.org\/es\/wp-json\/wp\/v2\/posts\/29556","targetHints":{"allow":["GET"]}}],"collection":[{"href":"https:\/\/insightcrime.org\/es\/wp-json\/wp\/v2\/posts"}],"about":[{"href":"https:\/\/insightcrime.org\/es\/wp-json\/wp\/v2\/types\/post"}],"author":[{"embeddable":true,"href":"https:\/\/insightcrime.org\/es\/wp-json\/wp\/v2\/users\/94"}],"replies":[{"embeddable":true,"href":"https:\/\/insightcrime.org\/es\/wp-json\/wp\/v2\/comments?post=29556"}],"version-history":[{"count":1,"href":"https:\/\/insightcrime.org\/es\/wp-json\/wp\/v2\/posts\/29556\/revisions"}],"predecessor-version":[{"id":35675,"href":"https:\/\/insightcrime.org\/es\/wp-json\/wp\/v2\/posts\/29556\/revisions\/35675"}],"wp:featuredmedia":[{"embeddable":true,"href":"https:\/\/insightcrime.org\/es\/wp-json\/wp\/v2\/media\/46670"}],"wp:attachment":[{"href":"https:\/\/insightcrime.org\/es\/wp-json\/wp\/v2\/media?parent=29556"}],"wp:term":[{"taxonomy":"category","embeddable":true,"href":"https:\/\/insightcrime.org\/es\/wp-json\/wp\/v2\/categories?post=29556"},{"taxonomy":"post_tag","embeddable":true,"href":"https:\/\/insightcrime.org\/es\/wp-json\/wp\/v2\/tags?post=29556"},{"taxonomy":"newspack_spnsrs_tax","embeddable":true,"href":"https:\/\/insightcrime.org\/es\/wp-json\/wp\/v2\/newspack_spnsrs_tax?post=29556"},{"taxonomy":"author","embeddable":true,"href":"https:\/\/insightcrime.org\/es\/wp-json\/wp\/v2\/coauthors?post=29556"}],"curies":[{"name":"wp","href":"https:\/\/api.w.org\/{rel}","templated":true}]}}