{"id":29712,"date":"2017-07-10T14:10:51","date_gmt":"2017-09-14T00:18:35","guid":{"rendered":"https:\/\/insightcrime.org\/?p=29712"},"modified":"2023-04-24T16:01:37","modified_gmt":"2023-04-24T21:01:37","slug":"insight-semanal-puede-hip-hop-ayudar-detener-violencia-pandillas-latinoamerica","status":"publish","type":"post","link":"https:\/\/insightcrime.org\/es\/noticias\/analisis\/insight-semanal-puede-hip-hop-ayudar-detener-violencia-pandillas-latinoamerica\/","title":{"rendered":"InSight Semanal: \u00bfPuede el hip hop ayudar a detener la violencia de pandillas en Latinoam\u00e9rica?"},"content":{"rendered":"\n<p class=\"wp-block-paragraph\">En nuestra sesi\u00f3n de Facebook Live del 6 de julio, el editor s\u00e9nior Mike LaSusa y la periodista independiente Angelika Albaladejo hablaron de su <a href=\"\/noticias\/analisis\/puede-hip-hop-ayudar-detener-violencia-pandillas-latinoamerica\" target=\"_blank\">reciente investigaci\u00f3n<\/a> sobre los programas de prevenci\u00f3n de violencia con base en el hip hop en Latinoam\u00e9rica, y sobre los desaf\u00edos para su implementaci\u00f3n.<\/p>\n\n\n\n<p class=\"wp-block-paragraph\">La conversaci\u00f3n se inici\u00f3 con la descripci\u00f3n que hizo Albaladejo sobre los or\u00edgenes y las t\u00e1cticas de dos colectivos de hip hop en la Comuna 13, uno de los barrios m\u00e1s violentos de Medell\u00edn, Colombia.<\/p>\n\n\n\n<p class=\"wp-block-paragraph\">Estos grupos de hip hop \u201cdecidieron que uni\u00e9ndose podr\u00edan ayudarse y hacer frente a algunas de las pandillas que controlan su barrio\u201d, dijo Albaladejo.<\/p>\n\n\n\n<p class=\"wp-block-paragraph\">Ambos grupos tienen sus propias maneras de abordar el crimen organizado en la zona.<\/p>\n\n\n\n<p class=\"wp-block-paragraph\">\u201cCasa Kolacho es b\u00e1sicamente un centro comunitario donde instructores como Kbala les ense\u00f1an a los j\u00f3venes diversos m\u00e9todos no violentos de resoluci\u00f3n de conflictos y los animan a participar en actividades como la grabaci\u00f3n de m\u00fasica rap [y] el dibujo de grafitis en el barrio\u201d, explic\u00f3 Albaladejo, quien agreg\u00f3 que las comunidades dicen que estas actividades son una buena manera de mantener a los j\u00f3venes alejados de las pandillas y el crimen.<\/p>\n\n\n\n<p class=\"wp-block-paragraph\">Adem\u00e1s, el colectivo lleva a los turistas a un \u201ctour de la transformaci\u00f3n\u201d de la Comuna 13, con el fin obtener fondos para sus actividades.<\/p>\n\n\n\n<p class=\"wp-block-paragraph\">AgroArte, la otra organizaci\u00f3n de base que Albaladejo visit\u00f3 en la comuna, funciona de una manera m\u00e1s pr\u00e1ctica y tradicional.<\/p>\n\n\n\n<p class=\"wp-block-paragraph\">Dirigido por el rapero AKA, el grupo se basa en la idea de \u201chip hop agrario\u201d, un estilo que fusiona las ra\u00edces rurales de muchos de los miembros de la comunidad con proyectos de jardiner\u00eda en los que participan personas de todas las edades.&nbsp;Esta diversidad se aprecia especialmente en la actividad de \u201cLa Abuela Rapera\u201d.<\/p>\n\n\n\n<p class=\"wp-block-paragraph\"><span style=\"color: #800000;\"><strong>VEA TAMBI\u00c9N:<\/strong><\/span> <a href=\"\/indepth\/narcocultura\" target=\"_blank\">InDepth: Narcocultura<\/a><\/p>\n\n\n\n<p class=\"wp-block-paragraph\">Albaladejo y LaSusa tambi\u00e9n hablaron sobre c\u00f3mo los gobiernos de la regi\u00f3n est\u00e1n reconociendo el impacto positivo que han tenido las iniciativas como Casa Kolacho y AgroArte en los j\u00f3venes en riesgo.&nbsp;Y aunque a veces los gobiernos han proporcionado fondos para estos grupos, no siempre son coherentes en su posici\u00f3n frente a ellos.<\/p>\n\n\n\n<p class=\"wp-block-paragraph\">Por ejemplo, Albaladejo dijo que los efectos a largo plazo de M\u00e1s Barrio Comunidad Trabajando \u2014un programa de prevenci\u00f3n de la violencia en Guadalajara, M\u00e9xico, que logr\u00f3 reunir a miembros de pandillas rivales a trav\u00e9s de las artes\u2014 se pusieron en riesgo cuando el gobierno decidi\u00f3 dejar de financiar este tipo de iniciativas.<\/p>\n\n\n\n<p class=\"wp-block-paragraph\">Albaladejo dijo adem\u00e1s que los estereotipos asociados con el hip hop pueden contribuir a la resistencia de los gobiernos y las comunidades frente a este tipo de programas, especialmente en Centroam\u00e9rica.<\/p>\n\n\n\n<p class=\"wp-block-paragraph\">\u201cDebido a sus or\u00edgenes rebeldes, el hip hop es muy popular entre los j\u00f3venes de estos barrios marginados, donde se instalan este tipo de bandas violentas\u201d, dijo Albaladejo.<\/p>\n\n\n\n<p class=\"wp-block-paragraph\">Pero si bien es cierto que el hip hop se ha asociado con las pandillas en el continente americano, es claro que puede ser utilizado para prevenir la violencia y evitar que los j\u00f3venes marginados se vinculen a ellas.<\/p>\n\n\n\n<p class=\"wp-block-paragraph\">Al final de la conversaci\u00f3n, LaSusa y Albaladejo concluyeron que, aunque programas como AgroArte son prometedores, se necesitan an\u00e1lisis m\u00e1s rigurosos de sus pros y sus contras con el fin de determinar c\u00f3mo hacer para que el hip hop sea una herramienta m\u00e1s eficaz para la prevenci\u00f3n de las pandillas y la violencia.<\/p>\n\n\n\n<p class=\"wp-block-paragraph\">Vea la <a href=\"https:\/\/www.facebook.com\/InSightCrime\/videos\/1348670945182487\/\" target=\"_blank\">conversaci\u00f3n completa <\/a>en la transmisi\u00f3n de Facebook Live:&nbsp;<\/p>\n\n\n\n<p class=\"wp-block-paragraph\"><iframe loading=\"lazy\" src=\"https:\/\/www.facebook.com\/plugins\/video.php?href=https%3A%2F%2Fwww.facebook.com%2FInSightCrime%2Fvideos%2F1348670945182487%2F&amp;show_text=0&amp;width=560\" frameborder=\"0\" scrolling=\"no\" width=\"560\" height=\"314\" allowtransparency=\"true\" allowfullscreen=\"allowfullscreen\" style=\"border: none; overflow: hidden;\"><\/iframe><\/p>\n","protected":false},"excerpt":{"rendered":"<p>En nuestra sesi\u00f3n de Facebook Live del 6 de julio, el editor s\u00e9nior Mike LaSusa y la periodista independiente Angelika Albaladejo hablaron de su <a href=\"analisis\/puede-hip-hop-ayudar-detener-violencia-pandillas-latinoamerica\" target=\"_blank\">reciente investigaci\u00f3n<\/a> sobre los programas de prevenci\u00f3n de violencia con base en el hip hop en Latinoam\u00e9rica, y sobre los desaf\u00edos para su implementaci\u00f3n.<\/p>\n","protected":false},"author":2,"featured_media":46748,"comment_status":"closed","ping_status":"closed","sticky":false,"template":"","format":"standard","meta":{"newspack_ads_suppress_ads":false,"newspack_popups_has_disabled_popups":false,"newspack_sponsor_sponsorship_scope":"","newspack_sponsor_native_byline_display":"inherit","newspack_sponsor_native_category_display":"inherit","newspack_sponsor_underwriter_style":"inherit","newspack_sponsor_underwriter_placement":"inherit","_EventAllDay":false,"_EventTimezone":"","_EventStartDate":"","_EventEndDate":"","_EventStartDateUTC":"","_EventEndDateUTC":"","_EventShowMap":false,"_EventShowMapLink":false,"_EventURL":"","_EventCost":"","_EventCostDescription":"","_EventCurrencySymbol":"","_EventCurrencyCode":"","_EventCurrencyPosition":"","_EventDateTimeSeparator":"","_EventTimeRangeSeparator":"","_EventOrganizerID":[],"_EventVenueID":[],"_OrganizerEmail":"","_OrganizerPhone":"","_OrganizerWebsite":"","_VenueAddress":"","_VenueCity":"","_VenueCountry":"","_VenueProvince":"","_VenueState":"","_VenueZip":"","_VenuePhone":"","_VenueURL":"","_VenueStateProvince":"","_VenueLat":"","_VenueLng":"","_VenueShowMap":false,"_VenueShowMapLink":false,"_newspack_byline_active":false,"_newspack_byline":"","newspack_hide_updated_date":false,"newspack_show_updated_date":false,"newspack_featured_image_position":"","newspack_post_subtitle":"","newspack_article_summary_title":"Overview:","newspack_article_summary":"","_jetpack_memberships_contains_paid_content":false,"footnotes":""},"categories":[340],"tags":[368,406,1500,500,438],"newspack_spnsrs_tax":[],"coauthors":[3649],"class_list":["post-29712","post","type-post","status-publish","format-standard","has-post-thumbnail","hentry","category-analisis","tag-colombia-pais","tag-mexico-pais","tag-ms13-es","tag-narcocultura","tag-politicas-de-seguridad","entry"],"parsely":{"version":"1.1.0","canonical_url":"https:\/\/insightcrime.org\/es\/noticias\/analisis\/insight-semanal-puede-hip-hop-ayudar-detener-violencia-pandillas-latinoamerica\/","smart_links":{"inbound":0,"outbound":0},"traffic_boost_suggestions_count":0,"meta":{"@context":"https:\/\/schema.org","@type":"NewsArticle","headline":"InSight Semanal: \u00bfPuede el hip hop ayudar a detener la violencia de pandillas en Latinoam\u00e9rica?","url":"http:\/\/insightcrime.org\/es\/noticias\/analisis\/insight-semanal-puede-hip-hop-ayudar-detener-violencia-pandillas-latinoamerica\/","mainEntityOfPage":{"@type":"WebPage","@id":"http:\/\/insightcrime.org\/es\/noticias\/analisis\/insight-semanal-puede-hip-hop-ayudar-detener-violencia-pandillas-latinoamerica\/"},"thumbnailUrl":"https:\/\/i0.wp.com\/insightcrime.org\/wp-content\/uploads\/2017\/07\/es-17-07-06-WeeklyInSight.png?resize=150%2C150&quality=100&ssl=1","image":{"@type":"ImageObject","url":"https:\/\/i0.wp.com\/insightcrime.org\/wp-content\/uploads\/2017\/07\/es-17-07-06-WeeklyInSight.png?fit=350%2C250&quality=100&ssl=1"},"articleSection":"An\u00e1lisis","author":[{"@type":"Person","name":"InSight Crime"}],"creator":["InSight Crime"],"publisher":{"@type":"Organization","name":"InSight Crime","logo":"https:\/\/insightcrime.org\/wp-content\/uploads\/2023\/08\/logo.png"},"keywords":["colombia","m\u00e9xico","ms13","narcocultura","pol\u00edticas de seguridad"],"dateCreated":"2017-09-14T00:18:35Z","datePublished":"2017-09-14T00:18:35Z","dateModified":"2023-04-24T21:01:37Z"},"rendered":"<meta name=\"parsely-title\" content=\"InSight Semanal: \u00bfPuede el hip hop ayudar a detener la violencia de pandillas en Latinoam\u00e9rica?\" \/>\n<meta name=\"parsely-link\" content=\"http:\/\/insightcrime.org\/es\/noticias\/analisis\/insight-semanal-puede-hip-hop-ayudar-detener-violencia-pandillas-latinoamerica\/\" \/>\n<meta name=\"parsely-type\" content=\"post\" \/>\n<meta name=\"parsely-image-url\" content=\"https:\/\/i0.wp.com\/insightcrime.org\/wp-content\/uploads\/2017\/07\/es-17-07-06-WeeklyInSight.png?resize=150%2C150&amp;quality=100&amp;ssl=1\" \/>\n<meta name=\"parsely-pub-date\" content=\"2017-09-14T00:18:35Z\" \/>\n<meta name=\"parsely-section\" content=\"An\u00e1lisis\" \/>\n<meta name=\"parsely-tags\" content=\"colombia,m\u00e9xico,ms13,narcocultura,pol\u00edticas de seguridad\" \/>\n<meta name=\"parsely-author\" content=\"InSight Crime\" \/>","tracker_url":"https:\/\/cdn.parsely.com\/keys\/insightcrime.org\/p.js"},"jetpack_sharing_enabled":true,"jetpack-related-posts":[{"id":247885,"url":"https:\/\/insightcrime.org\/es\/noticias\/conclusiones-indice-gallup-seguridad-publica-2022\/","url_meta":{"origin":29712,"position":0},"title":"3 conclusiones del informe Gallup sobre seguridad p\u00fablica 2023","author":"Liza Schmidt","date":"28 de noviembre de 2023","format":false,"excerpt":"Despu\u00e9s de a\u00f1os como la regi\u00f3n peor clasificada del mundo, finalmente la percepci\u00f3n p\u00fablica sobre seguridad en Latinoam\u00e9rica y el Caribe ha mostrado mejor\u00edas, seg\u00fan una encuesta global que se realiza anualmente.","rel":"","context":"En \u00abNoticias\u00bb","block_context":{"text":"Noticias","link":"https:\/\/insightcrime.org\/es\/category\/noticias\/"},"img":{"alt_text":"Ecuadorian police in full gear. ","src":"https:\/\/i0.wp.com\/insightcrime.org\/wp-content\/uploads\/2023\/11\/ecuador-police-action-security-policy-ecuador-times.jpeg?fit=350%2C250&quality=100&ssl=1&resize=350%2C200","width":350,"height":200},"classes":[]},{"id":264203,"url":"https:\/\/insightcrime.org\/es\/noticias\/senalan-crimen-organizado-mitad-homicidios-latinoamerica\/","url_meta":{"origin":29712,"position":1},"title":"Crimen organizado causa la mitad de los homicidios en Latinoam\u00e9rica","author":"Dario Migliorini","date":"22 de diciembre de 2023","format":false,"excerpt":"El crimen organizado responde al menos por la mitad de los homicidios en Latinoam\u00e9rica y el Caribe, y la regi\u00f3n ostenta la tasa de homicidios regional m\u00e1s alta del mundo, seg\u00fan un reciente estudio.","rel":"","context":"En \u00abNoticias\u00bb","block_context":{"text":"Noticias","link":"https:\/\/insightcrime.org\/es\/category\/noticias\/"},"img":{"alt_text":"Estados de excepci\u00f3n no son una f\u00f3rmula infalible para controlar los homicidios causados por el crimen organizado en Latinoam\u00e9rica","src":"https:\/\/i0.wp.com\/insightcrime.org\/wp-content\/uploads\/2023\/12\/Jamaica-State-of-emergency-Homicides-Reuters.jpg?fit=350%2C250&quality=100&ssl=1&resize=350%2C200","width":350,"height":200},"classes":[]},{"id":232637,"url":"https:\/\/insightcrime.org\/es\/noticias\/masacre-penal-femenino-honduras-tragedia-anunciada\/","url_meta":{"origin":29712,"position":2},"title":"Masacre en penal femenino de Honduras: una tragedia anunciada\u00a0","author":"Victoria Dittmar","date":"21 de junio de 2023","format":false,"excerpt":"El asesinato de decenas de mujeres en el penal femenino de Honduras ocurri\u00f3 en un contexto de creciente tensi\u00f3n entre pandillas.","rel":"","context":"En \u00abNoticias\u00bb","block_context":{"text":"Noticias","link":"https:\/\/insightcrime.org\/es\/category\/noticias\/"},"img":{"alt_text":"Humo sale del penal del PNFAS en Honduras, donde 48 mujeres fueron asesinadas en violencia entre pandillas","src":"https:\/\/i0.wp.com\/insightcrime.org\/wp-content\/uploads\/2023\/09\/af09886383-1-1.jpg?fit=350%2C250&quality=100&ssl=1&resize=350%2C200","width":350,"height":200},"classes":[]},{"id":274744,"url":"https:\/\/insightcrime.org\/es\/noticias\/violencia-valle-del-cauca-evidencia-aumento-masacres-pandilleras-colombia\/","url_meta":{"origin":29712,"position":3},"title":"La violencia en Valle del Cauca evidencia el aumento de las masacres pandilleras en Colombia","author":"Sergio Saffon","date":"30 de abril de 2024","format":false,"excerpt":"Una serie de masacres en el departamento del Valle del Cauca, en el suroeste de Colombia, ilustra c\u00f3mo las bandas criminales urbanas emplean cada vez m\u00e1s una forma de violencia que antes se asociaba a los principales grupos armados del pa\u00eds.","rel":"","context":"En \u00abNoticias\u00bb","block_context":{"text":"Noticias","link":"https:\/\/insightcrime.org\/es\/category\/noticias\/"},"img":{"alt_text":"Authorities move the bodies of the victims of one gang massacre in Valle del Cauca, Colombia.","src":"https:\/\/i0.wp.com\/insightcrime.org\/wp-content\/uploads\/2023\/08\/image-2-1.png?fit=350%2C250&quality=100&ssl=1&resize=350%2C200","width":350,"height":200},"classes":[]},{"id":6313,"url":"https:\/\/insightcrime.org\/es\/noticias-crimen-organizado-el-salvador\/barrio-18-perfil-2\/","url_meta":{"origin":29712,"position":4},"title":"Barrio 18","author":"InSight Crime","date":"14 de noviembre de 2023","format":false,"excerpt":"La pandilla 18, tambi\u00e9n conocida como Barrio 18, es una de las maras m\u00e1s numerosas del hemisferio occidental, equiparable en muchos aspectos a su rival m\u00e1s conocido, la Mara Salvatrucha (MS13). Aunque la pandilla tiene c\u00e9lulas en operaci\u00f3n desde Centroam\u00e9rica hasta Canad\u00e1, se ha debilitado mucho en El Salvador despu\u00e9s\u2026","rel":"","context":"En \u00abEl Salvador\u00bb","block_context":{"text":"El Salvador","link":"https:\/\/insightcrime.org\/es\/category\/noticias-crimen-organizado-el-salvador\/"},"img":{"alt_text":"","src":"https:\/\/i0.wp.com\/insightcrime.org\/wp-content\/uploads\/2023\/11\/Grupo-Criminal-Barrio-18.jpg?fit=1200%2C900&quality=100&ssl=1&resize=350%2C200","width":350,"height":200,"srcset":"https:\/\/i0.wp.com\/insightcrime.org\/wp-content\/uploads\/2023\/11\/Grupo-Criminal-Barrio-18.jpg?fit=1200%2C900&quality=100&ssl=1&resize=350%2C200 1x, https:\/\/i0.wp.com\/insightcrime.org\/wp-content\/uploads\/2023\/11\/Grupo-Criminal-Barrio-18.jpg?fit=1200%2C900&quality=100&ssl=1&resize=525%2C300 1.5x, https:\/\/i0.wp.com\/insightcrime.org\/wp-content\/uploads\/2023\/11\/Grupo-Criminal-Barrio-18.jpg?fit=1200%2C900&quality=100&ssl=1&resize=700%2C400 2x, https:\/\/i0.wp.com\/insightcrime.org\/wp-content\/uploads\/2023\/11\/Grupo-Criminal-Barrio-18.jpg?fit=1200%2C900&quality=100&ssl=1&resize=1050%2C600 3x"},"classes":[]},{"id":273259,"url":"https:\/\/insightcrime.org\/es\/noticias\/como-investigamos-masacre-prision-femenina-honduras\/","url_meta":{"origin":29712,"position":5},"title":"Detr\u00e1s de la historia: C\u00f3mo investigamos la masacre en la prisi\u00f3n femenina de Honduras","author":"InSight Crime","date":"10 de abril de 2024","format":false,"excerpt":"El 16 de agosto de 2023, InSight Crime public\u00f3 una investigaci\u00f3n sobre una de las masacres m\u00e1s mort\u00edferas registradas en una prisi\u00f3n femenina en Latinoam\u00e9rica. En un reciente espacio de Twitter, dos de nuestras investigadoras conversaron sobre la metodolog\u00eda de la investigaci\u00f3n, las impresiones acerca de la PNFAS, y el\u2026","rel":"","context":"En \u00abNoticias\u00bb","block_context":{"text":"Noticias","link":"https:\/\/insightcrime.org\/es\/category\/noticias\/"},"img":{"alt_text":"Women survivors of the massacre in the Honduras women's prison. \n","src":"https:\/\/i0.wp.com\/insightcrime.org\/wp-content\/uploads\/2024\/04\/Honduras-PNFAS-Modulo-1-Sobrevivientes-prision-genero-crimen-Instituto-Nacional-Penitenciario.jpeg?fit=1024%2C768&quality=100&ssl=1&resize=350%2C200","width":350,"height":200,"srcset":"https:\/\/i0.wp.com\/insightcrime.org\/wp-content\/uploads\/2024\/04\/Honduras-PNFAS-Modulo-1-Sobrevivientes-prision-genero-crimen-Instituto-Nacional-Penitenciario.jpeg?fit=1024%2C768&quality=100&ssl=1&resize=350%2C200 1x, https:\/\/i0.wp.com\/insightcrime.org\/wp-content\/uploads\/2024\/04\/Honduras-PNFAS-Modulo-1-Sobrevivientes-prision-genero-crimen-Instituto-Nacional-Penitenciario.jpeg?fit=1024%2C768&quality=100&ssl=1&resize=525%2C300 1.5x, https:\/\/i0.wp.com\/insightcrime.org\/wp-content\/uploads\/2024\/04\/Honduras-PNFAS-Modulo-1-Sobrevivientes-prision-genero-crimen-Instituto-Nacional-Penitenciario.jpeg?fit=1024%2C768&quality=100&ssl=1&resize=700%2C400 2x"},"classes":[]}],"jetpack_featured_media_url":"https:\/\/i0.wp.com\/insightcrime.org\/wp-content\/uploads\/2017\/07\/es-17-07-06-WeeklyInSight.png?fit=350%2C250&quality=100&ssl=1","_links":{"self":[{"href":"https:\/\/insightcrime.org\/es\/wp-json\/wp\/v2\/posts\/29712","targetHints":{"allow":["GET"]}}],"collection":[{"href":"https:\/\/insightcrime.org\/es\/wp-json\/wp\/v2\/posts"}],"about":[{"href":"https:\/\/insightcrime.org\/es\/wp-json\/wp\/v2\/types\/post"}],"author":[{"embeddable":true,"href":"https:\/\/insightcrime.org\/es\/wp-json\/wp\/v2\/users\/2"}],"replies":[{"embeddable":true,"href":"https:\/\/insightcrime.org\/es\/wp-json\/wp\/v2\/comments?post=29712"}],"version-history":[{"count":1,"href":"https:\/\/insightcrime.org\/es\/wp-json\/wp\/v2\/posts\/29712\/revisions"}],"predecessor-version":[{"id":35726,"href":"https:\/\/insightcrime.org\/es\/wp-json\/wp\/v2\/posts\/29712\/revisions\/35726"}],"wp:featuredmedia":[{"embeddable":true,"href":"https:\/\/insightcrime.org\/es\/wp-json\/wp\/v2\/media\/46748"}],"wp:attachment":[{"href":"https:\/\/insightcrime.org\/es\/wp-json\/wp\/v2\/media?parent=29712"}],"wp:term":[{"taxonomy":"category","embeddable":true,"href":"https:\/\/insightcrime.org\/es\/wp-json\/wp\/v2\/categories?post=29712"},{"taxonomy":"post_tag","embeddable":true,"href":"https:\/\/insightcrime.org\/es\/wp-json\/wp\/v2\/tags?post=29712"},{"taxonomy":"newspack_spnsrs_tax","embeddable":true,"href":"https:\/\/insightcrime.org\/es\/wp-json\/wp\/v2\/newspack_spnsrs_tax?post=29712"},{"taxonomy":"author","embeddable":true,"href":"https:\/\/insightcrime.org\/es\/wp-json\/wp\/v2\/coauthors?post=29712"}],"curies":[{"name":"wp","href":"https:\/\/api.w.org\/{rel}","templated":true}]}}