{"id":297352,"date":"2024-12-03T22:20:58","date_gmt":"2024-12-04T03:20:58","guid":{"rendered":"https:\/\/insightcrime.org\/?p=297352"},"modified":"2024-12-05T09:45:00","modified_gmt":"2024-12-05T14:45:00","slug":"bandas-carcelarias-eje-criminal-ecuador","status":"publish","type":"post","link":"https:\/\/insightcrime.org\/es\/investigaciones\/bandas-carcelarias-eje-criminal-ecuador\/","title":{"rendered":"Las bandas carcelarias: el eje criminal de Ecuador"},"content":{"rendered":"\n<div class=\"wp-block-group alignfull has-background\" style=\"background-color:#eeecdd\"><div class=\"wp-block-group__inner-container is-layout-constrained wp-block-group-is-layout-constrained\">\n<p class=\"wp-block-paragraph\">El crimen organizado en Ecuador opera hoy en varios niveles. En los escalones superiores se encuentran aquellos que controlan el tr\u00e1fico transnacional de coca\u00edna en Ecuador y las \u00e9lites corruptas de la pol\u00edtica, el sector empresarial y las instituciones estatales. En el escal\u00f3n m\u00e1s bajo se encuentran las bandas integradas por j\u00f3venes descontentos y criminales comunes, que operan tanto en las calles como en las prisiones. Los grupos m\u00e1s poderosos del sistema penitenciario, conocidos en Ecuador como las \u201cmafias\u201d, se sit\u00faan en la intersecci\u00f3n entre estos niveles, conect\u00e1ndose y coordin\u00e1ndose entre ellos.&nbsp;<\/p>\n\n\n\n<p class=\"wp-block-paragraph\"><em>Para obtener un desglose completo de la estructura y las operaciones de las mafias carcelarias, lea el informe de Insight Crime sobre el sistema penitenciario de Ecuador <a href=\"https:\/\/insightcrime.org\/wp-content\/uploads\/2024\/12\/El-sistema-penitenciario-en-Ecuador-historia-y-retos-de-un-epicentro-del-crimennSight-Crime-Dec-2024VersionEspanol.pdf\" target=\"_blank\" rel=\"noreferrer noopener\">aqu\u00ed<\/a>.<\/em> <em>Lea el resto de la investigaci\u00f3n <a href=\"https:\/\/insightcrime.org\/es\/investigaciones\/tras-rejas-fuera-control-caida-prisiones-ecuador-ascenso-mafias\/\" target=\"_blank\" rel=\"noreferrer noopener\">aqu\u00ed<\/a>.<\/em><\/p>\n\n\n<div class=\"wp-block-image\">\n<figure class=\"aligncenter size-large\"><img data-recalc-dims=\"1\" loading=\"lazy\" decoding=\"async\" width=\"1024\" height=\"1024\" src=\"https:\/\/i0.wp.com\/insightcrime.org\/wp-content\/uploads\/2024\/12\/Ecuador-Prisons-ES-diagrama-general-Diagrama-InSight-Crime-Nov-2024.jpg?resize=1024%2C1024&#038;quality=100&#038;ssl=1\" alt=\"\" class=\"wp-image-297514\" srcset=\"https:\/\/i0.wp.com\/insightcrime.org\/wp-content\/uploads\/2024\/12\/Ecuador-Prisons-ES-diagrama-general-Diagrama-InSight-Crime-Nov-2024.jpg?resize=1024%2C1024&amp;quality=100&amp;ssl=1 1024w, https:\/\/i0.wp.com\/insightcrime.org\/wp-content\/uploads\/2024\/12\/Ecuador-Prisons-ES-diagrama-general-Diagrama-InSight-Crime-Nov-2024.jpg?resize=300%2C300&amp;quality=100&amp;ssl=1 300w, https:\/\/i0.wp.com\/insightcrime.org\/wp-content\/uploads\/2024\/12\/Ecuador-Prisons-ES-diagrama-general-Diagrama-InSight-Crime-Nov-2024.jpg?resize=150%2C150&amp;quality=100&amp;ssl=1 150w, https:\/\/i0.wp.com\/insightcrime.org\/wp-content\/uploads\/2024\/12\/Ecuador-Prisons-ES-diagrama-general-Diagrama-InSight-Crime-Nov-2024.jpg?resize=768%2C768&amp;quality=100&amp;ssl=1 768w, https:\/\/i0.wp.com\/insightcrime.org\/wp-content\/uploads\/2024\/12\/Ecuador-Prisons-ES-diagrama-general-Diagrama-InSight-Crime-Nov-2024.jpg?resize=1200%2C1200&amp;quality=100&amp;ssl=1 1200w, https:\/\/i0.wp.com\/insightcrime.org\/wp-content\/uploads\/2024\/12\/Ecuador-Prisons-ES-diagrama-general-Diagrama-InSight-Crime-Nov-2024.jpg?resize=800%2C800&amp;quality=100&amp;ssl=1 800w, https:\/\/i0.wp.com\/insightcrime.org\/wp-content\/uploads\/2024\/12\/Ecuador-Prisons-ES-diagrama-general-Diagrama-InSight-Crime-Nov-2024.jpg?resize=600%2C600&amp;quality=100&amp;ssl=1 600w, https:\/\/i0.wp.com\/insightcrime.org\/wp-content\/uploads\/2024\/12\/Ecuador-Prisons-ES-diagrama-general-Diagrama-InSight-Crime-Nov-2024.jpg?resize=400%2C400&amp;quality=100&amp;ssl=1 400w, https:\/\/i0.wp.com\/insightcrime.org\/wp-content\/uploads\/2024\/12\/Ecuador-Prisons-ES-diagrama-general-Diagrama-InSight-Crime-Nov-2024.jpg?resize=200%2C200&amp;quality=100&amp;ssl=1 200w, https:\/\/i0.wp.com\/insightcrime.org\/wp-content\/uploads\/2024\/12\/Ecuador-Prisons-ES-diagrama-general-Diagrama-InSight-Crime-Nov-2024.jpg?resize=706%2C706&amp;quality=100&amp;ssl=1 706w, https:\/\/i0.wp.com\/insightcrime.org\/wp-content\/uploads\/2024\/12\/Ecuador-Prisons-ES-diagrama-general-Diagrama-InSight-Crime-Nov-2024.jpg?resize=100%2C100&amp;quality=100&amp;ssl=1 100w, https:\/\/i0.wp.com\/insightcrime.org\/wp-content\/uploads\/2024\/12\/Ecuador-Prisons-ES-diagrama-general-Diagrama-InSight-Crime-Nov-2024.jpg?w=1300&amp;quality=100&amp;ssl=1 1300w, https:\/\/i0.wp.com\/insightcrime.org\/wp-content\/uploads\/2024\/12\/Ecuador-Prisons-ES-diagrama-general-Diagrama-InSight-Crime-Nov-2024-1024x1024.jpg?w=370&amp;quality=100&amp;ssl=1 370w\" sizes=\"auto, (max-width: 1000px) 100vw, 1000px\" \/><\/figure>\n<\/div>\n\n\n<h2 class=\"wp-block-heading\" id=\"h-elites-corruptas\">\u00c9lites corruptas<\/h2>\n\n\n\n<p class=\"wp-block-paragraph\">Las mafias carcelarias y las \u00e9lites criminales, como los narcotraficantes y los lavadores de dinero de alto nivel, mantienen amplias redes de corrupci\u00f3n que son m\u00e1s evidentes en las fuerzas del orden y el sector judicial, pero que tambi\u00e9n incluyen los poderes pol\u00edtico y administrativo del Estado y el sector privado. El principal papel de los funcionarios de seguridad corruptos es proporcionar inteligencia para facilitar y proteger las actividades de las mafias. Los funcionarios judiciales dictan sentencias favorables en cuestiones como los procesamientos y las condenas, la concesi\u00f3n de libertades anticipadas y los traslados de prisi\u00f3n. Los pol\u00edticos y los funcionarios del gobierno protegen y facilitan las actividades de las mafias, as\u00ed como el acceso a fuentes de ingresos como contratos p\u00fablicos y puestos clave en los gobiernos locales. <\/p>\n\n\n\n<p class=\"wp-block-paragraph\">A cambio, las mafias pueden contribuir a la financiaci\u00f3n de campa\u00f1as, entregar votos o simplemente pagar sobornos. Sin embargo, fuentes criminales, de las fuerzas de seguridad, de los servicios de inteligencia y ex altos cargos del gobierno insisten en que los v\u00ednculos entre las mafias y los actores corruptos son mucho m\u00e1s profundos y que, en los niveles superiores del poder pol\u00edtico, la din\u00e1mica de poder cambia: las mafias act\u00faan al servicio de las redes de corrupci\u00f3n. Estas redes de corrupci\u00f3n de alto nivel est\u00e1n implicadas en una vertiginosa gama de negocios legales e ilegales, sobre todo, la captaci\u00f3n de rentas y la malversaci\u00f3n de fondos del Estado.<br><\/p>\n\n\n<div class=\"wp-block-image\">\n<figure class=\"aligncenter size-large is-resized\"><img data-recalc-dims=\"1\" loading=\"lazy\" decoding=\"async\" width=\"1300\" height=\"975\" src=\"https:\/\/i0.wp.com\/insightcrime.org\/wp-content\/uploads\/2024\/12\/Ecuador-Prisons-Elites-corruptas-Diagrama-InSight-Crime-Nov-2024-edited.jpg?resize=1300%2C975&#038;quality=100&#038;ssl=1\" alt=\"\" class=\"wp-image-297759\" style=\"width:963px;height:auto\" srcset=\"https:\/\/i0.wp.com\/insightcrime.org\/wp-content\/uploads\/2024\/12\/Ecuador-Prisons-Elites-corruptas-Diagrama-InSight-Crime-Nov-2024-edited.jpg?w=1300&amp;quality=100&amp;ssl=1 1300w, https:\/\/i0.wp.com\/insightcrime.org\/wp-content\/uploads\/2024\/12\/Ecuador-Prisons-Elites-corruptas-Diagrama-InSight-Crime-Nov-2024-edited.jpg?resize=300%2C225&amp;quality=100&amp;ssl=1 300w, https:\/\/i0.wp.com\/insightcrime.org\/wp-content\/uploads\/2024\/12\/Ecuador-Prisons-Elites-corruptas-Diagrama-InSight-Crime-Nov-2024-edited.jpg?resize=1024%2C768&amp;quality=100&amp;ssl=1 1024w, https:\/\/i0.wp.com\/insightcrime.org\/wp-content\/uploads\/2024\/12\/Ecuador-Prisons-Elites-corruptas-Diagrama-InSight-Crime-Nov-2024-edited.jpg?resize=768%2C576&amp;quality=100&amp;ssl=1 768w, https:\/\/i0.wp.com\/insightcrime.org\/wp-content\/uploads\/2024\/12\/Ecuador-Prisons-Elites-corruptas-Diagrama-InSight-Crime-Nov-2024-edited.jpg?resize=1200%2C900&amp;quality=100&amp;ssl=1 1200w, https:\/\/i0.wp.com\/insightcrime.org\/wp-content\/uploads\/2024\/12\/Ecuador-Prisons-Elites-corruptas-Diagrama-InSight-Crime-Nov-2024-edited.jpg?resize=800%2C600&amp;quality=100&amp;ssl=1 800w, https:\/\/i0.wp.com\/insightcrime.org\/wp-content\/uploads\/2024\/12\/Ecuador-Prisons-Elites-corruptas-Diagrama-InSight-Crime-Nov-2024-edited.jpg?resize=600%2C450&amp;quality=100&amp;ssl=1 600w, https:\/\/i0.wp.com\/insightcrime.org\/wp-content\/uploads\/2024\/12\/Ecuador-Prisons-Elites-corruptas-Diagrama-InSight-Crime-Nov-2024-edited.jpg?resize=400%2C300&amp;quality=100&amp;ssl=1 400w, https:\/\/i0.wp.com\/insightcrime.org\/wp-content\/uploads\/2024\/12\/Ecuador-Prisons-Elites-corruptas-Diagrama-InSight-Crime-Nov-2024-edited.jpg?resize=200%2C150&amp;quality=100&amp;ssl=1 200w, https:\/\/i0.wp.com\/insightcrime.org\/wp-content\/uploads\/2024\/12\/Ecuador-Prisons-Elites-corruptas-Diagrama-InSight-Crime-Nov-2024-edited.jpg?resize=706%2C530&amp;quality=100&amp;ssl=1 706w, https:\/\/i0.wp.com\/insightcrime.org\/wp-content\/uploads\/2024\/12\/Ecuador-Prisons-Elites-corruptas-Diagrama-InSight-Crime-Nov-2024-edited.jpg?w=370&amp;quality=100&amp;ssl=1 370w\" sizes=\"auto, (max-width: 1000px) 100vw, 1000px\" \/><\/figure>\n<\/div>\n\n\n<h2 class=\"wp-block-heading\" id=\"h-narcotrafico\">Narcotr\u00e1fico<\/h2>\n\n\n\n<p class=\"wp-block-paragraph\">Los narcotraficantes transnacionales, principalmente las redes europeas de crimen organizado, sobre todo los traficantes albaneses, y las organizaciones mexicanas como el Cartel de Sinaloa y el Cartel Jalisco Nueva Generaci\u00f3n (CJNG) se abastecen de coca\u00edna de proveedores colombianos y luego trabajan con traficantes ecuatorianos para mover los cargamentos a trav\u00e9s del pa\u00eds o coordinan directamente las operaciones con las mafias carcelarias. El complejo trabajo log\u00edstico del narcotr\u00e1fico es llevado a cabo por c\u00e9lulas especializadas que act\u00faan bajo las \u00f3rdenes de los niveles superiores de la c\u00fapula mafiosa. Estas c\u00e9lulas se especializan en diferentes rutas y m\u00e9todos, como la contaminaci\u00f3n de contenedores mar\u00edtimos o el env\u00edo de lanchas r\u00e1pidas o avionetas. Las mafias tambi\u00e9n utilizan sus redes de bandas callejeras para almacenar y transportar cargamentos de droga, y para retener, tomar y vigilar territorios estrat\u00e9gicos para el tr\u00e1fico, como comunidades ribere\u00f1as o costeras o zonas pr\u00f3ximas a puertos de embarque.<\/p>\n\n\n<div class=\"wp-block-image\">\n<figure class=\"aligncenter size-large is-resized\"><img data-recalc-dims=\"1\" loading=\"lazy\" decoding=\"async\" width=\"1300\" height=\"975\" src=\"https:\/\/i0.wp.com\/insightcrime.org\/wp-content\/uploads\/2024\/12\/Ecuador-Prisons-Narcotrafico-Diagrama-InSight-Crime-Nov-2024-1-edited.jpg?resize=1300%2C975&#038;quality=100&#038;ssl=1\" alt=\"\" class=\"wp-image-297766\" style=\"width:1020px;height:auto\" srcset=\"https:\/\/i0.wp.com\/insightcrime.org\/wp-content\/uploads\/2024\/12\/Ecuador-Prisons-Narcotrafico-Diagrama-InSight-Crime-Nov-2024-1-edited.jpg?w=1300&amp;quality=100&amp;ssl=1 1300w, https:\/\/i0.wp.com\/insightcrime.org\/wp-content\/uploads\/2024\/12\/Ecuador-Prisons-Narcotrafico-Diagrama-InSight-Crime-Nov-2024-1-edited.jpg?resize=300%2C225&amp;quality=100&amp;ssl=1 300w, https:\/\/i0.wp.com\/insightcrime.org\/wp-content\/uploads\/2024\/12\/Ecuador-Prisons-Narcotrafico-Diagrama-InSight-Crime-Nov-2024-1-edited.jpg?resize=1024%2C768&amp;quality=100&amp;ssl=1 1024w, https:\/\/i0.wp.com\/insightcrime.org\/wp-content\/uploads\/2024\/12\/Ecuador-Prisons-Narcotrafico-Diagrama-InSight-Crime-Nov-2024-1-edited.jpg?resize=768%2C576&amp;quality=100&amp;ssl=1 768w, https:\/\/i0.wp.com\/insightcrime.org\/wp-content\/uploads\/2024\/12\/Ecuador-Prisons-Narcotrafico-Diagrama-InSight-Crime-Nov-2024-1-edited.jpg?resize=1200%2C900&amp;quality=100&amp;ssl=1 1200w, https:\/\/i0.wp.com\/insightcrime.org\/wp-content\/uploads\/2024\/12\/Ecuador-Prisons-Narcotrafico-Diagrama-InSight-Crime-Nov-2024-1-edited.jpg?resize=800%2C600&amp;quality=100&amp;ssl=1 800w, https:\/\/i0.wp.com\/insightcrime.org\/wp-content\/uploads\/2024\/12\/Ecuador-Prisons-Narcotrafico-Diagrama-InSight-Crime-Nov-2024-1-edited.jpg?resize=600%2C450&amp;quality=100&amp;ssl=1 600w, https:\/\/i0.wp.com\/insightcrime.org\/wp-content\/uploads\/2024\/12\/Ecuador-Prisons-Narcotrafico-Diagrama-InSight-Crime-Nov-2024-1-edited.jpg?resize=400%2C300&amp;quality=100&amp;ssl=1 400w, https:\/\/i0.wp.com\/insightcrime.org\/wp-content\/uploads\/2024\/12\/Ecuador-Prisons-Narcotrafico-Diagrama-InSight-Crime-Nov-2024-1-edited.jpg?resize=200%2C150&amp;quality=100&amp;ssl=1 200w, https:\/\/i0.wp.com\/insightcrime.org\/wp-content\/uploads\/2024\/12\/Ecuador-Prisons-Narcotrafico-Diagrama-InSight-Crime-Nov-2024-1-edited.jpg?resize=706%2C530&amp;quality=100&amp;ssl=1 706w, https:\/\/i0.wp.com\/insightcrime.org\/wp-content\/uploads\/2024\/12\/Ecuador-Prisons-Narcotrafico-Diagrama-InSight-Crime-Nov-2024-1-edited.jpg?w=370&amp;quality=100&amp;ssl=1 370w\" sizes=\"auto, (max-width: 1000px) 100vw, 1000px\" \/><\/figure>\n<\/div>\n\n\n<h2 class=\"wp-block-heading\" id=\"h-bandas-callejeras\">Bandas callejeras<\/h2>\n\n\n\n<p class=\"wp-block-paragraph\">Por debajo de los m\u00e1ximos l\u00edderes de las mafias hay altos mandos que dirigen la parte operativa de la red. Cada uno de estos comandantes, conocidos como jefes de zona, es responsable de determinadas regiones, incluido el suministro de armas y drogas para su distribuci\u00f3n. Por debajo de los \u201cjefes de zona\u201d est\u00e1n los l\u00edderes de las bandas, conocidos como<em> \u201c<\/em>jefes de barrio\u201d. Los jefes de barrio son responsables de ejecutar las \u00f3rdenes de los jefes de nivel superior y de dirigir las operaciones criminales cotidianas y mantener el control social en su territorio. Para ello, dirigen redes de bandas callejeras conocidas como combos, que act\u00faan como mano de obra de las mafias. El tama\u00f1o de los combos var\u00eda en funci\u00f3n de la mafia y de la din\u00e1mica local, pero suelen estar formados por peque\u00f1os grupos de j\u00f3venes. Aunque su presencia es clave para mantener el territorio, sus actividades suelen limitarse al nivel m\u00e1s bajo de operaciones, principalmente el traslado o la custodia de drogas, dinero o armas, la gesti\u00f3n de econom\u00edas criminales callejeras como la extorsi\u00f3n, los robos y el microtr\u00e1fico, y la realizaci\u00f3n de actos de violencia, incluidos los asesinatos.&nbsp;<br><\/p>\n\n\n<div class=\"wp-block-image\">\n<figure class=\"aligncenter size-large\"><img data-recalc-dims=\"1\" loading=\"lazy\" decoding=\"async\" width=\"1024\" height=\"1024\" src=\"https:\/\/i0.wp.com\/insightcrime.org\/wp-content\/uploads\/2024\/12\/Ecuador-Prisons-Bandas-callejeras-Diagrama-InSight-Crime-Nov-2024.jpg?resize=1024%2C1024&#038;quality=100&#038;ssl=1\" alt=\"\" class=\"wp-image-297520\" srcset=\"https:\/\/i0.wp.com\/insightcrime.org\/wp-content\/uploads\/2024\/12\/Ecuador-Prisons-Bandas-callejeras-Diagrama-InSight-Crime-Nov-2024.jpg?resize=1024%2C1024&amp;quality=100&amp;ssl=1 1024w, https:\/\/i0.wp.com\/insightcrime.org\/wp-content\/uploads\/2024\/12\/Ecuador-Prisons-Bandas-callejeras-Diagrama-InSight-Crime-Nov-2024.jpg?resize=300%2C300&amp;quality=100&amp;ssl=1 300w, https:\/\/i0.wp.com\/insightcrime.org\/wp-content\/uploads\/2024\/12\/Ecuador-Prisons-Bandas-callejeras-Diagrama-InSight-Crime-Nov-2024.jpg?resize=150%2C150&amp;quality=100&amp;ssl=1 150w, https:\/\/i0.wp.com\/insightcrime.org\/wp-content\/uploads\/2024\/12\/Ecuador-Prisons-Bandas-callejeras-Diagrama-InSight-Crime-Nov-2024.jpg?resize=768%2C768&amp;quality=100&amp;ssl=1 768w, https:\/\/i0.wp.com\/insightcrime.org\/wp-content\/uploads\/2024\/12\/Ecuador-Prisons-Bandas-callejeras-Diagrama-InSight-Crime-Nov-2024.jpg?resize=1200%2C1200&amp;quality=100&amp;ssl=1 1200w, https:\/\/i0.wp.com\/insightcrime.org\/wp-content\/uploads\/2024\/12\/Ecuador-Prisons-Bandas-callejeras-Diagrama-InSight-Crime-Nov-2024.jpg?resize=800%2C800&amp;quality=100&amp;ssl=1 800w, https:\/\/i0.wp.com\/insightcrime.org\/wp-content\/uploads\/2024\/12\/Ecuador-Prisons-Bandas-callejeras-Diagrama-InSight-Crime-Nov-2024.jpg?resize=600%2C600&amp;quality=100&amp;ssl=1 600w, https:\/\/i0.wp.com\/insightcrime.org\/wp-content\/uploads\/2024\/12\/Ecuador-Prisons-Bandas-callejeras-Diagrama-InSight-Crime-Nov-2024.jpg?resize=400%2C400&amp;quality=100&amp;ssl=1 400w, https:\/\/i0.wp.com\/insightcrime.org\/wp-content\/uploads\/2024\/12\/Ecuador-Prisons-Bandas-callejeras-Diagrama-InSight-Crime-Nov-2024.jpg?resize=200%2C200&amp;quality=100&amp;ssl=1 200w, https:\/\/i0.wp.com\/insightcrime.org\/wp-content\/uploads\/2024\/12\/Ecuador-Prisons-Bandas-callejeras-Diagrama-InSight-Crime-Nov-2024.jpg?resize=706%2C706&amp;quality=100&amp;ssl=1 706w, https:\/\/i0.wp.com\/insightcrime.org\/wp-content\/uploads\/2024\/12\/Ecuador-Prisons-Bandas-callejeras-Diagrama-InSight-Crime-Nov-2024.jpg?resize=100%2C100&amp;quality=100&amp;ssl=1 100w, https:\/\/i0.wp.com\/insightcrime.org\/wp-content\/uploads\/2024\/12\/Ecuador-Prisons-Bandas-callejeras-Diagrama-InSight-Crime-Nov-2024.jpg?w=1300&amp;quality=100&amp;ssl=1 1300w, https:\/\/i0.wp.com\/insightcrime.org\/wp-content\/uploads\/2024\/12\/Ecuador-Prisons-Bandas-callejeras-Diagrama-InSight-Crime-Nov-2024-1024x1024.jpg?w=370&amp;quality=100&amp;ssl=1 370w\" sizes=\"auto, (max-width: 1000px) 100vw, 1000px\" \/><\/figure>\n<\/div>\n\n\n<h2 class=\"wp-block-heading\" id=\"h-bandas-carcelarias\">Bandas carcelarias<\/h2>\n\n\n\n<p class=\"wp-block-paragraph\">Muchos de los l\u00edderes de las mafias y sus principales lugartenientes se encuentran en las prisiones, donde gestionan las redes internas y coordinan las actividades fuera de las c\u00e1rceles. Por debajo de los m\u00e1ximos dirigentes se encuentran los tenientes de alto rango, conocidos como \u201cjefes de pabell\u00f3n\u201d, que dirigen los pabellones de la prisi\u00f3n o, a veces, una prisi\u00f3n entera. Estos comandantes suelen desempe\u00f1ar una doble funci\u00f3n, ya que tambi\u00e9n act\u00faan como \u201cjefes de bloque\u201d para las redes de bandas callejeras fuera de las prisiones. En los niveles m\u00e1s bajos est\u00e1n los llamados \u201cgatos\u201d del grupo, que realizan las tareas b\u00e1sicas. Las redes mafiosas tambi\u00e9n incluyen especialistas<em>. <\/em>Entre ellos est\u00e1n \u201clas l\u00edneas\u201d, que gestionan las redes de distribuci\u00f3n de drogas o las actividades de contrabando; \u201clos llaveros\u201d, que controlan el acceso a los bloques de celdas; \u201clos caleteros\u201d, que gestionan los dep\u00f3sitos ocultos de armas, drogas y otros tipos de contrabando; y los \u201ccome-muertos\u201d, conocidos como asesinos, que son los sicarios.<\/p>\n\n\n<div class=\"wp-block-image\">\n<figure class=\"aligncenter size-large\"><img data-recalc-dims=\"1\" loading=\"lazy\" decoding=\"async\" width=\"1024\" height=\"1024\" src=\"https:\/\/i0.wp.com\/insightcrime.org\/wp-content\/uploads\/2024\/12\/Ecuador-Prisons-Bandas-carcelarias-Diagrama-InSight-Crime-Nov-2024.jpg?resize=1024%2C1024&#038;quality=100&#038;ssl=1\" alt=\"\" class=\"wp-image-297522\" srcset=\"https:\/\/i0.wp.com\/insightcrime.org\/wp-content\/uploads\/2024\/12\/Ecuador-Prisons-Bandas-carcelarias-Diagrama-InSight-Crime-Nov-2024.jpg?resize=1024%2C1024&amp;quality=100&amp;ssl=1 1024w, https:\/\/i0.wp.com\/insightcrime.org\/wp-content\/uploads\/2024\/12\/Ecuador-Prisons-Bandas-carcelarias-Diagrama-InSight-Crime-Nov-2024.jpg?resize=300%2C300&amp;quality=100&amp;ssl=1 300w, https:\/\/i0.wp.com\/insightcrime.org\/wp-content\/uploads\/2024\/12\/Ecuador-Prisons-Bandas-carcelarias-Diagrama-InSight-Crime-Nov-2024.jpg?resize=150%2C150&amp;quality=100&amp;ssl=1 150w, https:\/\/i0.wp.com\/insightcrime.org\/wp-content\/uploads\/2024\/12\/Ecuador-Prisons-Bandas-carcelarias-Diagrama-InSight-Crime-Nov-2024.jpg?resize=768%2C768&amp;quality=100&amp;ssl=1 768w, https:\/\/i0.wp.com\/insightcrime.org\/wp-content\/uploads\/2024\/12\/Ecuador-Prisons-Bandas-carcelarias-Diagrama-InSight-Crime-Nov-2024.jpg?resize=1200%2C1200&amp;quality=100&amp;ssl=1 1200w, https:\/\/i0.wp.com\/insightcrime.org\/wp-content\/uploads\/2024\/12\/Ecuador-Prisons-Bandas-carcelarias-Diagrama-InSight-Crime-Nov-2024.jpg?resize=800%2C800&amp;quality=100&amp;ssl=1 800w, https:\/\/i0.wp.com\/insightcrime.org\/wp-content\/uploads\/2024\/12\/Ecuador-Prisons-Bandas-carcelarias-Diagrama-InSight-Crime-Nov-2024.jpg?resize=600%2C600&amp;quality=100&amp;ssl=1 600w, https:\/\/i0.wp.com\/insightcrime.org\/wp-content\/uploads\/2024\/12\/Ecuador-Prisons-Bandas-carcelarias-Diagrama-InSight-Crime-Nov-2024.jpg?resize=400%2C400&amp;quality=100&amp;ssl=1 400w, https:\/\/i0.wp.com\/insightcrime.org\/wp-content\/uploads\/2024\/12\/Ecuador-Prisons-Bandas-carcelarias-Diagrama-InSight-Crime-Nov-2024.jpg?resize=200%2C200&amp;quality=100&amp;ssl=1 200w, https:\/\/i0.wp.com\/insightcrime.org\/wp-content\/uploads\/2024\/12\/Ecuador-Prisons-Bandas-carcelarias-Diagrama-InSight-Crime-Nov-2024.jpg?resize=706%2C706&amp;quality=100&amp;ssl=1 706w, https:\/\/i0.wp.com\/insightcrime.org\/wp-content\/uploads\/2024\/12\/Ecuador-Prisons-Bandas-carcelarias-Diagrama-InSight-Crime-Nov-2024.jpg?resize=100%2C100&amp;quality=100&amp;ssl=1 100w, https:\/\/i0.wp.com\/insightcrime.org\/wp-content\/uploads\/2024\/12\/Ecuador-Prisons-Bandas-carcelarias-Diagrama-InSight-Crime-Nov-2024.jpg?w=1300&amp;quality=100&amp;ssl=1 1300w, https:\/\/i0.wp.com\/insightcrime.org\/wp-content\/uploads\/2024\/12\/Ecuador-Prisons-Bandas-carcelarias-Diagrama-InSight-Crime-Nov-2024-1024x1024.jpg?w=370&amp;quality=100&amp;ssl=1 370w\" sizes=\"auto, (max-width: 1000px) 100vw, 1000px\" \/><\/figure>\n<\/div>\n\n\n<hr class=\"wp-block-separator has-alpha-channel-opacity is-style-wide\"\/>\n\n\n\n<h2 class=\"wp-block-heading has-text-align-left accent-header\" id=\"h-explore-las-otras-historias-y-la-investigacion-completa\" style=\"font-size:30px\">Explore las otras historias y la investigaci\u00f3n completa<\/h2>\n\n\n\t<div\n\t\tclass=\"wp-block-newspack-blocks-homepage-articles wpnbha is-grid columns-3 colgap-2 show-image image-aligntop ts-4 is-3 is-landscape  has-text-align-center\"\n\t\tstyle=\"\"\n\t\t>\n\t\t<div data-posts data-current-post-id=\"297352\">\n\t\t\t\t\t\t\n\t<article data-post-id=\"297529\"\n\t\tclass=\"tag-choneros-es tag-cocaina tag-ecuador-pais tag-infografias tag-multimedia-es tag-prisiones-es tag-series-guerra-pandillas-ecuador category-investigaciones type-post post-has-image\"\n\t\t\t\t>\n\t\t\t\t\t\t\t<figure class=\"post-thumbnail\">\n\t\t\t\t\t\t\t\t<a href=\"https:\/\/insightcrime.org\/es\/investigaciones\/evolucion-crisis-carcelaria-ecuador\/\" rel=\"bookmark\" tabindex=\"-1\" aria-hidden=\"true\">\n\t\t\t\t\t\t\t\t\t\t\t\t<img loading=\"lazy\" decoding=\"async\" width=\"800\" height=\"600\" src=\"https:\/\/i0.wp.com\/insightcrime.org\/wp-content\/uploads\/2024\/12\/Ecuador-Prisons-Cover-Cap-1-InSight-Crime-Nov-2024.jpg?resize=800%2C600&amp;quality=100&amp;ssl=1\" class=\"attachment-newspack-article-block-landscape-medium size-newspack-article-block-landscape-medium wp-post-image\" alt=\"La evoluci\u00f3n de la crisis carcelaria en Ecuador\" data-hero-candidate=\"1\" srcset=\"https:\/\/i0.wp.com\/insightcrime.org\/wp-content\/uploads\/2024\/12\/Ecuador-Prisons-Cover-Cap-1-InSight-Crime-Nov-2024.jpg?resize=800%2C600&amp;quality=100&amp;ssl=1 800w, https:\/\/i0.wp.com\/insightcrime.org\/wp-content\/uploads\/2024\/12\/Ecuador-Prisons-Cover-Cap-1-InSight-Crime-Nov-2024.jpg?resize=600%2C450&amp;quality=100&amp;ssl=1 600w, https:\/\/i0.wp.com\/insightcrime.org\/wp-content\/uploads\/2024\/12\/Ecuador-Prisons-Cover-Cap-1-InSight-Crime-Nov-2024.jpg?resize=400%2C300&amp;quality=100&amp;ssl=1 400w, https:\/\/i0.wp.com\/insightcrime.org\/wp-content\/uploads\/2024\/12\/Ecuador-Prisons-Cover-Cap-1-InSight-Crime-Nov-2024.jpg?resize=200%2C150&amp;quality=100&amp;ssl=1 200w, https:\/\/i0.wp.com\/insightcrime.org\/wp-content\/uploads\/2024\/12\/Ecuador-Prisons-Cover-Cap-1-InSight-Crime-Nov-2024.jpg?resize=800%2C600&amp;quality=100&amp;ssl=1&amp;w=370 370w\" sizes=\"auto, (max-width: 34.9rem) calc(100vw - 2rem), (max-width: 53rem) calc(8 * (100vw \/ 12)), (min-width: 53rem) calc(6 * (100vw \/ 12)), 100vw\" \/>\t\t\t\t\t\t\t\t\t\t\t\t<\/a>\n\t\t\t\t\n\t\t\t\t\t\t\t<\/figure><!-- .featured-image -->\n\t\t\n\t\t<div class=\"entry-wrapper\">\n\t\t\t\t\t\t<h2 class=\"entry-title\"><a href=\"https:\/\/insightcrime.org\/es\/investigaciones\/evolucion-crisis-carcelaria-ecuador\/\" rel=\"bookmark\">La evoluci\u00f3n de la crisis carcelaria en Ecuador<\/a><\/h2>\t\t\t\t\t\t\t\t\t\t\t<\/div><!-- .entry-wrapper -->\n\t<\/article>\n\n\t\t\n\t<article data-post-id=\"297616\"\n\t\tclass=\"tag-cocaina tag-ecuador-pais tag-prisiones-es tag-series-guerra-pandillas-ecuador category-investigaciones type-post post-has-image\"\n\t\t\t\t>\n\t\t\t\t\t\t\t<figure class=\"post-thumbnail\">\n\t\t\t\t\t\t\t\t<a href=\"https:\/\/insightcrime.org\/es\/investigaciones\/negocio-penitenciario-ecuador\/\" rel=\"bookmark\" tabindex=\"-1\" aria-hidden=\"true\">\n\t\t\t\t\t\t\t\t\t\t\t\t<img loading=\"lazy\" decoding=\"async\" width=\"800\" height=\"600\" src=\"https:\/\/i0.wp.com\/insightcrime.org\/wp-content\/uploads\/2024\/12\/Ecuador-Prisons-Cover-Cap-2-InSight-Crime-Nov-2024.jpg?resize=800%2C600&amp;quality=100&amp;ssl=1\" class=\"attachment-newspack-article-block-landscape-medium size-newspack-article-block-landscape-medium wp-post-image\" alt=\"El negocio penitenciario en Ecuador\" data-hero-candidate=\"1\" srcset=\"https:\/\/i0.wp.com\/insightcrime.org\/wp-content\/uploads\/2024\/12\/Ecuador-Prisons-Cover-Cap-2-InSight-Crime-Nov-2024.jpg?resize=800%2C600&amp;quality=100&amp;ssl=1 800w, https:\/\/i0.wp.com\/insightcrime.org\/wp-content\/uploads\/2024\/12\/Ecuador-Prisons-Cover-Cap-2-InSight-Crime-Nov-2024.jpg?resize=600%2C450&amp;quality=100&amp;ssl=1 600w, https:\/\/i0.wp.com\/insightcrime.org\/wp-content\/uploads\/2024\/12\/Ecuador-Prisons-Cover-Cap-2-InSight-Crime-Nov-2024.jpg?resize=400%2C300&amp;quality=100&amp;ssl=1 400w, https:\/\/i0.wp.com\/insightcrime.org\/wp-content\/uploads\/2024\/12\/Ecuador-Prisons-Cover-Cap-2-InSight-Crime-Nov-2024.jpg?resize=200%2C150&amp;quality=100&amp;ssl=1 200w, https:\/\/i0.wp.com\/insightcrime.org\/wp-content\/uploads\/2024\/12\/Ecuador-Prisons-Cover-Cap-2-InSight-Crime-Nov-2024.jpg?resize=800%2C600&amp;quality=100&amp;ssl=1&amp;w=370 370w\" sizes=\"auto, (max-width: 34.9rem) calc(100vw - 2rem), (max-width: 53rem) calc(8 * (100vw \/ 12)), (min-width: 53rem) calc(6 * (100vw \/ 12)), 100vw\" \/>\t\t\t\t\t\t\t\t\t\t\t\t<\/a>\n\t\t\t\t\n\t\t\t\t\t\t\t<\/figure><!-- .featured-image -->\n\t\t\n\t\t<div class=\"entry-wrapper\">\n\t\t\t\t\t\t<h2 class=\"entry-title\"><a href=\"https:\/\/insightcrime.org\/es\/investigaciones\/negocio-penitenciario-ecuador\/\" rel=\"bookmark\">El negocio penitenciario en Ecuador<\/a><\/h2>\t\t\t\t\t\t\t\t\t\t\t<\/div><!-- .entry-wrapper -->\n\t<\/article>\n\n\t\t\n\t<article data-post-id=\"297533\"\n\t\tclass=\"tag-ecuador-pais tag-infografias tag-multimedia-es tag-politicas-de-seguridad tag-prisiones-es tag-series-guerra-pandillas-ecuador category-investigaciones type-page post-has-image\"\n\t\t\t\t>\n\t\t\t\t\t\t\t<figure class=\"post-thumbnail\">\n\t\t\t\t\t\t\t\t<a href=\"https:\/\/insightcrime.org\/es\/investigaciones\/tras-rejas-fuera-control-caida-prisiones-ecuador-ascenso-mafias\/\" rel=\"bookmark\" tabindex=\"-1\" aria-hidden=\"true\">\n\t\t\t\t\t\t\t\t\t\t\t\t<img loading=\"lazy\" decoding=\"async\" width=\"800\" height=\"600\" src=\"https:\/\/i0.wp.com\/insightcrime.org\/wp-content\/uploads\/2024\/12\/Ecuador-Prisons-Cover-Cap-2-InSight-Crime-Nov-2024-1.jpg?resize=800%2C600&amp;quality=100&amp;ssl=1\" class=\"attachment-newspack-article-block-landscape-medium size-newspack-article-block-landscape-medium wp-post-image\" alt=\"Tras las rejas, fuera de control: la ca\u00edda de las prisiones de Ecuador y el ascenso de sus mafias\" data-hero-candidate=\"1\" srcset=\"https:\/\/i0.wp.com\/insightcrime.org\/wp-content\/uploads\/2024\/12\/Ecuador-Prisons-Cover-Cap-2-InSight-Crime-Nov-2024-1.jpg?resize=800%2C600&amp;quality=100&amp;ssl=1 800w, https:\/\/i0.wp.com\/insightcrime.org\/wp-content\/uploads\/2024\/12\/Ecuador-Prisons-Cover-Cap-2-InSight-Crime-Nov-2024-1.jpg?resize=600%2C450&amp;quality=100&amp;ssl=1 600w, https:\/\/i0.wp.com\/insightcrime.org\/wp-content\/uploads\/2024\/12\/Ecuador-Prisons-Cover-Cap-2-InSight-Crime-Nov-2024-1.jpg?resize=400%2C300&amp;quality=100&amp;ssl=1 400w, https:\/\/i0.wp.com\/insightcrime.org\/wp-content\/uploads\/2024\/12\/Ecuador-Prisons-Cover-Cap-2-InSight-Crime-Nov-2024-1.jpg?resize=200%2C150&amp;quality=100&amp;ssl=1 200w, https:\/\/i0.wp.com\/insightcrime.org\/wp-content\/uploads\/2024\/12\/Ecuador-Prisons-Cover-Cap-2-InSight-Crime-Nov-2024-1.jpg?resize=800%2C600&amp;quality=100&amp;ssl=1&amp;w=370 370w\" sizes=\"auto, (max-width: 34.9rem) calc(100vw - 2rem), (max-width: 53rem) calc(8 * (100vw \/ 12)), (min-width: 53rem) calc(6 * (100vw \/ 12)), 100vw\" \/>\t\t\t\t\t\t\t\t\t\t\t\t<\/a>\n\t\t\t\t\n\t\t\t\t\t\t\t<\/figure><!-- .featured-image -->\n\t\t\n\t\t<div class=\"entry-wrapper\">\n\t\t\t\t\t\t<h2 class=\"entry-title\"><a href=\"https:\/\/insightcrime.org\/es\/investigaciones\/tras-rejas-fuera-control-caida-prisiones-ecuador-ascenso-mafias\/\" rel=\"bookmark\">Tras las rejas, fuera de control: la ca\u00edda de las prisiones de Ecuador y el ascenso de sus mafias<\/a><\/h2>\t\t\t\t\t\t\t\t\t\t\t<\/div><!-- .entry-wrapper -->\n\t<\/article>\n\n\t\t\t\t<\/div>\n\t\t\n\t<\/div>\n\t\n\n\n<div style=\"height:34px\" aria-hidden=\"true\" class=\"wp-block-spacer\"><\/div>\n<\/div><\/div>\n","protected":false},"excerpt":{"rendered":"<p>El crimen organizado en Ecuador opera hoy en varios niveles. En los escalones superiores se encuentran aquellos que controlan el tr\u00e1fico transnacional de coca\u00edna en Ecuador y las \u00e9lites corruptas de la pol\u00edtica, el sector empresarial y las instituciones estatales. En el escal\u00f3n m\u00e1s bajo se encuentran las bandas integradas por j\u00f3venes descontentos y criminales comunes, que operan tanto en las calles como en las prisiones. Los grupos m\u00e1s poderosos del sistema penitenciario, conocidos en Ecuador como las \u201cmafias\u201d, se sit\u00faan en la intersecci\u00f3n entre estos niveles, conect\u00e1ndose y coordin\u00e1ndose entre ellos.\u00a0<\/p>\n","protected":false},"author":16,"featured_media":297135,"comment_status":"closed","ping_status":"closed","sticky":false,"template":"single-wide.php","format":"standard","meta":{"newspack_ads_suppress_ads":false,"newspack_popups_has_disabled_popups":false,"newspack_sponsor_sponsorship_scope":"","newspack_sponsor_native_byline_display":"inherit","newspack_sponsor_native_category_display":"inherit","newspack_sponsor_underwriter_style":"inherit","newspack_sponsor_underwriter_placement":"inherit","_EventAllDay":false,"_EventTimezone":"","_EventStartDate":"","_EventEndDate":"","_EventStartDateUTC":"","_EventEndDateUTC":"","_EventShowMap":false,"_EventShowMapLink":false,"_EventURL":"","_EventCost":"","_EventCostDescription":"","_EventCurrencySymbol":"","_EventCurrencyCode":"","_EventCurrencyPosition":"","_EventDateTimeSeparator":"","_EventTimeRangeSeparator":"","_EventOrganizerID":[],"_EventVenueID":[],"_OrganizerEmail":"","_OrganizerPhone":"","_OrganizerWebsite":"","_VenueAddress":"","_VenueCity":"","_VenueCountry":"","_VenueProvince":"","_VenueState":"","_VenueZip":"","_VenuePhone":"","_VenueURL":"","_VenueStateProvince":"","_VenueLat":"","_VenueLng":"","_VenueShowMap":false,"_VenueShowMapLink":false,"_newspack_byline_active":false,"_newspack_byline":"","newspack_hide_updated_date":false,"newspack_show_updated_date":false,"newspack_featured_image_position":"hidden","newspack_post_subtitle":"","newspack_article_summary_title":"Overview:","newspack_article_summary":"","_jetpack_memberships_contains_paid_content":false,"footnotes":""},"categories":[342],"tags":[426,3021,4568],"newspack_spnsrs_tax":[],"coauthors":[3821],"class_list":["post-297352","post","type-post","status-publish","format-standard","has-post-thumbnail","hentry","category-investigaciones","tag-ecuador-pais","tag-prisiones-es","tag-series-guerra-pandillas-ecuador","entry"],"parsely":{"version":"1.1.0","canonical_url":"https:\/\/insightcrime.org\/es\/investigaciones\/bandas-carcelarias-eje-criminal-ecuador\/","smart_links":{"inbound":0,"outbound":0},"traffic_boost_suggestions_count":0,"meta":{"@context":"https:\/\/schema.org","@type":"NewsArticle","headline":"Las bandas carcelarias: el eje criminal de Ecuador","url":"http:\/\/insightcrime.org\/es\/investigaciones\/bandas-carcelarias-eje-criminal-ecuador\/","mainEntityOfPage":{"@type":"WebPage","@id":"http:\/\/insightcrime.org\/es\/investigaciones\/bandas-carcelarias-eje-criminal-ecuador\/"},"thumbnailUrl":"https:\/\/i0.wp.com\/insightcrime.org\/wp-content\/uploads\/2024\/12\/Ecuador-Prisons-Cover-Cap-3-InSight-Crime-Nov-2024.jpg?resize=150%2C150&quality=100&ssl=1","image":{"@type":"ImageObject","url":"https:\/\/i0.wp.com\/insightcrime.org\/wp-content\/uploads\/2024\/12\/Ecuador-Prisons-Cover-Cap-3-InSight-Crime-Nov-2024.jpg?fit=1336%2C768&quality=100&ssl=1"},"articleSection":"Investigaciones","author":[{"@type":"Person","name":"James Bargent"}],"creator":["James Bargent"],"publisher":{"@type":"Organization","name":"InSight Crime","logo":"https:\/\/insightcrime.org\/wp-content\/uploads\/2023\/08\/logo.png"},"keywords":["ecuador","prisiones","series: guerra contra las pandillas en ecuador"],"dateCreated":"2024-12-04T03:20:58Z","datePublished":"2024-12-04T03:20:58Z","dateModified":"2024-12-05T14:45:00Z"},"rendered":"<meta name=\"parsely-title\" content=\"Las bandas carcelarias: el eje criminal de Ecuador\" \/>\n<meta name=\"parsely-link\" content=\"http:\/\/insightcrime.org\/es\/investigaciones\/bandas-carcelarias-eje-criminal-ecuador\/\" \/>\n<meta name=\"parsely-type\" content=\"post\" \/>\n<meta name=\"parsely-image-url\" content=\"https:\/\/i0.wp.com\/insightcrime.org\/wp-content\/uploads\/2024\/12\/Ecuador-Prisons-Cover-Cap-3-InSight-Crime-Nov-2024.jpg?resize=150%2C150&amp;quality=100&amp;ssl=1\" \/>\n<meta name=\"parsely-pub-date\" content=\"2024-12-04T03:20:58Z\" \/>\n<meta name=\"parsely-section\" content=\"Investigaciones\" \/>\n<meta name=\"parsely-tags\" content=\"ecuador,prisiones,series: guerra contra las pandillas en ecuador\" \/>\n<meta name=\"parsely-author\" content=\"James Bargent\" \/>","tracker_url":"https:\/\/cdn.parsely.com\/keys\/insightcrime.org\/p.js"},"jetpack_sharing_enabled":true,"jetpack-related-posts":[{"id":66899,"url":"https:\/\/insightcrime.org\/es\/noticias-crimen-organizado-ecuador\/ecuador\/","url_meta":{"origin":297352,"position":0},"title":"Perfil de Ecuador","author":"InSight Crime","date":"3 de diciembre de 2024","format":false,"excerpt":"Ecuador es uno de los centros de tr\u00e1fico de drogas m\u00e1s importantes de la regi\u00f3n, utilizado para enviar coca\u00edna colombiana y peruana a Europa, M\u00e9xico y Centroam\u00e9rica. Por a\u00f1os ha sido el centro de operaciones de organizaciones de narcotraficantes mexicanas, colombianas y europeas, as\u00ed como de grupos guerrilleros colombianos en\u2026","rel":"","context":"En \u00abEcuador\u00bb","block_context":{"text":"Ecuador","link":"https:\/\/insightcrime.org\/es\/category\/noticias-crimen-organizado-ecuador\/"},"img":{"alt_text":"Vista de la ciudad de Guayaquil. Cr\u00e9dito: InSight Crime","src":"https:\/\/i0.wp.com\/insightcrime.org\/wp-content\/uploads\/2024\/12\/Ecuador-Guayaquil.jpg?fit=350%2C250&quality=100&ssl=1&resize=350%2C200","width":350,"height":200},"classes":[]},{"id":298075,"url":"https:\/\/insightcrime.org\/es\/noticias\/gamechangers-2024-ecuador-victoria-guerra-contra-bandas\/","url_meta":{"origin":297352,"position":1},"title":"GameChangers 2024: Ecuador no logra la victoria en la \u2018guerra contra las bandas\u2019","author":"Gavin Voss","date":"27 de diciembre de 2024","format":false,"excerpt":"En 2024, Ecuador se convirti\u00f3 en el \u00faltimo pa\u00eds de la regi\u00f3n en recurrir a una respuesta militarizada para combatir el crimen organizado. Sin embargo, la represi\u00f3n no ha dado en el blanco y, en lugar de frenar a los grupos criminales del pa\u00eds, ha dado lugar a una reorganizaci\u00f3n\u2026","rel":"","context":"En \u00abNoticias\u00bb","block_context":{"text":"Noticias","link":"https:\/\/insightcrime.org\/es\/category\/noticias\/"},"img":{"alt_text":"","src":"https:\/\/i0.wp.com\/insightcrime.org\/wp-content\/uploads\/2024\/12\/4-Gamechangers-2024-Ecuador.jpg?fit=1200%2C576&quality=100&ssl=1&resize=350%2C200","width":350,"height":200,"srcset":"https:\/\/i0.wp.com\/insightcrime.org\/wp-content\/uploads\/2024\/12\/4-Gamechangers-2024-Ecuador.jpg?fit=1200%2C576&quality=100&ssl=1&resize=350%2C200 1x, https:\/\/i0.wp.com\/insightcrime.org\/wp-content\/uploads\/2024\/12\/4-Gamechangers-2024-Ecuador.jpg?fit=1200%2C576&quality=100&ssl=1&resize=525%2C300 1.5x, https:\/\/i0.wp.com\/insightcrime.org\/wp-content\/uploads\/2024\/12\/4-Gamechangers-2024-Ecuador.jpg?fit=1200%2C576&quality=100&ssl=1&resize=700%2C400 2x, https:\/\/i0.wp.com\/insightcrime.org\/wp-content\/uploads\/2024\/12\/4-Gamechangers-2024-Ecuador.jpg?fit=1200%2C576&quality=100&ssl=1&resize=1050%2C600 3x"},"classes":[]},{"id":128261,"url":"https:\/\/insightcrime.org\/es\/noticias\/record-homicidios-prisiones-ecuador-2020\/","url_meta":{"origin":297352,"position":2},"title":"La guerra de pandillas impulsa r\u00e9cord de homicidios en c\u00e1rceles de Ecuador","author":"Alessandro Ford","date":"14 de diciembre de 2020","format":false,"excerpt":"Una guerra entre pandillas que se est\u00e1 librando en las c\u00e1rceles de Ecuador ha convertido a 2020 en el a\u00f1o m\u00e1s sangriento registrado en las prisiones, lo que indica que el sistema penitenciario del pa\u00eds no logra contener el creciente conflicto entre las facciones pandilleras, cada vez m\u00e1s numerosas.","rel":"","context":"En \u00abNoticias\u00bb","block_context":{"text":"Noticias","link":"https:\/\/insightcrime.org\/es\/category\/noticias\/"},"img":{"alt_text":"","src":"https:\/\/i0.wp.com\/insightcrime.org\/wp-content\/uploads\/2020\/12\/Ecuador-Riots-Homicides-Record-2020.jpg?fit=350%2C250&quality=100&ssl=1&resize=350%2C200","width":350,"height":200},"classes":[]},{"id":168511,"url":"https:\/\/insightcrime.org\/es\/noticias\/masacre-en-prision-ecuador-advertencia-america-latina\/","url_meta":{"origin":297352,"position":3},"title":"Masacre en prisi\u00f3n de Ecuador, advertencia para toda Am\u00e9rica Latina","author":"Chris Dalby","date":"30 de septiembre de 2021","format":false,"excerpt":"Ecuador apenas se est\u00e1 recuperando del estupor de la peor masacre carcelaria en Guayaquil, pero los factores que llevaron a esta situaci\u00f3n podr\u00edan replicarse en otros pa\u00edses de la regi\u00f3n.","rel":"","context":"En \u00abNoticias\u00bb","block_context":{"text":"Noticias","link":"https:\/\/insightcrime.org\/es\/category\/noticias\/"},"img":{"alt_text":"masacre en prisi\u00f3n de Ecuador","src":"https:\/\/i0.wp.com\/insightcrime.org\/wp-content\/uploads\/2021\/09\/Ecuador-A-relative-of-an-inmate-awaits-news-outside-the-Litoral-Penitentiary-in-Guayaquil-Sept-29-2020-AP_21272826675431-A2.jpg?fit=1200%2C690&quality=100&ssl=1&resize=350%2C200","width":350,"height":200,"srcset":"https:\/\/i0.wp.com\/insightcrime.org\/wp-content\/uploads\/2021\/09\/Ecuador-A-relative-of-an-inmate-awaits-news-outside-the-Litoral-Penitentiary-in-Guayaquil-Sept-29-2020-AP_21272826675431-A2.jpg?fit=1200%2C690&quality=100&ssl=1&resize=350%2C200 1x, https:\/\/i0.wp.com\/insightcrime.org\/wp-content\/uploads\/2021\/09\/Ecuador-A-relative-of-an-inmate-awaits-news-outside-the-Litoral-Penitentiary-in-Guayaquil-Sept-29-2020-AP_21272826675431-A2.jpg?fit=1200%2C690&quality=100&ssl=1&resize=525%2C300 1.5x, https:\/\/i0.wp.com\/insightcrime.org\/wp-content\/uploads\/2021\/09\/Ecuador-A-relative-of-an-inmate-awaits-news-outside-the-Litoral-Penitentiary-in-Guayaquil-Sept-29-2020-AP_21272826675431-A2.jpg?fit=1200%2C690&quality=100&ssl=1&resize=700%2C400 2x, https:\/\/i0.wp.com\/insightcrime.org\/wp-content\/uploads\/2021\/09\/Ecuador-A-relative-of-an-inmate-awaits-news-outside-the-Litoral-Penitentiary-in-Guayaquil-Sept-29-2020-AP_21272826675431-A2.jpg?fit=1200%2C690&quality=100&ssl=1&resize=1050%2C600 3x"},"classes":[]},{"id":297529,"url":"https:\/\/insightcrime.org\/es\/investigaciones\/evolucion-crisis-carcelaria-ecuador\/","url_meta":{"origin":297352,"position":4},"title":"La evoluci\u00f3n de la crisis carcelaria en Ecuador","author":"James Bargent","date":"3 de diciembre de 2024","format":false,"excerpt":"En los \u00faltimos cinco a\u00f1os, Ecuador se ha visto sumido en la violencia y en un caos criminal sin precedentes en su historia moderna. Las ra\u00edces de esta crisis de seguridad pueden rastrearse directamente en el sistema penitenciario del pa\u00eds y en las redes criminales que han crecido en su\u2026","rel":"","context":"En \u00abInvestigaciones\u00bb","block_context":{"text":"Investigaciones","link":"https:\/\/insightcrime.org\/es\/category\/investigaciones\/"},"img":{"alt_text":"","src":"https:\/\/i0.wp.com\/insightcrime.org\/wp-content\/uploads\/2024\/12\/Ecuador-Prisons-Cover-Cap-1-InSight-Crime-Nov-2024.jpg?fit=1200%2C690&quality=100&ssl=1&resize=350%2C200","width":350,"height":200,"srcset":"https:\/\/i0.wp.com\/insightcrime.org\/wp-content\/uploads\/2024\/12\/Ecuador-Prisons-Cover-Cap-1-InSight-Crime-Nov-2024.jpg?fit=1200%2C690&quality=100&ssl=1&resize=350%2C200 1x, https:\/\/i0.wp.com\/insightcrime.org\/wp-content\/uploads\/2024\/12\/Ecuador-Prisons-Cover-Cap-1-InSight-Crime-Nov-2024.jpg?fit=1200%2C690&quality=100&ssl=1&resize=525%2C300 1.5x, https:\/\/i0.wp.com\/insightcrime.org\/wp-content\/uploads\/2024\/12\/Ecuador-Prisons-Cover-Cap-1-InSight-Crime-Nov-2024.jpg?fit=1200%2C690&quality=100&ssl=1&resize=700%2C400 2x, https:\/\/i0.wp.com\/insightcrime.org\/wp-content\/uploads\/2024\/12\/Ecuador-Prisons-Cover-Cap-1-InSight-Crime-Nov-2024.jpg?fit=1200%2C690&quality=100&ssl=1&resize=1050%2C600 3x"},"classes":[]},{"id":292577,"url":"https:\/\/insightcrime.org\/es\/noticias\/pandillas-ecuador-atacan-directores-prisiones-retomar-control\/","url_meta":{"origin":297352,"position":5},"title":"Pandillas de Ecuador atacan a directores de prisiones para retomar el control","author":"Alicia Florez","date":"23 de septiembre de 2024","format":false,"excerpt":"La noche del 12 de septiembre, hombres armados asesinaron a Mar\u00eda Daniela Icaza, directora de la Penitenciar\u00eda del Litoral de Guayaquil, la c\u00e1rcel masculina m\u00e1s grande del pa\u00eds y el escenario de algunas de las masacres m\u00e1s aterradoras que han sacudido a Ecuador en los \u00faltimos a\u00f1os. El asesinato parece\u2026","rel":"","context":"En \u00abNoticias\u00bb","block_context":{"text":"Noticias","link":"https:\/\/insightcrime.org\/es\/category\/noticias\/"},"img":{"alt_text":"Un agente de polic\u00eda inspecciona el coche de Mar\u00eda Daniela Icaza, tras ser asesinada en Guayaquil ","src":"https:\/\/i0.wp.com\/insightcrime.org\/wp-content\/uploads\/2024\/09\/ecuador-police-guayaquil-prison-murder.jpg?fit=350%2C250&quality=100&ssl=1&resize=350%2C200","width":350,"height":200},"classes":[]}],"jetpack_featured_media_url":"https:\/\/i0.wp.com\/insightcrime.org\/wp-content\/uploads\/2024\/12\/Ecuador-Prisons-Cover-Cap-3-InSight-Crime-Nov-2024.jpg?fit=1336%2C768&quality=100&ssl=1","_links":{"self":[{"href":"https:\/\/insightcrime.org\/es\/wp-json\/wp\/v2\/posts\/297352","targetHints":{"allow":["GET"]}}],"collection":[{"href":"https:\/\/insightcrime.org\/es\/wp-json\/wp\/v2\/posts"}],"about":[{"href":"https:\/\/insightcrime.org\/es\/wp-json\/wp\/v2\/types\/post"}],"author":[{"embeddable":true,"href":"https:\/\/insightcrime.org\/es\/wp-json\/wp\/v2\/users\/16"}],"replies":[{"embeddable":true,"href":"https:\/\/insightcrime.org\/es\/wp-json\/wp\/v2\/comments?post=297352"}],"version-history":[{"count":12,"href":"https:\/\/insightcrime.org\/es\/wp-json\/wp\/v2\/posts\/297352\/revisions"}],"predecessor-version":[{"id":297888,"href":"https:\/\/insightcrime.org\/es\/wp-json\/wp\/v2\/posts\/297352\/revisions\/297888"}],"wp:featuredmedia":[{"embeddable":true,"href":"https:\/\/insightcrime.org\/es\/wp-json\/wp\/v2\/media\/297135"}],"wp:attachment":[{"href":"https:\/\/insightcrime.org\/es\/wp-json\/wp\/v2\/media?parent=297352"}],"wp:term":[{"taxonomy":"category","embeddable":true,"href":"https:\/\/insightcrime.org\/es\/wp-json\/wp\/v2\/categories?post=297352"},{"taxonomy":"post_tag","embeddable":true,"href":"https:\/\/insightcrime.org\/es\/wp-json\/wp\/v2\/tags?post=297352"},{"taxonomy":"newspack_spnsrs_tax","embeddable":true,"href":"https:\/\/insightcrime.org\/es\/wp-json\/wp\/v2\/newspack_spnsrs_tax?post=297352"},{"taxonomy":"author","embeddable":true,"href":"https:\/\/insightcrime.org\/es\/wp-json\/wp\/v2\/coauthors?post=297352"}],"curies":[{"name":"wp","href":"https:\/\/api.w.org\/{rel}","templated":true}]}}