{"id":29764,"date":"2017-07-18T19:33:45","date_gmt":"2017-09-14T00:19:41","guid":{"rendered":"https:\/\/insightcrime.org\/?p=29764"},"modified":"2023-04-24T16:01:46","modified_gmt":"2023-04-24T21:01:46","slug":"borrando-linea-secretario-seguridad-mafia-medellin","status":"publish","type":"post","link":"https:\/\/insightcrime.org\/es\/noticias\/analisis\/borrando-linea-secretario-seguridad-mafia-medellin\/","title":{"rendered":"Borrando la l\u00ednea: el secretario de seguridad y la mafia de Medell\u00edn"},"content":{"rendered":"\n<p class=\"wp-block-paragraph\">El arresto del secretario de seguridad de Medell\u00edn, Colombia, ha sacudido a la clase dirigente de la ciudad y cuestionado el discurso dominante que la \u00e9lite pol\u00edtica lleva a\u00f1os promoviendo. Pero, \u00bfmediaba \u00e9l con delincuentes en pro de la paz y la seguridad o trabajaba al servicio de la mafia?<\/p>\n\n\n\n<p class=\"wp-block-paragraph\"><a href=\"https:\/\/www.verdadabierta.com\/otros-negocios-criminales\/6690-los-acuerdos-siniestros-del-secretario-de-seguridad-de-medellin\" target=\"_blank\">En una audiencia de imputaci\u00f3n de cargos el 5 de julio<\/a>, los fiscales de la ciudad de Medell\u00edn expusieron la evidencia con la que cuentan para demostrar que el ahora exsecretario de seguridad Gustavo Villegas cerr\u00f3 una serie de \u201cacuerdos siniestros\u201d con la mafia de Medell\u00edn, conocida como la Oficina de Envigado, para beneficio personal y pol\u00edtico.<\/p>\n\n\n\n<p class=\"wp-block-paragraph\">Utilizando testimonios de capos de la Oficina, respaldados por escuchas telef\u00f3nicas y videos filmados de manera encubierta, el caso del fiscal se centr\u00f3 en la relaci\u00f3n que Villegas desarroll\u00f3 con Julio Perdomo, presunto jefe de una poderosa red criminal y a quien la polic\u00eda considera el \u201cnuevo vocero pol\u00edtico\u201d de la Oficina. Villegas cultiv\u00f3 la relaci\u00f3n con Perdomo para tratar de mediar acuerdos con jefes de la Oficina que llevaran a su entrega y cooperaci\u00f3n con las autoridades.<\/p>\n\n\n\n<p class=\"wp-block-paragraph\">Como secretario de seguridad, en 2016 Villegas supervis\u00f3 la rendici\u00f3n de varios mandos medios de la banda. Los investigadores creen que estas entregas fueron coordinadas con altos mandos de la Oficina, que estaban preparados para sacrificar a sus subordinados a cambio de menor presencia policial en sus territorios, lo que les permiti\u00f3 mantener sus actividades criminales, seg\u00fan <a href=\"https:\/\/www.eltiempo.com\/justicia\/investigacion\/expediente-de-gustavo-villegas-exsecretario-de-seguridad-de-medellin-105878\" target=\"_blank\">informaci\u00f3n de El Tiempo<\/a>.<\/p>\n\n\n\n<p class=\"wp-block-paragraph\">Los fiscales tambi\u00e9n presentaron evidencia de coordinaci\u00f3n con altos jefes de la Oficina privados de la libertad, como Edison Rodolfo Rojas, alias \u201cPichi\u201d; Juli\u00e1n Andrey G\u00f3mez, alias \u201cBarney\u201d, y Leonardo Mu\u00f1oz, alias \u201cDouglas\u201d, <a href=\"https:\/\/www.elcolombiano.com\/antioquia\/seguridad\/fiscalia-negocio-con-la-oficina-la-baja-de-homicidios-en-medellin-JE6879029\" target=\"_blank\">que ya estaban colaborando con las autoridades<\/a> a cambio de beneficios judiciales, aunque m\u00e1s adelante interrumpieron la cooperaci\u00f3n a ra\u00edz de cambios de personal en la Fiscal\u00eda General.<\/p>\n\n\n\n<p class=\"wp-block-paragraph\">Sin embargo, seg\u00fan los fiscales, la cooperaci\u00f3n de Villegas con la Oficina fue m\u00e1s all\u00e1 de las negociaciones judiciales, y presuntamente se convirti\u00f3 en lo que los fiscales catalogaron como \u201casesor y estratega\u201d para la mafia, inform\u00f3 El Tiempo.<\/p>\n\n\n\n<p class=\"wp-block-paragraph\">Villegas presuntamente pasaba informaci\u00f3n de operativos de polic\u00eda contra los jefes de la Oficina, incluyendo a Perdomo, quien fue <a href=\"https:\/\/www.elcolombiano.com\/antioquia\/seguridad\/captura-en-medellin-de-julio-perdomo-alias-el-viejo-JX6154685\" target=\"_blank\">arrestado en marzo<\/a>, y ofrec\u00eda consejo a los jefes de la mafia sobre c\u00f3mo evadir la atenci\u00f3n de las autoridades. Fuentes de la polic\u00eda declararon a El Tiempo que sus acciones incluyeron la interferencia con organigramas de la polic\u00eda en los que se detallaba la jerarqu\u00eda de la Oficina para hacer parecer que mandos medios eran los cabecillas principales.<\/p>\n\n\n\n<p class=\"wp-block-paragraph\"><span style=\"color: #800000;\"><strong>VEA TAMBI\u00c9N:<\/strong><\/span> <a href=\"\/investigaciones\/elites-y-crimen-organizado-en-colombia\" target=\"_blank\">\u00c9lites y crimen organizado en Colombia<\/a><\/p>\n\n\n\n<p class=\"wp-block-paragraph\">En la audiencia, el fiscal argument\u00f3 que el inter\u00e9s de Villegas fue m\u00e1s all\u00e1 de esas negociaciones. Tambi\u00e9n lo acus\u00f3 de usar sus conexiones con los jefes de la Oficina para su beneficio personal y pol\u00edtico.<\/p>\n\n\n\n<p class=\"wp-block-paragraph\">El fiscal describi\u00f3 que cuando un video en el que aparec\u00edan tres j\u00f3venes atracando un autom\u00f3vil en el norte de la ciudad se hizo viral como s\u00edmbolo de la inseguridad en la ciudad, Villegas us\u00f3 sus contactos para obligar a los j\u00f3venes a entregarse, lo que en ese momento se present\u00f3 como un triunfo del jefe de Villegas, el alcalde Federico Guti\u00e9rrez.<\/p>\n\n\n\n<p class=\"wp-block-paragraph\">Villegas no solo trabajaba para esa administraci\u00f3n, seg\u00fan una hip\u00f3tesis de los investigadores, sino tambi\u00e9n pensando en su campa\u00f1a a la alcald\u00eda en las pr\u00f3ximas elecciones. En una reuni\u00f3n para exhortar a Perdomo para que continuara con las negociaciones, presuntamente le prometi\u00f3 al cabecilla de la mafia que \u201clas cosas mejorar\u00edan\u201d, si \u00e9l llegaba a ser alcalde de Medell\u00edn.<\/p>\n\n\n\n<p class=\"wp-block-paragraph\">Aparte de los motivos pol\u00edticos se\u00f1alados, Villegas tambi\u00e9n obtuvo presuntamente beneficios para sus negocios personales. Los fiscales afirman que contact\u00f3 a Perdomo para asegurar la devoluci\u00f3n de un veh\u00edculo de su empresa, que una pandilla criminal hab\u00eda retenido en demanda de un pago, y tambi\u00e9n logr\u00f3 que su empresa quedara exenta de extorsiones.<\/p>\n\n\n\n<p class=\"wp-block-paragraph\">A lo largo de la carrera pol\u00edtica de Villegas,<a href=\"https:\/\/www.verdadabierta.com\/otros-negocios-criminales\/6689-los-pecados-de-gustavo-villegas\" target=\"_blank\"> han reca\u00eddo sobre \u00e9l<\/a> acusaciones de contactos turbios y conducta criminal.<\/p>\n\n\n\n<p class=\"wp-block-paragraph\">Entre 2004 y 2007, Villegas dirigi\u00f3 el organismo del gobierno de la ciudad de Medell\u00edn que supervisaba la desmovilizaci\u00f3n del Bloque Cacique Nutibara, el primero de esos procesos dentro del proceso nacional de paz con los paramilitares de las Autodefensas Unidas de Colombia (AUC). La desmovilizaci\u00f3n del BCN ha sido puesta en duda ampliamente como <a href=\"https:\/\/insightcrime.org\/news-analysis\/blurring-the-line-the-security-secretary-and-the-medellin-mafia\" target=\"_blank\">poco m\u00e1s que una farsa<\/a> dise\u00f1ada para limpiar los expedientes de la mafia de Medell\u00edn y cimentar el control de la ciudad en manos del comandante del BCN y jefe de la Oficina de Envigado, Diego Murillo, alias \u201cDon Berna\u201d.<\/p>\n\n\n\n<p class=\"wp-block-paragraph\">Como parte de ese proceso, Villegas trabaj\u00f3 estrechamente con la Corporaci\u00f3n Democracia, organizaci\u00f3n no gubernamental creada por los paramilitares que se desmovilizaron. La organizaci\u00f3n tambi\u00e9n fue <a href=\"https:\/\/www.ipc.org.co\/agenciadeprensa\/index.php\/2009\/04\/16\/corporacion-democracia-brazo-politico-de-la-oficina-de-envigado\/\" target=\"_blank\">desestimada como una fachada pol\u00edtica<\/a> para que la Oficina continuara sus actividades ilegales.<\/p>\n\n\n\n<div class=\"pull-quotes\">\n<div class=\"pull-quotes-body\">Villegas representa a una \u00e9lite de la ciudad dispuesta a vender a sus habitantes m\u00e1s pobres a cambio de una imagen positiva ante el resto del mundo.<\/div>\n<div>&nbsp;<\/div>\n<\/div>\n\n\n\n<p class=\"wp-block-paragraph\">En 2008, Villegas fue obligado a renunciar a su nuevo cargo en la direcci\u00f3n de la organizaci\u00f3n de los Juegos Sudamericanos en Medell\u00edn, por sus conexiones con Felipe Sierra, empresario condenado por colusi\u00f3n con jefes paramilitares, narcotraficantes y funcionarios corruptos.<\/p>\n\n\n\n<p class=\"wp-block-paragraph\">La acusaci\u00f3n m\u00e1s dura contra Villegas, aunque qued\u00f3 sin confirmar, fue lanzada en 2011, cuando el exparamilitar y narcotraficante <a href=\"https:\/\/www.verdadabierta.com\/la-historia\/3108-el-ventilador-del-tuso\" target=\"_blank\">Juan Carlos Sierra, alias \u201cEl Tuso\u201d, acus\u00f3<\/a> a Villegas de haber trabajado \u201ccomo hermanos\u201d con el jefe de la Oficina Daniel Mej\u00eda \u00c1ngel, alias \u201cDanielito\u201d, incluso recibiendo pagos a cambio de liberarle las licencias de sus casinos.<\/p>\n\n\n\n<h3 class=\"wp-block-heading\">An\u00e1lisis de InSight Crime<\/h3>\n\n\n\n<p class=\"wp-block-paragraph\">El contacto y la mediaci\u00f3n entre las autoridades y el crimen organizado, aunque siempre es problem\u00e1tica, no es mala en s\u00ed, y puede haber ocasiones en las que la necesidad de atenuar la violencia sea m\u00e1s apremiante que el objetivo mayor de derrotar el dominio de una mafia o pandilla sobre un territorio. En esos casos, la l\u00ednea entre mediaci\u00f3n y colusi\u00f3n siempre se borrar\u00e1 y cualquier contacto de ese tipo necesariamente implica un elemento de contrapartida \u2014ning\u00fan jefe mafioso cooperar\u00e1 a menos que pueda ver beneficios personales\u2014.<\/p>\n\n\n\n<p class=\"wp-block-paragraph\">Sin embargo, el caso de Villegas amenaza con exponer una verdad que ha sido una sospecha de larga data entre los observadores de la segunda ciudad de Colombia: en Medell\u00edn, la l\u00ednea no se borr\u00f3; la l\u00ednea se perdi\u00f3 en la distancia. Sean cuales fueran sus intenciones \u2014e incluso si, como la evidencia sugiere, su ganancia personal fue circunstancial y relativamente menor\u2014 &nbsp;Villegas representa a una \u00e9lite de la ciudad dispuesta a vender a sus habitantes m\u00e1s pobres a cambio de una imagen positiva ante el resto del mundo y un entorno de negocios lucrativo para todos, desde los empresarios hasta los traficantes internacionales de coca\u00edna.<\/p>\n\n\n\n<p class=\"wp-block-paragraph\">El plan de Villegas de negociar con el crimen organizado tiene su propia l\u00f3gica y tales negociaciones sin duda pueden arrojar beneficios. Pocas personas se burlar\u00edan de la ca\u00edda en las tasas de homicidios que ha experimentado Medell\u00edn en los \u00faltimos a\u00f1os, sin importar las razones que haya detr\u00e1s de ello.<\/p>\n\n\n\n<p class=\"wp-block-paragraph\">Sin embargo, Medell\u00edn ha estado antes en ese juego, con Don Berna. Los resultados fueron un fen\u00f3meno que en Medell\u00edn se conoci\u00f3 como \u201cDon Bernabilidad\u201d, juego de palabras derivado de \u201cgobernabilidad\u201d. Tras la desmovilizaci\u00f3n de Don Berna y del BCN, Medell\u00edn asisti\u00f3 a una ca\u00edda radical en la violencia, lo que se convirti\u00f3 en la base de la transformaci\u00f3n que <a href=\"https:\/\/www.theguardian.com\/cities\/2016\/may\/13\/story-cities-pablo-escobar-inclusive-urbanism-medellin-colombia\" target=\"_blank\">le ha valido a Medell\u00edn elogios internacionales<\/a> por su renacimiento. Pero el precio fue el control de Don Berna sobre la ciudad. Fue paz en la punta del ca\u00f1\u00f3n.<\/p>\n\n\n\n<p class=\"wp-block-paragraph\"><span style=\"color: #800000;\"><strong>VEA TAMBI\u00c9N:<\/strong><\/span> <a href=\"\/noticias-sobre-crimen-organizado-en-colombia\/oficina-de-envigado-perfil\" target=\"_blank\">Perfil de la Oficina de Envigado<\/a><\/p>\n\n\n\n<p class=\"wp-block-paragraph\">Han pasado cerca de quince a\u00f1os desde la desmovilizaci\u00f3n del BCN, y con eventos ajenos que hace tiempo superaron el control de Don Berna, la violencia en Medell\u00edn <a href=\"\/noticias-del-dia\/mapeo-datos-sobre-homicidios-colombia-refleja-dinamicas-regionales\" target=\"_blank\">es hist\u00f3ricamente baja<\/a>, pero de nuevo la causa principal de ello son <a href=\"\/noticias\/analisis\/una-tregua-en-medellin-acerca-a-los-grupos-a-una-hegeomonia-criminal\" target=\"_blank\">los pactos criminales<\/a>, antes que la pol\u00edtica de seguridad.<\/p>\n\n\n\n<p class=\"wp-block-paragraph\">En Medell\u00edn, no se ha usado los bajos \u00edndices de violencia como base para acabar con el dominio del crimen organizado, sino que este se ha convertido m\u00e1s bien en un fin en s\u00ed. El precio sigue siendo el mismo. Y mientras las \u00e9lites de Medell\u00edn se regocijan con los elogios de la comunidad internacional, la ciudad sigue siendo epicentro del narcotr\u00e1fico y <a href=\"\/component\/tags\/tag\/226-lavado-de-dinero\" target=\"_blank\">el lavado de dinero<\/a> con pr\u00f3speras econom\u00edas criminales internas. En amplias franjas de la ciudad, <a href=\"https:\/\/www.csmonitor.com\/World\/Americas\/2014\/0718\/Who-controls-Medellin-Fragile-peace-in-Colombia-s-model-city\" target=\"_blank\">los habitantes siguen viviendo bajo el dominio criminal<\/a>, en constante temor y con poco acceso a la justicia.<\/p>\n\n\n\n<p class=\"wp-block-paragraph\">Villegas, como participante central en la \u00e9poca de la Don Bernabilidad, de seguro entiende la naturaleza f\u00e1ustica de este pacto mejor que la mayor\u00eda, un hecho que tiende una gran sombra sobre sus alegatos de inocencia y buenas intenciones. La evidencia de que ayud\u00f3 presuntamente a los jefes de la Oficina a evadir la justicia no hace m\u00e1s que reforzar la idea de que estaba dispuesto a entrar en el mismo pacto que antes: la imagen sobre la realidad.<\/p>\n\n\n\n<div class=\"pull-quotes-left\">\n<div class=\"pull-quotes-body\">La historia del crimen organizado en Medell\u00edn es la de un matrimonio de tres.<\/div>\n<div>&nbsp;<\/div>\n<\/div>\n\n\n\n<p class=\"wp-block-paragraph\">La rendici\u00f3n y la cooperaci\u00f3n de importantes figuras de la Oficina posiblemente ha rendido algunos beneficios a largo plazo en la seguridad, junto con algunos tantos pol\u00edticos importantes para Villegas y sus aliados. Sin embargo, la actual din\u00e1mica del crimen organizado en Medell\u00edn deja en claro las limitaciones de la estrategia.<\/p>\n\n\n\n<p class=\"wp-block-paragraph\">Villegas estaba negociando con facciones poderosas de la mafia de la ciudad, pero segu\u00edan siendo facciones. Cualquier acuerdo sin duda habr\u00eda dado pie a uno de dos resultados: o quienes hac\u00edan parte de la negociaci\u00f3n habr\u00edan usado su cooperaci\u00f3n una vez m\u00e1s como fachada para mantener sus intereses criminales, o habr\u00edan llegado a un acuerdo para su beneficio personal, mientras que las redes que dejaban eran cooptadas por otros actores.<\/p>\n\n\n\n<p class=\"wp-block-paragraph\"><a href=\"\/images\/PDFs\/Elites_Crimen_Organizado_Colombia\" target=\"_blank\">Como lo ha documentado InSight Crime<\/a>, la historia del crimen organizado en Medell\u00edn es la de un matrimonio de tres. Por un lado, est\u00e1n las mafias, que bajan o aumentan la violencia seg\u00fan sus intereses y conflictos apretando las cuerdas de las pandillas callejeras que controlan los barrios de la ciudad. En otro est\u00e1n las \u00e9lites sociales y econ\u00f3micas corruptas de la ciudad que mantienen un pie en el hampa y otro en la legalidad, y cuyo principal inter\u00e9s es un buen ambiente de negocios para lo que sea que les genere ingresos, legal o ilegal. Y en un tercer lugar est\u00e1n las \u00e9lites burocr\u00e1ticas corruptas, es decir, las fuerzas de seguridad, as\u00ed como los funcionarios judiciales y pol\u00edticos que facilitan y protegen las actividades criminales para su provecho personal o pol\u00edtico.<\/p>\n\n\n\n<p class=\"wp-block-paragraph\">Aun si fu\u00e9ramos a creer la palabra de Villegas sobre la probidad de sus intenciones, su plan habr\u00eda hecho poco para socavar esa estructura, a la cual \u00e9l pertenece sin duda alguna. El estatu quo seguramente se habr\u00eda mantenido casi intacto. Y, luego de 15 a\u00f1os de este tipo de tratos clandestinos, el estatu quo es que Medell\u00edn sigue siendo una ciudad mafiosa.<\/p>\n","protected":false},"excerpt":{"rendered":"<p>El arresto del secretario de seguridad de Medell\u00edn, Colombia, ha sacudido a la clase dirigente de la ciudad y cuestionado el discurso dominante que la \u00e9lite pol\u00edtica lleva a\u00f1os promoviendo. Pero, \u00bfmediaba \u00e9l con delincuentes en pro de la paz y la seguridad o trabajaba al servicio de la mafia?<\/p>\n","protected":false},"author":16,"featured_media":46774,"comment_status":"closed","ping_status":"closed","sticky":false,"template":"","format":"standard","meta":{"newspack_ads_suppress_ads":false,"newspack_popups_has_disabled_popups":false,"newspack_sponsor_sponsorship_scope":"","newspack_sponsor_native_byline_display":"inherit","newspack_sponsor_native_category_display":"inherit","newspack_sponsor_underwriter_style":"inherit","newspack_sponsor_underwriter_placement":"inherit","_EventAllDay":false,"_EventTimezone":"","_EventStartDate":"","_EventEndDate":"","_EventStartDateUTC":"","_EventEndDateUTC":"","_EventShowMap":false,"_EventShowMapLink":false,"_EventURL":"","_EventCost":"","_EventCostDescription":"","_EventCurrencySymbol":"","_EventCurrencyCode":"","_EventCurrencyPosition":"","_EventDateTimeSeparator":"","_EventTimeRangeSeparator":"","_EventOrganizerID":[],"_EventVenueID":[],"_OrganizerEmail":"","_OrganizerPhone":"","_OrganizerWebsite":"","_VenueAddress":"","_VenueCity":"","_VenueCountry":"","_VenueProvince":"","_VenueState":"","_VenueZip":"","_VenuePhone":"","_VenueURL":"","_VenueStateProvince":"","_VenueLat":"","_VenueLng":"","_VenueShowMap":false,"_VenueShowMapLink":false,"_newspack_byline_active":false,"_newspack_byline":"","newspack_hide_updated_date":false,"newspack_show_updated_date":false,"newspack_featured_image_position":"","newspack_post_subtitle":"","newspack_article_summary_title":"Overview:","newspack_article_summary":"","_jetpack_memberships_contains_paid_content":false,"footnotes":""},"categories":[340],"tags":[368,3325,447,490],"newspack_spnsrs_tax":[],"coauthors":[3821],"class_list":["post-29764","post","type-post","status-publish","format-standard","has-post-thumbnail","hentry","category-analisis","tag-colombia-pais","tag-don-berna-es","tag-elites-y-crimen-organizado","tag-oficina-de-envigado-es","entry"],"parsely":{"version":"1.1.0","canonical_url":"https:\/\/insightcrime.org\/es\/noticias\/analisis\/borrando-linea-secretario-seguridad-mafia-medellin\/","smart_links":{"inbound":0,"outbound":0},"traffic_boost_suggestions_count":0,"meta":{"@context":"https:\/\/schema.org","@type":"NewsArticle","headline":"Borrando la l\u00ednea: el secretario de seguridad y la mafia de Medell\u00edn","url":"http:\/\/insightcrime.org\/es\/noticias\/analisis\/borrando-linea-secretario-seguridad-mafia-medellin\/","mainEntityOfPage":{"@type":"WebPage","@id":"http:\/\/insightcrime.org\/es\/noticias\/analisis\/borrando-linea-secretario-seguridad-mafia-medellin\/"},"thumbnailUrl":"https:\/\/i0.wp.com\/insightcrime.org\/wp-content\/uploads\/2017\/07\/es-17-07-12-Colombia-Villegas.jpg?resize=150%2C150&quality=100&ssl=1","image":{"@type":"ImageObject","url":"https:\/\/i0.wp.com\/insightcrime.org\/wp-content\/uploads\/2017\/07\/es-17-07-12-Colombia-Villegas.jpg?fit=350%2C251&quality=100&ssl=1"},"articleSection":"An\u00e1lisis","author":[{"@type":"Person","name":"James Bargent"}],"creator":["James Bargent"],"publisher":{"@type":"Organization","name":"InSight Crime","logo":"https:\/\/insightcrime.org\/wp-content\/uploads\/2023\/08\/logo.png"},"keywords":["colombia","don berna","\u00e9lites y crimen","oficina de envigado"],"dateCreated":"2017-09-14T00:19:41Z","datePublished":"2017-09-14T00:19:41Z","dateModified":"2023-04-24T21:01:46Z"},"rendered":"<meta name=\"parsely-title\" content=\"Borrando la l\u00ednea: el secretario de seguridad y la mafia de Medell\u00edn\" \/>\n<meta name=\"parsely-link\" content=\"http:\/\/insightcrime.org\/es\/noticias\/analisis\/borrando-linea-secretario-seguridad-mafia-medellin\/\" \/>\n<meta name=\"parsely-type\" content=\"post\" \/>\n<meta name=\"parsely-image-url\" content=\"https:\/\/i0.wp.com\/insightcrime.org\/wp-content\/uploads\/2017\/07\/es-17-07-12-Colombia-Villegas.jpg?resize=150%2C150&amp;quality=100&amp;ssl=1\" \/>\n<meta name=\"parsely-pub-date\" content=\"2017-09-14T00:19:41Z\" \/>\n<meta name=\"parsely-section\" content=\"An\u00e1lisis\" \/>\n<meta name=\"parsely-tags\" content=\"colombia,don berna,\u00e9lites y crimen,oficina de envigado\" \/>\n<meta name=\"parsely-author\" content=\"James Bargent\" \/>","tracker_url":"https:\/\/cdn.parsely.com\/keys\/insightcrime.org\/p.js"},"jetpack_sharing_enabled":true,"jetpack-related-posts":[{"id":4845,"url":"https:\/\/insightcrime.org\/es\/noticias-crimen-organizado-colombia\/oficina-de-envigado-perfil\/","url_meta":{"origin":29764,"position":0},"title":"Oficina de Envigado","author":"InSight Crime","date":"4 de octubre de 2023","format":false,"excerpt":"Los herederos del imperio del narcotr\u00e1fico de Pablo Escobar, La Oficina de Envigado, es ahora una mezcla de organizaciones m\u00e1s peque\u00f1as, que busca alianzas con las pandillas callejeras para mantener el control de su territorio y de sus negocios. Est\u00e1 en constante flujo. La Oficina de Envigado surgi\u00f3 como una\u2026","rel":"","context":"En \u00abColombia\u00bb","block_context":{"text":"Colombia","link":"https:\/\/insightcrime.org\/es\/category\/noticias-crimen-organizado-colombia\/"},"img":{"alt_text":"Grupo Criminal Oficina de Envigado, Colombia.","src":"https:\/\/i0.wp.com\/insightcrime.org\/wp-content\/uploads\/2026\/07\/Grupo-Criminal-Oficina-de-Envigado-Colombia.jpg?fit=1200%2C900&quality=100&ssl=1&resize=350%2C200","width":350,"height":200,"srcset":"https:\/\/i0.wp.com\/insightcrime.org\/wp-content\/uploads\/2026\/07\/Grupo-Criminal-Oficina-de-Envigado-Colombia.jpg?fit=1200%2C900&quality=100&ssl=1&resize=350%2C200 1x, https:\/\/i0.wp.com\/insightcrime.org\/wp-content\/uploads\/2026\/07\/Grupo-Criminal-Oficina-de-Envigado-Colombia.jpg?fit=1200%2C900&quality=100&ssl=1&resize=525%2C300 1.5x, https:\/\/i0.wp.com\/insightcrime.org\/wp-content\/uploads\/2026\/07\/Grupo-Criminal-Oficina-de-Envigado-Colombia.jpg?fit=1200%2C900&quality=100&ssl=1&resize=700%2C400 2x, https:\/\/i0.wp.com\/insightcrime.org\/wp-content\/uploads\/2026\/07\/Grupo-Criminal-Oficina-de-Envigado-Colombia.jpg?fit=1200%2C900&quality=100&ssl=1&resize=1050%2C600 3x"},"classes":[]},{"id":300860,"url":"https:\/\/insightcrime.org\/es\/noticias-crimen-organizado-colombia\/cartel-de-medellin\/","url_meta":{"origin":29764,"position":1},"title":"Cartel de Medell\u00edn\u00a0","author":"InSight Crime","date":"3 de febrero de 2025","format":false,"excerpt":"El Cartel de Medell\u00edn, una de las organizaciones de narcotr\u00e1fico m\u00e1s ic\u00f3nicas y violentas de la historia de Colombia, consolid\u00f3 su control sobre el tr\u00e1fico internacional de coca\u00edna durante los a\u00f1os 80 y 90.\u00a0","rel":"","context":"En \u00abColombia\u00bb","block_context":{"text":"Colombia","link":"https:\/\/insightcrime.org\/es\/category\/noticias-crimen-organizado-colombia\/"},"img":{"alt_text":"","src":"https:\/\/i0.wp.com\/insightcrime.org\/wp-content\/uploads\/2025\/02\/Cartel-de-Medellin.jpg?fit=350%2C250&quality=100&ssl=1&resize=350%2C200","width":350,"height":200},"classes":[]},{"id":66349,"url":"https:\/\/insightcrime.org\/es\/noticias-crimen-organizado-colombia\/don-berna\/","url_meta":{"origin":29764,"position":2},"title":"Diego Fernando Murillo, alias &#8216;Don Berna&#8217;","author":"InSight Crime","date":"3 de julio de 2024","format":false,"excerpt":"Hasta su extradici\u00f3n a Estados Unidos en 2008, Diego Fernando Murillo, alias \u201cDon Berna\u201d, fue el l\u00edder del grupo mafioso de la Oficina de Envigado, el cual creci\u00f3 de las cenizas del Cartel de Medell\u00edn de Pablo Escobar.","rel":"","context":"En \u00abColombia\u00bb","block_context":{"text":"Colombia","link":"https:\/\/insightcrime.org\/es\/category\/noticias-crimen-organizado-colombia\/"},"img":{"alt_text":"Perfil criminal - Diego Fernando Murillo, alias 'Don Berna' - Colombia.","src":"https:\/\/i0.wp.com\/insightcrime.org\/wp-content\/uploads\/2026\/08\/Perfil-Criminal-Alias-Don-Berna-Colombia.jpg?fit=1200%2C900&quality=100&ssl=1&resize=350%2C200","width":350,"height":200,"srcset":"https:\/\/i0.wp.com\/insightcrime.org\/wp-content\/uploads\/2026\/08\/Perfil-Criminal-Alias-Don-Berna-Colombia.jpg?fit=1200%2C900&quality=100&ssl=1&resize=350%2C200 1x, https:\/\/i0.wp.com\/insightcrime.org\/wp-content\/uploads\/2026\/08\/Perfil-Criminal-Alias-Don-Berna-Colombia.jpg?fit=1200%2C900&quality=100&ssl=1&resize=525%2C300 1.5x, https:\/\/i0.wp.com\/insightcrime.org\/wp-content\/uploads\/2026\/08\/Perfil-Criminal-Alias-Don-Berna-Colombia.jpg?fit=1200%2C900&quality=100&ssl=1&resize=700%2C400 2x, https:\/\/i0.wp.com\/insightcrime.org\/wp-content\/uploads\/2026\/08\/Perfil-Criminal-Alias-Don-Berna-Colombia.jpg?fit=1200%2C900&quality=100&ssl=1&resize=1050%2C600 3x"},"classes":[]},{"id":305946,"url":"https:\/\/insightcrime.org\/es\/noticias\/expolicias-operan-como-intermediarios-entre-empresas-seguridad-privada-y-grupos-criminales-colombia\/","url_meta":{"origin":29764,"position":3},"title":"Expolic\u00edas operan como intermediarios entre empresas de seguridad privada y grupos criminales en Colombia","author":"Juan Camilo Jaramillo","date":"19 de marzo de 2025","format":false,"excerpt":"Una serie de capturas asociadas a empresas de seguridad privada evidencian c\u00f3mo algunas de estas compa\u00f1\u00edas operan como sucursales de grupos criminales en Colombia, y exponen otra faceta de la conexi\u00f3n entre las fuerzas de seguridad y el crimen organizado.","rel":"","context":"En \u00abNoticias\u00bb","block_context":{"text":"Noticias","link":"https:\/\/insightcrime.org\/es\/category\/noticias\/"},"img":{"alt_text":"Colombia Police seize a number of private security companies during a February operation","src":"https:\/\/i0.wp.com\/insightcrime.org\/wp-content\/uploads\/2025\/03\/2025-03-19-Colombia-Private-Security-Op.jpg?fit=350%2C250&quality=100&ssl=1&resize=350%2C200","width":350,"height":200},"classes":[]},{"id":128843,"url":"https:\/\/insightcrime.org\/es\/noticias\/hampa-colombiana-israeli-japonesa\/","url_meta":{"origin":29764,"position":4},"title":"Intermediario conectaba hampa colombiana con mafias israel\u00ed y japonesa","author":"Alessandro Ford","date":"6 de enero de 2021","format":false,"excerpt":"Un israel\u00ed sospechoso de tener nexos con grupos mafiosos japoneses e israel\u00edes est\u00e1 acusado de realizar operaciones de narcotr\u00e1fico, lavado de dinero y proxenetismo en Colombia, un hecho que ofrece informaci\u00f3n reveladora sobre el rol log\u00edstico de los intermediarios extranjeros en los c\u00edrculos criminales colombianos.","rel":"","context":"En \u00abNoticias\u00bb","block_context":{"text":"Noticias","link":"https:\/\/insightcrime.org\/es\/category\/noticias\/"},"img":{"alt_text":"","src":"https:\/\/i0.wp.com\/insightcrime.org\/wp-content\/uploads\/2020\/12\/Screenshot-2020-12-15-12.02.20.png?fit=350%2C250&quality=100&ssl=1&resize=350%2C200","width":350,"height":200},"classes":[]},{"id":295321,"url":"https:\/\/insightcrime.org\/es\/noticias\/camorra-italiana-medellin-capital-cocaina-colombia\/","url_meta":{"origin":29764,"position":5},"title":"La Camorra italiana se mueve hacia la capital de la coca\u00edna en Colombia","author":"Mario Saiz","date":"31 de octubre de 2024","format":false,"excerpt":"Dos miembros de alto rango de la mafia italiana Camorra fueron arrestados en Medell\u00edn, Colombia, en una operaci\u00f3n multinacional contra el tr\u00e1fico de coca\u00edna.\u00a0","rel":"","context":"En \u00abNoticias\u00bb","block_context":{"text":"Noticias","link":"https:\/\/insightcrime.org\/es\/category\/noticias\/"},"img":{"alt_text":"Polic\u00eda de colombia arresta al italiano Luigi Belvedere. Cr\u00e9dito: Polic\u00eda Nacional de Colombia","src":"https:\/\/i0.wp.com\/insightcrime.org\/wp-content\/uploads\/2024\/10\/captura-camorra-italia-medellin-2024.png?fit=350%2C250&quality=100&ssl=1&resize=350%2C200","width":350,"height":200},"classes":[]}],"jetpack_featured_media_url":"https:\/\/i0.wp.com\/insightcrime.org\/wp-content\/uploads\/2017\/07\/es-17-07-12-Colombia-Villegas.jpg?fit=350%2C251&quality=100&ssl=1","_links":{"self":[{"href":"https:\/\/insightcrime.org\/es\/wp-json\/wp\/v2\/posts\/29764","targetHints":{"allow":["GET"]}}],"collection":[{"href":"https:\/\/insightcrime.org\/es\/wp-json\/wp\/v2\/posts"}],"about":[{"href":"https:\/\/insightcrime.org\/es\/wp-json\/wp\/v2\/types\/post"}],"author":[{"embeddable":true,"href":"https:\/\/insightcrime.org\/es\/wp-json\/wp\/v2\/users\/16"}],"replies":[{"embeddable":true,"href":"https:\/\/insightcrime.org\/es\/wp-json\/wp\/v2\/comments?post=29764"}],"version-history":[{"count":2,"href":"https:\/\/insightcrime.org\/es\/wp-json\/wp\/v2\/posts\/29764\/revisions"}],"predecessor-version":[{"id":71687,"href":"https:\/\/insightcrime.org\/es\/wp-json\/wp\/v2\/posts\/29764\/revisions\/71687"}],"wp:featuredmedia":[{"embeddable":true,"href":"https:\/\/insightcrime.org\/es\/wp-json\/wp\/v2\/media\/46774"}],"wp:attachment":[{"href":"https:\/\/insightcrime.org\/es\/wp-json\/wp\/v2\/media?parent=29764"}],"wp:term":[{"taxonomy":"category","embeddable":true,"href":"https:\/\/insightcrime.org\/es\/wp-json\/wp\/v2\/categories?post=29764"},{"taxonomy":"post_tag","embeddable":true,"href":"https:\/\/insightcrime.org\/es\/wp-json\/wp\/v2\/tags?post=29764"},{"taxonomy":"newspack_spnsrs_tax","embeddable":true,"href":"https:\/\/insightcrime.org\/es\/wp-json\/wp\/v2\/newspack_spnsrs_tax?post=29764"},{"taxonomy":"author","embeddable":true,"href":"https:\/\/insightcrime.org\/es\/wp-json\/wp\/v2\/coauthors?post=29764"}],"curies":[{"name":"wp","href":"https:\/\/api.w.org\/{rel}","templated":true}]}}