{"id":29884,"date":"2017-07-28T17:08:37","date_gmt":"2017-09-14T00:23:12","guid":{"rendered":"https:\/\/insightcrime.org\/?p=29884"},"modified":"2023-04-24T16:02:07","modified_gmt":"2023-04-24T21:02:07","slug":"sentencia-sin-condena-relato-sobre-prision-preventiva-colombia","status":"publish","type":"post","link":"https:\/\/insightcrime.org\/es\/noticias\/analisis\/sentencia-sin-condena-relato-sobre-prision-preventiva-colombia\/","title":{"rendered":"Sentencia sin condena: un relato sobre la prisi\u00f3n preventiva en Colombia"},"content":{"rendered":"\n<p class=\"wp-block-paragraph\"><em>El 3 de abril de 2014, una docena de agentes de polic\u00eda vestidos de civil irrumpieron por la puerta del apartamento de Norbert Reinhart en la ciudad de Medell\u00edn blandiendo una orden de captura por homicidio. M\u00e1s de tres a\u00f1os ha pasado, y Reinhart no es ni hombre libre ni criminal convicto; es uno de las decenas de miles de reclusos que hay en las c\u00e1rceles colombianas atrapados en el limbo legal de la detenci\u00f3n preventiva.<\/em><\/p>\n\n\n\n<p class=\"wp-block-paragraph\">En Colombia, como en gran parte de Latinoam\u00e9rica, el abuso del mecanismo de detenci\u00f3n preventiva ha provocado una crisis de sobrepoblaci\u00f3n:<a href=\"\/indepth\/prisiones\" target=\"_blank\" rel=\"noopener\"> las c\u00e1rceles<\/a> colombianas operan al 154 por ciento de su capacidad, y se mantiene en custodia cerca de una tercera parte de los presos en espera de un juicio. Las autoridades se ven a gatas para mantener el control de estas decenas de miles de presos, un gran n\u00famero de los cuales son inocentes o solo son culpables de delitos menores. A diario los presos padecen prolongado sufrimiento f\u00edsico y mental, as\u00ed como la exposici\u00f3n a convictos veteranos y redes del crimen organizado.<\/p>\n\n\n\n<p class=\"wp-block-paragraph\">En julio de 2017, entr\u00f3 en vigor una reforma legal dise\u00f1ada para aliviar el hacinamiento con la implementaci\u00f3n de nuevos l\u00edmites de tiempo al uso de la detenci\u00f3n preventiva. Pero como lo descubrir\u00eda Norbert Reinhart, la brecha entre la ley y su aplicaci\u00f3n en Colombia puede limitar su impacto.<\/p>\n\n\n\n<p class=\"wp-block-paragraph\">Para Reinhart, ciudadano canadiense de 65 a\u00f1os de edad, residente por m\u00e1s de veinte a\u00f1os en Colombia, la horrorosa experiencia comenz\u00f3 en las celdas de retenci\u00f3n de la Seccional de Investigaci\u00f3n Criminal (SIJIN) de Colombia. Dos d\u00edas despu\u00e9s de su arresto, fue esposado y escoltado a la sala de audiencias para la formulaci\u00f3n del pliego de cargos, la legalizaci\u00f3n de su captura y las audiencias de medidas de aseguramiento, que se esfumaron en una nebulosa de cinco horas.<\/p>\n\n\n\n<p class=\"wp-block-paragraph\">En las audiencias, Reinhart oy\u00f3 que se le acusaba de haber pagado a un sicario perteneciente a los paramilitares para asesinar a uno de sus socios de negocios en una empresa minera \u2014acusaciones que niega en\u00e9rgicamente\u2014 y que se le mantendr\u00eda en custodia a la espera de su juicio.<\/p>\n\n\n\n<p class=\"wp-block-paragraph\">La orientaci\u00f3n<a href=\"https:\/\/legal.legis.com.co\/document?obra=legcol&amp;document=legcol_5273e2b812e14fbb9478d727295e7c23\" target=\"_blank\" rel=\"noopener\"> dada a los fiscales <\/a>establece que la reclusi\u00f3n debe ser siempre el \u00faltimo recurso como medida de aseguramiento previa al juicio, pero en realidad, suele ser la primera instancia. En el caso de Reinhart, el fiscal argument\u00f3 que las circunstancias cumpl\u00edan las tres condiciones para mostrar proporcionalidad para dichas medidas: se consider\u00f3 que ten\u00eda riesgo de fuga por ser ciudadano extranjero, riesgo para las v\u00edctimas o la comunidad, pues se trataba de un caso de homicidio con participaci\u00f3n del crimen organizado, y riesgo de interferencia en el caso, pues se lo hab\u00eda encontrado en posesi\u00f3n de expedientes de la investigaci\u00f3n relacionados con el caso al momento de su detenci\u00f3n.<\/p>\n\n\n\n<p class=\"wp-block-paragraph\">Sin embargo, el proceso, seg\u00fan alega Reinhart, ya estaba juzgado desde el inicio y \u00e9l tuvo poca oportunidad de refutar las medidas de seguridad o las acusaciones en las que se fundamentaban.<\/p>\n\n\n\n<p class=\"wp-block-paragraph\">\u201cEsa decisi\u00f3n ya estaba tomada\u201d, le coment\u00f3 a InSight Crime en una visita a la prisi\u00f3n El Pedregal en las afueras de Medell\u00edn.<\/p>\n\n\n\n<p class=\"wp-block-paragraph\">Temiendo que se lo aislara del mundo exterior al ingresar al sistema penitenciario real, Reinhart soborn\u00f3 a los guardias de la SIJIN para que le permitieran ser ubicado en las celdas de retenci\u00f3n durante 30 d\u00edas y as\u00ed tener tiempo para encontrar a un abogado y, as\u00ed cre\u00eda, garantizar su liberaci\u00f3n.<\/p>\n\n\n\n<p class=\"wp-block-paragraph\">\u201cPens\u00e9 que podr\u00eda resolver esto en 30 d\u00edas, pens\u00e9 que era as\u00ed de obvio: que yo era inocente y que esto era un error\u201d, a\u00f1adi\u00f3.<\/p>\n\n\n\n<p class=\"wp-block-paragraph\">Pasados veinte d\u00edas, y al darse cuenta de la gravedad de su situaci\u00f3n, fue sacado de las celdas de la SIJIN y llevado a los l\u00fagubres bloques de concreto de El Pedregal en las monta\u00f1as de Medell\u00edn.<\/p>\n\n\n\n<p class=\"wp-block-paragraph\"><span style=\"color: #800000;\"><strong>VEA TAMBI\u00c9N:<\/strong><\/span> <a href=\"\/investigaciones\/reflejo-colombia-guerra-narcotrafico-sistema-penitenciario\" target=\"_blank\" rel=\"noopener\">El reflejo de Colombia: guerra y narcotr\u00e1fico en el sistema penitenciario<\/a><\/p>\n\n\n\n<p class=\"wp-block-paragraph\">Al llegar, Reinhart fue llevado a un \u00e1rea de recepci\u00f3n que consist\u00eda de tres celdas diminutas y un peque\u00f1o espacio abierto. Esa secci\u00f3n estaba atiborrada de pared a pared con otros presos, quienes dorm\u00edan en cualquier espacio que pudieran encontrar, en lo que tuvieran consigo que pudiera servir como cama. Reinhart ten\u00eda una delgada colchoneta de camping que le hab\u00eda llevado la esposa de su socio a las celdas de la SIJIN, pero lo obligaron a dormir varias noches en el piso, mojado por el desbordamiento de los orinales.<\/p>\n\n\n\n<p class=\"wp-block-paragraph\">Reinhart solo estuvo all\u00ed durante una semana, lo que lo convirti\u00f3 en uno de los afortunados. Sabe de otros reclusos que han pasado casi un a\u00f1o y medio en esa secci\u00f3n esperando que se les asigne una celda.<\/p>\n\n\n\n<p class=\"wp-block-paragraph\">Por su edad, a Reinhart se lo asign\u00f3 al Patio F \u2014pabell\u00f3n reservado para presos vulnerables, como personas con discapacidad, miembros de comunidades en riesgo, como comunidad LGBT y funcionarios p\u00fablicos\u2014. Ese fue otro golpe de suerte, pues en los patios comunes abundan la violencia y el crimen, y se encuentran bajo el control brutal de capos conocidos en el sistema carcelario colombiano como \u201ccaciques\u201d.<\/p>\n\n\n\n<p class=\"wp-block-paragraph\">\u201cEs un infierno puro\u201d en los otros pabellones, dijo. \u201cTodos los d\u00edas me siento agradecido, porque all\u00e1 no durar\u00eda tres d\u00edas\u201d.<\/p>\n\n\n\n<p class=\"wp-block-paragraph\">Sin embargo, aunque Reinhart se ha librado del violento r\u00e9gimen de los caciques, las condiciones en el Patio F no son mejores que en el resto de la estructura de concreto que se va desmoronando en El Pedregal, y cree que los tres a\u00f1os que ha pasado all\u00ed ya le han hecho mella.<\/p>\n\n\n\n<p class=\"wp-block-paragraph\">\u201cEs un medio en que, necesariamente, su salud f\u00edsica y mental tienen que deteriorarse, lo deja mentalmente debilitado\u201d, dijo.<\/p>\n\n\n\n<div class=\"pull-quotes\">\n<div class=\"pull-quotes-body\"><em>La orientaci\u00f3n dada a los fiscales establece que la reclusi\u00f3n debe ser siempre el \u00faltimo recurso como medida de aseguramiento previa al juicio, pero en realidad, suele ser la primera instancia.<\/em><\/div>\n<\/div>\n\n\n\n<p class=\"wp-block-paragraph\">En la ley colombiana, se supone que los presos en espera de juicio deben mantenerse separados de los condenados para protegerlos de la victimizaci\u00f3n o el reclutamiento por criminales curtidos. Pero en El Pedregal, como en la mayor\u00eda de las c\u00e1rceles colombianas, esto nunca se da, y cada pabell\u00f3n es una mezcla \u2014entre los compa\u00f1eros de celda que tiene Reinhart actualmente hay un sicario pagando una sentencia\u2014.<\/p>\n\n\n\n<p class=\"wp-block-paragraph\">\u201cLos que ya han sido condenados normalmente est\u00e1n mucho m\u00e1s implicados en casos de extorsiones y tienen un comportamiento amenazador\u201d, observ\u00f3. \u201cSu l\u00f3gica es algo como: yo estoy condenado, no tengo nada que perder. Te matar\u00e9\u201d.<\/p>\n\n\n\n<p class=\"wp-block-paragraph\">Muchos de quienes entran a la c\u00e1rcel, inocentes o culpables, terminar\u00e1n con problemas de drogas. Reinhart estima que el 30 a 40 por ciento de quienes est\u00e1n en su pabell\u00f3n consumen drogas, pero esta proporci\u00f3n se eleva a un pasmoso 80 a 90 por ciento en los pabellones comunes, lo que genera un gran n\u00famero de adictos. Como resultado de eso, las deudas por drogas son la principal causa de violencia.<\/p>\n\n\n\n<p class=\"wp-block-paragraph\">\u201cHay tanta necesidad, pero tanta pobreza\u201d, reflexiona Reinhart.<\/p>\n\n\n\n<p class=\"wp-block-paragraph\">Las drogas ofrecen una de las \u00fanicas v\u00edas de escape del tedio de la vida en prisi\u00f3n. Pero uno de los otros altos en la rutina \u2014la asistencia a las interminables audiencias en juzgados\u2014 es menos un alivio y m\u00e1s otro suplicio, comenta Reinhart. El arduo proceso de transporte y procedimientos se complica con periodos de ocho a diez horas api\u00f1ados en las peque\u00f1as celdas de retenci\u00f3n del juzgado con otros m\u00e1s de 40 reclusos y sin un lugar d\u00f3nde sentarse.<\/p>\n\n\n\n<p class=\"wp-block-paragraph\">Sin embargo, a\u00f1ade Reinhart, estos viajes tienen un lado bueno.<\/p>\n\n\n\n<p class=\"wp-block-paragraph\">\u201cLos \u00fanicos rayos de sol que he visto en tres a\u00f1os es cuando camino de la puerta al autob\u00fas\u201d, recuerda.<\/p>\n\n\n\n<h3 class=\"wp-block-heading\">Presunto inocente, tratado como culpable<\/h3>\n\n\n\n<p class=\"wp-block-paragraph\">Aun despu\u00e9s de instalarse en El Pedregal, Reinhart segu\u00eda creyendo que saldr\u00eda de la c\u00e1rcel en cuesti\u00f3n de seis meses. Pero a medida que su caso avanzaba comenz\u00f3 a entender la realidad del sistema de justicia en Colombia: su paso de tortuga, las demoras interminables, maniobras raras y en ocasiones una interpretaci\u00f3n desconcertante de las leyes.<\/p>\n\n\n\n<p class=\"wp-block-paragraph\">Para cuando su juicio hab\u00eda iniciado, casi 22 meses despu\u00e9s de su arresto, la detenci\u00f3n preventiva de Reinhart hab\u00eda ejercido un yugo asfixiante no solo en su vida, sino tambi\u00e9n en la de su joven hija.<\/p>\n\n\n\n<p class=\"wp-block-paragraph\">Justamente el d\u00eda en que cumpl\u00eda 18 a\u00f1os, Molly Reinhart recibi\u00f3 un mensaje de correo electr\u00f3nico donde se le informaba que su padre estaba preso. Al comienzo, se qued\u00f3 en Canad\u00e1, confiando en su certeza de que el caso se resolver\u00eda r\u00e1pidamente. Pero, para el d\u00eda de A\u00f1o Nuevo de 2015, se encontraba en un avi\u00f3n hacia Colombia.<\/p>\n\n\n\n<p class=\"wp-block-paragraph\">Desde su llegada al pa\u00eds, Molly ha centrado su energ\u00eda en planear la defensa de su padre.<\/p>\n\n\n\n<p class=\"wp-block-paragraph\">\u201cLo m\u00e1s dif\u00edcil es no saber cu\u00e1nto tiempo durar\u00e1\u201d, confiesa. \u201cNo he logrado hacer planes en los \u00faltimos tres a\u00f1os y medio\u201d.<\/p>\n\n\n\n<p class=\"wp-block-paragraph\">Sin un final a la vista, su familia, amigos y su vida en Canad\u00e1 se han desvanecido en el pasado.<\/p>\n\n\n\n<p class=\"wp-block-paragraph\">\u201cMi madre es la \u00fanica persona que ha dicho, \u2018Debes volver\u2019. Pero no es as\u00ed de simple. No puedo irme y ya\u201d, dice.<\/p>\n\n\n\n<p class=\"wp-block-paragraph\">Con las dilaciones del juicio, Reinhart, su hija y su abogado interpusieron un gran n\u00famero de mociones para intentar garantizar su liberaci\u00f3n durante el juicio, todas las cuales fueron rechazadas. Pero, con la nueva ley que entrar\u00e1 en vigor, creyeron que finalmente ten\u00edan un argumento irrefutable.<\/p>\n\n\n\n<p class=\"wp-block-paragraph\"><strong><span style=\"color: #800000;\">VEA TAMBI\u00c9N:<\/span><\/strong> <a href=\"\/investigaciones\/el-dilema-de-prisiones-en-latinoamerica\" target=\"_blank\" rel=\"noopener\">El dilema de las prisiones en&nbsp;Latinoam\u00e9rica<\/a><\/p>\n\n\n\n<p class=\"wp-block-paragraph\">La<a href=\"https:\/\/es.presidencia.gov.co\/normativa\/normativa\/Ley-1786-1-julio-2016.pdf\" target=\"_blank\" rel=\"noopener\"> ley 1786<\/a> cambia la condici\u00f3n anteriormente vaga de que los acusados solo pod\u00edan ser retenidos por un \u201cplazo razonable\u201d con l\u00edmites de tiempo espec\u00edficos. Los abogados defensores pueden solicitar la libertad amparados en uno de dos tipos de l\u00edmites de tiempo. El primero establece un l\u00edmite de un a\u00f1o para todo el proceso, con la posibilidad de que los fiscales soliciten su pr\u00f3rroga a dos para ciertos tipos de casos, como los que involucran acusaciones m\u00faltiples o crimen organizado. El otro fija l\u00edmites para cada fase del juicio: 60 d\u00edas a partir de la formulaci\u00f3n de cargos hasta la presentaci\u00f3n de la acusaci\u00f3n escrita, 120 d\u00edas a partir de la acusaci\u00f3n hasta el inicio del juicio oral, y 150 d\u00edas para el juicio en s\u00ed, y la posibilidad de duplicar cada plazo para los casos especiales.<\/p>\n\n\n\n<p class=\"wp-block-paragraph\">En la audiencia del 19 de julio, el abogado de Reinhart expuso un caso sencillo. Como el suyo es un caso de crimen organizado, el l\u00edmite de 150 d\u00edas para el juicio se duplica a 300. Lleva detenido 530 d\u00edas, aunque esto se reduce a 480 d\u00edas despu\u00e9s de descontar los retrasos por los que Reinhart y sus asesores legales aceptan la responsabilidad. Sea como sea que se mire, sostuvo la defensa, los plazos precluyeron hace mucho tiempo.<\/p>\n\n\n\n<p class=\"wp-block-paragraph\">El fiscal respondi\u00f3 con un bombardeo de argumentos: la ley no debe aplicarse de manera retroactiva, no se supone su aplicaci\u00f3n autom\u00e1tica, Reinhart lleva mucho tiempo planeando esto, retrasos y m\u00e1s retrasos hasta que pueda salir y escapar a Canad\u00e1.<\/p>\n\n\n\n<p class=\"wp-block-paragraph\">Los dos abogados aprovechan los argumentos en torno a la detenci\u00f3n preventiva y la ley para frenar su uso.<\/p>\n\n\n\n<p class=\"wp-block-paragraph\">\u201cEs posible que algunas personas que hayan cometido delitos queden libres, pero ahora mismo hay muchos inocentes pagando sentencias injustamente\u201d, sostuvo la defensa.<\/p>\n\n\n\n<p class=\"wp-block-paragraph\">\u201c\u00a1Los legisladores no pueden querer el caos de una liberaci\u00f3n masiva!\u201d, contraatac\u00f3 el fiscal. \u201cEl estado debe asumir responsabilidad por sus acciones\u201d.<\/p>\n\n\n\n<p class=\"wp-block-paragraph\">El fallo del juez fue que Reinhart permanecer\u00eda en prisi\u00f3n. Declar\u00f3 que la ley no puede aplicarse de manera retroactiva, alegando que en lugar de eso la cuenta comenz\u00f3 cuando la ley entr\u00f3 en vigor, un fallo que parece contradecir las mismas interpretaciones de la ley hecha por la Fiscal\u00eda General de la Rep\u00fablica y, como sostiene la defensa de Reinhart, de la ley constitucional. Para el juez, la ley 1786 no se aplica al caso y Reinhart no lleva en prisi\u00f3n un tiempo desmesurado.<\/p>\n\n\n\n<p class=\"wp-block-paragraph\">Apelar\u00e1n, pero entretanto, el juicio contin\u00faa. Se espera que el juicio concluya en agosto, lo que significa que un tiempo antes del fin de a\u00f1o Reinhart finalmente tendr\u00e1 oportunidad de presentar su defensa\u2026 m\u00e1s de tres a\u00f1os y medio despu\u00e9s de su arresto. Los argumentos sobre su culpa o inocencia casi seguramente se extender\u00e1n hasta 2018. Pero por el momento, \u00e9l, y decenas de miles de otros presuntos inocentes en Colombia, siguen viviendo como condenados.<\/p>\n","protected":false},"excerpt":{"rendered":"<p><em>El 3 de abril de 2014, una docena de agentes de polic\u00eda vestidos de civil irrumpieron por la puerta del apartamento de Norbert Reinhart en la ciudad de Medell\u00edn blandiendo una orden de captura por homicidio. M\u00e1s de tres a\u00f1os ha pasado, y Reinhart no es ni hombre libre ni criminal convicto; es uno de las decenas de miles de reclusos que hay en las c\u00e1rceles colombianas atrapados en el limbo legal de la detenci\u00f3n preventiva.<\/em><\/p>\n","protected":false},"author":16,"featured_media":46832,"comment_status":"closed","ping_status":"closed","sticky":false,"template":"","format":"standard","meta":{"newspack_ads_suppress_ads":false,"newspack_popups_has_disabled_popups":false,"newspack_sponsor_sponsorship_scope":"","newspack_sponsor_native_byline_display":"inherit","newspack_sponsor_native_category_display":"inherit","newspack_sponsor_underwriter_style":"inherit","newspack_sponsor_underwriter_placement":"inherit","_EventAllDay":false,"_EventTimezone":"","_EventStartDate":"","_EventEndDate":"","_EventStartDateUTC":"","_EventEndDateUTC":"","_EventShowMap":false,"_EventShowMapLink":false,"_EventURL":"","_EventCost":"","_EventCostDescription":"","_EventCurrencySymbol":"","_EventCurrencyCode":"","_EventCurrencyPosition":"","_EventDateTimeSeparator":"","_EventTimeRangeSeparator":"","_EventOrganizerID":[],"_EventVenueID":[],"_OrganizerEmail":"","_OrganizerPhone":"","_OrganizerWebsite":"","_VenueAddress":"","_VenueCity":"","_VenueCountry":"","_VenueProvince":"","_VenueState":"","_VenueZip":"","_VenuePhone":"","_VenueURL":"","_VenueStateProvince":"","_VenueLat":"","_VenueLng":"","_VenueShowMap":false,"_VenueShowMapLink":false,"_newspack_byline_active":false,"_newspack_byline":"","newspack_hide_updated_date":false,"newspack_show_updated_date":false,"newspack_featured_image_position":"","newspack_post_subtitle":"","newspack_article_summary_title":"Overview:","newspack_article_summary":"","_jetpack_memberships_contains_paid_content":false,"footnotes":""},"categories":[340],"tags":[368,3021],"newspack_spnsrs_tax":[],"coauthors":[3821],"class_list":["post-29884","post","type-post","status-publish","format-standard","has-post-thumbnail","hentry","category-analisis","tag-colombia-pais","tag-prisiones-es","entry"],"parsely":{"version":"1.1.0","canonical_url":"https:\/\/insightcrime.org\/es\/noticias\/analisis\/sentencia-sin-condena-relato-sobre-prision-preventiva-colombia\/","smart_links":{"inbound":0,"outbound":0},"traffic_boost_suggestions_count":0,"meta":{"@context":"https:\/\/schema.org","@type":"NewsArticle","headline":"Sentencia sin condena: un relato sobre la prisi\u00f3n preventiva en Colombia","url":"http:\/\/insightcrime.org\/es\/noticias\/analisis\/sentencia-sin-condena-relato-sobre-prision-preventiva-colombia\/","mainEntityOfPage":{"@type":"WebPage","@id":"http:\/\/insightcrime.org\/es\/noticias\/analisis\/sentencia-sin-condena-relato-sobre-prision-preventiva-colombia\/"},"thumbnailUrl":"https:\/\/i0.wp.com\/insightcrime.org\/wp-content\/uploads\/2017\/07\/es-17-07-24-Colombia-Pedregal.jpg?resize=150%2C150&quality=100&ssl=1","image":{"@type":"ImageObject","url":"https:\/\/i0.wp.com\/insightcrime.org\/wp-content\/uploads\/2017\/07\/es-17-07-24-Colombia-Pedregal.jpg?fit=350%2C250&quality=100&ssl=1"},"articleSection":"An\u00e1lisis","author":[{"@type":"Person","name":"James Bargent"}],"creator":["James Bargent"],"publisher":{"@type":"Organization","name":"InSight Crime","logo":"https:\/\/insightcrime.org\/wp-content\/uploads\/2023\/08\/logo.png"},"keywords":["colombia","prisiones"],"dateCreated":"2017-09-14T00:23:12Z","datePublished":"2017-09-14T00:23:12Z","dateModified":"2023-04-24T21:02:07Z"},"rendered":"<meta name=\"parsely-title\" content=\"Sentencia sin condena: un relato sobre la prisi\u00f3n preventiva en Colombia\" \/>\n<meta name=\"parsely-link\" content=\"http:\/\/insightcrime.org\/es\/noticias\/analisis\/sentencia-sin-condena-relato-sobre-prision-preventiva-colombia\/\" \/>\n<meta name=\"parsely-type\" content=\"post\" \/>\n<meta name=\"parsely-image-url\" content=\"https:\/\/i0.wp.com\/insightcrime.org\/wp-content\/uploads\/2017\/07\/es-17-07-24-Colombia-Pedregal.jpg?resize=150%2C150&amp;quality=100&amp;ssl=1\" \/>\n<meta name=\"parsely-pub-date\" content=\"2017-09-14T00:23:12Z\" \/>\n<meta name=\"parsely-section\" content=\"An\u00e1lisis\" \/>\n<meta name=\"parsely-tags\" content=\"colombia,prisiones\" \/>\n<meta name=\"parsely-author\" content=\"James Bargent\" \/>","tracker_url":"https:\/\/cdn.parsely.com\/keys\/insightcrime.org\/p.js"},"jetpack_sharing_enabled":true,"jetpack-related-posts":[{"id":265156,"url":"https:\/\/insightcrime.org\/es\/noticias\/extorsion-carceles-continua-poniendo-jaque-autoridades-colombia\/","url_meta":{"origin":29884,"position":0},"title":"Extorsi\u00f3n desde las c\u00e1rceles contin\u00faa poniendo en jaque a autoridades en Colombia","author":"Sean Doherty","date":"12 de enero de 2024","format":false,"excerpt":"Tras una serie de detenciones recientes, autoridades colombianas han enfocado su atenci\u00f3n en desmantelar los esquemas extorsivos dirigidos por miembros de grupos venezolanos tras las rejas. Sin embargo, no han tenido \u00e9xito en detener este delito.","rel":"","context":"En \u00abNoticias\u00bb","block_context":{"text":"Noticias","link":"https:\/\/insightcrime.org\/es\/category\/noticias\/"},"img":{"alt_text":"Jos\u00e9 Manuel Vera, alias \"Satan\u00e1s\", detenido en Colombia tras su arresto en Ecuador","src":"https:\/\/i0.wp.com\/insightcrime.org\/wp-content\/uploads\/2023\/08\/Satanas-e1704999302869.jpg?fit=1200%2C802&quality=100&ssl=1&resize=350%2C200","width":350,"height":200,"srcset":"https:\/\/i0.wp.com\/insightcrime.org\/wp-content\/uploads\/2023\/08\/Satanas-e1704999302869.jpg?fit=1200%2C802&quality=100&ssl=1&resize=350%2C200 1x, https:\/\/i0.wp.com\/insightcrime.org\/wp-content\/uploads\/2023\/08\/Satanas-e1704999302869.jpg?fit=1200%2C802&quality=100&ssl=1&resize=525%2C300 1.5x, https:\/\/i0.wp.com\/insightcrime.org\/wp-content\/uploads\/2023\/08\/Satanas-e1704999302869.jpg?fit=1200%2C802&quality=100&ssl=1&resize=700%2C400 2x, https:\/\/i0.wp.com\/insightcrime.org\/wp-content\/uploads\/2023\/08\/Satanas-e1704999302869.jpg?fit=1200%2C802&quality=100&ssl=1&resize=1050%2C600 3x"},"classes":[]},{"id":232555,"url":"https:\/\/insightcrime.org\/es\/noticias\/detencion-preventiva-favorece-el-crimen-organizado-en-paraguay\/","url_meta":{"origin":29884,"position":1},"title":"\u00bfDetenci\u00f3n preventiva favorece el crimen organizado en Paraguay?","author":"Christopher Newton","date":"13 de julio de 2023","format":false,"excerpt":"La inseguridad est\u00e1 aumentando en Paraguay, y el gobierno les est\u00e1 facilitando a los grupos criminales el reclutamiento de nuevos miembros, al encarcelar a miles de personas acusadas de alg\u00fan delito junto con verdaderos criminales. Muchos pa\u00edses latinoamericanos emplean la pr\u00e1ctica conocida como prisi\u00f3n preventiva, mediante la cual se encarcela\u2026","rel":"","context":"En \u00abNoticias\u00bb","block_context":{"text":"Noticias","link":"https:\/\/insightcrime.org\/es\/category\/noticias\/"},"img":{"alt_text":"","src":"https:\/\/i0.wp.com\/insightcrime.org\/wp-content\/uploads\/2023\/07\/DataInSights-Are-Pretrial-Detentions-Fueling-Organized-Crime-in-Paraguay-July-2023-InSight-Crime.jpg?fit=1200%2C690&quality=100&ssl=1&resize=350%2C200","width":350,"height":200,"srcset":"https:\/\/i0.wp.com\/insightcrime.org\/wp-content\/uploads\/2023\/07\/DataInSights-Are-Pretrial-Detentions-Fueling-Organized-Crime-in-Paraguay-July-2023-InSight-Crime.jpg?fit=1200%2C690&quality=100&ssl=1&resize=350%2C200 1x, https:\/\/i0.wp.com\/insightcrime.org\/wp-content\/uploads\/2023\/07\/DataInSights-Are-Pretrial-Detentions-Fueling-Organized-Crime-in-Paraguay-July-2023-InSight-Crime.jpg?fit=1200%2C690&quality=100&ssl=1&resize=525%2C300 1.5x, https:\/\/i0.wp.com\/insightcrime.org\/wp-content\/uploads\/2023\/07\/DataInSights-Are-Pretrial-Detentions-Fueling-Organized-Crime-in-Paraguay-July-2023-InSight-Crime.jpg?fit=1200%2C690&quality=100&ssl=1&resize=700%2C400 2x, https:\/\/i0.wp.com\/insightcrime.org\/wp-content\/uploads\/2023\/07\/DataInSights-Are-Pretrial-Detentions-Fueling-Organized-Crime-in-Paraguay-July-2023-InSight-Crime.jpg?fit=1200%2C690&quality=100&ssl=1&resize=1050%2C600 3x"},"classes":[]},{"id":189902,"url":"https:\/\/insightcrime.org\/es\/investigaciones\/memo-fantasma-libertad-fiscal-colombiano-preso-esfuerzos-fiscal\/","url_meta":{"origin":29884,"position":2},"title":"Memo Fantasma quedar\u00eda libre gracias a fiscal colombiano","author":"Jeremy McDermott","date":"30 de junio de 2022","format":false,"excerpt":"El jefe narco y paramilitar, alias \"Memo Fantasma, podr\u00eda salir pronto de prisi\u00f3n en Colombia, despu\u00e9s de que el fiscal fall\u00f3 en dos audiencias dise\u00f1adas para mantener.","rel":"","context":"En \u00abInvestigaciones\u00bb","block_context":{"text":"Investigaciones","link":"https:\/\/insightcrime.org\/es\/category\/investigaciones\/"},"img":{"alt_text":"Ilustraci\u00f3n Memo Fantasma junto a un juez","src":"https:\/\/i0.wp.com\/insightcrime.org\/wp-content\/uploads\/2022\/06\/Ilustracion_sin_titulo-21-scaled.jpg?fit=1200%2C450&quality=100&ssl=1&resize=350%2C200","width":350,"height":200,"srcset":"https:\/\/i0.wp.com\/insightcrime.org\/wp-content\/uploads\/2022\/06\/Ilustracion_sin_titulo-21-scaled.jpg?fit=1200%2C450&quality=100&ssl=1&resize=350%2C200 1x, https:\/\/i0.wp.com\/insightcrime.org\/wp-content\/uploads\/2022\/06\/Ilustracion_sin_titulo-21-scaled.jpg?fit=1200%2C450&quality=100&ssl=1&resize=525%2C300 1.5x, https:\/\/i0.wp.com\/insightcrime.org\/wp-content\/uploads\/2022\/06\/Ilustracion_sin_titulo-21-scaled.jpg?fit=1200%2C450&quality=100&ssl=1&resize=700%2C400 2x, https:\/\/i0.wp.com\/insightcrime.org\/wp-content\/uploads\/2022\/06\/Ilustracion_sin_titulo-21-scaled.jpg?fit=1200%2C450&quality=100&ssl=1&resize=1050%2C600 3x"},"classes":[]},{"id":170450,"url":"https:\/\/insightcrime.org\/es\/noticias\/orden-juez-memo-fantasma-seguira-carcel-colombia\/","url_meta":{"origin":29884,"position":3},"title":"Por orden de un juez, Memo Fantasma seguir\u00e1 en la c\u00e1rcel en Colombia","author":"InSight Crime","date":"28 de octubre de 2021","format":false,"excerpt":"El acusado narcotraficante paramilitar Guillermo Le\u00f3n Acevedo, alias \u201cMemo Fantasma\u201d, permanecer\u00e1 en una prisi\u00f3n de alta seguridad de Bogot\u00e1, donde ha estado encarcelado durante los \u00faltimos cuatro meses.","rel":"","context":"En \u00abNoticias\u00bb","block_context":{"text":"Noticias","link":"https:\/\/insightcrime.org\/es\/category\/noticias\/"},"img":{"alt_text":"Arresto del acusado narcotraficante paramilitar Guillermo Le\u00f3n Acevedo, alias \"Memo Fantasma\"","src":"https:\/\/i0.wp.com\/insightcrime.org\/wp-content\/uploads\/2021\/09\/Memo-Fantasma-Arrest-Mug.jpg?fit=350%2C251&quality=100&ssl=1&resize=350%2C200","width":350,"height":200},"classes":[]},{"id":203481,"url":"https:\/\/insightcrime.org\/es\/noticias\/traslados-lideres-pandillas-detonan-violencia-carcelaria-ecuador\/","url_meta":{"origin":29884,"position":4},"title":"Traslados de l\u00edderes de pandillas son factores de violencia carcelaria en Ecuador","author":"Henry Shuldiner","date":"7 de noviembre de 2022","format":false,"excerpt":"Despu\u00e9s de otra serie de ataques contra las autoridades y la poblaci\u00f3n carcelaria de Ecuador, la estrategia \u00fanica del gobierno de trasladar los pandilleros de una prisi\u00f3n a otra parece ser el detonante de la violencia.","rel":"","context":"En \u00abNoticias\u00bb","block_context":{"text":"Noticias","link":"https:\/\/insightcrime.org\/es\/category\/noticias\/"},"img":{"alt_text":"Autom\u00f3vil incinerado en Guayaquil tras 24 horas de violencia carcelaria de las pandillas en Ecuador","src":"https:\/\/i0.wp.com\/insightcrime.org\/wp-content\/uploads\/2022\/11\/ZEUFGK75NJHX5KJZBY6YRD5UQA-1-1.jpg?fit=350%2C250&quality=100&ssl=1&resize=350%2C200","width":350,"height":200},"classes":[]},{"id":296486,"url":"https:\/\/insightcrime.org\/es\/noticias\/colombia-detiene-cabecilla-tren-de-aragua-ayuda-venezuela\/","url_meta":{"origin":29884,"position":5},"title":"Colombia detiene a otro cabecilla del Tren de Aragua con ayuda de Venezuela","author":"Unidad Investigativa de Venezuela","date":"22 de noviembre de 2024","format":false,"excerpt":"La detenci\u00f3n de un miembro de alto rango del Tren de Aragua marca otro golpe importante a las operaciones de la megabanda en Colombia y demuestra, una vez m\u00e1s, que la protecci\u00f3n que recib\u00eda de las autoridades venezolanas desapareci\u00f3.","rel":"","context":"En \u00abNoticias\u00bb","block_context":{"text":"Noticias","link":"https:\/\/insightcrime.org\/es\/category\/noticias\/"},"img":{"alt_text":"Imagen principal: Jeison Alexander Lorca Salazar, alias \u201cJeison Comino\u201d. Cr\u00e9dito: Gustavo Petro","src":"https:\/\/i0.wp.com\/insightcrime.org\/wp-content\/uploads\/2024\/11\/image.png?fit=350%2C250&quality=100&ssl=1&resize=350%2C200","width":350,"height":200},"classes":[]}],"jetpack_featured_media_url":"https:\/\/i0.wp.com\/insightcrime.org\/wp-content\/uploads\/2017\/07\/es-17-07-24-Colombia-Pedregal.jpg?fit=350%2C250&quality=100&ssl=1","_links":{"self":[{"href":"https:\/\/insightcrime.org\/es\/wp-json\/wp\/v2\/posts\/29884","targetHints":{"allow":["GET"]}}],"collection":[{"href":"https:\/\/insightcrime.org\/es\/wp-json\/wp\/v2\/posts"}],"about":[{"href":"https:\/\/insightcrime.org\/es\/wp-json\/wp\/v2\/types\/post"}],"author":[{"embeddable":true,"href":"https:\/\/insightcrime.org\/es\/wp-json\/wp\/v2\/users\/16"}],"replies":[{"embeddable":true,"href":"https:\/\/insightcrime.org\/es\/wp-json\/wp\/v2\/comments?post=29884"}],"version-history":[{"count":2,"href":"https:\/\/insightcrime.org\/es\/wp-json\/wp\/v2\/posts\/29884\/revisions"}],"predecessor-version":[{"id":71649,"href":"https:\/\/insightcrime.org\/es\/wp-json\/wp\/v2\/posts\/29884\/revisions\/71649"}],"wp:featuredmedia":[{"embeddable":true,"href":"https:\/\/insightcrime.org\/es\/wp-json\/wp\/v2\/media\/46832"}],"wp:attachment":[{"href":"https:\/\/insightcrime.org\/es\/wp-json\/wp\/v2\/media?parent=29884"}],"wp:term":[{"taxonomy":"category","embeddable":true,"href":"https:\/\/insightcrime.org\/es\/wp-json\/wp\/v2\/categories?post=29884"},{"taxonomy":"post_tag","embeddable":true,"href":"https:\/\/insightcrime.org\/es\/wp-json\/wp\/v2\/tags?post=29884"},{"taxonomy":"newspack_spnsrs_tax","embeddable":true,"href":"https:\/\/insightcrime.org\/es\/wp-json\/wp\/v2\/newspack_spnsrs_tax?post=29884"},{"taxonomy":"author","embeddable":true,"href":"https:\/\/insightcrime.org\/es\/wp-json\/wp\/v2\/coauthors?post=29884"}],"curies":[{"name":"wp","href":"https:\/\/api.w.org\/{rel}","templated":true}]}}