{"id":303026,"date":"2025-02-19T11:13:01","date_gmt":"2025-02-19T16:13:01","guid":{"rendered":"https:\/\/insightcrime.org\/?p=303026"},"modified":"2025-02-27T14:35:27","modified_gmt":"2025-02-27T19:35:27","slug":"europa-intensifica-apoyo-america-latina-y-caribe-contra-crimen-organizado","status":"publish","type":"post","link":"https:\/\/insightcrime.org\/es\/noticias\/europa-intensifica-apoyo-america-latina-y-caribe-contra-crimen-organizado\/","title":{"rendered":"Europa intensifica su colaboraci\u00f3n con Am\u00e9rica Latina en la lucha contra las redes criminales"},"content":{"rendered":"\n<p class=\"wp-block-paragraph\">La Uni\u00f3n Europea (UE) ha intensificado su apoyo con Am\u00e9rica Latina y el Caribe (ALC), consciente de que las crecientes alianzas entre las organizaciones criminales europeas y latinoamericanas suponen una amenaza para la seguridad nacional en ambos lados del Atl\u00e1ntico.<\/p>\n\n\n\n<p class=\"wp-block-paragraph\">InSight Crime ha estado trabajando con la UE para perfilar diferentes estructuras delictivas que prestan servicios a redes criminales de alto riesgo que operan en Am\u00e9rica Latina y hacia Europa, gestionando diferentes econom\u00edas criminales, entre las que se destaca el tr\u00e1fico de coca\u00edna. Puede consultar nuestro trabajo sobre estas redes <a href=\"https:\/\/insightcrime.org\/wp-content\/uploads\/2025\/02\/ES_Mapeo-y-perfilamiento-HRCN_LAC_Vvirtual.pdf\" target=\"_blank\" rel=\"noreferrer noopener\">aqu\u00ed<\/a>.<\/p>\n\n\n\n<p class=\"wp-block-paragraph\">InSight Crime entrevist\u00f3 a Marc Reina Tortosa, gerente ejecutivo del Programa de Asistencia contra el Crimen Transnacional Organizado (EL PACCTO), la iniciativa de la UE que apoya el fortalecimiento del Estado de Derecho y la lucha contra el crimen organizado transnacional en Am\u00e9rica Latina y el Caribe, financiado por la Direcci\u00f3n General de Asociaciones Internacionales de la Comisi\u00f3n Europea.<\/p>\n\n\n\n<p class=\"wp-block-paragraph\"><strong>InSight Crime (IC):<\/strong> <strong>\u00bfCu\u00e1l es la idea detr\u00e1s de la creaci\u00f3n de EL PACCTO?<\/strong><\/p>\n\n\n\n<p class=\"wp-block-paragraph\"><strong>Marc Reina-Tortosa (MR-T):<\/strong> La voluntad de crear EL PACCTO surgi\u00f3 de la Cumbre UE-CELAC de 2015, en la que los jefes de Estado de los pa\u00edses de Am\u00e9rica Latina y el Caribe, junto con la UE y sus Estados miembros, acordaron poner en marcha un programa birregional de asistencia a las instituciones de justicia y seguridad latinoamericanas. La iniciativa se encuentra en su segunda fase, lanzada en noviembre de 2023, y ha ampliado tanto su \u00e1mbito geogr\u00e1fico, incluyendo a los socios caribe\u00f1os, como su mandato estrat\u00e9gico, t\u00e1ctico y operativo.<\/p>\n\n\n\n<p class=\"wp-block-paragraph\"><strong>IC: \u00bfCu\u00e1l es la idea que subyace tras el encargo y publicaci\u00f3n de este informe sobre las<\/strong>  <strong>redes criminales de alto riesgo?<\/strong><\/p>\n\n\n\n<p class=\"wp-block-paragraph\"><strong>MR-T:<\/strong> EL PACCTO ha facilitado la creaci\u00f3n de dos ciclos de di\u00e1logo de alto nivel sobre seguridad y justicia, el Comit\u00e9 Latinoamericano de Seguridad Interior (CLASI) y el Ciclo Pol\u00edtico Compartido en Materia de Justicia (C-JUST). Estos di\u00e1logos est\u00e1n liderados por ministros de Seguridad y organizaciones regionales latinoamericanas, que en una reuni\u00f3n celebrada en Bruselas en junio de 2024 determinaron como prioritarias la identificaci\u00f3n y el desmantelamiento de redes criminales de alto riesgo, que operan en ambos lados del Atl\u00e1ntico.<\/p>\n\n\n\n<p class=\"wp-block-paragraph\">Es en este marco que EL PACCTO 2.0, junto con la EU EMPACT (European Multidisciplinary Platform Against Criminal Threats), lanz\u00f3 el estudio de mapeo y perfilamiento de las 28 redes criminales m\u00e1s importantes de la regi\u00f3n latinoamericana en conjunto con InSight Crime.<\/p>\n\n\n\n<p class=\"wp-block-paragraph\">La idea detr\u00e1s del trabajo realizado es mejorar el conocimiento que tanto la UE como Am\u00e9rica Latina tienen sobre las amenazas que estos grupos criminales representan para el Estado de Derecho, particularmente en ALC. El estudio nos da un panorama de la situaci\u00f3n actual, que puede cambiar muy r\u00e1pidamente ya que estamos hablando de redes criminales que se expanden, fragmentan o desmantelan parcialmente en cortos per\u00edodos de tiempo.<\/p>\n\n\n\n<p class=\"wp-block-paragraph\"><strong>IC: \u00bfConsidera que el crimen organizado transnacional procedente de Am\u00e9rica Latina y el Caribe representa una amenaza para la seguridad nacional de la Uni\u00f3n Europea?<\/strong><\/p>\n\n\n\n<p class=\"wp-block-paragraph\"><strong>MR-T:<\/strong> El crimen organizado transnacional es una amenaza global, no solo para la Uni\u00f3n Europea, ya que busca el control territorial, la infiltraci\u00f3n en las estructuras del Estado y sembrar el terror y el caos all\u00ed donde opera. Lo hemos visto en muchas partes del mundo y la UE no es una regi\u00f3n libre de esta amenaza.<\/p>\n\n\n\n<p class=\"wp-block-paragraph\">Por ello, la Estrategia de Seguridad de la Uni\u00f3n Europea 2020-2025 incluye la lucha contra el crimen organizado y el terrorismo, as\u00ed como contra las amenazas h\u00edbridas, como una prioridad para la UE. Adem\u00e1s, en los \u00faltimos a\u00f1os la UE ha desarrollado una Gu\u00eda Estrat\u00e9gica de Seguridad y Defensa, que destaca la amenaza que supone el crimen organizado para la UE y otras regiones, incluido el tr\u00e1fico de drogas y otros delitos graves. Adem\u00e1s, la UE ha fortalecido la legislaci\u00f3n interna en la lucha contra el crimen organizado.<\/p>\n\n\n\n<p class=\"wp-block-paragraph\">Desde mi perspectiva, el crimen organizado&nbsp; transnacional representa una clara amenaza para la UE y sus Estados miembros. El impacto del crimen organizado en la vida cotidiana de los europeos ha aumentado dr\u00e1sticamente en los \u00faltimos a\u00f1os. Desde el descubrimiento de contenedores espec\u00edficamente adaptados para convertirse en lugares de interrogatorio o tortura en el sur de los Pa\u00edses Bajos, hasta la contrataci\u00f3n de sicarios colombianos o suecos para cometer asesinatos en la Costa del Sol, en Espa\u00f1a, pasando por la actuaci\u00f3n de grupos criminales en las calles de Bruselas con fusiles autom\u00e1ticos, o el asesinato de periodistas en Eslovaquia, Malta o los Pa\u00edses Bajos. Estos hechos indican que la amenaza criminal en Europa est\u00e1 m\u00e1s viva de lo que nos gustar\u00eda.<\/p>\n\n\n\n<p class=\"wp-block-paragraph\">Una de las amenazas que debemos tomarnos m\u00e1s en serio en relaci\u00f3n con el crimen organizado es su capacidad para infiltrarse y corromper las estructuras e instituciones del Estado. Esto no es algo nuevo, ocurre en todos los pa\u00edses, pero creo que la amenaza es mucho m\u00e1s grave de lo que podr\u00edamos pensar. Un ejemplo reciente, publicado en la prensa espa\u00f1ola, es la detenci\u00f3n del jefe de la unidad de investigaci\u00f3n de blanqueo de capitales de la Polic\u00eda Nacional espa\u00f1ola, acusado de aceptar sobornos multimillonarios de las mafias de los Balcanes Occidentales para ayudar a introducir drogas procedentes de Am\u00e9rica Latina en Europa. Evidentemente, se trata de un caso aislado que no pone en peligro el trabajo de las fuerzas de seguridad espa\u00f1olas, pero que, a nivel pol\u00edtico e institucional, deber\u00eda conducirnos a revisar los controles internos. En otros casos, el crimen organizado se ha infiltrado en los puertos europeos para facilitar y agilizar la entrada de mercanc\u00edas il\u00edcitas como drogas y madera.<\/p>\n\n\n\n<p class=\"wp-block-paragraph\"><strong>IC: \u00bfCree que los delincuentes europeos desempe\u00f1an un papel cada vez m\u00e1s importante en las redes mundiales de tr\u00e1fico de coca\u00edna?<\/strong><\/p>\n\n\n\n<p class=\"wp-block-paragraph\"><strong>MR-T:<\/strong> No s\u00e9 si podemos afirmar, por el momento, que el papel de las redes criminales europeas est\u00e9 creciendo a nivel global. No obstante, est\u00e1 claro que estamos viendo actividad por parte de<strong> <\/strong>algunas organizaciones en los Balcanes Occidentales, la organizaci\u00f3n mafiosa italiana la &#8216;Ndrangheta o la Mocro Maffia. Esta \u00faltima domina alrededor de un tercio del mercado europeo de coca\u00edna y opera en los Pa\u00edses Bajos, B\u00e9lgica y Espa\u00f1a, entre otros pa\u00edses. Estos grupos han ampliado sus conexiones y \u00e1mbitos de actuaci\u00f3n, sobre todo en lo que respecta al tr\u00e1fico de drogas, colaboran estrechamente con grupos criminales de Ecuador y Colombia. Existen conexiones entre el Primer Comando Capital (Primeiro Comando da Capital, PCC) y organizaciones criminales europeas.<\/p>\n\n\n\n<p class=\"wp-block-paragraph\">En la actualidad, las redes criminales europeas tienen presencia, o estrechas conexiones delictivas, en pa\u00edses de tr\u00e1nsito y salida como Costa Rica, Brasil, Chile, Paraguay y Uruguay. Las rutas del tr\u00e1fico de coca\u00edna var\u00edan r\u00e1pidamente y se han extendido por Sudam\u00e9rica, Centroam\u00e9rica y el Caribe.<\/p>\n\n\n\n<p class=\"wp-block-paragraph\">El volumen de incautaciones de droga en puertos europeos como Rotterdam, Amberes, Hamburgo o Algeciras en los \u00faltimos tres a\u00f1os demuestra que existe un mayor flujo de coca\u00edna hacia Europa. Sin embargo, esto ha ido acompa\u00f1ado de una mayor cooperaci\u00f3n, coordinaci\u00f3n, intercambio y tratamiento de la informaci\u00f3n entre las autoridades judiciales, policiales y aduaneras europeas y sus hom\u00f3logas latinoamericanas.<\/p>\n\n\n\n<p class=\"wp-block-paragraph\">Tratar simplemente de luchar contra el tr\u00e1fico de drogas de la misma manera represiva que se ha hecho durante 40 a\u00f1os no resolver\u00e1 la situaci\u00f3n actual. De hecho, est\u00e1 empeorando con el tiempo. Si se me permite hacer una reflexi\u00f3n muy personal al respecto, los europeos tenemos que aceptar que tenemos un grave problema con el consumo de drogas, pero tambi\u00e9n con otros productos il\u00edcitos como la madera. Por ejemplo, la deforestaci\u00f3n y el tr\u00e1fico de madera a Rumania desde el Amazonas siguen sin tener una soluci\u00f3n clara. Al mismo tiempo, la producci\u00f3n de coca\u00edna en Am\u00e9rica Latina y de drogas sint\u00e9ticas en algunos pa\u00edses de la UE alcanza niveles r\u00e9cord. Las iniciativas financiadas por la UE, como EL PACCTO, el Proyecto de Cooperaci\u00f3n Portuaria Mar\u00edtima (SEACOP) y el Programa de Cooperaci\u00f3n entre Am\u00e9rica Latina y la Uni\u00f3n Europea en materia de pol\u00edticas de lucha contra la droga (COPOLAD), tratan de aportar soluciones a estos problemas de forma t\u00e9cnica y estrat\u00e9gica. Sin embargo, un enfoque m\u00e1s operativo y complementario de la financiaci\u00f3n, el establecimiento de grupos de trabajo operativos dedicados en pa\u00edses clave, el apoyo presupuestario y financiero a los pa\u00edses socios de ALC vinculado a la consecuci\u00f3n de resultados espec\u00edficos, o incluso mecanismos descentralizados de cooperaci\u00f3n jur\u00eddica internacional, como se hace en la UE o en Estados Unidos, podr\u00edan aportar beneficios en materia de seguridad y justicia para la UE y para ALC.<\/p>\n\n\n\n<p class=\"wp-block-paragraph\"><em>La entrevista ha sido editada por cuestiones de espacio y mayor claridad.<\/em><\/p>\n\n\n\n<p class=\"wp-block-paragraph\"><\/p>\n","protected":false},"excerpt":{"rendered":"<p>Europa refuerza su apoyo a Am\u00e9rica Latina y el Caribe contra el crimen organizado consciente de que supone una amenaza en ambos lados del Atl\u00e1ntico.<\/p>\n","protected":false},"author":5,"featured_media":303029,"comment_status":"closed","ping_status":"closed","sticky":false,"template":"single-feature.php","format":"standard","meta":{"newspack_ads_suppress_ads":false,"newspack_popups_has_disabled_popups":false,"newspack_sponsor_sponsorship_scope":"","newspack_sponsor_native_byline_display":"inherit","newspack_sponsor_native_category_display":"inherit","newspack_sponsor_underwriter_style":"inherit","newspack_sponsor_underwriter_placement":"inherit","_EventAllDay":false,"_EventTimezone":"","_EventStartDate":"","_EventEndDate":"","_EventStartDateUTC":"","_EventEndDateUTC":"","_EventShowMap":false,"_EventShowMapLink":false,"_EventURL":"","_EventCost":"","_EventCostDescription":"","_EventCurrencySymbol":"","_EventCurrencyCode":"","_EventCurrencyPosition":"","_EventDateTimeSeparator":"","_EventTimeRangeSeparator":"","_EventOrganizerID":[],"_EventVenueID":[],"_OrganizerEmail":"","_OrganizerPhone":"","_OrganizerWebsite":"","_VenueAddress":"","_VenueCity":"","_VenueCountry":"","_VenueProvince":"","_VenueState":"","_VenueZip":"","_VenuePhone":"","_VenueURL":"","_VenueStateProvince":"","_VenueLat":"","_VenueLng":"","_VenueShowMap":false,"_VenueShowMapLink":false,"_newspack_byline_active":false,"_newspack_byline":"","newspack_hide_updated_date":false,"newspack_show_updated_date":false,"newspack_featured_image_position":"beside","newspack_post_subtitle":"","newspack_article_summary_title":"Overview:","newspack_article_summary":"","_jetpack_memberships_contains_paid_content":false,"footnotes":""},"categories":[759],"tags":[405,425,3412,449,368,462,426,431,3591,465,446,438,427],"newspack_spnsrs_tax":[],"coauthors":[3654],"class_list":["post-303026","post","type-post","status-publish","format-standard","has-post-thumbnail","hentry","category-noticias","tag-brasil","tag-chile-pais","tag-cocaina","tag-cocaina-europa-crimen-organizado","tag-colombia-pais","tag-costa-rica-pais","tag-ecuador-pais","tag-lavado-de-dinero","tag-ndrangheta-america-latina-es","tag-paraguay-pais","tag-el-pcc","tag-politicas-de-seguridad","tag-uruguay-pais","entry"],"parsely":{"version":"1.1.0","canonical_url":"https:\/\/insightcrime.org\/es\/noticias\/europa-intensifica-apoyo-america-latina-y-caribe-contra-crimen-organizado\/","smart_links":{"inbound":0,"outbound":0},"traffic_boost_suggestions_count":0,"meta":{"@context":"https:\/\/schema.org","@type":"NewsArticle","headline":"Europa intensifica su colaboraci\u00f3n con Am\u00e9rica Latina en la lucha contra las redes criminales","url":"http:\/\/insightcrime.org\/es\/noticias\/europa-intensifica-apoyo-america-latina-y-caribe-contra-crimen-organizado\/","mainEntityOfPage":{"@type":"WebPage","@id":"http:\/\/insightcrime.org\/es\/noticias\/europa-intensifica-apoyo-america-latina-y-caribe-contra-crimen-organizado\/"},"thumbnailUrl":"https:\/\/i0.wp.com\/insightcrime.org\/wp-content\/uploads\/2025\/02\/Feature-image-EL-PACCTO-Report-1.jpg?resize=150%2C150&quality=100&ssl=1","image":{"@type":"ImageObject","url":"https:\/\/i0.wp.com\/insightcrime.org\/wp-content\/uploads\/2025\/02\/Feature-image-EL-PACCTO-Report-1.jpg?fit=1280%2C720&quality=100&ssl=1"},"articleSection":"Noticias","author":[{"@type":"Person","name":"Jeremy McDermott"}],"creator":["Jeremy McDermott"],"publisher":{"@type":"Organization","name":"InSight Crime","logo":"https:\/\/insightcrime.org\/wp-content\/uploads\/2023\/08\/logo.png"},"keywords":["brasil","chile","coca\u00edna","coca\u00edna europa","colombia","costa rica","ecuador","lavado de dinero","ndrangheta am\u00e9rica latina","paraguay","pcc","pol\u00edticas de seguridad","uruguay"],"dateCreated":"2025-02-19T16:13:01Z","datePublished":"2025-02-19T16:13:01Z","dateModified":"2025-02-27T19:35:27Z"},"rendered":"<meta name=\"parsely-title\" content=\"Europa intensifica su colaboraci\u00f3n con Am\u00e9rica Latina en la lucha contra las redes criminales\" \/>\n<meta name=\"parsely-link\" content=\"http:\/\/insightcrime.org\/es\/noticias\/europa-intensifica-apoyo-america-latina-y-caribe-contra-crimen-organizado\/\" \/>\n<meta name=\"parsely-type\" content=\"post\" \/>\n<meta name=\"parsely-image-url\" content=\"https:\/\/i0.wp.com\/insightcrime.org\/wp-content\/uploads\/2025\/02\/Feature-image-EL-PACCTO-Report-1.jpg?resize=150%2C150&amp;quality=100&amp;ssl=1\" \/>\n<meta name=\"parsely-pub-date\" content=\"2025-02-19T16:13:01Z\" \/>\n<meta name=\"parsely-section\" content=\"Noticias\" \/>\n<meta name=\"parsely-tags\" content=\"brasil,chile,coca\u00edna,coca\u00edna europa,colombia,costa rica,ecuador,lavado de dinero,ndrangheta am\u00e9rica latina,paraguay,pcc,pol\u00edticas de seguridad,uruguay\" \/>\n<meta name=\"parsely-author\" content=\"Jeremy McDermott\" \/>","tracker_url":"https:\/\/cdn.parsely.com\/keys\/insightcrime.org\/p.js"},"jetpack_sharing_enabled":true,"jetpack-related-posts":[{"id":295899,"url":"https:\/\/insightcrime.org\/es\/noticias\/auge-redes-criminales-globales-mafias-europeas-america\/","url_meta":{"origin":303026,"position":0},"title":"El auge de las redes criminales globales: Las mafias europeas en Am\u00e9rica","author":"Mario Saiz","date":"18 de noviembre de 2024","format":false,"excerpt":"La expansi\u00f3n de grupos criminales extranjeros en Am\u00e9rica Latina ha alcanzado una nueva dimensi\u00f3n en la \u00faltima d\u00e9cada, con redes europeas organizando env\u00edos de droga directamente desde la regi\u00f3n.","rel":"","context":"En \u00abNoticias\u00bb","block_context":{"text":"Noticias","link":"https:\/\/insightcrime.org\/es\/category\/noticias\/"},"img":{"alt_text":"Autoridades espa\u00f1olas incautan 13 toneladas de coca\u00edna en Algeciras el pasado 6 de noviembre. Cr\u00e9dito: Polic\u00eda Nacional de Espa\u00f1a","src":"https:\/\/i0.wp.com\/insightcrime.org\/wp-content\/uploads\/2024\/11\/Autoridades-espanolas-incautan-cocaina-en-Algeciras-2024.jpg?fit=350%2C250&quality=100&ssl=1&resize=350%2C200","width":350,"height":200},"classes":[]},{"id":306372,"url":"https:\/\/insightcrime.org\/es\/noticias\/auge-drogas-sinteticas-cocaina-europa-y-cibercrimen-informes-de-ue-y-ee-uu\/","url_meta":{"origin":303026,"position":1},"title":"El auge de las drogas sint\u00e9ticas, la coca\u00edna en Europa y el cibercrimen: informes de la UE y EE. UU.","author":"Gavin Voss","date":"27 de marzo de 2025","format":false,"excerpt":"Mientras los cambios pol\u00edticos en Estados Unidos amenazan con frenar los esfuerzos contra el narcotr\u00e1fico en Am\u00e9rica Latina y el Caribe, el crimen organizado, seg\u00fan revelan informes oficiales recientes de Estados Unidos y Europa, se encuentra bien posicionado para aprovechar nuevos mercados, procesos de producci\u00f3n de drogas y tecnolog\u00eda.","rel":"","context":"En \u00abNoticias\u00bb","block_context":{"text":"Noticias","link":"https:\/\/insightcrime.org\/es\/category\/noticias\/"},"img":{"alt_text":"","src":"https:\/\/i0.wp.com\/insightcrime.org\/wp-content\/uploads\/2025\/03\/mexico-precursor-seizure.jpeg?fit=350%2C250&quality=100&ssl=1&resize=350%2C200","width":350,"height":200},"classes":[]},{"id":337442,"url":"https:\/\/insightcrime.org\/es\/news\/como-el-caso-de-un-intermediario-italiano-revela-los-cambios-del-narcotrafico-global\/","url_meta":{"origin":303026,"position":2},"title":"Dollarino y el auge de los intermediarios en la ruta de la coca\u00edna hacia Europa","author":"Sara Garcia","date":"19 de marzo de 2026","format":false,"excerpt":"El juicio contra Emanuele Gregorini, alias \u201cDollarino\u201d, en Italia ofrece una oportunidad clave para entender c\u00f3mo opera un esquema de intermediaci\u00f3n que conecta el crimen organizado de Europa con Am\u00e9rica Latina.","rel":"","context":"En \u00abNews\u00bb","block_context":{"text":"News","link":"https:\/\/insightcrime.org\/category\/news\/"},"img":{"alt_text":"","src":"https:\/\/i0.wp.com\/insightcrime.org\/wp-content\/uploads\/2026\/03\/Flagship-Featured-Image-Emanuele-Gregorini-alias-Dollarino-InSightCrime.jpg?fit=1200%2C675&quality=100&ssl=1&resize=350%2C200","width":350,"height":200,"srcset":"https:\/\/i0.wp.com\/insightcrime.org\/wp-content\/uploads\/2026\/03\/Flagship-Featured-Image-Emanuele-Gregorini-alias-Dollarino-InSightCrime.jpg?fit=1200%2C675&quality=100&ssl=1&resize=350%2C200 1x, https:\/\/i0.wp.com\/insightcrime.org\/wp-content\/uploads\/2026\/03\/Flagship-Featured-Image-Emanuele-Gregorini-alias-Dollarino-InSightCrime.jpg?fit=1200%2C675&quality=100&ssl=1&resize=525%2C300 1.5x, https:\/\/i0.wp.com\/insightcrime.org\/wp-content\/uploads\/2026\/03\/Flagship-Featured-Image-Emanuele-Gregorini-alias-Dollarino-InSightCrime.jpg?fit=1200%2C675&quality=100&ssl=1&resize=700%2C400 2x, https:\/\/i0.wp.com\/insightcrime.org\/wp-content\/uploads\/2026\/03\/Flagship-Featured-Image-Emanuele-Gregorini-alias-Dollarino-InSightCrime.jpg?fit=1200%2C675&quality=100&ssl=1&resize=1050%2C600 3x"},"classes":[]},{"id":295271,"url":"https:\/\/insightcrime.org\/es\/news\/espana-reclama-posicion-puerta-entrada-cocaina-europa\/","url_meta":{"origin":303026,"position":3},"title":"Espa\u00f1a reclama su posici\u00f3n como la puerta de entrada de la coca\u00edna a Europa","author":"Beatriz Vicent Fern\u00e1ndez","date":"30 de octubre de 2024","format":false,"excerpt":"Las autoridades espa\u00f1olas realizaron una incautaci\u00f3n r\u00e9cord de 13 toneladas de coca\u00edna a mediados de octubre, un indicio m\u00e1s de la reconversi\u00f3n del pa\u00eds en principal punto de entrada de esta droga a Europa despu\u00e9s de que B\u00e9lgica y Pa\u00edses Bajos mejoraran notablemente la seguridad en sus puertos.","rel":"","context":"En \u00abNews\u00bb","block_context":{"text":"News","link":"https:\/\/insightcrime.org\/category\/news\/"},"img":{"alt_text":"","src":"https:\/\/i0.wp.com\/insightcrime.org\/wp-content\/uploads\/2024\/10\/espana-incautacion-13-toneladas-2024.png?fit=350%2C250&quality=100&ssl=1&resize=350%2C200","width":350,"height":200},"classes":[]},{"id":279450,"url":"https:\/\/insightcrime.org\/es\/noticias\/reporte-narcotraficantes-estan-produciendo-mas-cocaina-europa\/","url_meta":{"origin":303026,"position":4},"title":"Reporte: Los narcotraficantes est\u00e1n produciendo m\u00e1s coca\u00edna en Europa","author":"Douwe den Held","date":"17 de junio de 2024","format":false,"excerpt":"Seg\u00fan el \u00faltimo informe sobre drogas de la Uni\u00f3n Europea, parte de la producci\u00f3n de coca\u00edna se ha trasladado desde Am\u00e9rica Latina hacia Europa, a medida que los grupos criminales exploran nuevos m\u00e9todos de tr\u00e1fico y las autoridades refuerzan la cooperaci\u00f3n transatl\u00e1ntica.","rel":"","context":"En \u00abNoticias\u00bb","block_context":{"text":"Noticias","link":"https:\/\/insightcrime.org\/es\/category\/noticias\/"},"img":{"alt_text":"Containers on ships","src":"https:\/\/i0.wp.com\/insightcrime.org\/wp-content\/uploads\/2023\/08\/EU_cocaine_containers.jpeg?fit=350%2C250&quality=100&ssl=1&resize=350%2C200","width":350,"height":200},"classes":[]},{"id":342494,"url":"https:\/\/insightcrime.org\/es\/noticias\/distintas-caras-crimen-organizado-balcanico-america-latina\/","url_meta":{"origin":303026,"position":5},"title":"Las distintas caras del crimen organizado balc\u00e1nico en Am\u00e9rica Latina","author":"Creusa Mu\u00f1oz","date":"22 de mayo de 2026","format":false,"excerpt":"Las recientes capturas de narcotraficantes balc\u00e1nicos en Am\u00e9rica Latina muestran c\u00f3mo coordinan env\u00edos de coca\u00edna hacia Europa y gestionan redes financieras para lavar dinero, consolid\u00e1ndose como piezas clave en el narcotr\u00e1fico transnacional.","rel":"","context":"En \u00abNoticias\u00bb","block_context":{"text":"Noticias","link":"https:\/\/insightcrime.org\/es\/category\/noticias\/"},"img":{"alt_text":"","src":"https:\/\/i0.wp.com\/insightcrime.org\/wp-content\/uploads\/2026\/05\/Flagship-MAfia-Serbia-mayo-2026-.jpg?fit=1200%2C675&quality=100&ssl=1&resize=350%2C200","width":350,"height":200,"srcset":"https:\/\/i0.wp.com\/insightcrime.org\/wp-content\/uploads\/2026\/05\/Flagship-MAfia-Serbia-mayo-2026-.jpg?fit=1200%2C675&quality=100&ssl=1&resize=350%2C200 1x, https:\/\/i0.wp.com\/insightcrime.org\/wp-content\/uploads\/2026\/05\/Flagship-MAfia-Serbia-mayo-2026-.jpg?fit=1200%2C675&quality=100&ssl=1&resize=525%2C300 1.5x, https:\/\/i0.wp.com\/insightcrime.org\/wp-content\/uploads\/2026\/05\/Flagship-MAfia-Serbia-mayo-2026-.jpg?fit=1200%2C675&quality=100&ssl=1&resize=700%2C400 2x, https:\/\/i0.wp.com\/insightcrime.org\/wp-content\/uploads\/2026\/05\/Flagship-MAfia-Serbia-mayo-2026-.jpg?fit=1200%2C675&quality=100&ssl=1&resize=1050%2C600 3x"},"classes":[]}],"jetpack_featured_media_url":"https:\/\/i0.wp.com\/insightcrime.org\/wp-content\/uploads\/2025\/02\/Feature-image-EL-PACCTO-Report-1.jpg?fit=1280%2C720&quality=100&ssl=1","_links":{"self":[{"href":"https:\/\/insightcrime.org\/es\/wp-json\/wp\/v2\/posts\/303026","targetHints":{"allow":["GET"]}}],"collection":[{"href":"https:\/\/insightcrime.org\/es\/wp-json\/wp\/v2\/posts"}],"about":[{"href":"https:\/\/insightcrime.org\/es\/wp-json\/wp\/v2\/types\/post"}],"author":[{"embeddable":true,"href":"https:\/\/insightcrime.org\/es\/wp-json\/wp\/v2\/users\/5"}],"replies":[{"embeddable":true,"href":"https:\/\/insightcrime.org\/es\/wp-json\/wp\/v2\/comments?post=303026"}],"version-history":[{"count":6,"href":"https:\/\/insightcrime.org\/es\/wp-json\/wp\/v2\/posts\/303026\/revisions"}],"predecessor-version":[{"id":303118,"href":"https:\/\/insightcrime.org\/es\/wp-json\/wp\/v2\/posts\/303026\/revisions\/303118"}],"wp:featuredmedia":[{"embeddable":true,"href":"https:\/\/insightcrime.org\/es\/wp-json\/wp\/v2\/media\/303029"}],"wp:attachment":[{"href":"https:\/\/insightcrime.org\/es\/wp-json\/wp\/v2\/media?parent=303026"}],"wp:term":[{"taxonomy":"category","embeddable":true,"href":"https:\/\/insightcrime.org\/es\/wp-json\/wp\/v2\/categories?post=303026"},{"taxonomy":"post_tag","embeddable":true,"href":"https:\/\/insightcrime.org\/es\/wp-json\/wp\/v2\/tags?post=303026"},{"taxonomy":"newspack_spnsrs_tax","embeddable":true,"href":"https:\/\/insightcrime.org\/es\/wp-json\/wp\/v2\/newspack_spnsrs_tax?post=303026"},{"taxonomy":"author","embeddable":true,"href":"https:\/\/insightcrime.org\/es\/wp-json\/wp\/v2\/coauthors?post=303026"}],"curies":[{"name":"wp","href":"https:\/\/api.w.org\/{rel}","templated":true}]}}