{"id":307396,"date":"2025-04-16T10:06:50","date_gmt":"2025-04-16T15:06:50","guid":{"rendered":"https:\/\/insightcrime.org\/?p=307396"},"modified":"2025-04-16T10:07:41","modified_gmt":"2025-04-16T15:07:41","slug":"que-hay-detras-explosion-granadas-capital-colombia","status":"publish","type":"post","link":"https:\/\/insightcrime.org\/es\/noticias\/que-hay-detras-explosion-granadas-capital-colombia\/","title":{"rendered":"\u00bfQu\u00e9 hay detr\u00e1s de la explosi\u00f3n de granadas en la capital de Colombia?"},"content":{"rendered":"\n<p class=\"wp-block-paragraph\">Una serie de atentados con granadas fragmentarias en varias zonas de Bogot\u00e1 es el \u00faltimo s\u00edntoma de un aumento de violencia donde se entremezclan las disputas por rentas criminales y la expansi\u00f3n de bandas extranjeras.<\/p>\n\n\n\n<p class=\"wp-block-paragraph\">En la ma\u00f1ana del 2 de abril, los vecinos de un barrio al oeste de Bogot\u00e1, Colombia, vieron interrumpida su tranquilidad cuando una granada explot\u00f3 y afect\u00f3 a varias personas que transitaban por el lugar. El artefacto explot\u00f3 justo al lado de un conductor de transporte informal que result\u00f3 herido junto con otras 6 personas.<\/p>\n\n\n\n<p class=\"wp-block-paragraph\">El anterior, es el quinto incidente con granadas explosivas que se presenta en la capital colombiana en lo corrido de este 2025. En total, los ataques con granadas han dejado un saldo negativo de cuatro muertos y 29 heridos, seg\u00fan los reportes oficiales <a href=\"https:\/\/www.eltiempo.com\/bogota\/quinto-atentado-con-granada-en-san-bernardo-centro-de-bogota-3438524\" target=\"_blank\" rel=\"noreferrer noopener\">citados<\/a> en medios locales.<\/p>\n\n\n\n<p class=\"wp-block-paragraph\">Entre enero y finales de marzo de este a\u00f1o, cuatro explosiones con granadas afectaron a los habitantes del barrio San Bernardo, en el centro de Bogot\u00e1. Este lugar es conocido por la concentraci\u00f3n de habitantes en condici\u00f3n de calle, varias plazas de venta de droga, zonas de explotaci\u00f3n sexual y pagadiarios \u2014alojamientos informales de bajo costo donde las personas pagan por noche y suelen albergar a poblaci\u00f3n vulnerable\u2014.<\/p>\n\n\n\n<p class=\"wp-block-paragraph\">\u201cComo el mercado est\u00e1 pulpo [latente], varias estructuras presionan por vender ah\u00ed, porque en una noche t\u00fa te puedes ganar muchos millones \u2014dig\u00e1moslo as\u00ed. Lo que se pone en juego en una noche es mucha plata. Y claro, entonces ah\u00ed es donde vienen las disputas\u201d, le coment\u00f3 a InSight Crime, Rodolfo Escobedo, investigador y experto en seguridad.<\/p>\n\n\n\n<blockquote class=\"wp-block-quote is-layout-flow wp-block-quote-is-layout-flow\">\n<p class=\"wp-block-paragraph\"><mark style=\"background-color:rgba(0, 0, 0, 0)\" class=\"has-inline-color has-primary-color\"><strong>VEA TAMBI\u00c9N:<\/strong> <\/mark><a href=\"https:\/\/insightcrime.org\/es\/noticias\/bogota-epicentro-guerra-bandas-microtrafico-colombia\/\" target=\"_blank\" rel=\"noreferrer noopener\">Bogot\u00e1, epicentro de guerra entre bandas del microtr\u00e1fico en Colombia<\/a><\/p>\n<\/blockquote>\n\n\n\n<p class=\"wp-block-paragraph\">De acuerdo con el comandante de la Polic\u00eda Metropolitana de Bogot\u00e1 (MEBOG), brigadier general Oscar Cristancho, los incidentes en San Bernardo \u201cobedecen a la confrontaci\u00f3n que existe entre dos grupos delincuenciales o grupos organizados. Uno es \u2018Los Venecos\u2019 y otro \u2018Los Coste\u00f1os\u2019, los cuales se est\u00e1n disputando territorio por el tr\u00e1fico de estupefacientes\u201d.<\/p>\n\n\n\n<p class=\"wp-block-paragraph\">Los Venecos, seg\u00fan informaci\u00f3n de la MEBOG, es una organizaci\u00f3n criminal conformada, en su mayor\u00eda, por ciudadanos venezolanos. Esta estructura es conocida por tener conexiones con bandas como los \u201c<a href=\"https:\/\/insightcrime.org\/es\/noticias\/extorsion-carceles-continua-poniendo-jaque-autoridades-colombia\/\" target=\"_blank\" rel=\"noreferrer noopener\">Satan\u00e1s<\/a>\u201d y los \u201c<a href=\"https:\/\/bogota.gov.co\/mi-ciudad\/seguridad\/cayeron-el-clan-azul-vinculados-los-venecos-en-san-bernardo-bogota\" target=\"_blank\" rel=\"noreferrer noopener\">Azules<\/a>\u201d involucrados en microtr\u00e1fico, extorsi\u00f3n y m\u00faltiples homicidios.<\/p>\n\n\n\n<p class=\"wp-block-paragraph\">La reciente oleada de atentados con explosivos se da en un contexto marcado por el aumento de dos delitos de alto impacto en Bogot\u00e1: los homicidios y las extorsiones. Seg\u00fan <a href=\"https:\/\/analitica.scj.gov.co\/analytics\/saw.dll?Portal\" target=\"_blank\" rel=\"noreferrer noopener\">cifras<\/a> de la Secretar\u00eda Distrital de Seguridad, la capital colombiana registr\u00f3 un incremento del 12% en los homicidios entre 2023 y 2024, pasando de 1.084 a 1.214 casos. Por su parte, las extorsiones se dispararon un 70,4% en el mismo per\u00edodo, con un total de 2.597 denuncias registradas el a\u00f1o pasado.<\/p>\n\n\n\n<h2 class=\"wp-block-heading\" id=\"h-analisis-de-insight-crime\">An\u00e1lisis de InSight Crime<\/h2>\n\n\n\n<p class=\"wp-block-paragraph\">El empleo de granadas por parte de estructuras criminales, en un contexto de creciente deterioro de la seguridad en Bogot\u00e1, refleja la convergencia entre m\u00e9todos violentos de bandas extranjeras y fen\u00f3menos criminales locales de larga data.<\/p>\n\n\n\n<p class=\"wp-block-paragraph\">Aunque la detonaci\u00f3n de granadas de fragmentaci\u00f3n no es novedosa dentro del conflicto armado en Colombia, su empleo dentro del escenario criminal bogotano no es tan habitual.<\/p>\n\n\n\n<p class=\"wp-block-paragraph\">As\u00ed lo evidencia el comportamiento de los homicidios en Bogot\u00e1 durante 2024, donde el <a href=\"https:\/\/concejodebogota.gov.co\/desde-el-concejo-de-bogota-revelan-que-cada-14-horas-hubo-un-caso-de\/cbogota\/2025-03-13\/135027.php#:~:text=Las%20cifras%20evidencian%20el%20r%C3%A1pido,a%20607%20casos%20en%202024.\" target=\"_blank\" rel=\"noreferrer noopener\">50% de los casos<\/a> fueron perpetrados bajo la modalidad de sicariato. Esta pr\u00e1ctica refleja una violencia m\u00e1s selectiva y discreta, en contraste con el uso de granadas, que implica una violencia m\u00e1s indiscriminada y llamativa.<\/p>\n\n\n\n<p class=\"wp-block-paragraph\">Los recientes atentados con artefactos explosivos han sido atribuidos, seg\u00fan <a href=\"https:\/\/x.com\/CanalCapital\/status\/1909390716419060086\" target=\"_blank\" rel=\"noreferrer noopener\">informes<\/a> de la Polic\u00eda de Bogot\u00e1, a un grupo conocido como \u201cLos Venecos\u201d. Aunque a\u00fan no est\u00e1 claro si se trata de una c\u00e9lula aut\u00f3noma o del brazo operativo de una estructura criminal mayor como el Tren de Aragua, su accionar sugiere el empleo de m\u00e9todos de intimidaci\u00f3n comunes dentro de estructuras criminales de origen venezolano.<\/p>\n\n\n\n<p class=\"wp-block-paragraph\">Entre 2013 y 2023, seg\u00fan una <a href=\"https:\/\/insightcrime.org\/es\/noticias\/granadas-convirtieron-elemento-esencial-arsenal-criminal-venezuela\/\" target=\"_blank\" rel=\"noreferrer noopener\">investigaci\u00f3n<\/a> realizada por InSight Crime, se registraron al menos 138 casos de uso de granadas en ataques contra estaciones de polic\u00eda, comercios y viviendas en toda Venezuela. Lo que en un principio sirvi\u00f3 como un mecanismo de defensa de las bandas locales frente a los operativos de las fuerzas de seguridad, termin\u00f3 por convertirse en una herramienta efectiva para el <a href=\"https:\/\/insightcrime.org\/es\/noticias\/extorsionadores-granadas-zulia-venezuela\/\" target=\"_blank\" rel=\"noreferrer noopener\">cobro de extorsiones<\/a>.<\/p>\n\n\n\n<p class=\"wp-block-paragraph\">A medida que las bandas criminales venezolanas comenzaron a migrar por el continente, camufladas en el \u00e9xodo masivo de ciudadanos que hu\u00edan de la crisis interna, este patr\u00f3n de violencia se export\u00f3. La detonaci\u00f3n de granadas \u2014con frecuencia empleadas como advertencia o castigo por el no pago de las extorsiones\u2014 empez\u00f3 a registrarse en pa\u00edses como <a href=\"https:\/\/insightcrime.org\/es\/noticias\/granadas-sello-distintivo-extorsionistas-venezolanos-peru\/\" target=\"_blank\" rel=\"noreferrer noopener\">Per\u00fa<\/a>, Chile y otras zonas de <a href=\"https:\/\/cambiocolombia.com\/pais\/granada-y-fusil-en-mano-los-ak-47-la-banda-amenaza-comerciantes-cucuta\" target=\"_blank\" rel=\"noreferrer noopener\">Colombia<\/a>.<\/p>\n\n\n\n<blockquote class=\"wp-block-quote is-layout-flow wp-block-quote-is-layout-flow\">\n<p class=\"wp-block-paragraph\"><mark style=\"background-color:rgba(0, 0, 0, 0)\" class=\"has-inline-color has-primary-color\"><strong>VEA TAMBI\u00c9N:<\/strong> <\/mark><a href=\"https:\/\/insightcrime.org\/es\/noticias\/granadas-sello-distintivo-extorsionistas-venezolanos-peru\/\" target=\"_blank\" rel=\"noreferrer noopener\">Las granadas, nuevo sello distintivo de los extorsionistas venezolanos en Per\u00fa<\/a><\/p>\n<\/blockquote>\n\n\n\n<p class=\"wp-block-paragraph\">Tras la erradicaci\u00f3n de El Cartucho y, a\u00f1os despu\u00e9s, del Bronx \u2014dos enclaves del microtr\u00e1fico en Bogot\u00e1 donde el control estatal era pr\u00e1cticamente nulo\u2014, el barrio San Bernardo ha absorbido y heredado parte de las din\u00e1micas criminales que marcaron a sus predecesores: expendio de drogas, trata de personas, extorsi\u00f3n, instrumentalizaci\u00f3n de habitantes de calle y la presencia de estructuras criminales. Pero algunos expertos se\u00f1alan que el problema est\u00e1 m\u00e1s extendido.<\/p>\n\n\n\n<p class=\"wp-block-paragraph\">\u201cLa noticia hoy es San Bernardo, porque se han presentado explosiones, pero en t\u00e9rminos generales hay deterioro urbano, hay deterioro social, hay pelea por qui\u00e9n maneja el microtr\u00e1fico. Porque digamos, es microtr\u00e1fico y distribuci\u00f3n de droga en menudeo, pero tambi\u00e9n son lugares de abasto para droga que se vende y distribuye a otras partes de la ciudad\u201d, puntualiz\u00f3 el exsecretario de Seguridad de Bogot\u00e1, Hugo Acero, en conversaci\u00f3n con InSight Crime.<\/p>\n\n\n\n<p class=\"wp-block-paragraph\"><em>Imagen principal: Polic\u00eda antiexplosivos de Colombia tras un reciente ataque con granada en Bogot\u00e1, Colombia. Cr\u00e9dito: RCN Noticias.<\/em><\/p>\n\n\n\n<p class=\"wp-block-paragraph\"><\/p>\n","protected":false},"excerpt":{"rendered":"<p>Una serie de atentados con granadas fragmentarias en varias zonas de Bogot\u00e1, Colombia, es el \u00faltimo s\u00edntoma de un aumento de violencia donde se entremezclan las disputas por rentas criminales y la expansi\u00f3n de bandas extranjeras.<\/p>\n","protected":false},"author":171,"featured_media":307367,"comment_status":"closed","ping_status":"closed","sticky":false,"template":"","format":"standard","meta":{"newspack_ads_suppress_ads":false,"newspack_popups_has_disabled_popups":false,"newspack_sponsor_sponsorship_scope":"","newspack_sponsor_native_byline_display":"inherit","newspack_sponsor_native_category_display":"inherit","newspack_sponsor_underwriter_style":"inherit","newspack_sponsor_underwriter_placement":"inherit","_EventAllDay":false,"_EventTimezone":"","_EventStartDate":"","_EventEndDate":"","_EventStartDateUTC":"","_EventEndDateUTC":"","_EventShowMap":false,"_EventShowMapLink":false,"_EventURL":"","_EventCost":"","_EventCostDescription":"","_EventCurrencySymbol":"","_EventCurrencyCode":"","_EventCurrencyPosition":"","_EventDateTimeSeparator":"","_EventTimeRangeSeparator":"","_EventOrganizerID":[],"_EventVenueID":[],"_OrganizerEmail":"","_OrganizerPhone":"","_OrganizerWebsite":"","_VenueAddress":"","_VenueCity":"","_VenueCountry":"","_VenueProvince":"","_VenueState":"","_VenueZip":"","_VenuePhone":"","_VenueURL":"","_VenueStateProvince":"","_VenueLat":"","_VenueLng":"","_VenueShowMap":false,"_VenueShowMapLink":false,"_newspack_byline_active":false,"_newspack_byline":"","newspack_hide_updated_date":false,"newspack_show_updated_date":false,"newspack_featured_image_position":"","newspack_post_subtitle":"","newspack_article_summary_title":"Overview:","newspack_article_summary":"","_jetpack_memberships_contains_paid_content":false,"footnotes":""},"categories":[759],"tags":[368,2999,452,458],"newspack_spnsrs_tax":[],"coauthors":[4147],"class_list":["post-307396","post","type-post","status-publish","format-standard","has-post-thumbnail","hentry","category-noticias","tag-colombia-pais","tag-extorsion","tag-homicidios","tag-microtrafico","entry"],"parsely":{"version":"1.1.0","canonical_url":"https:\/\/insightcrime.org\/es\/noticias\/que-hay-detras-explosion-granadas-capital-colombia\/","smart_links":{"inbound":0,"outbound":0},"traffic_boost_suggestions_count":0,"meta":{"@context":"https:\/\/schema.org","@type":"NewsArticle","headline":"\u00bfQu\u00e9 hay detr\u00e1s de la explosi\u00f3n de granadas en la capital de Colombia?","url":"http:\/\/insightcrime.org\/es\/noticias\/que-hay-detras-explosion-granadas-capital-colombia\/","mainEntityOfPage":{"@type":"WebPage","@id":"http:\/\/insightcrime.org\/es\/noticias\/que-hay-detras-explosion-granadas-capital-colombia\/"},"thumbnailUrl":"https:\/\/i0.wp.com\/insightcrime.org\/wp-content\/uploads\/2025\/04\/2025-04-15-Bogota-Grenade-Attacks.jpg?resize=150%2C150&quality=100&ssl=1","image":{"@type":"ImageObject","url":"https:\/\/i0.wp.com\/insightcrime.org\/wp-content\/uploads\/2025\/04\/2025-04-15-Bogota-Grenade-Attacks.jpg?fit=350%2C250&quality=100&ssl=1"},"articleSection":"Noticias","author":[{"@type":"Person","name":"Juan Camilo Jaramillo"}],"creator":["Juan Camilo Jaramillo"],"publisher":{"@type":"Organization","name":"InSight Crime","logo":"https:\/\/insightcrime.org\/wp-content\/uploads\/2023\/08\/logo.png"},"keywords":["colombia","extorsi\u00f3n","homicidios","microtr\u00e1fico"],"dateCreated":"2025-04-16T15:06:50Z","datePublished":"2025-04-16T15:06:50Z","dateModified":"2025-04-16T15:07:41Z"},"rendered":"<meta name=\"parsely-title\" content=\"\u00bfQu\u00e9 hay detr\u00e1s de la explosi\u00f3n de granadas en la capital de Colombia?\" \/>\n<meta name=\"parsely-link\" content=\"http:\/\/insightcrime.org\/es\/noticias\/que-hay-detras-explosion-granadas-capital-colombia\/\" \/>\n<meta name=\"parsely-type\" content=\"post\" \/>\n<meta name=\"parsely-image-url\" content=\"https:\/\/i0.wp.com\/insightcrime.org\/wp-content\/uploads\/2025\/04\/2025-04-15-Bogota-Grenade-Attacks.jpg?resize=150%2C150&amp;quality=100&amp;ssl=1\" \/>\n<meta name=\"parsely-pub-date\" content=\"2025-04-16T15:06:50Z\" \/>\n<meta name=\"parsely-section\" content=\"Noticias\" \/>\n<meta name=\"parsely-tags\" content=\"colombia,extorsi\u00f3n,homicidios,microtr\u00e1fico\" \/>\n<meta name=\"parsely-author\" content=\"Juan Camilo Jaramillo\" \/>","tracker_url":"https:\/\/cdn.parsely.com\/keys\/insightcrime.org\/p.js"},"jetpack_sharing_enabled":true,"jetpack-related-posts":[{"id":232658,"url":"https:\/\/insightcrime.org\/es\/noticias\/granadas-convirtieron-elemento-esencial-arsenal-criminal-venezuela\/","url_meta":{"origin":307396,"position":0},"title":"C\u00f3mo las granadas se convirtieron en un elemento esencial del arsenal criminal de Venezuela","author":"Unidad Investigativa de Venezuela","date":"7 de junio de 2023","format":false,"excerpt":"Granadas, como las que suelen verse en los campos de guerra, se han convertido en armas habituales del mundo criminal venezolano, donde los grupos delictivos las utilizan para una amplia gama de actividades ilegales.","rel":"","context":"En \u00abNoticias\u00bb","block_context":{"text":"Noticias","link":"https:\/\/insightcrime.org\/es\/category\/noticias\/"},"img":{"alt_text":"","src":"https:\/\/i0.wp.com\/insightcrime.org\/wp-content\/uploads\/2023\/09\/Venezuela-Police-officers-secure-the-surrounding-area-where-a-small-bomb-exploded-Feb-2008-AP080224013393-A2-1.jpg?fit=1200%2C690&quality=100&ssl=1&resize=350%2C200","width":350,"height":200,"srcset":"https:\/\/i0.wp.com\/insightcrime.org\/wp-content\/uploads\/2023\/09\/Venezuela-Police-officers-secure-the-surrounding-area-where-a-small-bomb-exploded-Feb-2008-AP080224013393-A2-1.jpg?fit=1200%2C690&quality=100&ssl=1&resize=350%2C200 1x, https:\/\/i0.wp.com\/insightcrime.org\/wp-content\/uploads\/2023\/09\/Venezuela-Police-officers-secure-the-surrounding-area-where-a-small-bomb-exploded-Feb-2008-AP080224013393-A2-1.jpg?fit=1200%2C690&quality=100&ssl=1&resize=525%2C300 1.5x, https:\/\/i0.wp.com\/insightcrime.org\/wp-content\/uploads\/2023\/09\/Venezuela-Police-officers-secure-the-surrounding-area-where-a-small-bomb-exploded-Feb-2008-AP080224013393-A2-1.jpg?fit=1200%2C690&quality=100&ssl=1&resize=700%2C400 2x, https:\/\/i0.wp.com\/insightcrime.org\/wp-content\/uploads\/2023\/09\/Venezuela-Police-officers-secure-the-surrounding-area-where-a-small-bomb-exploded-Feb-2008-AP080224013393-A2-1.jpg?fit=1200%2C690&quality=100&ssl=1&resize=1050%2C600 3x"},"classes":[]},{"id":232452,"url":"https:\/\/insightcrime.org\/es\/noticias\/granadas-sello-distintivo-extorsionistas-venezolanos-peru\/","url_meta":{"origin":307396,"position":1},"title":"Las granadas, nuevo sello distintivo de los extorsionistas venezolanos en Per\u00fa","author":"Unidad Investigativa de Venezuela","date":"19 de septiembre de 2023","format":false,"excerpt":"Una serie de ataques con granadas, as\u00ed como amenazas y extorsiones relacionadas con bandas venezolanas en Per\u00fa, revelan que el uso de esta arma ha sido exportado de Venezuela a otros pa\u00edses latinoamericanos.\u00a0 El ataque m\u00e1s reciente ocurri\u00f3 el 15 de septiembre en San Juan de Lurigancho, un distrito de\u2026","rel":"","context":"En \u00abNoticias\u00bb","block_context":{"text":"Noticias","link":"https:\/\/insightcrime.org\/es\/category\/noticias\/"},"img":{"alt_text":"The nightclub in San Juan de Lurigancho, Lima, where a grenade attack hurt 15 people","src":"https:\/\/i0.wp.com\/insightcrime.org\/wp-content\/uploads\/2023\/09\/orig-1695079531764-1.jpg?fit=350%2C250&quality=100&ssl=1&resize=350%2C200","width":350,"height":200},"classes":[]},{"id":201587,"url":"https:\/\/insightcrime.org\/es\/noticias\/granadas-minas-antipersonales-ecuador-sigue-siendo-arsenal-exfarc-mafia\/","url_meta":{"origin":307396,"position":2},"title":"Granadas y minas antipersona: Ecuador sigue siendo el arsenal de las Ex-FARC Mafia","author":"Chris Dalby","date":"14 de octubre de 2022","format":false,"excerpt":"En el norte de Ecuador siguen encontr\u00e1ndose alijos de armas de tipo militar, incluidas granadas y minas antipersona, un indicio de que los grupos armados colombianos siguen usando el pa\u00eds como puesto de avanzada estrat\u00e9gico.","rel":"","context":"En \u00abNoticias\u00bb","block_context":{"text":"Noticias","link":"https:\/\/insightcrime.org\/es\/category\/noticias\/"},"img":{"alt_text":"Soldado ecuatoriano examina minas antipersona cerca de la frontera con Colombia","src":"https:\/\/i0.wp.com\/insightcrime.org\/wp-content\/uploads\/2022\/10\/ezgif-1-0a4a37207d-1-1.jpeg?fit=350%2C250&quality=100&ssl=1&resize=350%2C200","width":350,"height":200},"classes":[]},{"id":336596,"url":"https:\/\/insightcrime.org\/es\/noticias\/on-the-radar-nuevo-apuesta-trump-mayor-poder-militar-contra-crimen-organizado\/","url_meta":{"origin":307396,"position":3},"title":"On the Radar: \u00bfQu\u00e9 hay de nuevo en la apuesta de Trump por un mayor poder militar contra el crimen organizado?","author":"InSight Crime","date":"13 de marzo de 2026","format":false,"excerpt":"El fundador de uno de los grupos criminales m\u00e1s poderosos de M\u00e9xico se declara culpable; la nueva ofensiva antidrogas regional, en cabeza del presidente de Estados Unidos, Donald Trump, busca intensificar la cooperaci\u00f3n militar contra el crimen organizado en la regi\u00f3n; y casi 50 personas resultaron heridas en un ataque\u2026","rel":"","context":"En \u00abNoticias\u00bb","block_context":{"text":"Noticias","link":"https:\/\/insightcrime.org\/es\/category\/noticias\/"},"img":{"alt_text":"","src":"https:\/\/i0.wp.com\/insightcrime.org\/wp-content\/uploads\/2026\/03\/Copia-de-OTR-template-featured-image-website.jpg?fit=1200%2C675&quality=100&ssl=1&resize=350%2C200","width":350,"height":200,"srcset":"https:\/\/i0.wp.com\/insightcrime.org\/wp-content\/uploads\/2026\/03\/Copia-de-OTR-template-featured-image-website.jpg?fit=1200%2C675&quality=100&ssl=1&resize=350%2C200 1x, https:\/\/i0.wp.com\/insightcrime.org\/wp-content\/uploads\/2026\/03\/Copia-de-OTR-template-featured-image-website.jpg?fit=1200%2C675&quality=100&ssl=1&resize=525%2C300 1.5x, https:\/\/i0.wp.com\/insightcrime.org\/wp-content\/uploads\/2026\/03\/Copia-de-OTR-template-featured-image-website.jpg?fit=1200%2C675&quality=100&ssl=1&resize=700%2C400 2x, https:\/\/i0.wp.com\/insightcrime.org\/wp-content\/uploads\/2026\/03\/Copia-de-OTR-template-featured-image-website.jpg?fit=1200%2C675&quality=100&ssl=1&resize=1050%2C600 3x"},"classes":[]},{"id":186516,"url":"https:\/\/insightcrime.org\/es\/noticias\/tras-muerte-koki-bandas-vuelven-agitar-cota-905-caracas\/","url_meta":{"origin":307396,"position":4},"title":"Tras muerte de El Koki, bandas vuelven a agitar a Cota 905 en Caracas","author":"Unidad Investigativa de Venezuela","date":"31 de mayo de 2022","format":false,"excerpt":"Hace casi cuatro meses, el enemigo p\u00fablico n\u00famero uno de Venezuela, El Koki, cay\u00f3 muerto por las balas de las fuerzas de seguridad, pero esto no trajo la paz al distrito Cota 905, su antiguo fort\u00edn en Caracas.","rel":"","context":"En \u00abNoticias\u00bb","block_context":{"text":"Noticias","link":"https:\/\/insightcrime.org\/es\/category\/noticias\/"},"img":{"alt_text":"Estaci\u00f3n de polic\u00eda atacada con granadas en Cota 905, Caracas","src":"https:\/\/i0.wp.com\/insightcrime.org\/wp-content\/uploads\/2022\/05\/ezgif-2-a150966070-1.jpg?fit=350%2C250&quality=100&ssl=1&resize=350%2C200","width":350,"height":200},"classes":[]},{"id":232490,"url":"https:\/\/insightcrime.org\/es\/noticias\/gaitanistas-tren-de-aragua-enfrentarse-bogota-colombia\/","url_meta":{"origin":307396,"position":5},"title":"Gaitanistas y Tren de Aragua: lejos de enfrentarse en Bogot\u00e1, Colombia","author":"Juan Diego C\u00e1rdenas","date":"29 de agosto de 2023","format":false,"excerpt":"La circulaci\u00f3n de panfletos y video-amenazas de grupos criminales en Bogot\u00e1 reabri\u00f3 el debate sobre la presencia real de estas organizaciones en la capital colombiana, sin embargo, expertos en seguridad ponen en duda su poder.\u00a0","rel":"","context":"En \u00abNoticias\u00bb","block_context":{"text":"Noticias","link":"https:\/\/insightcrime.org\/es\/category\/noticias\/"},"img":{"alt_text":"Personas capturadas por la Polic\u00eda por presunto microtr\u00e1fico","src":"https:\/\/i0.wp.com\/insightcrime.org\/wp-content\/uploads\/2023\/09\/Bogota-disputas-1-1.jpg?fit=350%2C250&quality=100&ssl=1&resize=350%2C200","width":350,"height":200},"classes":[]}],"jetpack_featured_media_url":"https:\/\/i0.wp.com\/insightcrime.org\/wp-content\/uploads\/2025\/04\/2025-04-15-Bogota-Grenade-Attacks.jpg?fit=350%2C250&quality=100&ssl=1","_links":{"self":[{"href":"https:\/\/insightcrime.org\/es\/wp-json\/wp\/v2\/posts\/307396","targetHints":{"allow":["GET"]}}],"collection":[{"href":"https:\/\/insightcrime.org\/es\/wp-json\/wp\/v2\/posts"}],"about":[{"href":"https:\/\/insightcrime.org\/es\/wp-json\/wp\/v2\/types\/post"}],"author":[{"embeddable":true,"href":"https:\/\/insightcrime.org\/es\/wp-json\/wp\/v2\/users\/171"}],"replies":[{"embeddable":true,"href":"https:\/\/insightcrime.org\/es\/wp-json\/wp\/v2\/comments?post=307396"}],"version-history":[{"count":4,"href":"https:\/\/insightcrime.org\/es\/wp-json\/wp\/v2\/posts\/307396\/revisions"}],"predecessor-version":[{"id":307448,"href":"https:\/\/insightcrime.org\/es\/wp-json\/wp\/v2\/posts\/307396\/revisions\/307448"}],"wp:featuredmedia":[{"embeddable":true,"href":"https:\/\/insightcrime.org\/es\/wp-json\/wp\/v2\/media\/307367"}],"wp:attachment":[{"href":"https:\/\/insightcrime.org\/es\/wp-json\/wp\/v2\/media?parent=307396"}],"wp:term":[{"taxonomy":"category","embeddable":true,"href":"https:\/\/insightcrime.org\/es\/wp-json\/wp\/v2\/categories?post=307396"},{"taxonomy":"post_tag","embeddable":true,"href":"https:\/\/insightcrime.org\/es\/wp-json\/wp\/v2\/tags?post=307396"},{"taxonomy":"newspack_spnsrs_tax","embeddable":true,"href":"https:\/\/insightcrime.org\/es\/wp-json\/wp\/v2\/newspack_spnsrs_tax?post=307396"},{"taxonomy":"author","embeddable":true,"href":"https:\/\/insightcrime.org\/es\/wp-json\/wp\/v2\/coauthors?post=307396"}],"curies":[{"name":"wp","href":"https:\/\/api.w.org\/{rel}","templated":true}]}}