{"id":312934,"date":"2025-06-26T17:22:53","date_gmt":"2025-06-26T22:22:53","guid":{"rendered":"https:\/\/insightcrime.org\/?p=312934"},"modified":"2026-01-14T17:14:51","modified_gmt":"2026-01-14T22:14:51","slug":"ecuador-captura-lider-choneros-fito-guerra-bandas-criminales-continua","status":"publish","type":"post","link":"https:\/\/insightcrime.org\/es\/noticias\/ecuador-captura-lider-choneros-fito-guerra-bandas-criminales-continua\/","title":{"rendered":"La ca\u00edda de &#8216;Fito&#8217;: lo que significa \u2014y lo que no\u2014 para el mundo criminal de Ecuador"},"content":{"rendered":"\n<figure class=\"wp-block-embed is-type-rich is-provider-spotify wp-block-embed-spotify\"><div class=\"wp-block-embed__wrapper\">\n<iframe title=\"Spotify Embed: La ca\u00edda de \u2018Fito\u2019: lo que significa \u2014y lo que no\u2014 para el mundo criminal de Ecuador\" style=\"border-radius: 12px\" width=\"100%\" height=\"152\" frameborder=\"0\" allowfullscreen allow=\"autoplay; clipboard-write; encrypted-media; fullscreen; picture-in-picture\" loading=\"lazy\" src=\"https:\/\/open.spotify.com\/embed\/episode\/2PdUEnZ1dxF0DYYDyJ7eDZ?si=RLM7WVnUQtGv_ch9wqqY5w&#038;utm_source=oembed\"><\/iframe>\n<\/div><figcaption class=\"wp-element-caption\">Este art\u00edculo hace parte de nuestra serie de&nbsp;<a href=\"https:\/\/insightcrime.org\/es\/audio-desde-el-terreno\/\">historias narradas<\/a><\/figcaption><\/figure>\n\n\n\n<p class=\"wp-block-paragraph\">Las fuerzas de seguridad de Ecuador capturaron al l\u00edder criminal m\u00e1s notorio del pa\u00eds en una victoria crucial \u2014aunque en gran medida simb\u00f3lica\u2014 en su \u201cguerra contra las bandas\u201d.<\/p>\n\n\n\n<p class=\"wp-block-paragraph\">La noche del 25 de junio, una operaci\u00f3n llev\u00f3 a la captura de Adolfo Mac\u00edas Villamar, alias \u201cFito\u201d, l\u00edder de <a href=\"https:\/\/insightcrime.org\/es\/noticias-crimen-organizado-ecuador\/los-choneros\/\" target=\"_blank\" rel=\"noreferrer noopener\">los Choneros,<\/a> uno de los grupos de tr\u00e1fico de drogas m\u00e1s importantes de Ecuador.<\/p>\n\n\n\n<p class=\"wp-block-paragraph\">La operaci\u00f3n conjunta entre la polic\u00eda y el ej\u00e9rcito, que seg\u00fan se informa dur\u00f3 10 horas, llev\u00f3 a las fuerzas de seguridad a una mansi\u00f3n en Montecristi, una localidad cerca de Manta, ciudad natal de Fito. Fotos y videos que circulan en redes sociales muestran a soldados abriendo lo que parece ser una puerta trampa en el suelo de la mansi\u00f3n, que lleva a un b\u00fanker en el que Fito se encontraba escondido.<\/p>\n\n\n\n<p class=\"wp-block-paragraph\">\u201cFito ha ca\u00eddo, y van a caer todos\u201d, <a href=\"https:\/\/x.com\/ElPortalEcu\/status\/1938263276212666399\" target=\"_blank\" rel=\"noreferrer noopener\">dijo<\/a> Giancarlo Loffredo, ministro de Defensa de Ecuador, en una rueda de prensa un d\u00eda despu\u00e9s de la captura.<\/p>\n\n\n\n<blockquote class=\"wp-block-quote is-layout-flow wp-block-quote-is-layout-flow\">\n<p class=\"wp-block-paragraph\"><mark style=\"background-color:rgba(0, 0, 0, 0);color:#b40026\" class=\"has-inline-color\">VEA TAMBI\u00c9N:<\/mark> <a href=\"https:\/\/insightcrime.org\/es\/noticias\/fito-acusado-narcotrafico-trafico-armas-estados-unidos\/\" target=\"_blank\" rel=\"noreferrer noopener\">Estados Unidos acusa a alias \u2018Fito\u2019 por tr\u00e1fico de drogas y armas<\/a><\/p>\n<\/blockquote>\n\n\n\n<p class=\"wp-block-paragraph\">Bajo el liderazgo de Fito, los Choneros aprovecharon sus conexiones e influencia en la estrat\u00e9gica provincia costera de Manab\u00ed \u2014 hogar de Manta \u2014 para convertirse en un enlace clave en la cadena de suministro transnacional de coca\u00edna. El grupo supervisa la llegada de cargamentos de coca\u00edna desde Colombia, y luego exporta la droga en una flota de lanchas r\u00e1pidas y otros embarques a destinos en Centroam\u00e9rica y M\u00e9xico. Desde all\u00ed, la coca\u00edna es enviada a los mercados consumidores en Norteam\u00e9rica y Europa.<\/p>\n\n\n\n<p class=\"wp-block-paragraph\">En abril, Estados Unidos <a href=\"https:\/\/insightcrime.org\/es\/noticias\/fito-acusado-narcotrafico-trafico-armas-estados-unidos\/\" target=\"_blank\" rel=\"noreferrer noopener\">acus\u00f3<\/a> a Fito de conspirar para traficar coca\u00edna al pa\u00eds, y <a href=\"https:\/\/www.justice.gov\/usao-edny\/media\/1395276\/dl?inline\" target=\"_blank\" rel=\"noreferrer noopener nofollow\">se\u00f1al\u00f3<\/a> a los Choneros de trabajar \u201ccon c\u00e1rteles mexicanos, incluido el Cartel de Sinaloa, para traficar coca\u00edna desde Colombia a trav\u00e9s de Ecuador hacia M\u00e9xico\u201d.<\/p>\n\n\n\n<p class=\"wp-block-paragraph\">La acusaci\u00f3n abre la puerta para que Fito se convierta en el primer criminal ecuatoriano extraditado desde Ecuador hacia Estados Unidos por cargos de narcotr\u00e1fico.* La extradici\u00f3n de ecuatorianos a otros pa\u00edses fue legalizada tras un <a href=\"https:\/\/insightcrime.org\/es\/noticias\/ecuador-presidente-seguridad-referendum\/\" target=\"_blank\" rel=\"noreferrer noopener\">referendo<\/a> en abril de 2024.<\/p>\n\n\n\n<p class=\"wp-block-paragraph\">\u201cHemos hecho nuestra parte para proceder a la extradici\u00f3n de Fito a los Estados Unidos, estamos a la espera de su respuesta\u201d, dijo el presidente Daniel Noboa en una <a href=\"https:\/\/x.com\/DanielNoboaOk\/status\/1938008459275845958\" target=\"_blank\" rel=\"noreferrer noopener nofollow\">publicaci\u00f3n<\/a> en X despu\u00e9s de la captura.<\/p>\n\n\n\n<p class=\"wp-block-paragraph\">Mientras Ecuador espera la posible extradici\u00f3n de Fito, el jefe criminal regresar\u00e1 al complejo penitenciario de la ciudad de Guayaquil, de donde se ha escapado dos veces, en <a href=\"https:\/\/insightcrime.org\/es\/investigaciones\/revolucion-rasquina-como-choneros-tomaron-prisiones-ecuador\/\">2013<\/a> y 2024. Su escape en enero de 2024 <a href=\"https:\/\/insightcrime.org\/es\/noticias\/explosiva-guerra-ecuador-contra-crimen-carece-estrategia-salida\/\" target=\"_blank\" rel=\"noreferrer noopener\">desencaden\u00f3<\/a> una ofensiva militar en el sistema penitenciario, lo que a su vez llev\u00f3 a las bandas a lanzar ataques coordinados contra instituciones p\u00fablicas, incluida la toma de una estaci\u00f3n de <a href=\"https:\/\/insightcrime.org\/es\/investigaciones\/auge-caida-willy-jefe-mafia-guardias-carcelarios-ecuador\/\" target=\"_blank\" rel=\"noreferrer noopener\">televisi\u00f3n<\/a> mientras estaba al aire. Los ataques de las bandas r\u00e1pidamente llevaron a Noboa a <a href=\"https:\/\/x.com\/DanielNoboaOk\/status\/1744815215655387431\" target=\"_blank\" rel=\"noreferrer noopener nofollow\">declarar<\/a> un \u201cestado de conflicto armado interno\u201d, que autorizaba a las fuerzas militares a confrontar a las bandas directamente y declaraba a 22 grupos criminales como organizaciones \u201cterroristas\u201d.<\/p>\n\n\n\n<p class=\"wp-block-paragraph\">La desaparici\u00f3n de Fito desat\u00f3 una b\u00fasqueda de un a\u00f1o y medio, con muchos teorizando que se hab\u00eda refugiado fuera del pa\u00eds o en las zonas monta\u00f1osas y amaz\u00f3nicas de dif\u00edcil acceso de Ecuador. Como parte del proceso de b\u00fasqueda, el gobierno <a href=\"https:\/\/www.fiscalia.gob.ec\/caso-blanqueo-fito-6-personas-del-circulo-familiar-de-alias-fito-son-procesadas-por-presunto-lavado-de-activos\/\" target=\"_blank\" rel=\"noreferrer noopener\">desmantel\u00f3<\/a> partes de la red de lavado de dinero del l\u00edder y arrest\u00f3 a varios miembros de su familia, supuestamente involucrados en sus esquemas criminales.<\/p>\n\n\n\n<h2 class=\"wp-block-heading\" id=\"h-analisis-de-insight-crime\">An\u00e1lisis de InSight Crime<\/h2>\n\n\n\n<p class=\"wp-block-paragraph\">La captura de Fito probablemente aumentar\u00e1 la opini\u00f3n p\u00fablica sobre las pol\u00edticas de seguridad de Noboa, pero no cambiar\u00e1 el rumbo contra el tr\u00e1fico de drogas ni la violencia de las bandas.<\/p>\n\n\n\n<p class=\"wp-block-paragraph\">El arresto del \u00edcono criminal de Ecuador refuerza las credenciales de Noboa como luchador contra el crimen. El presidente ha dado prioridad a las preocupaciones de seguridad a lo largo de su mandato, respondiendo a la fuerte presi\u00f3n pol\u00edtica derivada del aumento exponencial de la violencia relacionada con el crimen en los \u00faltimos a\u00f1os.<\/p>\n\n\n\n<p class=\"wp-block-paragraph\">Sin embargo, las pol\u00edticas de mano dura de Noboa hasta ahora han tenido un \u00e9xito limitado para abordar el problema. De hecho, mayo de 2025 fue el mes m\u00e1s violento de la historia de Ecuador, con 915 homicidios, seg\u00fan cifras del gobierno. Adem\u00e1s, el total de homicidios durante los primeros cinco meses del a\u00f1o fue 35% superior al mismo periodo de 2023, a\u00f1o en que Ecuador alcanz\u00f3 cifras r\u00e9cord.<\/p>\n\n\n\n<p class=\"wp-block-paragraph\">Eventos recientes tambi\u00e9n han puesto en duda el control del gobierno sobre el sistema penitenciario, que ha sido durante mucho tiempo una base clave para los grupos criminales. El 20 de junio, Rolando Federico G\u00f3mez Quinde, alias \u201cFede,\u201d l\u00edder de una facci\u00f3n de los Choneros llamada Los \u00c1guilas, escap\u00f3 del complejo penitenciario de Guayaquil. D\u00edas despu\u00e9s, el 24 de junio, el empresario Daniel Salcedo, una figura central en varios casos de corrupci\u00f3n de alto nivel, fue atacado en la prisi\u00f3n de Riobamba. Salcedo sobrevivi\u00f3 al ataque.<\/p>\n\n\n\n<p class=\"wp-block-paragraph\">El arresto de Fito puede callar a los cr\u00edticos y generar apoyo para una serie de leyes controversiales destinadas a aumentar la capacidad del gobierno para combatir los grupos criminales, que los cr\u00edticos han denunciado como un intento de concentraci\u00f3n de poder y un riesgo para los derechos humanos.<\/p>\n\n\n\n<p class=\"wp-block-paragraph\">Pero el impacto de la captura de Fito sobre los Choneros a\u00fan est\u00e1 por verse. Fito anteriormente manejaba su propio feudo criminal desde el complejo penitenciario de Guayaquil, apoyado por funcionarios p\u00fablicos corruptos, seg\u00fan una investigaci\u00f3n de InSight Crime de diciembre de 2024. Esto facilit\u00f3 su infame escape de enero de 2024. Ahora, de vuelta en prisi\u00f3n, la riqueza e influencia de Fito significa que podr\u00eda volver a liderar a los Choneros desde detr\u00e1s de las rejas, seg\u00fan Michelle Maffei, experta ecuatoriana en seguridad.<\/p>\n\n\n\n<p class=\"wp-block-paragraph\">\u201cLa organizaci\u00f3n va a cambiar solo en el momento que Fito muera,\u201d dijo a InSight Crime. \u201cEl crimen organizado puede comprar a todos.\u201d<\/p>\n\n\n\n<p class=\"wp-block-paragraph\">Tambi\u00e9n es posible que la captura de Fito acelere la fragmentaci\u00f3n de los Choneros. Los cambios m\u00e1s amplios en el mundo criminal de Ecuador desde su escape evidencian que los Choneros son mucho menos cohesionados de lo que eran antes.<\/p>\n\n\n\n<p class=\"wp-block-paragraph\">Desde su ascenso en la d\u00e9cada de 2010, el grupo se ha estilizado como una franquicia, con l\u00edderes regionales y locales que mantienen una autonom\u00eda significativa mientras usan el nombre de los Choneros. La intervenci\u00f3n militar en las prisiones a partir de enero de 2024 interrumpi\u00f3 estos fr\u00e1giles lazos y rompi\u00f3 las l\u00edneas de comunicaci\u00f3n entre el liderazgo en las prisiones y los miembros de base en las calles. Ahora, las bandas anteriormente afiliadas a los Choneros han comenzado a actuar de manera m\u00e1s independiente, eligiendo sus propias alianzas e incluso luchando entre s\u00ed.<\/p>\n\n\n\n<blockquote class=\"wp-block-quote is-layout-flow wp-block-quote-is-layout-flow\">\n<p class=\"wp-block-paragraph\"><mark style=\"background-color:rgba(0, 0, 0, 0);color:#b40026\" class=\"has-inline-color\">VEA TAMBI\u00c9N:<\/mark> <a href=\"https:\/\/insightcrime.org\/es\/investigaciones\/tras-rejas-fuera-control-caida-prisiones-ecuador-ascenso-mafias\/\" target=\"_blank\" rel=\"noreferrer noopener\">Tras las rejas, fuera de control: la ca\u00edda de las prisiones de Ecuador y el ascenso de sus mafias<\/a><\/p>\n<\/blockquote>\n\n\n\n<p class=\"wp-block-paragraph\">El gobierno podr\u00eda lograr extraditar a Fito o cortar sus comunicaciones dentro de las prisiones de Ecuador, algo que no pudo lograr en el pasado. Si esto ocurre, solo agravar\u00e1 la fragmentaci\u00f3n, especialmente porque Fito, el \u00faltimo gran l\u00edder que manten\u00eda unido al grupo, no tiene un sucesor claro.<\/p>\n\n\n\n<p class=\"wp-block-paragraph\">\u201cEn el peor de los casos, los Choneros se empiezan a atomizar, y eso es un problema grav\u00edsimo en cuesti\u00f3n de la tasa de homicidios,\u201d dijo Maffei a InSight Crime, destacando la <a href=\"https:\/\/insightcrime.org\/es\/noticias\/masacres-alianzas-traiciones-guerra-interna-dividio-tiguerones-ecuador\/\" target=\"_blank\" rel=\"noreferrer noopener\">violencia <\/a>reciente dentro de otros grupos en fragmentaci\u00f3n como los <a href=\"https:\/\/insightcrime.org\/es\/noticias-crimen-organizado-ecuador\/chone-killers\/\" target=\"_blank\" rel=\"noreferrer noopener\">Chone Killers<\/a> y <a href=\"https:\/\/insightcrime.org\/es\/noticias-crimen-organizado-ecuador\/los-tiguerones\/\" target=\"_blank\" rel=\"noreferrer noopener\">Tiguerones<\/a>.<\/p>\n\n\n\n<p class=\"wp-block-paragraph\">Con o sin Fito, Ecuador continuar\u00e1 siendo una de las principales naciones de tr\u00e1nsito de coca\u00edna. La corrupci\u00f3n sist\u00e9mica que ha afectado al gobierno de Ecuador a casi todos sus niveles ha permitido que redes criminales europeas, mexicanas y de otros lugares establezcan operaciones en el pa\u00eds. A medida que el panorama criminal de Ecuador cambia, estas redes encontrar\u00e1n nuevos socios ecuatorianos.<\/p>\n\n\n\n<p class=\"wp-block-paragraph\">*<em>Este art\u00edculo fue actualizado el 28 de julio con nuevos detalles sobre la extradici\u00f3n de Fito.<\/em><\/p>\n","protected":false},"excerpt":{"rendered":"<p>Las fuerzas de seguridad de Ecuador capturaron al l\u00edder criminal m\u00e1s notorio del pa\u00eds en una victoria crucial \u2014aunque en gran medida simb\u00f3lica\u2014 en su \u201cguerra contra las bandas\u201d.<\/p>\n<p>La noche del 25 de junio, una operaci\u00f3n llev\u00f3 a la captura de Adolfo Mac\u00edas Villamar, alias \u201cFito\u201d, l\u00edder de los Choneros, uno de los grupos de tr\u00e1fico de drogas m\u00e1s importantes de Ecuador.<\/p>\n","protected":false},"author":237,"featured_media":312943,"comment_status":"closed","ping_status":"closed","sticky":false,"template":"single-feature.php","format":"standard","meta":{"newspack_ads_suppress_ads":false,"newspack_popups_has_disabled_popups":false,"newspack_sponsor_sponsorship_scope":"","newspack_sponsor_native_byline_display":"inherit","newspack_sponsor_native_category_display":"inherit","newspack_sponsor_underwriter_style":"inherit","newspack_sponsor_underwriter_placement":"inherit","_EventAllDay":false,"_EventTimezone":"","_EventStartDate":"","_EventEndDate":"","_EventStartDateUTC":"","_EventEndDateUTC":"","_EventShowMap":false,"_EventShowMapLink":false,"_EventURL":"","_EventCost":"","_EventCostDescription":"","_EventCurrencySymbol":"","_EventCurrencyCode":"","_EventCurrencyPosition":"","_EventDateTimeSeparator":"","_EventTimeRangeSeparator":"","_EventOrganizerID":[],"_EventVenueID":[],"_OrganizerEmail":"","_OrganizerPhone":"","_OrganizerWebsite":"","_VenueAddress":"","_VenueCity":"","_VenueCountry":"","_VenueProvince":"","_VenueState":"","_VenueZip":"","_VenuePhone":"","_VenueURL":"","_VenueStateProvince":"","_VenueLat":"","_VenueLng":"","_VenueShowMap":false,"_VenueShowMapLink":false,"_newspack_byline_active":false,"_newspack_byline":"","newspack_hide_updated_date":false,"newspack_show_updated_date":false,"newspack_featured_image_position":"above","newspack_post_subtitle":"","newspack_article_summary_title":"Overview:","newspack_article_summary":"","_jetpack_memberships_contains_paid_content":false,"footnotes":""},"categories":[4517,759],"tags":[3625,3412,449,426,4608,438,3021],"newspack_spnsrs_tax":[],"coauthors":[4323],"class_list":["post-312934","post","type-post","status-publish","format-standard","has-post-thumbnail","hentry","category-audio-es","category-noticias","tag-choneros-es","tag-cocaina","tag-cocaina-europa-crimen-organizado","tag-ecuador-pais","tag-historias-narradas","tag-politicas-de-seguridad","tag-prisiones-es","entry"],"parsely":{"version":"1.1.0","canonical_url":"https:\/\/insightcrime.org\/es\/noticias\/ecuador-captura-lider-choneros-fito-guerra-bandas-criminales-continua\/","smart_links":{"inbound":0,"outbound":0},"traffic_boost_suggestions_count":0,"meta":{"@context":"https:\/\/schema.org","@type":"NewsArticle","headline":"La ca\u00edda de &#8216;Fito&#8217;: lo que significa \u2014y lo que no\u2014 para el mundo criminal de Ecuador","url":"http:\/\/insightcrime.org\/es\/noticias\/ecuador-captura-lider-choneros-fito-guerra-bandas-criminales-continua\/","mainEntityOfPage":{"@type":"WebPage","@id":"http:\/\/insightcrime.org\/es\/noticias\/ecuador-captura-lider-choneros-fito-guerra-bandas-criminales-continua\/"},"thumbnailUrl":"https:\/\/i0.wp.com\/insightcrime.org\/wp-content\/uploads\/2025\/06\/Fito-Edit.jpg?resize=150%2C150&quality=100&ssl=1","image":{"@type":"ImageObject","url":"https:\/\/i0.wp.com\/insightcrime.org\/wp-content\/uploads\/2025\/06\/Fito-Edit.jpg?fit=1336%2C768&quality=100&ssl=1"},"articleSection":"Audio","author":[{"@type":"Person","name":"Gavin Voss"}],"creator":["Gavin Voss"],"publisher":{"@type":"Organization","name":"InSight Crime","logo":"https:\/\/insightcrime.org\/wp-content\/uploads\/2023\/08\/logo.png"},"keywords":["choneros","coca\u00edna","coca\u00edna europa","ecuador","historias narradas","pol\u00edticas de seguridad","prisiones"],"dateCreated":"2025-06-26T22:22:53Z","datePublished":"2025-06-26T22:22:53Z","dateModified":"2026-01-14T22:14:51Z"},"rendered":"<meta name=\"parsely-title\" content=\"La ca\u00edda de &#8216;Fito&#8217;: lo que significa \u2014y lo que no\u2014 para el mundo criminal de Ecuador\" \/>\n<meta name=\"parsely-link\" content=\"http:\/\/insightcrime.org\/es\/noticias\/ecuador-captura-lider-choneros-fito-guerra-bandas-criminales-continua\/\" \/>\n<meta name=\"parsely-type\" content=\"post\" \/>\n<meta name=\"parsely-image-url\" content=\"https:\/\/i0.wp.com\/insightcrime.org\/wp-content\/uploads\/2025\/06\/Fito-Edit.jpg?resize=150%2C150&amp;quality=100&amp;ssl=1\" \/>\n<meta name=\"parsely-pub-date\" content=\"2025-06-26T22:22:53Z\" \/>\n<meta name=\"parsely-section\" content=\"Audio\" \/>\n<meta name=\"parsely-tags\" content=\"choneros,coca\u00edna,coca\u00edna europa,ecuador,historias narradas,pol\u00edticas de seguridad,prisiones\" \/>\n<meta name=\"parsely-author\" content=\"Gavin Voss\" \/>","tracker_url":"https:\/\/cdn.parsely.com\/keys\/insightcrime.org\/p.js"},"jetpack_sharing_enabled":true,"jetpack-related-posts":[{"id":316573,"url":"https:\/\/insightcrime.org\/es\/noticias\/series-anuales\/insights-del-verano-2025-fito-ascenso-y-caida-del-jefe-criminal-mas-buscado-de-ecuador\/","url_meta":{"origin":312934,"position":0},"title":"Fito: Ascenso y ca\u00edda del jefe criminal m\u00e1s buscado de Ecuador","author":"InSight Crime","date":"7 de agosto de 2025","format":false,"excerpt":"Uno de los principales jefes criminales de Ecuador ha ocupado m\u00faltiples portadas de prensa este a\u00f1o. El 28 de marzo, fiscales federales estadounidenses presentaron cargos por tr\u00e1fico de drogas y armas contra Fito. En aquel momento, estaba escondido tras escapar de la c\u00e1rcel en enero de 2024. Despu\u00e9s, el 25\u2026","rel":"","context":"En \u00abNoticias\u00bb","block_context":{"text":"Noticias","link":"https:\/\/insightcrime.org\/es\/category\/noticias\/"},"img":{"alt_text":"","src":"https:\/\/i0.wp.com\/insightcrime.org\/wp-content\/uploads\/2025\/08\/Cover-1FitoESP-Summer-InSights-2025.jpg?fit=1200%2C690&quality=100&ssl=1&resize=350%2C200","width":350,"height":200,"srcset":"https:\/\/i0.wp.com\/insightcrime.org\/wp-content\/uploads\/2025\/08\/Cover-1FitoESP-Summer-InSights-2025.jpg?fit=1200%2C690&quality=100&ssl=1&resize=350%2C200 1x, https:\/\/i0.wp.com\/insightcrime.org\/wp-content\/uploads\/2025\/08\/Cover-1FitoESP-Summer-InSights-2025.jpg?fit=1200%2C690&quality=100&ssl=1&resize=525%2C300 1.5x, https:\/\/i0.wp.com\/insightcrime.org\/wp-content\/uploads\/2025\/08\/Cover-1FitoESP-Summer-InSights-2025.jpg?fit=1200%2C690&quality=100&ssl=1&resize=700%2C400 2x, https:\/\/i0.wp.com\/insightcrime.org\/wp-content\/uploads\/2025\/08\/Cover-1FitoESP-Summer-InSights-2025.jpg?fit=1200%2C690&quality=100&ssl=1&resize=1050%2C600 3x"},"classes":[]},{"id":345431,"url":"https:\/\/insightcrime.org\/es\/noticias-crimen-organizado-ecuador\/jose-adolfo-macias-villamar-alias-fito\/","url_meta":{"origin":312934,"position":1},"title":"Jos\u00e9 Adolfo Mac\u00edas Villamar, alias &#8216;Fito&#8217;","author":"InSight Crime","date":"29 de junio de 2026","format":false,"excerpt":"Jos\u00e9 Adolfo Mac\u00edas Villamar, alias \u201cFito\u201d, fue el cabecilla de los Choneros, uno de los grupos criminales m\u00e1s importantes de Ecuador. Tras fugarse de prisi\u00f3n en 2024, fue recapturado un a\u00f1o m\u00e1s tarde y extraditado a Estados Unidos.","rel":"","context":"En \u00abEcuador\u00bb","block_context":{"text":"Ecuador","link":"https:\/\/insightcrime.org\/es\/category\/noticias-crimen-organizado-ecuador\/"},"img":{"alt_text":"Jos\u00e9 Adolfo Mac\u00edas Villamar, alias \u201cFito\u201d","src":"https:\/\/i0.wp.com\/insightcrime.org\/wp-content\/uploads\/2026\/06\/Perfil-Criminal-Alias-Fito.jpg?fit=1200%2C900&quality=100&ssl=1&resize=350%2C200","width":350,"height":200,"srcset":"https:\/\/i0.wp.com\/insightcrime.org\/wp-content\/uploads\/2026\/06\/Perfil-Criminal-Alias-Fito.jpg?fit=1200%2C900&quality=100&ssl=1&resize=350%2C200 1x, https:\/\/i0.wp.com\/insightcrime.org\/wp-content\/uploads\/2026\/06\/Perfil-Criminal-Alias-Fito.jpg?fit=1200%2C900&quality=100&ssl=1&resize=525%2C300 1.5x, https:\/\/i0.wp.com\/insightcrime.org\/wp-content\/uploads\/2026\/06\/Perfil-Criminal-Alias-Fito.jpg?fit=1200%2C900&quality=100&ssl=1&resize=700%2C400 2x, https:\/\/i0.wp.com\/insightcrime.org\/wp-content\/uploads\/2026\/06\/Perfil-Criminal-Alias-Fito.jpg?fit=1200%2C900&quality=100&ssl=1&resize=1050%2C600 3x"},"classes":[]},{"id":348895,"url":"https:\/\/insightcrime.org\/es\/noticias\/podcast-gio-fito-cuando-rap-gangsta-se-vuelve-real\/","url_meta":{"origin":312934,"position":2},"title":"P\u00f3dcast | Gio y Fito: Cuando el rap Gangsta se vuelve real","author":"InSight Crime","date":"13 de agosto de 2026","format":false,"excerpt":"Gio era un rapero gangsta. Tambi\u00e9n era la mano derecha del criminal m\u00e1s conocido de Ecuador, el l\u00edder de Los Choneros, alias \u201cFito\u201d.","rel":"","context":"En \u00abNoticias\u00bb","block_context":{"text":"Noticias","link":"https:\/\/insightcrime.org\/es\/category\/noticias\/"},"img":{"alt_text":"","src":"https:\/\/i0.wp.com\/insightcrime.org\/wp-content\/uploads\/2026\/08\/EP04-Play-Espanol-.png?fit=1200%2C675&quality=100&ssl=1&resize=350%2C200","width":350,"height":200,"srcset":"https:\/\/i0.wp.com\/insightcrime.org\/wp-content\/uploads\/2026\/08\/EP04-Play-Espanol-.png?fit=1200%2C675&quality=100&ssl=1&resize=350%2C200 1x, https:\/\/i0.wp.com\/insightcrime.org\/wp-content\/uploads\/2026\/08\/EP04-Play-Espanol-.png?fit=1200%2C675&quality=100&ssl=1&resize=525%2C300 1.5x, https:\/\/i0.wp.com\/insightcrime.org\/wp-content\/uploads\/2026\/08\/EP04-Play-Espanol-.png?fit=1200%2C675&quality=100&ssl=1&resize=700%2C400 2x, https:\/\/i0.wp.com\/insightcrime.org\/wp-content\/uploads\/2026\/08\/EP04-Play-Espanol-.png?fit=1200%2C675&quality=100&ssl=1&resize=1050%2C600 3x"},"classes":[]},{"id":344754,"url":"https:\/\/insightcrime.org\/es\/noticias\/on-the-radar-reacomodos-criminales-ecuador-y-venezuela-y-segunda-vuelta-marcada-por-seguridad-colombia\/","url_meta":{"origin":312934,"position":3},"title":"On the Radar: Reacomodos criminales en Ecuador y Venezuela, y  segunda vuelta electoral en Colombia\u00a0","author":"Creusa Mu\u00f1oz","date":"18 de junio de 2026","format":false,"excerpt":"La captura en Ecuador del hermano de alias \u201cFito\u201d, la muerte de \u201cNi\u00f1o Guerrero\u201d en Venezuela y las propuestas de seguridad que atraviesan la segunda vuelta presidencial en Colombia marcan la edici\u00f3n de esta semana de On the Radar.","rel":"","context":"En \u00abNoticias\u00bb","block_context":{"text":"Noticias","link":"https:\/\/insightcrime.org\/es\/category\/noticias\/"},"img":{"alt_text":"","src":"https:\/\/i0.wp.com\/insightcrime.org\/wp-content\/uploads\/2026\/06\/Junio-OTR-template-featured-image-website-2026-2.jpg?fit=1200%2C675&quality=100&ssl=1&resize=350%2C200","width":350,"height":200,"srcset":"https:\/\/i0.wp.com\/insightcrime.org\/wp-content\/uploads\/2026\/06\/Junio-OTR-template-featured-image-website-2026-2.jpg?fit=1200%2C675&quality=100&ssl=1&resize=350%2C200 1x, https:\/\/i0.wp.com\/insightcrime.org\/wp-content\/uploads\/2026\/06\/Junio-OTR-template-featured-image-website-2026-2.jpg?fit=1200%2C675&quality=100&ssl=1&resize=525%2C300 1.5x, https:\/\/i0.wp.com\/insightcrime.org\/wp-content\/uploads\/2026\/06\/Junio-OTR-template-featured-image-website-2026-2.jpg?fit=1200%2C675&quality=100&ssl=1&resize=700%2C400 2x, https:\/\/i0.wp.com\/insightcrime.org\/wp-content\/uploads\/2026\/06\/Junio-OTR-template-featured-image-website-2026-2.jpg?fit=1200%2C675&quality=100&ssl=1&resize=1050%2C600 3x"},"classes":[]},{"id":306808,"url":"https:\/\/insightcrime.org\/es\/noticias\/fito-acusado-narcotrafico-trafico-armas-estados-unidos\/","url_meta":{"origin":312934,"position":4},"title":"Estados Unidos acusa a alias \u201cFito\u201d por tr\u00e1fico de drogas y armas","author":"Liza Schmidt","date":"4 de abril de 2025","format":false,"excerpt":"Una acusaci\u00f3n de Estados Unidos contra una figura criminal en Ecuador env\u00eda una se\u00f1al de respaldo a las autoridades ecuatorianas y sugiere que el acusado contin\u00faa operando desde las sombras.","rel":"","context":"En \u00abNoticias\u00bb","block_context":{"text":"Noticias","link":"https:\/\/insightcrime.org\/es\/category\/noticias\/"},"img":{"alt_text":"Jose Adolfo Macias Villamar, alias \"Fito\"","src":"https:\/\/i0.wp.com\/insightcrime.org\/wp-content\/uploads\/2025\/04\/criminal-fito-indictment-usa-security-policy-el-pais.jpg?fit=350%2C250&quality=100&ssl=1&resize=350%2C200","width":350,"height":200},"classes":[]},{"id":264935,"url":"https:\/\/insightcrime.org\/es\/noticias\/explosiva-guerra-ecuador-contra-crimen-carece-estrategia-salida\/","url_meta":{"origin":312934,"position":5},"title":"La explosiva guerra de Ecuador contra el crimen carece de estrategia de salida","author":"Anastasia Austin","date":"9 de enero de 2024","format":false,"excerpt":"Las pandillas de Ecuador desataron una ola de violencia en respuesta a los esfuerzos del nuevo gobierno por frenar la criminalidad, pero la r\u00e1pida militarizaci\u00f3n del conflicto por parte de las autoridades carece de una estrategia de salida.\u00a0","rel":"","context":"En \u00abNoticias\u00bb","block_context":{"text":"Noticias","link":"https:\/\/insightcrime.org\/es\/category\/noticias\/"},"img":{"alt_text":"Una fila de soldados ecuatorianos.","src":"https:\/\/i0.wp.com\/insightcrime.org\/wp-content\/uploads\/2023\/08\/Ecuador-soldiers-internal-conflict-gangs-Reuters.png?fit=350%2C250&quality=100&ssl=1&resize=350%2C200","width":350,"height":200},"classes":[]}],"jetpack_featured_media_url":"https:\/\/i0.wp.com\/insightcrime.org\/wp-content\/uploads\/2025\/06\/Fito-Edit.jpg?fit=1336%2C768&quality=100&ssl=1","_links":{"self":[{"href":"https:\/\/insightcrime.org\/es\/wp-json\/wp\/v2\/posts\/312934","targetHints":{"allow":["GET"]}}],"collection":[{"href":"https:\/\/insightcrime.org\/es\/wp-json\/wp\/v2\/posts"}],"about":[{"href":"https:\/\/insightcrime.org\/es\/wp-json\/wp\/v2\/types\/post"}],"author":[{"embeddable":true,"href":"https:\/\/insightcrime.org\/es\/wp-json\/wp\/v2\/users\/237"}],"replies":[{"embeddable":true,"href":"https:\/\/insightcrime.org\/es\/wp-json\/wp\/v2\/comments?post=312934"}],"version-history":[{"count":5,"href":"https:\/\/insightcrime.org\/es\/wp-json\/wp\/v2\/posts\/312934\/revisions"}],"predecessor-version":[{"id":315759,"href":"https:\/\/insightcrime.org\/es\/wp-json\/wp\/v2\/posts\/312934\/revisions\/315759"}],"wp:featuredmedia":[{"embeddable":true,"href":"https:\/\/insightcrime.org\/es\/wp-json\/wp\/v2\/media\/312943"}],"wp:attachment":[{"href":"https:\/\/insightcrime.org\/es\/wp-json\/wp\/v2\/media?parent=312934"}],"wp:term":[{"taxonomy":"category","embeddable":true,"href":"https:\/\/insightcrime.org\/es\/wp-json\/wp\/v2\/categories?post=312934"},{"taxonomy":"post_tag","embeddable":true,"href":"https:\/\/insightcrime.org\/es\/wp-json\/wp\/v2\/tags?post=312934"},{"taxonomy":"newspack_spnsrs_tax","embeddable":true,"href":"https:\/\/insightcrime.org\/es\/wp-json\/wp\/v2\/newspack_spnsrs_tax?post=312934"},{"taxonomy":"author","embeddable":true,"href":"https:\/\/insightcrime.org\/es\/wp-json\/wp\/v2\/coauthors?post=312934"}],"curies":[{"name":"wp","href":"https:\/\/api.w.org\/{rel}","templated":true}]}}