{"id":316573,"date":"2025-08-07T07:15:00","date_gmt":"2025-08-07T12:15:00","guid":{"rendered":"https:\/\/insightcrime.org\/?p=316573"},"modified":"2025-08-21T14:18:25","modified_gmt":"2025-08-21T19:18:25","slug":"insights-del-verano-2025-fito-ascenso-y-caida-del-jefe-criminal-mas-buscado-de-ecuador","status":"publish","type":"post","link":"https:\/\/insightcrime.org\/es\/noticias\/series-anuales\/insights-del-verano-2025-fito-ascenso-y-caida-del-jefe-criminal-mas-buscado-de-ecuador\/","title":{"rendered":"Fito: Ascenso y ca\u00edda del jefe criminal m\u00e1s buscado de Ecuador"},"content":{"rendered":"\n<div class=\"wp-block-cover alignwide is-light has-parallax\" style=\"padding-top:0;padding-right:0;padding-bottom:0;padding-left:0;min-height:809px;aspect-ratio:unset;\" id=\"inicio\"><div class=\"wp-block-cover__image-background wp-image-315475 size-full has-parallax\" style=\"background-position:50% 50%;background-image:url(https:\/\/insightcrime.org\/wp-content\/uploads\/2025\/07\/FondoFito-1.jpg)\"><\/div><span aria-hidden=\"true\" class=\"wp-block-cover__background has-white-background-color has-background-dim\"><\/span><div class=\"wp-block-cover__inner-container is-layout-constrained wp-container-core-cover-is-layout-b7786351 wp-block-cover-is-layout-constrained\">\n<div style=\"height:71px\" aria-hidden=\"true\" class=\"wp-block-spacer\"><\/div>\n\n\n\n<div class=\"wp-block-columns is-layout-flex wp-container-core-columns-is-layout-8f761849 wp-block-columns-is-layout-flex\">\n<div class=\"wp-block-column is-vertically-aligned-center is-layout-flow wp-block-column-is-layout-flow\"><div class=\"wp-block-image is-style-default\">\n<figure class=\"aligncenter size-full is-resized\"><img data-recalc-dims=\"1\" loading=\"lazy\" decoding=\"async\" width=\"800\" height=\"800\" src=\"https:\/\/i0.wp.com\/insightcrime.org\/wp-content\/uploads\/2025\/08\/Marco-perfil-Fito-ESP.jpg?resize=800%2C800&#038;quality=100&#038;ssl=1\" alt=\"\" class=\"wp-image-316585\" style=\"width:509px;height:auto\" srcset=\"https:\/\/i0.wp.com\/insightcrime.org\/wp-content\/uploads\/2025\/08\/Marco-perfil-Fito-ESP.jpg?w=800&amp;quality=100&amp;ssl=1 800w, https:\/\/i0.wp.com\/insightcrime.org\/wp-content\/uploads\/2025\/08\/Marco-perfil-Fito-ESP.jpg?resize=300%2C300&amp;quality=100&amp;ssl=1 300w, https:\/\/i0.wp.com\/insightcrime.org\/wp-content\/uploads\/2025\/08\/Marco-perfil-Fito-ESP.jpg?resize=150%2C150&amp;quality=100&amp;ssl=1 150w, https:\/\/i0.wp.com\/insightcrime.org\/wp-content\/uploads\/2025\/08\/Marco-perfil-Fito-ESP.jpg?resize=768%2C768&amp;quality=100&amp;ssl=1 768w, https:\/\/i0.wp.com\/insightcrime.org\/wp-content\/uploads\/2025\/08\/Marco-perfil-Fito-ESP.jpg?resize=600%2C600&amp;quality=100&amp;ssl=1 600w, https:\/\/i0.wp.com\/insightcrime.org\/wp-content\/uploads\/2025\/08\/Marco-perfil-Fito-ESP.jpg?resize=400%2C400&amp;quality=100&amp;ssl=1 400w, https:\/\/i0.wp.com\/insightcrime.org\/wp-content\/uploads\/2025\/08\/Marco-perfil-Fito-ESP.jpg?resize=200%2C200&amp;quality=100&amp;ssl=1 200w, https:\/\/i0.wp.com\/insightcrime.org\/wp-content\/uploads\/2025\/08\/Marco-perfil-Fito-ESP.jpg?resize=780%2C780&amp;quality=100&amp;ssl=1 780w, https:\/\/i0.wp.com\/insightcrime.org\/wp-content\/uploads\/2025\/08\/Marco-perfil-Fito-ESP.jpg?resize=706%2C706&amp;quality=100&amp;ssl=1 706w, https:\/\/i0.wp.com\/insightcrime.org\/wp-content\/uploads\/2025\/08\/Marco-perfil-Fito-ESP.jpg?resize=100%2C100&amp;quality=100&amp;ssl=1 100w, https:\/\/i0.wp.com\/insightcrime.org\/wp-content\/uploads\/2025\/08\/Marco-perfil-Fito-ESP.jpg?w=370&amp;quality=100&amp;ssl=1 370w\" sizes=\"auto, (max-width: 800px) 100vw, 800px\" \/><\/figure>\n<\/div><\/div>\n\n\n\n<div class=\"wp-block-column is-layout-flow wp-block-column-is-layout-flow\">\n<h2 class=\"wp-block-heading has-text-align-left has-text-color has-link-color has-huge-font-size wp-elements-1\" id=\"h-jose-adolfo-macias-villamar-alias-fito\" style=\"color:#ce6653\"><strong>Jos\u00e9 Adolfo Mac\u00edas Villamar, <\/strong>alias &#8216;Fito&#8217;<\/h2>\n\n\n\n<div class=\"wp-block-group is-style-default\" style=\"padding-top:0;padding-right:0;padding-bottom:0;padding-left:0\"><div class=\"wp-block-group__inner-container is-layout-constrained wp-container-core-group-is-layout-efdcd2e1 wp-block-group-is-layout-constrained\">\n<figure class=\"wp-block-table is-style-regular has-normal-font-size\"><table class=\"has-medium-gray-color has-text-color has-link-color\"><tbody><tr><td><strong>Nombre<\/strong><\/td><td>Jos\u00e9 Adolfo Mac\u00edas Villamar<\/td><\/tr><tr><td><strong>Alias<\/strong><\/td><td>Fito<\/td><\/tr><tr><td><strong>Pa\u00eds<\/strong><\/td><td>Ecuador<\/td><\/tr><tr><td><strong>Grupo Criminal<\/strong><\/td><td>Los Choneros<\/td><\/tr><tr><td><strong>Ubicaci\u00f3n<\/strong><\/td><td>Prisi\u00f3n de EE.UU.&nbsp;<\/td><\/tr><tr><td><strong>Estado<\/strong><\/td><td>Capturado<\/td><\/tr><\/tbody><\/table><\/figure>\n<\/div><\/div>\n\n\n\n<p class=\"has-primary-color has-text-color wp-block-paragraph\" style=\"font-size:14px\"><a href=\"https:\/\/insightcrime.org\/es\/noticias-crimen-organizado-ecuador\/los-choneros\/\">Lea el perfil<\/a><mark style=\"background-color:rgba(0, 0, 0, 0)\" class=\"has-inline-color has-primary-color\">   <img data-recalc-dims=\"1\" loading=\"lazy\" decoding=\"async\" width=\"12\" height=\"12\" class=\"wp-image-228499\" style=\"width: 12px;\" src=\"https:\/\/i0.wp.com\/insightcrime.org\/wp-content\/uploads\/2023\/09\/arrow-red.png?resize=12%2C12&#038;quality=100&#038;ssl=1\" alt=\"\"><\/mark><\/p>\n<\/div>\n<\/div>\n\n\n\n<div style=\"height:34px\" aria-hidden=\"true\" class=\"wp-block-spacer\"><\/div>\n\n\n\n<div class=\"wp-block-columns is-layout-flex wp-container-core-columns-is-layout-8f761849 wp-block-columns-is-layout-flex\">\n<div class=\"wp-block-column is-layout-flow wp-block-column-is-layout-flow\">\n<p class=\"wp-block-paragraph\">Esta es la historia de Jos\u00e9 Adolfo Mac\u00edas Villamar, alias \u201cFito\u201d, uno de los principales jefes del crimen de Ecuador y l\u00edder de un poderoso grupo criminal llamado Los Choneros.<\/p>\n\n\n\n<p class=\"wp-block-paragraph\">Durante su juventud en la ciudad costera de Manta, en las d\u00e9cadas de 1990 y 2000, Fito conoci\u00f3 a Jorge Luis Zambrano, alias \u201cRasqui\u00f1a\u201d, y a otros l\u00edderes de Los Choneros. En ese entonces, el grupo comenzaba a consolidarse como una fuerza criminal en Manta, involucrado en robos, extorsiones y, cada vez m\u00e1s, en el tr\u00e1fico de drogas.<\/p>\n\n\n\n<p class=\"wp-block-paragraph\">A comienzos de la d\u00e9cada de 2010, Fito ya ocupaba una posici\u00f3n de liderazgo dentro de Los Choneros, como socio de Rasqui\u00f1a, quien hab\u00eda asumido el control del grupo. Pero en 2011 fue arrestado por homicidio y condenado a 34 a\u00f1os en La Roca, la c\u00e1rcel de m\u00e1xima seguridad de Ecuador.<\/p>\n\n\n\n<p class=\"wp-block-paragraph\">Dos a\u00f1os despu\u00e9s, Fito y Rasqui\u00f1a protagonizaron una fuga masiva junto con otros 16 reclusos: cortaron una cerca con la ayuda de guardias penitenciarios y polic\u00edas corruptos, y presuntamente escaparon en bote por el r\u00edo que bordea la c\u00e1rcel. En menos de nueve meses, todos hab\u00edan sido recapturados.<\/p>\n\n\n\n<p class=\"wp-block-paragraph\">Pero esto no detuvo a Los Choneros.<\/p>\n<\/div>\n\n\n\n<div class=\"wp-block-column is-layout-flow wp-block-column-is-layout-flow\">\n<p class=\"wp-block-paragraph\">Desde prisi\u00f3n, la organizaci\u00f3n expandi\u00f3 su poder. L\u00edderes como Fito lograron controlar tanto las c\u00e1rceles como las operaciones criminales desde sus celdas, acondicionadas con lujos como camas tama\u00f1o queen, ba\u00f1o privado, televisor, aire acondicionado y hasta una nevera llena de v\u00edveres.<\/p>\n\n\n\n<p class=\"wp-block-paragraph\">Tras el asesinato de Rasqui\u00f1a en 2020, Fito asumi\u00f3 finalmente el liderazgo del grupo, en un contexto de violencia sin precedentes en el pa\u00eds.<\/p>\n\n\n\n<p class=\"wp-block-paragraph\">En 2024, Fito volvi\u00f3 a escapar. Durante a\u00f1o y medio fue el criminal m\u00e1s buscado de Ecuador. En marzo de 2025, las autoridades ofrecieron una recompensa de US$1 mill\u00f3n por informaci\u00f3n que permitiera su captura. Su fuga marc\u00f3 un punto de quiebre en la lucha del Estado contra el crimen organizado: provoc\u00f3 una ofensiva militar contra el sistema penitenciario, y como represalia, las bandas criminales lanzaron ataques coordinados contra instituciones p\u00fablicas, incluyendo la toma en vivo de un canal de televisi\u00f3n.<\/p>\n\n\n\n<p class=\"wp-block-paragraph\">Fito fue recapturado en junio de 2025. Se escond\u00eda en una lujosa mansi\u00f3n con un b\u00fanker subterr\u00e1neo, a pocos minutos de su natal Manta. Tras su arresto, fue devuelto a La Roca, la misma prisi\u00f3n de la que hab\u00eda escapado en 2013. Menos de un mes despu\u00e9s, fue extraditado a Estados Unidos.<\/p>\n<\/div>\n<\/div>\n\n\n\n<div style=\"height:53px\" aria-hidden=\"true\" class=\"wp-block-spacer\"><\/div>\n<\/div><\/div>\n\n\n\n<div class=\"wp-block-columns is-layout-flex wp-container-core-columns-is-layout-8f761849 wp-block-columns-is-layout-flex\">\n<div class=\"wp-block-column has-secondary-background-color has-background is-layout-flow wp-block-column-is-layout-flow\">\n<p class=\"has-text-align-center has-primary-color has-text-color has-link-color wp-elements-2 wp-block-paragraph\" style=\"padding-top:var(--wp--preset--spacing--30);padding-right:var(--wp--preset--spacing--20);padding-bottom:var(--wp--preset--spacing--30);padding-left:var(--wp--preset--spacing--20)\"><em><a href=\"https:\/\/mailchi.mp\/insightcrime\/jyrjf6mson\" target=\"_blank\" rel=\"noreferrer noopener\">Suscr\u00edbase a nuestro newsletter para recibir <strong>un nuevo perfil criminal la pr\u00f3xima semana.<\/strong><\/a><\/em><\/p>\n<\/div>\n<\/div>\n\n\n\n<div class=\"wp-block-group drop-shadow\" style=\"padding-top:var(--wp--preset--spacing--60);padding-right:var(--wp--preset--spacing--60);padding-bottom:var(--wp--preset--spacing--60);padding-left:var(--wp--preset--spacing--60)\"><div class=\"wp-block-group__inner-container is-layout-constrained wp-container-core-group-is-layout-d5591c43 wp-block-group-is-layout-constrained\">\n<div class=\"wp-block-columns is-style-first-col-to-second is-layout-flex wp-container-core-columns-is-layout-8f761849 wp-block-columns-is-layout-flex\">\n<div class=\"wp-block-column is-layout-flow wp-block-column-is-layout-flow\">\n<p class=\"has-small-font-size wp-block-paragraph\">Los Choneros es una de las bandas criminales m\u00e1s poderosas de Ecuador y es un actor clave detr\u00e1s de la violencia hist\u00f3rica que azota al pa\u00eds en los \u00faltimos a\u00f1os.<\/p>\n\n\n\n<p class=\"has-small-font-size wp-block-paragraph\">El grupo se origin\u00f3 en la d\u00e9cada de 1990 en la provincia costera de Manab\u00ed. Tras la captura de varios de sus l\u00edderes a principios de la d\u00e9cada de 2010, Los Choneros comenzaron a operar desde las c\u00e1rceles, integrando bandas m\u00e1s peque\u00f1as a su red y expandiendo su influencia tanto en los centros penitenciarios como en las calles del pa\u00eds.<\/p>\n\n\n\n<p class=\"has-small-font-size wp-block-paragraph\">En 2020, luego del asesinato de alias \u201cRasqui\u00f1a\u201d, la organizaci\u00f3n sufri\u00f3 una fractura interna. Las disputas entre facciones desataron una guerra que elev\u00f3 los niveles de violencia dentro y fuera de las c\u00e1rceles, alcanzando una intensidad sin precedentes en Ecuador.<\/p>\n\n\n\n<p class=\"has-small-font-size wp-block-paragraph\">En medio de esta creciente fragmentaci\u00f3n, la recaptura de su actual l\u00edder, Fito, representa un nuevo desaf\u00edo para la supervivencia de Los Choneros.<\/p>\n\n\n\n<p class=\"has-primary-color has-text-color wp-block-paragraph\" style=\"font-size:14px\"><a href=\"https:\/\/insightcrime.org\/es\/noticias-crimen-organizado-ecuador\/los-choneros\/\" target=\"_blank\" rel=\"noreferrer noopener\">Lea el perfil completo<\/a><mark style=\"background-color:rgba(0, 0, 0, 0)\" class=\"has-inline-color has-primary-color\">   <img data-recalc-dims=\"1\" loading=\"lazy\" decoding=\"async\" width=\"12\" height=\"12\" class=\"wp-image-228499\" style=\"width: 12px;\" src=\"https:\/\/i0.wp.com\/insightcrime.org\/wp-content\/uploads\/2023\/09\/arrow-red.png?resize=12%2C12&#038;quality=100&#038;ssl=1\" alt=\"\"><\/mark><\/p>\n<\/div>\n\n\n\n<div class=\"wp-block-column is-layout-flow wp-block-column-is-layout-flow\" style=\"flex-basis:250px\">\n<h2 class=\"wp-block-heading accent-header\" id=\"h-los-choneros\">Los Choneros<\/h2>\n\n\n\n<figure class=\"wp-block-image size-full\"><img data-recalc-dims=\"1\" loading=\"lazy\" decoding=\"async\" width=\"350\" height=\"250\" src=\"https:\/\/i0.wp.com\/insightcrime.org\/wp-content\/uploads\/2021\/02\/Perfil-Los-Choneros.jpg?resize=350%2C250&#038;quality=100&#038;ssl=1\" alt=\"\" class=\"wp-image-136466\" srcset=\"https:\/\/i0.wp.com\/insightcrime.org\/wp-content\/uploads\/2021\/02\/Perfil-Los-Choneros.jpg?w=350&amp;quality=100&amp;ssl=1 350w, https:\/\/i0.wp.com\/insightcrime.org\/wp-content\/uploads\/2021\/02\/Perfil-Los-Choneros.jpg?resize=300%2C214&amp;quality=100&amp;ssl=1 300w, https:\/\/i0.wp.com\/insightcrime.org\/wp-content\/uploads\/2021\/02\/Perfil-Los-Choneros.jpg?w=370&amp;quality=100&amp;ssl=1 370w, https:\/\/i0.wp.com\/insightcrime.org\/wp-content\/uploads\/2021\/02\/Perfil-Los-Choneros.jpg?w=400&amp;quality=100&amp;ssl=1 400w\" sizes=\"auto, (max-width: 350px) 100vw, 350px\" \/><\/figure>\n<\/div>\n<\/div>\n<\/div><\/div>\n\n\n\t<div\n\t\tclass=\"wp-block-newspack-blocks-homepage-articles is-style-borders wpnbha is-grid columns-2 colgap-3 show-image image-aligntop ts-3 is-3 is-landscape is-style-borders\"\n\t\tstyle=\"\"\n\t\t>\n\t\t<div data-posts data-current-post-id=\"316573\">\n\t\t\t\t\t\t\t<h2 class=\"article-section-title\">\n\t\t\t\t\t<span><strong>Conozca m\u00e1s<\/strong>:<strong>\u00a0<\/strong><\/span>\n\t\t\t\t<\/h2>\n\t\t\t\t\t\t\n\t<article data-post-id=\"296997\"\n\t\tclass=\"tag-choneros tag-cocaine tag-ecuador tag-narrated-stories tag-prisons tag-series-ecuador-war-gangs category-audio category-investigations type-post post-has-image\"\n\t\t\t\t>\n\t\t\t\t\t\t\t<figure class=\"post-thumbnail\">\n\t\t\t\t\t\t\t\t<a href=\"https:\/\/insightcrime.org\/es\/investigations\/el-fortin-de-fito-la-prision-de-ecuador-convertida-en-un-comando-criminal\/\" rel=\"bookmark\" tabindex=\"-1\" aria-hidden=\"true\">\n\t\t\t\t\t\t\t\t\t\t\t\t<img loading=\"lazy\" decoding=\"async\" width=\"800\" height=\"600\" src=\"https:\/\/i0.wp.com\/insightcrime.org\/wp-content\/uploads\/2024\/11\/Ecuador-Prisons-Cover-Caso-de-Estudio-2-InSight-Crime-Nov-2024.jpg?resize=800%2C600&amp;quality=100&amp;ssl=1\" class=\"attachment-newspack-article-block-landscape-medium size-newspack-article-block-landscape-medium wp-post-image\" alt=\"El fort\u00edn de Fito: la prisi\u00f3n de Ecuador convertida en un comando criminal\" data-hero-candidate=\"1\" srcset=\"https:\/\/i0.wp.com\/insightcrime.org\/wp-content\/uploads\/2024\/11\/Ecuador-Prisons-Cover-Caso-de-Estudio-2-InSight-Crime-Nov-2024.jpg?resize=800%2C600&amp;quality=100&amp;ssl=1 800w, https:\/\/i0.wp.com\/insightcrime.org\/wp-content\/uploads\/2024\/11\/Ecuador-Prisons-Cover-Caso-de-Estudio-2-InSight-Crime-Nov-2024.jpg?resize=600%2C450&amp;quality=100&amp;ssl=1 600w, https:\/\/i0.wp.com\/insightcrime.org\/wp-content\/uploads\/2024\/11\/Ecuador-Prisons-Cover-Caso-de-Estudio-2-InSight-Crime-Nov-2024.jpg?resize=400%2C300&amp;quality=100&amp;ssl=1 400w, https:\/\/i0.wp.com\/insightcrime.org\/wp-content\/uploads\/2024\/11\/Ecuador-Prisons-Cover-Caso-de-Estudio-2-InSight-Crime-Nov-2024.jpg?resize=200%2C150&amp;quality=100&amp;ssl=1 200w, https:\/\/i0.wp.com\/insightcrime.org\/wp-content\/uploads\/2024\/11\/Ecuador-Prisons-Cover-Caso-de-Estudio-2-InSight-Crime-Nov-2024.jpg?resize=800%2C600&amp;quality=100&amp;ssl=1&amp;w=370 370w\" sizes=\"auto, (max-width: 34.9rem) calc(100vw - 2rem), (max-width: 53rem) calc(8 * (100vw \/ 12)), (min-width: 53rem) calc(6 * (100vw \/ 12)), 100vw\" \/>\t\t\t\t\t\t\t\t\t\t\t\t<\/a>\n\t\t\t\t\n\t\t\t\t\t\t\t<\/figure><!-- .featured-image -->\n\t\t\n\t\t<div class=\"entry-wrapper\">\n\t\t\t\t\t\t<h3 class=\"entry-title\"><a href=\"https:\/\/insightcrime.org\/es\/investigations\/el-fortin-de-fito-la-prision-de-ecuador-convertida-en-un-comando-criminal\/\" rel=\"bookmark\">El fort\u00edn de Fito: la prisi\u00f3n de Ecuador convertida en un comando criminal<\/a><\/h3>\t\t\t\t\t\t<p>Fito se hab\u00eda fugado de un pabell\u00f3n de m\u00e1xima seguridad por segunda vez en diez a\u00f1os. Pero a diferencia de 2013, cuando \u00e9l y 17 de los criminales m\u00e1s peligrosos de Ecuador protagonizaron una cinematogr\u00e1fica fuga, esta vez no dej\u00f3\u2026<\/p>\n\t\t\t\t<a class=\"more-link\" href=\"https:\/\/insightcrime.org\/es\/investigations\/el-fortin-de-fito-la-prision-de-ecuador-convertida-en-un-comando-criminal\/\" rel=\"bookmark\">\n\t\t\t\t\tLea m\u00e1s\t\t\t\t<\/a>\n\t\t\t\t\t\t\t\t<div class=\"entry-meta\">\n\t\t\t\t\t\t\t\t\t\t\t<span class=\"byline\">\n\t\t\t\t\t\t\t<span class=\"author-prefix\">por<\/span> <span class=\"author vcard\"><a class=\"url fn n\" href=\"https:\/\/insightcrime.org\/es\/author\/james\/\">James Bargent<\/a><\/span>\t\t\t\t\t\t<\/span><!-- .author-name -->\n\t\t\t\t\t\t<time class=\"entry-date published\" datetime=\"2024-11-28T22:34:12-05:00\">28 de noviembre de 2024<\/time><time class=\"updated\" datetime=\"2026-01-14T17:03:30-05:00\">14 de enero de 2026<\/time>\t\t\t\t<\/div><!-- .entry-meta -->\n\t\t\t\t\t\t\t\t<\/div><!-- .entry-wrapper -->\n\t<\/article>\n\n\t\t\n\t<article data-post-id=\"297352\"\n\t\tclass=\"tag-ecuador-pais tag-prisiones-es tag-series-guerra-pandillas-ecuador category-investigaciones type-post post-has-image\"\n\t\t\t\t>\n\t\t\t\t\t\t\t<figure class=\"post-thumbnail\">\n\t\t\t\t\t\t\t\t<a href=\"https:\/\/insightcrime.org\/es\/investigaciones\/bandas-carcelarias-eje-criminal-ecuador\/\" rel=\"bookmark\" tabindex=\"-1\" aria-hidden=\"true\">\n\t\t\t\t\t\t\t\t\t\t\t\t<img loading=\"lazy\" decoding=\"async\" width=\"800\" height=\"600\" src=\"https:\/\/i0.wp.com\/insightcrime.org\/wp-content\/uploads\/2024\/12\/Ecuador-Prisons-Cover-Cap-3-InSight-Crime-Nov-2024.jpg?resize=800%2C600&amp;quality=100&amp;ssl=1\" class=\"attachment-newspack-article-block-landscape-medium size-newspack-article-block-landscape-medium wp-post-image\" alt=\"Las bandas carcelarias: el eje criminal de Ecuador\" data-hero-candidate=\"1\" srcset=\"https:\/\/i0.wp.com\/insightcrime.org\/wp-content\/uploads\/2024\/12\/Ecuador-Prisons-Cover-Cap-3-InSight-Crime-Nov-2024.jpg?resize=800%2C600&amp;quality=100&amp;ssl=1 800w, https:\/\/i0.wp.com\/insightcrime.org\/wp-content\/uploads\/2024\/12\/Ecuador-Prisons-Cover-Cap-3-InSight-Crime-Nov-2024.jpg?resize=600%2C450&amp;quality=100&amp;ssl=1 600w, https:\/\/i0.wp.com\/insightcrime.org\/wp-content\/uploads\/2024\/12\/Ecuador-Prisons-Cover-Cap-3-InSight-Crime-Nov-2024.jpg?resize=400%2C300&amp;quality=100&amp;ssl=1 400w, https:\/\/i0.wp.com\/insightcrime.org\/wp-content\/uploads\/2024\/12\/Ecuador-Prisons-Cover-Cap-3-InSight-Crime-Nov-2024.jpg?resize=200%2C150&amp;quality=100&amp;ssl=1 200w, https:\/\/i0.wp.com\/insightcrime.org\/wp-content\/uploads\/2024\/12\/Ecuador-Prisons-Cover-Cap-3-InSight-Crime-Nov-2024.jpg?resize=800%2C600&amp;quality=100&amp;ssl=1&amp;w=370 370w\" sizes=\"auto, (max-width: 34.9rem) calc(100vw - 2rem), (max-width: 53rem) calc(8 * (100vw \/ 12)), (min-width: 53rem) calc(6 * (100vw \/ 12)), 100vw\" \/>\t\t\t\t\t\t\t\t\t\t\t\t<\/a>\n\t\t\t\t\n\t\t\t\t\t\t\t<\/figure><!-- .featured-image -->\n\t\t\n\t\t<div class=\"entry-wrapper\">\n\t\t\t\t\t\t<h3 class=\"entry-title\"><a href=\"https:\/\/insightcrime.org\/es\/investigaciones\/bandas-carcelarias-eje-criminal-ecuador\/\" rel=\"bookmark\">Las bandas carcelarias: el eje criminal de Ecuador<\/a><\/h3>\t\t\t\t\t\t<p>El crimen organizado en Ecuador opera hoy en varios niveles. En los escalones superiores se encuentran aquellos que controlan el tr\u00e1fico transnacional de coca\u00edna en Ecuador y las \u00e9lites corruptas de la pol\u00edtica, el sector empresarial y las instituciones estatales.\u2026<\/p>\n\t\t\t\t<a class=\"more-link\" href=\"https:\/\/insightcrime.org\/es\/investigaciones\/bandas-carcelarias-eje-criminal-ecuador\/\" rel=\"bookmark\">\n\t\t\t\t\tLea m\u00e1s\t\t\t\t<\/a>\n\t\t\t\t\t\t\t\t<div class=\"entry-meta\">\n\t\t\t\t\t\t\t\t\t\t\t<span class=\"byline\">\n\t\t\t\t\t\t\t<span class=\"author-prefix\">por<\/span> <span class=\"author vcard\"><a class=\"url fn n\" href=\"https:\/\/insightcrime.org\/es\/author\/james\/\">James Bargent<\/a><\/span>\t\t\t\t\t\t<\/span><!-- .author-name -->\n\t\t\t\t\t\t<time class=\"entry-date published\" datetime=\"2024-12-03T22:20:58-05:00\">3 de diciembre de 2024<\/time><time class=\"updated\" datetime=\"2024-12-05T09:45:00-05:00\">5 de diciembre de 2024<\/time>\t\t\t\t<\/div><!-- .entry-meta -->\n\t\t\t\t\t\t\t\t<\/div><!-- .entry-wrapper -->\n\t<\/article>\n\n\t\t\n\t<article data-post-id=\"286237\"\n\t\tclass=\"tag-choneros tag-ecuador tag-security-policy category-special-series type-page post-has-image\"\n\t\t\t\t>\n\t\t\t\t\t\t\t<figure class=\"post-thumbnail\">\n\t\t\t\t\t\t\t\t<a href=\"https:\/\/insightcrime.org\/es\/noticias\/series-especiales\/guerra-contra-pandillas-ecuador\/\" rel=\"bookmark\" tabindex=\"-1\" aria-hidden=\"true\">\n\t\t\t\t\t\t\t\t\t\t\t\t<img loading=\"lazy\" decoding=\"async\" width=\"800\" height=\"600\" src=\"https:\/\/i0.wp.com\/insightcrime.org\/wp-content\/uploads\/2024\/06\/Ecuador-Violence-Soldier-stands-guard-over-inmates-at-the-Litoral-Penitentiary-AP24040793801886-A2.jpg?resize=800%2C600&amp;quality=100&amp;ssl=1\" class=\"attachment-newspack-article-block-landscape-medium size-newspack-article-block-landscape-medium wp-post-image\" alt=\"Serie especial: Guerra contra las pandillas en Ecuador\" data-hero-candidate=\"1\" srcset=\"https:\/\/i0.wp.com\/insightcrime.org\/wp-content\/uploads\/2024\/06\/Ecuador-Violence-Soldier-stands-guard-over-inmates-at-the-Litoral-Penitentiary-AP24040793801886-A2.jpg?resize=800%2C600&amp;quality=100&amp;ssl=1 800w, https:\/\/i0.wp.com\/insightcrime.org\/wp-content\/uploads\/2024\/06\/Ecuador-Violence-Soldier-stands-guard-over-inmates-at-the-Litoral-Penitentiary-AP24040793801886-A2.jpg?resize=600%2C450&amp;quality=100&amp;ssl=1 600w, https:\/\/i0.wp.com\/insightcrime.org\/wp-content\/uploads\/2024\/06\/Ecuador-Violence-Soldier-stands-guard-over-inmates-at-the-Litoral-Penitentiary-AP24040793801886-A2.jpg?resize=400%2C300&amp;quality=100&amp;ssl=1 400w, https:\/\/i0.wp.com\/insightcrime.org\/wp-content\/uploads\/2024\/06\/Ecuador-Violence-Soldier-stands-guard-over-inmates-at-the-Litoral-Penitentiary-AP24040793801886-A2.jpg?resize=200%2C150&amp;quality=100&amp;ssl=1 200w, https:\/\/i0.wp.com\/insightcrime.org\/wp-content\/uploads\/2024\/06\/Ecuador-Violence-Soldier-stands-guard-over-inmates-at-the-Litoral-Penitentiary-AP24040793801886-A2.jpg?resize=800%2C600&amp;quality=100&amp;ssl=1&amp;w=370 370w\" sizes=\"auto, (max-width: 34.9rem) calc(100vw - 2rem), (max-width: 53rem) calc(8 * (100vw \/ 12)), (min-width: 53rem) calc(6 * (100vw \/ 12)), 100vw\" \/>\t\t\t\t\t\t\t\t\t\t\t\t<\/a>\n\t\t\t\t\n\t\t\t\t\t\t\t<\/figure><!-- .featured-image -->\n\t\t\n\t\t<div class=\"entry-wrapper\">\n\t\t\t\t\t\t<h3 class=\"entry-title\"><a href=\"https:\/\/insightcrime.org\/es\/noticias\/series-especiales\/guerra-contra-pandillas-ecuador\/\" rel=\"bookmark\">Serie especial: Guerra contra las pandillas en Ecuador<\/a><\/h3>\t\t\t\t\t\t<p>En esta serie especial, InSight Crime hace un seguimiento de la guerra de Noboa contra las pandillas y sus efectos sobre el crimen organizado.<\/p>\n\t\t\t\t<a class=\"more-link\" href=\"https:\/\/insightcrime.org\/es\/noticias\/series-especiales\/guerra-contra-pandillas-ecuador\/\" rel=\"bookmark\">\n\t\t\t\t\tLea m\u00e1s\t\t\t\t<\/a>\n\t\t\t\t\t\t\t\t<div class=\"entry-meta\">\n\t\t\t\t\t\t\t\t\t\t\t<span class=\"byline\">\n\t\t\t\t\t\t\t<span class=\"author-prefix\">por<\/span> <span class=\"author vcard\"><a class=\"url fn n\" href=\"https:\/\/insightcrime.org\/es\/author\/insight-crime\/\">InSight Crime<\/a><\/span>\t\t\t\t\t\t<\/span><!-- .author-name -->\n\t\t\t\t\t\t<time class=\"entry-date published\" datetime=\"2024-07-31T15:40:22-05:00\">31 de julio de 2024<\/time><time class=\"updated\" datetime=\"2024-07-31T16:26:20-05:00\">31 de julio de 2024<\/time>\t\t\t\t<\/div><!-- .entry-meta -->\n\t\t\t\t\t\t\t\t<\/div><!-- .entry-wrapper -->\n\t<\/article>\n\n\t\t\n\t<article data-post-id=\"297533\"\n\t\tclass=\"tag-ecuador-pais tag-infografias tag-multimedia-es tag-politicas-de-seguridad tag-prisiones-es tag-series-guerra-pandillas-ecuador category-investigaciones type-page post-has-image\"\n\t\t\t\t>\n\t\t\t\t\t\t\t<figure class=\"post-thumbnail\">\n\t\t\t\t\t\t\t\t<a href=\"https:\/\/insightcrime.org\/es\/investigaciones\/tras-rejas-fuera-control-caida-prisiones-ecuador-ascenso-mafias\/\" rel=\"bookmark\" tabindex=\"-1\" aria-hidden=\"true\">\n\t\t\t\t\t\t\t\t\t\t\t\t<img loading=\"lazy\" decoding=\"async\" width=\"800\" height=\"600\" src=\"https:\/\/i0.wp.com\/insightcrime.org\/wp-content\/uploads\/2024\/12\/Ecuador-Prisons-Cover-Cap-2-InSight-Crime-Nov-2024-1.jpg?resize=800%2C600&amp;quality=100&amp;ssl=1\" class=\"attachment-newspack-article-block-landscape-medium size-newspack-article-block-landscape-medium wp-post-image\" alt=\"Tras las rejas, fuera de control: la ca\u00edda de las prisiones de Ecuador y el ascenso de sus mafias\" data-hero-candidate=\"1\" srcset=\"https:\/\/i0.wp.com\/insightcrime.org\/wp-content\/uploads\/2024\/12\/Ecuador-Prisons-Cover-Cap-2-InSight-Crime-Nov-2024-1.jpg?resize=800%2C600&amp;quality=100&amp;ssl=1 800w, https:\/\/i0.wp.com\/insightcrime.org\/wp-content\/uploads\/2024\/12\/Ecuador-Prisons-Cover-Cap-2-InSight-Crime-Nov-2024-1.jpg?resize=600%2C450&amp;quality=100&amp;ssl=1 600w, https:\/\/i0.wp.com\/insightcrime.org\/wp-content\/uploads\/2024\/12\/Ecuador-Prisons-Cover-Cap-2-InSight-Crime-Nov-2024-1.jpg?resize=400%2C300&amp;quality=100&amp;ssl=1 400w, https:\/\/i0.wp.com\/insightcrime.org\/wp-content\/uploads\/2024\/12\/Ecuador-Prisons-Cover-Cap-2-InSight-Crime-Nov-2024-1.jpg?resize=200%2C150&amp;quality=100&amp;ssl=1 200w, https:\/\/i0.wp.com\/insightcrime.org\/wp-content\/uploads\/2024\/12\/Ecuador-Prisons-Cover-Cap-2-InSight-Crime-Nov-2024-1.jpg?resize=800%2C600&amp;quality=100&amp;ssl=1&amp;w=370 370w\" sizes=\"auto, (max-width: 34.9rem) calc(100vw - 2rem), (max-width: 53rem) calc(8 * (100vw \/ 12)), (min-width: 53rem) calc(6 * (100vw \/ 12)), 100vw\" \/>\t\t\t\t\t\t\t\t\t\t\t\t<\/a>\n\t\t\t\t\n\t\t\t\t\t\t\t<\/figure><!-- .featured-image -->\n\t\t\n\t\t<div class=\"entry-wrapper\">\n\t\t\t\t\t\t<h3 class=\"entry-title\"><a href=\"https:\/\/insightcrime.org\/es\/investigaciones\/tras-rejas-fuera-control-caida-prisiones-ecuador-ascenso-mafias\/\" rel=\"bookmark\">Tras las rejas, fuera de control: la ca\u00edda de las prisiones de Ecuador y el ascenso de sus mafias<\/a><\/h3>\t\t\t\t\t\t<p>La crisis en las prisiones de Ecuador ha trascendido los l\u00edmites del sistema penitenciario para sembrar violencia, corrupci\u00f3n y caos en todo el pa\u00eds. Los asesinatos pol\u00edticos, los ataques de estilo terrorista, los esc\u00e1ndalos de corrupci\u00f3n y las brutales exhibiciones\u2026<\/p>\n\t\t\t\t<a class=\"more-link\" href=\"https:\/\/insightcrime.org\/es\/investigaciones\/tras-rejas-fuera-control-caida-prisiones-ecuador-ascenso-mafias\/\" rel=\"bookmark\">\n\t\t\t\t\tLea m\u00e1s\t\t\t\t<\/a>\n\t\t\t\t\t\t\t\t<div class=\"entry-meta\">\n\t\t\t\t\t\t\t\t\t\t\t<span class=\"byline\">\n\t\t\t\t\t\t\t<span class=\"author-prefix\">por<\/span> <span class=\"author vcard\"><a class=\"url fn n\" href=\"https:\/\/insightcrime.org\/es\/author\/insight-crime\/\">InSight Crime<\/a><\/span>\t\t\t\t\t\t<\/span><!-- .author-name -->\n\t\t\t\t\t\t<time class=\"entry-date published\" datetime=\"2024-12-04T10:00:00-05:00\">4 de diciembre de 2024<\/time><time class=\"updated\" datetime=\"2024-12-05T09:38:33-05:00\">5 de diciembre de 2024<\/time>\t\t\t\t<\/div><!-- .entry-meta -->\n\t\t\t\t\t\t\t\t<\/div><!-- .entry-wrapper -->\n\t<\/article>\n\n\t\t\t\t<\/div>\n\t\t\n\t<\/div>\n\t\n\n\n<figure class=\"wp-block-embed aligncenter is-type-rich is-provider-spotify wp-block-embed-spotify\"><div class=\"wp-block-embed__wrapper\">\n<iframe title=\"Spotify Embed: \u2060InSights de Verano \u2013 El fort\u00edn de Fito: la prisi\u00f3n de Ecuador convertida en un comando criminal\" style=\"border-radius: 12px\" width=\"100%\" height=\"152\" frameborder=\"0\" allowfullscreen allow=\"autoplay; clipboard-write; encrypted-media; fullscreen; picture-in-picture\" loading=\"lazy\" src=\"https:\/\/open.spotify.com\/embed\/episode\/3c9r6i55SsZnTeRcpQpPUX?si=PTAmJCPwTPm0FvXZjuQl8g&#038;utm_source=oembed\"><\/iframe>\n<\/div><\/figure>\n\n\n\n<figure class=\"wp-block-embed aligncenter is-type-rich is-provider-spotify wp-block-embed-spotify\"><div class=\"wp-block-embed__wrapper\">\n<iframe title=\"Spotify Embed: La ca\u00edda de \u2018Fito\u2019: lo que significa \u2014y lo que no\u2014 para el mundo criminal de Ecuador\" style=\"border-radius: 12px\" width=\"100%\" height=\"152\" frameborder=\"0\" allowfullscreen allow=\"autoplay; clipboard-write; encrypted-media; fullscreen; picture-in-picture\" loading=\"lazy\" src=\"https:\/\/open.spotify.com\/embed\/episode\/2PdUEnZ1dxF0DYYDyJ7eDZ?si=4310ba49988347ed&#038;utm_source=oembed\"><\/iframe>\n<\/div><figcaption class=\"wp-element-caption\">Estos audios hacen parte de nuestra serie <a href=\"https:\/\/insightcrime.org\/es\/tag\/historias-narradas\/\" target=\"_blank\" rel=\"noreferrer noopener\">Historias Narradas&nbsp;<\/a><\/figcaption><\/figure>\n\n\n\n<div style=\"height:100px\" aria-hidden=\"true\" class=\"wp-block-spacer\"><\/div>\n\n\n\n<div class=\"wp-block-media-text is-stacked-on-mobile is-image-fill-element drop-shadow\" style=\"grid-template-columns:48% auto\"><figure class=\"wp-block-media-text__media\"><a href=\"https:\/\/insightcrime.org\/es\/insights-del-verano-2025\/\" target=\"_blank\" rel=\" noreferrer noopener\"><img data-recalc-dims=\"1\" loading=\"lazy\" decoding=\"async\" width=\"1024\" height=\"550\" src=\"https:\/\/i0.wp.com\/insightcrime.org\/wp-content\/uploads\/2025\/07\/BannerLanding-SummerInSights-InSight-Crime-July-2025-1.jpg?resize=1024%2C550&#038;quality=100&#038;ssl=1\" alt=\"\" class=\"wp-image-316141 size-full\" style=\"object-position:50% 50%\" srcset=\"https:\/\/i0.wp.com\/insightcrime.org\/wp-content\/uploads\/2025\/07\/BannerLanding-SummerInSights-InSight-Crime-July-2025-1.jpg?resize=1024%2C550&amp;quality=100&amp;ssl=1 1024w, https:\/\/i0.wp.com\/insightcrime.org\/wp-content\/uploads\/2025\/07\/BannerLanding-SummerInSights-InSight-Crime-July-2025-1.jpg?resize=300%2C161&amp;quality=100&amp;ssl=1 300w, https:\/\/i0.wp.com\/insightcrime.org\/wp-content\/uploads\/2025\/07\/BannerLanding-SummerInSights-InSight-Crime-July-2025-1.jpg?resize=768%2C412&amp;quality=100&amp;ssl=1 768w, https:\/\/i0.wp.com\/insightcrime.org\/wp-content\/uploads\/2025\/07\/BannerLanding-SummerInSights-InSight-Crime-July-2025-1.jpg?resize=1536%2C825&amp;quality=100&amp;ssl=1 1536w, https:\/\/i0.wp.com\/insightcrime.org\/wp-content\/uploads\/2025\/07\/BannerLanding-SummerInSights-InSight-Crime-July-2025-1.jpg?resize=1200%2C644&amp;quality=100&amp;ssl=1 1200w, https:\/\/i0.wp.com\/insightcrime.org\/wp-content\/uploads\/2025\/07\/BannerLanding-SummerInSights-InSight-Crime-July-2025-1.jpg?resize=780%2C419&amp;quality=100&amp;ssl=1 780w, https:\/\/i0.wp.com\/insightcrime.org\/wp-content\/uploads\/2025\/07\/BannerLanding-SummerInSights-InSight-Crime-July-2025-1.jpg?resize=400%2C215&amp;quality=100&amp;ssl=1 400w, https:\/\/i0.wp.com\/insightcrime.org\/wp-content\/uploads\/2025\/07\/BannerLanding-SummerInSights-InSight-Crime-July-2025-1.jpg?resize=706%2C379&amp;quality=100&amp;ssl=1 706w, https:\/\/i0.wp.com\/insightcrime.org\/wp-content\/uploads\/2025\/07\/BannerLanding-SummerInSights-InSight-Crime-July-2025-1.jpg?w=1920&amp;quality=100&amp;ssl=1 1920w, https:\/\/i0.wp.com\/insightcrime.org\/wp-content\/uploads\/2025\/07\/BannerLanding-SummerInSights-InSight-Crime-July-2025-1-1024x550.jpg?w=370&amp;quality=100&amp;ssl=1 370w\" sizes=\"auto, (max-width: 1000px) 100vw, 1000px\" \/><\/a><\/figure><div class=\"wp-block-media-text__content\">\n<div style=\"height:var(--wp--preset--spacing--50)\" aria-hidden=\"true\" class=\"wp-block-spacer\"><\/div>\n\n\n\t<div\n\t\tclass=\"wp-block-newspack-blocks-homepage-articles wpnbha ts-3 \"\n\t\tstyle=\"\"\n\t\t>\n\t\t<div data-posts data-current-post-id=\"316573\">\n\t\t\t\t\t\t\t<h2 class=\"article-section-title\">\n\t\t\t\t\t<span>Serie especial anual<\/span>\n\t\t\t\t<\/h2>\n\t\t\t\t\t\t\n\t<article data-post-id=\"316588\"\n\t\tclass=\"tag-chapitos-es tag-chapitos-es tag-choneros-es tag-choneros-es tag-colombia-pais tag-colombia-pais tag-ecuador-pais tag-ecuador-pais tag-el-chapo-guzman tag-el-chapo-guzman tag-gaitanistas tag-gaitanistas tag-mexico-pais tag-mexico-pais tag-series-insights-del-verano tag-series-summer-insights tag-tren-de-aragua-es tag-tren-de-aragua-es tag-venezuela-pais tag-venezuela-pais category-series-anuales type-page post-has-image\"\n\t\t\t\t>\n\t\t\t\t\n\t\t<div class=\"entry-wrapper\">\n\t\t\t\t\t\t<h3 class=\"entry-title\"><a href=\"https:\/\/insightcrime.org\/es\/insights-del-verano-2025\/\" rel=\"bookmark\">*InSights del Verano 2025<\/a><\/h3>\t\t\t\t\t\t<p>Este a\u00f1o, presentamos a varios de los mayores exponentes del crimen de la regi\u00f3n en cuatro pa\u00edses: Ecuador, Venezuela, Colombia y M\u00e9xico. En cada uno de ellos examinamos el ascenso al poder de un l\u00edder diferente, exploramos su influencia en la escena delictiva nacional y regional, explicamos lo que encierran las luchas por el poder criminal y ahondamos en sus dram\u00e1ticas detenciones y fugas.<\/p>\n\t\t\t\t<a class=\"more-link\" href=\"https:\/\/insightcrime.org\/es\/insights-del-verano-2025\/\" rel=\"bookmark\">\n\t\t\t\t\tLea la serie completa\t\t\t\t<\/a>\n\t\t\t\t\t\t\t\t\t<\/div><!-- .entry-wrapper -->\n\t<\/article>\n\n\t\t\t\t<\/div>\n\t\t\n\t<\/div>\n\t\n\n\n<div style=\"height:var(--wp--preset--spacing--50)\" aria-hidden=\"true\" class=\"wp-block-spacer\"><\/div>\n<\/div><\/div>\n\n\n\n<p class=\"wp-block-paragraph\"><\/p>\n","protected":false},"excerpt":{"rendered":"<p>Uno de los principales jefes criminales de Ecuador ha ocupado m\u00faltiples portadas de prensa este a\u00f1o.<\/p>\n<p>El 28 de marzo, fiscales federales estadounidenses presentaron cargos por tr\u00e1fico de drogas y armas contra Fito. En aquel momento, estaba escondido tras escapar de la c\u00e1rcel en enero de 2024.<\/p>\n<p>Despu\u00e9s, el 25 de junio, fue capturado en las afueras de Manta, durante una operaci\u00f3n de casi 10 horas de las fuerzas de seguridad ecuatorianas.<\/p>\n<p>Tras un proceso judicial que dur\u00f3 un mes, Fito se convirti\u00f3 en el primer delincuente ecuatoriano extraditado de su pa\u00eds a Estados Unidos por cargos de narcotr\u00e1fico.<\/p>\n","protected":false},"author":188,"featured_media":318449,"comment_status":"closed","ping_status":"closed","sticky":false,"template":"single-wide.php","format":"standard","meta":{"newspack_ads_suppress_ads":false,"newspack_popups_has_disabled_popups":false,"newspack_sponsor_sponsorship_scope":"","newspack_sponsor_native_byline_display":"inherit","newspack_sponsor_native_category_display":"inherit","newspack_sponsor_underwriter_style":"inherit","newspack_sponsor_underwriter_placement":"inherit","_EventAllDay":false,"_EventTimezone":"","_EventStartDate":"","_EventEndDate":"","_EventStartDateUTC":"","_EventEndDateUTC":"","_EventShowMap":false,"_EventShowMapLink":false,"_EventURL":"","_EventCost":"","_EventCostDescription":"","_EventCurrencySymbol":"","_EventCurrencyCode":"","_EventCurrencyPosition":"","_EventDateTimeSeparator":"","_EventTimeRangeSeparator":"","_EventOrganizerID":[],"_EventVenueID":[],"_OrganizerEmail":"","_OrganizerPhone":"","_OrganizerWebsite":"","_VenueAddress":"","_VenueCity":"","_VenueCountry":"","_VenueProvince":"","_VenueState":"","_VenueZip":"","_VenuePhone":"","_VenueURL":"","_VenueStateProvince":"","_VenueLat":"","_VenueLng":"","_VenueShowMap":false,"_VenueShowMapLink":false,"_newspack_byline_active":false,"_newspack_byline":"","newspack_hide_updated_date":false,"newspack_show_updated_date":false,"newspack_featured_image_position":"hidden","newspack_post_subtitle":"","newspack_article_summary_title":"Overview:","newspack_article_summary":"","_jetpack_memberships_contains_paid_content":false,"footnotes":""},"categories":[759,4558],"tags":[3625,426,4643],"newspack_spnsrs_tax":[],"coauthors":[4351],"class_list":["post-316573","post","type-post","status-publish","format-standard","has-post-thumbnail","hentry","category-noticias","category-series-anuales","tag-choneros-es","tag-ecuador-pais","tag-series-insights-del-verano","entry"],"parsely":{"version":"1.1.0","canonical_url":"https:\/\/insightcrime.org\/es\/noticias\/series-anuales\/insights-del-verano-2025-fito-ascenso-y-caida-del-jefe-criminal-mas-buscado-de-ecuador\/","smart_links":{"inbound":0,"outbound":0},"traffic_boost_suggestions_count":0,"meta":{"@context":"https:\/\/schema.org","@type":"NewsArticle","headline":"Fito: Ascenso y ca\u00edda del jefe criminal m\u00e1s buscado de Ecuador","url":"http:\/\/insightcrime.org\/es\/noticias\/series-anuales\/insights-del-verano-2025-fito-ascenso-y-caida-del-jefe-criminal-mas-buscado-de-ecuador\/","mainEntityOfPage":{"@type":"WebPage","@id":"http:\/\/insightcrime.org\/es\/noticias\/series-anuales\/insights-del-verano-2025-fito-ascenso-y-caida-del-jefe-criminal-mas-buscado-de-ecuador\/"},"thumbnailUrl":"https:\/\/i0.wp.com\/insightcrime.org\/wp-content\/uploads\/2025\/08\/Cover-1FitoESP-Summer-InSights-2025.jpg?resize=150%2C150&quality=100&ssl=1","image":{"@type":"ImageObject","url":"https:\/\/i0.wp.com\/insightcrime.org\/wp-content\/uploads\/2025\/08\/Cover-1FitoESP-Summer-InSights-2025.jpg?fit=1280%2C736&quality=100&ssl=1"},"articleSection":"Series anuales","author":[{"@type":"Person","name":"InSight Crime"}],"creator":["InSight Crime"],"publisher":{"@type":"Organization","name":"InSight Crime","logo":"https:\/\/insightcrime.org\/wp-content\/uploads\/2023\/08\/logo.png"},"keywords":["choneros","ecuador","series: insights del verano"],"dateCreated":"2025-08-07T12:15:00Z","datePublished":"2025-08-07T12:15:00Z","dateModified":"2025-08-21T19:18:25Z"},"rendered":"<meta name=\"parsely-title\" content=\"Fito: Ascenso y ca\u00edda del jefe criminal m\u00e1s buscado de Ecuador\" \/>\n<meta name=\"parsely-link\" content=\"http:\/\/insightcrime.org\/es\/noticias\/series-anuales\/insights-del-verano-2025-fito-ascenso-y-caida-del-jefe-criminal-mas-buscado-de-ecuador\/\" \/>\n<meta name=\"parsely-type\" content=\"post\" \/>\n<meta name=\"parsely-image-url\" content=\"https:\/\/i0.wp.com\/insightcrime.org\/wp-content\/uploads\/2025\/08\/Cover-1FitoESP-Summer-InSights-2025.jpg?resize=150%2C150&amp;quality=100&amp;ssl=1\" \/>\n<meta name=\"parsely-pub-date\" content=\"2025-08-07T12:15:00Z\" \/>\n<meta name=\"parsely-section\" content=\"Series anuales\" \/>\n<meta name=\"parsely-tags\" content=\"choneros,ecuador,series: insights del verano\" \/>\n<meta name=\"parsely-author\" content=\"InSight Crime\" \/>","tracker_url":"https:\/\/cdn.parsely.com\/keys\/insightcrime.org\/p.js"},"jetpack_sharing_enabled":true,"jetpack-related-posts":[{"id":296997,"url":"https:\/\/insightcrime.org\/es\/investigations\/el-fortin-de-fito-la-prision-de-ecuador-convertida-en-un-comando-criminal\/","url_meta":{"origin":316573,"position":0},"title":"El fort\u00edn de Fito: la prisi\u00f3n de Ecuador convertida en un comando criminal","author":"James Bargent","date":"28 de noviembre de 2024","format":false,"excerpt":"Fito se hab\u00eda fugado de un pabell\u00f3n de m\u00e1xima seguridad por segunda vez en diez a\u00f1os. Pero a diferencia de 2013, cuando \u00e9l y 17 de los criminales m\u00e1s peligrosos de Ecuador protagonizaron una cinematogr\u00e1fica fuga, esta vez no dej\u00f3 rastro: ni guardias esposados, ni cercas cortadas, ni huellas ni\u2026","rel":"","context":"En \u00abAudio\u00bb","block_context":{"text":"Audio","link":"https:\/\/insightcrime.org\/category\/audio\/"},"img":{"alt_text":"","src":"https:\/\/i0.wp.com\/insightcrime.org\/wp-content\/uploads\/2024\/11\/Ecuador-Prisons-Cover-Caso-de-Estudio-2-InSight-Crime-Nov-2024.jpg?fit=1200%2C690&quality=100&ssl=1&resize=350%2C200","width":350,"height":200,"srcset":"https:\/\/i0.wp.com\/insightcrime.org\/wp-content\/uploads\/2024\/11\/Ecuador-Prisons-Cover-Caso-de-Estudio-2-InSight-Crime-Nov-2024.jpg?fit=1200%2C690&quality=100&ssl=1&resize=350%2C200 1x, https:\/\/i0.wp.com\/insightcrime.org\/wp-content\/uploads\/2024\/11\/Ecuador-Prisons-Cover-Caso-de-Estudio-2-InSight-Crime-Nov-2024.jpg?fit=1200%2C690&quality=100&ssl=1&resize=525%2C300 1.5x, https:\/\/i0.wp.com\/insightcrime.org\/wp-content\/uploads\/2024\/11\/Ecuador-Prisons-Cover-Caso-de-Estudio-2-InSight-Crime-Nov-2024.jpg?fit=1200%2C690&quality=100&ssl=1&resize=700%2C400 2x, https:\/\/i0.wp.com\/insightcrime.org\/wp-content\/uploads\/2024\/11\/Ecuador-Prisons-Cover-Caso-de-Estudio-2-InSight-Crime-Nov-2024.jpg?fit=1200%2C690&quality=100&ssl=1&resize=1050%2C600 3x"},"classes":[]},{"id":345431,"url":"https:\/\/insightcrime.org\/es\/noticias-crimen-organizado-ecuador\/jose-adolfo-macias-villamar-alias-fito\/","url_meta":{"origin":316573,"position":1},"title":"Jos\u00e9 Adolfo Mac\u00edas Villamar, alias &#8216;Fito&#8217;","author":"InSight Crime","date":"29 de junio de 2026","format":false,"excerpt":"Jos\u00e9 Adolfo Mac\u00edas Villamar, alias \u201cFito\u201d, fue el cabecilla de los Choneros, uno de los grupos criminales m\u00e1s importantes de Ecuador. Tras fugarse de prisi\u00f3n en 2024, fue recapturado un a\u00f1o m\u00e1s tarde y extraditado a Estados Unidos.","rel":"","context":"En \u00abEcuador\u00bb","block_context":{"text":"Ecuador","link":"https:\/\/insightcrime.org\/es\/category\/noticias-crimen-organizado-ecuador\/"},"img":{"alt_text":"Jos\u00e9 Adolfo Mac\u00edas Villamar, alias \u201cFito\u201d","src":"https:\/\/i0.wp.com\/insightcrime.org\/wp-content\/uploads\/2026\/06\/Perfil-Criminal-Alias-Fito.jpg?fit=1200%2C900&quality=100&ssl=1&resize=350%2C200","width":350,"height":200,"srcset":"https:\/\/i0.wp.com\/insightcrime.org\/wp-content\/uploads\/2026\/06\/Perfil-Criminal-Alias-Fito.jpg?fit=1200%2C900&quality=100&ssl=1&resize=350%2C200 1x, https:\/\/i0.wp.com\/insightcrime.org\/wp-content\/uploads\/2026\/06\/Perfil-Criminal-Alias-Fito.jpg?fit=1200%2C900&quality=100&ssl=1&resize=525%2C300 1.5x, https:\/\/i0.wp.com\/insightcrime.org\/wp-content\/uploads\/2026\/06\/Perfil-Criminal-Alias-Fito.jpg?fit=1200%2C900&quality=100&ssl=1&resize=700%2C400 2x, https:\/\/i0.wp.com\/insightcrime.org\/wp-content\/uploads\/2026\/06\/Perfil-Criminal-Alias-Fito.jpg?fit=1200%2C900&quality=100&ssl=1&resize=1050%2C600 3x"},"classes":[]},{"id":264935,"url":"https:\/\/insightcrime.org\/es\/noticias\/explosiva-guerra-ecuador-contra-crimen-carece-estrategia-salida\/","url_meta":{"origin":316573,"position":2},"title":"La explosiva guerra de Ecuador contra el crimen carece de estrategia de salida","author":"Anastasia Austin","date":"9 de enero de 2024","format":false,"excerpt":"Las pandillas de Ecuador desataron una ola de violencia en respuesta a los esfuerzos del nuevo gobierno por frenar la criminalidad, pero la r\u00e1pida militarizaci\u00f3n del conflicto por parte de las autoridades carece de una estrategia de salida.\u00a0","rel":"","context":"En \u00abNoticias\u00bb","block_context":{"text":"Noticias","link":"https:\/\/insightcrime.org\/es\/category\/noticias\/"},"img":{"alt_text":"Una fila de soldados ecuatorianos.","src":"https:\/\/i0.wp.com\/insightcrime.org\/wp-content\/uploads\/2023\/08\/Ecuador-soldiers-internal-conflict-gangs-Reuters.png?fit=350%2C250&quality=100&ssl=1&resize=350%2C200","width":350,"height":200},"classes":[]},{"id":306808,"url":"https:\/\/insightcrime.org\/es\/noticias\/fito-acusado-narcotrafico-trafico-armas-estados-unidos\/","url_meta":{"origin":316573,"position":3},"title":"Estados Unidos acusa a alias \u201cFito\u201d por tr\u00e1fico de drogas y armas","author":"Liza Schmidt","date":"4 de abril de 2025","format":false,"excerpt":"Una acusaci\u00f3n de Estados Unidos contra una figura criminal en Ecuador env\u00eda una se\u00f1al de respaldo a las autoridades ecuatorianas y sugiere que el acusado contin\u00faa operando desde las sombras.","rel":"","context":"En \u00abNoticias\u00bb","block_context":{"text":"Noticias","link":"https:\/\/insightcrime.org\/es\/category\/noticias\/"},"img":{"alt_text":"Jose Adolfo Macias Villamar, alias \"Fito\"","src":"https:\/\/i0.wp.com\/insightcrime.org\/wp-content\/uploads\/2025\/04\/criminal-fito-indictment-usa-security-policy-el-pais.jpg?fit=350%2C250&quality=100&ssl=1&resize=350%2C200","width":350,"height":200},"classes":[]},{"id":312934,"url":"https:\/\/insightcrime.org\/es\/noticias\/ecuador-captura-lider-choneros-fito-guerra-bandas-criminales-continua\/","url_meta":{"origin":316573,"position":4},"title":"La ca\u00edda de &#8216;Fito&#8217;: lo que significa \u2014y lo que no\u2014 para el mundo criminal de Ecuador","author":"Gavin Voss","date":"26 de junio de 2025","format":false,"excerpt":"Las fuerzas de seguridad de Ecuador capturaron al l\u00edder criminal m\u00e1s notorio del pa\u00eds en una victoria crucial \u2014aunque en gran medida simb\u00f3lica\u2014 en su \u201cguerra contra las bandas\u201d. La noche del 25 de junio, una operaci\u00f3n llev\u00f3 a la captura de Adolfo Mac\u00edas Villamar, alias \u201cFito\u201d, l\u00edder de los\u2026","rel":"","context":"En \u00abAudio\u00bb","block_context":{"text":"Audio","link":"https:\/\/insightcrime.org\/es\/category\/audio-es\/"},"img":{"alt_text":"","src":"https:\/\/i0.wp.com\/insightcrime.org\/wp-content\/uploads\/2025\/06\/Fito-Edit.jpg?fit=1200%2C690&quality=100&ssl=1&resize=350%2C200","width":350,"height":200,"srcset":"https:\/\/i0.wp.com\/insightcrime.org\/wp-content\/uploads\/2025\/06\/Fito-Edit.jpg?fit=1200%2C690&quality=100&ssl=1&resize=350%2C200 1x, https:\/\/i0.wp.com\/insightcrime.org\/wp-content\/uploads\/2025\/06\/Fito-Edit.jpg?fit=1200%2C690&quality=100&ssl=1&resize=525%2C300 1.5x, https:\/\/i0.wp.com\/insightcrime.org\/wp-content\/uploads\/2025\/06\/Fito-Edit.jpg?fit=1200%2C690&quality=100&ssl=1&resize=700%2C400 2x, https:\/\/i0.wp.com\/insightcrime.org\/wp-content\/uploads\/2025\/06\/Fito-Edit.jpg?fit=1200%2C690&quality=100&ssl=1&resize=1050%2C600 3x"},"classes":[]},{"id":296988,"url":"https:\/\/insightcrime.org\/es\/investigaciones\/revolucion-rasquina-como-choneros-tomaron-prisiones-ecuador\/","url_meta":{"origin":316573,"position":5},"title":"La revoluci\u00f3n de Rasqui\u00f1a: c\u00f3mo Los Choneros tomaron las prisiones de Ecuador","author":"James Bargent","date":"28 de noviembre de 2024","format":false,"excerpt":"Rasqui\u00f1a naci\u00f3 en Manta, una ciudad portuaria de la provincia central de Manab\u00ed. All\u00ed, de joven, conoci\u00f3 a dos personas que cambiar\u00edan la trayectoria de su vida: Jorge Bismarck V\u00e9liz Espa\u00f1a, alias \u201cTeniente Espa\u00f1a\u201d, un prometedor criminal de la cercana ciudad de Chone, y Jos\u00e9 Adolfo Mac\u00edas Villamar, alias \u201cFito\u201d,\u2026","rel":"","context":"En \u00abInvestigaciones\u00bb","block_context":{"text":"Investigaciones","link":"https:\/\/insightcrime.org\/es\/category\/investigaciones\/"},"img":{"alt_text":"","src":"https:\/\/i0.wp.com\/insightcrime.org\/wp-content\/uploads\/2024\/11\/Ecuador-Prisons-Cover-Caso-de-Estudio-1-InSight-Crime-Nov-2024.jpg?fit=1200%2C690&quality=100&ssl=1&resize=350%2C200","width":350,"height":200,"srcset":"https:\/\/i0.wp.com\/insightcrime.org\/wp-content\/uploads\/2024\/11\/Ecuador-Prisons-Cover-Caso-de-Estudio-1-InSight-Crime-Nov-2024.jpg?fit=1200%2C690&quality=100&ssl=1&resize=350%2C200 1x, https:\/\/i0.wp.com\/insightcrime.org\/wp-content\/uploads\/2024\/11\/Ecuador-Prisons-Cover-Caso-de-Estudio-1-InSight-Crime-Nov-2024.jpg?fit=1200%2C690&quality=100&ssl=1&resize=525%2C300 1.5x, https:\/\/i0.wp.com\/insightcrime.org\/wp-content\/uploads\/2024\/11\/Ecuador-Prisons-Cover-Caso-de-Estudio-1-InSight-Crime-Nov-2024.jpg?fit=1200%2C690&quality=100&ssl=1&resize=700%2C400 2x, https:\/\/i0.wp.com\/insightcrime.org\/wp-content\/uploads\/2024\/11\/Ecuador-Prisons-Cover-Caso-de-Estudio-1-InSight-Crime-Nov-2024.jpg?fit=1200%2C690&quality=100&ssl=1&resize=1050%2C600 3x"},"classes":[]}],"jetpack_featured_media_url":"https:\/\/i0.wp.com\/insightcrime.org\/wp-content\/uploads\/2025\/08\/Cover-1FitoESP-Summer-InSights-2025.jpg?fit=1280%2C736&quality=100&ssl=1","_links":{"self":[{"href":"https:\/\/insightcrime.org\/es\/wp-json\/wp\/v2\/posts\/316573","targetHints":{"allow":["GET"]}}],"collection":[{"href":"https:\/\/insightcrime.org\/es\/wp-json\/wp\/v2\/posts"}],"about":[{"href":"https:\/\/insightcrime.org\/es\/wp-json\/wp\/v2\/types\/post"}],"author":[{"embeddable":true,"href":"https:\/\/insightcrime.org\/es\/wp-json\/wp\/v2\/users\/188"}],"replies":[{"embeddable":true,"href":"https:\/\/insightcrime.org\/es\/wp-json\/wp\/v2\/comments?post=316573"}],"version-history":[{"count":22,"href":"https:\/\/insightcrime.org\/es\/wp-json\/wp\/v2\/posts\/316573\/revisions"}],"predecessor-version":[{"id":318451,"href":"https:\/\/insightcrime.org\/es\/wp-json\/wp\/v2\/posts\/316573\/revisions\/318451"}],"wp:featuredmedia":[{"embeddable":true,"href":"https:\/\/insightcrime.org\/es\/wp-json\/wp\/v2\/media\/318449"}],"wp:attachment":[{"href":"https:\/\/insightcrime.org\/es\/wp-json\/wp\/v2\/media?parent=316573"}],"wp:term":[{"taxonomy":"category","embeddable":true,"href":"https:\/\/insightcrime.org\/es\/wp-json\/wp\/v2\/categories?post=316573"},{"taxonomy":"post_tag","embeddable":true,"href":"https:\/\/insightcrime.org\/es\/wp-json\/wp\/v2\/tags?post=316573"},{"taxonomy":"newspack_spnsrs_tax","embeddable":true,"href":"https:\/\/insightcrime.org\/es\/wp-json\/wp\/v2\/newspack_spnsrs_tax?post=316573"},{"taxonomy":"author","embeddable":true,"href":"https:\/\/insightcrime.org\/es\/wp-json\/wp\/v2\/coauthors?post=316573"}],"curies":[{"name":"wp","href":"https:\/\/api.w.org\/{rel}","templated":true}]}}