{"id":319466,"date":"2025-09-05T12:08:53","date_gmt":"2025-09-05T17:08:53","guid":{"rendered":"https:\/\/insightcrime.org\/?p=319466"},"modified":"2025-10-07T15:24:45","modified_gmt":"2025-10-07T20:24:45","slug":"on-the-radar-tren-de-aragua-no-es-grupo-trafico-internacional-drogas","status":"publish","type":"post","link":"https:\/\/insightcrime.org\/es\/news\/on-the-radar-tren-de-aragua-no-es-grupo-trafico-internacional-drogas\/","title":{"rendered":"On the Radar: Los mitos de EE. UU. sobre el Tren de Aragua"},"content":{"rendered":"\n<div class=\"wp-block-columns is-layout-flex wp-container-core-columns-is-layout-8f761849 wp-block-columns-is-layout-flex\">\n<div class=\"wp-block-column is-layout-flow wp-block-column-is-layout-flow\" style=\"flex-basis:25%\"><\/div>\n\n\n\n<div class=\"wp-block-column is-layout-flow wp-block-column-is-layout-flow\" style=\"flex-basis:50%\">\n<figure class=\"wp-block-embed is-type-video is-provider-youtube wp-block-embed-youtube wp-embed-aspect-9-16 wp-has-aspect-ratio\"><div class=\"wp-block-embed__wrapper\">\n<iframe loading=\"lazy\" title=\"On the Radar: El Tren de Aragua no es un grupo de tr\u00e1fico internacional de drogas\" width=\"422\" height=\"750\" src=\"https:\/\/www.youtube.com\/embed\/pDp84pbd9co?feature=oembed\" frameborder=\"0\" allow=\"accelerometer; autoplay; clipboard-write; encrypted-media; gyroscope; picture-in-picture; web-share\" referrerpolicy=\"strict-origin-when-cross-origin\" allowfullscreen><\/iframe>\n<\/div><\/figure>\n<\/div>\n\n\n\n<div class=\"wp-block-column is-layout-flow wp-block-column-is-layout-flow\" style=\"flex-basis:25%\"><\/div>\n<\/div>\n\n\n\n<p class=\"wp-block-paragraph\">Esta semana, analizamos el preocupante <a href=\"https:\/\/insightcrime.org\/es\/noticias\/video-ee-uu-acaba-bombardear-barco-narco-terrorista\/\" target=\"_blank\" rel=\"noreferrer noopener\">ataque a\u00e9reo de EE. UU.<\/a> a un \u201cpresunto\u201d barco de narcotraficantes en el Caribe sur, <a href=\"https:\/\/insightcrime.org\/es\/noticias\/5-cosas-que-hay-saber-sobre-ataque-aereo-de-trump-en-caribe\/\" target=\"_blank\" rel=\"noreferrer noopener\">comparando los hechos<\/a> con la narrativa de la administraci\u00f3n Trump.<\/p>\n\n\n\n<p class=\"wp-block-paragraph\">Tambi\u00e9n abordamos el impacto de que uno de los exabogados de \u201cEl Chapo\u201d haya asumido recientemente como juez en M\u00e9xico, y profundizamos en el futuro del conflicto criminal entre Guyana y Venezuela, tras un ataque armado en la frontera entre ambos pa\u00edses.<\/p>\n\n\n\t<div\n\t\tclass=\"wp-block-newspack-blocks-homepage-articles is-style-borders wpnbha is-grid columns-3 colgap-2 ts-3 is-style-borders\"\n\t\tstyle=\"\"\n\t\t>\n\t\t<div data-posts data-current-post-id=\"319466\">\n\t\t\t\t\t\t\t<h2 class=\"article-section-title\">\n\t\t\t\t\t<span>Lea m\u00e1s<\/span>\n\t\t\t\t<\/h2>\n\t\t\t\t\t\t\n\t<article data-post-id=\"317494\"\n\t\tclass=\"tag-usa tag-criminal-migration tag-migration-and-organized-crime tag-tren-de-aragua tag-venezuela category-investigations type-page post-has-image\"\n\t\t\t\t>\n\t\t\t\t\n\t\t<div class=\"entry-wrapper\">\n\t\t\t\t\t\t<h3 class=\"entry-title\"><a href=\"https:\/\/insightcrime.org\/es\/investigaciones\/tren-de-aragua-entre-realidad-ficcion\/\" rel=\"bookmark\">Tren de Aragua, entre la realidad y la ficci\u00f3n<\/a><\/h3>\t\t\t\t\t\t\t\t\t\t<div class=\"entry-meta\">\n\t\t\t\t\t<time class=\"entry-date published\" datetime=\"2025-08-17T21:53:04-05:00\">17 de agosto de 2025<\/time><time class=\"updated\" datetime=\"2025-08-19T10:17:37-05:00\">19 de agosto de 2025<\/time>\t\t\t\t<\/div><!-- .entry-meta -->\n\t\t\t\t\t\t\t\t<\/div><!-- .entry-wrapper -->\n\t<\/article>\n\n\t\t\n\t<article data-post-id=\"4866\"\n\t\tclass=\"tag-cartel-de-sinaloa tag-el-chapo-guzman tag-personajes-de-mexico category-noticias-crimen-organizado-mexico type-post post-has-image\"\n\t\t\t\t>\n\t\t\t\t\n\t\t<div class=\"entry-wrapper\">\n\t\t\t\t\t\t<h3 class=\"entry-title\"><a href=\"https:\/\/insightcrime.org\/es\/noticias-crimen-organizado-mexico\/el-chapo\/\" rel=\"bookmark\">Joaqu\u00edn Guzm\u00e1n Loera, alias &#8216;El Chapo&#8217;<\/a><\/h3>\t\t\t\t\t\t\t\t\t\t<div class=\"entry-meta\">\n\t\t\t\t\t<time class=\"entry-date published\" datetime=\"2019-03-29T00:00:00-05:00\">29 de marzo de 2019<\/time><time class=\"updated\" datetime=\"2026-08-12T04:22:58-05:00\">12 de agosto de 2026<\/time>\t\t\t\t<\/div><!-- .entry-meta -->\n\t\t\t\t\t\t\t\t<\/div><!-- .entry-wrapper -->\n\t<\/article>\n\n\t\t\n\t<article data-post-id=\"311645\"\n\t\tclass=\"tag-cocaina tag-cocaina tag-elites-y-crimen-organizado tag-guyana-pais tag-maduro-es tag-mineria tag-oro tag-trata-de-personas tag-venezuela-pais category-investigaciones type-page post-has-image\"\n\t\t\t\t>\n\t\t\t\t\n\t\t<div class=\"entry-wrapper\">\n\t\t\t\t\t\t<h3 class=\"entry-title\"><a href=\"https:\/\/insightcrime.org\/es\/investigaciones\/venezuela-utilizando-criminales-provocar-guyana\/\" rel=\"bookmark\">\u00bfEst\u00e1 Venezuela utilizando a criminales para provocar a Guyana?<\/a><\/h3>\t\t\t\t\t\t\t\t\t\t<div class=\"entry-meta\">\n\t\t\t\t\t<time class=\"entry-date published\" datetime=\"2025-06-03T08:58:28-05:00\">3 de junio de 2025<\/time><time class=\"updated\" datetime=\"2026-01-05T11:26:15-05:00\">5 de enero de 2026<\/time>\t\t\t\t<\/div><!-- .entry-meta -->\n\t\t\t\t\t\t\t\t<\/div><!-- .entry-wrapper -->\n\t<\/article>\n\n\t\t\n\t<article data-post-id=\"316606\"\n\t\tclass=\"tag-series-insights-del-verano tag-tren-de-aragua-es tag-venezuela-pais category-noticias category-series-anuales type-post post-has-image\"\n\t\t\t\t>\n\t\t\t\t\n\t\t<div class=\"entry-wrapper\">\n\t\t\t\t\t\t<h3 class=\"entry-title\"><a href=\"https:\/\/insightcrime.org\/es\/noticias\/series-anuales\/insights-del-verano-2025-nino-guerrero-lider-carcelario-llevo-tren-aragua-ambito-transnacional\/\" rel=\"bookmark\">Ni\u00f1o Guerrero: el l\u00edder carcelario que llev\u00f3 al Tren de Aragua al \u00e1mbito transnacional<\/a><\/h3>\t\t\t\t\t\t\t\t\t\t<div class=\"entry-meta\">\n\t\t\t\t\t<time class=\"entry-date published\" datetime=\"2025-08-14T11:54:02-05:00\">14 de agosto de 2025<\/time><time class=\"updated\" datetime=\"2025-10-01T15:37:39-05:00\">1 de octubre de 2025<\/time>\t\t\t\t<\/div><!-- .entry-meta -->\n\t\t\t\t\t\t\t\t<\/div><!-- .entry-wrapper -->\n\t<\/article>\n\n\t\t\n\t<article data-post-id=\"311335\"\n\t\tclass=\"tag-derechos-humanos tag-elites-y-crimen-organizado tag-mexico-pais tag-reforma-judicial category-noticias type-post post-has-image\"\n\t\t\t\t>\n\t\t\t\t\n\t\t<div class=\"entry-wrapper\">\n\t\t\t\t\t\t<h3 class=\"entry-title\"><a href=\"https:\/\/insightcrime.org\/es\/noticias\/elecciones-judiciales-agravaran-las-dificultades-para-combatir-el-crimen-organizado-en-mexico\/\" rel=\"bookmark\">\u00bfEmpeorar\u00e1n las elecciones judiciales en M\u00e9xico una situaci\u00f3n ya complicada?<\/a><\/h3>\t\t\t\t\t\t\t\t\t\t<div class=\"entry-meta\">\n\t\t\t\t\t<time class=\"entry-date published\" datetime=\"2025-05-30T10:09:09-05:00\">30 de mayo de 2025<\/time><time class=\"updated\" datetime=\"2025-05-30T10:09:47-05:00\">30 de mayo de 2025<\/time>\t\t\t\t<\/div><!-- .entry-meta -->\n\t\t\t\t\t\t\t\t<\/div><!-- .entry-wrapper -->\n\t<\/article>\n\n\t\t\n\t<article data-post-id=\"277993\"\n\t\tclass=\"tag-guyana-pais category-noticias-crimen-organizado-guyana type-post post-has-image\"\n\t\t\t\t>\n\t\t\t\t\n\t\t<div class=\"entry-wrapper\">\n\t\t\t\t\t\t<h3 class=\"entry-title\"><a href=\"https:\/\/insightcrime.org\/es\/noticias-crimen-organizado-guyana\/perfil-guyana\/\" rel=\"bookmark\">Perfil de Guyana<\/a><\/h3>\t\t\t\t\t\t\t\t\t\t<div class=\"entry-meta\">\n\t\t\t\t\t<time class=\"entry-date published\" datetime=\"2024-06-10T12:19:13-05:00\">10 de junio de 2024<\/time><time class=\"updated\" datetime=\"2024-06-10T12:19:16-05:00\">10 de junio de 2024<\/time>\t\t\t\t<\/div><!-- .entry-meta -->\n\t\t\t\t\t\t\t\t<\/div><!-- .entry-wrapper -->\n\t<\/article>\n\n\t\t\t\t<\/div>\n\t\t\n\t<\/div>\n\t","protected":false},"excerpt":{"rendered":"<p>En esta edici\u00f3n semanal, analizamos el preocupante ataque a\u00e9reo de EE. UU. a una \u201cpresunta\u201d embarcaci\u00f3n de drogas en el Caribe sur, el significado de la asunci\u00f3n de la exabogada de \u201cEl Chapo\u201d como jueza en M\u00e9xico, y las perspectivas sobre el futuro del conflicto criminal entre Guyana y Venezuela. <\/p>\n","protected":false},"author":296,"featured_media":321594,"comment_status":"closed","ping_status":"closed","sticky":false,"template":"single-feature.php","format":"standard","meta":{"newspack_ads_suppress_ads":false,"newspack_popups_has_disabled_popups":false,"newspack_sponsor_sponsorship_scope":"","newspack_sponsor_native_byline_display":"inherit","newspack_sponsor_native_category_display":"inherit","newspack_sponsor_underwriter_style":"inherit","newspack_sponsor_underwriter_placement":"inherit","_EventAllDay":false,"_EventTimezone":"","_EventStartDate":"","_EventEndDate":"","_EventStartDateUTC":"","_EventEndDateUTC":"","_EventShowMap":false,"_EventShowMapLink":false,"_EventURL":"","_EventCost":"","_EventCostDescription":"","_EventCurrencySymbol":"","_EventCurrencyCode":"","_EventCurrencyPosition":"","_EventDateTimeSeparator":"","_EventTimeRangeSeparator":"","_EventOrganizerID":[],"_EventVenueID":[],"_OrganizerEmail":"","_OrganizerPhone":"","_OrganizerWebsite":"","_VenueAddress":"","_VenueCity":"","_VenueCountry":"","_VenueProvince":"","_VenueState":"","_VenueZip":"","_VenuePhone":"","_VenueURL":"","_VenueStateProvince":"","_VenueLat":"","_VenueLng":"","_VenueShowMap":false,"_VenueShowMapLink":false,"_newspack_byline_active":false,"_newspack_byline":"","newspack_hide_updated_date":false,"newspack_show_updated_date":false,"newspack_featured_image_position":"above","newspack_post_subtitle":"","newspack_article_summary_title":"Overview:","newspack_article_summary":"","_jetpack_memberships_contains_paid_content":false,"footnotes":""},"categories":[741],"tags":[1539,3394,1546,406,4657,438,454,3508,400,4645],"newspack_spnsrs_tax":[],"coauthors":[4539],"class_list":["post-319466","post","type-post","status-publish","format-standard","has-post-thumbnail","hentry","category-news","tag-el-mayo-es","tag-estados-unidos","tag-guyana-pais","tag-mexico-pais","tag-on-the-radar-es","tag-politicas-de-seguridad","tag-reforma-judicial","tag-tren-de-aragua-es","tag-venezuela-pais","tag-video-es","entry"],"parsely":{"version":"1.1.0","canonical_url":"https:\/\/insightcrime.org\/es\/news\/on-the-radar-tren-de-aragua-no-es-grupo-trafico-internacional-drogas\/","smart_links":{"inbound":0,"outbound":0},"traffic_boost_suggestions_count":0,"meta":{"@context":"https:\/\/schema.org","@type":"NewsArticle","headline":"On the Radar: Los mitos de EE. UU. sobre el Tren de Aragua","url":"http:\/\/insightcrime.org\/es\/news\/on-the-radar-tren-de-aragua-no-es-grupo-trafico-internacional-drogas\/","mainEntityOfPage":{"@type":"WebPage","@id":"http:\/\/insightcrime.org\/es\/news\/on-the-radar-tren-de-aragua-no-es-grupo-trafico-internacional-drogas\/"},"thumbnailUrl":"https:\/\/i0.wp.com\/insightcrime.org\/wp-content\/uploads\/2025\/08\/25-09-04.png?resize=150%2C150&quality=100&ssl=1","image":{"@type":"ImageObject","url":"https:\/\/i0.wp.com\/insightcrime.org\/wp-content\/uploads\/2025\/08\/25-09-04.png?fit=1336%2C752&quality=100&ssl=1"},"articleSection":"News","author":[{"@type":"Person","name":"Deborah Bonello"}],"creator":["Deborah Bonello"],"publisher":{"@type":"Organization","name":"InSight Crime","logo":"https:\/\/insightcrime.org\/wp-content\/uploads\/2023\/08\/logo.png"},"keywords":["el mayo","estados unidos","guyana","m\u00e9xico","on the radar","pol\u00edticas de seguridad","reforma judicial","tren de aragua","venezuela","video"],"dateCreated":"2025-09-05T17:08:53Z","datePublished":"2025-09-05T17:08:53Z","dateModified":"2025-10-07T20:24:45Z"},"rendered":"<meta name=\"parsely-title\" content=\"On the Radar: Los mitos de EE. UU. sobre el Tren de Aragua\" \/>\n<meta name=\"parsely-link\" content=\"http:\/\/insightcrime.org\/es\/news\/on-the-radar-tren-de-aragua-no-es-grupo-trafico-internacional-drogas\/\" \/>\n<meta name=\"parsely-type\" content=\"post\" \/>\n<meta name=\"parsely-image-url\" content=\"https:\/\/i0.wp.com\/insightcrime.org\/wp-content\/uploads\/2025\/08\/25-09-04.png?resize=150%2C150&amp;quality=100&amp;ssl=1\" \/>\n<meta name=\"parsely-pub-date\" content=\"2025-09-05T17:08:53Z\" \/>\n<meta name=\"parsely-section\" content=\"News\" \/>\n<meta name=\"parsely-tags\" content=\"el mayo,estados unidos,guyana,m\u00e9xico,on the radar,pol\u00edticas de seguridad,reforma judicial,tren de aragua,venezuela,video\" \/>\n<meta name=\"parsely-author\" content=\"Deborah Bonello\" \/>","tracker_url":"https:\/\/cdn.parsely.com\/keys\/insightcrime.org\/p.js"},"jetpack_sharing_enabled":true,"jetpack-related-posts":[{"id":319308,"url":"https:\/\/insightcrime.org\/es\/noticias\/5-cosas-que-hay-saber-sobre-ataque-aereo-de-trump-en-caribe\/","url_meta":{"origin":319466,"position":0},"title":"5 cosas que hay que saber sobre el ataque a\u00e9reo de Trump en el Caribe","author":"Mike LaSusa","date":"4 de septiembre de 2025","format":false,"excerpt":"Estados Unidos ha escalado significativamente su pol\u00edtica de tratar a los grupos de crimen organizado como terroristas con un ataque a\u00e9reo letal a un barco sospechoso de traficar drogas en el Caribe. La Casa Blanca ha proporcionado pocos detalles sobre el ataque, lo que plantea varias preguntas estrat\u00e9gicas y operativas.","rel":"","context":"En \u00abAudio\u00bb","block_context":{"text":"Audio","link":"https:\/\/insightcrime.org\/es\/category\/audio-es\/"},"img":{"alt_text":"","src":"https:\/\/i0.wp.com\/insightcrime.org\/wp-content\/uploads\/2025\/09\/intento1.jpeg?fit=1200%2C661&quality=100&ssl=1&resize=350%2C200","width":350,"height":200,"srcset":"https:\/\/i0.wp.com\/insightcrime.org\/wp-content\/uploads\/2025\/09\/intento1.jpeg?fit=1200%2C661&quality=100&ssl=1&resize=350%2C200 1x, https:\/\/i0.wp.com\/insightcrime.org\/wp-content\/uploads\/2025\/09\/intento1.jpeg?fit=1200%2C661&quality=100&ssl=1&resize=525%2C300 1.5x, https:\/\/i0.wp.com\/insightcrime.org\/wp-content\/uploads\/2025\/09\/intento1.jpeg?fit=1200%2C661&quality=100&ssl=1&resize=700%2C400 2x, https:\/\/i0.wp.com\/insightcrime.org\/wp-content\/uploads\/2025\/09\/intento1.jpeg?fit=1200%2C661&quality=100&ssl=1&resize=1050%2C600 3x"},"classes":[]},{"id":319717,"url":"https:\/\/insightcrime.org\/es\/noticias\/los-carteles-de-venezuela-y-el-ataque-con-misiles-de-ee-uu-en-contexto\/","url_meta":{"origin":319466,"position":1},"title":"Los \u2018Carteles\u2019 de Venezuela y el ataque con misiles de EE. UU., en contexto","author":"Jeremy McDermott","date":"10 de septiembre de 2025","format":false,"excerpt":"El ataque a una lancha r\u00e1pida frente a la costa de Venezuela el 2 de septiembre marc\u00f3 un cambio radical en la guerra contra las drogas de EE. UU. en Suram\u00e9rica. Pero \u00bfqui\u00e9nes son los actores involucrados y cu\u00e1l ser\u00e1 el impacto?","rel":"","context":"En \u00abNoticias\u00bb","block_context":{"text":"Noticias","link":"https:\/\/insightcrime.org\/es\/category\/noticias\/"},"img":{"alt_text":"","src":"https:\/\/i0.wp.com\/insightcrime.org\/wp-content\/uploads\/2025\/09\/ESP-1.png?fit=1200%2C680&quality=100&ssl=1&resize=350%2C200","width":350,"height":200,"srcset":"https:\/\/i0.wp.com\/insightcrime.org\/wp-content\/uploads\/2025\/09\/ESP-1.png?fit=1200%2C680&quality=100&ssl=1&resize=350%2C200 1x, https:\/\/i0.wp.com\/insightcrime.org\/wp-content\/uploads\/2025\/09\/ESP-1.png?fit=1200%2C680&quality=100&ssl=1&resize=525%2C300 1.5x, https:\/\/i0.wp.com\/insightcrime.org\/wp-content\/uploads\/2025\/09\/ESP-1.png?fit=1200%2C680&quality=100&ssl=1&resize=700%2C400 2x, https:\/\/i0.wp.com\/insightcrime.org\/wp-content\/uploads\/2025\/09\/ESP-1.png?fit=1200%2C680&quality=100&ssl=1&resize=1050%2C600 3x"},"classes":[]},{"id":348100,"url":"https:\/\/insightcrime.org\/es\/noticias\/on-the-radar-dea-admite-ataques-aereos-no-frenan-flujo-cocaina\/","url_meta":{"origin":319466,"position":2},"title":"On the Radar: DEA admite que ataques a\u00e9reos no frenan el flujo de coca\u00edna","author":"Liza Schmidt","date":"30 de julio de 2026","format":false,"excerpt":"Analizamos los informes de la DEA sobre los ataques a\u00e9reos de Estados Unidos, el nuevo l\u00edder sancionado del CJNG y las promesas de mano dura de la nueva presidenta de Per\u00fa.","rel":"","context":"En \u00abNoticias\u00bb","block_context":{"text":"Noticias","link":"https:\/\/insightcrime.org\/es\/category\/noticias\/"},"img":{"alt_text":"","src":"https:\/\/i0.wp.com\/insightcrime.org\/wp-content\/uploads\/2026\/07\/30-julio-OTR-.png?fit=1200%2C675&quality=100&ssl=1&resize=350%2C200","width":350,"height":200,"srcset":"https:\/\/i0.wp.com\/insightcrime.org\/wp-content\/uploads\/2026\/07\/30-julio-OTR-.png?fit=1200%2C675&quality=100&ssl=1&resize=350%2C200 1x, https:\/\/i0.wp.com\/insightcrime.org\/wp-content\/uploads\/2026\/07\/30-julio-OTR-.png?fit=1200%2C675&quality=100&ssl=1&resize=525%2C300 1.5x, https:\/\/i0.wp.com\/insightcrime.org\/wp-content\/uploads\/2026\/07\/30-julio-OTR-.png?fit=1200%2C675&quality=100&ssl=1&resize=700%2C400 2x, https:\/\/i0.wp.com\/insightcrime.org\/wp-content\/uploads\/2026\/07\/30-julio-OTR-.png?fit=1200%2C675&quality=100&ssl=1&resize=1050%2C600 3x"},"classes":[]},{"id":319879,"url":"https:\/\/insightcrime.org\/es\/noticias\/on-the-radar-la-represion-del-crimen-se-extiende-por-america-latina\/","url_meta":{"origin":319466,"position":3},"title":"On the Radar: La represi\u00f3n del crimen se extiende por Am\u00e9rica Latina","author":"Deborah Bonello","date":"11 de septiembre de 2025","format":false,"excerpt":"Esta semana analizamos la naturaleza del Cartel de los Soles en Venezuela, el Tren de Aragua y las operaciones militares de Estados Unidos en el Caribe; evaluamos si la ofensiva contra los Comandos de la Frontera en la frontera de Ecuador frenar\u00e1 el lavado de dinero; y reflexionamos sobre el\u2026","rel":"","context":"En \u00abNoticias\u00bb","block_context":{"text":"Noticias","link":"https:\/\/insightcrime.org\/es\/category\/noticias\/"},"img":{"alt_text":"","src":"https:\/\/i0.wp.com\/insightcrime.org\/wp-content\/uploads\/2025\/08\/25-09-11.png?fit=1200%2C675&quality=100&ssl=1&resize=350%2C200","width":350,"height":200,"srcset":"https:\/\/i0.wp.com\/insightcrime.org\/wp-content\/uploads\/2025\/08\/25-09-11.png?fit=1200%2C675&quality=100&ssl=1&resize=350%2C200 1x, https:\/\/i0.wp.com\/insightcrime.org\/wp-content\/uploads\/2025\/08\/25-09-11.png?fit=1200%2C675&quality=100&ssl=1&resize=525%2C300 1.5x, https:\/\/i0.wp.com\/insightcrime.org\/wp-content\/uploads\/2025\/08\/25-09-11.png?fit=1200%2C675&quality=100&ssl=1&resize=700%2C400 2x, https:\/\/i0.wp.com\/insightcrime.org\/wp-content\/uploads\/2025\/08\/25-09-11.png?fit=1200%2C675&quality=100&ssl=1&resize=1050%2C600 3x"},"classes":[]},{"id":340473,"url":"https:\/\/insightcrime.org\/es\/noticias\/on-the-radar-capos-disidencias-y-bombardeos-en-america-latina\/","url_meta":{"origin":319466,"position":4},"title":"On the Radar: Capos, disidencias y bombardeos en Am\u00e9rica Latina","author":"InSight Crime","date":"30 de abril de 2026","format":false,"excerpt":"Esta semana en On the Radar: la captura de \u201cEl Jardinero\u201d y lo que revela sobre el futuro de los grandes capos del narcotr\u00e1fico en M\u00e9xico, los ataques de las disidencias de las FARC en Colombia y la intensificaci\u00f3n de los bombardeos de Estados Unidos contra presuntas embarcaciones del tr\u00e1fico\u2026","rel":"","context":"En \u00abNoticias\u00bb","block_context":{"text":"Noticias","link":"https:\/\/insightcrime.org\/es\/category\/noticias\/"},"img":{"alt_text":"","src":"https:\/\/i0.wp.com\/insightcrime.org\/wp-content\/uploads\/2026\/04\/Abril-OTR-template-featured-image-website-2026.png?fit=1200%2C675&quality=100&ssl=1&resize=350%2C200","width":350,"height":200,"srcset":"https:\/\/i0.wp.com\/insightcrime.org\/wp-content\/uploads\/2026\/04\/Abril-OTR-template-featured-image-website-2026.png?fit=1200%2C675&quality=100&ssl=1&resize=350%2C200 1x, https:\/\/i0.wp.com\/insightcrime.org\/wp-content\/uploads\/2026\/04\/Abril-OTR-template-featured-image-website-2026.png?fit=1200%2C675&quality=100&ssl=1&resize=525%2C300 1.5x, https:\/\/i0.wp.com\/insightcrime.org\/wp-content\/uploads\/2026\/04\/Abril-OTR-template-featured-image-website-2026.png?fit=1200%2C675&quality=100&ssl=1&resize=700%2C400 2x, https:\/\/i0.wp.com\/insightcrime.org\/wp-content\/uploads\/2026\/04\/Abril-OTR-template-featured-image-website-2026.png?fit=1200%2C675&quality=100&ssl=1&resize=1050%2C600 3x"},"classes":[]},{"id":342893,"url":"https:\/\/insightcrime.org\/es\/news\/tensiones-entre-eeuu-mexico-masacres-honduras-ataques-contra-supuestas-embarcaciones-droga\/","url_meta":{"origin":319466,"position":5},"title":"On the Radar: Tensiones entre EE. UU. y M\u00e9xico, masacres en Honduras y ataques contra supuestas embarcaciones de droga","author":"Mar\u00eda Fernanda Ram\u00edrez","date":"28 de mayo de 2026","format":false,"excerpt":"\u00bfQu\u00e9 pas\u00f3 despu\u00e9s de que funcionarios mexicanos declararan sobre sus presuntos v\u00ednculos con el Cartel de Sinaloa? \u00bfQu\u00e9 hay detr\u00e1s del aumento de las masacres en Honduras? \u00bfEn qu\u00e9 estado se encuentra la campa\u00f1a de bombardeos de EE. UU. contra presuntas embarcaciones de droga? Lo analizamos en el On the\u2026","rel":"","context":"En \u00abNews\u00bb","block_context":{"text":"News","link":"https:\/\/insightcrime.org\/category\/news\/"},"img":{"alt_text":"Cartel Sinaloa Honduras Embarcaciones Pac\u00edfico","src":"https:\/\/i0.wp.com\/insightcrime.org\/wp-content\/uploads\/2026\/05\/Mayo-OTR-template-featured-image-website-2026-3.jpg?fit=1200%2C675&quality=100&ssl=1&resize=350%2C200","width":350,"height":200,"srcset":"https:\/\/i0.wp.com\/insightcrime.org\/wp-content\/uploads\/2026\/05\/Mayo-OTR-template-featured-image-website-2026-3.jpg?fit=1200%2C675&quality=100&ssl=1&resize=350%2C200 1x, https:\/\/i0.wp.com\/insightcrime.org\/wp-content\/uploads\/2026\/05\/Mayo-OTR-template-featured-image-website-2026-3.jpg?fit=1200%2C675&quality=100&ssl=1&resize=525%2C300 1.5x, https:\/\/i0.wp.com\/insightcrime.org\/wp-content\/uploads\/2026\/05\/Mayo-OTR-template-featured-image-website-2026-3.jpg?fit=1200%2C675&quality=100&ssl=1&resize=700%2C400 2x, https:\/\/i0.wp.com\/insightcrime.org\/wp-content\/uploads\/2026\/05\/Mayo-OTR-template-featured-image-website-2026-3.jpg?fit=1200%2C675&quality=100&ssl=1&resize=1050%2C600 3x"},"classes":[]}],"jetpack_featured_media_url":"https:\/\/i0.wp.com\/insightcrime.org\/wp-content\/uploads\/2025\/08\/25-09-04.png?fit=1336%2C752&quality=100&ssl=1","_links":{"self":[{"href":"https:\/\/insightcrime.org\/es\/wp-json\/wp\/v2\/posts\/319466","targetHints":{"allow":["GET"]}}],"collection":[{"href":"https:\/\/insightcrime.org\/es\/wp-json\/wp\/v2\/posts"}],"about":[{"href":"https:\/\/insightcrime.org\/es\/wp-json\/wp\/v2\/types\/post"}],"author":[{"embeddable":true,"href":"https:\/\/insightcrime.org\/es\/wp-json\/wp\/v2\/users\/296"}],"replies":[{"embeddable":true,"href":"https:\/\/insightcrime.org\/es\/wp-json\/wp\/v2\/comments?post=319466"}],"version-history":[{"count":5,"href":"https:\/\/insightcrime.org\/es\/wp-json\/wp\/v2\/posts\/319466\/revisions"}],"predecessor-version":[{"id":319494,"href":"https:\/\/insightcrime.org\/es\/wp-json\/wp\/v2\/posts\/319466\/revisions\/319494"}],"wp:featuredmedia":[{"embeddable":true,"href":"https:\/\/insightcrime.org\/es\/wp-json\/wp\/v2\/media\/321594"}],"wp:attachment":[{"href":"https:\/\/insightcrime.org\/es\/wp-json\/wp\/v2\/media?parent=319466"}],"wp:term":[{"taxonomy":"category","embeddable":true,"href":"https:\/\/insightcrime.org\/es\/wp-json\/wp\/v2\/categories?post=319466"},{"taxonomy":"post_tag","embeddable":true,"href":"https:\/\/insightcrime.org\/es\/wp-json\/wp\/v2\/tags?post=319466"},{"taxonomy":"newspack_spnsrs_tax","embeddable":true,"href":"https:\/\/insightcrime.org\/es\/wp-json\/wp\/v2\/newspack_spnsrs_tax?post=319466"},{"taxonomy":"author","embeddable":true,"href":"https:\/\/insightcrime.org\/es\/wp-json\/wp\/v2\/coauthors?post=319466"}],"curies":[{"name":"wp","href":"https:\/\/api.w.org\/{rel}","templated":true}]}}