{"id":331365,"date":"2026-01-22T13:10:03","date_gmt":"2026-01-22T18:10:03","guid":{"rendered":"https:\/\/insightcrime.org\/?p=331365"},"modified":"2026-01-30T10:35:15","modified_gmt":"2026-01-30T15:35:15","slug":"mexico-responde-a-la-presion-de-ee-uu","status":"publish","type":"post","link":"https:\/\/insightcrime.org\/es\/news\/mexico-responde-a-la-presion-de-ee-uu\/","title":{"rendered":"M\u00e9xico responde a la presi\u00f3n de EE.UU."},"content":{"rendered":"\n<div class=\"wp-block-columns is-layout-flex wp-container-core-columns-is-layout-8f761849 wp-block-columns-is-layout-flex\">\n<div class=\"wp-block-column is-layout-flow wp-block-column-is-layout-flow\" style=\"flex-basis:25%\"><\/div>\n\n\n\n<div class=\"wp-block-column is-layout-flow wp-block-column-is-layout-flow\" style=\"flex-basis:50%\">\n<figure class=\"wp-block-embed is-type-video is-provider-youtube wp-block-embed-youtube wp-embed-aspect-9-16 wp-has-aspect-ratio\"><div class=\"wp-block-embed__wrapper\">\n<iframe loading=\"lazy\" title=\"On The Radar: M\u00e9xico responde a la presi\u00f3n de EE. UU.\" width=\"422\" height=\"750\" src=\"https:\/\/www.youtube.com\/embed\/piBi-Qc-I4I?feature=oembed\" frameborder=\"0\" allow=\"accelerometer; autoplay; clipboard-write; encrypted-media; gyroscope; picture-in-picture; web-share\" referrerpolicy=\"strict-origin-when-cross-origin\" allowfullscreen><\/iframe>\n<\/div><\/figure>\n<\/div>\n\n\n\n<div class=\"wp-block-column is-layout-flow wp-block-column-is-layout-flow\" style=\"flex-basis:25%\"><\/div>\n<\/div>\n\n\n\n<p class=\"wp-block-paragraph\">Represalias violentas de pandillas en Guatemala, un fallo simb\u00f3lico para la justicia de Colombia y la creciente presi\u00f3n de Estados Unidos sobre M\u00e9xico est\u00e1n en el centro de atenci\u00f3n esta semana. Conozca los \u00faltimos acontecimientos que est\u00e1n configurando el panorama de seguridad en la regi\u00f3n.<\/p>\n\n\n\n<details class=\"wp-block-details is-layout-flow wp-block-details-is-layout-flow\"><summary>Transcripci\u00f3n<\/summary>\n<p class=\"wp-block-paragraph\"><strong>Daniel Reyes: <\/strong>Esta semana en <em>On the Radar<\/em> analizamos la violencia carcelaria en Guatemala, un fallo simb\u00f3lico para la justicia de Colombia y la respuesta de M\u00e9xico a la creciente presi\u00f3n del gobierno de Estados Unidos.<\/p>\n\n\n\n<p class=\"wp-block-paragraph\">Las c\u00e1rceles de Guatemala se convirtieron en campos de batalla tras un ataque atribuido a reclusos del Barrio 18, que el 17 de enero tomaron como rehenes a 46 funcionarios penitenciarios en varias prisiones. <\/p>\n\n\n\n<p class=\"wp-block-paragraph\">Las autoridades recuperaron el control un d\u00eda despu\u00e9s, pero al menos siete polic\u00edas fueron asesinados y otros diez resultaron heridos en ataques como represalia en distintos puntos de la capital del pa\u00eds.<\/p>\n\n\n\n<p class=\"wp-block-paragraph\">El presidente de Guatemala, Bernardo Ar\u00e9valo, declar\u00f3 el estado de emergencia y acus\u00f3 a la fiscal general de proteger a los responsables de la violencia. Para Ar\u00e9valo se trata del cap\u00edtulo m\u00e1s reciente de una pugna dentro del gobierno que sigue socavando sus esfuerzos contra la corrupci\u00f3n y el crimen. <\/p>\n\n\n\n<p class=\"wp-block-paragraph\">En Colombia, Salvatore Mancuso, excomandante de las Autodefensas Unidas de Colombia, fue condenado a 40 a\u00f1os de prisi\u00f3n por m\u00e1s de un centenar de cr\u00edmenes cometidos contra las comunidades ind\u00edgenas entre 2002 y 2006. Pero la condena es puramente simb\u00f3lica. Mancuso, que fue designado previamente como gestor de paz, con la expectativa de que apoyar\u00e1 el proceso del gobierno con los grupos guerrilleros seguir\u00e1 en libertad, ya que cumpli\u00f3 15 a\u00f1os de prisi\u00f3n en Estados Unidos, m\u00e1s de lo que permite la justicia colombiana para los colaboradores.<\/p>\n\n\n\n<p class=\"wp-block-paragraph\"> Mancuso tambi\u00e9n continuar\u00e1 actuando como un gestor de paz, aunque es poco probable que la sentencia refuerce sus credenciales en ese rol. <\/p>\n\n\n\n<p class=\"wp-block-paragraph\">Finalmente, mientras el presidente Donald Trump intensificaba las exigencias a M\u00e9xico para que tomara medidas m\u00e1s duras contra las drogas y los carteles, la presidenta Claudia Sheinbaum traslad\u00f3 a otros 37 reclusos integrantes de grupos criminales a Estados Unidos. <\/p>\n\n\n\n<p class=\"wp-block-paragraph\">Esta es la tercera transferencia desde agosto, en un intento por apaciguar a Estados Unidos despu\u00e9s de que sus funcionarios calificaran los avances de M\u00e9xico como inaceptables con la remoci\u00f3n del presidente venezolano, Nicol\u00e1s Maduro a\u00fan fresca en la memoria de los l\u00edderes de la regi\u00f3n, Claudia Sheinbaum, dif\u00edcilmente pueda darse el lujo de ignorar las amenazas de Trump de enviar al ej\u00e9rcito estadounidense a M\u00e9xico para enfrentar a los carteles.<\/p>\n\n\n\n<p class=\"wp-block-paragraph\">Eso es todo por esta semana. No se pierdan nuestra serie especial sobre las guerras entre carteles en M\u00e9xico, los m\u00e1s recientes movimientos militares de Estados Unidos en la regi\u00f3n y nuestros perfiles criminales que abarcan a personajes y grupos criminales de Argentina a M\u00e9xico. Hasta la pr\u00f3xima.<\/p>\n<\/details>\n\n\n\t<div\n\t\tclass=\"wp-block-newspack-blocks-homepage-articles is-style-borders wpnbha is-grid columns-3 colgap-2 ts-3 is-style-borders\"\n\t\tstyle=\"\"\n\t\t>\n\t\t<div data-posts data-current-post-id=\"331365\">\n\t\t\t\t\t\t\t<h2 class=\"article-section-title\">\n\t\t\t\t\t<span>Lea m\u00e1s<\/span>\n\t\t\t\t<\/h2>\n\t\t\t\t\t\t\n\t<article data-post-id=\"325150\"\n\t\tclass=\"tag-cartel-de-sinaloa tag-chapitos-es tag-el-chapo-guzman tag-el-mayo-es tag-estados-unidos tag-frontera-eumexico-es tag-mayiza-es tag-mexico-pais tag-politicas-de-seguridad tag-secuestro category-noticias type-post post-has-image\"\n\t\t\t\t>\n\t\t\t\t\n\t\t<div class=\"entry-wrapper\">\n\t\t\t\t\t\t<h3 class=\"entry-title\"><a href=\"https:\/\/insightcrime.org\/es\/noticias\/chapito-se-declara-culpable-y-reaviva-dudas-sobre-rol-ee-uu-en-secuestro-de-mayo\/\" rel=\"bookmark\">El Chapito se declara culpable y reaviva dudas sobre el rol de EE. UU. en el secuestro de \u2018El Mayo\u2019<\/a><\/h3>\t\t\t\t\t\t\t\t\t\t<div class=\"entry-meta\">\n\t\t\t\t\t<time class=\"entry-date published\" datetime=\"2025-12-02T13:54:48-05:00\">2 de diciembre de 2025<\/time><time class=\"updated\" datetime=\"2025-12-02T13:54:59-05:00\">2 de diciembre de 2025<\/time>\t\t\t\t<\/div><!-- .entry-meta -->\n\t\t\t\t\t\t\t\t<\/div><!-- .entry-wrapper -->\n\t<\/article>\n\n\t\t\n\t<article data-post-id=\"311144\"\n\t\tclass=\"tag-cartel-de-jalisco tag-cartel-de-sinaloa tag-cocaina tag-estados-unidos tag-fentanilo tag-frontera-eumexico-es tag-historias-narradas tag-metanfetamina tag-mexico-pais category-audio-es category-noticias type-post post-has-image\"\n\t\t\t\t>\n\t\t\t\t\n\t\t<div class=\"entry-wrapper\">\n\t\t\t\t\t\t<h3 class=\"entry-title\"><a href=\"https:\/\/insightcrime.org\/es\/noticias\/cuanto-poder-tienen-grupos-criminales-de-mexico-en-ee-uu\/\" rel=\"bookmark\">\u00bfCu\u00e1nto poder tienen realmente los grupos criminales de M\u00e9xico en EE.UU.?<\/a><\/h3>\t\t\t\t\t\t\t\t\t\t<div class=\"entry-meta\">\n\t\t\t\t\t<time class=\"entry-date published\" datetime=\"2025-05-27T13:13:04-05:00\">27 de mayo de 2025<\/time><time class=\"updated\" datetime=\"2026-01-14T17:12:25-05:00\">14 de enero de 2026<\/time>\t\t\t\t<\/div><!-- .entry-meta -->\n\t\t\t\t\t\t\t\t<\/div><!-- .entry-wrapper -->\n\t<\/article>\n\n\t\t\n\t<article data-post-id=\"304865\"\n\t\tclass=\"tag-cartel-de-jalisco tag-cartel-de-sinaloa tag-chapitos-es tag-drogas-sinteticas tag-el-viceroy-es tag-extradicion tag-frontera-eumexico-es tag-familia-michoacana tag-mexico-pais tag-los-zetas-es category-noticias type-post post-has-image\"\n\t\t\t\t>\n\t\t\t\t\n\t\t<div class=\"entry-wrapper\">\n\t\t\t\t\t\t<h3 class=\"entry-title\"><a href=\"https:\/\/insightcrime.org\/es\/noticias\/podra-presidenta-mexico-apaciguar-trump-medidas-energicas-contra-crimen\/\" rel=\"bookmark\">\u00bfPodr\u00e1 la presidenta de M\u00e9xico apaciguar a Trump con medidas en\u00e9rgicas contra el crimen?<\/a><\/h3>\t\t\t\t\t\t\t\t\t\t<div class=\"entry-meta\">\n\t\t\t\t\t<time class=\"entry-date published\" datetime=\"2025-03-03T12:05:57-05:00\">3 de marzo de 2025<\/time><time class=\"updated\" datetime=\"2025-03-03T16:43:44-05:00\">3 de marzo de 2025<\/time>\t\t\t\t<\/div><!-- .entry-meta -->\n\t\t\t\t\t\t\t\t<\/div><!-- .entry-wrapper -->\n\t<\/article>\n\n\t\t\n\t<article data-post-id=\"299742\"\n\t\tclass=\"tag-elecciones-crimen-organizado tag-elecciones-crimen-guatemala tag-elites-y-crimen-organizado tag-guatemala-pais tag-infografias tag-reforma-judicial category-investigaciones type-page post-has-image\"\n\t\t\t\t>\n\t\t\t\t\n\t\t<div class=\"entry-wrapper\">\n\t\t\t\t\t\t<h3 class=\"entry-title\"><a href=\"https:\/\/insightcrime.org\/es\/investigaciones\/arevalo-perdiendo-presidente-guatemala-lucha-contra-corrupcion\/\" rel=\"bookmark\">Ar\u00e9valo, un a\u00f1o despu\u00e9s: \u00bfEst\u00e1 perdiendo el presidente de Guatemala la lucha contra la corrupci\u00f3n?<\/a><\/h3>\t\t\t\t\t\t\t\t\t\t<div class=\"entry-meta\">\n\t\t\t\t\t<time class=\"entry-date published updated\" datetime=\"2025-01-15T09:05:28-05:00\">15 de enero de 2025<\/time>\t\t\t\t<\/div><!-- .entry-meta -->\n\t\t\t\t\t\t\t\t<\/div><!-- .entry-wrapper -->\n\t<\/article>\n\n\t\t\n\t<article data-post-id=\"299762\"\n\t\tclass=\"tag-elites-y-crimen-organizado tag-guatemala-pais tag-historias-narradas tag-reforma-judicial category-audio-es category-investigaciones type-post post-has-image\"\n\t\t\t\t>\n\t\t\t\t\n\t\t<div class=\"entry-wrapper\">\n\t\t\t\t\t\t<h3 class=\"entry-title\"><a href=\"https:\/\/insightcrime.org\/es\/investigaciones\/ocurrio-cuando-guatemala-intento-despedir-102-guardias-penitenciarios\/\" rel=\"bookmark\">\u00bfQu\u00e9 ocurri\u00f3 cuando el Ministerio de Gobernaci\u00f3n de Guatemala intent\u00f3 despedir a 102 guardias penitenciarios se\u00f1alados de corrupci\u00f3n?<\/a><\/h3>\t\t\t\t\t\t\t\t\t\t<div class=\"entry-meta\">\n\t\t\t\t\t<time class=\"entry-date published\" datetime=\"2025-01-15T09:00:00-05:00\">15 de enero de 2025<\/time><time class=\"updated\" datetime=\"2026-01-14T17:05:04-05:00\">14 de enero de 2026<\/time>\t\t\t\t<\/div><!-- .entry-meta -->\n\t\t\t\t\t\t\t\t<\/div><!-- .entry-wrapper -->\n\t<\/article>\n\n\t\t\n\t<article data-post-id=\"232677\"\n\t\tclass=\"tag-las-auc tag-colombia-pais tag-elites-y-crimen-organizado tag-gaitanistas tag-homicidios category-noticias type-post post-has-image\"\n\t\t\t\t>\n\t\t\t\t\n\t\t<div class=\"entry-wrapper\">\n\t\t\t\t\t\t<h3 class=\"entry-title\"><a href=\"https:\/\/insightcrime.org\/es\/noticias\/salvatore-mancuso-revela-informacion-redes-criminales-auc-colombia\/\" rel=\"bookmark\">Salvatore Mancuso revela informaci\u00f3n sobre redes criminales de las AUC en Colombia<\/a><\/h3>\t\t\t\t\t\t\t\t\t\t<div class=\"entry-meta\">\n\t\t\t\t\t<time class=\"entry-date published\" datetime=\"2023-05-23T18:04:19-05:00\">23 de mayo de 2023<\/time><time class=\"updated\" datetime=\"2024-06-12T10:24:27-05:00\">12 de junio de 2024<\/time>\t\t\t\t<\/div><!-- .entry-meta -->\n\t\t\t\t\t\t\t\t<\/div><!-- .entry-wrapper -->\n\t<\/article>\n\n\t\t\t\t<\/div>\n\t\t\n\t<\/div>\n\t","protected":false},"excerpt":{"rendered":"<p>Represalias violentas de pandillas en Guatemala, un fallo simb\u00f3lico para la justicia de Colombia y la creciente presi\u00f3n de Estados Unidos sobre M\u00e9xico est\u00e1n en el centro de atenci\u00f3n esta semana. Conozca los \u00faltimos acontecimientos que est\u00e1n configurando el panorama de seguridad de la regi\u00f3n.<\/p>\n","protected":false},"author":296,"featured_media":331682,"comment_status":"closed","ping_status":"closed","sticky":false,"template":"","format":"standard","meta":{"newspack_ads_suppress_ads":false,"newspack_popups_has_disabled_popups":false,"newspack_sponsor_sponsorship_scope":"","newspack_sponsor_native_byline_display":"inherit","newspack_sponsor_native_category_display":"inherit","newspack_sponsor_underwriter_style":"inherit","newspack_sponsor_underwriter_placement":"inherit","_EventAllDay":false,"_EventTimezone":"","_EventStartDate":"","_EventEndDate":"","_EventStartDateUTC":"","_EventEndDateUTC":"","_EventShowMap":false,"_EventShowMapLink":false,"_EventURL":"","_EventCost":"","_EventCostDescription":"","_EventCurrencySymbol":"","_EventCurrencyCode":"","_EventCurrencyPosition":"","_EventDateTimeSeparator":"","_EventTimeRangeSeparator":"","_EventOrganizerID":[],"_EventVenueID":[],"_OrganizerEmail":"","_OrganizerPhone":"","_OrganizerWebsite":"","_VenueAddress":"","_VenueCity":"","_VenueCountry":"","_VenueProvince":"","_VenueState":"","_VenueZip":"","_VenuePhone":"","_VenueURL":"","_VenueStateProvince":"","_VenueLat":"","_VenueLng":"","_VenueShowMap":false,"_VenueShowMapLink":false,"_newspack_byline_active":false,"_newspack_byline":"","newspack_hide_updated_date":false,"newspack_show_updated_date":false,"newspack_featured_image_position":"above","newspack_post_subtitle":"","newspack_article_summary_title":"Overview:","newspack_article_summary":"","_jetpack_memberships_contains_paid_content":false,"footnotes":""},"categories":[741],"tags":[568,3628,547,3395,564,549,4652,4386,643,626],"newspack_spnsrs_tax":[],"coauthors":[4539,4553],"class_list":["post-331365","post","type-post","status-publish","format-standard","has-post-thumbnail","hentry","category-news","tag-barrio-18","tag-chapitos","tag-colombia","tag-usa","tag-guatemala","tag-mexico","tag-on-the-radar","tag-colombia-peace","tag-security-policy","tag-prisons","entry"],"parsely":{"version":"1.1.0","canonical_url":"https:\/\/insightcrime.org\/es\/news\/mexico-responde-a-la-presion-de-ee-uu\/","smart_links":{"inbound":0,"outbound":0},"traffic_boost_suggestions_count":0,"meta":{"@context":"https:\/\/schema.org","@type":"NewsArticle","headline":"M\u00e9xico responde a la presi\u00f3n de EE.UU.","url":"http:\/\/insightcrime.org\/es\/news\/mexico-responde-a-la-presion-de-ee-uu\/","mainEntityOfPage":{"@type":"WebPage","@id":"http:\/\/insightcrime.org\/es\/news\/mexico-responde-a-la-presion-de-ee-uu\/"},"thumbnailUrl":"https:\/\/i0.wp.com\/insightcrime.org\/wp-content\/uploads\/2026\/01\/Enero-OTR-template-featured-image-website-2026-2.jpg?resize=150%2C150&quality=100&ssl=1","image":{"@type":"ImageObject","url":"https:\/\/i0.wp.com\/insightcrime.org\/wp-content\/uploads\/2026\/01\/Enero-OTR-template-featured-image-website-2026-2.jpg?fit=1336%2C752&quality=100&ssl=1"},"articleSection":"News","author":[{"@type":"Person","name":"Deborah Bonello"},{"@type":"Person","name":"Daniel Reyes"}],"creator":["Deborah Bonello","Daniel Reyes"],"publisher":{"@type":"Organization","name":"InSight Crime","logo":"https:\/\/insightcrime.org\/wp-content\/uploads\/2023\/08\/logo.png"},"keywords":["barrio 18","chapitos","colombia","estados unidos","guatemala","m\u00e9xico","on the radar","paz colombia","pol\u00edticas de seguridad","prisiones"],"dateCreated":"2026-01-22T18:10:03Z","datePublished":"2026-01-22T18:10:03Z","dateModified":"2026-01-30T15:35:15Z"},"rendered":"<meta name=\"parsely-title\" content=\"M\u00e9xico responde a la presi\u00f3n de EE.UU.\" \/>\n<meta name=\"parsely-link\" content=\"http:\/\/insightcrime.org\/es\/news\/mexico-responde-a-la-presion-de-ee-uu\/\" \/>\n<meta name=\"parsely-type\" content=\"post\" \/>\n<meta name=\"parsely-image-url\" content=\"https:\/\/i0.wp.com\/insightcrime.org\/wp-content\/uploads\/2026\/01\/Enero-OTR-template-featured-image-website-2026-2.jpg?resize=150%2C150&amp;quality=100&amp;ssl=1\" \/>\n<meta name=\"parsely-pub-date\" content=\"2026-01-22T18:10:03Z\" \/>\n<meta name=\"parsely-section\" content=\"News\" \/>\n<meta name=\"parsely-tags\" content=\"barrio 18,chapitos,colombia,estados unidos,guatemala,m\u00e9xico,on the radar,paz colombia,pol\u00edticas de seguridad,prisiones\" \/>\n<meta name=\"parsely-author\" content=\"Deborah Bonello\" \/>\n<meta name=\"parsely-author\" content=\"Daniel Reyes\" \/>","tracker_url":"https:\/\/cdn.parsely.com\/keys\/insightcrime.org\/p.js"},"jetpack_sharing_enabled":true,"jetpack-related-posts":[{"id":340473,"url":"https:\/\/insightcrime.org\/es\/noticias\/on-the-radar-capos-disidencias-y-bombardeos-en-america-latina\/","url_meta":{"origin":331365,"position":0},"title":"On the Radar: Capos, disidencias y bombardeos en Am\u00e9rica Latina","author":"InSight Crime","date":"30 de abril de 2026","format":false,"excerpt":"Esta semana en On the Radar: la captura de \u201cEl Jardinero\u201d y lo que revela sobre el futuro de los grandes capos del narcotr\u00e1fico en M\u00e9xico, los ataques de las disidencias de las FARC en Colombia y la intensificaci\u00f3n de los bombardeos de Estados Unidos contra presuntas embarcaciones del tr\u00e1fico\u2026","rel":"","context":"En \u00abNoticias\u00bb","block_context":{"text":"Noticias","link":"https:\/\/insightcrime.org\/es\/category\/noticias\/"},"img":{"alt_text":"","src":"https:\/\/i0.wp.com\/insightcrime.org\/wp-content\/uploads\/2026\/04\/Abril-OTR-template-featured-image-website-2026.png?fit=1200%2C675&quality=100&ssl=1&resize=350%2C200","width":350,"height":200,"srcset":"https:\/\/i0.wp.com\/insightcrime.org\/wp-content\/uploads\/2026\/04\/Abril-OTR-template-featured-image-website-2026.png?fit=1200%2C675&quality=100&ssl=1&resize=350%2C200 1x, https:\/\/i0.wp.com\/insightcrime.org\/wp-content\/uploads\/2026\/04\/Abril-OTR-template-featured-image-website-2026.png?fit=1200%2C675&quality=100&ssl=1&resize=525%2C300 1.5x, https:\/\/i0.wp.com\/insightcrime.org\/wp-content\/uploads\/2026\/04\/Abril-OTR-template-featured-image-website-2026.png?fit=1200%2C675&quality=100&ssl=1&resize=700%2C400 2x, https:\/\/i0.wp.com\/insightcrime.org\/wp-content\/uploads\/2026\/04\/Abril-OTR-template-featured-image-website-2026.png?fit=1200%2C675&quality=100&ssl=1&resize=1050%2C600 3x"},"classes":[]},{"id":332902,"url":"https:\/\/insightcrime.org\/es\/noticias\/estrategia-antidrogas-de-ee-uu-america-latina-un-mapa-interactivo-de-alianzas-y-fricciones\/","url_meta":{"origin":331365,"position":1},"title":"La estrategia antidrogas de EE. UU. en Am\u00e9rica Latina: Un mapa interactivo de las alianzas y fricciones","author":"Deborah Bonello","date":"16 de febrero de 2026","format":false,"excerpt":"\u00bfQu\u00e9 pa\u00edses de Am\u00e9rica Latina colaboran con EE. UU. en la lucha contra el tr\u00e1fico de drogas? Explore nuestro mapa interactivo sobre la cooperaci\u00f3n antinarc\u00f3ticos y conozca el estado actual de las alianzas de seguridad en la regi\u00f3n.","rel":"","context":"En \u00abNoticias\u00bb","block_context":{"text":"Noticias","link":"https:\/\/insightcrime.org\/es\/category\/noticias\/"},"img":{"alt_text":"","src":"https:\/\/i0.wp.com\/insightcrime.org\/wp-content\/uploads\/2026\/02\/Feature-Image-Colombia-Presidency-Handout-REUTERS-1.jpg?fit=1200%2C690&quality=100&ssl=1&resize=350%2C200","width":350,"height":200,"srcset":"https:\/\/i0.wp.com\/insightcrime.org\/wp-content\/uploads\/2026\/02\/Feature-Image-Colombia-Presidency-Handout-REUTERS-1.jpg?fit=1200%2C690&quality=100&ssl=1&resize=350%2C200 1x, https:\/\/i0.wp.com\/insightcrime.org\/wp-content\/uploads\/2026\/02\/Feature-Image-Colombia-Presidency-Handout-REUTERS-1.jpg?fit=1200%2C690&quality=100&ssl=1&resize=525%2C300 1.5x, https:\/\/i0.wp.com\/insightcrime.org\/wp-content\/uploads\/2026\/02\/Feature-Image-Colombia-Presidency-Handout-REUTERS-1.jpg?fit=1200%2C690&quality=100&ssl=1&resize=700%2C400 2x, https:\/\/i0.wp.com\/insightcrime.org\/wp-content\/uploads\/2026\/02\/Feature-Image-Colombia-Presidency-Handout-REUTERS-1.jpg?fit=1200%2C690&quality=100&ssl=1&resize=1050%2C600 3x"},"classes":[]},{"id":342473,"url":"https:\/\/insightcrime.org\/es\/noticias\/deportacion-alex-saab-elecciones-colombia-e-investigaciones-contra-cartel-sinaloa\/","url_meta":{"origin":331365,"position":2},"title":"On The Radar: Deportaci\u00f3n de Alex Saab, elecciones en Colombia e investigaciones del Cartel de Sinaloa","author":"Creusa Mu\u00f1oz","date":"21 de mayo de 2026","format":false,"excerpt":"\u00bfPodr\u00eda Alex Saab convertirse en un testigo clave en los casos judiciales de Estados Unidos? En On the Radar, se lo explicamos, junto a otras historias del crimen organizado que est\u00e1n marcando la regi\u00f3n.","rel":"","context":"En \u00abNoticias\u00bb","block_context":{"text":"Noticias","link":"https:\/\/insightcrime.org\/es\/category\/noticias\/"},"img":{"alt_text":"","src":"https:\/\/i0.wp.com\/insightcrime.org\/wp-content\/uploads\/2026\/05\/OnTheRadar-mayo-21.jpg?fit=1200%2C675&quality=100&ssl=1&resize=350%2C200","width":350,"height":200,"srcset":"https:\/\/i0.wp.com\/insightcrime.org\/wp-content\/uploads\/2026\/05\/OnTheRadar-mayo-21.jpg?fit=1200%2C675&quality=100&ssl=1&resize=350%2C200 1x, https:\/\/i0.wp.com\/insightcrime.org\/wp-content\/uploads\/2026\/05\/OnTheRadar-mayo-21.jpg?fit=1200%2C675&quality=100&ssl=1&resize=525%2C300 1.5x, https:\/\/i0.wp.com\/insightcrime.org\/wp-content\/uploads\/2026\/05\/OnTheRadar-mayo-21.jpg?fit=1200%2C675&quality=100&ssl=1&resize=700%2C400 2x, https:\/\/i0.wp.com\/insightcrime.org\/wp-content\/uploads\/2026\/05\/OnTheRadar-mayo-21.jpg?fit=1200%2C675&quality=100&ssl=1&resize=1050%2C600 3x"},"classes":[]},{"id":345255,"url":"https:\/\/insightcrime.org\/es\/noticias\/giro-derecha-colombia-y-peru-reaviva-preocupaciones-sobre-seguridad\/","url_meta":{"origin":331365,"position":3},"title":"On The Radar: Giro a la derecha en Colombia y Per\u00fa reaviva las preocupaciones sobre seguridad","author":"Deborah Bonello","date":"25 de junio de 2026","format":false,"excerpt":"Esta semana en On the Radar: De la Espriella promete mano dura en Colombia, Fujimori hereda un Per\u00fa golpeado por la extorsi\u00f3n y una investigaci\u00f3n pone bajo la lupa la estrategia de la DEA frente al fentanilo.","rel":"","context":"En \u00abNoticias\u00bb","block_context":{"text":"Noticias","link":"https:\/\/insightcrime.org\/es\/category\/noticias\/"},"img":{"alt_text":"","src":"https:\/\/i0.wp.com\/insightcrime.org\/wp-content\/uploads\/2026\/06\/Junio-OTR-template-featured-image-website-2026-1-1.jpg?fit=1200%2C675&quality=100&ssl=1&resize=350%2C200","width":350,"height":200,"srcset":"https:\/\/i0.wp.com\/insightcrime.org\/wp-content\/uploads\/2026\/06\/Junio-OTR-template-featured-image-website-2026-1-1.jpg?fit=1200%2C675&quality=100&ssl=1&resize=350%2C200 1x, https:\/\/i0.wp.com\/insightcrime.org\/wp-content\/uploads\/2026\/06\/Junio-OTR-template-featured-image-website-2026-1-1.jpg?fit=1200%2C675&quality=100&ssl=1&resize=525%2C300 1.5x, https:\/\/i0.wp.com\/insightcrime.org\/wp-content\/uploads\/2026\/06\/Junio-OTR-template-featured-image-website-2026-1-1.jpg?fit=1200%2C675&quality=100&ssl=1&resize=700%2C400 2x, https:\/\/i0.wp.com\/insightcrime.org\/wp-content\/uploads\/2026\/06\/Junio-OTR-template-featured-image-website-2026-1-1.jpg?fit=1200%2C675&quality=100&ssl=1&resize=1050%2C600 3x"},"classes":[]},{"id":346435,"url":"https:\/\/insightcrime.org\/es\/noticias\/on-the-radar-mayo-busca-evitar-prision-maxima-seguridad\/","url_meta":{"origin":331365,"position":4},"title":"On The Radar: \u2018El Mayo\u2019 busca evitar prisi\u00f3n de m\u00e1xima seguridad","author":"Liza Schmidt","date":"9 de julio de 2026","format":false,"excerpt":"Esta semana en On the Radar: \u201cEl Mayo\u201d busca evitar una prisi\u00f3n de m\u00e1xima seguridad, EE. UU. renueva la presi\u00f3n sobre los Chapitos que se encuentran pr\u00f3fugos y los nuevos datos sobre cultivos coca desaf\u00edan a Colombia.","rel":"","context":"En \u00abNoticias\u00bb","block_context":{"text":"Noticias","link":"https:\/\/insightcrime.org\/es\/category\/noticias\/"},"img":{"alt_text":"","src":"https:\/\/i0.wp.com\/insightcrime.org\/wp-content\/uploads\/2026\/07\/Julio-OTR-template-featured-image-website.png?fit=1200%2C675&quality=100&ssl=1&resize=350%2C200","width":350,"height":200,"srcset":"https:\/\/i0.wp.com\/insightcrime.org\/wp-content\/uploads\/2026\/07\/Julio-OTR-template-featured-image-website.png?fit=1200%2C675&quality=100&ssl=1&resize=350%2C200 1x, https:\/\/i0.wp.com\/insightcrime.org\/wp-content\/uploads\/2026\/07\/Julio-OTR-template-featured-image-website.png?fit=1200%2C675&quality=100&ssl=1&resize=525%2C300 1.5x, https:\/\/i0.wp.com\/insightcrime.org\/wp-content\/uploads\/2026\/07\/Julio-OTR-template-featured-image-website.png?fit=1200%2C675&quality=100&ssl=1&resize=700%2C400 2x, https:\/\/i0.wp.com\/insightcrime.org\/wp-content\/uploads\/2026\/07\/Julio-OTR-template-featured-image-website.png?fit=1200%2C675&quality=100&ssl=1&resize=1050%2C600 3x"},"classes":[]},{"id":321314,"url":"https:\/\/insightcrime.org\/es\/noticias\/on-the-radar-los-chapitos-y-el-cjng-estan-forjando-una-alianza-en-mexico\/","url_meta":{"origin":331365,"position":5},"title":"On the Radar: \u00bfLos Chapitos y el CJNG est\u00e1n forjando una alianza en M\u00e9xico?","author":"Deborah Bonello","date":"6 de octubre de 2025","format":false,"excerpt":"Esta semana analizamos un importante operativo de la Administraci\u00f3n para el Control de Drogas de Estados Unidos (DEA) contra presuntos miembros del Cartel de Jalisco Nueva Generaci\u00f3n (CJNG), las crecientes se\u00f1ales de cooperaci\u00f3n entre los dos principales poderes criminales de M\u00e9xico y un intento de asesinato en Uruguay vinculado al\u2026","rel":"","context":"En \u00abNoticias\u00bb","block_context":{"text":"Noticias","link":"https:\/\/insightcrime.org\/es\/category\/noticias\/"},"img":{"alt_text":"","src":"https:\/\/i0.wp.com\/insightcrime.org\/wp-content\/uploads\/2025\/07\/on-the-radar-basic-cover-TEMPORAL-e1758908760280.jpg?fit=735%2C529&quality=100&ssl=1&resize=350%2C200","width":350,"height":200,"srcset":"https:\/\/i0.wp.com\/insightcrime.org\/wp-content\/uploads\/2025\/07\/on-the-radar-basic-cover-TEMPORAL-e1758908760280.jpg?fit=735%2C529&quality=100&ssl=1&resize=350%2C200 1x, https:\/\/i0.wp.com\/insightcrime.org\/wp-content\/uploads\/2025\/07\/on-the-radar-basic-cover-TEMPORAL-e1758908760280.jpg?fit=735%2C529&quality=100&ssl=1&resize=525%2C300 1.5x, https:\/\/i0.wp.com\/insightcrime.org\/wp-content\/uploads\/2025\/07\/on-the-radar-basic-cover-TEMPORAL-e1758908760280.jpg?fit=735%2C529&quality=100&ssl=1&resize=700%2C400 2x"},"classes":[]}],"jetpack_featured_media_url":"https:\/\/i0.wp.com\/insightcrime.org\/wp-content\/uploads\/2026\/01\/Enero-OTR-template-featured-image-website-2026-2.jpg?fit=1336%2C752&quality=100&ssl=1","_links":{"self":[{"href":"https:\/\/insightcrime.org\/es\/wp-json\/wp\/v2\/posts\/331365","targetHints":{"allow":["GET"]}}],"collection":[{"href":"https:\/\/insightcrime.org\/es\/wp-json\/wp\/v2\/posts"}],"about":[{"href":"https:\/\/insightcrime.org\/es\/wp-json\/wp\/v2\/types\/post"}],"author":[{"embeddable":true,"href":"https:\/\/insightcrime.org\/es\/wp-json\/wp\/v2\/users\/296"}],"replies":[{"embeddable":true,"href":"https:\/\/insightcrime.org\/es\/wp-json\/wp\/v2\/comments?post=331365"}],"version-history":[{"count":5,"href":"https:\/\/insightcrime.org\/es\/wp-json\/wp\/v2\/posts\/331365\/revisions"}],"predecessor-version":[{"id":331444,"href":"https:\/\/insightcrime.org\/es\/wp-json\/wp\/v2\/posts\/331365\/revisions\/331444"}],"wp:featuredmedia":[{"embeddable":true,"href":"https:\/\/insightcrime.org\/es\/wp-json\/wp\/v2\/media\/331682"}],"wp:attachment":[{"href":"https:\/\/insightcrime.org\/es\/wp-json\/wp\/v2\/media?parent=331365"}],"wp:term":[{"taxonomy":"category","embeddable":true,"href":"https:\/\/insightcrime.org\/es\/wp-json\/wp\/v2\/categories?post=331365"},{"taxonomy":"post_tag","embeddable":true,"href":"https:\/\/insightcrime.org\/es\/wp-json\/wp\/v2\/tags?post=331365"},{"taxonomy":"newspack_spnsrs_tax","embeddable":true,"href":"https:\/\/insightcrime.org\/es\/wp-json\/wp\/v2\/newspack_spnsrs_tax?post=331365"},{"taxonomy":"author","embeddable":true,"href":"https:\/\/insightcrime.org\/es\/wp-json\/wp\/v2\/coauthors?post=331365"}],"curies":[{"name":"wp","href":"https:\/\/api.w.org\/{rel}","templated":true}]}}