{"id":332357,"date":"2026-02-09T11:56:53","date_gmt":"2026-02-09T16:56:53","guid":{"rendered":"https:\/\/insightcrime.org\/?p=332357"},"modified":"2026-02-13T11:18:26","modified_gmt":"2026-02-13T16:18:26","slug":"on-the-radar-los-lideres-region-frente-desafio-del-crimen-organizado","status":"publish","type":"post","link":"https:\/\/insightcrime.org\/es\/uncategorized\/on-the-radar-los-lideres-region-frente-desafio-del-crimen-organizado\/","title":{"rendered":"On The Radar: Los l\u00edderes de la regi\u00f3n frente al desaf\u00edo del crimen organizado"},"content":{"rendered":"\n<div class=\"wp-block-columns is-layout-flex wp-container-core-columns-is-layout-8f761849 wp-block-columns-is-layout-flex\">\n<div class=\"wp-block-column is-layout-flow wp-block-column-is-layout-flow\" style=\"flex-basis:25%\"><\/div>\n\n\n\n<div class=\"wp-block-column is-layout-flow wp-block-column-is-layout-flow\" style=\"flex-basis:50%\">\n<figure class=\"wp-block-embed is-type-video is-provider-youtube wp-block-embed-youtube wp-embed-aspect-9-16 wp-has-aspect-ratio\"><div class=\"wp-block-embed__wrapper\">\n<iframe loading=\"lazy\" title=\"On The Radar: Los l\u00edderes de la regi\u00f3n frente al desaf\u00edo del crimen organizado\" width=\"422\" height=\"750\" src=\"https:\/\/www.youtube.com\/embed\/YFmW0DI_Juo?feature=oembed\" frameborder=\"0\" allow=\"accelerometer; autoplay; clipboard-write; encrypted-media; gyroscope; picture-in-picture; web-share\" referrerpolicy=\"strict-origin-when-cross-origin\" allowfullscreen><\/iframe>\n<\/div><\/figure>\n<\/div>\n\n\n\n<div class=\"wp-block-column is-layout-flow wp-block-column-is-layout-flow\" style=\"flex-basis:25%\"><\/div>\n<\/div>\n\n\n\n<p class=\"wp-block-paragraph\">Los presidentes Trump y Petro se reunieron en la Casa Blanca, el de Brasil advierte sobre el riesgo de que la inteligencia artificial sea utilizada por el crimen organizado en las pr\u00f3ximas elecciones, y la presidenta electa de Costa Rica, Laura Fern\u00e1ndez, promete ser firme contra el crimen. Todo esto en On The Radar.<\/p>\n\n\n\n<details class=\"wp-block-details is-layout-flow wp-block-details-is-layout-flow\"><summary>Transcripci\u00f3n<\/summary>\n<p class=\"wp-block-paragraph\">Isabella Soto Vallejo: Se solucionaron las tensiones entre el presidente Trump y Petro. \u00bfSer\u00e1 la inteligencia artificial la nueva arma en las elecciones presidenciales de Brasil y en Costa Rica? La propuesta de mano dura frente a la inseguridad, asegur\u00f3 el triunfo aplastante de Laura Fern\u00e1ndez. Mostrar\u00e1 resultados. Qu\u00e9dese para saber qu\u00e9 hay detr\u00e1s de estas noticias sobre crimen organizado en On The Radar.<\/p>\n\n\n\n<p class=\"wp-block-paragraph\">Daniel Reyes: El presidente colombiano Gustavo Petro, se reuni\u00f3 con Donald Trump en la Casa Blanca tras un a\u00f1o de disputas p\u00fablicas y golpes pol\u00edticos. Petro hab\u00eda calificado a Trump de asesino y b\u00e1rbaro por dar luz verde a los ataques a embarcaciones sospechosas de traficar drogas en el Caribe. Trump, por su parte, hab\u00eda afirmado que Colombia estaba dirigida por un hombre enfermo al que le gusta producir coca\u00edna y venderla a Estados Unidos. <\/p>\n\n\n\n<p class=\"wp-block-paragraph\">\u00bfCu\u00e1l fue la conclusi\u00f3n del encuentro? Trump se comprometi\u00f3 a mediar en la disputa comercial entre Colombia y Ecuador y a mantener la cooperaci\u00f3n entre Estados Unidos y Colombia contra el ELN en Venezuela. Aun as\u00ed, las tensiones siguen latentes debido al r\u00e9cord colombiano en el tr\u00e1fico de drogas y las sanciones impuestas a Petro en Brasil. El presidente Lula da Silva alert\u00f3 sobre el riesgo de que el crimen organizado use la inteligencia artificial para manipular la opini\u00f3n p\u00fablica de cara a las elecciones de 2026. Advirti\u00f3 que la IA podr\u00eda generar noticias falsas, videos manipulados y realidades distorsionadas, como ya se ha visto antes, que podr\u00edan confundir al electorado y amenazar la democracia. <\/p>\n\n\n\n<p class=\"wp-block-paragraph\">InSight Crime ha informado sobre el creciente uso de la inteligencia artificial y los delitos cibern\u00e9ticos por parte de los grupos criminales en Brasil. Tambi\u00e9n sobre la interferencia electoral del crimen organizado que utiliza violencia y dinero para influir en las votaciones. Con m\u00e1s control de la IA, los grupos criminales tendr\u00e1n nuevas herramientas, como la creaci\u00f3n de contenido electoral que podr\u00eda empujar a los votantes hacia candidatos corruptos. Por \u00faltimo, en Costa Rica, la candidata Laura Fern\u00e1ndez obtuvo una aplastante victoria en las elecciones presidenciales en las que la violencia fue una de las principales preocupaciones del electorado. Fern\u00e1ndez prometi\u00f3 medidas de seguridad m\u00e1s estrictas durante su campa\u00f1a frente al aumento de los niveles de delincuencia organizada en el pa\u00eds. <\/p>\n\n\n\n<p class=\"wp-block-paragraph\">Costa Rica desmantel\u00f3 el Cartel del Caribe Sur, la primera organizaci\u00f3n criminal transnacional del pa\u00eds, y el exministro de Seguridad, Celso Gamboa S\u00e1nchez, fue arrestado en Estados Unidos por delitos relacionados con drogas. Pero sabemos que Am\u00e9rica Latina no es ajena a las medidas de mano dura contra la delincuencia. Sin embargo, el crimen organizado sigue siendo una de las principales amenazas para la seguridad p\u00fablica.<\/p>\n\n\n\n<p class=\"wp-block-paragraph\">Isabella Soto Vallejo: Esto fue todo por esta semana. No se pierdan nuestro an\u00e1lisis sobre la crisis de seguridad en Costa Rica y los conflictos bilaterales entre Colombia y Estados Unidos por el tr\u00e1fico de drogas. Hasta la pr\u00f3xima semana.<\/p>\n\n\n\n<p class=\"wp-block-paragraph\"><\/p>\n\n\n\n<p class=\"wp-block-paragraph\"><\/p>\n<\/details>\n\n\n\t<div\n\t\tclass=\"wp-block-newspack-blocks-homepage-articles is-style-borders wpnbha is-grid columns-3 colgap-2 ts-3 is-style-borders\"\n\t\tstyle=\"\"\n\t\t>\n\t\t<div data-posts data-current-post-id=\"332357\">\n\t\t\t\t\t\t\t<h2 class=\"article-section-title\">\n\t\t\t\t\t<span>Lea m\u00e1s<\/span>\n\t\t\t\t<\/h2>\n\t\t\t\t\t\t\n\t<article data-post-id=\"320105\"\n\t\tclass=\"tag-la-coca tag-cocaina tag-colombia-pais tag-el-eln tag-estados-unidos tag-ex-farc-mafia-es-2 tag-gaitanistas tag-politica-de-drogas tag-politicas-de-seguridad category-news type-post post-has-image\"\n\t\t\t\t>\n\t\t\t\t\n\t\t<div class=\"entry-wrapper\">\n\t\t\t\t\t\t<h3 class=\"entry-title\"><a href=\"https:\/\/insightcrime.org\/es\/news\/estados-unidos-presiona-colombia-con-amenaza-recortes-ayuda-antidrogas\/\" rel=\"bookmark\">Estados Unidos presiona a Colombia con amenaza de recortes en la ayuda antidrogas<\/a><\/h3>\t\t\t\t\t\t\t\t\t\t<div class=\"entry-meta\">\n\t\t\t\t\t<time class=\"entry-date published\" datetime=\"2025-09-16T15:43:25-05:00\">16 de septiembre de 2025<\/time><time class=\"updated\" datetime=\"2025-09-16T15:52:14-05:00\">16 de septiembre de 2025<\/time>\t\t\t\t<\/div><!-- .entry-meta -->\n\t\t\t\t\t\t\t\t<\/div><!-- .entry-wrapper -->\n\t<\/article>\n\n\t\t\n\t<article data-post-id=\"331561\"\n\t\tclass=\"tag-costa-rica-pais tag-ecuador-pais tag-el-salvador-pais tag-honduras-pais tag-politicas-de-seguridad tag-prisiones-es category-noticias type-post post-has-image\"\n\t\t\t\t>\n\t\t\t\t\n\t\t<div class=\"entry-wrapper\">\n\t\t\t\t\t\t<h3 class=\"entry-title\"><a href=\"https:\/\/insightcrime.org\/es\/noticias\/costa-rica-ante-urnas-crimen-organizado-define-la-agenda\/\" rel=\"bookmark\">Costa Rica ante las urnas: el crimen organizado define la agenda<\/a><\/h3>\t\t\t\t\t\t\t\t\t\t<div class=\"entry-meta\">\n\t\t\t\t\t<time class=\"entry-date published\" datetime=\"2026-01-27T13:44:33-05:00\">27 de enero de 2026<\/time><time class=\"updated\" datetime=\"2026-01-28T14:44:49-05:00\">28 de enero de 2026<\/time>\t\t\t\t<\/div><!-- .entry-meta -->\n\t\t\t\t\t\t\t\t<\/div><!-- .entry-wrapper -->\n\t<\/article>\n\n\t\t\n\t<article data-post-id=\"331504\"\n\t\tclass=\"tag-brasil tag-cartel-de-sinaloa tag-comando-vermelho tag-crimen-cibernetico tag-ecuador-pais tag-extorsion tag-mexico-pais tag-el-pcc tag-peru-pais tag-politicas-de-seguridad category-news type-post post-has-image\"\n\t\t\t\t>\n\t\t\t\t\n\t\t<div class=\"entry-wrapper\">\n\t\t\t\t\t\t<h3 class=\"entry-title\"><a href=\"https:\/\/insightcrime.org\/es\/news\/crimen-organizado-ia-5-temas-que-seguiremos-de-cerca-2026\/\" rel=\"bookmark\">Crimen organizado e IA: 5 temas que seguiremos de cerca en 2026<\/a><\/h3>\t\t\t\t\t\t\t\t\t\t<div class=\"entry-meta\">\n\t\t\t\t\t<time class=\"entry-date published\" datetime=\"2026-01-26T11:53:14-05:00\">26 de enero de 2026<\/time><time class=\"updated\" datetime=\"2026-01-26T11:54:33-05:00\">26 de enero de 2026<\/time>\t\t\t\t<\/div><!-- .entry-meta -->\n\t\t\t\t\t\t\t\t<\/div><!-- .entry-wrapper -->\n\t<\/article>\n\n\t\t\n\t<article data-post-id=\"326534\"\n\t\tclass=\"tag-argentina-pais tag-brasil tag-cartel-de-sinaloa tag-chile-pais tag-comando-vermelho tag-crimen-cibernetico tag-fentanilo tag-gamechangers-es tag-mexico-pais tag-el-pcc category-noticias type-post post-has-image\"\n\t\t\t\t>\n\t\t\t\t\n\t\t<div class=\"entry-wrapper\">\n\t\t\t\t\t\t<h3 class=\"entry-title\"><a href=\"https:\/\/insightcrime.org\/es\/noticias\/gamechangers-2025-criptomonedas-usadas-por-crimen-organizado-forma-generalizada\/\" rel=\"bookmark\">GameChangers 2025: Las criptomonedas se abren paso en el inframundo criminal<\/a><\/h3>\t\t\t\t\t\t\t\t\t\t<div class=\"entry-meta\">\n\t\t\t\t\t<time class=\"entry-date published\" datetime=\"2026-01-02T04:00:00-05:00\">2 de enero de 2026<\/time><time class=\"updated\" datetime=\"2026-01-12T11:36:07-05:00\">12 de enero de 2026<\/time>\t\t\t\t<\/div><!-- .entry-meta -->\n\t\t\t\t\t\t\t\t<\/div><!-- .entry-wrapper -->\n\t<\/article>\n\n\t\t\n\t<article data-post-id=\"331743\"\n\t\tclass=\"tag-brazil tag-cocaine tag-red-command tag-featured tag-pcc category-news type-post post-has-image\"\n\t\t\t\t>\n\t\t\t\t\n\t\t<div class=\"entry-wrapper\">\n\t\t\t\t\t\t<h3 class=\"entry-title\"><a href=\"https:\/\/insightcrime.org\/es\/news\/como-gentrificacion-pcc-reconfiguro-control-criminal-favelas-brasil\/\" rel=\"bookmark\">C\u00f3mo la gentrificaci\u00f3n del PCC reconfigur\u00f3 el control criminal en las favelas de Brasil<\/a><\/h3>\t\t\t\t\t\t\t\t\t\t<div class=\"entry-meta\">\n\t\t\t\t\t<time class=\"entry-date published\" datetime=\"2026-02-02T12:04:52-05:00\">2 de febrero de 2026<\/time><time class=\"updated\" datetime=\"2026-02-02T12:05:25-05:00\">2 de febrero de 2026<\/time>\t\t\t\t<\/div><!-- .entry-meta -->\n\t\t\t\t\t\t\t\t<\/div><!-- .entry-wrapper -->\n\t<\/article>\n\n\t\t\n\t<article data-post-id=\"326536\"\n\t\tclass=\"tag-las-auc tag-la-coca tag-cocaina tag-colombia-pais tag-el-eln tag-estado-mayor-bloques-frente tag-ex-farc-mafia-es-2 tag-farc-ep tag-gaitanistas tag-gamechangers-es tag-historias-narradas tag-ivan-mordisco-es tag-politica-de-drogas tag-politicas-de-seguridad tag-segunda-marquetalia category-audio-es category-noticias type-post post-has-image\"\n\t\t\t\t>\n\t\t\t\t\n\t\t<div class=\"entry-wrapper\">\n\t\t\t\t\t\t<h3 class=\"entry-title\"><a href=\"https:\/\/insightcrime.org\/es\/noticias\/gamechangers-2025-colombia-paz-total-sin-salida\/\" rel=\"bookmark\">GameChangers 2025: El laberinto sin salida de la Paz Total en Colombia<\/a><\/h3>\t\t\t\t\t\t\t\t\t\t<div class=\"entry-meta\">\n\t\t\t\t\t<time class=\"entry-date published\" datetime=\"2026-01-05T04:00:00-05:00\">5 de enero de 2026<\/time><time class=\"updated\" datetime=\"2026-01-15T15:25:45-05:00\">15 de enero de 2026<\/time>\t\t\t\t<\/div><!-- .entry-meta -->\n\t\t\t\t\t\t\t\t<\/div><!-- .entry-wrapper -->\n\t<\/article>\n\n\t\t\t\t<\/div>\n\t\t\n\t<\/div>\n\t\n\n\n<p class=\"wp-block-paragraph\"><\/p>\n","protected":false},"excerpt":{"rendered":"<p>Los presidentes Trump y Petro se reunieron en la Casa Blanca, el de Brasil advierte sobre el riesgo de que la inteligencia artificial sea utilizada por el crimen organizado en las pr\u00f3ximas elecciones, y la presidenta electa de Costa Rica, Laura Fern\u00e1ndez, promete ser firme contra el crimen. Todo esto en On The Radar.<\/p>\n","protected":false},"author":296,"featured_media":332343,"comment_status":"closed","ping_status":"closed","sticky":false,"template":"","format":"standard","meta":{"newspack_ads_suppress_ads":false,"newspack_popups_has_disabled_popups":false,"newspack_sponsor_sponsorship_scope":"","newspack_sponsor_native_byline_display":"inherit","newspack_sponsor_native_category_display":"inherit","newspack_sponsor_underwriter_style":"inherit","newspack_sponsor_underwriter_placement":"inherit","_EventAllDay":false,"_EventTimezone":"","_EventStartDate":"","_EventEndDate":"","_EventStartDateUTC":"","_EventEndDateUTC":"","_EventShowMap":false,"_EventShowMapLink":false,"_EventURL":"","_EventCost":"","_EventCostDescription":"","_EventCurrencySymbol":"","_EventCurrencyCode":"","_EventCurrencyPosition":"","_EventDateTimeSeparator":"","_EventTimeRangeSeparator":"","_EventOrganizerID":[],"_EventVenueID":[],"_OrganizerEmail":"","_OrganizerPhone":"","_OrganizerWebsite":"","_VenueAddress":"","_VenueCity":"","_VenueCountry":"","_VenueProvince":"","_VenueState":"","_VenueZip":"","_VenuePhone":"","_VenueURL":"","_VenueStateProvince":"","_VenueLat":"","_VenueLng":"","_VenueShowMap":false,"_VenueShowMapLink":false,"_newspack_byline_active":false,"_newspack_byline":"","newspack_hide_updated_date":false,"newspack_show_updated_date":false,"newspack_featured_image_position":"above","newspack_post_subtitle":"","newspack_article_summary_title":"Overview:","newspack_article_summary":"","_jetpack_memberships_contains_paid_content":false,"footnotes":""},"categories":[741,1,1],"tags":[405,368,462,444,4657],"newspack_spnsrs_tax":[],"coauthors":[4539,4553,4636],"class_list":["post-332357","post","type-post","status-publish","format-standard","has-post-thumbnail","hentry","category-news","category-uncategorized","tag-brasil","tag-colombia-pais","tag-costa-rica-pais","tag-crimen-cibernetico","tag-on-the-radar-es","entry"],"parsely":{"version":"1.1.0","canonical_url":"https:\/\/insightcrime.org\/es\/uncategorized\/on-the-radar-los-lideres-region-frente-desafio-del-crimen-organizado\/","smart_links":{"inbound":0,"outbound":0},"traffic_boost_suggestions_count":0,"meta":{"@context":"https:\/\/schema.org","@type":"NewsArticle","headline":"On The Radar: Los l\u00edderes de la regi\u00f3n frente al desaf\u00edo del crimen organizado","url":"http:\/\/insightcrime.org\/es\/uncategorized\/on-the-radar-los-lideres-region-frente-desafio-del-crimen-organizado\/","mainEntityOfPage":{"@type":"WebPage","@id":"http:\/\/insightcrime.org\/es\/uncategorized\/on-the-radar-los-lideres-region-frente-desafio-del-crimen-organizado\/"},"thumbnailUrl":"https:\/\/i0.wp.com\/insightcrime.org\/wp-content\/uploads\/2026\/02\/Febrero-OTR-template-featured-image-website-2026.jpg?resize=150%2C150&quality=100&ssl=1","image":{"@type":"ImageObject","url":"https:\/\/i0.wp.com\/insightcrime.org\/wp-content\/uploads\/2026\/02\/Febrero-OTR-template-featured-image-website-2026.jpg?fit=1336%2C752&quality=100&ssl=1"},"articleSection":"News","author":[{"@type":"Person","name":"Deborah Bonello"},{"@type":"Person","name":"Daniel Reyes"},{"@type":"Person","name":"Isabella Soto"}],"creator":["Deborah Bonello","Daniel Reyes","Isabella Soto"],"publisher":{"@type":"Organization","name":"InSight Crime","logo":"https:\/\/insightcrime.org\/wp-content\/uploads\/2023\/08\/logo.png"},"keywords":["brasil","colombia","costa rica","crimen cibern\u00e9tico","on the radar"],"dateCreated":"2026-02-09T16:56:53Z","datePublished":"2026-02-09T16:56:53Z","dateModified":"2026-02-13T16:18:26Z"},"rendered":"<meta name=\"parsely-title\" content=\"On The Radar: Los l\u00edderes de la regi\u00f3n frente al desaf\u00edo del crimen organizado\" \/>\n<meta name=\"parsely-link\" content=\"http:\/\/insightcrime.org\/es\/uncategorized\/on-the-radar-los-lideres-region-frente-desafio-del-crimen-organizado\/\" \/>\n<meta name=\"parsely-type\" content=\"post\" \/>\n<meta name=\"parsely-image-url\" content=\"https:\/\/i0.wp.com\/insightcrime.org\/wp-content\/uploads\/2026\/02\/Febrero-OTR-template-featured-image-website-2026.jpg?resize=150%2C150&amp;quality=100&amp;ssl=1\" \/>\n<meta name=\"parsely-pub-date\" content=\"2026-02-09T16:56:53Z\" \/>\n<meta name=\"parsely-section\" content=\"News\" \/>\n<meta name=\"parsely-tags\" content=\"brasil,colombia,costa rica,crimen cibern\u00e9tico,on the radar\" \/>\n<meta name=\"parsely-author\" content=\"Deborah Bonello\" \/>\n<meta name=\"parsely-author\" content=\"Daniel Reyes\" \/>\n<meta name=\"parsely-author\" content=\"Isabella Soto\" \/>","tracker_url":"https:\/\/cdn.parsely.com\/keys\/insightcrime.org\/p.js"},"jetpack_sharing_enabled":true,"jetpack-related-posts":[{"id":339193,"url":"https:\/\/insightcrime.org\/es\/noticias\/on-the-radar-una-disputa-fronteriza-genera-oportunidades-criminales\/","url_meta":{"origin":332357,"position":0},"title":"On the Radar: Una disputa fronteriza genera oportunidades criminales","author":"InSight Crime","date":"16 de abril de 2026","format":false,"excerpt":"Esta semana en On The Radar, una disputa comercial entre Colombia y Ecuador impulsa el contrabando en la frontera, las elecciones en Per\u00fa exponen las dificultades para contener el crimen, y la miner\u00eda ilegal vinculada a los flujos de coca\u00edna se expande en Costa Rica.\u00a0","rel":"","context":"En \u00abNoticias\u00bb","block_context":{"text":"Noticias","link":"https:\/\/insightcrime.org\/es\/category\/noticias\/"},"img":{"alt_text":"","src":"https:\/\/i0.wp.com\/insightcrime.org\/wp-content\/uploads\/2026\/04\/Abril-OTR-template-featured-image-website-2026-1.jpg?fit=1200%2C675&quality=100&ssl=1&resize=350%2C200","width":350,"height":200,"srcset":"https:\/\/i0.wp.com\/insightcrime.org\/wp-content\/uploads\/2026\/04\/Abril-OTR-template-featured-image-website-2026-1.jpg?fit=1200%2C675&quality=100&ssl=1&resize=350%2C200 1x, https:\/\/i0.wp.com\/insightcrime.org\/wp-content\/uploads\/2026\/04\/Abril-OTR-template-featured-image-website-2026-1.jpg?fit=1200%2C675&quality=100&ssl=1&resize=525%2C300 1.5x, https:\/\/i0.wp.com\/insightcrime.org\/wp-content\/uploads\/2026\/04\/Abril-OTR-template-featured-image-website-2026-1.jpg?fit=1200%2C675&quality=100&ssl=1&resize=700%2C400 2x, https:\/\/i0.wp.com\/insightcrime.org\/wp-content\/uploads\/2026\/04\/Abril-OTR-template-featured-image-website-2026-1.jpg?fit=1200%2C675&quality=100&ssl=1&resize=1050%2C600 3x"},"classes":[]},{"id":345255,"url":"https:\/\/insightcrime.org\/es\/noticias\/giro-derecha-colombia-y-peru-reaviva-preocupaciones-sobre-seguridad\/","url_meta":{"origin":332357,"position":1},"title":"On The Radar: Giro a la derecha en Colombia y Per\u00fa reaviva las preocupaciones sobre seguridad","author":"Deborah Bonello","date":"25 de junio de 2026","format":false,"excerpt":"Esta semana en On the Radar: De la Espriella promete mano dura en Colombia, Fujimori hereda un Per\u00fa golpeado por la extorsi\u00f3n y una investigaci\u00f3n pone bajo la lupa la estrategia de la DEA frente al fentanilo.","rel":"","context":"En \u00abNoticias\u00bb","block_context":{"text":"Noticias","link":"https:\/\/insightcrime.org\/es\/category\/noticias\/"},"img":{"alt_text":"","src":"https:\/\/i0.wp.com\/insightcrime.org\/wp-content\/uploads\/2026\/06\/Junio-OTR-template-featured-image-website-2026-1-1.jpg?fit=1200%2C675&quality=100&ssl=1&resize=350%2C200","width":350,"height":200,"srcset":"https:\/\/i0.wp.com\/insightcrime.org\/wp-content\/uploads\/2026\/06\/Junio-OTR-template-featured-image-website-2026-1-1.jpg?fit=1200%2C675&quality=100&ssl=1&resize=350%2C200 1x, https:\/\/i0.wp.com\/insightcrime.org\/wp-content\/uploads\/2026\/06\/Junio-OTR-template-featured-image-website-2026-1-1.jpg?fit=1200%2C675&quality=100&ssl=1&resize=525%2C300 1.5x, https:\/\/i0.wp.com\/insightcrime.org\/wp-content\/uploads\/2026\/06\/Junio-OTR-template-featured-image-website-2026-1-1.jpg?fit=1200%2C675&quality=100&ssl=1&resize=700%2C400 2x, https:\/\/i0.wp.com\/insightcrime.org\/wp-content\/uploads\/2026\/06\/Junio-OTR-template-featured-image-website-2026-1-1.jpg?fit=1200%2C675&quality=100&ssl=1&resize=1050%2C600 3x"},"classes":[]},{"id":341834,"url":"https:\/\/insightcrime.org\/es\/noticias\/on-the-radar-brasil-endurece-ofensiva-detencion-honduras-reves-paz-total-colombia\/","url_meta":{"origin":332357,"position":2},"title":"On the Radar: Brasil endurece su ofensiva, detenci\u00f3n en Honduras y rev\u00e9s a la Paz Total en Colombia","author":"Creusa Mu\u00f1oz","date":"14 de mayo de 2026","format":false,"excerpt":"Brasil anuncia una ofensiva multimillonaria contra el crimen, Honduras arresta a un exalcalde y, en Colombia, un nuevo rev\u00e9s para la Paz Total.","rel":"","context":"En \u00abNoticias\u00bb","block_context":{"text":"Noticias","link":"https:\/\/insightcrime.org\/es\/category\/noticias\/"},"img":{"alt_text":"","src":"https:\/\/i0.wp.com\/insightcrime.org\/wp-content\/uploads\/2026\/05\/Mayo-OTR-template-featured-image-website-2026-1-1.jpg?fit=1200%2C675&quality=100&ssl=1&resize=350%2C200","width":350,"height":200,"srcset":"https:\/\/i0.wp.com\/insightcrime.org\/wp-content\/uploads\/2026\/05\/Mayo-OTR-template-featured-image-website-2026-1-1.jpg?fit=1200%2C675&quality=100&ssl=1&resize=350%2C200 1x, https:\/\/i0.wp.com\/insightcrime.org\/wp-content\/uploads\/2026\/05\/Mayo-OTR-template-featured-image-website-2026-1-1.jpg?fit=1200%2C675&quality=100&ssl=1&resize=525%2C300 1.5x, https:\/\/i0.wp.com\/insightcrime.org\/wp-content\/uploads\/2026\/05\/Mayo-OTR-template-featured-image-website-2026-1-1.jpg?fit=1200%2C675&quality=100&ssl=1&resize=700%2C400 2x, https:\/\/i0.wp.com\/insightcrime.org\/wp-content\/uploads\/2026\/05\/Mayo-OTR-template-featured-image-website-2026-1-1.jpg?fit=1200%2C675&quality=100&ssl=1&resize=1050%2C600 3x"},"classes":[]},{"id":343411,"url":"https:\/\/insightcrime.org\/es\/noticias\/on-the-radar-designaciones-terroristas-brasil-elecciones-colombia-y-golpe-tren-aragua\/","url_meta":{"origin":332357,"position":3},"title":"Designaciones terroristas en Brasil, elecciones en Colombia y golpe al Tren de Aragua","author":"Creusa Mu\u00f1oz","date":"4 de junio de 2026","format":false,"excerpt":"Esta semana en On the Radar analizamos las tres principales noticias sobre crimen organizado de la regi\u00f3n.","rel":"","context":"En \u00abNoticias\u00bb","block_context":{"text":"Noticias","link":"https:\/\/insightcrime.org\/es\/category\/noticias\/"},"img":{"alt_text":"","src":"https:\/\/i0.wp.com\/insightcrime.org\/wp-content\/uploads\/2026\/06\/Junio-OTR-template-featured-image-website-2026.jpg?fit=1200%2C675&quality=100&ssl=1&resize=350%2C200","width":350,"height":200,"srcset":"https:\/\/i0.wp.com\/insightcrime.org\/wp-content\/uploads\/2026\/06\/Junio-OTR-template-featured-image-website-2026.jpg?fit=1200%2C675&quality=100&ssl=1&resize=350%2C200 1x, https:\/\/i0.wp.com\/insightcrime.org\/wp-content\/uploads\/2026\/06\/Junio-OTR-template-featured-image-website-2026.jpg?fit=1200%2C675&quality=100&ssl=1&resize=525%2C300 1.5x, https:\/\/i0.wp.com\/insightcrime.org\/wp-content\/uploads\/2026\/06\/Junio-OTR-template-featured-image-website-2026.jpg?fit=1200%2C675&quality=100&ssl=1&resize=700%2C400 2x, https:\/\/i0.wp.com\/insightcrime.org\/wp-content\/uploads\/2026\/06\/Junio-OTR-template-featured-image-website-2026.jpg?fit=1200%2C675&quality=100&ssl=1&resize=1050%2C600 3x"},"classes":[]},{"id":336596,"url":"https:\/\/insightcrime.org\/es\/news\/on-the-radar-nuevo-apuesta-trump-mayor-poder-militar-contra-crimen-organizado\/","url_meta":{"origin":332357,"position":4},"title":"On the Radar: \u00bfQu\u00e9 hay de nuevo en la apuesta de Trump por un mayor poder militar contra el crimen organizado?","author":"InSight Crime","date":"13 de marzo de 2026","format":false,"excerpt":"El fundador de uno de los grupos criminales m\u00e1s poderosos de M\u00e9xico se declara culpable; la nueva ofensiva antidrogas regional, en cabeza del presidente de Estados Unidos, Donald Trump, busca intensificar la cooperaci\u00f3n militar contra el crimen organizado en la regi\u00f3n; y casi 50 personas resultaron heridas en un ataque\u2026","rel":"","context":"En \u00abNews\u00bb","block_context":{"text":"News","link":"https:\/\/insightcrime.org\/category\/news\/"},"img":{"alt_text":"","src":"https:\/\/i0.wp.com\/insightcrime.org\/wp-content\/uploads\/2026\/03\/Copia-de-OTR-template-featured-image-website.jpg?fit=1200%2C675&quality=100&ssl=1&resize=350%2C200","width":350,"height":200,"srcset":"https:\/\/i0.wp.com\/insightcrime.org\/wp-content\/uploads\/2026\/03\/Copia-de-OTR-template-featured-image-website.jpg?fit=1200%2C675&quality=100&ssl=1&resize=350%2C200 1x, https:\/\/i0.wp.com\/insightcrime.org\/wp-content\/uploads\/2026\/03\/Copia-de-OTR-template-featured-image-website.jpg?fit=1200%2C675&quality=100&ssl=1&resize=525%2C300 1.5x, https:\/\/i0.wp.com\/insightcrime.org\/wp-content\/uploads\/2026\/03\/Copia-de-OTR-template-featured-image-website.jpg?fit=1200%2C675&quality=100&ssl=1&resize=700%2C400 2x, https:\/\/i0.wp.com\/insightcrime.org\/wp-content\/uploads\/2026\/03\/Copia-de-OTR-template-featured-image-website.jpg?fit=1200%2C675&quality=100&ssl=1&resize=1050%2C600 3x"},"classes":[]},{"id":337515,"url":"https:\/\/insightcrime.org\/es\/noticias\/on-the-radar-america-latina-intensifica-ofensiva-contra-crimen-pero-esta-funcionando\/","url_meta":{"origin":332357,"position":5},"title":"On The Radar: Am\u00e9rica Latina intensifica su ofensiva contra el crimen \u00bfpero est\u00e1 funcionando?","author":"InSight Crime","date":"20 de marzo de 2026","format":false,"excerpt":"Esta semana en On The Radar: Bombardeos en la frontera de Ecuador con Colombia, la captura de Marset, uno de los traficantes m\u00e1s buscados de la regi\u00f3n, y nuevas medidas de mano dura en Chile.","rel":"","context":"En \u00abNoticias\u00bb","block_context":{"text":"Noticias","link":"https:\/\/insightcrime.org\/es\/category\/noticias\/"},"img":{"alt_text":"","src":"https:\/\/i0.wp.com\/insightcrime.org\/wp-content\/uploads\/2026\/03\/Marzo-OTR-template-featured-image-website-2026-2.jpg?fit=1200%2C675&quality=100&ssl=1&resize=350%2C200","width":350,"height":200,"srcset":"https:\/\/i0.wp.com\/insightcrime.org\/wp-content\/uploads\/2026\/03\/Marzo-OTR-template-featured-image-website-2026-2.jpg?fit=1200%2C675&quality=100&ssl=1&resize=350%2C200 1x, https:\/\/i0.wp.com\/insightcrime.org\/wp-content\/uploads\/2026\/03\/Marzo-OTR-template-featured-image-website-2026-2.jpg?fit=1200%2C675&quality=100&ssl=1&resize=525%2C300 1.5x, https:\/\/i0.wp.com\/insightcrime.org\/wp-content\/uploads\/2026\/03\/Marzo-OTR-template-featured-image-website-2026-2.jpg?fit=1200%2C675&quality=100&ssl=1&resize=700%2C400 2x, https:\/\/i0.wp.com\/insightcrime.org\/wp-content\/uploads\/2026\/03\/Marzo-OTR-template-featured-image-website-2026-2.jpg?fit=1200%2C675&quality=100&ssl=1&resize=1050%2C600 3x"},"classes":[]}],"jetpack_featured_media_url":"https:\/\/i0.wp.com\/insightcrime.org\/wp-content\/uploads\/2026\/02\/Febrero-OTR-template-featured-image-website-2026.jpg?fit=1336%2C752&quality=100&ssl=1","_links":{"self":[{"href":"https:\/\/insightcrime.org\/es\/wp-json\/wp\/v2\/posts\/332357","targetHints":{"allow":["GET"]}}],"collection":[{"href":"https:\/\/insightcrime.org\/es\/wp-json\/wp\/v2\/posts"}],"about":[{"href":"https:\/\/insightcrime.org\/es\/wp-json\/wp\/v2\/types\/post"}],"author":[{"embeddable":true,"href":"https:\/\/insightcrime.org\/es\/wp-json\/wp\/v2\/users\/296"}],"replies":[{"embeddable":true,"href":"https:\/\/insightcrime.org\/es\/wp-json\/wp\/v2\/comments?post=332357"}],"version-history":[{"count":5,"href":"https:\/\/insightcrime.org\/es\/wp-json\/wp\/v2\/posts\/332357\/revisions"}],"predecessor-version":[{"id":332807,"href":"https:\/\/insightcrime.org\/es\/wp-json\/wp\/v2\/posts\/332357\/revisions\/332807"}],"wp:featuredmedia":[{"embeddable":true,"href":"https:\/\/insightcrime.org\/es\/wp-json\/wp\/v2\/media\/332343"}],"wp:attachment":[{"href":"https:\/\/insightcrime.org\/es\/wp-json\/wp\/v2\/media?parent=332357"}],"wp:term":[{"taxonomy":"category","embeddable":true,"href":"https:\/\/insightcrime.org\/es\/wp-json\/wp\/v2\/categories?post=332357"},{"taxonomy":"post_tag","embeddable":true,"href":"https:\/\/insightcrime.org\/es\/wp-json\/wp\/v2\/tags?post=332357"},{"taxonomy":"newspack_spnsrs_tax","embeddable":true,"href":"https:\/\/insightcrime.org\/es\/wp-json\/wp\/v2\/newspack_spnsrs_tax?post=332357"},{"taxonomy":"author","embeddable":true,"href":"https:\/\/insightcrime.org\/es\/wp-json\/wp\/v2\/coauthors?post=332357"}],"curies":[{"name":"wp","href":"https:\/\/api.w.org\/{rel}","templated":true}]}}