{"id":332610,"date":"2026-02-11T16:37:41","date_gmt":"2026-02-11T21:37:41","guid":{"rendered":"https:\/\/insightcrime.org\/?p=332610"},"modified":"2026-05-12T10:08:54","modified_gmt":"2026-05-12T15:08:54","slug":"emc-mantiene-como-rehen-paz-total-cauca-colombia","status":"publish","type":"post","link":"https:\/\/insightcrime.org\/es\/news\/emc-mantiene-como-rehen-paz-total-cauca-colombia\/","title":{"rendered":"Estado Mayor Central retiene la &#8216;Paz Total&#8217; en Cauca, Colombia"},"content":{"rendered":"\n<figure class=\"wp-block-embed is-type-rich is-provider-spotify wp-block-embed-spotify\"><div class=\"wp-block-embed__wrapper\">\n<iframe title=\"Spotify Embed: Estado Mayor Central retiene la \u2018Paz Total\u2019 en Cauca, Colombia\" style=\"border-radius: 12px\" width=\"100%\" height=\"152\" frameborder=\"0\" allowfullscreen allow=\"autoplay; clipboard-write; encrypted-media; fullscreen; picture-in-picture\" loading=\"lazy\" src=\"https:\/\/open.spotify.com\/embed\/episode\/3Iyy8dnDztY5Nf7G9PSsmq?si=MwkNhX5FTw-uQQ13TwyxlA&amp;utm_source=oembed\"><\/iframe>\n<\/div><figcaption class=\"wp-element-caption\">Este art\u00edculo hace parte de nuestra serie de\u00a0<a href=\"https:\/\/insightcrime.org\/es\/audio-desde-el-terreno\/\">historias narradas<\/a><\/figcaption><\/figure>\n\n\n\n<p class=\"wp-block-paragraph\">\u201c\u00a1Manden un helic\u00f3ptero, nos van a matar, nos van a matar! Por Dios, hay heridos, \u00bfquieren que nos maten o qu\u00e9? \u00a1Manden apoyo!\u201d.&nbsp; Este <a href=\"https:\/\/vt.tiktok.com\/ZSfH5eHkR\/\" target=\"_blank\" rel=\"noreferrer noopener\">fue<\/a> el llamado desesperado de un oficial de polic\u00eda atrapado entre incontables estruendos durante la arremetida de una estructura del Estado Mayor Central (<a href=\"https:\/\/insightcrime.org\/es\/noticias-crimen-organizado-colombia\/ex-farc-mafia-estado-mayor-central\/\" target=\"_blank\" rel=\"noreferrer noopener\">EMC<\/a>) en Jambal\u00f3, un municipio del departamento del Cauca, al suroccidente de Colombia y un territorio estrat\u00e9gico para el crimen organizado.&nbsp;<\/p>\n\n\n\n<p class=\"wp-block-paragraph\">Desde las cinco de la ma\u00f1ana del 19 de noviembre de 2025, miembros del Frente Dagoberto Ramos del EMC \u2014una federaci\u00f3n de facciones disidentes de las Fuerzas Armadas Revolucionarias de Colombia (<a href=\"https:\/\/insightcrime.org\/es\/noticias-crimen-organizado-colombia\/farc-perfil\/\" target=\"_blank\" rel=\"noreferrer noopener\">FARC<\/a>)\u2014 <a href=\"https:\/\/vt.tiktok.com\/ZSfxpeySg\/\" target=\"_blank\" rel=\"noreferrer noopener\">lanzaron<\/a> r\u00e1fagas de disparos y explosivos hacia las instalaciones de la polic\u00eda, mientras uno de sus hombres advert\u00eda a la poblaci\u00f3n que se resguardara.&nbsp;<\/p>\n\n\n\n<p class=\"wp-block-paragraph\">\u201cLa poblaci\u00f3n civil que est\u00e1 cerca de la estaci\u00f3n de polic\u00eda para que se retiren\u201d, repet\u00eda el hombre a trav\u00e9s de un meg\u00e1fono, seg\u00fan un <a href=\"https:\/\/www.cric-colombia.org\/portal\/jambalo-autoridades-ancestrales-cric-cauca-facrc\/\" target=\"_blank\" rel=\"noreferrer noopener\">comunicado<\/a> del Consejo Regional Ind\u00edgena del Cauca (CRIC).&nbsp;<\/p>\n\n\n\n<p class=\"wp-block-paragraph\">Pero ese era solo el comienzo de aquel d\u00eda de horror en el departamento, pues el EMC extendi\u00f3 su embestida a Silvia, Corinto y Padilla, municipios cercanos a Jambal\u00f3.<\/p>\n\n\n\n<p class=\"wp-block-paragraph\">\u201cLa ofensiva fue simult\u00e1nea, como si alguien hubiera dado la orden de encender el Cauca entero al mismo tiempo\u201d, se\u00f1al\u00f3 el <a href=\"https:\/\/www.cric-colombia.org\/portal\/territorio-pueblo-cauca-cric-jambalo\/\" target=\"_blank\" rel=\"noreferrer noopener\">CRIC<\/a>.<\/p>\n\n\n\n<p class=\"wp-block-paragraph\">El impacto de los ataques en Jambal\u00f3 fue particularmente grave. El CRIC report\u00f3 al menos 10 heridos, entre los que se contaba un menor de edad. El municipio qued\u00f3 incomunicado, sin agua ni electricidad, y con al menos 60 viviendas impactadas.&nbsp;<\/p>\n\n\n\n<p class=\"wp-block-paragraph\">\u201cEn este territorio, donde el canto de los gallos compite con las r\u00e1fagas, ya nadie se hace ilusiones de que la guerra es un asunto lejano\u201d, se le\u00eda en otro comunicado del CRIC.<\/p>\n\n\n\n<p class=\"wp-block-paragraph\">Estos hechos se suman a la larga lista de <a href=\"https:\/\/insightcrime.org\/es\/noticias\/violencia-suroccidente-colombia-extiende-costa-pacifica\/\" target=\"_blank\" rel=\"noreferrer noopener\">ataques<\/a> del EMC dirigidos a las fuerzas de seguridad en el Cauca durante los \u00faltimos dos a\u00f1os. Lo que est\u00e1 en juego es un territorio plagado de minas ilegales de oro, cultivos de coca y marihuana, y que sirve como un puente que conecta el sur del pa\u00eds con el Pac\u00edfico colombiano \u2014una salida clave para la droga que se dirige a mercados internacionales\u2014.&nbsp;<\/p>\n\n\n\n<p class=\"wp-block-paragraph\">Con estos ataques, el mensaje del EMC es claro: son ellos quienes mandan en el departamento y la posibilidad de paz en el Cauca es cada vez m\u00e1s lejana.<\/p>\n\n\n\n<h2 class=\"wp-block-heading\" id=\"h-el-origen-del-emc-en-cauca\">El origen del EMC en Cauca<\/h2>\n\n\n\n<p class=\"wp-block-paragraph\">El EMC naci\u00f3 en 2016 cuando su comandante, N\u00e9stor Gregorio Vera Fern\u00e1ndez, alias \u201c<a href=\"https:\/\/insightcrime.org\/es\/noticias-crimen-organizado-colombia\/nestor-gregorio-vera-fernandez-alias-ivan-mordisco\/\" target=\"_blank\" rel=\"noreferrer noopener\">Iv\u00e1n Mordisco<\/a>\u201d, entonces l\u00edder del Frente Primero de las <a href=\"https:\/\/insightcrime.org\/es\/noticias-crimen-organizado-colombia\/farc-perfil\/\" target=\"_blank\" rel=\"noreferrer noopener\">FARC<\/a>, decidi\u00f3 darle la espalda a los acuerdos de paz que la guerrilla negociaba con el gobierno colombiano. Hoy, 10 a\u00f1os despu\u00e9s, el grupo que naci\u00f3 rechazando la paz es quien la mantiene lejos del Cauca.<\/p>\n\n\n\n<p class=\"wp-block-paragraph\">En sus inicios, el grupo de Mordisco uni\u00f3 fuerzas con las disidencias del Frente S\u00e9ptimo. Lo que empez\u00f3 con 400 hombres en los departamentos de Guaviare, Guain\u00eda y Vaup\u00e9s, al suroriente de Colombia, en cuesti\u00f3n de a\u00f1os, lleg\u00f3 a ser la mayor facci\u00f3n disidente de todo el pa\u00eds, con injerencia en el sur, oriente y occidente, incluyendo el departamento del Cauca.&nbsp;<\/p>\n\n\n\n<blockquote class=\"wp-block-quote is-layout-flow wp-block-quote-is-layout-flow\">\n<p class=\"wp-block-paragraph\"><mark style=\"background-color:rgba(0, 0, 0, 0);color:#b40026\" class=\"has-inline-color\">VEA TAMBI\u00c9N:<\/mark> <a href=\"https:\/\/insightcrime.org\/es\/noticias-crimen-organizado-colombia\/ex-farc-mafia-estado-mayor-central\/\" target=\"_blank\" rel=\"noreferrer noopener\">Estado Mayor Central \u2013 Disidencias de las FARC<\/a><\/p>\n<\/blockquote>\n\n\n\n<p class=\"wp-block-paragraph\">En Cauca, particularmente, se apalanc\u00f3 a trav\u00e9s de excombatientes que hab\u00edan integrado las filas de los frentes 6, 8, 30 y 10 y la Columna M\u00f3vil Jacobo Arenas de las FARC \u2014que ejercieron presencia en el departamento durante d\u00e9cadas. De all\u00ed emergieron los n\u00facleos disidentes dominantes en el departamento hoy: los Frentes Dagoberto Ramos, Jaime Mart\u00ednez, Carlos Pati\u00f1o y Rafael Aguilera.&nbsp;<\/p>\n\n\n\n<figure class=\"wp-block-image size-large\"><img data-recalc-dims=\"1\" loading=\"lazy\" decoding=\"async\" width=\"819\" height=\"1024\" src=\"https:\/\/i0.wp.com\/insightcrime.org\/wp-content\/uploads\/2026\/02\/Youth-Recruitment-Grupos-armados-cultivos-coca-marihuana-mineria-ilegal-en-Cauca-Colombia-Mapa-InSightCrime-Ene-2026-3.jpg?resize=819%2C1024&#038;quality=100&#038;ssl=1\" alt=\"presencia del Estado Mayor Central y otros grupos criminales en Cauca, Colombia\" class=\"wp-image-332653\" srcset=\"https:\/\/i0.wp.com\/insightcrime.org\/wp-content\/uploads\/2026\/02\/Youth-Recruitment-Grupos-armados-cultivos-coca-marihuana-mineria-ilegal-en-Cauca-Colombia-Mapa-InSightCrime-Ene-2026-3.jpg?resize=819%2C1024&amp;quality=100&amp;ssl=1 819w, https:\/\/i0.wp.com\/insightcrime.org\/wp-content\/uploads\/2026\/02\/Youth-Recruitment-Grupos-armados-cultivos-coca-marihuana-mineria-ilegal-en-Cauca-Colombia-Mapa-InSightCrime-Ene-2026-3.jpg?resize=240%2C300&amp;quality=100&amp;ssl=1 240w, https:\/\/i0.wp.com\/insightcrime.org\/wp-content\/uploads\/2026\/02\/Youth-Recruitment-Grupos-armados-cultivos-coca-marihuana-mineria-ilegal-en-Cauca-Colombia-Mapa-InSightCrime-Ene-2026-3.jpg?resize=768%2C960&amp;quality=100&amp;ssl=1 768w, https:\/\/i0.wp.com\/insightcrime.org\/wp-content\/uploads\/2026\/02\/Youth-Recruitment-Grupos-armados-cultivos-coca-marihuana-mineria-ilegal-en-Cauca-Colombia-Mapa-InSightCrime-Ene-2026-3.jpg?resize=1229%2C1536&amp;quality=100&amp;ssl=1 1229w, https:\/\/i0.wp.com\/insightcrime.org\/wp-content\/uploads\/2026\/02\/Youth-Recruitment-Grupos-armados-cultivos-coca-marihuana-mineria-ilegal-en-Cauca-Colombia-Mapa-InSightCrime-Ene-2026-3.jpg?resize=1200%2C1500&amp;quality=100&amp;ssl=1 1200w, https:\/\/i0.wp.com\/insightcrime.org\/wp-content\/uploads\/2026\/02\/Youth-Recruitment-Grupos-armados-cultivos-coca-marihuana-mineria-ilegal-en-Cauca-Colombia-Mapa-InSightCrime-Ene-2026-3.jpg?resize=780%2C975&amp;quality=100&amp;ssl=1 780w, https:\/\/i0.wp.com\/insightcrime.org\/wp-content\/uploads\/2026\/02\/Youth-Recruitment-Grupos-armados-cultivos-coca-marihuana-mineria-ilegal-en-Cauca-Colombia-Mapa-InSightCrime-Ene-2026-3.jpg?resize=400%2C500&amp;quality=100&amp;ssl=1 400w, https:\/\/i0.wp.com\/insightcrime.org\/wp-content\/uploads\/2026\/02\/Youth-Recruitment-Grupos-armados-cultivos-coca-marihuana-mineria-ilegal-en-Cauca-Colombia-Mapa-InSightCrime-Ene-2026-3.jpg?resize=706%2C883&amp;quality=100&amp;ssl=1 706w, https:\/\/i0.wp.com\/insightcrime.org\/wp-content\/uploads\/2026\/02\/Youth-Recruitment-Grupos-armados-cultivos-coca-marihuana-mineria-ilegal-en-Cauca-Colombia-Mapa-InSightCrime-Ene-2026-3.jpg?w=1300&amp;quality=100&amp;ssl=1 1300w, https:\/\/i0.wp.com\/insightcrime.org\/wp-content\/uploads\/2026\/02\/Youth-Recruitment-Grupos-armados-cultivos-coca-marihuana-mineria-ilegal-en-Cauca-Colombia-Mapa-InSightCrime-Ene-2026-3-819x1024.jpg?w=370&amp;quality=100&amp;ssl=1 370w\" sizes=\"auto, (max-width: 819px) 100vw, 819px\" \/><\/figure>\n\n\n\n<p class=\"wp-block-paragraph\">Adem\u00e1s de las disidencias del EMC, en el Cauca tambi\u00e9n operan el Ej\u00e9rcito de Liberaci\u00f3n Nacional (<a href=\"https:\/\/insightcrime.org\/es\/noticias-crimen-organizado-colombia\/eln-colombia\/\" target=\"_blank\" rel=\"noreferrer noopener\">ELN<\/a>) y una estructura disidente de las FARC no alineada al EMC, el Frente 57, y est\u00e1n intentando aumentar su influencia.&nbsp;<\/p>\n\n\n\n<p class=\"wp-block-paragraph\">Tanto el ELN como el Frente 57 est\u00e1n librando una batalla con el EMC en los extremos sur y norte del Cauca por el dominio del tr\u00e1fico de drogas, la miner\u00eda ilegal y los corredores estrat\u00e9gicos que abundan en el departamento.&nbsp;<\/p>\n\n\n\n<h2 class=\"wp-block-heading\" id=\"h-cual-paz-total-nbsp\">\u00bfCu\u00e1l Paz Total?&nbsp;<\/h2>\n\n\n\n<p class=\"wp-block-paragraph\">Ante el poder\u00edo del EMC en Cauca \u2014y en otros territorios a nivel nacional\u2014 en 2022, el presidente Gustavo Petro inici\u00f3 conversaciones de paz con el grupo armado en el marco de la pol\u00edtica de \u201cPaz Total\u201d, la apuesta del presidente que busca negociar con los principales grupos armados del pa\u00eds el cese de sus actividades criminales.<\/p>\n\n\n\n<p class=\"wp-block-paragraph\">La idea de acabar con la guerra en uno de los territorios m\u00e1s afectados por el conflicto armado despert\u00f3, una vez m\u00e1s, optimismo en los caucanos, que perciben la paz no solo como la ausencia de violencia, sino tambi\u00e9n como un sin\u00f3nimo de presencia institucional, estabilidad laboral y desarrollo.<\/p>\n\n\n\n<p class=\"wp-block-paragraph\">\u201cHab\u00eda mucha esperanza\u201d, dijo un representante de una organizaci\u00f3n multilateral en el territorio a InSight Crime en condici\u00f3n de anonimato por razones de seguridad. \u201cLa gente se me acercaba ilusionada pensando que aqu\u00ed iba a llegar de todo, oportunidades, bienes y servicios\u201d, a\u00f1adi\u00f3.&nbsp;<\/p>\n\n\n\n<figure class=\"wp-block-image size-large\"><img data-recalc-dims=\"1\" loading=\"lazy\" decoding=\"async\" width=\"1024\" height=\"715\" src=\"https:\/\/i0.wp.com\/insightcrime.org\/wp-content\/uploads\/2026\/02\/Mural-Sembrar-en-mi-suelo-semillas-de-paz-Universidad-Autonoma-Indigena-Intercultural-Popayan-Cauca-5-de-nov-2025.jpg?resize=1024%2C715&#038;quality=100&#038;ssl=1\" alt=\"\" class=\"wp-image-332584\" srcset=\"https:\/\/i0.wp.com\/insightcrime.org\/wp-content\/uploads\/2026\/02\/Mural-Sembrar-en-mi-suelo-semillas-de-paz-Universidad-Autonoma-Indigena-Intercultural-Popayan-Cauca-5-de-nov-2025.jpg?resize=1024%2C715&amp;quality=100&amp;ssl=1 1024w, https:\/\/i0.wp.com\/insightcrime.org\/wp-content\/uploads\/2026\/02\/Mural-Sembrar-en-mi-suelo-semillas-de-paz-Universidad-Autonoma-Indigena-Intercultural-Popayan-Cauca-5-de-nov-2025.jpg?resize=300%2C210&amp;quality=100&amp;ssl=1 300w, https:\/\/i0.wp.com\/insightcrime.org\/wp-content\/uploads\/2026\/02\/Mural-Sembrar-en-mi-suelo-semillas-de-paz-Universidad-Autonoma-Indigena-Intercultural-Popayan-Cauca-5-de-nov-2025.jpg?resize=768%2C536&amp;quality=100&amp;ssl=1 768w, https:\/\/i0.wp.com\/insightcrime.org\/wp-content\/uploads\/2026\/02\/Mural-Sembrar-en-mi-suelo-semillas-de-paz-Universidad-Autonoma-Indigena-Intercultural-Popayan-Cauca-5-de-nov-2025.jpg?resize=780%2C545&amp;quality=100&amp;ssl=1 780w, https:\/\/i0.wp.com\/insightcrime.org\/wp-content\/uploads\/2026\/02\/Mural-Sembrar-en-mi-suelo-semillas-de-paz-Universidad-Autonoma-Indigena-Intercultural-Popayan-Cauca-5-de-nov-2025.jpg?resize=400%2C279&amp;quality=100&amp;ssl=1 400w, https:\/\/i0.wp.com\/insightcrime.org\/wp-content\/uploads\/2026\/02\/Mural-Sembrar-en-mi-suelo-semillas-de-paz-Universidad-Autonoma-Indigena-Intercultural-Popayan-Cauca-5-de-nov-2025.jpg?resize=706%2C493&amp;quality=100&amp;ssl=1 706w, https:\/\/i0.wp.com\/insightcrime.org\/wp-content\/uploads\/2026\/02\/Mural-Sembrar-en-mi-suelo-semillas-de-paz-Universidad-Autonoma-Indigena-Intercultural-Popayan-Cauca-5-de-nov-2025.jpg?w=1200&amp;quality=100&amp;ssl=1 1200w, https:\/\/i0.wp.com\/insightcrime.org\/wp-content\/uploads\/2026\/02\/Mural-Sembrar-en-mi-suelo-semillas-de-paz-Universidad-Autonoma-Indigena-Intercultural-Popayan-Cauca-5-de-nov-2025-1024x715.jpg?w=370&amp;quality=100&amp;ssl=1 370w\" sizes=\"auto, (max-width: 1000px) 100vw, 1000px\" \/><figcaption class=\"wp-element-caption\"><em>Mural \u201cSembrar en mi suelo semillas de paz\u201d, Universidad Aut\u00f3noma Ind\u00edgena Intercultural, Popay\u00e1n, Cauca, 5 de noviembre de 2025. Cr\u00e9dito: Juliana Manjarr\u00e9s, InSight Crime.<\/em><\/figcaption><\/figure>\n\n\n\n<p class=\"wp-block-paragraph\">En octubre de 2023 se alcanz\u00f3 lo que parec\u00eda ser uno de los primeros triunfos: un cese al fuego bilateral entre el gobierno y el EMC. Pero la ausencia de confrontaciones entre la fuerza p\u00fablica y el grupo disidente trajo pocos beneficios a la poblaci\u00f3n del Cauca. El grupo aprovech\u00f3 que el brazo armado del Estado no pod\u00eda atacarlos para expandir su presencia y control en el departamento. No solo aumentaron los cultivos de coca, sino que llegaron a disputar zonas controladas por otros grupos criminales, todo a costa de un masivo reclutamiento de menores de edad.<\/p>\n\n\n\n<p class=\"wp-block-paragraph\">El 16 de marzo de 2024, un asesinato marc\u00f3 un punto de inflexi\u00f3n en las negociaciones. Ese d\u00eda, el Frente Dabogerto Ramos le dispar\u00f3 a sangre fr\u00eda a la Mayora ind\u00edgena Carmelina Yule en el municipio de Torib\u00edo, al norte del departamento. Ella se hab\u00eda negado a guardar silencio frente a los abusos de la organizaci\u00f3n criminal, y el d\u00eda que la asesinaron hab\u00eda ido junto con un grupo de ind\u00edgenas a rescatar a un menor ind\u00edgena que el frente Dagoberto Ramos hab\u00eda reclutado.&nbsp;<\/p>\n\n\n\n<p class=\"wp-block-paragraph\">En respuesta al asesinato, el presidente Petro suspendi\u00f3 el cese al fuego y el EMC sufri\u00f3 una ruptura interna. Mordisco se neg\u00f3 a seguir negociando hasta que se restableciera el cese al fuego, mientras que otra facci\u00f3n, liderada por <a href=\"https:\/\/insightcrime.org\/es\/noticias-crimen-organizado-colombia\/alexander-diaz-alias-calarca-cordoba\/\" target=\"_blank\" rel=\"noreferrer noopener\">Alexander D\u00edaz, alias \u201cCalarc\u00e1 C\u00f3rdoba\u201d<\/a>, opt\u00f3 por continuar las conversaciones.<\/p>\n\n\n\n<p class=\"wp-block-paragraph\">Con el asesinato de Yule, tambi\u00e9n se enterraron las expectativas en torno a la Paz Total en el territorio.&nbsp;<\/p>\n\n\n\n<div class=\"wp-block-columns is-layout-flex wp-container-core-columns-is-layout-8f761849 wp-block-columns-is-layout-flex\">\n<div class=\"wp-block-column is-layout-flow wp-block-column-is-layout-flow\">\n<figure class=\"wp-block-image size-large\"><img data-recalc-dims=\"1\" loading=\"lazy\" decoding=\"async\" width=\"1024\" height=\"768\" src=\"https:\/\/i0.wp.com\/insightcrime.org\/wp-content\/uploads\/2026\/02\/image-7.jpeg?resize=1024%2C768&#038;quality=100&#038;ssl=1\" alt=\"\" class=\"wp-image-332612\" srcset=\"https:\/\/i0.wp.com\/insightcrime.org\/wp-content\/uploads\/2026\/02\/image-7.jpeg?resize=1024%2C768&amp;quality=100&amp;ssl=1 1024w, https:\/\/i0.wp.com\/insightcrime.org\/wp-content\/uploads\/2026\/02\/image-7.jpeg?resize=300%2C225&amp;quality=100&amp;ssl=1 300w, https:\/\/i0.wp.com\/insightcrime.org\/wp-content\/uploads\/2026\/02\/image-7.jpeg?resize=768%2C576&amp;quality=100&amp;ssl=1 768w, https:\/\/i0.wp.com\/insightcrime.org\/wp-content\/uploads\/2026\/02\/image-7.jpeg?resize=1536%2C1152&amp;quality=100&amp;ssl=1 1536w, https:\/\/i0.wp.com\/insightcrime.org\/wp-content\/uploads\/2026\/02\/image-7.jpeg?resize=1200%2C900&amp;quality=100&amp;ssl=1 1200w, https:\/\/i0.wp.com\/insightcrime.org\/wp-content\/uploads\/2026\/02\/image-7.jpeg?resize=800%2C600&amp;quality=100&amp;ssl=1 800w, https:\/\/i0.wp.com\/insightcrime.org\/wp-content\/uploads\/2026\/02\/image-7.jpeg?resize=600%2C450&amp;quality=100&amp;ssl=1 600w, https:\/\/i0.wp.com\/insightcrime.org\/wp-content\/uploads\/2026\/02\/image-7.jpeg?resize=400%2C300&amp;quality=100&amp;ssl=1 400w, https:\/\/i0.wp.com\/insightcrime.org\/wp-content\/uploads\/2026\/02\/image-7.jpeg?resize=200%2C150&amp;quality=100&amp;ssl=1 200w, https:\/\/i0.wp.com\/insightcrime.org\/wp-content\/uploads\/2026\/02\/image-7.jpeg?resize=780%2C585&amp;quality=100&amp;ssl=1 780w, https:\/\/i0.wp.com\/insightcrime.org\/wp-content\/uploads\/2026\/02\/image-7.jpeg?resize=706%2C530&amp;quality=100&amp;ssl=1 706w, https:\/\/i0.wp.com\/insightcrime.org\/wp-content\/uploads\/2026\/02\/image-7.jpeg?w=1600&amp;quality=100&amp;ssl=1 1600w, https:\/\/i0.wp.com\/insightcrime.org\/wp-content\/uploads\/2026\/02\/image-7-1024x768.jpeg?w=370&amp;quality=100&amp;ssl=1 370w\" sizes=\"auto, (max-width: 1000px) 100vw, 1000px\" \/><figcaption class=\"wp-element-caption\"><em>Afiche \u201cCallar duele, denunciar salva\u201d, en la alcald\u00eda de Popay\u00e1n, Cauca, 6 de noviembre de 2025. Cr\u00e9dito: Juliana Manjarr\u00e9s, InSight Crime.<\/em><br><\/figcaption><\/figure>\n<\/div>\n\n\n\n<div class=\"wp-block-column is-layout-flow wp-block-column-is-layout-flow\">\n<figure class=\"wp-block-image size-large\"><img data-recalc-dims=\"1\" loading=\"lazy\" decoding=\"async\" width=\"1024\" height=\"768\" src=\"https:\/\/i0.wp.com\/insightcrime.org\/wp-content\/uploads\/2026\/02\/image-8.jpeg?resize=1024%2C768&#038;quality=100&#038;ssl=1\" alt=\"\" class=\"wp-image-332613\" srcset=\"https:\/\/i0.wp.com\/insightcrime.org\/wp-content\/uploads\/2026\/02\/image-8.jpeg?resize=1024%2C768&amp;quality=100&amp;ssl=1 1024w, https:\/\/i0.wp.com\/insightcrime.org\/wp-content\/uploads\/2026\/02\/image-8.jpeg?resize=300%2C225&amp;quality=100&amp;ssl=1 300w, https:\/\/i0.wp.com\/insightcrime.org\/wp-content\/uploads\/2026\/02\/image-8.jpeg?resize=768%2C576&amp;quality=100&amp;ssl=1 768w, https:\/\/i0.wp.com\/insightcrime.org\/wp-content\/uploads\/2026\/02\/image-8.jpeg?resize=1536%2C1152&amp;quality=100&amp;ssl=1 1536w, https:\/\/i0.wp.com\/insightcrime.org\/wp-content\/uploads\/2026\/02\/image-8.jpeg?resize=1200%2C900&amp;quality=100&amp;ssl=1 1200w, https:\/\/i0.wp.com\/insightcrime.org\/wp-content\/uploads\/2026\/02\/image-8.jpeg?resize=800%2C600&amp;quality=100&amp;ssl=1 800w, https:\/\/i0.wp.com\/insightcrime.org\/wp-content\/uploads\/2026\/02\/image-8.jpeg?resize=600%2C450&amp;quality=100&amp;ssl=1 600w, https:\/\/i0.wp.com\/insightcrime.org\/wp-content\/uploads\/2026\/02\/image-8.jpeg?resize=400%2C300&amp;quality=100&amp;ssl=1 400w, https:\/\/i0.wp.com\/insightcrime.org\/wp-content\/uploads\/2026\/02\/image-8.jpeg?resize=200%2C150&amp;quality=100&amp;ssl=1 200w, https:\/\/i0.wp.com\/insightcrime.org\/wp-content\/uploads\/2026\/02\/image-8.jpeg?resize=780%2C585&amp;quality=100&amp;ssl=1 780w, https:\/\/i0.wp.com\/insightcrime.org\/wp-content\/uploads\/2026\/02\/image-8.jpeg?resize=706%2C530&amp;quality=100&amp;ssl=1 706w, https:\/\/i0.wp.com\/insightcrime.org\/wp-content\/uploads\/2026\/02\/image-8.jpeg?w=1600&amp;quality=100&amp;ssl=1 1600w, https:\/\/i0.wp.com\/insightcrime.org\/wp-content\/uploads\/2026\/02\/image-8-1024x768.jpeg?w=370&amp;quality=100&amp;ssl=1 370w\" sizes=\"auto, (max-width: 1000px) 100vw, 1000px\" \/><\/figure>\n<\/div>\n<\/div>\n\n\n\n<p class=\"wp-block-paragraph\">\u201c\u00bfDe qu\u00e9 Paz Total me hablas, si aqu\u00ed todos los d\u00edas matan gente?\u201d, dijo una mujer ind\u00edgena a InSight Crime que prefiri\u00f3 conservar el anonimato por razones de seguridad.&nbsp;<\/p>\n\n\n\n<blockquote class=\"wp-block-quote is-layout-flow wp-block-quote-is-layout-flow\">\n<p class=\"wp-block-paragraph\"><mark style=\"background-color:rgba(0, 0, 0, 0);color:#b40026\" class=\"has-inline-color\">VEA TAMBI\u00c9N:<\/mark> <a href=\"https:\/\/insightcrime.org\/es\/noticias\/gamechangers-2025-colombia-paz-total-sin-salida\/\" target=\"_blank\" rel=\"noreferrer noopener\">GameChangers 2025: El laberinto sin salida de la Paz Total en Colombia<\/a><\/p>\n<\/blockquote>\n\n\n\n<p class=\"wp-block-paragraph\">La realidad es que el EMC estaba m\u00e1s fuerte que nunca. Su poder\u00edo se hizo evidente hasta en la capital departamental, donde empezaron a instalar pancartas para anunciar su presencia.<\/p>\n\n\n\n<p class=\"wp-block-paragraph\">\u201cA 20 minutos del centro de Popay\u00e1n ya hay milicianos\u201d, dijo un docente que prefiri\u00f3 guardar anonimato por razones de seguridad.&nbsp;<\/p>\n\n\n\n<figure class=\"wp-block-image size-full\"><img data-recalc-dims=\"1\" loading=\"lazy\" decoding=\"async\" width=\"800\" height=\"530\" src=\"https:\/\/i0.wp.com\/insightcrime.org\/wp-content\/uploads\/2026\/02\/Pancarta-en-Puente-Alto-de-Cauca-en-Popayan.jpg?resize=800%2C530&#038;quality=100&#038;ssl=1\" alt=\"\" class=\"wp-image-332586\" srcset=\"https:\/\/i0.wp.com\/insightcrime.org\/wp-content\/uploads\/2026\/02\/Pancarta-en-Puente-Alto-de-Cauca-en-Popayan.jpg?w=800&amp;quality=100&amp;ssl=1 800w, https:\/\/i0.wp.com\/insightcrime.org\/wp-content\/uploads\/2026\/02\/Pancarta-en-Puente-Alto-de-Cauca-en-Popayan.jpg?resize=300%2C199&amp;quality=100&amp;ssl=1 300w, https:\/\/i0.wp.com\/insightcrime.org\/wp-content\/uploads\/2026\/02\/Pancarta-en-Puente-Alto-de-Cauca-en-Popayan.jpg?resize=768%2C509&amp;quality=100&amp;ssl=1 768w, https:\/\/i0.wp.com\/insightcrime.org\/wp-content\/uploads\/2026\/02\/Pancarta-en-Puente-Alto-de-Cauca-en-Popayan.jpg?resize=780%2C517&amp;quality=100&amp;ssl=1 780w, https:\/\/i0.wp.com\/insightcrime.org\/wp-content\/uploads\/2026\/02\/Pancarta-en-Puente-Alto-de-Cauca-en-Popayan.jpg?resize=400%2C265&amp;quality=100&amp;ssl=1 400w, https:\/\/i0.wp.com\/insightcrime.org\/wp-content\/uploads\/2026\/02\/Pancarta-en-Puente-Alto-de-Cauca-en-Popayan.jpg?resize=706%2C468&amp;quality=100&amp;ssl=1 706w, https:\/\/i0.wp.com\/insightcrime.org\/wp-content\/uploads\/2026\/02\/Pancarta-en-Puente-Alto-de-Cauca-en-Popayan.jpg?w=370&amp;quality=100&amp;ssl=1 370w\" sizes=\"auto, (max-width: 800px) 100vw, 800px\" \/><figcaption class=\"wp-element-caption\"><em>Pancarta en el Puente Alto de Cauca, en Popay\u00e1n, la capital del Cauca. Foto tomada por habitantes de Popay\u00e1n y compartida a InSight Crime en noviembre de 2025.<\/em><\/figcaption><\/figure>\n\n\n\n<p class=\"wp-block-paragraph\">En zonas rurales bajo su dominio, han impuesto un r\u00e9gimen en el que nadie se mueve sin autorizaci\u00f3n. A esto se le llama \u201ccarnetizaci\u00f3n\u201d y b\u00e1sicamente consiste en que la poblaci\u00f3n debe portar una identificaci\u00f3n expedida por ellos para transitar por los territorios.<\/p>\n\n\n\n<p class=\"wp-block-paragraph\">\u201cHacen un ret\u00e9n entrando al corregimiento y si t\u00fa no tienes el carn\u00e9, te cobran 500.000 pesos [alrededor de US$130]. Despu\u00e9s llaman al responsable tuyo en la vereda para verificar y dejarte entrar\u201d, dijo un docente del departamento a InSight Crime. \u201cEs un mecanismo que ellos utilizan para evitar que se les entre alguien de los otros grupos\u201d.<\/p>\n\n\n\n<p class=\"wp-block-paragraph\">En otros casos, se ha vuelto necesario circular con el vidrio bajo si uno circula en veh\u00edculo, o sin casco si se moviliza en moto. \u201cBaja el vidrio o plomo\u201d, es uno de los mensajes que el EMC ha dejado en pancartas o grafitis en zonas rurales del norte del Cauca. Eso es de lo primero que hacen las estructuras del EMC cuando llegan a un territorio para anunciar su presencia y las comunidades no pueden quitar estos avisos, explic\u00f3 a InSight Crime un miembro de una ONG.&nbsp;<\/p>\n\n\n\n<h2 class=\"wp-block-heading\" id=\"h-la-apuesta-militar-en-el-canon-del-micay\">La apuesta militar en el Ca\u00f1\u00f3n del Micay<\/h2>\n\n\n\n<p class=\"wp-block-paragraph\">Con el EMC fortalecido en el Cauca y los di\u00e1logos de paz desplomados, en octubre de 2024 el gobierno de Petro orden\u00f3 el despliegue de m\u00e1s de 1.400 miembros del ej\u00e9rcito y 17 tanquetas en el marco de la \u201c<a href=\"https:\/\/www.ejercito.mil.co\/fuerzas-militares-lanzan-operacion-perseo-para-recuperar-el-plateado-cauca\/\" target=\"_blank\" rel=\"noreferrer noopener\">Operaci\u00f3n Perseo<\/a>\u201d. Este ambicioso operativo ten\u00eda el objetivo de retomar el control del corregimiento estrat\u00e9gico de El Plateado, en el municipio central de Argelia, y expulsar al Frente Carlos Pati\u00f1o del territorio.<\/p>\n\n\n\n<p class=\"wp-block-paragraph\">El Plateado es un engranaje fundamental para el tr\u00e1fico de drogas al estar ubicado en el coraz\u00f3n del Ca\u00f1\u00f3n del Micay, una regi\u00f3n que concentra m\u00e1s del 75% de las plantaciones de coca de todo el Cauca y conecta los laboratorios para el procesamiento de coca\u00edna con innumerables puntos de salida de droga en el Pac\u00edfico.&nbsp;<\/p>\n\n\n\n<p class=\"wp-block-paragraph\">\u201cEl emporio de ellos [del EMC] est\u00e1 centrado sobre este punto\u201d, dijo un experto en seguridad y grupos armados en Cauca que habl\u00f3 con InSight Crime bajo condici\u00f3n de anonimato por motivos de seguridad.&nbsp;<\/p>\n\n\n\n<p class=\"wp-block-paragraph\">Aunque la Operaci\u00f3n Perseo consigui\u00f3 que el Frente Carlos Pati\u00f1o se retirara de El Plateado, la influencia sobre su poblaci\u00f3n y las rentas criminales estaba lejos de desaparecer. Las disidencias del EMC emprendieron diferentes acciones para entorpecer el avance de las tropas militares en el Ca\u00f1\u00f3n de Micay. Unas eran puramente b\u00e9licas, como inundar el territorio con minas antipersonales. Otras eran una muestra clara del control social que todav\u00eda ten\u00edan en la zona, incluso con el ej\u00e9rcito asentado en el territorio.&nbsp;<\/p>\n\n\n\n<p class=\"wp-block-paragraph\">A inicios de marzo, el Frente Carlos Pati\u00f1o, a trav\u00e9s de amenazas relacionadas con entorpecer el comercio y el trabajo, o atentar contra la integridad de los pobladores, presion\u00f3 a la comunidad del Ca\u00f1\u00f3n para que llevara a cabo una <a href=\"https:\/\/www.lasillavacia.com\/silla-nacional\/mindefensa-se-juega-en-el-plateado-el-principal-triunfo-militar-de-petro\/\">asonada masiva<\/a> en contra del ej\u00e9rcito y la polic\u00eda, en la que los manifestantes retuvieron a 29 uniformados.<\/p>\n\n\n\n<p class=\"wp-block-paragraph\">\u201cLes dec\u00edan: \u2018al que veamos que est\u00e1 muy contento con el ej\u00e9rcito, tendr\u00e1 sus consecuencias\u2019\u201d, dijo un trabajador social a InSight Crime que prefiri\u00f3 hablar bajo condici\u00f3n de anonimato por cuestiones de seguridad.<\/p>\n\n\n\n<p class=\"wp-block-paragraph\">El EMC tambi\u00e9n busc\u00f3 que sus operaciones de tr\u00e1fico de drogas siguieran fluyendo y para esto recicl\u00f3 antiguos corredores utilizados por las FARC en el sur del Cauca, explic\u00f3 a InSight Crime el experto en seguridad y grupos armados. <\/p>\n\n\n\n<figure class=\"wp-block-image size-large\"><img data-recalc-dims=\"1\" loading=\"lazy\" decoding=\"async\" width=\"841\" height=\"1024\" src=\"https:\/\/i0.wp.com\/insightcrime.org\/wp-content\/uploads\/2026\/02\/Canon-de-Micay-Encalve-cocalero-de-Cauca_Youth-recruitment_2026-1.png?resize=841%2C1024&#038;quality=100&#038;ssl=1\" alt=\"\" class=\"wp-image-332632\" srcset=\"https:\/\/i0.wp.com\/insightcrime.org\/wp-content\/uploads\/2026\/02\/Canon-de-Micay-Encalve-cocalero-de-Cauca_Youth-recruitment_2026-1.png?resize=841%2C1024&amp;quality=100&amp;ssl=1 841w, https:\/\/i0.wp.com\/insightcrime.org\/wp-content\/uploads\/2026\/02\/Canon-de-Micay-Encalve-cocalero-de-Cauca_Youth-recruitment_2026-1.png?resize=246%2C300&amp;quality=100&amp;ssl=1 246w, https:\/\/i0.wp.com\/insightcrime.org\/wp-content\/uploads\/2026\/02\/Canon-de-Micay-Encalve-cocalero-de-Cauca_Youth-recruitment_2026-1.png?resize=768%2C935&amp;quality=100&amp;ssl=1 768w, https:\/\/i0.wp.com\/insightcrime.org\/wp-content\/uploads\/2026\/02\/Canon-de-Micay-Encalve-cocalero-de-Cauca_Youth-recruitment_2026-1.png?resize=1261%2C1536&amp;quality=100&amp;ssl=1 1261w, https:\/\/i0.wp.com\/insightcrime.org\/wp-content\/uploads\/2026\/02\/Canon-de-Micay-Encalve-cocalero-de-Cauca_Youth-recruitment_2026-1.png?resize=1200%2C1461&amp;quality=100&amp;ssl=1 1200w, https:\/\/i0.wp.com\/insightcrime.org\/wp-content\/uploads\/2026\/02\/Canon-de-Micay-Encalve-cocalero-de-Cauca_Youth-recruitment_2026-1.png?resize=780%2C950&amp;quality=100&amp;ssl=1 780w, https:\/\/i0.wp.com\/insightcrime.org\/wp-content\/uploads\/2026\/02\/Canon-de-Micay-Encalve-cocalero-de-Cauca_Youth-recruitment_2026-1.png?resize=400%2C487&amp;quality=100&amp;ssl=1 400w, https:\/\/i0.wp.com\/insightcrime.org\/wp-content\/uploads\/2026\/02\/Canon-de-Micay-Encalve-cocalero-de-Cauca_Youth-recruitment_2026-1.png?resize=706%2C860&amp;quality=100&amp;ssl=1 706w, https:\/\/i0.wp.com\/insightcrime.org\/wp-content\/uploads\/2026\/02\/Canon-de-Micay-Encalve-cocalero-de-Cauca_Youth-recruitment_2026-1.png?w=1300&amp;quality=100&amp;ssl=1 1300w, https:\/\/i0.wp.com\/insightcrime.org\/wp-content\/uploads\/2026\/02\/Canon-de-Micay-Encalve-cocalero-de-Cauca_Youth-recruitment_2026-1-841x1024.png?w=370&amp;quality=100&amp;ssl=1 370w\" sizes=\"auto, (max-width: 841px) 100vw, 841px\" \/><\/figure>\n\n\n\n<p class=\"wp-block-paragraph\">\u201cAl entrar el ej\u00e9rcito, cierran la parte norte del Ca\u00f1\u00f3n de Micay. Entonces ellos [el EMC] \u00bfqu\u00e9 hicieron? Lo que hicieron fue buscar una manera de sacar la droga por otro lado, sobre todo por el macizo colombiano\u201d, agreg\u00f3 el experto.&nbsp;<\/p>\n\n\n\n<figure class=\"wp-block-image size-full\"><img data-recalc-dims=\"1\" loading=\"lazy\" decoding=\"async\" width=\"940\" height=\"1222\" src=\"https:\/\/i0.wp.com\/insightcrime.org\/wp-content\/uploads\/2026\/02\/Comunicado-FARC.jpg?resize=940%2C1222&#038;quality=100&#038;ssl=1\" alt=\"\" class=\"wp-image-332582\" srcset=\"https:\/\/i0.wp.com\/insightcrime.org\/wp-content\/uploads\/2026\/02\/Comunicado-FARC.jpg?w=940&amp;quality=100&amp;ssl=1 940w, https:\/\/i0.wp.com\/insightcrime.org\/wp-content\/uploads\/2026\/02\/Comunicado-FARC.jpg?resize=231%2C300&amp;quality=100&amp;ssl=1 231w, https:\/\/i0.wp.com\/insightcrime.org\/wp-content\/uploads\/2026\/02\/Comunicado-FARC.jpg?resize=788%2C1024&amp;quality=100&amp;ssl=1 788w, https:\/\/i0.wp.com\/insightcrime.org\/wp-content\/uploads\/2026\/02\/Comunicado-FARC.jpg?resize=768%2C998&amp;quality=100&amp;ssl=1 768w, https:\/\/i0.wp.com\/insightcrime.org\/wp-content\/uploads\/2026\/02\/Comunicado-FARC.jpg?resize=780%2C1014&amp;quality=100&amp;ssl=1 780w, https:\/\/i0.wp.com\/insightcrime.org\/wp-content\/uploads\/2026\/02\/Comunicado-FARC.jpg?resize=400%2C520&amp;quality=100&amp;ssl=1 400w, https:\/\/i0.wp.com\/insightcrime.org\/wp-content\/uploads\/2026\/02\/Comunicado-FARC.jpg?resize=706%2C918&amp;quality=100&amp;ssl=1 706w, https:\/\/i0.wp.com\/insightcrime.org\/wp-content\/uploads\/2026\/02\/Comunicado-FARC.jpg?w=370&amp;quality=100&amp;ssl=1 370w\" sizes=\"auto, (max-width: 940px) 100vw, 940px\" \/><\/figure>\n\n\n\n<p class=\"wp-block-paragraph\">Para esto, el EMC anunci\u00f3 en julio de 2025 la creaci\u00f3n de un nuevo frente denominado Andr\u00e9s Pati\u00f1o y con este, la incursi\u00f3n en el macizo colombiano, que conecta el sur del Cauca con los departamentos de Nari\u00f1o y Putumayo, dos de los mayores productores de coca del pa\u00eds. El macizo ha estado bajo el dominio del ELN por a\u00f1os, y hoy, con la expansi\u00f3n del Andr\u00e9s Pati\u00f1o, se ha convertido en un campo de batalla entre ambos sindicatos criminales y las fuerzas de seguridad.<\/p>\n\n\n\n<div class=\"wp-block-columns is-layout-flex wp-container-core-columns-is-layout-8f761849 wp-block-columns-is-layout-flex\">\n<div class=\"wp-block-column is-layout-flow wp-block-column-is-layout-flow\" style=\"flex-basis:33.33%\">\n<figure class=\"wp-block-image size-large\"><img data-recalc-dims=\"1\" loading=\"lazy\" decoding=\"async\" width=\"768\" height=\"1024\" src=\"https:\/\/i0.wp.com\/insightcrime.org\/wp-content\/uploads\/2026\/02\/Autoridad-indigena-con-baston-de-mando-Popayan-Cauca-5-nov-2025.jpg?resize=768%2C1024&#038;quality=100&#038;ssl=1\" alt=\"\" class=\"wp-image-332580\" srcset=\"https:\/\/i0.wp.com\/insightcrime.org\/wp-content\/uploads\/2026\/02\/Autoridad-indigena-con-baston-de-mando-Popayan-Cauca-5-nov-2025.jpg?resize=768%2C1024&amp;quality=100&amp;ssl=1 768w, https:\/\/i0.wp.com\/insightcrime.org\/wp-content\/uploads\/2026\/02\/Autoridad-indigena-con-baston-de-mando-Popayan-Cauca-5-nov-2025.jpg?resize=225%2C300&amp;quality=100&amp;ssl=1 225w, https:\/\/i0.wp.com\/insightcrime.org\/wp-content\/uploads\/2026\/02\/Autoridad-indigena-con-baston-de-mando-Popayan-Cauca-5-nov-2025.jpg?resize=1152%2C1536&amp;quality=100&amp;ssl=1 1152w, https:\/\/i0.wp.com\/insightcrime.org\/wp-content\/uploads\/2026\/02\/Autoridad-indigena-con-baston-de-mando-Popayan-Cauca-5-nov-2025.jpg?resize=900%2C1200&amp;quality=100&amp;ssl=1 900w, https:\/\/i0.wp.com\/insightcrime.org\/wp-content\/uploads\/2026\/02\/Autoridad-indigena-con-baston-de-mando-Popayan-Cauca-5-nov-2025.jpg?resize=600%2C800&amp;quality=100&amp;ssl=1 600w, https:\/\/i0.wp.com\/insightcrime.org\/wp-content\/uploads\/2026\/02\/Autoridad-indigena-con-baston-de-mando-Popayan-Cauca-5-nov-2025.jpg?resize=450%2C600&amp;quality=100&amp;ssl=1 450w, https:\/\/i0.wp.com\/insightcrime.org\/wp-content\/uploads\/2026\/02\/Autoridad-indigena-con-baston-de-mando-Popayan-Cauca-5-nov-2025.jpg?resize=300%2C400&amp;quality=100&amp;ssl=1 300w, https:\/\/i0.wp.com\/insightcrime.org\/wp-content\/uploads\/2026\/02\/Autoridad-indigena-con-baston-de-mando-Popayan-Cauca-5-nov-2025.jpg?resize=150%2C200&amp;quality=100&amp;ssl=1 150w, https:\/\/i0.wp.com\/insightcrime.org\/wp-content\/uploads\/2026\/02\/Autoridad-indigena-con-baston-de-mando-Popayan-Cauca-5-nov-2025.jpg?resize=780%2C1040&amp;quality=100&amp;ssl=1 780w, https:\/\/i0.wp.com\/insightcrime.org\/wp-content\/uploads\/2026\/02\/Autoridad-indigena-con-baston-de-mando-Popayan-Cauca-5-nov-2025.jpg?resize=400%2C533&amp;quality=100&amp;ssl=1 400w, https:\/\/i0.wp.com\/insightcrime.org\/wp-content\/uploads\/2026\/02\/Autoridad-indigena-con-baston-de-mando-Popayan-Cauca-5-nov-2025.jpg?resize=706%2C941&amp;quality=100&amp;ssl=1 706w, https:\/\/i0.wp.com\/insightcrime.org\/wp-content\/uploads\/2026\/02\/Autoridad-indigena-con-baston-de-mando-Popayan-Cauca-5-nov-2025.jpg?w=1200&amp;quality=100&amp;ssl=1 1200w, https:\/\/i0.wp.com\/insightcrime.org\/wp-content\/uploads\/2026\/02\/Autoridad-indigena-con-baston-de-mando-Popayan-Cauca-5-nov-2025-768x1024.jpg?w=370&amp;quality=100&amp;ssl=1 370w\" sizes=\"auto, (max-width: 768px) 100vw, 768px\" \/><figcaption class=\"wp-element-caption\"><em>Autoridad ind\u00edgena empu\u00f1a su bast\u00f3n de mando en Popay\u00e1n, Cauca, 5 de noviembre de 2025. Cr\u00e9dito: Mar\u00eda Fernanda Ram\u00edrez, InSight Crime.&nbsp;&nbsp;<\/em><\/figcaption><\/figure>\n<\/div>\n\n\n\n<div class=\"wp-block-column is-layout-flow wp-block-column-is-layout-flow\" style=\"flex-basis:66.66%\">\n<p class=\"wp-block-paragraph\">Para librar estos enfrentamientos, los frentes del EMC \u2014al igual que el ELN\u2014 han engrosado sus filas de manera agresiva mediante el reclutamiento de menores. En 2024, las autoridades departamentales registraron 345 menores reclutados en todo el departamento, mientras que en 2021 fueron 46, lo que equivale a un aumento del 650% en tan solo tres a\u00f1os. Del total de menores reclutados en 2024, el 64% eran ind\u00edgenas del norte y oriente del Cauca, y muchos de ellos fueron llevados hasta el Ca\u00f1\u00f3n y el macizo.<\/p>\n<\/div>\n<\/div>\n\n\n\n<h2 class=\"wp-block-heading\" id=\"h-autoridades-maniatadas-nbsp\">Autoridades \u2018maniatadas\u2019&nbsp;<\/h2>\n\n\n\n<p class=\"wp-block-paragraph\">Hoy el Cauca sigue preso de la guerra, al tiempo que las fuerzas de seguridad se encuentran maniatadas.&nbsp;<\/p>\n\n\n\n<p class=\"wp-block-paragraph\">M\u00e1s all\u00e1 del Ca\u00f1\u00f3n del Micay, el EMC ha seguido afianzando su presencia en el Cauca a punta de constantes ataques y hostigamientos contra la polic\u00eda y el ej\u00e9rcito. Desde principios de 2023 hasta hoy, han emprendido m\u00e1s de 40 ataques y hostigamientos dirigidos, en su mayor\u00eda a comisar\u00edas de polic\u00eda y puestos militares, a trav\u00e9s del uso de explosivos, francotiradores, carros bomba y drones.<\/p>\n\n\n\n<p class=\"wp-block-paragraph\">\u201cDespu\u00e9s de la Operaci\u00f3n Perseo, lo que han hecho es ir estallando todo. Estallan aqu\u00ed, estallan all\u00e1\u201d, dijo una trabajadora de la gobernaci\u00f3n a InSight Crime.<\/p>\n\n\n\n<p class=\"wp-block-paragraph\">De hecho, recientemente, las estructuras del EMC se han especializado en sistemas de drones de ataque, conocidos t\u00e9cnicamente como WAS (Warfare Automation Systems). Estos artefactos, capaces de cargar granadas de fragmentaci\u00f3n o morteros, son operados de forma remota, y han permitido al EMC atacar a las fuerzas de seguridad sin salir de sus cuarteles.&nbsp;<\/p>\n\n\n\n<figure class=\"wp-block-embed is-type-wp-embed is-provider-flourish wp-block-embed-flourish\"><div class=\"wp-block-embed__wrapper\">\n<iframe loading=\"lazy\" class=\"wp-embedded-content\" sandbox=\"allow-scripts\" security=\"restricted\" title=\"Interactive or visual content\" src=\"https:\/\/flo.uri.sh\/visualisation\/27300317\/embed#?secret=QFUilIChOJ\" data-secret=\"QFUilIChOJ\" frameborder=\"0\" scrolling=\"no\" height=\"575\" width=\"500\"><\/iframe>\n<\/div><\/figure>\n\n\n\n<p class=\"wp-block-paragraph\">Los ataques del EMC alcanzaron otro matiz el 10 de junio de 2025, cuando esta facci\u00f3n de disidentes llev\u00f3 a cabo alrededor de 18 ataques en el Cauca y su departamento vecino, Valle del Cauca, que afectaron estaciones de la polic\u00eda, de la armada, v\u00edas principales, y en el que siete personas resultaron muertas.<\/p>\n\n\n\n<p class=\"wp-block-paragraph\">Los ataques en contra de las fuerzas de seguridad en el Cauca son tan comunes, que hasta una frase resuena en todo el departamento: \u201cla polic\u00eda est\u00e1 \u2018secuestrada\u2019 en sus propios cuarteles\u201d.&nbsp;<\/p>\n\n\n\n<p class=\"wp-block-paragraph\">Diversas fuentes en terreno dijeron a InSight Crime que, a causa de los constantes ataques en su contra, los uniformados de la polic\u00eda han optado por el repliegue, y se han visto obligados a limitar sus patrullajes.<\/p>\n\n\n\n<p class=\"wp-block-paragraph\">El Ej\u00e9rcito, por su parte, tambi\u00e9n se ha enfrentado a una suerte de t\u00e1ctica de guerra h\u00edbrida. Al igual que sucedi\u00f3 en el Ca\u00f1\u00f3n del Micay, a lo largo del Cauca los grupos criminales han continuado instrumentalizando a la poblaci\u00f3n civil para realizar asonadas que buscan impedir el avance de las tropas, por ejemplo durante operativos para destruir maquinaria utilizada en la miner\u00eda ilegal.<\/p>\n\n\n\n<p class=\"wp-block-paragraph\">\u201cEs una guerra sin fin en donde los m\u00e1s afectados son las comunidades\u201d, dijo una investigadora local a InSight Crime.<\/p>\n","protected":false},"excerpt":{"rendered":"<p>Hay una larga lista de ataques del EMC dirigidos a las fuerzas de seguridad en el Cauca durante los \u00faltimos dos a\u00f1os. Lo que est\u00e1 en juego es un territorio plagado de minas ilegales de oro, cultivos de coca y marihuana, y que sirve como un puente que conecta el sur del pa\u00eds con el Pac\u00edfico colombiano \u2014una salida clave para la droga que se dirige a mercados internacionales\u2014.\u00a0<br \/>\nCon estos ataques, el mensaje del EMC es claro: son ellos quienes mandan en el departamento y la posibilidad de paz en el Cauca es cada vez m\u00e1s lejana.<\/p>\n","protected":false},"author":213,"featured_media":332605,"comment_status":"closed","ping_status":"closed","sticky":false,"template":"single-feature.php","format":"standard","meta":{"newspack_ads_suppress_ads":false,"newspack_popups_has_disabled_popups":false,"newspack_sponsor_sponsorship_scope":"","newspack_sponsor_native_byline_display":"inherit","newspack_sponsor_native_category_display":"inherit","newspack_sponsor_underwriter_style":"inherit","newspack_sponsor_underwriter_placement":"inherit","_EventAllDay":false,"_EventTimezone":"","_EventStartDate":"","_EventEndDate":"","_EventStartDateUTC":"","_EventEndDateUTC":"","_EventShowMap":false,"_EventShowMapLink":false,"_EventURL":"","_EventCost":"","_EventCostDescription":"","_EventCurrencySymbol":"","_EventCurrencyCode":"","_EventCurrencyPosition":"","_EventDateTimeSeparator":"","_EventTimeRangeSeparator":"","_EventOrganizerID":[],"_EventVenueID":[],"_OrganizerEmail":"","_OrganizerPhone":"","_OrganizerWebsite":"","_VenueAddress":"","_VenueCity":"","_VenueCountry":"","_VenueProvince":"","_VenueState":"","_VenueZip":"","_VenuePhone":"","_VenueURL":"","_VenueStateProvince":"","_VenueLat":"","_VenueLng":"","_VenueShowMap":false,"_VenueShowMapLink":false,"_newspack_byline_active":false,"_newspack_byline":"","newspack_hide_updated_date":false,"newspack_show_updated_date":false,"newspack_featured_image_position":"above","newspack_post_subtitle":"","newspack_article_summary_title":"Overview:","newspack_article_summary":"","_jetpack_memberships_contains_paid_content":false,"footnotes":""},"categories":[4516,741],"tags":[477,3412,3387,371,4608,4387,4565],"newspack_spnsrs_tax":[],"coauthors":[4208,4260],"class_list":["post-332610","post","type-post","status-publish","format-standard","has-post-thumbnail","hentry","category-audio","category-news","tag-la-coca","tag-cocaina","tag-destacado","tag-grupos-de-colombia","tag-historias-narradas","tag-paz-colombia","tag-series-paz-total","entry"],"parsely":{"version":"1.1.0","canonical_url":"https:\/\/insightcrime.org\/es\/news\/emc-mantiene-como-rehen-paz-total-cauca-colombia\/","smart_links":{"inbound":0,"outbound":0},"traffic_boost_suggestions_count":0,"meta":{"@context":"https:\/\/schema.org","@type":"NewsArticle","headline":"Estado Mayor Central retiene la &#8216;Paz Total&#8217; en Cauca, Colombia","url":"http:\/\/insightcrime.org\/es\/news\/emc-mantiene-como-rehen-paz-total-cauca-colombia\/","mainEntityOfPage":{"@type":"WebPage","@id":"http:\/\/insightcrime.org\/es\/news\/emc-mantiene-como-rehen-paz-total-cauca-colombia\/"},"thumbnailUrl":"https:\/\/i0.wp.com\/insightcrime.org\/wp-content\/uploads\/2026\/02\/IMG_9262.jpg?resize=150%2C150&quality=100&ssl=1","image":{"@type":"ImageObject","url":"https:\/\/i0.wp.com\/insightcrime.org\/wp-content\/uploads\/2026\/02\/IMG_9262.jpg?fit=1366%2C752&quality=100&ssl=1"},"articleSection":"Audio","author":[{"@type":"Person","name":"Mar\u00eda Fernanda Ram\u00edrez"},{"@type":"Person","name":"Juliana Manjarr\u00e9s"}],"creator":["Mar\u00eda Fernanda Ram\u00edrez","Juliana Manjarr\u00e9s"],"publisher":{"@type":"Organization","name":"InSight Crime","logo":"https:\/\/insightcrime.org\/wp-content\/uploads\/2023\/08\/logo.png"},"keywords":["coca","coca\u00edna","destacado","grupos de colombia","historias narradas","paz colombia","series: paz total"],"dateCreated":"2026-02-11T21:37:41Z","datePublished":"2026-02-11T21:37:41Z","dateModified":"2026-05-12T15:08:54Z"},"rendered":"<meta name=\"parsely-title\" content=\"Estado Mayor Central retiene la &#8216;Paz Total&#8217; en Cauca, Colombia\" \/>\n<meta name=\"parsely-link\" content=\"http:\/\/insightcrime.org\/es\/news\/emc-mantiene-como-rehen-paz-total-cauca-colombia\/\" \/>\n<meta name=\"parsely-type\" content=\"post\" \/>\n<meta name=\"parsely-image-url\" content=\"https:\/\/i0.wp.com\/insightcrime.org\/wp-content\/uploads\/2026\/02\/IMG_9262.jpg?resize=150%2C150&amp;quality=100&amp;ssl=1\" \/>\n<meta name=\"parsely-pub-date\" content=\"2026-02-11T21:37:41Z\" \/>\n<meta name=\"parsely-section\" content=\"Audio\" \/>\n<meta name=\"parsely-tags\" content=\"coca,coca\u00edna,destacado,grupos de colombia,historias narradas,paz colombia,series: paz total\" \/>\n<meta name=\"parsely-author\" content=\"Mar\u00eda Fernanda Ram\u00edrez\" \/>\n<meta name=\"parsely-author\" content=\"Juliana Manjarr\u00e9s\" \/>","tracker_url":"https:\/\/cdn.parsely.com\/keys\/insightcrime.org\/p.js"},"jetpack_sharing_enabled":true,"jetpack-related-posts":[{"id":240857,"url":"https:\/\/insightcrime.org\/es\/noticias\/ex-farc-mafia-colombia-continuan-guerra-mientras-hablan-paz\/","url_meta":{"origin":332610,"position":0},"title":"Las ex-FARC mafia en Colombia contin\u00faan la guerra mientras hablan de paz","author":"Sergio Saffon","date":"11 de octubre de 2023","format":false,"excerpt":"Las negociaciones de paz en el Cauca penden de un hilo tras el asesinato de un soldado colombiano a manos de las ex-FARC mafia, poniendo de relieve la fragilidad de la Paz Total en este departamento estrat\u00e9gico para el narcotr\u00e1fico.","rel":"","context":"En \u00abNoticias\u00bb","block_context":{"text":"Noticias","link":"https:\/\/insightcrime.org\/es\/category\/noticias\/"},"img":{"alt_text":"Colombian solders enter a helicopter in Cauca.","src":"https:\/\/i0.wp.com\/insightcrime.org\/wp-content\/uploads\/2023\/08\/photo-2022-10-07-11-40-39_0-2.jpg?fit=350%2C250&quality=100&ssl=1&resize=350%2C200","width":350,"height":200},"classes":[]},{"id":279556,"url":"https:\/\/insightcrime.org\/es\/noticias\/atentado-alto-nivel-agrava-crisis-seguridad-suroccidente-colombiano\/","url_meta":{"origin":332610,"position":1},"title":"Atentado de alto nivel agrava crisis de seguridad en el suroccidente colombiano","author":"Sara Garcia","date":"19 de junio de 2024","format":false,"excerpt":"El intento de asesinato de familiares de la vicepresidenta de Colombia evidencia el deterioro de la situaci\u00f3n de seguridad en el suroccidente del pa\u00eds. Igualmente, pone en riesgo el ya tambaleante escenario de paz con las facciones del EMC con presencia en Cauca, Valle del Cauca y Nari\u00f1o, quienes est\u00e1n\u2026","rel":"","context":"En \u00abNoticias\u00bb","block_context":{"text":"Noticias","link":"https:\/\/insightcrime.org\/es\/category\/noticias\/"},"img":{"alt_text":"","src":"https:\/\/i0.wp.com\/insightcrime.org\/wp-content\/uploads\/2024\/06\/Ernesto-Guzman-Ataques-en-Jamundi-EFE-1.jpg?fit=350%2C250&quality=100&ssl=1&resize=350%2C200","width":350,"height":200},"classes":[]},{"id":263850,"url":"https:\/\/insightcrime.org\/es\/noticias\/gamechangers-2023-errores-paz-total-colombia-peligro-exito\/","url_meta":{"origin":332610,"position":2},"title":"GameChangers 2023: Las consecuencias imprevistas de la &#8216;Paz Total&#8217; en el panorama criminal de Colombia","author":"Sergio Saffon","date":"29 de diciembre de 2023","format":false,"excerpt":"La pol\u00edtica de \"Paz Total\" del presidente Gustavo Petro tuvo un a\u00f1o dif\u00edcil en 2023. Adem\u00e1s de alejarse en su objetivo de persuadir a los grupos armados m\u00e1s importantes del pa\u00eds de abandonar las\u00a0armas, provoc\u00f3 una reestructuraci\u00f3n del panorama\u00a0criminal de Colombia.\u00a0\u00a0","rel":"","context":"En \u00abNoticias\u00bb","block_context":{"text":"Noticias","link":"https:\/\/insightcrime.org\/es\/category\/noticias\/"},"img":{"alt_text":"","src":"https:\/\/i0.wp.com\/insightcrime.org\/wp-content\/uploads\/2023\/08\/Gamechangers-Cover-Cap-4.jpg?fit=1200%2C576&quality=100&ssl=1&resize=350%2C200","width":350,"height":200,"srcset":"https:\/\/i0.wp.com\/insightcrime.org\/wp-content\/uploads\/2023\/08\/Gamechangers-Cover-Cap-4.jpg?fit=1200%2C576&quality=100&ssl=1&resize=350%2C200 1x, https:\/\/i0.wp.com\/insightcrime.org\/wp-content\/uploads\/2023\/08\/Gamechangers-Cover-Cap-4.jpg?fit=1200%2C576&quality=100&ssl=1&resize=525%2C300 1.5x, https:\/\/i0.wp.com\/insightcrime.org\/wp-content\/uploads\/2023\/08\/Gamechangers-Cover-Cap-4.jpg?fit=1200%2C576&quality=100&ssl=1&resize=700%2C400 2x, https:\/\/i0.wp.com\/insightcrime.org\/wp-content\/uploads\/2023\/08\/Gamechangers-Cover-Cap-4.jpg?fit=1200%2C576&quality=100&ssl=1&resize=1050%2C600 3x"},"classes":[]},{"id":232474,"url":"https:\/\/insightcrime.org\/es\/noticias\/colombia-reanuda-negociaciones-ex-farc-mafia-violencia-persiste\/","url_meta":{"origin":332610,"position":3},"title":"Colombia reanuda negociaciones con las ex-FARC mafia, pero la violencia persiste","author":"Lara Loaiza","date":"5 de septiembre de 2023","format":false,"excerpt":"El anuncio de un acuerdo para avanzar en las negociaciones con el Estado Mayor Central de las ex-FARC mafia parece ser un paso adelante para la pol\u00edtica de \u201cPaz Total\u201d del gobierno colombiano, pero en la pr\u00e1ctica podr\u00eda tener pocos efectos en la reducci\u00f3n de la violencia. El 4 de\u2026","rel":"","context":"En \u00abNoticias\u00bb","block_context":{"text":"Noticias","link":"https:\/\/insightcrime.org\/es\/category\/noticias\/"},"img":{"alt_text":"","src":"https:\/\/i0.wp.com\/insightcrime.org\/wp-content\/uploads\/2023\/09\/ExFARC-1.jpg?fit=350%2C250&quality=100&ssl=1&resize=350%2C200","width":350,"height":200},"classes":[]},{"id":213190,"url":"https:\/\/insightcrime.org\/es\/noticias\/paz-total-colombia-tropieza-gaitanistas\/","url_meta":{"origin":332610,"position":4},"title":"La Paz Total en Colombia tropieza con la violencia de los Gaitanistas","author":"Javier Lizcano Villalba","date":"24 de marzo de 2023","format":false,"excerpt":"Los recientes ataques por parte de segmentos de las AGC a las fuerzas de seguridad colombianas generan dudas sobre las posturas dentro de la organizaci\u00f3n y la capacidad de sus l\u00edderes para controlar y desmovilizar el grupo.","rel":"","context":"En \u00abNoticias\u00bb","block_context":{"text":"Noticias","link":"https:\/\/insightcrime.org\/es\/category\/noticias\/"},"img":{"alt_text":"Gustavo Petro camina con su esquema de seguridad mientras asiste a una reuni\u00f3n de seguridad","src":"https:\/\/i0.wp.com\/insightcrime.org\/wp-content\/uploads\/2023\/03\/Petro-AGC.jpg?fit=350%2C250&quality=100&ssl=1&resize=350%2C200","width":350,"height":200},"classes":[]},{"id":279675,"url":"https:\/\/insightcrime.org\/es\/noticias\/que-hay-detras-aumento-cifras-violencia-colombia\/","url_meta":{"origin":332610,"position":5},"title":"Qu\u00e9 hay detr\u00e1s del aumento en las cifras de violencia en Colombia","author":"Lara Loaiza","date":"21 de junio de 2024","format":false,"excerpt":"Las cifras de violencia contra civiles en Colombia han aumentado en los primeros cuatro meses de 2024, respecto al mismo periodo de 2023. Detr\u00e1s de esto hay varios factores, desde el accionar criminal de los grupos armados en los territorios, hasta las afectaciones en las mesas de negociaci\u00f3n en el\u2026","rel":"","context":"En \u00abNoticias\u00bb","block_context":{"text":"Noticias","link":"https:\/\/insightcrime.org\/es\/category\/noticias\/"},"img":{"alt_text":"","src":"https:\/\/i0.wp.com\/insightcrime.org\/wp-content\/uploads\/2024\/06\/Colombia-Attack-Guerrillas-from-the-FARC-EMC-enforce-a-roadblock-in-Corinto-Colombia-Apr-2024-AP24103634190273-A2.jpg?fit=1200%2C690&quality=100&ssl=1&resize=350%2C200","width":350,"height":200,"srcset":"https:\/\/i0.wp.com\/insightcrime.org\/wp-content\/uploads\/2024\/06\/Colombia-Attack-Guerrillas-from-the-FARC-EMC-enforce-a-roadblock-in-Corinto-Colombia-Apr-2024-AP24103634190273-A2.jpg?fit=1200%2C690&quality=100&ssl=1&resize=350%2C200 1x, https:\/\/i0.wp.com\/insightcrime.org\/wp-content\/uploads\/2024\/06\/Colombia-Attack-Guerrillas-from-the-FARC-EMC-enforce-a-roadblock-in-Corinto-Colombia-Apr-2024-AP24103634190273-A2.jpg?fit=1200%2C690&quality=100&ssl=1&resize=525%2C300 1.5x, https:\/\/i0.wp.com\/insightcrime.org\/wp-content\/uploads\/2024\/06\/Colombia-Attack-Guerrillas-from-the-FARC-EMC-enforce-a-roadblock-in-Corinto-Colombia-Apr-2024-AP24103634190273-A2.jpg?fit=1200%2C690&quality=100&ssl=1&resize=700%2C400 2x, https:\/\/i0.wp.com\/insightcrime.org\/wp-content\/uploads\/2024\/06\/Colombia-Attack-Guerrillas-from-the-FARC-EMC-enforce-a-roadblock-in-Corinto-Colombia-Apr-2024-AP24103634190273-A2.jpg?fit=1200%2C690&quality=100&ssl=1&resize=1050%2C600 3x"},"classes":[]}],"jetpack_featured_media_url":"https:\/\/i0.wp.com\/insightcrime.org\/wp-content\/uploads\/2026\/02\/IMG_9262.jpg?fit=1366%2C752&quality=100&ssl=1","_links":{"self":[{"href":"https:\/\/insightcrime.org\/es\/wp-json\/wp\/v2\/posts\/332610","targetHints":{"allow":["GET"]}}],"collection":[{"href":"https:\/\/insightcrime.org\/es\/wp-json\/wp\/v2\/posts"}],"about":[{"href":"https:\/\/insightcrime.org\/es\/wp-json\/wp\/v2\/types\/post"}],"author":[{"embeddable":true,"href":"https:\/\/insightcrime.org\/es\/wp-json\/wp\/v2\/users\/213"}],"replies":[{"embeddable":true,"href":"https:\/\/insightcrime.org\/es\/wp-json\/wp\/v2\/comments?post=332610"}],"version-history":[{"count":7,"href":"https:\/\/insightcrime.org\/es\/wp-json\/wp\/v2\/posts\/332610\/revisions"}],"predecessor-version":[{"id":341398,"href":"https:\/\/insightcrime.org\/es\/wp-json\/wp\/v2\/posts\/332610\/revisions\/341398"}],"wp:featuredmedia":[{"embeddable":true,"href":"https:\/\/insightcrime.org\/es\/wp-json\/wp\/v2\/media\/332605"}],"wp:attachment":[{"href":"https:\/\/insightcrime.org\/es\/wp-json\/wp\/v2\/media?parent=332610"}],"wp:term":[{"taxonomy":"category","embeddable":true,"href":"https:\/\/insightcrime.org\/es\/wp-json\/wp\/v2\/categories?post=332610"},{"taxonomy":"post_tag","embeddable":true,"href":"https:\/\/insightcrime.org\/es\/wp-json\/wp\/v2\/tags?post=332610"},{"taxonomy":"newspack_spnsrs_tax","embeddable":true,"href":"https:\/\/insightcrime.org\/es\/wp-json\/wp\/v2\/newspack_spnsrs_tax?post=332610"},{"taxonomy":"author","embeddable":true,"href":"https:\/\/insightcrime.org\/es\/wp-json\/wp\/v2\/coauthors?post=332610"}],"curies":[{"name":"wp","href":"https:\/\/api.w.org\/{rel}","templated":true}]}}