{"id":334626,"date":"2026-02-25T01:00:00","date_gmt":"2026-02-25T06:00:00","guid":{"rendered":"https:\/\/insightcrime.org\/?p=334626"},"modified":"2026-02-24T20:21:55","modified_gmt":"2026-02-25T01:21:55","slug":"camaraderia-narcotrafico-guerrillas-colombianas-venezuela","status":"publish","type":"post","link":"https:\/\/insightcrime.org\/es\/investigaciones\/camaraderia-narcotrafico-guerrillas-colombianas-venezuela\/","title":{"rendered":"Camarader\u00eda y narcotr\u00e1fico: las guerrillas colombianas en Venezuela"},"content":{"rendered":"\n<p class=\"wp-block-paragraph\">Corr\u00eda el a\u00f1o 2016 cuando Ra\u00fal* recibi\u00f3 una visita que ser\u00eda el comienzo de una larga pesadilla. Un general venezolano lo visit\u00f3 en su finca y le entreg\u00f3 un tel\u00e9fono. Al otro lado de la l\u00ednea estaba Diosdado Cabello, una de las figuras m\u00e1s poderosas del chavismo y hoy ministro de interior, justicia y paz de Venezuela.<\/p>\n\n\n\n<p class=\"wp-block-paragraph\">Cabello fue directo. Quer\u00eda comprar el rancho de Ra\u00fal, una enorme finca ganadera ubicada en la frontera con Colombia. Ra\u00fal se neg\u00f3. Tiempo despu\u00e9s lleg\u00f3 un segundo ofrecimiento, esta vez hecho directamente por Cabello. La respuesta volvi\u00f3 a ser la misma.<\/p>\n\n\n\n<div class=\"wp-block-media-text is-stacked-on-mobile is-vertically-aligned-center has-background\" style=\"background-color:#f4f6f3;grid-template-columns:18% auto\"><figure class=\"wp-block-media-text__media\"><a href=\"https:\/\/insightcrime.org\/es\/?page_id=334178\" target=\"_blank\" rel=\"noreferrer noopener\"><img data-recalc-dims=\"1\" loading=\"lazy\" decoding=\"async\" width=\"400\" height=\"468\" src=\"https:\/\/i0.wp.com\/insightcrime.org\/wp-content\/uploads\/2026\/02\/Cover-banner-Cartel-of-the-Suns.jpg?resize=400%2C468&#038;quality=100&#038;ssl=1\" alt=\"\" class=\"wp-image-334202 size-thumbnail\" srcset=\"https:\/\/i0.wp.com\/insightcrime.org\/wp-content\/uploads\/2026\/02\/Cover-banner-Cartel-of-the-Suns.jpg?w=400&amp;quality=100&amp;ssl=1 400w, https:\/\/i0.wp.com\/insightcrime.org\/wp-content\/uploads\/2026\/02\/Cover-banner-Cartel-of-the-Suns.jpg?resize=256%2C300&amp;quality=100&amp;ssl=1 256w, https:\/\/i0.wp.com\/insightcrime.org\/wp-content\/uploads\/2026\/02\/Cover-banner-Cartel-of-the-Suns.jpg?w=370&amp;quality=100&amp;ssl=1 370w\" sizes=\"auto, (max-width: 400px) 100vw, 400px\" \/><\/a><\/figure><div class=\"wp-block-media-text__content\">\n<p class=\"has-text-color has-small-font-size wp-block-paragraph\" style=\"color:#161616ad;font-style:normal;font-weight:400;letter-spacing:0px\"><em><em>*Este art\u00edculo es el quinto de la <a href=\"https:\/\/insightcrime.org\/es\/?page_id=334178\" type=\"link\" id=\"https:\/\/insightcrime.org\/es\/investigaciones\/cocaina-cartel-soles-venezuela-sin-maduro\/\" target=\"_blank\" rel=\"noreferrer noopener\">investigaci\u00f3n<\/a> <\/em><\/em>\u201c<em>Coca\u00edna, Cartel de los Soles y Venezuela sin Maduro\u201d<em>, <\/em>que analiza las din\u00e1micas actuales del narcotr\u00e1fico en Venezuela, la naturaleza del Cartel de los Soles y su posible futuro sin Maduro. Lea la investigaci\u00f3n completa <a href=\"https:\/\/insightcrime.org\/es\/?page_id=334178\" type=\"link\" id=\"https:\/\/insightcrime.org\/es\/investigaciones\/cocaina-cartel-soles-venezuela-sin-maduro\/\" target=\"_blank\" rel=\"noreferrer noopener\">aqu\u00ed<\/a>.<\/em><\/p>\n<\/div><\/div>\n\n\n\n<p class=\"wp-block-paragraph\">Durante meses, Ra\u00fal crey\u00f3 que el asunto hab\u00eda quedado atr\u00e1s. Pero en 2017 fue detenido por una unidad de la Direcci\u00f3n General de Contrainteligencia Militar (DGCIM). Fue enviado a prisi\u00f3n, sometido a torturas y, finalmente, el Estado se apropi\u00f3 de su propiedad.<\/p>\n\n\n\n<p class=\"wp-block-paragraph\">\u201cMandaron generales a hablar conmigo porque ellos estaban interesados en la pista de aterrizaje que hab\u00eda hecho mi pap\u00e1 \u2026 ellos quer\u00edan hacer tr\u00e1fico de droga desde ah\u00ed con la guerrilla, con el ELN. Ese era el gran inter\u00e9s\u201d, le coment\u00f3 Ra\u00fal a InSight Crime.<\/p>\n\n\n\n<p class=\"wp-block-paragraph\">La finca de Ra\u00fal se encuentra en el estado de Apure, una regi\u00f3n fronteriza que con los a\u00f1os se ha consolidado como un corredor estrat\u00e9gico del narcotr\u00e1fico. Desde all\u00ed despegan decenas de avionetas cargadas de coca\u00edna con destino a Centroam\u00e9rica y el Caribe, y ha sido hogar de varios grupos guerrilleros de origen colombiano.<\/p>\n\n\n\n<p class=\"wp-block-paragraph\">Poco despu\u00e9s de la detenci\u00f3n de Ra\u00fal, la guerrilla de origen colombiano del Ej\u00e9rcito de Liberaci\u00f3n Nacional (<a href=\"https:\/\/insightcrime.org\/es\/noticias-crimen-organizado-colombia\/eln-colombia\/\" target=\"_blank\" rel=\"noreferrer noopener\">ELN<\/a>) se instal\u00f3 en su propiedad con el fin de coordinar operaciones de narcotr\u00e1fico en colaboraci\u00f3n con importantes figuras militares y pol\u00edticas de Venezuela, seg\u00fan se enter\u00f3 m\u00e1s tarde Ra\u00fal.<\/p>\n\n\n\n<p class=\"wp-block-paragraph\">El despojo de la finca de Ra\u00fal es una de las m\u00faltiples maniobras que el ELN, en cooperaci\u00f3n con autoridades venezolanas, ha utilizado para consolidar su dominio en la frontera entre Colombia y Venezuela. Por este l\u00edmite binacional atraviesan innumerables corredores de narcotr\u00e1fico, una econom\u00eda ilegal que ha financiado tanto a altos funcionarios del r\u00e9gimen como a las guerrillas del ELN y a las extintas Fuerzas Armadas Revolucionarias de Colombia (<a href=\"https:\/\/insightcrime.org\/es\/noticias-crimen-organizado-colombia\/farc-perfil\/\" target=\"_blank\" rel=\"noreferrer noopener\">FARC<\/a>), as\u00ed como a sus disidencias.<\/p>\n\n\n\n<h2 class=\"wp-block-heading\" id=\"h-financiando-la-revolucion\">Financiando la revoluci\u00f3n<\/h2>\n\n\n\n<p class=\"wp-block-paragraph\">Las guerrillas de origen colombiano, que durante d\u00e9cadas se declararon enemigas del sistema capitalista, terminaron integradas a una de sus econom\u00edas m\u00e1s rentables: el narcotr\u00e1fico.<\/p>\n\n\n\n<p class=\"wp-block-paragraph\">El auge de la producci\u00f3n de coca\u00edna en Colombia permiti\u00f3 a las guerrillas pasar del cobro de un impuesto a los carteles colombianos en la d\u00e9cada de 1980, a convertirse, en la actualidad, en el principal proveedor de coca\u00edna del <a href=\"https:\/\/insightcrime.org\/es\/noticias-crimen-organizado-venezuela\/cartel-de-los-soles-perfil\/\" target=\"_blank\" rel=\"noreferrer noopener\">Cartel de los Soles<\/a>, una red de corrupci\u00f3n dentro del gobierno venezolano integrada por altos mandos militares y pol\u00edticos. Hoy el Cartel de los Soles est\u00e1 en el centro de atenci\u00f3n internacional luego de la captura en enero del presidente venezolano, Nicol\u00e1s Maduro, por cargos de narcotr\u00e1fico en Estados Unidos.<\/p>\n\n\n\n<blockquote class=\"wp-block-quote is-layout-flow wp-block-quote-is-layout-flow\">\n<p class=\"wp-block-paragraph\"><strong><mark style=\"background-color:rgba(0, 0, 0, 0)\" class=\"has-inline-color has-primary-variation-color\">VEA TAMBI\u00c9N:<\/mark><\/strong> <a href=\"https:\/\/insightcrime.org\/es\/serie-especial-el-arresto-de-maduro-y-las-repercusiones-criminales-en-venezuela\/\" target=\"_blank\" rel=\"noreferrer noopener\">Serie especial: El arresto de Maduro y las repercusiones criminales en Venezuela<\/a><\/p>\n<\/blockquote>\n\n\n\n<p class=\"wp-block-paragraph\">La llegada de Hugo Ch\u00e1vez al poder en 1998 marc\u00f3 un punto de inflexi\u00f3n en la presencia de las guerrillas colombianas en Venezuela. Su proyecto pol\u00edtico y las declaraciones p\u00fablicas de respaldo a los comandantes de las FARC facilitaron que estas insurgencias encontraran, al otro lado de la frontera, un <a href=\"https:\/\/insightcrime.org\/es\/wp-content\/uploads\/2022\/09\/Cronica-de-una-amenaza-anunciada-las-ex-FARC-mafia.pdf\" target=\"_blank\" rel=\"noreferrer noopener\">refugio y un nuevo centro de operaciones<\/a>.<\/p>\n\n\n\n<p class=\"wp-block-paragraph\">A comienzos de la d\u00e9cada del 2000, la relaci\u00f3n entre el r\u00e9gimen venezolano y las FARC se volvi\u00f3 m\u00e1s estructurada. Ch\u00e1vez design\u00f3 a altos funcionarios militares y pol\u00edticos como enlaces con la guerrilla e <a href=\"https:\/\/insightcrime.org\/es\/investigaciones\/narcotrafico-en-el-regimen-venezolano-el-cartel-de-los-soles\/\" target=\"_blank\" rel=\"noreferrer noopener\">institucionaliz\u00f3<\/a> un v\u00ednculo de beneficio mutuo. Bajo este esquema, los comandantes rebeldes aseguraron la continuidad de sus negocios en territorio venezolano, mientras que altos oficiales accedieron a rentas criminales, especialmente las derivadas del narcotr\u00e1fico.<\/p>\n\n\n\n<p class=\"wp-block-paragraph\">\u201cCh\u00e1vez le pidi\u00f3 a algunos miembros del poder popular, a miembros de la Asamblea Nacional, y a otras personas cercanas al poder que hicieran una coalici\u00f3n con las FARC y que se les permitiera utilizar el territorio venezolano\u201d, le coment\u00f3 a InSight Crime Zair Mundaray, un exfiscal venezolano que se encuentra en el exilio.<\/p>\n\n\n\n<p class=\"wp-block-paragraph\">Mientras el Bloque Oriental de las FARC dominaba extensos territorios con cultivos de coca y centros de procesamiento de coca\u00edna, Venezuela ofrec\u00eda la plataforma log\u00edstica ideal para la exportaci\u00f3n. La participaci\u00f3n de sectores militares y pol\u00edticos facilit\u00f3 el tr\u00e1nsito de cargamentos a trav\u00e9s de aeropuertos, carreteras y puertos mar\u00edtimos, lo que consolid\u00f3 un <a href=\"https:\/\/insightcrime.org\/es\/investigaciones\/revolucion-cocaina-venezuela\/?_gl=1*1a9nq6p*_gcl_au*MTQ2MDM1MTQ0MC4xNzY1ODE1NDM0*_ga*MTI1NTE0NjUyNi4xNjk3OTg3OTU5*_ga_DDHRSLDESP*czE3Njk0NzE5MDkkbzEwMyRnMSR0MTc2OTQ3MjU3NCRqNjAkbDAkaDA.\" target=\"_blank\" rel=\"noreferrer noopener\">circuito binacional de narcotr\u00e1fico<\/a>.<\/p>\n\n\n\n<p class=\"wp-block-paragraph\">Los frutos de esa relaci\u00f3n no tardaron en hacerse visibles. Para 2004, por Venezuela se mov\u00edan alrededor de 250 toneladas de coca\u00edna al a\u00f1o, de acuerdo con estimaciones del <a href=\"https:\/\/www.dea.gov\/press-releases\/2020\/03\/26\/nicolas-maduro-moros-and-14-current-and-former-venezuelan-officials\" target=\"_blank\" rel=\"noreferrer noopener\">gobierno de Estados Unidos<\/a>.<\/p>\n\n\n\n<p class=\"wp-block-paragraph\">Entre los principales militares se\u00f1alados por su participaci\u00f3n en este entramado criminal figura el exgeneral de la Fuerza Armada Nacional Bolivariana (FANB), <a href=\"https:\/\/insightcrime.org\/es\/noticias\/impacto-sentencia-cliver-alcala-redes-narcotrafico-venezuela\/\" target=\"_blank\" rel=\"noreferrer noopener\">Cliver Alcal\u00e1 Cordones<\/a>, quien, seg\u00fan documentos judiciales de Estados Unidos, entreg\u00f3 armamento oficial venezolano a las FARC. A su vez, <a href=\"https:\/\/insightcrime.org\/es\/noticias\/analisis\/exjefe-de-inteligencia-de-venezuela-revela-vinculos-con-el-crimen-organizado\/\" target=\"_blank\" rel=\"noreferrer noopener\">Hugo \u201cEl Pollo\u201d Carvajal<\/a>, exjefe de inteligencia del chavismo, habr\u00eda brindado protecci\u00f3n a cargamentos de coca\u00edna, facilitado la instalaci\u00f3n de bases guerrilleras en estados fronterizos como Apure y gestionado documentaci\u00f3n legal para los miembros de la guerrilla. En la actualidad, Alcal\u00e1 y Carvajal est\u00e1n detenidos en Estados Unidos.<\/p>\n\n\n\n<p class=\"has-text-align-center wp-block-paragraph\"><\/p>\n\n\n\n<div class=\"wp-block-group has-secondary-background-color has-background\" style=\"padding-top:var(--wp--preset--spacing--60);padding-right:var(--wp--preset--spacing--60);padding-bottom:var(--wp--preset--spacing--60);padding-left:var(--wp--preset--spacing--60)\"><div class=\"wp-block-group__inner-container is-layout-constrained wp-container-core-group-is-layout-d5591c43 wp-block-group-is-layout-constrained\">\n<h3 class=\"wp-block-heading has-large-font-size\" id=\"h-alianzas-politicas-y-militares-de-las-farc-en-venezuela\">Alianzas pol\u00edticas y militares de las FARC en Venezuela<\/h3>\n\n\n\n<p class=\"has-small-font-size wp-block-paragraph\"><em>Febrero 2026 | Fuente: Departamento de Estado de Estados Unidos e investigaciones de InSight Crime<\/em><\/p>\n\n\n\n<details class=\"wp-block-details is-layout-flow wp-block-details-is-layout-flow\"><summary>Hugo Armando Carvajal Barrios, alias &#8216;El Pollo&#8217;<\/summary>\n<div class=\"wp-block-columns is-layout-flex wp-container-core-columns-is-layout-8f761849 wp-block-columns-is-layout-flex\">\n<div class=\"wp-block-column is-layout-flow wp-block-column-is-layout-flow\" style=\"flex-basis:35%\">\n<figure class=\"wp-block-image size-full\"><img data-recalc-dims=\"1\" decoding=\"async\" width=\"356\" height=\"256\" fetchpriority=\"low\" src=\"https:\/\/i0.wp.com\/insightcrime.org\/wp-content\/uploads\/2026\/02\/Hugo-Armando-Carvajal-Barrios-a.k.a-El-Pollo.png?resize=356%2C256&#038;quality=100&#038;ssl=1\" alt=\"\" class=\"wp-image-331907\" srcset=\"https:\/\/i0.wp.com\/insightcrime.org\/wp-content\/uploads\/2026\/02\/Hugo-Armando-Carvajal-Barrios-a.k.a-El-Pollo.png?w=356&amp;quality=100&amp;ssl=1 356w, https:\/\/i0.wp.com\/insightcrime.org\/wp-content\/uploads\/2026\/02\/Hugo-Armando-Carvajal-Barrios-a.k.a-El-Pollo.png?resize=300%2C216&amp;quality=100&amp;ssl=1 300w, https:\/\/i0.wp.com\/insightcrime.org\/wp-content\/uploads\/2026\/02\/Hugo-Armando-Carvajal-Barrios-a.k.a-El-Pollo.png?w=370&amp;quality=100&amp;ssl=1 370w, https:\/\/i0.wp.com\/insightcrime.org\/wp-content\/uploads\/2026\/02\/Hugo-Armando-Carvajal-Barrios-a.k.a-El-Pollo.png?w=400&amp;quality=100&amp;ssl=1 400w\" sizes=\"(max-width: 356px) 100vw, 356px\" \/><\/figure>\n<\/div>\n\n\n\n<div class=\"wp-block-column is-layout-flow wp-block-column-is-layout-flow\" style=\"flex-basis:65%\">\n<p class=\"wp-block-paragraph\"><strong><em>Cargos desempe\u00f1ados<\/em><\/strong><\/p>\n\n\n\n<ul class=\"wp-block-list -mt-1rem\">\n<li>Jefe de inteligencia militar (2004-2011 \/ abr 2013 \u2013 ene 2014)<\/li>\n<\/ul>\n<\/div>\n<\/div>\n\n\n\n<hr class=\"wp-block-separator has-alpha-channel-opacity is-style-default\"\/>\n\n\n\n<p class=\"wp-block-paragraph\">Protegi\u00f3 m\u00faltiples cargamentos de coca\u00edna, coordin\u00f3 entregas de drogas de varias toneladas y proporcion\u00f3 armas y seguridad a las operaciones de las FARC en Venezuela. Tambi\u00e9n es acusado de la entrega de documentos oficiales del gobierno venezolano a miembros de las FARC. Actualmente, se encuentra bajo custodia de Estados Unidos a la espera de sentencia.<\/p>\n<\/details>\n\n\n\n<details class=\"wp-block-details is-layout-flow wp-block-details-is-layout-flow\"><summary>Henry de Jes\u00fas Rangel Silva<\/summary>\n<div class=\"wp-block-columns is-layout-flex wp-container-core-columns-is-layout-8f761849 wp-block-columns-is-layout-flex\">\n<div class=\"wp-block-column is-layout-flow wp-block-column-is-layout-flow\" style=\"flex-basis:35%\">\n<figure class=\"wp-block-image size-full\"><img data-recalc-dims=\"1\" decoding=\"async\" width=\"356\" height=\"256\" fetchpriority=\"low\" src=\"https:\/\/i0.wp.com\/insightcrime.org\/wp-content\/uploads\/2026\/02\/Henry-de-Jesus-Rangel-Silva.png?resize=356%2C256&#038;quality=100&#038;ssl=1\" alt=\"\" class=\"wp-image-331909\" srcset=\"https:\/\/i0.wp.com\/insightcrime.org\/wp-content\/uploads\/2026\/02\/Henry-de-Jesus-Rangel-Silva.png?w=356&amp;quality=100&amp;ssl=1 356w, https:\/\/i0.wp.com\/insightcrime.org\/wp-content\/uploads\/2026\/02\/Henry-de-Jesus-Rangel-Silva.png?resize=300%2C216&amp;quality=100&amp;ssl=1 300w, https:\/\/i0.wp.com\/insightcrime.org\/wp-content\/uploads\/2026\/02\/Henry-de-Jesus-Rangel-Silva.png?w=370&amp;quality=100&amp;ssl=1 370w, https:\/\/i0.wp.com\/insightcrime.org\/wp-content\/uploads\/2026\/02\/Henry-de-Jesus-Rangel-Silva.png?w=400&amp;quality=100&amp;ssl=1 400w\" sizes=\"(max-width: 356px) 100vw, 356px\" \/><\/figure>\n<\/div>\n\n\n\n<div class=\"wp-block-column is-layout-flow wp-block-column-is-layout-flow\" style=\"flex-basis:65%\">\n<p class=\"wp-block-paragraph\"><strong><em>Cargos desempe\u00f1ados<\/em><\/strong><\/p>\n\n\n\n<ul class=\"wp-block-list -mt-1rem\">\n<li>Jefe de contrainteligencia (2005-2009)<\/li>\n\n\n\n<li>Comandante de operaciones estrat\u00e9gicas de las fuerzas armadas (2010-2012)<\/li>\n\n\n\n<li>Ministro de defensa (ene 2012 \u2013 oct 2012)<\/li>\n<\/ul>\n<\/div>\n<\/div>\n\n\n\n<hr class=\"wp-block-separator has-alpha-channel-opacity is-style-default\"\/>\n\n\n\n<p class=\"wp-block-paragraph\">Coordin\u00f3 directamente con las FARC y sostuvo reuniones personales con los l\u00edderes guerrilleros de alto rango \u201cIv\u00e1n M\u00e1rquez\u201d, \u201cRodrigo Granda\u201d y \u201cTimochenko\u201d para garantizar la seguridad de la guerrilla en Venezuela. Tambi\u00e9n se le acusa de facilitar documentos de identificaci\u00f3n oficiales y armas a los miembros de las FARC.<\/p>\n<\/details>\n\n\n\n<details class=\"wp-block-details is-layout-flow wp-block-details-is-layout-flow\"><summary>Ram\u00f3n Emilio Rodr\u00edguez Chac\u00edn<\/summary>\n<div class=\"wp-block-columns is-layout-flex wp-container-core-columns-is-layout-8f761849 wp-block-columns-is-layout-flex\">\n<div class=\"wp-block-column is-layout-flow wp-block-column-is-layout-flow\" style=\"flex-basis:35%\">\n<figure class=\"wp-block-image size-full\"><img data-recalc-dims=\"1\" decoding=\"async\" width=\"356\" height=\"256\" fetchpriority=\"low\" src=\"https:\/\/i0.wp.com\/insightcrime.org\/wp-content\/uploads\/2026\/02\/Ramon-Emilio-Rodriguez-Chacin-1.png?resize=356%2C256&#038;quality=100&#038;ssl=1\" alt=\"\" class=\"wp-image-331934\" srcset=\"https:\/\/i0.wp.com\/insightcrime.org\/wp-content\/uploads\/2026\/02\/Ramon-Emilio-Rodriguez-Chacin-1.png?w=356&amp;quality=100&amp;ssl=1 356w, https:\/\/i0.wp.com\/insightcrime.org\/wp-content\/uploads\/2026\/02\/Ramon-Emilio-Rodriguez-Chacin-1.png?resize=300%2C216&amp;quality=100&amp;ssl=1 300w, https:\/\/i0.wp.com\/insightcrime.org\/wp-content\/uploads\/2026\/02\/Ramon-Emilio-Rodriguez-Chacin-1.png?w=370&amp;quality=100&amp;ssl=1 370w, https:\/\/i0.wp.com\/insightcrime.org\/wp-content\/uploads\/2026\/02\/Ramon-Emilio-Rodriguez-Chacin-1.png?w=400&amp;quality=100&amp;ssl=1 400w\" sizes=\"(max-width: 356px) 100vw, 356px\" \/><\/figure>\n<\/div>\n\n\n\n<div class=\"wp-block-column is-layout-flow wp-block-column-is-layout-flow\" style=\"flex-basis:65%\">\n<p class=\"wp-block-paragraph\"><strong><em>Cargos desempe\u00f1ados<\/em><\/strong><\/p>\n\n\n\n<ul class=\"wp-block-list -mt-1rem\">\n<li>Ministro de interior y justicia (ene \u2013 may 2002 \/ ene \u2013 sep 2008)<\/li>\n\n\n\n<li>Gobernador de Gu\u00e1rico (2012 \u2013 2017)<\/li>\n<\/ul>\n<\/div>\n<\/div>\n\n\n\n<hr class=\"wp-block-separator has-alpha-channel-opacity is-style-default\"\/>\n\n\n\n<p class=\"wp-block-paragraph\">Se desempe\u00f1\u00f3 como enlace personal entre Hugo Ch\u00e1vez y las FARC, coordinando contactos de alto nivel bajo el alias de \u201cAlejandro\u201d. Supuestamente, pidi\u00f3 a la guerrilla que entrenara a soldados venezolanos en guerra irregular en caso de una invasi\u00f3n de Estados Unidos, actu\u00f3 como el principal contacto del gobierno venezolano para el suministro de armas al grupo e intent\u00f3 facilitar un pr\u00e9stamo estatal de US$250 millones a las FARC en 2007. En 2008, la Oficina de Control de Activos Extranjeros del Departamento del Tesoro de Estados Unidos (OFAC) lo incluy\u00f3 en su lista de Ciudadanos Especialmente Designados (SDN, por sus siglas en ingl\u00e9s) por apoyar materialmente a las FARC.<\/p>\n<\/details>\n\n\n\n<details class=\"wp-block-details is-layout-flow wp-block-details-is-layout-flow\"><summary>Freddy Alirio Bernal Rosales<\/summary>\n<div class=\"wp-block-columns is-layout-flex wp-container-core-columns-is-layout-8f761849 wp-block-columns-is-layout-flex\">\n<div class=\"wp-block-column is-layout-flow wp-block-column-is-layout-flow\" style=\"flex-basis:35%\">\n<figure class=\"wp-block-image size-full\"><img data-recalc-dims=\"1\" decoding=\"async\" width=\"356\" height=\"256\" fetchpriority=\"low\" src=\"https:\/\/i0.wp.com\/insightcrime.org\/wp-content\/uploads\/2026\/02\/Freddy-Alirio-Bernal-Rosales.png?resize=356%2C256&#038;quality=100&#038;ssl=1\" alt=\"\" class=\"wp-image-331915\" srcset=\"https:\/\/i0.wp.com\/insightcrime.org\/wp-content\/uploads\/2026\/02\/Freddy-Alirio-Bernal-Rosales.png?w=356&amp;quality=100&amp;ssl=1 356w, https:\/\/i0.wp.com\/insightcrime.org\/wp-content\/uploads\/2026\/02\/Freddy-Alirio-Bernal-Rosales.png?resize=300%2C216&amp;quality=100&amp;ssl=1 300w, https:\/\/i0.wp.com\/insightcrime.org\/wp-content\/uploads\/2026\/02\/Freddy-Alirio-Bernal-Rosales.png?w=370&amp;quality=100&amp;ssl=1 370w, https:\/\/i0.wp.com\/insightcrime.org\/wp-content\/uploads\/2026\/02\/Freddy-Alirio-Bernal-Rosales.png?w=400&amp;quality=100&amp;ssl=1 400w\" sizes=\"(max-width: 356px) 100vw, 356px\" \/><\/figure>\n<\/div>\n\n\n\n<div class=\"wp-block-column is-layout-flow wp-block-column-is-layout-flow\" style=\"flex-basis:65%\">\n<p class=\"wp-block-paragraph\"><strong><em>Cargos desempe\u00f1ados<\/em><\/strong><\/p>\n\n\n\n<ul class=\"wp-block-list -mt-1rem\">\n<li>Alcalde del municipio del Libertador (2000-2008)<\/li>\n\n\n\n<li>Diputado de la Asamblea Nacional (2011 \u2013 2016)<\/li>\n\n\n\n<li>Jefe del programa gubernamental los Comit\u00e9s Locales de Abastecimiento y Producci\u00f3n (CLAP) (2016 &#8211; presente)<\/li>\n\n\n\n<li>Jefe de inteligencia interna (2017)<\/li>\n\n\n\n<li>Protector y gobernador de T\u00e1chira (2018 \u2013 presente)<\/li>\n<\/ul>\n<\/div>\n<\/div>\n\n\n\n<hr class=\"wp-block-separator has-alpha-channel-opacity is-style-default\"\/>\n\n\n\n<p class=\"wp-block-paragraph\">Supuestamente facilit\u00f3 la venta de armas entre el gobierno venezolano y las FARC, y en junio de 2002 apareci\u00f3 en un correo electr\u00f3nico del l\u00edder guerrillero Rodrigo Granda en el que solicitaba entrenamiento para los grupos de civiles armados pro-gubernamentales conocidos como colectivos. En 2011, la OFAC lo sancion\u00f3 por proporcionar apoyo material a las FARC.<\/p>\n<\/details>\n\n\n\n<details class=\"wp-block-details is-layout-flow wp-block-details-is-layout-flow\"><summary>Cl\u00edver Antonio Alcal\u00e1 Cordones<\/summary>\n<div class=\"wp-block-columns is-layout-flex wp-container-core-columns-is-layout-8f761849 wp-block-columns-is-layout-flex\">\n<div class=\"wp-block-column is-layout-flow wp-block-column-is-layout-flow\" style=\"flex-basis:35%\">\n<figure class=\"wp-block-image size-full\"><img data-recalc-dims=\"1\" decoding=\"async\" width=\"356\" height=\"256\" fetchpriority=\"low\" src=\"https:\/\/i0.wp.com\/insightcrime.org\/wp-content\/uploads\/2026\/02\/Cliver-Antonio-Alcala-Cordones.png?resize=356%2C256&#038;quality=100&#038;ssl=1\" alt=\"\" class=\"wp-image-331918\" srcset=\"https:\/\/i0.wp.com\/insightcrime.org\/wp-content\/uploads\/2026\/02\/Cliver-Antonio-Alcala-Cordones.png?w=356&amp;quality=100&amp;ssl=1 356w, https:\/\/i0.wp.com\/insightcrime.org\/wp-content\/uploads\/2026\/02\/Cliver-Antonio-Alcala-Cordones.png?resize=300%2C216&amp;quality=100&amp;ssl=1 300w, https:\/\/i0.wp.com\/insightcrime.org\/wp-content\/uploads\/2026\/02\/Cliver-Antonio-Alcala-Cordones.png?w=370&amp;quality=100&amp;ssl=1 370w, https:\/\/i0.wp.com\/insightcrime.org\/wp-content\/uploads\/2026\/02\/Cliver-Antonio-Alcala-Cordones.png?w=400&amp;quality=100&amp;ssl=1 400w\" sizes=\"(max-width: 356px) 100vw, 356px\" \/><\/figure>\n<\/div>\n\n\n\n<div class=\"wp-block-column is-layout-flow wp-block-column-is-layout-flow\" style=\"flex-basis:65%\">\n<p class=\"wp-block-paragraph\"><strong><em>Cargos desempe\u00f1ados<\/em><\/strong><\/p>\n\n\n\n<ul class=\"wp-block-list -mt-1rem\">\n<li>Comandante de la Cuarta Divisi\u00f3n (regi\u00f3n de Maracay) entre 2010 y 2012<\/li>\n\n\n\n<li>Comandante de la fuerza de seguridad regional de Guayana (2013)<\/li>\n<\/ul>\n<\/div>\n<\/div>\n\n\n\n<hr class=\"wp-block-separator has-alpha-channel-opacity is-style-default\"\/>\n\n\n\n<p class=\"wp-block-paragraph\">General de divisi\u00f3n de la Cuarta Divisi\u00f3n del Ej\u00e9rcito Venezolano que supuestamente utiliz\u00f3 su puesto para establecer una intercambio de armas por drogas con las FARC. En marzo de 2020, fue acusado en un tribunal federal de EE. UU. por tr\u00e1fico de drogas, armas y cargos de terrorismo. Tambi\u00e9n fue sancionado por la Oficina de Control de Activos Extranjeros del Tesoro de EE. UU. (OFAC) en 2011. Actualmente se encuentra bajo custodia de EE. UU. a la espera de sentencia.<\/p>\n<\/details>\n\n\n\n<details class=\"wp-block-details is-layout-flow wp-block-details-is-layout-flow\"><summary>Amilcar Jes\u00fas Figueroa Salazar, alias &#8216;Tino&#8217;<\/summary>\n<div class=\"wp-block-columns is-layout-flex wp-container-core-columns-is-layout-8f761849 wp-block-columns-is-layout-flex\">\n<div class=\"wp-block-column is-layout-flow wp-block-column-is-layout-flow\" style=\"flex-basis:35%\">\n<figure class=\"wp-block-image size-full\"><img data-recalc-dims=\"1\" decoding=\"async\" width=\"356\" height=\"256\" fetchpriority=\"low\" src=\"https:\/\/i0.wp.com\/insightcrime.org\/wp-content\/uploads\/2026\/02\/Amilcar-Jesus-Figueroa-Salazar-a.k.a-Tino.png?resize=356%2C256&#038;quality=100&#038;ssl=1\" alt=\"\" class=\"wp-image-331923\" srcset=\"https:\/\/i0.wp.com\/insightcrime.org\/wp-content\/uploads\/2026\/02\/Amilcar-Jesus-Figueroa-Salazar-a.k.a-Tino.png?w=356&amp;quality=100&amp;ssl=1 356w, https:\/\/i0.wp.com\/insightcrime.org\/wp-content\/uploads\/2026\/02\/Amilcar-Jesus-Figueroa-Salazar-a.k.a-Tino.png?resize=300%2C216&amp;quality=100&amp;ssl=1 300w, https:\/\/i0.wp.com\/insightcrime.org\/wp-content\/uploads\/2026\/02\/Amilcar-Jesus-Figueroa-Salazar-a.k.a-Tino.png?w=370&amp;quality=100&amp;ssl=1 370w, https:\/\/i0.wp.com\/insightcrime.org\/wp-content\/uploads\/2026\/02\/Amilcar-Jesus-Figueroa-Salazar-a.k.a-Tino.png?w=400&amp;quality=100&amp;ssl=1 400w\" sizes=\"(max-width: 356px) 100vw, 356px\" \/><\/figure>\n<\/div>\n\n\n\n<div class=\"wp-block-column is-layout-flow wp-block-column-is-layout-flow\" style=\"flex-basis:65%\">\n<p class=\"wp-block-paragraph\"><strong><em>Cargos desempe\u00f1ados<\/em><\/strong><\/p>\n\n\n\n<ul class=\"wp-block-list -mt-1rem\">\n<li>Miembro del Partido Socialista Unido de Venezuela (PSUV)<\/li>\n<\/ul>\n<\/div>\n<\/div>\n\n\n\n<hr class=\"wp-block-separator has-alpha-channel-opacity is-style-default\"\/>\n\n\n\n<p class=\"wp-block-paragraph\">Facilit\u00f3 la venta de armas entre el gobierno venezolano y las FARC y sirvi\u00f3 como uno de los principales traficantes de armas del grupo desde dentro de la delegaci\u00f3n de Venezuela ante el Parlamento Latinoamericano. Tambi\u00e9n ha proporcionado entrenamiento a miembros de las FARC. Fue sancionado por la OFAC en 2011.<\/p>\n<\/details>\n\n\n\n<details class=\"wp-block-details is-layout-flow wp-block-details-is-layout-flow\"><summary>Ram\u00f3n Isidro Madriz Moreno, alias &#8216;Amin&#8217;<\/summary>\n<div class=\"wp-block-columns is-layout-flex wp-container-core-columns-is-layout-8f761849 wp-block-columns-is-layout-flex\">\n<div class=\"wp-block-column is-layout-flow wp-block-column-is-layout-flow\" style=\"flex-basis:35%\">\n<figure class=\"wp-block-image size-full\"><img data-recalc-dims=\"1\" decoding=\"async\" width=\"356\" height=\"256\" fetchpriority=\"low\" src=\"https:\/\/i0.wp.com\/insightcrime.org\/wp-content\/uploads\/2026\/02\/Ramon-Isidro-Madriz-Moreno-a.k.a-Amin.png?resize=356%2C256&#038;quality=100&#038;ssl=1\" alt=\"\" class=\"wp-image-331928\" srcset=\"https:\/\/i0.wp.com\/insightcrime.org\/wp-content\/uploads\/2026\/02\/Ramon-Isidro-Madriz-Moreno-a.k.a-Amin.png?w=356&amp;quality=100&amp;ssl=1 356w, https:\/\/i0.wp.com\/insightcrime.org\/wp-content\/uploads\/2026\/02\/Ramon-Isidro-Madriz-Moreno-a.k.a-Amin.png?resize=300%2C216&amp;quality=100&amp;ssl=1 300w, https:\/\/i0.wp.com\/insightcrime.org\/wp-content\/uploads\/2026\/02\/Ramon-Isidro-Madriz-Moreno-a.k.a-Amin.png?w=370&amp;quality=100&amp;ssl=1 370w, https:\/\/i0.wp.com\/insightcrime.org\/wp-content\/uploads\/2026\/02\/Ramon-Isidro-Madriz-Moreno-a.k.a-Amin.png?w=400&amp;quality=100&amp;ssl=1 400w\" sizes=\"(max-width: 356px) 100vw, 356px\" \/><\/figure>\n<\/div>\n\n\n\n<div class=\"wp-block-column is-layout-flow wp-block-column-is-layout-flow\" style=\"flex-basis:65%\">\n<p class=\"wp-block-paragraph\"><strong><em>Cargos desempe\u00f1ados<\/em><\/strong><\/p>\n\n\n\n<ul class=\"wp-block-list -mt-1rem\">\n<li>Funcionario de inteligencia<\/li>\n<\/ul>\n<\/div>\n<\/div>\n\n\n\n<hr class=\"wp-block-separator has-alpha-channel-opacity is-style-default\"\/>\n\n\n\n<p class=\"wp-block-paragraph\">Fue un alto oficial del servicio de inteligencia nacional de Venezuela (SEBIN), quien coordin\u00f3 la seguridad para las FARC. Fue sancionado por la OFAC en 2011.<\/p>\n<\/details>\n\n\n\n<details class=\"wp-block-details is-layout-flow wp-block-details-is-layout-flow\"><summary>Diosdado Cabello<\/summary>\n<div class=\"wp-block-columns is-layout-flex wp-container-core-columns-is-layout-8f761849 wp-block-columns-is-layout-flex\">\n<div class=\"wp-block-column is-layout-flow wp-block-column-is-layout-flow\" style=\"flex-basis:35%\">\n<figure class=\"wp-block-image size-full\"><img data-recalc-dims=\"1\" decoding=\"async\" width=\"356\" height=\"256\" fetchpriority=\"low\" src=\"https:\/\/i0.wp.com\/insightcrime.org\/wp-content\/uploads\/2026\/02\/Diosdado-Cabello.png?resize=356%2C256&#038;quality=100&#038;ssl=1\" alt=\"\" class=\"wp-image-331931\" srcset=\"https:\/\/i0.wp.com\/insightcrime.org\/wp-content\/uploads\/2026\/02\/Diosdado-Cabello.png?w=356&amp;quality=100&amp;ssl=1 356w, https:\/\/i0.wp.com\/insightcrime.org\/wp-content\/uploads\/2026\/02\/Diosdado-Cabello.png?resize=300%2C216&amp;quality=100&amp;ssl=1 300w, https:\/\/i0.wp.com\/insightcrime.org\/wp-content\/uploads\/2026\/02\/Diosdado-Cabello.png?w=370&amp;quality=100&amp;ssl=1 370w, https:\/\/i0.wp.com\/insightcrime.org\/wp-content\/uploads\/2026\/02\/Diosdado-Cabello.png?w=400&amp;quality=100&amp;ssl=1 400w\" sizes=\"(max-width: 356px) 100vw, 356px\" \/><\/figure>\n<\/div>\n\n\n\n<div class=\"wp-block-column is-layout-flow wp-block-column-is-layout-flow\" style=\"flex-basis:65%\">\n<p class=\"wp-block-paragraph\"><strong><em>Cargos desempe\u00f1ados<\/em><\/strong><\/p>\n\n\n\n<ul class=\"wp-block-list -mt-1rem\">\n<li>Gobernador de Miranda (2004\u20112008)<\/li>\n\n\n\n<li>Secretario general del Partido Socialista Unido de Venezuela (PSUV) (2011\u2011presente)<\/li>\n\n\n\n<li>Diputado de la Asamblea Nacional (2011\u20112024); Presidente de la Asamblea Nacional (2012\u20112016)<\/li>\n\n\n\n<li>Presidente de la Asamblea Nacional Constituyente (2018\u20112020)<\/li>\n\n\n\n<li>Ministro de interior, justicia y paz (2024\u2011presente)<\/li>\n<\/ul>\n<\/div>\n<\/div>\n\n\n\n<hr class=\"wp-block-separator has-alpha-channel-opacity is-style-default\"\/>\n\n\n\n<p class=\"wp-block-paragraph\">Supuestamente dio \u00f3rdenes para transportar toneladas de coca\u00edna fuera de Venezuela a trav\u00e9s de redes vinculadas con las FARC, conectando esos env\u00edos con rutas hacia los Estados Unidos y Europa. En mayo de 2018, la OFAC sancion\u00f3 a Cabello, a su familia y a asociados por usar sus posiciones de poder para participar en lavado de dinero, corrupci\u00f3n y narcotr\u00e1fico, incluidas actividades relacionadas con grupos designados como terroristas. Una acusaci\u00f3n federal en Estados Unidos de 2020, adem\u00e1s, alega que Cabello conspir\u00f3 con las FARC y otras organizaciones criminales como parte del llamado \u201cCartel de los Soles\u201d.<\/p>\n<\/details>\n<\/div><\/div>\n\n\n\n<p class=\"wp-block-paragraph\">En un inicio, las FARC suministraban la droga y los militares venezolanos garantizaban el transporte, y ambos operaban a trav\u00e9s de narcotraficantes curtidos como <a href=\"https:\/\/insightcrime.org\/es\/noticias-crimen-organizado-colombia\/loco-barrera\/\" target=\"_blank\" rel=\"noreferrer noopener\">Daniel \u201cEl Loco\u201d Barrera<\/a> y <a href=\"https:\/\/insightcrime.org\/es\/noticias-crimen-organizado-venezuela\/walid-makled\/\" target=\"_blank\" rel=\"noreferrer noopener\">Walid Makled<\/a>, alias \u201cel Turco\u201d. Sin embargo, la ca\u00edda de varios de estos capos alter\u00f3 el equilibrio del negocio y dio paso a una nueva fase en la relaci\u00f3n entre la guerrilla y el r\u00e9gimen venezolano.<\/p>\n\n\n\n<p class=\"wp-block-paragraph\">Las FARC comenzaron a despachar cargamentos desde su propia infraestructura, principalmente pistas clandestinas ubicadas en regiones fronterizas de Venezuela, como Apure o Zulia. Paralelamente, las redes de corrupci\u00f3n incrustadas en el Estado venezolano \u2014conocidas como el <a href=\"https:\/\/insightcrime.org\/es\/investigaciones\/mas-alla-del-cartel-de-los-soles\/\" target=\"_blank\" rel=\"noreferrer noopener\">Cartel de los Soles<\/a>\u2014 empezaron a negociar directamente con compradores y a despachar sus propios env\u00edos.<\/p>\n\n\n\n<p class=\"wp-block-paragraph\">Hacia 2013, la muerte de Ch\u00e1vez y el inicio de las negociaciones de paz entre las FARC y el gobierno de Juan Manuel Santos en Colombia reconfiguraron el panorama. Con Nicol\u00e1s Maduro en la presidencia de Venezuela, el r\u00e9gimen comenz\u00f3 a tejer nuevas alianzas criminales, mientras la desmovilizaci\u00f3n de las FARC llev\u00f3 a la creaci\u00f3n de grupos disidentes que, aunque sostuvieron las alianzas pol\u00edticas, tambi\u00e9n crearon enemistades con el r\u00e9gimen.<\/p>\n\n\n\n<h2 class=\"wp-block-heading\" id=\"h-el-heredero-del-negocio\">El heredero del negocio<\/h2>\n\n\n\n<p class=\"wp-block-paragraph\">En 2016, el gobierno de Colombia firm\u00f3 el acuerdo de paz con las FARC, que deriv\u00f3 en la desmovilizaci\u00f3n y el desarme de cerca de 13.200 combatientes. Sin embargo, no todos los l\u00edderes de la organizaci\u00f3n respaldaron las negociaciones. Algunos comandantes optaron por seguir en armas y <a href=\"https:\/\/insightcrime.org\/es\/investigaciones\/origen-ex-farc-mafia\/\" target=\"_blank\" rel=\"noreferrer noopener\">preservar sus negocios il\u00edcitos<\/a>, especialmente en la frontera colombo-venezolana.<\/p>\n\n\n\n<p class=\"wp-block-paragraph\">Con el antecedente de una presencia hist\u00f3rica en Venezuela, las primeras facciones disidentes de las FARC aprovecharon las bases ya instaladas en ese pa\u00eds y los v\u00ednculos construidos con militares bajo las \u00f3rdenes de Maduro.&nbsp;<\/p>\n\n\n\n<p class=\"wp-block-paragraph\">Una de las principales facciones disidentes que sostuvo estos nexos es el <a href=\"https:\/\/insightcrime.org\/es\/noticias-crimen-organizado-venezuela\/frente-acacio-medina\/\" target=\"_blank\" rel=\"noreferrer noopener\">Frente Acacio Medina<\/a>, liderado por G\u00e9ner Garc\u00eda Molina, alias \u201c<a href=\"https:\/\/insightcrime.org\/es\/noticias-crimen-organizado-colombia\/gener-garcia-molina-alias-jhon-40\/\" target=\"_blank\" rel=\"noreferrer noopener\">John 40<\/a>\u201d, cuyo centro de operaciones est\u00e1 ubicado en el estado de Amazonas, sur de Venezuela, fronterizo con los departamentos colombianos de Guain\u00eda y Vichada. Aproximadamente desde 2013, y hasta hoy, John 40 y sus hombres han logrado consolidar uno de los principales corredores de coca\u00edna y oro de la regi\u00f3n, en el que la permisividad y complicidad de sectores de la Guardia Nacional Bolivariana (GNB) han sido determinantes para su funcionamiento.<\/p>\n\n\n\n<blockquote class=\"wp-block-quote is-layout-flow wp-block-quote-is-layout-flow\">\n<p class=\"wp-block-paragraph\"><strong><mark style=\"background-color:rgba(0, 0, 0, 0)\" class=\"has-inline-color has-primary-variation-color\">VEA TAMBI\u00c9N:<\/mark><\/strong> <a href=\"https:\/\/insightcrime.org\/es\/investigaciones\/guerrillas-colombo-venezolanas-migracion-guerra-colombia-hacia-venezuela\/\" target=\"_blank\" rel=\"noreferrer noopener\">Las guerrillas colombo-venezolanas: la migraci\u00f3n de la guerra de Colombia hacia Venezuela<\/a><\/p>\n<\/blockquote>\n\n\n\n<p class=\"wp-block-paragraph\">En agosto de 2019, un grupo de importantes l\u00edderes de las FARC <a href=\"https:\/\/insightcrime.org\/es\/investigaciones\/ivan-marquez-deserta-proceso-paz\/\" target=\"_blank\" rel=\"noreferrer noopener\">volvieron a las armas<\/a> y usaron a Venezuela como plataforma para lanzar su proyecto insurgente. Luciano Mar\u00edn Arango, alias \u201c<a href=\"https:\/\/insightcrime.org\/es\/noticias-crimen-organizado-colombia\/luciano-marin-ivan-marquez\/\" target=\"_blank\" rel=\"noreferrer noopener\">Iv\u00e1n M\u00e1rquez<\/a>\u201d, y Seuxis Paus\u00edas Hern\u00e1ndez Solarte, alias \u201c<a href=\"https:\/\/insightcrime.org\/es\/noticias-crimen-organizado-colombia\/seuxis-pausias-hernandez-alias-jesus-santrich\/\" target=\"_blank\" rel=\"noreferrer noopener\">Jes\u00fas Santrich<\/a>\u201d, se separaron del proceso de paz y fundaron la autodenominada \u201c<a href=\"https:\/\/insightcrime.org\/es\/noticias-crimen-organizado-colombia\/segunda-marquetalia\/\" target=\"_blank\" rel=\"noreferrer noopener\">Segunda Marquetalia<\/a>\u201d. El grupo estableci\u00f3 su base en el estado Apure, un importante eje de narcotr\u00e1fico fronterizo con Colombia.<\/p>\n\n\n\n<p class=\"wp-block-paragraph\">La incursi\u00f3n de la Segunda Marquetalia en el escenario criminal cre\u00f3 <a href=\"https:\/\/insightcrime.org\/es\/investigaciones\/guerra-subsidiaria-apure\/\" target=\"_blank\" rel=\"noreferrer noopener\">fracturas entre las facciones disidentes de las FARC<\/a> y deton\u00f3 una disputa por el control de corredores fronterizos estrat\u00e9gicos entre Colombia y Venezuela.&nbsp;<\/p>\n\n\n\n<p class=\"wp-block-paragraph\">Estas tensiones desembocaron en <a href=\"https:\/\/insightcrime.org\/es\/investigaciones\/ejercito-venezolano-derrotado-superado\/\" target=\"_blank\" rel=\"noreferrer noopener\">enfrentamientos abiertos<\/a>. En 2021, el ej\u00e9rcito venezolano lanz\u00f3 una ofensiva militar contra el Frente 10 de las disidencias de las FARC en el estado de Apure, una zona clave para el tr\u00e1fico de drogas y el control de pasos fronterizos. Pol\u00edticos, periodistas y habitantes de la regi\u00f3n le comentaron a InSight Crime que la operaci\u00f3n buscaba desplazar a esta facci\u00f3n para facilitar el control territorial de la Segunda Marquetalia sobre rutas estrat\u00e9gicas del narcotr\u00e1fico.<\/p>\n\n\n\n<p class=\"wp-block-paragraph\">Con el tiempo, Venezuela dej\u00f3 de ser un refugio seguro para las disidencias de las FARC. El pa\u00eds se convirti\u00f3 en el <a href=\"https:\/\/insightcrime.org\/es\/investigaciones\/venezuela-cementerio-exfarc-mafia\/\" target=\"_blank\" rel=\"noreferrer noopener\">cementerio de varios de sus principales comandantes<\/a>, como Hern\u00e1n Dar\u00edo Vel\u00e1squez, alias \u201cel Paisa\u201d, y Henry Castellanos Garz\u00f3n, alias \u201cRoma\u00f1a\u201d, as\u00ed como de m\u00faltiples atentados contra Iv\u00e1n M\u00e1rquez.<\/p>\n\n\n\n<p class=\"wp-block-paragraph\">\u201cTodav\u00eda queda parte de las antiguas FARC, pero ya no es una sola persona la que controla el tr\u00e1fico de drogas ni las rutas. Ese poder est\u00e1 hoy m\u00e1s fragmentado y, en muchos casos, en manos de generales, que tienen sus propias cuotas de control en distintas zonas\u201d, le coment\u00f3 a InSight Crime un exfuncionario de una agencia antidrogas del gobierno de Ch\u00e1vez, quien prefiri\u00f3 omitir su nombre por temor a represalias.<\/p>\n\n\n\n<p class=\"wp-block-paragraph\">El proveedor confiable del negocio ya no viste de camuflaje con las siglas de las FARC. Hoy, quien controla los corredores, la log\u00edstica y las rentas ilegales en la frontera luce brazaletes rojinegros.<\/p>\n\n\n\n<div class=\"container-wrapper-genially\" style=\"position: relative; min-height: 400px; max-width: 100%;\"><video class=\"loader-genially\" autoplay=\"autoplay\" loop=\"loop\" playsinline=\"playsInline\" muted=\"muted\" style=\"position: absolute;top: 45%;left: 50%;transform: translate(-50%, -50%);width: 80px;height: 80px;margin-bottom: 10%\"><source src=\"https:\/\/static.genially.com\/resources\/loader-default-rebranding.mp4\" type=\"video\/mp4\" \/>Your browser does not support the video tag.<\/video><div id=\"6983b0d198815022d164de2e\" class=\"genially-embed\" style=\"margin: 0px auto; position: relative; height: auto; width: 100%;\"><\/div><\/div><script>(function (d) { var js, id = \"genially-embed-js\", ref = d.getElementsByTagName(\"script\")[0]; if (d.getElementById(id)) { return; } js = d.createElement(\"script\"); js.id = id; js.async = true; js.src = \"https:\/\/view.genially.com\/static\/embed\/embed.js\"; ref.parentNode.insertBefore(js, ref); }(document));<\/script>\n\n\n\n<h2 class=\"wp-block-heading\" id=\"h-de-actores-secundarios-a-protagonistas\">De actores secundarios a protagonistas<\/h2>\n\n\n\n<p class=\"wp-block-paragraph\">Considerados por muchos a\u00f1os como los \u201cprimos pobres\u201d de las FARC, el fracaso de las disidencias fue el tiquete de oro que catapult\u00f3 el proyecto militar y econ\u00f3mico del ELN en varias zonas de la frontera de 2.200 kil\u00f3metros que comparten Venezuela y Colombia.<\/p>\n\n\n\n<p class=\"wp-block-paragraph\">\u201cLas disidencias de las FARC no estaban dispuestas a complacer al gobierno de Maduro, no estaban dispuestas a hacer todo lo que dijera el r\u00e9gimen\u00bb, mencion\u00f3 Ra\u00fal a InSight Crime. Sin embargo, el ELN s\u00ed lo estaba.<\/p>\n\n\n\n<p class=\"wp-block-paragraph\">M\u00e1s all\u00e1 de la afinidad ideol\u00f3gica, el ELN pas\u00f3 a desempe\u00f1ar un papel paramilitar al servicio de los intereses del Estado venezolano en la frontera. El control de territorios, poblaciones y econom\u00edas ilegales, como el tr\u00e1fico de coca\u00edna, fue la carta de entrada para que el ELN se convirtiera en un basti\u00f3n de defensa de la Revoluci\u00f3n Bolivariana.<\/p>\n\n\n\n<p class=\"wp-block-paragraph\">Detr\u00e1s de esta estrategia, se encuentra Gustavo An\u00edbal Giraldo, alias \u201cPablito\u201d, comandante del Frente de Guerra Oriental (FGO), la estructura de guerra m\u00e1s rica y poderosa del ELN. Pablito y su estructura armada son los principales financiadores de la lucha del ELN en Colombia.<\/p>\n\n\n\n<p class=\"wp-block-paragraph\">Informes de inteligencia colombiana, dados a conocer por la <a href=\"https:\/\/cambiocolombia.com\/poder\/articulo\/2026\/1\/exclusivo-los-archivos-secretos-del-gobierno-sobre-el-brazo-narcotraficante-del-eln\/\">revista Cambio<\/a>, dan cuenta de c\u00f3mo Pablito controla laboratorios de producci\u00f3n de pasta base y de clorhidrato de coca\u00edna, bodegas de almacenamiento y pistas clandestinas para la salida de la droga desde Venezuela. Gerly S\u00e1nchez Villamizar, alias \u201cMono Gerly\u201d uno de los principales lugartenientes de Pablito, fue <a href=\"https:\/\/www.interior.gob.es\/opencms\/eu\/detalle\/articulo\/La-Policia-Nacional-detiene-a-un-fugitivo-colombiano-integrante-del-Ejercito-de-Liberacion-Nacional\/\">capturado<\/a> en diciembre de 2025 en Espa\u00f1a. No solo est\u00e1 acusado de liderar actividades de narcotr\u00e1fico, sino que estar\u00eda detr\u00e1s de una red de blanqueo de capitales que presuntamente <a href=\"https:\/\/www.eltiempo.com\/justicia\/conflicto-y-narcotrafico\/los-59-lingotes-de-oro-lavado-de-activos-y-los-detalles-de-la-caida-de-mono-gerly-el-cabecilla-del-eln-capturado-en-madrid-espana-3513970\">lav\u00f3<\/a> m\u00e1s de US$240 millones provenientes del narcotr\u00e1fico.<\/p>\n\n\n\n<p class=\"wp-block-paragraph\">\u201cEs el principal lavador de activos del traqueteo del ELN. Es el capo\u201d, dijo el presidente de Colombia, Gustavo Petro, en su <a href=\"https:\/\/x.com\/petrogustavo\/status\/2005765777987686401?ref_src=twsrc%5Etfw%7Ctwcamp%5Etweetembed%7Ctwterm%5E2005765777987686401%7Ctwgr%5E1977a9cc9a15ff9f103b34dff5791c87145feb50%7Ctwcon%5Es1_&amp;ref_url=https%3A%2F%2Fwww.dw.com%2Fes%2Fpetro-pide-la-extradiciC3B3n-de-guerrillero-eln-detenido-en-espaC3B1a%2Fa-75337645\">cuenta de X<\/a> a finales de 2025 en alusi\u00f3n al rol de S\u00e1nchez.<\/p>\n\n\n\n<p class=\"wp-block-paragraph\">El principal rol del ELN en el narcotr\u00e1fico en Venezuela es garantizar el ingreso de coca\u00edna desde Colombia, proteger pistas y cargamentos. Una vez en Venezuela, la coca\u00edna es despachada desde pistas clandestinas, como la que se encuentra en el rancho de Ra\u00fal, o es transportada al interior del pa\u00eds, donde es enviada a destinos internacionales por diversas rutas.&nbsp;<\/p>\n\n\n\n<blockquote class=\"wp-block-quote is-layout-flow wp-block-quote-is-layout-flow\">\n<p class=\"wp-block-paragraph\"><a href=\"https:\/\/insightcrime.org\/es\/investigaciones\/guerrillas-colombo-venezolanas-migracion-guerra-colombia-hacia-venezuela\/\"><mark style=\"background-color:rgba(0, 0, 0, 0)\" class=\"has-inline-color has-primary-variation-color\"><strong>VEA TAMBI\u00c9N:<\/strong><\/mark><\/a> <a href=\"https:\/\/insightcrime.org\/es\/investigaciones\/paz-nunca-alternativa-eln-colombia-venezuela\/\" target=\"_blank\" rel=\"noreferrer noopener\">La paz nunca fue una alternativa: el ELN de Colombia en Venezuela<\/a><\/p>\n<\/blockquote>\n\n\n\n<p class=\"wp-block-paragraph\">Un intercambio de comunicaciones revelado por la <a href=\"https:\/\/www.youtube.com\/watch?v=cF71x6aUUUI\">Unidad Investigativa de Noticias Caracol<\/a> documenta que, adem\u00e1s del flujo de coca\u00edna controlado por el ELN desde Colombia, el ej\u00e9rcito venezolano habr\u00eda comercializado armas con comandantes de ese grupo y coordinado operaciones conjuntas en suelo venezolano.&nbsp;<\/p>\n\n\n\n<p class=\"wp-block-paragraph\">Diosdado Cabello aparece como otro de los enlaces entre el r\u00e9gimen y el ELN, seg\u00fan el m\u00e1s reciente <a href=\"https:\/\/www.justice.gov\/opa\/media\/1422326\/dl\" target=\"_blank\" rel=\"noreferrer noopener\">escrito de acusaci\u00f3n<\/a> de Estados Unidos contra Nicol\u00e1s Maduro y testimonios de exmilitares y ganaderos que hablaron con InSight Crime. Cabello se ha encargado de disponer los elementos necesarios para que el ELN, y en general, el narcotr\u00e1fico en Venezuela, pueda ocurrir sin inconvenientes.&nbsp;<\/p>\n\n\n\n<p class=\"wp-block-paragraph\">Cabello supuestamente <a href=\"https:\/\/www.justice.gov\/opa\/media\/1422326\/dl\">viaj\u00f3<\/a> entre 2022 y 2024 a pistas clandestinas controladas por el ELN en la frontera con Colombia para asegurar que la coca\u00edna saliera de Venezuela con \u00e9xito mediante vuelos clandestinos.&nbsp;<\/p>\n\n\n\n<p class=\"wp-block-paragraph\">\u201cLa articulaci\u00f3n entre el Cartel de los Soles y los grupos guerrilleros que hacen vida en la frontera sirve para mantener todo tranquilo y para que la mercanc\u00eda pueda circular tranquilamente\u201d, dijo a InSight Crime un antiguo miembro del Partido Comunista Venezolano (PCV), quien omiti\u00f3 su nombre por razones de seguridad. \u201cEl ELN ayuda a pasar droga hasta cierto punto y de ah\u00ed para ac\u00e1 el Ej\u00e9rcito resguarda.\u201d<\/p>\n\n\n\n<p class=\"wp-block-paragraph\">La relaci\u00f3n de larga data entre el ELN y figuras clave del r\u00e9gimen chavista reduce las probabilidades de que las econom\u00edas del narcotr\u00e1fico compartidas con el Cartel de los Soles se desarticulen, incluso despu\u00e9s de la captura de Nicol\u00e1s Maduro en enero de 2026. Por el contrario, todo apunta a una adaptaci\u00f3n de estos v\u00ednculos, con formas de cooperaci\u00f3n m\u00e1s encubiertas entre el ELN y sectores del poder pol\u00edtico y militar.<\/p>\n\n\n\n<p class=\"wp-block-paragraph\">\u201cVeo dif\u00edcil una decisi\u00f3n del r\u00e9gimen bolivariano de combatir al ELN\u201d, dijo Luis Fernando Celis, analista de seguridad especializado en el ELN, a InSight Crime. \u201cNo creo que el ELN sea f\u00e1cilmente golpeable en Venezuela, como no lo es en Colombia. El ELN va a tener m\u00e1s dificultades, va a tener que recomponer sus relaciones, pero no veo una gran amenaza para el ELN en el escenario actual venezolano\u201d.<\/p>\n","protected":false},"excerpt":{"rendered":"<p>El ELN, en cooperaci\u00f3n con autoridades venezolanas, ha utilizado diversas t\u00e1cticas para consolidar su dominio en la frontera entre Colombia y Venezuela, atravesada por innumerables corredores de narcotr\u00e1fico, una econom\u00eda ilegal que ha financiado tanto a altos funcionarios del r\u00e9gimen como a las guerrillas.<\/p>\n","protected":false},"author":775,"featured_media":334387,"comment_status":"closed","ping_status":"closed","sticky":false,"template":"single-feature.php","format":"standard","meta":{"newspack_ads_suppress_ads":false,"newspack_popups_has_disabled_popups":false,"newspack_sponsor_sponsorship_scope":"","newspack_sponsor_native_byline_display":"inherit","newspack_sponsor_native_category_display":"inherit","newspack_sponsor_underwriter_style":"inherit","newspack_sponsor_underwriter_placement":"inherit","_EventAllDay":false,"_EventTimezone":"","_EventStartDate":"","_EventEndDate":"","_EventStartDateUTC":"","_EventEndDateUTC":"","_EventShowMap":false,"_EventShowMapLink":false,"_EventURL":"","_EventCost":"","_EventCostDescription":"","_EventCurrencySymbol":"","_EventCurrencyCode":"","_EventCurrencyPosition":"","_EventDateTimeSeparator":"","_EventTimeRangeSeparator":"","_EventOrganizerID":[],"_EventVenueID":[],"_OrganizerEmail":"","_OrganizerPhone":"","_OrganizerWebsite":"","_VenueAddress":"","_VenueCity":"","_VenueCountry":"","_VenueProvince":"","_VenueState":"","_VenueZip":"","_VenuePhone":"","_VenueURL":"","_VenueStateProvince":"","_VenueLat":"","_VenueLng":"","_VenueShowMap":false,"_VenueShowMapLink":false,"_newspack_byline_active":false,"_newspack_byline":"","newspack_hide_updated_date":false,"newspack_show_updated_date":false,"newspack_featured_image_position":"above","newspack_post_subtitle":"","newspack_article_summary_title":"Overview:","newspack_article_summary":"","_jetpack_memberships_contains_paid_content":false,"footnotes":""},"categories":[342],"tags":[486,477,3412,421,3365,1542,4667,400],"newspack_spnsrs_tax":[],"coauthors":[4646],"class_list":["post-334626","post","type-post","status-publish","format-standard","has-post-thumbnail","hentry","category-investigaciones","tag-cartel-de-los-soles-grupo","tag-la-coca","tag-cocaina","tag-el-eln","tag-ex-farc-mafia-es-2","tag-farc-ep","tag-maduro-es","tag-venezuela-pais","entry"],"parsely":{"version":"1.1.0","canonical_url":"https:\/\/insightcrime.org\/es\/investigaciones\/camaraderia-narcotrafico-guerrillas-colombianas-venezuela\/","smart_links":{"inbound":0,"outbound":0},"traffic_boost_suggestions_count":0,"meta":{"@context":"https:\/\/schema.org","@type":"NewsArticle","headline":"Camarader\u00eda y narcotr\u00e1fico: las guerrillas colombianas en Venezuela","url":"http:\/\/insightcrime.org\/es\/investigaciones\/camaraderia-narcotrafico-guerrillas-colombianas-venezuela\/","mainEntityOfPage":{"@type":"WebPage","@id":"http:\/\/insightcrime.org\/es\/investigaciones\/camaraderia-narcotrafico-guerrillas-colombianas-venezuela\/"},"thumbnailUrl":"https:\/\/i0.wp.com\/insightcrime.org\/wp-content\/uploads\/2026\/02\/Cartel-of-the-Suns-Cover-4-Weapons-and-Cocaine-The-Military-Guerrilla-Link-InSightCrime-Jan-2026.jpg?resize=150%2C150&quality=100&ssl=1","image":{"@type":"ImageObject","url":"https:\/\/i0.wp.com\/insightcrime.org\/wp-content\/uploads\/2026\/02\/Cartel-of-the-Suns-Cover-4-Weapons-and-Cocaine-The-Military-Guerrilla-Link-InSightCrime-Jan-2026.jpg?fit=1336%2C768&quality=100&ssl=1"},"articleSection":"Investigaciones","author":[{"@type":"Person","name":"Unidad Investigativa de Venezuela"}],"creator":["Unidad Investigativa de Venezuela"],"publisher":{"@type":"Organization","name":"InSight Crime","logo":"https:\/\/insightcrime.org\/wp-content\/uploads\/2023\/08\/logo.png"},"keywords":["cartel de los soles","coca","coca\u00edna","eln","ex-farc mafia","farc","maduro","venezuela"],"dateCreated":"2026-02-25T06:00:00Z","datePublished":"2026-02-25T06:00:00Z","dateModified":"2026-02-25T06:00:00Z"},"rendered":"<meta name=\"parsely-title\" content=\"Camarader\u00eda y narcotr\u00e1fico: las guerrillas colombianas en Venezuela\" \/>\n<meta name=\"parsely-link\" content=\"http:\/\/insightcrime.org\/es\/investigaciones\/camaraderia-narcotrafico-guerrillas-colombianas-venezuela\/\" \/>\n<meta name=\"parsely-type\" content=\"post\" \/>\n<meta name=\"parsely-image-url\" content=\"https:\/\/i0.wp.com\/insightcrime.org\/wp-content\/uploads\/2026\/02\/Cartel-of-the-Suns-Cover-4-Weapons-and-Cocaine-The-Military-Guerrilla-Link-InSightCrime-Jan-2026.jpg?resize=150%2C150&amp;quality=100&amp;ssl=1\" \/>\n<meta name=\"parsely-pub-date\" content=\"2026-02-25T06:00:00Z\" \/>\n<meta name=\"parsely-section\" content=\"Investigaciones\" \/>\n<meta name=\"parsely-tags\" content=\"cartel de los soles,coca,coca\u00edna,eln,ex-farc mafia,farc,maduro,venezuela\" \/>\n<meta name=\"parsely-author\" content=\"Unidad Investigativa de Venezuela\" \/>","tracker_url":"https:\/\/cdn.parsely.com\/keys\/insightcrime.org\/p.js"},"jetpack_sharing_enabled":true,"jetpack-related-posts":[{"id":316797,"url":"https:\/\/insightcrime.org\/es\/noticias\/nueva-guerra-fronteriza-entre-guerrillas-colombia-venezuela\/","url_meta":{"origin":334626,"position":0},"title":"Frontera entre Colombia y Venezuela en alerta por conflicto entre guerrillas","author":"Unidad Investigativa de Venezuela","date":"8 de agosto de 2025","format":false,"excerpt":"La presunta muerte de un comandante guerrillero en un \u00e1rea cercana a la frontera entre Colombia y Venezuela da se\u00f1ales de la fractura de una alianza criminal que regula conjuntamente econom\u00edas criminales en la zona sur de la frontera binacional.","rel":"","context":"En \u00abNoticias\u00bb","block_context":{"text":"Noticias","link":"https:\/\/insightcrime.org\/es\/category\/noticias\/"},"img":{"alt_text":"","src":"https:\/\/i0.wp.com\/insightcrime.org\/wp-content\/uploads\/2025\/08\/image-4-1.png?fit=350%2C250&quality=100&ssl=1&resize=350%2C200","width":350,"height":200},"classes":[]},{"id":307081,"url":"https:\/\/insightcrime.org\/es\/noticias\/que-hay-detras-detenciones-alcaldes-venezuela\/","url_meta":{"origin":334626,"position":1},"title":"\u00bfQu\u00e9 hay detr\u00e1s de las detenciones de alcaldes en Venezuela?","author":"Unidad Investigativa de Venezuela","date":"10 de abril de 2025","format":false,"excerpt":"Las recientes detenciones de siete alcaldes de la oposici\u00f3n al partido gobernante en Venezuela revelan c\u00f3mo el gobierno del presidente Nicol\u00e1s Maduro ha instrumentalizado la lucha contra el crimen organizado para alcanzar sus fines pol\u00edticos.","rel":"","context":"En \u00abNoticias\u00bb","block_context":{"text":"Noticias","link":"https:\/\/insightcrime.org\/es\/category\/noticias\/"},"img":{"alt_text":"Venezuela-Diosdado Cabello-Cocaine-Source","src":"https:\/\/i0.wp.com\/insightcrime.org\/wp-content\/uploads\/2025\/04\/Diosdado-Cabello-Rueda-de-Prensa-Abril-4-e1744216455617.jpeg?fit=800%2C445&quality=100&ssl=1&resize=350%2C200","width":350,"height":200,"srcset":"https:\/\/i0.wp.com\/insightcrime.org\/wp-content\/uploads\/2025\/04\/Diosdado-Cabello-Rueda-de-Prensa-Abril-4-e1744216455617.jpeg?fit=800%2C445&quality=100&ssl=1&resize=350%2C200 1x, https:\/\/i0.wp.com\/insightcrime.org\/wp-content\/uploads\/2025\/04\/Diosdado-Cabello-Rueda-de-Prensa-Abril-4-e1744216455617.jpeg?fit=800%2C445&quality=100&ssl=1&resize=525%2C300 1.5x, https:\/\/i0.wp.com\/insightcrime.org\/wp-content\/uploads\/2025\/04\/Diosdado-Cabello-Rueda-de-Prensa-Abril-4-e1744216455617.jpeg?fit=800%2C445&quality=100&ssl=1&resize=700%2C400 2x"},"classes":[]},{"id":199205,"url":"https:\/\/insightcrime.org\/es\/investigaciones\/rebeldes-paramilitares-guerrilla-colombiana-venezuela\/","url_meta":{"origin":334626,"position":2},"title":"Rebeldes y paramilitares: la guerrilla colombiana en Venezuela","author":"Unidad Investigativa de Venezuela","date":"3 de octubre de 2022","format":false,"excerpt":"Los estados venezolanos fronterizos con Colombia han sufrido destrucci\u00f3n de una guerra que pasaron medio siglo observando desde lejos.","rel":"","context":"En \u00abInvestigaciones\u00bb","block_context":{"text":"Investigaciones","link":"https:\/\/insightcrime.org\/es\/category\/investigaciones\/"},"img":{"alt_text":"The ELN and other Colombian guerrilla groups have found a new home in Venezuela, making them binational groups.","src":"https:\/\/i0.wp.com\/insightcrime.org\/wp-content\/uploads\/2022\/10\/Venezuela-Guerrillas-Cover-Capitulo-1.png?fit=1200%2C438&quality=100&ssl=1&resize=350%2C200","width":350,"height":200,"srcset":"https:\/\/i0.wp.com\/insightcrime.org\/wp-content\/uploads\/2022\/10\/Venezuela-Guerrillas-Cover-Capitulo-1.png?fit=1200%2C438&quality=100&ssl=1&resize=350%2C200 1x, https:\/\/i0.wp.com\/insightcrime.org\/wp-content\/uploads\/2022\/10\/Venezuela-Guerrillas-Cover-Capitulo-1.png?fit=1200%2C438&quality=100&ssl=1&resize=525%2C300 1.5x, https:\/\/i0.wp.com\/insightcrime.org\/wp-content\/uploads\/2022\/10\/Venezuela-Guerrillas-Cover-Capitulo-1.png?fit=1200%2C438&quality=100&ssl=1&resize=700%2C400 2x, https:\/\/i0.wp.com\/insightcrime.org\/wp-content\/uploads\/2022\/10\/Venezuela-Guerrillas-Cover-Capitulo-1.png?fit=1200%2C438&quality=100&ssl=1&resize=1050%2C600 3x"},"classes":[]},{"id":129457,"url":"https:\/\/insightcrime.org\/es\/noticias\/nueva-alianza-criminal-combate-al-eln-en-la-frontera-colombia-venezuela\/","url_meta":{"origin":334626,"position":3},"title":"Nueva alianza criminal combate al ELN en la frontera Colombia-Venezuela","author":"Juan Diego Posada","date":"19 de enero de 2021","format":false,"excerpt":"Una nueva alianza entre dos grupos criminales se estar\u00eda gestando en la frontera entre Colombia y Venezuela, para retomar el control de las principales econom\u00edas criminales. Urabe\u00f1os y Rastrojos habr\u00edan unido fuerzas para contrarrestar al Ej\u00e9rcito de Liberaci\u00f3n Nacional (ELN).","rel":"","context":"En \u00abNoticias\u00bb","block_context":{"text":"Noticias","link":"https:\/\/insightcrime.org\/es\/category\/noticias\/"},"img":{"alt_text":"","src":"https:\/\/i0.wp.com\/insightcrime.org\/wp-content\/uploads\/2021\/01\/ELN-Frontera.jpg?fit=350%2C250&quality=100&ssl=1&resize=350%2C200","width":350,"height":200},"classes":[]},{"id":166445,"url":"https:\/\/insightcrime.org\/es\/noticias\/apuesta-urabenos-venezuela-podria-fallando\/","url_meta":{"origin":334626,"position":4},"title":"La apuesta de Los Gaitanistas por Venezuela podr\u00eda estar fallando","author":"Juan Diego Posada","date":"2 de septiembre de 2021","format":false,"excerpt":"Los Urabe\u00f1os, uno de los grupos de narcotr\u00e1fico dominantes en Colombia, aparentemente est\u00e1n intensificando sus operaciones a lo largo de la frontera entre Colombia y Venezuela, una t\u00e1ctica que probablemente fomentar\u00e1 m\u00e1s violencia en una regi\u00f3n ya de por s\u00ed peligrosa.","rel":"","context":"En \u00abNoticias\u00bb","block_context":{"text":"Noticias","link":"https:\/\/insightcrime.org\/es\/category\/noticias\/"},"img":{"alt_text":"Urabe\u00f1os ","src":"https:\/\/i0.wp.com\/insightcrime.org\/wp-content\/uploads\/2021\/09\/capturados_clan_del_golfo_0.jpg?fit=350%2C250&quality=100&ssl=1&resize=350%2C200","width":350,"height":200},"classes":[]},{"id":199455,"url":"https:\/\/insightcrime.org\/es\/investigaciones\/plan-pablito-ascenso-eln-venezuela\/","url_meta":{"origin":334626,"position":5},"title":"El plan de Pablito: El avance del ELN en Venezuela","author":"Unidad Investigativa de Venezuela","date":"3 de octubre de 2022","format":false,"excerpt":"Gustavo An\u00edbal Giraldo, alias \u201cPablito\u201d, huy\u00f3 hacia Venezuela, llev\u00e1ndose consigo el modelo de insurgencia m\u00e1s exitoso en la historia del ELN.","rel":"","context":"En \u00abInvestigaciones\u00bb","block_context":{"text":"Investigaciones","link":"https:\/\/insightcrime.org\/es\/category\/investigaciones\/"},"img":{"alt_text":"","src":"https:\/\/i0.wp.com\/insightcrime.org\/wp-content\/uploads\/2022\/10\/Venezuela-Guerrillas-Cover-Capitulo-3.png?fit=1200%2C438&quality=100&ssl=1&resize=350%2C200","width":350,"height":200,"srcset":"https:\/\/i0.wp.com\/insightcrime.org\/wp-content\/uploads\/2022\/10\/Venezuela-Guerrillas-Cover-Capitulo-3.png?fit=1200%2C438&quality=100&ssl=1&resize=350%2C200 1x, https:\/\/i0.wp.com\/insightcrime.org\/wp-content\/uploads\/2022\/10\/Venezuela-Guerrillas-Cover-Capitulo-3.png?fit=1200%2C438&quality=100&ssl=1&resize=525%2C300 1.5x, https:\/\/i0.wp.com\/insightcrime.org\/wp-content\/uploads\/2022\/10\/Venezuela-Guerrillas-Cover-Capitulo-3.png?fit=1200%2C438&quality=100&ssl=1&resize=700%2C400 2x, https:\/\/i0.wp.com\/insightcrime.org\/wp-content\/uploads\/2022\/10\/Venezuela-Guerrillas-Cover-Capitulo-3.png?fit=1200%2C438&quality=100&ssl=1&resize=1050%2C600 3x"},"classes":[]}],"jetpack_featured_media_url":"https:\/\/i0.wp.com\/insightcrime.org\/wp-content\/uploads\/2026\/02\/Cartel-of-the-Suns-Cover-4-Weapons-and-Cocaine-The-Military-Guerrilla-Link-InSightCrime-Jan-2026.jpg?fit=1336%2C768&quality=100&ssl=1","_links":{"self":[{"href":"https:\/\/insightcrime.org\/es\/wp-json\/wp\/v2\/posts\/334626","targetHints":{"allow":["GET"]}}],"collection":[{"href":"https:\/\/insightcrime.org\/es\/wp-json\/wp\/v2\/posts"}],"about":[{"href":"https:\/\/insightcrime.org\/es\/wp-json\/wp\/v2\/types\/post"}],"author":[{"embeddable":true,"href":"https:\/\/insightcrime.org\/es\/wp-json\/wp\/v2\/users\/775"}],"replies":[{"embeddable":true,"href":"https:\/\/insightcrime.org\/es\/wp-json\/wp\/v2\/comments?post=334626"}],"version-history":[{"count":11,"href":"https:\/\/insightcrime.org\/es\/wp-json\/wp\/v2\/posts\/334626\/revisions"}],"predecessor-version":[{"id":334813,"href":"https:\/\/insightcrime.org\/es\/wp-json\/wp\/v2\/posts\/334626\/revisions\/334813"}],"wp:featuredmedia":[{"embeddable":true,"href":"https:\/\/insightcrime.org\/es\/wp-json\/wp\/v2\/media\/334387"}],"wp:attachment":[{"href":"https:\/\/insightcrime.org\/es\/wp-json\/wp\/v2\/media?parent=334626"}],"wp:term":[{"taxonomy":"category","embeddable":true,"href":"https:\/\/insightcrime.org\/es\/wp-json\/wp\/v2\/categories?post=334626"},{"taxonomy":"post_tag","embeddable":true,"href":"https:\/\/insightcrime.org\/es\/wp-json\/wp\/v2\/tags?post=334626"},{"taxonomy":"newspack_spnsrs_tax","embeddable":true,"href":"https:\/\/insightcrime.org\/es\/wp-json\/wp\/v2\/newspack_spnsrs_tax?post=334626"},{"taxonomy":"author","embeddable":true,"href":"https:\/\/insightcrime.org\/es\/wp-json\/wp\/v2\/coauthors?post=334626"}],"curies":[{"name":"wp","href":"https:\/\/api.w.org\/{rel}","templated":true}]}}