{"id":337682,"date":"2026-03-24T14:32:28","date_gmt":"2026-03-24T19:32:28","guid":{"rendered":"https:\/\/insightcrime.org\/?p=337682"},"modified":"2026-03-24T16:36:08","modified_gmt":"2026-03-24T21:36:08","slug":"carnaval-samba-control-criminal-rio-de-janeiro-brasil","status":"publish","type":"post","link":"https:\/\/insightcrime.org\/es\/news\/carnaval-samba-control-criminal-rio-de-janeiro-brasil\/","title":{"rendered":"Carnaval, samba y control criminal en R\u00edo de Janeiro"},"content":{"rendered":"\n<p class=\"wp-block-paragraph\">Pocos d\u00edas despu\u00e9s del carnaval de Brasil en 2025, Salgueiro, una de las principales escuelas de samba del pa\u00eds, <a href=\"https:\/\/www.instagram.com\/p\/DG26kw0Oyp-\/?utm_source=ig_web_copy_link&amp;igsh=NTc4MTIwNjQ2YQ==\" target=\"_blank\" rel=\"noreferrer noopener nofollow\">public\u00f3<\/a> en Instagram una dura cr\u00edtica contra los jueces de R\u00edo de Janeiro. Salgueiro suele ocupar los primeros lugares, por lo que su descenso al s\u00e9ptimo puesto en el desfile golpe\u00f3 con fuerza a la insitituci\u00f3n.<\/p>\n\n\n\n<p class=\"wp-block-paragraph\">\u201cA los corruptos de turno les enviamos una advertencia: Salgueiro no se dejar\u00e1 intimidar por esta banda de ladrones que intenta destruir el carnaval atacando a quienes son transparentes\u201d, dec\u00eda el mensaje. \u201cSalgueiro, junto con otras escuelas de samba, trabajar\u00e1 por un carnaval transparente, limpio y justo, por respeto al carnaval y a todos los amantes de esta celebraci\u00f3n\u201d.<\/p>\n\n\n\n<figure class=\"wp-block-image size-large\"><img data-recalc-dims=\"1\" loading=\"lazy\" decoding=\"async\" width=\"1024\" height=\"520\" src=\"https:\/\/i0.wp.com\/insightcrime.org\/wp-content\/uploads\/2026\/03\/image-3.png?resize=1024%2C520&#038;quality=100&#038;ssl=1\" alt=\"\" class=\"wp-image-337685\" srcset=\"https:\/\/i0.wp.com\/insightcrime.org\/wp-content\/uploads\/2026\/03\/image-3.png?resize=1024%2C520&amp;quality=100&amp;ssl=1 1024w, https:\/\/i0.wp.com\/insightcrime.org\/wp-content\/uploads\/2026\/03\/image-3.png?resize=300%2C152&amp;quality=100&amp;ssl=1 300w, https:\/\/i0.wp.com\/insightcrime.org\/wp-content\/uploads\/2026\/03\/image-3.png?resize=768%2C390&amp;quality=100&amp;ssl=1 768w, https:\/\/i0.wp.com\/insightcrime.org\/wp-content\/uploads\/2026\/03\/image-3.png?resize=1536%2C780&amp;quality=100&amp;ssl=1 1536w, https:\/\/i0.wp.com\/insightcrime.org\/wp-content\/uploads\/2026\/03\/image-3.png?resize=1200%2C609&amp;quality=100&amp;ssl=1 1200w, https:\/\/i0.wp.com\/insightcrime.org\/wp-content\/uploads\/2026\/03\/image-3.png?resize=780%2C396&amp;quality=100&amp;ssl=1 780w, https:\/\/i0.wp.com\/insightcrime.org\/wp-content\/uploads\/2026\/03\/image-3.png?resize=400%2C203&amp;quality=100&amp;ssl=1 400w, https:\/\/i0.wp.com\/insightcrime.org\/wp-content\/uploads\/2026\/03\/image-3.png?resize=706%2C358&amp;quality=100&amp;ssl=1 706w, https:\/\/i0.wp.com\/insightcrime.org\/wp-content\/uploads\/2026\/03\/image-3.png?w=1600&amp;quality=100&amp;ssl=1 1600w, https:\/\/i0.wp.com\/insightcrime.org\/wp-content\/uploads\/2026\/03\/image-3-1024x520.png?w=370&amp;quality=100&amp;ssl=1 370w\" sizes=\"auto, (max-width: 1000px) 100vw, 1000px\" \/><\/figure>\n\n\n\n<p class=\"wp-block-paragraph\">En la parte superior de la publicaci\u00f3n de Salgueiro aparec\u00eda un mensaje de agradecimiento al principal patrocinador financiero de la escuela, Adilson Oliveira Coutinho Filho. Oliveira, m\u00e1s conocido como \u201cAdilsinho\u201d, es un legendario <em>bicheiro<\/em>, el t\u00e9rmino que se utiliza en Brasil para describir a quienes controlan loter\u00edas informales en los barrios de la ciudad.<\/p>\n\n\n\n<p class=\"wp-block-paragraph\">Estas loter\u00edas, conocidas como <em>Jogo do Bicho<\/em>, no son solo una forma de generar ingresos, tambi\u00e9n son una v\u00eda hacia el poder pol\u00edtico y social en R\u00edo, especialmente en lo que respecta a las emblem\u00e1ticas escuelas de samba, que durante d\u00e9cadas han estado bajo el dominio de los <em>bicheiros<\/em>.<\/p>\n\n\n\n<p class=\"wp-block-paragraph\">El problema es que Adilsinho \u2014quien en alg\u00fan momento jug\u00f3 f\u00fatbol profesional\u2014 tambi\u00e9n era un criminal acusado. En al menos cuatro ocasiones, las autoridades lo <a href=\"https:\/\/noticias.uol.com.br\/cotidiano\/ultimas-noticias\/2026\/02\/26\/quem-e-adilsinho-bicheiro-apontado-como-chefe-da-mafia-do-cigarro.htm\" target=\"_blank\" rel=\"noreferrer noopener nofollow\">investigaron<\/a> por delitos que iban desde el homicidio para expandir su negocio del <em>Jogo do Bicho<\/em> hasta la venta de cigarrillos de contrabando junto a una mafia que operaba en 11 estados brasile\u00f1os.<\/p>\n\n\n\n<p class=\"wp-block-paragraph\">Pero durante un tiempo, Adilsinho parec\u00eda intocable, ya que sali\u00f3 librado de cada una de las acusaciones. Incluso, en su cumplea\u00f1os n\u00famero 51, en 2021, en plena pandemia, hab\u00eda invitado a 500 personas a celebrarlo en el ic\u00f3nico Copacabana Palace. En la invitaci\u00f3n, <a href=\"https:\/\/noticias.uol.com.br\/cotidiano\/ultimas-noticias\/2026\/02\/26\/quem-e-adilsinho-bicheiro-apontado-como-chefe-da-mafia-do-cigarro.htm\" target=\"_blank\" rel=\"noreferrer noopener nofollow\">seg\u00fan<\/a> reportes, se refer\u00eda a s\u00ed mismo como \u201cEl Padrino\u201d (\u201c<em>O Poderoso Chef\u00e3o<\/em>\u201d).<\/p>\n\n\n\n<p class=\"wp-block-paragraph\">Pero cuando lleg\u00f3 nuevamente el carnaval este a\u00f1o, la situaci\u00f3n comenz\u00f3 a tensarse en otro frente, posiblemente uno m\u00e1s peligroso. El comunicado emitido por su escuela en 2025 hab\u00eda dejado resentimientos entre los l\u00edderes del carnaval y, antes del gran desfile de este a\u00f1o, Salgueiro emiti\u00f3 otro mensaje que volvi\u00f3 a enfurecer a figuras clave.<\/p>\n\n\n\n<p class=\"wp-block-paragraph\">En esta ocasi\u00f3n, la escuela expres\u00f3 plena confianza en los jueces. Aunque no se mencionaba a Adilsinho \u2014quien, <a href=\"https:\/\/istoe.com.br\/por-que-a-salgueiro-pediu-julgamento-justo-horas-antes-de-desfile-no-rio\" target=\"_blank\" rel=\"noreferrer noopener nofollow\">seg\u00fan<\/a> reportes, se hab\u00eda distanciado de la escuela\u2014 muchos interpretaron el mensaje como una amenaza velada: los jueces no deb\u00edan relegar a Salgueiro por segundo a\u00f1o consecutivo.<\/p>\n\n\n\n<p class=\"wp-block-paragraph\">Seis d\u00edas despu\u00e9s, Adilsinho fue arrestado. El giro, casi carnavalesco, pareci\u00f3 enviar un mensaje claro: el contrabando de cigarrillos, e incluso el homicidio, pod\u00edan tolerarse. Pero desafiar a la jerarqu\u00eda del carnaval, no.<\/p>\n\n\n\n<h2 class=\"wp-block-heading\" id=\"h-nacido-en-el-negocio-del-jogo-do-bicho\">Nacido en el negocio del <em>Jogo do Bicho<\/em><\/h2>\n\n\n\n<p class=\"wp-block-paragraph\">Adilsinho naci\u00f3 en un clan del <em>Jogo do Bicho<\/em> en Duque de Caxias, un municipio del \u00e1rea metropolitana de R\u00edo de Janeiro. Su padre era un <em>bicheiro<\/em> que manejaba una red de loter\u00edas en toda la ciudad. Con el tiempo, acumularon riqueza y se trasladaron al exclusivo barrio de Leblon.<\/p>\n\n\n\n<p class=\"wp-block-paragraph\">Desde temprana edad, Adilsinho estuvo involucrado en las operaciones familiares. El sistema funciona como cualquier otra loter\u00eda: los <em>bicheiros<\/em> venden boletos a trav\u00e9s de vendedores ambulantes, bares, kioscos y puestos de peri\u00f3dicos. Muchos tambi\u00e9n administran m\u00e1quinas tragamonedas y otros dispositivos de juego.<\/p>\n\n\n\n<p class=\"wp-block-paragraph\">Adilsinho fue un <em>bicheiro<\/em> eficaz y expandi\u00f3 el control criminal de su familia. Presuntamente manipul\u00f3 m\u00e1quinas tragamonedas y perfeccion\u00f3 m\u00e9todos para hacer el juego m\u00e1s atractivo, aumentando la frecuencia de premios y reduciendo los pagos a los jugadores para <a href=\"https:\/\/oglobo.globo.com\/rio\/noticia\/2026\/02\/27\/quadrilha-de-adilsinho-espalhou-seus-tentaculos-por-oito-estados-de-norte-a-sul-do-pais-mostram-investigacoes.ghtml\" target=\"_blank\" rel=\"noreferrer noopener nofollow\">garantizar ganancias m\u00ednimas<\/a>. Tambi\u00e9n ampli\u00f3 su control territorial \u2014clave en este negocio\u2014 ya que m\u00e1s barrios implican m\u00e1s boletos vendidos.<\/p>\n\n\n\n<blockquote class=\"wp-block-quote is-layout-flow wp-block-quote-is-layout-flow\">\n<p class=\"wp-block-paragraph\"><mark style=\"background-color:rgba(0, 0, 0, 0)\" class=\"has-inline-color has-primary-color\"><strong>VEA TAMBI\u00c9N:<\/strong> <\/mark><a href=\"https:\/\/insightcrime.org\/es\/noticias\/analisis\/caso-de-corrupcion-expone-la-influencia-de-un-jefe-del-juego-en-brasil\/\" target=\"_blank\" rel=\"noreferrer noopener\">Caso de corrupci\u00f3n expone la influencia de un jefe del juego en Brasil<\/a><\/p>\n<\/blockquote>\n\n\n\n<p class=\"wp-block-paragraph\">Desde la d\u00e9cada de 2000, extendi\u00f3 sus operaciones a otros estados de Brasil, en ocasiones mediante la violencia. Seg\u00fan fiscales brasile\u00f1os, orden\u00f3 el asesinato del propietario de una empresa de apuestas en l\u00ednea en el estado de Maranh\u00e3o. Y en 2023, la polic\u00eda acus\u00f3 a su red de contrabando de cigarrillos de asesinar a un distribuidor legal en R\u00edo como parte de un plan para eliminar la competencia y dominar la cadena de suministro.<\/p>\n\n\n\n<p class=\"wp-block-paragraph\">En alg\u00fan momento, seg\u00fan la fiscal\u00eda, tambi\u00e9n comenz\u00f3 a fabricar cigarrillos de contrabando en Paraguay, que luego eran traficados y vendidos en Brasil. Para facilitar el negocio, corrompi\u00f3 a autoridades paraguayas y brasile\u00f1as. Adem\u00e1s, presuntamente utiliz\u00f3 trabajo forzado: en 2022, las autoridades rescataron a cerca de 70 paraguayos que trabajaban en <a href=\"https:\/\/oglobo.globo.com\/brasil\/especial\/a-cara-do-crime-como-adilsinho-ascendeu-de-bicheiro-b-ate-comandar-uma-das-maiores-redes-de-cigarro-ilegal-do-pais.ghtml\" target=\"_blank\" rel=\"noreferrer noopener nofollow\">condiciones similares a la esclavitud<\/a> en sus f\u00e1bricas clandestinas.<\/p>\n\n\n\n<h2 class=\"wp-block-heading\" id=\"h-la-disputa-por-el-samba\">La disputa por el samba<\/h2>\n\n\n\n<p class=\"wp-block-paragraph\">En 2022, Adilsinho realiz\u00f3 una llamada telef\u00f3nica a un familiar cercano. Ambos hablaron de varios temas, incluido el liderazgo del carnaval.<\/p>\n\n\n\n<p class=\"wp-block-paragraph\">El carnaval es administrado por la Liga Independiente de Escuelas de Samba (Liga Independente de Escolas de Samba, <a href=\"https:\/\/liesa.org.br\/\" target=\"_blank\" rel=\"noreferrer noopener nofollow\">LIESA<\/a>). La LIESA fue <a href=\"https:\/\/www.cnnbrasil.com.br\/nacional\/veja-quem-sao-os-principais-nomes-da-historia-do-jogo-do-bicho-no-rj\/\" target=\"_blank\" rel=\"noreferrer noopener nofollow\">creada en 1984<\/a> por un grupo de destacados <em>bicheiros<\/em>. En teor\u00eda, sus l\u00edderes buscaban profesionalizar y gestionar los desfiles de las escuelas de samba, que son el coraz\u00f3n del carnaval brasile\u00f1o. Pero, en la pr\u00e1ctica, se trat\u00f3 de una forma de lavar su imagen y fortalecer su poder pol\u00edtico y social.<\/p>\n\n\n\n<p class=\"wp-block-paragraph\">\u201c[La LIESA] es la cara p\u00fablica del liderazgo del <em>Jogo do Bicho<\/em>. Es la fachada leg\u00edtima que consolid\u00f3 el poder pol\u00edtico de las \u00e9lites\u201d, dijo a InSight Crime R\u00f4mulo Labronici, doctor en Antropolog\u00eda de la Universidad Federal Fluminense (Universidade Federal Fluminense, UFF) y experto en el <em>Jogo do Bicho<\/em>.<\/p>\n\n\n\n<p class=\"wp-block-paragraph\">Labronici explic\u00f3 que los <em>bicheiros<\/em> utilizaron ese poder pol\u00edtico para obtener protecci\u00f3n. Se\u00f1al\u00f3 que l\u00edderes de la LIESA se reunieron con pol\u00edticos que luego facilitaron la construcci\u00f3n del Samb\u00f3dromo de R\u00edo, el emblem\u00e1tico estadio con capacidad para 80.000 personas donde se realiza el desfile y, posiblemente, el s\u00edmbolo m\u00e1s importante de la econom\u00eda gris que representan los <em>bicheiros<\/em>.<\/p>\n\n\n\n<p class=\"wp-block-paragraph\">En ese momento, Adilsinho no controlaba ninguna escuela de samba, pero consideraba que la LIESA estaba siendo presionada por dos escuelas poderosas. Durante la llamada, <a href=\"https:\/\/oglobo.globo.com\/rio\/carnaval\/noticia\/2026\/02\/17\/racha-entre-bicheiros-da-nova-e-da-velha-geracao-esta-por-tras-de-nota-do-salgueiro-antes-de-desfile.ghtml\" target=\"_blank\" rel=\"noreferrer noopener nofollow\">critic\u00f3 duramente a sus l\u00edderes<\/a>, a quienes calific\u00f3 de criminales por irrespetar el liderazgo tradicional del carnaval.<\/p>\n\n\n\n<p class=\"wp-block-paragraph\">\u201cSe acab\u00f3. Eso qued\u00f3 en el pasado. Ahora es una nueva generaci\u00f3n\u201d, le dijo a su familiar. \u201c\u00a1Son todos unos corruptos! Nos endulzan el o\u00eddo, pero lo \u00fanico que quieren es tomar el control. La vieja guardia ya no existe\u201d.<\/p>\n\n\n\n<p class=\"wp-block-paragraph\">Tambi\u00e9n revel\u00f3 su siguiente movimiento: estaba negociando tomar el control de una escuela de samba. Con el tiempo, lo lograr\u00eda.<\/p>\n\n\n\n<p class=\"wp-block-paragraph\">Para entonces, la polic\u00eda ya interceptaba sus llamadas como parte de las investigaciones. Cuando la transcripci\u00f3n de esta conversaci\u00f3n se filtr\u00f3 a la prensa, estall\u00f3 un esc\u00e1ndalo. Su relaci\u00f3n con la LIESA qued\u00f3 marcada de forma permanente.<\/p>\n\n\n\n<p class=\"wp-block-paragraph\">En respuesta, Adilsinho cambi\u00f3 de estrategia y se expandi\u00f3 hacia el territorio de otro clan de <em>bicheiros<\/em> que durante a\u00f1os hab\u00eda financiado a Salgueiro, la poderosa escuela de samba. Salgueiro ten\u00eda un historial violento: desde 2004, varios de sus patrocinadores hab\u00edan sido asesinados. Pero para 2024, Adilsinho \u2014con la ayuda de otros dos <em>bicheiros<\/em> en territorios que hab\u00eda arrebatado\u2014 logr\u00f3 tomar el control de la escuela.<\/p>\n\n\n\n<p class=\"wp-block-paragraph\">Luego lleg\u00f3 el carnaval de 2025. Tras quedar en s\u00e9ptimo lugar, Adilsinho percibi\u00f3 irregularidades en la decisi\u00f3n de los jueces, y su escuela public\u00f3 el duro mensaje en Instagram. Con el tiempo, ese episodio parecer\u00eda marcar el inicio de su ca\u00edda.<\/p>\n\n\n\n<p class=\"wp-block-paragraph\"><em>Imagen principal: Una carroza durante la celebraci\u00f3n anual del carnaval en R\u00edo de Janeiro, Brasil. Cr\u00e9dito: InSight Crime\/Liza Schmidt.<\/em><\/p>\n\n\n\n<p class=\"wp-block-paragraph\">\u201c<\/p>\n","protected":false},"excerpt":{"rendered":"<p>En R\u00edo de Janeiro, los clanes familiares que controlan loter\u00edas informales en los barrios de la ciudad se han apoyado en las escuelas de samba \u2014en el coraz\u00f3n del carnaval de Brasil\u2014 para lavar su imagen y fortalecer su poder pol\u00edtico y social.<\/p>\n","protected":false},"author":3,"featured_media":337712,"comment_status":"closed","ping_status":"closed","sticky":false,"template":"single-feature.php","format":"standard","meta":{"newspack_ads_suppress_ads":false,"newspack_popups_has_disabled_popups":false,"newspack_sponsor_sponsorship_scope":"","newspack_sponsor_native_byline_display":"inherit","newspack_sponsor_native_category_display":"inherit","newspack_sponsor_underwriter_style":"inherit","newspack_sponsor_underwriter_placement":"inherit","_EventAllDay":false,"_EventTimezone":"","_EventStartDate":"","_EventEndDate":"","_EventStartDateUTC":"","_EventEndDateUTC":"","_EventShowMap":false,"_EventShowMapLink":false,"_EventURL":"","_EventCost":"","_EventCostDescription":"","_EventCurrencySymbol":"","_EventCurrencyCode":"","_EventCurrencyPosition":"","_EventDateTimeSeparator":"","_EventTimeRangeSeparator":"","_EventOrganizerID":[],"_EventVenueID":[],"_OrganizerEmail":"","_OrganizerPhone":"","_OrganizerWebsite":"","_VenueAddress":"","_VenueCity":"","_VenueCountry":"","_VenueProvince":"","_VenueState":"","_VenueZip":"","_VenuePhone":"","_VenueURL":"","_VenueStateProvince":"","_VenueLat":"","_VenueLng":"","_VenueShowMap":false,"_VenueShowMapLink":false,"_newspack_byline_active":false,"_newspack_byline":"","newspack_hide_updated_date":false,"newspack_show_updated_date":false,"newspack_featured_image_position":"above","newspack_post_subtitle":"","newspack_article_summary_title":"Overview:","newspack_article_summary":"","_jetpack_memberships_contains_paid_content":false,"footnotes":""},"categories":[741],"tags":[584,623,677,589],"newspack_spnsrs_tax":[],"coauthors":[4546,3658,4678],"class_list":["post-337682","post","type-post","status-publish","format-standard","has-post-thumbnail","hentry","category-news","tag-brazil","tag-contraband","tag-elites-and-organized-crime","tag-money-laundering","entry"],"parsely":{"version":"1.1.0","canonical_url":"https:\/\/insightcrime.org\/es\/news\/carnaval-samba-control-criminal-rio-de-janeiro-brasil\/","smart_links":{"inbound":0,"outbound":0},"traffic_boost_suggestions_count":0,"meta":{"@context":"https:\/\/schema.org","@type":"NewsArticle","headline":"Carnaval, samba y control criminal en R\u00edo de Janeiro","url":"http:\/\/insightcrime.org\/es\/news\/carnaval-samba-control-criminal-rio-de-janeiro-brasil\/","mainEntityOfPage":{"@type":"WebPage","@id":"http:\/\/insightcrime.org\/es\/news\/carnaval-samba-control-criminal-rio-de-janeiro-brasil\/"},"thumbnailUrl":"https:\/\/i0.wp.com\/insightcrime.org\/wp-content\/uploads\/2026\/03\/Featured-Image-Carnaval-samba-y-control-criminal-en-Rio-de-Janeiro-1.jpg?resize=150%2C150&quality=100&ssl=1","image":{"@type":"ImageObject","url":"https:\/\/i0.wp.com\/insightcrime.org\/wp-content\/uploads\/2026\/03\/Featured-Image-Carnaval-samba-y-control-criminal-en-Rio-de-Janeiro-1.jpg?fit=1200%2C675&quality=100&ssl=1"},"articleSection":"News","author":[{"@type":"Person","name":"Marina Cavalari"},{"@type":"Person","name":"Steven Dudley"},{"@type":"Person","name":"Amanda Rocha"}],"creator":["Marina Cavalari","Steven Dudley","Amanda Rocha"],"publisher":{"@type":"Organization","name":"InSight Crime","logo":"https:\/\/insightcrime.org\/wp-content\/uploads\/2023\/08\/logo.png"},"keywords":["brasil","contrabando","\u00e9lites y crimen","lavado de dinero"],"dateCreated":"2026-03-24T19:32:28Z","datePublished":"2026-03-24T19:32:28Z","dateModified":"2026-03-24T21:36:08Z"},"rendered":"<meta name=\"parsely-title\" content=\"Carnaval, samba y control criminal en R\u00edo de Janeiro\" \/>\n<meta name=\"parsely-link\" content=\"http:\/\/insightcrime.org\/es\/news\/carnaval-samba-control-criminal-rio-de-janeiro-brasil\/\" \/>\n<meta name=\"parsely-type\" content=\"post\" \/>\n<meta name=\"parsely-image-url\" content=\"https:\/\/i0.wp.com\/insightcrime.org\/wp-content\/uploads\/2026\/03\/Featured-Image-Carnaval-samba-y-control-criminal-en-Rio-de-Janeiro-1.jpg?resize=150%2C150&amp;quality=100&amp;ssl=1\" \/>\n<meta name=\"parsely-pub-date\" content=\"2026-03-24T19:32:28Z\" \/>\n<meta name=\"parsely-section\" content=\"News\" \/>\n<meta name=\"parsely-tags\" content=\"brasil,contrabando,\u00e9lites y crimen,lavado de dinero\" \/>\n<meta name=\"parsely-author\" content=\"Marina Cavalari\" \/>\n<meta name=\"parsely-author\" content=\"Steven Dudley\" \/>\n<meta name=\"parsely-author\" content=\"Amanda Rocha\" \/>","tracker_url":"https:\/\/cdn.parsely.com\/keys\/insightcrime.org\/p.js"},"jetpack_sharing_enabled":true,"jetpack-related-posts":[{"id":176824,"url":"https:\/\/insightcrime.org\/es\/noticias\/favelas-brasil-violencia-amenazan-plan-rio-recuperarlas\/","url_meta":{"origin":337682,"position":0},"title":"Favelas en Brasil: fantasmas de violencia amenazan el plan de R\u00edo para recuperarlas","author":"Scott Mistler-Ferguson","date":"27 de enero de 2022","format":false,"excerpt":"Los habitantes de las favelas marginadas de R\u00edo de Janeiro est\u00e1n presenciando un nuevo plan del gobierno que pretende recuperar \u00e1reas dominadas por organizaciones criminales.","rel":"","context":"En \u00abNoticias\u00bb","block_context":{"text":"Noticias","link":"https:\/\/insightcrime.org\/es\/category\/noticias\/"},"img":{"alt_text":"polic\u00eda militar en favelas de R\u00edo","src":"https:\/\/i0.wp.com\/insightcrime.org\/wp-content\/uploads\/2022\/01\/Jacarezinho-Operation.jpeg?fit=350%2C250&quality=100&ssl=1&resize=350%2C200","width":350,"height":200},"classes":[]},{"id":83323,"url":"https:\/\/insightcrime.org\/es\/noticias-crimen-organizado-brasil\/comando-rojo\/","url_meta":{"origin":337682,"position":1},"title":"Comando Vermelho","author":"InSight Crime","date":"13 de agosto de 2026","format":false,"excerpt":"El Comando Rojo (Comando Vermelho, CV) es el grupo criminal m\u00e1s antiguo de Brasil, conformado en una prisi\u00f3n de R\u00edo de Janeiro en los a\u00f1os setenta como un grupo de autoprotecci\u00f3n de los prisioneros. Comenz\u00f3 con delitos menores, como asaltos y robos a bancos, pero en los a\u00f1os ochenta el\u2026","rel":"","context":"En \u00abBrasil\u00bb","block_context":{"text":"Brasil","link":"https:\/\/insightcrime.org\/es\/category\/noticias-crimen-organizado-brasil\/"},"img":{"alt_text":"Comando Vermelho (Comando Rojo).","src":"https:\/\/i0.wp.com\/insightcrime.org\/wp-content\/uploads\/2026\/05\/Grupo-Criminal-Comando-Vermelho.jpg?fit=1200%2C900&quality=100&ssl=1&resize=350%2C200","width":350,"height":200,"srcset":"https:\/\/i0.wp.com\/insightcrime.org\/wp-content\/uploads\/2026\/05\/Grupo-Criminal-Comando-Vermelho.jpg?fit=1200%2C900&quality=100&ssl=1&resize=350%2C200 1x, https:\/\/i0.wp.com\/insightcrime.org\/wp-content\/uploads\/2026\/05\/Grupo-Criminal-Comando-Vermelho.jpg?fit=1200%2C900&quality=100&ssl=1&resize=525%2C300 1.5x, https:\/\/i0.wp.com\/insightcrime.org\/wp-content\/uploads\/2026\/05\/Grupo-Criminal-Comando-Vermelho.jpg?fit=1200%2C900&quality=100&ssl=1&resize=700%2C400 2x, https:\/\/i0.wp.com\/insightcrime.org\/wp-content\/uploads\/2026\/05\/Grupo-Criminal-Comando-Vermelho.jpg?fit=1200%2C900&quality=100&ssl=1&resize=1050%2C600 3x"},"classes":[]},{"id":5257,"url":"https:\/\/insightcrime.org\/es\/noticias-crimen-organizado-brasil\/brasil\/","url_meta":{"origin":337682,"position":2},"title":"Perfil de Brasil","author":"InSight Crime","date":"24 de noviembre de 2023","format":false,"excerpt":"Brasil, la econom\u00eda m\u00e1s grande de Latinoam\u00e9rica, ha experimentado algunos importantes avances de seguridad en los \u00faltimos a\u00f1os, quitando de las manos de pandillas criminales a decenas de comunidades en Rio de Janeiro a trav\u00e9s de su novedoso programa de seguridad llamado UPP. No obstante, \u00e9ste enfrenta una seria amenaza\u2026","rel":"","context":"En \u00abBrasil\u00bb","block_context":{"text":"Brasil","link":"https:\/\/insightcrime.org\/es\/category\/noticias-crimen-organizado-brasil\/"},"img":{"alt_text":"","src":"https:\/\/i0.wp.com\/insightcrime.org\/wp-content\/uploads\/2013\/04\/BRAZIL2-articleLarge-2.jpg?fit=450%2C350&quality=100&ssl=1&resize=350%2C200","width":350,"height":200},"classes":[]},{"id":246300,"url":"https:\/\/insightcrime.org\/es\/noticias\/policia-podria-obstaculo-eliminar-milicias-rio-brasil\/","url_meta":{"origin":337682,"position":3},"title":"Polic\u00eda podr\u00eda ser obst\u00e1culo para eliminar las milicias de R\u00edo, Brasil","author":"Chris Dalby","date":"9 de noviembre de 2023","format":false,"excerpt":"El gobierno de Brasil inici\u00f3 una ofensiva contra las milicias, pero la polic\u00eda estatal de R\u00edo de Janeiro podr\u00eda ser un obst\u00e1culo para este proceso.","rel":"","context":"En \u00abNoticias\u00bb","block_context":{"text":"Noticias","link":"https:\/\/insightcrime.org\/es\/category\/noticias\/"},"img":{"alt_text":"Autob\u00fas de R\u00edo de Janeiro que fue incendiado por milicias de Brasil","src":"https:\/\/i0.wp.com\/insightcrime.org\/wp-content\/uploads\/2023\/11\/image_doc-33yv6nw.jpg?fit=350%2C250&quality=100&ssl=1&resize=350%2C200","width":350,"height":200},"classes":[]},{"id":6415,"url":"https:\/\/insightcrime.org\/es\/noticias-crimen-organizado-brasil\/tercer-comando-puro\/","url_meta":{"origin":337682,"position":4},"title":"Tercer Comando Puro","author":"InSight Crime","date":"18 de junio de 2026","format":false,"excerpt":"El Tercer Comando Puro (Terceiro Comando Puro \u2013 TCP) es una poderosa banda criminal de Brasil dedicada al tr\u00e1fico de drogas, armas y lavado de dinero.","rel":"","context":"En \u00abBrasil\u00bb","block_context":{"text":"Brasil","link":"https:\/\/insightcrime.org\/es\/category\/noticias-crimen-organizado-brasil\/"},"img":{"alt_text":"Pure Third Command","src":"https:\/\/i0.wp.com\/insightcrime.org\/wp-content\/uploads\/2026\/06\/Grupo-Criminal-Tercer-Comando-Puro-TCP.jpg?fit=1200%2C900&quality=100&ssl=1&resize=350%2C200","width":350,"height":200,"srcset":"https:\/\/i0.wp.com\/insightcrime.org\/wp-content\/uploads\/2026\/06\/Grupo-Criminal-Tercer-Comando-Puro-TCP.jpg?fit=1200%2C900&quality=100&ssl=1&resize=350%2C200 1x, https:\/\/i0.wp.com\/insightcrime.org\/wp-content\/uploads\/2026\/06\/Grupo-Criminal-Tercer-Comando-Puro-TCP.jpg?fit=1200%2C900&quality=100&ssl=1&resize=525%2C300 1.5x, https:\/\/i0.wp.com\/insightcrime.org\/wp-content\/uploads\/2026\/06\/Grupo-Criminal-Tercer-Comando-Puro-TCP.jpg?fit=1200%2C900&quality=100&ssl=1&resize=700%2C400 2x, https:\/\/i0.wp.com\/insightcrime.org\/wp-content\/uploads\/2026\/06\/Grupo-Criminal-Tercer-Comando-Puro-TCP.jpg?fit=1200%2C900&quality=100&ssl=1&resize=1050%2C600 3x"},"classes":[]},{"id":272080,"url":"https:\/\/insightcrime.org\/es\/noticias\/brasil-detenciones-apuntan-corrupcion-detras-asesinato-marielle-franco\/","url_meta":{"origin":337682,"position":5},"title":"Brasil: detenciones apuntan a la corrupci\u00f3n detr\u00e1s del asesinato de Marielle Franco","author":"Christopher Newton","date":"26 de marzo de 2024","format":false,"excerpt":"La detenci\u00f3n de funcionarios y exfuncionarios de la ciudad de R\u00edo de Janeiro por su implicaci\u00f3n en el asesinato de una concejala en 2018 se suma a las pruebas de que el homicidio buscaba proteger intereses criminales y corruptos.\u00a0","rel":"","context":"En \u00abNoticias\u00bb","block_context":{"text":"Noticias","link":"https:\/\/insightcrime.org\/es\/category\/noticias\/"},"img":{"alt_text":"Protestors march demanding justice for Marielle ","src":"https:\/\/i0.wp.com\/insightcrime.org\/wp-content\/uploads\/2024\/03\/marielle_protest.png?fit=350%2C250&quality=100&ssl=1&resize=350%2C200","width":350,"height":200},"classes":[]}],"jetpack_featured_media_url":"https:\/\/i0.wp.com\/insightcrime.org\/wp-content\/uploads\/2026\/03\/Featured-Image-Carnaval-samba-y-control-criminal-en-Rio-de-Janeiro-1.jpg?fit=1200%2C675&quality=100&ssl=1","_links":{"self":[{"href":"https:\/\/insightcrime.org\/es\/wp-json\/wp\/v2\/posts\/337682","targetHints":{"allow":["GET"]}}],"collection":[{"href":"https:\/\/insightcrime.org\/es\/wp-json\/wp\/v2\/posts"}],"about":[{"href":"https:\/\/insightcrime.org\/es\/wp-json\/wp\/v2\/types\/post"}],"author":[{"embeddable":true,"href":"https:\/\/insightcrime.org\/es\/wp-json\/wp\/v2\/users\/3"}],"replies":[{"embeddable":true,"href":"https:\/\/insightcrime.org\/es\/wp-json\/wp\/v2\/comments?post=337682"}],"version-history":[{"count":7,"href":"https:\/\/insightcrime.org\/es\/wp-json\/wp\/v2\/posts\/337682\/revisions"}],"predecessor-version":[{"id":337705,"href":"https:\/\/insightcrime.org\/es\/wp-json\/wp\/v2\/posts\/337682\/revisions\/337705"}],"wp:featuredmedia":[{"embeddable":true,"href":"https:\/\/insightcrime.org\/es\/wp-json\/wp\/v2\/media\/337712"}],"wp:attachment":[{"href":"https:\/\/insightcrime.org\/es\/wp-json\/wp\/v2\/media?parent=337682"}],"wp:term":[{"taxonomy":"category","embeddable":true,"href":"https:\/\/insightcrime.org\/es\/wp-json\/wp\/v2\/categories?post=337682"},{"taxonomy":"post_tag","embeddable":true,"href":"https:\/\/insightcrime.org\/es\/wp-json\/wp\/v2\/tags?post=337682"},{"taxonomy":"newspack_spnsrs_tax","embeddable":true,"href":"https:\/\/insightcrime.org\/es\/wp-json\/wp\/v2\/newspack_spnsrs_tax?post=337682"},{"taxonomy":"author","embeddable":true,"href":"https:\/\/insightcrime.org\/es\/wp-json\/wp\/v2\/coauthors?post=337682"}],"curies":[{"name":"wp","href":"https:\/\/api.w.org\/{rel}","templated":true}]}}