{"id":343112,"date":"2026-06-01T12:29:01","date_gmt":"2026-06-01T17:29:01","guid":{"rendered":"https:\/\/insightcrime.org\/?p=343112"},"modified":"2026-06-01T17:35:48","modified_gmt":"2026-06-01T22:35:48","slug":"designaciones-terroristas-ee-uu-afectaran-finanzas-pcc-y-todos-demas","status":"publish","type":"post","link":"https:\/\/insightcrime.org\/es\/news\/designaciones-terroristas-ee-uu-afectaran-finanzas-pcc-y-todos-demas\/","title":{"rendered":"Las designaciones terroristas de EE. UU. afectar\u00e1n las finanzas del PCC\u2026 y las de todos los dem\u00e1s"},"content":{"rendered":"\n<p class=\"wp-block-paragraph\">La incorporaci\u00f3n de dos grupos criminales brasile\u00f1os a la lista de organizaciones terroristas extranjeras del Departamento de Estado de Estados Unidos podr\u00eda complicar las actividades de quienes hacen negocios en la d\u00e9cima econom\u00eda m\u00e1s grande del mundo, excepto las de los criminales a quienes supuestamente busca afectar.<\/p>\n\n\n\n<p class=\"wp-block-paragraph\">La <a href=\"https:\/\/www.state.gov\/releases\/office-of-the-spokesperson\/2026\/05\/terrorist-designation-of-comando-vermelho-and-primeiro-comando-da-capital\/\" target=\"_blank\" rel=\"noreferrer noopener nofollow\">designaci\u00f3n<\/a> del Primer Comando de la Capital (Primeiro Comando Capital, <a href=\"https:\/\/insightcrime.org\/es\/noticias-crimen-organizado-brasil\/primer-comando-capital-pcc-perfil\/\">PCC<\/a>) y el Comando Rojo (Comando Vermelho, <a href=\"https:\/\/insightcrime.org\/es\/noticias-crimen-organizado-brasil\/comando-rojo\/\" target=\"_blank\" rel=\"noreferrer noopener\">CV<\/a>), el 28 de mayo, era esperada desde hac\u00eda tiempo, pero aun as\u00ed tuvo un fuerte impacto en Brasil. El presidente Luiz In\u00e1cio Lula da Silva critic\u00f3 duramente la medida por considerarla una <a href=\"https:\/\/x.com\/LulaOficial\/status\/2060399640361513163\" target=\"_blank\" rel=\"noreferrer noopener nofollow\">amenaza para la estabilidad financiera<\/a> del pa\u00eds.<\/p>\n\n\n\n<p class=\"wp-block-paragraph\">\u201cEsto podr\u00eda representar un retroceso en la lucha contra el crimen, una amenaza para la vida de las personas y p\u00e9rdidas econ\u00f3micas para el pa\u00eds\u201d, escribi\u00f3 en una publicaci\u00f3n en redes sociales.<\/p>\n\n\n\n<p class=\"wp-block-paragraph\">Lula tiene razones para preocuparse. \u00c9l y su Partido de los Trabajadores (PT) mantienen una ajustada contienda por la reelecci\u00f3n frente al presunto candidato de la oposici\u00f3n, Fl\u00e1vio Bolsonaro. Bolsonaro, hijo del expresidente brasile\u00f1o Jair Bolsonaro, visit\u00f3 Estados Unidos en los d\u00edas previos al anuncio y luego se atribuy\u00f3 el m\u00e9rito de la medida en publicaciones en redes sociales.<\/p>\n\n\n\n<p class=\"wp-block-paragraph\">\u201cEn un solo viaje como precandidato, hicimos m\u00e1s por Brasil y por la seguridad de los brasile\u00f1os que el Partido de los Trabajadores y Lula en sus 16 a\u00f1os de gobierno\u201d, <a href=\"https:\/\/x.com\/FlavioBolsonaro\/status\/2060139451670532342\" target=\"_blank\" rel=\"noreferrer noopener nofollow\">afirm\u00f3<\/a> Bolsonaro en un video.<\/p>\n\n\n\n<p class=\"wp-block-paragraph\">Sin embargo, ninguno de los dos candidatos se beneficia realmente de esta decisi\u00f3n.  Brasil, una de las econom\u00edas m\u00e1s grandes del mundo, comercia <a href=\"https:\/\/www.atlanticcouncil.org\/commentary\/trackers-and-data-visualizations\/us-brazil-trade-dashboard\/\" target=\"_blank\" rel=\"noreferrer noopener nofollow\">m\u00e1s de US$8.000 millones mensuales<\/a> en bienes con Estados Unidos, seg\u00fan el Atlantic Council. <a href=\"https:\/\/thefolha.com.br\/empresas-americanas-que-atuam-no-brasil\/\" target=\"_blank\" rel=\"noreferrer noopener nofollow\">Grandes empresas estadounidenses<\/a> de los sectores tecnol\u00f3gico, energ\u00e9tico, alimentario y automotriz operan en Brasil. Y aunque los aranceles afectaron temporalmente la relaci\u00f3n bilateral, los v\u00ednculos econ\u00f3micos entre ambos pa\u00edses continuaron fortaleci\u00e9ndose.<\/p>\n\n\n\n<p class=\"wp-block-paragraph\">Todo esto podr\u00eda verse comprometido con las nuevas designaciones. Las medidas implican que cualquier persona, empresa o banco que, incluso sin saberlo, mantenga relaciones comerciales con alguno de estos dos grupos podr\u00eda enfrentar el congelamiento de activos o ser acusado de apoyar el terrorismo. Tambi\u00e9n podr\u00edan surgir demandas y otros desaf\u00edos legales.<\/p>\n\n\n\n<p class=\"wp-block-paragraph\">\u201cEl impacto m\u00e1s inmediato se sentir\u00e1 en el sistema bancario, que tendr\u00e1 que reevaluar su nivel de exposici\u00f3n y sus controles contra el lavado de dinero. Esto podr\u00eda traducirse en mayores costos de cumplimiento para las empresas con operaciones internacionales\u201d, afirm\u00f3 Melina Risso, directora de Investigaci\u00f3n del Instituto Igarap\u00e9.<\/p>\n\n\n\n<p class=\"wp-block-paragraph\">De los dos grupos criminales, el PCC est\u00e1 mucho m\u00e1s arraigado en el sistema financiero. Sin embargo, la magnitud de sus operaciones il\u00edcitas implica que pr\u00e1cticamente cualquier instituci\u00f3n financiera en Brasil podr\u00eda tener v\u00ednculos indirectos con uno o ambos grupos.<\/p>\n\n\n\n<p class=\"wp-block-paragraph\">\u201cHoy estimamos que el PCC genera alrededor de US$2.000 millones al a\u00f1o\u201d, dijo a InSight Crime el fiscal Lincoln Gakiya, quien pas\u00f3 m\u00e1s de dos d\u00e9cadas investigando al grupo. Ese dinero se lava a trav\u00e9s de todo el sistema financiero sin que los bancos conozcan su verdadero origen.<\/p>\n\n\n\n<p class=\"wp-block-paragraph\">\u201c\u00bfQui\u00e9n podr\u00eda verse afectado? Todos\u201d, agreg\u00f3.<\/p>\n\n\n\n<h2 id=\"h-carbono-oculto-crimen-oculto\" class=\"wp-block-heading\">Carbono oculto, crimen oculto<\/h2>\n\n\n\n<p class=\"wp-block-paragraph\">La infiltraci\u00f3n del PCC en el sector de los combustibles de Brasil demuestra lo dif\u00edcil que puede ser saber qui\u00e9n est\u00e1 realmente detr\u00e1s de una empresa.<\/p>\n\n\n\n<p class=\"wp-block-paragraph\">La Operaci\u00f3n Carbono Oculto, como se conoce la investigaci\u00f3n, expuso las importaciones de combustible del PCC y su control sobre estaciones de servicio. Los negocios parec\u00edan leg\u00edtimos, pero eran operados, al menos en parte, por el grupo criminal.<\/p>\n\n\n\n<p class=\"wp-block-paragraph\">En la segunda fase de la operaci\u00f3n, lanzada en 2025, las autoridades identificaron aproximadamente US$5.000 millones (26.000 millones de reales) del PCC lavados durante cuatro a\u00f1os a trav\u00e9s de empresas fintech y fondos de inversi\u00f3n que operaban en Faria Lima, el principal centro financiero de Brasil.<\/p>\n\n\n\n<p class=\"wp-block-paragraph\">Las transacciones reveladas por la operaci\u00f3n muestran cu\u00e1n opacas son las actividades financieras del PCC. Seg\u00fan el peri\u00f3dico brasile\u00f1o <em>Folha de S\u00e3o Paulo<\/em>, el gobierno brasile\u00f1o, incluidas fuerzas policiales y militares, <a href=\"https:\/\/www1.folha.uol.com.br\/mercado\/2025\/09\/distribuidora-de-combustiveis-citada-em-acao-contra-pcc-tem-contratos-milionarios-com-orgaos-publicos.shtml\" target=\"_blank\" rel=\"noreferrer noopener nofollow\">compr\u00f3 combustible a una empresa operada por el PCC<\/a>. La documentaci\u00f3n era tan s\u00f3lida que incluso las autoridades consideraban leg\u00edtimo el negocio.<\/p>\n\n\n\n<p class=\"wp-block-paragraph\">\u201cPara las empresas que operan en Brasil o dependen de cadenas de suministro brasile\u00f1as, el mensaje es que los marcos de cumplimiento deben ajustarse r\u00e1pidamente\u201d, dijo Bruna Santos, directora del Programa de Brasil del Inter-American Dialogue en Washington DC. \u201cEl nuevo entorno legal aumenta los riesgos relacionados con sanciones, finanzas il\u00edcitas, terceros, log\u00edstica, pagos y reputaci\u00f3n\u201d.<\/p>\n\n\n\n<p class=\"wp-block-paragraph\">Aunque la industria fintech, que est\u00e1 relativamente poco regulada, fue el principal objetivo de la operaci\u00f3n, las empresas operadas por el PCC tambi\u00e9n utilizaron bancos tradicionales, como Bradesco, que est\u00e1n sujetos a regulaciones mucho m\u00e1s estrictas.<\/p>\n\n\n\n<blockquote class=\"wp-block-quote is-layout-flow wp-block-quote-is-layout-flow\">\n<p class=\"wp-block-paragraph\"><mark style=\"background-color:rgba(0, 0, 0, 0)\" class=\"has-inline-color has-primary-color\"><strong>VEA TAMBI\u00c9N:<\/strong> <\/mark><a href=\"https:\/\/insightcrime.org\/es\/noticias\/historico-golpe-al-pcc-impulsa-ofensiva-de-brasil-contra-el-lavado-digital-de-dinero\/\" type=\"link\" id=\"https:\/\/insightcrime.org\/es\/noticias\/historico-golpe-al-pcc-impulsa-ofensiva-de-brasil-contra-el-lavado-digital-de-dinero\/\" target=\"_blank\" rel=\"noreferrer noopener\">Hist\u00f3rico golpe al PCC impulsa ofensiva de Brasil contra el lavado digital de dinero<\/a><\/p>\n<\/blockquote>\n\n\n\n<p class=\"wp-block-paragraph\">La estructura del esquema ocultaba los v\u00ednculos directos con el grupo criminal, ya que las ganancias se distribu\u00edan entre diversos bancos y empresas. Con la nueva designaci\u00f3n, las compa\u00f1\u00edas que compraron combustible sin saberlo a empresas controladas por el PCC y los bancos que procesaron inadvertidamente esos pagos podr\u00edan enfrentar sanciones.<\/p>\n\n\n\n<p class=\"wp-block-paragraph\">Ricardo Zu\u00f1iga, exdiplom\u00e1tico estadounidense y actual consultor de Dinamica Americas, una firma de asesor\u00eda, se\u00f1al\u00f3 que existe una alta probabilidad de que instituciones financieras brasile\u00f1as enfrenten escrutinio por parte de fiscales estadounidenses y de particulares que busquen presentar demandas en su contra, lo que considera el escenario m\u00e1s probable.<\/p>\n\n\n\n<p class=\"wp-block-paragraph\">\u201cCreo que es casi inevitable que en alg\u00fan momento haya alg\u00fan tipo de impacto financiero o un impacto sobre una instituci\u00f3n financiera en Brasil\u201d, dijo a InSight Crime.<\/p>\n\n\n\n<p class=\"wp-block-paragraph\">Incluso si no enfrentan cargos directamente, las empresas podr\u00edan volverse m\u00e1s cautelosas y reducir sus operaciones en Brasil. Los costos de cumplimiento tambi\u00e9n podr\u00edan aumentar, a medida que las compa\u00f1\u00edas implementan controles m\u00e1s complejos por temor a tener alg\u00fan v\u00ednculo desconocido con el crimen organizado o para asegurarse de que no exista.<\/p>\n\n\n\n<p class=\"wp-block-paragraph\">Las consecuencias podr\u00edan extenderse mucho m\u00e1s all\u00e1 del sector de los combustibles y afectar a quienes trabajan en la miner\u00eda, la agricultura, la tala de bosques y muchas otras industrias que operan en territorios donde el PCC o el Comando Rojo tienen presencia.<\/p>\n\n\n\n<h2 id=\"h-el-pcc-sigue-evolucionando-pese-a-las-operaciones-del-gobierno\" class=\"wp-block-heading\">El PCC sigue evolucionando pese a las operaciones del gobierno<\/h2>\n\n\n\n<p class=\"wp-block-paragraph\">Las designaciones de Estados Unidos podr\u00edan dar a las autoridades nuevas herramientas para perseguir las finanzas del PCC, pero el grupo criminal ha demostrado una capacidad extraordinaria para adaptarse.<\/p>\n\n\n\n<p class=\"wp-block-paragraph\">Despu\u00e9s de tres d\u00e9cadas de existencia, el grupo criminal ha encontrado diversas formas de expandir sus operaciones pese a los golpes de las fuerzas de seguridad. Sus principales l\u00edderes llevan a\u00f1os recluidos en c\u00e1rceles de m\u00e1xima seguridad. Los esquemas criminales del PCC han sido desmantelados en m\u00faltiples ocasiones en Brasil, e integrantes clave de su red han sido capturados o asesinados. Sin embargo, el grupo no ha dejado de crecer ni de diversificar sus operaciones, al tiempo que ha ampliado su influencia en las esferas pol\u00edtica y econ\u00f3mica.<\/p>\n\n\n\n<p class=\"wp-block-paragraph\">Gracias a las enormes ganancias generadas por el tr\u00e1fico de drogas, principalmente hacia Europa, el grupo tambi\u00e9n ha desarrollado nuevas formas de lavar dinero.<\/p>\n\n\n\n<p class=\"wp-block-paragraph\">\u201cEl PCC est\u00e1 aliado con empresarios, evasores fiscales y operadores del mercado financiero [&#8230;] para lavar su dinero\u201d, explic\u00f3 el fiscal brasile\u00f1o Lincoln Gakiya. \u201cCrean empresas, compran empresas y aumentan gradualmente su participaci\u00f3n en distintos sectores. Fondos de inversi\u00f3n, constructoras; en resumen, una gama muy amplia de negocios\u201d.<\/p>\n\n\n\n<blockquote class=\"wp-block-quote is-layout-flow wp-block-quote-is-layout-flow\">\n<p class=\"wp-block-paragraph\"><mark style=\"background-color:rgba(0, 0, 0, 0)\" class=\"has-inline-color has-primary-color\"><strong>VEA TAMBI\u00c9N:<\/strong> <\/mark><a href=\"https:\/\/insightcrime.org\/es\/noticias\/como-gentrificacion-pcc-reconfiguro-control-criminal-favelas-brasil\/\" type=\"link\" id=\"https:\/\/insightcrime.org\/es\/noticias\/como-gentrificacion-pcc-reconfiguro-control-criminal-favelas-brasil\/\" target=\"_blank\" rel=\"noreferrer noopener\"><a href=\"https:\/\/insightcrime.org\/es\/noticias\/como-gentrificacion-pcc-reconfiguro-control-criminal-favelas-brasil\/\">C\u00f3mo la gentrificaci\u00f3n del PCC reconfigur\u00f3 el control criminal en las favelas de Brasil<\/a><\/a><\/p>\n<\/blockquote>\n\n\n\n<p class=\"wp-block-paragraph\">Carbono Oculto es apenas la punta del iceberg. Antes de esa operaci\u00f3n, <a href=\"https:\/\/www.gov.br\/receitafederal\/pt-br\/assuntos\/noticias\/2024\/abril\/receita-federal-e-orgaos-parceiros-deflagram-operacao-fim-de-linha\" target=\"_blank\" rel=\"noreferrer noopener nofollow\">el PCC ya hab\u00eda incursionado en el sector del transporte<\/a>, obteniendo contratos municipales para operar autobuses p\u00fablicos en San Pablo. Tambi\u00e9n <a href=\"https:\/\/insightcrime.org\/es\/noticias\/pcc-entra-ruedo-contratos-municipales-brasil\/\" target=\"_blank\" rel=\"noreferrer noopener\">consigui\u00f3 contratos de servicios de limpieza y gesti\u00f3n de residuos<\/a>.<\/p>\n\n\n\n<p class=\"wp-block-paragraph\">Tanto el PCC como el Comando Rojo tambi\u00e9n tienen presencia a lo largo de la cadena de suministro del oro en la Amazon\u00eda y otras regiones, una industria cada vez m\u00e1s lucrativa en un contexto de precios r\u00e9cord del metal precioso. Adem\u00e1s, cuentan con a\u00f1os de experiencia en el uso de criptomonedas, tanto para su miner\u00eda como para su comercializaci\u00f3n.<\/p>\n\n\n\n<p class=\"wp-block-paragraph\">\u201cYa no existe movimiento f\u00edsico de dinero en efectivo\u201d, dijo Gakiya a InSight Crime. \u201cEs decir, ya no llega en una maleta llena de dinero. Normalmente se mueve a trav\u00e9s de operadores financieros, cambistas y criptomonedas\u201d.<\/p>\n\n\n\n<p class=\"wp-block-paragraph\"><\/p>\n","protected":false},"excerpt":{"rendered":"<p>Las designaciones terroristas de EE. UU. contra el Primer Comando Capital (PCC) y el Comando Vermelho (CV) podr\u00edan afectar al sistema financiero de Brasil, aumentar los riesgos para empresas e inversionistas y complicar la lucha contra el lavado de dinero.<\/p>\n","protected":false},"author":326,"featured_media":343097,"comment_status":"closed","ping_status":"closed","sticky":false,"template":"single-feature.php","format":"standard","meta":{"newspack_ads_suppress_ads":false,"newspack_popups_has_disabled_popups":false,"newspack_sponsor_sponsorship_scope":"","newspack_sponsor_native_byline_display":"inherit","newspack_sponsor_native_category_display":"inherit","newspack_sponsor_underwriter_style":"inherit","newspack_sponsor_underwriter_placement":"inherit","_EventAllDay":false,"_EventTimezone":"","_EventStartDate":"","_EventEndDate":"","_EventStartDateUTC":"","_EventEndDateUTC":"","_EventShowMap":false,"_EventShowMapLink":false,"_EventURL":"","_EventCost":"","_EventCostDescription":"","_EventCurrencySymbol":"","_EventCurrencyCode":"","_EventCurrencyPosition":"","_EventDateTimeSeparator":"","_EventTimeRangeSeparator":"","_EventOrganizerID":[],"_EventVenueID":[],"_OrganizerEmail":"","_OrganizerPhone":"","_OrganizerWebsite":"","_VenueAddress":"","_VenueCity":"","_VenueCountry":"","_VenueProvince":"","_VenueState":"","_VenueZip":"","_VenuePhone":"","_VenueURL":"","_VenueStateProvince":"","_VenueLat":"","_VenueLng":"","_VenueShowMap":false,"_VenueShowMapLink":false,"_newspack_byline_active":false,"_newspack_byline":"","newspack_hide_updated_date":false,"newspack_show_updated_date":false,"newspack_featured_image_position":"above","newspack_post_subtitle":"","newspack_article_summary_title":"Overview:","newspack_article_summary":"","_jetpack_memberships_contains_paid_content":false,"footnotes":""},"categories":[741],"tags":[405,3412,449,3097,3394,431,446,438],"newspack_spnsrs_tax":[],"coauthors":[4392,4546,3658],"class_list":["post-343112","post","type-post","status-publish","format-standard","has-post-thumbnail","hentry","category-news","tag-brasil","tag-cocaina","tag-cocaina-europa-crimen-organizado","tag-comando-vermelho","tag-estados-unidos","tag-lavado-de-dinero","tag-el-pcc","tag-politicas-de-seguridad","entry"],"parsely":{"version":"1.1.0","canonical_url":"https:\/\/insightcrime.org\/es\/news\/designaciones-terroristas-ee-uu-afectaran-finanzas-pcc-y-todos-demas\/","smart_links":{"inbound":0,"outbound":0},"traffic_boost_suggestions_count":0,"meta":{"@context":"https:\/\/schema.org","@type":"NewsArticle","headline":"Las designaciones terroristas de EE. UU. afectar\u00e1n las finanzas del PCC\u2026 y las de todos los dem\u00e1s","url":"http:\/\/insightcrime.org\/es\/news\/designaciones-terroristas-ee-uu-afectaran-finanzas-pcc-y-todos-demas\/","mainEntityOfPage":{"@type":"WebPage","@id":"http:\/\/insightcrime.org\/es\/news\/designaciones-terroristas-ee-uu-afectaran-finanzas-pcc-y-todos-demas\/"},"thumbnailUrl":"https:\/\/i0.wp.com\/insightcrime.org\/wp-content\/uploads\/2026\/06\/PCC-fto-featured-image-comando-vermelho-brazil-us-designations-criminal-groups-graffitti.jpg?resize=150%2C150&quality=100&ssl=1","image":{"@type":"ImageObject","url":"https:\/\/i0.wp.com\/insightcrime.org\/wp-content\/uploads\/2026\/06\/PCC-fto-featured-image-comando-vermelho-brazil-us-designations-criminal-groups-graffitti.jpg?fit=1200%2C900&quality=100&ssl=1"},"articleSection":"News","author":[{"@type":"Person","name":"Christopher Newton"},{"@type":"Person","name":"Marina Cavalari"},{"@type":"Person","name":"Steven Dudley"}],"creator":["Christopher Newton","Marina Cavalari","Steven Dudley"],"publisher":{"@type":"Organization","name":"InSight Crime","logo":"https:\/\/insightcrime.org\/wp-content\/uploads\/2023\/08\/logo.png"},"keywords":["brasil","coca\u00edna","coca\u00edna europa","comando vermelho","estados unidos","lavado de dinero","pcc","pol\u00edticas de seguridad"],"dateCreated":"2026-06-01T17:29:01Z","datePublished":"2026-06-01T17:29:01Z","dateModified":"2026-06-01T22:35:48Z"},"rendered":"<meta name=\"parsely-title\" content=\"Las designaciones terroristas de EE. UU. afectar\u00e1n las finanzas del PCC\u2026 y las de todos los dem\u00e1s\" \/>\n<meta name=\"parsely-link\" content=\"http:\/\/insightcrime.org\/es\/news\/designaciones-terroristas-ee-uu-afectaran-finanzas-pcc-y-todos-demas\/\" \/>\n<meta name=\"parsely-type\" content=\"post\" \/>\n<meta name=\"parsely-image-url\" content=\"https:\/\/i0.wp.com\/insightcrime.org\/wp-content\/uploads\/2026\/06\/PCC-fto-featured-image-comando-vermelho-brazil-us-designations-criminal-groups-graffitti.jpg?resize=150%2C150&amp;quality=100&amp;ssl=1\" \/>\n<meta name=\"parsely-pub-date\" content=\"2026-06-01T17:29:01Z\" \/>\n<meta name=\"parsely-section\" content=\"News\" \/>\n<meta name=\"parsely-tags\" content=\"brasil,coca\u00edna,coca\u00edna europa,comando vermelho,estados unidos,lavado de dinero,pcc,pol\u00edticas de seguridad\" \/>\n<meta name=\"parsely-author\" content=\"Christopher Newton\" \/>\n<meta name=\"parsely-author\" content=\"Marina Cavalari\" \/>\n<meta name=\"parsely-author\" content=\"Steven Dudley\" \/>","tracker_url":"https:\/\/cdn.parsely.com\/keys\/insightcrime.org\/p.js"},"jetpack_sharing_enabled":true,"jetpack-related-posts":[{"id":343000,"url":"https:\/\/insightcrime.org\/es\/noticias\/pcc-comando-vermelho-nuevos-grupos-terroristas-brasil\/","url_meta":{"origin":343112,"position":0},"title":"El PCC y el CV de Brasil: los nuevos grupos designados \u2018terroristas\u2019 por EE. UU.","author":"Mar\u00eda Fernanda Ram\u00edrez","date":"29 de mayo de 2026","format":false,"excerpt":"Las dos mayores organizaciones criminales de Brasil \u2014el Primer Comando de la Capital (Primeiro Comando da Capital, PCC) y el Comando Vermelho (CV)\u2014 han sido designadas como organizaciones terroristas por Estados Unidos, con vigencia a partir del 5 de junio de 2026.","rel":"","context":"En \u00abNoticias\u00bb","block_context":{"text":"Noticias","link":"https:\/\/insightcrime.org\/es\/category\/noticias\/"},"img":{"alt_text":"","src":"https:\/\/i0.wp.com\/insightcrime.org\/wp-content\/uploads\/2026\/05\/PCC-from-the-field-brasil-christopher-newton-IMG_0174-1.jpg?fit=1200%2C900&quality=100&ssl=1&resize=350%2C200","width":350,"height":200,"srcset":"https:\/\/i0.wp.com\/insightcrime.org\/wp-content\/uploads\/2026\/05\/PCC-from-the-field-brasil-christopher-newton-IMG_0174-1.jpg?fit=1200%2C900&quality=100&ssl=1&resize=350%2C200 1x, https:\/\/i0.wp.com\/insightcrime.org\/wp-content\/uploads\/2026\/05\/PCC-from-the-field-brasil-christopher-newton-IMG_0174-1.jpg?fit=1200%2C900&quality=100&ssl=1&resize=525%2C300 1.5x, https:\/\/i0.wp.com\/insightcrime.org\/wp-content\/uploads\/2026\/05\/PCC-from-the-field-brasil-christopher-newton-IMG_0174-1.jpg?fit=1200%2C900&quality=100&ssl=1&resize=700%2C400 2x, https:\/\/i0.wp.com\/insightcrime.org\/wp-content\/uploads\/2026\/05\/PCC-from-the-field-brasil-christopher-newton-IMG_0174-1.jpg?fit=1200%2C900&quality=100&ssl=1&resize=1050%2C600 3x"},"classes":[]},{"id":343411,"url":"https:\/\/insightcrime.org\/es\/noticias\/on-the-radar-designaciones-terroristas-brasil-elecciones-colombia-y-golpe-tren-aragua\/","url_meta":{"origin":343112,"position":1},"title":"Designaciones terroristas en Brasil, elecciones en Colombia y golpe al Tren de Aragua","author":"Creusa Mu\u00f1oz","date":"4 de junio de 2026","format":false,"excerpt":"Esta semana en On the Radar analizamos las tres principales noticias sobre crimen organizado de la regi\u00f3n.","rel":"","context":"En \u00abNoticias\u00bb","block_context":{"text":"Noticias","link":"https:\/\/insightcrime.org\/es\/category\/noticias\/"},"img":{"alt_text":"","src":"https:\/\/i0.wp.com\/insightcrime.org\/wp-content\/uploads\/2026\/06\/Junio-OTR-template-featured-image-website-2026.jpg?fit=1200%2C675&quality=100&ssl=1&resize=350%2C200","width":350,"height":200,"srcset":"https:\/\/i0.wp.com\/insightcrime.org\/wp-content\/uploads\/2026\/06\/Junio-OTR-template-featured-image-website-2026.jpg?fit=1200%2C675&quality=100&ssl=1&resize=350%2C200 1x, https:\/\/i0.wp.com\/insightcrime.org\/wp-content\/uploads\/2026\/06\/Junio-OTR-template-featured-image-website-2026.jpg?fit=1200%2C675&quality=100&ssl=1&resize=525%2C300 1.5x, https:\/\/i0.wp.com\/insightcrime.org\/wp-content\/uploads\/2026\/06\/Junio-OTR-template-featured-image-website-2026.jpg?fit=1200%2C675&quality=100&ssl=1&resize=700%2C400 2x, https:\/\/i0.wp.com\/insightcrime.org\/wp-content\/uploads\/2026\/06\/Junio-OTR-template-featured-image-website-2026.jpg?fit=1200%2C675&quality=100&ssl=1&resize=1050%2C600 3x"},"classes":[]},{"id":343106,"url":"https:\/\/insightcrime.org\/es\/noticias\/the-insight-take-quien-pierde-designacion-pcc-comando-vermelho-como-organizaciones-terroristas\/","url_meta":{"origin":343112,"position":2},"title":"The InSight Take: \u00bfQui\u00e9n pierde con la designaci\u00f3n del PCC y el Comando Vermelho como organizaciones terroristas?","author":"Juan Camilo Jaramillo","date":"1 de junio de 2026","format":false,"excerpt":"En el InSight Take de esta semana, la editora ejecutiva Deborah Bonello y el codirector Steven Dudley analizan las recientes designaciones del PCC y el Comando Vermelho como organizaciones terroristas por parte de Estados Unidos, y c\u00f3mo estas podr\u00edan afectar el panorama de seguridad, las elecciones y la econom\u00eda de\u2026","rel":"","context":"En \u00abAn\u00e1lisis\u00bb","block_context":{"text":"An\u00e1lisis","link":"https:\/\/insightcrime.org\/es\/category\/noticias\/analisis\/"},"img":{"alt_text":"","src":"https:\/\/i0.wp.com\/insightcrime.org\/wp-content\/uploads\/2026\/06\/Junio-Plantilla-Breaking-Analysis-Imagen-destacada-falso-play-2026.jpg?fit=1200%2C900&quality=100&ssl=1&resize=350%2C200","width":350,"height":200,"srcset":"https:\/\/i0.wp.com\/insightcrime.org\/wp-content\/uploads\/2026\/06\/Junio-Plantilla-Breaking-Analysis-Imagen-destacada-falso-play-2026.jpg?fit=1200%2C900&quality=100&ssl=1&resize=350%2C200 1x, https:\/\/i0.wp.com\/insightcrime.org\/wp-content\/uploads\/2026\/06\/Junio-Plantilla-Breaking-Analysis-Imagen-destacada-falso-play-2026.jpg?fit=1200%2C900&quality=100&ssl=1&resize=525%2C300 1.5x, https:\/\/i0.wp.com\/insightcrime.org\/wp-content\/uploads\/2026\/06\/Junio-Plantilla-Breaking-Analysis-Imagen-destacada-falso-play-2026.jpg?fit=1200%2C900&quality=100&ssl=1&resize=700%2C400 2x, https:\/\/i0.wp.com\/insightcrime.org\/wp-content\/uploads\/2026\/06\/Junio-Plantilla-Breaking-Analysis-Imagen-destacada-falso-play-2026.jpg?fit=1200%2C900&quality=100&ssl=1&resize=1050%2C600 3x"},"classes":[]},{"id":323907,"url":"https:\/\/insightcrime.org\/es\/noticias\/cuales-son-bandas-designadas-organizaciones-terroristas-america-latina\/","url_meta":{"origin":343112,"position":3},"title":"\u00bfCu\u00e1les son las bandas designadas como organizaciones terroristas en Am\u00e9rica Latina?","author":"Luc\u00eda Gualdr\u00f3n","date":"14 de noviembre de 2025","format":false,"excerpt":"Estados Unidos ha endurecido sus t\u00e1cticas para combatir el crimen organizado en Am\u00e9rica Latina, incluso al designar a varios grupos criminales de la regi\u00f3n como \u201corganizaciones terroristas extranjeras\u201d en 2025.","rel":"","context":"En \u00abNoticias\u00bb","block_context":{"text":"Noticias","link":"https:\/\/insightcrime.org\/es\/category\/noticias\/"},"img":{"alt_text":"Lista de bandas designadas organizaciones terroristas en Am\u00e9rica Latina en 2026","src":"https:\/\/i0.wp.com\/insightcrime.org\/wp-content\/uploads\/2025\/11\/Flagship-grupos-criminales-USA-2025.png?fit=1200%2C675&quality=100&ssl=1&resize=350%2C200","width":350,"height":200,"srcset":"https:\/\/i0.wp.com\/insightcrime.org\/wp-content\/uploads\/2025\/11\/Flagship-grupos-criminales-USA-2025.png?fit=1200%2C675&quality=100&ssl=1&resize=350%2C200 1x, https:\/\/i0.wp.com\/insightcrime.org\/wp-content\/uploads\/2025\/11\/Flagship-grupos-criminales-USA-2025.png?fit=1200%2C675&quality=100&ssl=1&resize=525%2C300 1.5x, https:\/\/i0.wp.com\/insightcrime.org\/wp-content\/uploads\/2025\/11\/Flagship-grupos-criminales-USA-2025.png?fit=1200%2C675&quality=100&ssl=1&resize=700%2C400 2x, https:\/\/i0.wp.com\/insightcrime.org\/wp-content\/uploads\/2025\/11\/Flagship-grupos-criminales-USA-2025.png?fit=1200%2C675&quality=100&ssl=1&resize=1050%2C600 3x"},"classes":[]},{"id":303515,"url":"https:\/\/insightcrime.org\/es\/noticias\/tregua-primer-comando-capital-comando-vermelho\/","url_meta":{"origin":343112,"position":4},"title":"La tregua entre el PCC y el Comando Vermelho promete una paz imperfecta","author":"Creusa Mu\u00f1oz","date":"21 de febrero de 2025","format":false,"excerpt":"Una reciente tregua entre las dos organizaciones criminales m\u00e1s grandes de Brasil podr\u00eda reducir las disputas territoriales y la violencia en la naci\u00f3n m\u00e1s grande de Am\u00e9rica Latina, ya que los l\u00edderes rivales unen fuerzas despu\u00e9s de casi una d\u00e9cada de conflicto.","rel":"","context":"En \u00abNoticias\u00bb","block_context":{"text":"Noticias","link":"https:\/\/insightcrime.org\/es\/category\/noticias\/"},"img":{"alt_text":"","src":"https:\/\/i0.wp.com\/insightcrime.org\/wp-content\/uploads\/2025\/02\/PCC_Rec_Command_Truce_Brazil.jpg?fit=1200%2C675&quality=100&ssl=1&resize=350%2C200","width":350,"height":200,"srcset":"https:\/\/i0.wp.com\/insightcrime.org\/wp-content\/uploads\/2025\/02\/PCC_Rec_Command_Truce_Brazil.jpg?fit=1200%2C675&quality=100&ssl=1&resize=350%2C200 1x, https:\/\/i0.wp.com\/insightcrime.org\/wp-content\/uploads\/2025\/02\/PCC_Rec_Command_Truce_Brazil.jpg?fit=1200%2C675&quality=100&ssl=1&resize=525%2C300 1.5x, https:\/\/i0.wp.com\/insightcrime.org\/wp-content\/uploads\/2025\/02\/PCC_Rec_Command_Truce_Brazil.jpg?fit=1200%2C675&quality=100&ssl=1&resize=700%2C400 2x, https:\/\/i0.wp.com\/insightcrime.org\/wp-content\/uploads\/2025\/02\/PCC_Rec_Command_Truce_Brazil.jpg?fit=1200%2C675&quality=100&ssl=1&resize=1050%2C600 3x"},"classes":[]},{"id":7021,"url":"https:\/\/insightcrime.org\/es\/noticias-crimen-organizado-brasil\/primer-comando-capital-pcc-perfil\/","url_meta":{"origin":343112,"position":5},"title":"Primer Comando Capital (PCC)","author":"InSight Crime","date":"20 de julio de 2026","format":false,"excerpt":"El Primer Comando Capital (Primeiro Comando da Capital, PCC) es la mayor red criminal de Brasil y participa en el tr\u00e1fico internacional de drogas. Perfil actualizado de 2026.","rel":"","context":"En \u00abBrasil\u00bb","block_context":{"text":"Brasil","link":"https:\/\/insightcrime.org\/es\/category\/noticias-crimen-organizado-brasil\/"},"img":{"alt_text":"Primer Comando Capital (Primeiro comando da capital, PCC).","src":"https:\/\/i0.wp.com\/insightcrime.org\/wp-content\/uploads\/2026\/05\/Grupo-criminal-PCC.jpg?fit=1200%2C900&quality=100&ssl=1&resize=350%2C200","width":350,"height":200,"srcset":"https:\/\/i0.wp.com\/insightcrime.org\/wp-content\/uploads\/2026\/05\/Grupo-criminal-PCC.jpg?fit=1200%2C900&quality=100&ssl=1&resize=350%2C200 1x, https:\/\/i0.wp.com\/insightcrime.org\/wp-content\/uploads\/2026\/05\/Grupo-criminal-PCC.jpg?fit=1200%2C900&quality=100&ssl=1&resize=525%2C300 1.5x, https:\/\/i0.wp.com\/insightcrime.org\/wp-content\/uploads\/2026\/05\/Grupo-criminal-PCC.jpg?fit=1200%2C900&quality=100&ssl=1&resize=700%2C400 2x, https:\/\/i0.wp.com\/insightcrime.org\/wp-content\/uploads\/2026\/05\/Grupo-criminal-PCC.jpg?fit=1200%2C900&quality=100&ssl=1&resize=1050%2C600 3x"},"classes":[]}],"jetpack_featured_media_url":"https:\/\/i0.wp.com\/insightcrime.org\/wp-content\/uploads\/2026\/06\/PCC-fto-featured-image-comando-vermelho-brazil-us-designations-criminal-groups-graffitti.jpg?fit=1200%2C900&quality=100&ssl=1","_links":{"self":[{"href":"https:\/\/insightcrime.org\/es\/wp-json\/wp\/v2\/posts\/343112","targetHints":{"allow":["GET"]}}],"collection":[{"href":"https:\/\/insightcrime.org\/es\/wp-json\/wp\/v2\/posts"}],"about":[{"href":"https:\/\/insightcrime.org\/es\/wp-json\/wp\/v2\/types\/post"}],"author":[{"embeddable":true,"href":"https:\/\/insightcrime.org\/es\/wp-json\/wp\/v2\/users\/326"}],"replies":[{"embeddable":true,"href":"https:\/\/insightcrime.org\/es\/wp-json\/wp\/v2\/comments?post=343112"}],"version-history":[{"count":4,"href":"https:\/\/insightcrime.org\/es\/wp-json\/wp\/v2\/posts\/343112\/revisions"}],"predecessor-version":[{"id":343174,"href":"https:\/\/insightcrime.org\/es\/wp-json\/wp\/v2\/posts\/343112\/revisions\/343174"}],"wp:featuredmedia":[{"embeddable":true,"href":"https:\/\/insightcrime.org\/es\/wp-json\/wp\/v2\/media\/343097"}],"wp:attachment":[{"href":"https:\/\/insightcrime.org\/es\/wp-json\/wp\/v2\/media?parent=343112"}],"wp:term":[{"taxonomy":"category","embeddable":true,"href":"https:\/\/insightcrime.org\/es\/wp-json\/wp\/v2\/categories?post=343112"},{"taxonomy":"post_tag","embeddable":true,"href":"https:\/\/insightcrime.org\/es\/wp-json\/wp\/v2\/tags?post=343112"},{"taxonomy":"newspack_spnsrs_tax","embeddable":true,"href":"https:\/\/insightcrime.org\/es\/wp-json\/wp\/v2\/newspack_spnsrs_tax?post=343112"},{"taxonomy":"author","embeddable":true,"href":"https:\/\/insightcrime.org\/es\/wp-json\/wp\/v2\/coauthors?post=343112"}],"curies":[{"name":"wp","href":"https:\/\/api.w.org\/{rel}","templated":true}]}}